{"id":63121,"date":"2016-02-06T05:52:13","date_gmt":"2016-02-06T04:52:13","guid":{"rendered":"http:\/\/eldigitaldeasturias.com\/magazine365\/?p=63121"},"modified":"2016-02-06T05:52:13","modified_gmt":"2016-02-06T04:52:13","slug":"ryanair-conectara-gran-canaria-con-milan","status":"publish","type":"post","link":"https:\/\/eldigitaldeasturias.com\/magazine365\/ryanair-conectara-gran-canaria-con-milan\/","title":{"rendered":"Ryanair conectar\u00e1 Gran Canaria con Mil\u00e1n"},"content":{"rendered":"<p><img fetchpriority=\"high\" decoding=\"async\" class=\"alignleft size-medium wp-image-63122\" src=\"https:\/\/eldigitaldeasturias.com\/magazine365\/wp-content\/uploads\/2016\/02\/fotonoticia_20160202182641_800-300x300.jpg\" alt=\"fotonoticia_20160202182641_800\" width=\"300\" height=\"300\" srcset=\"https:\/\/eldigitaldeasturias.com\/magazine365\/wp-content\/uploads\/2016\/02\/fotonoticia_20160202182641_800-300x300.jpg 300w, https:\/\/eldigitaldeasturias.com\/magazine365\/wp-content\/uploads\/2016\/02\/fotonoticia_20160202182641_800-640x640.jpg 640w, https:\/\/eldigitaldeasturias.com\/magazine365\/wp-content\/uploads\/2016\/02\/fotonoticia_20160202182641_800-768x768.jpg 768w, https:\/\/eldigitaldeasturias.com\/magazine365\/wp-content\/uploads\/2016\/02\/fotonoticia_20160202182641_800-150x150.jpg 150w, https:\/\/eldigitaldeasturias.com\/magazine365\/wp-content\/uploads\/2016\/02\/fotonoticia_20160202182641_800-450x450.jpg 450w, https:\/\/eldigitaldeasturias.com\/magazine365\/wp-content\/uploads\/2016\/02\/fotonoticia_20160202182641_800-696x696.jpg 696w, https:\/\/eldigitaldeasturias.com\/magazine365\/wp-content\/uploads\/2016\/02\/fotonoticia_20160202182641_800-420x420.jpg 420w, https:\/\/eldigitaldeasturias.com\/magazine365\/wp-content\/uploads\/2016\/02\/fotonoticia_20160202182641_800-50x50.jpg 50w, https:\/\/eldigitaldeasturias.com\/magazine365\/wp-content\/uploads\/2016\/02\/fotonoticia_20160202182641_800-301x300.jpg 301w, https:\/\/eldigitaldeasturias.com\/magazine365\/wp-content\/uploads\/2016\/02\/fotonoticia_20160202182641_800-135x135.jpg 135w, https:\/\/eldigitaldeasturias.com\/magazine365\/wp-content\/uploads\/2016\/02\/fotonoticia_20160202182641_800-100x100.jpg 100w, https:\/\/eldigitaldeasturias.com\/magazine365\/wp-content\/uploads\/2016\/02\/fotonoticia_20160202182641_800.jpg 800w\" sizes=\"(max-width: 300px) 100vw, 300px\" \/>La aerol\u00ednea &#8216;low cost&#8217; Ryanair ha anunciado este martes una nueva ruta de invierno que conectar\u00e1 la isla de Gran Canaria con Mil\u00e1n Malpensa, con un vuelo semanal desde finales de octubre.<\/p>\n<p>Para celebrar el lanzamiento de esta nueva ruta, Ryanair ha puesto a la venta asientos a partir de 39,99 euros para viajar en noviembre y se podr\u00e1n reservar a este precio hasta la medianoche del martes, 9 de febrero, a trav\u00e9s de la web de la compa\u00f1\u00eda, seg\u00fan inform\u00f3 la aerol\u00ednea en nota de prensa.<\/p>\n<p>Al respecto, Jose Espartero, de Ryanair, indic\u00f3 que en los pr\u00f3ximos meses los viajeros espa\u00f1oles podr\u00e1n descubrir las \u00abnuevas mejoras\u00bb que Ryanair est\u00e1 poniendo en marcha, tales como interiores de cabina reformados, nuevos uniformes y m\u00e1s rutas gracias al programa &#8216;Siempre Mejorando&#8217;, \u00abofreciendo mucho m\u00e1s que s\u00f3lo las tarifas m\u00e1s bajas\u00bb.<\/p>\n","protected":false},"excerpt":{"rendered":"<p>La aerol\u00ednea &#8216;low cost&#8217; Ryanair ha anunciado este martes una nueva ruta de invierno que conectar\u00e1 la isla de Gran Canaria con Mil\u00e1n Malpensa, con un vuelo semanal desde finales de octubre. Para celebrar el lanzamiento de esta nueva ruta, Ryanair ha puesto a la venta asientos a partir de 39,99 euros para viajar en<\/p>\n","protected":false},"author":1,"featured_media":63122,"comment_status":"open","ping_status":"closed","sticky":false,"template":"","format":"standard","meta":{"footnotes":""},"categories":[224],"tags":[],"class_list":{"0":"post-63121","1":"post","2":"type-post","3":"status-publish","4":"format-standard","5":"has-post-thumbnail","7":"category-noticias-actualidad"},"aioseo_notices":[],"aioseo_head":"\n\t\t<!-- All in One SEO Pro 4.9.6.1 - aioseo.com -->\n\t<meta name=\"description\" content=\"La aerol\u00ednea &#039;low cost&#039; Ryanair ha anunciado este martes una nueva ruta de invierno que conectar\u00e1 la isla de Gran Canaria con Mil\u00e1n Malpensa, con un vuelo semanal desde finales de octubre. Para celebrar el lanzamiento de esta nueva ruta, Ryanair ha puesto a la venta asientos a partir de 39,99 euros para viajar en\" \/>\n\t<meta name=\"robots\" content=\"max-image-preview:large\" \/>\n\t<meta name=\"author\" content=\"admin\"\/>\n\t<meta name=\"google-site-verification\" content=\"UA-38556648-1\" \/>\n\t<meta name=\"keywords\" content=\"noticias y actualidad\" \/>\n\t<link rel=\"canonical\" href=\"https:\/\/eldigitaldeasturias.com\/magazine365\/ryanair-conectara-gran-canaria-con-milan\/\" \/>\n\t<meta name=\"generator\" content=\"All in One SEO Pro (AIOSEO) 4.9.6.1\" \/>\n\t\t<meta property=\"og:locale\" content=\"es_ES\" \/>\n\t\t<meta property=\"og:site_name\" content=\"El Digital de Asturias \u2013 Revista de ocio, turismo y estilo de vida\" \/>\n\t\t<meta property=\"og:type\" content=\"article\" \/>\n\t\t<meta property=\"og:title\" content=\"Ryanair conectar\u00e1 Gran Canaria con Mil\u00e1n | El Digital de Asturias\" \/>\n\t\t<meta property=\"og:description\" content=\"La aerol\u00ednea &#039;low cost&#039; Ryanair ha anunciado este martes una nueva ruta de invierno que conectar\u00e1 la isla de Gran Canaria con Mil\u00e1n Malpensa, con un vuelo semanal desde finales de octubre. Para celebrar el lanzamiento de esta nueva ruta, Ryanair ha puesto a la venta asientos a partir de 39,99 euros para viajar en\" \/>\n\t\t<meta property=\"og:url\" content=\"https:\/\/eldigitaldeasturias.com\/magazine365\/ryanair-conectara-gran-canaria-con-milan\/\" \/>\n\t\t<meta property=\"og:image\" content=\"https:\/\/eldigitaldeasturias.com\/magazine365\/wp-content\/uploads\/2016\/02\/fotonoticia_20160202182641_800.jpg\" \/>\n\t\t<meta property=\"og:image:secure_url\" content=\"https:\/\/eldigitaldeasturias.com\/magazine365\/wp-content\/uploads\/2016\/02\/fotonoticia_20160202182641_800.jpg\" \/>\n\t\t<meta property=\"og:image:width\" content=\"800\" \/>\n\t\t<meta property=\"og:image:height\" content=\"800\" \/>\n\t\t<meta property=\"article:published_time\" content=\"2016-02-06T04:52:13+00:00\" \/>\n\t\t<meta property=\"article:modified_time\" content=\"2016-02-06T04:52:13+00:00\" \/>\n\t\t<meta name=\"twitter:card\" content=\"summary_large_image\" \/>\n\t\t<meta name=\"twitter:title\" content=\"Ryanair conectar\u00e1 Gran Canaria con Mil\u00e1n | El Digital de Asturias\" \/>\n\t\t<meta name=\"twitter:description\" content=\"La aerol\u00ednea &#039;low cost&#039; Ryanair ha anunciado este martes una nueva ruta de invierno que conectar\u00e1 la isla de Gran Canaria con Mil\u00e1n Malpensa, con un vuelo semanal desde finales de octubre. Para celebrar el lanzamiento de esta nueva ruta, Ryanair ha puesto a la venta asientos a partir de 39,99 euros para viajar en\" \/>\n\t\t<meta name=\"twitter:image\" content=\"https:\/\/eldigitaldeasturias.com\/magazine365\/wp-content\/uploads\/2016\/02\/fotonoticia_20160202182641_800.jpg\" \/>\n\t\t<script type=\"application\/ld+json\" class=\"aioseo-schema\">\n\t\t\t{\"@context\":\"https:\\\/\\\/schema.org\",\"@graph\":[{\"@type\":\"Article\",\"@id\":\"https:\\\/\\\/eldigitaldeasturias.com\\\/magazine365\\\/ryanair-conectara-gran-canaria-con-milan\\\/#article\",\"name\":\"Ryanair conectar\\u00e1 Gran Canaria con Mil\\u00e1n | El Digital de Asturias\",\"headline\":\"Ryanair conectar\\u00e1 Gran Canaria con Mil\\u00e1n\",\"author\":{\"@id\":\"https:\\\/\\\/eldigitaldeasturias.com\\\/magazine365\\\/author\\\/admin\\\/#author\"},\"publisher\":{\"@id\":\"https:\\\/\\\/eldigitaldeasturias.com\\\/magazine365\\\/#organization\"},\"image\":{\"@type\":\"ImageObject\",\"url\":\"https:\\\/\\\/eldigitaldeasturias.com\\\/magazine365\\\/wp-content\\\/uploads\\\/2016\\\/02\\\/fotonoticia_20160202182641_800.jpg\",\"width\":800,\"height\":800},\"datePublished\":\"2016-02-06T05:52:13+01:00\",\"dateModified\":\"2016-02-06T05:52:13+01:00\",\"inLanguage\":\"es-ES\",\"mainEntityOfPage\":{\"@id\":\"https:\\\/\\\/eldigitaldeasturias.com\\\/magazine365\\\/ryanair-conectara-gran-canaria-con-milan\\\/#webpage\"},\"isPartOf\":{\"@id\":\"https:\\\/\\\/eldigitaldeasturias.com\\\/magazine365\\\/ryanair-conectara-gran-canaria-con-milan\\\/#webpage\"},\"articleSection\":\"Noticias y Actualidad\"},{\"@type\":\"BreadcrumbList\",\"@id\":\"https:\\\/\\\/eldigitaldeasturias.com\\\/magazine365\\\/ryanair-conectara-gran-canaria-con-milan\\\/#breadcrumblist\",\"itemListElement\":[{\"@type\":\"ListItem\",\"@id\":\"https:\\\/\\\/eldigitaldeasturias.com\\\/magazine365#listItem\",\"position\":1,\"name\":\"Home\",\"item\":\"https:\\\/\\\/eldigitaldeasturias.com\\\/magazine365\",\"nextItem\":{\"@type\":\"ListItem\",\"@id\":\"https:\\\/\\\/eldigitaldeasturias.com\\\/magazine365\\\/category\\\/noticias-actualidad\\\/#listItem\",\"name\":\"Noticias y Actualidad\"}},{\"@type\":\"ListItem\",\"@id\":\"https:\\\/\\\/eldigitaldeasturias.com\\\/magazine365\\\/category\\\/noticias-actualidad\\\/#listItem\",\"position\":2,\"name\":\"Noticias y Actualidad\",\"item\":\"https:\\\/\\\/eldigitaldeasturias.com\\\/magazine365\\\/category\\\/noticias-actualidad\\\/\",\"nextItem\":{\"@type\":\"ListItem\",\"@id\":\"https:\\\/\\\/eldigitaldeasturias.com\\\/magazine365\\\/ryanair-conectara-gran-canaria-con-milan\\\/#listItem\",\"name\":\"Ryanair conectar\\u00e1 Gran Canaria con Mil\\u00e1n\"},\"previousItem\":{\"@type\":\"ListItem\",\"@id\":\"https:\\\/\\\/eldigitaldeasturias.com\\\/magazine365#listItem\",\"name\":\"Home\"}},{\"@type\":\"ListItem\",\"@id\":\"https:\\\/\\\/eldigitaldeasturias.com\\\/magazine365\\\/ryanair-conectara-gran-canaria-con-milan\\\/#listItem\",\"position\":3,\"name\":\"Ryanair conectar\\u00e1 Gran Canaria con Mil\\u00e1n\",\"previousItem\":{\"@type\":\"ListItem\",\"@id\":\"https:\\\/\\\/eldigitaldeasturias.com\\\/magazine365\\\/category\\\/noticias-actualidad\\\/#listItem\",\"name\":\"Noticias y Actualidad\"}}]},{\"@type\":\"Organization\",\"@id\":\"https:\\\/\\\/eldigitaldeasturias.com\\\/magazine365\\\/#organization\",\"name\":\"El digital de Asturias\",\"description\":\"Revista de ocio, turismo y estilo de vida\",\"url\":\"https:\\\/\\\/eldigitaldeasturias.com\\\/magazine365\\\/\",\"logo\":{\"@type\":\"ImageObject\",\"url\":\"https:\\\/\\\/www.eldigitaldeasturias.com\\\/noticias\\\/wp-content\\\/uploads\\\/2020\\\/12\\\/EDA.jpg\",\"@id\":\"https:\\\/\\\/eldigitaldeasturias.com\\\/magazine365\\\/ryanair-conectara-gran-canaria-con-milan\\\/#organizationLogo\"},\"image\":{\"@id\":\"https:\\\/\\\/eldigitaldeasturias.com\\\/magazine365\\\/ryanair-conectara-gran-canaria-con-milan\\\/#organizationLogo\"}},{\"@type\":\"Person\",\"@id\":\"https:\\\/\\\/eldigitaldeasturias.com\\\/magazine365\\\/author\\\/admin\\\/#author\",\"url\":\"https:\\\/\\\/eldigitaldeasturias.com\\\/magazine365\\\/author\\\/admin\\\/\",\"name\":\"admin\",\"image\":{\"@type\":\"ImageObject\",\"@id\":\"https:\\\/\\\/eldigitaldeasturias.com\\\/magazine365\\\/ryanair-conectara-gran-canaria-con-milan\\\/#authorImage\",\"url\":\"https:\\\/\\\/eldigitaldeasturias.com\\\/magazine365\\\/wp-content\\\/litespeed\\\/avatar\\\/e571bcf59a0edd6fa6838245a470f2fe.jpg?ver=1776969259\",\"width\":96,\"height\":96,\"caption\":\"admin\"}},{\"@type\":\"WebPage\",\"@id\":\"https:\\\/\\\/eldigitaldeasturias.com\\\/magazine365\\\/ryanair-conectara-gran-canaria-con-milan\\\/#webpage\",\"url\":\"https:\\\/\\\/eldigitaldeasturias.com\\\/magazine365\\\/ryanair-conectara-gran-canaria-con-milan\\\/\",\"name\":\"Ryanair conectar\\u00e1 Gran Canaria con Mil\\u00e1n | El Digital de Asturias\",\"description\":\"La aerol\\u00ednea 'low cost' Ryanair ha anunciado este martes una nueva ruta de invierno que conectar\\u00e1 la isla de Gran Canaria con Mil\\u00e1n Malpensa, con un vuelo semanal desde finales de octubre. Para celebrar el lanzamiento de esta nueva ruta, Ryanair ha puesto a la venta asientos a partir de 39,99 euros para viajar en\",\"inLanguage\":\"es-ES\",\"isPartOf\":{\"@id\":\"https:\\\/\\\/eldigitaldeasturias.com\\\/magazine365\\\/#website\"},\"breadcrumb\":{\"@id\":\"https:\\\/\\\/eldigitaldeasturias.com\\\/magazine365\\\/ryanair-conectara-gran-canaria-con-milan\\\/#breadcrumblist\"},\"author\":{\"@id\":\"https:\\\/\\\/eldigitaldeasturias.com\\\/magazine365\\\/author\\\/admin\\\/#author\"},\"creator\":{\"@id\":\"https:\\\/\\\/eldigitaldeasturias.com\\\/magazine365\\\/author\\\/admin\\\/#author\"},\"image\":{\"@type\":\"ImageObject\",\"url\":\"https:\\\/\\\/eldigitaldeasturias.com\\\/magazine365\\\/wp-content\\\/uploads\\\/2016\\\/02\\\/fotonoticia_20160202182641_800.jpg\",\"@id\":\"https:\\\/\\\/eldigitaldeasturias.com\\\/magazine365\\\/ryanair-conectara-gran-canaria-con-milan\\\/#mainImage\",\"width\":800,\"height\":800},\"primaryImageOfPage\":{\"@id\":\"https:\\\/\\\/eldigitaldeasturias.com\\\/magazine365\\\/ryanair-conectara-gran-canaria-con-milan\\\/#mainImage\"},\"datePublished\":\"2016-02-06T05:52:13+01:00\",\"dateModified\":\"2016-02-06T05:52:13+01:00\"},{\"@type\":\"WebSite\",\"@id\":\"https:\\\/\\\/eldigitaldeasturias.com\\\/magazine365\\\/#website\",\"url\":\"https:\\\/\\\/eldigitaldeasturias.com\\\/magazine365\\\/\",\"name\":\"El Digital de Asturias\",\"description\":\"Revista de ocio, turismo y estilo de vida\",\"inLanguage\":\"es-ES\",\"publisher\":{\"@id\":\"https:\\\/\\\/eldigitaldeasturias.com\\\/magazine365\\\/#organization\"}}]}\n\t\t<\/script>\n\t\t<!-- All in One SEO Pro -->\r\n\t\t<title>Ryanair conectar\u00e1 Gran Canaria con Mil\u00e1n | El Digital de Asturias<\/title>\n\n","aioseo_head_json":{"title":"Ryanair conectar\u00e1 Gran Canaria con Mil\u00e1n | El Digital de Asturias","description":"La aerol\u00ednea 'low cost' Ryanair ha anunciado este martes una nueva ruta de invierno que conectar\u00e1 la isla de Gran Canaria con Mil\u00e1n Malpensa, con un vuelo semanal desde finales de octubre. Para celebrar el lanzamiento de esta nueva ruta, Ryanair ha puesto a la venta asientos a partir de 39,99 euros para viajar en","canonical_url":"https:\/\/eldigitaldeasturias.com\/magazine365\/ryanair-conectara-gran-canaria-con-milan\/","robots":"max-image-preview:large","keywords":"noticias y actualidad","webmasterTools":{"google-site-verification":"UA-38556648-1","miscellaneous":""},"schema":{"@context":"https:\/\/schema.org","@graph":[{"@type":"Article","@id":"https:\/\/eldigitaldeasturias.com\/magazine365\/ryanair-conectara-gran-canaria-con-milan\/#article","name":"Ryanair conectar\u00e1 Gran Canaria con Mil\u00e1n | El Digital de Asturias","headline":"Ryanair conectar\u00e1 Gran Canaria con Mil\u00e1n","author":{"@id":"https:\/\/eldigitaldeasturias.com\/magazine365\/author\/admin\/#author"},"publisher":{"@id":"https:\/\/eldigitaldeasturias.com\/magazine365\/#organization"},"image":{"@type":"ImageObject","url":"https:\/\/eldigitaldeasturias.com\/magazine365\/wp-content\/uploads\/2016\/02\/fotonoticia_20160202182641_800.jpg","width":800,"height":800},"datePublished":"2016-02-06T05:52:13+01:00","dateModified":"2016-02-06T05:52:13+01:00","inLanguage":"es-ES","mainEntityOfPage":{"@id":"https:\/\/eldigitaldeasturias.com\/magazine365\/ryanair-conectara-gran-canaria-con-milan\/#webpage"},"isPartOf":{"@id":"https:\/\/eldigitaldeasturias.com\/magazine365\/ryanair-conectara-gran-canaria-con-milan\/#webpage"},"articleSection":"Noticias y Actualidad"},{"@type":"BreadcrumbList","@id":"https:\/\/eldigitaldeasturias.com\/magazine365\/ryanair-conectara-gran-canaria-con-milan\/#breadcrumblist","itemListElement":[{"@type":"ListItem","@id":"https:\/\/eldigitaldeasturias.com\/magazine365#listItem","position":1,"name":"Home","item":"https:\/\/eldigitaldeasturias.com\/magazine365","nextItem":{"@type":"ListItem","@id":"https:\/\/eldigitaldeasturias.com\/magazine365\/category\/noticias-actualidad\/#listItem","name":"Noticias y Actualidad"}},{"@type":"ListItem","@id":"https:\/\/eldigitaldeasturias.com\/magazine365\/category\/noticias-actualidad\/#listItem","position":2,"name":"Noticias y Actualidad","item":"https:\/\/eldigitaldeasturias.com\/magazine365\/category\/noticias-actualidad\/","nextItem":{"@type":"ListItem","@id":"https:\/\/eldigitaldeasturias.com\/magazine365\/ryanair-conectara-gran-canaria-con-milan\/#listItem","name":"Ryanair conectar\u00e1 Gran Canaria con Mil\u00e1n"},"previousItem":{"@type":"ListItem","@id":"https:\/\/eldigitaldeasturias.com\/magazine365#listItem","name":"Home"}},{"@type":"ListItem","@id":"https:\/\/eldigitaldeasturias.com\/magazine365\/ryanair-conectara-gran-canaria-con-milan\/#listItem","position":3,"name":"Ryanair conectar\u00e1 Gran Canaria con Mil\u00e1n","previousItem":{"@type":"ListItem","@id":"https:\/\/eldigitaldeasturias.com\/magazine365\/category\/noticias-actualidad\/#listItem","name":"Noticias y Actualidad"}}]},{"@type":"Organization","@id":"https:\/\/eldigitaldeasturias.com\/magazine365\/#organization","name":"El digital de Asturias","description":"Revista de ocio, turismo y estilo de vida","url":"https:\/\/eldigitaldeasturias.com\/magazine365\/","logo":{"@type":"ImageObject","url":"https:\/\/www.eldigitaldeasturias.com\/noticias\/wp-content\/uploads\/2020\/12\/EDA.jpg","@id":"https:\/\/eldigitaldeasturias.com\/magazine365\/ryanair-conectara-gran-canaria-con-milan\/#organizationLogo"},"image":{"@id":"https:\/\/eldigitaldeasturias.com\/magazine365\/ryanair-conectara-gran-canaria-con-milan\/#organizationLogo"}},{"@type":"Person","@id":"https:\/\/eldigitaldeasturias.com\/magazine365\/author\/admin\/#author","url":"https:\/\/eldigitaldeasturias.com\/magazine365\/author\/admin\/","name":"admin","image":{"@type":"ImageObject","@id":"https:\/\/eldigitaldeasturias.com\/magazine365\/ryanair-conectara-gran-canaria-con-milan\/#authorImage","url":"https:\/\/eldigitaldeasturias.com\/magazine365\/wp-content\/litespeed\/avatar\/e571bcf59a0edd6fa6838245a470f2fe.jpg?ver=1776969259","width":96,"height":96,"caption":"admin"}},{"@type":"WebPage","@id":"https:\/\/eldigitaldeasturias.com\/magazine365\/ryanair-conectara-gran-canaria-con-milan\/#webpage","url":"https:\/\/eldigitaldeasturias.com\/magazine365\/ryanair-conectara-gran-canaria-con-milan\/","name":"Ryanair conectar\u00e1 Gran Canaria con Mil\u00e1n | El Digital de Asturias","description":"La aerol\u00ednea 'low cost' Ryanair ha anunciado este martes una nueva ruta de invierno que conectar\u00e1 la isla de Gran Canaria con Mil\u00e1n Malpensa, con un vuelo semanal desde finales de octubre. Para celebrar el lanzamiento de esta nueva ruta, Ryanair ha puesto a la venta asientos a partir de 39,99 euros para viajar en","inLanguage":"es-ES","isPartOf":{"@id":"https:\/\/eldigitaldeasturias.com\/magazine365\/#website"},"breadcrumb":{"@id":"https:\/\/eldigitaldeasturias.com\/magazine365\/ryanair-conectara-gran-canaria-con-milan\/#breadcrumblist"},"author":{"@id":"https:\/\/eldigitaldeasturias.com\/magazine365\/author\/admin\/#author"},"creator":{"@id":"https:\/\/eldigitaldeasturias.com\/magazine365\/author\/admin\/#author"},"image":{"@type":"ImageObject","url":"https:\/\/eldigitaldeasturias.com\/magazine365\/wp-content\/uploads\/2016\/02\/fotonoticia_20160202182641_800.jpg","@id":"https:\/\/eldigitaldeasturias.com\/magazine365\/ryanair-conectara-gran-canaria-con-milan\/#mainImage","width":800,"height":800},"primaryImageOfPage":{"@id":"https:\/\/eldigitaldeasturias.com\/magazine365\/ryanair-conectara-gran-canaria-con-milan\/#mainImage"},"datePublished":"2016-02-06T05:52:13+01:00","dateModified":"2016-02-06T05:52:13+01:00"},{"@type":"WebSite","@id":"https:\/\/eldigitaldeasturias.com\/magazine365\/#website","url":"https:\/\/eldigitaldeasturias.com\/magazine365\/","name":"El Digital de Asturias","description":"Revista de ocio, turismo y estilo de vida","inLanguage":"es-ES","publisher":{"@id":"https:\/\/eldigitaldeasturias.com\/magazine365\/#organization"}}]},"og:locale":"es_ES","og:site_name":"El Digital de Asturias \u2013 Revista de ocio, turismo y estilo de vida","og:type":"article","og:title":"Ryanair conectar\u00e1 Gran Canaria con Mil\u00e1n | El Digital de Asturias","og:description":"La aerol\u00ednea 'low cost' Ryanair ha anunciado este martes una nueva ruta de invierno que conectar\u00e1 la isla de Gran Canaria con Mil\u00e1n Malpensa, con un vuelo semanal desde finales de octubre. Para celebrar el lanzamiento de esta nueva ruta, Ryanair ha puesto a la venta asientos a partir de 39,99 euros para viajar en","og:url":"https:\/\/eldigitaldeasturias.com\/magazine365\/ryanair-conectara-gran-canaria-con-milan\/","og:image":"https:\/\/eldigitaldeasturias.com\/magazine365\/wp-content\/uploads\/2016\/02\/fotonoticia_20160202182641_800.jpg","og:image:secure_url":"https:\/\/eldigitaldeasturias.com\/magazine365\/wp-content\/uploads\/2016\/02\/fotonoticia_20160202182641_800.jpg","og:image:width":800,"og:image:height":800,"article:published_time":"2016-02-06T04:52:13+00:00","article:modified_time":"2016-02-06T04:52:13+00:00","twitter:card":"summary_large_image","twitter:title":"Ryanair conectar\u00e1 Gran Canaria con Mil\u00e1n | El Digital de Asturias","twitter:description":"La aerol\u00ednea 'low cost' Ryanair ha anunciado este martes una nueva ruta de invierno que conectar\u00e1 la isla de Gran Canaria con Mil\u00e1n Malpensa, con un vuelo semanal desde finales de octubre. Para celebrar el lanzamiento de esta nueva ruta, Ryanair ha puesto a la venta asientos a partir de 39,99 euros para viajar en","twitter:image":"https:\/\/eldigitaldeasturias.com\/magazine365\/wp-content\/uploads\/2016\/02\/fotonoticia_20160202182641_800.jpg"},"aioseo_meta_data":{"post_id":"63121","title":null,"description":null,"keywords":null,"keyphrases":null,"primary_term":null,"canonical_url":null,"og_title":null,"og_description":null,"og_object_type":"default","og_image_type":"default","og_image_url":null,"og_image_width":null,"og_image_height":null,"og_image_custom_url":null,"og_image_custom_fields":null,"og_video":null,"og_custom_url":null,"og_article_section":null,"og_article_tags":null,"twitter_use_og":false,"twitter_card":"default","twitter_image_type":"default","twitter_image_url":null,"twitter_image_custom_url":null,"twitter_image_custom_fields":null,"twitter_title":null,"twitter_description":null,"schema":{"blockGraphs":[],"customGraphs":[],"default":{"data":{"Article":[],"Course":[],"Dataset":[],"FAQPage":[],"Movie":[],"Person":[],"Product":[],"ProductReview":[],"Car":[],"Recipe":[],"Service":[],"SoftwareApplication":[],"WebPage":[]},"graphName":"","isEnabled":true},"graphs":[],"defaultGraph":"","defaultPostTypeGraph":""},"schema_type":null,"schema_type_options":null,"pillar_content":false,"robots_default":true,"robots_noindex":false,"robots_noarchive":false,"robots_nosnippet":false,"robots_nofollow":false,"robots_noimageindex":false,"robots_noodp":false,"robots_notranslate":false,"robots_max_snippet":null,"robots_max_videopreview":null,"robots_max_imagepreview":"large","priority":null,"frequency":null,"location":null,"local_seo":null,"seo_analyzer_scan_date":"2025-09-25 12:32:57","breadcrumb_settings":null,"limit_modified_date":false,"open_ai":null,"ai":null,"created":"2021-03-08 21:27:05","updated":"2025-09-25 12:32:57"},"aioseo_breadcrumb":"<div class=\"aioseo-breadcrumbs\"><span class=\"aioseo-breadcrumb\">\n\t<a href=\"https:\/\/eldigitaldeasturias.com\/magazine365\" title=\"Home\">Home<\/a>\n<\/span><span class=\"aioseo-breadcrumb-separator\">\u2013<\/span><span class=\"aioseo-breadcrumb\">\n\t<a href=\"https:\/\/eldigitaldeasturias.com\/magazine365\/category\/noticias-actualidad\/\" title=\"Noticias y Actualidad\">Noticias y Actualidad<\/a>\n<\/span><span class=\"aioseo-breadcrumb-separator\">\u2013<\/span><span class=\"aioseo-breadcrumb\">\n\t<a href=\"https:\/\/eldigitaldeasturias.com\/magazine365\/ryanair-conectara-gran-canaria-con-milan\/\" title=\"Ryanair conectar\u00e1 Gran Canaria con Mil\u00e1n\">Ryanair conectar\u00e1 Gran Canaria con Mil\u00e1n<\/a>\n<\/span><\/div>","aioseo_breadcrumb_json":[{"label":"Home","link":"https:\/\/eldigitaldeasturias.com\/magazine365"},{"label":"Noticias y Actualidad","link":"https:\/\/eldigitaldeasturias.com\/magazine365\/category\/noticias-actualidad\/"},{"label":"Ryanair conectar\u00e1 Gran Canaria con Mil\u00e1n","link":"https:\/\/eldigitaldeasturias.com\/magazine365\/ryanair-conectara-gran-canaria-con-milan\/"}],"_links":{"self":[{"href":"https:\/\/eldigitaldeasturias.com\/magazine365\/wp-json\/wp\/v2\/posts\/63121","targetHints":{"allow":["GET"]}}],"collection":[{"href":"https:\/\/eldigitaldeasturias.com\/magazine365\/wp-json\/wp\/v2\/posts"}],"about":[{"href":"https:\/\/eldigitaldeasturias.com\/magazine365\/wp-json\/wp\/v2\/types\/post"}],"author":[{"embeddable":true,"href":"https:\/\/eldigitaldeasturias.com\/magazine365\/wp-json\/wp\/v2\/users\/1"}],"replies":[{"embeddable":true,"href":"https:\/\/eldigitaldeasturias.com\/magazine365\/wp-json\/wp\/v2\/comments?post=63121"}],"version-history":[{"count":0,"href":"https:\/\/eldigitaldeasturias.com\/magazine365\/wp-json\/wp\/v2\/posts\/63121\/revisions"}],"wp:featuredmedia":[{"embeddable":true,"href":"https:\/\/eldigitaldeasturias.com\/magazine365\/wp-json\/wp\/v2\/media\/63122"}],"wp:attachment":[{"href":"https:\/\/eldigitaldeasturias.com\/magazine365\/wp-json\/wp\/v2\/media?parent=63121"}],"wp:term":[{"taxonomy":"category","embeddable":true,"href":"https:\/\/eldigitaldeasturias.com\/magazine365\/wp-json\/wp\/v2\/categories?post=63121"},{"taxonomy":"post_tag","embeddable":true,"href":"https:\/\/eldigitaldeasturias.com\/magazine365\/wp-json\/wp\/v2\/tags?post=63121"}],"curies":[{"name":"wp","href":"https:\/\/api.w.org\/{rel}","templated":true}]}}