{"id":63112,"date":"2016-02-06T05:43:36","date_gmt":"2016-02-06T04:43:36","guid":{"rendered":"http:\/\/eldigitaldeasturias.com\/magazine365\/?p=63112"},"modified":"2016-02-06T05:43:36","modified_gmt":"2016-02-06T04:43:36","slug":"cadiz-se-promociona-en-belgica","status":"publish","type":"post","link":"https:\/\/eldigitaldeasturias.com\/magazine365\/cadiz-se-promociona-en-belgica\/","title":{"rendered":"C\u00e1diz se promociona en B\u00e9lgica"},"content":{"rendered":"<p><img fetchpriority=\"high\" decoding=\"async\" class=\"alignleft size-medium wp-image-63113\" src=\"https:\/\/eldigitaldeasturias.com\/magazine365\/wp-content\/uploads\/2016\/02\/fotonoticia_20160202160046_800-360x238.jpg\" alt=\"fotonoticia_20160202160046_800\" width=\"360\" height=\"238\" srcset=\"https:\/\/eldigitaldeasturias.com\/magazine365\/wp-content\/uploads\/2016\/02\/fotonoticia_20160202160046_800-360x238.jpg 360w, https:\/\/eldigitaldeasturias.com\/magazine365\/wp-content\/uploads\/2016\/02\/fotonoticia_20160202160046_800-650x429.jpg 650w, https:\/\/eldigitaldeasturias.com\/magazine365\/wp-content\/uploads\/2016\/02\/fotonoticia_20160202160046_800-768x507.jpg 768w, https:\/\/eldigitaldeasturias.com\/magazine365\/wp-content\/uploads\/2016\/02\/fotonoticia_20160202160046_800-150x99.jpg 150w, https:\/\/eldigitaldeasturias.com\/magazine365\/wp-content\/uploads\/2016\/02\/fotonoticia_20160202160046_800-450x297.jpg 450w, https:\/\/eldigitaldeasturias.com\/magazine365\/wp-content\/uploads\/2016\/02\/fotonoticia_20160202160046_800-696x459.jpg 696w, https:\/\/eldigitaldeasturias.com\/magazine365\/wp-content\/uploads\/2016\/02\/fotonoticia_20160202160046_800-636x420.jpg 636w, https:\/\/eldigitaldeasturias.com\/magazine365\/wp-content\/uploads\/2016\/02\/fotonoticia_20160202160046_800-121x79.jpg 121w, https:\/\/eldigitaldeasturias.com\/magazine365\/wp-content\/uploads\/2016\/02\/fotonoticia_20160202160046_800-101x66.jpg 101w, https:\/\/eldigitaldeasturias.com\/magazine365\/wp-content\/uploads\/2016\/02\/fotonoticia_20160202160046_800.jpg 800w\" sizes=\"(max-width: 360px) 100vw, 360px\" \/>El Patronato de Turismo de la Diputaci\u00f3n Provincial de C\u00e1diz ha anunciado que acude del 4 al 8 de febrero al &#8216;Salon des Vacances&#8217; de Bruselas con la intenci\u00f3n de dar a conocer al m\u00e1ximo la provincia de C\u00e1diz y conseguir que las m\u00e1s de 8.000 plazas que la aerol\u00ednea Brussels Airlines pondr\u00e1 a la venta entre la capital belga y el aeropuerto de Jerez tengan la mayor demanda posible.<\/p>\n<p>En un comunicado, el patronato ha se\u00f1alado que a medio plazo el objetivo es conseguir que este vuelo de temporada se consolide y se convierta en una ruta estable que funcione durante todo el a\u00f1o. En este sentido, ha a\u00f1adido que en el Plan de Actuaci\u00f3n del Patronato, B\u00e9lgica figura como un mercado prioritario, tanto por su proximidad como por su alto poder adquisitivo.<\/p>\n<p>Igualmente, ha recordado que desde mayo y hasta finales de septiembre Brussels Airlines volar\u00e1 a Jerez los mi\u00e9rcoles y domingo, con un total de 42 trayectos en los que emplear\u00e1 Airbus 320 y 319.<\/p>\n<p>El patronato ha recordado que las perspectivas del mercado europeo son especialmente optimistas este a\u00f1o seg\u00fan se desvel\u00f3 en el Foro de Exceltur celebrado en Fitur en enero.<\/p>\n<p>Por otra parte, el patronato ha se\u00f1alado que tambi\u00e9n participa en el &#8216;Sal\u00f3n Mahana&#8217; de Toulouse del 5 al 7 de febrero. Se trata de la principal feria tur\u00edstica del sur de Francia y que cada a\u00f1o recibe unas 20.000 personas. Al igual que en el &#8216;Salon des Vacances&#8217;, la oferta de la provincia se integra dentro de la andaluza en el stand de Turismo y Deporte de Andaluc\u00eda.<\/p>\n<p>En este sentido, ha se\u00f1alado que el aeropuerto de Toulouse cuenta con un vuelo directo a Sevilla, que es la principal puerta de entrada de los habitantes de la regi\u00f3n a Andaluc\u00eda. La intenci\u00f3n del Patronato al acudir a esta feria es atraer parte de ese flujo de viajeros hacia la provincia de C\u00e1diz.<\/p>\n","protected":false},"excerpt":{"rendered":"<p>El Patronato de Turismo de la Diputaci\u00f3n Provincial de C\u00e1diz ha anunciado que acude del 4 al 8 de febrero al &#8216;Salon des Vacances&#8217; de Bruselas con la intenci\u00f3n de dar a conocer al m\u00e1ximo la provincia de C\u00e1diz y conseguir que las m\u00e1s de 8.000 plazas que la aerol\u00ednea Brussels Airlines pondr\u00e1 a la<\/p>\n","protected":false},"author":1,"featured_media":63113,"comment_status":"open","ping_status":"closed","sticky":false,"template":"","format":"standard","meta":{"footnotes":""},"categories":[224],"tags":[],"class_list":{"0":"post-63112","1":"post","2":"type-post","3":"status-publish","4":"format-standard","5":"has-post-thumbnail","7":"category-noticias-actualidad"},"aioseo_notices":[],"aioseo_head":"\n\t\t<!-- All in One SEO Pro 4.9.6.1 - aioseo.com -->\n\t<meta name=\"description\" content=\"El Patronato de Turismo de la Diputaci\u00f3n Provincial de C\u00e1diz ha anunciado que acude del 4 al 8 de febrero al &#039;Salon des Vacances&#039; de Bruselas con la intenci\u00f3n de dar a conocer al m\u00e1ximo la provincia de C\u00e1diz y conseguir que las m\u00e1s de 8.000 plazas que la aerol\u00ednea Brussels Airlines pondr\u00e1 a la\" \/>\n\t<meta name=\"robots\" content=\"max-image-preview:large\" \/>\n\t<meta name=\"author\" content=\"admin\"\/>\n\t<meta name=\"google-site-verification\" content=\"UA-38556648-1\" \/>\n\t<meta name=\"keywords\" content=\"noticias y actualidad\" \/>\n\t<link rel=\"canonical\" href=\"https:\/\/eldigitaldeasturias.com\/magazine365\/cadiz-se-promociona-en-belgica\/\" \/>\n\t<meta name=\"generator\" content=\"All in One SEO Pro (AIOSEO) 4.9.6.1\" \/>\n\t\t<meta property=\"og:locale\" content=\"es_ES\" \/>\n\t\t<meta property=\"og:site_name\" content=\"El Digital de Asturias \u2013 Revista de ocio, turismo y estilo de vida\" \/>\n\t\t<meta property=\"og:type\" content=\"article\" \/>\n\t\t<meta property=\"og:title\" content=\"C\u00e1diz se promociona en B\u00e9lgica | El Digital de Asturias\" \/>\n\t\t<meta property=\"og:description\" content=\"El Patronato de Turismo de la Diputaci\u00f3n Provincial de C\u00e1diz ha anunciado que acude del 4 al 8 de febrero al &#039;Salon des Vacances&#039; de Bruselas con la intenci\u00f3n de dar a conocer al m\u00e1ximo la provincia de C\u00e1diz y conseguir que las m\u00e1s de 8.000 plazas que la aerol\u00ednea Brussels Airlines pondr\u00e1 a la\" \/>\n\t\t<meta property=\"og:url\" content=\"https:\/\/eldigitaldeasturias.com\/magazine365\/cadiz-se-promociona-en-belgica\/\" \/>\n\t\t<meta property=\"og:image\" content=\"https:\/\/eldigitaldeasturias.com\/magazine365\/wp-content\/uploads\/2016\/02\/fotonoticia_20160202160046_800.jpg\" \/>\n\t\t<meta property=\"og:image:secure_url\" content=\"https:\/\/eldigitaldeasturias.com\/magazine365\/wp-content\/uploads\/2016\/02\/fotonoticia_20160202160046_800.jpg\" \/>\n\t\t<meta property=\"og:image:width\" content=\"800\" \/>\n\t\t<meta property=\"og:image:height\" content=\"528\" \/>\n\t\t<meta property=\"article:published_time\" content=\"2016-02-06T04:43:36+00:00\" \/>\n\t\t<meta property=\"article:modified_time\" content=\"2016-02-06T04:43:36+00:00\" \/>\n\t\t<meta name=\"twitter:card\" content=\"summary_large_image\" \/>\n\t\t<meta name=\"twitter:title\" content=\"C\u00e1diz se promociona en B\u00e9lgica | El Digital de Asturias\" \/>\n\t\t<meta name=\"twitter:description\" content=\"El Patronato de Turismo de la Diputaci\u00f3n Provincial de C\u00e1diz ha anunciado que acude del 4 al 8 de febrero al &#039;Salon des Vacances&#039; de Bruselas con la intenci\u00f3n de dar a conocer al m\u00e1ximo la provincia de C\u00e1diz y conseguir que las m\u00e1s de 8.000 plazas que la aerol\u00ednea Brussels Airlines pondr\u00e1 a la\" \/>\n\t\t<meta name=\"twitter:image\" content=\"https:\/\/eldigitaldeasturias.com\/magazine365\/wp-content\/uploads\/2016\/02\/fotonoticia_20160202160046_800.jpg\" \/>\n\t\t<script type=\"application\/ld+json\" class=\"aioseo-schema\">\n\t\t\t{\"@context\":\"https:\\\/\\\/schema.org\",\"@graph\":[{\"@type\":\"Article\",\"@id\":\"https:\\\/\\\/eldigitaldeasturias.com\\\/magazine365\\\/cadiz-se-promociona-en-belgica\\\/#article\",\"name\":\"C\\u00e1diz se promociona en B\\u00e9lgica | El Digital de Asturias\",\"headline\":\"C\\u00e1diz se promociona en B\\u00e9lgica\",\"author\":{\"@id\":\"https:\\\/\\\/eldigitaldeasturias.com\\\/magazine365\\\/author\\\/admin\\\/#author\"},\"publisher\":{\"@id\":\"https:\\\/\\\/eldigitaldeasturias.com\\\/magazine365\\\/#organization\"},\"image\":{\"@type\":\"ImageObject\",\"url\":\"https:\\\/\\\/eldigitaldeasturias.com\\\/magazine365\\\/wp-content\\\/uploads\\\/2016\\\/02\\\/fotonoticia_20160202160046_800.jpg\",\"width\":800,\"height\":528},\"datePublished\":\"2016-02-06T05:43:36+01:00\",\"dateModified\":\"2016-02-06T05:43:36+01:00\",\"inLanguage\":\"es-ES\",\"mainEntityOfPage\":{\"@id\":\"https:\\\/\\\/eldigitaldeasturias.com\\\/magazine365\\\/cadiz-se-promociona-en-belgica\\\/#webpage\"},\"isPartOf\":{\"@id\":\"https:\\\/\\\/eldigitaldeasturias.com\\\/magazine365\\\/cadiz-se-promociona-en-belgica\\\/#webpage\"},\"articleSection\":\"Noticias y Actualidad\"},{\"@type\":\"BreadcrumbList\",\"@id\":\"https:\\\/\\\/eldigitaldeasturias.com\\\/magazine365\\\/cadiz-se-promociona-en-belgica\\\/#breadcrumblist\",\"itemListElement\":[{\"@type\":\"ListItem\",\"@id\":\"https:\\\/\\\/eldigitaldeasturias.com\\\/magazine365#listItem\",\"position\":1,\"name\":\"Home\",\"item\":\"https:\\\/\\\/eldigitaldeasturias.com\\\/magazine365\",\"nextItem\":{\"@type\":\"ListItem\",\"@id\":\"https:\\\/\\\/eldigitaldeasturias.com\\\/magazine365\\\/category\\\/noticias-actualidad\\\/#listItem\",\"name\":\"Noticias y Actualidad\"}},{\"@type\":\"ListItem\",\"@id\":\"https:\\\/\\\/eldigitaldeasturias.com\\\/magazine365\\\/category\\\/noticias-actualidad\\\/#listItem\",\"position\":2,\"name\":\"Noticias y Actualidad\",\"item\":\"https:\\\/\\\/eldigitaldeasturias.com\\\/magazine365\\\/category\\\/noticias-actualidad\\\/\",\"nextItem\":{\"@type\":\"ListItem\",\"@id\":\"https:\\\/\\\/eldigitaldeasturias.com\\\/magazine365\\\/cadiz-se-promociona-en-belgica\\\/#listItem\",\"name\":\"C\\u00e1diz se promociona en B\\u00e9lgica\"},\"previousItem\":{\"@type\":\"ListItem\",\"@id\":\"https:\\\/\\\/eldigitaldeasturias.com\\\/magazine365#listItem\",\"name\":\"Home\"}},{\"@type\":\"ListItem\",\"@id\":\"https:\\\/\\\/eldigitaldeasturias.com\\\/magazine365\\\/cadiz-se-promociona-en-belgica\\\/#listItem\",\"position\":3,\"name\":\"C\\u00e1diz se promociona en B\\u00e9lgica\",\"previousItem\":{\"@type\":\"ListItem\",\"@id\":\"https:\\\/\\\/eldigitaldeasturias.com\\\/magazine365\\\/category\\\/noticias-actualidad\\\/#listItem\",\"name\":\"Noticias y Actualidad\"}}]},{\"@type\":\"Organization\",\"@id\":\"https:\\\/\\\/eldigitaldeasturias.com\\\/magazine365\\\/#organization\",\"name\":\"El digital de Asturias\",\"description\":\"Revista de ocio, turismo y estilo de vida\",\"url\":\"https:\\\/\\\/eldigitaldeasturias.com\\\/magazine365\\\/\",\"logo\":{\"@type\":\"ImageObject\",\"url\":\"https:\\\/\\\/www.eldigitaldeasturias.com\\\/noticias\\\/wp-content\\\/uploads\\\/2020\\\/12\\\/EDA.jpg\",\"@id\":\"https:\\\/\\\/eldigitaldeasturias.com\\\/magazine365\\\/cadiz-se-promociona-en-belgica\\\/#organizationLogo\"},\"image\":{\"@id\":\"https:\\\/\\\/eldigitaldeasturias.com\\\/magazine365\\\/cadiz-se-promociona-en-belgica\\\/#organizationLogo\"}},{\"@type\":\"Person\",\"@id\":\"https:\\\/\\\/eldigitaldeasturias.com\\\/magazine365\\\/author\\\/admin\\\/#author\",\"url\":\"https:\\\/\\\/eldigitaldeasturias.com\\\/magazine365\\\/author\\\/admin\\\/\",\"name\":\"admin\",\"image\":{\"@type\":\"ImageObject\",\"@id\":\"https:\\\/\\\/eldigitaldeasturias.com\\\/magazine365\\\/cadiz-se-promociona-en-belgica\\\/#authorImage\",\"url\":\"https:\\\/\\\/eldigitaldeasturias.com\\\/magazine365\\\/wp-content\\\/litespeed\\\/avatar\\\/e571bcf59a0edd6fa6838245a470f2fe.jpg?ver=1776969259\",\"width\":96,\"height\":96,\"caption\":\"admin\"}},{\"@type\":\"WebPage\",\"@id\":\"https:\\\/\\\/eldigitaldeasturias.com\\\/magazine365\\\/cadiz-se-promociona-en-belgica\\\/#webpage\",\"url\":\"https:\\\/\\\/eldigitaldeasturias.com\\\/magazine365\\\/cadiz-se-promociona-en-belgica\\\/\",\"name\":\"C\\u00e1diz se promociona en B\\u00e9lgica | El Digital de Asturias\",\"description\":\"El Patronato de Turismo de la Diputaci\\u00f3n Provincial de C\\u00e1diz ha anunciado que acude del 4 al 8 de febrero al 'Salon des Vacances' de Bruselas con la intenci\\u00f3n de dar a conocer al m\\u00e1ximo la provincia de C\\u00e1diz y conseguir que las m\\u00e1s de 8.000 plazas que la aerol\\u00ednea Brussels Airlines pondr\\u00e1 a la\",\"inLanguage\":\"es-ES\",\"isPartOf\":{\"@id\":\"https:\\\/\\\/eldigitaldeasturias.com\\\/magazine365\\\/#website\"},\"breadcrumb\":{\"@id\":\"https:\\\/\\\/eldigitaldeasturias.com\\\/magazine365\\\/cadiz-se-promociona-en-belgica\\\/#breadcrumblist\"},\"author\":{\"@id\":\"https:\\\/\\\/eldigitaldeasturias.com\\\/magazine365\\\/author\\\/admin\\\/#author\"},\"creator\":{\"@id\":\"https:\\\/\\\/eldigitaldeasturias.com\\\/magazine365\\\/author\\\/admin\\\/#author\"},\"image\":{\"@type\":\"ImageObject\",\"url\":\"https:\\\/\\\/eldigitaldeasturias.com\\\/magazine365\\\/wp-content\\\/uploads\\\/2016\\\/02\\\/fotonoticia_20160202160046_800.jpg\",\"@id\":\"https:\\\/\\\/eldigitaldeasturias.com\\\/magazine365\\\/cadiz-se-promociona-en-belgica\\\/#mainImage\",\"width\":800,\"height\":528},\"primaryImageOfPage\":{\"@id\":\"https:\\\/\\\/eldigitaldeasturias.com\\\/magazine365\\\/cadiz-se-promociona-en-belgica\\\/#mainImage\"},\"datePublished\":\"2016-02-06T05:43:36+01:00\",\"dateModified\":\"2016-02-06T05:43:36+01:00\"},{\"@type\":\"WebSite\",\"@id\":\"https:\\\/\\\/eldigitaldeasturias.com\\\/magazine365\\\/#website\",\"url\":\"https:\\\/\\\/eldigitaldeasturias.com\\\/magazine365\\\/\",\"name\":\"El Digital de Asturias\",\"description\":\"Revista de ocio, turismo y estilo de vida\",\"inLanguage\":\"es-ES\",\"publisher\":{\"@id\":\"https:\\\/\\\/eldigitaldeasturias.com\\\/magazine365\\\/#organization\"}}]}\n\t\t<\/script>\n\t\t<!-- All in One SEO Pro -->\r\n\t\t<title>C\u00e1diz se promociona en B\u00e9lgica | El Digital de Asturias<\/title>\n\n","aioseo_head_json":{"title":"C\u00e1diz se promociona en B\u00e9lgica | El Digital de Asturias","description":"El Patronato de Turismo de la Diputaci\u00f3n Provincial de C\u00e1diz ha anunciado que acude del 4 al 8 de febrero al 'Salon des Vacances' de Bruselas con la intenci\u00f3n de dar a conocer al m\u00e1ximo la provincia de C\u00e1diz y conseguir que las m\u00e1s de 8.000 plazas que la aerol\u00ednea Brussels Airlines pondr\u00e1 a la","canonical_url":"https:\/\/eldigitaldeasturias.com\/magazine365\/cadiz-se-promociona-en-belgica\/","robots":"max-image-preview:large","keywords":"noticias y actualidad","webmasterTools":{"google-site-verification":"UA-38556648-1","miscellaneous":""},"schema":{"@context":"https:\/\/schema.org","@graph":[{"@type":"Article","@id":"https:\/\/eldigitaldeasturias.com\/magazine365\/cadiz-se-promociona-en-belgica\/#article","name":"C\u00e1diz se promociona en B\u00e9lgica | El Digital de Asturias","headline":"C\u00e1diz se promociona en B\u00e9lgica","author":{"@id":"https:\/\/eldigitaldeasturias.com\/magazine365\/author\/admin\/#author"},"publisher":{"@id":"https:\/\/eldigitaldeasturias.com\/magazine365\/#organization"},"image":{"@type":"ImageObject","url":"https:\/\/eldigitaldeasturias.com\/magazine365\/wp-content\/uploads\/2016\/02\/fotonoticia_20160202160046_800.jpg","width":800,"height":528},"datePublished":"2016-02-06T05:43:36+01:00","dateModified":"2016-02-06T05:43:36+01:00","inLanguage":"es-ES","mainEntityOfPage":{"@id":"https:\/\/eldigitaldeasturias.com\/magazine365\/cadiz-se-promociona-en-belgica\/#webpage"},"isPartOf":{"@id":"https:\/\/eldigitaldeasturias.com\/magazine365\/cadiz-se-promociona-en-belgica\/#webpage"},"articleSection":"Noticias y Actualidad"},{"@type":"BreadcrumbList","@id":"https:\/\/eldigitaldeasturias.com\/magazine365\/cadiz-se-promociona-en-belgica\/#breadcrumblist","itemListElement":[{"@type":"ListItem","@id":"https:\/\/eldigitaldeasturias.com\/magazine365#listItem","position":1,"name":"Home","item":"https:\/\/eldigitaldeasturias.com\/magazine365","nextItem":{"@type":"ListItem","@id":"https:\/\/eldigitaldeasturias.com\/magazine365\/category\/noticias-actualidad\/#listItem","name":"Noticias y Actualidad"}},{"@type":"ListItem","@id":"https:\/\/eldigitaldeasturias.com\/magazine365\/category\/noticias-actualidad\/#listItem","position":2,"name":"Noticias y Actualidad","item":"https:\/\/eldigitaldeasturias.com\/magazine365\/category\/noticias-actualidad\/","nextItem":{"@type":"ListItem","@id":"https:\/\/eldigitaldeasturias.com\/magazine365\/cadiz-se-promociona-en-belgica\/#listItem","name":"C\u00e1diz se promociona en B\u00e9lgica"},"previousItem":{"@type":"ListItem","@id":"https:\/\/eldigitaldeasturias.com\/magazine365#listItem","name":"Home"}},{"@type":"ListItem","@id":"https:\/\/eldigitaldeasturias.com\/magazine365\/cadiz-se-promociona-en-belgica\/#listItem","position":3,"name":"C\u00e1diz se promociona en B\u00e9lgica","previousItem":{"@type":"ListItem","@id":"https:\/\/eldigitaldeasturias.com\/magazine365\/category\/noticias-actualidad\/#listItem","name":"Noticias y Actualidad"}}]},{"@type":"Organization","@id":"https:\/\/eldigitaldeasturias.com\/magazine365\/#organization","name":"El digital de Asturias","description":"Revista de ocio, turismo y estilo de vida","url":"https:\/\/eldigitaldeasturias.com\/magazine365\/","logo":{"@type":"ImageObject","url":"https:\/\/www.eldigitaldeasturias.com\/noticias\/wp-content\/uploads\/2020\/12\/EDA.jpg","@id":"https:\/\/eldigitaldeasturias.com\/magazine365\/cadiz-se-promociona-en-belgica\/#organizationLogo"},"image":{"@id":"https:\/\/eldigitaldeasturias.com\/magazine365\/cadiz-se-promociona-en-belgica\/#organizationLogo"}},{"@type":"Person","@id":"https:\/\/eldigitaldeasturias.com\/magazine365\/author\/admin\/#author","url":"https:\/\/eldigitaldeasturias.com\/magazine365\/author\/admin\/","name":"admin","image":{"@type":"ImageObject","@id":"https:\/\/eldigitaldeasturias.com\/magazine365\/cadiz-se-promociona-en-belgica\/#authorImage","url":"https:\/\/eldigitaldeasturias.com\/magazine365\/wp-content\/litespeed\/avatar\/e571bcf59a0edd6fa6838245a470f2fe.jpg?ver=1776969259","width":96,"height":96,"caption":"admin"}},{"@type":"WebPage","@id":"https:\/\/eldigitaldeasturias.com\/magazine365\/cadiz-se-promociona-en-belgica\/#webpage","url":"https:\/\/eldigitaldeasturias.com\/magazine365\/cadiz-se-promociona-en-belgica\/","name":"C\u00e1diz se promociona en B\u00e9lgica | El Digital de Asturias","description":"El Patronato de Turismo de la Diputaci\u00f3n Provincial de C\u00e1diz ha anunciado que acude del 4 al 8 de febrero al 'Salon des Vacances' de Bruselas con la intenci\u00f3n de dar a conocer al m\u00e1ximo la provincia de C\u00e1diz y conseguir que las m\u00e1s de 8.000 plazas que la aerol\u00ednea Brussels Airlines pondr\u00e1 a la","inLanguage":"es-ES","isPartOf":{"@id":"https:\/\/eldigitaldeasturias.com\/magazine365\/#website"},"breadcrumb":{"@id":"https:\/\/eldigitaldeasturias.com\/magazine365\/cadiz-se-promociona-en-belgica\/#breadcrumblist"},"author":{"@id":"https:\/\/eldigitaldeasturias.com\/magazine365\/author\/admin\/#author"},"creator":{"@id":"https:\/\/eldigitaldeasturias.com\/magazine365\/author\/admin\/#author"},"image":{"@type":"ImageObject","url":"https:\/\/eldigitaldeasturias.com\/magazine365\/wp-content\/uploads\/2016\/02\/fotonoticia_20160202160046_800.jpg","@id":"https:\/\/eldigitaldeasturias.com\/magazine365\/cadiz-se-promociona-en-belgica\/#mainImage","width":800,"height":528},"primaryImageOfPage":{"@id":"https:\/\/eldigitaldeasturias.com\/magazine365\/cadiz-se-promociona-en-belgica\/#mainImage"},"datePublished":"2016-02-06T05:43:36+01:00","dateModified":"2016-02-06T05:43:36+01:00"},{"@type":"WebSite","@id":"https:\/\/eldigitaldeasturias.com\/magazine365\/#website","url":"https:\/\/eldigitaldeasturias.com\/magazine365\/","name":"El Digital de Asturias","description":"Revista de ocio, turismo y estilo de vida","inLanguage":"es-ES","publisher":{"@id":"https:\/\/eldigitaldeasturias.com\/magazine365\/#organization"}}]},"og:locale":"es_ES","og:site_name":"El Digital de Asturias \u2013 Revista de ocio, turismo y estilo de vida","og:type":"article","og:title":"C\u00e1diz se promociona en B\u00e9lgica | El Digital de Asturias","og:description":"El Patronato de Turismo de la Diputaci\u00f3n Provincial de C\u00e1diz ha anunciado que acude del 4 al 8 de febrero al 'Salon des Vacances' de Bruselas con la intenci\u00f3n de dar a conocer al m\u00e1ximo la provincia de C\u00e1diz y conseguir que las m\u00e1s de 8.000 plazas que la aerol\u00ednea Brussels Airlines pondr\u00e1 a la","og:url":"https:\/\/eldigitaldeasturias.com\/magazine365\/cadiz-se-promociona-en-belgica\/","og:image":"https:\/\/eldigitaldeasturias.com\/magazine365\/wp-content\/uploads\/2016\/02\/fotonoticia_20160202160046_800.jpg","og:image:secure_url":"https:\/\/eldigitaldeasturias.com\/magazine365\/wp-content\/uploads\/2016\/02\/fotonoticia_20160202160046_800.jpg","og:image:width":800,"og:image:height":528,"article:published_time":"2016-02-06T04:43:36+00:00","article:modified_time":"2016-02-06T04:43:36+00:00","twitter:card":"summary_large_image","twitter:title":"C\u00e1diz se promociona en B\u00e9lgica | El Digital de Asturias","twitter:description":"El Patronato de Turismo de la Diputaci\u00f3n Provincial de C\u00e1diz ha anunciado que acude del 4 al 8 de febrero al 'Salon des Vacances' de Bruselas con la intenci\u00f3n de dar a conocer al m\u00e1ximo la provincia de C\u00e1diz y conseguir que las m\u00e1s de 8.000 plazas que la aerol\u00ednea Brussels Airlines pondr\u00e1 a la","twitter:image":"https:\/\/eldigitaldeasturias.com\/magazine365\/wp-content\/uploads\/2016\/02\/fotonoticia_20160202160046_800.jpg"},"aioseo_meta_data":{"post_id":"63112","title":null,"description":null,"keywords":null,"keyphrases":null,"primary_term":null,"canonical_url":null,"og_title":null,"og_description":null,"og_object_type":"default","og_image_type":"default","og_image_url":null,"og_image_width":null,"og_image_height":null,"og_image_custom_url":null,"og_image_custom_fields":null,"og_video":null,"og_custom_url":null,"og_article_section":null,"og_article_tags":null,"twitter_use_og":false,"twitter_card":"default","twitter_image_type":"default","twitter_image_url":null,"twitter_image_custom_url":null,"twitter_image_custom_fields":null,"twitter_title":null,"twitter_description":null,"schema":{"blockGraphs":[],"customGraphs":[],"default":{"data":{"Article":[],"Course":[],"Dataset":[],"FAQPage":[],"Movie":[],"Person":[],"Product":[],"ProductReview":[],"Car":[],"Recipe":[],"Service":[],"SoftwareApplication":[],"WebPage":[]},"graphName":"","isEnabled":true},"graphs":[],"defaultGraph":"","defaultPostTypeGraph":""},"schema_type":null,"schema_type_options":null,"pillar_content":false,"robots_default":true,"robots_noindex":false,"robots_noarchive":false,"robots_nosnippet":false,"robots_nofollow":false,"robots_noimageindex":false,"robots_noodp":false,"robots_notranslate":false,"robots_max_snippet":null,"robots_max_videopreview":null,"robots_max_imagepreview":"large","priority":null,"frequency":null,"location":null,"local_seo":null,"seo_analyzer_scan_date":"2025-09-25 12:32:54","breadcrumb_settings":null,"limit_modified_date":false,"open_ai":null,"ai":null,"created":"2021-03-08 21:27:05","updated":"2025-09-25 12:32:54"},"aioseo_breadcrumb":"<div class=\"aioseo-breadcrumbs\"><span class=\"aioseo-breadcrumb\">\n\t<a href=\"https:\/\/eldigitaldeasturias.com\/magazine365\" title=\"Home\">Home<\/a>\n<\/span><span class=\"aioseo-breadcrumb-separator\">\u2013<\/span><span class=\"aioseo-breadcrumb\">\n\t<a href=\"https:\/\/eldigitaldeasturias.com\/magazine365\/category\/noticias-actualidad\/\" title=\"Noticias y Actualidad\">Noticias y Actualidad<\/a>\n<\/span><span class=\"aioseo-breadcrumb-separator\">\u2013<\/span><span class=\"aioseo-breadcrumb\">\n\t<a href=\"https:\/\/eldigitaldeasturias.com\/magazine365\/cadiz-se-promociona-en-belgica\/\" title=\"C\u00e1diz se promociona en B\u00e9lgica\">C\u00e1diz se promociona en B\u00e9lgica<\/a>\n<\/span><\/div>","aioseo_breadcrumb_json":[{"label":"Home","link":"https:\/\/eldigitaldeasturias.com\/magazine365"},{"label":"Noticias y Actualidad","link":"https:\/\/eldigitaldeasturias.com\/magazine365\/category\/noticias-actualidad\/"},{"label":"C\u00e1diz se promociona en B\u00e9lgica","link":"https:\/\/eldigitaldeasturias.com\/magazine365\/cadiz-se-promociona-en-belgica\/"}],"_links":{"self":[{"href":"https:\/\/eldigitaldeasturias.com\/magazine365\/wp-json\/wp\/v2\/posts\/63112","targetHints":{"allow":["GET"]}}],"collection":[{"href":"https:\/\/eldigitaldeasturias.com\/magazine365\/wp-json\/wp\/v2\/posts"}],"about":[{"href":"https:\/\/eldigitaldeasturias.com\/magazine365\/wp-json\/wp\/v2\/types\/post"}],"author":[{"embeddable":true,"href":"https:\/\/eldigitaldeasturias.com\/magazine365\/wp-json\/wp\/v2\/users\/1"}],"replies":[{"embeddable":true,"href":"https:\/\/eldigitaldeasturias.com\/magazine365\/wp-json\/wp\/v2\/comments?post=63112"}],"version-history":[{"count":0,"href":"https:\/\/eldigitaldeasturias.com\/magazine365\/wp-json\/wp\/v2\/posts\/63112\/revisions"}],"wp:featuredmedia":[{"embeddable":true,"href":"https:\/\/eldigitaldeasturias.com\/magazine365\/wp-json\/wp\/v2\/media\/63113"}],"wp:attachment":[{"href":"https:\/\/eldigitaldeasturias.com\/magazine365\/wp-json\/wp\/v2\/media?parent=63112"}],"wp:term":[{"taxonomy":"category","embeddable":true,"href":"https:\/\/eldigitaldeasturias.com\/magazine365\/wp-json\/wp\/v2\/categories?post=63112"},{"taxonomy":"post_tag","embeddable":true,"href":"https:\/\/eldigitaldeasturias.com\/magazine365\/wp-json\/wp\/v2\/tags?post=63112"}],"curies":[{"name":"wp","href":"https:\/\/api.w.org\/{rel}","templated":true}]}}