{"id":63100,"date":"2016-02-06T05:38:10","date_gmt":"2016-02-06T04:38:10","guid":{"rendered":"http:\/\/eldigitaldeasturias.com\/magazine365\/?p=63100"},"modified":"2016-02-06T05:38:10","modified_gmt":"2016-02-06T04:38:10","slug":"doce-establecimientos-participaran-en-las-v-jornadas-del-lechazo-de-la-ribera-del-duero","status":"publish","type":"post","link":"https:\/\/eldigitaldeasturias.com\/magazine365\/doce-establecimientos-participaran-en-las-v-jornadas-del-lechazo-de-la-ribera-del-duero\/","title":{"rendered":"Doce establecimientos participar\u00e1n en las V Jornadas del Lechazo de la Ribera del Duero"},"content":{"rendered":"<p><img fetchpriority=\"high\" decoding=\"async\" class=\"alignleft size-medium wp-image-63101\" src=\"https:\/\/eldigitaldeasturias.com\/magazine365\/wp-content\/uploads\/2016\/02\/fotonoticia_20160202150135_800-360x270.jpg\" alt=\"fotonoticia_20160202150135_800\" width=\"360\" height=\"270\" srcset=\"https:\/\/eldigitaldeasturias.com\/magazine365\/wp-content\/uploads\/2016\/02\/fotonoticia_20160202150135_800-360x270.jpg 360w, https:\/\/eldigitaldeasturias.com\/magazine365\/wp-content\/uploads\/2016\/02\/fotonoticia_20160202150135_800-650x488.jpg 650w, https:\/\/eldigitaldeasturias.com\/magazine365\/wp-content\/uploads\/2016\/02\/fotonoticia_20160202150135_800-768x576.jpg 768w, https:\/\/eldigitaldeasturias.com\/magazine365\/wp-content\/uploads\/2016\/02\/fotonoticia_20160202150135_800-150x113.jpg 150w, https:\/\/eldigitaldeasturias.com\/magazine365\/wp-content\/uploads\/2016\/02\/fotonoticia_20160202150135_800-450x338.jpg 450w, https:\/\/eldigitaldeasturias.com\/magazine365\/wp-content\/uploads\/2016\/02\/fotonoticia_20160202150135_800-80x60.jpg 80w, https:\/\/eldigitaldeasturias.com\/magazine365\/wp-content\/uploads\/2016\/02\/fotonoticia_20160202150135_800-265x198.jpg 265w, https:\/\/eldigitaldeasturias.com\/magazine365\/wp-content\/uploads\/2016\/02\/fotonoticia_20160202150135_800-696x522.jpg 696w, https:\/\/eldigitaldeasturias.com\/magazine365\/wp-content\/uploads\/2016\/02\/fotonoticia_20160202150135_800-560x420.jpg 560w, https:\/\/eldigitaldeasturias.com\/magazine365\/wp-content\/uploads\/2016\/02\/fotonoticia_20160202150135_800-90x67.jpg 90w, https:\/\/eldigitaldeasturias.com\/magazine365\/wp-content\/uploads\/2016\/02\/fotonoticia_20160202150135_800-164x124.jpg 164w, https:\/\/eldigitaldeasturias.com\/magazine365\/wp-content\/uploads\/2016\/02\/fotonoticia_20160202150135_800-100x75.jpg 100w, https:\/\/eldigitaldeasturias.com\/magazine365\/wp-content\/uploads\/2016\/02\/fotonoticia_20160202150135_800.jpg 800w\" sizes=\"(max-width: 360px) 100vw, 360px\" \/>Un total de doce establecimientos ubicado en las localidades vallisoletanas de Pe\u00f1afiel, Curiel de Duero, Pesquera de Duero y Quintanilla de On\u00e9simo participar\u00e1n en las V Jornadas del Lechazo de la Ribera del Duero, que por primera vez se promocionar\u00e1n en Madrid.<\/p>\n<p>El alcalde de Pe\u00f1afiel, Roberto D\u00edez, en la presentaci\u00f3n de estas jornadas, que ha tenido lugar este martes en la Sala de Recepciones de la Diputaci\u00f3n de Valladolid, ha se\u00f1alado que en esta edici\u00f3n se han destinado 6.000 euros para promocionar estas jornadas en Madrid.<\/p>\n<p>\u00abMadrid es un mercado que tiene un importante peso en el sector tur\u00edstico, es por eso que por primera vez realizaremos en esta ciudad una presentaci\u00f3n de estas jornadas\u00bb, ha explicado.<\/p>\n<p>Adem\u00e1s, en esta edici\u00f3n tambi\u00e9n se han introducido cambios en el coste del men\u00fa que pasa de los 32 euros de ediciones anteriores a los 33 euros de este a\u00f1o. Tambi\u00e9n se ha modificado el precio de la tapa, que pasa de los 2,50 euros a los 2,70 de este a\u00f1o.<\/p>\n<p>D\u00edez, durante la presentaci\u00f3n ha subrayado la importancia de esta iniciativa para la \u00abdinamizaci\u00f3n\u00bb de la comarca. Asimismo, ha destacado su celebraci\u00f3n en el mes de febrero en lugar de otra \u00e9poca del a\u00f1o, ya que es el mes en el que el turismo en la zona \u00abest\u00e1 m\u00e1s parado\u00bb y el precio del lechazo \u00absufre m\u00e1s\u00bb por la ca\u00edda del consumo.<\/p>\n<p>Por su parte, el director general de la C\u00e1mara de Comercio de Valladolid, Roberto Garc\u00eda, que tambi\u00e9n ha asistido a esta presentaci\u00f3n, ha incidido en la repercusi\u00f3n que estas jornadas tienen en la zona ya que \u00abgenera actividad econ\u00f3mica no s\u00f3lo en el sector hotelero, hostelero y tur\u00edstico sino en el sector primario en tiempos tan complicados\u00bb.<\/p>\n<p>TODOS LOS FINES DE SEMANA DE FEBRERO<\/p>\n<p>A lo largo de los cuatro fines de semana del mes de febrero se podr\u00e1n degustar men\u00fas basados en lechazo, compuestos de entrantes, plato principal, postre, vino de la Denominaci\u00f3n de Origen Ribera del Duero, pan, agua y caf\u00e9 o infusi\u00f3n. Seg\u00fan han se\u00f1alado los responsables de esta iniciativa durante su presentaci\u00f3n, \u00abla fusi\u00f3n entre la cocina tradicional y de vanguardia\u00bb son las \u00abnotas predominantes\u00bb de los diferentes platos que componen este men\u00fa.<\/p>\n<p>As\u00ed, algunos de los platos que podr\u00e1n degustarse en estos establecimientos son el tradicional cuarto de lechazo asado en horno de le\u00f1a hasta otras propuestas como pierna de lechazo asado al romero, paletilla confitado con ensalada o salteado de verduritas con lechazo escabechado y yuca. Tampoco faltar\u00e1 la casquer\u00eda del lechazo, como las manitas o los callos, y otros derivados del ovino como el queso de oveja.<\/p>\n<p>Los siete restaurantes que participar\u00e1n en esta iniciativa son el Hotel ATH Ribera del Duero, Asados Don Jos\u00e9, Asados Alonso, Alabrasa Restaurante y Hotel AF Pesquera en Pe\u00f1afiel; Residencia Real Castillo de Curiel de Curiel de Duero y la Posada de Pesquera-Restaurante El Ambig\u00fa en Pesquera de Duero.<\/p>\n<p>Pero, adem\u00e1s, el lechazo se podr\u00e1 degustarse en forma de tapa, as\u00ed el cliente podr\u00e1 encontrar \u00absuculentas\u00bb alternativas como alb\u00f3ndigas de lechazo churro, parmentier de patata y cebolla caramelizada; pan polar de lechazo en escabeche con sus verduras y germinados de alfalfa o &#8216;nuggets&#8217; de la huerta deconstru\u00edda. Todas las tapas tendr\u00e1n un precio de 2,70 euros y se servir\u00e1n acompa\u00f1adas de una copa de vino joven de la Denonimaci\u00f3n de Origen Ribera del Duero.<\/p>\n<p>Los cinco establecimientos son La Casita de Pe\u00f1afiel, Hotel ATH Ribera del Duero y Hotel AF Pesquera en Pe\u00f1afiel; La Posada de Pesquera Restaurante El Ambig\u00fa en Pesquera de Duero y el Hotel -SPA Arzuaga en Quintanilla de On\u00e9simo.<\/p>\n<p>Adem\u00e1s, el viernes 26 de febrero, a las 21.00 horas tendr\u00e1 lugar una nueva edici\u00f3n de &#8216;Mon\u00f3logos y catas&#8217;, en la que se catar\u00e1n los \u00abgrandes desconocidos\u00bb de la Ribera del Duero y se degustar\u00e1n diferentes productos gastron\u00f3micos, todo ello acompa\u00f1ado de un mon\u00f3logo.<\/p>\n","protected":false},"excerpt":{"rendered":"<p>Un total de doce establecimientos ubicado en las localidades vallisoletanas de Pe\u00f1afiel, Curiel de Duero, Pesquera de Duero y Quintanilla de On\u00e9simo participar\u00e1n en las V Jornadas del Lechazo de la Ribera del Duero, que por primera vez se promocionar\u00e1n en Madrid. El alcalde de Pe\u00f1afiel, Roberto D\u00edez, en la presentaci\u00f3n de estas jornadas, que<\/p>\n","protected":false},"author":1,"featured_media":63101,"comment_status":"open","ping_status":"closed","sticky":false,"template":"","format":"standard","meta":{"footnotes":""},"categories":[224],"tags":[],"class_list":{"0":"post-63100","1":"post","2":"type-post","3":"status-publish","4":"format-standard","5":"has-post-thumbnail","7":"category-noticias-actualidad"},"aioseo_notices":[],"aioseo_head":"\n\t\t<!-- All in One SEO Pro 4.9.6.1 - aioseo.com -->\n\t<meta name=\"description\" content=\"Un total de doce establecimientos ubicado en las localidades vallisoletanas de Pe\u00f1afiel, Curiel de Duero, Pesquera de Duero y Quintanilla de On\u00e9simo participar\u00e1n en las V Jornadas del Lechazo de la Ribera del Duero, que por primera vez se promocionar\u00e1n en Madrid. El alcalde de Pe\u00f1afiel, Roberto D\u00edez, en la presentaci\u00f3n de estas jornadas, que\" \/>\n\t<meta name=\"robots\" content=\"max-image-preview:large\" \/>\n\t<meta name=\"author\" content=\"admin\"\/>\n\t<meta name=\"google-site-verification\" content=\"UA-38556648-1\" \/>\n\t<meta name=\"keywords\" content=\"noticias y actualidad\" \/>\n\t<link rel=\"canonical\" href=\"https:\/\/eldigitaldeasturias.com\/magazine365\/doce-establecimientos-participaran-en-las-v-jornadas-del-lechazo-de-la-ribera-del-duero\/\" \/>\n\t<meta name=\"generator\" content=\"All in One SEO Pro (AIOSEO) 4.9.6.1\" \/>\n\t\t<meta property=\"og:locale\" content=\"es_ES\" \/>\n\t\t<meta property=\"og:site_name\" content=\"El Digital de Asturias \u2013 Revista de ocio, turismo y estilo de vida\" \/>\n\t\t<meta property=\"og:type\" content=\"article\" \/>\n\t\t<meta property=\"og:title\" content=\"Doce establecimientos participar\u00e1n en las V Jornadas del Lechazo de la Ribera del Duero | El Digital de Asturias\" \/>\n\t\t<meta property=\"og:description\" content=\"Un total de doce establecimientos ubicado en las localidades vallisoletanas de Pe\u00f1afiel, Curiel de Duero, Pesquera de Duero y Quintanilla de On\u00e9simo participar\u00e1n en las V Jornadas del Lechazo de la Ribera del Duero, que por primera vez se promocionar\u00e1n en Madrid. El alcalde de Pe\u00f1afiel, Roberto D\u00edez, en la presentaci\u00f3n de estas jornadas, que\" \/>\n\t\t<meta property=\"og:url\" content=\"https:\/\/eldigitaldeasturias.com\/magazine365\/doce-establecimientos-participaran-en-las-v-jornadas-del-lechazo-de-la-ribera-del-duero\/\" \/>\n\t\t<meta property=\"og:image\" content=\"https:\/\/eldigitaldeasturias.com\/magazine365\/wp-content\/uploads\/2016\/02\/fotonoticia_20160202150135_800.jpg\" \/>\n\t\t<meta property=\"og:image:secure_url\" content=\"https:\/\/eldigitaldeasturias.com\/magazine365\/wp-content\/uploads\/2016\/02\/fotonoticia_20160202150135_800.jpg\" \/>\n\t\t<meta property=\"og:image:width\" content=\"800\" \/>\n\t\t<meta property=\"og:image:height\" content=\"600\" \/>\n\t\t<meta property=\"article:published_time\" content=\"2016-02-06T04:38:10+00:00\" \/>\n\t\t<meta property=\"article:modified_time\" content=\"2016-02-06T04:38:10+00:00\" \/>\n\t\t<meta name=\"twitter:card\" content=\"summary_large_image\" \/>\n\t\t<meta name=\"twitter:title\" content=\"Doce establecimientos participar\u00e1n en las V Jornadas del Lechazo de la Ribera del Duero | El Digital de Asturias\" \/>\n\t\t<meta name=\"twitter:description\" content=\"Un total de doce establecimientos ubicado en las localidades vallisoletanas de Pe\u00f1afiel, Curiel de Duero, Pesquera de Duero y Quintanilla de On\u00e9simo participar\u00e1n en las V Jornadas del Lechazo de la Ribera del Duero, que por primera vez se promocionar\u00e1n en Madrid. El alcalde de Pe\u00f1afiel, Roberto D\u00edez, en la presentaci\u00f3n de estas jornadas, que\" \/>\n\t\t<meta name=\"twitter:image\" content=\"https:\/\/eldigitaldeasturias.com\/magazine365\/wp-content\/uploads\/2016\/02\/fotonoticia_20160202150135_800.jpg\" \/>\n\t\t<script type=\"application\/ld+json\" class=\"aioseo-schema\">\n\t\t\t{\"@context\":\"https:\\\/\\\/schema.org\",\"@graph\":[{\"@type\":\"Article\",\"@id\":\"https:\\\/\\\/eldigitaldeasturias.com\\\/magazine365\\\/doce-establecimientos-participaran-en-las-v-jornadas-del-lechazo-de-la-ribera-del-duero\\\/#article\",\"name\":\"Doce establecimientos participar\\u00e1n en las V Jornadas del Lechazo de la Ribera del Duero | El Digital de Asturias\",\"headline\":\"Doce establecimientos participar\\u00e1n en las V Jornadas del Lechazo de la Ribera del Duero\",\"author\":{\"@id\":\"https:\\\/\\\/eldigitaldeasturias.com\\\/magazine365\\\/author\\\/admin\\\/#author\"},\"publisher\":{\"@id\":\"https:\\\/\\\/eldigitaldeasturias.com\\\/magazine365\\\/#organization\"},\"image\":{\"@type\":\"ImageObject\",\"url\":\"https:\\\/\\\/eldigitaldeasturias.com\\\/magazine365\\\/wp-content\\\/uploads\\\/2016\\\/02\\\/fotonoticia_20160202150135_800.jpg\",\"width\":800,\"height\":600},\"datePublished\":\"2016-02-06T05:38:10+01:00\",\"dateModified\":\"2016-02-06T05:38:10+01:00\",\"inLanguage\":\"es-ES\",\"mainEntityOfPage\":{\"@id\":\"https:\\\/\\\/eldigitaldeasturias.com\\\/magazine365\\\/doce-establecimientos-participaran-en-las-v-jornadas-del-lechazo-de-la-ribera-del-duero\\\/#webpage\"},\"isPartOf\":{\"@id\":\"https:\\\/\\\/eldigitaldeasturias.com\\\/magazine365\\\/doce-establecimientos-participaran-en-las-v-jornadas-del-lechazo-de-la-ribera-del-duero\\\/#webpage\"},\"articleSection\":\"Noticias y Actualidad\"},{\"@type\":\"BreadcrumbList\",\"@id\":\"https:\\\/\\\/eldigitaldeasturias.com\\\/magazine365\\\/doce-establecimientos-participaran-en-las-v-jornadas-del-lechazo-de-la-ribera-del-duero\\\/#breadcrumblist\",\"itemListElement\":[{\"@type\":\"ListItem\",\"@id\":\"https:\\\/\\\/eldigitaldeasturias.com\\\/magazine365#listItem\",\"position\":1,\"name\":\"Home\",\"item\":\"https:\\\/\\\/eldigitaldeasturias.com\\\/magazine365\",\"nextItem\":{\"@type\":\"ListItem\",\"@id\":\"https:\\\/\\\/eldigitaldeasturias.com\\\/magazine365\\\/category\\\/noticias-actualidad\\\/#listItem\",\"name\":\"Noticias y Actualidad\"}},{\"@type\":\"ListItem\",\"@id\":\"https:\\\/\\\/eldigitaldeasturias.com\\\/magazine365\\\/category\\\/noticias-actualidad\\\/#listItem\",\"position\":2,\"name\":\"Noticias y Actualidad\",\"item\":\"https:\\\/\\\/eldigitaldeasturias.com\\\/magazine365\\\/category\\\/noticias-actualidad\\\/\",\"nextItem\":{\"@type\":\"ListItem\",\"@id\":\"https:\\\/\\\/eldigitaldeasturias.com\\\/magazine365\\\/doce-establecimientos-participaran-en-las-v-jornadas-del-lechazo-de-la-ribera-del-duero\\\/#listItem\",\"name\":\"Doce establecimientos participar\\u00e1n en las V Jornadas del Lechazo de la Ribera del Duero\"},\"previousItem\":{\"@type\":\"ListItem\",\"@id\":\"https:\\\/\\\/eldigitaldeasturias.com\\\/magazine365#listItem\",\"name\":\"Home\"}},{\"@type\":\"ListItem\",\"@id\":\"https:\\\/\\\/eldigitaldeasturias.com\\\/magazine365\\\/doce-establecimientos-participaran-en-las-v-jornadas-del-lechazo-de-la-ribera-del-duero\\\/#listItem\",\"position\":3,\"name\":\"Doce establecimientos participar\\u00e1n en las V Jornadas del Lechazo de la Ribera del Duero\",\"previousItem\":{\"@type\":\"ListItem\",\"@id\":\"https:\\\/\\\/eldigitaldeasturias.com\\\/magazine365\\\/category\\\/noticias-actualidad\\\/#listItem\",\"name\":\"Noticias y Actualidad\"}}]},{\"@type\":\"Organization\",\"@id\":\"https:\\\/\\\/eldigitaldeasturias.com\\\/magazine365\\\/#organization\",\"name\":\"El digital de Asturias\",\"description\":\"Revista de ocio, turismo y estilo de vida\",\"url\":\"https:\\\/\\\/eldigitaldeasturias.com\\\/magazine365\\\/\",\"logo\":{\"@type\":\"ImageObject\",\"url\":\"https:\\\/\\\/www.eldigitaldeasturias.com\\\/noticias\\\/wp-content\\\/uploads\\\/2020\\\/12\\\/EDA.jpg\",\"@id\":\"https:\\\/\\\/eldigitaldeasturias.com\\\/magazine365\\\/doce-establecimientos-participaran-en-las-v-jornadas-del-lechazo-de-la-ribera-del-duero\\\/#organizationLogo\"},\"image\":{\"@id\":\"https:\\\/\\\/eldigitaldeasturias.com\\\/magazine365\\\/doce-establecimientos-participaran-en-las-v-jornadas-del-lechazo-de-la-ribera-del-duero\\\/#organizationLogo\"}},{\"@type\":\"Person\",\"@id\":\"https:\\\/\\\/eldigitaldeasturias.com\\\/magazine365\\\/author\\\/admin\\\/#author\",\"url\":\"https:\\\/\\\/eldigitaldeasturias.com\\\/magazine365\\\/author\\\/admin\\\/\",\"name\":\"admin\",\"image\":{\"@type\":\"ImageObject\",\"@id\":\"https:\\\/\\\/eldigitaldeasturias.com\\\/magazine365\\\/doce-establecimientos-participaran-en-las-v-jornadas-del-lechazo-de-la-ribera-del-duero\\\/#authorImage\",\"url\":\"https:\\\/\\\/eldigitaldeasturias.com\\\/magazine365\\\/wp-content\\\/litespeed\\\/avatar\\\/e571bcf59a0edd6fa6838245a470f2fe.jpg?ver=1776969259\",\"width\":96,\"height\":96,\"caption\":\"admin\"}},{\"@type\":\"WebPage\",\"@id\":\"https:\\\/\\\/eldigitaldeasturias.com\\\/magazine365\\\/doce-establecimientos-participaran-en-las-v-jornadas-del-lechazo-de-la-ribera-del-duero\\\/#webpage\",\"url\":\"https:\\\/\\\/eldigitaldeasturias.com\\\/magazine365\\\/doce-establecimientos-participaran-en-las-v-jornadas-del-lechazo-de-la-ribera-del-duero\\\/\",\"name\":\"Doce establecimientos participar\\u00e1n en las V Jornadas del Lechazo de la Ribera del Duero | El Digital de Asturias\",\"description\":\"Un total de doce establecimientos ubicado en las localidades vallisoletanas de Pe\\u00f1afiel, Curiel de Duero, Pesquera de Duero y Quintanilla de On\\u00e9simo participar\\u00e1n en las V Jornadas del Lechazo de la Ribera del Duero, que por primera vez se promocionar\\u00e1n en Madrid. El alcalde de Pe\\u00f1afiel, Roberto D\\u00edez, en la presentaci\\u00f3n de estas jornadas, que\",\"inLanguage\":\"es-ES\",\"isPartOf\":{\"@id\":\"https:\\\/\\\/eldigitaldeasturias.com\\\/magazine365\\\/#website\"},\"breadcrumb\":{\"@id\":\"https:\\\/\\\/eldigitaldeasturias.com\\\/magazine365\\\/doce-establecimientos-participaran-en-las-v-jornadas-del-lechazo-de-la-ribera-del-duero\\\/#breadcrumblist\"},\"author\":{\"@id\":\"https:\\\/\\\/eldigitaldeasturias.com\\\/magazine365\\\/author\\\/admin\\\/#author\"},\"creator\":{\"@id\":\"https:\\\/\\\/eldigitaldeasturias.com\\\/magazine365\\\/author\\\/admin\\\/#author\"},\"image\":{\"@type\":\"ImageObject\",\"url\":\"https:\\\/\\\/eldigitaldeasturias.com\\\/magazine365\\\/wp-content\\\/uploads\\\/2016\\\/02\\\/fotonoticia_20160202150135_800.jpg\",\"@id\":\"https:\\\/\\\/eldigitaldeasturias.com\\\/magazine365\\\/doce-establecimientos-participaran-en-las-v-jornadas-del-lechazo-de-la-ribera-del-duero\\\/#mainImage\",\"width\":800,\"height\":600},\"primaryImageOfPage\":{\"@id\":\"https:\\\/\\\/eldigitaldeasturias.com\\\/magazine365\\\/doce-establecimientos-participaran-en-las-v-jornadas-del-lechazo-de-la-ribera-del-duero\\\/#mainImage\"},\"datePublished\":\"2016-02-06T05:38:10+01:00\",\"dateModified\":\"2016-02-06T05:38:10+01:00\"},{\"@type\":\"WebSite\",\"@id\":\"https:\\\/\\\/eldigitaldeasturias.com\\\/magazine365\\\/#website\",\"url\":\"https:\\\/\\\/eldigitaldeasturias.com\\\/magazine365\\\/\",\"name\":\"El Digital de Asturias\",\"description\":\"Revista de ocio, turismo y estilo de vida\",\"inLanguage\":\"es-ES\",\"publisher\":{\"@id\":\"https:\\\/\\\/eldigitaldeasturias.com\\\/magazine365\\\/#organization\"}}]}\n\t\t<\/script>\n\t\t<!-- All in One SEO Pro -->\r\n\t\t<title>Doce establecimientos participar\u00e1n en las V Jornadas del Lechazo de la Ribera del Duero | El Digital de Asturias<\/title>\n\n","aioseo_head_json":{"title":"Doce establecimientos participar\u00e1n en las V Jornadas del Lechazo de la Ribera del Duero | El Digital de Asturias","description":"Un total de doce establecimientos ubicado en las localidades vallisoletanas de Pe\u00f1afiel, Curiel de Duero, Pesquera de Duero y Quintanilla de On\u00e9simo participar\u00e1n en las V Jornadas del Lechazo de la Ribera del Duero, que por primera vez se promocionar\u00e1n en Madrid. El alcalde de Pe\u00f1afiel, Roberto D\u00edez, en la presentaci\u00f3n de estas jornadas, que","canonical_url":"https:\/\/eldigitaldeasturias.com\/magazine365\/doce-establecimientos-participaran-en-las-v-jornadas-del-lechazo-de-la-ribera-del-duero\/","robots":"max-image-preview:large","keywords":"noticias y actualidad","webmasterTools":{"google-site-verification":"UA-38556648-1","miscellaneous":""},"schema":{"@context":"https:\/\/schema.org","@graph":[{"@type":"Article","@id":"https:\/\/eldigitaldeasturias.com\/magazine365\/doce-establecimientos-participaran-en-las-v-jornadas-del-lechazo-de-la-ribera-del-duero\/#article","name":"Doce establecimientos participar\u00e1n en las V Jornadas del Lechazo de la Ribera del Duero | El Digital de Asturias","headline":"Doce establecimientos participar\u00e1n en las V Jornadas del Lechazo de la Ribera del Duero","author":{"@id":"https:\/\/eldigitaldeasturias.com\/magazine365\/author\/admin\/#author"},"publisher":{"@id":"https:\/\/eldigitaldeasturias.com\/magazine365\/#organization"},"image":{"@type":"ImageObject","url":"https:\/\/eldigitaldeasturias.com\/magazine365\/wp-content\/uploads\/2016\/02\/fotonoticia_20160202150135_800.jpg","width":800,"height":600},"datePublished":"2016-02-06T05:38:10+01:00","dateModified":"2016-02-06T05:38:10+01:00","inLanguage":"es-ES","mainEntityOfPage":{"@id":"https:\/\/eldigitaldeasturias.com\/magazine365\/doce-establecimientos-participaran-en-las-v-jornadas-del-lechazo-de-la-ribera-del-duero\/#webpage"},"isPartOf":{"@id":"https:\/\/eldigitaldeasturias.com\/magazine365\/doce-establecimientos-participaran-en-las-v-jornadas-del-lechazo-de-la-ribera-del-duero\/#webpage"},"articleSection":"Noticias y Actualidad"},{"@type":"BreadcrumbList","@id":"https:\/\/eldigitaldeasturias.com\/magazine365\/doce-establecimientos-participaran-en-las-v-jornadas-del-lechazo-de-la-ribera-del-duero\/#breadcrumblist","itemListElement":[{"@type":"ListItem","@id":"https:\/\/eldigitaldeasturias.com\/magazine365#listItem","position":1,"name":"Home","item":"https:\/\/eldigitaldeasturias.com\/magazine365","nextItem":{"@type":"ListItem","@id":"https:\/\/eldigitaldeasturias.com\/magazine365\/category\/noticias-actualidad\/#listItem","name":"Noticias y Actualidad"}},{"@type":"ListItem","@id":"https:\/\/eldigitaldeasturias.com\/magazine365\/category\/noticias-actualidad\/#listItem","position":2,"name":"Noticias y Actualidad","item":"https:\/\/eldigitaldeasturias.com\/magazine365\/category\/noticias-actualidad\/","nextItem":{"@type":"ListItem","@id":"https:\/\/eldigitaldeasturias.com\/magazine365\/doce-establecimientos-participaran-en-las-v-jornadas-del-lechazo-de-la-ribera-del-duero\/#listItem","name":"Doce establecimientos participar\u00e1n en las V Jornadas del Lechazo de la Ribera del Duero"},"previousItem":{"@type":"ListItem","@id":"https:\/\/eldigitaldeasturias.com\/magazine365#listItem","name":"Home"}},{"@type":"ListItem","@id":"https:\/\/eldigitaldeasturias.com\/magazine365\/doce-establecimientos-participaran-en-las-v-jornadas-del-lechazo-de-la-ribera-del-duero\/#listItem","position":3,"name":"Doce establecimientos participar\u00e1n en las V Jornadas del Lechazo de la Ribera del Duero","previousItem":{"@type":"ListItem","@id":"https:\/\/eldigitaldeasturias.com\/magazine365\/category\/noticias-actualidad\/#listItem","name":"Noticias y Actualidad"}}]},{"@type":"Organization","@id":"https:\/\/eldigitaldeasturias.com\/magazine365\/#organization","name":"El digital de Asturias","description":"Revista de ocio, turismo y estilo de vida","url":"https:\/\/eldigitaldeasturias.com\/magazine365\/","logo":{"@type":"ImageObject","url":"https:\/\/www.eldigitaldeasturias.com\/noticias\/wp-content\/uploads\/2020\/12\/EDA.jpg","@id":"https:\/\/eldigitaldeasturias.com\/magazine365\/doce-establecimientos-participaran-en-las-v-jornadas-del-lechazo-de-la-ribera-del-duero\/#organizationLogo"},"image":{"@id":"https:\/\/eldigitaldeasturias.com\/magazine365\/doce-establecimientos-participaran-en-las-v-jornadas-del-lechazo-de-la-ribera-del-duero\/#organizationLogo"}},{"@type":"Person","@id":"https:\/\/eldigitaldeasturias.com\/magazine365\/author\/admin\/#author","url":"https:\/\/eldigitaldeasturias.com\/magazine365\/author\/admin\/","name":"admin","image":{"@type":"ImageObject","@id":"https:\/\/eldigitaldeasturias.com\/magazine365\/doce-establecimientos-participaran-en-las-v-jornadas-del-lechazo-de-la-ribera-del-duero\/#authorImage","url":"https:\/\/eldigitaldeasturias.com\/magazine365\/wp-content\/litespeed\/avatar\/e571bcf59a0edd6fa6838245a470f2fe.jpg?ver=1776969259","width":96,"height":96,"caption":"admin"}},{"@type":"WebPage","@id":"https:\/\/eldigitaldeasturias.com\/magazine365\/doce-establecimientos-participaran-en-las-v-jornadas-del-lechazo-de-la-ribera-del-duero\/#webpage","url":"https:\/\/eldigitaldeasturias.com\/magazine365\/doce-establecimientos-participaran-en-las-v-jornadas-del-lechazo-de-la-ribera-del-duero\/","name":"Doce establecimientos participar\u00e1n en las V Jornadas del Lechazo de la Ribera del Duero | El Digital de Asturias","description":"Un total de doce establecimientos ubicado en las localidades vallisoletanas de Pe\u00f1afiel, Curiel de Duero, Pesquera de Duero y Quintanilla de On\u00e9simo participar\u00e1n en las V Jornadas del Lechazo de la Ribera del Duero, que por primera vez se promocionar\u00e1n en Madrid. El alcalde de Pe\u00f1afiel, Roberto D\u00edez, en la presentaci\u00f3n de estas jornadas, que","inLanguage":"es-ES","isPartOf":{"@id":"https:\/\/eldigitaldeasturias.com\/magazine365\/#website"},"breadcrumb":{"@id":"https:\/\/eldigitaldeasturias.com\/magazine365\/doce-establecimientos-participaran-en-las-v-jornadas-del-lechazo-de-la-ribera-del-duero\/#breadcrumblist"},"author":{"@id":"https:\/\/eldigitaldeasturias.com\/magazine365\/author\/admin\/#author"},"creator":{"@id":"https:\/\/eldigitaldeasturias.com\/magazine365\/author\/admin\/#author"},"image":{"@type":"ImageObject","url":"https:\/\/eldigitaldeasturias.com\/magazine365\/wp-content\/uploads\/2016\/02\/fotonoticia_20160202150135_800.jpg","@id":"https:\/\/eldigitaldeasturias.com\/magazine365\/doce-establecimientos-participaran-en-las-v-jornadas-del-lechazo-de-la-ribera-del-duero\/#mainImage","width":800,"height":600},"primaryImageOfPage":{"@id":"https:\/\/eldigitaldeasturias.com\/magazine365\/doce-establecimientos-participaran-en-las-v-jornadas-del-lechazo-de-la-ribera-del-duero\/#mainImage"},"datePublished":"2016-02-06T05:38:10+01:00","dateModified":"2016-02-06T05:38:10+01:00"},{"@type":"WebSite","@id":"https:\/\/eldigitaldeasturias.com\/magazine365\/#website","url":"https:\/\/eldigitaldeasturias.com\/magazine365\/","name":"El Digital de Asturias","description":"Revista de ocio, turismo y estilo de vida","inLanguage":"es-ES","publisher":{"@id":"https:\/\/eldigitaldeasturias.com\/magazine365\/#organization"}}]},"og:locale":"es_ES","og:site_name":"El Digital de Asturias \u2013 Revista de ocio, turismo y estilo de vida","og:type":"article","og:title":"Doce establecimientos participar\u00e1n en las V Jornadas del Lechazo de la Ribera del Duero | El Digital de Asturias","og:description":"Un total de doce establecimientos ubicado en las localidades vallisoletanas de Pe\u00f1afiel, Curiel de Duero, Pesquera de Duero y Quintanilla de On\u00e9simo participar\u00e1n en las V Jornadas del Lechazo de la Ribera del Duero, que por primera vez se promocionar\u00e1n en Madrid. El alcalde de Pe\u00f1afiel, Roberto D\u00edez, en la presentaci\u00f3n de estas jornadas, que","og:url":"https:\/\/eldigitaldeasturias.com\/magazine365\/doce-establecimientos-participaran-en-las-v-jornadas-del-lechazo-de-la-ribera-del-duero\/","og:image":"https:\/\/eldigitaldeasturias.com\/magazine365\/wp-content\/uploads\/2016\/02\/fotonoticia_20160202150135_800.jpg","og:image:secure_url":"https:\/\/eldigitaldeasturias.com\/magazine365\/wp-content\/uploads\/2016\/02\/fotonoticia_20160202150135_800.jpg","og:image:width":800,"og:image:height":600,"article:published_time":"2016-02-06T04:38:10+00:00","article:modified_time":"2016-02-06T04:38:10+00:00","twitter:card":"summary_large_image","twitter:title":"Doce establecimientos participar\u00e1n en las V Jornadas del Lechazo de la Ribera del Duero | El Digital de Asturias","twitter:description":"Un total de doce establecimientos ubicado en las localidades vallisoletanas de Pe\u00f1afiel, Curiel de Duero, Pesquera de Duero y Quintanilla de On\u00e9simo participar\u00e1n en las V Jornadas del Lechazo de la Ribera del Duero, que por primera vez se promocionar\u00e1n en Madrid. El alcalde de Pe\u00f1afiel, Roberto D\u00edez, en la presentaci\u00f3n de estas jornadas, que","twitter:image":"https:\/\/eldigitaldeasturias.com\/magazine365\/wp-content\/uploads\/2016\/02\/fotonoticia_20160202150135_800.jpg"},"aioseo_meta_data":{"post_id":"63100","title":null,"description":null,"keywords":null,"keyphrases":null,"primary_term":null,"canonical_url":null,"og_title":null,"og_description":null,"og_object_type":"default","og_image_type":"default","og_image_url":null,"og_image_width":null,"og_image_height":null,"og_image_custom_url":null,"og_image_custom_fields":null,"og_video":null,"og_custom_url":null,"og_article_section":null,"og_article_tags":null,"twitter_use_og":false,"twitter_card":"default","twitter_image_type":"default","twitter_image_url":null,"twitter_image_custom_url":null,"twitter_image_custom_fields":null,"twitter_title":null,"twitter_description":null,"schema":{"blockGraphs":[],"customGraphs":[],"default":{"data":{"Article":[],"Course":[],"Dataset":[],"FAQPage":[],"Movie":[],"Person":[],"Product":[],"ProductReview":[],"Car":[],"Recipe":[],"Service":[],"SoftwareApplication":[],"WebPage":[]},"graphName":"","isEnabled":true},"graphs":[],"defaultGraph":"","defaultPostTypeGraph":""},"schema_type":null,"schema_type_options":null,"pillar_content":false,"robots_default":true,"robots_noindex":false,"robots_noarchive":false,"robots_nosnippet":false,"robots_nofollow":false,"robots_noimageindex":false,"robots_noodp":false,"robots_notranslate":false,"robots_max_snippet":null,"robots_max_videopreview":null,"robots_max_imagepreview":"large","priority":null,"frequency":null,"location":null,"local_seo":null,"seo_analyzer_scan_date":"2025-09-25 12:31:24","breadcrumb_settings":null,"limit_modified_date":false,"open_ai":null,"ai":null,"created":"2021-03-08 21:28:01","updated":"2025-09-25 12:31:24"},"aioseo_breadcrumb":"<div class=\"aioseo-breadcrumbs\"><span class=\"aioseo-breadcrumb\">\n\t<a href=\"https:\/\/eldigitaldeasturias.com\/magazine365\" title=\"Home\">Home<\/a>\n<\/span><span class=\"aioseo-breadcrumb-separator\">\u2013<\/span><span class=\"aioseo-breadcrumb\">\n\t<a href=\"https:\/\/eldigitaldeasturias.com\/magazine365\/category\/noticias-actualidad\/\" title=\"Noticias y Actualidad\">Noticias y Actualidad<\/a>\n<\/span><span class=\"aioseo-breadcrumb-separator\">\u2013<\/span><span class=\"aioseo-breadcrumb\">\n\t<a href=\"https:\/\/eldigitaldeasturias.com\/magazine365\/doce-establecimientos-participaran-en-las-v-jornadas-del-lechazo-de-la-ribera-del-duero\/\" title=\"Doce establecimientos participar\u00e1n en las V Jornadas del Lechazo de la Ribera del Duero\">Doce establecimientos participar\u00e1n en las V Jornadas del Lechazo de la Ribera del Duero<\/a>\n<\/span><\/div>","aioseo_breadcrumb_json":[{"label":"Home","link":"https:\/\/eldigitaldeasturias.com\/magazine365"},{"label":"Noticias y Actualidad","link":"https:\/\/eldigitaldeasturias.com\/magazine365\/category\/noticias-actualidad\/"},{"label":"Doce establecimientos participar\u00e1n en las V Jornadas del Lechazo de la Ribera del Duero","link":"https:\/\/eldigitaldeasturias.com\/magazine365\/doce-establecimientos-participaran-en-las-v-jornadas-del-lechazo-de-la-ribera-del-duero\/"}],"_links":{"self":[{"href":"https:\/\/eldigitaldeasturias.com\/magazine365\/wp-json\/wp\/v2\/posts\/63100","targetHints":{"allow":["GET"]}}],"collection":[{"href":"https:\/\/eldigitaldeasturias.com\/magazine365\/wp-json\/wp\/v2\/posts"}],"about":[{"href":"https:\/\/eldigitaldeasturias.com\/magazine365\/wp-json\/wp\/v2\/types\/post"}],"author":[{"embeddable":true,"href":"https:\/\/eldigitaldeasturias.com\/magazine365\/wp-json\/wp\/v2\/users\/1"}],"replies":[{"embeddable":true,"href":"https:\/\/eldigitaldeasturias.com\/magazine365\/wp-json\/wp\/v2\/comments?post=63100"}],"version-history":[{"count":0,"href":"https:\/\/eldigitaldeasturias.com\/magazine365\/wp-json\/wp\/v2\/posts\/63100\/revisions"}],"wp:featuredmedia":[{"embeddable":true,"href":"https:\/\/eldigitaldeasturias.com\/magazine365\/wp-json\/wp\/v2\/media\/63101"}],"wp:attachment":[{"href":"https:\/\/eldigitaldeasturias.com\/magazine365\/wp-json\/wp\/v2\/media?parent=63100"}],"wp:term":[{"taxonomy":"category","embeddable":true,"href":"https:\/\/eldigitaldeasturias.com\/magazine365\/wp-json\/wp\/v2\/categories?post=63100"},{"taxonomy":"post_tag","embeddable":true,"href":"https:\/\/eldigitaldeasturias.com\/magazine365\/wp-json\/wp\/v2\/tags?post=63100"}],"curies":[{"name":"wp","href":"https:\/\/api.w.org\/{rel}","templated":true}]}}