{"id":63061,"date":"2016-02-06T05:14:40","date_gmt":"2016-02-06T04:14:40","guid":{"rendered":"http:\/\/eldigitaldeasturias.com\/magazine365\/?p=63061"},"modified":"2016-02-06T05:14:40","modified_gmt":"2016-02-06T04:14:40","slug":"la-feria-de-abril-se-celebrara-en-el-parque-del-forum-de-barcelona","status":"publish","type":"post","link":"https:\/\/eldigitaldeasturias.com\/magazine365\/la-feria-de-abril-se-celebrara-en-el-parque-del-forum-de-barcelona\/","title":{"rendered":"La Feria de Abril se celebrar\u00e1 en el parque del F\u00f2rum de Barcelona"},"content":{"rendered":"<p><img fetchpriority=\"high\" decoding=\"async\" class=\"alignleft size-medium wp-image-63062\" src=\"https:\/\/eldigitaldeasturias.com\/magazine365\/wp-content\/uploads\/2016\/02\/fotonoticia_20160202131700_800-360x240.jpg\" alt=\"fotonoticia_20160202131700_800\" width=\"360\" height=\"240\" srcset=\"https:\/\/eldigitaldeasturias.com\/magazine365\/wp-content\/uploads\/2016\/02\/fotonoticia_20160202131700_800-360x240.jpg 360w, https:\/\/eldigitaldeasturias.com\/magazine365\/wp-content\/uploads\/2016\/02\/fotonoticia_20160202131700_800-650x433.jpg 650w, https:\/\/eldigitaldeasturias.com\/magazine365\/wp-content\/uploads\/2016\/02\/fotonoticia_20160202131700_800-768x512.jpg 768w, https:\/\/eldigitaldeasturias.com\/magazine365\/wp-content\/uploads\/2016\/02\/fotonoticia_20160202131700_800-150x100.jpg 150w, https:\/\/eldigitaldeasturias.com\/magazine365\/wp-content\/uploads\/2016\/02\/fotonoticia_20160202131700_800-450x300.jpg 450w, https:\/\/eldigitaldeasturias.com\/magazine365\/wp-content\/uploads\/2016\/02\/fotonoticia_20160202131700_800-696x464.jpg 696w, https:\/\/eldigitaldeasturias.com\/magazine365\/wp-content\/uploads\/2016\/02\/fotonoticia_20160202131700_800-630x420.jpg 630w, https:\/\/eldigitaldeasturias.com\/magazine365\/wp-content\/uploads\/2016\/02\/fotonoticia_20160202131700_800-101x66.jpg 101w, https:\/\/eldigitaldeasturias.com\/magazine365\/wp-content\/uploads\/2016\/02\/fotonoticia_20160202131700_800.jpg 800w\" sizes=\"(max-width: 360px) 100vw, 360px\" \/>La Feria de Abril se celebrar\u00e1 en el parque del F\u00f2rum de Barcelona y lo har\u00e1 organizada por la Federaci\u00f3n de Entidades Culturales Andaluzas en Catalunya (Fecac), despu\u00e9s de que haya ganado el concurso p\u00fablico que convoc\u00f3 el Ayuntamiento, en el que tambi\u00e9n se present\u00f3 la Fundaci\u00f3n de la Fecac, las dos entidades que la han organizado hasta ahora.<\/p>\n<p>El teniente de alcalde Jaume Asens ha detallado en declaraciones a los periodistas que la Fecac ha ganado el concurso debido principalmente a su oferta econ\u00f3mica, un aspecto que puntuaba de forma considerable en el proceso.<\/p>\n<p>Mientras el Ayuntamiento ped\u00eda una oferta de como m\u00ednimo 12.000 euros para la cesi\u00f3n del espacio y el uso de servicios municipales, la Fecac ha ofrecido 90.000 euros, muy superiores a los 20.000 que ofreci\u00f3 la fundaci\u00f3n, lo que para el consistorio representa un \u00abbeneficio para las arcas p\u00fablicas importante\u00bb.<\/p>\n<p>\u00abEs una buena noticia. La Feria de Abril se queda en Barcelona, y en esta ocasi\u00f3n se celebra con las mejores condiciones de la historia en seguridad, ruidos, molestias a los vecinos, transparencia y retorno de los beneficios a la ciudadan\u00eda\u00bb, ha celebrado Asens.<\/p>\n<p>Ha resaltado la importancia de haber adjudicado la organizaci\u00f3n del evento mediante un concurso p\u00fablico y no por adjudicaci\u00f3n directa, algo que ha se\u00f1alado que mejora la transparencia y permite \u00abfiscalizar y rendir cuentas y evaluar lo hecho anteriormente, que borra las dudas que pod\u00eda haber al entorno de la organizaci\u00f3n de este evento cultural\u00bb.<\/p>\n<p>\u00abCreemos que es un gran \u00e9xito para la ciudad y la cultura andaluza garantizar que se celebra en Barcelona, y es un gran \u00e9xito que se celebre con condiciones de transparencia y en concurso p\u00fablico y no con adjudicaciones a dedo\u00bb, ha sostenido el teniente de alcalde.<\/p>\n<p>Ha se\u00f1alado que la Fundaci\u00f3n Fecac se present\u00f3 al concurso con propuestas muy innovadoras &#8211;ha dicho que planteaban actividades que unieran la cultura andaluza y la catalana&#8211; y que gan\u00f3 en algunos aspectos, pero ha resaltado que en los criterios se puntuaba mejor la oferta econ\u00f3mica, en la que la Fecac present\u00f3 la mejor opci\u00f3n.<\/p>\n<p>Preguntado por el hecho de que la Fecac deba dinero a la Diputaci\u00f3n de Barcelona, el gerente de Recursos, Joan Linares, ha destacado que esta es una deuda de tipo patrimonial y privado por impago de alquiler de unos locales de la corporaci\u00f3n provincial, y ha dicho que este asunto no impide ganar concursos p\u00fablicos, mientras que s\u00ed lo impedir\u00edan las deudas tributarias y a la Seguridad Social.<\/p>\n<p>COORGANIZAR LA FERIA<\/p>\n<p>Asens ha lamentado que no se hayan podido coordinar las dos entidades, y ha a\u00f1adido: \u00abLo ideal ser\u00eda que la feria se coorganizara. De cara al pr\u00f3ximo a\u00f1o intentaremos esforzarnos para intentar que se pongan de acuerdo\u00bb.<\/p>\n<p>Ha dicho que es \u00abmala soluci\u00f3n tener que elegir entre dos entidades que tienen mucha experiencia\u00bb, y ha destacado que haberla adjudicado mediante concurso p\u00fablico evita que se pudiera recurrir a los tribunales, como ocurri\u00f3 en la pasada edici\u00f3n cuando la Fundaci\u00f3n demand\u00f3 a Barcelona de Serveis Municipal (B:SM) por haber rescindido su contrato y haber adjudicado a la Fecac la organizaci\u00f3n.<\/p>\n<p>\u00abEsto inaugura una nueva etapa. A partir de ahora, la Feria de Abril se har\u00e1 con criterios de transparencia y todas las dudas se disipar\u00e1n\u00bb, ha remarcado Asens, tras lo que ha explicado que podr\u00e1n fiscalizar las cuentas de la federaci\u00f3n, algo que ha asegurado que garantizar\u00e1 el prestigio de la feria.<\/p>\n<p>Sobre la investigaci\u00f3n que analiza si el expresidente de la Fecac Francisco Garc\u00eda Prieto desvi\u00f3 presuntamente 1,7 millones de la Feria de Abril, Asens ha se\u00f1alado que el Ayuntamiento estudia si hizo un mal uso tambi\u00e9n de recursos municipales y si son por lo tanto parte perjudicada: \u00abSi lo somos, tal vez nos tendremos que personar para pedir el retorno de recursos p\u00fablicos desviados\u00bb.<\/p>\n","protected":false},"excerpt":{"rendered":"<p>La Feria de Abril se celebrar\u00e1 en el parque del F\u00f2rum de Barcelona y lo har\u00e1 organizada por la Federaci\u00f3n de Entidades Culturales Andaluzas en Catalunya (Fecac), despu\u00e9s de que haya ganado el concurso p\u00fablico que convoc\u00f3 el Ayuntamiento, en el que tambi\u00e9n se present\u00f3 la Fundaci\u00f3n de la Fecac, las dos entidades que la<\/p>\n","protected":false},"author":1,"featured_media":63062,"comment_status":"open","ping_status":"closed","sticky":false,"template":"","format":"standard","meta":{"footnotes":""},"categories":[224],"tags":[],"class_list":{"0":"post-63061","1":"post","2":"type-post","3":"status-publish","4":"format-standard","5":"has-post-thumbnail","7":"category-noticias-actualidad"},"aioseo_notices":[],"aioseo_head":"\n\t\t<!-- All in One SEO Pro 4.9.6.1 - aioseo.com -->\n\t<meta name=\"description\" content=\"La Feria de Abril se celebrar\u00e1 en el parque del F\u00f2rum de Barcelona y lo har\u00e1 organizada por la Federaci\u00f3n de Entidades Culturales Andaluzas en Catalunya (Fecac), despu\u00e9s de que haya ganado el concurso p\u00fablico que convoc\u00f3 el Ayuntamiento, en el que tambi\u00e9n se present\u00f3 la Fundaci\u00f3n de la Fecac, las dos entidades que la\" \/>\n\t<meta name=\"robots\" content=\"max-image-preview:large\" \/>\n\t<meta name=\"author\" content=\"admin\"\/>\n\t<meta name=\"google-site-verification\" content=\"UA-38556648-1\" \/>\n\t<meta name=\"keywords\" content=\"noticias y actualidad\" \/>\n\t<link rel=\"canonical\" href=\"https:\/\/eldigitaldeasturias.com\/magazine365\/la-feria-de-abril-se-celebrara-en-el-parque-del-forum-de-barcelona\/\" \/>\n\t<meta name=\"generator\" content=\"All in One SEO Pro (AIOSEO) 4.9.6.1\" \/>\n\t\t<meta property=\"og:locale\" content=\"es_ES\" \/>\n\t\t<meta property=\"og:site_name\" content=\"El Digital de Asturias \u2013 Revista de ocio, turismo y estilo de vida\" \/>\n\t\t<meta property=\"og:type\" content=\"article\" \/>\n\t\t<meta property=\"og:title\" content=\"La Feria de Abril se celebrar\u00e1 en el parque del F\u00f2rum de Barcelona | El Digital de Asturias\" \/>\n\t\t<meta property=\"og:description\" content=\"La Feria de Abril se celebrar\u00e1 en el parque del F\u00f2rum de Barcelona y lo har\u00e1 organizada por la Federaci\u00f3n de Entidades Culturales Andaluzas en Catalunya (Fecac), despu\u00e9s de que haya ganado el concurso p\u00fablico que convoc\u00f3 el Ayuntamiento, en el que tambi\u00e9n se present\u00f3 la Fundaci\u00f3n de la Fecac, las dos entidades que la\" \/>\n\t\t<meta property=\"og:url\" content=\"https:\/\/eldigitaldeasturias.com\/magazine365\/la-feria-de-abril-se-celebrara-en-el-parque-del-forum-de-barcelona\/\" \/>\n\t\t<meta property=\"og:image\" content=\"https:\/\/eldigitaldeasturias.com\/magazine365\/wp-content\/uploads\/2016\/02\/fotonoticia_20160202131700_800.jpg\" \/>\n\t\t<meta property=\"og:image:secure_url\" content=\"https:\/\/eldigitaldeasturias.com\/magazine365\/wp-content\/uploads\/2016\/02\/fotonoticia_20160202131700_800.jpg\" \/>\n\t\t<meta property=\"og:image:width\" content=\"800\" \/>\n\t\t<meta property=\"og:image:height\" content=\"533\" \/>\n\t\t<meta property=\"article:published_time\" content=\"2016-02-06T04:14:40+00:00\" \/>\n\t\t<meta property=\"article:modified_time\" content=\"2016-02-06T04:14:40+00:00\" \/>\n\t\t<meta name=\"twitter:card\" content=\"summary_large_image\" \/>\n\t\t<meta name=\"twitter:title\" content=\"La Feria de Abril se celebrar\u00e1 en el parque del F\u00f2rum de Barcelona | El Digital de Asturias\" \/>\n\t\t<meta name=\"twitter:description\" content=\"La Feria de Abril se celebrar\u00e1 en el parque del F\u00f2rum de Barcelona y lo har\u00e1 organizada por la Federaci\u00f3n de Entidades Culturales Andaluzas en Catalunya (Fecac), despu\u00e9s de que haya ganado el concurso p\u00fablico que convoc\u00f3 el Ayuntamiento, en el que tambi\u00e9n se present\u00f3 la Fundaci\u00f3n de la Fecac, las dos entidades que la\" \/>\n\t\t<meta name=\"twitter:image\" content=\"https:\/\/eldigitaldeasturias.com\/magazine365\/wp-content\/uploads\/2016\/02\/fotonoticia_20160202131700_800.jpg\" \/>\n\t\t<script type=\"application\/ld+json\" class=\"aioseo-schema\">\n\t\t\t{\"@context\":\"https:\\\/\\\/schema.org\",\"@graph\":[{\"@type\":\"Article\",\"@id\":\"https:\\\/\\\/eldigitaldeasturias.com\\\/magazine365\\\/la-feria-de-abril-se-celebrara-en-el-parque-del-forum-de-barcelona\\\/#article\",\"name\":\"La Feria de Abril se celebrar\\u00e1 en el parque del F\\u00f2rum de Barcelona | El Digital de Asturias\",\"headline\":\"La Feria de Abril se celebrar\\u00e1 en el parque del F\\u00f2rum de Barcelona\",\"author\":{\"@id\":\"https:\\\/\\\/eldigitaldeasturias.com\\\/magazine365\\\/author\\\/admin\\\/#author\"},\"publisher\":{\"@id\":\"https:\\\/\\\/eldigitaldeasturias.com\\\/magazine365\\\/#organization\"},\"image\":{\"@type\":\"ImageObject\",\"url\":\"https:\\\/\\\/eldigitaldeasturias.com\\\/magazine365\\\/wp-content\\\/uploads\\\/2016\\\/02\\\/fotonoticia_20160202131700_800.jpg\",\"width\":800,\"height\":533},\"datePublished\":\"2016-02-06T05:14:40+01:00\",\"dateModified\":\"2016-02-06T05:14:40+01:00\",\"inLanguage\":\"es-ES\",\"mainEntityOfPage\":{\"@id\":\"https:\\\/\\\/eldigitaldeasturias.com\\\/magazine365\\\/la-feria-de-abril-se-celebrara-en-el-parque-del-forum-de-barcelona\\\/#webpage\"},\"isPartOf\":{\"@id\":\"https:\\\/\\\/eldigitaldeasturias.com\\\/magazine365\\\/la-feria-de-abril-se-celebrara-en-el-parque-del-forum-de-barcelona\\\/#webpage\"},\"articleSection\":\"Noticias y Actualidad\"},{\"@type\":\"BreadcrumbList\",\"@id\":\"https:\\\/\\\/eldigitaldeasturias.com\\\/magazine365\\\/la-feria-de-abril-se-celebrara-en-el-parque-del-forum-de-barcelona\\\/#breadcrumblist\",\"itemListElement\":[{\"@type\":\"ListItem\",\"@id\":\"https:\\\/\\\/eldigitaldeasturias.com\\\/magazine365#listItem\",\"position\":1,\"name\":\"Home\",\"item\":\"https:\\\/\\\/eldigitaldeasturias.com\\\/magazine365\",\"nextItem\":{\"@type\":\"ListItem\",\"@id\":\"https:\\\/\\\/eldigitaldeasturias.com\\\/magazine365\\\/category\\\/noticias-actualidad\\\/#listItem\",\"name\":\"Noticias y Actualidad\"}},{\"@type\":\"ListItem\",\"@id\":\"https:\\\/\\\/eldigitaldeasturias.com\\\/magazine365\\\/category\\\/noticias-actualidad\\\/#listItem\",\"position\":2,\"name\":\"Noticias y Actualidad\",\"item\":\"https:\\\/\\\/eldigitaldeasturias.com\\\/magazine365\\\/category\\\/noticias-actualidad\\\/\",\"nextItem\":{\"@type\":\"ListItem\",\"@id\":\"https:\\\/\\\/eldigitaldeasturias.com\\\/magazine365\\\/la-feria-de-abril-se-celebrara-en-el-parque-del-forum-de-barcelona\\\/#listItem\",\"name\":\"La Feria de Abril se celebrar\\u00e1 en el parque del F\\u00f2rum de Barcelona\"},\"previousItem\":{\"@type\":\"ListItem\",\"@id\":\"https:\\\/\\\/eldigitaldeasturias.com\\\/magazine365#listItem\",\"name\":\"Home\"}},{\"@type\":\"ListItem\",\"@id\":\"https:\\\/\\\/eldigitaldeasturias.com\\\/magazine365\\\/la-feria-de-abril-se-celebrara-en-el-parque-del-forum-de-barcelona\\\/#listItem\",\"position\":3,\"name\":\"La Feria de Abril se celebrar\\u00e1 en el parque del F\\u00f2rum de Barcelona\",\"previousItem\":{\"@type\":\"ListItem\",\"@id\":\"https:\\\/\\\/eldigitaldeasturias.com\\\/magazine365\\\/category\\\/noticias-actualidad\\\/#listItem\",\"name\":\"Noticias y Actualidad\"}}]},{\"@type\":\"Organization\",\"@id\":\"https:\\\/\\\/eldigitaldeasturias.com\\\/magazine365\\\/#organization\",\"name\":\"El digital de Asturias\",\"description\":\"Revista de ocio, turismo y estilo de vida\",\"url\":\"https:\\\/\\\/eldigitaldeasturias.com\\\/magazine365\\\/\",\"logo\":{\"@type\":\"ImageObject\",\"url\":\"https:\\\/\\\/www.eldigitaldeasturias.com\\\/noticias\\\/wp-content\\\/uploads\\\/2020\\\/12\\\/EDA.jpg\",\"@id\":\"https:\\\/\\\/eldigitaldeasturias.com\\\/magazine365\\\/la-feria-de-abril-se-celebrara-en-el-parque-del-forum-de-barcelona\\\/#organizationLogo\"},\"image\":{\"@id\":\"https:\\\/\\\/eldigitaldeasturias.com\\\/magazine365\\\/la-feria-de-abril-se-celebrara-en-el-parque-del-forum-de-barcelona\\\/#organizationLogo\"}},{\"@type\":\"Person\",\"@id\":\"https:\\\/\\\/eldigitaldeasturias.com\\\/magazine365\\\/author\\\/admin\\\/#author\",\"url\":\"https:\\\/\\\/eldigitaldeasturias.com\\\/magazine365\\\/author\\\/admin\\\/\",\"name\":\"admin\",\"image\":{\"@type\":\"ImageObject\",\"@id\":\"https:\\\/\\\/eldigitaldeasturias.com\\\/magazine365\\\/la-feria-de-abril-se-celebrara-en-el-parque-del-forum-de-barcelona\\\/#authorImage\",\"url\":\"https:\\\/\\\/eldigitaldeasturias.com\\\/magazine365\\\/wp-content\\\/litespeed\\\/avatar\\\/e571bcf59a0edd6fa6838245a470f2fe.jpg?ver=1776969259\",\"width\":96,\"height\":96,\"caption\":\"admin\"}},{\"@type\":\"WebPage\",\"@id\":\"https:\\\/\\\/eldigitaldeasturias.com\\\/magazine365\\\/la-feria-de-abril-se-celebrara-en-el-parque-del-forum-de-barcelona\\\/#webpage\",\"url\":\"https:\\\/\\\/eldigitaldeasturias.com\\\/magazine365\\\/la-feria-de-abril-se-celebrara-en-el-parque-del-forum-de-barcelona\\\/\",\"name\":\"La Feria de Abril se celebrar\\u00e1 en el parque del F\\u00f2rum de Barcelona | El Digital de Asturias\",\"description\":\"La Feria de Abril se celebrar\\u00e1 en el parque del F\\u00f2rum de Barcelona y lo har\\u00e1 organizada por la Federaci\\u00f3n de Entidades Culturales Andaluzas en Catalunya (Fecac), despu\\u00e9s de que haya ganado el concurso p\\u00fablico que convoc\\u00f3 el Ayuntamiento, en el que tambi\\u00e9n se present\\u00f3 la Fundaci\\u00f3n de la Fecac, las dos entidades que la\",\"inLanguage\":\"es-ES\",\"isPartOf\":{\"@id\":\"https:\\\/\\\/eldigitaldeasturias.com\\\/magazine365\\\/#website\"},\"breadcrumb\":{\"@id\":\"https:\\\/\\\/eldigitaldeasturias.com\\\/magazine365\\\/la-feria-de-abril-se-celebrara-en-el-parque-del-forum-de-barcelona\\\/#breadcrumblist\"},\"author\":{\"@id\":\"https:\\\/\\\/eldigitaldeasturias.com\\\/magazine365\\\/author\\\/admin\\\/#author\"},\"creator\":{\"@id\":\"https:\\\/\\\/eldigitaldeasturias.com\\\/magazine365\\\/author\\\/admin\\\/#author\"},\"image\":{\"@type\":\"ImageObject\",\"url\":\"https:\\\/\\\/eldigitaldeasturias.com\\\/magazine365\\\/wp-content\\\/uploads\\\/2016\\\/02\\\/fotonoticia_20160202131700_800.jpg\",\"@id\":\"https:\\\/\\\/eldigitaldeasturias.com\\\/magazine365\\\/la-feria-de-abril-se-celebrara-en-el-parque-del-forum-de-barcelona\\\/#mainImage\",\"width\":800,\"height\":533},\"primaryImageOfPage\":{\"@id\":\"https:\\\/\\\/eldigitaldeasturias.com\\\/magazine365\\\/la-feria-de-abril-se-celebrara-en-el-parque-del-forum-de-barcelona\\\/#mainImage\"},\"datePublished\":\"2016-02-06T05:14:40+01:00\",\"dateModified\":\"2016-02-06T05:14:40+01:00\"},{\"@type\":\"WebSite\",\"@id\":\"https:\\\/\\\/eldigitaldeasturias.com\\\/magazine365\\\/#website\",\"url\":\"https:\\\/\\\/eldigitaldeasturias.com\\\/magazine365\\\/\",\"name\":\"El Digital de Asturias\",\"description\":\"Revista de ocio, turismo y estilo de vida\",\"inLanguage\":\"es-ES\",\"publisher\":{\"@id\":\"https:\\\/\\\/eldigitaldeasturias.com\\\/magazine365\\\/#organization\"}}]}\n\t\t<\/script>\n\t\t<!-- All in One SEO Pro -->\r\n\t\t<title>La Feria de Abril se celebrar\u00e1 en el parque del F\u00f2rum de Barcelona | El Digital de Asturias<\/title>\n\n","aioseo_head_json":{"title":"La Feria de Abril se celebrar\u00e1 en el parque del F\u00f2rum de Barcelona | El Digital de Asturias","description":"La Feria de Abril se celebrar\u00e1 en el parque del F\u00f2rum de Barcelona y lo har\u00e1 organizada por la Federaci\u00f3n de Entidades Culturales Andaluzas en Catalunya (Fecac), despu\u00e9s de que haya ganado el concurso p\u00fablico que convoc\u00f3 el Ayuntamiento, en el que tambi\u00e9n se present\u00f3 la Fundaci\u00f3n de la Fecac, las dos entidades que la","canonical_url":"https:\/\/eldigitaldeasturias.com\/magazine365\/la-feria-de-abril-se-celebrara-en-el-parque-del-forum-de-barcelona\/","robots":"max-image-preview:large","keywords":"noticias y actualidad","webmasterTools":{"google-site-verification":"UA-38556648-1","miscellaneous":""},"schema":{"@context":"https:\/\/schema.org","@graph":[{"@type":"Article","@id":"https:\/\/eldigitaldeasturias.com\/magazine365\/la-feria-de-abril-se-celebrara-en-el-parque-del-forum-de-barcelona\/#article","name":"La Feria de Abril se celebrar\u00e1 en el parque del F\u00f2rum de Barcelona | El Digital de Asturias","headline":"La Feria de Abril se celebrar\u00e1 en el parque del F\u00f2rum de Barcelona","author":{"@id":"https:\/\/eldigitaldeasturias.com\/magazine365\/author\/admin\/#author"},"publisher":{"@id":"https:\/\/eldigitaldeasturias.com\/magazine365\/#organization"},"image":{"@type":"ImageObject","url":"https:\/\/eldigitaldeasturias.com\/magazine365\/wp-content\/uploads\/2016\/02\/fotonoticia_20160202131700_800.jpg","width":800,"height":533},"datePublished":"2016-02-06T05:14:40+01:00","dateModified":"2016-02-06T05:14:40+01:00","inLanguage":"es-ES","mainEntityOfPage":{"@id":"https:\/\/eldigitaldeasturias.com\/magazine365\/la-feria-de-abril-se-celebrara-en-el-parque-del-forum-de-barcelona\/#webpage"},"isPartOf":{"@id":"https:\/\/eldigitaldeasturias.com\/magazine365\/la-feria-de-abril-se-celebrara-en-el-parque-del-forum-de-barcelona\/#webpage"},"articleSection":"Noticias y Actualidad"},{"@type":"BreadcrumbList","@id":"https:\/\/eldigitaldeasturias.com\/magazine365\/la-feria-de-abril-se-celebrara-en-el-parque-del-forum-de-barcelona\/#breadcrumblist","itemListElement":[{"@type":"ListItem","@id":"https:\/\/eldigitaldeasturias.com\/magazine365#listItem","position":1,"name":"Home","item":"https:\/\/eldigitaldeasturias.com\/magazine365","nextItem":{"@type":"ListItem","@id":"https:\/\/eldigitaldeasturias.com\/magazine365\/category\/noticias-actualidad\/#listItem","name":"Noticias y Actualidad"}},{"@type":"ListItem","@id":"https:\/\/eldigitaldeasturias.com\/magazine365\/category\/noticias-actualidad\/#listItem","position":2,"name":"Noticias y Actualidad","item":"https:\/\/eldigitaldeasturias.com\/magazine365\/category\/noticias-actualidad\/","nextItem":{"@type":"ListItem","@id":"https:\/\/eldigitaldeasturias.com\/magazine365\/la-feria-de-abril-se-celebrara-en-el-parque-del-forum-de-barcelona\/#listItem","name":"La Feria de Abril se celebrar\u00e1 en el parque del F\u00f2rum de Barcelona"},"previousItem":{"@type":"ListItem","@id":"https:\/\/eldigitaldeasturias.com\/magazine365#listItem","name":"Home"}},{"@type":"ListItem","@id":"https:\/\/eldigitaldeasturias.com\/magazine365\/la-feria-de-abril-se-celebrara-en-el-parque-del-forum-de-barcelona\/#listItem","position":3,"name":"La Feria de Abril se celebrar\u00e1 en el parque del F\u00f2rum de Barcelona","previousItem":{"@type":"ListItem","@id":"https:\/\/eldigitaldeasturias.com\/magazine365\/category\/noticias-actualidad\/#listItem","name":"Noticias y Actualidad"}}]},{"@type":"Organization","@id":"https:\/\/eldigitaldeasturias.com\/magazine365\/#organization","name":"El digital de Asturias","description":"Revista de ocio, turismo y estilo de vida","url":"https:\/\/eldigitaldeasturias.com\/magazine365\/","logo":{"@type":"ImageObject","url":"https:\/\/www.eldigitaldeasturias.com\/noticias\/wp-content\/uploads\/2020\/12\/EDA.jpg","@id":"https:\/\/eldigitaldeasturias.com\/magazine365\/la-feria-de-abril-se-celebrara-en-el-parque-del-forum-de-barcelona\/#organizationLogo"},"image":{"@id":"https:\/\/eldigitaldeasturias.com\/magazine365\/la-feria-de-abril-se-celebrara-en-el-parque-del-forum-de-barcelona\/#organizationLogo"}},{"@type":"Person","@id":"https:\/\/eldigitaldeasturias.com\/magazine365\/author\/admin\/#author","url":"https:\/\/eldigitaldeasturias.com\/magazine365\/author\/admin\/","name":"admin","image":{"@type":"ImageObject","@id":"https:\/\/eldigitaldeasturias.com\/magazine365\/la-feria-de-abril-se-celebrara-en-el-parque-del-forum-de-barcelona\/#authorImage","url":"https:\/\/eldigitaldeasturias.com\/magazine365\/wp-content\/litespeed\/avatar\/e571bcf59a0edd6fa6838245a470f2fe.jpg?ver=1776969259","width":96,"height":96,"caption":"admin"}},{"@type":"WebPage","@id":"https:\/\/eldigitaldeasturias.com\/magazine365\/la-feria-de-abril-se-celebrara-en-el-parque-del-forum-de-barcelona\/#webpage","url":"https:\/\/eldigitaldeasturias.com\/magazine365\/la-feria-de-abril-se-celebrara-en-el-parque-del-forum-de-barcelona\/","name":"La Feria de Abril se celebrar\u00e1 en el parque del F\u00f2rum de Barcelona | El Digital de Asturias","description":"La Feria de Abril se celebrar\u00e1 en el parque del F\u00f2rum de Barcelona y lo har\u00e1 organizada por la Federaci\u00f3n de Entidades Culturales Andaluzas en Catalunya (Fecac), despu\u00e9s de que haya ganado el concurso p\u00fablico que convoc\u00f3 el Ayuntamiento, en el que tambi\u00e9n se present\u00f3 la Fundaci\u00f3n de la Fecac, las dos entidades que la","inLanguage":"es-ES","isPartOf":{"@id":"https:\/\/eldigitaldeasturias.com\/magazine365\/#website"},"breadcrumb":{"@id":"https:\/\/eldigitaldeasturias.com\/magazine365\/la-feria-de-abril-se-celebrara-en-el-parque-del-forum-de-barcelona\/#breadcrumblist"},"author":{"@id":"https:\/\/eldigitaldeasturias.com\/magazine365\/author\/admin\/#author"},"creator":{"@id":"https:\/\/eldigitaldeasturias.com\/magazine365\/author\/admin\/#author"},"image":{"@type":"ImageObject","url":"https:\/\/eldigitaldeasturias.com\/magazine365\/wp-content\/uploads\/2016\/02\/fotonoticia_20160202131700_800.jpg","@id":"https:\/\/eldigitaldeasturias.com\/magazine365\/la-feria-de-abril-se-celebrara-en-el-parque-del-forum-de-barcelona\/#mainImage","width":800,"height":533},"primaryImageOfPage":{"@id":"https:\/\/eldigitaldeasturias.com\/magazine365\/la-feria-de-abril-se-celebrara-en-el-parque-del-forum-de-barcelona\/#mainImage"},"datePublished":"2016-02-06T05:14:40+01:00","dateModified":"2016-02-06T05:14:40+01:00"},{"@type":"WebSite","@id":"https:\/\/eldigitaldeasturias.com\/magazine365\/#website","url":"https:\/\/eldigitaldeasturias.com\/magazine365\/","name":"El Digital de Asturias","description":"Revista de ocio, turismo y estilo de vida","inLanguage":"es-ES","publisher":{"@id":"https:\/\/eldigitaldeasturias.com\/magazine365\/#organization"}}]},"og:locale":"es_ES","og:site_name":"El Digital de Asturias \u2013 Revista de ocio, turismo y estilo de vida","og:type":"article","og:title":"La Feria de Abril se celebrar\u00e1 en el parque del F\u00f2rum de Barcelona | El Digital de Asturias","og:description":"La Feria de Abril se celebrar\u00e1 en el parque del F\u00f2rum de Barcelona y lo har\u00e1 organizada por la Federaci\u00f3n de Entidades Culturales Andaluzas en Catalunya (Fecac), despu\u00e9s de que haya ganado el concurso p\u00fablico que convoc\u00f3 el Ayuntamiento, en el que tambi\u00e9n se present\u00f3 la Fundaci\u00f3n de la Fecac, las dos entidades que la","og:url":"https:\/\/eldigitaldeasturias.com\/magazine365\/la-feria-de-abril-se-celebrara-en-el-parque-del-forum-de-barcelona\/","og:image":"https:\/\/eldigitaldeasturias.com\/magazine365\/wp-content\/uploads\/2016\/02\/fotonoticia_20160202131700_800.jpg","og:image:secure_url":"https:\/\/eldigitaldeasturias.com\/magazine365\/wp-content\/uploads\/2016\/02\/fotonoticia_20160202131700_800.jpg","og:image:width":800,"og:image:height":533,"article:published_time":"2016-02-06T04:14:40+00:00","article:modified_time":"2016-02-06T04:14:40+00:00","twitter:card":"summary_large_image","twitter:title":"La Feria de Abril se celebrar\u00e1 en el parque del F\u00f2rum de Barcelona | El Digital de Asturias","twitter:description":"La Feria de Abril se celebrar\u00e1 en el parque del F\u00f2rum de Barcelona y lo har\u00e1 organizada por la Federaci\u00f3n de Entidades Culturales Andaluzas en Catalunya (Fecac), despu\u00e9s de que haya ganado el concurso p\u00fablico que convoc\u00f3 el Ayuntamiento, en el que tambi\u00e9n se present\u00f3 la Fundaci\u00f3n de la Fecac, las dos entidades que la","twitter:image":"https:\/\/eldigitaldeasturias.com\/magazine365\/wp-content\/uploads\/2016\/02\/fotonoticia_20160202131700_800.jpg"},"aioseo_meta_data":{"post_id":"63061","title":null,"description":null,"keywords":null,"keyphrases":null,"primary_term":null,"canonical_url":null,"og_title":null,"og_description":null,"og_object_type":"default","og_image_type":"default","og_image_url":null,"og_image_width":null,"og_image_height":null,"og_image_custom_url":null,"og_image_custom_fields":null,"og_video":null,"og_custom_url":null,"og_article_section":null,"og_article_tags":null,"twitter_use_og":false,"twitter_card":"default","twitter_image_type":"default","twitter_image_url":null,"twitter_image_custom_url":null,"twitter_image_custom_fields":null,"twitter_title":null,"twitter_description":null,"schema":{"blockGraphs":[],"customGraphs":[],"default":{"data":{"Article":[],"Course":[],"Dataset":[],"FAQPage":[],"Movie":[],"Person":[],"Product":[],"ProductReview":[],"Car":[],"Recipe":[],"Service":[],"SoftwareApplication":[],"WebPage":[]},"graphName":"","isEnabled":true},"graphs":[],"defaultGraph":"","defaultPostTypeGraph":""},"schema_type":null,"schema_type_options":null,"pillar_content":false,"robots_default":true,"robots_noindex":false,"robots_noarchive":false,"robots_nosnippet":false,"robots_nofollow":false,"robots_noimageindex":false,"robots_noodp":false,"robots_notranslate":false,"robots_max_snippet":null,"robots_max_videopreview":null,"robots_max_imagepreview":"large","priority":null,"frequency":null,"location":null,"local_seo":null,"seo_analyzer_scan_date":"2025-09-25 12:24:54","breadcrumb_settings":null,"limit_modified_date":false,"open_ai":null,"ai":null,"created":"2021-03-08 21:28:01","updated":"2025-09-25 12:24:54"},"aioseo_breadcrumb":"<div class=\"aioseo-breadcrumbs\"><span class=\"aioseo-breadcrumb\">\n\t<a href=\"https:\/\/eldigitaldeasturias.com\/magazine365\" title=\"Home\">Home<\/a>\n<\/span><span class=\"aioseo-breadcrumb-separator\">\u2013<\/span><span class=\"aioseo-breadcrumb\">\n\t<a href=\"https:\/\/eldigitaldeasturias.com\/magazine365\/category\/noticias-actualidad\/\" title=\"Noticias y Actualidad\">Noticias y Actualidad<\/a>\n<\/span><span class=\"aioseo-breadcrumb-separator\">\u2013<\/span><span class=\"aioseo-breadcrumb\">\n\t<a href=\"https:\/\/eldigitaldeasturias.com\/magazine365\/la-feria-de-abril-se-celebrara-en-el-parque-del-forum-de-barcelona\/\" title=\"La Feria de Abril se celebrar\u00e1 en el parque del F\u00f2rum de Barcelona\">La Feria de Abril se celebrar\u00e1 en el parque del F\u00f2rum de Barcelona<\/a>\n<\/span><\/div>","aioseo_breadcrumb_json":[{"label":"Home","link":"https:\/\/eldigitaldeasturias.com\/magazine365"},{"label":"Noticias y Actualidad","link":"https:\/\/eldigitaldeasturias.com\/magazine365\/category\/noticias-actualidad\/"},{"label":"La Feria de Abril se celebrar\u00e1 en el parque del F\u00f2rum de Barcelona","link":"https:\/\/eldigitaldeasturias.com\/magazine365\/la-feria-de-abril-se-celebrara-en-el-parque-del-forum-de-barcelona\/"}],"_links":{"self":[{"href":"https:\/\/eldigitaldeasturias.com\/magazine365\/wp-json\/wp\/v2\/posts\/63061","targetHints":{"allow":["GET"]}}],"collection":[{"href":"https:\/\/eldigitaldeasturias.com\/magazine365\/wp-json\/wp\/v2\/posts"}],"about":[{"href":"https:\/\/eldigitaldeasturias.com\/magazine365\/wp-json\/wp\/v2\/types\/post"}],"author":[{"embeddable":true,"href":"https:\/\/eldigitaldeasturias.com\/magazine365\/wp-json\/wp\/v2\/users\/1"}],"replies":[{"embeddable":true,"href":"https:\/\/eldigitaldeasturias.com\/magazine365\/wp-json\/wp\/v2\/comments?post=63061"}],"version-history":[{"count":0,"href":"https:\/\/eldigitaldeasturias.com\/magazine365\/wp-json\/wp\/v2\/posts\/63061\/revisions"}],"wp:featuredmedia":[{"embeddable":true,"href":"https:\/\/eldigitaldeasturias.com\/magazine365\/wp-json\/wp\/v2\/media\/63062"}],"wp:attachment":[{"href":"https:\/\/eldigitaldeasturias.com\/magazine365\/wp-json\/wp\/v2\/media?parent=63061"}],"wp:term":[{"taxonomy":"category","embeddable":true,"href":"https:\/\/eldigitaldeasturias.com\/magazine365\/wp-json\/wp\/v2\/categories?post=63061"},{"taxonomy":"post_tag","embeddable":true,"href":"https:\/\/eldigitaldeasturias.com\/magazine365\/wp-json\/wp\/v2\/tags?post=63061"}],"curies":[{"name":"wp","href":"https:\/\/api.w.org\/{rel}","templated":true}]}}