{"id":63058,"date":"2016-02-06T05:10:59","date_gmt":"2016-02-06T04:10:59","guid":{"rendered":"http:\/\/eldigitaldeasturias.com\/magazine365\/?p=63058"},"modified":"2016-02-06T05:10:59","modified_gmt":"2016-02-06T04:10:59","slug":"el-dia-de-la-tortilla-se-celebra-en-el-parque-de-las-veredillas-en-torrejon","status":"publish","type":"post","link":"https:\/\/eldigitaldeasturias.com\/magazine365\/el-dia-de-la-tortilla-se-celebra-en-el-parque-de-las-veredillas-en-torrejon\/","title":{"rendered":"El D\u00eda de la Tortilla se celebra en el parque de Las Veredillas en Torrej\u00f3n"},"content":{"rendered":"<p><img fetchpriority=\"high\" decoding=\"async\" class=\"alignleft size-medium wp-image-63059\" src=\"https:\/\/eldigitaldeasturias.com\/magazine365\/wp-content\/uploads\/2016\/02\/fotonoticia_20160202131001_800-360x240.jpg\" alt=\"fotonoticia_20160202131001_800\" width=\"360\" height=\"240\" srcset=\"https:\/\/eldigitaldeasturias.com\/magazine365\/wp-content\/uploads\/2016\/02\/fotonoticia_20160202131001_800-360x240.jpg 360w, https:\/\/eldigitaldeasturias.com\/magazine365\/wp-content\/uploads\/2016\/02\/fotonoticia_20160202131001_800-650x433.jpg 650w, https:\/\/eldigitaldeasturias.com\/magazine365\/wp-content\/uploads\/2016\/02\/fotonoticia_20160202131001_800-768x512.jpg 768w, https:\/\/eldigitaldeasturias.com\/magazine365\/wp-content\/uploads\/2016\/02\/fotonoticia_20160202131001_800-150x100.jpg 150w, https:\/\/eldigitaldeasturias.com\/magazine365\/wp-content\/uploads\/2016\/02\/fotonoticia_20160202131001_800-450x300.jpg 450w, https:\/\/eldigitaldeasturias.com\/magazine365\/wp-content\/uploads\/2016\/02\/fotonoticia_20160202131001_800-696x464.jpg 696w, https:\/\/eldigitaldeasturias.com\/magazine365\/wp-content\/uploads\/2016\/02\/fotonoticia_20160202131001_800-630x420.jpg 630w, https:\/\/eldigitaldeasturias.com\/magazine365\/wp-content\/uploads\/2016\/02\/fotonoticia_20160202131001_800-101x66.jpg 101w, https:\/\/eldigitaldeasturias.com\/magazine365\/wp-content\/uploads\/2016\/02\/fotonoticia_20160202131001_800.jpg 800w\" sizes=\"(max-width: 360px) 100vw, 360px\" \/>El D\u00eda de la Tortilla de Torrej\u00f3n de Ardoz se celebra un a\u00f1o m\u00e1s este mi\u00e9rcoles pero con una novedad ya que tendr\u00e1 lugar en el parque de Las Veredillas, en la avenida de Madrid, ha informado el Ayuntamiento en un comunicado.<\/p>\n<p>El emplazamiento ha sido elegido por coincidir con el mercadillo de los mi\u00e9rcoles. Adem\u00e1s tendr\u00e1n lugar numerosas actividades dirigidas al p\u00fablico de todas las edades y algunas novedades, entre ellas los cuentos tradicionales.<\/p>\n<p>Un a\u00f1o m\u00e1s volver\u00e1n el Tren de la Tortilla, los juegos de pistola l\u00e1ser, las zonas infantiles, el reparto gratuito de zumo de naranja o el tradicional campeonato de petanca, entre otras. Tambi\u00e9n cabe destacar las actividades deportivas, como la clase de zumba, campeonato 3&#215;3 de baloncesto o las partidas simult\u00e1neas de ajedrez.<\/p>\n<p>El XV concurso de tortillas Pep\u00edn Fern\u00e1ndez ser\u00e1 uno de los actos centrales de la jornada. Los \u00fanicos requisitos imprescindibles para apuntarse es ser mayor de 16 a\u00f1os y que las tortillas tengan como ingredientes b\u00e1sicos el huevo y la patata.<\/p>\n<p>La inscripci\u00f3n ser\u00e1 de 13 a 15 horas en un espacio habilitado junto al escenario. A la hora de juzgar las mejores tortillas se valorar\u00e1 la originalidad en la presentaci\u00f3n, composici\u00f3n y sabor. Se entregar\u00e1n tres premios de 150, 75 y 50 euros.<\/p>\n<p>El alcalde de Torrej\u00f3n, Ignacio V\u00e1zquez, ha agradecido p\u00fablicamente \u00aba todas las empresas que han colaborado para realizar las diferentes actividades relacionadas con el D\u00eda de la Tortilla, as\u00ed como el esfuerzo que realizan las asociaciones y colectivos que comparten sus tortillas y dem\u00e1s productos con los vecinos ya que gracias a ellos la tradici\u00f3n de este d\u00eda sigue viva\u00bb.<\/p>\n<p>El Ayuntamiento recomienda utilizar el transporte p\u00fablico y a los que usen el coche particular les ha recordado que existe una amplia zona de estacionamiento en la trasera del parque de Las Veredillas, en Ronda Norte-calle Brasil.<\/p>\n","protected":false},"excerpt":{"rendered":"<p>El D\u00eda de la Tortilla de Torrej\u00f3n de Ardoz se celebra un a\u00f1o m\u00e1s este mi\u00e9rcoles pero con una novedad ya que tendr\u00e1 lugar en el parque de Las Veredillas, en la avenida de Madrid, ha informado el Ayuntamiento en un comunicado. El emplazamiento ha sido elegido por coincidir con el mercadillo de los mi\u00e9rcoles.<\/p>\n","protected":false},"author":1,"featured_media":63059,"comment_status":"open","ping_status":"closed","sticky":false,"template":"","format":"standard","meta":{"footnotes":""},"categories":[224],"tags":[],"class_list":{"0":"post-63058","1":"post","2":"type-post","3":"status-publish","4":"format-standard","5":"has-post-thumbnail","7":"category-noticias-actualidad"},"aioseo_notices":[],"aioseo_head":"\n\t\t<!-- All in One SEO Pro 4.9.6.1 - aioseo.com -->\n\t<meta name=\"description\" content=\"El D\u00eda de la Tortilla de Torrej\u00f3n de Ardoz se celebra un a\u00f1o m\u00e1s este mi\u00e9rcoles pero con una novedad ya que tendr\u00e1 lugar en el parque de Las Veredillas, en la avenida de Madrid, ha informado el Ayuntamiento en un comunicado. El emplazamiento ha sido elegido por coincidir con el mercadillo de los mi\u00e9rcoles.\" \/>\n\t<meta name=\"robots\" content=\"max-image-preview:large\" \/>\n\t<meta name=\"author\" content=\"admin\"\/>\n\t<meta name=\"google-site-verification\" content=\"UA-38556648-1\" \/>\n\t<meta name=\"keywords\" content=\"noticias y actualidad\" \/>\n\t<link rel=\"canonical\" href=\"https:\/\/eldigitaldeasturias.com\/magazine365\/el-dia-de-la-tortilla-se-celebra-en-el-parque-de-las-veredillas-en-torrejon\/\" \/>\n\t<meta name=\"generator\" content=\"All in One SEO Pro (AIOSEO) 4.9.6.1\" \/>\n\t\t<meta property=\"og:locale\" content=\"es_ES\" \/>\n\t\t<meta property=\"og:site_name\" content=\"El Digital de Asturias \u2013 Revista de ocio, turismo y estilo de vida\" \/>\n\t\t<meta property=\"og:type\" content=\"article\" \/>\n\t\t<meta property=\"og:title\" content=\"El D\u00eda de la Tortilla se celebra en el parque de Las Veredillas en Torrej\u00f3n | El Digital de Asturias\" \/>\n\t\t<meta property=\"og:description\" content=\"El D\u00eda de la Tortilla de Torrej\u00f3n de Ardoz se celebra un a\u00f1o m\u00e1s este mi\u00e9rcoles pero con una novedad ya que tendr\u00e1 lugar en el parque de Las Veredillas, en la avenida de Madrid, ha informado el Ayuntamiento en un comunicado. El emplazamiento ha sido elegido por coincidir con el mercadillo de los mi\u00e9rcoles.\" \/>\n\t\t<meta property=\"og:url\" content=\"https:\/\/eldigitaldeasturias.com\/magazine365\/el-dia-de-la-tortilla-se-celebra-en-el-parque-de-las-veredillas-en-torrejon\/\" \/>\n\t\t<meta property=\"og:image\" content=\"https:\/\/eldigitaldeasturias.com\/magazine365\/wp-content\/uploads\/2016\/02\/fotonoticia_20160202131001_800.jpg\" \/>\n\t\t<meta property=\"og:image:secure_url\" content=\"https:\/\/eldigitaldeasturias.com\/magazine365\/wp-content\/uploads\/2016\/02\/fotonoticia_20160202131001_800.jpg\" \/>\n\t\t<meta property=\"og:image:width\" content=\"800\" \/>\n\t\t<meta property=\"og:image:height\" content=\"533\" \/>\n\t\t<meta property=\"article:published_time\" content=\"2016-02-06T04:10:59+00:00\" \/>\n\t\t<meta property=\"article:modified_time\" content=\"2016-02-06T04:10:59+00:00\" \/>\n\t\t<meta name=\"twitter:card\" content=\"summary_large_image\" \/>\n\t\t<meta name=\"twitter:title\" content=\"El D\u00eda de la Tortilla se celebra en el parque de Las Veredillas en Torrej\u00f3n | El Digital de Asturias\" \/>\n\t\t<meta name=\"twitter:description\" content=\"El D\u00eda de la Tortilla de Torrej\u00f3n de Ardoz se celebra un a\u00f1o m\u00e1s este mi\u00e9rcoles pero con una novedad ya que tendr\u00e1 lugar en el parque de Las Veredillas, en la avenida de Madrid, ha informado el Ayuntamiento en un comunicado. El emplazamiento ha sido elegido por coincidir con el mercadillo de los mi\u00e9rcoles.\" \/>\n\t\t<meta name=\"twitter:image\" content=\"https:\/\/eldigitaldeasturias.com\/magazine365\/wp-content\/uploads\/2016\/02\/fotonoticia_20160202131001_800.jpg\" \/>\n\t\t<script type=\"application\/ld+json\" class=\"aioseo-schema\">\n\t\t\t{\"@context\":\"https:\\\/\\\/schema.org\",\"@graph\":[{\"@type\":\"Article\",\"@id\":\"https:\\\/\\\/eldigitaldeasturias.com\\\/magazine365\\\/el-dia-de-la-tortilla-se-celebra-en-el-parque-de-las-veredillas-en-torrejon\\\/#article\",\"name\":\"El D\\u00eda de la Tortilla se celebra en el parque de Las Veredillas en Torrej\\u00f3n | El Digital de Asturias\",\"headline\":\"El D\\u00eda de la Tortilla se celebra en el parque de Las Veredillas en Torrej\\u00f3n\",\"author\":{\"@id\":\"https:\\\/\\\/eldigitaldeasturias.com\\\/magazine365\\\/author\\\/admin\\\/#author\"},\"publisher\":{\"@id\":\"https:\\\/\\\/eldigitaldeasturias.com\\\/magazine365\\\/#organization\"},\"image\":{\"@type\":\"ImageObject\",\"url\":\"https:\\\/\\\/eldigitaldeasturias.com\\\/magazine365\\\/wp-content\\\/uploads\\\/2016\\\/02\\\/fotonoticia_20160202131001_800.jpg\",\"width\":800,\"height\":533},\"datePublished\":\"2016-02-06T05:10:59+01:00\",\"dateModified\":\"2016-02-06T05:10:59+01:00\",\"inLanguage\":\"es-ES\",\"mainEntityOfPage\":{\"@id\":\"https:\\\/\\\/eldigitaldeasturias.com\\\/magazine365\\\/el-dia-de-la-tortilla-se-celebra-en-el-parque-de-las-veredillas-en-torrejon\\\/#webpage\"},\"isPartOf\":{\"@id\":\"https:\\\/\\\/eldigitaldeasturias.com\\\/magazine365\\\/el-dia-de-la-tortilla-se-celebra-en-el-parque-de-las-veredillas-en-torrejon\\\/#webpage\"},\"articleSection\":\"Noticias y Actualidad\"},{\"@type\":\"BreadcrumbList\",\"@id\":\"https:\\\/\\\/eldigitaldeasturias.com\\\/magazine365\\\/el-dia-de-la-tortilla-se-celebra-en-el-parque-de-las-veredillas-en-torrejon\\\/#breadcrumblist\",\"itemListElement\":[{\"@type\":\"ListItem\",\"@id\":\"https:\\\/\\\/eldigitaldeasturias.com\\\/magazine365#listItem\",\"position\":1,\"name\":\"Home\",\"item\":\"https:\\\/\\\/eldigitaldeasturias.com\\\/magazine365\",\"nextItem\":{\"@type\":\"ListItem\",\"@id\":\"https:\\\/\\\/eldigitaldeasturias.com\\\/magazine365\\\/category\\\/noticias-actualidad\\\/#listItem\",\"name\":\"Noticias y Actualidad\"}},{\"@type\":\"ListItem\",\"@id\":\"https:\\\/\\\/eldigitaldeasturias.com\\\/magazine365\\\/category\\\/noticias-actualidad\\\/#listItem\",\"position\":2,\"name\":\"Noticias y Actualidad\",\"item\":\"https:\\\/\\\/eldigitaldeasturias.com\\\/magazine365\\\/category\\\/noticias-actualidad\\\/\",\"nextItem\":{\"@type\":\"ListItem\",\"@id\":\"https:\\\/\\\/eldigitaldeasturias.com\\\/magazine365\\\/el-dia-de-la-tortilla-se-celebra-en-el-parque-de-las-veredillas-en-torrejon\\\/#listItem\",\"name\":\"El D\\u00eda de la Tortilla se celebra en el parque de Las Veredillas en Torrej\\u00f3n\"},\"previousItem\":{\"@type\":\"ListItem\",\"@id\":\"https:\\\/\\\/eldigitaldeasturias.com\\\/magazine365#listItem\",\"name\":\"Home\"}},{\"@type\":\"ListItem\",\"@id\":\"https:\\\/\\\/eldigitaldeasturias.com\\\/magazine365\\\/el-dia-de-la-tortilla-se-celebra-en-el-parque-de-las-veredillas-en-torrejon\\\/#listItem\",\"position\":3,\"name\":\"El D\\u00eda de la Tortilla se celebra en el parque de Las Veredillas en Torrej\\u00f3n\",\"previousItem\":{\"@type\":\"ListItem\",\"@id\":\"https:\\\/\\\/eldigitaldeasturias.com\\\/magazine365\\\/category\\\/noticias-actualidad\\\/#listItem\",\"name\":\"Noticias y Actualidad\"}}]},{\"@type\":\"Organization\",\"@id\":\"https:\\\/\\\/eldigitaldeasturias.com\\\/magazine365\\\/#organization\",\"name\":\"El digital de Asturias\",\"description\":\"Revista de ocio, turismo y estilo de vida\",\"url\":\"https:\\\/\\\/eldigitaldeasturias.com\\\/magazine365\\\/\",\"logo\":{\"@type\":\"ImageObject\",\"url\":\"https:\\\/\\\/www.eldigitaldeasturias.com\\\/noticias\\\/wp-content\\\/uploads\\\/2020\\\/12\\\/EDA.jpg\",\"@id\":\"https:\\\/\\\/eldigitaldeasturias.com\\\/magazine365\\\/el-dia-de-la-tortilla-se-celebra-en-el-parque-de-las-veredillas-en-torrejon\\\/#organizationLogo\"},\"image\":{\"@id\":\"https:\\\/\\\/eldigitaldeasturias.com\\\/magazine365\\\/el-dia-de-la-tortilla-se-celebra-en-el-parque-de-las-veredillas-en-torrejon\\\/#organizationLogo\"}},{\"@type\":\"Person\",\"@id\":\"https:\\\/\\\/eldigitaldeasturias.com\\\/magazine365\\\/author\\\/admin\\\/#author\",\"url\":\"https:\\\/\\\/eldigitaldeasturias.com\\\/magazine365\\\/author\\\/admin\\\/\",\"name\":\"admin\",\"image\":{\"@type\":\"ImageObject\",\"@id\":\"https:\\\/\\\/eldigitaldeasturias.com\\\/magazine365\\\/el-dia-de-la-tortilla-se-celebra-en-el-parque-de-las-veredillas-en-torrejon\\\/#authorImage\",\"url\":\"https:\\\/\\\/eldigitaldeasturias.com\\\/magazine365\\\/wp-content\\\/litespeed\\\/avatar\\\/e571bcf59a0edd6fa6838245a470f2fe.jpg?ver=1776969259\",\"width\":96,\"height\":96,\"caption\":\"admin\"}},{\"@type\":\"WebPage\",\"@id\":\"https:\\\/\\\/eldigitaldeasturias.com\\\/magazine365\\\/el-dia-de-la-tortilla-se-celebra-en-el-parque-de-las-veredillas-en-torrejon\\\/#webpage\",\"url\":\"https:\\\/\\\/eldigitaldeasturias.com\\\/magazine365\\\/el-dia-de-la-tortilla-se-celebra-en-el-parque-de-las-veredillas-en-torrejon\\\/\",\"name\":\"El D\\u00eda de la Tortilla se celebra en el parque de Las Veredillas en Torrej\\u00f3n | El Digital de Asturias\",\"description\":\"El D\\u00eda de la Tortilla de Torrej\\u00f3n de Ardoz se celebra un a\\u00f1o m\\u00e1s este mi\\u00e9rcoles pero con una novedad ya que tendr\\u00e1 lugar en el parque de Las Veredillas, en la avenida de Madrid, ha informado el Ayuntamiento en un comunicado. El emplazamiento ha sido elegido por coincidir con el mercadillo de los mi\\u00e9rcoles.\",\"inLanguage\":\"es-ES\",\"isPartOf\":{\"@id\":\"https:\\\/\\\/eldigitaldeasturias.com\\\/magazine365\\\/#website\"},\"breadcrumb\":{\"@id\":\"https:\\\/\\\/eldigitaldeasturias.com\\\/magazine365\\\/el-dia-de-la-tortilla-se-celebra-en-el-parque-de-las-veredillas-en-torrejon\\\/#breadcrumblist\"},\"author\":{\"@id\":\"https:\\\/\\\/eldigitaldeasturias.com\\\/magazine365\\\/author\\\/admin\\\/#author\"},\"creator\":{\"@id\":\"https:\\\/\\\/eldigitaldeasturias.com\\\/magazine365\\\/author\\\/admin\\\/#author\"},\"image\":{\"@type\":\"ImageObject\",\"url\":\"https:\\\/\\\/eldigitaldeasturias.com\\\/magazine365\\\/wp-content\\\/uploads\\\/2016\\\/02\\\/fotonoticia_20160202131001_800.jpg\",\"@id\":\"https:\\\/\\\/eldigitaldeasturias.com\\\/magazine365\\\/el-dia-de-la-tortilla-se-celebra-en-el-parque-de-las-veredillas-en-torrejon\\\/#mainImage\",\"width\":800,\"height\":533},\"primaryImageOfPage\":{\"@id\":\"https:\\\/\\\/eldigitaldeasturias.com\\\/magazine365\\\/el-dia-de-la-tortilla-se-celebra-en-el-parque-de-las-veredillas-en-torrejon\\\/#mainImage\"},\"datePublished\":\"2016-02-06T05:10:59+01:00\",\"dateModified\":\"2016-02-06T05:10:59+01:00\"},{\"@type\":\"WebSite\",\"@id\":\"https:\\\/\\\/eldigitaldeasturias.com\\\/magazine365\\\/#website\",\"url\":\"https:\\\/\\\/eldigitaldeasturias.com\\\/magazine365\\\/\",\"name\":\"El Digital de Asturias\",\"description\":\"Revista de ocio, turismo y estilo de vida\",\"inLanguage\":\"es-ES\",\"publisher\":{\"@id\":\"https:\\\/\\\/eldigitaldeasturias.com\\\/magazine365\\\/#organization\"}}]}\n\t\t<\/script>\n\t\t<!-- All in One SEO Pro -->\r\n\t\t<title>El D\u00eda de la Tortilla se celebra en el parque de Las Veredillas en Torrej\u00f3n | El Digital de Asturias<\/title>\n\n","aioseo_head_json":{"title":"El D\u00eda de la Tortilla se celebra en el parque de Las Veredillas en Torrej\u00f3n | El Digital de Asturias","description":"El D\u00eda de la Tortilla de Torrej\u00f3n de Ardoz se celebra un a\u00f1o m\u00e1s este mi\u00e9rcoles pero con una novedad ya que tendr\u00e1 lugar en el parque de Las Veredillas, en la avenida de Madrid, ha informado el Ayuntamiento en un comunicado. El emplazamiento ha sido elegido por coincidir con el mercadillo de los mi\u00e9rcoles.","canonical_url":"https:\/\/eldigitaldeasturias.com\/magazine365\/el-dia-de-la-tortilla-se-celebra-en-el-parque-de-las-veredillas-en-torrejon\/","robots":"max-image-preview:large","keywords":"noticias y actualidad","webmasterTools":{"google-site-verification":"UA-38556648-1","miscellaneous":""},"schema":{"@context":"https:\/\/schema.org","@graph":[{"@type":"Article","@id":"https:\/\/eldigitaldeasturias.com\/magazine365\/el-dia-de-la-tortilla-se-celebra-en-el-parque-de-las-veredillas-en-torrejon\/#article","name":"El D\u00eda de la Tortilla se celebra en el parque de Las Veredillas en Torrej\u00f3n | El Digital de Asturias","headline":"El D\u00eda de la Tortilla se celebra en el parque de Las Veredillas en Torrej\u00f3n","author":{"@id":"https:\/\/eldigitaldeasturias.com\/magazine365\/author\/admin\/#author"},"publisher":{"@id":"https:\/\/eldigitaldeasturias.com\/magazine365\/#organization"},"image":{"@type":"ImageObject","url":"https:\/\/eldigitaldeasturias.com\/magazine365\/wp-content\/uploads\/2016\/02\/fotonoticia_20160202131001_800.jpg","width":800,"height":533},"datePublished":"2016-02-06T05:10:59+01:00","dateModified":"2016-02-06T05:10:59+01:00","inLanguage":"es-ES","mainEntityOfPage":{"@id":"https:\/\/eldigitaldeasturias.com\/magazine365\/el-dia-de-la-tortilla-se-celebra-en-el-parque-de-las-veredillas-en-torrejon\/#webpage"},"isPartOf":{"@id":"https:\/\/eldigitaldeasturias.com\/magazine365\/el-dia-de-la-tortilla-se-celebra-en-el-parque-de-las-veredillas-en-torrejon\/#webpage"},"articleSection":"Noticias y Actualidad"},{"@type":"BreadcrumbList","@id":"https:\/\/eldigitaldeasturias.com\/magazine365\/el-dia-de-la-tortilla-se-celebra-en-el-parque-de-las-veredillas-en-torrejon\/#breadcrumblist","itemListElement":[{"@type":"ListItem","@id":"https:\/\/eldigitaldeasturias.com\/magazine365#listItem","position":1,"name":"Home","item":"https:\/\/eldigitaldeasturias.com\/magazine365","nextItem":{"@type":"ListItem","@id":"https:\/\/eldigitaldeasturias.com\/magazine365\/category\/noticias-actualidad\/#listItem","name":"Noticias y Actualidad"}},{"@type":"ListItem","@id":"https:\/\/eldigitaldeasturias.com\/magazine365\/category\/noticias-actualidad\/#listItem","position":2,"name":"Noticias y Actualidad","item":"https:\/\/eldigitaldeasturias.com\/magazine365\/category\/noticias-actualidad\/","nextItem":{"@type":"ListItem","@id":"https:\/\/eldigitaldeasturias.com\/magazine365\/el-dia-de-la-tortilla-se-celebra-en-el-parque-de-las-veredillas-en-torrejon\/#listItem","name":"El D\u00eda de la Tortilla se celebra en el parque de Las Veredillas en Torrej\u00f3n"},"previousItem":{"@type":"ListItem","@id":"https:\/\/eldigitaldeasturias.com\/magazine365#listItem","name":"Home"}},{"@type":"ListItem","@id":"https:\/\/eldigitaldeasturias.com\/magazine365\/el-dia-de-la-tortilla-se-celebra-en-el-parque-de-las-veredillas-en-torrejon\/#listItem","position":3,"name":"El D\u00eda de la Tortilla se celebra en el parque de Las Veredillas en Torrej\u00f3n","previousItem":{"@type":"ListItem","@id":"https:\/\/eldigitaldeasturias.com\/magazine365\/category\/noticias-actualidad\/#listItem","name":"Noticias y Actualidad"}}]},{"@type":"Organization","@id":"https:\/\/eldigitaldeasturias.com\/magazine365\/#organization","name":"El digital de Asturias","description":"Revista de ocio, turismo y estilo de vida","url":"https:\/\/eldigitaldeasturias.com\/magazine365\/","logo":{"@type":"ImageObject","url":"https:\/\/www.eldigitaldeasturias.com\/noticias\/wp-content\/uploads\/2020\/12\/EDA.jpg","@id":"https:\/\/eldigitaldeasturias.com\/magazine365\/el-dia-de-la-tortilla-se-celebra-en-el-parque-de-las-veredillas-en-torrejon\/#organizationLogo"},"image":{"@id":"https:\/\/eldigitaldeasturias.com\/magazine365\/el-dia-de-la-tortilla-se-celebra-en-el-parque-de-las-veredillas-en-torrejon\/#organizationLogo"}},{"@type":"Person","@id":"https:\/\/eldigitaldeasturias.com\/magazine365\/author\/admin\/#author","url":"https:\/\/eldigitaldeasturias.com\/magazine365\/author\/admin\/","name":"admin","image":{"@type":"ImageObject","@id":"https:\/\/eldigitaldeasturias.com\/magazine365\/el-dia-de-la-tortilla-se-celebra-en-el-parque-de-las-veredillas-en-torrejon\/#authorImage","url":"https:\/\/eldigitaldeasturias.com\/magazine365\/wp-content\/litespeed\/avatar\/e571bcf59a0edd6fa6838245a470f2fe.jpg?ver=1776969259","width":96,"height":96,"caption":"admin"}},{"@type":"WebPage","@id":"https:\/\/eldigitaldeasturias.com\/magazine365\/el-dia-de-la-tortilla-se-celebra-en-el-parque-de-las-veredillas-en-torrejon\/#webpage","url":"https:\/\/eldigitaldeasturias.com\/magazine365\/el-dia-de-la-tortilla-se-celebra-en-el-parque-de-las-veredillas-en-torrejon\/","name":"El D\u00eda de la Tortilla se celebra en el parque de Las Veredillas en Torrej\u00f3n | El Digital de Asturias","description":"El D\u00eda de la Tortilla de Torrej\u00f3n de Ardoz se celebra un a\u00f1o m\u00e1s este mi\u00e9rcoles pero con una novedad ya que tendr\u00e1 lugar en el parque de Las Veredillas, en la avenida de Madrid, ha informado el Ayuntamiento en un comunicado. El emplazamiento ha sido elegido por coincidir con el mercadillo de los mi\u00e9rcoles.","inLanguage":"es-ES","isPartOf":{"@id":"https:\/\/eldigitaldeasturias.com\/magazine365\/#website"},"breadcrumb":{"@id":"https:\/\/eldigitaldeasturias.com\/magazine365\/el-dia-de-la-tortilla-se-celebra-en-el-parque-de-las-veredillas-en-torrejon\/#breadcrumblist"},"author":{"@id":"https:\/\/eldigitaldeasturias.com\/magazine365\/author\/admin\/#author"},"creator":{"@id":"https:\/\/eldigitaldeasturias.com\/magazine365\/author\/admin\/#author"},"image":{"@type":"ImageObject","url":"https:\/\/eldigitaldeasturias.com\/magazine365\/wp-content\/uploads\/2016\/02\/fotonoticia_20160202131001_800.jpg","@id":"https:\/\/eldigitaldeasturias.com\/magazine365\/el-dia-de-la-tortilla-se-celebra-en-el-parque-de-las-veredillas-en-torrejon\/#mainImage","width":800,"height":533},"primaryImageOfPage":{"@id":"https:\/\/eldigitaldeasturias.com\/magazine365\/el-dia-de-la-tortilla-se-celebra-en-el-parque-de-las-veredillas-en-torrejon\/#mainImage"},"datePublished":"2016-02-06T05:10:59+01:00","dateModified":"2016-02-06T05:10:59+01:00"},{"@type":"WebSite","@id":"https:\/\/eldigitaldeasturias.com\/magazine365\/#website","url":"https:\/\/eldigitaldeasturias.com\/magazine365\/","name":"El Digital de Asturias","description":"Revista de ocio, turismo y estilo de vida","inLanguage":"es-ES","publisher":{"@id":"https:\/\/eldigitaldeasturias.com\/magazine365\/#organization"}}]},"og:locale":"es_ES","og:site_name":"El Digital de Asturias \u2013 Revista de ocio, turismo y estilo de vida","og:type":"article","og:title":"El D\u00eda de la Tortilla se celebra en el parque de Las Veredillas en Torrej\u00f3n | El Digital de Asturias","og:description":"El D\u00eda de la Tortilla de Torrej\u00f3n de Ardoz se celebra un a\u00f1o m\u00e1s este mi\u00e9rcoles pero con una novedad ya que tendr\u00e1 lugar en el parque de Las Veredillas, en la avenida de Madrid, ha informado el Ayuntamiento en un comunicado. El emplazamiento ha sido elegido por coincidir con el mercadillo de los mi\u00e9rcoles.","og:url":"https:\/\/eldigitaldeasturias.com\/magazine365\/el-dia-de-la-tortilla-se-celebra-en-el-parque-de-las-veredillas-en-torrejon\/","og:image":"https:\/\/eldigitaldeasturias.com\/magazine365\/wp-content\/uploads\/2016\/02\/fotonoticia_20160202131001_800.jpg","og:image:secure_url":"https:\/\/eldigitaldeasturias.com\/magazine365\/wp-content\/uploads\/2016\/02\/fotonoticia_20160202131001_800.jpg","og:image:width":800,"og:image:height":533,"article:published_time":"2016-02-06T04:10:59+00:00","article:modified_time":"2016-02-06T04:10:59+00:00","twitter:card":"summary_large_image","twitter:title":"El D\u00eda de la Tortilla se celebra en el parque de Las Veredillas en Torrej\u00f3n | El Digital de Asturias","twitter:description":"El D\u00eda de la Tortilla de Torrej\u00f3n de Ardoz se celebra un a\u00f1o m\u00e1s este mi\u00e9rcoles pero con una novedad ya que tendr\u00e1 lugar en el parque de Las Veredillas, en la avenida de Madrid, ha informado el Ayuntamiento en un comunicado. El emplazamiento ha sido elegido por coincidir con el mercadillo de los mi\u00e9rcoles.","twitter:image":"https:\/\/eldigitaldeasturias.com\/magazine365\/wp-content\/uploads\/2016\/02\/fotonoticia_20160202131001_800.jpg"},"aioseo_meta_data":{"post_id":"63058","title":null,"description":null,"keywords":null,"keyphrases":null,"primary_term":null,"canonical_url":null,"og_title":null,"og_description":null,"og_object_type":"default","og_image_type":"default","og_image_url":null,"og_image_width":null,"og_image_height":null,"og_image_custom_url":null,"og_image_custom_fields":null,"og_video":null,"og_custom_url":null,"og_article_section":null,"og_article_tags":null,"twitter_use_og":false,"twitter_card":"default","twitter_image_type":"default","twitter_image_url":null,"twitter_image_custom_url":null,"twitter_image_custom_fields":null,"twitter_title":null,"twitter_description":null,"schema":{"blockGraphs":[],"customGraphs":[],"default":{"data":{"Article":[],"Course":[],"Dataset":[],"FAQPage":[],"Movie":[],"Person":[],"Product":[],"ProductReview":[],"Car":[],"Recipe":[],"Service":[],"SoftwareApplication":[],"WebPage":[]},"graphName":"","isEnabled":true},"graphs":[],"defaultGraph":"","defaultPostTypeGraph":""},"schema_type":null,"schema_type_options":null,"pillar_content":false,"robots_default":true,"robots_noindex":false,"robots_noarchive":false,"robots_nosnippet":false,"robots_nofollow":false,"robots_noimageindex":false,"robots_noodp":false,"robots_notranslate":false,"robots_max_snippet":null,"robots_max_videopreview":null,"robots_max_imagepreview":"large","priority":null,"frequency":null,"location":null,"local_seo":null,"seo_analyzer_scan_date":"2025-09-25 12:24:52","breadcrumb_settings":null,"limit_modified_date":false,"open_ai":null,"ai":null,"created":"2021-03-08 21:28:01","updated":"2025-09-25 12:24:52"},"aioseo_breadcrumb":"<div class=\"aioseo-breadcrumbs\"><span class=\"aioseo-breadcrumb\">\n\t<a href=\"https:\/\/eldigitaldeasturias.com\/magazine365\" title=\"Home\">Home<\/a>\n<\/span><span class=\"aioseo-breadcrumb-separator\">\u2013<\/span><span class=\"aioseo-breadcrumb\">\n\t<a href=\"https:\/\/eldigitaldeasturias.com\/magazine365\/category\/noticias-actualidad\/\" title=\"Noticias y Actualidad\">Noticias y Actualidad<\/a>\n<\/span><span class=\"aioseo-breadcrumb-separator\">\u2013<\/span><span class=\"aioseo-breadcrumb\">\n\t<a href=\"https:\/\/eldigitaldeasturias.com\/magazine365\/el-dia-de-la-tortilla-se-celebra-en-el-parque-de-las-veredillas-en-torrejon\/\" title=\"El D\u00eda de la Tortilla se celebra en el parque de Las Veredillas en Torrej\u00f3n\">El D\u00eda de la Tortilla se celebra en el parque de Las Veredillas en Torrej\u00f3n<\/a>\n<\/span><\/div>","aioseo_breadcrumb_json":[{"label":"Home","link":"https:\/\/eldigitaldeasturias.com\/magazine365"},{"label":"Noticias y Actualidad","link":"https:\/\/eldigitaldeasturias.com\/magazine365\/category\/noticias-actualidad\/"},{"label":"El D\u00eda de la Tortilla se celebra en el parque de Las Veredillas en Torrej\u00f3n","link":"https:\/\/eldigitaldeasturias.com\/magazine365\/el-dia-de-la-tortilla-se-celebra-en-el-parque-de-las-veredillas-en-torrejon\/"}],"_links":{"self":[{"href":"https:\/\/eldigitaldeasturias.com\/magazine365\/wp-json\/wp\/v2\/posts\/63058","targetHints":{"allow":["GET"]}}],"collection":[{"href":"https:\/\/eldigitaldeasturias.com\/magazine365\/wp-json\/wp\/v2\/posts"}],"about":[{"href":"https:\/\/eldigitaldeasturias.com\/magazine365\/wp-json\/wp\/v2\/types\/post"}],"author":[{"embeddable":true,"href":"https:\/\/eldigitaldeasturias.com\/magazine365\/wp-json\/wp\/v2\/users\/1"}],"replies":[{"embeddable":true,"href":"https:\/\/eldigitaldeasturias.com\/magazine365\/wp-json\/wp\/v2\/comments?post=63058"}],"version-history":[{"count":0,"href":"https:\/\/eldigitaldeasturias.com\/magazine365\/wp-json\/wp\/v2\/posts\/63058\/revisions"}],"wp:featuredmedia":[{"embeddable":true,"href":"https:\/\/eldigitaldeasturias.com\/magazine365\/wp-json\/wp\/v2\/media\/63059"}],"wp:attachment":[{"href":"https:\/\/eldigitaldeasturias.com\/magazine365\/wp-json\/wp\/v2\/media?parent=63058"}],"wp:term":[{"taxonomy":"category","embeddable":true,"href":"https:\/\/eldigitaldeasturias.com\/magazine365\/wp-json\/wp\/v2\/categories?post=63058"},{"taxonomy":"post_tag","embeddable":true,"href":"https:\/\/eldigitaldeasturias.com\/magazine365\/wp-json\/wp\/v2\/tags?post=63058"}],"curies":[{"name":"wp","href":"https:\/\/api.w.org\/{rel}","templated":true}]}}