{"id":63049,"date":"2016-02-06T04:59:49","date_gmt":"2016-02-06T03:59:49","guid":{"rendered":"http:\/\/eldigitaldeasturias.com\/magazine365\/?p=63049"},"modified":"2016-02-06T04:59:49","modified_gmt":"2016-02-06T03:59:49","slug":"un-juzgado-revoca-la-sancion-a-un-controlador-en-barcelona-por-el-cierre-del-espacio-aereo","status":"publish","type":"post","link":"https:\/\/eldigitaldeasturias.com\/magazine365\/un-juzgado-revoca-la-sancion-a-un-controlador-en-barcelona-por-el-cierre-del-espacio-aereo\/","title":{"rendered":"Un juzgado revoca la sanci\u00f3n a un controlador en Barcelona por el cierre del espacio a\u00e9reo"},"content":{"rendered":"<p><img fetchpriority=\"high\" decoding=\"async\" class=\"alignleft size-medium wp-image-63050\" src=\"https:\/\/eldigitaldeasturias.com\/magazine365\/wp-content\/uploads\/2016\/02\/fotonoticia_20160202120050_800-360x275.jpg\" alt=\"fotonoticia_20160202120050_800\" width=\"360\" height=\"275\" srcset=\"https:\/\/eldigitaldeasturias.com\/magazine365\/wp-content\/uploads\/2016\/02\/fotonoticia_20160202120050_800-360x275.jpg 360w, https:\/\/eldigitaldeasturias.com\/magazine365\/wp-content\/uploads\/2016\/02\/fotonoticia_20160202120050_800-650x496.jpg 650w, https:\/\/eldigitaldeasturias.com\/magazine365\/wp-content\/uploads\/2016\/02\/fotonoticia_20160202120050_800-768x586.jpg 768w, https:\/\/eldigitaldeasturias.com\/magazine365\/wp-content\/uploads\/2016\/02\/fotonoticia_20160202120050_800-150x114.jpg 150w, https:\/\/eldigitaldeasturias.com\/magazine365\/wp-content\/uploads\/2016\/02\/fotonoticia_20160202120050_800-450x343.jpg 450w, https:\/\/eldigitaldeasturias.com\/magazine365\/wp-content\/uploads\/2016\/02\/fotonoticia_20160202120050_800-80x60.jpg 80w, https:\/\/eldigitaldeasturias.com\/magazine365\/wp-content\/uploads\/2016\/02\/fotonoticia_20160202120050_800-696x531.jpg 696w, https:\/\/eldigitaldeasturias.com\/magazine365\/wp-content\/uploads\/2016\/02\/fotonoticia_20160202120050_800-551x420.jpg 551w, https:\/\/eldigitaldeasturias.com\/magazine365\/wp-content\/uploads\/2016\/02\/fotonoticia_20160202120050_800-164x124.jpg 164w, https:\/\/eldigitaldeasturias.com\/magazine365\/wp-content\/uploads\/2016\/02\/fotonoticia_20160202120050_800-100x75.jpg 100w, https:\/\/eldigitaldeasturias.com\/magazine365\/wp-content\/uploads\/2016\/02\/fotonoticia_20160202120050_800.jpg 800w\" sizes=\"(max-width: 360px) 100vw, 360px\" \/>El Juzgado de lo Social n\u00ba10 de Barcelona ha revocado totalmente la sanci\u00f3n impuesta por ENAIRE a un controlador del Centro de Control (ACC) de Barcelona por el cierre del espacio a\u00e9reo en diciembre de 2010 al considerar que el trabajador no abandon\u00f3 el servicio.<\/p>\n<p>Se trata de la primera sentencia, dictada el pasado 29 de enero, sobre las 61 sanciones disciplinarias impuestas por ENAIRE a miembros del colectivo en el ACC de Barcelona por aquellos hechos, desencadenante de la primera huelga de los controladores espa\u00f1oles.<\/p>\n<p>En la sentencia, a la que ha tenido acceso Europa Press, se se\u00f1ala que \u00abes patente la ausencia de un abandono del servicio por el trabajador, pues, aunque no se incorpora a una actividad efectiva, ello es por causa de no haber sectores abiertos, quedando en espera y disponible, e incorpor\u00e1ndose una vez que se abre la unidad, situaci\u00f3n habitual en el cometido de estos profesionales\u00bb.<\/p>\n<p>El fallo recuerda que este colectivo durante unas horas no presta servicios efectivos, pero por \u00abcausa organizativa y no imputable al trabajador\u00bb y se\u00f1ala que los hechos probados no son constitutivos de falta por lo estima la demanda del trabajador.<\/p>\n<p>La sentencia establece la inexistencia de abandono del servicio del controlador sancionado, se revoca totalmente la sanci\u00f3n impuesta y se rechazan los argumentos de la empresa, seg\u00fan valora la Uni\u00f3n de Controladores A\u00e9reos (USCA) en una nota.<\/p>\n<p>61 EXPEDIENTES.<\/p>\n<p>La empresa sancion\u00f3 a 61 controladores por \u00abfalta grave\u00bb despu\u00e9s de que un juzgado de Gav\u00e0 (Barcelona) confirmase que \u00abno hubo delito de abandono\u00bb del servicio y archivara la causa por los mismos hechos.<\/p>\n<p>USCA, sindicato mayoritario que representa al 90% de los controladores del ente p\u00fablico ENAIRE, ha expresado su inquietud ante las alegaciones efectuadas por la empresa y que \u00e9sta persista en mantener el resto de las sanciones impuestas pendientes de juicio.<\/p>\n<p>El sindicado present\u00f3 un recurso extraordinario de revisi\u00f3n contra la sentencia que confirm\u00f3 por estos mismos hechos el despido de un controlador en Santiago, admitido a tr\u00e1mite por el Tribunal Supremo.<\/p>\n<p>Actualmente, solo quedan pendientes de resoluci\u00f3n las causas abiertas en Madrid &#8211;donde el juez ve indicios de delito de sedici\u00f3n para 113 controladores a\u00e9reos y ocho miembros de la antigua junta directiva de USCA y en Palma de Mallorca.<\/p>\n<p>En ambos casos, el sindicato conf\u00eda en que se resuelvan con el archivo de la causa, tal y como ha ocurrido con las 20 diligencias abiertas en juzgados de toda Espa\u00f1a por el cierre del espacio a\u00e9reo en 2010.<\/p>\n","protected":false},"excerpt":{"rendered":"<p>El Juzgado de lo Social n\u00ba10 de Barcelona ha revocado totalmente la sanci\u00f3n impuesta por ENAIRE a un controlador del Centro de Control (ACC) de Barcelona por el cierre del espacio a\u00e9reo en diciembre de 2010 al considerar que el trabajador no abandon\u00f3 el servicio. Se trata de la primera sentencia, dictada el pasado 29<\/p>\n","protected":false},"author":1,"featured_media":63050,"comment_status":"open","ping_status":"closed","sticky":false,"template":"","format":"standard","meta":{"footnotes":""},"categories":[224],"tags":[],"class_list":{"0":"post-63049","1":"post","2":"type-post","3":"status-publish","4":"format-standard","5":"has-post-thumbnail","7":"category-noticias-actualidad"},"aioseo_notices":[],"aioseo_head":"\n\t\t<!-- All in One SEO Pro 4.9.6.1 - aioseo.com -->\n\t<meta name=\"description\" content=\"El Juzgado de lo Social n\u00ba10 de Barcelona ha revocado totalmente la sanci\u00f3n impuesta por ENAIRE a un controlador del Centro de Control (ACC) de Barcelona por el cierre del espacio a\u00e9reo en diciembre de 2010 al considerar que el trabajador no abandon\u00f3 el servicio. Se trata de la primera sentencia, dictada el pasado 29\" \/>\n\t<meta name=\"robots\" content=\"max-image-preview:large\" \/>\n\t<meta name=\"author\" content=\"admin\"\/>\n\t<meta name=\"google-site-verification\" content=\"UA-38556648-1\" \/>\n\t<meta name=\"keywords\" content=\"noticias y actualidad\" \/>\n\t<link rel=\"canonical\" href=\"https:\/\/eldigitaldeasturias.com\/magazine365\/un-juzgado-revoca-la-sancion-a-un-controlador-en-barcelona-por-el-cierre-del-espacio-aereo\/\" \/>\n\t<meta name=\"generator\" content=\"All in One SEO Pro (AIOSEO) 4.9.6.1\" \/>\n\t\t<meta property=\"og:locale\" content=\"es_ES\" \/>\n\t\t<meta property=\"og:site_name\" content=\"El Digital de Asturias \u2013 Revista de ocio, turismo y estilo de vida\" \/>\n\t\t<meta property=\"og:type\" content=\"article\" \/>\n\t\t<meta property=\"og:title\" content=\"Un juzgado revoca la sanci\u00f3n a un controlador en Barcelona por el cierre del espacio a\u00e9reo | El Digital de Asturias\" \/>\n\t\t<meta property=\"og:description\" content=\"El Juzgado de lo Social n\u00ba10 de Barcelona ha revocado totalmente la sanci\u00f3n impuesta por ENAIRE a un controlador del Centro de Control (ACC) de Barcelona por el cierre del espacio a\u00e9reo en diciembre de 2010 al considerar que el trabajador no abandon\u00f3 el servicio. Se trata de la primera sentencia, dictada el pasado 29\" \/>\n\t\t<meta property=\"og:url\" content=\"https:\/\/eldigitaldeasturias.com\/magazine365\/un-juzgado-revoca-la-sancion-a-un-controlador-en-barcelona-por-el-cierre-del-espacio-aereo\/\" \/>\n\t\t<meta property=\"og:image\" content=\"https:\/\/eldigitaldeasturias.com\/magazine365\/wp-content\/uploads\/2016\/02\/fotonoticia_20160202120050_800.jpg\" \/>\n\t\t<meta property=\"og:image:secure_url\" content=\"https:\/\/eldigitaldeasturias.com\/magazine365\/wp-content\/uploads\/2016\/02\/fotonoticia_20160202120050_800.jpg\" \/>\n\t\t<meta property=\"og:image:width\" content=\"800\" \/>\n\t\t<meta property=\"og:image:height\" content=\"610\" \/>\n\t\t<meta property=\"article:published_time\" content=\"2016-02-06T03:59:49+00:00\" \/>\n\t\t<meta property=\"article:modified_time\" content=\"2016-02-06T03:59:49+00:00\" \/>\n\t\t<meta name=\"twitter:card\" content=\"summary_large_image\" \/>\n\t\t<meta name=\"twitter:title\" content=\"Un juzgado revoca la sanci\u00f3n a un controlador en Barcelona por el cierre del espacio a\u00e9reo | El Digital de Asturias\" \/>\n\t\t<meta name=\"twitter:description\" content=\"El Juzgado de lo Social n\u00ba10 de Barcelona ha revocado totalmente la sanci\u00f3n impuesta por ENAIRE a un controlador del Centro de Control (ACC) de Barcelona por el cierre del espacio a\u00e9reo en diciembre de 2010 al considerar que el trabajador no abandon\u00f3 el servicio. Se trata de la primera sentencia, dictada el pasado 29\" \/>\n\t\t<meta name=\"twitter:image\" content=\"https:\/\/eldigitaldeasturias.com\/magazine365\/wp-content\/uploads\/2016\/02\/fotonoticia_20160202120050_800.jpg\" \/>\n\t\t<script type=\"application\/ld+json\" class=\"aioseo-schema\">\n\t\t\t{\"@context\":\"https:\\\/\\\/schema.org\",\"@graph\":[{\"@type\":\"Article\",\"@id\":\"https:\\\/\\\/eldigitaldeasturias.com\\\/magazine365\\\/un-juzgado-revoca-la-sancion-a-un-controlador-en-barcelona-por-el-cierre-del-espacio-aereo\\\/#article\",\"name\":\"Un juzgado revoca la sanci\\u00f3n a un controlador en Barcelona por el cierre del espacio a\\u00e9reo | El Digital de Asturias\",\"headline\":\"Un juzgado revoca la sanci\\u00f3n a un controlador en Barcelona por el cierre del espacio a\\u00e9reo\",\"author\":{\"@id\":\"https:\\\/\\\/eldigitaldeasturias.com\\\/magazine365\\\/author\\\/admin\\\/#author\"},\"publisher\":{\"@id\":\"https:\\\/\\\/eldigitaldeasturias.com\\\/magazine365\\\/#organization\"},\"image\":{\"@type\":\"ImageObject\",\"url\":\"https:\\\/\\\/eldigitaldeasturias.com\\\/magazine365\\\/wp-content\\\/uploads\\\/2016\\\/02\\\/fotonoticia_20160202120050_800.jpg\",\"width\":800,\"height\":610},\"datePublished\":\"2016-02-06T04:59:49+01:00\",\"dateModified\":\"2016-02-06T04:59:49+01:00\",\"inLanguage\":\"es-ES\",\"mainEntityOfPage\":{\"@id\":\"https:\\\/\\\/eldigitaldeasturias.com\\\/magazine365\\\/un-juzgado-revoca-la-sancion-a-un-controlador-en-barcelona-por-el-cierre-del-espacio-aereo\\\/#webpage\"},\"isPartOf\":{\"@id\":\"https:\\\/\\\/eldigitaldeasturias.com\\\/magazine365\\\/un-juzgado-revoca-la-sancion-a-un-controlador-en-barcelona-por-el-cierre-del-espacio-aereo\\\/#webpage\"},\"articleSection\":\"Noticias y Actualidad\"},{\"@type\":\"BreadcrumbList\",\"@id\":\"https:\\\/\\\/eldigitaldeasturias.com\\\/magazine365\\\/un-juzgado-revoca-la-sancion-a-un-controlador-en-barcelona-por-el-cierre-del-espacio-aereo\\\/#breadcrumblist\",\"itemListElement\":[{\"@type\":\"ListItem\",\"@id\":\"https:\\\/\\\/eldigitaldeasturias.com\\\/magazine365#listItem\",\"position\":1,\"name\":\"Home\",\"item\":\"https:\\\/\\\/eldigitaldeasturias.com\\\/magazine365\",\"nextItem\":{\"@type\":\"ListItem\",\"@id\":\"https:\\\/\\\/eldigitaldeasturias.com\\\/magazine365\\\/category\\\/noticias-actualidad\\\/#listItem\",\"name\":\"Noticias y Actualidad\"}},{\"@type\":\"ListItem\",\"@id\":\"https:\\\/\\\/eldigitaldeasturias.com\\\/magazine365\\\/category\\\/noticias-actualidad\\\/#listItem\",\"position\":2,\"name\":\"Noticias y Actualidad\",\"item\":\"https:\\\/\\\/eldigitaldeasturias.com\\\/magazine365\\\/category\\\/noticias-actualidad\\\/\",\"nextItem\":{\"@type\":\"ListItem\",\"@id\":\"https:\\\/\\\/eldigitaldeasturias.com\\\/magazine365\\\/un-juzgado-revoca-la-sancion-a-un-controlador-en-barcelona-por-el-cierre-del-espacio-aereo\\\/#listItem\",\"name\":\"Un juzgado revoca la sanci\\u00f3n a un controlador en Barcelona por el cierre del espacio a\\u00e9reo\"},\"previousItem\":{\"@type\":\"ListItem\",\"@id\":\"https:\\\/\\\/eldigitaldeasturias.com\\\/magazine365#listItem\",\"name\":\"Home\"}},{\"@type\":\"ListItem\",\"@id\":\"https:\\\/\\\/eldigitaldeasturias.com\\\/magazine365\\\/un-juzgado-revoca-la-sancion-a-un-controlador-en-barcelona-por-el-cierre-del-espacio-aereo\\\/#listItem\",\"position\":3,\"name\":\"Un juzgado revoca la sanci\\u00f3n a un controlador en Barcelona por el cierre del espacio a\\u00e9reo\",\"previousItem\":{\"@type\":\"ListItem\",\"@id\":\"https:\\\/\\\/eldigitaldeasturias.com\\\/magazine365\\\/category\\\/noticias-actualidad\\\/#listItem\",\"name\":\"Noticias y Actualidad\"}}]},{\"@type\":\"Organization\",\"@id\":\"https:\\\/\\\/eldigitaldeasturias.com\\\/magazine365\\\/#organization\",\"name\":\"El digital de Asturias\",\"description\":\"Revista de ocio, turismo y estilo de vida\",\"url\":\"https:\\\/\\\/eldigitaldeasturias.com\\\/magazine365\\\/\",\"logo\":{\"@type\":\"ImageObject\",\"url\":\"https:\\\/\\\/www.eldigitaldeasturias.com\\\/noticias\\\/wp-content\\\/uploads\\\/2020\\\/12\\\/EDA.jpg\",\"@id\":\"https:\\\/\\\/eldigitaldeasturias.com\\\/magazine365\\\/un-juzgado-revoca-la-sancion-a-un-controlador-en-barcelona-por-el-cierre-del-espacio-aereo\\\/#organizationLogo\"},\"image\":{\"@id\":\"https:\\\/\\\/eldigitaldeasturias.com\\\/magazine365\\\/un-juzgado-revoca-la-sancion-a-un-controlador-en-barcelona-por-el-cierre-del-espacio-aereo\\\/#organizationLogo\"}},{\"@type\":\"Person\",\"@id\":\"https:\\\/\\\/eldigitaldeasturias.com\\\/magazine365\\\/author\\\/admin\\\/#author\",\"url\":\"https:\\\/\\\/eldigitaldeasturias.com\\\/magazine365\\\/author\\\/admin\\\/\",\"name\":\"admin\",\"image\":{\"@type\":\"ImageObject\",\"@id\":\"https:\\\/\\\/eldigitaldeasturias.com\\\/magazine365\\\/un-juzgado-revoca-la-sancion-a-un-controlador-en-barcelona-por-el-cierre-del-espacio-aereo\\\/#authorImage\",\"url\":\"https:\\\/\\\/eldigitaldeasturias.com\\\/magazine365\\\/wp-content\\\/litespeed\\\/avatar\\\/e571bcf59a0edd6fa6838245a470f2fe.jpg?ver=1776969259\",\"width\":96,\"height\":96,\"caption\":\"admin\"}},{\"@type\":\"WebPage\",\"@id\":\"https:\\\/\\\/eldigitaldeasturias.com\\\/magazine365\\\/un-juzgado-revoca-la-sancion-a-un-controlador-en-barcelona-por-el-cierre-del-espacio-aereo\\\/#webpage\",\"url\":\"https:\\\/\\\/eldigitaldeasturias.com\\\/magazine365\\\/un-juzgado-revoca-la-sancion-a-un-controlador-en-barcelona-por-el-cierre-del-espacio-aereo\\\/\",\"name\":\"Un juzgado revoca la sanci\\u00f3n a un controlador en Barcelona por el cierre del espacio a\\u00e9reo | El Digital de Asturias\",\"description\":\"El Juzgado de lo Social n\\u00ba10 de Barcelona ha revocado totalmente la sanci\\u00f3n impuesta por ENAIRE a un controlador del Centro de Control (ACC) de Barcelona por el cierre del espacio a\\u00e9reo en diciembre de 2010 al considerar que el trabajador no abandon\\u00f3 el servicio. Se trata de la primera sentencia, dictada el pasado 29\",\"inLanguage\":\"es-ES\",\"isPartOf\":{\"@id\":\"https:\\\/\\\/eldigitaldeasturias.com\\\/magazine365\\\/#website\"},\"breadcrumb\":{\"@id\":\"https:\\\/\\\/eldigitaldeasturias.com\\\/magazine365\\\/un-juzgado-revoca-la-sancion-a-un-controlador-en-barcelona-por-el-cierre-del-espacio-aereo\\\/#breadcrumblist\"},\"author\":{\"@id\":\"https:\\\/\\\/eldigitaldeasturias.com\\\/magazine365\\\/author\\\/admin\\\/#author\"},\"creator\":{\"@id\":\"https:\\\/\\\/eldigitaldeasturias.com\\\/magazine365\\\/author\\\/admin\\\/#author\"},\"image\":{\"@type\":\"ImageObject\",\"url\":\"https:\\\/\\\/eldigitaldeasturias.com\\\/magazine365\\\/wp-content\\\/uploads\\\/2016\\\/02\\\/fotonoticia_20160202120050_800.jpg\",\"@id\":\"https:\\\/\\\/eldigitaldeasturias.com\\\/magazine365\\\/un-juzgado-revoca-la-sancion-a-un-controlador-en-barcelona-por-el-cierre-del-espacio-aereo\\\/#mainImage\",\"width\":800,\"height\":610},\"primaryImageOfPage\":{\"@id\":\"https:\\\/\\\/eldigitaldeasturias.com\\\/magazine365\\\/un-juzgado-revoca-la-sancion-a-un-controlador-en-barcelona-por-el-cierre-del-espacio-aereo\\\/#mainImage\"},\"datePublished\":\"2016-02-06T04:59:49+01:00\",\"dateModified\":\"2016-02-06T04:59:49+01:00\"},{\"@type\":\"WebSite\",\"@id\":\"https:\\\/\\\/eldigitaldeasturias.com\\\/magazine365\\\/#website\",\"url\":\"https:\\\/\\\/eldigitaldeasturias.com\\\/magazine365\\\/\",\"name\":\"El Digital de Asturias\",\"description\":\"Revista de ocio, turismo y estilo de vida\",\"inLanguage\":\"es-ES\",\"publisher\":{\"@id\":\"https:\\\/\\\/eldigitaldeasturias.com\\\/magazine365\\\/#organization\"}}]}\n\t\t<\/script>\n\t\t<!-- All in One SEO Pro -->\r\n\t\t<title>Un juzgado revoca la sanci\u00f3n a un controlador en Barcelona por el cierre del espacio a\u00e9reo | El Digital de Asturias<\/title>\n\n","aioseo_head_json":{"title":"Un juzgado revoca la sanci\u00f3n a un controlador en Barcelona por el cierre del espacio a\u00e9reo | El Digital de Asturias","description":"El Juzgado de lo Social n\u00ba10 de Barcelona ha revocado totalmente la sanci\u00f3n impuesta por ENAIRE a un controlador del Centro de Control (ACC) de Barcelona por el cierre del espacio a\u00e9reo en diciembre de 2010 al considerar que el trabajador no abandon\u00f3 el servicio. Se trata de la primera sentencia, dictada el pasado 29","canonical_url":"https:\/\/eldigitaldeasturias.com\/magazine365\/un-juzgado-revoca-la-sancion-a-un-controlador-en-barcelona-por-el-cierre-del-espacio-aereo\/","robots":"max-image-preview:large","keywords":"noticias y actualidad","webmasterTools":{"google-site-verification":"UA-38556648-1","miscellaneous":""},"schema":{"@context":"https:\/\/schema.org","@graph":[{"@type":"Article","@id":"https:\/\/eldigitaldeasturias.com\/magazine365\/un-juzgado-revoca-la-sancion-a-un-controlador-en-barcelona-por-el-cierre-del-espacio-aereo\/#article","name":"Un juzgado revoca la sanci\u00f3n a un controlador en Barcelona por el cierre del espacio a\u00e9reo | El Digital de Asturias","headline":"Un juzgado revoca la sanci\u00f3n a un controlador en Barcelona por el cierre del espacio a\u00e9reo","author":{"@id":"https:\/\/eldigitaldeasturias.com\/magazine365\/author\/admin\/#author"},"publisher":{"@id":"https:\/\/eldigitaldeasturias.com\/magazine365\/#organization"},"image":{"@type":"ImageObject","url":"https:\/\/eldigitaldeasturias.com\/magazine365\/wp-content\/uploads\/2016\/02\/fotonoticia_20160202120050_800.jpg","width":800,"height":610},"datePublished":"2016-02-06T04:59:49+01:00","dateModified":"2016-02-06T04:59:49+01:00","inLanguage":"es-ES","mainEntityOfPage":{"@id":"https:\/\/eldigitaldeasturias.com\/magazine365\/un-juzgado-revoca-la-sancion-a-un-controlador-en-barcelona-por-el-cierre-del-espacio-aereo\/#webpage"},"isPartOf":{"@id":"https:\/\/eldigitaldeasturias.com\/magazine365\/un-juzgado-revoca-la-sancion-a-un-controlador-en-barcelona-por-el-cierre-del-espacio-aereo\/#webpage"},"articleSection":"Noticias y Actualidad"},{"@type":"BreadcrumbList","@id":"https:\/\/eldigitaldeasturias.com\/magazine365\/un-juzgado-revoca-la-sancion-a-un-controlador-en-barcelona-por-el-cierre-del-espacio-aereo\/#breadcrumblist","itemListElement":[{"@type":"ListItem","@id":"https:\/\/eldigitaldeasturias.com\/magazine365#listItem","position":1,"name":"Home","item":"https:\/\/eldigitaldeasturias.com\/magazine365","nextItem":{"@type":"ListItem","@id":"https:\/\/eldigitaldeasturias.com\/magazine365\/category\/noticias-actualidad\/#listItem","name":"Noticias y Actualidad"}},{"@type":"ListItem","@id":"https:\/\/eldigitaldeasturias.com\/magazine365\/category\/noticias-actualidad\/#listItem","position":2,"name":"Noticias y Actualidad","item":"https:\/\/eldigitaldeasturias.com\/magazine365\/category\/noticias-actualidad\/","nextItem":{"@type":"ListItem","@id":"https:\/\/eldigitaldeasturias.com\/magazine365\/un-juzgado-revoca-la-sancion-a-un-controlador-en-barcelona-por-el-cierre-del-espacio-aereo\/#listItem","name":"Un juzgado revoca la sanci\u00f3n a un controlador en Barcelona por el cierre del espacio a\u00e9reo"},"previousItem":{"@type":"ListItem","@id":"https:\/\/eldigitaldeasturias.com\/magazine365#listItem","name":"Home"}},{"@type":"ListItem","@id":"https:\/\/eldigitaldeasturias.com\/magazine365\/un-juzgado-revoca-la-sancion-a-un-controlador-en-barcelona-por-el-cierre-del-espacio-aereo\/#listItem","position":3,"name":"Un juzgado revoca la sanci\u00f3n a un controlador en Barcelona por el cierre del espacio a\u00e9reo","previousItem":{"@type":"ListItem","@id":"https:\/\/eldigitaldeasturias.com\/magazine365\/category\/noticias-actualidad\/#listItem","name":"Noticias y Actualidad"}}]},{"@type":"Organization","@id":"https:\/\/eldigitaldeasturias.com\/magazine365\/#organization","name":"El digital de Asturias","description":"Revista de ocio, turismo y estilo de vida","url":"https:\/\/eldigitaldeasturias.com\/magazine365\/","logo":{"@type":"ImageObject","url":"https:\/\/www.eldigitaldeasturias.com\/noticias\/wp-content\/uploads\/2020\/12\/EDA.jpg","@id":"https:\/\/eldigitaldeasturias.com\/magazine365\/un-juzgado-revoca-la-sancion-a-un-controlador-en-barcelona-por-el-cierre-del-espacio-aereo\/#organizationLogo"},"image":{"@id":"https:\/\/eldigitaldeasturias.com\/magazine365\/un-juzgado-revoca-la-sancion-a-un-controlador-en-barcelona-por-el-cierre-del-espacio-aereo\/#organizationLogo"}},{"@type":"Person","@id":"https:\/\/eldigitaldeasturias.com\/magazine365\/author\/admin\/#author","url":"https:\/\/eldigitaldeasturias.com\/magazine365\/author\/admin\/","name":"admin","image":{"@type":"ImageObject","@id":"https:\/\/eldigitaldeasturias.com\/magazine365\/un-juzgado-revoca-la-sancion-a-un-controlador-en-barcelona-por-el-cierre-del-espacio-aereo\/#authorImage","url":"https:\/\/eldigitaldeasturias.com\/magazine365\/wp-content\/litespeed\/avatar\/e571bcf59a0edd6fa6838245a470f2fe.jpg?ver=1776969259","width":96,"height":96,"caption":"admin"}},{"@type":"WebPage","@id":"https:\/\/eldigitaldeasturias.com\/magazine365\/un-juzgado-revoca-la-sancion-a-un-controlador-en-barcelona-por-el-cierre-del-espacio-aereo\/#webpage","url":"https:\/\/eldigitaldeasturias.com\/magazine365\/un-juzgado-revoca-la-sancion-a-un-controlador-en-barcelona-por-el-cierre-del-espacio-aereo\/","name":"Un juzgado revoca la sanci\u00f3n a un controlador en Barcelona por el cierre del espacio a\u00e9reo | El Digital de Asturias","description":"El Juzgado de lo Social n\u00ba10 de Barcelona ha revocado totalmente la sanci\u00f3n impuesta por ENAIRE a un controlador del Centro de Control (ACC) de Barcelona por el cierre del espacio a\u00e9reo en diciembre de 2010 al considerar que el trabajador no abandon\u00f3 el servicio. Se trata de la primera sentencia, dictada el pasado 29","inLanguage":"es-ES","isPartOf":{"@id":"https:\/\/eldigitaldeasturias.com\/magazine365\/#website"},"breadcrumb":{"@id":"https:\/\/eldigitaldeasturias.com\/magazine365\/un-juzgado-revoca-la-sancion-a-un-controlador-en-barcelona-por-el-cierre-del-espacio-aereo\/#breadcrumblist"},"author":{"@id":"https:\/\/eldigitaldeasturias.com\/magazine365\/author\/admin\/#author"},"creator":{"@id":"https:\/\/eldigitaldeasturias.com\/magazine365\/author\/admin\/#author"},"image":{"@type":"ImageObject","url":"https:\/\/eldigitaldeasturias.com\/magazine365\/wp-content\/uploads\/2016\/02\/fotonoticia_20160202120050_800.jpg","@id":"https:\/\/eldigitaldeasturias.com\/magazine365\/un-juzgado-revoca-la-sancion-a-un-controlador-en-barcelona-por-el-cierre-del-espacio-aereo\/#mainImage","width":800,"height":610},"primaryImageOfPage":{"@id":"https:\/\/eldigitaldeasturias.com\/magazine365\/un-juzgado-revoca-la-sancion-a-un-controlador-en-barcelona-por-el-cierre-del-espacio-aereo\/#mainImage"},"datePublished":"2016-02-06T04:59:49+01:00","dateModified":"2016-02-06T04:59:49+01:00"},{"@type":"WebSite","@id":"https:\/\/eldigitaldeasturias.com\/magazine365\/#website","url":"https:\/\/eldigitaldeasturias.com\/magazine365\/","name":"El Digital de Asturias","description":"Revista de ocio, turismo y estilo de vida","inLanguage":"es-ES","publisher":{"@id":"https:\/\/eldigitaldeasturias.com\/magazine365\/#organization"}}]},"og:locale":"es_ES","og:site_name":"El Digital de Asturias \u2013 Revista de ocio, turismo y estilo de vida","og:type":"article","og:title":"Un juzgado revoca la sanci\u00f3n a un controlador en Barcelona por el cierre del espacio a\u00e9reo | El Digital de Asturias","og:description":"El Juzgado de lo Social n\u00ba10 de Barcelona ha revocado totalmente la sanci\u00f3n impuesta por ENAIRE a un controlador del Centro de Control (ACC) de Barcelona por el cierre del espacio a\u00e9reo en diciembre de 2010 al considerar que el trabajador no abandon\u00f3 el servicio. Se trata de la primera sentencia, dictada el pasado 29","og:url":"https:\/\/eldigitaldeasturias.com\/magazine365\/un-juzgado-revoca-la-sancion-a-un-controlador-en-barcelona-por-el-cierre-del-espacio-aereo\/","og:image":"https:\/\/eldigitaldeasturias.com\/magazine365\/wp-content\/uploads\/2016\/02\/fotonoticia_20160202120050_800.jpg","og:image:secure_url":"https:\/\/eldigitaldeasturias.com\/magazine365\/wp-content\/uploads\/2016\/02\/fotonoticia_20160202120050_800.jpg","og:image:width":800,"og:image:height":610,"article:published_time":"2016-02-06T03:59:49+00:00","article:modified_time":"2016-02-06T03:59:49+00:00","twitter:card":"summary_large_image","twitter:title":"Un juzgado revoca la sanci\u00f3n a un controlador en Barcelona por el cierre del espacio a\u00e9reo | El Digital de Asturias","twitter:description":"El Juzgado de lo Social n\u00ba10 de Barcelona ha revocado totalmente la sanci\u00f3n impuesta por ENAIRE a un controlador del Centro de Control (ACC) de Barcelona por el cierre del espacio a\u00e9reo en diciembre de 2010 al considerar que el trabajador no abandon\u00f3 el servicio. Se trata de la primera sentencia, dictada el pasado 29","twitter:image":"https:\/\/eldigitaldeasturias.com\/magazine365\/wp-content\/uploads\/2016\/02\/fotonoticia_20160202120050_800.jpg"},"aioseo_meta_data":{"post_id":"63049","title":null,"description":null,"keywords":null,"keyphrases":null,"primary_term":null,"canonical_url":null,"og_title":null,"og_description":null,"og_object_type":"default","og_image_type":"default","og_image_url":null,"og_image_width":null,"og_image_height":null,"og_image_custom_url":null,"og_image_custom_fields":null,"og_video":null,"og_custom_url":null,"og_article_section":null,"og_article_tags":null,"twitter_use_og":false,"twitter_card":"default","twitter_image_type":"default","twitter_image_url":null,"twitter_image_custom_url":null,"twitter_image_custom_fields":null,"twitter_title":null,"twitter_description":null,"schema":{"blockGraphs":[],"customGraphs":[],"default":{"data":{"Article":[],"Course":[],"Dataset":[],"FAQPage":[],"Movie":[],"Person":[],"Product":[],"ProductReview":[],"Car":[],"Recipe":[],"Service":[],"SoftwareApplication":[],"WebPage":[]},"graphName":"","isEnabled":true},"graphs":[],"defaultGraph":"","defaultPostTypeGraph":""},"schema_type":null,"schema_type_options":null,"pillar_content":false,"robots_default":true,"robots_noindex":false,"robots_noarchive":false,"robots_nosnippet":false,"robots_nofollow":false,"robots_noimageindex":false,"robots_noodp":false,"robots_notranslate":false,"robots_max_snippet":null,"robots_max_videopreview":null,"robots_max_imagepreview":"large","priority":null,"frequency":null,"location":null,"local_seo":null,"seo_analyzer_scan_date":"2025-09-25 12:23:10","breadcrumb_settings":null,"limit_modified_date":false,"open_ai":null,"ai":null,"created":"2021-03-08 21:28:01","updated":"2025-09-25 12:23:10"},"aioseo_breadcrumb":"<div class=\"aioseo-breadcrumbs\"><span class=\"aioseo-breadcrumb\">\n\t<a href=\"https:\/\/eldigitaldeasturias.com\/magazine365\" title=\"Home\">Home<\/a>\n<\/span><span class=\"aioseo-breadcrumb-separator\">\u2013<\/span><span class=\"aioseo-breadcrumb\">\n\t<a href=\"https:\/\/eldigitaldeasturias.com\/magazine365\/category\/noticias-actualidad\/\" title=\"Noticias y Actualidad\">Noticias y Actualidad<\/a>\n<\/span><span class=\"aioseo-breadcrumb-separator\">\u2013<\/span><span class=\"aioseo-breadcrumb\">\n\t<a href=\"https:\/\/eldigitaldeasturias.com\/magazine365\/un-juzgado-revoca-la-sancion-a-un-controlador-en-barcelona-por-el-cierre-del-espacio-aereo\/\" title=\"Un juzgado revoca la sanci\u00f3n a un controlador en Barcelona por el cierre del espacio a\u00e9reo\">Un juzgado revoca la sanci\u00f3n a un controlador en Barcelona por el cierre del espacio a\u00e9reo<\/a>\n<\/span><\/div>","aioseo_breadcrumb_json":[{"label":"Home","link":"https:\/\/eldigitaldeasturias.com\/magazine365"},{"label":"Noticias y Actualidad","link":"https:\/\/eldigitaldeasturias.com\/magazine365\/category\/noticias-actualidad\/"},{"label":"Un juzgado revoca la sanci\u00f3n a un controlador en Barcelona por el cierre del espacio a\u00e9reo","link":"https:\/\/eldigitaldeasturias.com\/magazine365\/un-juzgado-revoca-la-sancion-a-un-controlador-en-barcelona-por-el-cierre-del-espacio-aereo\/"}],"_links":{"self":[{"href":"https:\/\/eldigitaldeasturias.com\/magazine365\/wp-json\/wp\/v2\/posts\/63049","targetHints":{"allow":["GET"]}}],"collection":[{"href":"https:\/\/eldigitaldeasturias.com\/magazine365\/wp-json\/wp\/v2\/posts"}],"about":[{"href":"https:\/\/eldigitaldeasturias.com\/magazine365\/wp-json\/wp\/v2\/types\/post"}],"author":[{"embeddable":true,"href":"https:\/\/eldigitaldeasturias.com\/magazine365\/wp-json\/wp\/v2\/users\/1"}],"replies":[{"embeddable":true,"href":"https:\/\/eldigitaldeasturias.com\/magazine365\/wp-json\/wp\/v2\/comments?post=63049"}],"version-history":[{"count":0,"href":"https:\/\/eldigitaldeasturias.com\/magazine365\/wp-json\/wp\/v2\/posts\/63049\/revisions"}],"wp:featuredmedia":[{"embeddable":true,"href":"https:\/\/eldigitaldeasturias.com\/magazine365\/wp-json\/wp\/v2\/media\/63050"}],"wp:attachment":[{"href":"https:\/\/eldigitaldeasturias.com\/magazine365\/wp-json\/wp\/v2\/media?parent=63049"}],"wp:term":[{"taxonomy":"category","embeddable":true,"href":"https:\/\/eldigitaldeasturias.com\/magazine365\/wp-json\/wp\/v2\/categories?post=63049"},{"taxonomy":"post_tag","embeddable":true,"href":"https:\/\/eldigitaldeasturias.com\/magazine365\/wp-json\/wp\/v2\/tags?post=63049"}],"curies":[{"name":"wp","href":"https:\/\/api.w.org\/{rel}","templated":true}]}}