{"id":63046,"date":"2016-02-06T04:56:07","date_gmt":"2016-02-06T03:56:07","guid":{"rendered":"http:\/\/eldigitaldeasturias.com\/magazine365\/?p=63046"},"modified":"2016-02-06T04:56:07","modified_gmt":"2016-02-06T03:56:07","slug":"fallece-maria-la-hierbabuena-una-de-la-figuras-mas-populares-del-carnaval-de-cadiz","status":"publish","type":"post","link":"https:\/\/eldigitaldeasturias.com\/magazine365\/fallece-maria-la-hierbabuena-una-de-la-figuras-mas-populares-del-carnaval-de-cadiz\/","title":{"rendered":"Fallece Mar\u00eda la Hierbabuena, una de la figuras m\u00e1s populares del Carnaval de C\u00e1diz"},"content":{"rendered":"<p><img fetchpriority=\"high\" decoding=\"async\" class=\"alignleft size-medium wp-image-63047\" src=\"https:\/\/eldigitaldeasturias.com\/magazine365\/wp-content\/uploads\/2016\/02\/fotonoticia_20160202111420_800-360x240.jpg\" alt=\"fotonoticia_20160202111420_800\" width=\"360\" height=\"240\" srcset=\"https:\/\/eldigitaldeasturias.com\/magazine365\/wp-content\/uploads\/2016\/02\/fotonoticia_20160202111420_800-360x240.jpg 360w, https:\/\/eldigitaldeasturias.com\/magazine365\/wp-content\/uploads\/2016\/02\/fotonoticia_20160202111420_800-650x434.jpg 650w, https:\/\/eldigitaldeasturias.com\/magazine365\/wp-content\/uploads\/2016\/02\/fotonoticia_20160202111420_800-768x513.jpg 768w, https:\/\/eldigitaldeasturias.com\/magazine365\/wp-content\/uploads\/2016\/02\/fotonoticia_20160202111420_800-150x100.jpg 150w, https:\/\/eldigitaldeasturias.com\/magazine365\/wp-content\/uploads\/2016\/02\/fotonoticia_20160202111420_800-450x300.jpg 450w, https:\/\/eldigitaldeasturias.com\/magazine365\/wp-content\/uploads\/2016\/02\/fotonoticia_20160202111420_800-696x465.jpg 696w, https:\/\/eldigitaldeasturias.com\/magazine365\/wp-content\/uploads\/2016\/02\/fotonoticia_20160202111420_800-629x420.jpg 629w, https:\/\/eldigitaldeasturias.com\/magazine365\/wp-content\/uploads\/2016\/02\/fotonoticia_20160202111420_800-101x66.jpg 101w, https:\/\/eldigitaldeasturias.com\/magazine365\/wp-content\/uploads\/2016\/02\/fotonoticia_20160202111420_800.jpg 800w\" sizes=\"(max-width: 360px) 100vw, 360px\" \/>El Ayuntamiento de C\u00e1diz ha transmitido sus condolencias a la familia de Mar\u00eda del Carmen Llovet Mu\u00f1oz, &#8216;Mar\u00eda la Hierbabuena&#8217;, tras confirmarse su fallecimiento esta madrugada a los 80 a\u00f1os de edad. El alcalde, Jos\u00e9 Mar\u00eda Gonz\u00e1lez, de &#8216;Por C\u00e1diz S\u00ed se Puede&#8217;, ha afirmado que \u00abel Carnaval de C\u00e1diz se queda hu\u00e9rfano, sin una de sus figuras clave en el imaginario de cualquier aficionado\u00bb.<\/p>\n<p>Mar\u00eda &#8216;la Hierbabuena&#8217; presentaba un delicado estado de salud que ya le hab\u00eda impedido este a\u00f1o presenciar cada funci\u00f3n del Concurso Oficial de Agrupaciones del Carnaval de C\u00e1diz (COAC), como acostumbraba, en un palco del Gran Teatro Falla, seg\u00fan ha indicado el Ayuntamiento en un comunicado.<\/p>\n<p>El alcalde ha destacado sobre la figura de Mar\u00eda &#8216;la Hierbabuena&#8217; que \u00abha logrado con su famoso grito de \u00e1nimo, pese a no haber pisado nunca las tablas del Gran Teatro Falla como componente de ninguna agrupaci\u00f3n, que su voz sea de las m\u00e1s representativas y conocidas del Carnaval de C\u00e1diz, que ese grito haya sido un rasgo esencial de cada edici\u00f3n del concurso\u00bb.<\/p>\n<p>Cabe recordar que el grito de aliento y \u00e1nimo que forma parte de la historia carnavalesca de la ciudad, creado por Mar\u00eda &#8216;la Hierbabuena&#8217;, es: \u00abOle y ole mi Cai. Y el que no diga ole que se le seque la hierbabuena. \u00a1Ole, Ole y Ole!\u00bb<\/p>\n<p>Gonz\u00e1lez ha afirmado que \u00abse le ha echado mucho de menos en esta edici\u00f3n del concurso, y C\u00e1diz y su Carnaval la van a echar much\u00edsimo de menos\u00bb, a quien \u00abpasar\u00e1 a la historia del imaginario del Carnaval de C\u00e1diz como una de las m\u00e1s grandes aficionadas a la fiesta\u00bb. De hecho, son muchas las agrupaciones a lo largo de los a\u00f1os que le han dedicado alguna copla a su figura.<\/p>\n<p>La segunda funci\u00f3n de semifinales del Concurso que se celebra en la noche de este martes en el Gran Teatro Falla tendr\u00e1 un recuerdo para la figura de Mar\u00eda &#8216;la Hierbabuena&#8217; al inicio.<\/p>\n","protected":false},"excerpt":{"rendered":"<p>El Ayuntamiento de C\u00e1diz ha transmitido sus condolencias a la familia de Mar\u00eda del Carmen Llovet Mu\u00f1oz, &#8216;Mar\u00eda la Hierbabuena&#8217;, tras confirmarse su fallecimiento esta madrugada a los 80 a\u00f1os de edad. El alcalde, Jos\u00e9 Mar\u00eda Gonz\u00e1lez, de &#8216;Por C\u00e1diz S\u00ed se Puede&#8217;, ha afirmado que \u00abel Carnaval de C\u00e1diz se queda hu\u00e9rfano, sin una<\/p>\n","protected":false},"author":1,"featured_media":63047,"comment_status":"open","ping_status":"closed","sticky":false,"template":"","format":"standard","meta":{"footnotes":""},"categories":[224],"tags":[],"class_list":{"0":"post-63046","1":"post","2":"type-post","3":"status-publish","4":"format-standard","5":"has-post-thumbnail","7":"category-noticias-actualidad"},"aioseo_notices":[],"aioseo_head":"\n\t\t<!-- All in One SEO Pro 4.9.6.1 - aioseo.com -->\n\t<meta name=\"description\" content=\"El Ayuntamiento de C\u00e1diz ha transmitido sus condolencias a la familia de Mar\u00eda del Carmen Llovet Mu\u00f1oz, &#039;Mar\u00eda la Hierbabuena&#039;, tras confirmarse su fallecimiento esta madrugada a los 80 a\u00f1os de edad. El alcalde, Jos\u00e9 Mar\u00eda Gonz\u00e1lez, de &#039;Por C\u00e1diz S\u00ed se Puede&#039;, ha afirmado que &quot;el Carnaval de C\u00e1diz se queda hu\u00e9rfano, sin una\" \/>\n\t<meta name=\"robots\" content=\"max-image-preview:large\" \/>\n\t<meta name=\"author\" content=\"admin\"\/>\n\t<meta name=\"google-site-verification\" content=\"UA-38556648-1\" \/>\n\t<meta name=\"keywords\" content=\"noticias y actualidad\" \/>\n\t<link rel=\"canonical\" href=\"https:\/\/eldigitaldeasturias.com\/magazine365\/fallece-maria-la-hierbabuena-una-de-la-figuras-mas-populares-del-carnaval-de-cadiz\/\" \/>\n\t<meta name=\"generator\" content=\"All in One SEO Pro (AIOSEO) 4.9.6.1\" \/>\n\t\t<meta property=\"og:locale\" content=\"es_ES\" \/>\n\t\t<meta property=\"og:site_name\" content=\"El Digital de Asturias \u2013 Revista de ocio, turismo y estilo de vida\" \/>\n\t\t<meta property=\"og:type\" content=\"article\" \/>\n\t\t<meta property=\"og:title\" content=\"Fallece Mar\u00eda la Hierbabuena, una de la figuras m\u00e1s populares del Carnaval de C\u00e1diz | El Digital de Asturias\" \/>\n\t\t<meta property=\"og:description\" content=\"El Ayuntamiento de C\u00e1diz ha transmitido sus condolencias a la familia de Mar\u00eda del Carmen Llovet Mu\u00f1oz, &#039;Mar\u00eda la Hierbabuena&#039;, tras confirmarse su fallecimiento esta madrugada a los 80 a\u00f1os de edad. El alcalde, Jos\u00e9 Mar\u00eda Gonz\u00e1lez, de &#039;Por C\u00e1diz S\u00ed se Puede&#039;, ha afirmado que &quot;el Carnaval de C\u00e1diz se queda hu\u00e9rfano, sin una\" \/>\n\t\t<meta property=\"og:url\" content=\"https:\/\/eldigitaldeasturias.com\/magazine365\/fallece-maria-la-hierbabuena-una-de-la-figuras-mas-populares-del-carnaval-de-cadiz\/\" \/>\n\t\t<meta property=\"og:image\" content=\"https:\/\/eldigitaldeasturias.com\/magazine365\/wp-content\/uploads\/2016\/02\/fotonoticia_20160202111420_800.jpg\" \/>\n\t\t<meta property=\"og:image:secure_url\" content=\"https:\/\/eldigitaldeasturias.com\/magazine365\/wp-content\/uploads\/2016\/02\/fotonoticia_20160202111420_800.jpg\" \/>\n\t\t<meta property=\"og:image:width\" content=\"800\" \/>\n\t\t<meta property=\"og:image:height\" content=\"534\" \/>\n\t\t<meta property=\"article:published_time\" content=\"2016-02-06T03:56:07+00:00\" \/>\n\t\t<meta property=\"article:modified_time\" content=\"2016-02-06T03:56:07+00:00\" \/>\n\t\t<meta name=\"twitter:card\" content=\"summary_large_image\" \/>\n\t\t<meta name=\"twitter:title\" content=\"Fallece Mar\u00eda la Hierbabuena, una de la figuras m\u00e1s populares del Carnaval de C\u00e1diz | El Digital de Asturias\" \/>\n\t\t<meta name=\"twitter:description\" content=\"El Ayuntamiento de C\u00e1diz ha transmitido sus condolencias a la familia de Mar\u00eda del Carmen Llovet Mu\u00f1oz, &#039;Mar\u00eda la Hierbabuena&#039;, tras confirmarse su fallecimiento esta madrugada a los 80 a\u00f1os de edad. El alcalde, Jos\u00e9 Mar\u00eda Gonz\u00e1lez, de &#039;Por C\u00e1diz S\u00ed se Puede&#039;, ha afirmado que &quot;el Carnaval de C\u00e1diz se queda hu\u00e9rfano, sin una\" \/>\n\t\t<meta name=\"twitter:image\" content=\"https:\/\/eldigitaldeasturias.com\/magazine365\/wp-content\/uploads\/2016\/02\/fotonoticia_20160202111420_800.jpg\" \/>\n\t\t<script type=\"application\/ld+json\" class=\"aioseo-schema\">\n\t\t\t{\"@context\":\"https:\\\/\\\/schema.org\",\"@graph\":[{\"@type\":\"Article\",\"@id\":\"https:\\\/\\\/eldigitaldeasturias.com\\\/magazine365\\\/fallece-maria-la-hierbabuena-una-de-la-figuras-mas-populares-del-carnaval-de-cadiz\\\/#article\",\"name\":\"Fallece Mar\\u00eda la Hierbabuena, una de la figuras m\\u00e1s populares del Carnaval de C\\u00e1diz | El Digital de Asturias\",\"headline\":\"Fallece Mar\\u00eda la Hierbabuena, una de la figuras m\\u00e1s populares del Carnaval de C\\u00e1diz\",\"author\":{\"@id\":\"https:\\\/\\\/eldigitaldeasturias.com\\\/magazine365\\\/author\\\/admin\\\/#author\"},\"publisher\":{\"@id\":\"https:\\\/\\\/eldigitaldeasturias.com\\\/magazine365\\\/#organization\"},\"image\":{\"@type\":\"ImageObject\",\"url\":\"https:\\\/\\\/eldigitaldeasturias.com\\\/magazine365\\\/wp-content\\\/uploads\\\/2016\\\/02\\\/fotonoticia_20160202111420_800.jpg\",\"width\":800,\"height\":534},\"datePublished\":\"2016-02-06T04:56:07+01:00\",\"dateModified\":\"2016-02-06T04:56:07+01:00\",\"inLanguage\":\"es-ES\",\"mainEntityOfPage\":{\"@id\":\"https:\\\/\\\/eldigitaldeasturias.com\\\/magazine365\\\/fallece-maria-la-hierbabuena-una-de-la-figuras-mas-populares-del-carnaval-de-cadiz\\\/#webpage\"},\"isPartOf\":{\"@id\":\"https:\\\/\\\/eldigitaldeasturias.com\\\/magazine365\\\/fallece-maria-la-hierbabuena-una-de-la-figuras-mas-populares-del-carnaval-de-cadiz\\\/#webpage\"},\"articleSection\":\"Noticias y Actualidad\"},{\"@type\":\"BreadcrumbList\",\"@id\":\"https:\\\/\\\/eldigitaldeasturias.com\\\/magazine365\\\/fallece-maria-la-hierbabuena-una-de-la-figuras-mas-populares-del-carnaval-de-cadiz\\\/#breadcrumblist\",\"itemListElement\":[{\"@type\":\"ListItem\",\"@id\":\"https:\\\/\\\/eldigitaldeasturias.com\\\/magazine365#listItem\",\"position\":1,\"name\":\"Home\",\"item\":\"https:\\\/\\\/eldigitaldeasturias.com\\\/magazine365\",\"nextItem\":{\"@type\":\"ListItem\",\"@id\":\"https:\\\/\\\/eldigitaldeasturias.com\\\/magazine365\\\/category\\\/noticias-actualidad\\\/#listItem\",\"name\":\"Noticias y Actualidad\"}},{\"@type\":\"ListItem\",\"@id\":\"https:\\\/\\\/eldigitaldeasturias.com\\\/magazine365\\\/category\\\/noticias-actualidad\\\/#listItem\",\"position\":2,\"name\":\"Noticias y Actualidad\",\"item\":\"https:\\\/\\\/eldigitaldeasturias.com\\\/magazine365\\\/category\\\/noticias-actualidad\\\/\",\"nextItem\":{\"@type\":\"ListItem\",\"@id\":\"https:\\\/\\\/eldigitaldeasturias.com\\\/magazine365\\\/fallece-maria-la-hierbabuena-una-de-la-figuras-mas-populares-del-carnaval-de-cadiz\\\/#listItem\",\"name\":\"Fallece Mar\\u00eda la Hierbabuena, una de la figuras m\\u00e1s populares del Carnaval de C\\u00e1diz\"},\"previousItem\":{\"@type\":\"ListItem\",\"@id\":\"https:\\\/\\\/eldigitaldeasturias.com\\\/magazine365#listItem\",\"name\":\"Home\"}},{\"@type\":\"ListItem\",\"@id\":\"https:\\\/\\\/eldigitaldeasturias.com\\\/magazine365\\\/fallece-maria-la-hierbabuena-una-de-la-figuras-mas-populares-del-carnaval-de-cadiz\\\/#listItem\",\"position\":3,\"name\":\"Fallece Mar\\u00eda la Hierbabuena, una de la figuras m\\u00e1s populares del Carnaval de C\\u00e1diz\",\"previousItem\":{\"@type\":\"ListItem\",\"@id\":\"https:\\\/\\\/eldigitaldeasturias.com\\\/magazine365\\\/category\\\/noticias-actualidad\\\/#listItem\",\"name\":\"Noticias y Actualidad\"}}]},{\"@type\":\"Organization\",\"@id\":\"https:\\\/\\\/eldigitaldeasturias.com\\\/magazine365\\\/#organization\",\"name\":\"El digital de Asturias\",\"description\":\"Revista de ocio, turismo y estilo de vida\",\"url\":\"https:\\\/\\\/eldigitaldeasturias.com\\\/magazine365\\\/\",\"logo\":{\"@type\":\"ImageObject\",\"url\":\"https:\\\/\\\/www.eldigitaldeasturias.com\\\/noticias\\\/wp-content\\\/uploads\\\/2020\\\/12\\\/EDA.jpg\",\"@id\":\"https:\\\/\\\/eldigitaldeasturias.com\\\/magazine365\\\/fallece-maria-la-hierbabuena-una-de-la-figuras-mas-populares-del-carnaval-de-cadiz\\\/#organizationLogo\"},\"image\":{\"@id\":\"https:\\\/\\\/eldigitaldeasturias.com\\\/magazine365\\\/fallece-maria-la-hierbabuena-una-de-la-figuras-mas-populares-del-carnaval-de-cadiz\\\/#organizationLogo\"}},{\"@type\":\"Person\",\"@id\":\"https:\\\/\\\/eldigitaldeasturias.com\\\/magazine365\\\/author\\\/admin\\\/#author\",\"url\":\"https:\\\/\\\/eldigitaldeasturias.com\\\/magazine365\\\/author\\\/admin\\\/\",\"name\":\"admin\",\"image\":{\"@type\":\"ImageObject\",\"@id\":\"https:\\\/\\\/eldigitaldeasturias.com\\\/magazine365\\\/fallece-maria-la-hierbabuena-una-de-la-figuras-mas-populares-del-carnaval-de-cadiz\\\/#authorImage\",\"url\":\"https:\\\/\\\/eldigitaldeasturias.com\\\/magazine365\\\/wp-content\\\/litespeed\\\/avatar\\\/e571bcf59a0edd6fa6838245a470f2fe.jpg?ver=1776969259\",\"width\":96,\"height\":96,\"caption\":\"admin\"}},{\"@type\":\"WebPage\",\"@id\":\"https:\\\/\\\/eldigitaldeasturias.com\\\/magazine365\\\/fallece-maria-la-hierbabuena-una-de-la-figuras-mas-populares-del-carnaval-de-cadiz\\\/#webpage\",\"url\":\"https:\\\/\\\/eldigitaldeasturias.com\\\/magazine365\\\/fallece-maria-la-hierbabuena-una-de-la-figuras-mas-populares-del-carnaval-de-cadiz\\\/\",\"name\":\"Fallece Mar\\u00eda la Hierbabuena, una de la figuras m\\u00e1s populares del Carnaval de C\\u00e1diz | El Digital de Asturias\",\"description\":\"El Ayuntamiento de C\\u00e1diz ha transmitido sus condolencias a la familia de Mar\\u00eda del Carmen Llovet Mu\\u00f1oz, 'Mar\\u00eda la Hierbabuena', tras confirmarse su fallecimiento esta madrugada a los 80 a\\u00f1os de edad. El alcalde, Jos\\u00e9 Mar\\u00eda Gonz\\u00e1lez, de 'Por C\\u00e1diz S\\u00ed se Puede', ha afirmado que \\\"el Carnaval de C\\u00e1diz se queda hu\\u00e9rfano, sin una\",\"inLanguage\":\"es-ES\",\"isPartOf\":{\"@id\":\"https:\\\/\\\/eldigitaldeasturias.com\\\/magazine365\\\/#website\"},\"breadcrumb\":{\"@id\":\"https:\\\/\\\/eldigitaldeasturias.com\\\/magazine365\\\/fallece-maria-la-hierbabuena-una-de-la-figuras-mas-populares-del-carnaval-de-cadiz\\\/#breadcrumblist\"},\"author\":{\"@id\":\"https:\\\/\\\/eldigitaldeasturias.com\\\/magazine365\\\/author\\\/admin\\\/#author\"},\"creator\":{\"@id\":\"https:\\\/\\\/eldigitaldeasturias.com\\\/magazine365\\\/author\\\/admin\\\/#author\"},\"image\":{\"@type\":\"ImageObject\",\"url\":\"https:\\\/\\\/eldigitaldeasturias.com\\\/magazine365\\\/wp-content\\\/uploads\\\/2016\\\/02\\\/fotonoticia_20160202111420_800.jpg\",\"@id\":\"https:\\\/\\\/eldigitaldeasturias.com\\\/magazine365\\\/fallece-maria-la-hierbabuena-una-de-la-figuras-mas-populares-del-carnaval-de-cadiz\\\/#mainImage\",\"width\":800,\"height\":534},\"primaryImageOfPage\":{\"@id\":\"https:\\\/\\\/eldigitaldeasturias.com\\\/magazine365\\\/fallece-maria-la-hierbabuena-una-de-la-figuras-mas-populares-del-carnaval-de-cadiz\\\/#mainImage\"},\"datePublished\":\"2016-02-06T04:56:07+01:00\",\"dateModified\":\"2016-02-06T04:56:07+01:00\"},{\"@type\":\"WebSite\",\"@id\":\"https:\\\/\\\/eldigitaldeasturias.com\\\/magazine365\\\/#website\",\"url\":\"https:\\\/\\\/eldigitaldeasturias.com\\\/magazine365\\\/\",\"name\":\"El Digital de Asturias\",\"description\":\"Revista de ocio, turismo y estilo de vida\",\"inLanguage\":\"es-ES\",\"publisher\":{\"@id\":\"https:\\\/\\\/eldigitaldeasturias.com\\\/magazine365\\\/#organization\"}}]}\n\t\t<\/script>\n\t\t<!-- All in One SEO Pro -->\r\n\t\t<title>Fallece Mar\u00eda la Hierbabuena, una de la figuras m\u00e1s populares del Carnaval de C\u00e1diz | El Digital de Asturias<\/title>\n\n","aioseo_head_json":{"title":"Fallece Mar\u00eda la Hierbabuena, una de la figuras m\u00e1s populares del Carnaval de C\u00e1diz | El Digital de Asturias","description":"El Ayuntamiento de C\u00e1diz ha transmitido sus condolencias a la familia de Mar\u00eda del Carmen Llovet Mu\u00f1oz, 'Mar\u00eda la Hierbabuena', tras confirmarse su fallecimiento esta madrugada a los 80 a\u00f1os de edad. El alcalde, Jos\u00e9 Mar\u00eda Gonz\u00e1lez, de 'Por C\u00e1diz S\u00ed se Puede', ha afirmado que \"el Carnaval de C\u00e1diz se queda hu\u00e9rfano, sin una","canonical_url":"https:\/\/eldigitaldeasturias.com\/magazine365\/fallece-maria-la-hierbabuena-una-de-la-figuras-mas-populares-del-carnaval-de-cadiz\/","robots":"max-image-preview:large","keywords":"noticias y actualidad","webmasterTools":{"google-site-verification":"UA-38556648-1","miscellaneous":""},"schema":{"@context":"https:\/\/schema.org","@graph":[{"@type":"Article","@id":"https:\/\/eldigitaldeasturias.com\/magazine365\/fallece-maria-la-hierbabuena-una-de-la-figuras-mas-populares-del-carnaval-de-cadiz\/#article","name":"Fallece Mar\u00eda la Hierbabuena, una de la figuras m\u00e1s populares del Carnaval de C\u00e1diz | El Digital de Asturias","headline":"Fallece Mar\u00eda la Hierbabuena, una de la figuras m\u00e1s populares del Carnaval de C\u00e1diz","author":{"@id":"https:\/\/eldigitaldeasturias.com\/magazine365\/author\/admin\/#author"},"publisher":{"@id":"https:\/\/eldigitaldeasturias.com\/magazine365\/#organization"},"image":{"@type":"ImageObject","url":"https:\/\/eldigitaldeasturias.com\/magazine365\/wp-content\/uploads\/2016\/02\/fotonoticia_20160202111420_800.jpg","width":800,"height":534},"datePublished":"2016-02-06T04:56:07+01:00","dateModified":"2016-02-06T04:56:07+01:00","inLanguage":"es-ES","mainEntityOfPage":{"@id":"https:\/\/eldigitaldeasturias.com\/magazine365\/fallece-maria-la-hierbabuena-una-de-la-figuras-mas-populares-del-carnaval-de-cadiz\/#webpage"},"isPartOf":{"@id":"https:\/\/eldigitaldeasturias.com\/magazine365\/fallece-maria-la-hierbabuena-una-de-la-figuras-mas-populares-del-carnaval-de-cadiz\/#webpage"},"articleSection":"Noticias y Actualidad"},{"@type":"BreadcrumbList","@id":"https:\/\/eldigitaldeasturias.com\/magazine365\/fallece-maria-la-hierbabuena-una-de-la-figuras-mas-populares-del-carnaval-de-cadiz\/#breadcrumblist","itemListElement":[{"@type":"ListItem","@id":"https:\/\/eldigitaldeasturias.com\/magazine365#listItem","position":1,"name":"Home","item":"https:\/\/eldigitaldeasturias.com\/magazine365","nextItem":{"@type":"ListItem","@id":"https:\/\/eldigitaldeasturias.com\/magazine365\/category\/noticias-actualidad\/#listItem","name":"Noticias y Actualidad"}},{"@type":"ListItem","@id":"https:\/\/eldigitaldeasturias.com\/magazine365\/category\/noticias-actualidad\/#listItem","position":2,"name":"Noticias y Actualidad","item":"https:\/\/eldigitaldeasturias.com\/magazine365\/category\/noticias-actualidad\/","nextItem":{"@type":"ListItem","@id":"https:\/\/eldigitaldeasturias.com\/magazine365\/fallece-maria-la-hierbabuena-una-de-la-figuras-mas-populares-del-carnaval-de-cadiz\/#listItem","name":"Fallece Mar\u00eda la Hierbabuena, una de la figuras m\u00e1s populares del Carnaval de C\u00e1diz"},"previousItem":{"@type":"ListItem","@id":"https:\/\/eldigitaldeasturias.com\/magazine365#listItem","name":"Home"}},{"@type":"ListItem","@id":"https:\/\/eldigitaldeasturias.com\/magazine365\/fallece-maria-la-hierbabuena-una-de-la-figuras-mas-populares-del-carnaval-de-cadiz\/#listItem","position":3,"name":"Fallece Mar\u00eda la Hierbabuena, una de la figuras m\u00e1s populares del Carnaval de C\u00e1diz","previousItem":{"@type":"ListItem","@id":"https:\/\/eldigitaldeasturias.com\/magazine365\/category\/noticias-actualidad\/#listItem","name":"Noticias y Actualidad"}}]},{"@type":"Organization","@id":"https:\/\/eldigitaldeasturias.com\/magazine365\/#organization","name":"El digital de Asturias","description":"Revista de ocio, turismo y estilo de vida","url":"https:\/\/eldigitaldeasturias.com\/magazine365\/","logo":{"@type":"ImageObject","url":"https:\/\/www.eldigitaldeasturias.com\/noticias\/wp-content\/uploads\/2020\/12\/EDA.jpg","@id":"https:\/\/eldigitaldeasturias.com\/magazine365\/fallece-maria-la-hierbabuena-una-de-la-figuras-mas-populares-del-carnaval-de-cadiz\/#organizationLogo"},"image":{"@id":"https:\/\/eldigitaldeasturias.com\/magazine365\/fallece-maria-la-hierbabuena-una-de-la-figuras-mas-populares-del-carnaval-de-cadiz\/#organizationLogo"}},{"@type":"Person","@id":"https:\/\/eldigitaldeasturias.com\/magazine365\/author\/admin\/#author","url":"https:\/\/eldigitaldeasturias.com\/magazine365\/author\/admin\/","name":"admin","image":{"@type":"ImageObject","@id":"https:\/\/eldigitaldeasturias.com\/magazine365\/fallece-maria-la-hierbabuena-una-de-la-figuras-mas-populares-del-carnaval-de-cadiz\/#authorImage","url":"https:\/\/eldigitaldeasturias.com\/magazine365\/wp-content\/litespeed\/avatar\/e571bcf59a0edd6fa6838245a470f2fe.jpg?ver=1776969259","width":96,"height":96,"caption":"admin"}},{"@type":"WebPage","@id":"https:\/\/eldigitaldeasturias.com\/magazine365\/fallece-maria-la-hierbabuena-una-de-la-figuras-mas-populares-del-carnaval-de-cadiz\/#webpage","url":"https:\/\/eldigitaldeasturias.com\/magazine365\/fallece-maria-la-hierbabuena-una-de-la-figuras-mas-populares-del-carnaval-de-cadiz\/","name":"Fallece Mar\u00eda la Hierbabuena, una de la figuras m\u00e1s populares del Carnaval de C\u00e1diz | El Digital de Asturias","description":"El Ayuntamiento de C\u00e1diz ha transmitido sus condolencias a la familia de Mar\u00eda del Carmen Llovet Mu\u00f1oz, 'Mar\u00eda la Hierbabuena', tras confirmarse su fallecimiento esta madrugada a los 80 a\u00f1os de edad. El alcalde, Jos\u00e9 Mar\u00eda Gonz\u00e1lez, de 'Por C\u00e1diz S\u00ed se Puede', ha afirmado que \"el Carnaval de C\u00e1diz se queda hu\u00e9rfano, sin una","inLanguage":"es-ES","isPartOf":{"@id":"https:\/\/eldigitaldeasturias.com\/magazine365\/#website"},"breadcrumb":{"@id":"https:\/\/eldigitaldeasturias.com\/magazine365\/fallece-maria-la-hierbabuena-una-de-la-figuras-mas-populares-del-carnaval-de-cadiz\/#breadcrumblist"},"author":{"@id":"https:\/\/eldigitaldeasturias.com\/magazine365\/author\/admin\/#author"},"creator":{"@id":"https:\/\/eldigitaldeasturias.com\/magazine365\/author\/admin\/#author"},"image":{"@type":"ImageObject","url":"https:\/\/eldigitaldeasturias.com\/magazine365\/wp-content\/uploads\/2016\/02\/fotonoticia_20160202111420_800.jpg","@id":"https:\/\/eldigitaldeasturias.com\/magazine365\/fallece-maria-la-hierbabuena-una-de-la-figuras-mas-populares-del-carnaval-de-cadiz\/#mainImage","width":800,"height":534},"primaryImageOfPage":{"@id":"https:\/\/eldigitaldeasturias.com\/magazine365\/fallece-maria-la-hierbabuena-una-de-la-figuras-mas-populares-del-carnaval-de-cadiz\/#mainImage"},"datePublished":"2016-02-06T04:56:07+01:00","dateModified":"2016-02-06T04:56:07+01:00"},{"@type":"WebSite","@id":"https:\/\/eldigitaldeasturias.com\/magazine365\/#website","url":"https:\/\/eldigitaldeasturias.com\/magazine365\/","name":"El Digital de Asturias","description":"Revista de ocio, turismo y estilo de vida","inLanguage":"es-ES","publisher":{"@id":"https:\/\/eldigitaldeasturias.com\/magazine365\/#organization"}}]},"og:locale":"es_ES","og:site_name":"El Digital de Asturias \u2013 Revista de ocio, turismo y estilo de vida","og:type":"article","og:title":"Fallece Mar\u00eda la Hierbabuena, una de la figuras m\u00e1s populares del Carnaval de C\u00e1diz | El Digital de Asturias","og:description":"El Ayuntamiento de C\u00e1diz ha transmitido sus condolencias a la familia de Mar\u00eda del Carmen Llovet Mu\u00f1oz, 'Mar\u00eda la Hierbabuena', tras confirmarse su fallecimiento esta madrugada a los 80 a\u00f1os de edad. El alcalde, Jos\u00e9 Mar\u00eda Gonz\u00e1lez, de 'Por C\u00e1diz S\u00ed se Puede', ha afirmado que &quot;el Carnaval de C\u00e1diz se queda hu\u00e9rfano, sin una","og:url":"https:\/\/eldigitaldeasturias.com\/magazine365\/fallece-maria-la-hierbabuena-una-de-la-figuras-mas-populares-del-carnaval-de-cadiz\/","og:image":"https:\/\/eldigitaldeasturias.com\/magazine365\/wp-content\/uploads\/2016\/02\/fotonoticia_20160202111420_800.jpg","og:image:secure_url":"https:\/\/eldigitaldeasturias.com\/magazine365\/wp-content\/uploads\/2016\/02\/fotonoticia_20160202111420_800.jpg","og:image:width":800,"og:image:height":534,"article:published_time":"2016-02-06T03:56:07+00:00","article:modified_time":"2016-02-06T03:56:07+00:00","twitter:card":"summary_large_image","twitter:title":"Fallece Mar\u00eda la Hierbabuena, una de la figuras m\u00e1s populares del Carnaval de C\u00e1diz | El Digital de Asturias","twitter:description":"El Ayuntamiento de C\u00e1diz ha transmitido sus condolencias a la familia de Mar\u00eda del Carmen Llovet Mu\u00f1oz, 'Mar\u00eda la Hierbabuena', tras confirmarse su fallecimiento esta madrugada a los 80 a\u00f1os de edad. El alcalde, Jos\u00e9 Mar\u00eda Gonz\u00e1lez, de 'Por C\u00e1diz S\u00ed se Puede', ha afirmado que &quot;el Carnaval de C\u00e1diz se queda hu\u00e9rfano, sin una","twitter:image":"https:\/\/eldigitaldeasturias.com\/magazine365\/wp-content\/uploads\/2016\/02\/fotonoticia_20160202111420_800.jpg"},"aioseo_meta_data":{"post_id":"63046","title":null,"description":null,"keywords":null,"keyphrases":null,"primary_term":null,"canonical_url":null,"og_title":null,"og_description":null,"og_object_type":"default","og_image_type":"default","og_image_url":null,"og_image_width":null,"og_image_height":null,"og_image_custom_url":null,"og_image_custom_fields":null,"og_video":null,"og_custom_url":null,"og_article_section":null,"og_article_tags":null,"twitter_use_og":false,"twitter_card":"default","twitter_image_type":"default","twitter_image_url":null,"twitter_image_custom_url":null,"twitter_image_custom_fields":null,"twitter_title":null,"twitter_description":null,"schema":{"blockGraphs":[],"customGraphs":[],"default":{"data":{"Article":[],"Course":[],"Dataset":[],"FAQPage":[],"Movie":[],"Person":[],"Product":[],"ProductReview":[],"Car":[],"Recipe":[],"Service":[],"SoftwareApplication":[],"WebPage":[]},"graphName":"","isEnabled":true},"graphs":[],"defaultGraph":"","defaultPostTypeGraph":""},"schema_type":null,"schema_type_options":null,"pillar_content":false,"robots_default":true,"robots_noindex":false,"robots_noarchive":false,"robots_nosnippet":false,"robots_nofollow":false,"robots_noimageindex":false,"robots_noodp":false,"robots_notranslate":false,"robots_max_snippet":null,"robots_max_videopreview":null,"robots_max_imagepreview":"large","priority":null,"frequency":null,"location":null,"local_seo":null,"seo_analyzer_scan_date":"2025-09-25 12:23:07","breadcrumb_settings":null,"limit_modified_date":false,"open_ai":null,"ai":null,"created":"2021-03-08 21:28:01","updated":"2025-09-25 12:23:07"},"aioseo_breadcrumb":"<div class=\"aioseo-breadcrumbs\"><span class=\"aioseo-breadcrumb\">\n\t<a href=\"https:\/\/eldigitaldeasturias.com\/magazine365\" title=\"Home\">Home<\/a>\n<\/span><span class=\"aioseo-breadcrumb-separator\">\u2013<\/span><span class=\"aioseo-breadcrumb\">\n\t<a href=\"https:\/\/eldigitaldeasturias.com\/magazine365\/category\/noticias-actualidad\/\" title=\"Noticias y Actualidad\">Noticias y Actualidad<\/a>\n<\/span><span class=\"aioseo-breadcrumb-separator\">\u2013<\/span><span class=\"aioseo-breadcrumb\">\n\t<a href=\"https:\/\/eldigitaldeasturias.com\/magazine365\/fallece-maria-la-hierbabuena-una-de-la-figuras-mas-populares-del-carnaval-de-cadiz\/\" title=\"Fallece Mar\u00eda la Hierbabuena, una de la figuras m\u00e1s populares del Carnaval de C\u00e1diz\">Fallece Mar\u00eda la Hierbabuena, una de la figuras m\u00e1s populares del Carnaval de C\u00e1diz<\/a>\n<\/span><\/div>","aioseo_breadcrumb_json":[{"label":"Home","link":"https:\/\/eldigitaldeasturias.com\/magazine365"},{"label":"Noticias y Actualidad","link":"https:\/\/eldigitaldeasturias.com\/magazine365\/category\/noticias-actualidad\/"},{"label":"Fallece Mar\u00eda la Hierbabuena, una de la figuras m\u00e1s populares del Carnaval de C\u00e1diz","link":"https:\/\/eldigitaldeasturias.com\/magazine365\/fallece-maria-la-hierbabuena-una-de-la-figuras-mas-populares-del-carnaval-de-cadiz\/"}],"_links":{"self":[{"href":"https:\/\/eldigitaldeasturias.com\/magazine365\/wp-json\/wp\/v2\/posts\/63046","targetHints":{"allow":["GET"]}}],"collection":[{"href":"https:\/\/eldigitaldeasturias.com\/magazine365\/wp-json\/wp\/v2\/posts"}],"about":[{"href":"https:\/\/eldigitaldeasturias.com\/magazine365\/wp-json\/wp\/v2\/types\/post"}],"author":[{"embeddable":true,"href":"https:\/\/eldigitaldeasturias.com\/magazine365\/wp-json\/wp\/v2\/users\/1"}],"replies":[{"embeddable":true,"href":"https:\/\/eldigitaldeasturias.com\/magazine365\/wp-json\/wp\/v2\/comments?post=63046"}],"version-history":[{"count":0,"href":"https:\/\/eldigitaldeasturias.com\/magazine365\/wp-json\/wp\/v2\/posts\/63046\/revisions"}],"wp:featuredmedia":[{"embeddable":true,"href":"https:\/\/eldigitaldeasturias.com\/magazine365\/wp-json\/wp\/v2\/media\/63047"}],"wp:attachment":[{"href":"https:\/\/eldigitaldeasturias.com\/magazine365\/wp-json\/wp\/v2\/media?parent=63046"}],"wp:term":[{"taxonomy":"category","embeddable":true,"href":"https:\/\/eldigitaldeasturias.com\/magazine365\/wp-json\/wp\/v2\/categories?post=63046"},{"taxonomy":"post_tag","embeddable":true,"href":"https:\/\/eldigitaldeasturias.com\/magazine365\/wp-json\/wp\/v2\/tags?post=63046"}],"curies":[{"name":"wp","href":"https:\/\/api.w.org\/{rel}","templated":true}]}}