{"id":63043,"date":"2016-02-06T04:55:13","date_gmt":"2016-02-06T03:55:13","guid":{"rendered":"http:\/\/eldigitaldeasturias.com\/magazine365\/?p=63043"},"modified":"2016-02-06T04:55:13","modified_gmt":"2016-02-06T03:55:13","slug":"baleares-registra-un-incremento-del-turismo-espanol-del-13-durante-este-invierno","status":"publish","type":"post","link":"https:\/\/eldigitaldeasturias.com\/magazine365\/baleares-registra-un-incremento-del-turismo-espanol-del-13-durante-este-invierno\/","title":{"rendered":"Baleares registra un incremento del turismo espa\u00f1ol del 13% durante este invierno"},"content":{"rendered":"<p><img fetchpriority=\"high\" decoding=\"async\" class=\"alignleft size-medium wp-image-63044\" src=\"https:\/\/eldigitaldeasturias.com\/magazine365\/wp-content\/uploads\/2016\/02\/fotonoticia_20160202111252_800-360x270.jpg\" alt=\"fotonoticia_20160202111252_800\" width=\"360\" height=\"270\" srcset=\"https:\/\/eldigitaldeasturias.com\/magazine365\/wp-content\/uploads\/2016\/02\/fotonoticia_20160202111252_800-360x270.jpg 360w, https:\/\/eldigitaldeasturias.com\/magazine365\/wp-content\/uploads\/2016\/02\/fotonoticia_20160202111252_800-650x488.jpg 650w, https:\/\/eldigitaldeasturias.com\/magazine365\/wp-content\/uploads\/2016\/02\/fotonoticia_20160202111252_800-768x576.jpg 768w, https:\/\/eldigitaldeasturias.com\/magazine365\/wp-content\/uploads\/2016\/02\/fotonoticia_20160202111252_800-150x113.jpg 150w, https:\/\/eldigitaldeasturias.com\/magazine365\/wp-content\/uploads\/2016\/02\/fotonoticia_20160202111252_800-450x338.jpg 450w, https:\/\/eldigitaldeasturias.com\/magazine365\/wp-content\/uploads\/2016\/02\/fotonoticia_20160202111252_800-80x60.jpg 80w, https:\/\/eldigitaldeasturias.com\/magazine365\/wp-content\/uploads\/2016\/02\/fotonoticia_20160202111252_800-265x198.jpg 265w, https:\/\/eldigitaldeasturias.com\/magazine365\/wp-content\/uploads\/2016\/02\/fotonoticia_20160202111252_800-696x522.jpg 696w, https:\/\/eldigitaldeasturias.com\/magazine365\/wp-content\/uploads\/2016\/02\/fotonoticia_20160202111252_800-560x420.jpg 560w, https:\/\/eldigitaldeasturias.com\/magazine365\/wp-content\/uploads\/2016\/02\/fotonoticia_20160202111252_800-90x67.jpg 90w, https:\/\/eldigitaldeasturias.com\/magazine365\/wp-content\/uploads\/2016\/02\/fotonoticia_20160202111252_800-164x124.jpg 164w, https:\/\/eldigitaldeasturias.com\/magazine365\/wp-content\/uploads\/2016\/02\/fotonoticia_20160202111252_800-100x75.jpg 100w, https:\/\/eldigitaldeasturias.com\/magazine365\/wp-content\/uploads\/2016\/02\/fotonoticia_20160202111252_800.jpg 800w\" sizes=\"(max-width: 360px) 100vw, 360px\" \/>Baleares registrar\u00e1 un incremento del turismo espa\u00f1ol del 13 por ciento durante el invierno 2015-2016, seg\u00fan ha revelado este martes el vicepresidente y conseller de Innovaci\u00f3n, Investigaci\u00f3n y Turismo, Biel Barcel\u00f3, durante el primer pleno ordinario del Parlament de este a\u00f1o.<\/p>\n<p>As\u00ed se ha pronunciado en respuesta a una pregunta parlamentaria, donde, por otro lado, tambi\u00e9n ha apuntado que se debe abrir un debate en la comunidad sobre la delimitaci\u00f3n de las plazas tur\u00edsticas que se ofrecen, una materia que, ha dicho, quieren abordar desde el GOB hasta la Federaci\u00f3n Empresarial Hotelera de Mallorca (FEHM).<\/p>\n<p>Adem\u00e1s, preguntado por Fitur, el vicepresidente ha explicado que en esta feria tur\u00edstica se apost\u00f3 por la delimitaci\u00f3n de las Islas y por la cultura y la gastronom\u00eda de la comunidad porque son las principales demandas de los turistas durante la temporada baja. Asimismo, ha negado que existieran los \u00abruidos\u00bb que asegura el PP, ha dicho en alusi\u00f3n a las supuestas quejas del sector ante el decreto urban\u00edstico.<\/p>\n<p>Seg\u00fan ha dicho Barcel\u00f3, en Baleares existen \u00abmuchos proyectos en marcha de modernizaci\u00f3n de la planta hotelera y el decreto lo sigue permitiendo. Es falso que no se puedan hacer las modernizaciones\u00bb, ha declarado.<\/p>\n<p>Por su parte, el diputado del PP \u00c1lvaro Gij\u00f3n ha destacado la \u00abpreocupaci\u00f3n\u00bb que exist\u00eda en Fitur sobre este nuevo decreto del Govern que, ha augurado, significar\u00e1 una reducci\u00f3n en el n\u00famero de modernizaciones de la planta hotelera.<\/p>\n<p>Adem\u00e1s, el &#8216;popular&#8217; ha dicho al Ejecutivo balear que, si va a apostar por la gastronom\u00eda de las Islas, es necesario modernizar las instalaciones.<\/p>\n","protected":false},"excerpt":{"rendered":"<p>Baleares registrar\u00e1 un incremento del turismo espa\u00f1ol del 13 por ciento durante el invierno 2015-2016, seg\u00fan ha revelado este martes el vicepresidente y conseller de Innovaci\u00f3n, Investigaci\u00f3n y Turismo, Biel Barcel\u00f3, durante el primer pleno ordinario del Parlament de este a\u00f1o. As\u00ed se ha pronunciado en respuesta a una pregunta parlamentaria, donde, por otro lado,<\/p>\n","protected":false},"author":1,"featured_media":63044,"comment_status":"open","ping_status":"closed","sticky":false,"template":"","format":"standard","meta":{"footnotes":""},"categories":[224],"tags":[],"class_list":{"0":"post-63043","1":"post","2":"type-post","3":"status-publish","4":"format-standard","5":"has-post-thumbnail","7":"category-noticias-actualidad"},"aioseo_notices":[],"aioseo_head":"\n\t\t<!-- All in One SEO Pro 4.9.6.1 - aioseo.com -->\n\t<meta name=\"description\" content=\"Baleares registrar\u00e1 un incremento del turismo espa\u00f1ol del 13 por ciento durante el invierno 2015-2016, seg\u00fan ha revelado este martes el vicepresidente y conseller de Innovaci\u00f3n, Investigaci\u00f3n y Turismo, Biel Barcel\u00f3, durante el primer pleno ordinario del Parlament de este a\u00f1o. As\u00ed se ha pronunciado en respuesta a una pregunta parlamentaria, donde, por otro lado,\" \/>\n\t<meta name=\"robots\" content=\"max-image-preview:large\" \/>\n\t<meta name=\"author\" content=\"admin\"\/>\n\t<meta name=\"google-site-verification\" content=\"UA-38556648-1\" \/>\n\t<meta name=\"keywords\" content=\"noticias y actualidad\" \/>\n\t<link rel=\"canonical\" href=\"https:\/\/eldigitaldeasturias.com\/magazine365\/baleares-registra-un-incremento-del-turismo-espanol-del-13-durante-este-invierno\/\" \/>\n\t<meta name=\"generator\" content=\"All in One SEO Pro (AIOSEO) 4.9.6.1\" \/>\n\t\t<meta property=\"og:locale\" content=\"es_ES\" \/>\n\t\t<meta property=\"og:site_name\" content=\"El Digital de Asturias \u2013 Revista de ocio, turismo y estilo de vida\" \/>\n\t\t<meta property=\"og:type\" content=\"article\" \/>\n\t\t<meta property=\"og:title\" content=\"Baleares registra un incremento del turismo espa\u00f1ol del 13% durante este invierno | El Digital de Asturias\" \/>\n\t\t<meta property=\"og:description\" content=\"Baleares registrar\u00e1 un incremento del turismo espa\u00f1ol del 13 por ciento durante el invierno 2015-2016, seg\u00fan ha revelado este martes el vicepresidente y conseller de Innovaci\u00f3n, Investigaci\u00f3n y Turismo, Biel Barcel\u00f3, durante el primer pleno ordinario del Parlament de este a\u00f1o. As\u00ed se ha pronunciado en respuesta a una pregunta parlamentaria, donde, por otro lado,\" \/>\n\t\t<meta property=\"og:url\" content=\"https:\/\/eldigitaldeasturias.com\/magazine365\/baleares-registra-un-incremento-del-turismo-espanol-del-13-durante-este-invierno\/\" \/>\n\t\t<meta property=\"og:image\" content=\"https:\/\/eldigitaldeasturias.com\/magazine365\/wp-content\/uploads\/2016\/02\/fotonoticia_20160202111252_800.jpg\" \/>\n\t\t<meta property=\"og:image:secure_url\" content=\"https:\/\/eldigitaldeasturias.com\/magazine365\/wp-content\/uploads\/2016\/02\/fotonoticia_20160202111252_800.jpg\" \/>\n\t\t<meta property=\"og:image:width\" content=\"800\" \/>\n\t\t<meta property=\"og:image:height\" content=\"600\" \/>\n\t\t<meta property=\"article:published_time\" content=\"2016-02-06T03:55:13+00:00\" \/>\n\t\t<meta property=\"article:modified_time\" content=\"2016-02-06T03:55:13+00:00\" \/>\n\t\t<meta name=\"twitter:card\" content=\"summary_large_image\" \/>\n\t\t<meta name=\"twitter:title\" content=\"Baleares registra un incremento del turismo espa\u00f1ol del 13% durante este invierno | El Digital de Asturias\" \/>\n\t\t<meta name=\"twitter:description\" content=\"Baleares registrar\u00e1 un incremento del turismo espa\u00f1ol del 13 por ciento durante el invierno 2015-2016, seg\u00fan ha revelado este martes el vicepresidente y conseller de Innovaci\u00f3n, Investigaci\u00f3n y Turismo, Biel Barcel\u00f3, durante el primer pleno ordinario del Parlament de este a\u00f1o. As\u00ed se ha pronunciado en respuesta a una pregunta parlamentaria, donde, por otro lado,\" \/>\n\t\t<meta name=\"twitter:image\" content=\"https:\/\/eldigitaldeasturias.com\/magazine365\/wp-content\/uploads\/2016\/02\/fotonoticia_20160202111252_800.jpg\" \/>\n\t\t<script type=\"application\/ld+json\" class=\"aioseo-schema\">\n\t\t\t{\"@context\":\"https:\\\/\\\/schema.org\",\"@graph\":[{\"@type\":\"Article\",\"@id\":\"https:\\\/\\\/eldigitaldeasturias.com\\\/magazine365\\\/baleares-registra-un-incremento-del-turismo-espanol-del-13-durante-este-invierno\\\/#article\",\"name\":\"Baleares registra un incremento del turismo espa\\u00f1ol del 13% durante este invierno | El Digital de Asturias\",\"headline\":\"Baleares registra un incremento del turismo espa\\u00f1ol del 13% durante este invierno\",\"author\":{\"@id\":\"https:\\\/\\\/eldigitaldeasturias.com\\\/magazine365\\\/author\\\/admin\\\/#author\"},\"publisher\":{\"@id\":\"https:\\\/\\\/eldigitaldeasturias.com\\\/magazine365\\\/#organization\"},\"image\":{\"@type\":\"ImageObject\",\"url\":\"https:\\\/\\\/eldigitaldeasturias.com\\\/magazine365\\\/wp-content\\\/uploads\\\/2016\\\/02\\\/fotonoticia_20160202111252_800.jpg\",\"width\":800,\"height\":600},\"datePublished\":\"2016-02-06T04:55:13+01:00\",\"dateModified\":\"2016-02-06T04:55:13+01:00\",\"inLanguage\":\"es-ES\",\"mainEntityOfPage\":{\"@id\":\"https:\\\/\\\/eldigitaldeasturias.com\\\/magazine365\\\/baleares-registra-un-incremento-del-turismo-espanol-del-13-durante-este-invierno\\\/#webpage\"},\"isPartOf\":{\"@id\":\"https:\\\/\\\/eldigitaldeasturias.com\\\/magazine365\\\/baleares-registra-un-incremento-del-turismo-espanol-del-13-durante-este-invierno\\\/#webpage\"},\"articleSection\":\"Noticias y Actualidad\"},{\"@type\":\"BreadcrumbList\",\"@id\":\"https:\\\/\\\/eldigitaldeasturias.com\\\/magazine365\\\/baleares-registra-un-incremento-del-turismo-espanol-del-13-durante-este-invierno\\\/#breadcrumblist\",\"itemListElement\":[{\"@type\":\"ListItem\",\"@id\":\"https:\\\/\\\/eldigitaldeasturias.com\\\/magazine365#listItem\",\"position\":1,\"name\":\"Home\",\"item\":\"https:\\\/\\\/eldigitaldeasturias.com\\\/magazine365\",\"nextItem\":{\"@type\":\"ListItem\",\"@id\":\"https:\\\/\\\/eldigitaldeasturias.com\\\/magazine365\\\/category\\\/noticias-actualidad\\\/#listItem\",\"name\":\"Noticias y Actualidad\"}},{\"@type\":\"ListItem\",\"@id\":\"https:\\\/\\\/eldigitaldeasturias.com\\\/magazine365\\\/category\\\/noticias-actualidad\\\/#listItem\",\"position\":2,\"name\":\"Noticias y Actualidad\",\"item\":\"https:\\\/\\\/eldigitaldeasturias.com\\\/magazine365\\\/category\\\/noticias-actualidad\\\/\",\"nextItem\":{\"@type\":\"ListItem\",\"@id\":\"https:\\\/\\\/eldigitaldeasturias.com\\\/magazine365\\\/baleares-registra-un-incremento-del-turismo-espanol-del-13-durante-este-invierno\\\/#listItem\",\"name\":\"Baleares registra un incremento del turismo espa\\u00f1ol del 13% durante este invierno\"},\"previousItem\":{\"@type\":\"ListItem\",\"@id\":\"https:\\\/\\\/eldigitaldeasturias.com\\\/magazine365#listItem\",\"name\":\"Home\"}},{\"@type\":\"ListItem\",\"@id\":\"https:\\\/\\\/eldigitaldeasturias.com\\\/magazine365\\\/baleares-registra-un-incremento-del-turismo-espanol-del-13-durante-este-invierno\\\/#listItem\",\"position\":3,\"name\":\"Baleares registra un incremento del turismo espa\\u00f1ol del 13% durante este invierno\",\"previousItem\":{\"@type\":\"ListItem\",\"@id\":\"https:\\\/\\\/eldigitaldeasturias.com\\\/magazine365\\\/category\\\/noticias-actualidad\\\/#listItem\",\"name\":\"Noticias y Actualidad\"}}]},{\"@type\":\"Organization\",\"@id\":\"https:\\\/\\\/eldigitaldeasturias.com\\\/magazine365\\\/#organization\",\"name\":\"El digital de Asturias\",\"description\":\"Revista de ocio, turismo y estilo de vida\",\"url\":\"https:\\\/\\\/eldigitaldeasturias.com\\\/magazine365\\\/\",\"logo\":{\"@type\":\"ImageObject\",\"url\":\"https:\\\/\\\/www.eldigitaldeasturias.com\\\/noticias\\\/wp-content\\\/uploads\\\/2020\\\/12\\\/EDA.jpg\",\"@id\":\"https:\\\/\\\/eldigitaldeasturias.com\\\/magazine365\\\/baleares-registra-un-incremento-del-turismo-espanol-del-13-durante-este-invierno\\\/#organizationLogo\"},\"image\":{\"@id\":\"https:\\\/\\\/eldigitaldeasturias.com\\\/magazine365\\\/baleares-registra-un-incremento-del-turismo-espanol-del-13-durante-este-invierno\\\/#organizationLogo\"}},{\"@type\":\"Person\",\"@id\":\"https:\\\/\\\/eldigitaldeasturias.com\\\/magazine365\\\/author\\\/admin\\\/#author\",\"url\":\"https:\\\/\\\/eldigitaldeasturias.com\\\/magazine365\\\/author\\\/admin\\\/\",\"name\":\"admin\",\"image\":{\"@type\":\"ImageObject\",\"@id\":\"https:\\\/\\\/eldigitaldeasturias.com\\\/magazine365\\\/baleares-registra-un-incremento-del-turismo-espanol-del-13-durante-este-invierno\\\/#authorImage\",\"url\":\"https:\\\/\\\/eldigitaldeasturias.com\\\/magazine365\\\/wp-content\\\/litespeed\\\/avatar\\\/e571bcf59a0edd6fa6838245a470f2fe.jpg?ver=1776969259\",\"width\":96,\"height\":96,\"caption\":\"admin\"}},{\"@type\":\"WebPage\",\"@id\":\"https:\\\/\\\/eldigitaldeasturias.com\\\/magazine365\\\/baleares-registra-un-incremento-del-turismo-espanol-del-13-durante-este-invierno\\\/#webpage\",\"url\":\"https:\\\/\\\/eldigitaldeasturias.com\\\/magazine365\\\/baleares-registra-un-incremento-del-turismo-espanol-del-13-durante-este-invierno\\\/\",\"name\":\"Baleares registra un incremento del turismo espa\\u00f1ol del 13% durante este invierno | El Digital de Asturias\",\"description\":\"Baleares registrar\\u00e1 un incremento del turismo espa\\u00f1ol del 13 por ciento durante el invierno 2015-2016, seg\\u00fan ha revelado este martes el vicepresidente y conseller de Innovaci\\u00f3n, Investigaci\\u00f3n y Turismo, Biel Barcel\\u00f3, durante el primer pleno ordinario del Parlament de este a\\u00f1o. As\\u00ed se ha pronunciado en respuesta a una pregunta parlamentaria, donde, por otro lado,\",\"inLanguage\":\"es-ES\",\"isPartOf\":{\"@id\":\"https:\\\/\\\/eldigitaldeasturias.com\\\/magazine365\\\/#website\"},\"breadcrumb\":{\"@id\":\"https:\\\/\\\/eldigitaldeasturias.com\\\/magazine365\\\/baleares-registra-un-incremento-del-turismo-espanol-del-13-durante-este-invierno\\\/#breadcrumblist\"},\"author\":{\"@id\":\"https:\\\/\\\/eldigitaldeasturias.com\\\/magazine365\\\/author\\\/admin\\\/#author\"},\"creator\":{\"@id\":\"https:\\\/\\\/eldigitaldeasturias.com\\\/magazine365\\\/author\\\/admin\\\/#author\"},\"image\":{\"@type\":\"ImageObject\",\"url\":\"https:\\\/\\\/eldigitaldeasturias.com\\\/magazine365\\\/wp-content\\\/uploads\\\/2016\\\/02\\\/fotonoticia_20160202111252_800.jpg\",\"@id\":\"https:\\\/\\\/eldigitaldeasturias.com\\\/magazine365\\\/baleares-registra-un-incremento-del-turismo-espanol-del-13-durante-este-invierno\\\/#mainImage\",\"width\":800,\"height\":600},\"primaryImageOfPage\":{\"@id\":\"https:\\\/\\\/eldigitaldeasturias.com\\\/magazine365\\\/baleares-registra-un-incremento-del-turismo-espanol-del-13-durante-este-invierno\\\/#mainImage\"},\"datePublished\":\"2016-02-06T04:55:13+01:00\",\"dateModified\":\"2016-02-06T04:55:13+01:00\"},{\"@type\":\"WebSite\",\"@id\":\"https:\\\/\\\/eldigitaldeasturias.com\\\/magazine365\\\/#website\",\"url\":\"https:\\\/\\\/eldigitaldeasturias.com\\\/magazine365\\\/\",\"name\":\"El Digital de Asturias\",\"description\":\"Revista de ocio, turismo y estilo de vida\",\"inLanguage\":\"es-ES\",\"publisher\":{\"@id\":\"https:\\\/\\\/eldigitaldeasturias.com\\\/magazine365\\\/#organization\"}}]}\n\t\t<\/script>\n\t\t<!-- All in One SEO Pro -->\r\n\t\t<title>Baleares registra un incremento del turismo espa\u00f1ol del 13% durante este invierno | El Digital de Asturias<\/title>\n\n","aioseo_head_json":{"title":"Baleares registra un incremento del turismo espa\u00f1ol del 13% durante este invierno | El Digital de Asturias","description":"Baleares registrar\u00e1 un incremento del turismo espa\u00f1ol del 13 por ciento durante el invierno 2015-2016, seg\u00fan ha revelado este martes el vicepresidente y conseller de Innovaci\u00f3n, Investigaci\u00f3n y Turismo, Biel Barcel\u00f3, durante el primer pleno ordinario del Parlament de este a\u00f1o. As\u00ed se ha pronunciado en respuesta a una pregunta parlamentaria, donde, por otro lado,","canonical_url":"https:\/\/eldigitaldeasturias.com\/magazine365\/baleares-registra-un-incremento-del-turismo-espanol-del-13-durante-este-invierno\/","robots":"max-image-preview:large","keywords":"noticias y actualidad","webmasterTools":{"google-site-verification":"UA-38556648-1","miscellaneous":""},"schema":{"@context":"https:\/\/schema.org","@graph":[{"@type":"Article","@id":"https:\/\/eldigitaldeasturias.com\/magazine365\/baleares-registra-un-incremento-del-turismo-espanol-del-13-durante-este-invierno\/#article","name":"Baleares registra un incremento del turismo espa\u00f1ol del 13% durante este invierno | El Digital de Asturias","headline":"Baleares registra un incremento del turismo espa\u00f1ol del 13% durante este invierno","author":{"@id":"https:\/\/eldigitaldeasturias.com\/magazine365\/author\/admin\/#author"},"publisher":{"@id":"https:\/\/eldigitaldeasturias.com\/magazine365\/#organization"},"image":{"@type":"ImageObject","url":"https:\/\/eldigitaldeasturias.com\/magazine365\/wp-content\/uploads\/2016\/02\/fotonoticia_20160202111252_800.jpg","width":800,"height":600},"datePublished":"2016-02-06T04:55:13+01:00","dateModified":"2016-02-06T04:55:13+01:00","inLanguage":"es-ES","mainEntityOfPage":{"@id":"https:\/\/eldigitaldeasturias.com\/magazine365\/baleares-registra-un-incremento-del-turismo-espanol-del-13-durante-este-invierno\/#webpage"},"isPartOf":{"@id":"https:\/\/eldigitaldeasturias.com\/magazine365\/baleares-registra-un-incremento-del-turismo-espanol-del-13-durante-este-invierno\/#webpage"},"articleSection":"Noticias y Actualidad"},{"@type":"BreadcrumbList","@id":"https:\/\/eldigitaldeasturias.com\/magazine365\/baleares-registra-un-incremento-del-turismo-espanol-del-13-durante-este-invierno\/#breadcrumblist","itemListElement":[{"@type":"ListItem","@id":"https:\/\/eldigitaldeasturias.com\/magazine365#listItem","position":1,"name":"Home","item":"https:\/\/eldigitaldeasturias.com\/magazine365","nextItem":{"@type":"ListItem","@id":"https:\/\/eldigitaldeasturias.com\/magazine365\/category\/noticias-actualidad\/#listItem","name":"Noticias y Actualidad"}},{"@type":"ListItem","@id":"https:\/\/eldigitaldeasturias.com\/magazine365\/category\/noticias-actualidad\/#listItem","position":2,"name":"Noticias y Actualidad","item":"https:\/\/eldigitaldeasturias.com\/magazine365\/category\/noticias-actualidad\/","nextItem":{"@type":"ListItem","@id":"https:\/\/eldigitaldeasturias.com\/magazine365\/baleares-registra-un-incremento-del-turismo-espanol-del-13-durante-este-invierno\/#listItem","name":"Baleares registra un incremento del turismo espa\u00f1ol del 13% durante este invierno"},"previousItem":{"@type":"ListItem","@id":"https:\/\/eldigitaldeasturias.com\/magazine365#listItem","name":"Home"}},{"@type":"ListItem","@id":"https:\/\/eldigitaldeasturias.com\/magazine365\/baleares-registra-un-incremento-del-turismo-espanol-del-13-durante-este-invierno\/#listItem","position":3,"name":"Baleares registra un incremento del turismo espa\u00f1ol del 13% durante este invierno","previousItem":{"@type":"ListItem","@id":"https:\/\/eldigitaldeasturias.com\/magazine365\/category\/noticias-actualidad\/#listItem","name":"Noticias y Actualidad"}}]},{"@type":"Organization","@id":"https:\/\/eldigitaldeasturias.com\/magazine365\/#organization","name":"El digital de Asturias","description":"Revista de ocio, turismo y estilo de vida","url":"https:\/\/eldigitaldeasturias.com\/magazine365\/","logo":{"@type":"ImageObject","url":"https:\/\/www.eldigitaldeasturias.com\/noticias\/wp-content\/uploads\/2020\/12\/EDA.jpg","@id":"https:\/\/eldigitaldeasturias.com\/magazine365\/baleares-registra-un-incremento-del-turismo-espanol-del-13-durante-este-invierno\/#organizationLogo"},"image":{"@id":"https:\/\/eldigitaldeasturias.com\/magazine365\/baleares-registra-un-incremento-del-turismo-espanol-del-13-durante-este-invierno\/#organizationLogo"}},{"@type":"Person","@id":"https:\/\/eldigitaldeasturias.com\/magazine365\/author\/admin\/#author","url":"https:\/\/eldigitaldeasturias.com\/magazine365\/author\/admin\/","name":"admin","image":{"@type":"ImageObject","@id":"https:\/\/eldigitaldeasturias.com\/magazine365\/baleares-registra-un-incremento-del-turismo-espanol-del-13-durante-este-invierno\/#authorImage","url":"https:\/\/eldigitaldeasturias.com\/magazine365\/wp-content\/litespeed\/avatar\/e571bcf59a0edd6fa6838245a470f2fe.jpg?ver=1776969259","width":96,"height":96,"caption":"admin"}},{"@type":"WebPage","@id":"https:\/\/eldigitaldeasturias.com\/magazine365\/baleares-registra-un-incremento-del-turismo-espanol-del-13-durante-este-invierno\/#webpage","url":"https:\/\/eldigitaldeasturias.com\/magazine365\/baleares-registra-un-incremento-del-turismo-espanol-del-13-durante-este-invierno\/","name":"Baleares registra un incremento del turismo espa\u00f1ol del 13% durante este invierno | El Digital de Asturias","description":"Baleares registrar\u00e1 un incremento del turismo espa\u00f1ol del 13 por ciento durante el invierno 2015-2016, seg\u00fan ha revelado este martes el vicepresidente y conseller de Innovaci\u00f3n, Investigaci\u00f3n y Turismo, Biel Barcel\u00f3, durante el primer pleno ordinario del Parlament de este a\u00f1o. As\u00ed se ha pronunciado en respuesta a una pregunta parlamentaria, donde, por otro lado,","inLanguage":"es-ES","isPartOf":{"@id":"https:\/\/eldigitaldeasturias.com\/magazine365\/#website"},"breadcrumb":{"@id":"https:\/\/eldigitaldeasturias.com\/magazine365\/baleares-registra-un-incremento-del-turismo-espanol-del-13-durante-este-invierno\/#breadcrumblist"},"author":{"@id":"https:\/\/eldigitaldeasturias.com\/magazine365\/author\/admin\/#author"},"creator":{"@id":"https:\/\/eldigitaldeasturias.com\/magazine365\/author\/admin\/#author"},"image":{"@type":"ImageObject","url":"https:\/\/eldigitaldeasturias.com\/magazine365\/wp-content\/uploads\/2016\/02\/fotonoticia_20160202111252_800.jpg","@id":"https:\/\/eldigitaldeasturias.com\/magazine365\/baleares-registra-un-incremento-del-turismo-espanol-del-13-durante-este-invierno\/#mainImage","width":800,"height":600},"primaryImageOfPage":{"@id":"https:\/\/eldigitaldeasturias.com\/magazine365\/baleares-registra-un-incremento-del-turismo-espanol-del-13-durante-este-invierno\/#mainImage"},"datePublished":"2016-02-06T04:55:13+01:00","dateModified":"2016-02-06T04:55:13+01:00"},{"@type":"WebSite","@id":"https:\/\/eldigitaldeasturias.com\/magazine365\/#website","url":"https:\/\/eldigitaldeasturias.com\/magazine365\/","name":"El Digital de Asturias","description":"Revista de ocio, turismo y estilo de vida","inLanguage":"es-ES","publisher":{"@id":"https:\/\/eldigitaldeasturias.com\/magazine365\/#organization"}}]},"og:locale":"es_ES","og:site_name":"El Digital de Asturias \u2013 Revista de ocio, turismo y estilo de vida","og:type":"article","og:title":"Baleares registra un incremento del turismo espa\u00f1ol del 13% durante este invierno | El Digital de Asturias","og:description":"Baleares registrar\u00e1 un incremento del turismo espa\u00f1ol del 13 por ciento durante el invierno 2015-2016, seg\u00fan ha revelado este martes el vicepresidente y conseller de Innovaci\u00f3n, Investigaci\u00f3n y Turismo, Biel Barcel\u00f3, durante el primer pleno ordinario del Parlament de este a\u00f1o. As\u00ed se ha pronunciado en respuesta a una pregunta parlamentaria, donde, por otro lado,","og:url":"https:\/\/eldigitaldeasturias.com\/magazine365\/baleares-registra-un-incremento-del-turismo-espanol-del-13-durante-este-invierno\/","og:image":"https:\/\/eldigitaldeasturias.com\/magazine365\/wp-content\/uploads\/2016\/02\/fotonoticia_20160202111252_800.jpg","og:image:secure_url":"https:\/\/eldigitaldeasturias.com\/magazine365\/wp-content\/uploads\/2016\/02\/fotonoticia_20160202111252_800.jpg","og:image:width":800,"og:image:height":600,"article:published_time":"2016-02-06T03:55:13+00:00","article:modified_time":"2016-02-06T03:55:13+00:00","twitter:card":"summary_large_image","twitter:title":"Baleares registra un incremento del turismo espa\u00f1ol del 13% durante este invierno | El Digital de Asturias","twitter:description":"Baleares registrar\u00e1 un incremento del turismo espa\u00f1ol del 13 por ciento durante el invierno 2015-2016, seg\u00fan ha revelado este martes el vicepresidente y conseller de Innovaci\u00f3n, Investigaci\u00f3n y Turismo, Biel Barcel\u00f3, durante el primer pleno ordinario del Parlament de este a\u00f1o. As\u00ed se ha pronunciado en respuesta a una pregunta parlamentaria, donde, por otro lado,","twitter:image":"https:\/\/eldigitaldeasturias.com\/magazine365\/wp-content\/uploads\/2016\/02\/fotonoticia_20160202111252_800.jpg"},"aioseo_meta_data":{"post_id":"63043","title":null,"description":null,"keywords":null,"keyphrases":null,"primary_term":null,"canonical_url":null,"og_title":null,"og_description":null,"og_object_type":"default","og_image_type":"default","og_image_url":null,"og_image_width":null,"og_image_height":null,"og_image_custom_url":null,"og_image_custom_fields":null,"og_video":null,"og_custom_url":null,"og_article_section":null,"og_article_tags":null,"twitter_use_og":false,"twitter_card":"default","twitter_image_type":"default","twitter_image_url":null,"twitter_image_custom_url":null,"twitter_image_custom_fields":null,"twitter_title":null,"twitter_description":null,"schema":{"blockGraphs":[],"customGraphs":[],"default":{"data":{"Article":[],"Course":[],"Dataset":[],"FAQPage":[],"Movie":[],"Person":[],"Product":[],"ProductReview":[],"Car":[],"Recipe":[],"Service":[],"SoftwareApplication":[],"WebPage":[]},"graphName":"","isEnabled":true},"graphs":[],"defaultGraph":"","defaultPostTypeGraph":""},"schema_type":null,"schema_type_options":null,"pillar_content":false,"robots_default":true,"robots_noindex":false,"robots_noarchive":false,"robots_nosnippet":false,"robots_nofollow":false,"robots_noimageindex":false,"robots_noodp":false,"robots_notranslate":false,"robots_max_snippet":null,"robots_max_videopreview":null,"robots_max_imagepreview":"large","priority":null,"frequency":null,"location":null,"local_seo":null,"seo_analyzer_scan_date":"2025-09-25 12:23:05","breadcrumb_settings":null,"limit_modified_date":false,"open_ai":null,"ai":null,"created":"2021-03-08 21:28:01","updated":"2025-09-25 12:23:05"},"aioseo_breadcrumb":"<div class=\"aioseo-breadcrumbs\"><span class=\"aioseo-breadcrumb\">\n\t<a href=\"https:\/\/eldigitaldeasturias.com\/magazine365\" title=\"Home\">Home<\/a>\n<\/span><span class=\"aioseo-breadcrumb-separator\">\u2013<\/span><span class=\"aioseo-breadcrumb\">\n\t<a href=\"https:\/\/eldigitaldeasturias.com\/magazine365\/category\/noticias-actualidad\/\" title=\"Noticias y Actualidad\">Noticias y Actualidad<\/a>\n<\/span><span class=\"aioseo-breadcrumb-separator\">\u2013<\/span><span class=\"aioseo-breadcrumb\">\n\t<a href=\"https:\/\/eldigitaldeasturias.com\/magazine365\/baleares-registra-un-incremento-del-turismo-espanol-del-13-durante-este-invierno\/\" title=\"Baleares registra un incremento del turismo espa\u00f1ol del 13% durante este invierno\">Baleares registra un incremento del turismo espa\u00f1ol del 13% durante este invierno<\/a>\n<\/span><\/div>","aioseo_breadcrumb_json":[{"label":"Home","link":"https:\/\/eldigitaldeasturias.com\/magazine365"},{"label":"Noticias y Actualidad","link":"https:\/\/eldigitaldeasturias.com\/magazine365\/category\/noticias-actualidad\/"},{"label":"Baleares registra un incremento del turismo espa\u00f1ol del 13% durante este invierno","link":"https:\/\/eldigitaldeasturias.com\/magazine365\/baleares-registra-un-incremento-del-turismo-espanol-del-13-durante-este-invierno\/"}],"_links":{"self":[{"href":"https:\/\/eldigitaldeasturias.com\/magazine365\/wp-json\/wp\/v2\/posts\/63043","targetHints":{"allow":["GET"]}}],"collection":[{"href":"https:\/\/eldigitaldeasturias.com\/magazine365\/wp-json\/wp\/v2\/posts"}],"about":[{"href":"https:\/\/eldigitaldeasturias.com\/magazine365\/wp-json\/wp\/v2\/types\/post"}],"author":[{"embeddable":true,"href":"https:\/\/eldigitaldeasturias.com\/magazine365\/wp-json\/wp\/v2\/users\/1"}],"replies":[{"embeddable":true,"href":"https:\/\/eldigitaldeasturias.com\/magazine365\/wp-json\/wp\/v2\/comments?post=63043"}],"version-history":[{"count":0,"href":"https:\/\/eldigitaldeasturias.com\/magazine365\/wp-json\/wp\/v2\/posts\/63043\/revisions"}],"wp:featuredmedia":[{"embeddable":true,"href":"https:\/\/eldigitaldeasturias.com\/magazine365\/wp-json\/wp\/v2\/media\/63044"}],"wp:attachment":[{"href":"https:\/\/eldigitaldeasturias.com\/magazine365\/wp-json\/wp\/v2\/media?parent=63043"}],"wp:term":[{"taxonomy":"category","embeddable":true,"href":"https:\/\/eldigitaldeasturias.com\/magazine365\/wp-json\/wp\/v2\/categories?post=63043"},{"taxonomy":"post_tag","embeddable":true,"href":"https:\/\/eldigitaldeasturias.com\/magazine365\/wp-json\/wp\/v2\/tags?post=63043"}],"curies":[{"name":"wp","href":"https:\/\/api.w.org\/{rel}","templated":true}]}}