{"id":63040,"date":"2016-02-06T04:53:14","date_gmt":"2016-02-06T03:53:14","guid":{"rendered":"http:\/\/eldigitaldeasturias.com\/magazine365\/?p=63040"},"modified":"2016-02-06T04:53:14","modified_gmt":"2016-02-06T03:53:14","slug":"constituida-la-comision-que-gestionara-el-centro-de-recepcion-de-visitantes-de-alqueva-en-olivenza","status":"publish","type":"post","link":"https:\/\/eldigitaldeasturias.com\/magazine365\/constituida-la-comision-que-gestionara-el-centro-de-recepcion-de-visitantes-de-alqueva-en-olivenza\/","title":{"rendered":"Constituida la Comisi\u00f3n que gestionar\u00e1 el centro de recepci\u00f3n de visitantes de Alqueva en Olivenza"},"content":{"rendered":"<p><img fetchpriority=\"high\" decoding=\"async\" class=\"alignleft size-medium wp-image-63041\" src=\"https:\/\/eldigitaldeasturias.com\/magazine365\/wp-content\/uploads\/2016\/02\/fotonoticia_20160202110310_800-360x241.jpg\" alt=\"fotonoticia_20160202110310_800\" width=\"360\" height=\"241\" srcset=\"https:\/\/eldigitaldeasturias.com\/magazine365\/wp-content\/uploads\/2016\/02\/fotonoticia_20160202110310_800-360x241.jpg 360w, https:\/\/eldigitaldeasturias.com\/magazine365\/wp-content\/uploads\/2016\/02\/fotonoticia_20160202110310_800-650x436.jpg 650w, https:\/\/eldigitaldeasturias.com\/magazine365\/wp-content\/uploads\/2016\/02\/fotonoticia_20160202110310_800-768x515.jpg 768w, https:\/\/eldigitaldeasturias.com\/magazine365\/wp-content\/uploads\/2016\/02\/fotonoticia_20160202110310_800-150x101.jpg 150w, https:\/\/eldigitaldeasturias.com\/magazine365\/wp-content\/uploads\/2016\/02\/fotonoticia_20160202110310_800-450x302.jpg 450w, https:\/\/eldigitaldeasturias.com\/magazine365\/wp-content\/uploads\/2016\/02\/fotonoticia_20160202110310_800-696x466.jpg 696w, https:\/\/eldigitaldeasturias.com\/magazine365\/wp-content\/uploads\/2016\/02\/fotonoticia_20160202110310_800-627x420.jpg 627w, https:\/\/eldigitaldeasturias.com\/magazine365\/wp-content\/uploads\/2016\/02\/fotonoticia_20160202110310_800.jpg 800w\" sizes=\"(max-width: 360px) 100vw, 360px\" \/>La Comisi\u00f3n T\u00e9cnica que gestionar\u00e1 el centro de recepci\u00f3n de visitantes de Alqueva, en el Convento San Juan de Dios de Olivenza (Badajoz), ha quedado constituida.<\/p>\n<p>La concejala de Cultura, Turismo y Participaci\u00f3n Ciudadana de Olivenza, Alicia Cordero, se ha reunido este pasado lunes en el ayuntamiento oliventino con personal t\u00e9cnico de la Direcci\u00f3n General de Turismo de la Junta de Extremadura y de la Diputaci\u00f3n Provincial de Badajoz para esta constituci\u00f3n.<\/p>\n<p>Para la puesta en funcionamiento de dicha comisi\u00f3n, tanto la Junta de Extremadura como la Diputaci\u00f3n de Badajoz y el Ayuntamiento de Olivenza han designado a un responsable t\u00e9cnico, cuyas funciones se ir\u00e1n definiendo en las pr\u00f3ximas semanas para la planificaci\u00f3n de actividades a desarrollar a lo largo del a\u00f1o en el Centro de Recepci\u00f3n de Visitantes.<\/p>\n<p>Adem\u00e1s, el entorno \u00abbrinda la posibilidad de llevar a cabo numerosas iniciativas para padres y ni\u00f1os\u00bb, seg\u00fan ha informado el Ayuntamiento de Olivenza en nota de prensa.<\/p>\n<p>FERIA DEL TORO<\/p>\n<p>Dentro del programa se incluir\u00e1n propuestas tur\u00edsticas, culturales y de ocio que est\u00e1n previstas que empiecen a realizarse en la pr\u00f3xima Feria del Toro, que tendr\u00e1 lugar del 3 al 6 de marzo.<\/p>\n<p>Para esta feria \u00abse pretende contar con la participaci\u00f3n ciudadana, buscando apoyo en diferentes colectivos locales para la celebraci\u00f3n de rutas tematizadas o visitas al baluarte, adem\u00e1s de otros eventos l\u00fadicos a\u00fan por concretar\u00bb.<\/p>\n<p>Definida la estructura y funcionalidad de la Comisi\u00f3n T\u00e9cnica, los presentes se han desplazado a las instalaciones del Centro del Recepci\u00f3n de Visitantes de Alqueva para \u00abver las necesidades en cuanto a recursos humanos, materiales y econ\u00f3micos para su puesta en marcha y dinamizaci\u00f3n\u00bb.<\/p>\n","protected":false},"excerpt":{"rendered":"<p>La Comisi\u00f3n T\u00e9cnica que gestionar\u00e1 el centro de recepci\u00f3n de visitantes de Alqueva, en el Convento San Juan de Dios de Olivenza (Badajoz), ha quedado constituida. La concejala de Cultura, Turismo y Participaci\u00f3n Ciudadana de Olivenza, Alicia Cordero, se ha reunido este pasado lunes en el ayuntamiento oliventino con personal t\u00e9cnico de la Direcci\u00f3n General<\/p>\n","protected":false},"author":1,"featured_media":63041,"comment_status":"open","ping_status":"closed","sticky":false,"template":"","format":"standard","meta":{"footnotes":""},"categories":[224],"tags":[],"class_list":{"0":"post-63040","1":"post","2":"type-post","3":"status-publish","4":"format-standard","5":"has-post-thumbnail","7":"category-noticias-actualidad"},"aioseo_notices":[],"aioseo_head":"\n\t\t<!-- All in One SEO Pro 4.9.6.1 - aioseo.com -->\n\t<meta name=\"description\" content=\"La Comisi\u00f3n T\u00e9cnica que gestionar\u00e1 el centro de recepci\u00f3n de visitantes de Alqueva, en el Convento San Juan de Dios de Olivenza (Badajoz), ha quedado constituida. La concejala de Cultura, Turismo y Participaci\u00f3n Ciudadana de Olivenza, Alicia Cordero, se ha reunido este pasado lunes en el ayuntamiento oliventino con personal t\u00e9cnico de la Direcci\u00f3n General\" \/>\n\t<meta name=\"robots\" content=\"max-image-preview:large\" \/>\n\t<meta name=\"author\" content=\"admin\"\/>\n\t<meta name=\"google-site-verification\" content=\"UA-38556648-1\" \/>\n\t<meta name=\"keywords\" content=\"noticias y actualidad\" \/>\n\t<link rel=\"canonical\" href=\"https:\/\/eldigitaldeasturias.com\/magazine365\/constituida-la-comision-que-gestionara-el-centro-de-recepcion-de-visitantes-de-alqueva-en-olivenza\/\" \/>\n\t<meta name=\"generator\" content=\"All in One SEO Pro (AIOSEO) 4.9.6.1\" \/>\n\t\t<meta property=\"og:locale\" content=\"es_ES\" \/>\n\t\t<meta property=\"og:site_name\" content=\"El Digital de Asturias \u2013 Revista de ocio, turismo y estilo de vida\" \/>\n\t\t<meta property=\"og:type\" content=\"article\" \/>\n\t\t<meta property=\"og:title\" content=\"Constituida la Comisi\u00f3n que gestionar\u00e1 el centro de recepci\u00f3n de visitantes de Alqueva en Olivenza | El Digital de Asturias\" \/>\n\t\t<meta property=\"og:description\" content=\"La Comisi\u00f3n T\u00e9cnica que gestionar\u00e1 el centro de recepci\u00f3n de visitantes de Alqueva, en el Convento San Juan de Dios de Olivenza (Badajoz), ha quedado constituida. La concejala de Cultura, Turismo y Participaci\u00f3n Ciudadana de Olivenza, Alicia Cordero, se ha reunido este pasado lunes en el ayuntamiento oliventino con personal t\u00e9cnico de la Direcci\u00f3n General\" \/>\n\t\t<meta property=\"og:url\" content=\"https:\/\/eldigitaldeasturias.com\/magazine365\/constituida-la-comision-que-gestionara-el-centro-de-recepcion-de-visitantes-de-alqueva-en-olivenza\/\" \/>\n\t\t<meta property=\"og:image\" content=\"https:\/\/eldigitaldeasturias.com\/magazine365\/wp-content\/uploads\/2016\/02\/fotonoticia_20160202110310_800.jpg\" \/>\n\t\t<meta property=\"og:image:secure_url\" content=\"https:\/\/eldigitaldeasturias.com\/magazine365\/wp-content\/uploads\/2016\/02\/fotonoticia_20160202110310_800.jpg\" \/>\n\t\t<meta property=\"og:image:width\" content=\"800\" \/>\n\t\t<meta property=\"og:image:height\" content=\"536\" \/>\n\t\t<meta property=\"article:published_time\" content=\"2016-02-06T03:53:14+00:00\" \/>\n\t\t<meta property=\"article:modified_time\" content=\"2016-02-06T03:53:14+00:00\" \/>\n\t\t<meta name=\"twitter:card\" content=\"summary_large_image\" \/>\n\t\t<meta name=\"twitter:title\" content=\"Constituida la Comisi\u00f3n que gestionar\u00e1 el centro de recepci\u00f3n de visitantes de Alqueva en Olivenza | El Digital de Asturias\" \/>\n\t\t<meta name=\"twitter:description\" content=\"La Comisi\u00f3n T\u00e9cnica que gestionar\u00e1 el centro de recepci\u00f3n de visitantes de Alqueva, en el Convento San Juan de Dios de Olivenza (Badajoz), ha quedado constituida. La concejala de Cultura, Turismo y Participaci\u00f3n Ciudadana de Olivenza, Alicia Cordero, se ha reunido este pasado lunes en el ayuntamiento oliventino con personal t\u00e9cnico de la Direcci\u00f3n General\" \/>\n\t\t<meta name=\"twitter:image\" content=\"https:\/\/eldigitaldeasturias.com\/magazine365\/wp-content\/uploads\/2016\/02\/fotonoticia_20160202110310_800.jpg\" \/>\n\t\t<script type=\"application\/ld+json\" class=\"aioseo-schema\">\n\t\t\t{\"@context\":\"https:\\\/\\\/schema.org\",\"@graph\":[{\"@type\":\"Article\",\"@id\":\"https:\\\/\\\/eldigitaldeasturias.com\\\/magazine365\\\/constituida-la-comision-que-gestionara-el-centro-de-recepcion-de-visitantes-de-alqueva-en-olivenza\\\/#article\",\"name\":\"Constituida la Comisi\\u00f3n que gestionar\\u00e1 el centro de recepci\\u00f3n de visitantes de Alqueva en Olivenza | El Digital de Asturias\",\"headline\":\"Constituida la Comisi\\u00f3n que gestionar\\u00e1 el centro de recepci\\u00f3n de visitantes de Alqueva en Olivenza\",\"author\":{\"@id\":\"https:\\\/\\\/eldigitaldeasturias.com\\\/magazine365\\\/author\\\/admin\\\/#author\"},\"publisher\":{\"@id\":\"https:\\\/\\\/eldigitaldeasturias.com\\\/magazine365\\\/#organization\"},\"image\":{\"@type\":\"ImageObject\",\"url\":\"https:\\\/\\\/eldigitaldeasturias.com\\\/magazine365\\\/wp-content\\\/uploads\\\/2016\\\/02\\\/fotonoticia_20160202110310_800.jpg\",\"width\":800,\"height\":536},\"datePublished\":\"2016-02-06T04:53:14+01:00\",\"dateModified\":\"2016-02-06T04:53:14+01:00\",\"inLanguage\":\"es-ES\",\"mainEntityOfPage\":{\"@id\":\"https:\\\/\\\/eldigitaldeasturias.com\\\/magazine365\\\/constituida-la-comision-que-gestionara-el-centro-de-recepcion-de-visitantes-de-alqueva-en-olivenza\\\/#webpage\"},\"isPartOf\":{\"@id\":\"https:\\\/\\\/eldigitaldeasturias.com\\\/magazine365\\\/constituida-la-comision-que-gestionara-el-centro-de-recepcion-de-visitantes-de-alqueva-en-olivenza\\\/#webpage\"},\"articleSection\":\"Noticias y Actualidad\"},{\"@type\":\"BreadcrumbList\",\"@id\":\"https:\\\/\\\/eldigitaldeasturias.com\\\/magazine365\\\/constituida-la-comision-que-gestionara-el-centro-de-recepcion-de-visitantes-de-alqueva-en-olivenza\\\/#breadcrumblist\",\"itemListElement\":[{\"@type\":\"ListItem\",\"@id\":\"https:\\\/\\\/eldigitaldeasturias.com\\\/magazine365#listItem\",\"position\":1,\"name\":\"Home\",\"item\":\"https:\\\/\\\/eldigitaldeasturias.com\\\/magazine365\",\"nextItem\":{\"@type\":\"ListItem\",\"@id\":\"https:\\\/\\\/eldigitaldeasturias.com\\\/magazine365\\\/category\\\/noticias-actualidad\\\/#listItem\",\"name\":\"Noticias y Actualidad\"}},{\"@type\":\"ListItem\",\"@id\":\"https:\\\/\\\/eldigitaldeasturias.com\\\/magazine365\\\/category\\\/noticias-actualidad\\\/#listItem\",\"position\":2,\"name\":\"Noticias y Actualidad\",\"item\":\"https:\\\/\\\/eldigitaldeasturias.com\\\/magazine365\\\/category\\\/noticias-actualidad\\\/\",\"nextItem\":{\"@type\":\"ListItem\",\"@id\":\"https:\\\/\\\/eldigitaldeasturias.com\\\/magazine365\\\/constituida-la-comision-que-gestionara-el-centro-de-recepcion-de-visitantes-de-alqueva-en-olivenza\\\/#listItem\",\"name\":\"Constituida la Comisi\\u00f3n que gestionar\\u00e1 el centro de recepci\\u00f3n de visitantes de Alqueva en Olivenza\"},\"previousItem\":{\"@type\":\"ListItem\",\"@id\":\"https:\\\/\\\/eldigitaldeasturias.com\\\/magazine365#listItem\",\"name\":\"Home\"}},{\"@type\":\"ListItem\",\"@id\":\"https:\\\/\\\/eldigitaldeasturias.com\\\/magazine365\\\/constituida-la-comision-que-gestionara-el-centro-de-recepcion-de-visitantes-de-alqueva-en-olivenza\\\/#listItem\",\"position\":3,\"name\":\"Constituida la Comisi\\u00f3n que gestionar\\u00e1 el centro de recepci\\u00f3n de visitantes de Alqueva en Olivenza\",\"previousItem\":{\"@type\":\"ListItem\",\"@id\":\"https:\\\/\\\/eldigitaldeasturias.com\\\/magazine365\\\/category\\\/noticias-actualidad\\\/#listItem\",\"name\":\"Noticias y Actualidad\"}}]},{\"@type\":\"Organization\",\"@id\":\"https:\\\/\\\/eldigitaldeasturias.com\\\/magazine365\\\/#organization\",\"name\":\"El digital de Asturias\",\"description\":\"Revista de ocio, turismo y estilo de vida\",\"url\":\"https:\\\/\\\/eldigitaldeasturias.com\\\/magazine365\\\/\",\"logo\":{\"@type\":\"ImageObject\",\"url\":\"https:\\\/\\\/www.eldigitaldeasturias.com\\\/noticias\\\/wp-content\\\/uploads\\\/2020\\\/12\\\/EDA.jpg\",\"@id\":\"https:\\\/\\\/eldigitaldeasturias.com\\\/magazine365\\\/constituida-la-comision-que-gestionara-el-centro-de-recepcion-de-visitantes-de-alqueva-en-olivenza\\\/#organizationLogo\"},\"image\":{\"@id\":\"https:\\\/\\\/eldigitaldeasturias.com\\\/magazine365\\\/constituida-la-comision-que-gestionara-el-centro-de-recepcion-de-visitantes-de-alqueva-en-olivenza\\\/#organizationLogo\"}},{\"@type\":\"Person\",\"@id\":\"https:\\\/\\\/eldigitaldeasturias.com\\\/magazine365\\\/author\\\/admin\\\/#author\",\"url\":\"https:\\\/\\\/eldigitaldeasturias.com\\\/magazine365\\\/author\\\/admin\\\/\",\"name\":\"admin\",\"image\":{\"@type\":\"ImageObject\",\"@id\":\"https:\\\/\\\/eldigitaldeasturias.com\\\/magazine365\\\/constituida-la-comision-que-gestionara-el-centro-de-recepcion-de-visitantes-de-alqueva-en-olivenza\\\/#authorImage\",\"url\":\"https:\\\/\\\/eldigitaldeasturias.com\\\/magazine365\\\/wp-content\\\/litespeed\\\/avatar\\\/e571bcf59a0edd6fa6838245a470f2fe.jpg?ver=1776969259\",\"width\":96,\"height\":96,\"caption\":\"admin\"}},{\"@type\":\"WebPage\",\"@id\":\"https:\\\/\\\/eldigitaldeasturias.com\\\/magazine365\\\/constituida-la-comision-que-gestionara-el-centro-de-recepcion-de-visitantes-de-alqueva-en-olivenza\\\/#webpage\",\"url\":\"https:\\\/\\\/eldigitaldeasturias.com\\\/magazine365\\\/constituida-la-comision-que-gestionara-el-centro-de-recepcion-de-visitantes-de-alqueva-en-olivenza\\\/\",\"name\":\"Constituida la Comisi\\u00f3n que gestionar\\u00e1 el centro de recepci\\u00f3n de visitantes de Alqueva en Olivenza | El Digital de Asturias\",\"description\":\"La Comisi\\u00f3n T\\u00e9cnica que gestionar\\u00e1 el centro de recepci\\u00f3n de visitantes de Alqueva, en el Convento San Juan de Dios de Olivenza (Badajoz), ha quedado constituida. La concejala de Cultura, Turismo y Participaci\\u00f3n Ciudadana de Olivenza, Alicia Cordero, se ha reunido este pasado lunes en el ayuntamiento oliventino con personal t\\u00e9cnico de la Direcci\\u00f3n General\",\"inLanguage\":\"es-ES\",\"isPartOf\":{\"@id\":\"https:\\\/\\\/eldigitaldeasturias.com\\\/magazine365\\\/#website\"},\"breadcrumb\":{\"@id\":\"https:\\\/\\\/eldigitaldeasturias.com\\\/magazine365\\\/constituida-la-comision-que-gestionara-el-centro-de-recepcion-de-visitantes-de-alqueva-en-olivenza\\\/#breadcrumblist\"},\"author\":{\"@id\":\"https:\\\/\\\/eldigitaldeasturias.com\\\/magazine365\\\/author\\\/admin\\\/#author\"},\"creator\":{\"@id\":\"https:\\\/\\\/eldigitaldeasturias.com\\\/magazine365\\\/author\\\/admin\\\/#author\"},\"image\":{\"@type\":\"ImageObject\",\"url\":\"https:\\\/\\\/eldigitaldeasturias.com\\\/magazine365\\\/wp-content\\\/uploads\\\/2016\\\/02\\\/fotonoticia_20160202110310_800.jpg\",\"@id\":\"https:\\\/\\\/eldigitaldeasturias.com\\\/magazine365\\\/constituida-la-comision-que-gestionara-el-centro-de-recepcion-de-visitantes-de-alqueva-en-olivenza\\\/#mainImage\",\"width\":800,\"height\":536},\"primaryImageOfPage\":{\"@id\":\"https:\\\/\\\/eldigitaldeasturias.com\\\/magazine365\\\/constituida-la-comision-que-gestionara-el-centro-de-recepcion-de-visitantes-de-alqueva-en-olivenza\\\/#mainImage\"},\"datePublished\":\"2016-02-06T04:53:14+01:00\",\"dateModified\":\"2016-02-06T04:53:14+01:00\"},{\"@type\":\"WebSite\",\"@id\":\"https:\\\/\\\/eldigitaldeasturias.com\\\/magazine365\\\/#website\",\"url\":\"https:\\\/\\\/eldigitaldeasturias.com\\\/magazine365\\\/\",\"name\":\"El Digital de Asturias\",\"description\":\"Revista de ocio, turismo y estilo de vida\",\"inLanguage\":\"es-ES\",\"publisher\":{\"@id\":\"https:\\\/\\\/eldigitaldeasturias.com\\\/magazine365\\\/#organization\"}}]}\n\t\t<\/script>\n\t\t<!-- All in One SEO Pro -->\r\n\t\t<title>Constituida la Comisi\u00f3n que gestionar\u00e1 el centro de recepci\u00f3n de visitantes de Alqueva en Olivenza | El Digital de Asturias<\/title>\n\n","aioseo_head_json":{"title":"Constituida la Comisi\u00f3n que gestionar\u00e1 el centro de recepci\u00f3n de visitantes de Alqueva en Olivenza | El Digital de Asturias","description":"La Comisi\u00f3n T\u00e9cnica que gestionar\u00e1 el centro de recepci\u00f3n de visitantes de Alqueva, en el Convento San Juan de Dios de Olivenza (Badajoz), ha quedado constituida. La concejala de Cultura, Turismo y Participaci\u00f3n Ciudadana de Olivenza, Alicia Cordero, se ha reunido este pasado lunes en el ayuntamiento oliventino con personal t\u00e9cnico de la Direcci\u00f3n General","canonical_url":"https:\/\/eldigitaldeasturias.com\/magazine365\/constituida-la-comision-que-gestionara-el-centro-de-recepcion-de-visitantes-de-alqueva-en-olivenza\/","robots":"max-image-preview:large","keywords":"noticias y actualidad","webmasterTools":{"google-site-verification":"UA-38556648-1","miscellaneous":""},"schema":{"@context":"https:\/\/schema.org","@graph":[{"@type":"Article","@id":"https:\/\/eldigitaldeasturias.com\/magazine365\/constituida-la-comision-que-gestionara-el-centro-de-recepcion-de-visitantes-de-alqueva-en-olivenza\/#article","name":"Constituida la Comisi\u00f3n que gestionar\u00e1 el centro de recepci\u00f3n de visitantes de Alqueva en Olivenza | El Digital de Asturias","headline":"Constituida la Comisi\u00f3n que gestionar\u00e1 el centro de recepci\u00f3n de visitantes de Alqueva en Olivenza","author":{"@id":"https:\/\/eldigitaldeasturias.com\/magazine365\/author\/admin\/#author"},"publisher":{"@id":"https:\/\/eldigitaldeasturias.com\/magazine365\/#organization"},"image":{"@type":"ImageObject","url":"https:\/\/eldigitaldeasturias.com\/magazine365\/wp-content\/uploads\/2016\/02\/fotonoticia_20160202110310_800.jpg","width":800,"height":536},"datePublished":"2016-02-06T04:53:14+01:00","dateModified":"2016-02-06T04:53:14+01:00","inLanguage":"es-ES","mainEntityOfPage":{"@id":"https:\/\/eldigitaldeasturias.com\/magazine365\/constituida-la-comision-que-gestionara-el-centro-de-recepcion-de-visitantes-de-alqueva-en-olivenza\/#webpage"},"isPartOf":{"@id":"https:\/\/eldigitaldeasturias.com\/magazine365\/constituida-la-comision-que-gestionara-el-centro-de-recepcion-de-visitantes-de-alqueva-en-olivenza\/#webpage"},"articleSection":"Noticias y Actualidad"},{"@type":"BreadcrumbList","@id":"https:\/\/eldigitaldeasturias.com\/magazine365\/constituida-la-comision-que-gestionara-el-centro-de-recepcion-de-visitantes-de-alqueva-en-olivenza\/#breadcrumblist","itemListElement":[{"@type":"ListItem","@id":"https:\/\/eldigitaldeasturias.com\/magazine365#listItem","position":1,"name":"Home","item":"https:\/\/eldigitaldeasturias.com\/magazine365","nextItem":{"@type":"ListItem","@id":"https:\/\/eldigitaldeasturias.com\/magazine365\/category\/noticias-actualidad\/#listItem","name":"Noticias y Actualidad"}},{"@type":"ListItem","@id":"https:\/\/eldigitaldeasturias.com\/magazine365\/category\/noticias-actualidad\/#listItem","position":2,"name":"Noticias y Actualidad","item":"https:\/\/eldigitaldeasturias.com\/magazine365\/category\/noticias-actualidad\/","nextItem":{"@type":"ListItem","@id":"https:\/\/eldigitaldeasturias.com\/magazine365\/constituida-la-comision-que-gestionara-el-centro-de-recepcion-de-visitantes-de-alqueva-en-olivenza\/#listItem","name":"Constituida la Comisi\u00f3n que gestionar\u00e1 el centro de recepci\u00f3n de visitantes de Alqueva en Olivenza"},"previousItem":{"@type":"ListItem","@id":"https:\/\/eldigitaldeasturias.com\/magazine365#listItem","name":"Home"}},{"@type":"ListItem","@id":"https:\/\/eldigitaldeasturias.com\/magazine365\/constituida-la-comision-que-gestionara-el-centro-de-recepcion-de-visitantes-de-alqueva-en-olivenza\/#listItem","position":3,"name":"Constituida la Comisi\u00f3n que gestionar\u00e1 el centro de recepci\u00f3n de visitantes de Alqueva en Olivenza","previousItem":{"@type":"ListItem","@id":"https:\/\/eldigitaldeasturias.com\/magazine365\/category\/noticias-actualidad\/#listItem","name":"Noticias y Actualidad"}}]},{"@type":"Organization","@id":"https:\/\/eldigitaldeasturias.com\/magazine365\/#organization","name":"El digital de Asturias","description":"Revista de ocio, turismo y estilo de vida","url":"https:\/\/eldigitaldeasturias.com\/magazine365\/","logo":{"@type":"ImageObject","url":"https:\/\/www.eldigitaldeasturias.com\/noticias\/wp-content\/uploads\/2020\/12\/EDA.jpg","@id":"https:\/\/eldigitaldeasturias.com\/magazine365\/constituida-la-comision-que-gestionara-el-centro-de-recepcion-de-visitantes-de-alqueva-en-olivenza\/#organizationLogo"},"image":{"@id":"https:\/\/eldigitaldeasturias.com\/magazine365\/constituida-la-comision-que-gestionara-el-centro-de-recepcion-de-visitantes-de-alqueva-en-olivenza\/#organizationLogo"}},{"@type":"Person","@id":"https:\/\/eldigitaldeasturias.com\/magazine365\/author\/admin\/#author","url":"https:\/\/eldigitaldeasturias.com\/magazine365\/author\/admin\/","name":"admin","image":{"@type":"ImageObject","@id":"https:\/\/eldigitaldeasturias.com\/magazine365\/constituida-la-comision-que-gestionara-el-centro-de-recepcion-de-visitantes-de-alqueva-en-olivenza\/#authorImage","url":"https:\/\/eldigitaldeasturias.com\/magazine365\/wp-content\/litespeed\/avatar\/e571bcf59a0edd6fa6838245a470f2fe.jpg?ver=1776969259","width":96,"height":96,"caption":"admin"}},{"@type":"WebPage","@id":"https:\/\/eldigitaldeasturias.com\/magazine365\/constituida-la-comision-que-gestionara-el-centro-de-recepcion-de-visitantes-de-alqueva-en-olivenza\/#webpage","url":"https:\/\/eldigitaldeasturias.com\/magazine365\/constituida-la-comision-que-gestionara-el-centro-de-recepcion-de-visitantes-de-alqueva-en-olivenza\/","name":"Constituida la Comisi\u00f3n que gestionar\u00e1 el centro de recepci\u00f3n de visitantes de Alqueva en Olivenza | El Digital de Asturias","description":"La Comisi\u00f3n T\u00e9cnica que gestionar\u00e1 el centro de recepci\u00f3n de visitantes de Alqueva, en el Convento San Juan de Dios de Olivenza (Badajoz), ha quedado constituida. La concejala de Cultura, Turismo y Participaci\u00f3n Ciudadana de Olivenza, Alicia Cordero, se ha reunido este pasado lunes en el ayuntamiento oliventino con personal t\u00e9cnico de la Direcci\u00f3n General","inLanguage":"es-ES","isPartOf":{"@id":"https:\/\/eldigitaldeasturias.com\/magazine365\/#website"},"breadcrumb":{"@id":"https:\/\/eldigitaldeasturias.com\/magazine365\/constituida-la-comision-que-gestionara-el-centro-de-recepcion-de-visitantes-de-alqueva-en-olivenza\/#breadcrumblist"},"author":{"@id":"https:\/\/eldigitaldeasturias.com\/magazine365\/author\/admin\/#author"},"creator":{"@id":"https:\/\/eldigitaldeasturias.com\/magazine365\/author\/admin\/#author"},"image":{"@type":"ImageObject","url":"https:\/\/eldigitaldeasturias.com\/magazine365\/wp-content\/uploads\/2016\/02\/fotonoticia_20160202110310_800.jpg","@id":"https:\/\/eldigitaldeasturias.com\/magazine365\/constituida-la-comision-que-gestionara-el-centro-de-recepcion-de-visitantes-de-alqueva-en-olivenza\/#mainImage","width":800,"height":536},"primaryImageOfPage":{"@id":"https:\/\/eldigitaldeasturias.com\/magazine365\/constituida-la-comision-que-gestionara-el-centro-de-recepcion-de-visitantes-de-alqueva-en-olivenza\/#mainImage"},"datePublished":"2016-02-06T04:53:14+01:00","dateModified":"2016-02-06T04:53:14+01:00"},{"@type":"WebSite","@id":"https:\/\/eldigitaldeasturias.com\/magazine365\/#website","url":"https:\/\/eldigitaldeasturias.com\/magazine365\/","name":"El Digital de Asturias","description":"Revista de ocio, turismo y estilo de vida","inLanguage":"es-ES","publisher":{"@id":"https:\/\/eldigitaldeasturias.com\/magazine365\/#organization"}}]},"og:locale":"es_ES","og:site_name":"El Digital de Asturias \u2013 Revista de ocio, turismo y estilo de vida","og:type":"article","og:title":"Constituida la Comisi\u00f3n que gestionar\u00e1 el centro de recepci\u00f3n de visitantes de Alqueva en Olivenza | El Digital de Asturias","og:description":"La Comisi\u00f3n T\u00e9cnica que gestionar\u00e1 el centro de recepci\u00f3n de visitantes de Alqueva, en el Convento San Juan de Dios de Olivenza (Badajoz), ha quedado constituida. La concejala de Cultura, Turismo y Participaci\u00f3n Ciudadana de Olivenza, Alicia Cordero, se ha reunido este pasado lunes en el ayuntamiento oliventino con personal t\u00e9cnico de la Direcci\u00f3n General","og:url":"https:\/\/eldigitaldeasturias.com\/magazine365\/constituida-la-comision-que-gestionara-el-centro-de-recepcion-de-visitantes-de-alqueva-en-olivenza\/","og:image":"https:\/\/eldigitaldeasturias.com\/magazine365\/wp-content\/uploads\/2016\/02\/fotonoticia_20160202110310_800.jpg","og:image:secure_url":"https:\/\/eldigitaldeasturias.com\/magazine365\/wp-content\/uploads\/2016\/02\/fotonoticia_20160202110310_800.jpg","og:image:width":800,"og:image:height":536,"article:published_time":"2016-02-06T03:53:14+00:00","article:modified_time":"2016-02-06T03:53:14+00:00","twitter:card":"summary_large_image","twitter:title":"Constituida la Comisi\u00f3n que gestionar\u00e1 el centro de recepci\u00f3n de visitantes de Alqueva en Olivenza | El Digital de Asturias","twitter:description":"La Comisi\u00f3n T\u00e9cnica que gestionar\u00e1 el centro de recepci\u00f3n de visitantes de Alqueva, en el Convento San Juan de Dios de Olivenza (Badajoz), ha quedado constituida. La concejala de Cultura, Turismo y Participaci\u00f3n Ciudadana de Olivenza, Alicia Cordero, se ha reunido este pasado lunes en el ayuntamiento oliventino con personal t\u00e9cnico de la Direcci\u00f3n General","twitter:image":"https:\/\/eldigitaldeasturias.com\/magazine365\/wp-content\/uploads\/2016\/02\/fotonoticia_20160202110310_800.jpg"},"aioseo_meta_data":{"post_id":"63040","title":null,"description":null,"keywords":null,"keyphrases":null,"primary_term":null,"canonical_url":null,"og_title":null,"og_description":null,"og_object_type":"default","og_image_type":"default","og_image_url":null,"og_image_width":null,"og_image_height":null,"og_image_custom_url":null,"og_image_custom_fields":null,"og_video":null,"og_custom_url":null,"og_article_section":null,"og_article_tags":null,"twitter_use_og":false,"twitter_card":"default","twitter_image_type":"default","twitter_image_url":null,"twitter_image_custom_url":null,"twitter_image_custom_fields":null,"twitter_title":null,"twitter_description":null,"schema":{"blockGraphs":[],"customGraphs":[],"default":{"data":{"Article":[],"Course":[],"Dataset":[],"FAQPage":[],"Movie":[],"Person":[],"Product":[],"ProductReview":[],"Car":[],"Recipe":[],"Service":[],"SoftwareApplication":[],"WebPage":[]},"graphName":"","isEnabled":true},"graphs":[],"defaultGraph":"","defaultPostTypeGraph":""},"schema_type":null,"schema_type_options":null,"pillar_content":false,"robots_default":true,"robots_noindex":false,"robots_noarchive":false,"robots_nosnippet":false,"robots_nofollow":false,"robots_noimageindex":false,"robots_noodp":false,"robots_notranslate":false,"robots_max_snippet":null,"robots_max_videopreview":null,"robots_max_imagepreview":"large","priority":null,"frequency":null,"location":null,"local_seo":null,"seo_analyzer_scan_date":"2025-09-25 12:23:04","breadcrumb_settings":null,"limit_modified_date":false,"open_ai":null,"ai":null,"created":"2021-03-08 21:28:01","updated":"2025-09-25 12:23:04"},"aioseo_breadcrumb":"<div class=\"aioseo-breadcrumbs\"><span class=\"aioseo-breadcrumb\">\n\t<a href=\"https:\/\/eldigitaldeasturias.com\/magazine365\" title=\"Home\">Home<\/a>\n<\/span><span class=\"aioseo-breadcrumb-separator\">\u2013<\/span><span class=\"aioseo-breadcrumb\">\n\t<a href=\"https:\/\/eldigitaldeasturias.com\/magazine365\/category\/noticias-actualidad\/\" title=\"Noticias y Actualidad\">Noticias y Actualidad<\/a>\n<\/span><span class=\"aioseo-breadcrumb-separator\">\u2013<\/span><span class=\"aioseo-breadcrumb\">\n\t<a href=\"https:\/\/eldigitaldeasturias.com\/magazine365\/constituida-la-comision-que-gestionara-el-centro-de-recepcion-de-visitantes-de-alqueva-en-olivenza\/\" title=\"Constituida la Comisi\u00f3n que gestionar\u00e1 el centro de recepci\u00f3n de visitantes de Alqueva en Olivenza\">Constituida la Comisi\u00f3n que gestionar\u00e1 el centro de recepci\u00f3n de visitantes de Alqueva en Olivenza<\/a>\n<\/span><\/div>","aioseo_breadcrumb_json":[{"label":"Home","link":"https:\/\/eldigitaldeasturias.com\/magazine365"},{"label":"Noticias y Actualidad","link":"https:\/\/eldigitaldeasturias.com\/magazine365\/category\/noticias-actualidad\/"},{"label":"Constituida la Comisi\u00f3n que gestionar\u00e1 el centro de recepci\u00f3n de visitantes de Alqueva en Olivenza","link":"https:\/\/eldigitaldeasturias.com\/magazine365\/constituida-la-comision-que-gestionara-el-centro-de-recepcion-de-visitantes-de-alqueva-en-olivenza\/"}],"_links":{"self":[{"href":"https:\/\/eldigitaldeasturias.com\/magazine365\/wp-json\/wp\/v2\/posts\/63040","targetHints":{"allow":["GET"]}}],"collection":[{"href":"https:\/\/eldigitaldeasturias.com\/magazine365\/wp-json\/wp\/v2\/posts"}],"about":[{"href":"https:\/\/eldigitaldeasturias.com\/magazine365\/wp-json\/wp\/v2\/types\/post"}],"author":[{"embeddable":true,"href":"https:\/\/eldigitaldeasturias.com\/magazine365\/wp-json\/wp\/v2\/users\/1"}],"replies":[{"embeddable":true,"href":"https:\/\/eldigitaldeasturias.com\/magazine365\/wp-json\/wp\/v2\/comments?post=63040"}],"version-history":[{"count":0,"href":"https:\/\/eldigitaldeasturias.com\/magazine365\/wp-json\/wp\/v2\/posts\/63040\/revisions"}],"wp:featuredmedia":[{"embeddable":true,"href":"https:\/\/eldigitaldeasturias.com\/magazine365\/wp-json\/wp\/v2\/media\/63041"}],"wp:attachment":[{"href":"https:\/\/eldigitaldeasturias.com\/magazine365\/wp-json\/wp\/v2\/media?parent=63040"}],"wp:term":[{"taxonomy":"category","embeddable":true,"href":"https:\/\/eldigitaldeasturias.com\/magazine365\/wp-json\/wp\/v2\/categories?post=63040"},{"taxonomy":"post_tag","embeddable":true,"href":"https:\/\/eldigitaldeasturias.com\/magazine365\/wp-json\/wp\/v2\/tags?post=63040"}],"curies":[{"name":"wp","href":"https:\/\/api.w.org\/{rel}","templated":true}]}}