{"id":63037,"date":"2016-02-06T04:49:55","date_gmt":"2016-02-06T03:49:55","guid":{"rendered":"http:\/\/eldigitaldeasturias.com\/magazine365\/?p=63037"},"modified":"2016-02-06T04:49:55","modified_gmt":"2016-02-06T03:49:55","slug":"los-hoteles-de-zaragoza-registraran-ocupaciones-del-85-por-la-celebracion-de-fima","status":"publish","type":"post","link":"https:\/\/eldigitaldeasturias.com\/magazine365\/los-hoteles-de-zaragoza-registraran-ocupaciones-del-85-por-la-celebracion-de-fima\/","title":{"rendered":"Los hoteles de Zaragoza registrar\u00e1n ocupaciones del 85% por la celebraci\u00f3n de FIMA"},"content":{"rendered":"<p><img fetchpriority=\"high\" decoding=\"async\" class=\"alignleft size-medium wp-image-63038\" src=\"https:\/\/eldigitaldeasturias.com\/magazine365\/wp-content\/uploads\/2016\/02\/fotonoticia_20160202103528_800-360x202.jpg\" alt=\"fotonoticia_20160202103528_800\" width=\"360\" height=\"202\" srcset=\"https:\/\/eldigitaldeasturias.com\/magazine365\/wp-content\/uploads\/2016\/02\/fotonoticia_20160202103528_800-360x202.jpg 360w, https:\/\/eldigitaldeasturias.com\/magazine365\/wp-content\/uploads\/2016\/02\/fotonoticia_20160202103528_800-650x365.jpg 650w, https:\/\/eldigitaldeasturias.com\/magazine365\/wp-content\/uploads\/2016\/02\/fotonoticia_20160202103528_800-768x431.jpg 768w, https:\/\/eldigitaldeasturias.com\/magazine365\/wp-content\/uploads\/2016\/02\/fotonoticia_20160202103528_800-150x84.jpg 150w, https:\/\/eldigitaldeasturias.com\/magazine365\/wp-content\/uploads\/2016\/02\/fotonoticia_20160202103528_800-450x253.jpg 450w, https:\/\/eldigitaldeasturias.com\/magazine365\/wp-content\/uploads\/2016\/02\/fotonoticia_20160202103528_800-696x391.jpg 696w, https:\/\/eldigitaldeasturias.com\/magazine365\/wp-content\/uploads\/2016\/02\/fotonoticia_20160202103528_800-748x420.jpg 748w, https:\/\/eldigitaldeasturias.com\/magazine365\/wp-content\/uploads\/2016\/02\/fotonoticia_20160202103528_800-499x280.jpg 499w, https:\/\/eldigitaldeasturias.com\/magazine365\/wp-content\/uploads\/2016\/02\/fotonoticia_20160202103528_800.jpg 800w\" sizes=\"(max-width: 360px) 100vw, 360px\" \/>Los hoteles de Zaragoza capital registrar\u00e1n ocupaciones del 85 por ciento con motivo de la 39 edici\u00f3n de la Feria Internacional de Maquinaria Agr\u00edcola (FIMA), que se celebra a partir del pr\u00f3ximo 16 de febrero, una de las fechas de mayor trascendencia en la actividad en el sector del alojamiento.<\/p>\n<p>Hasta la fecha se ha materializado la reserva de un 73,67 por ciento de las habitaciones existentes en la ciudad, teniendo previsto que la ocupaci\u00f3n definitiva durante las fechas en que tiene lugar este certamen ascienda al 85,73 por ciento de las mismas, lo que implicar\u00eda una mejora del 7,42 por ciento con respecto a la \u00faltima edici\u00f3n que tuvo lugar esta exposici\u00f3n.<\/p>\n<p>El gasto medio, por su parte, se incrementar\u00eda en un 2 por ciento con respecto al que tuvo lugar en la \u00faltima edici\u00f3n, han informado desde Horeca en una nota de prensa.<\/p>\n<p>Todo ello, \u00abdemuestra la mejora del comportamiento que experimenta este certamen, y la trascendencia que este tipo de eventos tiene en la econom\u00eda general de la ciudad\u00bb, toda vez que los \u00faltimos estudios tur\u00edsticos publicados indican que tan solo el 30 por ciento del gasto medio del turista en destino se invierte en el alojamiento<\/p>\n","protected":false},"excerpt":{"rendered":"<p>Los hoteles de Zaragoza capital registrar\u00e1n ocupaciones del 85 por ciento con motivo de la 39 edici\u00f3n de la Feria Internacional de Maquinaria Agr\u00edcola (FIMA), que se celebra a partir del pr\u00f3ximo 16 de febrero, una de las fechas de mayor trascendencia en la actividad en el sector del alojamiento. Hasta la fecha se ha<\/p>\n","protected":false},"author":1,"featured_media":63038,"comment_status":"open","ping_status":"closed","sticky":false,"template":"","format":"standard","meta":{"footnotes":""},"categories":[224],"tags":[],"class_list":{"0":"post-63037","1":"post","2":"type-post","3":"status-publish","4":"format-standard","5":"has-post-thumbnail","7":"category-noticias-actualidad"},"aioseo_notices":[],"aioseo_head":"\n\t\t<!-- All in One SEO Pro 4.9.6.1 - aioseo.com -->\n\t<meta name=\"description\" content=\"Los hoteles de Zaragoza capital registrar\u00e1n ocupaciones del 85 por ciento con motivo de la 39 edici\u00f3n de la Feria Internacional de Maquinaria Agr\u00edcola (FIMA), que se celebra a partir del pr\u00f3ximo 16 de febrero, una de las fechas de mayor trascendencia en la actividad en el sector del alojamiento. Hasta la fecha se ha\" \/>\n\t<meta name=\"robots\" content=\"max-image-preview:large\" \/>\n\t<meta name=\"author\" content=\"admin\"\/>\n\t<meta name=\"google-site-verification\" content=\"UA-38556648-1\" \/>\n\t<meta name=\"keywords\" content=\"noticias y actualidad\" \/>\n\t<link rel=\"canonical\" href=\"https:\/\/eldigitaldeasturias.com\/magazine365\/los-hoteles-de-zaragoza-registraran-ocupaciones-del-85-por-la-celebracion-de-fima\/\" \/>\n\t<meta name=\"generator\" content=\"All in One SEO Pro (AIOSEO) 4.9.6.1\" \/>\n\t\t<meta property=\"og:locale\" content=\"es_ES\" \/>\n\t\t<meta property=\"og:site_name\" content=\"El Digital de Asturias \u2013 Revista de ocio, turismo y estilo de vida\" \/>\n\t\t<meta property=\"og:type\" content=\"article\" \/>\n\t\t<meta property=\"og:title\" content=\"Los hoteles de Zaragoza registrar\u00e1n ocupaciones del 85% por la celebraci\u00f3n de FIMA | El Digital de Asturias\" \/>\n\t\t<meta property=\"og:description\" content=\"Los hoteles de Zaragoza capital registrar\u00e1n ocupaciones del 85 por ciento con motivo de la 39 edici\u00f3n de la Feria Internacional de Maquinaria Agr\u00edcola (FIMA), que se celebra a partir del pr\u00f3ximo 16 de febrero, una de las fechas de mayor trascendencia en la actividad en el sector del alojamiento. Hasta la fecha se ha\" \/>\n\t\t<meta property=\"og:url\" content=\"https:\/\/eldigitaldeasturias.com\/magazine365\/los-hoteles-de-zaragoza-registraran-ocupaciones-del-85-por-la-celebracion-de-fima\/\" \/>\n\t\t<meta property=\"og:image\" content=\"https:\/\/eldigitaldeasturias.com\/magazine365\/wp-content\/uploads\/2016\/02\/fotonoticia_20160202103528_800.jpg\" \/>\n\t\t<meta property=\"og:image:secure_url\" content=\"https:\/\/eldigitaldeasturias.com\/magazine365\/wp-content\/uploads\/2016\/02\/fotonoticia_20160202103528_800.jpg\" \/>\n\t\t<meta property=\"og:image:width\" content=\"800\" \/>\n\t\t<meta property=\"og:image:height\" content=\"449\" \/>\n\t\t<meta property=\"article:published_time\" content=\"2016-02-06T03:49:55+00:00\" \/>\n\t\t<meta property=\"article:modified_time\" content=\"2016-02-06T03:49:55+00:00\" \/>\n\t\t<meta name=\"twitter:card\" content=\"summary_large_image\" \/>\n\t\t<meta name=\"twitter:title\" content=\"Los hoteles de Zaragoza registrar\u00e1n ocupaciones del 85% por la celebraci\u00f3n de FIMA | El Digital de Asturias\" \/>\n\t\t<meta name=\"twitter:description\" content=\"Los hoteles de Zaragoza capital registrar\u00e1n ocupaciones del 85 por ciento con motivo de la 39 edici\u00f3n de la Feria Internacional de Maquinaria Agr\u00edcola (FIMA), que se celebra a partir del pr\u00f3ximo 16 de febrero, una de las fechas de mayor trascendencia en la actividad en el sector del alojamiento. Hasta la fecha se ha\" \/>\n\t\t<meta name=\"twitter:image\" content=\"https:\/\/eldigitaldeasturias.com\/magazine365\/wp-content\/uploads\/2016\/02\/fotonoticia_20160202103528_800.jpg\" \/>\n\t\t<script type=\"application\/ld+json\" class=\"aioseo-schema\">\n\t\t\t{\"@context\":\"https:\\\/\\\/schema.org\",\"@graph\":[{\"@type\":\"Article\",\"@id\":\"https:\\\/\\\/eldigitaldeasturias.com\\\/magazine365\\\/los-hoteles-de-zaragoza-registraran-ocupaciones-del-85-por-la-celebracion-de-fima\\\/#article\",\"name\":\"Los hoteles de Zaragoza registrar\\u00e1n ocupaciones del 85% por la celebraci\\u00f3n de FIMA | El Digital de Asturias\",\"headline\":\"Los hoteles de Zaragoza registrar\\u00e1n ocupaciones del 85% por la celebraci\\u00f3n de FIMA\",\"author\":{\"@id\":\"https:\\\/\\\/eldigitaldeasturias.com\\\/magazine365\\\/author\\\/admin\\\/#author\"},\"publisher\":{\"@id\":\"https:\\\/\\\/eldigitaldeasturias.com\\\/magazine365\\\/#organization\"},\"image\":{\"@type\":\"ImageObject\",\"url\":\"https:\\\/\\\/eldigitaldeasturias.com\\\/magazine365\\\/wp-content\\\/uploads\\\/2016\\\/02\\\/fotonoticia_20160202103528_800.jpg\",\"width\":800,\"height\":449},\"datePublished\":\"2016-02-06T04:49:55+01:00\",\"dateModified\":\"2016-02-06T04:49:55+01:00\",\"inLanguage\":\"es-ES\",\"mainEntityOfPage\":{\"@id\":\"https:\\\/\\\/eldigitaldeasturias.com\\\/magazine365\\\/los-hoteles-de-zaragoza-registraran-ocupaciones-del-85-por-la-celebracion-de-fima\\\/#webpage\"},\"isPartOf\":{\"@id\":\"https:\\\/\\\/eldigitaldeasturias.com\\\/magazine365\\\/los-hoteles-de-zaragoza-registraran-ocupaciones-del-85-por-la-celebracion-de-fima\\\/#webpage\"},\"articleSection\":\"Noticias y Actualidad\"},{\"@type\":\"BreadcrumbList\",\"@id\":\"https:\\\/\\\/eldigitaldeasturias.com\\\/magazine365\\\/los-hoteles-de-zaragoza-registraran-ocupaciones-del-85-por-la-celebracion-de-fima\\\/#breadcrumblist\",\"itemListElement\":[{\"@type\":\"ListItem\",\"@id\":\"https:\\\/\\\/eldigitaldeasturias.com\\\/magazine365#listItem\",\"position\":1,\"name\":\"Home\",\"item\":\"https:\\\/\\\/eldigitaldeasturias.com\\\/magazine365\",\"nextItem\":{\"@type\":\"ListItem\",\"@id\":\"https:\\\/\\\/eldigitaldeasturias.com\\\/magazine365\\\/category\\\/noticias-actualidad\\\/#listItem\",\"name\":\"Noticias y Actualidad\"}},{\"@type\":\"ListItem\",\"@id\":\"https:\\\/\\\/eldigitaldeasturias.com\\\/magazine365\\\/category\\\/noticias-actualidad\\\/#listItem\",\"position\":2,\"name\":\"Noticias y Actualidad\",\"item\":\"https:\\\/\\\/eldigitaldeasturias.com\\\/magazine365\\\/category\\\/noticias-actualidad\\\/\",\"nextItem\":{\"@type\":\"ListItem\",\"@id\":\"https:\\\/\\\/eldigitaldeasturias.com\\\/magazine365\\\/los-hoteles-de-zaragoza-registraran-ocupaciones-del-85-por-la-celebracion-de-fima\\\/#listItem\",\"name\":\"Los hoteles de Zaragoza registrar\\u00e1n ocupaciones del 85% por la celebraci\\u00f3n de FIMA\"},\"previousItem\":{\"@type\":\"ListItem\",\"@id\":\"https:\\\/\\\/eldigitaldeasturias.com\\\/magazine365#listItem\",\"name\":\"Home\"}},{\"@type\":\"ListItem\",\"@id\":\"https:\\\/\\\/eldigitaldeasturias.com\\\/magazine365\\\/los-hoteles-de-zaragoza-registraran-ocupaciones-del-85-por-la-celebracion-de-fima\\\/#listItem\",\"position\":3,\"name\":\"Los hoteles de Zaragoza registrar\\u00e1n ocupaciones del 85% por la celebraci\\u00f3n de FIMA\",\"previousItem\":{\"@type\":\"ListItem\",\"@id\":\"https:\\\/\\\/eldigitaldeasturias.com\\\/magazine365\\\/category\\\/noticias-actualidad\\\/#listItem\",\"name\":\"Noticias y Actualidad\"}}]},{\"@type\":\"Organization\",\"@id\":\"https:\\\/\\\/eldigitaldeasturias.com\\\/magazine365\\\/#organization\",\"name\":\"El digital de Asturias\",\"description\":\"Revista de ocio, turismo y estilo de vida\",\"url\":\"https:\\\/\\\/eldigitaldeasturias.com\\\/magazine365\\\/\",\"logo\":{\"@type\":\"ImageObject\",\"url\":\"https:\\\/\\\/www.eldigitaldeasturias.com\\\/noticias\\\/wp-content\\\/uploads\\\/2020\\\/12\\\/EDA.jpg\",\"@id\":\"https:\\\/\\\/eldigitaldeasturias.com\\\/magazine365\\\/los-hoteles-de-zaragoza-registraran-ocupaciones-del-85-por-la-celebracion-de-fima\\\/#organizationLogo\"},\"image\":{\"@id\":\"https:\\\/\\\/eldigitaldeasturias.com\\\/magazine365\\\/los-hoteles-de-zaragoza-registraran-ocupaciones-del-85-por-la-celebracion-de-fima\\\/#organizationLogo\"}},{\"@type\":\"Person\",\"@id\":\"https:\\\/\\\/eldigitaldeasturias.com\\\/magazine365\\\/author\\\/admin\\\/#author\",\"url\":\"https:\\\/\\\/eldigitaldeasturias.com\\\/magazine365\\\/author\\\/admin\\\/\",\"name\":\"admin\",\"image\":{\"@type\":\"ImageObject\",\"@id\":\"https:\\\/\\\/eldigitaldeasturias.com\\\/magazine365\\\/los-hoteles-de-zaragoza-registraran-ocupaciones-del-85-por-la-celebracion-de-fima\\\/#authorImage\",\"url\":\"https:\\\/\\\/eldigitaldeasturias.com\\\/magazine365\\\/wp-content\\\/litespeed\\\/avatar\\\/e571bcf59a0edd6fa6838245a470f2fe.jpg?ver=1776969259\",\"width\":96,\"height\":96,\"caption\":\"admin\"}},{\"@type\":\"WebPage\",\"@id\":\"https:\\\/\\\/eldigitaldeasturias.com\\\/magazine365\\\/los-hoteles-de-zaragoza-registraran-ocupaciones-del-85-por-la-celebracion-de-fima\\\/#webpage\",\"url\":\"https:\\\/\\\/eldigitaldeasturias.com\\\/magazine365\\\/los-hoteles-de-zaragoza-registraran-ocupaciones-del-85-por-la-celebracion-de-fima\\\/\",\"name\":\"Los hoteles de Zaragoza registrar\\u00e1n ocupaciones del 85% por la celebraci\\u00f3n de FIMA | El Digital de Asturias\",\"description\":\"Los hoteles de Zaragoza capital registrar\\u00e1n ocupaciones del 85 por ciento con motivo de la 39 edici\\u00f3n de la Feria Internacional de Maquinaria Agr\\u00edcola (FIMA), que se celebra a partir del pr\\u00f3ximo 16 de febrero, una de las fechas de mayor trascendencia en la actividad en el sector del alojamiento. Hasta la fecha se ha\",\"inLanguage\":\"es-ES\",\"isPartOf\":{\"@id\":\"https:\\\/\\\/eldigitaldeasturias.com\\\/magazine365\\\/#website\"},\"breadcrumb\":{\"@id\":\"https:\\\/\\\/eldigitaldeasturias.com\\\/magazine365\\\/los-hoteles-de-zaragoza-registraran-ocupaciones-del-85-por-la-celebracion-de-fima\\\/#breadcrumblist\"},\"author\":{\"@id\":\"https:\\\/\\\/eldigitaldeasturias.com\\\/magazine365\\\/author\\\/admin\\\/#author\"},\"creator\":{\"@id\":\"https:\\\/\\\/eldigitaldeasturias.com\\\/magazine365\\\/author\\\/admin\\\/#author\"},\"image\":{\"@type\":\"ImageObject\",\"url\":\"https:\\\/\\\/eldigitaldeasturias.com\\\/magazine365\\\/wp-content\\\/uploads\\\/2016\\\/02\\\/fotonoticia_20160202103528_800.jpg\",\"@id\":\"https:\\\/\\\/eldigitaldeasturias.com\\\/magazine365\\\/los-hoteles-de-zaragoza-registraran-ocupaciones-del-85-por-la-celebracion-de-fima\\\/#mainImage\",\"width\":800,\"height\":449},\"primaryImageOfPage\":{\"@id\":\"https:\\\/\\\/eldigitaldeasturias.com\\\/magazine365\\\/los-hoteles-de-zaragoza-registraran-ocupaciones-del-85-por-la-celebracion-de-fima\\\/#mainImage\"},\"datePublished\":\"2016-02-06T04:49:55+01:00\",\"dateModified\":\"2016-02-06T04:49:55+01:00\"},{\"@type\":\"WebSite\",\"@id\":\"https:\\\/\\\/eldigitaldeasturias.com\\\/magazine365\\\/#website\",\"url\":\"https:\\\/\\\/eldigitaldeasturias.com\\\/magazine365\\\/\",\"name\":\"El Digital de Asturias\",\"description\":\"Revista de ocio, turismo y estilo de vida\",\"inLanguage\":\"es-ES\",\"publisher\":{\"@id\":\"https:\\\/\\\/eldigitaldeasturias.com\\\/magazine365\\\/#organization\"}}]}\n\t\t<\/script>\n\t\t<!-- All in One SEO Pro -->\r\n\t\t<title>Los hoteles de Zaragoza registrar\u00e1n ocupaciones del 85% por la celebraci\u00f3n de FIMA | El Digital de Asturias<\/title>\n\n","aioseo_head_json":{"title":"Los hoteles de Zaragoza registrar\u00e1n ocupaciones del 85% por la celebraci\u00f3n de FIMA | El Digital de Asturias","description":"Los hoteles de Zaragoza capital registrar\u00e1n ocupaciones del 85 por ciento con motivo de la 39 edici\u00f3n de la Feria Internacional de Maquinaria Agr\u00edcola (FIMA), que se celebra a partir del pr\u00f3ximo 16 de febrero, una de las fechas de mayor trascendencia en la actividad en el sector del alojamiento. Hasta la fecha se ha","canonical_url":"https:\/\/eldigitaldeasturias.com\/magazine365\/los-hoteles-de-zaragoza-registraran-ocupaciones-del-85-por-la-celebracion-de-fima\/","robots":"max-image-preview:large","keywords":"noticias y actualidad","webmasterTools":{"google-site-verification":"UA-38556648-1","miscellaneous":""},"schema":{"@context":"https:\/\/schema.org","@graph":[{"@type":"Article","@id":"https:\/\/eldigitaldeasturias.com\/magazine365\/los-hoteles-de-zaragoza-registraran-ocupaciones-del-85-por-la-celebracion-de-fima\/#article","name":"Los hoteles de Zaragoza registrar\u00e1n ocupaciones del 85% por la celebraci\u00f3n de FIMA | El Digital de Asturias","headline":"Los hoteles de Zaragoza registrar\u00e1n ocupaciones del 85% por la celebraci\u00f3n de FIMA","author":{"@id":"https:\/\/eldigitaldeasturias.com\/magazine365\/author\/admin\/#author"},"publisher":{"@id":"https:\/\/eldigitaldeasturias.com\/magazine365\/#organization"},"image":{"@type":"ImageObject","url":"https:\/\/eldigitaldeasturias.com\/magazine365\/wp-content\/uploads\/2016\/02\/fotonoticia_20160202103528_800.jpg","width":800,"height":449},"datePublished":"2016-02-06T04:49:55+01:00","dateModified":"2016-02-06T04:49:55+01:00","inLanguage":"es-ES","mainEntityOfPage":{"@id":"https:\/\/eldigitaldeasturias.com\/magazine365\/los-hoteles-de-zaragoza-registraran-ocupaciones-del-85-por-la-celebracion-de-fima\/#webpage"},"isPartOf":{"@id":"https:\/\/eldigitaldeasturias.com\/magazine365\/los-hoteles-de-zaragoza-registraran-ocupaciones-del-85-por-la-celebracion-de-fima\/#webpage"},"articleSection":"Noticias y Actualidad"},{"@type":"BreadcrumbList","@id":"https:\/\/eldigitaldeasturias.com\/magazine365\/los-hoteles-de-zaragoza-registraran-ocupaciones-del-85-por-la-celebracion-de-fima\/#breadcrumblist","itemListElement":[{"@type":"ListItem","@id":"https:\/\/eldigitaldeasturias.com\/magazine365#listItem","position":1,"name":"Home","item":"https:\/\/eldigitaldeasturias.com\/magazine365","nextItem":{"@type":"ListItem","@id":"https:\/\/eldigitaldeasturias.com\/magazine365\/category\/noticias-actualidad\/#listItem","name":"Noticias y Actualidad"}},{"@type":"ListItem","@id":"https:\/\/eldigitaldeasturias.com\/magazine365\/category\/noticias-actualidad\/#listItem","position":2,"name":"Noticias y Actualidad","item":"https:\/\/eldigitaldeasturias.com\/magazine365\/category\/noticias-actualidad\/","nextItem":{"@type":"ListItem","@id":"https:\/\/eldigitaldeasturias.com\/magazine365\/los-hoteles-de-zaragoza-registraran-ocupaciones-del-85-por-la-celebracion-de-fima\/#listItem","name":"Los hoteles de Zaragoza registrar\u00e1n ocupaciones del 85% por la celebraci\u00f3n de FIMA"},"previousItem":{"@type":"ListItem","@id":"https:\/\/eldigitaldeasturias.com\/magazine365#listItem","name":"Home"}},{"@type":"ListItem","@id":"https:\/\/eldigitaldeasturias.com\/magazine365\/los-hoteles-de-zaragoza-registraran-ocupaciones-del-85-por-la-celebracion-de-fima\/#listItem","position":3,"name":"Los hoteles de Zaragoza registrar\u00e1n ocupaciones del 85% por la celebraci\u00f3n de FIMA","previousItem":{"@type":"ListItem","@id":"https:\/\/eldigitaldeasturias.com\/magazine365\/category\/noticias-actualidad\/#listItem","name":"Noticias y Actualidad"}}]},{"@type":"Organization","@id":"https:\/\/eldigitaldeasturias.com\/magazine365\/#organization","name":"El digital de Asturias","description":"Revista de ocio, turismo y estilo de vida","url":"https:\/\/eldigitaldeasturias.com\/magazine365\/","logo":{"@type":"ImageObject","url":"https:\/\/www.eldigitaldeasturias.com\/noticias\/wp-content\/uploads\/2020\/12\/EDA.jpg","@id":"https:\/\/eldigitaldeasturias.com\/magazine365\/los-hoteles-de-zaragoza-registraran-ocupaciones-del-85-por-la-celebracion-de-fima\/#organizationLogo"},"image":{"@id":"https:\/\/eldigitaldeasturias.com\/magazine365\/los-hoteles-de-zaragoza-registraran-ocupaciones-del-85-por-la-celebracion-de-fima\/#organizationLogo"}},{"@type":"Person","@id":"https:\/\/eldigitaldeasturias.com\/magazine365\/author\/admin\/#author","url":"https:\/\/eldigitaldeasturias.com\/magazine365\/author\/admin\/","name":"admin","image":{"@type":"ImageObject","@id":"https:\/\/eldigitaldeasturias.com\/magazine365\/los-hoteles-de-zaragoza-registraran-ocupaciones-del-85-por-la-celebracion-de-fima\/#authorImage","url":"https:\/\/eldigitaldeasturias.com\/magazine365\/wp-content\/litespeed\/avatar\/e571bcf59a0edd6fa6838245a470f2fe.jpg?ver=1776969259","width":96,"height":96,"caption":"admin"}},{"@type":"WebPage","@id":"https:\/\/eldigitaldeasturias.com\/magazine365\/los-hoteles-de-zaragoza-registraran-ocupaciones-del-85-por-la-celebracion-de-fima\/#webpage","url":"https:\/\/eldigitaldeasturias.com\/magazine365\/los-hoteles-de-zaragoza-registraran-ocupaciones-del-85-por-la-celebracion-de-fima\/","name":"Los hoteles de Zaragoza registrar\u00e1n ocupaciones del 85% por la celebraci\u00f3n de FIMA | El Digital de Asturias","description":"Los hoteles de Zaragoza capital registrar\u00e1n ocupaciones del 85 por ciento con motivo de la 39 edici\u00f3n de la Feria Internacional de Maquinaria Agr\u00edcola (FIMA), que se celebra a partir del pr\u00f3ximo 16 de febrero, una de las fechas de mayor trascendencia en la actividad en el sector del alojamiento. Hasta la fecha se ha","inLanguage":"es-ES","isPartOf":{"@id":"https:\/\/eldigitaldeasturias.com\/magazine365\/#website"},"breadcrumb":{"@id":"https:\/\/eldigitaldeasturias.com\/magazine365\/los-hoteles-de-zaragoza-registraran-ocupaciones-del-85-por-la-celebracion-de-fima\/#breadcrumblist"},"author":{"@id":"https:\/\/eldigitaldeasturias.com\/magazine365\/author\/admin\/#author"},"creator":{"@id":"https:\/\/eldigitaldeasturias.com\/magazine365\/author\/admin\/#author"},"image":{"@type":"ImageObject","url":"https:\/\/eldigitaldeasturias.com\/magazine365\/wp-content\/uploads\/2016\/02\/fotonoticia_20160202103528_800.jpg","@id":"https:\/\/eldigitaldeasturias.com\/magazine365\/los-hoteles-de-zaragoza-registraran-ocupaciones-del-85-por-la-celebracion-de-fima\/#mainImage","width":800,"height":449},"primaryImageOfPage":{"@id":"https:\/\/eldigitaldeasturias.com\/magazine365\/los-hoteles-de-zaragoza-registraran-ocupaciones-del-85-por-la-celebracion-de-fima\/#mainImage"},"datePublished":"2016-02-06T04:49:55+01:00","dateModified":"2016-02-06T04:49:55+01:00"},{"@type":"WebSite","@id":"https:\/\/eldigitaldeasturias.com\/magazine365\/#website","url":"https:\/\/eldigitaldeasturias.com\/magazine365\/","name":"El Digital de Asturias","description":"Revista de ocio, turismo y estilo de vida","inLanguage":"es-ES","publisher":{"@id":"https:\/\/eldigitaldeasturias.com\/magazine365\/#organization"}}]},"og:locale":"es_ES","og:site_name":"El Digital de Asturias \u2013 Revista de ocio, turismo y estilo de vida","og:type":"article","og:title":"Los hoteles de Zaragoza registrar\u00e1n ocupaciones del 85% por la celebraci\u00f3n de FIMA | El Digital de Asturias","og:description":"Los hoteles de Zaragoza capital registrar\u00e1n ocupaciones del 85 por ciento con motivo de la 39 edici\u00f3n de la Feria Internacional de Maquinaria Agr\u00edcola (FIMA), que se celebra a partir del pr\u00f3ximo 16 de febrero, una de las fechas de mayor trascendencia en la actividad en el sector del alojamiento. Hasta la fecha se ha","og:url":"https:\/\/eldigitaldeasturias.com\/magazine365\/los-hoteles-de-zaragoza-registraran-ocupaciones-del-85-por-la-celebracion-de-fima\/","og:image":"https:\/\/eldigitaldeasturias.com\/magazine365\/wp-content\/uploads\/2016\/02\/fotonoticia_20160202103528_800.jpg","og:image:secure_url":"https:\/\/eldigitaldeasturias.com\/magazine365\/wp-content\/uploads\/2016\/02\/fotonoticia_20160202103528_800.jpg","og:image:width":800,"og:image:height":449,"article:published_time":"2016-02-06T03:49:55+00:00","article:modified_time":"2016-02-06T03:49:55+00:00","twitter:card":"summary_large_image","twitter:title":"Los hoteles de Zaragoza registrar\u00e1n ocupaciones del 85% por la celebraci\u00f3n de FIMA | El Digital de Asturias","twitter:description":"Los hoteles de Zaragoza capital registrar\u00e1n ocupaciones del 85 por ciento con motivo de la 39 edici\u00f3n de la Feria Internacional de Maquinaria Agr\u00edcola (FIMA), que se celebra a partir del pr\u00f3ximo 16 de febrero, una de las fechas de mayor trascendencia en la actividad en el sector del alojamiento. Hasta la fecha se ha","twitter:image":"https:\/\/eldigitaldeasturias.com\/magazine365\/wp-content\/uploads\/2016\/02\/fotonoticia_20160202103528_800.jpg"},"aioseo_meta_data":{"post_id":"63037","title":null,"description":null,"keywords":null,"keyphrases":null,"primary_term":null,"canonical_url":null,"og_title":null,"og_description":null,"og_object_type":"default","og_image_type":"default","og_image_url":null,"og_image_width":null,"og_image_height":null,"og_image_custom_url":null,"og_image_custom_fields":null,"og_video":null,"og_custom_url":null,"og_article_section":null,"og_article_tags":null,"twitter_use_og":false,"twitter_card":"default","twitter_image_type":"default","twitter_image_url":null,"twitter_image_custom_url":null,"twitter_image_custom_fields":null,"twitter_title":null,"twitter_description":null,"schema":{"blockGraphs":[],"customGraphs":[],"default":{"data":{"Article":[],"Course":[],"Dataset":[],"FAQPage":[],"Movie":[],"Person":[],"Product":[],"ProductReview":[],"Car":[],"Recipe":[],"Service":[],"SoftwareApplication":[],"WebPage":[]},"graphName":"","isEnabled":true},"graphs":[],"defaultGraph":"","defaultPostTypeGraph":""},"schema_type":null,"schema_type_options":null,"pillar_content":false,"robots_default":true,"robots_noindex":false,"robots_noarchive":false,"robots_nosnippet":false,"robots_nofollow":false,"robots_noimageindex":false,"robots_noodp":false,"robots_notranslate":false,"robots_max_snippet":null,"robots_max_videopreview":null,"robots_max_imagepreview":"large","priority":null,"frequency":null,"location":null,"local_seo":null,"seo_analyzer_scan_date":"2025-09-25 12:23:03","breadcrumb_settings":null,"limit_modified_date":false,"open_ai":null,"ai":null,"created":"2021-03-08 21:28:01","updated":"2025-09-25 12:23:03"},"aioseo_breadcrumb":"<div class=\"aioseo-breadcrumbs\"><span class=\"aioseo-breadcrumb\">\n\t<a href=\"https:\/\/eldigitaldeasturias.com\/magazine365\" title=\"Home\">Home<\/a>\n<\/span><span class=\"aioseo-breadcrumb-separator\">\u2013<\/span><span class=\"aioseo-breadcrumb\">\n\t<a href=\"https:\/\/eldigitaldeasturias.com\/magazine365\/category\/noticias-actualidad\/\" title=\"Noticias y Actualidad\">Noticias y Actualidad<\/a>\n<\/span><span class=\"aioseo-breadcrumb-separator\">\u2013<\/span><span class=\"aioseo-breadcrumb\">\n\t<a href=\"https:\/\/eldigitaldeasturias.com\/magazine365\/los-hoteles-de-zaragoza-registraran-ocupaciones-del-85-por-la-celebracion-de-fima\/\" title=\"Los hoteles de Zaragoza registrar\u00e1n ocupaciones del 85% por la celebraci\u00f3n de FIMA\">Los hoteles de Zaragoza registrar\u00e1n ocupaciones del 85% por la celebraci\u00f3n de FIMA<\/a>\n<\/span><\/div>","aioseo_breadcrumb_json":[{"label":"Home","link":"https:\/\/eldigitaldeasturias.com\/magazine365"},{"label":"Noticias y Actualidad","link":"https:\/\/eldigitaldeasturias.com\/magazine365\/category\/noticias-actualidad\/"},{"label":"Los hoteles de Zaragoza registrar\u00e1n ocupaciones del 85% por la celebraci\u00f3n de FIMA","link":"https:\/\/eldigitaldeasturias.com\/magazine365\/los-hoteles-de-zaragoza-registraran-ocupaciones-del-85-por-la-celebracion-de-fima\/"}],"_links":{"self":[{"href":"https:\/\/eldigitaldeasturias.com\/magazine365\/wp-json\/wp\/v2\/posts\/63037","targetHints":{"allow":["GET"]}}],"collection":[{"href":"https:\/\/eldigitaldeasturias.com\/magazine365\/wp-json\/wp\/v2\/posts"}],"about":[{"href":"https:\/\/eldigitaldeasturias.com\/magazine365\/wp-json\/wp\/v2\/types\/post"}],"author":[{"embeddable":true,"href":"https:\/\/eldigitaldeasturias.com\/magazine365\/wp-json\/wp\/v2\/users\/1"}],"replies":[{"embeddable":true,"href":"https:\/\/eldigitaldeasturias.com\/magazine365\/wp-json\/wp\/v2\/comments?post=63037"}],"version-history":[{"count":0,"href":"https:\/\/eldigitaldeasturias.com\/magazine365\/wp-json\/wp\/v2\/posts\/63037\/revisions"}],"wp:featuredmedia":[{"embeddable":true,"href":"https:\/\/eldigitaldeasturias.com\/magazine365\/wp-json\/wp\/v2\/media\/63038"}],"wp:attachment":[{"href":"https:\/\/eldigitaldeasturias.com\/magazine365\/wp-json\/wp\/v2\/media?parent=63037"}],"wp:term":[{"taxonomy":"category","embeddable":true,"href":"https:\/\/eldigitaldeasturias.com\/magazine365\/wp-json\/wp\/v2\/categories?post=63037"},{"taxonomy":"post_tag","embeddable":true,"href":"https:\/\/eldigitaldeasturias.com\/magazine365\/wp-json\/wp\/v2\/tags?post=63037"}],"curies":[{"name":"wp","href":"https:\/\/api.w.org\/{rel}","templated":true}]}}