{"id":62990,"date":"2016-02-05T04:24:03","date_gmt":"2016-02-05T03:24:03","guid":{"rendered":"http:\/\/eldigitaldeasturias.com\/magazine365\/?p=62990"},"modified":"2016-02-05T04:24:03","modified_gmt":"2016-02-05T03:24:03","slug":"adif-y-renfe-restableceran-el-servicio-de-la-r8-en-barcelona","status":"publish","type":"post","link":"https:\/\/eldigitaldeasturias.com\/magazine365\/adif-y-renfe-restableceran-el-servicio-de-la-r8-en-barcelona\/","title":{"rendered":"Adif y Renfe restablecer\u00e1n el servicio de la R8 en Barcelona"},"content":{"rendered":"<p><img fetchpriority=\"high\" decoding=\"async\" class=\"alignleft size-medium wp-image-62991\" src=\"https:\/\/eldigitaldeasturias.com\/magazine365\/wp-content\/uploads\/2016\/02\/fotonoticia_20160201172227_800-360x270.jpg\" alt=\"fotonoticia_20160201172227_800\" width=\"360\" height=\"270\" srcset=\"https:\/\/eldigitaldeasturias.com\/magazine365\/wp-content\/uploads\/2016\/02\/fotonoticia_20160201172227_800-360x270.jpg 360w, https:\/\/eldigitaldeasturias.com\/magazine365\/wp-content\/uploads\/2016\/02\/fotonoticia_20160201172227_800-650x488.jpg 650w, https:\/\/eldigitaldeasturias.com\/magazine365\/wp-content\/uploads\/2016\/02\/fotonoticia_20160201172227_800-768x576.jpg 768w, https:\/\/eldigitaldeasturias.com\/magazine365\/wp-content\/uploads\/2016\/02\/fotonoticia_20160201172227_800-150x113.jpg 150w, https:\/\/eldigitaldeasturias.com\/magazine365\/wp-content\/uploads\/2016\/02\/fotonoticia_20160201172227_800-450x338.jpg 450w, https:\/\/eldigitaldeasturias.com\/magazine365\/wp-content\/uploads\/2016\/02\/fotonoticia_20160201172227_800-80x60.jpg 80w, https:\/\/eldigitaldeasturias.com\/magazine365\/wp-content\/uploads\/2016\/02\/fotonoticia_20160201172227_800-265x198.jpg 265w, https:\/\/eldigitaldeasturias.com\/magazine365\/wp-content\/uploads\/2016\/02\/fotonoticia_20160201172227_800-696x522.jpg 696w, https:\/\/eldigitaldeasturias.com\/magazine365\/wp-content\/uploads\/2016\/02\/fotonoticia_20160201172227_800-560x420.jpg 560w, https:\/\/eldigitaldeasturias.com\/magazine365\/wp-content\/uploads\/2016\/02\/fotonoticia_20160201172227_800-90x67.jpg 90w, https:\/\/eldigitaldeasturias.com\/magazine365\/wp-content\/uploads\/2016\/02\/fotonoticia_20160201172227_800-164x124.jpg 164w, https:\/\/eldigitaldeasturias.com\/magazine365\/wp-content\/uploads\/2016\/02\/fotonoticia_20160201172227_800-100x75.jpg 100w, https:\/\/eldigitaldeasturias.com\/magazine365\/wp-content\/uploads\/2016\/02\/fotonoticia_20160201172227_800.jpg 800w\" sizes=\"(max-width: 360px) 100vw, 360px\" \/>Adif y Renfe restablecer\u00e1n este martes el servicio habitual de la l\u00ednea R8 de Rodalies, una vez finalizados los trabajos de reparaci\u00f3n de los da\u00f1os producidos en la Bifurcaci\u00f3 Mollet a ra\u00edz del robo de cable del sistema de electrificaci\u00f3n el 15 de diciembre.<\/p>\n<p>Seg\u00fan ha informado Renfe este lunes en un comunicado, de esta forma el servicio de la R8 quedar\u00e1 totalmente recuperado coincidiendo con el inicio de las clases del segundo semestre en la UAB.<\/p>\n<p>Asimismo, tambi\u00e9n quedar\u00e1 normalizada la circulaci\u00f3n ferroviaria en el \u00e1mbito de la Bifurcaci\u00f3 Mollet despu\u00e9s de que el 11 de enero se restableciese el servicio normal de las l\u00edneas R2 y R11.<\/p>\n","protected":false},"excerpt":{"rendered":"<p>Adif y Renfe restablecer\u00e1n este martes el servicio habitual de la l\u00ednea R8 de Rodalies, una vez finalizados los trabajos de reparaci\u00f3n de los da\u00f1os producidos en la Bifurcaci\u00f3 Mollet a ra\u00edz del robo de cable del sistema de electrificaci\u00f3n el 15 de diciembre. Seg\u00fan ha informado Renfe este lunes en un comunicado, de esta<\/p>\n","protected":false},"author":1,"featured_media":62991,"comment_status":"open","ping_status":"closed","sticky":false,"template":"","format":"standard","meta":{"footnotes":""},"categories":[224],"tags":[],"class_list":{"0":"post-62990","1":"post","2":"type-post","3":"status-publish","4":"format-standard","5":"has-post-thumbnail","7":"category-noticias-actualidad"},"aioseo_notices":[],"aioseo_head":"\n\t\t<!-- All in One SEO Pro 4.9.6.1 - aioseo.com -->\n\t<meta name=\"description\" content=\"Adif y Renfe restablecer\u00e1n este martes el servicio habitual de la l\u00ednea R8 de Rodalies, una vez finalizados los trabajos de reparaci\u00f3n de los da\u00f1os producidos en la Bifurcaci\u00f3 Mollet a ra\u00edz del robo de cable del sistema de electrificaci\u00f3n el 15 de diciembre. Seg\u00fan ha informado Renfe este lunes en un comunicado, de esta\" \/>\n\t<meta name=\"robots\" content=\"max-image-preview:large\" \/>\n\t<meta name=\"author\" content=\"admin\"\/>\n\t<meta name=\"google-site-verification\" content=\"UA-38556648-1\" \/>\n\t<meta name=\"keywords\" content=\"noticias y actualidad\" \/>\n\t<link rel=\"canonical\" href=\"https:\/\/eldigitaldeasturias.com\/magazine365\/adif-y-renfe-restableceran-el-servicio-de-la-r8-en-barcelona\/\" \/>\n\t<meta name=\"generator\" content=\"All in One SEO Pro (AIOSEO) 4.9.6.1\" \/>\n\t\t<meta property=\"og:locale\" content=\"es_ES\" \/>\n\t\t<meta property=\"og:site_name\" content=\"El Digital de Asturias \u2013 Revista de ocio, turismo y estilo de vida\" \/>\n\t\t<meta property=\"og:type\" content=\"article\" \/>\n\t\t<meta property=\"og:title\" content=\"Adif y Renfe restablecer\u00e1n el servicio de la R8 en Barcelona | El Digital de Asturias\" \/>\n\t\t<meta property=\"og:description\" content=\"Adif y Renfe restablecer\u00e1n este martes el servicio habitual de la l\u00ednea R8 de Rodalies, una vez finalizados los trabajos de reparaci\u00f3n de los da\u00f1os producidos en la Bifurcaci\u00f3 Mollet a ra\u00edz del robo de cable del sistema de electrificaci\u00f3n el 15 de diciembre. Seg\u00fan ha informado Renfe este lunes en un comunicado, de esta\" \/>\n\t\t<meta property=\"og:url\" content=\"https:\/\/eldigitaldeasturias.com\/magazine365\/adif-y-renfe-restableceran-el-servicio-de-la-r8-en-barcelona\/\" \/>\n\t\t<meta property=\"og:image\" content=\"https:\/\/eldigitaldeasturias.com\/magazine365\/wp-content\/uploads\/2016\/02\/fotonoticia_20160201172227_800.jpg\" \/>\n\t\t<meta property=\"og:image:secure_url\" content=\"https:\/\/eldigitaldeasturias.com\/magazine365\/wp-content\/uploads\/2016\/02\/fotonoticia_20160201172227_800.jpg\" \/>\n\t\t<meta property=\"og:image:width\" content=\"800\" \/>\n\t\t<meta property=\"og:image:height\" content=\"600\" \/>\n\t\t<meta property=\"article:published_time\" content=\"2016-02-05T03:24:03+00:00\" \/>\n\t\t<meta property=\"article:modified_time\" content=\"2016-02-05T03:24:03+00:00\" \/>\n\t\t<meta name=\"twitter:card\" content=\"summary_large_image\" \/>\n\t\t<meta name=\"twitter:title\" content=\"Adif y Renfe restablecer\u00e1n el servicio de la R8 en Barcelona | El Digital de Asturias\" \/>\n\t\t<meta name=\"twitter:description\" content=\"Adif y Renfe restablecer\u00e1n este martes el servicio habitual de la l\u00ednea R8 de Rodalies, una vez finalizados los trabajos de reparaci\u00f3n de los da\u00f1os producidos en la Bifurcaci\u00f3 Mollet a ra\u00edz del robo de cable del sistema de electrificaci\u00f3n el 15 de diciembre. Seg\u00fan ha informado Renfe este lunes en un comunicado, de esta\" \/>\n\t\t<meta name=\"twitter:image\" content=\"https:\/\/eldigitaldeasturias.com\/magazine365\/wp-content\/uploads\/2016\/02\/fotonoticia_20160201172227_800.jpg\" \/>\n\t\t<script type=\"application\/ld+json\" class=\"aioseo-schema\">\n\t\t\t{\"@context\":\"https:\\\/\\\/schema.org\",\"@graph\":[{\"@type\":\"Article\",\"@id\":\"https:\\\/\\\/eldigitaldeasturias.com\\\/magazine365\\\/adif-y-renfe-restableceran-el-servicio-de-la-r8-en-barcelona\\\/#article\",\"name\":\"Adif y Renfe restablecer\\u00e1n el servicio de la R8 en Barcelona | El Digital de Asturias\",\"headline\":\"Adif y Renfe restablecer\\u00e1n el servicio de la R8 en Barcelona\",\"author\":{\"@id\":\"https:\\\/\\\/eldigitaldeasturias.com\\\/magazine365\\\/author\\\/admin\\\/#author\"},\"publisher\":{\"@id\":\"https:\\\/\\\/eldigitaldeasturias.com\\\/magazine365\\\/#organization\"},\"image\":{\"@type\":\"ImageObject\",\"url\":\"https:\\\/\\\/eldigitaldeasturias.com\\\/magazine365\\\/wp-content\\\/uploads\\\/2016\\\/02\\\/fotonoticia_20160201172227_800.jpg\",\"width\":800,\"height\":600},\"datePublished\":\"2016-02-05T04:24:03+01:00\",\"dateModified\":\"2016-02-05T04:24:03+01:00\",\"inLanguage\":\"es-ES\",\"mainEntityOfPage\":{\"@id\":\"https:\\\/\\\/eldigitaldeasturias.com\\\/magazine365\\\/adif-y-renfe-restableceran-el-servicio-de-la-r8-en-barcelona\\\/#webpage\"},\"isPartOf\":{\"@id\":\"https:\\\/\\\/eldigitaldeasturias.com\\\/magazine365\\\/adif-y-renfe-restableceran-el-servicio-de-la-r8-en-barcelona\\\/#webpage\"},\"articleSection\":\"Noticias y Actualidad\"},{\"@type\":\"BreadcrumbList\",\"@id\":\"https:\\\/\\\/eldigitaldeasturias.com\\\/magazine365\\\/adif-y-renfe-restableceran-el-servicio-de-la-r8-en-barcelona\\\/#breadcrumblist\",\"itemListElement\":[{\"@type\":\"ListItem\",\"@id\":\"https:\\\/\\\/eldigitaldeasturias.com\\\/magazine365#listItem\",\"position\":1,\"name\":\"Home\",\"item\":\"https:\\\/\\\/eldigitaldeasturias.com\\\/magazine365\",\"nextItem\":{\"@type\":\"ListItem\",\"@id\":\"https:\\\/\\\/eldigitaldeasturias.com\\\/magazine365\\\/category\\\/noticias-actualidad\\\/#listItem\",\"name\":\"Noticias y Actualidad\"}},{\"@type\":\"ListItem\",\"@id\":\"https:\\\/\\\/eldigitaldeasturias.com\\\/magazine365\\\/category\\\/noticias-actualidad\\\/#listItem\",\"position\":2,\"name\":\"Noticias y Actualidad\",\"item\":\"https:\\\/\\\/eldigitaldeasturias.com\\\/magazine365\\\/category\\\/noticias-actualidad\\\/\",\"nextItem\":{\"@type\":\"ListItem\",\"@id\":\"https:\\\/\\\/eldigitaldeasturias.com\\\/magazine365\\\/adif-y-renfe-restableceran-el-servicio-de-la-r8-en-barcelona\\\/#listItem\",\"name\":\"Adif y Renfe restablecer\\u00e1n el servicio de la R8 en Barcelona\"},\"previousItem\":{\"@type\":\"ListItem\",\"@id\":\"https:\\\/\\\/eldigitaldeasturias.com\\\/magazine365#listItem\",\"name\":\"Home\"}},{\"@type\":\"ListItem\",\"@id\":\"https:\\\/\\\/eldigitaldeasturias.com\\\/magazine365\\\/adif-y-renfe-restableceran-el-servicio-de-la-r8-en-barcelona\\\/#listItem\",\"position\":3,\"name\":\"Adif y Renfe restablecer\\u00e1n el servicio de la R8 en Barcelona\",\"previousItem\":{\"@type\":\"ListItem\",\"@id\":\"https:\\\/\\\/eldigitaldeasturias.com\\\/magazine365\\\/category\\\/noticias-actualidad\\\/#listItem\",\"name\":\"Noticias y Actualidad\"}}]},{\"@type\":\"Organization\",\"@id\":\"https:\\\/\\\/eldigitaldeasturias.com\\\/magazine365\\\/#organization\",\"name\":\"El digital de Asturias\",\"description\":\"Revista de ocio, turismo y estilo de vida\",\"url\":\"https:\\\/\\\/eldigitaldeasturias.com\\\/magazine365\\\/\",\"logo\":{\"@type\":\"ImageObject\",\"url\":\"https:\\\/\\\/www.eldigitaldeasturias.com\\\/noticias\\\/wp-content\\\/uploads\\\/2020\\\/12\\\/EDA.jpg\",\"@id\":\"https:\\\/\\\/eldigitaldeasturias.com\\\/magazine365\\\/adif-y-renfe-restableceran-el-servicio-de-la-r8-en-barcelona\\\/#organizationLogo\"},\"image\":{\"@id\":\"https:\\\/\\\/eldigitaldeasturias.com\\\/magazine365\\\/adif-y-renfe-restableceran-el-servicio-de-la-r8-en-barcelona\\\/#organizationLogo\"}},{\"@type\":\"Person\",\"@id\":\"https:\\\/\\\/eldigitaldeasturias.com\\\/magazine365\\\/author\\\/admin\\\/#author\",\"url\":\"https:\\\/\\\/eldigitaldeasturias.com\\\/magazine365\\\/author\\\/admin\\\/\",\"name\":\"admin\",\"image\":{\"@type\":\"ImageObject\",\"@id\":\"https:\\\/\\\/eldigitaldeasturias.com\\\/magazine365\\\/adif-y-renfe-restableceran-el-servicio-de-la-r8-en-barcelona\\\/#authorImage\",\"url\":\"https:\\\/\\\/eldigitaldeasturias.com\\\/magazine365\\\/wp-content\\\/litespeed\\\/avatar\\\/e571bcf59a0edd6fa6838245a470f2fe.jpg?ver=1776969259\",\"width\":96,\"height\":96,\"caption\":\"admin\"}},{\"@type\":\"WebPage\",\"@id\":\"https:\\\/\\\/eldigitaldeasturias.com\\\/magazine365\\\/adif-y-renfe-restableceran-el-servicio-de-la-r8-en-barcelona\\\/#webpage\",\"url\":\"https:\\\/\\\/eldigitaldeasturias.com\\\/magazine365\\\/adif-y-renfe-restableceran-el-servicio-de-la-r8-en-barcelona\\\/\",\"name\":\"Adif y Renfe restablecer\\u00e1n el servicio de la R8 en Barcelona | El Digital de Asturias\",\"description\":\"Adif y Renfe restablecer\\u00e1n este martes el servicio habitual de la l\\u00ednea R8 de Rodalies, una vez finalizados los trabajos de reparaci\\u00f3n de los da\\u00f1os producidos en la Bifurcaci\\u00f3 Mollet a ra\\u00edz del robo de cable del sistema de electrificaci\\u00f3n el 15 de diciembre. Seg\\u00fan ha informado Renfe este lunes en un comunicado, de esta\",\"inLanguage\":\"es-ES\",\"isPartOf\":{\"@id\":\"https:\\\/\\\/eldigitaldeasturias.com\\\/magazine365\\\/#website\"},\"breadcrumb\":{\"@id\":\"https:\\\/\\\/eldigitaldeasturias.com\\\/magazine365\\\/adif-y-renfe-restableceran-el-servicio-de-la-r8-en-barcelona\\\/#breadcrumblist\"},\"author\":{\"@id\":\"https:\\\/\\\/eldigitaldeasturias.com\\\/magazine365\\\/author\\\/admin\\\/#author\"},\"creator\":{\"@id\":\"https:\\\/\\\/eldigitaldeasturias.com\\\/magazine365\\\/author\\\/admin\\\/#author\"},\"image\":{\"@type\":\"ImageObject\",\"url\":\"https:\\\/\\\/eldigitaldeasturias.com\\\/magazine365\\\/wp-content\\\/uploads\\\/2016\\\/02\\\/fotonoticia_20160201172227_800.jpg\",\"@id\":\"https:\\\/\\\/eldigitaldeasturias.com\\\/magazine365\\\/adif-y-renfe-restableceran-el-servicio-de-la-r8-en-barcelona\\\/#mainImage\",\"width\":800,\"height\":600},\"primaryImageOfPage\":{\"@id\":\"https:\\\/\\\/eldigitaldeasturias.com\\\/magazine365\\\/adif-y-renfe-restableceran-el-servicio-de-la-r8-en-barcelona\\\/#mainImage\"},\"datePublished\":\"2016-02-05T04:24:03+01:00\",\"dateModified\":\"2016-02-05T04:24:03+01:00\"},{\"@type\":\"WebSite\",\"@id\":\"https:\\\/\\\/eldigitaldeasturias.com\\\/magazine365\\\/#website\",\"url\":\"https:\\\/\\\/eldigitaldeasturias.com\\\/magazine365\\\/\",\"name\":\"El Digital de Asturias\",\"description\":\"Revista de ocio, turismo y estilo de vida\",\"inLanguage\":\"es-ES\",\"publisher\":{\"@id\":\"https:\\\/\\\/eldigitaldeasturias.com\\\/magazine365\\\/#organization\"}}]}\n\t\t<\/script>\n\t\t<!-- All in One SEO Pro -->\r\n\t\t<title>Adif y Renfe restablecer\u00e1n el servicio de la R8 en Barcelona | El Digital de Asturias<\/title>\n\n","aioseo_head_json":{"title":"Adif y Renfe restablecer\u00e1n el servicio de la R8 en Barcelona | El Digital de Asturias","description":"Adif y Renfe restablecer\u00e1n este martes el servicio habitual de la l\u00ednea R8 de Rodalies, una vez finalizados los trabajos de reparaci\u00f3n de los da\u00f1os producidos en la Bifurcaci\u00f3 Mollet a ra\u00edz del robo de cable del sistema de electrificaci\u00f3n el 15 de diciembre. Seg\u00fan ha informado Renfe este lunes en un comunicado, de esta","canonical_url":"https:\/\/eldigitaldeasturias.com\/magazine365\/adif-y-renfe-restableceran-el-servicio-de-la-r8-en-barcelona\/","robots":"max-image-preview:large","keywords":"noticias y actualidad","webmasterTools":{"google-site-verification":"UA-38556648-1","miscellaneous":""},"schema":{"@context":"https:\/\/schema.org","@graph":[{"@type":"Article","@id":"https:\/\/eldigitaldeasturias.com\/magazine365\/adif-y-renfe-restableceran-el-servicio-de-la-r8-en-barcelona\/#article","name":"Adif y Renfe restablecer\u00e1n el servicio de la R8 en Barcelona | El Digital de Asturias","headline":"Adif y Renfe restablecer\u00e1n el servicio de la R8 en Barcelona","author":{"@id":"https:\/\/eldigitaldeasturias.com\/magazine365\/author\/admin\/#author"},"publisher":{"@id":"https:\/\/eldigitaldeasturias.com\/magazine365\/#organization"},"image":{"@type":"ImageObject","url":"https:\/\/eldigitaldeasturias.com\/magazine365\/wp-content\/uploads\/2016\/02\/fotonoticia_20160201172227_800.jpg","width":800,"height":600},"datePublished":"2016-02-05T04:24:03+01:00","dateModified":"2016-02-05T04:24:03+01:00","inLanguage":"es-ES","mainEntityOfPage":{"@id":"https:\/\/eldigitaldeasturias.com\/magazine365\/adif-y-renfe-restableceran-el-servicio-de-la-r8-en-barcelona\/#webpage"},"isPartOf":{"@id":"https:\/\/eldigitaldeasturias.com\/magazine365\/adif-y-renfe-restableceran-el-servicio-de-la-r8-en-barcelona\/#webpage"},"articleSection":"Noticias y Actualidad"},{"@type":"BreadcrumbList","@id":"https:\/\/eldigitaldeasturias.com\/magazine365\/adif-y-renfe-restableceran-el-servicio-de-la-r8-en-barcelona\/#breadcrumblist","itemListElement":[{"@type":"ListItem","@id":"https:\/\/eldigitaldeasturias.com\/magazine365#listItem","position":1,"name":"Home","item":"https:\/\/eldigitaldeasturias.com\/magazine365","nextItem":{"@type":"ListItem","@id":"https:\/\/eldigitaldeasturias.com\/magazine365\/category\/noticias-actualidad\/#listItem","name":"Noticias y Actualidad"}},{"@type":"ListItem","@id":"https:\/\/eldigitaldeasturias.com\/magazine365\/category\/noticias-actualidad\/#listItem","position":2,"name":"Noticias y Actualidad","item":"https:\/\/eldigitaldeasturias.com\/magazine365\/category\/noticias-actualidad\/","nextItem":{"@type":"ListItem","@id":"https:\/\/eldigitaldeasturias.com\/magazine365\/adif-y-renfe-restableceran-el-servicio-de-la-r8-en-barcelona\/#listItem","name":"Adif y Renfe restablecer\u00e1n el servicio de la R8 en Barcelona"},"previousItem":{"@type":"ListItem","@id":"https:\/\/eldigitaldeasturias.com\/magazine365#listItem","name":"Home"}},{"@type":"ListItem","@id":"https:\/\/eldigitaldeasturias.com\/magazine365\/adif-y-renfe-restableceran-el-servicio-de-la-r8-en-barcelona\/#listItem","position":3,"name":"Adif y Renfe restablecer\u00e1n el servicio de la R8 en Barcelona","previousItem":{"@type":"ListItem","@id":"https:\/\/eldigitaldeasturias.com\/magazine365\/category\/noticias-actualidad\/#listItem","name":"Noticias y Actualidad"}}]},{"@type":"Organization","@id":"https:\/\/eldigitaldeasturias.com\/magazine365\/#organization","name":"El digital de Asturias","description":"Revista de ocio, turismo y estilo de vida","url":"https:\/\/eldigitaldeasturias.com\/magazine365\/","logo":{"@type":"ImageObject","url":"https:\/\/www.eldigitaldeasturias.com\/noticias\/wp-content\/uploads\/2020\/12\/EDA.jpg","@id":"https:\/\/eldigitaldeasturias.com\/magazine365\/adif-y-renfe-restableceran-el-servicio-de-la-r8-en-barcelona\/#organizationLogo"},"image":{"@id":"https:\/\/eldigitaldeasturias.com\/magazine365\/adif-y-renfe-restableceran-el-servicio-de-la-r8-en-barcelona\/#organizationLogo"}},{"@type":"Person","@id":"https:\/\/eldigitaldeasturias.com\/magazine365\/author\/admin\/#author","url":"https:\/\/eldigitaldeasturias.com\/magazine365\/author\/admin\/","name":"admin","image":{"@type":"ImageObject","@id":"https:\/\/eldigitaldeasturias.com\/magazine365\/adif-y-renfe-restableceran-el-servicio-de-la-r8-en-barcelona\/#authorImage","url":"https:\/\/eldigitaldeasturias.com\/magazine365\/wp-content\/litespeed\/avatar\/e571bcf59a0edd6fa6838245a470f2fe.jpg?ver=1776969259","width":96,"height":96,"caption":"admin"}},{"@type":"WebPage","@id":"https:\/\/eldigitaldeasturias.com\/magazine365\/adif-y-renfe-restableceran-el-servicio-de-la-r8-en-barcelona\/#webpage","url":"https:\/\/eldigitaldeasturias.com\/magazine365\/adif-y-renfe-restableceran-el-servicio-de-la-r8-en-barcelona\/","name":"Adif y Renfe restablecer\u00e1n el servicio de la R8 en Barcelona | El Digital de Asturias","description":"Adif y Renfe restablecer\u00e1n este martes el servicio habitual de la l\u00ednea R8 de Rodalies, una vez finalizados los trabajos de reparaci\u00f3n de los da\u00f1os producidos en la Bifurcaci\u00f3 Mollet a ra\u00edz del robo de cable del sistema de electrificaci\u00f3n el 15 de diciembre. Seg\u00fan ha informado Renfe este lunes en un comunicado, de esta","inLanguage":"es-ES","isPartOf":{"@id":"https:\/\/eldigitaldeasturias.com\/magazine365\/#website"},"breadcrumb":{"@id":"https:\/\/eldigitaldeasturias.com\/magazine365\/adif-y-renfe-restableceran-el-servicio-de-la-r8-en-barcelona\/#breadcrumblist"},"author":{"@id":"https:\/\/eldigitaldeasturias.com\/magazine365\/author\/admin\/#author"},"creator":{"@id":"https:\/\/eldigitaldeasturias.com\/magazine365\/author\/admin\/#author"},"image":{"@type":"ImageObject","url":"https:\/\/eldigitaldeasturias.com\/magazine365\/wp-content\/uploads\/2016\/02\/fotonoticia_20160201172227_800.jpg","@id":"https:\/\/eldigitaldeasturias.com\/magazine365\/adif-y-renfe-restableceran-el-servicio-de-la-r8-en-barcelona\/#mainImage","width":800,"height":600},"primaryImageOfPage":{"@id":"https:\/\/eldigitaldeasturias.com\/magazine365\/adif-y-renfe-restableceran-el-servicio-de-la-r8-en-barcelona\/#mainImage"},"datePublished":"2016-02-05T04:24:03+01:00","dateModified":"2016-02-05T04:24:03+01:00"},{"@type":"WebSite","@id":"https:\/\/eldigitaldeasturias.com\/magazine365\/#website","url":"https:\/\/eldigitaldeasturias.com\/magazine365\/","name":"El Digital de Asturias","description":"Revista de ocio, turismo y estilo de vida","inLanguage":"es-ES","publisher":{"@id":"https:\/\/eldigitaldeasturias.com\/magazine365\/#organization"}}]},"og:locale":"es_ES","og:site_name":"El Digital de Asturias \u2013 Revista de ocio, turismo y estilo de vida","og:type":"article","og:title":"Adif y Renfe restablecer\u00e1n el servicio de la R8 en Barcelona | El Digital de Asturias","og:description":"Adif y Renfe restablecer\u00e1n este martes el servicio habitual de la l\u00ednea R8 de Rodalies, una vez finalizados los trabajos de reparaci\u00f3n de los da\u00f1os producidos en la Bifurcaci\u00f3 Mollet a ra\u00edz del robo de cable del sistema de electrificaci\u00f3n el 15 de diciembre. Seg\u00fan ha informado Renfe este lunes en un comunicado, de esta","og:url":"https:\/\/eldigitaldeasturias.com\/magazine365\/adif-y-renfe-restableceran-el-servicio-de-la-r8-en-barcelona\/","og:image":"https:\/\/eldigitaldeasturias.com\/magazine365\/wp-content\/uploads\/2016\/02\/fotonoticia_20160201172227_800.jpg","og:image:secure_url":"https:\/\/eldigitaldeasturias.com\/magazine365\/wp-content\/uploads\/2016\/02\/fotonoticia_20160201172227_800.jpg","og:image:width":800,"og:image:height":600,"article:published_time":"2016-02-05T03:24:03+00:00","article:modified_time":"2016-02-05T03:24:03+00:00","twitter:card":"summary_large_image","twitter:title":"Adif y Renfe restablecer\u00e1n el servicio de la R8 en Barcelona | El Digital de Asturias","twitter:description":"Adif y Renfe restablecer\u00e1n este martes el servicio habitual de la l\u00ednea R8 de Rodalies, una vez finalizados los trabajos de reparaci\u00f3n de los da\u00f1os producidos en la Bifurcaci\u00f3 Mollet a ra\u00edz del robo de cable del sistema de electrificaci\u00f3n el 15 de diciembre. Seg\u00fan ha informado Renfe este lunes en un comunicado, de esta","twitter:image":"https:\/\/eldigitaldeasturias.com\/magazine365\/wp-content\/uploads\/2016\/02\/fotonoticia_20160201172227_800.jpg"},"aioseo_meta_data":{"post_id":"62990","title":null,"description":null,"keywords":null,"keyphrases":null,"primary_term":null,"canonical_url":null,"og_title":null,"og_description":null,"og_object_type":"default","og_image_type":"default","og_image_url":null,"og_image_width":null,"og_image_height":null,"og_image_custom_url":null,"og_image_custom_fields":null,"og_video":null,"og_custom_url":null,"og_article_section":null,"og_article_tags":null,"twitter_use_og":false,"twitter_card":"default","twitter_image_type":"default","twitter_image_url":null,"twitter_image_custom_url":null,"twitter_image_custom_fields":null,"twitter_title":null,"twitter_description":null,"schema":{"blockGraphs":[],"customGraphs":[],"default":{"data":{"Article":[],"Course":[],"Dataset":[],"FAQPage":[],"Movie":[],"Person":[],"Product":[],"ProductReview":[],"Car":[],"Recipe":[],"Service":[],"SoftwareApplication":[],"WebPage":[]},"graphName":"","isEnabled":true},"graphs":[],"defaultGraph":"","defaultPostTypeGraph":""},"schema_type":null,"schema_type_options":null,"pillar_content":false,"robots_default":true,"robots_noindex":false,"robots_noarchive":false,"robots_nosnippet":false,"robots_nofollow":false,"robots_noimageindex":false,"robots_noodp":false,"robots_notranslate":false,"robots_max_snippet":null,"robots_max_videopreview":null,"robots_max_imagepreview":"large","priority":null,"frequency":null,"location":null,"local_seo":null,"seo_analyzer_scan_date":"2025-09-25 12:17:52","breadcrumb_settings":null,"limit_modified_date":false,"open_ai":null,"ai":null,"created":"2021-03-08 21:28:43","updated":"2025-09-25 12:17:52"},"aioseo_breadcrumb":"<div class=\"aioseo-breadcrumbs\"><span class=\"aioseo-breadcrumb\">\n\t<a href=\"https:\/\/eldigitaldeasturias.com\/magazine365\" title=\"Home\">Home<\/a>\n<\/span><span class=\"aioseo-breadcrumb-separator\">\u2013<\/span><span class=\"aioseo-breadcrumb\">\n\t<a href=\"https:\/\/eldigitaldeasturias.com\/magazine365\/category\/noticias-actualidad\/\" title=\"Noticias y Actualidad\">Noticias y Actualidad<\/a>\n<\/span><span class=\"aioseo-breadcrumb-separator\">\u2013<\/span><span class=\"aioseo-breadcrumb\">\n\t<a href=\"https:\/\/eldigitaldeasturias.com\/magazine365\/adif-y-renfe-restableceran-el-servicio-de-la-r8-en-barcelona\/\" title=\"Adif y Renfe restablecer\u00e1n el servicio de la R8 en Barcelona\">Adif y Renfe restablecer\u00e1n el servicio de la R8 en Barcelona<\/a>\n<\/span><\/div>","aioseo_breadcrumb_json":[{"label":"Home","link":"https:\/\/eldigitaldeasturias.com\/magazine365"},{"label":"Noticias y Actualidad","link":"https:\/\/eldigitaldeasturias.com\/magazine365\/category\/noticias-actualidad\/"},{"label":"Adif y Renfe restablecer\u00e1n el servicio de la R8 en Barcelona","link":"https:\/\/eldigitaldeasturias.com\/magazine365\/adif-y-renfe-restableceran-el-servicio-de-la-r8-en-barcelona\/"}],"_links":{"self":[{"href":"https:\/\/eldigitaldeasturias.com\/magazine365\/wp-json\/wp\/v2\/posts\/62990","targetHints":{"allow":["GET"]}}],"collection":[{"href":"https:\/\/eldigitaldeasturias.com\/magazine365\/wp-json\/wp\/v2\/posts"}],"about":[{"href":"https:\/\/eldigitaldeasturias.com\/magazine365\/wp-json\/wp\/v2\/types\/post"}],"author":[{"embeddable":true,"href":"https:\/\/eldigitaldeasturias.com\/magazine365\/wp-json\/wp\/v2\/users\/1"}],"replies":[{"embeddable":true,"href":"https:\/\/eldigitaldeasturias.com\/magazine365\/wp-json\/wp\/v2\/comments?post=62990"}],"version-history":[{"count":0,"href":"https:\/\/eldigitaldeasturias.com\/magazine365\/wp-json\/wp\/v2\/posts\/62990\/revisions"}],"wp:featuredmedia":[{"embeddable":true,"href":"https:\/\/eldigitaldeasturias.com\/magazine365\/wp-json\/wp\/v2\/media\/62991"}],"wp:attachment":[{"href":"https:\/\/eldigitaldeasturias.com\/magazine365\/wp-json\/wp\/v2\/media?parent=62990"}],"wp:term":[{"taxonomy":"category","embeddable":true,"href":"https:\/\/eldigitaldeasturias.com\/magazine365\/wp-json\/wp\/v2\/categories?post=62990"},{"taxonomy":"post_tag","embeddable":true,"href":"https:\/\/eldigitaldeasturias.com\/magazine365\/wp-json\/wp\/v2\/tags?post=62990"}],"curies":[{"name":"wp","href":"https:\/\/api.w.org\/{rel}","templated":true}]}}