{"id":62981,"date":"2016-02-05T04:15:04","date_gmt":"2016-02-05T03:15:04","guid":{"rendered":"http:\/\/eldigitaldeasturias.com\/magazine365\/?p=62981"},"modified":"2016-02-05T04:15:04","modified_gmt":"2016-02-05T03:15:04","slug":"la-oms-reune-al-comite-de-emergencias-para-decidir-si-declarar-el-zika-una-emergencia-mundial","status":"publish","type":"post","link":"https:\/\/eldigitaldeasturias.com\/magazine365\/la-oms-reune-al-comite-de-emergencias-para-decidir-si-declarar-el-zika-una-emergencia-mundial\/","title":{"rendered":"La OMS re\u00fane al Comit\u00e9 de Emergencias para decidir si declarar el zika una emergencia mundial"},"content":{"rendered":"<p><img fetchpriority=\"high\" decoding=\"async\" class=\"alignleft size-medium wp-image-62982\" src=\"https:\/\/eldigitaldeasturias.com\/magazine365\/wp-content\/uploads\/2016\/02\/fotonoticia_20160201154352_800-360x242.jpg\" alt=\"fotonoticia_20160201154352_800\" width=\"360\" height=\"242\" srcset=\"https:\/\/eldigitaldeasturias.com\/magazine365\/wp-content\/uploads\/2016\/02\/fotonoticia_20160201154352_800-360x242.jpg 360w, https:\/\/eldigitaldeasturias.com\/magazine365\/wp-content\/uploads\/2016\/02\/fotonoticia_20160201154352_800-650x436.jpg 650w, https:\/\/eldigitaldeasturias.com\/magazine365\/wp-content\/uploads\/2016\/02\/fotonoticia_20160201154352_800-768x516.jpg 768w, https:\/\/eldigitaldeasturias.com\/magazine365\/wp-content\/uploads\/2016\/02\/fotonoticia_20160201154352_800-150x101.jpg 150w, https:\/\/eldigitaldeasturias.com\/magazine365\/wp-content\/uploads\/2016\/02\/fotonoticia_20160201154352_800-450x302.jpg 450w, https:\/\/eldigitaldeasturias.com\/magazine365\/wp-content\/uploads\/2016\/02\/fotonoticia_20160201154352_800-696x467.jpg 696w, https:\/\/eldigitaldeasturias.com\/magazine365\/wp-content\/uploads\/2016\/02\/fotonoticia_20160201154352_800-626x420.jpg 626w, https:\/\/eldigitaldeasturias.com\/magazine365\/wp-content\/uploads\/2016\/02\/fotonoticia_20160201154352_800.jpg 800w\" sizes=\"(max-width: 360px) 100vw, 360px\" \/>Expertos independientes a la Organizaci\u00f3n Mundial de la Salud (OMS) se han reunido este lunes en un Comit\u00e9 de Emergencias para analizar si es necesario declarar emergencia mundial el virus del Zika, que se ha relacionado el desarrollo de microcefalia en ni\u00f1os en los pa\u00edses que se ven afectados.<\/p>\n<p>La designaci\u00f3n supondr\u00eda un v\u00eda r\u00e1pida para desarrollar las prioridades en la acci\u00f3n e investigaci\u00f3n internacionales, tras las cr\u00edticas de una respuesta vacilante hasta el momento.<\/p>\n<p>La directora general de la OMS, Margaret Chan, quien ha manifestado que la organizaci\u00f3n est\u00e1 \u00abprofundamente preocupada\u00bb por la r\u00e1pida expansi\u00f3n del virus, convocaba la pasada semana el Comit\u00e9 de Emergencias para tratar el virus del Zika.<\/p>\n<p>El comit\u00e9 est\u00e1 formado por 12 miembros del comit\u00e9 que son expertos en epidemiolog\u00eda, salud p\u00fablica y enfermedades infecciosas de las Am\u00e9ricas, Europa, Asia y \u00c1frica, discutieron el tema en una conferencia telef\u00f3nica.<\/p>\n<p>La semana pasada la OMS ha afirmaba que el virus del Zika se \u00abpropaga de forma explosiva\u00bb y podr\u00eda infectar a un m\u00e1ximo de 4 millones de personas en las Am\u00e9ricas. La OMS fue criticada por reaccionar con demasiada lentitud en la epidemia de \u00c9bola en \u00c1frica occidental en la que murieron m\u00e1s de 10.000 personas, y se ha comprometido a mejorar en futuras crisis de salud mundial.<\/p>\n<p>Las principales conclusiones de este encuentro se dar\u00e1n a conocer en una rueda de prensa este partes, seg\u00fan han se\u00f1alado fuentes de la OMS.<\/p>\n<p>El director de la Escuela de Londres de Higiene y Medicina Tropical y un co-descubridor del virus del \u00c9bola, Peter Piot, ha afirmado que la OMS hab\u00eda \u00abdejado caer la pelota\u00bb en el \u00e9bola, cuando esper\u00f3 cinco meses de la epidemia ha declarar la situaci\u00f3n de emergencia.<\/p>\n<p>\u00c9l le dijo a la BBC Radio que espera una respuesta r\u00e1pida en esta ocasi\u00f3n. \u00abTengo toda la confianza de que van a declarar esto como una emergencia de salud p\u00fablica\u00bb, ha afirmado.<\/p>\n","protected":false},"excerpt":{"rendered":"<p>Expertos independientes a la Organizaci\u00f3n Mundial de la Salud (OMS) se han reunido este lunes en un Comit\u00e9 de Emergencias para analizar si es necesario declarar emergencia mundial el virus del Zika, que se ha relacionado el desarrollo de microcefalia en ni\u00f1os en los pa\u00edses que se ven afectados. La designaci\u00f3n supondr\u00eda un v\u00eda r\u00e1pida<\/p>\n","protected":false},"author":1,"featured_media":62982,"comment_status":"open","ping_status":"closed","sticky":false,"template":"","format":"standard","meta":{"footnotes":""},"categories":[224],"tags":[],"class_list":{"0":"post-62981","1":"post","2":"type-post","3":"status-publish","4":"format-standard","5":"has-post-thumbnail","7":"category-noticias-actualidad"},"aioseo_notices":[],"aioseo_head":"\n\t\t<!-- All in One SEO Pro 4.9.6.1 - aioseo.com -->\n\t<meta name=\"description\" content=\"Expertos independientes a la Organizaci\u00f3n Mundial de la Salud (OMS) se han reunido este lunes en un Comit\u00e9 de Emergencias para analizar si es necesario declarar emergencia mundial el virus del Zika, que se ha relacionado el desarrollo de microcefalia en ni\u00f1os en los pa\u00edses que se ven afectados. La designaci\u00f3n supondr\u00eda un v\u00eda r\u00e1pida\" \/>\n\t<meta name=\"robots\" content=\"max-image-preview:large\" \/>\n\t<meta name=\"author\" content=\"admin\"\/>\n\t<meta name=\"google-site-verification\" content=\"UA-38556648-1\" \/>\n\t<meta name=\"keywords\" content=\"noticias y actualidad\" \/>\n\t<link rel=\"canonical\" href=\"https:\/\/eldigitaldeasturias.com\/magazine365\/la-oms-reune-al-comite-de-emergencias-para-decidir-si-declarar-el-zika-una-emergencia-mundial\/\" \/>\n\t<meta name=\"generator\" content=\"All in One SEO Pro (AIOSEO) 4.9.6.1\" \/>\n\t\t<meta property=\"og:locale\" content=\"es_ES\" \/>\n\t\t<meta property=\"og:site_name\" content=\"El Digital de Asturias \u2013 Revista de ocio, turismo y estilo de vida\" \/>\n\t\t<meta property=\"og:type\" content=\"article\" \/>\n\t\t<meta property=\"og:title\" content=\"La OMS re\u00fane al Comit\u00e9 de Emergencias para decidir si declarar el zika una emergencia mundial | El Digital de Asturias\" \/>\n\t\t<meta property=\"og:description\" content=\"Expertos independientes a la Organizaci\u00f3n Mundial de la Salud (OMS) se han reunido este lunes en un Comit\u00e9 de Emergencias para analizar si es necesario declarar emergencia mundial el virus del Zika, que se ha relacionado el desarrollo de microcefalia en ni\u00f1os en los pa\u00edses que se ven afectados. La designaci\u00f3n supondr\u00eda un v\u00eda r\u00e1pida\" \/>\n\t\t<meta property=\"og:url\" content=\"https:\/\/eldigitaldeasturias.com\/magazine365\/la-oms-reune-al-comite-de-emergencias-para-decidir-si-declarar-el-zika-una-emergencia-mundial\/\" \/>\n\t\t<meta property=\"og:image\" content=\"https:\/\/eldigitaldeasturias.com\/magazine365\/wp-content\/uploads\/2016\/02\/fotonoticia_20160201154352_800.jpg\" \/>\n\t\t<meta property=\"og:image:secure_url\" content=\"https:\/\/eldigitaldeasturias.com\/magazine365\/wp-content\/uploads\/2016\/02\/fotonoticia_20160201154352_800.jpg\" \/>\n\t\t<meta property=\"og:image:width\" content=\"800\" \/>\n\t\t<meta property=\"og:image:height\" content=\"537\" \/>\n\t\t<meta property=\"article:published_time\" content=\"2016-02-05T03:15:04+00:00\" \/>\n\t\t<meta property=\"article:modified_time\" content=\"2016-02-05T03:15:04+00:00\" \/>\n\t\t<meta name=\"twitter:card\" content=\"summary_large_image\" \/>\n\t\t<meta name=\"twitter:title\" content=\"La OMS re\u00fane al Comit\u00e9 de Emergencias para decidir si declarar el zika una emergencia mundial | El Digital de Asturias\" \/>\n\t\t<meta name=\"twitter:description\" content=\"Expertos independientes a la Organizaci\u00f3n Mundial de la Salud (OMS) se han reunido este lunes en un Comit\u00e9 de Emergencias para analizar si es necesario declarar emergencia mundial el virus del Zika, que se ha relacionado el desarrollo de microcefalia en ni\u00f1os en los pa\u00edses que se ven afectados. La designaci\u00f3n supondr\u00eda un v\u00eda r\u00e1pida\" \/>\n\t\t<meta name=\"twitter:image\" content=\"https:\/\/eldigitaldeasturias.com\/magazine365\/wp-content\/uploads\/2016\/02\/fotonoticia_20160201154352_800.jpg\" \/>\n\t\t<script type=\"application\/ld+json\" class=\"aioseo-schema\">\n\t\t\t{\"@context\":\"https:\\\/\\\/schema.org\",\"@graph\":[{\"@type\":\"Article\",\"@id\":\"https:\\\/\\\/eldigitaldeasturias.com\\\/magazine365\\\/la-oms-reune-al-comite-de-emergencias-para-decidir-si-declarar-el-zika-una-emergencia-mundial\\\/#article\",\"name\":\"La OMS re\\u00fane al Comit\\u00e9 de Emergencias para decidir si declarar el zika una emergencia mundial | El Digital de Asturias\",\"headline\":\"La OMS re\\u00fane al Comit\\u00e9 de Emergencias para decidir si declarar el zika una emergencia mundial\",\"author\":{\"@id\":\"https:\\\/\\\/eldigitaldeasturias.com\\\/magazine365\\\/author\\\/admin\\\/#author\"},\"publisher\":{\"@id\":\"https:\\\/\\\/eldigitaldeasturias.com\\\/magazine365\\\/#organization\"},\"image\":{\"@type\":\"ImageObject\",\"url\":\"https:\\\/\\\/eldigitaldeasturias.com\\\/magazine365\\\/wp-content\\\/uploads\\\/2016\\\/02\\\/fotonoticia_20160201154352_800.jpg\",\"width\":800,\"height\":537},\"datePublished\":\"2016-02-05T04:15:04+01:00\",\"dateModified\":\"2016-02-05T04:15:04+01:00\",\"inLanguage\":\"es-ES\",\"mainEntityOfPage\":{\"@id\":\"https:\\\/\\\/eldigitaldeasturias.com\\\/magazine365\\\/la-oms-reune-al-comite-de-emergencias-para-decidir-si-declarar-el-zika-una-emergencia-mundial\\\/#webpage\"},\"isPartOf\":{\"@id\":\"https:\\\/\\\/eldigitaldeasturias.com\\\/magazine365\\\/la-oms-reune-al-comite-de-emergencias-para-decidir-si-declarar-el-zika-una-emergencia-mundial\\\/#webpage\"},\"articleSection\":\"Noticias y Actualidad\"},{\"@type\":\"BreadcrumbList\",\"@id\":\"https:\\\/\\\/eldigitaldeasturias.com\\\/magazine365\\\/la-oms-reune-al-comite-de-emergencias-para-decidir-si-declarar-el-zika-una-emergencia-mundial\\\/#breadcrumblist\",\"itemListElement\":[{\"@type\":\"ListItem\",\"@id\":\"https:\\\/\\\/eldigitaldeasturias.com\\\/magazine365#listItem\",\"position\":1,\"name\":\"Home\",\"item\":\"https:\\\/\\\/eldigitaldeasturias.com\\\/magazine365\",\"nextItem\":{\"@type\":\"ListItem\",\"@id\":\"https:\\\/\\\/eldigitaldeasturias.com\\\/magazine365\\\/category\\\/noticias-actualidad\\\/#listItem\",\"name\":\"Noticias y Actualidad\"}},{\"@type\":\"ListItem\",\"@id\":\"https:\\\/\\\/eldigitaldeasturias.com\\\/magazine365\\\/category\\\/noticias-actualidad\\\/#listItem\",\"position\":2,\"name\":\"Noticias y Actualidad\",\"item\":\"https:\\\/\\\/eldigitaldeasturias.com\\\/magazine365\\\/category\\\/noticias-actualidad\\\/\",\"nextItem\":{\"@type\":\"ListItem\",\"@id\":\"https:\\\/\\\/eldigitaldeasturias.com\\\/magazine365\\\/la-oms-reune-al-comite-de-emergencias-para-decidir-si-declarar-el-zika-una-emergencia-mundial\\\/#listItem\",\"name\":\"La OMS re\\u00fane al Comit\\u00e9 de Emergencias para decidir si declarar el zika una emergencia mundial\"},\"previousItem\":{\"@type\":\"ListItem\",\"@id\":\"https:\\\/\\\/eldigitaldeasturias.com\\\/magazine365#listItem\",\"name\":\"Home\"}},{\"@type\":\"ListItem\",\"@id\":\"https:\\\/\\\/eldigitaldeasturias.com\\\/magazine365\\\/la-oms-reune-al-comite-de-emergencias-para-decidir-si-declarar-el-zika-una-emergencia-mundial\\\/#listItem\",\"position\":3,\"name\":\"La OMS re\\u00fane al Comit\\u00e9 de Emergencias para decidir si declarar el zika una emergencia mundial\",\"previousItem\":{\"@type\":\"ListItem\",\"@id\":\"https:\\\/\\\/eldigitaldeasturias.com\\\/magazine365\\\/category\\\/noticias-actualidad\\\/#listItem\",\"name\":\"Noticias y Actualidad\"}}]},{\"@type\":\"Organization\",\"@id\":\"https:\\\/\\\/eldigitaldeasturias.com\\\/magazine365\\\/#organization\",\"name\":\"El digital de Asturias\",\"description\":\"Revista de ocio, turismo y estilo de vida\",\"url\":\"https:\\\/\\\/eldigitaldeasturias.com\\\/magazine365\\\/\",\"logo\":{\"@type\":\"ImageObject\",\"url\":\"https:\\\/\\\/www.eldigitaldeasturias.com\\\/noticias\\\/wp-content\\\/uploads\\\/2020\\\/12\\\/EDA.jpg\",\"@id\":\"https:\\\/\\\/eldigitaldeasturias.com\\\/magazine365\\\/la-oms-reune-al-comite-de-emergencias-para-decidir-si-declarar-el-zika-una-emergencia-mundial\\\/#organizationLogo\"},\"image\":{\"@id\":\"https:\\\/\\\/eldigitaldeasturias.com\\\/magazine365\\\/la-oms-reune-al-comite-de-emergencias-para-decidir-si-declarar-el-zika-una-emergencia-mundial\\\/#organizationLogo\"}},{\"@type\":\"Person\",\"@id\":\"https:\\\/\\\/eldigitaldeasturias.com\\\/magazine365\\\/author\\\/admin\\\/#author\",\"url\":\"https:\\\/\\\/eldigitaldeasturias.com\\\/magazine365\\\/author\\\/admin\\\/\",\"name\":\"admin\",\"image\":{\"@type\":\"ImageObject\",\"@id\":\"https:\\\/\\\/eldigitaldeasturias.com\\\/magazine365\\\/la-oms-reune-al-comite-de-emergencias-para-decidir-si-declarar-el-zika-una-emergencia-mundial\\\/#authorImage\",\"url\":\"https:\\\/\\\/eldigitaldeasturias.com\\\/magazine365\\\/wp-content\\\/litespeed\\\/avatar\\\/e571bcf59a0edd6fa6838245a470f2fe.jpg?ver=1776969259\",\"width\":96,\"height\":96,\"caption\":\"admin\"}},{\"@type\":\"WebPage\",\"@id\":\"https:\\\/\\\/eldigitaldeasturias.com\\\/magazine365\\\/la-oms-reune-al-comite-de-emergencias-para-decidir-si-declarar-el-zika-una-emergencia-mundial\\\/#webpage\",\"url\":\"https:\\\/\\\/eldigitaldeasturias.com\\\/magazine365\\\/la-oms-reune-al-comite-de-emergencias-para-decidir-si-declarar-el-zika-una-emergencia-mundial\\\/\",\"name\":\"La OMS re\\u00fane al Comit\\u00e9 de Emergencias para decidir si declarar el zika una emergencia mundial | El Digital de Asturias\",\"description\":\"Expertos independientes a la Organizaci\\u00f3n Mundial de la Salud (OMS) se han reunido este lunes en un Comit\\u00e9 de Emergencias para analizar si es necesario declarar emergencia mundial el virus del Zika, que se ha relacionado el desarrollo de microcefalia en ni\\u00f1os en los pa\\u00edses que se ven afectados. La designaci\\u00f3n supondr\\u00eda un v\\u00eda r\\u00e1pida\",\"inLanguage\":\"es-ES\",\"isPartOf\":{\"@id\":\"https:\\\/\\\/eldigitaldeasturias.com\\\/magazine365\\\/#website\"},\"breadcrumb\":{\"@id\":\"https:\\\/\\\/eldigitaldeasturias.com\\\/magazine365\\\/la-oms-reune-al-comite-de-emergencias-para-decidir-si-declarar-el-zika-una-emergencia-mundial\\\/#breadcrumblist\"},\"author\":{\"@id\":\"https:\\\/\\\/eldigitaldeasturias.com\\\/magazine365\\\/author\\\/admin\\\/#author\"},\"creator\":{\"@id\":\"https:\\\/\\\/eldigitaldeasturias.com\\\/magazine365\\\/author\\\/admin\\\/#author\"},\"image\":{\"@type\":\"ImageObject\",\"url\":\"https:\\\/\\\/eldigitaldeasturias.com\\\/magazine365\\\/wp-content\\\/uploads\\\/2016\\\/02\\\/fotonoticia_20160201154352_800.jpg\",\"@id\":\"https:\\\/\\\/eldigitaldeasturias.com\\\/magazine365\\\/la-oms-reune-al-comite-de-emergencias-para-decidir-si-declarar-el-zika-una-emergencia-mundial\\\/#mainImage\",\"width\":800,\"height\":537},\"primaryImageOfPage\":{\"@id\":\"https:\\\/\\\/eldigitaldeasturias.com\\\/magazine365\\\/la-oms-reune-al-comite-de-emergencias-para-decidir-si-declarar-el-zika-una-emergencia-mundial\\\/#mainImage\"},\"datePublished\":\"2016-02-05T04:15:04+01:00\",\"dateModified\":\"2016-02-05T04:15:04+01:00\"},{\"@type\":\"WebSite\",\"@id\":\"https:\\\/\\\/eldigitaldeasturias.com\\\/magazine365\\\/#website\",\"url\":\"https:\\\/\\\/eldigitaldeasturias.com\\\/magazine365\\\/\",\"name\":\"El Digital de Asturias\",\"description\":\"Revista de ocio, turismo y estilo de vida\",\"inLanguage\":\"es-ES\",\"publisher\":{\"@id\":\"https:\\\/\\\/eldigitaldeasturias.com\\\/magazine365\\\/#organization\"}}]}\n\t\t<\/script>\n\t\t<!-- All in One SEO Pro -->\r\n\t\t<title>La OMS re\u00fane al Comit\u00e9 de Emergencias para decidir si declarar el zika una emergencia mundial | El Digital de Asturias<\/title>\n\n","aioseo_head_json":{"title":"La OMS re\u00fane al Comit\u00e9 de Emergencias para decidir si declarar el zika una emergencia mundial | El Digital de Asturias","description":"Expertos independientes a la Organizaci\u00f3n Mundial de la Salud (OMS) se han reunido este lunes en un Comit\u00e9 de Emergencias para analizar si es necesario declarar emergencia mundial el virus del Zika, que se ha relacionado el desarrollo de microcefalia en ni\u00f1os en los pa\u00edses que se ven afectados. La designaci\u00f3n supondr\u00eda un v\u00eda r\u00e1pida","canonical_url":"https:\/\/eldigitaldeasturias.com\/magazine365\/la-oms-reune-al-comite-de-emergencias-para-decidir-si-declarar-el-zika-una-emergencia-mundial\/","robots":"max-image-preview:large","keywords":"noticias y actualidad","webmasterTools":{"google-site-verification":"UA-38556648-1","miscellaneous":""},"schema":{"@context":"https:\/\/schema.org","@graph":[{"@type":"Article","@id":"https:\/\/eldigitaldeasturias.com\/magazine365\/la-oms-reune-al-comite-de-emergencias-para-decidir-si-declarar-el-zika-una-emergencia-mundial\/#article","name":"La OMS re\u00fane al Comit\u00e9 de Emergencias para decidir si declarar el zika una emergencia mundial | El Digital de Asturias","headline":"La OMS re\u00fane al Comit\u00e9 de Emergencias para decidir si declarar el zika una emergencia mundial","author":{"@id":"https:\/\/eldigitaldeasturias.com\/magazine365\/author\/admin\/#author"},"publisher":{"@id":"https:\/\/eldigitaldeasturias.com\/magazine365\/#organization"},"image":{"@type":"ImageObject","url":"https:\/\/eldigitaldeasturias.com\/magazine365\/wp-content\/uploads\/2016\/02\/fotonoticia_20160201154352_800.jpg","width":800,"height":537},"datePublished":"2016-02-05T04:15:04+01:00","dateModified":"2016-02-05T04:15:04+01:00","inLanguage":"es-ES","mainEntityOfPage":{"@id":"https:\/\/eldigitaldeasturias.com\/magazine365\/la-oms-reune-al-comite-de-emergencias-para-decidir-si-declarar-el-zika-una-emergencia-mundial\/#webpage"},"isPartOf":{"@id":"https:\/\/eldigitaldeasturias.com\/magazine365\/la-oms-reune-al-comite-de-emergencias-para-decidir-si-declarar-el-zika-una-emergencia-mundial\/#webpage"},"articleSection":"Noticias y Actualidad"},{"@type":"BreadcrumbList","@id":"https:\/\/eldigitaldeasturias.com\/magazine365\/la-oms-reune-al-comite-de-emergencias-para-decidir-si-declarar-el-zika-una-emergencia-mundial\/#breadcrumblist","itemListElement":[{"@type":"ListItem","@id":"https:\/\/eldigitaldeasturias.com\/magazine365#listItem","position":1,"name":"Home","item":"https:\/\/eldigitaldeasturias.com\/magazine365","nextItem":{"@type":"ListItem","@id":"https:\/\/eldigitaldeasturias.com\/magazine365\/category\/noticias-actualidad\/#listItem","name":"Noticias y Actualidad"}},{"@type":"ListItem","@id":"https:\/\/eldigitaldeasturias.com\/magazine365\/category\/noticias-actualidad\/#listItem","position":2,"name":"Noticias y Actualidad","item":"https:\/\/eldigitaldeasturias.com\/magazine365\/category\/noticias-actualidad\/","nextItem":{"@type":"ListItem","@id":"https:\/\/eldigitaldeasturias.com\/magazine365\/la-oms-reune-al-comite-de-emergencias-para-decidir-si-declarar-el-zika-una-emergencia-mundial\/#listItem","name":"La OMS re\u00fane al Comit\u00e9 de Emergencias para decidir si declarar el zika una emergencia mundial"},"previousItem":{"@type":"ListItem","@id":"https:\/\/eldigitaldeasturias.com\/magazine365#listItem","name":"Home"}},{"@type":"ListItem","@id":"https:\/\/eldigitaldeasturias.com\/magazine365\/la-oms-reune-al-comite-de-emergencias-para-decidir-si-declarar-el-zika-una-emergencia-mundial\/#listItem","position":3,"name":"La OMS re\u00fane al Comit\u00e9 de Emergencias para decidir si declarar el zika una emergencia mundial","previousItem":{"@type":"ListItem","@id":"https:\/\/eldigitaldeasturias.com\/magazine365\/category\/noticias-actualidad\/#listItem","name":"Noticias y Actualidad"}}]},{"@type":"Organization","@id":"https:\/\/eldigitaldeasturias.com\/magazine365\/#organization","name":"El digital de Asturias","description":"Revista de ocio, turismo y estilo de vida","url":"https:\/\/eldigitaldeasturias.com\/magazine365\/","logo":{"@type":"ImageObject","url":"https:\/\/www.eldigitaldeasturias.com\/noticias\/wp-content\/uploads\/2020\/12\/EDA.jpg","@id":"https:\/\/eldigitaldeasturias.com\/magazine365\/la-oms-reune-al-comite-de-emergencias-para-decidir-si-declarar-el-zika-una-emergencia-mundial\/#organizationLogo"},"image":{"@id":"https:\/\/eldigitaldeasturias.com\/magazine365\/la-oms-reune-al-comite-de-emergencias-para-decidir-si-declarar-el-zika-una-emergencia-mundial\/#organizationLogo"}},{"@type":"Person","@id":"https:\/\/eldigitaldeasturias.com\/magazine365\/author\/admin\/#author","url":"https:\/\/eldigitaldeasturias.com\/magazine365\/author\/admin\/","name":"admin","image":{"@type":"ImageObject","@id":"https:\/\/eldigitaldeasturias.com\/magazine365\/la-oms-reune-al-comite-de-emergencias-para-decidir-si-declarar-el-zika-una-emergencia-mundial\/#authorImage","url":"https:\/\/eldigitaldeasturias.com\/magazine365\/wp-content\/litespeed\/avatar\/e571bcf59a0edd6fa6838245a470f2fe.jpg?ver=1776969259","width":96,"height":96,"caption":"admin"}},{"@type":"WebPage","@id":"https:\/\/eldigitaldeasturias.com\/magazine365\/la-oms-reune-al-comite-de-emergencias-para-decidir-si-declarar-el-zika-una-emergencia-mundial\/#webpage","url":"https:\/\/eldigitaldeasturias.com\/magazine365\/la-oms-reune-al-comite-de-emergencias-para-decidir-si-declarar-el-zika-una-emergencia-mundial\/","name":"La OMS re\u00fane al Comit\u00e9 de Emergencias para decidir si declarar el zika una emergencia mundial | El Digital de Asturias","description":"Expertos independientes a la Organizaci\u00f3n Mundial de la Salud (OMS) se han reunido este lunes en un Comit\u00e9 de Emergencias para analizar si es necesario declarar emergencia mundial el virus del Zika, que se ha relacionado el desarrollo de microcefalia en ni\u00f1os en los pa\u00edses que se ven afectados. La designaci\u00f3n supondr\u00eda un v\u00eda r\u00e1pida","inLanguage":"es-ES","isPartOf":{"@id":"https:\/\/eldigitaldeasturias.com\/magazine365\/#website"},"breadcrumb":{"@id":"https:\/\/eldigitaldeasturias.com\/magazine365\/la-oms-reune-al-comite-de-emergencias-para-decidir-si-declarar-el-zika-una-emergencia-mundial\/#breadcrumblist"},"author":{"@id":"https:\/\/eldigitaldeasturias.com\/magazine365\/author\/admin\/#author"},"creator":{"@id":"https:\/\/eldigitaldeasturias.com\/magazine365\/author\/admin\/#author"},"image":{"@type":"ImageObject","url":"https:\/\/eldigitaldeasturias.com\/magazine365\/wp-content\/uploads\/2016\/02\/fotonoticia_20160201154352_800.jpg","@id":"https:\/\/eldigitaldeasturias.com\/magazine365\/la-oms-reune-al-comite-de-emergencias-para-decidir-si-declarar-el-zika-una-emergencia-mundial\/#mainImage","width":800,"height":537},"primaryImageOfPage":{"@id":"https:\/\/eldigitaldeasturias.com\/magazine365\/la-oms-reune-al-comite-de-emergencias-para-decidir-si-declarar-el-zika-una-emergencia-mundial\/#mainImage"},"datePublished":"2016-02-05T04:15:04+01:00","dateModified":"2016-02-05T04:15:04+01:00"},{"@type":"WebSite","@id":"https:\/\/eldigitaldeasturias.com\/magazine365\/#website","url":"https:\/\/eldigitaldeasturias.com\/magazine365\/","name":"El Digital de Asturias","description":"Revista de ocio, turismo y estilo de vida","inLanguage":"es-ES","publisher":{"@id":"https:\/\/eldigitaldeasturias.com\/magazine365\/#organization"}}]},"og:locale":"es_ES","og:site_name":"El Digital de Asturias \u2013 Revista de ocio, turismo y estilo de vida","og:type":"article","og:title":"La OMS re\u00fane al Comit\u00e9 de Emergencias para decidir si declarar el zika una emergencia mundial | El Digital de Asturias","og:description":"Expertos independientes a la Organizaci\u00f3n Mundial de la Salud (OMS) se han reunido este lunes en un Comit\u00e9 de Emergencias para analizar si es necesario declarar emergencia mundial el virus del Zika, que se ha relacionado el desarrollo de microcefalia en ni\u00f1os en los pa\u00edses que se ven afectados. La designaci\u00f3n supondr\u00eda un v\u00eda r\u00e1pida","og:url":"https:\/\/eldigitaldeasturias.com\/magazine365\/la-oms-reune-al-comite-de-emergencias-para-decidir-si-declarar-el-zika-una-emergencia-mundial\/","og:image":"https:\/\/eldigitaldeasturias.com\/magazine365\/wp-content\/uploads\/2016\/02\/fotonoticia_20160201154352_800.jpg","og:image:secure_url":"https:\/\/eldigitaldeasturias.com\/magazine365\/wp-content\/uploads\/2016\/02\/fotonoticia_20160201154352_800.jpg","og:image:width":800,"og:image:height":537,"article:published_time":"2016-02-05T03:15:04+00:00","article:modified_time":"2016-02-05T03:15:04+00:00","twitter:card":"summary_large_image","twitter:title":"La OMS re\u00fane al Comit\u00e9 de Emergencias para decidir si declarar el zika una emergencia mundial | El Digital de Asturias","twitter:description":"Expertos independientes a la Organizaci\u00f3n Mundial de la Salud (OMS) se han reunido este lunes en un Comit\u00e9 de Emergencias para analizar si es necesario declarar emergencia mundial el virus del Zika, que se ha relacionado el desarrollo de microcefalia en ni\u00f1os en los pa\u00edses que se ven afectados. La designaci\u00f3n supondr\u00eda un v\u00eda r\u00e1pida","twitter:image":"https:\/\/eldigitaldeasturias.com\/magazine365\/wp-content\/uploads\/2016\/02\/fotonoticia_20160201154352_800.jpg"},"aioseo_meta_data":{"post_id":"62981","title":null,"description":null,"keywords":null,"keyphrases":null,"primary_term":null,"canonical_url":null,"og_title":null,"og_description":null,"og_object_type":"default","og_image_type":"default","og_image_url":null,"og_image_width":null,"og_image_height":null,"og_image_custom_url":null,"og_image_custom_fields":null,"og_video":null,"og_custom_url":null,"og_article_section":null,"og_article_tags":null,"twitter_use_og":false,"twitter_card":"default","twitter_image_type":"default","twitter_image_url":null,"twitter_image_custom_url":null,"twitter_image_custom_fields":null,"twitter_title":null,"twitter_description":null,"schema":{"blockGraphs":[],"customGraphs":[],"default":{"data":{"Article":[],"Course":[],"Dataset":[],"FAQPage":[],"Movie":[],"Person":[],"Product":[],"ProductReview":[],"Car":[],"Recipe":[],"Service":[],"SoftwareApplication":[],"WebPage":[]},"graphName":"","isEnabled":true},"graphs":[],"defaultGraph":"","defaultPostTypeGraph":""},"schema_type":null,"schema_type_options":null,"pillar_content":false,"robots_default":true,"robots_noindex":false,"robots_noarchive":false,"robots_nosnippet":false,"robots_nofollow":false,"robots_noimageindex":false,"robots_noodp":false,"robots_notranslate":false,"robots_max_snippet":null,"robots_max_videopreview":null,"robots_max_imagepreview":"large","priority":null,"frequency":null,"location":null,"local_seo":null,"seo_analyzer_scan_date":"2025-09-25 12:15:54","breadcrumb_settings":null,"limit_modified_date":false,"open_ai":null,"ai":null,"created":"2021-03-08 21:28:43","updated":"2025-09-25 12:15:54"},"aioseo_breadcrumb":"<div class=\"aioseo-breadcrumbs\"><span class=\"aioseo-breadcrumb\">\n\t<a href=\"https:\/\/eldigitaldeasturias.com\/magazine365\" title=\"Home\">Home<\/a>\n<\/span><span class=\"aioseo-breadcrumb-separator\">\u2013<\/span><span class=\"aioseo-breadcrumb\">\n\t<a href=\"https:\/\/eldigitaldeasturias.com\/magazine365\/category\/noticias-actualidad\/\" title=\"Noticias y Actualidad\">Noticias y Actualidad<\/a>\n<\/span><span class=\"aioseo-breadcrumb-separator\">\u2013<\/span><span class=\"aioseo-breadcrumb\">\n\t<a href=\"https:\/\/eldigitaldeasturias.com\/magazine365\/la-oms-reune-al-comite-de-emergencias-para-decidir-si-declarar-el-zika-una-emergencia-mundial\/\" title=\"La OMS re\u00fane al Comit\u00e9 de Emergencias para decidir si declarar el zika una emergencia mundial\">La OMS re\u00fane al Comit\u00e9 de Emergencias para decidir si declarar el zika una emergencia mundial<\/a>\n<\/span><\/div>","aioseo_breadcrumb_json":[{"label":"Home","link":"https:\/\/eldigitaldeasturias.com\/magazine365"},{"label":"Noticias y Actualidad","link":"https:\/\/eldigitaldeasturias.com\/magazine365\/category\/noticias-actualidad\/"},{"label":"La OMS re\u00fane al Comit\u00e9 de Emergencias para decidir si declarar el zika una emergencia mundial","link":"https:\/\/eldigitaldeasturias.com\/magazine365\/la-oms-reune-al-comite-de-emergencias-para-decidir-si-declarar-el-zika-una-emergencia-mundial\/"}],"_links":{"self":[{"href":"https:\/\/eldigitaldeasturias.com\/magazine365\/wp-json\/wp\/v2\/posts\/62981","targetHints":{"allow":["GET"]}}],"collection":[{"href":"https:\/\/eldigitaldeasturias.com\/magazine365\/wp-json\/wp\/v2\/posts"}],"about":[{"href":"https:\/\/eldigitaldeasturias.com\/magazine365\/wp-json\/wp\/v2\/types\/post"}],"author":[{"embeddable":true,"href":"https:\/\/eldigitaldeasturias.com\/magazine365\/wp-json\/wp\/v2\/users\/1"}],"replies":[{"embeddable":true,"href":"https:\/\/eldigitaldeasturias.com\/magazine365\/wp-json\/wp\/v2\/comments?post=62981"}],"version-history":[{"count":0,"href":"https:\/\/eldigitaldeasturias.com\/magazine365\/wp-json\/wp\/v2\/posts\/62981\/revisions"}],"wp:featuredmedia":[{"embeddable":true,"href":"https:\/\/eldigitaldeasturias.com\/magazine365\/wp-json\/wp\/v2\/media\/62982"}],"wp:attachment":[{"href":"https:\/\/eldigitaldeasturias.com\/magazine365\/wp-json\/wp\/v2\/media?parent=62981"}],"wp:term":[{"taxonomy":"category","embeddable":true,"href":"https:\/\/eldigitaldeasturias.com\/magazine365\/wp-json\/wp\/v2\/categories?post=62981"},{"taxonomy":"post_tag","embeddable":true,"href":"https:\/\/eldigitaldeasturias.com\/magazine365\/wp-json\/wp\/v2\/tags?post=62981"}],"curies":[{"name":"wp","href":"https:\/\/api.w.org\/{rel}","templated":true}]}}