{"id":62975,"date":"2016-02-05T04:12:59","date_gmt":"2016-02-05T03:12:59","guid":{"rendered":"http:\/\/eldigitaldeasturias.com\/magazine365\/?p=62975"},"modified":"2016-02-05T04:12:59","modified_gmt":"2016-02-05T03:12:59","slug":"el-destino-costa-de-almeria-apuesta-por-la-recuperacion-del-turismo-aleman","status":"publish","type":"post","link":"https:\/\/eldigitaldeasturias.com\/magazine365\/el-destino-costa-de-almeria-apuesta-por-la-recuperacion-del-turismo-aleman\/","title":{"rendered":"El destino &#8216;Costa de Almer\u00eda&#8217; apuesta por la recuperaci\u00f3n del turismo alem\u00e1n"},"content":{"rendered":"<p><img fetchpriority=\"high\" decoding=\"async\" class=\"alignleft size-medium wp-image-62976\" src=\"https:\/\/eldigitaldeasturias.com\/magazine365\/wp-content\/uploads\/2016\/02\/fotonoticia_20160201152559_800-360x270.jpg\" alt=\"fotonoticia_20160201152559_800\" width=\"360\" height=\"270\" srcset=\"https:\/\/eldigitaldeasturias.com\/magazine365\/wp-content\/uploads\/2016\/02\/fotonoticia_20160201152559_800-360x270.jpg 360w, https:\/\/eldigitaldeasturias.com\/magazine365\/wp-content\/uploads\/2016\/02\/fotonoticia_20160201152559_800-650x488.jpg 650w, https:\/\/eldigitaldeasturias.com\/magazine365\/wp-content\/uploads\/2016\/02\/fotonoticia_20160201152559_800-768x576.jpg 768w, https:\/\/eldigitaldeasturias.com\/magazine365\/wp-content\/uploads\/2016\/02\/fotonoticia_20160201152559_800-150x113.jpg 150w, https:\/\/eldigitaldeasturias.com\/magazine365\/wp-content\/uploads\/2016\/02\/fotonoticia_20160201152559_800-450x338.jpg 450w, https:\/\/eldigitaldeasturias.com\/magazine365\/wp-content\/uploads\/2016\/02\/fotonoticia_20160201152559_800-80x60.jpg 80w, https:\/\/eldigitaldeasturias.com\/magazine365\/wp-content\/uploads\/2016\/02\/fotonoticia_20160201152559_800-265x198.jpg 265w, https:\/\/eldigitaldeasturias.com\/magazine365\/wp-content\/uploads\/2016\/02\/fotonoticia_20160201152559_800-696x522.jpg 696w, https:\/\/eldigitaldeasturias.com\/magazine365\/wp-content\/uploads\/2016\/02\/fotonoticia_20160201152559_800-560x420.jpg 560w, https:\/\/eldigitaldeasturias.com\/magazine365\/wp-content\/uploads\/2016\/02\/fotonoticia_20160201152559_800-90x67.jpg 90w, https:\/\/eldigitaldeasturias.com\/magazine365\/wp-content\/uploads\/2016\/02\/fotonoticia_20160201152559_800-164x124.jpg 164w, https:\/\/eldigitaldeasturias.com\/magazine365\/wp-content\/uploads\/2016\/02\/fotonoticia_20160201152559_800-100x75.jpg 100w, https:\/\/eldigitaldeasturias.com\/magazine365\/wp-content\/uploads\/2016\/02\/fotonoticia_20160201152559_800.jpg 800w\" sizes=\"(max-width: 360px) 100vw, 360px\" \/>El destino &#8216;Costa de Almer\u00eda&#8217; ha apostado por la recuperaci\u00f3n del turismo de origen alem\u00e1n en la provincia, a trav\u00e9s de una actuaci\u00f3n espec\u00edficas para consolidar el n\u00famero de visitantes procedentes del pa\u00eds germano, gracias a un acuerdo de colaboraci\u00f3n firmado entre la Diputaci\u00f3n Provincial de Almer\u00eda y la empresa p\u00fablica Turismo Andaluz de la Junta de Andaluc\u00eda.<\/p>\n<p>Ambas instituciones han rubricado este acuerdo el lunes con la firma de un convenio que establece las bases de la alianza de colaboraci\u00f3n, que prev\u00e9n promocionar la provincia de Almer\u00eda tanto en el mercado nacional como internacional, y mejorar su posicionamiento en canales de venta online y offline.<\/p>\n<p>La firma del convenio entre las dos administraciones ha tenido lugar en Granada y en ella han participado todos los Patronatos y Servicios de Turismo de las ocho diputaciones andaluzas y el consejero de Turismo y Deporte, Francisco Javier Fern\u00e1ndez. El vicepresidente de la Diputaci\u00f3n de Almer\u00eda, Javier Aureliano Garc\u00eda, se ha trasladado hasta Granada para participar en el acto, donde ha compartido con los asistentes algunas de las acciones m\u00e1s destacadas que el Servicio Provincial de Turismo ha desarrollado, seg\u00fan ha explicado la instituci\u00f3n almeriense en un comunicado.<\/p>\n<p>Javier Aureliano Garc\u00eda ha destacado la importancia de un acuerdo que recoge acciones espec\u00edficas, dentro de la planificaci\u00f3n global del Servicio Provincial de Turismo, por haber logrado alejar la confrontaci\u00f3n pol\u00edtica del turismo y ha afirmado que \u00abes una prueba m\u00e1s de lo importante que es el entendimiento en sectores claves para la econom\u00eda de la provincia y de toda Andaluc\u00eda\u00bb.<\/p>\n<p>Garc\u00eda ha explicado que, actualmente, \u00abel Servicio Provincial de Turismo destina m\u00e1s de dos millones de euros a consolidar y dar a conocer la marca &#8216;Costa de Almer\u00eda'\u00bb, pero que la aportaci\u00f3n de la Junta de Andaluc\u00eda paliar\u00e1 una parte del importante esfuerzo inversor que se realiza para la promoci\u00f3n del turismo en la provincia de Almer\u00eda.<\/p>\n<p>ACTUACIONES INCLUIDAS EN EL CONVENIO<\/p>\n<p>Entre las actividades que ser\u00e1n objeto del acuerdo de promoci\u00f3n de la marca &#8216;Costa de Almer\u00eda&#8217;, destacan ferias de turismo tan importantes como Fitur 2016; acciones especiales, como campa\u00f1as de promoci\u00f3n a nivel nacional e internacional, planes de m\u00e1rketing o jornadas profesionales; y actuaciones inversas, como famtrips o presstrips.<\/p>\n<p>El convenio recoge tambi\u00e9n una iniciativa, centrada en la captaci\u00f3n de turistas en el mercado alem\u00e1n, que ha desarrollado de forma unilateral la Diputaci\u00f3n Provincial de Almer\u00eda y que ahora contar\u00e1 con el apoyo auton\u00f3mico.<\/p>\n<p>Esta acci\u00f3n especial da continuidad al trabajo que el Servicio Provincial de Turismo est\u00e1 desarrollando para volver a consolidar un mercado tan importante para la provincia como el alem\u00e1n, sin descuidar, la promoci\u00f3n de la marca &#8216;Costa de Almer\u00eda&#8217; en otros mercados de inter\u00e9s o focos emergentes.<\/p>\n","protected":false},"excerpt":{"rendered":"<p>El destino &#8216;Costa de Almer\u00eda&#8217; ha apostado por la recuperaci\u00f3n del turismo de origen alem\u00e1n en la provincia, a trav\u00e9s de una actuaci\u00f3n espec\u00edficas para consolidar el n\u00famero de visitantes procedentes del pa\u00eds germano, gracias a un acuerdo de colaboraci\u00f3n firmado entre la Diputaci\u00f3n Provincial de Almer\u00eda y la empresa p\u00fablica Turismo Andaluz de la<\/p>\n","protected":false},"author":1,"featured_media":62976,"comment_status":"open","ping_status":"closed","sticky":false,"template":"","format":"standard","meta":{"footnotes":""},"categories":[224],"tags":[],"class_list":{"0":"post-62975","1":"post","2":"type-post","3":"status-publish","4":"format-standard","5":"has-post-thumbnail","7":"category-noticias-actualidad"},"aioseo_notices":[],"aioseo_head":"\n\t\t<!-- All in One SEO Pro 4.9.6.1 - aioseo.com -->\n\t<meta name=\"description\" content=\"El destino &#039;Costa de Almer\u00eda&#039; ha apostado por la recuperaci\u00f3n del turismo de origen alem\u00e1n en la provincia, a trav\u00e9s de una actuaci\u00f3n espec\u00edficas para consolidar el n\u00famero de visitantes procedentes del pa\u00eds germano, gracias a un acuerdo de colaboraci\u00f3n firmado entre la Diputaci\u00f3n Provincial de Almer\u00eda y la empresa p\u00fablica Turismo Andaluz de la\" \/>\n\t<meta name=\"robots\" content=\"max-image-preview:large\" \/>\n\t<meta name=\"author\" content=\"admin\"\/>\n\t<meta name=\"google-site-verification\" content=\"UA-38556648-1\" \/>\n\t<meta name=\"keywords\" content=\"noticias y actualidad\" \/>\n\t<link rel=\"canonical\" href=\"https:\/\/eldigitaldeasturias.com\/magazine365\/el-destino-costa-de-almeria-apuesta-por-la-recuperacion-del-turismo-aleman\/\" \/>\n\t<meta name=\"generator\" content=\"All in One SEO Pro (AIOSEO) 4.9.6.1\" \/>\n\t\t<meta property=\"og:locale\" content=\"es_ES\" \/>\n\t\t<meta property=\"og:site_name\" content=\"El Digital de Asturias \u2013 Revista de ocio, turismo y estilo de vida\" \/>\n\t\t<meta property=\"og:type\" content=\"article\" \/>\n\t\t<meta property=\"og:title\" content=\"El destino \u2018Costa de Almer\u00eda\u2019 apuesta por la recuperaci\u00f3n del turismo alem\u00e1n | El Digital de Asturias\" \/>\n\t\t<meta property=\"og:description\" content=\"El destino &#039;Costa de Almer\u00eda&#039; ha apostado por la recuperaci\u00f3n del turismo de origen alem\u00e1n en la provincia, a trav\u00e9s de una actuaci\u00f3n espec\u00edficas para consolidar el n\u00famero de visitantes procedentes del pa\u00eds germano, gracias a un acuerdo de colaboraci\u00f3n firmado entre la Diputaci\u00f3n Provincial de Almer\u00eda y la empresa p\u00fablica Turismo Andaluz de la\" \/>\n\t\t<meta property=\"og:url\" content=\"https:\/\/eldigitaldeasturias.com\/magazine365\/el-destino-costa-de-almeria-apuesta-por-la-recuperacion-del-turismo-aleman\/\" \/>\n\t\t<meta property=\"og:image\" content=\"https:\/\/eldigitaldeasturias.com\/magazine365\/wp-content\/uploads\/2016\/02\/fotonoticia_20160201152559_800.jpg\" \/>\n\t\t<meta property=\"og:image:secure_url\" content=\"https:\/\/eldigitaldeasturias.com\/magazine365\/wp-content\/uploads\/2016\/02\/fotonoticia_20160201152559_800.jpg\" \/>\n\t\t<meta property=\"og:image:width\" content=\"800\" \/>\n\t\t<meta property=\"og:image:height\" content=\"600\" \/>\n\t\t<meta property=\"article:published_time\" content=\"2016-02-05T03:12:59+00:00\" \/>\n\t\t<meta property=\"article:modified_time\" content=\"2016-02-05T03:12:59+00:00\" \/>\n\t\t<meta name=\"twitter:card\" content=\"summary_large_image\" \/>\n\t\t<meta name=\"twitter:title\" content=\"El destino \u2018Costa de Almer\u00eda\u2019 apuesta por la recuperaci\u00f3n del turismo alem\u00e1n | El Digital de Asturias\" \/>\n\t\t<meta name=\"twitter:description\" content=\"El destino &#039;Costa de Almer\u00eda&#039; ha apostado por la recuperaci\u00f3n del turismo de origen alem\u00e1n en la provincia, a trav\u00e9s de una actuaci\u00f3n espec\u00edficas para consolidar el n\u00famero de visitantes procedentes del pa\u00eds germano, gracias a un acuerdo de colaboraci\u00f3n firmado entre la Diputaci\u00f3n Provincial de Almer\u00eda y la empresa p\u00fablica Turismo Andaluz de la\" \/>\n\t\t<meta name=\"twitter:image\" content=\"https:\/\/eldigitaldeasturias.com\/magazine365\/wp-content\/uploads\/2016\/02\/fotonoticia_20160201152559_800.jpg\" \/>\n\t\t<script type=\"application\/ld+json\" class=\"aioseo-schema\">\n\t\t\t{\"@context\":\"https:\\\/\\\/schema.org\",\"@graph\":[{\"@type\":\"Article\",\"@id\":\"https:\\\/\\\/eldigitaldeasturias.com\\\/magazine365\\\/el-destino-costa-de-almeria-apuesta-por-la-recuperacion-del-turismo-aleman\\\/#article\",\"name\":\"El destino \\u2018Costa de Almer\\u00eda\\u2019 apuesta por la recuperaci\\u00f3n del turismo alem\\u00e1n | El Digital de Asturias\",\"headline\":\"El destino &#8216;Costa de Almer\\u00eda&#8217; apuesta por la recuperaci\\u00f3n del turismo alem\\u00e1n\",\"author\":{\"@id\":\"https:\\\/\\\/eldigitaldeasturias.com\\\/magazine365\\\/author\\\/admin\\\/#author\"},\"publisher\":{\"@id\":\"https:\\\/\\\/eldigitaldeasturias.com\\\/magazine365\\\/#organization\"},\"image\":{\"@type\":\"ImageObject\",\"url\":\"https:\\\/\\\/eldigitaldeasturias.com\\\/magazine365\\\/wp-content\\\/uploads\\\/2016\\\/02\\\/fotonoticia_20160201152559_800.jpg\",\"width\":800,\"height\":600},\"datePublished\":\"2016-02-05T04:12:59+01:00\",\"dateModified\":\"2016-02-05T04:12:59+01:00\",\"inLanguage\":\"es-ES\",\"mainEntityOfPage\":{\"@id\":\"https:\\\/\\\/eldigitaldeasturias.com\\\/magazine365\\\/el-destino-costa-de-almeria-apuesta-por-la-recuperacion-del-turismo-aleman\\\/#webpage\"},\"isPartOf\":{\"@id\":\"https:\\\/\\\/eldigitaldeasturias.com\\\/magazine365\\\/el-destino-costa-de-almeria-apuesta-por-la-recuperacion-del-turismo-aleman\\\/#webpage\"},\"articleSection\":\"Noticias y Actualidad\"},{\"@type\":\"BreadcrumbList\",\"@id\":\"https:\\\/\\\/eldigitaldeasturias.com\\\/magazine365\\\/el-destino-costa-de-almeria-apuesta-por-la-recuperacion-del-turismo-aleman\\\/#breadcrumblist\",\"itemListElement\":[{\"@type\":\"ListItem\",\"@id\":\"https:\\\/\\\/eldigitaldeasturias.com\\\/magazine365#listItem\",\"position\":1,\"name\":\"Home\",\"item\":\"https:\\\/\\\/eldigitaldeasturias.com\\\/magazine365\",\"nextItem\":{\"@type\":\"ListItem\",\"@id\":\"https:\\\/\\\/eldigitaldeasturias.com\\\/magazine365\\\/category\\\/noticias-actualidad\\\/#listItem\",\"name\":\"Noticias y Actualidad\"}},{\"@type\":\"ListItem\",\"@id\":\"https:\\\/\\\/eldigitaldeasturias.com\\\/magazine365\\\/category\\\/noticias-actualidad\\\/#listItem\",\"position\":2,\"name\":\"Noticias y Actualidad\",\"item\":\"https:\\\/\\\/eldigitaldeasturias.com\\\/magazine365\\\/category\\\/noticias-actualidad\\\/\",\"nextItem\":{\"@type\":\"ListItem\",\"@id\":\"https:\\\/\\\/eldigitaldeasturias.com\\\/magazine365\\\/el-destino-costa-de-almeria-apuesta-por-la-recuperacion-del-turismo-aleman\\\/#listItem\",\"name\":\"El destino &#8216;Costa de Almer\\u00eda&#8217; apuesta por la recuperaci\\u00f3n del turismo alem\\u00e1n\"},\"previousItem\":{\"@type\":\"ListItem\",\"@id\":\"https:\\\/\\\/eldigitaldeasturias.com\\\/magazine365#listItem\",\"name\":\"Home\"}},{\"@type\":\"ListItem\",\"@id\":\"https:\\\/\\\/eldigitaldeasturias.com\\\/magazine365\\\/el-destino-costa-de-almeria-apuesta-por-la-recuperacion-del-turismo-aleman\\\/#listItem\",\"position\":3,\"name\":\"El destino &#8216;Costa de Almer\\u00eda&#8217; apuesta por la recuperaci\\u00f3n del turismo alem\\u00e1n\",\"previousItem\":{\"@type\":\"ListItem\",\"@id\":\"https:\\\/\\\/eldigitaldeasturias.com\\\/magazine365\\\/category\\\/noticias-actualidad\\\/#listItem\",\"name\":\"Noticias y Actualidad\"}}]},{\"@type\":\"Organization\",\"@id\":\"https:\\\/\\\/eldigitaldeasturias.com\\\/magazine365\\\/#organization\",\"name\":\"El digital de Asturias\",\"description\":\"Revista de ocio, turismo y estilo de vida\",\"url\":\"https:\\\/\\\/eldigitaldeasturias.com\\\/magazine365\\\/\",\"logo\":{\"@type\":\"ImageObject\",\"url\":\"https:\\\/\\\/www.eldigitaldeasturias.com\\\/noticias\\\/wp-content\\\/uploads\\\/2020\\\/12\\\/EDA.jpg\",\"@id\":\"https:\\\/\\\/eldigitaldeasturias.com\\\/magazine365\\\/el-destino-costa-de-almeria-apuesta-por-la-recuperacion-del-turismo-aleman\\\/#organizationLogo\"},\"image\":{\"@id\":\"https:\\\/\\\/eldigitaldeasturias.com\\\/magazine365\\\/el-destino-costa-de-almeria-apuesta-por-la-recuperacion-del-turismo-aleman\\\/#organizationLogo\"}},{\"@type\":\"Person\",\"@id\":\"https:\\\/\\\/eldigitaldeasturias.com\\\/magazine365\\\/author\\\/admin\\\/#author\",\"url\":\"https:\\\/\\\/eldigitaldeasturias.com\\\/magazine365\\\/author\\\/admin\\\/\",\"name\":\"admin\",\"image\":{\"@type\":\"ImageObject\",\"@id\":\"https:\\\/\\\/eldigitaldeasturias.com\\\/magazine365\\\/el-destino-costa-de-almeria-apuesta-por-la-recuperacion-del-turismo-aleman\\\/#authorImage\",\"url\":\"https:\\\/\\\/eldigitaldeasturias.com\\\/magazine365\\\/wp-content\\\/litespeed\\\/avatar\\\/e571bcf59a0edd6fa6838245a470f2fe.jpg?ver=1776969259\",\"width\":96,\"height\":96,\"caption\":\"admin\"}},{\"@type\":\"WebPage\",\"@id\":\"https:\\\/\\\/eldigitaldeasturias.com\\\/magazine365\\\/el-destino-costa-de-almeria-apuesta-por-la-recuperacion-del-turismo-aleman\\\/#webpage\",\"url\":\"https:\\\/\\\/eldigitaldeasturias.com\\\/magazine365\\\/el-destino-costa-de-almeria-apuesta-por-la-recuperacion-del-turismo-aleman\\\/\",\"name\":\"El destino \\u2018Costa de Almer\\u00eda\\u2019 apuesta por la recuperaci\\u00f3n del turismo alem\\u00e1n | El Digital de Asturias\",\"description\":\"El destino 'Costa de Almer\\u00eda' ha apostado por la recuperaci\\u00f3n del turismo de origen alem\\u00e1n en la provincia, a trav\\u00e9s de una actuaci\\u00f3n espec\\u00edficas para consolidar el n\\u00famero de visitantes procedentes del pa\\u00eds germano, gracias a un acuerdo de colaboraci\\u00f3n firmado entre la Diputaci\\u00f3n Provincial de Almer\\u00eda y la empresa p\\u00fablica Turismo Andaluz de la\",\"inLanguage\":\"es-ES\",\"isPartOf\":{\"@id\":\"https:\\\/\\\/eldigitaldeasturias.com\\\/magazine365\\\/#website\"},\"breadcrumb\":{\"@id\":\"https:\\\/\\\/eldigitaldeasturias.com\\\/magazine365\\\/el-destino-costa-de-almeria-apuesta-por-la-recuperacion-del-turismo-aleman\\\/#breadcrumblist\"},\"author\":{\"@id\":\"https:\\\/\\\/eldigitaldeasturias.com\\\/magazine365\\\/author\\\/admin\\\/#author\"},\"creator\":{\"@id\":\"https:\\\/\\\/eldigitaldeasturias.com\\\/magazine365\\\/author\\\/admin\\\/#author\"},\"image\":{\"@type\":\"ImageObject\",\"url\":\"https:\\\/\\\/eldigitaldeasturias.com\\\/magazine365\\\/wp-content\\\/uploads\\\/2016\\\/02\\\/fotonoticia_20160201152559_800.jpg\",\"@id\":\"https:\\\/\\\/eldigitaldeasturias.com\\\/magazine365\\\/el-destino-costa-de-almeria-apuesta-por-la-recuperacion-del-turismo-aleman\\\/#mainImage\",\"width\":800,\"height\":600},\"primaryImageOfPage\":{\"@id\":\"https:\\\/\\\/eldigitaldeasturias.com\\\/magazine365\\\/el-destino-costa-de-almeria-apuesta-por-la-recuperacion-del-turismo-aleman\\\/#mainImage\"},\"datePublished\":\"2016-02-05T04:12:59+01:00\",\"dateModified\":\"2016-02-05T04:12:59+01:00\"},{\"@type\":\"WebSite\",\"@id\":\"https:\\\/\\\/eldigitaldeasturias.com\\\/magazine365\\\/#website\",\"url\":\"https:\\\/\\\/eldigitaldeasturias.com\\\/magazine365\\\/\",\"name\":\"El Digital de Asturias\",\"description\":\"Revista de ocio, turismo y estilo de vida\",\"inLanguage\":\"es-ES\",\"publisher\":{\"@id\":\"https:\\\/\\\/eldigitaldeasturias.com\\\/magazine365\\\/#organization\"}}]}\n\t\t<\/script>\n\t\t<!-- All in One SEO Pro -->\r\n\t\t<title>El destino \u2018Costa de Almer\u00eda\u2019 apuesta por la recuperaci\u00f3n del turismo alem\u00e1n | El Digital de Asturias<\/title>\n\n","aioseo_head_json":{"title":"El destino \u2018Costa de Almer\u00eda\u2019 apuesta por la recuperaci\u00f3n del turismo alem\u00e1n | El Digital de Asturias","description":"El destino 'Costa de Almer\u00eda' ha apostado por la recuperaci\u00f3n del turismo de origen alem\u00e1n en la provincia, a trav\u00e9s de una actuaci\u00f3n espec\u00edficas para consolidar el n\u00famero de visitantes procedentes del pa\u00eds germano, gracias a un acuerdo de colaboraci\u00f3n firmado entre la Diputaci\u00f3n Provincial de Almer\u00eda y la empresa p\u00fablica Turismo Andaluz de la","canonical_url":"https:\/\/eldigitaldeasturias.com\/magazine365\/el-destino-costa-de-almeria-apuesta-por-la-recuperacion-del-turismo-aleman\/","robots":"max-image-preview:large","keywords":"noticias y actualidad","webmasterTools":{"google-site-verification":"UA-38556648-1","miscellaneous":""},"schema":{"@context":"https:\/\/schema.org","@graph":[{"@type":"Article","@id":"https:\/\/eldigitaldeasturias.com\/magazine365\/el-destino-costa-de-almeria-apuesta-por-la-recuperacion-del-turismo-aleman\/#article","name":"El destino \u2018Costa de Almer\u00eda\u2019 apuesta por la recuperaci\u00f3n del turismo alem\u00e1n | El Digital de Asturias","headline":"El destino &#8216;Costa de Almer\u00eda&#8217; apuesta por la recuperaci\u00f3n del turismo alem\u00e1n","author":{"@id":"https:\/\/eldigitaldeasturias.com\/magazine365\/author\/admin\/#author"},"publisher":{"@id":"https:\/\/eldigitaldeasturias.com\/magazine365\/#organization"},"image":{"@type":"ImageObject","url":"https:\/\/eldigitaldeasturias.com\/magazine365\/wp-content\/uploads\/2016\/02\/fotonoticia_20160201152559_800.jpg","width":800,"height":600},"datePublished":"2016-02-05T04:12:59+01:00","dateModified":"2016-02-05T04:12:59+01:00","inLanguage":"es-ES","mainEntityOfPage":{"@id":"https:\/\/eldigitaldeasturias.com\/magazine365\/el-destino-costa-de-almeria-apuesta-por-la-recuperacion-del-turismo-aleman\/#webpage"},"isPartOf":{"@id":"https:\/\/eldigitaldeasturias.com\/magazine365\/el-destino-costa-de-almeria-apuesta-por-la-recuperacion-del-turismo-aleman\/#webpage"},"articleSection":"Noticias y Actualidad"},{"@type":"BreadcrumbList","@id":"https:\/\/eldigitaldeasturias.com\/magazine365\/el-destino-costa-de-almeria-apuesta-por-la-recuperacion-del-turismo-aleman\/#breadcrumblist","itemListElement":[{"@type":"ListItem","@id":"https:\/\/eldigitaldeasturias.com\/magazine365#listItem","position":1,"name":"Home","item":"https:\/\/eldigitaldeasturias.com\/magazine365","nextItem":{"@type":"ListItem","@id":"https:\/\/eldigitaldeasturias.com\/magazine365\/category\/noticias-actualidad\/#listItem","name":"Noticias y Actualidad"}},{"@type":"ListItem","@id":"https:\/\/eldigitaldeasturias.com\/magazine365\/category\/noticias-actualidad\/#listItem","position":2,"name":"Noticias y Actualidad","item":"https:\/\/eldigitaldeasturias.com\/magazine365\/category\/noticias-actualidad\/","nextItem":{"@type":"ListItem","@id":"https:\/\/eldigitaldeasturias.com\/magazine365\/el-destino-costa-de-almeria-apuesta-por-la-recuperacion-del-turismo-aleman\/#listItem","name":"El destino &#8216;Costa de Almer\u00eda&#8217; apuesta por la recuperaci\u00f3n del turismo alem\u00e1n"},"previousItem":{"@type":"ListItem","@id":"https:\/\/eldigitaldeasturias.com\/magazine365#listItem","name":"Home"}},{"@type":"ListItem","@id":"https:\/\/eldigitaldeasturias.com\/magazine365\/el-destino-costa-de-almeria-apuesta-por-la-recuperacion-del-turismo-aleman\/#listItem","position":3,"name":"El destino &#8216;Costa de Almer\u00eda&#8217; apuesta por la recuperaci\u00f3n del turismo alem\u00e1n","previousItem":{"@type":"ListItem","@id":"https:\/\/eldigitaldeasturias.com\/magazine365\/category\/noticias-actualidad\/#listItem","name":"Noticias y Actualidad"}}]},{"@type":"Organization","@id":"https:\/\/eldigitaldeasturias.com\/magazine365\/#organization","name":"El digital de Asturias","description":"Revista de ocio, turismo y estilo de vida","url":"https:\/\/eldigitaldeasturias.com\/magazine365\/","logo":{"@type":"ImageObject","url":"https:\/\/www.eldigitaldeasturias.com\/noticias\/wp-content\/uploads\/2020\/12\/EDA.jpg","@id":"https:\/\/eldigitaldeasturias.com\/magazine365\/el-destino-costa-de-almeria-apuesta-por-la-recuperacion-del-turismo-aleman\/#organizationLogo"},"image":{"@id":"https:\/\/eldigitaldeasturias.com\/magazine365\/el-destino-costa-de-almeria-apuesta-por-la-recuperacion-del-turismo-aleman\/#organizationLogo"}},{"@type":"Person","@id":"https:\/\/eldigitaldeasturias.com\/magazine365\/author\/admin\/#author","url":"https:\/\/eldigitaldeasturias.com\/magazine365\/author\/admin\/","name":"admin","image":{"@type":"ImageObject","@id":"https:\/\/eldigitaldeasturias.com\/magazine365\/el-destino-costa-de-almeria-apuesta-por-la-recuperacion-del-turismo-aleman\/#authorImage","url":"https:\/\/eldigitaldeasturias.com\/magazine365\/wp-content\/litespeed\/avatar\/e571bcf59a0edd6fa6838245a470f2fe.jpg?ver=1776969259","width":96,"height":96,"caption":"admin"}},{"@type":"WebPage","@id":"https:\/\/eldigitaldeasturias.com\/magazine365\/el-destino-costa-de-almeria-apuesta-por-la-recuperacion-del-turismo-aleman\/#webpage","url":"https:\/\/eldigitaldeasturias.com\/magazine365\/el-destino-costa-de-almeria-apuesta-por-la-recuperacion-del-turismo-aleman\/","name":"El destino \u2018Costa de Almer\u00eda\u2019 apuesta por la recuperaci\u00f3n del turismo alem\u00e1n | El Digital de Asturias","description":"El destino 'Costa de Almer\u00eda' ha apostado por la recuperaci\u00f3n del turismo de origen alem\u00e1n en la provincia, a trav\u00e9s de una actuaci\u00f3n espec\u00edficas para consolidar el n\u00famero de visitantes procedentes del pa\u00eds germano, gracias a un acuerdo de colaboraci\u00f3n firmado entre la Diputaci\u00f3n Provincial de Almer\u00eda y la empresa p\u00fablica Turismo Andaluz de la","inLanguage":"es-ES","isPartOf":{"@id":"https:\/\/eldigitaldeasturias.com\/magazine365\/#website"},"breadcrumb":{"@id":"https:\/\/eldigitaldeasturias.com\/magazine365\/el-destino-costa-de-almeria-apuesta-por-la-recuperacion-del-turismo-aleman\/#breadcrumblist"},"author":{"@id":"https:\/\/eldigitaldeasturias.com\/magazine365\/author\/admin\/#author"},"creator":{"@id":"https:\/\/eldigitaldeasturias.com\/magazine365\/author\/admin\/#author"},"image":{"@type":"ImageObject","url":"https:\/\/eldigitaldeasturias.com\/magazine365\/wp-content\/uploads\/2016\/02\/fotonoticia_20160201152559_800.jpg","@id":"https:\/\/eldigitaldeasturias.com\/magazine365\/el-destino-costa-de-almeria-apuesta-por-la-recuperacion-del-turismo-aleman\/#mainImage","width":800,"height":600},"primaryImageOfPage":{"@id":"https:\/\/eldigitaldeasturias.com\/magazine365\/el-destino-costa-de-almeria-apuesta-por-la-recuperacion-del-turismo-aleman\/#mainImage"},"datePublished":"2016-02-05T04:12:59+01:00","dateModified":"2016-02-05T04:12:59+01:00"},{"@type":"WebSite","@id":"https:\/\/eldigitaldeasturias.com\/magazine365\/#website","url":"https:\/\/eldigitaldeasturias.com\/magazine365\/","name":"El Digital de Asturias","description":"Revista de ocio, turismo y estilo de vida","inLanguage":"es-ES","publisher":{"@id":"https:\/\/eldigitaldeasturias.com\/magazine365\/#organization"}}]},"og:locale":"es_ES","og:site_name":"El Digital de Asturias \u2013 Revista de ocio, turismo y estilo de vida","og:type":"article","og:title":"El destino \u2018Costa de Almer\u00eda\u2019 apuesta por la recuperaci\u00f3n del turismo alem\u00e1n | El Digital de Asturias","og:description":"El destino 'Costa de Almer\u00eda' ha apostado por la recuperaci\u00f3n del turismo de origen alem\u00e1n en la provincia, a trav\u00e9s de una actuaci\u00f3n espec\u00edficas para consolidar el n\u00famero de visitantes procedentes del pa\u00eds germano, gracias a un acuerdo de colaboraci\u00f3n firmado entre la Diputaci\u00f3n Provincial de Almer\u00eda y la empresa p\u00fablica Turismo Andaluz de la","og:url":"https:\/\/eldigitaldeasturias.com\/magazine365\/el-destino-costa-de-almeria-apuesta-por-la-recuperacion-del-turismo-aleman\/","og:image":"https:\/\/eldigitaldeasturias.com\/magazine365\/wp-content\/uploads\/2016\/02\/fotonoticia_20160201152559_800.jpg","og:image:secure_url":"https:\/\/eldigitaldeasturias.com\/magazine365\/wp-content\/uploads\/2016\/02\/fotonoticia_20160201152559_800.jpg","og:image:width":800,"og:image:height":600,"article:published_time":"2016-02-05T03:12:59+00:00","article:modified_time":"2016-02-05T03:12:59+00:00","twitter:card":"summary_large_image","twitter:title":"El destino \u2018Costa de Almer\u00eda\u2019 apuesta por la recuperaci\u00f3n del turismo alem\u00e1n | El Digital de Asturias","twitter:description":"El destino 'Costa de Almer\u00eda' ha apostado por la recuperaci\u00f3n del turismo de origen alem\u00e1n en la provincia, a trav\u00e9s de una actuaci\u00f3n espec\u00edficas para consolidar el n\u00famero de visitantes procedentes del pa\u00eds germano, gracias a un acuerdo de colaboraci\u00f3n firmado entre la Diputaci\u00f3n Provincial de Almer\u00eda y la empresa p\u00fablica Turismo Andaluz de la","twitter:image":"https:\/\/eldigitaldeasturias.com\/magazine365\/wp-content\/uploads\/2016\/02\/fotonoticia_20160201152559_800.jpg"},"aioseo_meta_data":{"post_id":"62975","title":null,"description":null,"keywords":null,"keyphrases":null,"primary_term":null,"canonical_url":null,"og_title":null,"og_description":null,"og_object_type":"default","og_image_type":"default","og_image_url":null,"og_image_width":null,"og_image_height":null,"og_image_custom_url":null,"og_image_custom_fields":null,"og_video":null,"og_custom_url":null,"og_article_section":null,"og_article_tags":null,"twitter_use_og":false,"twitter_card":"default","twitter_image_type":"default","twitter_image_url":null,"twitter_image_custom_url":null,"twitter_image_custom_fields":null,"twitter_title":null,"twitter_description":null,"schema":{"blockGraphs":[],"customGraphs":[],"default":{"data":{"Article":[],"Course":[],"Dataset":[],"FAQPage":[],"Movie":[],"Person":[],"Product":[],"ProductReview":[],"Car":[],"Recipe":[],"Service":[],"SoftwareApplication":[],"WebPage":[]},"graphName":"","isEnabled":true},"graphs":[],"defaultGraph":"","defaultPostTypeGraph":""},"schema_type":null,"schema_type_options":null,"pillar_content":false,"robots_default":true,"robots_noindex":false,"robots_noarchive":false,"robots_nosnippet":false,"robots_nofollow":false,"robots_noimageindex":false,"robots_noodp":false,"robots_notranslate":false,"robots_max_snippet":null,"robots_max_videopreview":null,"robots_max_imagepreview":"large","priority":null,"frequency":null,"location":null,"local_seo":null,"seo_analyzer_scan_date":"2025-09-25 12:15:51","breadcrumb_settings":null,"limit_modified_date":false,"open_ai":null,"ai":null,"created":"2021-03-08 21:28:43","updated":"2025-09-25 12:15:51"},"aioseo_breadcrumb":"<div class=\"aioseo-breadcrumbs\"><span class=\"aioseo-breadcrumb\">\n\t<a href=\"https:\/\/eldigitaldeasturias.com\/magazine365\" title=\"Home\">Home<\/a>\n<\/span><span class=\"aioseo-breadcrumb-separator\">\u2013<\/span><span class=\"aioseo-breadcrumb\">\n\t<a href=\"https:\/\/eldigitaldeasturias.com\/magazine365\/category\/noticias-actualidad\/\" title=\"Noticias y Actualidad\">Noticias y Actualidad<\/a>\n<\/span><span class=\"aioseo-breadcrumb-separator\">\u2013<\/span><span class=\"aioseo-breadcrumb\">\n\t<a href=\"https:\/\/eldigitaldeasturias.com\/magazine365\/el-destino-costa-de-almeria-apuesta-por-la-recuperacion-del-turismo-aleman\/\" title=\"El destino \u2018Costa de Almer\u00eda\u2019 apuesta por la recuperaci\u00f3n del turismo alem\u00e1n\">El destino \u2018Costa de Almer\u00eda\u2019 apuesta por la recuperaci\u00f3n del turismo alem\u00e1n<\/a>\n<\/span><\/div>","aioseo_breadcrumb_json":[{"label":"Home","link":"https:\/\/eldigitaldeasturias.com\/magazine365"},{"label":"Noticias y Actualidad","link":"https:\/\/eldigitaldeasturias.com\/magazine365\/category\/noticias-actualidad\/"},{"label":"El destino &#8216;Costa de Almer\u00eda&#8217; apuesta por la recuperaci\u00f3n del turismo alem\u00e1n","link":"https:\/\/eldigitaldeasturias.com\/magazine365\/el-destino-costa-de-almeria-apuesta-por-la-recuperacion-del-turismo-aleman\/"}],"_links":{"self":[{"href":"https:\/\/eldigitaldeasturias.com\/magazine365\/wp-json\/wp\/v2\/posts\/62975","targetHints":{"allow":["GET"]}}],"collection":[{"href":"https:\/\/eldigitaldeasturias.com\/magazine365\/wp-json\/wp\/v2\/posts"}],"about":[{"href":"https:\/\/eldigitaldeasturias.com\/magazine365\/wp-json\/wp\/v2\/types\/post"}],"author":[{"embeddable":true,"href":"https:\/\/eldigitaldeasturias.com\/magazine365\/wp-json\/wp\/v2\/users\/1"}],"replies":[{"embeddable":true,"href":"https:\/\/eldigitaldeasturias.com\/magazine365\/wp-json\/wp\/v2\/comments?post=62975"}],"version-history":[{"count":0,"href":"https:\/\/eldigitaldeasturias.com\/magazine365\/wp-json\/wp\/v2\/posts\/62975\/revisions"}],"wp:featuredmedia":[{"embeddable":true,"href":"https:\/\/eldigitaldeasturias.com\/magazine365\/wp-json\/wp\/v2\/media\/62976"}],"wp:attachment":[{"href":"https:\/\/eldigitaldeasturias.com\/magazine365\/wp-json\/wp\/v2\/media?parent=62975"}],"wp:term":[{"taxonomy":"category","embeddable":true,"href":"https:\/\/eldigitaldeasturias.com\/magazine365\/wp-json\/wp\/v2\/categories?post=62975"},{"taxonomy":"post_tag","embeddable":true,"href":"https:\/\/eldigitaldeasturias.com\/magazine365\/wp-json\/wp\/v2\/tags?post=62975"}],"curies":[{"name":"wp","href":"https:\/\/api.w.org\/{rel}","templated":true}]}}