{"id":62954,"date":"2016-02-05T04:03:36","date_gmt":"2016-02-05T03:03:36","guid":{"rendered":"http:\/\/eldigitaldeasturias.com\/magazine365\/?p=62954"},"modified":"2016-02-05T04:03:36","modified_gmt":"2016-02-05T03:03:36","slug":"apartur-cree-que-los-pisos-turisticos-no-suben-el-precio-del-alquiler-en-barcelona","status":"publish","type":"post","link":"https:\/\/eldigitaldeasturias.com\/magazine365\/apartur-cree-que-los-pisos-turisticos-no-suben-el-precio-del-alquiler-en-barcelona\/","title":{"rendered":"Apartur cree que los pisos tur\u00edsticos no suben el precio del alquiler en Barcelona"},"content":{"rendered":"<p><img fetchpriority=\"high\" decoding=\"async\" class=\"alignleft size-medium wp-image-62955\" src=\"https:\/\/eldigitaldeasturias.com\/magazine365\/wp-content\/uploads\/2016\/02\/fotonoticia_20160201142532_800-360x270.jpg\" alt=\"fotonoticia_20160201142532_800\" width=\"360\" height=\"270\" srcset=\"https:\/\/eldigitaldeasturias.com\/magazine365\/wp-content\/uploads\/2016\/02\/fotonoticia_20160201142532_800-360x270.jpg 360w, https:\/\/eldigitaldeasturias.com\/magazine365\/wp-content\/uploads\/2016\/02\/fotonoticia_20160201142532_800-650x488.jpg 650w, https:\/\/eldigitaldeasturias.com\/magazine365\/wp-content\/uploads\/2016\/02\/fotonoticia_20160201142532_800-768x576.jpg 768w, https:\/\/eldigitaldeasturias.com\/magazine365\/wp-content\/uploads\/2016\/02\/fotonoticia_20160201142532_800-150x113.jpg 150w, https:\/\/eldigitaldeasturias.com\/magazine365\/wp-content\/uploads\/2016\/02\/fotonoticia_20160201142532_800-450x338.jpg 450w, https:\/\/eldigitaldeasturias.com\/magazine365\/wp-content\/uploads\/2016\/02\/fotonoticia_20160201142532_800-80x60.jpg 80w, https:\/\/eldigitaldeasturias.com\/magazine365\/wp-content\/uploads\/2016\/02\/fotonoticia_20160201142532_800-265x198.jpg 265w, https:\/\/eldigitaldeasturias.com\/magazine365\/wp-content\/uploads\/2016\/02\/fotonoticia_20160201142532_800-696x522.jpg 696w, https:\/\/eldigitaldeasturias.com\/magazine365\/wp-content\/uploads\/2016\/02\/fotonoticia_20160201142532_800-560x420.jpg 560w, https:\/\/eldigitaldeasturias.com\/magazine365\/wp-content\/uploads\/2016\/02\/fotonoticia_20160201142532_800-90x67.jpg 90w, https:\/\/eldigitaldeasturias.com\/magazine365\/wp-content\/uploads\/2016\/02\/fotonoticia_20160201142532_800-164x124.jpg 164w, https:\/\/eldigitaldeasturias.com\/magazine365\/wp-content\/uploads\/2016\/02\/fotonoticia_20160201142532_800-100x75.jpg 100w, https:\/\/eldigitaldeasturias.com\/magazine365\/wp-content\/uploads\/2016\/02\/fotonoticia_20160201142532_800.jpg 800w\" sizes=\"(max-width: 360px) 100vw, 360px\" \/>La Asociaci\u00f3n de Apartamentos Tur\u00edsticos de Barcelona (Apartur) ha considerado este lunes que la subida del precio del alquiler no est\u00e1 causada por las viviendas de uso tur\u00edstico (HUT en sus siglas en catal\u00e1n), usando datos del Ayuntamiento de Barcelona para justificarlo.<\/p>\n<p>\u00abDel mismo modo que antes los 9.606 HUT no fueron la causa de la bajada del 16% del parque de 830.000 hogares de Barcelona, no son ahora la causa del aumento del 15%\u00bb, ha se\u00f1alado el presidente de Apartur, Enrique Alc\u00e1ntara, en un comunicado.<\/p>\n<p>Apartur ha explicado que entre 2008 y 2014 el precio del alquiler ha ca\u00eddo de forma sostenida en Barcelona y por otro lado, ha aumentado el de HUT.<\/p>\n<p>La asociaci\u00f3n ha aseverado que tras la moratoria y prohibici\u00f3n sobre la concesi\u00f3n de nuevas licencias a HUT, el precio del alquiler se ha ido recuperando, dispar\u00e1ndose en el 2015.<\/p>\n<p>Por ello, han pedido m\u00e1ximo rigor para \u00abanalizar los datos y tomar decisiones\u00bb y que estas no perjudiquen a empresas y profesionales del sector, ya que consideran el turismo como b\u00e1sico para Barcelona.<\/p>\n<p>\u00abTenemos que regular buscando el equilibrio entre calidad de vida de los ciudadanos y la seguridad jur\u00eddica de un sector estrat\u00e9gico que genera miles de empleos, paga impuestos y es clave en la recuperaci\u00f3n econ\u00f3mica de Barcelona\u00bb, ha manifestado Alc\u00e1ntara.<\/p>\n<p>La asociaci\u00f3n ha instado al consistorio a \u00abplanificar y desarrollar un buen programa de hogares sociales\u00bb para garantizar el hogar para aquellos m\u00e1s necesitados, y creen que la recaudaci\u00f3n de la tasa tur\u00edstica de los HUT se podr\u00eda destinar a ello.<\/p>\n","protected":false},"excerpt":{"rendered":"<p>La Asociaci\u00f3n de Apartamentos Tur\u00edsticos de Barcelona (Apartur) ha considerado este lunes que la subida del precio del alquiler no est\u00e1 causada por las viviendas de uso tur\u00edstico (HUT en sus siglas en catal\u00e1n), usando datos del Ayuntamiento de Barcelona para justificarlo. \u00abDel mismo modo que antes los 9.606 HUT no fueron la causa de<\/p>\n","protected":false},"author":1,"featured_media":62955,"comment_status":"open","ping_status":"closed","sticky":false,"template":"","format":"standard","meta":{"footnotes":""},"categories":[224],"tags":[],"class_list":{"0":"post-62954","1":"post","2":"type-post","3":"status-publish","4":"format-standard","5":"has-post-thumbnail","7":"category-noticias-actualidad"},"aioseo_notices":[],"aioseo_head":"\n\t\t<!-- All in One SEO Pro 4.9.6.1 - aioseo.com -->\n\t<meta name=\"description\" content=\"La Asociaci\u00f3n de Apartamentos Tur\u00edsticos de Barcelona (Apartur) ha considerado este lunes que la subida del precio del alquiler no est\u00e1 causada por las viviendas de uso tur\u00edstico (HUT en sus siglas en catal\u00e1n), usando datos del Ayuntamiento de Barcelona para justificarlo. &quot;Del mismo modo que antes los 9.606 HUT no fueron la causa de\" \/>\n\t<meta name=\"robots\" content=\"max-image-preview:large\" \/>\n\t<meta name=\"author\" content=\"admin\"\/>\n\t<meta name=\"google-site-verification\" content=\"UA-38556648-1\" \/>\n\t<meta name=\"keywords\" content=\"noticias y actualidad\" \/>\n\t<link rel=\"canonical\" href=\"https:\/\/eldigitaldeasturias.com\/magazine365\/apartur-cree-que-los-pisos-turisticos-no-suben-el-precio-del-alquiler-en-barcelona\/\" \/>\n\t<meta name=\"generator\" content=\"All in One SEO Pro (AIOSEO) 4.9.6.1\" \/>\n\t\t<meta property=\"og:locale\" content=\"es_ES\" \/>\n\t\t<meta property=\"og:site_name\" content=\"El Digital de Asturias \u2013 Revista de ocio, turismo y estilo de vida\" \/>\n\t\t<meta property=\"og:type\" content=\"article\" \/>\n\t\t<meta property=\"og:title\" content=\"Apartur cree que los pisos tur\u00edsticos no suben el precio del alquiler en Barcelona | El Digital de Asturias\" \/>\n\t\t<meta property=\"og:description\" content=\"La Asociaci\u00f3n de Apartamentos Tur\u00edsticos de Barcelona (Apartur) ha considerado este lunes que la subida del precio del alquiler no est\u00e1 causada por las viviendas de uso tur\u00edstico (HUT en sus siglas en catal\u00e1n), usando datos del Ayuntamiento de Barcelona para justificarlo. &quot;Del mismo modo que antes los 9.606 HUT no fueron la causa de\" \/>\n\t\t<meta property=\"og:url\" content=\"https:\/\/eldigitaldeasturias.com\/magazine365\/apartur-cree-que-los-pisos-turisticos-no-suben-el-precio-del-alquiler-en-barcelona\/\" \/>\n\t\t<meta property=\"og:image\" content=\"https:\/\/eldigitaldeasturias.com\/magazine365\/wp-content\/uploads\/2016\/02\/fotonoticia_20160201142532_800.jpg\" \/>\n\t\t<meta property=\"og:image:secure_url\" content=\"https:\/\/eldigitaldeasturias.com\/magazine365\/wp-content\/uploads\/2016\/02\/fotonoticia_20160201142532_800.jpg\" \/>\n\t\t<meta property=\"og:image:width\" content=\"800\" \/>\n\t\t<meta property=\"og:image:height\" content=\"600\" \/>\n\t\t<meta property=\"article:published_time\" content=\"2016-02-05T03:03:36+00:00\" \/>\n\t\t<meta property=\"article:modified_time\" content=\"2016-02-05T03:03:36+00:00\" \/>\n\t\t<meta name=\"twitter:card\" content=\"summary_large_image\" \/>\n\t\t<meta name=\"twitter:title\" content=\"Apartur cree que los pisos tur\u00edsticos no suben el precio del alquiler en Barcelona | El Digital de Asturias\" \/>\n\t\t<meta name=\"twitter:description\" content=\"La Asociaci\u00f3n de Apartamentos Tur\u00edsticos de Barcelona (Apartur) ha considerado este lunes que la subida del precio del alquiler no est\u00e1 causada por las viviendas de uso tur\u00edstico (HUT en sus siglas en catal\u00e1n), usando datos del Ayuntamiento de Barcelona para justificarlo. &quot;Del mismo modo que antes los 9.606 HUT no fueron la causa de\" \/>\n\t\t<meta name=\"twitter:image\" content=\"https:\/\/eldigitaldeasturias.com\/magazine365\/wp-content\/uploads\/2016\/02\/fotonoticia_20160201142532_800.jpg\" \/>\n\t\t<script type=\"application\/ld+json\" class=\"aioseo-schema\">\n\t\t\t{\"@context\":\"https:\\\/\\\/schema.org\",\"@graph\":[{\"@type\":\"Article\",\"@id\":\"https:\\\/\\\/eldigitaldeasturias.com\\\/magazine365\\\/apartur-cree-que-los-pisos-turisticos-no-suben-el-precio-del-alquiler-en-barcelona\\\/#article\",\"name\":\"Apartur cree que los pisos tur\\u00edsticos no suben el precio del alquiler en Barcelona | El Digital de Asturias\",\"headline\":\"Apartur cree que los pisos tur\\u00edsticos no suben el precio del alquiler en Barcelona\",\"author\":{\"@id\":\"https:\\\/\\\/eldigitaldeasturias.com\\\/magazine365\\\/author\\\/admin\\\/#author\"},\"publisher\":{\"@id\":\"https:\\\/\\\/eldigitaldeasturias.com\\\/magazine365\\\/#organization\"},\"image\":{\"@type\":\"ImageObject\",\"url\":\"https:\\\/\\\/eldigitaldeasturias.com\\\/magazine365\\\/wp-content\\\/uploads\\\/2016\\\/02\\\/fotonoticia_20160201142532_800.jpg\",\"width\":800,\"height\":600},\"datePublished\":\"2016-02-05T04:03:36+01:00\",\"dateModified\":\"2016-02-05T04:03:36+01:00\",\"inLanguage\":\"es-ES\",\"mainEntityOfPage\":{\"@id\":\"https:\\\/\\\/eldigitaldeasturias.com\\\/magazine365\\\/apartur-cree-que-los-pisos-turisticos-no-suben-el-precio-del-alquiler-en-barcelona\\\/#webpage\"},\"isPartOf\":{\"@id\":\"https:\\\/\\\/eldigitaldeasturias.com\\\/magazine365\\\/apartur-cree-que-los-pisos-turisticos-no-suben-el-precio-del-alquiler-en-barcelona\\\/#webpage\"},\"articleSection\":\"Noticias y Actualidad\"},{\"@type\":\"BreadcrumbList\",\"@id\":\"https:\\\/\\\/eldigitaldeasturias.com\\\/magazine365\\\/apartur-cree-que-los-pisos-turisticos-no-suben-el-precio-del-alquiler-en-barcelona\\\/#breadcrumblist\",\"itemListElement\":[{\"@type\":\"ListItem\",\"@id\":\"https:\\\/\\\/eldigitaldeasturias.com\\\/magazine365#listItem\",\"position\":1,\"name\":\"Home\",\"item\":\"https:\\\/\\\/eldigitaldeasturias.com\\\/magazine365\",\"nextItem\":{\"@type\":\"ListItem\",\"@id\":\"https:\\\/\\\/eldigitaldeasturias.com\\\/magazine365\\\/category\\\/noticias-actualidad\\\/#listItem\",\"name\":\"Noticias y Actualidad\"}},{\"@type\":\"ListItem\",\"@id\":\"https:\\\/\\\/eldigitaldeasturias.com\\\/magazine365\\\/category\\\/noticias-actualidad\\\/#listItem\",\"position\":2,\"name\":\"Noticias y Actualidad\",\"item\":\"https:\\\/\\\/eldigitaldeasturias.com\\\/magazine365\\\/category\\\/noticias-actualidad\\\/\",\"nextItem\":{\"@type\":\"ListItem\",\"@id\":\"https:\\\/\\\/eldigitaldeasturias.com\\\/magazine365\\\/apartur-cree-que-los-pisos-turisticos-no-suben-el-precio-del-alquiler-en-barcelona\\\/#listItem\",\"name\":\"Apartur cree que los pisos tur\\u00edsticos no suben el precio del alquiler en Barcelona\"},\"previousItem\":{\"@type\":\"ListItem\",\"@id\":\"https:\\\/\\\/eldigitaldeasturias.com\\\/magazine365#listItem\",\"name\":\"Home\"}},{\"@type\":\"ListItem\",\"@id\":\"https:\\\/\\\/eldigitaldeasturias.com\\\/magazine365\\\/apartur-cree-que-los-pisos-turisticos-no-suben-el-precio-del-alquiler-en-barcelona\\\/#listItem\",\"position\":3,\"name\":\"Apartur cree que los pisos tur\\u00edsticos no suben el precio del alquiler en Barcelona\",\"previousItem\":{\"@type\":\"ListItem\",\"@id\":\"https:\\\/\\\/eldigitaldeasturias.com\\\/magazine365\\\/category\\\/noticias-actualidad\\\/#listItem\",\"name\":\"Noticias y Actualidad\"}}]},{\"@type\":\"Organization\",\"@id\":\"https:\\\/\\\/eldigitaldeasturias.com\\\/magazine365\\\/#organization\",\"name\":\"El digital de Asturias\",\"description\":\"Revista de ocio, turismo y estilo de vida\",\"url\":\"https:\\\/\\\/eldigitaldeasturias.com\\\/magazine365\\\/\",\"logo\":{\"@type\":\"ImageObject\",\"url\":\"https:\\\/\\\/www.eldigitaldeasturias.com\\\/noticias\\\/wp-content\\\/uploads\\\/2020\\\/12\\\/EDA.jpg\",\"@id\":\"https:\\\/\\\/eldigitaldeasturias.com\\\/magazine365\\\/apartur-cree-que-los-pisos-turisticos-no-suben-el-precio-del-alquiler-en-barcelona\\\/#organizationLogo\"},\"image\":{\"@id\":\"https:\\\/\\\/eldigitaldeasturias.com\\\/magazine365\\\/apartur-cree-que-los-pisos-turisticos-no-suben-el-precio-del-alquiler-en-barcelona\\\/#organizationLogo\"}},{\"@type\":\"Person\",\"@id\":\"https:\\\/\\\/eldigitaldeasturias.com\\\/magazine365\\\/author\\\/admin\\\/#author\",\"url\":\"https:\\\/\\\/eldigitaldeasturias.com\\\/magazine365\\\/author\\\/admin\\\/\",\"name\":\"admin\",\"image\":{\"@type\":\"ImageObject\",\"@id\":\"https:\\\/\\\/eldigitaldeasturias.com\\\/magazine365\\\/apartur-cree-que-los-pisos-turisticos-no-suben-el-precio-del-alquiler-en-barcelona\\\/#authorImage\",\"url\":\"https:\\\/\\\/eldigitaldeasturias.com\\\/magazine365\\\/wp-content\\\/litespeed\\\/avatar\\\/e571bcf59a0edd6fa6838245a470f2fe.jpg?ver=1776969259\",\"width\":96,\"height\":96,\"caption\":\"admin\"}},{\"@type\":\"WebPage\",\"@id\":\"https:\\\/\\\/eldigitaldeasturias.com\\\/magazine365\\\/apartur-cree-que-los-pisos-turisticos-no-suben-el-precio-del-alquiler-en-barcelona\\\/#webpage\",\"url\":\"https:\\\/\\\/eldigitaldeasturias.com\\\/magazine365\\\/apartur-cree-que-los-pisos-turisticos-no-suben-el-precio-del-alquiler-en-barcelona\\\/\",\"name\":\"Apartur cree que los pisos tur\\u00edsticos no suben el precio del alquiler en Barcelona | El Digital de Asturias\",\"description\":\"La Asociaci\\u00f3n de Apartamentos Tur\\u00edsticos de Barcelona (Apartur) ha considerado este lunes que la subida del precio del alquiler no est\\u00e1 causada por las viviendas de uso tur\\u00edstico (HUT en sus siglas en catal\\u00e1n), usando datos del Ayuntamiento de Barcelona para justificarlo. \\\"Del mismo modo que antes los 9.606 HUT no fueron la causa de\",\"inLanguage\":\"es-ES\",\"isPartOf\":{\"@id\":\"https:\\\/\\\/eldigitaldeasturias.com\\\/magazine365\\\/#website\"},\"breadcrumb\":{\"@id\":\"https:\\\/\\\/eldigitaldeasturias.com\\\/magazine365\\\/apartur-cree-que-los-pisos-turisticos-no-suben-el-precio-del-alquiler-en-barcelona\\\/#breadcrumblist\"},\"author\":{\"@id\":\"https:\\\/\\\/eldigitaldeasturias.com\\\/magazine365\\\/author\\\/admin\\\/#author\"},\"creator\":{\"@id\":\"https:\\\/\\\/eldigitaldeasturias.com\\\/magazine365\\\/author\\\/admin\\\/#author\"},\"image\":{\"@type\":\"ImageObject\",\"url\":\"https:\\\/\\\/eldigitaldeasturias.com\\\/magazine365\\\/wp-content\\\/uploads\\\/2016\\\/02\\\/fotonoticia_20160201142532_800.jpg\",\"@id\":\"https:\\\/\\\/eldigitaldeasturias.com\\\/magazine365\\\/apartur-cree-que-los-pisos-turisticos-no-suben-el-precio-del-alquiler-en-barcelona\\\/#mainImage\",\"width\":800,\"height\":600},\"primaryImageOfPage\":{\"@id\":\"https:\\\/\\\/eldigitaldeasturias.com\\\/magazine365\\\/apartur-cree-que-los-pisos-turisticos-no-suben-el-precio-del-alquiler-en-barcelona\\\/#mainImage\"},\"datePublished\":\"2016-02-05T04:03:36+01:00\",\"dateModified\":\"2016-02-05T04:03:36+01:00\"},{\"@type\":\"WebSite\",\"@id\":\"https:\\\/\\\/eldigitaldeasturias.com\\\/magazine365\\\/#website\",\"url\":\"https:\\\/\\\/eldigitaldeasturias.com\\\/magazine365\\\/\",\"name\":\"El Digital de Asturias\",\"description\":\"Revista de ocio, turismo y estilo de vida\",\"inLanguage\":\"es-ES\",\"publisher\":{\"@id\":\"https:\\\/\\\/eldigitaldeasturias.com\\\/magazine365\\\/#organization\"}}]}\n\t\t<\/script>\n\t\t<!-- All in One SEO Pro -->\r\n\t\t<title>Apartur cree que los pisos tur\u00edsticos no suben el precio del alquiler en Barcelona | El Digital de Asturias<\/title>\n\n","aioseo_head_json":{"title":"Apartur cree que los pisos tur\u00edsticos no suben el precio del alquiler en Barcelona | El Digital de Asturias","description":"La Asociaci\u00f3n de Apartamentos Tur\u00edsticos de Barcelona (Apartur) ha considerado este lunes que la subida del precio del alquiler no est\u00e1 causada por las viviendas de uso tur\u00edstico (HUT en sus siglas en catal\u00e1n), usando datos del Ayuntamiento de Barcelona para justificarlo. \"Del mismo modo que antes los 9.606 HUT no fueron la causa de","canonical_url":"https:\/\/eldigitaldeasturias.com\/magazine365\/apartur-cree-que-los-pisos-turisticos-no-suben-el-precio-del-alquiler-en-barcelona\/","robots":"max-image-preview:large","keywords":"noticias y actualidad","webmasterTools":{"google-site-verification":"UA-38556648-1","miscellaneous":""},"schema":{"@context":"https:\/\/schema.org","@graph":[{"@type":"Article","@id":"https:\/\/eldigitaldeasturias.com\/magazine365\/apartur-cree-que-los-pisos-turisticos-no-suben-el-precio-del-alquiler-en-barcelona\/#article","name":"Apartur cree que los pisos tur\u00edsticos no suben el precio del alquiler en Barcelona | El Digital de Asturias","headline":"Apartur cree que los pisos tur\u00edsticos no suben el precio del alquiler en Barcelona","author":{"@id":"https:\/\/eldigitaldeasturias.com\/magazine365\/author\/admin\/#author"},"publisher":{"@id":"https:\/\/eldigitaldeasturias.com\/magazine365\/#organization"},"image":{"@type":"ImageObject","url":"https:\/\/eldigitaldeasturias.com\/magazine365\/wp-content\/uploads\/2016\/02\/fotonoticia_20160201142532_800.jpg","width":800,"height":600},"datePublished":"2016-02-05T04:03:36+01:00","dateModified":"2016-02-05T04:03:36+01:00","inLanguage":"es-ES","mainEntityOfPage":{"@id":"https:\/\/eldigitaldeasturias.com\/magazine365\/apartur-cree-que-los-pisos-turisticos-no-suben-el-precio-del-alquiler-en-barcelona\/#webpage"},"isPartOf":{"@id":"https:\/\/eldigitaldeasturias.com\/magazine365\/apartur-cree-que-los-pisos-turisticos-no-suben-el-precio-del-alquiler-en-barcelona\/#webpage"},"articleSection":"Noticias y Actualidad"},{"@type":"BreadcrumbList","@id":"https:\/\/eldigitaldeasturias.com\/magazine365\/apartur-cree-que-los-pisos-turisticos-no-suben-el-precio-del-alquiler-en-barcelona\/#breadcrumblist","itemListElement":[{"@type":"ListItem","@id":"https:\/\/eldigitaldeasturias.com\/magazine365#listItem","position":1,"name":"Home","item":"https:\/\/eldigitaldeasturias.com\/magazine365","nextItem":{"@type":"ListItem","@id":"https:\/\/eldigitaldeasturias.com\/magazine365\/category\/noticias-actualidad\/#listItem","name":"Noticias y Actualidad"}},{"@type":"ListItem","@id":"https:\/\/eldigitaldeasturias.com\/magazine365\/category\/noticias-actualidad\/#listItem","position":2,"name":"Noticias y Actualidad","item":"https:\/\/eldigitaldeasturias.com\/magazine365\/category\/noticias-actualidad\/","nextItem":{"@type":"ListItem","@id":"https:\/\/eldigitaldeasturias.com\/magazine365\/apartur-cree-que-los-pisos-turisticos-no-suben-el-precio-del-alquiler-en-barcelona\/#listItem","name":"Apartur cree que los pisos tur\u00edsticos no suben el precio del alquiler en Barcelona"},"previousItem":{"@type":"ListItem","@id":"https:\/\/eldigitaldeasturias.com\/magazine365#listItem","name":"Home"}},{"@type":"ListItem","@id":"https:\/\/eldigitaldeasturias.com\/magazine365\/apartur-cree-que-los-pisos-turisticos-no-suben-el-precio-del-alquiler-en-barcelona\/#listItem","position":3,"name":"Apartur cree que los pisos tur\u00edsticos no suben el precio del alquiler en Barcelona","previousItem":{"@type":"ListItem","@id":"https:\/\/eldigitaldeasturias.com\/magazine365\/category\/noticias-actualidad\/#listItem","name":"Noticias y Actualidad"}}]},{"@type":"Organization","@id":"https:\/\/eldigitaldeasturias.com\/magazine365\/#organization","name":"El digital de Asturias","description":"Revista de ocio, turismo y estilo de vida","url":"https:\/\/eldigitaldeasturias.com\/magazine365\/","logo":{"@type":"ImageObject","url":"https:\/\/www.eldigitaldeasturias.com\/noticias\/wp-content\/uploads\/2020\/12\/EDA.jpg","@id":"https:\/\/eldigitaldeasturias.com\/magazine365\/apartur-cree-que-los-pisos-turisticos-no-suben-el-precio-del-alquiler-en-barcelona\/#organizationLogo"},"image":{"@id":"https:\/\/eldigitaldeasturias.com\/magazine365\/apartur-cree-que-los-pisos-turisticos-no-suben-el-precio-del-alquiler-en-barcelona\/#organizationLogo"}},{"@type":"Person","@id":"https:\/\/eldigitaldeasturias.com\/magazine365\/author\/admin\/#author","url":"https:\/\/eldigitaldeasturias.com\/magazine365\/author\/admin\/","name":"admin","image":{"@type":"ImageObject","@id":"https:\/\/eldigitaldeasturias.com\/magazine365\/apartur-cree-que-los-pisos-turisticos-no-suben-el-precio-del-alquiler-en-barcelona\/#authorImage","url":"https:\/\/eldigitaldeasturias.com\/magazine365\/wp-content\/litespeed\/avatar\/e571bcf59a0edd6fa6838245a470f2fe.jpg?ver=1776969259","width":96,"height":96,"caption":"admin"}},{"@type":"WebPage","@id":"https:\/\/eldigitaldeasturias.com\/magazine365\/apartur-cree-que-los-pisos-turisticos-no-suben-el-precio-del-alquiler-en-barcelona\/#webpage","url":"https:\/\/eldigitaldeasturias.com\/magazine365\/apartur-cree-que-los-pisos-turisticos-no-suben-el-precio-del-alquiler-en-barcelona\/","name":"Apartur cree que los pisos tur\u00edsticos no suben el precio del alquiler en Barcelona | El Digital de Asturias","description":"La Asociaci\u00f3n de Apartamentos Tur\u00edsticos de Barcelona (Apartur) ha considerado este lunes que la subida del precio del alquiler no est\u00e1 causada por las viviendas de uso tur\u00edstico (HUT en sus siglas en catal\u00e1n), usando datos del Ayuntamiento de Barcelona para justificarlo. \"Del mismo modo que antes los 9.606 HUT no fueron la causa de","inLanguage":"es-ES","isPartOf":{"@id":"https:\/\/eldigitaldeasturias.com\/magazine365\/#website"},"breadcrumb":{"@id":"https:\/\/eldigitaldeasturias.com\/magazine365\/apartur-cree-que-los-pisos-turisticos-no-suben-el-precio-del-alquiler-en-barcelona\/#breadcrumblist"},"author":{"@id":"https:\/\/eldigitaldeasturias.com\/magazine365\/author\/admin\/#author"},"creator":{"@id":"https:\/\/eldigitaldeasturias.com\/magazine365\/author\/admin\/#author"},"image":{"@type":"ImageObject","url":"https:\/\/eldigitaldeasturias.com\/magazine365\/wp-content\/uploads\/2016\/02\/fotonoticia_20160201142532_800.jpg","@id":"https:\/\/eldigitaldeasturias.com\/magazine365\/apartur-cree-que-los-pisos-turisticos-no-suben-el-precio-del-alquiler-en-barcelona\/#mainImage","width":800,"height":600},"primaryImageOfPage":{"@id":"https:\/\/eldigitaldeasturias.com\/magazine365\/apartur-cree-que-los-pisos-turisticos-no-suben-el-precio-del-alquiler-en-barcelona\/#mainImage"},"datePublished":"2016-02-05T04:03:36+01:00","dateModified":"2016-02-05T04:03:36+01:00"},{"@type":"WebSite","@id":"https:\/\/eldigitaldeasturias.com\/magazine365\/#website","url":"https:\/\/eldigitaldeasturias.com\/magazine365\/","name":"El Digital de Asturias","description":"Revista de ocio, turismo y estilo de vida","inLanguage":"es-ES","publisher":{"@id":"https:\/\/eldigitaldeasturias.com\/magazine365\/#organization"}}]},"og:locale":"es_ES","og:site_name":"El Digital de Asturias \u2013 Revista de ocio, turismo y estilo de vida","og:type":"article","og:title":"Apartur cree que los pisos tur\u00edsticos no suben el precio del alquiler en Barcelona | El Digital de Asturias","og:description":"La Asociaci\u00f3n de Apartamentos Tur\u00edsticos de Barcelona (Apartur) ha considerado este lunes que la subida del precio del alquiler no est\u00e1 causada por las viviendas de uso tur\u00edstico (HUT en sus siglas en catal\u00e1n), usando datos del Ayuntamiento de Barcelona para justificarlo. &quot;Del mismo modo que antes los 9.606 HUT no fueron la causa de","og:url":"https:\/\/eldigitaldeasturias.com\/magazine365\/apartur-cree-que-los-pisos-turisticos-no-suben-el-precio-del-alquiler-en-barcelona\/","og:image":"https:\/\/eldigitaldeasturias.com\/magazine365\/wp-content\/uploads\/2016\/02\/fotonoticia_20160201142532_800.jpg","og:image:secure_url":"https:\/\/eldigitaldeasturias.com\/magazine365\/wp-content\/uploads\/2016\/02\/fotonoticia_20160201142532_800.jpg","og:image:width":800,"og:image:height":600,"article:published_time":"2016-02-05T03:03:36+00:00","article:modified_time":"2016-02-05T03:03:36+00:00","twitter:card":"summary_large_image","twitter:title":"Apartur cree que los pisos tur\u00edsticos no suben el precio del alquiler en Barcelona | El Digital de Asturias","twitter:description":"La Asociaci\u00f3n de Apartamentos Tur\u00edsticos de Barcelona (Apartur) ha considerado este lunes que la subida del precio del alquiler no est\u00e1 causada por las viviendas de uso tur\u00edstico (HUT en sus siglas en catal\u00e1n), usando datos del Ayuntamiento de Barcelona para justificarlo. &quot;Del mismo modo que antes los 9.606 HUT no fueron la causa de","twitter:image":"https:\/\/eldigitaldeasturias.com\/magazine365\/wp-content\/uploads\/2016\/02\/fotonoticia_20160201142532_800.jpg"},"aioseo_meta_data":{"post_id":"62954","title":null,"description":null,"keywords":null,"keyphrases":null,"primary_term":null,"canonical_url":null,"og_title":null,"og_description":null,"og_object_type":"default","og_image_type":"default","og_image_url":null,"og_image_width":null,"og_image_height":null,"og_image_custom_url":null,"og_image_custom_fields":null,"og_video":null,"og_custom_url":null,"og_article_section":null,"og_article_tags":null,"twitter_use_og":false,"twitter_card":"default","twitter_image_type":"default","twitter_image_url":null,"twitter_image_custom_url":null,"twitter_image_custom_fields":null,"twitter_title":null,"twitter_description":null,"schema":{"blockGraphs":[],"customGraphs":[],"default":{"data":{"Article":[],"Course":[],"Dataset":[],"FAQPage":[],"Movie":[],"Person":[],"Product":[],"ProductReview":[],"Car":[],"Recipe":[],"Service":[],"SoftwareApplication":[],"WebPage":[]},"graphName":"","isEnabled":true},"graphs":[],"defaultGraph":"","defaultPostTypeGraph":""},"schema_type":null,"schema_type_options":null,"pillar_content":false,"robots_default":true,"robots_noindex":false,"robots_noarchive":false,"robots_nosnippet":false,"robots_nofollow":false,"robots_noimageindex":false,"robots_noodp":false,"robots_notranslate":false,"robots_max_snippet":null,"robots_max_videopreview":null,"robots_max_imagepreview":"large","priority":null,"frequency":null,"location":null,"local_seo":null,"seo_analyzer_scan_date":"2025-09-25 12:12:59","breadcrumb_settings":null,"limit_modified_date":false,"open_ai":null,"ai":null,"created":"2021-03-08 21:28:43","updated":"2025-09-25 12:13:00"},"aioseo_breadcrumb":"<div class=\"aioseo-breadcrumbs\"><span class=\"aioseo-breadcrumb\">\n\t<a href=\"https:\/\/eldigitaldeasturias.com\/magazine365\" title=\"Home\">Home<\/a>\n<\/span><span class=\"aioseo-breadcrumb-separator\">\u2013<\/span><span class=\"aioseo-breadcrumb\">\n\t<a href=\"https:\/\/eldigitaldeasturias.com\/magazine365\/category\/noticias-actualidad\/\" title=\"Noticias y Actualidad\">Noticias y Actualidad<\/a>\n<\/span><span class=\"aioseo-breadcrumb-separator\">\u2013<\/span><span class=\"aioseo-breadcrumb\">\n\t<a href=\"https:\/\/eldigitaldeasturias.com\/magazine365\/apartur-cree-que-los-pisos-turisticos-no-suben-el-precio-del-alquiler-en-barcelona\/\" title=\"Apartur cree que los pisos tur\u00edsticos no suben el precio del alquiler en Barcelona\">Apartur cree que los pisos tur\u00edsticos no suben el precio del alquiler en Barcelona<\/a>\n<\/span><\/div>","aioseo_breadcrumb_json":[{"label":"Home","link":"https:\/\/eldigitaldeasturias.com\/magazine365"},{"label":"Noticias y Actualidad","link":"https:\/\/eldigitaldeasturias.com\/magazine365\/category\/noticias-actualidad\/"},{"label":"Apartur cree que los pisos tur\u00edsticos no suben el precio del alquiler en Barcelona","link":"https:\/\/eldigitaldeasturias.com\/magazine365\/apartur-cree-que-los-pisos-turisticos-no-suben-el-precio-del-alquiler-en-barcelona\/"}],"_links":{"self":[{"href":"https:\/\/eldigitaldeasturias.com\/magazine365\/wp-json\/wp\/v2\/posts\/62954","targetHints":{"allow":["GET"]}}],"collection":[{"href":"https:\/\/eldigitaldeasturias.com\/magazine365\/wp-json\/wp\/v2\/posts"}],"about":[{"href":"https:\/\/eldigitaldeasturias.com\/magazine365\/wp-json\/wp\/v2\/types\/post"}],"author":[{"embeddable":true,"href":"https:\/\/eldigitaldeasturias.com\/magazine365\/wp-json\/wp\/v2\/users\/1"}],"replies":[{"embeddable":true,"href":"https:\/\/eldigitaldeasturias.com\/magazine365\/wp-json\/wp\/v2\/comments?post=62954"}],"version-history":[{"count":0,"href":"https:\/\/eldigitaldeasturias.com\/magazine365\/wp-json\/wp\/v2\/posts\/62954\/revisions"}],"wp:featuredmedia":[{"embeddable":true,"href":"https:\/\/eldigitaldeasturias.com\/magazine365\/wp-json\/wp\/v2\/media\/62955"}],"wp:attachment":[{"href":"https:\/\/eldigitaldeasturias.com\/magazine365\/wp-json\/wp\/v2\/media?parent=62954"}],"wp:term":[{"taxonomy":"category","embeddable":true,"href":"https:\/\/eldigitaldeasturias.com\/magazine365\/wp-json\/wp\/v2\/categories?post=62954"},{"taxonomy":"post_tag","embeddable":true,"href":"https:\/\/eldigitaldeasturias.com\/magazine365\/wp-json\/wp\/v2\/tags?post=62954"}],"curies":[{"name":"wp","href":"https:\/\/api.w.org\/{rel}","templated":true}]}}