{"id":62938,"date":"2016-02-04T05:11:45","date_gmt":"2016-02-04T04:11:45","guid":{"rendered":"http:\/\/eldigitaldeasturias.com\/magazine365\/?p=62938"},"modified":"2016-02-04T05:11:45","modified_gmt":"2016-02-04T04:11:45","slug":"el-corte-ingles-celebra-el-ano-nuevo-chino-en-castellana","status":"publish","type":"post","link":"https:\/\/eldigitaldeasturias.com\/magazine365\/el-corte-ingles-celebra-el-ano-nuevo-chino-en-castellana\/","title":{"rendered":"El Corte Ingl\u00e9s celebra el A\u00f1o Nuevo Chino en Castellana"},"content":{"rendered":"<p><img fetchpriority=\"high\" decoding=\"async\" class=\"alignleft size-medium wp-image-62939\" src=\"https:\/\/eldigitaldeasturias.com\/magazine365\/wp-content\/uploads\/2016\/02\/fotonoticia_20160201141421_800-360x235.jpg\" alt=\"fotonoticia_20160201141421_800\" width=\"360\" height=\"235\" srcset=\"https:\/\/eldigitaldeasturias.com\/magazine365\/wp-content\/uploads\/2016\/02\/fotonoticia_20160201141421_800-360x235.jpg 360w, https:\/\/eldigitaldeasturias.com\/magazine365\/wp-content\/uploads\/2016\/02\/fotonoticia_20160201141421_800-650x424.jpg 650w, https:\/\/eldigitaldeasturias.com\/magazine365\/wp-content\/uploads\/2016\/02\/fotonoticia_20160201141421_800-768x501.jpg 768w, https:\/\/eldigitaldeasturias.com\/magazine365\/wp-content\/uploads\/2016\/02\/fotonoticia_20160201141421_800-150x98.jpg 150w, https:\/\/eldigitaldeasturias.com\/magazine365\/wp-content\/uploads\/2016\/02\/fotonoticia_20160201141421_800-450x294.jpg 450w, https:\/\/eldigitaldeasturias.com\/magazine365\/wp-content\/uploads\/2016\/02\/fotonoticia_20160201141421_800-696x454.jpg 696w, https:\/\/eldigitaldeasturias.com\/magazine365\/wp-content\/uploads\/2016\/02\/fotonoticia_20160201141421_800-741x486.jpg 741w, https:\/\/eldigitaldeasturias.com\/magazine365\/wp-content\/uploads\/2016\/02\/fotonoticia_20160201141421_800-644x420.jpg 644w, https:\/\/eldigitaldeasturias.com\/magazine365\/wp-content\/uploads\/2016\/02\/fotonoticia_20160201141421_800-121x79.jpg 121w, https:\/\/eldigitaldeasturias.com\/magazine365\/wp-content\/uploads\/2016\/02\/fotonoticia_20160201141421_800-101x66.jpg 101w, https:\/\/eldigitaldeasturias.com\/magazine365\/wp-content\/uploads\/2016\/02\/fotonoticia_20160201141421_800-326x213.jpg 326w, https:\/\/eldigitaldeasturias.com\/magazine365\/wp-content\/uploads\/2016\/02\/fotonoticia_20160201141421_800.jpg 800w\" sizes=\"(max-width: 360px) 100vw, 360px\" \/>&#8216;Ya es el a\u00f1o nuevo chino en el Corte Ingl\u00e9s&#8217; o al menos, en sus establecimientos de Diagonal (Barcelona) y Castellana (Madrid), donde se ha dado este lunes el pistoletazo de salida al A\u00f1o del Mono, que empieza el viernes, con un acto en el que ha participado el Embajador de China en Espa\u00f1a y en el que se ha ensalzado la importancia para el negocio de los turistas de esta nacionalidad, que ya suponen el 50% de ventas a extranjeros en este centro comercial.<\/p>\n<p>Seg\u00fan ha explicado el consejero de El Corte Ingl\u00e9s, Juan Hermoso, en el centro de Castellana la perspectiva es \u00abmejorar incluso las cifras\u00bb de clientes de nacionalidad china tanto por \u00ablas importantes pol\u00edticas de promoci\u00f3n\u00bb de la compa\u00f1\u00eda en aquel pa\u00eds, como por la pr\u00f3xima apertura de vuelos directos desde Madrid a Shangai y Hong Kong, que van acompa\u00f1ados de m\u00e1s flexibilidad en los visados.<\/p>\n<p>\u00abHa sido imprescindible su ayuda en todo este proceso\u00bb, ha dicho Hermoso al embajador chino Lyu Fan frente al almendro que se ha instalado en la primera planta del centro comercial y donde los asistentes han podido depositar sus deseos en las tradicionales cintas rojas. Hasta el 28 de febrero tambi\u00e9n los clientes podr\u00e1n hacerlo en urnas situadas ad hoc.<\/p>\n<p>Es un paso m\u00e1s en toda una serie de esfuerzos que, como ha explicado el responsable de Marketing Internacional y Turismo de El Corte Ingl\u00e9s, Javier Fern\u00e1ndez Andrino, se vienen realizando para atraer al perfil chino, que describe como \u00abel viajero m\u00e1s rentable\u00bb y como un \u00abexcelente cliente\u00bb.<\/p>\n<p>\u00abEl viajero chino tiene un circuito, se aloja en hoteles, visita los sitios t\u00edpicos, acude a teatros y a espect\u00e1culos. Desde que ponen un pie en Espa\u00f1a est\u00e1n generando ingresos\u00bb, afirma Fern\u00e1ndez Andrino. En moda apuestan por marcas de lujo y en gastronom\u00eda, por \u00abvino, aceite de oliva y jam\u00f3n\u00bb, conforme ha a\u00f1adido.<\/p>\n<p>ADAPTACI\u00d3N A UN CLIENTE QUE GANA PESO.<\/p>\n<p>Seg\u00fan ha se\u00f1alado, la clientela china comenz\u00f3 a ganar peso entre los compradores extranjeros de Castellana \u00abhace unos cuatro a\u00f1os\u00bb, cuando culmin\u00f3 la reconfiguraci\u00f3n del centro como un espacio de marcas de lujo. Los clientes chinos encuentran personal que habla su idioma en todos esos espacios, entre otras atenciones, como que se les regale el 10% de todas sus compras.<\/p>\n<p>\u00abLo que hemos hecho ha sido entenderlo, contratar equipo especializado para que vengan a Espa\u00f1a a comprar. Hemos sufrido una adaptaci\u00f3n constante y seguimos en ello cada d\u00eda. Es una clientela que conoce otras tiendas del mundo y que nos exige\u00bb, ha comentado el responsable de Marketing Internacional.<\/p>\n<p>En este sentido, cuatro blogeros de moda con miles de followers en las redes sociales chinas que han asistido a la inauguraci\u00f3n del A\u00f1o del Mono en Madrid explicaban a los medios las ventajas del formato centro comercial\/multimarca para el cliente chino, que tras horas de viaje y teniendo mucho que visitar, \u00abno tiene tiempo de ir de tienda en tienda\u00bb y prefiere encontrar \u00abtodo lo que desea en 360 grados\u00bb, no s\u00f3lo moda, tambi\u00e9n gastronom\u00eda.<\/p>\n<p>La celebraci\u00f3n del A\u00f1o del Mono se prolongar\u00e1 todo el mes de febrero, durante el que los centros de Diagonal y Castellana mantendr\u00e1n instalado un \u00e1rbol de los deseos y ofrecer\u00e1n degustaciones en sus espacios gourmet tanto de productos asi\u00e1ticos como nacionales. Adem\u00e1s, los centros de Serrano, Preciados y Serrano 52 Man (Madrid), Plaza de Catalu\u00f1a (Barcelona) y Lisboa (Portugal) estar\u00e1n decorados con motivos del a\u00f1o nuevo chino, como las flores de almendro o el color rojo.<\/p>\n","protected":false},"excerpt":{"rendered":"<p>&#8216;Ya es el a\u00f1o nuevo chino en el Corte Ingl\u00e9s&#8217; o al menos, en sus establecimientos de Diagonal (Barcelona) y Castellana (Madrid), donde se ha dado este lunes el pistoletazo de salida al A\u00f1o del Mono, que empieza el viernes, con un acto en el que ha participado el Embajador de China en Espa\u00f1a y<\/p>\n","protected":false},"author":1,"featured_media":62939,"comment_status":"open","ping_status":"closed","sticky":false,"template":"","format":"standard","meta":{"footnotes":""},"categories":[224],"tags":[],"class_list":{"0":"post-62938","1":"post","2":"type-post","3":"status-publish","4":"format-standard","5":"has-post-thumbnail","7":"category-noticias-actualidad"},"aioseo_notices":[],"aioseo_head":"\n\t\t<!-- All in One SEO Pro 4.9.6.1 - aioseo.com -->\n\t<meta name=\"description\" content=\"&#039;Ya es el a\u00f1o nuevo chino en el Corte Ingl\u00e9s&#039; o al menos, en sus establecimientos de Diagonal (Barcelona) y Castellana (Madrid), donde se ha dado este lunes el pistoletazo de salida al A\u00f1o del Mono, que empieza el viernes, con un acto en el que ha participado el Embajador de China en Espa\u00f1a y\" \/>\n\t<meta name=\"robots\" content=\"max-image-preview:large\" \/>\n\t<meta name=\"author\" content=\"admin\"\/>\n\t<meta name=\"google-site-verification\" content=\"UA-38556648-1\" \/>\n\t<meta name=\"keywords\" content=\"noticias y actualidad\" \/>\n\t<link rel=\"canonical\" href=\"https:\/\/eldigitaldeasturias.com\/magazine365\/el-corte-ingles-celebra-el-ano-nuevo-chino-en-castellana\/\" \/>\n\t<meta name=\"generator\" content=\"All in One SEO Pro (AIOSEO) 4.9.6.1\" \/>\n\t\t<meta property=\"og:locale\" content=\"es_ES\" \/>\n\t\t<meta property=\"og:site_name\" content=\"El Digital de Asturias \u2013 Revista de ocio, turismo y estilo de vida\" \/>\n\t\t<meta property=\"og:type\" content=\"article\" \/>\n\t\t<meta property=\"og:title\" content=\"El Corte Ingl\u00e9s celebra el A\u00f1o Nuevo Chino en Castellana | El Digital de Asturias\" \/>\n\t\t<meta property=\"og:description\" content=\"&#039;Ya es el a\u00f1o nuevo chino en el Corte Ingl\u00e9s&#039; o al menos, en sus establecimientos de Diagonal (Barcelona) y Castellana (Madrid), donde se ha dado este lunes el pistoletazo de salida al A\u00f1o del Mono, que empieza el viernes, con un acto en el que ha participado el Embajador de China en Espa\u00f1a y\" \/>\n\t\t<meta property=\"og:url\" content=\"https:\/\/eldigitaldeasturias.com\/magazine365\/el-corte-ingles-celebra-el-ano-nuevo-chino-en-castellana\/\" \/>\n\t\t<meta property=\"og:image\" content=\"https:\/\/eldigitaldeasturias.com\/magazine365\/wp-content\/uploads\/2016\/02\/fotonoticia_20160201141421_800.jpg\" \/>\n\t\t<meta property=\"og:image:secure_url\" content=\"https:\/\/eldigitaldeasturias.com\/magazine365\/wp-content\/uploads\/2016\/02\/fotonoticia_20160201141421_800.jpg\" \/>\n\t\t<meta property=\"og:image:width\" content=\"800\" \/>\n\t\t<meta property=\"og:image:height\" content=\"522\" \/>\n\t\t<meta property=\"article:published_time\" content=\"2016-02-04T04:11:45+00:00\" \/>\n\t\t<meta property=\"article:modified_time\" content=\"2016-02-04T04:11:45+00:00\" \/>\n\t\t<meta name=\"twitter:card\" content=\"summary_large_image\" \/>\n\t\t<meta name=\"twitter:title\" content=\"El Corte Ingl\u00e9s celebra el A\u00f1o Nuevo Chino en Castellana | El Digital de Asturias\" \/>\n\t\t<meta name=\"twitter:description\" content=\"&#039;Ya es el a\u00f1o nuevo chino en el Corte Ingl\u00e9s&#039; o al menos, en sus establecimientos de Diagonal (Barcelona) y Castellana (Madrid), donde se ha dado este lunes el pistoletazo de salida al A\u00f1o del Mono, que empieza el viernes, con un acto en el que ha participado el Embajador de China en Espa\u00f1a y\" \/>\n\t\t<meta name=\"twitter:image\" content=\"https:\/\/eldigitaldeasturias.com\/magazine365\/wp-content\/uploads\/2016\/02\/fotonoticia_20160201141421_800.jpg\" \/>\n\t\t<script type=\"application\/ld+json\" class=\"aioseo-schema\">\n\t\t\t{\"@context\":\"https:\\\/\\\/schema.org\",\"@graph\":[{\"@type\":\"Article\",\"@id\":\"https:\\\/\\\/eldigitaldeasturias.com\\\/magazine365\\\/el-corte-ingles-celebra-el-ano-nuevo-chino-en-castellana\\\/#article\",\"name\":\"El Corte Ingl\\u00e9s celebra el A\\u00f1o Nuevo Chino en Castellana | El Digital de Asturias\",\"headline\":\"El Corte Ingl\\u00e9s celebra el A\\u00f1o Nuevo Chino en Castellana\",\"author\":{\"@id\":\"https:\\\/\\\/eldigitaldeasturias.com\\\/magazine365\\\/author\\\/admin\\\/#author\"},\"publisher\":{\"@id\":\"https:\\\/\\\/eldigitaldeasturias.com\\\/magazine365\\\/#organization\"},\"image\":{\"@type\":\"ImageObject\",\"url\":\"https:\\\/\\\/eldigitaldeasturias.com\\\/magazine365\\\/wp-content\\\/uploads\\\/2016\\\/02\\\/fotonoticia_20160201141421_800.jpg\",\"width\":800,\"height\":522},\"datePublished\":\"2016-02-04T05:11:45+01:00\",\"dateModified\":\"2016-02-04T05:11:45+01:00\",\"inLanguage\":\"es-ES\",\"mainEntityOfPage\":{\"@id\":\"https:\\\/\\\/eldigitaldeasturias.com\\\/magazine365\\\/el-corte-ingles-celebra-el-ano-nuevo-chino-en-castellana\\\/#webpage\"},\"isPartOf\":{\"@id\":\"https:\\\/\\\/eldigitaldeasturias.com\\\/magazine365\\\/el-corte-ingles-celebra-el-ano-nuevo-chino-en-castellana\\\/#webpage\"},\"articleSection\":\"Noticias y Actualidad\"},{\"@type\":\"BreadcrumbList\",\"@id\":\"https:\\\/\\\/eldigitaldeasturias.com\\\/magazine365\\\/el-corte-ingles-celebra-el-ano-nuevo-chino-en-castellana\\\/#breadcrumblist\",\"itemListElement\":[{\"@type\":\"ListItem\",\"@id\":\"https:\\\/\\\/eldigitaldeasturias.com\\\/magazine365#listItem\",\"position\":1,\"name\":\"Home\",\"item\":\"https:\\\/\\\/eldigitaldeasturias.com\\\/magazine365\",\"nextItem\":{\"@type\":\"ListItem\",\"@id\":\"https:\\\/\\\/eldigitaldeasturias.com\\\/magazine365\\\/category\\\/noticias-actualidad\\\/#listItem\",\"name\":\"Noticias y Actualidad\"}},{\"@type\":\"ListItem\",\"@id\":\"https:\\\/\\\/eldigitaldeasturias.com\\\/magazine365\\\/category\\\/noticias-actualidad\\\/#listItem\",\"position\":2,\"name\":\"Noticias y Actualidad\",\"item\":\"https:\\\/\\\/eldigitaldeasturias.com\\\/magazine365\\\/category\\\/noticias-actualidad\\\/\",\"nextItem\":{\"@type\":\"ListItem\",\"@id\":\"https:\\\/\\\/eldigitaldeasturias.com\\\/magazine365\\\/el-corte-ingles-celebra-el-ano-nuevo-chino-en-castellana\\\/#listItem\",\"name\":\"El Corte Ingl\\u00e9s celebra el A\\u00f1o Nuevo Chino en Castellana\"},\"previousItem\":{\"@type\":\"ListItem\",\"@id\":\"https:\\\/\\\/eldigitaldeasturias.com\\\/magazine365#listItem\",\"name\":\"Home\"}},{\"@type\":\"ListItem\",\"@id\":\"https:\\\/\\\/eldigitaldeasturias.com\\\/magazine365\\\/el-corte-ingles-celebra-el-ano-nuevo-chino-en-castellana\\\/#listItem\",\"position\":3,\"name\":\"El Corte Ingl\\u00e9s celebra el A\\u00f1o Nuevo Chino en Castellana\",\"previousItem\":{\"@type\":\"ListItem\",\"@id\":\"https:\\\/\\\/eldigitaldeasturias.com\\\/magazine365\\\/category\\\/noticias-actualidad\\\/#listItem\",\"name\":\"Noticias y Actualidad\"}}]},{\"@type\":\"Organization\",\"@id\":\"https:\\\/\\\/eldigitaldeasturias.com\\\/magazine365\\\/#organization\",\"name\":\"El digital de Asturias\",\"description\":\"Revista de ocio, turismo y estilo de vida\",\"url\":\"https:\\\/\\\/eldigitaldeasturias.com\\\/magazine365\\\/\",\"logo\":{\"@type\":\"ImageObject\",\"url\":\"https:\\\/\\\/www.eldigitaldeasturias.com\\\/noticias\\\/wp-content\\\/uploads\\\/2020\\\/12\\\/EDA.jpg\",\"@id\":\"https:\\\/\\\/eldigitaldeasturias.com\\\/magazine365\\\/el-corte-ingles-celebra-el-ano-nuevo-chino-en-castellana\\\/#organizationLogo\"},\"image\":{\"@id\":\"https:\\\/\\\/eldigitaldeasturias.com\\\/magazine365\\\/el-corte-ingles-celebra-el-ano-nuevo-chino-en-castellana\\\/#organizationLogo\"}},{\"@type\":\"Person\",\"@id\":\"https:\\\/\\\/eldigitaldeasturias.com\\\/magazine365\\\/author\\\/admin\\\/#author\",\"url\":\"https:\\\/\\\/eldigitaldeasturias.com\\\/magazine365\\\/author\\\/admin\\\/\",\"name\":\"admin\",\"image\":{\"@type\":\"ImageObject\",\"@id\":\"https:\\\/\\\/eldigitaldeasturias.com\\\/magazine365\\\/el-corte-ingles-celebra-el-ano-nuevo-chino-en-castellana\\\/#authorImage\",\"url\":\"https:\\\/\\\/eldigitaldeasturias.com\\\/magazine365\\\/wp-content\\\/litespeed\\\/avatar\\\/e571bcf59a0edd6fa6838245a470f2fe.jpg?ver=1776969259\",\"width\":96,\"height\":96,\"caption\":\"admin\"}},{\"@type\":\"WebPage\",\"@id\":\"https:\\\/\\\/eldigitaldeasturias.com\\\/magazine365\\\/el-corte-ingles-celebra-el-ano-nuevo-chino-en-castellana\\\/#webpage\",\"url\":\"https:\\\/\\\/eldigitaldeasturias.com\\\/magazine365\\\/el-corte-ingles-celebra-el-ano-nuevo-chino-en-castellana\\\/\",\"name\":\"El Corte Ingl\\u00e9s celebra el A\\u00f1o Nuevo Chino en Castellana | El Digital de Asturias\",\"description\":\"'Ya es el a\\u00f1o nuevo chino en el Corte Ingl\\u00e9s' o al menos, en sus establecimientos de Diagonal (Barcelona) y Castellana (Madrid), donde se ha dado este lunes el pistoletazo de salida al A\\u00f1o del Mono, que empieza el viernes, con un acto en el que ha participado el Embajador de China en Espa\\u00f1a y\",\"inLanguage\":\"es-ES\",\"isPartOf\":{\"@id\":\"https:\\\/\\\/eldigitaldeasturias.com\\\/magazine365\\\/#website\"},\"breadcrumb\":{\"@id\":\"https:\\\/\\\/eldigitaldeasturias.com\\\/magazine365\\\/el-corte-ingles-celebra-el-ano-nuevo-chino-en-castellana\\\/#breadcrumblist\"},\"author\":{\"@id\":\"https:\\\/\\\/eldigitaldeasturias.com\\\/magazine365\\\/author\\\/admin\\\/#author\"},\"creator\":{\"@id\":\"https:\\\/\\\/eldigitaldeasturias.com\\\/magazine365\\\/author\\\/admin\\\/#author\"},\"image\":{\"@type\":\"ImageObject\",\"url\":\"https:\\\/\\\/eldigitaldeasturias.com\\\/magazine365\\\/wp-content\\\/uploads\\\/2016\\\/02\\\/fotonoticia_20160201141421_800.jpg\",\"@id\":\"https:\\\/\\\/eldigitaldeasturias.com\\\/magazine365\\\/el-corte-ingles-celebra-el-ano-nuevo-chino-en-castellana\\\/#mainImage\",\"width\":800,\"height\":522},\"primaryImageOfPage\":{\"@id\":\"https:\\\/\\\/eldigitaldeasturias.com\\\/magazine365\\\/el-corte-ingles-celebra-el-ano-nuevo-chino-en-castellana\\\/#mainImage\"},\"datePublished\":\"2016-02-04T05:11:45+01:00\",\"dateModified\":\"2016-02-04T05:11:45+01:00\"},{\"@type\":\"WebSite\",\"@id\":\"https:\\\/\\\/eldigitaldeasturias.com\\\/magazine365\\\/#website\",\"url\":\"https:\\\/\\\/eldigitaldeasturias.com\\\/magazine365\\\/\",\"name\":\"El Digital de Asturias\",\"description\":\"Revista de ocio, turismo y estilo de vida\",\"inLanguage\":\"es-ES\",\"publisher\":{\"@id\":\"https:\\\/\\\/eldigitaldeasturias.com\\\/magazine365\\\/#organization\"}}]}\n\t\t<\/script>\n\t\t<!-- All in One SEO Pro -->\r\n\t\t<title>El Corte Ingl\u00e9s celebra el A\u00f1o Nuevo Chino en Castellana | El Digital de Asturias<\/title>\n\n","aioseo_head_json":{"title":"El Corte Ingl\u00e9s celebra el A\u00f1o Nuevo Chino en Castellana | El Digital de Asturias","description":"'Ya es el a\u00f1o nuevo chino en el Corte Ingl\u00e9s' o al menos, en sus establecimientos de Diagonal (Barcelona) y Castellana (Madrid), donde se ha dado este lunes el pistoletazo de salida al A\u00f1o del Mono, que empieza el viernes, con un acto en el que ha participado el Embajador de China en Espa\u00f1a y","canonical_url":"https:\/\/eldigitaldeasturias.com\/magazine365\/el-corte-ingles-celebra-el-ano-nuevo-chino-en-castellana\/","robots":"max-image-preview:large","keywords":"noticias y actualidad","webmasterTools":{"google-site-verification":"UA-38556648-1","miscellaneous":""},"schema":{"@context":"https:\/\/schema.org","@graph":[{"@type":"Article","@id":"https:\/\/eldigitaldeasturias.com\/magazine365\/el-corte-ingles-celebra-el-ano-nuevo-chino-en-castellana\/#article","name":"El Corte Ingl\u00e9s celebra el A\u00f1o Nuevo Chino en Castellana | El Digital de Asturias","headline":"El Corte Ingl\u00e9s celebra el A\u00f1o Nuevo Chino en Castellana","author":{"@id":"https:\/\/eldigitaldeasturias.com\/magazine365\/author\/admin\/#author"},"publisher":{"@id":"https:\/\/eldigitaldeasturias.com\/magazine365\/#organization"},"image":{"@type":"ImageObject","url":"https:\/\/eldigitaldeasturias.com\/magazine365\/wp-content\/uploads\/2016\/02\/fotonoticia_20160201141421_800.jpg","width":800,"height":522},"datePublished":"2016-02-04T05:11:45+01:00","dateModified":"2016-02-04T05:11:45+01:00","inLanguage":"es-ES","mainEntityOfPage":{"@id":"https:\/\/eldigitaldeasturias.com\/magazine365\/el-corte-ingles-celebra-el-ano-nuevo-chino-en-castellana\/#webpage"},"isPartOf":{"@id":"https:\/\/eldigitaldeasturias.com\/magazine365\/el-corte-ingles-celebra-el-ano-nuevo-chino-en-castellana\/#webpage"},"articleSection":"Noticias y Actualidad"},{"@type":"BreadcrumbList","@id":"https:\/\/eldigitaldeasturias.com\/magazine365\/el-corte-ingles-celebra-el-ano-nuevo-chino-en-castellana\/#breadcrumblist","itemListElement":[{"@type":"ListItem","@id":"https:\/\/eldigitaldeasturias.com\/magazine365#listItem","position":1,"name":"Home","item":"https:\/\/eldigitaldeasturias.com\/magazine365","nextItem":{"@type":"ListItem","@id":"https:\/\/eldigitaldeasturias.com\/magazine365\/category\/noticias-actualidad\/#listItem","name":"Noticias y Actualidad"}},{"@type":"ListItem","@id":"https:\/\/eldigitaldeasturias.com\/magazine365\/category\/noticias-actualidad\/#listItem","position":2,"name":"Noticias y Actualidad","item":"https:\/\/eldigitaldeasturias.com\/magazine365\/category\/noticias-actualidad\/","nextItem":{"@type":"ListItem","@id":"https:\/\/eldigitaldeasturias.com\/magazine365\/el-corte-ingles-celebra-el-ano-nuevo-chino-en-castellana\/#listItem","name":"El Corte Ingl\u00e9s celebra el A\u00f1o Nuevo Chino en Castellana"},"previousItem":{"@type":"ListItem","@id":"https:\/\/eldigitaldeasturias.com\/magazine365#listItem","name":"Home"}},{"@type":"ListItem","@id":"https:\/\/eldigitaldeasturias.com\/magazine365\/el-corte-ingles-celebra-el-ano-nuevo-chino-en-castellana\/#listItem","position":3,"name":"El Corte Ingl\u00e9s celebra el A\u00f1o Nuevo Chino en Castellana","previousItem":{"@type":"ListItem","@id":"https:\/\/eldigitaldeasturias.com\/magazine365\/category\/noticias-actualidad\/#listItem","name":"Noticias y Actualidad"}}]},{"@type":"Organization","@id":"https:\/\/eldigitaldeasturias.com\/magazine365\/#organization","name":"El digital de Asturias","description":"Revista de ocio, turismo y estilo de vida","url":"https:\/\/eldigitaldeasturias.com\/magazine365\/","logo":{"@type":"ImageObject","url":"https:\/\/www.eldigitaldeasturias.com\/noticias\/wp-content\/uploads\/2020\/12\/EDA.jpg","@id":"https:\/\/eldigitaldeasturias.com\/magazine365\/el-corte-ingles-celebra-el-ano-nuevo-chino-en-castellana\/#organizationLogo"},"image":{"@id":"https:\/\/eldigitaldeasturias.com\/magazine365\/el-corte-ingles-celebra-el-ano-nuevo-chino-en-castellana\/#organizationLogo"}},{"@type":"Person","@id":"https:\/\/eldigitaldeasturias.com\/magazine365\/author\/admin\/#author","url":"https:\/\/eldigitaldeasturias.com\/magazine365\/author\/admin\/","name":"admin","image":{"@type":"ImageObject","@id":"https:\/\/eldigitaldeasturias.com\/magazine365\/el-corte-ingles-celebra-el-ano-nuevo-chino-en-castellana\/#authorImage","url":"https:\/\/eldigitaldeasturias.com\/magazine365\/wp-content\/litespeed\/avatar\/e571bcf59a0edd6fa6838245a470f2fe.jpg?ver=1776969259","width":96,"height":96,"caption":"admin"}},{"@type":"WebPage","@id":"https:\/\/eldigitaldeasturias.com\/magazine365\/el-corte-ingles-celebra-el-ano-nuevo-chino-en-castellana\/#webpage","url":"https:\/\/eldigitaldeasturias.com\/magazine365\/el-corte-ingles-celebra-el-ano-nuevo-chino-en-castellana\/","name":"El Corte Ingl\u00e9s celebra el A\u00f1o Nuevo Chino en Castellana | El Digital de Asturias","description":"'Ya es el a\u00f1o nuevo chino en el Corte Ingl\u00e9s' o al menos, en sus establecimientos de Diagonal (Barcelona) y Castellana (Madrid), donde se ha dado este lunes el pistoletazo de salida al A\u00f1o del Mono, que empieza el viernes, con un acto en el que ha participado el Embajador de China en Espa\u00f1a y","inLanguage":"es-ES","isPartOf":{"@id":"https:\/\/eldigitaldeasturias.com\/magazine365\/#website"},"breadcrumb":{"@id":"https:\/\/eldigitaldeasturias.com\/magazine365\/el-corte-ingles-celebra-el-ano-nuevo-chino-en-castellana\/#breadcrumblist"},"author":{"@id":"https:\/\/eldigitaldeasturias.com\/magazine365\/author\/admin\/#author"},"creator":{"@id":"https:\/\/eldigitaldeasturias.com\/magazine365\/author\/admin\/#author"},"image":{"@type":"ImageObject","url":"https:\/\/eldigitaldeasturias.com\/magazine365\/wp-content\/uploads\/2016\/02\/fotonoticia_20160201141421_800.jpg","@id":"https:\/\/eldigitaldeasturias.com\/magazine365\/el-corte-ingles-celebra-el-ano-nuevo-chino-en-castellana\/#mainImage","width":800,"height":522},"primaryImageOfPage":{"@id":"https:\/\/eldigitaldeasturias.com\/magazine365\/el-corte-ingles-celebra-el-ano-nuevo-chino-en-castellana\/#mainImage"},"datePublished":"2016-02-04T05:11:45+01:00","dateModified":"2016-02-04T05:11:45+01:00"},{"@type":"WebSite","@id":"https:\/\/eldigitaldeasturias.com\/magazine365\/#website","url":"https:\/\/eldigitaldeasturias.com\/magazine365\/","name":"El Digital de Asturias","description":"Revista de ocio, turismo y estilo de vida","inLanguage":"es-ES","publisher":{"@id":"https:\/\/eldigitaldeasturias.com\/magazine365\/#organization"}}]},"og:locale":"es_ES","og:site_name":"El Digital de Asturias \u2013 Revista de ocio, turismo y estilo de vida","og:type":"article","og:title":"El Corte Ingl\u00e9s celebra el A\u00f1o Nuevo Chino en Castellana | El Digital de Asturias","og:description":"'Ya es el a\u00f1o nuevo chino en el Corte Ingl\u00e9s' o al menos, en sus establecimientos de Diagonal (Barcelona) y Castellana (Madrid), donde se ha dado este lunes el pistoletazo de salida al A\u00f1o del Mono, que empieza el viernes, con un acto en el que ha participado el Embajador de China en Espa\u00f1a y","og:url":"https:\/\/eldigitaldeasturias.com\/magazine365\/el-corte-ingles-celebra-el-ano-nuevo-chino-en-castellana\/","og:image":"https:\/\/eldigitaldeasturias.com\/magazine365\/wp-content\/uploads\/2016\/02\/fotonoticia_20160201141421_800.jpg","og:image:secure_url":"https:\/\/eldigitaldeasturias.com\/magazine365\/wp-content\/uploads\/2016\/02\/fotonoticia_20160201141421_800.jpg","og:image:width":800,"og:image:height":522,"article:published_time":"2016-02-04T04:11:45+00:00","article:modified_time":"2016-02-04T04:11:45+00:00","twitter:card":"summary_large_image","twitter:title":"El Corte Ingl\u00e9s celebra el A\u00f1o Nuevo Chino en Castellana | El Digital de Asturias","twitter:description":"'Ya es el a\u00f1o nuevo chino en el Corte Ingl\u00e9s' o al menos, en sus establecimientos de Diagonal (Barcelona) y Castellana (Madrid), donde se ha dado este lunes el pistoletazo de salida al A\u00f1o del Mono, que empieza el viernes, con un acto en el que ha participado el Embajador de China en Espa\u00f1a y","twitter:image":"https:\/\/eldigitaldeasturias.com\/magazine365\/wp-content\/uploads\/2016\/02\/fotonoticia_20160201141421_800.jpg"},"aioseo_meta_data":{"post_id":"62938","title":null,"description":null,"keywords":null,"keyphrases":null,"primary_term":null,"canonical_url":null,"og_title":null,"og_description":null,"og_object_type":"default","og_image_type":"default","og_image_url":null,"og_image_width":null,"og_image_height":null,"og_image_custom_url":null,"og_image_custom_fields":null,"og_video":null,"og_custom_url":null,"og_article_section":null,"og_article_tags":null,"twitter_use_og":false,"twitter_card":"default","twitter_image_type":"default","twitter_image_url":null,"twitter_image_custom_url":null,"twitter_image_custom_fields":null,"twitter_title":null,"twitter_description":null,"schema":{"blockGraphs":[],"customGraphs":[],"default":{"data":{"Article":[],"Course":[],"Dataset":[],"FAQPage":[],"Movie":[],"Person":[],"Product":[],"ProductReview":[],"Car":[],"Recipe":[],"Service":[],"SoftwareApplication":[],"WebPage":[]},"graphName":"","isEnabled":true},"graphs":[],"defaultGraph":"","defaultPostTypeGraph":""},"schema_type":null,"schema_type_options":null,"pillar_content":false,"robots_default":true,"robots_noindex":false,"robots_noarchive":false,"robots_nosnippet":false,"robots_nofollow":false,"robots_noimageindex":false,"robots_noodp":false,"robots_notranslate":false,"robots_max_snippet":null,"robots_max_videopreview":null,"robots_max_imagepreview":"large","priority":null,"frequency":null,"location":null,"local_seo":null,"seo_analyzer_scan_date":"2025-09-25 12:11:02","breadcrumb_settings":null,"limit_modified_date":false,"open_ai":null,"ai":null,"created":"2021-03-08 21:29:44","updated":"2025-09-25 12:11:02"},"aioseo_breadcrumb":"<div class=\"aioseo-breadcrumbs\"><span class=\"aioseo-breadcrumb\">\n\t<a href=\"https:\/\/eldigitaldeasturias.com\/magazine365\" title=\"Home\">Home<\/a>\n<\/span><span class=\"aioseo-breadcrumb-separator\">\u2013<\/span><span class=\"aioseo-breadcrumb\">\n\t<a href=\"https:\/\/eldigitaldeasturias.com\/magazine365\/category\/noticias-actualidad\/\" title=\"Noticias y Actualidad\">Noticias y Actualidad<\/a>\n<\/span><span class=\"aioseo-breadcrumb-separator\">\u2013<\/span><span class=\"aioseo-breadcrumb\">\n\t<a href=\"https:\/\/eldigitaldeasturias.com\/magazine365\/el-corte-ingles-celebra-el-ano-nuevo-chino-en-castellana\/\" title=\"El Corte Ingl\u00e9s celebra el A\u00f1o Nuevo Chino en Castellana\">El Corte Ingl\u00e9s celebra el A\u00f1o Nuevo Chino en Castellana<\/a>\n<\/span><\/div>","aioseo_breadcrumb_json":[{"label":"Home","link":"https:\/\/eldigitaldeasturias.com\/magazine365"},{"label":"Noticias y Actualidad","link":"https:\/\/eldigitaldeasturias.com\/magazine365\/category\/noticias-actualidad\/"},{"label":"El Corte Ingl\u00e9s celebra el A\u00f1o Nuevo Chino en Castellana","link":"https:\/\/eldigitaldeasturias.com\/magazine365\/el-corte-ingles-celebra-el-ano-nuevo-chino-en-castellana\/"}],"_links":{"self":[{"href":"https:\/\/eldigitaldeasturias.com\/magazine365\/wp-json\/wp\/v2\/posts\/62938","targetHints":{"allow":["GET"]}}],"collection":[{"href":"https:\/\/eldigitaldeasturias.com\/magazine365\/wp-json\/wp\/v2\/posts"}],"about":[{"href":"https:\/\/eldigitaldeasturias.com\/magazine365\/wp-json\/wp\/v2\/types\/post"}],"author":[{"embeddable":true,"href":"https:\/\/eldigitaldeasturias.com\/magazine365\/wp-json\/wp\/v2\/users\/1"}],"replies":[{"embeddable":true,"href":"https:\/\/eldigitaldeasturias.com\/magazine365\/wp-json\/wp\/v2\/comments?post=62938"}],"version-history":[{"count":0,"href":"https:\/\/eldigitaldeasturias.com\/magazine365\/wp-json\/wp\/v2\/posts\/62938\/revisions"}],"wp:featuredmedia":[{"embeddable":true,"href":"https:\/\/eldigitaldeasturias.com\/magazine365\/wp-json\/wp\/v2\/media\/62939"}],"wp:attachment":[{"href":"https:\/\/eldigitaldeasturias.com\/magazine365\/wp-json\/wp\/v2\/media?parent=62938"}],"wp:term":[{"taxonomy":"category","embeddable":true,"href":"https:\/\/eldigitaldeasturias.com\/magazine365\/wp-json\/wp\/v2\/categories?post=62938"},{"taxonomy":"post_tag","embeddable":true,"href":"https:\/\/eldigitaldeasturias.com\/magazine365\/wp-json\/wp\/v2\/tags?post=62938"}],"curies":[{"name":"wp","href":"https:\/\/api.w.org\/{rel}","templated":true}]}}