{"id":62935,"date":"2016-02-04T05:10:56","date_gmt":"2016-02-04T04:10:56","guid":{"rendered":"http:\/\/eldigitaldeasturias.com\/magazine365\/?p=62935"},"modified":"2016-02-04T05:10:56","modified_gmt":"2016-02-04T04:10:56","slug":"junta-defiende-el-esfuerzo-de-cetursa-por-mantener-ocupacion-y-actividad-en-sierra-nevada","status":"publish","type":"post","link":"https:\/\/eldigitaldeasturias.com\/magazine365\/junta-defiende-el-esfuerzo-de-cetursa-por-mantener-ocupacion-y-actividad-en-sierra-nevada\/","title":{"rendered":"Junta defiende el \u00abesfuerzo\u00bb de Cetursa por mantener ocupaci\u00f3n y actividad en Sierra Nevada"},"content":{"rendered":"<p><img fetchpriority=\"high\" decoding=\"async\" class=\"alignleft size-medium wp-image-62936\" src=\"https:\/\/eldigitaldeasturias.com\/magazine365\/wp-content\/uploads\/2016\/02\/fotonoticia_20160201140340_800-360x203.jpg\" alt=\"fotonoticia_20160201140340_800\" width=\"360\" height=\"203\" srcset=\"https:\/\/eldigitaldeasturias.com\/magazine365\/wp-content\/uploads\/2016\/02\/fotonoticia_20160201140340_800-360x203.jpg 360w, https:\/\/eldigitaldeasturias.com\/magazine365\/wp-content\/uploads\/2016\/02\/fotonoticia_20160201140340_800-650x366.jpg 650w, https:\/\/eldigitaldeasturias.com\/magazine365\/wp-content\/uploads\/2016\/02\/fotonoticia_20160201140340_800-768x432.jpg 768w, https:\/\/eldigitaldeasturias.com\/magazine365\/wp-content\/uploads\/2016\/02\/fotonoticia_20160201140340_800-150x84.jpg 150w, https:\/\/eldigitaldeasturias.com\/magazine365\/wp-content\/uploads\/2016\/02\/fotonoticia_20160201140340_800-450x253.jpg 450w, https:\/\/eldigitaldeasturias.com\/magazine365\/wp-content\/uploads\/2016\/02\/fotonoticia_20160201140340_800-696x392.jpg 696w, https:\/\/eldigitaldeasturias.com\/magazine365\/wp-content\/uploads\/2016\/02\/fotonoticia_20160201140340_800-747x420.jpg 747w, https:\/\/eldigitaldeasturias.com\/magazine365\/wp-content\/uploads\/2016\/02\/fotonoticia_20160201140340_800-499x280.jpg 499w, https:\/\/eldigitaldeasturias.com\/magazine365\/wp-content\/uploads\/2016\/02\/fotonoticia_20160201140340_800-510x289.jpg 510w, https:\/\/eldigitaldeasturias.com\/magazine365\/wp-content\/uploads\/2016\/02\/fotonoticia_20160201140340_800.jpg 800w\" sizes=\"(max-width: 360px) 100vw, 360px\" \/>El consejero andaluz de Turismo y Deporte, Francisco Javier Fern\u00e1ndez, ha defendido este lunes el \u00abesfuerzo extraordinario\u00bb que est\u00e1 realizando Cetursa por tener \u00ablos mayores ratios de ocupaci\u00f3n y actividad\u00bb en la estaci\u00f3n de esqu\u00ed de Sierra Nevada ante la \u00abdificultad\u00bb que supone que no haya \u00abnieve suficiente\u00bb.<\/p>\n<p>El consejero ha realizado estas declaraciones a preguntas de los periodistas en Granada, donde ha firmado con los ocho patronatos provinciales de Turismo los convenios de colaboraci\u00f3n para la ejecuci\u00f3n de las medidas contempladas en el Plan de Acci\u00f3n 2016 de Andaluc\u00eda.<\/p>\n<p>Ante las cr\u00edticas de sindicatos y partidos pol\u00edticos sobre la gesti\u00f3n econ\u00f3mica de Cetursa y su pol\u00edtica de contrataci\u00f3n, el consejero ha abogado por \u00abremar todos en el mismo sentido\u00bb para reforzar y \u00abayudar\u00bb a que el recinto invernal siga teniendo el mismo \u00abnivel de excelencia\u00bb.<\/p>\n<p>Ha reconocido que las conversaciones entre la empresa p\u00fablica y el comit\u00e9 de empresa &#8212; que ha protagonizado movilizaciones solicitando la contrataci\u00f3n de m\u00e1s personal&#8211; son \u00abdif\u00edciles\u00bb, pero ha avanzado que se han hecho propuestas que \u00abpodr\u00edan solucionar en parte esta carencia de contrataciones\u00bb, mostr\u00e1ndose partidario de dejar el asunto en este marco entre entidad y trabajadores, puesto que \u00abtodos buscamos que haya el mayor mantenimiento y generaci\u00f3n de empleo\u00bb.<\/p>\n<p>Ha defendido en este contexto que Cetursa est\u00e1 haciendo un \u00abesfuerzo extraordinario gracias a los profesionales que trabajan all\u00ed para mantener el n\u00famero de esquiadores y de visitantes a la estaci\u00f3n\u00bb en un a\u00f1o en el que existe carencia de nieve.<\/p>\n","protected":false},"excerpt":{"rendered":"<p>El consejero andaluz de Turismo y Deporte, Francisco Javier Fern\u00e1ndez, ha defendido este lunes el \u00abesfuerzo extraordinario\u00bb que est\u00e1 realizando Cetursa por tener \u00ablos mayores ratios de ocupaci\u00f3n y actividad\u00bb en la estaci\u00f3n de esqu\u00ed de Sierra Nevada ante la \u00abdificultad\u00bb que supone que no haya \u00abnieve suficiente\u00bb. El consejero ha realizado estas declaraciones a<\/p>\n","protected":false},"author":1,"featured_media":62936,"comment_status":"open","ping_status":"closed","sticky":false,"template":"","format":"standard","meta":{"footnotes":""},"categories":[224],"tags":[],"class_list":{"0":"post-62935","1":"post","2":"type-post","3":"status-publish","4":"format-standard","5":"has-post-thumbnail","7":"category-noticias-actualidad"},"aioseo_notices":[],"aioseo_head":"\n\t\t<!-- All in One SEO Pro 4.9.6.1 - aioseo.com -->\n\t<meta name=\"description\" content=\"El consejero andaluz de Turismo y Deporte, Francisco Javier Fern\u00e1ndez, ha defendido este lunes el &quot;esfuerzo extraordinario&quot; que est\u00e1 realizando Cetursa por tener &quot;los mayores ratios de ocupaci\u00f3n y actividad&quot; en la estaci\u00f3n de esqu\u00ed de Sierra Nevada ante la &quot;dificultad&quot; que supone que no haya &quot;nieve suficiente&quot;. El consejero ha realizado estas declaraciones a\" \/>\n\t<meta name=\"robots\" content=\"max-image-preview:large\" \/>\n\t<meta name=\"author\" content=\"admin\"\/>\n\t<meta name=\"google-site-verification\" content=\"UA-38556648-1\" \/>\n\t<meta name=\"keywords\" content=\"noticias y actualidad\" \/>\n\t<link rel=\"canonical\" href=\"https:\/\/eldigitaldeasturias.com\/magazine365\/junta-defiende-el-esfuerzo-de-cetursa-por-mantener-ocupacion-y-actividad-en-sierra-nevada\/\" \/>\n\t<meta name=\"generator\" content=\"All in One SEO Pro (AIOSEO) 4.9.6.1\" \/>\n\t\t<meta property=\"og:locale\" content=\"es_ES\" \/>\n\t\t<meta property=\"og:site_name\" content=\"El Digital de Asturias \u2013 Revista de ocio, turismo y estilo de vida\" \/>\n\t\t<meta property=\"og:type\" content=\"article\" \/>\n\t\t<meta property=\"og:title\" content=\"Junta defiende el \u00abesfuerzo\u00bb de Cetursa por mantener ocupaci\u00f3n y actividad en Sierra Nevada | El Digital de Asturias\" \/>\n\t\t<meta property=\"og:description\" content=\"El consejero andaluz de Turismo y Deporte, Francisco Javier Fern\u00e1ndez, ha defendido este lunes el &quot;esfuerzo extraordinario&quot; que est\u00e1 realizando Cetursa por tener &quot;los mayores ratios de ocupaci\u00f3n y actividad&quot; en la estaci\u00f3n de esqu\u00ed de Sierra Nevada ante la &quot;dificultad&quot; que supone que no haya &quot;nieve suficiente&quot;. El consejero ha realizado estas declaraciones a\" \/>\n\t\t<meta property=\"og:url\" content=\"https:\/\/eldigitaldeasturias.com\/magazine365\/junta-defiende-el-esfuerzo-de-cetursa-por-mantener-ocupacion-y-actividad-en-sierra-nevada\/\" \/>\n\t\t<meta property=\"og:image\" content=\"https:\/\/eldigitaldeasturias.com\/magazine365\/wp-content\/uploads\/2016\/02\/fotonoticia_20160201140340_800.jpg\" \/>\n\t\t<meta property=\"og:image:secure_url\" content=\"https:\/\/eldigitaldeasturias.com\/magazine365\/wp-content\/uploads\/2016\/02\/fotonoticia_20160201140340_800.jpg\" \/>\n\t\t<meta property=\"og:image:width\" content=\"800\" \/>\n\t\t<meta property=\"og:image:height\" content=\"450\" \/>\n\t\t<meta property=\"article:published_time\" content=\"2016-02-04T04:10:56+00:00\" \/>\n\t\t<meta property=\"article:modified_time\" content=\"2016-02-04T04:10:56+00:00\" \/>\n\t\t<meta name=\"twitter:card\" content=\"summary_large_image\" \/>\n\t\t<meta name=\"twitter:title\" content=\"Junta defiende el \u00abesfuerzo\u00bb de Cetursa por mantener ocupaci\u00f3n y actividad en Sierra Nevada | El Digital de Asturias\" \/>\n\t\t<meta name=\"twitter:description\" content=\"El consejero andaluz de Turismo y Deporte, Francisco Javier Fern\u00e1ndez, ha defendido este lunes el &quot;esfuerzo extraordinario&quot; que est\u00e1 realizando Cetursa por tener &quot;los mayores ratios de ocupaci\u00f3n y actividad&quot; en la estaci\u00f3n de esqu\u00ed de Sierra Nevada ante la &quot;dificultad&quot; que supone que no haya &quot;nieve suficiente&quot;. El consejero ha realizado estas declaraciones a\" \/>\n\t\t<meta name=\"twitter:image\" content=\"https:\/\/eldigitaldeasturias.com\/magazine365\/wp-content\/uploads\/2016\/02\/fotonoticia_20160201140340_800.jpg\" \/>\n\t\t<script type=\"application\/ld+json\" class=\"aioseo-schema\">\n\t\t\t{\"@context\":\"https:\\\/\\\/schema.org\",\"@graph\":[{\"@type\":\"Article\",\"@id\":\"https:\\\/\\\/eldigitaldeasturias.com\\\/magazine365\\\/junta-defiende-el-esfuerzo-de-cetursa-por-mantener-ocupacion-y-actividad-en-sierra-nevada\\\/#article\",\"name\":\"Junta defiende el \\u00abesfuerzo\\u00bb de Cetursa por mantener ocupaci\\u00f3n y actividad en Sierra Nevada | El Digital de Asturias\",\"headline\":\"Junta defiende el \\u00abesfuerzo\\u00bb de Cetursa por mantener ocupaci\\u00f3n y actividad en Sierra Nevada\",\"author\":{\"@id\":\"https:\\\/\\\/eldigitaldeasturias.com\\\/magazine365\\\/author\\\/admin\\\/#author\"},\"publisher\":{\"@id\":\"https:\\\/\\\/eldigitaldeasturias.com\\\/magazine365\\\/#organization\"},\"image\":{\"@type\":\"ImageObject\",\"url\":\"https:\\\/\\\/eldigitaldeasturias.com\\\/magazine365\\\/wp-content\\\/uploads\\\/2016\\\/02\\\/fotonoticia_20160201140340_800.jpg\",\"width\":800,\"height\":450},\"datePublished\":\"2016-02-04T05:10:56+01:00\",\"dateModified\":\"2016-02-04T05:10:56+01:00\",\"inLanguage\":\"es-ES\",\"mainEntityOfPage\":{\"@id\":\"https:\\\/\\\/eldigitaldeasturias.com\\\/magazine365\\\/junta-defiende-el-esfuerzo-de-cetursa-por-mantener-ocupacion-y-actividad-en-sierra-nevada\\\/#webpage\"},\"isPartOf\":{\"@id\":\"https:\\\/\\\/eldigitaldeasturias.com\\\/magazine365\\\/junta-defiende-el-esfuerzo-de-cetursa-por-mantener-ocupacion-y-actividad-en-sierra-nevada\\\/#webpage\"},\"articleSection\":\"Noticias y Actualidad\"},{\"@type\":\"BreadcrumbList\",\"@id\":\"https:\\\/\\\/eldigitaldeasturias.com\\\/magazine365\\\/junta-defiende-el-esfuerzo-de-cetursa-por-mantener-ocupacion-y-actividad-en-sierra-nevada\\\/#breadcrumblist\",\"itemListElement\":[{\"@type\":\"ListItem\",\"@id\":\"https:\\\/\\\/eldigitaldeasturias.com\\\/magazine365#listItem\",\"position\":1,\"name\":\"Home\",\"item\":\"https:\\\/\\\/eldigitaldeasturias.com\\\/magazine365\",\"nextItem\":{\"@type\":\"ListItem\",\"@id\":\"https:\\\/\\\/eldigitaldeasturias.com\\\/magazine365\\\/category\\\/noticias-actualidad\\\/#listItem\",\"name\":\"Noticias y Actualidad\"}},{\"@type\":\"ListItem\",\"@id\":\"https:\\\/\\\/eldigitaldeasturias.com\\\/magazine365\\\/category\\\/noticias-actualidad\\\/#listItem\",\"position\":2,\"name\":\"Noticias y Actualidad\",\"item\":\"https:\\\/\\\/eldigitaldeasturias.com\\\/magazine365\\\/category\\\/noticias-actualidad\\\/\",\"nextItem\":{\"@type\":\"ListItem\",\"@id\":\"https:\\\/\\\/eldigitaldeasturias.com\\\/magazine365\\\/junta-defiende-el-esfuerzo-de-cetursa-por-mantener-ocupacion-y-actividad-en-sierra-nevada\\\/#listItem\",\"name\":\"Junta defiende el \\u00abesfuerzo\\u00bb de Cetursa por mantener ocupaci\\u00f3n y actividad en Sierra Nevada\"},\"previousItem\":{\"@type\":\"ListItem\",\"@id\":\"https:\\\/\\\/eldigitaldeasturias.com\\\/magazine365#listItem\",\"name\":\"Home\"}},{\"@type\":\"ListItem\",\"@id\":\"https:\\\/\\\/eldigitaldeasturias.com\\\/magazine365\\\/junta-defiende-el-esfuerzo-de-cetursa-por-mantener-ocupacion-y-actividad-en-sierra-nevada\\\/#listItem\",\"position\":3,\"name\":\"Junta defiende el \\u00abesfuerzo\\u00bb de Cetursa por mantener ocupaci\\u00f3n y actividad en Sierra Nevada\",\"previousItem\":{\"@type\":\"ListItem\",\"@id\":\"https:\\\/\\\/eldigitaldeasturias.com\\\/magazine365\\\/category\\\/noticias-actualidad\\\/#listItem\",\"name\":\"Noticias y Actualidad\"}}]},{\"@type\":\"Organization\",\"@id\":\"https:\\\/\\\/eldigitaldeasturias.com\\\/magazine365\\\/#organization\",\"name\":\"El digital de Asturias\",\"description\":\"Revista de ocio, turismo y estilo de vida\",\"url\":\"https:\\\/\\\/eldigitaldeasturias.com\\\/magazine365\\\/\",\"logo\":{\"@type\":\"ImageObject\",\"url\":\"https:\\\/\\\/www.eldigitaldeasturias.com\\\/noticias\\\/wp-content\\\/uploads\\\/2020\\\/12\\\/EDA.jpg\",\"@id\":\"https:\\\/\\\/eldigitaldeasturias.com\\\/magazine365\\\/junta-defiende-el-esfuerzo-de-cetursa-por-mantener-ocupacion-y-actividad-en-sierra-nevada\\\/#organizationLogo\"},\"image\":{\"@id\":\"https:\\\/\\\/eldigitaldeasturias.com\\\/magazine365\\\/junta-defiende-el-esfuerzo-de-cetursa-por-mantener-ocupacion-y-actividad-en-sierra-nevada\\\/#organizationLogo\"}},{\"@type\":\"Person\",\"@id\":\"https:\\\/\\\/eldigitaldeasturias.com\\\/magazine365\\\/author\\\/admin\\\/#author\",\"url\":\"https:\\\/\\\/eldigitaldeasturias.com\\\/magazine365\\\/author\\\/admin\\\/\",\"name\":\"admin\",\"image\":{\"@type\":\"ImageObject\",\"@id\":\"https:\\\/\\\/eldigitaldeasturias.com\\\/magazine365\\\/junta-defiende-el-esfuerzo-de-cetursa-por-mantener-ocupacion-y-actividad-en-sierra-nevada\\\/#authorImage\",\"url\":\"https:\\\/\\\/eldigitaldeasturias.com\\\/magazine365\\\/wp-content\\\/litespeed\\\/avatar\\\/e571bcf59a0edd6fa6838245a470f2fe.jpg?ver=1776969259\",\"width\":96,\"height\":96,\"caption\":\"admin\"}},{\"@type\":\"WebPage\",\"@id\":\"https:\\\/\\\/eldigitaldeasturias.com\\\/magazine365\\\/junta-defiende-el-esfuerzo-de-cetursa-por-mantener-ocupacion-y-actividad-en-sierra-nevada\\\/#webpage\",\"url\":\"https:\\\/\\\/eldigitaldeasturias.com\\\/magazine365\\\/junta-defiende-el-esfuerzo-de-cetursa-por-mantener-ocupacion-y-actividad-en-sierra-nevada\\\/\",\"name\":\"Junta defiende el \\u00abesfuerzo\\u00bb de Cetursa por mantener ocupaci\\u00f3n y actividad en Sierra Nevada | El Digital de Asturias\",\"description\":\"El consejero andaluz de Turismo y Deporte, Francisco Javier Fern\\u00e1ndez, ha defendido este lunes el \\\"esfuerzo extraordinario\\\" que est\\u00e1 realizando Cetursa por tener \\\"los mayores ratios de ocupaci\\u00f3n y actividad\\\" en la estaci\\u00f3n de esqu\\u00ed de Sierra Nevada ante la \\\"dificultad\\\" que supone que no haya \\\"nieve suficiente\\\". El consejero ha realizado estas declaraciones a\",\"inLanguage\":\"es-ES\",\"isPartOf\":{\"@id\":\"https:\\\/\\\/eldigitaldeasturias.com\\\/magazine365\\\/#website\"},\"breadcrumb\":{\"@id\":\"https:\\\/\\\/eldigitaldeasturias.com\\\/magazine365\\\/junta-defiende-el-esfuerzo-de-cetursa-por-mantener-ocupacion-y-actividad-en-sierra-nevada\\\/#breadcrumblist\"},\"author\":{\"@id\":\"https:\\\/\\\/eldigitaldeasturias.com\\\/magazine365\\\/author\\\/admin\\\/#author\"},\"creator\":{\"@id\":\"https:\\\/\\\/eldigitaldeasturias.com\\\/magazine365\\\/author\\\/admin\\\/#author\"},\"image\":{\"@type\":\"ImageObject\",\"url\":\"https:\\\/\\\/eldigitaldeasturias.com\\\/magazine365\\\/wp-content\\\/uploads\\\/2016\\\/02\\\/fotonoticia_20160201140340_800.jpg\",\"@id\":\"https:\\\/\\\/eldigitaldeasturias.com\\\/magazine365\\\/junta-defiende-el-esfuerzo-de-cetursa-por-mantener-ocupacion-y-actividad-en-sierra-nevada\\\/#mainImage\",\"width\":800,\"height\":450},\"primaryImageOfPage\":{\"@id\":\"https:\\\/\\\/eldigitaldeasturias.com\\\/magazine365\\\/junta-defiende-el-esfuerzo-de-cetursa-por-mantener-ocupacion-y-actividad-en-sierra-nevada\\\/#mainImage\"},\"datePublished\":\"2016-02-04T05:10:56+01:00\",\"dateModified\":\"2016-02-04T05:10:56+01:00\"},{\"@type\":\"WebSite\",\"@id\":\"https:\\\/\\\/eldigitaldeasturias.com\\\/magazine365\\\/#website\",\"url\":\"https:\\\/\\\/eldigitaldeasturias.com\\\/magazine365\\\/\",\"name\":\"El Digital de Asturias\",\"description\":\"Revista de ocio, turismo y estilo de vida\",\"inLanguage\":\"es-ES\",\"publisher\":{\"@id\":\"https:\\\/\\\/eldigitaldeasturias.com\\\/magazine365\\\/#organization\"}}]}\n\t\t<\/script>\n\t\t<!-- All in One SEO Pro -->\r\n\t\t<title>Junta defiende el \u00abesfuerzo\u00bb de Cetursa por mantener ocupaci\u00f3n y actividad en Sierra Nevada | El Digital de Asturias<\/title>\n\n","aioseo_head_json":{"title":"Junta defiende el \u00abesfuerzo\u00bb de Cetursa por mantener ocupaci\u00f3n y actividad en Sierra Nevada | El Digital de Asturias","description":"El consejero andaluz de Turismo y Deporte, Francisco Javier Fern\u00e1ndez, ha defendido este lunes el \"esfuerzo extraordinario\" que est\u00e1 realizando Cetursa por tener \"los mayores ratios de ocupaci\u00f3n y actividad\" en la estaci\u00f3n de esqu\u00ed de Sierra Nevada ante la \"dificultad\" que supone que no haya \"nieve suficiente\". El consejero ha realizado estas declaraciones a","canonical_url":"https:\/\/eldigitaldeasturias.com\/magazine365\/junta-defiende-el-esfuerzo-de-cetursa-por-mantener-ocupacion-y-actividad-en-sierra-nevada\/","robots":"max-image-preview:large","keywords":"noticias y actualidad","webmasterTools":{"google-site-verification":"UA-38556648-1","miscellaneous":""},"schema":{"@context":"https:\/\/schema.org","@graph":[{"@type":"Article","@id":"https:\/\/eldigitaldeasturias.com\/magazine365\/junta-defiende-el-esfuerzo-de-cetursa-por-mantener-ocupacion-y-actividad-en-sierra-nevada\/#article","name":"Junta defiende el \u00abesfuerzo\u00bb de Cetursa por mantener ocupaci\u00f3n y actividad en Sierra Nevada | El Digital de Asturias","headline":"Junta defiende el \u00abesfuerzo\u00bb de Cetursa por mantener ocupaci\u00f3n y actividad en Sierra Nevada","author":{"@id":"https:\/\/eldigitaldeasturias.com\/magazine365\/author\/admin\/#author"},"publisher":{"@id":"https:\/\/eldigitaldeasturias.com\/magazine365\/#organization"},"image":{"@type":"ImageObject","url":"https:\/\/eldigitaldeasturias.com\/magazine365\/wp-content\/uploads\/2016\/02\/fotonoticia_20160201140340_800.jpg","width":800,"height":450},"datePublished":"2016-02-04T05:10:56+01:00","dateModified":"2016-02-04T05:10:56+01:00","inLanguage":"es-ES","mainEntityOfPage":{"@id":"https:\/\/eldigitaldeasturias.com\/magazine365\/junta-defiende-el-esfuerzo-de-cetursa-por-mantener-ocupacion-y-actividad-en-sierra-nevada\/#webpage"},"isPartOf":{"@id":"https:\/\/eldigitaldeasturias.com\/magazine365\/junta-defiende-el-esfuerzo-de-cetursa-por-mantener-ocupacion-y-actividad-en-sierra-nevada\/#webpage"},"articleSection":"Noticias y Actualidad"},{"@type":"BreadcrumbList","@id":"https:\/\/eldigitaldeasturias.com\/magazine365\/junta-defiende-el-esfuerzo-de-cetursa-por-mantener-ocupacion-y-actividad-en-sierra-nevada\/#breadcrumblist","itemListElement":[{"@type":"ListItem","@id":"https:\/\/eldigitaldeasturias.com\/magazine365#listItem","position":1,"name":"Home","item":"https:\/\/eldigitaldeasturias.com\/magazine365","nextItem":{"@type":"ListItem","@id":"https:\/\/eldigitaldeasturias.com\/magazine365\/category\/noticias-actualidad\/#listItem","name":"Noticias y Actualidad"}},{"@type":"ListItem","@id":"https:\/\/eldigitaldeasturias.com\/magazine365\/category\/noticias-actualidad\/#listItem","position":2,"name":"Noticias y Actualidad","item":"https:\/\/eldigitaldeasturias.com\/magazine365\/category\/noticias-actualidad\/","nextItem":{"@type":"ListItem","@id":"https:\/\/eldigitaldeasturias.com\/magazine365\/junta-defiende-el-esfuerzo-de-cetursa-por-mantener-ocupacion-y-actividad-en-sierra-nevada\/#listItem","name":"Junta defiende el \u00abesfuerzo\u00bb de Cetursa por mantener ocupaci\u00f3n y actividad en Sierra Nevada"},"previousItem":{"@type":"ListItem","@id":"https:\/\/eldigitaldeasturias.com\/magazine365#listItem","name":"Home"}},{"@type":"ListItem","@id":"https:\/\/eldigitaldeasturias.com\/magazine365\/junta-defiende-el-esfuerzo-de-cetursa-por-mantener-ocupacion-y-actividad-en-sierra-nevada\/#listItem","position":3,"name":"Junta defiende el \u00abesfuerzo\u00bb de Cetursa por mantener ocupaci\u00f3n y actividad en Sierra Nevada","previousItem":{"@type":"ListItem","@id":"https:\/\/eldigitaldeasturias.com\/magazine365\/category\/noticias-actualidad\/#listItem","name":"Noticias y Actualidad"}}]},{"@type":"Organization","@id":"https:\/\/eldigitaldeasturias.com\/magazine365\/#organization","name":"El digital de Asturias","description":"Revista de ocio, turismo y estilo de vida","url":"https:\/\/eldigitaldeasturias.com\/magazine365\/","logo":{"@type":"ImageObject","url":"https:\/\/www.eldigitaldeasturias.com\/noticias\/wp-content\/uploads\/2020\/12\/EDA.jpg","@id":"https:\/\/eldigitaldeasturias.com\/magazine365\/junta-defiende-el-esfuerzo-de-cetursa-por-mantener-ocupacion-y-actividad-en-sierra-nevada\/#organizationLogo"},"image":{"@id":"https:\/\/eldigitaldeasturias.com\/magazine365\/junta-defiende-el-esfuerzo-de-cetursa-por-mantener-ocupacion-y-actividad-en-sierra-nevada\/#organizationLogo"}},{"@type":"Person","@id":"https:\/\/eldigitaldeasturias.com\/magazine365\/author\/admin\/#author","url":"https:\/\/eldigitaldeasturias.com\/magazine365\/author\/admin\/","name":"admin","image":{"@type":"ImageObject","@id":"https:\/\/eldigitaldeasturias.com\/magazine365\/junta-defiende-el-esfuerzo-de-cetursa-por-mantener-ocupacion-y-actividad-en-sierra-nevada\/#authorImage","url":"https:\/\/eldigitaldeasturias.com\/magazine365\/wp-content\/litespeed\/avatar\/e571bcf59a0edd6fa6838245a470f2fe.jpg?ver=1776969259","width":96,"height":96,"caption":"admin"}},{"@type":"WebPage","@id":"https:\/\/eldigitaldeasturias.com\/magazine365\/junta-defiende-el-esfuerzo-de-cetursa-por-mantener-ocupacion-y-actividad-en-sierra-nevada\/#webpage","url":"https:\/\/eldigitaldeasturias.com\/magazine365\/junta-defiende-el-esfuerzo-de-cetursa-por-mantener-ocupacion-y-actividad-en-sierra-nevada\/","name":"Junta defiende el \u00abesfuerzo\u00bb de Cetursa por mantener ocupaci\u00f3n y actividad en Sierra Nevada | El Digital de Asturias","description":"El consejero andaluz de Turismo y Deporte, Francisco Javier Fern\u00e1ndez, ha defendido este lunes el \"esfuerzo extraordinario\" que est\u00e1 realizando Cetursa por tener \"los mayores ratios de ocupaci\u00f3n y actividad\" en la estaci\u00f3n de esqu\u00ed de Sierra Nevada ante la \"dificultad\" que supone que no haya \"nieve suficiente\". El consejero ha realizado estas declaraciones a","inLanguage":"es-ES","isPartOf":{"@id":"https:\/\/eldigitaldeasturias.com\/magazine365\/#website"},"breadcrumb":{"@id":"https:\/\/eldigitaldeasturias.com\/magazine365\/junta-defiende-el-esfuerzo-de-cetursa-por-mantener-ocupacion-y-actividad-en-sierra-nevada\/#breadcrumblist"},"author":{"@id":"https:\/\/eldigitaldeasturias.com\/magazine365\/author\/admin\/#author"},"creator":{"@id":"https:\/\/eldigitaldeasturias.com\/magazine365\/author\/admin\/#author"},"image":{"@type":"ImageObject","url":"https:\/\/eldigitaldeasturias.com\/magazine365\/wp-content\/uploads\/2016\/02\/fotonoticia_20160201140340_800.jpg","@id":"https:\/\/eldigitaldeasturias.com\/magazine365\/junta-defiende-el-esfuerzo-de-cetursa-por-mantener-ocupacion-y-actividad-en-sierra-nevada\/#mainImage","width":800,"height":450},"primaryImageOfPage":{"@id":"https:\/\/eldigitaldeasturias.com\/magazine365\/junta-defiende-el-esfuerzo-de-cetursa-por-mantener-ocupacion-y-actividad-en-sierra-nevada\/#mainImage"},"datePublished":"2016-02-04T05:10:56+01:00","dateModified":"2016-02-04T05:10:56+01:00"},{"@type":"WebSite","@id":"https:\/\/eldigitaldeasturias.com\/magazine365\/#website","url":"https:\/\/eldigitaldeasturias.com\/magazine365\/","name":"El Digital de Asturias","description":"Revista de ocio, turismo y estilo de vida","inLanguage":"es-ES","publisher":{"@id":"https:\/\/eldigitaldeasturias.com\/magazine365\/#organization"}}]},"og:locale":"es_ES","og:site_name":"El Digital de Asturias \u2013 Revista de ocio, turismo y estilo de vida","og:type":"article","og:title":"Junta defiende el \u00abesfuerzo\u00bb de Cetursa por mantener ocupaci\u00f3n y actividad en Sierra Nevada | El Digital de Asturias","og:description":"El consejero andaluz de Turismo y Deporte, Francisco Javier Fern\u00e1ndez, ha defendido este lunes el &quot;esfuerzo extraordinario&quot; que est\u00e1 realizando Cetursa por tener &quot;los mayores ratios de ocupaci\u00f3n y actividad&quot; en la estaci\u00f3n de esqu\u00ed de Sierra Nevada ante la &quot;dificultad&quot; que supone que no haya &quot;nieve suficiente&quot;. El consejero ha realizado estas declaraciones a","og:url":"https:\/\/eldigitaldeasturias.com\/magazine365\/junta-defiende-el-esfuerzo-de-cetursa-por-mantener-ocupacion-y-actividad-en-sierra-nevada\/","og:image":"https:\/\/eldigitaldeasturias.com\/magazine365\/wp-content\/uploads\/2016\/02\/fotonoticia_20160201140340_800.jpg","og:image:secure_url":"https:\/\/eldigitaldeasturias.com\/magazine365\/wp-content\/uploads\/2016\/02\/fotonoticia_20160201140340_800.jpg","og:image:width":800,"og:image:height":450,"article:published_time":"2016-02-04T04:10:56+00:00","article:modified_time":"2016-02-04T04:10:56+00:00","twitter:card":"summary_large_image","twitter:title":"Junta defiende el \u00abesfuerzo\u00bb de Cetursa por mantener ocupaci\u00f3n y actividad en Sierra Nevada | El Digital de Asturias","twitter:description":"El consejero andaluz de Turismo y Deporte, Francisco Javier Fern\u00e1ndez, ha defendido este lunes el &quot;esfuerzo extraordinario&quot; que est\u00e1 realizando Cetursa por tener &quot;los mayores ratios de ocupaci\u00f3n y actividad&quot; en la estaci\u00f3n de esqu\u00ed de Sierra Nevada ante la &quot;dificultad&quot; que supone que no haya &quot;nieve suficiente&quot;. El consejero ha realizado estas declaraciones a","twitter:image":"https:\/\/eldigitaldeasturias.com\/magazine365\/wp-content\/uploads\/2016\/02\/fotonoticia_20160201140340_800.jpg"},"aioseo_meta_data":{"post_id":"62935","title":null,"description":null,"keywords":null,"keyphrases":null,"primary_term":null,"canonical_url":null,"og_title":null,"og_description":null,"og_object_type":"default","og_image_type":"default","og_image_url":null,"og_image_width":null,"og_image_height":null,"og_image_custom_url":null,"og_image_custom_fields":null,"og_video":null,"og_custom_url":null,"og_article_section":null,"og_article_tags":null,"twitter_use_og":false,"twitter_card":"default","twitter_image_type":"default","twitter_image_url":null,"twitter_image_custom_url":null,"twitter_image_custom_fields":null,"twitter_title":null,"twitter_description":null,"schema":{"blockGraphs":[],"customGraphs":[],"default":{"data":{"Article":[],"Course":[],"Dataset":[],"FAQPage":[],"Movie":[],"Person":[],"Product":[],"ProductReview":[],"Car":[],"Recipe":[],"Service":[],"SoftwareApplication":[],"WebPage":[]},"graphName":"","isEnabled":true},"graphs":[],"defaultGraph":"","defaultPostTypeGraph":""},"schema_type":null,"schema_type_options":null,"pillar_content":false,"robots_default":true,"robots_noindex":false,"robots_noarchive":false,"robots_nosnippet":false,"robots_nofollow":false,"robots_noimageindex":false,"robots_noodp":false,"robots_notranslate":false,"robots_max_snippet":null,"robots_max_videopreview":null,"robots_max_imagepreview":"large","priority":null,"frequency":null,"location":null,"local_seo":null,"seo_analyzer_scan_date":"2025-09-25 12:11:01","breadcrumb_settings":null,"limit_modified_date":false,"open_ai":null,"ai":null,"created":"2021-03-08 21:29:44","updated":"2025-09-25 12:11:01"},"aioseo_breadcrumb":"<div class=\"aioseo-breadcrumbs\"><span class=\"aioseo-breadcrumb\">\n\t<a href=\"https:\/\/eldigitaldeasturias.com\/magazine365\" title=\"Home\">Home<\/a>\n<\/span><span class=\"aioseo-breadcrumb-separator\">\u2013<\/span><span class=\"aioseo-breadcrumb\">\n\t<a href=\"https:\/\/eldigitaldeasturias.com\/magazine365\/category\/noticias-actualidad\/\" title=\"Noticias y Actualidad\">Noticias y Actualidad<\/a>\n<\/span><span class=\"aioseo-breadcrumb-separator\">\u2013<\/span><span class=\"aioseo-breadcrumb\">\n\t<a href=\"https:\/\/eldigitaldeasturias.com\/magazine365\/junta-defiende-el-esfuerzo-de-cetursa-por-mantener-ocupacion-y-actividad-en-sierra-nevada\/\" title=\"Junta defiende el \u00abesfuerzo\u00bb de Cetursa por mantener ocupaci\u00f3n y actividad en Sierra Nevada\">Junta defiende el \u00abesfuerzo\u00bb de Cetursa por mantener ocupaci\u00f3n y actividad en Sierra Nevada<\/a>\n<\/span><\/div>","aioseo_breadcrumb_json":[{"label":"Home","link":"https:\/\/eldigitaldeasturias.com\/magazine365"},{"label":"Noticias y Actualidad","link":"https:\/\/eldigitaldeasturias.com\/magazine365\/category\/noticias-actualidad\/"},{"label":"Junta defiende el \u00abesfuerzo\u00bb de Cetursa por mantener ocupaci\u00f3n y actividad en Sierra Nevada","link":"https:\/\/eldigitaldeasturias.com\/magazine365\/junta-defiende-el-esfuerzo-de-cetursa-por-mantener-ocupacion-y-actividad-en-sierra-nevada\/"}],"_links":{"self":[{"href":"https:\/\/eldigitaldeasturias.com\/magazine365\/wp-json\/wp\/v2\/posts\/62935","targetHints":{"allow":["GET"]}}],"collection":[{"href":"https:\/\/eldigitaldeasturias.com\/magazine365\/wp-json\/wp\/v2\/posts"}],"about":[{"href":"https:\/\/eldigitaldeasturias.com\/magazine365\/wp-json\/wp\/v2\/types\/post"}],"author":[{"embeddable":true,"href":"https:\/\/eldigitaldeasturias.com\/magazine365\/wp-json\/wp\/v2\/users\/1"}],"replies":[{"embeddable":true,"href":"https:\/\/eldigitaldeasturias.com\/magazine365\/wp-json\/wp\/v2\/comments?post=62935"}],"version-history":[{"count":0,"href":"https:\/\/eldigitaldeasturias.com\/magazine365\/wp-json\/wp\/v2\/posts\/62935\/revisions"}],"wp:featuredmedia":[{"embeddable":true,"href":"https:\/\/eldigitaldeasturias.com\/magazine365\/wp-json\/wp\/v2\/media\/62936"}],"wp:attachment":[{"href":"https:\/\/eldigitaldeasturias.com\/magazine365\/wp-json\/wp\/v2\/media?parent=62935"}],"wp:term":[{"taxonomy":"category","embeddable":true,"href":"https:\/\/eldigitaldeasturias.com\/magazine365\/wp-json\/wp\/v2\/categories?post=62935"},{"taxonomy":"post_tag","embeddable":true,"href":"https:\/\/eldigitaldeasturias.com\/magazine365\/wp-json\/wp\/v2\/tags?post=62935"}],"curies":[{"name":"wp","href":"https:\/\/api.w.org\/{rel}","templated":true}]}}