{"id":62932,"date":"2016-02-04T05:10:03","date_gmt":"2016-02-04T04:10:03","guid":{"rendered":"http:\/\/eldigitaldeasturias.com\/magazine365\/?p=62932"},"modified":"2016-02-04T05:10:03","modified_gmt":"2016-02-04T04:10:03","slug":"junta-y-diputaciones-disenan-la-estrategia-para-la-promocion-turistica-de-las-provincias-durante-2016","status":"publish","type":"post","link":"https:\/\/eldigitaldeasturias.com\/magazine365\/junta-y-diputaciones-disenan-la-estrategia-para-la-promocion-turistica-de-las-provincias-durante-2016\/","title":{"rendered":"Junta y diputaciones dise\u00f1an la estrategia para la promoci\u00f3n tur\u00edstica de las provincias durante 2016"},"content":{"rendered":"<p><img fetchpriority=\"high\" decoding=\"async\" class=\"alignleft size-medium wp-image-62933\" src=\"https:\/\/eldigitaldeasturias.com\/magazine365\/wp-content\/uploads\/2016\/02\/fotonoticia_20160201140312_800-360x203.jpg\" alt=\"fotonoticia_20160201140312_800\" width=\"360\" height=\"203\" srcset=\"https:\/\/eldigitaldeasturias.com\/magazine365\/wp-content\/uploads\/2016\/02\/fotonoticia_20160201140312_800-360x203.jpg 360w, https:\/\/eldigitaldeasturias.com\/magazine365\/wp-content\/uploads\/2016\/02\/fotonoticia_20160201140312_800-650x366.jpg 650w, https:\/\/eldigitaldeasturias.com\/magazine365\/wp-content\/uploads\/2016\/02\/fotonoticia_20160201140312_800-768x432.jpg 768w, https:\/\/eldigitaldeasturias.com\/magazine365\/wp-content\/uploads\/2016\/02\/fotonoticia_20160201140312_800-150x84.jpg 150w, https:\/\/eldigitaldeasturias.com\/magazine365\/wp-content\/uploads\/2016\/02\/fotonoticia_20160201140312_800-450x253.jpg 450w, https:\/\/eldigitaldeasturias.com\/magazine365\/wp-content\/uploads\/2016\/02\/fotonoticia_20160201140312_800-696x392.jpg 696w, https:\/\/eldigitaldeasturias.com\/magazine365\/wp-content\/uploads\/2016\/02\/fotonoticia_20160201140312_800-747x420.jpg 747w, https:\/\/eldigitaldeasturias.com\/magazine365\/wp-content\/uploads\/2016\/02\/fotonoticia_20160201140312_800-499x280.jpg 499w, https:\/\/eldigitaldeasturias.com\/magazine365\/wp-content\/uploads\/2016\/02\/fotonoticia_20160201140312_800-510x289.jpg 510w, https:\/\/eldigitaldeasturias.com\/magazine365\/wp-content\/uploads\/2016\/02\/fotonoticia_20160201140312_800.jpg 800w\" sizes=\"(max-width: 360px) 100vw, 360px\" \/>El consejero andaluz de Turismo y Deporte, Francisco Javier Fern\u00e1ndez, ha firmado este lunes con los Patronatos Provinciales de Turismo los convenios de colaboraci\u00f3n para la ejecuci\u00f3n de las medidas contempladas en el Plan de Acci\u00f3n 2016 de Andaluc\u00eda.<\/p>\n<p>La inversi\u00f3n total destinada a la promoci\u00f3n tur\u00edstica provincial supera los cinco millones de euros, de los cuales la Consejer\u00eda de Turismo y Deporte aporta algo m\u00e1s de 3,3 millones de euros. Durante la firma, el consejero ha destacado que las acciones programadas han sido dise\u00f1adas con el principal objetivo de generar negocio, crear empleo, impulsar la comercializaci\u00f3n de la oferta y atraer nuevos clientes objetivo.<\/p>\n<p>Durante el acto, Fern\u00e1ndez ha subrayado el consenso existente entre todos los agentes del sector a la hora de elaborar la estrategia promocional andaluza, un documento \u00ab\u00fanico para el conjunto del territorio andaluz, global e integrador\u00bb que, seg\u00fan ha se\u00f1alado, \u00abconsolidar\u00e1 a Andaluc\u00eda como destino referencia en Europa\u00bb.<\/p>\n<p>Los convenios firmados con los distintos patronatos clasifican las acciones que se van a realizar para promocionar las distintas provincias en tres grandes apartados: participaci\u00f3n conjunta en Fitur, cuya inversi\u00f3n asume la Consejer\u00eda en su totalidad; acciones especiales, que son aquellas programadas a propuesta de cada uno de los Patronatos y financiadas entre ambas partes, de las que ya hay previstas m\u00e1s de 80 durante 2016; y, por \u00faltimo, acciones inversas, que son las actuaciones mediante las que los intermediarios tur\u00edsticos y medios de comunicaci\u00f3n se desplazan a Andaluc\u00eda para conocer in situ la oferta del destino, y que est\u00e1n financiadas al 50 por ciento entre ambas partes.<\/p>\n<p>El Plan de Acci\u00f3n 2016 recoge el conjunto de acciones promocionales que se desarrollar\u00e1n durante el a\u00f1o en el mercado nacional e internacional y contempla la realizaci\u00f3n de alrededor de 600 actuaciones de m\u00e1s de 25 segmentos representativos de la oferta andaluza a trav\u00e9s de 17 herramientas promocionales distintas que difundir\u00e1n Andaluc\u00eda en medio centenar de pa\u00edses. El documento incluye, adem\u00e1s, unos 350 indicadores de seguimiento y control para evaluar la efectividad de las acciones y contempla m\u00e1s de un centenar de acciones formativas para fomentar la competitividad del destino.<\/p>\n<p>PERSPECTIVAS PARA 2016<\/p>\n<p>El consejero se ha mostrado confiado en superar los 27 millones de turistas durante este a\u00f1o, lo que supondr\u00eda un incremento del 5,2 por ciento con respecto a 2015, \u00abtodo un reto\u00bb, seg\u00fan sus palabras. En este sentido, ha afirmado que Andaluc\u00eda parte de \u00abuna posici\u00f3n privilegiada, con una oferta reconocida internacionalmente que se ve respaldada por una demanda creciente\u00bb.<\/p>\n<p>As\u00ed, Fern\u00e1ndez, que ha valorado la implicaci\u00f3n tur\u00edstica de la comunidad, sus empresarios, trabajadores, agentes e instituciones, ha apelado a la \u00abresponsabilidad\u00bb de todos \u00abpara aprovechar estas ventajas con el fin de reforzar la posici\u00f3n competitiva de Andaluc\u00eda\u00bb.<\/p>\n<p>A la espera del balance definitivo, el consejero ha indicado que la situaci\u00f3n de la industria tur\u00edstica andaluza y de los principales mercados invita a pensar que \u00abestamos ante una oportunidad excelente para fortalecer a\u00fan m\u00e1s nuestro destino\u00bb.<\/p>\n<p>As\u00ed, ha recordado que la comunidad super\u00f3 con solvencia en 2015 el n\u00famero de turistas registrados durante el ejercicio anterior, destacando los incrementos en viajeros alojados y pernoctaciones hoteleras, \u00abuno de los mayores aumentos del pa\u00eds\u00bb, que ha superado en m\u00e1s de dos puntos porcentuales la media nacional. Toda esta actividad econ\u00f3mica ha generado alrededor de 17.600 millones de euros por ingresos tur\u00edsticos, un cinco por ciento m\u00e1s.<\/p>\n<p>El Plan de Acci\u00f3n 2016 es el \u00faltimo documento anual procedente del actual Plan Director de Promoci\u00f3n Tur\u00edstica 2013-2016, que tiene como objetivos disminuir la estacionalidad y aumentar el gasto medio, mantener el liderazgo en el mercado nacional y apostar por el turismo de proximidad, mejorar la cuota de mercado en emisores tradicionales y la posici\u00f3n competitiva en emergentes y lejanos, as\u00ed como generar nuevos productos e incidir en la complementariedad de la oferta.<\/p>\n<p>\u00abSATISFACCI\u00d3N\u00bb DE LAS DIPUTACIONES<\/p>\n<p>Por su parte, los presidentes de las distintas diputaciones andaluzas se han mostrado satisfechos y \u00abcontentos\u00bb con la firma de este convenio que escenifica la \u00abestrecha\u00bb relaci\u00f3n existente entre la Junta y las corporaciones locales y que \u00abcontiene la promoci\u00f3n tur\u00edstica\u00bb de sus provincias.<\/p>\n<p>El presidente de la Diputaci\u00f3n de Sevilla, Fernando Rodr\u00edguez Villalobos, que ha hablado a los medios tras la firma del acto en representaci\u00f3n de las ocho instituciones provinciales, ha destacado que \u00abgracias a estas promociones se ha incrementado el n\u00famero de pernoctaciones y viajeros\u00bb en las respectivas provincias.<\/p>\n<p>\u00abEsto para nosotros es muy importante porque ha convertido el desarrollo en materia tur\u00edstica en parte del estern\u00f3n de la econom\u00eda de nuestros pueblos, por tanto lo que antes era un sue\u00f1o de una noche de verano hoy se ha convertido en realidad\u00bb, puesto que \u00abantes viv\u00edamos fundamentalmente del sector primario, del campo, y nos hemos dado cuenta que hay otras alternativas y lo hemos puesto en funcionamiento\u00bb, ha relatado.<\/p>\n<p>Rodr\u00edguez Villalobos ha subrayado que, aunque cada Diputaci\u00f3n \u00abvende\u00bb su producto, todas est\u00e1n bajo el paraguas de la Consejer\u00eda de Turismo, como se ha visto en la Feria Internacional de Turismo (Fitur), donde se ha representado la unidad de las provincias en torno a la \u00abmarca Andaluc\u00eda\u00bb.<\/p>\n<p>Seg\u00fan ha a\u00f1adido, estas ayudas que hace el Gobierno de Andaluc\u00eda permite a las instituciones provinciales \u00abseguir hacia delante\u00bb y cumplir \u00ablos objetivos trazados\u00bb.<\/p>\n","protected":false},"excerpt":{"rendered":"<p>El consejero andaluz de Turismo y Deporte, Francisco Javier Fern\u00e1ndez, ha firmado este lunes con los Patronatos Provinciales de Turismo los convenios de colaboraci\u00f3n para la ejecuci\u00f3n de las medidas contempladas en el Plan de Acci\u00f3n 2016 de Andaluc\u00eda. La inversi\u00f3n total destinada a la promoci\u00f3n tur\u00edstica provincial supera los cinco millones de euros, de<\/p>\n","protected":false},"author":1,"featured_media":62933,"comment_status":"open","ping_status":"closed","sticky":false,"template":"","format":"standard","meta":{"footnotes":""},"categories":[224],"tags":[],"class_list":{"0":"post-62932","1":"post","2":"type-post","3":"status-publish","4":"format-standard","5":"has-post-thumbnail","7":"category-noticias-actualidad"},"aioseo_notices":[],"aioseo_head":"\n\t\t<!-- All in One SEO Pro 4.9.6.1 - aioseo.com -->\n\t<meta name=\"description\" content=\"El consejero andaluz de Turismo y Deporte, Francisco Javier Fern\u00e1ndez, ha firmado este lunes con los Patronatos Provinciales de Turismo los convenios de colaboraci\u00f3n para la ejecuci\u00f3n de las medidas contempladas en el Plan de Acci\u00f3n 2016 de Andaluc\u00eda. La inversi\u00f3n total destinada a la promoci\u00f3n tur\u00edstica provincial supera los cinco millones de euros, de\" \/>\n\t<meta name=\"robots\" content=\"max-image-preview:large\" \/>\n\t<meta name=\"author\" content=\"admin\"\/>\n\t<meta name=\"google-site-verification\" content=\"UA-38556648-1\" \/>\n\t<meta name=\"keywords\" content=\"noticias y actualidad\" \/>\n\t<link rel=\"canonical\" href=\"https:\/\/eldigitaldeasturias.com\/magazine365\/junta-y-diputaciones-disenan-la-estrategia-para-la-promocion-turistica-de-las-provincias-durante-2016\/\" \/>\n\t<meta name=\"generator\" content=\"All in One SEO Pro (AIOSEO) 4.9.6.1\" \/>\n\t\t<meta property=\"og:locale\" content=\"es_ES\" \/>\n\t\t<meta property=\"og:site_name\" content=\"El Digital de Asturias \u2013 Revista de ocio, turismo y estilo de vida\" \/>\n\t\t<meta property=\"og:type\" content=\"article\" \/>\n\t\t<meta property=\"og:title\" content=\"Junta y diputaciones dise\u00f1an la estrategia para la promoci\u00f3n tur\u00edstica de las provincias durante 2016 | El Digital de Asturias\" \/>\n\t\t<meta property=\"og:description\" content=\"El consejero andaluz de Turismo y Deporte, Francisco Javier Fern\u00e1ndez, ha firmado este lunes con los Patronatos Provinciales de Turismo los convenios de colaboraci\u00f3n para la ejecuci\u00f3n de las medidas contempladas en el Plan de Acci\u00f3n 2016 de Andaluc\u00eda. La inversi\u00f3n total destinada a la promoci\u00f3n tur\u00edstica provincial supera los cinco millones de euros, de\" \/>\n\t\t<meta property=\"og:url\" content=\"https:\/\/eldigitaldeasturias.com\/magazine365\/junta-y-diputaciones-disenan-la-estrategia-para-la-promocion-turistica-de-las-provincias-durante-2016\/\" \/>\n\t\t<meta property=\"og:image\" content=\"https:\/\/eldigitaldeasturias.com\/magazine365\/wp-content\/uploads\/2016\/02\/fotonoticia_20160201140312_800.jpg\" \/>\n\t\t<meta property=\"og:image:secure_url\" content=\"https:\/\/eldigitaldeasturias.com\/magazine365\/wp-content\/uploads\/2016\/02\/fotonoticia_20160201140312_800.jpg\" \/>\n\t\t<meta property=\"og:image:width\" content=\"800\" \/>\n\t\t<meta property=\"og:image:height\" content=\"450\" \/>\n\t\t<meta property=\"article:published_time\" content=\"2016-02-04T04:10:03+00:00\" \/>\n\t\t<meta property=\"article:modified_time\" content=\"2016-02-04T04:10:03+00:00\" \/>\n\t\t<meta name=\"twitter:card\" content=\"summary_large_image\" \/>\n\t\t<meta name=\"twitter:title\" content=\"Junta y diputaciones dise\u00f1an la estrategia para la promoci\u00f3n tur\u00edstica de las provincias durante 2016 | El Digital de Asturias\" \/>\n\t\t<meta name=\"twitter:description\" content=\"El consejero andaluz de Turismo y Deporte, Francisco Javier Fern\u00e1ndez, ha firmado este lunes con los Patronatos Provinciales de Turismo los convenios de colaboraci\u00f3n para la ejecuci\u00f3n de las medidas contempladas en el Plan de Acci\u00f3n 2016 de Andaluc\u00eda. La inversi\u00f3n total destinada a la promoci\u00f3n tur\u00edstica provincial supera los cinco millones de euros, de\" \/>\n\t\t<meta name=\"twitter:image\" content=\"https:\/\/eldigitaldeasturias.com\/magazine365\/wp-content\/uploads\/2016\/02\/fotonoticia_20160201140312_800.jpg\" \/>\n\t\t<script type=\"application\/ld+json\" class=\"aioseo-schema\">\n\t\t\t{\"@context\":\"https:\\\/\\\/schema.org\",\"@graph\":[{\"@type\":\"Article\",\"@id\":\"https:\\\/\\\/eldigitaldeasturias.com\\\/magazine365\\\/junta-y-diputaciones-disenan-la-estrategia-para-la-promocion-turistica-de-las-provincias-durante-2016\\\/#article\",\"name\":\"Junta y diputaciones dise\\u00f1an la estrategia para la promoci\\u00f3n tur\\u00edstica de las provincias durante 2016 | El Digital de Asturias\",\"headline\":\"Junta y diputaciones dise\\u00f1an la estrategia para la promoci\\u00f3n tur\\u00edstica de las provincias durante 2016\",\"author\":{\"@id\":\"https:\\\/\\\/eldigitaldeasturias.com\\\/magazine365\\\/author\\\/admin\\\/#author\"},\"publisher\":{\"@id\":\"https:\\\/\\\/eldigitaldeasturias.com\\\/magazine365\\\/#organization\"},\"image\":{\"@type\":\"ImageObject\",\"url\":\"https:\\\/\\\/eldigitaldeasturias.com\\\/magazine365\\\/wp-content\\\/uploads\\\/2016\\\/02\\\/fotonoticia_20160201140312_800.jpg\",\"width\":800,\"height\":450},\"datePublished\":\"2016-02-04T05:10:03+01:00\",\"dateModified\":\"2016-02-04T05:10:03+01:00\",\"inLanguage\":\"es-ES\",\"mainEntityOfPage\":{\"@id\":\"https:\\\/\\\/eldigitaldeasturias.com\\\/magazine365\\\/junta-y-diputaciones-disenan-la-estrategia-para-la-promocion-turistica-de-las-provincias-durante-2016\\\/#webpage\"},\"isPartOf\":{\"@id\":\"https:\\\/\\\/eldigitaldeasturias.com\\\/magazine365\\\/junta-y-diputaciones-disenan-la-estrategia-para-la-promocion-turistica-de-las-provincias-durante-2016\\\/#webpage\"},\"articleSection\":\"Noticias y Actualidad\"},{\"@type\":\"BreadcrumbList\",\"@id\":\"https:\\\/\\\/eldigitaldeasturias.com\\\/magazine365\\\/junta-y-diputaciones-disenan-la-estrategia-para-la-promocion-turistica-de-las-provincias-durante-2016\\\/#breadcrumblist\",\"itemListElement\":[{\"@type\":\"ListItem\",\"@id\":\"https:\\\/\\\/eldigitaldeasturias.com\\\/magazine365#listItem\",\"position\":1,\"name\":\"Home\",\"item\":\"https:\\\/\\\/eldigitaldeasturias.com\\\/magazine365\",\"nextItem\":{\"@type\":\"ListItem\",\"@id\":\"https:\\\/\\\/eldigitaldeasturias.com\\\/magazine365\\\/category\\\/noticias-actualidad\\\/#listItem\",\"name\":\"Noticias y Actualidad\"}},{\"@type\":\"ListItem\",\"@id\":\"https:\\\/\\\/eldigitaldeasturias.com\\\/magazine365\\\/category\\\/noticias-actualidad\\\/#listItem\",\"position\":2,\"name\":\"Noticias y Actualidad\",\"item\":\"https:\\\/\\\/eldigitaldeasturias.com\\\/magazine365\\\/category\\\/noticias-actualidad\\\/\",\"nextItem\":{\"@type\":\"ListItem\",\"@id\":\"https:\\\/\\\/eldigitaldeasturias.com\\\/magazine365\\\/junta-y-diputaciones-disenan-la-estrategia-para-la-promocion-turistica-de-las-provincias-durante-2016\\\/#listItem\",\"name\":\"Junta y diputaciones dise\\u00f1an la estrategia para la promoci\\u00f3n tur\\u00edstica de las provincias durante 2016\"},\"previousItem\":{\"@type\":\"ListItem\",\"@id\":\"https:\\\/\\\/eldigitaldeasturias.com\\\/magazine365#listItem\",\"name\":\"Home\"}},{\"@type\":\"ListItem\",\"@id\":\"https:\\\/\\\/eldigitaldeasturias.com\\\/magazine365\\\/junta-y-diputaciones-disenan-la-estrategia-para-la-promocion-turistica-de-las-provincias-durante-2016\\\/#listItem\",\"position\":3,\"name\":\"Junta y diputaciones dise\\u00f1an la estrategia para la promoci\\u00f3n tur\\u00edstica de las provincias durante 2016\",\"previousItem\":{\"@type\":\"ListItem\",\"@id\":\"https:\\\/\\\/eldigitaldeasturias.com\\\/magazine365\\\/category\\\/noticias-actualidad\\\/#listItem\",\"name\":\"Noticias y Actualidad\"}}]},{\"@type\":\"Organization\",\"@id\":\"https:\\\/\\\/eldigitaldeasturias.com\\\/magazine365\\\/#organization\",\"name\":\"El digital de Asturias\",\"description\":\"Revista de ocio, turismo y estilo de vida\",\"url\":\"https:\\\/\\\/eldigitaldeasturias.com\\\/magazine365\\\/\",\"logo\":{\"@type\":\"ImageObject\",\"url\":\"https:\\\/\\\/www.eldigitaldeasturias.com\\\/noticias\\\/wp-content\\\/uploads\\\/2020\\\/12\\\/EDA.jpg\",\"@id\":\"https:\\\/\\\/eldigitaldeasturias.com\\\/magazine365\\\/junta-y-diputaciones-disenan-la-estrategia-para-la-promocion-turistica-de-las-provincias-durante-2016\\\/#organizationLogo\"},\"image\":{\"@id\":\"https:\\\/\\\/eldigitaldeasturias.com\\\/magazine365\\\/junta-y-diputaciones-disenan-la-estrategia-para-la-promocion-turistica-de-las-provincias-durante-2016\\\/#organizationLogo\"}},{\"@type\":\"Person\",\"@id\":\"https:\\\/\\\/eldigitaldeasturias.com\\\/magazine365\\\/author\\\/admin\\\/#author\",\"url\":\"https:\\\/\\\/eldigitaldeasturias.com\\\/magazine365\\\/author\\\/admin\\\/\",\"name\":\"admin\",\"image\":{\"@type\":\"ImageObject\",\"@id\":\"https:\\\/\\\/eldigitaldeasturias.com\\\/magazine365\\\/junta-y-diputaciones-disenan-la-estrategia-para-la-promocion-turistica-de-las-provincias-durante-2016\\\/#authorImage\",\"url\":\"https:\\\/\\\/eldigitaldeasturias.com\\\/magazine365\\\/wp-content\\\/litespeed\\\/avatar\\\/e571bcf59a0edd6fa6838245a470f2fe.jpg?ver=1776969259\",\"width\":96,\"height\":96,\"caption\":\"admin\"}},{\"@type\":\"WebPage\",\"@id\":\"https:\\\/\\\/eldigitaldeasturias.com\\\/magazine365\\\/junta-y-diputaciones-disenan-la-estrategia-para-la-promocion-turistica-de-las-provincias-durante-2016\\\/#webpage\",\"url\":\"https:\\\/\\\/eldigitaldeasturias.com\\\/magazine365\\\/junta-y-diputaciones-disenan-la-estrategia-para-la-promocion-turistica-de-las-provincias-durante-2016\\\/\",\"name\":\"Junta y diputaciones dise\\u00f1an la estrategia para la promoci\\u00f3n tur\\u00edstica de las provincias durante 2016 | El Digital de Asturias\",\"description\":\"El consejero andaluz de Turismo y Deporte, Francisco Javier Fern\\u00e1ndez, ha firmado este lunes con los Patronatos Provinciales de Turismo los convenios de colaboraci\\u00f3n para la ejecuci\\u00f3n de las medidas contempladas en el Plan de Acci\\u00f3n 2016 de Andaluc\\u00eda. La inversi\\u00f3n total destinada a la promoci\\u00f3n tur\\u00edstica provincial supera los cinco millones de euros, de\",\"inLanguage\":\"es-ES\",\"isPartOf\":{\"@id\":\"https:\\\/\\\/eldigitaldeasturias.com\\\/magazine365\\\/#website\"},\"breadcrumb\":{\"@id\":\"https:\\\/\\\/eldigitaldeasturias.com\\\/magazine365\\\/junta-y-diputaciones-disenan-la-estrategia-para-la-promocion-turistica-de-las-provincias-durante-2016\\\/#breadcrumblist\"},\"author\":{\"@id\":\"https:\\\/\\\/eldigitaldeasturias.com\\\/magazine365\\\/author\\\/admin\\\/#author\"},\"creator\":{\"@id\":\"https:\\\/\\\/eldigitaldeasturias.com\\\/magazine365\\\/author\\\/admin\\\/#author\"},\"image\":{\"@type\":\"ImageObject\",\"url\":\"https:\\\/\\\/eldigitaldeasturias.com\\\/magazine365\\\/wp-content\\\/uploads\\\/2016\\\/02\\\/fotonoticia_20160201140312_800.jpg\",\"@id\":\"https:\\\/\\\/eldigitaldeasturias.com\\\/magazine365\\\/junta-y-diputaciones-disenan-la-estrategia-para-la-promocion-turistica-de-las-provincias-durante-2016\\\/#mainImage\",\"width\":800,\"height\":450},\"primaryImageOfPage\":{\"@id\":\"https:\\\/\\\/eldigitaldeasturias.com\\\/magazine365\\\/junta-y-diputaciones-disenan-la-estrategia-para-la-promocion-turistica-de-las-provincias-durante-2016\\\/#mainImage\"},\"datePublished\":\"2016-02-04T05:10:03+01:00\",\"dateModified\":\"2016-02-04T05:10:03+01:00\"},{\"@type\":\"WebSite\",\"@id\":\"https:\\\/\\\/eldigitaldeasturias.com\\\/magazine365\\\/#website\",\"url\":\"https:\\\/\\\/eldigitaldeasturias.com\\\/magazine365\\\/\",\"name\":\"El Digital de Asturias\",\"description\":\"Revista de ocio, turismo y estilo de vida\",\"inLanguage\":\"es-ES\",\"publisher\":{\"@id\":\"https:\\\/\\\/eldigitaldeasturias.com\\\/magazine365\\\/#organization\"}}]}\n\t\t<\/script>\n\t\t<!-- All in One SEO Pro -->\r\n\t\t<title>Junta y diputaciones dise\u00f1an la estrategia para la promoci\u00f3n tur\u00edstica de las provincias durante 2016 | El Digital de Asturias<\/title>\n\n","aioseo_head_json":{"title":"Junta y diputaciones dise\u00f1an la estrategia para la promoci\u00f3n tur\u00edstica de las provincias durante 2016 | El Digital de Asturias","description":"El consejero andaluz de Turismo y Deporte, Francisco Javier Fern\u00e1ndez, ha firmado este lunes con los Patronatos Provinciales de Turismo los convenios de colaboraci\u00f3n para la ejecuci\u00f3n de las medidas contempladas en el Plan de Acci\u00f3n 2016 de Andaluc\u00eda. La inversi\u00f3n total destinada a la promoci\u00f3n tur\u00edstica provincial supera los cinco millones de euros, de","canonical_url":"https:\/\/eldigitaldeasturias.com\/magazine365\/junta-y-diputaciones-disenan-la-estrategia-para-la-promocion-turistica-de-las-provincias-durante-2016\/","robots":"max-image-preview:large","keywords":"noticias y actualidad","webmasterTools":{"google-site-verification":"UA-38556648-1","miscellaneous":""},"schema":{"@context":"https:\/\/schema.org","@graph":[{"@type":"Article","@id":"https:\/\/eldigitaldeasturias.com\/magazine365\/junta-y-diputaciones-disenan-la-estrategia-para-la-promocion-turistica-de-las-provincias-durante-2016\/#article","name":"Junta y diputaciones dise\u00f1an la estrategia para la promoci\u00f3n tur\u00edstica de las provincias durante 2016 | El Digital de Asturias","headline":"Junta y diputaciones dise\u00f1an la estrategia para la promoci\u00f3n tur\u00edstica de las provincias durante 2016","author":{"@id":"https:\/\/eldigitaldeasturias.com\/magazine365\/author\/admin\/#author"},"publisher":{"@id":"https:\/\/eldigitaldeasturias.com\/magazine365\/#organization"},"image":{"@type":"ImageObject","url":"https:\/\/eldigitaldeasturias.com\/magazine365\/wp-content\/uploads\/2016\/02\/fotonoticia_20160201140312_800.jpg","width":800,"height":450},"datePublished":"2016-02-04T05:10:03+01:00","dateModified":"2016-02-04T05:10:03+01:00","inLanguage":"es-ES","mainEntityOfPage":{"@id":"https:\/\/eldigitaldeasturias.com\/magazine365\/junta-y-diputaciones-disenan-la-estrategia-para-la-promocion-turistica-de-las-provincias-durante-2016\/#webpage"},"isPartOf":{"@id":"https:\/\/eldigitaldeasturias.com\/magazine365\/junta-y-diputaciones-disenan-la-estrategia-para-la-promocion-turistica-de-las-provincias-durante-2016\/#webpage"},"articleSection":"Noticias y Actualidad"},{"@type":"BreadcrumbList","@id":"https:\/\/eldigitaldeasturias.com\/magazine365\/junta-y-diputaciones-disenan-la-estrategia-para-la-promocion-turistica-de-las-provincias-durante-2016\/#breadcrumblist","itemListElement":[{"@type":"ListItem","@id":"https:\/\/eldigitaldeasturias.com\/magazine365#listItem","position":1,"name":"Home","item":"https:\/\/eldigitaldeasturias.com\/magazine365","nextItem":{"@type":"ListItem","@id":"https:\/\/eldigitaldeasturias.com\/magazine365\/category\/noticias-actualidad\/#listItem","name":"Noticias y Actualidad"}},{"@type":"ListItem","@id":"https:\/\/eldigitaldeasturias.com\/magazine365\/category\/noticias-actualidad\/#listItem","position":2,"name":"Noticias y Actualidad","item":"https:\/\/eldigitaldeasturias.com\/magazine365\/category\/noticias-actualidad\/","nextItem":{"@type":"ListItem","@id":"https:\/\/eldigitaldeasturias.com\/magazine365\/junta-y-diputaciones-disenan-la-estrategia-para-la-promocion-turistica-de-las-provincias-durante-2016\/#listItem","name":"Junta y diputaciones dise\u00f1an la estrategia para la promoci\u00f3n tur\u00edstica de las provincias durante 2016"},"previousItem":{"@type":"ListItem","@id":"https:\/\/eldigitaldeasturias.com\/magazine365#listItem","name":"Home"}},{"@type":"ListItem","@id":"https:\/\/eldigitaldeasturias.com\/magazine365\/junta-y-diputaciones-disenan-la-estrategia-para-la-promocion-turistica-de-las-provincias-durante-2016\/#listItem","position":3,"name":"Junta y diputaciones dise\u00f1an la estrategia para la promoci\u00f3n tur\u00edstica de las provincias durante 2016","previousItem":{"@type":"ListItem","@id":"https:\/\/eldigitaldeasturias.com\/magazine365\/category\/noticias-actualidad\/#listItem","name":"Noticias y Actualidad"}}]},{"@type":"Organization","@id":"https:\/\/eldigitaldeasturias.com\/magazine365\/#organization","name":"El digital de Asturias","description":"Revista de ocio, turismo y estilo de vida","url":"https:\/\/eldigitaldeasturias.com\/magazine365\/","logo":{"@type":"ImageObject","url":"https:\/\/www.eldigitaldeasturias.com\/noticias\/wp-content\/uploads\/2020\/12\/EDA.jpg","@id":"https:\/\/eldigitaldeasturias.com\/magazine365\/junta-y-diputaciones-disenan-la-estrategia-para-la-promocion-turistica-de-las-provincias-durante-2016\/#organizationLogo"},"image":{"@id":"https:\/\/eldigitaldeasturias.com\/magazine365\/junta-y-diputaciones-disenan-la-estrategia-para-la-promocion-turistica-de-las-provincias-durante-2016\/#organizationLogo"}},{"@type":"Person","@id":"https:\/\/eldigitaldeasturias.com\/magazine365\/author\/admin\/#author","url":"https:\/\/eldigitaldeasturias.com\/magazine365\/author\/admin\/","name":"admin","image":{"@type":"ImageObject","@id":"https:\/\/eldigitaldeasturias.com\/magazine365\/junta-y-diputaciones-disenan-la-estrategia-para-la-promocion-turistica-de-las-provincias-durante-2016\/#authorImage","url":"https:\/\/eldigitaldeasturias.com\/magazine365\/wp-content\/litespeed\/avatar\/e571bcf59a0edd6fa6838245a470f2fe.jpg?ver=1776969259","width":96,"height":96,"caption":"admin"}},{"@type":"WebPage","@id":"https:\/\/eldigitaldeasturias.com\/magazine365\/junta-y-diputaciones-disenan-la-estrategia-para-la-promocion-turistica-de-las-provincias-durante-2016\/#webpage","url":"https:\/\/eldigitaldeasturias.com\/magazine365\/junta-y-diputaciones-disenan-la-estrategia-para-la-promocion-turistica-de-las-provincias-durante-2016\/","name":"Junta y diputaciones dise\u00f1an la estrategia para la promoci\u00f3n tur\u00edstica de las provincias durante 2016 | El Digital de Asturias","description":"El consejero andaluz de Turismo y Deporte, Francisco Javier Fern\u00e1ndez, ha firmado este lunes con los Patronatos Provinciales de Turismo los convenios de colaboraci\u00f3n para la ejecuci\u00f3n de las medidas contempladas en el Plan de Acci\u00f3n 2016 de Andaluc\u00eda. La inversi\u00f3n total destinada a la promoci\u00f3n tur\u00edstica provincial supera los cinco millones de euros, de","inLanguage":"es-ES","isPartOf":{"@id":"https:\/\/eldigitaldeasturias.com\/magazine365\/#website"},"breadcrumb":{"@id":"https:\/\/eldigitaldeasturias.com\/magazine365\/junta-y-diputaciones-disenan-la-estrategia-para-la-promocion-turistica-de-las-provincias-durante-2016\/#breadcrumblist"},"author":{"@id":"https:\/\/eldigitaldeasturias.com\/magazine365\/author\/admin\/#author"},"creator":{"@id":"https:\/\/eldigitaldeasturias.com\/magazine365\/author\/admin\/#author"},"image":{"@type":"ImageObject","url":"https:\/\/eldigitaldeasturias.com\/magazine365\/wp-content\/uploads\/2016\/02\/fotonoticia_20160201140312_800.jpg","@id":"https:\/\/eldigitaldeasturias.com\/magazine365\/junta-y-diputaciones-disenan-la-estrategia-para-la-promocion-turistica-de-las-provincias-durante-2016\/#mainImage","width":800,"height":450},"primaryImageOfPage":{"@id":"https:\/\/eldigitaldeasturias.com\/magazine365\/junta-y-diputaciones-disenan-la-estrategia-para-la-promocion-turistica-de-las-provincias-durante-2016\/#mainImage"},"datePublished":"2016-02-04T05:10:03+01:00","dateModified":"2016-02-04T05:10:03+01:00"},{"@type":"WebSite","@id":"https:\/\/eldigitaldeasturias.com\/magazine365\/#website","url":"https:\/\/eldigitaldeasturias.com\/magazine365\/","name":"El Digital de Asturias","description":"Revista de ocio, turismo y estilo de vida","inLanguage":"es-ES","publisher":{"@id":"https:\/\/eldigitaldeasturias.com\/magazine365\/#organization"}}]},"og:locale":"es_ES","og:site_name":"El Digital de Asturias \u2013 Revista de ocio, turismo y estilo de vida","og:type":"article","og:title":"Junta y diputaciones dise\u00f1an la estrategia para la promoci\u00f3n tur\u00edstica de las provincias durante 2016 | El Digital de Asturias","og:description":"El consejero andaluz de Turismo y Deporte, Francisco Javier Fern\u00e1ndez, ha firmado este lunes con los Patronatos Provinciales de Turismo los convenios de colaboraci\u00f3n para la ejecuci\u00f3n de las medidas contempladas en el Plan de Acci\u00f3n 2016 de Andaluc\u00eda. La inversi\u00f3n total destinada a la promoci\u00f3n tur\u00edstica provincial supera los cinco millones de euros, de","og:url":"https:\/\/eldigitaldeasturias.com\/magazine365\/junta-y-diputaciones-disenan-la-estrategia-para-la-promocion-turistica-de-las-provincias-durante-2016\/","og:image":"https:\/\/eldigitaldeasturias.com\/magazine365\/wp-content\/uploads\/2016\/02\/fotonoticia_20160201140312_800.jpg","og:image:secure_url":"https:\/\/eldigitaldeasturias.com\/magazine365\/wp-content\/uploads\/2016\/02\/fotonoticia_20160201140312_800.jpg","og:image:width":800,"og:image:height":450,"article:published_time":"2016-02-04T04:10:03+00:00","article:modified_time":"2016-02-04T04:10:03+00:00","twitter:card":"summary_large_image","twitter:title":"Junta y diputaciones dise\u00f1an la estrategia para la promoci\u00f3n tur\u00edstica de las provincias durante 2016 | El Digital de Asturias","twitter:description":"El consejero andaluz de Turismo y Deporte, Francisco Javier Fern\u00e1ndez, ha firmado este lunes con los Patronatos Provinciales de Turismo los convenios de colaboraci\u00f3n para la ejecuci\u00f3n de las medidas contempladas en el Plan de Acci\u00f3n 2016 de Andaluc\u00eda. La inversi\u00f3n total destinada a la promoci\u00f3n tur\u00edstica provincial supera los cinco millones de euros, de","twitter:image":"https:\/\/eldigitaldeasturias.com\/magazine365\/wp-content\/uploads\/2016\/02\/fotonoticia_20160201140312_800.jpg"},"aioseo_meta_data":{"post_id":"62932","title":null,"description":null,"keywords":null,"keyphrases":null,"primary_term":null,"canonical_url":null,"og_title":null,"og_description":null,"og_object_type":"default","og_image_type":"default","og_image_url":null,"og_image_width":null,"og_image_height":null,"og_image_custom_url":null,"og_image_custom_fields":null,"og_video":null,"og_custom_url":null,"og_article_section":null,"og_article_tags":null,"twitter_use_og":false,"twitter_card":"default","twitter_image_type":"default","twitter_image_url":null,"twitter_image_custom_url":null,"twitter_image_custom_fields":null,"twitter_title":null,"twitter_description":null,"schema":{"blockGraphs":[],"customGraphs":[],"default":{"data":{"Article":[],"Course":[],"Dataset":[],"FAQPage":[],"Movie":[],"Person":[],"Product":[],"ProductReview":[],"Car":[],"Recipe":[],"Service":[],"SoftwareApplication":[],"WebPage":[]},"graphName":"","isEnabled":true},"graphs":[],"defaultGraph":"","defaultPostTypeGraph":""},"schema_type":null,"schema_type_options":null,"pillar_content":false,"robots_default":true,"robots_noindex":false,"robots_noarchive":false,"robots_nosnippet":false,"robots_nofollow":false,"robots_noimageindex":false,"robots_noodp":false,"robots_notranslate":false,"robots_max_snippet":null,"robots_max_videopreview":null,"robots_max_imagepreview":"large","priority":null,"frequency":null,"location":null,"local_seo":null,"seo_analyzer_scan_date":"2025-09-25 12:11:00","breadcrumb_settings":null,"limit_modified_date":false,"open_ai":null,"ai":null,"created":"2021-03-08 21:29:44","updated":"2025-09-25 12:11:00"},"aioseo_breadcrumb":"<div class=\"aioseo-breadcrumbs\"><span class=\"aioseo-breadcrumb\">\n\t<a href=\"https:\/\/eldigitaldeasturias.com\/magazine365\" title=\"Home\">Home<\/a>\n<\/span><span class=\"aioseo-breadcrumb-separator\">\u2013<\/span><span class=\"aioseo-breadcrumb\">\n\t<a href=\"https:\/\/eldigitaldeasturias.com\/magazine365\/category\/noticias-actualidad\/\" title=\"Noticias y Actualidad\">Noticias y Actualidad<\/a>\n<\/span><span class=\"aioseo-breadcrumb-separator\">\u2013<\/span><span class=\"aioseo-breadcrumb\">\n\t<a href=\"https:\/\/eldigitaldeasturias.com\/magazine365\/junta-y-diputaciones-disenan-la-estrategia-para-la-promocion-turistica-de-las-provincias-durante-2016\/\" title=\"Junta y diputaciones dise\u00f1an la estrategia para la promoci\u00f3n tur\u00edstica de las provincias durante 2016\">Junta y diputaciones dise\u00f1an la estrategia para la promoci\u00f3n tur\u00edstica de las provincias durante 2016<\/a>\n<\/span><\/div>","aioseo_breadcrumb_json":[{"label":"Home","link":"https:\/\/eldigitaldeasturias.com\/magazine365"},{"label":"Noticias y Actualidad","link":"https:\/\/eldigitaldeasturias.com\/magazine365\/category\/noticias-actualidad\/"},{"label":"Junta y diputaciones dise\u00f1an la estrategia para la promoci\u00f3n tur\u00edstica de las provincias durante 2016","link":"https:\/\/eldigitaldeasturias.com\/magazine365\/junta-y-diputaciones-disenan-la-estrategia-para-la-promocion-turistica-de-las-provincias-durante-2016\/"}],"_links":{"self":[{"href":"https:\/\/eldigitaldeasturias.com\/magazine365\/wp-json\/wp\/v2\/posts\/62932","targetHints":{"allow":["GET"]}}],"collection":[{"href":"https:\/\/eldigitaldeasturias.com\/magazine365\/wp-json\/wp\/v2\/posts"}],"about":[{"href":"https:\/\/eldigitaldeasturias.com\/magazine365\/wp-json\/wp\/v2\/types\/post"}],"author":[{"embeddable":true,"href":"https:\/\/eldigitaldeasturias.com\/magazine365\/wp-json\/wp\/v2\/users\/1"}],"replies":[{"embeddable":true,"href":"https:\/\/eldigitaldeasturias.com\/magazine365\/wp-json\/wp\/v2\/comments?post=62932"}],"version-history":[{"count":0,"href":"https:\/\/eldigitaldeasturias.com\/magazine365\/wp-json\/wp\/v2\/posts\/62932\/revisions"}],"wp:featuredmedia":[{"embeddable":true,"href":"https:\/\/eldigitaldeasturias.com\/magazine365\/wp-json\/wp\/v2\/media\/62933"}],"wp:attachment":[{"href":"https:\/\/eldigitaldeasturias.com\/magazine365\/wp-json\/wp\/v2\/media?parent=62932"}],"wp:term":[{"taxonomy":"category","embeddable":true,"href":"https:\/\/eldigitaldeasturias.com\/magazine365\/wp-json\/wp\/v2\/categories?post=62932"},{"taxonomy":"post_tag","embeddable":true,"href":"https:\/\/eldigitaldeasturias.com\/magazine365\/wp-json\/wp\/v2\/tags?post=62932"}],"curies":[{"name":"wp","href":"https:\/\/api.w.org\/{rel}","templated":true}]}}