{"id":62906,"date":"2016-02-03T16:34:22","date_gmt":"2016-02-03T15:34:22","guid":{"rendered":"http:\/\/eldigitaldeasturias.com\/magazine365\/?p=62906"},"modified":"2016-02-03T16:34:22","modified_gmt":"2016-02-03T15:34:22","slug":"el-alcalde-de-almeria-descarta-un-nuevo-palacio-de-congresos-en-el-centro","status":"publish","type":"post","link":"https:\/\/eldigitaldeasturias.com\/magazine365\/el-alcalde-de-almeria-descarta-un-nuevo-palacio-de-congresos-en-el-centro\/","title":{"rendered":"El alcalde de Almer\u00eda descarta un nuevo Palacio de Congresos en el centro"},"content":{"rendered":"<p><img fetchpriority=\"high\" decoding=\"async\" class=\"alignleft size-medium wp-image-62907\" src=\"https:\/\/eldigitaldeasturias.com\/magazine365\/wp-content\/uploads\/2016\/02\/fotonoticia_20160201114004_800-200x300.jpg\" alt=\"fotonoticia_20160201114004_800\" width=\"200\" height=\"300\" srcset=\"https:\/\/eldigitaldeasturias.com\/magazine365\/wp-content\/uploads\/2016\/02\/fotonoticia_20160201114004_800-200x300.jpg 200w, https:\/\/eldigitaldeasturias.com\/magazine365\/wp-content\/uploads\/2016\/02\/fotonoticia_20160201114004_800-427x640.jpg 427w, https:\/\/eldigitaldeasturias.com\/magazine365\/wp-content\/uploads\/2016\/02\/fotonoticia_20160201114004_800-768x1152.jpg 768w, https:\/\/eldigitaldeasturias.com\/magazine365\/wp-content\/uploads\/2016\/02\/fotonoticia_20160201114004_800-150x225.jpg 150w, https:\/\/eldigitaldeasturias.com\/magazine365\/wp-content\/uploads\/2016\/02\/fotonoticia_20160201114004_800-450x675.jpg 450w, https:\/\/eldigitaldeasturias.com\/magazine365\/wp-content\/uploads\/2016\/02\/fotonoticia_20160201114004_800-696x1044.jpg 696w, https:\/\/eldigitaldeasturias.com\/magazine365\/wp-content\/uploads\/2016\/02\/fotonoticia_20160201114004_800-280x420.jpg 280w, https:\/\/eldigitaldeasturias.com\/magazine365\/wp-content\/uploads\/2016\/02\/fotonoticia_20160201114004_800.jpg 800w\" sizes=\"(max-width: 200px) 100vw, 200px\" \/>El alcalde de Almer\u00eda, Ram\u00f3n Fern\u00e1ndez-Pacheco (PP), ha rechazado por el momento crear un nuevo palacio de congresos y exposiciones en el centro de Almer\u00eda y menos a\u00fan en emplazamientos como el Hospital Provincial o el Cuartel de la Misericordia como hab\u00eda propuesto el grupo municipal de Ciudadanos, toda vez que ha abogado por \u00abseguir dotando el palacio de El Toyo como palacio de congresos de primer nivel\u00bb.<\/p>\n<p>El regidor ha apuntado que un palacio de congresos en el centro de la capital \u00abser\u00eda estupendo\u00bb ya que permitir\u00eda atraer \u00abmucho turismo y riqueza\u00bb a la ciudad y porque actualmente \u00abla sala m\u00e1s grande que tenemos es el Auditorio Maestro Padilla que no llega a mil localidades\u00bb. No obstante, ha asegurado que la capital no se puede \u00abpermitir\u00bb ahora un edificio \u00abmegal\u00f3mano en pleno centro\u00bb con capacidad para acoger a unos 2.500 congresistas.<\/p>\n<p>Asimismo, ha recordado que los presupuestos de 2016 prev\u00e9n inversiones nominativas para dar mejores contenidos a las instalaciones de El Toyo. \u00abCreo que un palacio en el centro ser\u00eda bueno en Almer\u00eda, pero hoy por hoy ni me lo planteo\u00bb, ha dicho el primer edil en una entrevista a Europa Press, en la que ha se\u00f1alado que si se optara por contar con esta infraestructura, habr\u00eda que ser \u00abambicioso\u00bb.<\/p>\n<p>En este sentido, ha desechado la idea de la formaci\u00f3n naranja para crear un palacio de congresos en el Cuartel de la Misericordia o el Hospital Provincial, m\u00e1xime cuando se trata de edificios que no son de titularidad municipal. \u00abNi uno ni otro re\u00fanen las condiciones\u00bb, ha apostillado.<\/p>\n<p>En cualquier caso, ha expresado su inter\u00e9s en que el Hospital Provincial no est\u00e9 \u00abcerrado\u00bb. \u00abNo me gusta, y creo que la Diputaci\u00f3n tiene la determinaci\u00f3n de darle uso\u00bb, ha a\u00f1adido el alcalde al respecto, al tiempo que ha reclamado otras infraestructuras para la capital como el hospital materno-infantil, colegios y conexiones ferroviarias.<\/p>\n<p>REPLANTEAR EL TEATRO CERVANTES<\/p>\n<p>En cuanto a otros espacios destinados a la acogida de espect\u00e1culos y actos p\u00fablicos, el alcalde ha se\u00f1alado que hay que \u00abreplantearse\u00bb las negociaciones que se han dado hasta ahora con el Circulo Mercantil para conseguir la titularidad p\u00fablica del Teatro Cervantes de la capital, pese a los acercamientos tenidos en los \u00faltimos meses.<\/p>\n<p>El alcalde ha justificado esta postura ante el uso cultural que una empresa &#8211;Kuver Producciones&#8211; est\u00e1 haciendo de este espacio y que ha permitido que el edificio siga abierto con su \u00abvaliente\u00bb apuesta por la gesti\u00f3n del teatro.<\/p>\n<p>En cualquier caso, ha reconocido que esta empresa no es la que tiene que encargarse de la rehabilitaci\u00f3n y adecuaci\u00f3n del teatro, que cuenta con serias deficiencias en plateas, aseos y otros habit\u00e1culos que precisan una renovaci\u00f3n. Ante esto, ha dicho que las negociaciones con los propietarios del Teatro Cervantes deben seguir para alcanzar un acuerdo.<\/p>\n<p>PUERTO-CIUDAD<\/p>\n<p>El primer edil capitalino ha expresado su inter\u00e9s en avanzar, desde el \u00e1mbito de sus competencias, en nuevas infraestructuras y espacios para la ciudad, sentido en el que ha confiado en que durante este mandato se den las condiciones para ejecutar el proyecto puerto-ciudad, con el que se pretende crear un nuevo espacio de ocio y atractivo tur\u00edstico en un \u00e1rea con uso portuario en la actualidad.<\/p>\n<p>Fern\u00e1ndez-Pacheco ha explicado que esta misma semana est\u00e1 prevista una nueva reuni\u00f3n de trabajo como las que se han mantenido en las semanas anteriores en busca de un proyecto \u00abs\u00f3lido\u00bb. \u00abLo importante del puerto-ciudad es que se dan pasos en firme\u00bb, ha explicado el alcalde, quien ha asegurado que esta corporaci\u00f3n \u00abva a ser la definitiva para que el proyecto eche a andar\u00bb.<\/p>\n<p>\u00abVeo muy buena predisposici\u00f3n por parte de la Autoridad Portuaria y la Fundaci\u00f3n Bah\u00eda Almeriport est\u00e1 implicada al cien por cien\u00bb, ha a\u00f1adido el regidor quien, no obstante, ha echado en falta la implicaci\u00f3n de la Junta de Andaluc\u00eda, de la que ha se\u00f1alado su aportaci\u00f3n para los proyectos en los puertos de M\u00e1laga o Sevilla.<\/p>\n","protected":false},"excerpt":{"rendered":"<p>El alcalde de Almer\u00eda, Ram\u00f3n Fern\u00e1ndez-Pacheco (PP), ha rechazado por el momento crear un nuevo palacio de congresos y exposiciones en el centro de Almer\u00eda y menos a\u00fan en emplazamientos como el Hospital Provincial o el Cuartel de la Misericordia como hab\u00eda propuesto el grupo municipal de Ciudadanos, toda vez que ha abogado por \u00abseguir<\/p>\n","protected":false},"author":1,"featured_media":62907,"comment_status":"open","ping_status":"closed","sticky":false,"template":"","format":"standard","meta":{"footnotes":""},"categories":[224],"tags":[],"class_list":{"0":"post-62906","1":"post","2":"type-post","3":"status-publish","4":"format-standard","5":"has-post-thumbnail","7":"category-noticias-actualidad"},"aioseo_notices":[],"aioseo_head":"\n\t\t<!-- All in One SEO Pro 4.9.6.1 - aioseo.com -->\n\t<meta name=\"description\" content=\"El alcalde de Almer\u00eda, Ram\u00f3n Fern\u00e1ndez-Pacheco (PP), ha rechazado por el momento crear un nuevo palacio de congresos y exposiciones en el centro de Almer\u00eda y menos a\u00fan en emplazamientos como el Hospital Provincial o el Cuartel de la Misericordia como hab\u00eda propuesto el grupo municipal de Ciudadanos, toda vez que ha abogado por &quot;seguir\" \/>\n\t<meta name=\"robots\" content=\"max-image-preview:large\" \/>\n\t<meta name=\"author\" content=\"admin\"\/>\n\t<meta name=\"google-site-verification\" content=\"UA-38556648-1\" \/>\n\t<meta name=\"keywords\" content=\"noticias y actualidad\" \/>\n\t<link rel=\"canonical\" href=\"https:\/\/eldigitaldeasturias.com\/magazine365\/el-alcalde-de-almeria-descarta-un-nuevo-palacio-de-congresos-en-el-centro\/\" \/>\n\t<meta name=\"generator\" content=\"All in One SEO Pro (AIOSEO) 4.9.6.1\" \/>\n\t\t<meta property=\"og:locale\" content=\"es_ES\" \/>\n\t\t<meta property=\"og:site_name\" content=\"El Digital de Asturias \u2013 Revista de ocio, turismo y estilo de vida\" \/>\n\t\t<meta property=\"og:type\" content=\"article\" \/>\n\t\t<meta property=\"og:title\" content=\"El alcalde de Almer\u00eda descarta un nuevo Palacio de Congresos en el centro | El Digital de Asturias\" \/>\n\t\t<meta property=\"og:description\" content=\"El alcalde de Almer\u00eda, Ram\u00f3n Fern\u00e1ndez-Pacheco (PP), ha rechazado por el momento crear un nuevo palacio de congresos y exposiciones en el centro de Almer\u00eda y menos a\u00fan en emplazamientos como el Hospital Provincial o el Cuartel de la Misericordia como hab\u00eda propuesto el grupo municipal de Ciudadanos, toda vez que ha abogado por &quot;seguir\" \/>\n\t\t<meta property=\"og:url\" content=\"https:\/\/eldigitaldeasturias.com\/magazine365\/el-alcalde-de-almeria-descarta-un-nuevo-palacio-de-congresos-en-el-centro\/\" \/>\n\t\t<meta property=\"og:image\" content=\"https:\/\/eldigitaldeasturias.com\/magazine365\/wp-content\/uploads\/2016\/02\/fotonoticia_20160201114004_800.jpg\" \/>\n\t\t<meta property=\"og:image:secure_url\" content=\"https:\/\/eldigitaldeasturias.com\/magazine365\/wp-content\/uploads\/2016\/02\/fotonoticia_20160201114004_800.jpg\" \/>\n\t\t<meta property=\"og:image:width\" content=\"800\" \/>\n\t\t<meta property=\"og:image:height\" content=\"1200\" \/>\n\t\t<meta property=\"article:published_time\" content=\"2016-02-03T15:34:22+00:00\" \/>\n\t\t<meta property=\"article:modified_time\" content=\"2016-02-03T15:34:22+00:00\" \/>\n\t\t<meta name=\"twitter:card\" content=\"summary_large_image\" \/>\n\t\t<meta name=\"twitter:title\" content=\"El alcalde de Almer\u00eda descarta un nuevo Palacio de Congresos en el centro | El Digital de Asturias\" \/>\n\t\t<meta name=\"twitter:description\" content=\"El alcalde de Almer\u00eda, Ram\u00f3n Fern\u00e1ndez-Pacheco (PP), ha rechazado por el momento crear un nuevo palacio de congresos y exposiciones en el centro de Almer\u00eda y menos a\u00fan en emplazamientos como el Hospital Provincial o el Cuartel de la Misericordia como hab\u00eda propuesto el grupo municipal de Ciudadanos, toda vez que ha abogado por &quot;seguir\" \/>\n\t\t<meta name=\"twitter:image\" content=\"https:\/\/eldigitaldeasturias.com\/magazine365\/wp-content\/uploads\/2016\/02\/fotonoticia_20160201114004_800.jpg\" \/>\n\t\t<script type=\"application\/ld+json\" class=\"aioseo-schema\">\n\t\t\t{\"@context\":\"https:\\\/\\\/schema.org\",\"@graph\":[{\"@type\":\"Article\",\"@id\":\"https:\\\/\\\/eldigitaldeasturias.com\\\/magazine365\\\/el-alcalde-de-almeria-descarta-un-nuevo-palacio-de-congresos-en-el-centro\\\/#article\",\"name\":\"El alcalde de Almer\\u00eda descarta un nuevo Palacio de Congresos en el centro | El Digital de Asturias\",\"headline\":\"El alcalde de Almer\\u00eda descarta un nuevo Palacio de Congresos en el centro\",\"author\":{\"@id\":\"https:\\\/\\\/eldigitaldeasturias.com\\\/magazine365\\\/author\\\/admin\\\/#author\"},\"publisher\":{\"@id\":\"https:\\\/\\\/eldigitaldeasturias.com\\\/magazine365\\\/#organization\"},\"image\":{\"@type\":\"ImageObject\",\"url\":\"https:\\\/\\\/eldigitaldeasturias.com\\\/magazine365\\\/wp-content\\\/uploads\\\/2016\\\/02\\\/fotonoticia_20160201114004_800.jpg\",\"width\":800,\"height\":1200},\"datePublished\":\"2016-02-03T16:34:22+01:00\",\"dateModified\":\"2016-02-03T16:34:22+01:00\",\"inLanguage\":\"es-ES\",\"mainEntityOfPage\":{\"@id\":\"https:\\\/\\\/eldigitaldeasturias.com\\\/magazine365\\\/el-alcalde-de-almeria-descarta-un-nuevo-palacio-de-congresos-en-el-centro\\\/#webpage\"},\"isPartOf\":{\"@id\":\"https:\\\/\\\/eldigitaldeasturias.com\\\/magazine365\\\/el-alcalde-de-almeria-descarta-un-nuevo-palacio-de-congresos-en-el-centro\\\/#webpage\"},\"articleSection\":\"Noticias y Actualidad\"},{\"@type\":\"BreadcrumbList\",\"@id\":\"https:\\\/\\\/eldigitaldeasturias.com\\\/magazine365\\\/el-alcalde-de-almeria-descarta-un-nuevo-palacio-de-congresos-en-el-centro\\\/#breadcrumblist\",\"itemListElement\":[{\"@type\":\"ListItem\",\"@id\":\"https:\\\/\\\/eldigitaldeasturias.com\\\/magazine365#listItem\",\"position\":1,\"name\":\"Home\",\"item\":\"https:\\\/\\\/eldigitaldeasturias.com\\\/magazine365\",\"nextItem\":{\"@type\":\"ListItem\",\"@id\":\"https:\\\/\\\/eldigitaldeasturias.com\\\/magazine365\\\/category\\\/noticias-actualidad\\\/#listItem\",\"name\":\"Noticias y Actualidad\"}},{\"@type\":\"ListItem\",\"@id\":\"https:\\\/\\\/eldigitaldeasturias.com\\\/magazine365\\\/category\\\/noticias-actualidad\\\/#listItem\",\"position\":2,\"name\":\"Noticias y Actualidad\",\"item\":\"https:\\\/\\\/eldigitaldeasturias.com\\\/magazine365\\\/category\\\/noticias-actualidad\\\/\",\"nextItem\":{\"@type\":\"ListItem\",\"@id\":\"https:\\\/\\\/eldigitaldeasturias.com\\\/magazine365\\\/el-alcalde-de-almeria-descarta-un-nuevo-palacio-de-congresos-en-el-centro\\\/#listItem\",\"name\":\"El alcalde de Almer\\u00eda descarta un nuevo Palacio de Congresos en el centro\"},\"previousItem\":{\"@type\":\"ListItem\",\"@id\":\"https:\\\/\\\/eldigitaldeasturias.com\\\/magazine365#listItem\",\"name\":\"Home\"}},{\"@type\":\"ListItem\",\"@id\":\"https:\\\/\\\/eldigitaldeasturias.com\\\/magazine365\\\/el-alcalde-de-almeria-descarta-un-nuevo-palacio-de-congresos-en-el-centro\\\/#listItem\",\"position\":3,\"name\":\"El alcalde de Almer\\u00eda descarta un nuevo Palacio de Congresos en el centro\",\"previousItem\":{\"@type\":\"ListItem\",\"@id\":\"https:\\\/\\\/eldigitaldeasturias.com\\\/magazine365\\\/category\\\/noticias-actualidad\\\/#listItem\",\"name\":\"Noticias y Actualidad\"}}]},{\"@type\":\"Organization\",\"@id\":\"https:\\\/\\\/eldigitaldeasturias.com\\\/magazine365\\\/#organization\",\"name\":\"El digital de Asturias\",\"description\":\"Revista de ocio, turismo y estilo de vida\",\"url\":\"https:\\\/\\\/eldigitaldeasturias.com\\\/magazine365\\\/\",\"logo\":{\"@type\":\"ImageObject\",\"url\":\"https:\\\/\\\/www.eldigitaldeasturias.com\\\/noticias\\\/wp-content\\\/uploads\\\/2020\\\/12\\\/EDA.jpg\",\"@id\":\"https:\\\/\\\/eldigitaldeasturias.com\\\/magazine365\\\/el-alcalde-de-almeria-descarta-un-nuevo-palacio-de-congresos-en-el-centro\\\/#organizationLogo\"},\"image\":{\"@id\":\"https:\\\/\\\/eldigitaldeasturias.com\\\/magazine365\\\/el-alcalde-de-almeria-descarta-un-nuevo-palacio-de-congresos-en-el-centro\\\/#organizationLogo\"}},{\"@type\":\"Person\",\"@id\":\"https:\\\/\\\/eldigitaldeasturias.com\\\/magazine365\\\/author\\\/admin\\\/#author\",\"url\":\"https:\\\/\\\/eldigitaldeasturias.com\\\/magazine365\\\/author\\\/admin\\\/\",\"name\":\"admin\",\"image\":{\"@type\":\"ImageObject\",\"@id\":\"https:\\\/\\\/eldigitaldeasturias.com\\\/magazine365\\\/el-alcalde-de-almeria-descarta-un-nuevo-palacio-de-congresos-en-el-centro\\\/#authorImage\",\"url\":\"https:\\\/\\\/eldigitaldeasturias.com\\\/magazine365\\\/wp-content\\\/litespeed\\\/avatar\\\/e571bcf59a0edd6fa6838245a470f2fe.jpg?ver=1776969259\",\"width\":96,\"height\":96,\"caption\":\"admin\"}},{\"@type\":\"WebPage\",\"@id\":\"https:\\\/\\\/eldigitaldeasturias.com\\\/magazine365\\\/el-alcalde-de-almeria-descarta-un-nuevo-palacio-de-congresos-en-el-centro\\\/#webpage\",\"url\":\"https:\\\/\\\/eldigitaldeasturias.com\\\/magazine365\\\/el-alcalde-de-almeria-descarta-un-nuevo-palacio-de-congresos-en-el-centro\\\/\",\"name\":\"El alcalde de Almer\\u00eda descarta un nuevo Palacio de Congresos en el centro | El Digital de Asturias\",\"description\":\"El alcalde de Almer\\u00eda, Ram\\u00f3n Fern\\u00e1ndez-Pacheco (PP), ha rechazado por el momento crear un nuevo palacio de congresos y exposiciones en el centro de Almer\\u00eda y menos a\\u00fan en emplazamientos como el Hospital Provincial o el Cuartel de la Misericordia como hab\\u00eda propuesto el grupo municipal de Ciudadanos, toda vez que ha abogado por \\\"seguir\",\"inLanguage\":\"es-ES\",\"isPartOf\":{\"@id\":\"https:\\\/\\\/eldigitaldeasturias.com\\\/magazine365\\\/#website\"},\"breadcrumb\":{\"@id\":\"https:\\\/\\\/eldigitaldeasturias.com\\\/magazine365\\\/el-alcalde-de-almeria-descarta-un-nuevo-palacio-de-congresos-en-el-centro\\\/#breadcrumblist\"},\"author\":{\"@id\":\"https:\\\/\\\/eldigitaldeasturias.com\\\/magazine365\\\/author\\\/admin\\\/#author\"},\"creator\":{\"@id\":\"https:\\\/\\\/eldigitaldeasturias.com\\\/magazine365\\\/author\\\/admin\\\/#author\"},\"image\":{\"@type\":\"ImageObject\",\"url\":\"https:\\\/\\\/eldigitaldeasturias.com\\\/magazine365\\\/wp-content\\\/uploads\\\/2016\\\/02\\\/fotonoticia_20160201114004_800.jpg\",\"@id\":\"https:\\\/\\\/eldigitaldeasturias.com\\\/magazine365\\\/el-alcalde-de-almeria-descarta-un-nuevo-palacio-de-congresos-en-el-centro\\\/#mainImage\",\"width\":800,\"height\":1200},\"primaryImageOfPage\":{\"@id\":\"https:\\\/\\\/eldigitaldeasturias.com\\\/magazine365\\\/el-alcalde-de-almeria-descarta-un-nuevo-palacio-de-congresos-en-el-centro\\\/#mainImage\"},\"datePublished\":\"2016-02-03T16:34:22+01:00\",\"dateModified\":\"2016-02-03T16:34:22+01:00\"},{\"@type\":\"WebSite\",\"@id\":\"https:\\\/\\\/eldigitaldeasturias.com\\\/magazine365\\\/#website\",\"url\":\"https:\\\/\\\/eldigitaldeasturias.com\\\/magazine365\\\/\",\"name\":\"El Digital de Asturias\",\"description\":\"Revista de ocio, turismo y estilo de vida\",\"inLanguage\":\"es-ES\",\"publisher\":{\"@id\":\"https:\\\/\\\/eldigitaldeasturias.com\\\/magazine365\\\/#organization\"}}]}\n\t\t<\/script>\n\t\t<!-- All in One SEO Pro -->\r\n\t\t<title>El alcalde de Almer\u00eda descarta un nuevo Palacio de Congresos en el centro | El Digital de Asturias<\/title>\n\n","aioseo_head_json":{"title":"El alcalde de Almer\u00eda descarta un nuevo Palacio de Congresos en el centro | El Digital de Asturias","description":"El alcalde de Almer\u00eda, Ram\u00f3n Fern\u00e1ndez-Pacheco (PP), ha rechazado por el momento crear un nuevo palacio de congresos y exposiciones en el centro de Almer\u00eda y menos a\u00fan en emplazamientos como el Hospital Provincial o el Cuartel de la Misericordia como hab\u00eda propuesto el grupo municipal de Ciudadanos, toda vez que ha abogado por \"seguir","canonical_url":"https:\/\/eldigitaldeasturias.com\/magazine365\/el-alcalde-de-almeria-descarta-un-nuevo-palacio-de-congresos-en-el-centro\/","robots":"max-image-preview:large","keywords":"noticias y actualidad","webmasterTools":{"google-site-verification":"UA-38556648-1","miscellaneous":""},"schema":{"@context":"https:\/\/schema.org","@graph":[{"@type":"Article","@id":"https:\/\/eldigitaldeasturias.com\/magazine365\/el-alcalde-de-almeria-descarta-un-nuevo-palacio-de-congresos-en-el-centro\/#article","name":"El alcalde de Almer\u00eda descarta un nuevo Palacio de Congresos en el centro | El Digital de Asturias","headline":"El alcalde de Almer\u00eda descarta un nuevo Palacio de Congresos en el centro","author":{"@id":"https:\/\/eldigitaldeasturias.com\/magazine365\/author\/admin\/#author"},"publisher":{"@id":"https:\/\/eldigitaldeasturias.com\/magazine365\/#organization"},"image":{"@type":"ImageObject","url":"https:\/\/eldigitaldeasturias.com\/magazine365\/wp-content\/uploads\/2016\/02\/fotonoticia_20160201114004_800.jpg","width":800,"height":1200},"datePublished":"2016-02-03T16:34:22+01:00","dateModified":"2016-02-03T16:34:22+01:00","inLanguage":"es-ES","mainEntityOfPage":{"@id":"https:\/\/eldigitaldeasturias.com\/magazine365\/el-alcalde-de-almeria-descarta-un-nuevo-palacio-de-congresos-en-el-centro\/#webpage"},"isPartOf":{"@id":"https:\/\/eldigitaldeasturias.com\/magazine365\/el-alcalde-de-almeria-descarta-un-nuevo-palacio-de-congresos-en-el-centro\/#webpage"},"articleSection":"Noticias y Actualidad"},{"@type":"BreadcrumbList","@id":"https:\/\/eldigitaldeasturias.com\/magazine365\/el-alcalde-de-almeria-descarta-un-nuevo-palacio-de-congresos-en-el-centro\/#breadcrumblist","itemListElement":[{"@type":"ListItem","@id":"https:\/\/eldigitaldeasturias.com\/magazine365#listItem","position":1,"name":"Home","item":"https:\/\/eldigitaldeasturias.com\/magazine365","nextItem":{"@type":"ListItem","@id":"https:\/\/eldigitaldeasturias.com\/magazine365\/category\/noticias-actualidad\/#listItem","name":"Noticias y Actualidad"}},{"@type":"ListItem","@id":"https:\/\/eldigitaldeasturias.com\/magazine365\/category\/noticias-actualidad\/#listItem","position":2,"name":"Noticias y Actualidad","item":"https:\/\/eldigitaldeasturias.com\/magazine365\/category\/noticias-actualidad\/","nextItem":{"@type":"ListItem","@id":"https:\/\/eldigitaldeasturias.com\/magazine365\/el-alcalde-de-almeria-descarta-un-nuevo-palacio-de-congresos-en-el-centro\/#listItem","name":"El alcalde de Almer\u00eda descarta un nuevo Palacio de Congresos en el centro"},"previousItem":{"@type":"ListItem","@id":"https:\/\/eldigitaldeasturias.com\/magazine365#listItem","name":"Home"}},{"@type":"ListItem","@id":"https:\/\/eldigitaldeasturias.com\/magazine365\/el-alcalde-de-almeria-descarta-un-nuevo-palacio-de-congresos-en-el-centro\/#listItem","position":3,"name":"El alcalde de Almer\u00eda descarta un nuevo Palacio de Congresos en el centro","previousItem":{"@type":"ListItem","@id":"https:\/\/eldigitaldeasturias.com\/magazine365\/category\/noticias-actualidad\/#listItem","name":"Noticias y Actualidad"}}]},{"@type":"Organization","@id":"https:\/\/eldigitaldeasturias.com\/magazine365\/#organization","name":"El digital de Asturias","description":"Revista de ocio, turismo y estilo de vida","url":"https:\/\/eldigitaldeasturias.com\/magazine365\/","logo":{"@type":"ImageObject","url":"https:\/\/www.eldigitaldeasturias.com\/noticias\/wp-content\/uploads\/2020\/12\/EDA.jpg","@id":"https:\/\/eldigitaldeasturias.com\/magazine365\/el-alcalde-de-almeria-descarta-un-nuevo-palacio-de-congresos-en-el-centro\/#organizationLogo"},"image":{"@id":"https:\/\/eldigitaldeasturias.com\/magazine365\/el-alcalde-de-almeria-descarta-un-nuevo-palacio-de-congresos-en-el-centro\/#organizationLogo"}},{"@type":"Person","@id":"https:\/\/eldigitaldeasturias.com\/magazine365\/author\/admin\/#author","url":"https:\/\/eldigitaldeasturias.com\/magazine365\/author\/admin\/","name":"admin","image":{"@type":"ImageObject","@id":"https:\/\/eldigitaldeasturias.com\/magazine365\/el-alcalde-de-almeria-descarta-un-nuevo-palacio-de-congresos-en-el-centro\/#authorImage","url":"https:\/\/eldigitaldeasturias.com\/magazine365\/wp-content\/litespeed\/avatar\/e571bcf59a0edd6fa6838245a470f2fe.jpg?ver=1776969259","width":96,"height":96,"caption":"admin"}},{"@type":"WebPage","@id":"https:\/\/eldigitaldeasturias.com\/magazine365\/el-alcalde-de-almeria-descarta-un-nuevo-palacio-de-congresos-en-el-centro\/#webpage","url":"https:\/\/eldigitaldeasturias.com\/magazine365\/el-alcalde-de-almeria-descarta-un-nuevo-palacio-de-congresos-en-el-centro\/","name":"El alcalde de Almer\u00eda descarta un nuevo Palacio de Congresos en el centro | El Digital de Asturias","description":"El alcalde de Almer\u00eda, Ram\u00f3n Fern\u00e1ndez-Pacheco (PP), ha rechazado por el momento crear un nuevo palacio de congresos y exposiciones en el centro de Almer\u00eda y menos a\u00fan en emplazamientos como el Hospital Provincial o el Cuartel de la Misericordia como hab\u00eda propuesto el grupo municipal de Ciudadanos, toda vez que ha abogado por \"seguir","inLanguage":"es-ES","isPartOf":{"@id":"https:\/\/eldigitaldeasturias.com\/magazine365\/#website"},"breadcrumb":{"@id":"https:\/\/eldigitaldeasturias.com\/magazine365\/el-alcalde-de-almeria-descarta-un-nuevo-palacio-de-congresos-en-el-centro\/#breadcrumblist"},"author":{"@id":"https:\/\/eldigitaldeasturias.com\/magazine365\/author\/admin\/#author"},"creator":{"@id":"https:\/\/eldigitaldeasturias.com\/magazine365\/author\/admin\/#author"},"image":{"@type":"ImageObject","url":"https:\/\/eldigitaldeasturias.com\/magazine365\/wp-content\/uploads\/2016\/02\/fotonoticia_20160201114004_800.jpg","@id":"https:\/\/eldigitaldeasturias.com\/magazine365\/el-alcalde-de-almeria-descarta-un-nuevo-palacio-de-congresos-en-el-centro\/#mainImage","width":800,"height":1200},"primaryImageOfPage":{"@id":"https:\/\/eldigitaldeasturias.com\/magazine365\/el-alcalde-de-almeria-descarta-un-nuevo-palacio-de-congresos-en-el-centro\/#mainImage"},"datePublished":"2016-02-03T16:34:22+01:00","dateModified":"2016-02-03T16:34:22+01:00"},{"@type":"WebSite","@id":"https:\/\/eldigitaldeasturias.com\/magazine365\/#website","url":"https:\/\/eldigitaldeasturias.com\/magazine365\/","name":"El Digital de Asturias","description":"Revista de ocio, turismo y estilo de vida","inLanguage":"es-ES","publisher":{"@id":"https:\/\/eldigitaldeasturias.com\/magazine365\/#organization"}}]},"og:locale":"es_ES","og:site_name":"El Digital de Asturias \u2013 Revista de ocio, turismo y estilo de vida","og:type":"article","og:title":"El alcalde de Almer\u00eda descarta un nuevo Palacio de Congresos en el centro | El Digital de Asturias","og:description":"El alcalde de Almer\u00eda, Ram\u00f3n Fern\u00e1ndez-Pacheco (PP), ha rechazado por el momento crear un nuevo palacio de congresos y exposiciones en el centro de Almer\u00eda y menos a\u00fan en emplazamientos como el Hospital Provincial o el Cuartel de la Misericordia como hab\u00eda propuesto el grupo municipal de Ciudadanos, toda vez que ha abogado por &quot;seguir","og:url":"https:\/\/eldigitaldeasturias.com\/magazine365\/el-alcalde-de-almeria-descarta-un-nuevo-palacio-de-congresos-en-el-centro\/","og:image":"https:\/\/eldigitaldeasturias.com\/magazine365\/wp-content\/uploads\/2016\/02\/fotonoticia_20160201114004_800.jpg","og:image:secure_url":"https:\/\/eldigitaldeasturias.com\/magazine365\/wp-content\/uploads\/2016\/02\/fotonoticia_20160201114004_800.jpg","og:image:width":800,"og:image:height":1200,"article:published_time":"2016-02-03T15:34:22+00:00","article:modified_time":"2016-02-03T15:34:22+00:00","twitter:card":"summary_large_image","twitter:title":"El alcalde de Almer\u00eda descarta un nuevo Palacio de Congresos en el centro | El Digital de Asturias","twitter:description":"El alcalde de Almer\u00eda, Ram\u00f3n Fern\u00e1ndez-Pacheco (PP), ha rechazado por el momento crear un nuevo palacio de congresos y exposiciones en el centro de Almer\u00eda y menos a\u00fan en emplazamientos como el Hospital Provincial o el Cuartel de la Misericordia como hab\u00eda propuesto el grupo municipal de Ciudadanos, toda vez que ha abogado por &quot;seguir","twitter:image":"https:\/\/eldigitaldeasturias.com\/magazine365\/wp-content\/uploads\/2016\/02\/fotonoticia_20160201114004_800.jpg"},"aioseo_meta_data":{"post_id":"62906","title":null,"description":null,"keywords":null,"keyphrases":null,"primary_term":null,"canonical_url":null,"og_title":null,"og_description":null,"og_object_type":"default","og_image_type":"default","og_image_url":null,"og_image_width":null,"og_image_height":null,"og_image_custom_url":null,"og_image_custom_fields":null,"og_video":null,"og_custom_url":null,"og_article_section":null,"og_article_tags":null,"twitter_use_og":false,"twitter_card":"default","twitter_image_type":"default","twitter_image_url":null,"twitter_image_custom_url":null,"twitter_image_custom_fields":null,"twitter_title":null,"twitter_description":null,"schema":{"blockGraphs":[],"customGraphs":[],"default":{"data":{"Article":[],"Course":[],"Dataset":[],"FAQPage":[],"Movie":[],"Person":[],"Product":[],"ProductReview":[],"Car":[],"Recipe":[],"Service":[],"SoftwareApplication":[],"WebPage":[]},"graphName":"","isEnabled":true},"graphs":[],"defaultGraph":"","defaultPostTypeGraph":""},"schema_type":null,"schema_type_options":null,"pillar_content":false,"robots_default":true,"robots_noindex":false,"robots_noarchive":false,"robots_nosnippet":false,"robots_nofollow":false,"robots_noimageindex":false,"robots_noodp":false,"robots_notranslate":false,"robots_max_snippet":null,"robots_max_videopreview":null,"robots_max_imagepreview":"large","priority":null,"frequency":null,"location":null,"local_seo":null,"seo_analyzer_scan_date":"2025-09-25 12:07:01","breadcrumb_settings":null,"limit_modified_date":false,"open_ai":null,"ai":null,"created":"2021-03-08 21:29:44","updated":"2025-09-25 12:07:01"},"aioseo_breadcrumb":"<div class=\"aioseo-breadcrumbs\"><span class=\"aioseo-breadcrumb\">\n\t<a href=\"https:\/\/eldigitaldeasturias.com\/magazine365\" title=\"Home\">Home<\/a>\n<\/span><span class=\"aioseo-breadcrumb-separator\">\u2013<\/span><span class=\"aioseo-breadcrumb\">\n\t<a href=\"https:\/\/eldigitaldeasturias.com\/magazine365\/category\/noticias-actualidad\/\" title=\"Noticias y Actualidad\">Noticias y Actualidad<\/a>\n<\/span><span class=\"aioseo-breadcrumb-separator\">\u2013<\/span><span class=\"aioseo-breadcrumb\">\n\t<a href=\"https:\/\/eldigitaldeasturias.com\/magazine365\/el-alcalde-de-almeria-descarta-un-nuevo-palacio-de-congresos-en-el-centro\/\" title=\"El alcalde de Almer\u00eda descarta un nuevo Palacio de Congresos en el centro\">El alcalde de Almer\u00eda descarta un nuevo Palacio de Congresos en el centro<\/a>\n<\/span><\/div>","aioseo_breadcrumb_json":[{"label":"Home","link":"https:\/\/eldigitaldeasturias.com\/magazine365"},{"label":"Noticias y Actualidad","link":"https:\/\/eldigitaldeasturias.com\/magazine365\/category\/noticias-actualidad\/"},{"label":"El alcalde de Almer\u00eda descarta un nuevo Palacio de Congresos en el centro","link":"https:\/\/eldigitaldeasturias.com\/magazine365\/el-alcalde-de-almeria-descarta-un-nuevo-palacio-de-congresos-en-el-centro\/"}],"_links":{"self":[{"href":"https:\/\/eldigitaldeasturias.com\/magazine365\/wp-json\/wp\/v2\/posts\/62906","targetHints":{"allow":["GET"]}}],"collection":[{"href":"https:\/\/eldigitaldeasturias.com\/magazine365\/wp-json\/wp\/v2\/posts"}],"about":[{"href":"https:\/\/eldigitaldeasturias.com\/magazine365\/wp-json\/wp\/v2\/types\/post"}],"author":[{"embeddable":true,"href":"https:\/\/eldigitaldeasturias.com\/magazine365\/wp-json\/wp\/v2\/users\/1"}],"replies":[{"embeddable":true,"href":"https:\/\/eldigitaldeasturias.com\/magazine365\/wp-json\/wp\/v2\/comments?post=62906"}],"version-history":[{"count":0,"href":"https:\/\/eldigitaldeasturias.com\/magazine365\/wp-json\/wp\/v2\/posts\/62906\/revisions"}],"wp:featuredmedia":[{"embeddable":true,"href":"https:\/\/eldigitaldeasturias.com\/magazine365\/wp-json\/wp\/v2\/media\/62907"}],"wp:attachment":[{"href":"https:\/\/eldigitaldeasturias.com\/magazine365\/wp-json\/wp\/v2\/media?parent=62906"}],"wp:term":[{"taxonomy":"category","embeddable":true,"href":"https:\/\/eldigitaldeasturias.com\/magazine365\/wp-json\/wp\/v2\/categories?post=62906"},{"taxonomy":"post_tag","embeddable":true,"href":"https:\/\/eldigitaldeasturias.com\/magazine365\/wp-json\/wp\/v2\/tags?post=62906"}],"curies":[{"name":"wp","href":"https:\/\/api.w.org\/{rel}","templated":true}]}}