{"id":62900,"date":"2016-02-03T16:32:25","date_gmt":"2016-02-03T15:32:25","guid":{"rendered":"http:\/\/eldigitaldeasturias.com\/magazine365\/?p=62900"},"modified":"2016-02-03T16:32:25","modified_gmt":"2016-02-03T15:32:25","slug":"el-juez-desestima-el-cierre-cautelar-de-blablacar","status":"publish","type":"post","link":"https:\/\/eldigitaldeasturias.com\/magazine365\/el-juez-desestima-el-cierre-cautelar-de-blablacar\/","title":{"rendered":"El juez desestima el cierre cautelar de BlaBlaCar"},"content":{"rendered":"<p><img fetchpriority=\"high\" decoding=\"async\" class=\"alignleft size-medium wp-image-62901\" src=\"https:\/\/eldigitaldeasturias.com\/magazine365\/wp-content\/uploads\/2016\/02\/fotonoticia_20160201113440_800-360x241.jpg\" alt=\"fotonoticia_20160201113440_800\" width=\"360\" height=\"241\" srcset=\"https:\/\/eldigitaldeasturias.com\/magazine365\/wp-content\/uploads\/2016\/02\/fotonoticia_20160201113440_800-360x241.jpg 360w, https:\/\/eldigitaldeasturias.com\/magazine365\/wp-content\/uploads\/2016\/02\/fotonoticia_20160201113440_800-650x435.jpg 650w, https:\/\/eldigitaldeasturias.com\/magazine365\/wp-content\/uploads\/2016\/02\/fotonoticia_20160201113440_800-768x514.jpg 768w, https:\/\/eldigitaldeasturias.com\/magazine365\/wp-content\/uploads\/2016\/02\/fotonoticia_20160201113440_800-150x100.jpg 150w, https:\/\/eldigitaldeasturias.com\/magazine365\/wp-content\/uploads\/2016\/02\/fotonoticia_20160201113440_800-450x301.jpg 450w, https:\/\/eldigitaldeasturias.com\/magazine365\/wp-content\/uploads\/2016\/02\/fotonoticia_20160201113440_800-696x465.jpg 696w, https:\/\/eldigitaldeasturias.com\/magazine365\/wp-content\/uploads\/2016\/02\/fotonoticia_20160201113440_800-628x420.jpg 628w, https:\/\/eldigitaldeasturias.com\/magazine365\/wp-content\/uploads\/2016\/02\/fotonoticia_20160201113440_800.jpg 800w\" sizes=\"(max-width: 360px) 100vw, 360px\" \/>El magistrado titular del Juzgado de lo Mercantil n\u00famero 2 de Madrid, Andr\u00e9s S\u00e1nchez Magro, ha denegado la adopci\u00f3n de las medidas cautelares solicitadas por la Confederaci\u00f3n Espa\u00f1ola de Transporte en Autob\u00fas (Confeb\u00fas) en el marco de la demanda interpuesta por \u00e9sta contra Blablacar y que supon\u00edan el cese de actividad de la plataforma digital para compartir viajes por Internet, seg\u00fan el texto de la resoluci\u00f3n.<\/p>\n<p>Entre otros razonamientos jur\u00eddicos expresados en los fundamentos de derecho de la resoluci\u00f3n, el juez establece que no ha lugar al acuerdo de las medidas cautelares solicitadas porque lo que \u00aben verdad se pretende (es) anticipar en cierta forma el resultado del fallo (del procedimiento), al pedir el cese de los actos de competencia desleal, lo que tiene un marcado efecto anticipatorio, puesto que es uno de los pedimentos de la demanda\u00bb.<\/p>\n<p>En ese sentido, el magistrado explica que \u00abel solicitante (Confeb\u00fas) deber\u00e1 acreditar cu\u00e1les son los hechos que fundamentan la existencia actual, siquiera indiciaria, del peligro alegado\u00bb.<\/p>\n<p>El juez recuerda adem\u00e1s que \u00abno se permite que con la medida cautelar se pretenda alterar situaciones de hecho consentidas por el solicitante largo tiempo\u00bb, dado que la situaci\u00f3n demandada viene sucediendo desde tiempo atr\u00e1s, pues la plataforma Blablacar se implant\u00f3 en Espa\u00f1a en 2009.<\/p>\n<p>Contra esta resoluci\u00f3n cabe interponer recurso de apelaci\u00f3n ante la Secci\u00f3n 28 de la Audiencia Provincial de Madrid, sala especializada en los expedientes mercantiles, en el plazo de veinte d\u00edas.<\/p>\n<p>Blablacar ha expresado su \u00abtotal satisfacci\u00f3n\u00bb ante la decisi\u00f3n del magistrado y ha puesto de manifiesto que siempre ha confiado en la \u00absolidez\u00bb de los argumentos presentados al juez. \u00abY nos reconforta que as\u00ed hayan sido valorados\u00bb, seg\u00fan indica en un comunicado.<\/p>\n<p>2,5 MILLONES DE USUARIOS EN ESPA\u00d1A<\/p>\n<p>Para la plataforma l\u00edder en viajes en coche compartido del mundo, esta decisi\u00f3n es, por tanto, coherente con la consideraci\u00f3n que el coche compartido tiene en toda Europa y permite que los m\u00e1s de 2,5 millones de usuarios de BlaBlaCar en Espa\u00f1a puedan seguir compartiendo sus viajes.<\/p>\n<p>\u00abEste ha sido el primer paso de un proceso que afrontamos con la convicci\u00f3n y confianza de poder seguir explicando lo que somos y lo que no somos ante el juez\u00bb, se\u00f1ala.<\/p>\n<p>Blablacar agradece las muestras de apoyo recibidas por los miembros de su comunidad y por diferentes agentes sociales que han entendido que la plataforma es \u00abuna nueva forma de viajar m\u00e1s asequible, m\u00e1s social y m\u00e1s sostenible, basada en compartir coche y compartir gastos entre usuarios privados sin \u00e1nimo de lucro\u00bb.<\/p>\n<p>Por \u00faltimo, la plataforma reitera que su modelo responde a una nueva mentalidad \u00abm\u00e1s social, m\u00e1s tecnol\u00f3gica y m\u00e1s sostenible, que ya es una realidad en Espa\u00f1a, no solo en nuestro \u00e1mbito, sino en el de tantos otros que conforman y definen una econom\u00eda m\u00e1s colaborativa\u00bb.<\/p>\n","protected":false},"excerpt":{"rendered":"<p>El magistrado titular del Juzgado de lo Mercantil n\u00famero 2 de Madrid, Andr\u00e9s S\u00e1nchez Magro, ha denegado la adopci\u00f3n de las medidas cautelares solicitadas por la Confederaci\u00f3n Espa\u00f1ola de Transporte en Autob\u00fas (Confeb\u00fas) en el marco de la demanda interpuesta por \u00e9sta contra Blablacar y que supon\u00edan el cese de actividad de la plataforma digital<\/p>\n","protected":false},"author":1,"featured_media":62901,"comment_status":"open","ping_status":"closed","sticky":false,"template":"","format":"standard","meta":{"footnotes":""},"categories":[224],"tags":[],"class_list":{"0":"post-62900","1":"post","2":"type-post","3":"status-publish","4":"format-standard","5":"has-post-thumbnail","7":"category-noticias-actualidad"},"aioseo_notices":[],"aioseo_head":"\n\t\t<!-- All in One SEO Pro 4.9.6.1 - aioseo.com -->\n\t<meta name=\"description\" content=\"El magistrado titular del Juzgado de lo Mercantil n\u00famero 2 de Madrid, Andr\u00e9s S\u00e1nchez Magro, ha denegado la adopci\u00f3n de las medidas cautelares solicitadas por la Confederaci\u00f3n Espa\u00f1ola de Transporte en Autob\u00fas (Confeb\u00fas) en el marco de la demanda interpuesta por \u00e9sta contra Blablacar y que supon\u00edan el cese de actividad de la plataforma digital\" \/>\n\t<meta name=\"robots\" content=\"max-image-preview:large\" \/>\n\t<meta name=\"author\" content=\"admin\"\/>\n\t<meta name=\"google-site-verification\" content=\"UA-38556648-1\" \/>\n\t<meta name=\"keywords\" content=\"noticias y actualidad\" \/>\n\t<link rel=\"canonical\" href=\"https:\/\/eldigitaldeasturias.com\/magazine365\/el-juez-desestima-el-cierre-cautelar-de-blablacar\/\" \/>\n\t<meta name=\"generator\" content=\"All in One SEO Pro (AIOSEO) 4.9.6.1\" \/>\n\t\t<meta property=\"og:locale\" content=\"es_ES\" \/>\n\t\t<meta property=\"og:site_name\" content=\"El Digital de Asturias \u2013 Revista de ocio, turismo y estilo de vida\" \/>\n\t\t<meta property=\"og:type\" content=\"article\" \/>\n\t\t<meta property=\"og:title\" content=\"El juez desestima el cierre cautelar de BlaBlaCar | El Digital de Asturias\" \/>\n\t\t<meta property=\"og:description\" content=\"El magistrado titular del Juzgado de lo Mercantil n\u00famero 2 de Madrid, Andr\u00e9s S\u00e1nchez Magro, ha denegado la adopci\u00f3n de las medidas cautelares solicitadas por la Confederaci\u00f3n Espa\u00f1ola de Transporte en Autob\u00fas (Confeb\u00fas) en el marco de la demanda interpuesta por \u00e9sta contra Blablacar y que supon\u00edan el cese de actividad de la plataforma digital\" \/>\n\t\t<meta property=\"og:url\" content=\"https:\/\/eldigitaldeasturias.com\/magazine365\/el-juez-desestima-el-cierre-cautelar-de-blablacar\/\" \/>\n\t\t<meta property=\"og:image\" content=\"https:\/\/eldigitaldeasturias.com\/magazine365\/wp-content\/uploads\/2016\/02\/fotonoticia_20160201113440_800.jpg\" \/>\n\t\t<meta property=\"og:image:secure_url\" content=\"https:\/\/eldigitaldeasturias.com\/magazine365\/wp-content\/uploads\/2016\/02\/fotonoticia_20160201113440_800.jpg\" \/>\n\t\t<meta property=\"og:image:width\" content=\"800\" \/>\n\t\t<meta property=\"og:image:height\" content=\"535\" \/>\n\t\t<meta property=\"article:published_time\" content=\"2016-02-03T15:32:25+00:00\" \/>\n\t\t<meta property=\"article:modified_time\" content=\"2016-02-03T15:32:25+00:00\" \/>\n\t\t<meta name=\"twitter:card\" content=\"summary_large_image\" \/>\n\t\t<meta name=\"twitter:title\" content=\"El juez desestima el cierre cautelar de BlaBlaCar | El Digital de Asturias\" \/>\n\t\t<meta name=\"twitter:description\" content=\"El magistrado titular del Juzgado de lo Mercantil n\u00famero 2 de Madrid, Andr\u00e9s S\u00e1nchez Magro, ha denegado la adopci\u00f3n de las medidas cautelares solicitadas por la Confederaci\u00f3n Espa\u00f1ola de Transporte en Autob\u00fas (Confeb\u00fas) en el marco de la demanda interpuesta por \u00e9sta contra Blablacar y que supon\u00edan el cese de actividad de la plataforma digital\" \/>\n\t\t<meta name=\"twitter:image\" content=\"https:\/\/eldigitaldeasturias.com\/magazine365\/wp-content\/uploads\/2016\/02\/fotonoticia_20160201113440_800.jpg\" \/>\n\t\t<script type=\"application\/ld+json\" class=\"aioseo-schema\">\n\t\t\t{\"@context\":\"https:\\\/\\\/schema.org\",\"@graph\":[{\"@type\":\"Article\",\"@id\":\"https:\\\/\\\/eldigitaldeasturias.com\\\/magazine365\\\/el-juez-desestima-el-cierre-cautelar-de-blablacar\\\/#article\",\"name\":\"El juez desestima el cierre cautelar de BlaBlaCar | El Digital de Asturias\",\"headline\":\"El juez desestima el cierre cautelar de BlaBlaCar\",\"author\":{\"@id\":\"https:\\\/\\\/eldigitaldeasturias.com\\\/magazine365\\\/author\\\/admin\\\/#author\"},\"publisher\":{\"@id\":\"https:\\\/\\\/eldigitaldeasturias.com\\\/magazine365\\\/#organization\"},\"image\":{\"@type\":\"ImageObject\",\"url\":\"https:\\\/\\\/eldigitaldeasturias.com\\\/magazine365\\\/wp-content\\\/uploads\\\/2016\\\/02\\\/fotonoticia_20160201113440_800.jpg\",\"width\":800,\"height\":535},\"datePublished\":\"2016-02-03T16:32:25+01:00\",\"dateModified\":\"2016-02-03T16:32:25+01:00\",\"inLanguage\":\"es-ES\",\"mainEntityOfPage\":{\"@id\":\"https:\\\/\\\/eldigitaldeasturias.com\\\/magazine365\\\/el-juez-desestima-el-cierre-cautelar-de-blablacar\\\/#webpage\"},\"isPartOf\":{\"@id\":\"https:\\\/\\\/eldigitaldeasturias.com\\\/magazine365\\\/el-juez-desestima-el-cierre-cautelar-de-blablacar\\\/#webpage\"},\"articleSection\":\"Noticias y Actualidad\"},{\"@type\":\"BreadcrumbList\",\"@id\":\"https:\\\/\\\/eldigitaldeasturias.com\\\/magazine365\\\/el-juez-desestima-el-cierre-cautelar-de-blablacar\\\/#breadcrumblist\",\"itemListElement\":[{\"@type\":\"ListItem\",\"@id\":\"https:\\\/\\\/eldigitaldeasturias.com\\\/magazine365#listItem\",\"position\":1,\"name\":\"Home\",\"item\":\"https:\\\/\\\/eldigitaldeasturias.com\\\/magazine365\",\"nextItem\":{\"@type\":\"ListItem\",\"@id\":\"https:\\\/\\\/eldigitaldeasturias.com\\\/magazine365\\\/category\\\/noticias-actualidad\\\/#listItem\",\"name\":\"Noticias y Actualidad\"}},{\"@type\":\"ListItem\",\"@id\":\"https:\\\/\\\/eldigitaldeasturias.com\\\/magazine365\\\/category\\\/noticias-actualidad\\\/#listItem\",\"position\":2,\"name\":\"Noticias y Actualidad\",\"item\":\"https:\\\/\\\/eldigitaldeasturias.com\\\/magazine365\\\/category\\\/noticias-actualidad\\\/\",\"nextItem\":{\"@type\":\"ListItem\",\"@id\":\"https:\\\/\\\/eldigitaldeasturias.com\\\/magazine365\\\/el-juez-desestima-el-cierre-cautelar-de-blablacar\\\/#listItem\",\"name\":\"El juez desestima el cierre cautelar de BlaBlaCar\"},\"previousItem\":{\"@type\":\"ListItem\",\"@id\":\"https:\\\/\\\/eldigitaldeasturias.com\\\/magazine365#listItem\",\"name\":\"Home\"}},{\"@type\":\"ListItem\",\"@id\":\"https:\\\/\\\/eldigitaldeasturias.com\\\/magazine365\\\/el-juez-desestima-el-cierre-cautelar-de-blablacar\\\/#listItem\",\"position\":3,\"name\":\"El juez desestima el cierre cautelar de BlaBlaCar\",\"previousItem\":{\"@type\":\"ListItem\",\"@id\":\"https:\\\/\\\/eldigitaldeasturias.com\\\/magazine365\\\/category\\\/noticias-actualidad\\\/#listItem\",\"name\":\"Noticias y Actualidad\"}}]},{\"@type\":\"Organization\",\"@id\":\"https:\\\/\\\/eldigitaldeasturias.com\\\/magazine365\\\/#organization\",\"name\":\"El digital de Asturias\",\"description\":\"Revista de ocio, turismo y estilo de vida\",\"url\":\"https:\\\/\\\/eldigitaldeasturias.com\\\/magazine365\\\/\",\"logo\":{\"@type\":\"ImageObject\",\"url\":\"https:\\\/\\\/www.eldigitaldeasturias.com\\\/noticias\\\/wp-content\\\/uploads\\\/2020\\\/12\\\/EDA.jpg\",\"@id\":\"https:\\\/\\\/eldigitaldeasturias.com\\\/magazine365\\\/el-juez-desestima-el-cierre-cautelar-de-blablacar\\\/#organizationLogo\"},\"image\":{\"@id\":\"https:\\\/\\\/eldigitaldeasturias.com\\\/magazine365\\\/el-juez-desestima-el-cierre-cautelar-de-blablacar\\\/#organizationLogo\"}},{\"@type\":\"Person\",\"@id\":\"https:\\\/\\\/eldigitaldeasturias.com\\\/magazine365\\\/author\\\/admin\\\/#author\",\"url\":\"https:\\\/\\\/eldigitaldeasturias.com\\\/magazine365\\\/author\\\/admin\\\/\",\"name\":\"admin\",\"image\":{\"@type\":\"ImageObject\",\"@id\":\"https:\\\/\\\/eldigitaldeasturias.com\\\/magazine365\\\/el-juez-desestima-el-cierre-cautelar-de-blablacar\\\/#authorImage\",\"url\":\"https:\\\/\\\/eldigitaldeasturias.com\\\/magazine365\\\/wp-content\\\/litespeed\\\/avatar\\\/e571bcf59a0edd6fa6838245a470f2fe.jpg?ver=1776969259\",\"width\":96,\"height\":96,\"caption\":\"admin\"}},{\"@type\":\"WebPage\",\"@id\":\"https:\\\/\\\/eldigitaldeasturias.com\\\/magazine365\\\/el-juez-desestima-el-cierre-cautelar-de-blablacar\\\/#webpage\",\"url\":\"https:\\\/\\\/eldigitaldeasturias.com\\\/magazine365\\\/el-juez-desestima-el-cierre-cautelar-de-blablacar\\\/\",\"name\":\"El juez desestima el cierre cautelar de BlaBlaCar | El Digital de Asturias\",\"description\":\"El magistrado titular del Juzgado de lo Mercantil n\\u00famero 2 de Madrid, Andr\\u00e9s S\\u00e1nchez Magro, ha denegado la adopci\\u00f3n de las medidas cautelares solicitadas por la Confederaci\\u00f3n Espa\\u00f1ola de Transporte en Autob\\u00fas (Confeb\\u00fas) en el marco de la demanda interpuesta por \\u00e9sta contra Blablacar y que supon\\u00edan el cese de actividad de la plataforma digital\",\"inLanguage\":\"es-ES\",\"isPartOf\":{\"@id\":\"https:\\\/\\\/eldigitaldeasturias.com\\\/magazine365\\\/#website\"},\"breadcrumb\":{\"@id\":\"https:\\\/\\\/eldigitaldeasturias.com\\\/magazine365\\\/el-juez-desestima-el-cierre-cautelar-de-blablacar\\\/#breadcrumblist\"},\"author\":{\"@id\":\"https:\\\/\\\/eldigitaldeasturias.com\\\/magazine365\\\/author\\\/admin\\\/#author\"},\"creator\":{\"@id\":\"https:\\\/\\\/eldigitaldeasturias.com\\\/magazine365\\\/author\\\/admin\\\/#author\"},\"image\":{\"@type\":\"ImageObject\",\"url\":\"https:\\\/\\\/eldigitaldeasturias.com\\\/magazine365\\\/wp-content\\\/uploads\\\/2016\\\/02\\\/fotonoticia_20160201113440_800.jpg\",\"@id\":\"https:\\\/\\\/eldigitaldeasturias.com\\\/magazine365\\\/el-juez-desestima-el-cierre-cautelar-de-blablacar\\\/#mainImage\",\"width\":800,\"height\":535},\"primaryImageOfPage\":{\"@id\":\"https:\\\/\\\/eldigitaldeasturias.com\\\/magazine365\\\/el-juez-desestima-el-cierre-cautelar-de-blablacar\\\/#mainImage\"},\"datePublished\":\"2016-02-03T16:32:25+01:00\",\"dateModified\":\"2016-02-03T16:32:25+01:00\"},{\"@type\":\"WebSite\",\"@id\":\"https:\\\/\\\/eldigitaldeasturias.com\\\/magazine365\\\/#website\",\"url\":\"https:\\\/\\\/eldigitaldeasturias.com\\\/magazine365\\\/\",\"name\":\"El Digital de Asturias\",\"description\":\"Revista de ocio, turismo y estilo de vida\",\"inLanguage\":\"es-ES\",\"publisher\":{\"@id\":\"https:\\\/\\\/eldigitaldeasturias.com\\\/magazine365\\\/#organization\"}}]}\n\t\t<\/script>\n\t\t<!-- All in One SEO Pro -->\r\n\t\t<title>El juez desestima el cierre cautelar de BlaBlaCar | El Digital de Asturias<\/title>\n\n","aioseo_head_json":{"title":"El juez desestima el cierre cautelar de BlaBlaCar | El Digital de Asturias","description":"El magistrado titular del Juzgado de lo Mercantil n\u00famero 2 de Madrid, Andr\u00e9s S\u00e1nchez Magro, ha denegado la adopci\u00f3n de las medidas cautelares solicitadas por la Confederaci\u00f3n Espa\u00f1ola de Transporte en Autob\u00fas (Confeb\u00fas) en el marco de la demanda interpuesta por \u00e9sta contra Blablacar y que supon\u00edan el cese de actividad de la plataforma digital","canonical_url":"https:\/\/eldigitaldeasturias.com\/magazine365\/el-juez-desestima-el-cierre-cautelar-de-blablacar\/","robots":"max-image-preview:large","keywords":"noticias y actualidad","webmasterTools":{"google-site-verification":"UA-38556648-1","miscellaneous":""},"schema":{"@context":"https:\/\/schema.org","@graph":[{"@type":"Article","@id":"https:\/\/eldigitaldeasturias.com\/magazine365\/el-juez-desestima-el-cierre-cautelar-de-blablacar\/#article","name":"El juez desestima el cierre cautelar de BlaBlaCar | El Digital de Asturias","headline":"El juez desestima el cierre cautelar de BlaBlaCar","author":{"@id":"https:\/\/eldigitaldeasturias.com\/magazine365\/author\/admin\/#author"},"publisher":{"@id":"https:\/\/eldigitaldeasturias.com\/magazine365\/#organization"},"image":{"@type":"ImageObject","url":"https:\/\/eldigitaldeasturias.com\/magazine365\/wp-content\/uploads\/2016\/02\/fotonoticia_20160201113440_800.jpg","width":800,"height":535},"datePublished":"2016-02-03T16:32:25+01:00","dateModified":"2016-02-03T16:32:25+01:00","inLanguage":"es-ES","mainEntityOfPage":{"@id":"https:\/\/eldigitaldeasturias.com\/magazine365\/el-juez-desestima-el-cierre-cautelar-de-blablacar\/#webpage"},"isPartOf":{"@id":"https:\/\/eldigitaldeasturias.com\/magazine365\/el-juez-desestima-el-cierre-cautelar-de-blablacar\/#webpage"},"articleSection":"Noticias y Actualidad"},{"@type":"BreadcrumbList","@id":"https:\/\/eldigitaldeasturias.com\/magazine365\/el-juez-desestima-el-cierre-cautelar-de-blablacar\/#breadcrumblist","itemListElement":[{"@type":"ListItem","@id":"https:\/\/eldigitaldeasturias.com\/magazine365#listItem","position":1,"name":"Home","item":"https:\/\/eldigitaldeasturias.com\/magazine365","nextItem":{"@type":"ListItem","@id":"https:\/\/eldigitaldeasturias.com\/magazine365\/category\/noticias-actualidad\/#listItem","name":"Noticias y Actualidad"}},{"@type":"ListItem","@id":"https:\/\/eldigitaldeasturias.com\/magazine365\/category\/noticias-actualidad\/#listItem","position":2,"name":"Noticias y Actualidad","item":"https:\/\/eldigitaldeasturias.com\/magazine365\/category\/noticias-actualidad\/","nextItem":{"@type":"ListItem","@id":"https:\/\/eldigitaldeasturias.com\/magazine365\/el-juez-desestima-el-cierre-cautelar-de-blablacar\/#listItem","name":"El juez desestima el cierre cautelar de BlaBlaCar"},"previousItem":{"@type":"ListItem","@id":"https:\/\/eldigitaldeasturias.com\/magazine365#listItem","name":"Home"}},{"@type":"ListItem","@id":"https:\/\/eldigitaldeasturias.com\/magazine365\/el-juez-desestima-el-cierre-cautelar-de-blablacar\/#listItem","position":3,"name":"El juez desestima el cierre cautelar de BlaBlaCar","previousItem":{"@type":"ListItem","@id":"https:\/\/eldigitaldeasturias.com\/magazine365\/category\/noticias-actualidad\/#listItem","name":"Noticias y Actualidad"}}]},{"@type":"Organization","@id":"https:\/\/eldigitaldeasturias.com\/magazine365\/#organization","name":"El digital de Asturias","description":"Revista de ocio, turismo y estilo de vida","url":"https:\/\/eldigitaldeasturias.com\/magazine365\/","logo":{"@type":"ImageObject","url":"https:\/\/www.eldigitaldeasturias.com\/noticias\/wp-content\/uploads\/2020\/12\/EDA.jpg","@id":"https:\/\/eldigitaldeasturias.com\/magazine365\/el-juez-desestima-el-cierre-cautelar-de-blablacar\/#organizationLogo"},"image":{"@id":"https:\/\/eldigitaldeasturias.com\/magazine365\/el-juez-desestima-el-cierre-cautelar-de-blablacar\/#organizationLogo"}},{"@type":"Person","@id":"https:\/\/eldigitaldeasturias.com\/magazine365\/author\/admin\/#author","url":"https:\/\/eldigitaldeasturias.com\/magazine365\/author\/admin\/","name":"admin","image":{"@type":"ImageObject","@id":"https:\/\/eldigitaldeasturias.com\/magazine365\/el-juez-desestima-el-cierre-cautelar-de-blablacar\/#authorImage","url":"https:\/\/eldigitaldeasturias.com\/magazine365\/wp-content\/litespeed\/avatar\/e571bcf59a0edd6fa6838245a470f2fe.jpg?ver=1776969259","width":96,"height":96,"caption":"admin"}},{"@type":"WebPage","@id":"https:\/\/eldigitaldeasturias.com\/magazine365\/el-juez-desestima-el-cierre-cautelar-de-blablacar\/#webpage","url":"https:\/\/eldigitaldeasturias.com\/magazine365\/el-juez-desestima-el-cierre-cautelar-de-blablacar\/","name":"El juez desestima el cierre cautelar de BlaBlaCar | El Digital de Asturias","description":"El magistrado titular del Juzgado de lo Mercantil n\u00famero 2 de Madrid, Andr\u00e9s S\u00e1nchez Magro, ha denegado la adopci\u00f3n de las medidas cautelares solicitadas por la Confederaci\u00f3n Espa\u00f1ola de Transporte en Autob\u00fas (Confeb\u00fas) en el marco de la demanda interpuesta por \u00e9sta contra Blablacar y que supon\u00edan el cese de actividad de la plataforma digital","inLanguage":"es-ES","isPartOf":{"@id":"https:\/\/eldigitaldeasturias.com\/magazine365\/#website"},"breadcrumb":{"@id":"https:\/\/eldigitaldeasturias.com\/magazine365\/el-juez-desestima-el-cierre-cautelar-de-blablacar\/#breadcrumblist"},"author":{"@id":"https:\/\/eldigitaldeasturias.com\/magazine365\/author\/admin\/#author"},"creator":{"@id":"https:\/\/eldigitaldeasturias.com\/magazine365\/author\/admin\/#author"},"image":{"@type":"ImageObject","url":"https:\/\/eldigitaldeasturias.com\/magazine365\/wp-content\/uploads\/2016\/02\/fotonoticia_20160201113440_800.jpg","@id":"https:\/\/eldigitaldeasturias.com\/magazine365\/el-juez-desestima-el-cierre-cautelar-de-blablacar\/#mainImage","width":800,"height":535},"primaryImageOfPage":{"@id":"https:\/\/eldigitaldeasturias.com\/magazine365\/el-juez-desestima-el-cierre-cautelar-de-blablacar\/#mainImage"},"datePublished":"2016-02-03T16:32:25+01:00","dateModified":"2016-02-03T16:32:25+01:00"},{"@type":"WebSite","@id":"https:\/\/eldigitaldeasturias.com\/magazine365\/#website","url":"https:\/\/eldigitaldeasturias.com\/magazine365\/","name":"El Digital de Asturias","description":"Revista de ocio, turismo y estilo de vida","inLanguage":"es-ES","publisher":{"@id":"https:\/\/eldigitaldeasturias.com\/magazine365\/#organization"}}]},"og:locale":"es_ES","og:site_name":"El Digital de Asturias \u2013 Revista de ocio, turismo y estilo de vida","og:type":"article","og:title":"El juez desestima el cierre cautelar de BlaBlaCar | El Digital de Asturias","og:description":"El magistrado titular del Juzgado de lo Mercantil n\u00famero 2 de Madrid, Andr\u00e9s S\u00e1nchez Magro, ha denegado la adopci\u00f3n de las medidas cautelares solicitadas por la Confederaci\u00f3n Espa\u00f1ola de Transporte en Autob\u00fas (Confeb\u00fas) en el marco de la demanda interpuesta por \u00e9sta contra Blablacar y que supon\u00edan el cese de actividad de la plataforma digital","og:url":"https:\/\/eldigitaldeasturias.com\/magazine365\/el-juez-desestima-el-cierre-cautelar-de-blablacar\/","og:image":"https:\/\/eldigitaldeasturias.com\/magazine365\/wp-content\/uploads\/2016\/02\/fotonoticia_20160201113440_800.jpg","og:image:secure_url":"https:\/\/eldigitaldeasturias.com\/magazine365\/wp-content\/uploads\/2016\/02\/fotonoticia_20160201113440_800.jpg","og:image:width":800,"og:image:height":535,"article:published_time":"2016-02-03T15:32:25+00:00","article:modified_time":"2016-02-03T15:32:25+00:00","twitter:card":"summary_large_image","twitter:title":"El juez desestima el cierre cautelar de BlaBlaCar | El Digital de Asturias","twitter:description":"El magistrado titular del Juzgado de lo Mercantil n\u00famero 2 de Madrid, Andr\u00e9s S\u00e1nchez Magro, ha denegado la adopci\u00f3n de las medidas cautelares solicitadas por la Confederaci\u00f3n Espa\u00f1ola de Transporte en Autob\u00fas (Confeb\u00fas) en el marco de la demanda interpuesta por \u00e9sta contra Blablacar y que supon\u00edan el cese de actividad de la plataforma digital","twitter:image":"https:\/\/eldigitaldeasturias.com\/magazine365\/wp-content\/uploads\/2016\/02\/fotonoticia_20160201113440_800.jpg"},"aioseo_meta_data":{"post_id":"62900","title":null,"description":null,"keywords":null,"keyphrases":null,"primary_term":null,"canonical_url":null,"og_title":null,"og_description":null,"og_object_type":"default","og_image_type":"default","og_image_url":null,"og_image_width":null,"og_image_height":null,"og_image_custom_url":null,"og_image_custom_fields":null,"og_video":null,"og_custom_url":null,"og_article_section":null,"og_article_tags":null,"twitter_use_og":false,"twitter_card":"default","twitter_image_type":"default","twitter_image_url":null,"twitter_image_custom_url":null,"twitter_image_custom_fields":null,"twitter_title":null,"twitter_description":null,"schema":{"blockGraphs":[],"customGraphs":[],"default":{"data":{"Article":[],"Course":[],"Dataset":[],"FAQPage":[],"Movie":[],"Person":[],"Product":[],"ProductReview":[],"Car":[],"Recipe":[],"Service":[],"SoftwareApplication":[],"WebPage":[]},"graphName":"","isEnabled":true},"graphs":[],"defaultGraph":"","defaultPostTypeGraph":""},"schema_type":null,"schema_type_options":null,"pillar_content":false,"robots_default":true,"robots_noindex":false,"robots_noarchive":false,"robots_nosnippet":false,"robots_nofollow":false,"robots_noimageindex":false,"robots_noodp":false,"robots_notranslate":false,"robots_max_snippet":null,"robots_max_videopreview":null,"robots_max_imagepreview":"large","priority":null,"frequency":null,"location":null,"local_seo":null,"seo_analyzer_scan_date":"2025-09-25 12:06:58","breadcrumb_settings":null,"limit_modified_date":false,"open_ai":null,"ai":null,"created":"2021-03-08 21:29:44","updated":"2025-09-25 12:06:58"},"aioseo_breadcrumb":"<div class=\"aioseo-breadcrumbs\"><span class=\"aioseo-breadcrumb\">\n\t<a href=\"https:\/\/eldigitaldeasturias.com\/magazine365\" title=\"Home\">Home<\/a>\n<\/span><span class=\"aioseo-breadcrumb-separator\">\u2013<\/span><span class=\"aioseo-breadcrumb\">\n\t<a href=\"https:\/\/eldigitaldeasturias.com\/magazine365\/category\/noticias-actualidad\/\" title=\"Noticias y Actualidad\">Noticias y Actualidad<\/a>\n<\/span><span class=\"aioseo-breadcrumb-separator\">\u2013<\/span><span class=\"aioseo-breadcrumb\">\n\t<a href=\"https:\/\/eldigitaldeasturias.com\/magazine365\/el-juez-desestima-el-cierre-cautelar-de-blablacar\/\" title=\"El juez desestima el cierre cautelar de BlaBlaCar\">El juez desestima el cierre cautelar de BlaBlaCar<\/a>\n<\/span><\/div>","aioseo_breadcrumb_json":[{"label":"Home","link":"https:\/\/eldigitaldeasturias.com\/magazine365"},{"label":"Noticias y Actualidad","link":"https:\/\/eldigitaldeasturias.com\/magazine365\/category\/noticias-actualidad\/"},{"label":"El juez desestima el cierre cautelar de BlaBlaCar","link":"https:\/\/eldigitaldeasturias.com\/magazine365\/el-juez-desestima-el-cierre-cautelar-de-blablacar\/"}],"_links":{"self":[{"href":"https:\/\/eldigitaldeasturias.com\/magazine365\/wp-json\/wp\/v2\/posts\/62900","targetHints":{"allow":["GET"]}}],"collection":[{"href":"https:\/\/eldigitaldeasturias.com\/magazine365\/wp-json\/wp\/v2\/posts"}],"about":[{"href":"https:\/\/eldigitaldeasturias.com\/magazine365\/wp-json\/wp\/v2\/types\/post"}],"author":[{"embeddable":true,"href":"https:\/\/eldigitaldeasturias.com\/magazine365\/wp-json\/wp\/v2\/users\/1"}],"replies":[{"embeddable":true,"href":"https:\/\/eldigitaldeasturias.com\/magazine365\/wp-json\/wp\/v2\/comments?post=62900"}],"version-history":[{"count":0,"href":"https:\/\/eldigitaldeasturias.com\/magazine365\/wp-json\/wp\/v2\/posts\/62900\/revisions"}],"wp:featuredmedia":[{"embeddable":true,"href":"https:\/\/eldigitaldeasturias.com\/magazine365\/wp-json\/wp\/v2\/media\/62901"}],"wp:attachment":[{"href":"https:\/\/eldigitaldeasturias.com\/magazine365\/wp-json\/wp\/v2\/media?parent=62900"}],"wp:term":[{"taxonomy":"category","embeddable":true,"href":"https:\/\/eldigitaldeasturias.com\/magazine365\/wp-json\/wp\/v2\/categories?post=62900"},{"taxonomy":"post_tag","embeddable":true,"href":"https:\/\/eldigitaldeasturias.com\/magazine365\/wp-json\/wp\/v2\/tags?post=62900"}],"curies":[{"name":"wp","href":"https:\/\/api.w.org\/{rel}","templated":true}]}}