{"id":62828,"date":"2016-02-03T15:55:29","date_gmt":"2016-02-03T14:55:29","guid":{"rendered":"http:\/\/eldigitaldeasturias.com\/magazine365\/?p=62828"},"modified":"2016-02-03T15:55:29","modified_gmt":"2016-02-03T14:55:29","slug":"antequera-presenta-un-programa-para-desarrollar-el-turismo-de-interior","status":"publish","type":"post","link":"https:\/\/eldigitaldeasturias.com\/magazine365\/antequera-presenta-un-programa-para-desarrollar-el-turismo-de-interior\/","title":{"rendered":"Antequera presenta un programa para desarrollar el turismo de interior"},"content":{"rendered":"<p><img fetchpriority=\"high\" decoding=\"async\" class=\"alignleft size-medium wp-image-62829\" src=\"https:\/\/eldigitaldeasturias.com\/magazine365\/wp-content\/uploads\/2016\/02\/fotonoticia_20160129181550_800-360x240.jpg\" alt=\"fotonoticia_20160129181550_800\" width=\"360\" height=\"240\" srcset=\"https:\/\/eldigitaldeasturias.com\/magazine365\/wp-content\/uploads\/2016\/02\/fotonoticia_20160129181550_800-360x240.jpg 360w, https:\/\/eldigitaldeasturias.com\/magazine365\/wp-content\/uploads\/2016\/02\/fotonoticia_20160129181550_800-650x433.jpg 650w, https:\/\/eldigitaldeasturias.com\/magazine365\/wp-content\/uploads\/2016\/02\/fotonoticia_20160129181550_800-768x512.jpg 768w, https:\/\/eldigitaldeasturias.com\/magazine365\/wp-content\/uploads\/2016\/02\/fotonoticia_20160129181550_800-150x100.jpg 150w, https:\/\/eldigitaldeasturias.com\/magazine365\/wp-content\/uploads\/2016\/02\/fotonoticia_20160129181550_800-450x300.jpg 450w, https:\/\/eldigitaldeasturias.com\/magazine365\/wp-content\/uploads\/2016\/02\/fotonoticia_20160129181550_800-696x464.jpg 696w, https:\/\/eldigitaldeasturias.com\/magazine365\/wp-content\/uploads\/2016\/02\/fotonoticia_20160129181550_800-630x420.jpg 630w, https:\/\/eldigitaldeasturias.com\/magazine365\/wp-content\/uploads\/2016\/02\/fotonoticia_20160129181550_800-101x66.jpg 101w, https:\/\/eldigitaldeasturias.com\/magazine365\/wp-content\/uploads\/2016\/02\/fotonoticia_20160129181550_800.jpg 800w\" sizes=\"(max-width: 360px) 100vw, 360px\" \/>El alcalde de Antequera (M\u00e1laga), Manuel Bar\u00f3n, ha avanzado este viernes las l\u00edneas maestras del programa de desarrollo de la ciudad, con la integraci\u00f3n del municipio, junto a las localidades de \u00c1lora, Ardales y Valle de Abdalaj\u00eds, en el reto de conformaci\u00f3n de Estrategias de Desarrollo Urbano Sostenible Integrado (DUSI) para desarrollar un proyecto de turismo de interior como palanca de crecimiento econ\u00f3mico y social, a trav\u00e9s de la Diputaci\u00f3n de M\u00e1laga y con el Caminito del Rey como uni\u00f3n.<\/p>\n<p>Bar\u00f3n, que ha estado acompa\u00f1ado del teniente de alcalde delegado de Obras, Jos\u00e9 Ram\u00f3n Carmona, y la concejal delegada de Urbanismo, Teresa Molina, ha denominado el programa como \u00abel m\u00e1s importante para el desarrollo de la ciudad en el primer cuarto del siglo XXI\u00bb.<\/p>\n<p>Adem\u00e1s, este proyecto va a posibilitar la diversificaci\u00f3n de fuentes fundamentales de desarrollo como la log\u00edstica y el sector agroalimentario y obtener as\u00ed un mayor desarrollo en materias de empleo, de mejora de la ciudad habitable y de la consolidaci\u00f3n de Antequera.<\/p>\n<p>De esta manera, el proyecto a realizar contemplar\u00e1 actuaciones sobre el entorno natural y cultural que permitan ponerlo en valor y desarrollar todo el potencial de la oferta: actuaciones incompletas en el Caminito del Rey, actuaciones urbanas concretas en el casco hist\u00f3rico de Antequera, Castillo de \u00c1lora, mejora y modernizaci\u00f3n de los mercados en l\u00ednea con el desarrollo del potencial Sabor a M\u00e1laga y mejoras en la se\u00f1alizaci\u00f3n, entre otras.<\/p>\n<p>Igualmente se posibilitar\u00e1 la mejora de la oferta tur\u00edstica con la ayuda de las nuevas tecnolog\u00edas y la acci\u00f3n sobre la accesibilidad al turista y resto de ciudadanos a esta ofertas tur\u00edsticas.<\/p>\n<p>Tambi\u00e9n se pretende crear nuevos espacios urbanos para facilitar el desarrollo del comercio, actuando en los cascos hist\u00f3ricos, as\u00ed como en parques y en los propios itinerarios urbanos para modernizar y adaptar calles, plazas y acerados que permitan la implantaci\u00f3n de comercios y nuevas alternativas de transporte urbano, p\u00fablico y privado, propiciando el emprendimiento y la creaci\u00f3n de empresas y negocios con base tur\u00edstica y especializadas en la gesti\u00f3n de recursos naturales.<\/p>\n<p>PROYECTOS EN ANTEQUERA<\/p>\n<p>La mejora del desarrollo urbano-material de Antequera se materializar\u00e1 a trav\u00e9s del DUSI con cinco proyectos concretos que abarcar\u00e1n reformas en las \u00e1reas de confluencia de Moraleda-Cerro de San Crist\u00f3bal &#8211;1,8 millones de euros&#8211;, Coso Viejo-Puerta de Estepa &#8211;2,2 millones de euros&#8211;, Avenida de la Legi\u00f3n &#8211;1,2 millones de euros&#8211;, Oficina de Turismo y edificio municipal de San Luis &#8211;400.000 euros&#8211;, Alcazaba-San Juan-El Carmen &#8211;450.000 euros&#8211;.<\/p>\n<p>Estas actuaciones, por tanto, conllevar\u00e1n una inversi\u00f3n de m\u00e1s de seis millones de euros s\u00f3lo en lo que se refiere a la ejecuci\u00f3n de obra.<\/p>\n<p>Tambi\u00e9n se establecen programas paralelos que supondr\u00e1n en total una inversi\u00f3n de 6,5 millones de euros y que beneficiar\u00e1n al desarrollo y accesibilidad de los servicios de administraci\u00f3n electr\u00f3nica, la mejora del transporte urbano, la ordenaci\u00f3n y promoci\u00f3n de recursos tur\u00edsticos, la potenciaci\u00f3n de la actividad empresarial orientada al turismo, y la integraci\u00f3n social y laboral de la sociedad luchando as\u00ed contra la pobreza y favoreciendo la creaci\u00f3n de empleo.<\/p>\n<p>Bar\u00f3n ha considerado que este plan mejorar\u00e1 Antequera \u00abde punta a punta\u00bb, \u00abporque todos los antequeranos nos vamos a ver beneficiados con este proyecto consolidando la vocaci\u00f3n que estamos intentado implantar de ciudad excepcional, es decir, una ciudad en la que su patrimonio hist\u00f3rico, art\u00edstico, monumental, natural y el tur\u00edstico sea excepcional\u00bb.<\/p>\n<p>Adem\u00e1s, ha confirmado que su ejecuci\u00f3n conllevar\u00e1 \u00abla modernizaci\u00f3n de Antequera\u00bb a trav\u00e9s de \u00abla modernizaci\u00f3n de instalaciones, v\u00edas urbanas, modelos de transporte, promoci\u00f3n de recursos tur\u00edsticas, actividades empresariales, integraci\u00f3n social y esas estructuras urbanas que est\u00e1n deficientes a la hora de ser reclamo tur\u00edstico\u00bb.<\/p>\n<p>Como fin \u00faltimo, Bar\u00f3n ha se\u00f1alado que se busca \u00abintentar atraer m\u00e1s visitantes facilitando la visita a Antequera a trav\u00e9s del desarrollo de itinerarios m\u00e1s \u00e1giles, f\u00e1ciles, accesibles y que unan Antequera en todo su conjunto patrimonial\u00bb.<\/p>\n<p>Por su parte, el teniente de alcalde, Jos\u00e9 Ram\u00f3n Carmona, ha afirmado que este plan ya est\u00e1 en marcha \u00abporque el Ayuntamiento pondr\u00e1 estas actuaciones en marcha progresivamente en la medida de sus posibilidades\u00bb.<\/p>\n<p>Todo ello a la espera de que el pr\u00f3ximo mes de junio se desvele la resoluci\u00f3n de la concesi\u00f3n de los fondos europeos que permitan la activaci\u00f3n de un proyecto que llegar\u00eda hasta los a\u00f1os 2020-2022 \u00absiendo un plan de ciudad que va m\u00e1s all\u00e1 de cuatro a\u00f1os\u00bb, ha expresado.<\/p>\n<p>\u00abUnir el Caminito del Rey y la ciudad patrimonial por excelencia como es Antequera permitir\u00e1 seguir afianzando as\u00ed nuestra apuesta por el desarrollo econ\u00f3mico y tur\u00edstico de nuestra comarca\u00bb, ha concluido Carmona.<\/p>\n","protected":false},"excerpt":{"rendered":"<p>El alcalde de Antequera (M\u00e1laga), Manuel Bar\u00f3n, ha avanzado este viernes las l\u00edneas maestras del programa de desarrollo de la ciudad, con la integraci\u00f3n del municipio, junto a las localidades de \u00c1lora, Ardales y Valle de Abdalaj\u00eds, en el reto de conformaci\u00f3n de Estrategias de Desarrollo Urbano Sostenible Integrado (DUSI) para desarrollar un proyecto de<\/p>\n","protected":false},"author":1,"featured_media":62829,"comment_status":"open","ping_status":"closed","sticky":false,"template":"","format":"standard","meta":{"footnotes":""},"categories":[224],"tags":[],"class_list":{"0":"post-62828","1":"post","2":"type-post","3":"status-publish","4":"format-standard","5":"has-post-thumbnail","7":"category-noticias-actualidad"},"aioseo_notices":[],"aioseo_head":"\n\t\t<!-- All in One SEO Pro 4.9.6.1 - aioseo.com -->\n\t<meta name=\"description\" content=\"El alcalde de Antequera (M\u00e1laga), Manuel Bar\u00f3n, ha avanzado este viernes las l\u00edneas maestras del programa de desarrollo de la ciudad, con la integraci\u00f3n del municipio, junto a las localidades de \u00c1lora, Ardales y Valle de Abdalaj\u00eds, en el reto de conformaci\u00f3n de Estrategias de Desarrollo Urbano Sostenible Integrado (DUSI) para desarrollar un proyecto de\" \/>\n\t<meta name=\"robots\" content=\"max-image-preview:large\" \/>\n\t<meta name=\"author\" content=\"admin\"\/>\n\t<meta name=\"google-site-verification\" content=\"UA-38556648-1\" \/>\n\t<meta name=\"keywords\" content=\"noticias y actualidad\" \/>\n\t<link rel=\"canonical\" href=\"https:\/\/eldigitaldeasturias.com\/magazine365\/antequera-presenta-un-programa-para-desarrollar-el-turismo-de-interior\/\" \/>\n\t<meta name=\"generator\" content=\"All in One SEO Pro (AIOSEO) 4.9.6.1\" \/>\n\t\t<meta property=\"og:locale\" content=\"es_ES\" \/>\n\t\t<meta property=\"og:site_name\" content=\"El Digital de Asturias \u2013 Revista de ocio, turismo y estilo de vida\" \/>\n\t\t<meta property=\"og:type\" content=\"article\" \/>\n\t\t<meta property=\"og:title\" content=\"Antequera presenta un programa para desarrollar el turismo de interior | El Digital de Asturias\" \/>\n\t\t<meta property=\"og:description\" content=\"El alcalde de Antequera (M\u00e1laga), Manuel Bar\u00f3n, ha avanzado este viernes las l\u00edneas maestras del programa de desarrollo de la ciudad, con la integraci\u00f3n del municipio, junto a las localidades de \u00c1lora, Ardales y Valle de Abdalaj\u00eds, en el reto de conformaci\u00f3n de Estrategias de Desarrollo Urbano Sostenible Integrado (DUSI) para desarrollar un proyecto de\" \/>\n\t\t<meta property=\"og:url\" content=\"https:\/\/eldigitaldeasturias.com\/magazine365\/antequera-presenta-un-programa-para-desarrollar-el-turismo-de-interior\/\" \/>\n\t\t<meta property=\"og:image\" content=\"https:\/\/eldigitaldeasturias.com\/magazine365\/wp-content\/uploads\/2016\/02\/fotonoticia_20160129181550_800.jpg\" \/>\n\t\t<meta property=\"og:image:secure_url\" content=\"https:\/\/eldigitaldeasturias.com\/magazine365\/wp-content\/uploads\/2016\/02\/fotonoticia_20160129181550_800.jpg\" \/>\n\t\t<meta property=\"og:image:width\" content=\"800\" \/>\n\t\t<meta property=\"og:image:height\" content=\"533\" \/>\n\t\t<meta property=\"article:published_time\" content=\"2016-02-03T14:55:29+00:00\" \/>\n\t\t<meta property=\"article:modified_time\" content=\"2016-02-03T14:55:29+00:00\" \/>\n\t\t<meta name=\"twitter:card\" content=\"summary_large_image\" \/>\n\t\t<meta name=\"twitter:title\" content=\"Antequera presenta un programa para desarrollar el turismo de interior | El Digital de Asturias\" \/>\n\t\t<meta name=\"twitter:description\" content=\"El alcalde de Antequera (M\u00e1laga), Manuel Bar\u00f3n, ha avanzado este viernes las l\u00edneas maestras del programa de desarrollo de la ciudad, con la integraci\u00f3n del municipio, junto a las localidades de \u00c1lora, Ardales y Valle de Abdalaj\u00eds, en el reto de conformaci\u00f3n de Estrategias de Desarrollo Urbano Sostenible Integrado (DUSI) para desarrollar un proyecto de\" \/>\n\t\t<meta name=\"twitter:image\" content=\"https:\/\/eldigitaldeasturias.com\/magazine365\/wp-content\/uploads\/2016\/02\/fotonoticia_20160129181550_800.jpg\" \/>\n\t\t<script type=\"application\/ld+json\" class=\"aioseo-schema\">\n\t\t\t{\"@context\":\"https:\\\/\\\/schema.org\",\"@graph\":[{\"@type\":\"Article\",\"@id\":\"https:\\\/\\\/eldigitaldeasturias.com\\\/magazine365\\\/antequera-presenta-un-programa-para-desarrollar-el-turismo-de-interior\\\/#article\",\"name\":\"Antequera presenta un programa para desarrollar el turismo de interior | El Digital de Asturias\",\"headline\":\"Antequera presenta un programa para desarrollar el turismo de interior\",\"author\":{\"@id\":\"https:\\\/\\\/eldigitaldeasturias.com\\\/magazine365\\\/author\\\/admin\\\/#author\"},\"publisher\":{\"@id\":\"https:\\\/\\\/eldigitaldeasturias.com\\\/magazine365\\\/#organization\"},\"image\":{\"@type\":\"ImageObject\",\"url\":\"https:\\\/\\\/eldigitaldeasturias.com\\\/magazine365\\\/wp-content\\\/uploads\\\/2016\\\/02\\\/fotonoticia_20160129181550_800.jpg\",\"width\":800,\"height\":533},\"datePublished\":\"2016-02-03T15:55:29+01:00\",\"dateModified\":\"2016-02-03T15:55:29+01:00\",\"inLanguage\":\"es-ES\",\"mainEntityOfPage\":{\"@id\":\"https:\\\/\\\/eldigitaldeasturias.com\\\/magazine365\\\/antequera-presenta-un-programa-para-desarrollar-el-turismo-de-interior\\\/#webpage\"},\"isPartOf\":{\"@id\":\"https:\\\/\\\/eldigitaldeasturias.com\\\/magazine365\\\/antequera-presenta-un-programa-para-desarrollar-el-turismo-de-interior\\\/#webpage\"},\"articleSection\":\"Noticias y Actualidad\"},{\"@type\":\"BreadcrumbList\",\"@id\":\"https:\\\/\\\/eldigitaldeasturias.com\\\/magazine365\\\/antequera-presenta-un-programa-para-desarrollar-el-turismo-de-interior\\\/#breadcrumblist\",\"itemListElement\":[{\"@type\":\"ListItem\",\"@id\":\"https:\\\/\\\/eldigitaldeasturias.com\\\/magazine365#listItem\",\"position\":1,\"name\":\"Home\",\"item\":\"https:\\\/\\\/eldigitaldeasturias.com\\\/magazine365\",\"nextItem\":{\"@type\":\"ListItem\",\"@id\":\"https:\\\/\\\/eldigitaldeasturias.com\\\/magazine365\\\/category\\\/noticias-actualidad\\\/#listItem\",\"name\":\"Noticias y Actualidad\"}},{\"@type\":\"ListItem\",\"@id\":\"https:\\\/\\\/eldigitaldeasturias.com\\\/magazine365\\\/category\\\/noticias-actualidad\\\/#listItem\",\"position\":2,\"name\":\"Noticias y Actualidad\",\"item\":\"https:\\\/\\\/eldigitaldeasturias.com\\\/magazine365\\\/category\\\/noticias-actualidad\\\/\",\"nextItem\":{\"@type\":\"ListItem\",\"@id\":\"https:\\\/\\\/eldigitaldeasturias.com\\\/magazine365\\\/antequera-presenta-un-programa-para-desarrollar-el-turismo-de-interior\\\/#listItem\",\"name\":\"Antequera presenta un programa para desarrollar el turismo de interior\"},\"previousItem\":{\"@type\":\"ListItem\",\"@id\":\"https:\\\/\\\/eldigitaldeasturias.com\\\/magazine365#listItem\",\"name\":\"Home\"}},{\"@type\":\"ListItem\",\"@id\":\"https:\\\/\\\/eldigitaldeasturias.com\\\/magazine365\\\/antequera-presenta-un-programa-para-desarrollar-el-turismo-de-interior\\\/#listItem\",\"position\":3,\"name\":\"Antequera presenta un programa para desarrollar el turismo de interior\",\"previousItem\":{\"@type\":\"ListItem\",\"@id\":\"https:\\\/\\\/eldigitaldeasturias.com\\\/magazine365\\\/category\\\/noticias-actualidad\\\/#listItem\",\"name\":\"Noticias y Actualidad\"}}]},{\"@type\":\"Organization\",\"@id\":\"https:\\\/\\\/eldigitaldeasturias.com\\\/magazine365\\\/#organization\",\"name\":\"El digital de Asturias\",\"description\":\"Revista de ocio, turismo y estilo de vida\",\"url\":\"https:\\\/\\\/eldigitaldeasturias.com\\\/magazine365\\\/\",\"logo\":{\"@type\":\"ImageObject\",\"url\":\"https:\\\/\\\/www.eldigitaldeasturias.com\\\/noticias\\\/wp-content\\\/uploads\\\/2020\\\/12\\\/EDA.jpg\",\"@id\":\"https:\\\/\\\/eldigitaldeasturias.com\\\/magazine365\\\/antequera-presenta-un-programa-para-desarrollar-el-turismo-de-interior\\\/#organizationLogo\"},\"image\":{\"@id\":\"https:\\\/\\\/eldigitaldeasturias.com\\\/magazine365\\\/antequera-presenta-un-programa-para-desarrollar-el-turismo-de-interior\\\/#organizationLogo\"}},{\"@type\":\"Person\",\"@id\":\"https:\\\/\\\/eldigitaldeasturias.com\\\/magazine365\\\/author\\\/admin\\\/#author\",\"url\":\"https:\\\/\\\/eldigitaldeasturias.com\\\/magazine365\\\/author\\\/admin\\\/\",\"name\":\"admin\",\"image\":{\"@type\":\"ImageObject\",\"@id\":\"https:\\\/\\\/eldigitaldeasturias.com\\\/magazine365\\\/antequera-presenta-un-programa-para-desarrollar-el-turismo-de-interior\\\/#authorImage\",\"url\":\"https:\\\/\\\/eldigitaldeasturias.com\\\/magazine365\\\/wp-content\\\/litespeed\\\/avatar\\\/e571bcf59a0edd6fa6838245a470f2fe.jpg?ver=1776969259\",\"width\":96,\"height\":96,\"caption\":\"admin\"}},{\"@type\":\"WebPage\",\"@id\":\"https:\\\/\\\/eldigitaldeasturias.com\\\/magazine365\\\/antequera-presenta-un-programa-para-desarrollar-el-turismo-de-interior\\\/#webpage\",\"url\":\"https:\\\/\\\/eldigitaldeasturias.com\\\/magazine365\\\/antequera-presenta-un-programa-para-desarrollar-el-turismo-de-interior\\\/\",\"name\":\"Antequera presenta un programa para desarrollar el turismo de interior | El Digital de Asturias\",\"description\":\"El alcalde de Antequera (M\\u00e1laga), Manuel Bar\\u00f3n, ha avanzado este viernes las l\\u00edneas maestras del programa de desarrollo de la ciudad, con la integraci\\u00f3n del municipio, junto a las localidades de \\u00c1lora, Ardales y Valle de Abdalaj\\u00eds, en el reto de conformaci\\u00f3n de Estrategias de Desarrollo Urbano Sostenible Integrado (DUSI) para desarrollar un proyecto de\",\"inLanguage\":\"es-ES\",\"isPartOf\":{\"@id\":\"https:\\\/\\\/eldigitaldeasturias.com\\\/magazine365\\\/#website\"},\"breadcrumb\":{\"@id\":\"https:\\\/\\\/eldigitaldeasturias.com\\\/magazine365\\\/antequera-presenta-un-programa-para-desarrollar-el-turismo-de-interior\\\/#breadcrumblist\"},\"author\":{\"@id\":\"https:\\\/\\\/eldigitaldeasturias.com\\\/magazine365\\\/author\\\/admin\\\/#author\"},\"creator\":{\"@id\":\"https:\\\/\\\/eldigitaldeasturias.com\\\/magazine365\\\/author\\\/admin\\\/#author\"},\"image\":{\"@type\":\"ImageObject\",\"url\":\"https:\\\/\\\/eldigitaldeasturias.com\\\/magazine365\\\/wp-content\\\/uploads\\\/2016\\\/02\\\/fotonoticia_20160129181550_800.jpg\",\"@id\":\"https:\\\/\\\/eldigitaldeasturias.com\\\/magazine365\\\/antequera-presenta-un-programa-para-desarrollar-el-turismo-de-interior\\\/#mainImage\",\"width\":800,\"height\":533},\"primaryImageOfPage\":{\"@id\":\"https:\\\/\\\/eldigitaldeasturias.com\\\/magazine365\\\/antequera-presenta-un-programa-para-desarrollar-el-turismo-de-interior\\\/#mainImage\"},\"datePublished\":\"2016-02-03T15:55:29+01:00\",\"dateModified\":\"2016-02-03T15:55:29+01:00\"},{\"@type\":\"WebSite\",\"@id\":\"https:\\\/\\\/eldigitaldeasturias.com\\\/magazine365\\\/#website\",\"url\":\"https:\\\/\\\/eldigitaldeasturias.com\\\/magazine365\\\/\",\"name\":\"El Digital de Asturias\",\"description\":\"Revista de ocio, turismo y estilo de vida\",\"inLanguage\":\"es-ES\",\"publisher\":{\"@id\":\"https:\\\/\\\/eldigitaldeasturias.com\\\/magazine365\\\/#organization\"}}]}\n\t\t<\/script>\n\t\t<!-- All in One SEO Pro -->\r\n\t\t<title>Antequera presenta un programa para desarrollar el turismo de interior | El Digital de Asturias<\/title>\n\n","aioseo_head_json":{"title":"Antequera presenta un programa para desarrollar el turismo de interior | El Digital de Asturias","description":"El alcalde de Antequera (M\u00e1laga), Manuel Bar\u00f3n, ha avanzado este viernes las l\u00edneas maestras del programa de desarrollo de la ciudad, con la integraci\u00f3n del municipio, junto a las localidades de \u00c1lora, Ardales y Valle de Abdalaj\u00eds, en el reto de conformaci\u00f3n de Estrategias de Desarrollo Urbano Sostenible Integrado (DUSI) para desarrollar un proyecto de","canonical_url":"https:\/\/eldigitaldeasturias.com\/magazine365\/antequera-presenta-un-programa-para-desarrollar-el-turismo-de-interior\/","robots":"max-image-preview:large","keywords":"noticias y actualidad","webmasterTools":{"google-site-verification":"UA-38556648-1","miscellaneous":""},"schema":{"@context":"https:\/\/schema.org","@graph":[{"@type":"Article","@id":"https:\/\/eldigitaldeasturias.com\/magazine365\/antequera-presenta-un-programa-para-desarrollar-el-turismo-de-interior\/#article","name":"Antequera presenta un programa para desarrollar el turismo de interior | El Digital de Asturias","headline":"Antequera presenta un programa para desarrollar el turismo de interior","author":{"@id":"https:\/\/eldigitaldeasturias.com\/magazine365\/author\/admin\/#author"},"publisher":{"@id":"https:\/\/eldigitaldeasturias.com\/magazine365\/#organization"},"image":{"@type":"ImageObject","url":"https:\/\/eldigitaldeasturias.com\/magazine365\/wp-content\/uploads\/2016\/02\/fotonoticia_20160129181550_800.jpg","width":800,"height":533},"datePublished":"2016-02-03T15:55:29+01:00","dateModified":"2016-02-03T15:55:29+01:00","inLanguage":"es-ES","mainEntityOfPage":{"@id":"https:\/\/eldigitaldeasturias.com\/magazine365\/antequera-presenta-un-programa-para-desarrollar-el-turismo-de-interior\/#webpage"},"isPartOf":{"@id":"https:\/\/eldigitaldeasturias.com\/magazine365\/antequera-presenta-un-programa-para-desarrollar-el-turismo-de-interior\/#webpage"},"articleSection":"Noticias y Actualidad"},{"@type":"BreadcrumbList","@id":"https:\/\/eldigitaldeasturias.com\/magazine365\/antequera-presenta-un-programa-para-desarrollar-el-turismo-de-interior\/#breadcrumblist","itemListElement":[{"@type":"ListItem","@id":"https:\/\/eldigitaldeasturias.com\/magazine365#listItem","position":1,"name":"Home","item":"https:\/\/eldigitaldeasturias.com\/magazine365","nextItem":{"@type":"ListItem","@id":"https:\/\/eldigitaldeasturias.com\/magazine365\/category\/noticias-actualidad\/#listItem","name":"Noticias y Actualidad"}},{"@type":"ListItem","@id":"https:\/\/eldigitaldeasturias.com\/magazine365\/category\/noticias-actualidad\/#listItem","position":2,"name":"Noticias y Actualidad","item":"https:\/\/eldigitaldeasturias.com\/magazine365\/category\/noticias-actualidad\/","nextItem":{"@type":"ListItem","@id":"https:\/\/eldigitaldeasturias.com\/magazine365\/antequera-presenta-un-programa-para-desarrollar-el-turismo-de-interior\/#listItem","name":"Antequera presenta un programa para desarrollar el turismo de interior"},"previousItem":{"@type":"ListItem","@id":"https:\/\/eldigitaldeasturias.com\/magazine365#listItem","name":"Home"}},{"@type":"ListItem","@id":"https:\/\/eldigitaldeasturias.com\/magazine365\/antequera-presenta-un-programa-para-desarrollar-el-turismo-de-interior\/#listItem","position":3,"name":"Antequera presenta un programa para desarrollar el turismo de interior","previousItem":{"@type":"ListItem","@id":"https:\/\/eldigitaldeasturias.com\/magazine365\/category\/noticias-actualidad\/#listItem","name":"Noticias y Actualidad"}}]},{"@type":"Organization","@id":"https:\/\/eldigitaldeasturias.com\/magazine365\/#organization","name":"El digital de Asturias","description":"Revista de ocio, turismo y estilo de vida","url":"https:\/\/eldigitaldeasturias.com\/magazine365\/","logo":{"@type":"ImageObject","url":"https:\/\/www.eldigitaldeasturias.com\/noticias\/wp-content\/uploads\/2020\/12\/EDA.jpg","@id":"https:\/\/eldigitaldeasturias.com\/magazine365\/antequera-presenta-un-programa-para-desarrollar-el-turismo-de-interior\/#organizationLogo"},"image":{"@id":"https:\/\/eldigitaldeasturias.com\/magazine365\/antequera-presenta-un-programa-para-desarrollar-el-turismo-de-interior\/#organizationLogo"}},{"@type":"Person","@id":"https:\/\/eldigitaldeasturias.com\/magazine365\/author\/admin\/#author","url":"https:\/\/eldigitaldeasturias.com\/magazine365\/author\/admin\/","name":"admin","image":{"@type":"ImageObject","@id":"https:\/\/eldigitaldeasturias.com\/magazine365\/antequera-presenta-un-programa-para-desarrollar-el-turismo-de-interior\/#authorImage","url":"https:\/\/eldigitaldeasturias.com\/magazine365\/wp-content\/litespeed\/avatar\/e571bcf59a0edd6fa6838245a470f2fe.jpg?ver=1776969259","width":96,"height":96,"caption":"admin"}},{"@type":"WebPage","@id":"https:\/\/eldigitaldeasturias.com\/magazine365\/antequera-presenta-un-programa-para-desarrollar-el-turismo-de-interior\/#webpage","url":"https:\/\/eldigitaldeasturias.com\/magazine365\/antequera-presenta-un-programa-para-desarrollar-el-turismo-de-interior\/","name":"Antequera presenta un programa para desarrollar el turismo de interior | El Digital de Asturias","description":"El alcalde de Antequera (M\u00e1laga), Manuel Bar\u00f3n, ha avanzado este viernes las l\u00edneas maestras del programa de desarrollo de la ciudad, con la integraci\u00f3n del municipio, junto a las localidades de \u00c1lora, Ardales y Valle de Abdalaj\u00eds, en el reto de conformaci\u00f3n de Estrategias de Desarrollo Urbano Sostenible Integrado (DUSI) para desarrollar un proyecto de","inLanguage":"es-ES","isPartOf":{"@id":"https:\/\/eldigitaldeasturias.com\/magazine365\/#website"},"breadcrumb":{"@id":"https:\/\/eldigitaldeasturias.com\/magazine365\/antequera-presenta-un-programa-para-desarrollar-el-turismo-de-interior\/#breadcrumblist"},"author":{"@id":"https:\/\/eldigitaldeasturias.com\/magazine365\/author\/admin\/#author"},"creator":{"@id":"https:\/\/eldigitaldeasturias.com\/magazine365\/author\/admin\/#author"},"image":{"@type":"ImageObject","url":"https:\/\/eldigitaldeasturias.com\/magazine365\/wp-content\/uploads\/2016\/02\/fotonoticia_20160129181550_800.jpg","@id":"https:\/\/eldigitaldeasturias.com\/magazine365\/antequera-presenta-un-programa-para-desarrollar-el-turismo-de-interior\/#mainImage","width":800,"height":533},"primaryImageOfPage":{"@id":"https:\/\/eldigitaldeasturias.com\/magazine365\/antequera-presenta-un-programa-para-desarrollar-el-turismo-de-interior\/#mainImage"},"datePublished":"2016-02-03T15:55:29+01:00","dateModified":"2016-02-03T15:55:29+01:00"},{"@type":"WebSite","@id":"https:\/\/eldigitaldeasturias.com\/magazine365\/#website","url":"https:\/\/eldigitaldeasturias.com\/magazine365\/","name":"El Digital de Asturias","description":"Revista de ocio, turismo y estilo de vida","inLanguage":"es-ES","publisher":{"@id":"https:\/\/eldigitaldeasturias.com\/magazine365\/#organization"}}]},"og:locale":"es_ES","og:site_name":"El Digital de Asturias \u2013 Revista de ocio, turismo y estilo de vida","og:type":"article","og:title":"Antequera presenta un programa para desarrollar el turismo de interior | El Digital de Asturias","og:description":"El alcalde de Antequera (M\u00e1laga), Manuel Bar\u00f3n, ha avanzado este viernes las l\u00edneas maestras del programa de desarrollo de la ciudad, con la integraci\u00f3n del municipio, junto a las localidades de \u00c1lora, Ardales y Valle de Abdalaj\u00eds, en el reto de conformaci\u00f3n de Estrategias de Desarrollo Urbano Sostenible Integrado (DUSI) para desarrollar un proyecto de","og:url":"https:\/\/eldigitaldeasturias.com\/magazine365\/antequera-presenta-un-programa-para-desarrollar-el-turismo-de-interior\/","og:image":"https:\/\/eldigitaldeasturias.com\/magazine365\/wp-content\/uploads\/2016\/02\/fotonoticia_20160129181550_800.jpg","og:image:secure_url":"https:\/\/eldigitaldeasturias.com\/magazine365\/wp-content\/uploads\/2016\/02\/fotonoticia_20160129181550_800.jpg","og:image:width":800,"og:image:height":533,"article:published_time":"2016-02-03T14:55:29+00:00","article:modified_time":"2016-02-03T14:55:29+00:00","twitter:card":"summary_large_image","twitter:title":"Antequera presenta un programa para desarrollar el turismo de interior | El Digital de Asturias","twitter:description":"El alcalde de Antequera (M\u00e1laga), Manuel Bar\u00f3n, ha avanzado este viernes las l\u00edneas maestras del programa de desarrollo de la ciudad, con la integraci\u00f3n del municipio, junto a las localidades de \u00c1lora, Ardales y Valle de Abdalaj\u00eds, en el reto de conformaci\u00f3n de Estrategias de Desarrollo Urbano Sostenible Integrado (DUSI) para desarrollar un proyecto de","twitter:image":"https:\/\/eldigitaldeasturias.com\/magazine365\/wp-content\/uploads\/2016\/02\/fotonoticia_20160129181550_800.jpg"},"aioseo_meta_data":{"post_id":"62828","title":null,"description":null,"keywords":null,"keyphrases":null,"primary_term":null,"canonical_url":null,"og_title":null,"og_description":null,"og_object_type":"default","og_image_type":"default","og_image_url":null,"og_image_width":null,"og_image_height":null,"og_image_custom_url":null,"og_image_custom_fields":null,"og_video":null,"og_custom_url":null,"og_article_section":null,"og_article_tags":null,"twitter_use_og":false,"twitter_card":"default","twitter_image_type":"default","twitter_image_url":null,"twitter_image_custom_url":null,"twitter_image_custom_fields":null,"twitter_title":null,"twitter_description":null,"schema":{"blockGraphs":[],"customGraphs":[],"default":{"data":{"Article":[],"Course":[],"Dataset":[],"FAQPage":[],"Movie":[],"Person":[],"Product":[],"ProductReview":[],"Car":[],"Recipe":[],"Service":[],"SoftwareApplication":[],"WebPage":[]},"graphName":"","isEnabled":true},"graphs":[],"defaultGraph":"","defaultPostTypeGraph":""},"schema_type":null,"schema_type_options":null,"pillar_content":false,"robots_default":true,"robots_noindex":false,"robots_noarchive":false,"robots_nosnippet":false,"robots_nofollow":false,"robots_noimageindex":false,"robots_noodp":false,"robots_notranslate":false,"robots_max_snippet":null,"robots_max_videopreview":null,"robots_max_imagepreview":"large","priority":null,"frequency":null,"location":null,"local_seo":null,"seo_analyzer_scan_date":"2025-09-25 11:58:00","breadcrumb_settings":null,"limit_modified_date":false,"open_ai":null,"ai":null,"created":"2021-03-08 21:30:47","updated":"2025-09-25 11:58:00"},"aioseo_breadcrumb":"<div class=\"aioseo-breadcrumbs\"><span class=\"aioseo-breadcrumb\">\n\t<a href=\"https:\/\/eldigitaldeasturias.com\/magazine365\" title=\"Home\">Home<\/a>\n<\/span><span class=\"aioseo-breadcrumb-separator\">\u2013<\/span><span class=\"aioseo-breadcrumb\">\n\t<a href=\"https:\/\/eldigitaldeasturias.com\/magazine365\/category\/noticias-actualidad\/\" title=\"Noticias y Actualidad\">Noticias y Actualidad<\/a>\n<\/span><span class=\"aioseo-breadcrumb-separator\">\u2013<\/span><span class=\"aioseo-breadcrumb\">\n\t<a href=\"https:\/\/eldigitaldeasturias.com\/magazine365\/antequera-presenta-un-programa-para-desarrollar-el-turismo-de-interior\/\" title=\"Antequera presenta un programa para desarrollar el turismo de interior\">Antequera presenta un programa para desarrollar el turismo de interior<\/a>\n<\/span><\/div>","aioseo_breadcrumb_json":[{"label":"Home","link":"https:\/\/eldigitaldeasturias.com\/magazine365"},{"label":"Noticias y Actualidad","link":"https:\/\/eldigitaldeasturias.com\/magazine365\/category\/noticias-actualidad\/"},{"label":"Antequera presenta un programa para desarrollar el turismo de interior","link":"https:\/\/eldigitaldeasturias.com\/magazine365\/antequera-presenta-un-programa-para-desarrollar-el-turismo-de-interior\/"}],"_links":{"self":[{"href":"https:\/\/eldigitaldeasturias.com\/magazine365\/wp-json\/wp\/v2\/posts\/62828","targetHints":{"allow":["GET"]}}],"collection":[{"href":"https:\/\/eldigitaldeasturias.com\/magazine365\/wp-json\/wp\/v2\/posts"}],"about":[{"href":"https:\/\/eldigitaldeasturias.com\/magazine365\/wp-json\/wp\/v2\/types\/post"}],"author":[{"embeddable":true,"href":"https:\/\/eldigitaldeasturias.com\/magazine365\/wp-json\/wp\/v2\/users\/1"}],"replies":[{"embeddable":true,"href":"https:\/\/eldigitaldeasturias.com\/magazine365\/wp-json\/wp\/v2\/comments?post=62828"}],"version-history":[{"count":0,"href":"https:\/\/eldigitaldeasturias.com\/magazine365\/wp-json\/wp\/v2\/posts\/62828\/revisions"}],"wp:featuredmedia":[{"embeddable":true,"href":"https:\/\/eldigitaldeasturias.com\/magazine365\/wp-json\/wp\/v2\/media\/62829"}],"wp:attachment":[{"href":"https:\/\/eldigitaldeasturias.com\/magazine365\/wp-json\/wp\/v2\/media?parent=62828"}],"wp:term":[{"taxonomy":"category","embeddable":true,"href":"https:\/\/eldigitaldeasturias.com\/magazine365\/wp-json\/wp\/v2\/categories?post=62828"},{"taxonomy":"post_tag","embeddable":true,"href":"https:\/\/eldigitaldeasturias.com\/magazine365\/wp-json\/wp\/v2\/tags?post=62828"}],"curies":[{"name":"wp","href":"https:\/\/api.w.org\/{rel}","templated":true}]}}