{"id":62822,"date":"2016-02-03T15:53:33","date_gmt":"2016-02-03T14:53:33","guid":{"rendered":"http:\/\/eldigitaldeasturias.com\/magazine365\/?p=62822"},"modified":"2016-02-03T15:53:33","modified_gmt":"2016-02-03T14:53:33","slug":"bruselas-afirma-que-el-riesgo-de-trasmision-del-virus-zika-en-la-ue-es-extremadamente-bajo","status":"publish","type":"post","link":"https:\/\/eldigitaldeasturias.com\/magazine365\/bruselas-afirma-que-el-riesgo-de-trasmision-del-virus-zika-en-la-ue-es-extremadamente-bajo\/","title":{"rendered":"Bruselas afirma que el riesgo de trasmisi\u00f3n del virus Zika en la UE es \u00abextremadamente bajo\u00bb"},"content":{"rendered":"<p><img fetchpriority=\"high\" decoding=\"async\" class=\"alignleft size-medium wp-image-62823\" src=\"https:\/\/eldigitaldeasturias.com\/magazine365\/wp-content\/uploads\/2016\/02\/fotonoticia_20160129172832_800-360x240.jpg\" alt=\"fotonoticia_20160129172832_800\" width=\"360\" height=\"240\" srcset=\"https:\/\/eldigitaldeasturias.com\/magazine365\/wp-content\/uploads\/2016\/02\/fotonoticia_20160129172832_800-360x240.jpg 360w, https:\/\/eldigitaldeasturias.com\/magazine365\/wp-content\/uploads\/2016\/02\/fotonoticia_20160129172832_800-650x434.jpg 650w, https:\/\/eldigitaldeasturias.com\/magazine365\/wp-content\/uploads\/2016\/02\/fotonoticia_20160129172832_800-768x513.jpg 768w, https:\/\/eldigitaldeasturias.com\/magazine365\/wp-content\/uploads\/2016\/02\/fotonoticia_20160129172832_800-150x100.jpg 150w, https:\/\/eldigitaldeasturias.com\/magazine365\/wp-content\/uploads\/2016\/02\/fotonoticia_20160129172832_800-450x300.jpg 450w, https:\/\/eldigitaldeasturias.com\/magazine365\/wp-content\/uploads\/2016\/02\/fotonoticia_20160129172832_800-696x465.jpg 696w, https:\/\/eldigitaldeasturias.com\/magazine365\/wp-content\/uploads\/2016\/02\/fotonoticia_20160129172832_800-629x420.jpg 629w, https:\/\/eldigitaldeasturias.com\/magazine365\/wp-content\/uploads\/2016\/02\/fotonoticia_20160129172832_800-101x66.jpg 101w, https:\/\/eldigitaldeasturias.com\/magazine365\/wp-content\/uploads\/2016\/02\/fotonoticia_20160129172832_800.jpg 800w\" sizes=\"(max-width: 360px) 100vw, 360px\" \/>La Comisi\u00f3n Europea ha afirmado este viernes que el riesgo de trasmisi\u00f3n del virus Zika en la Uni\u00f3n Europea es \u00abextremadamente bajo\u00bb y ha enfatizado que todos los casos que afectan a ciudadanos europeos son \u00abimportados\u00bb desde las zonas afectadas.<\/p>\n<p>As\u00ed, el portavoz del Ejecutivo comunitario para cuestiones sanitarias, Enrico Brivio, ha explicado que el \u00faltimo an\u00e1lisis del Centro Europeo para el Control y la Prevenci\u00f3n de Enfermedades Contagiosas (ECDC en sus sigla en ingl\u00e9s) ha confirmado que existe un riesgo muy bajo de trasmisi\u00f3n en la UE debido a que las condiciones clim\u00e1ticas en invierno son adversas para el mosquito.<\/p>\n<p>En cualquier caso, ha recomendado a los ciudadanos europeos que se encuentren o que vayan a viajar a zonas donde s\u00ed que es posible la trasmisi\u00f3n que se protejan de la picadura, en particular las mujeres embarazadas, a trav\u00e9s de m\u00e9todos entre los que se incluyen el uso de repelentes y de redes antimosquitos.<\/p>\n<p>Adem\u00e1s, el Comit\u00e9 de Seguridad Sanitaria de la Comisi\u00f3n Europea, donde est\u00e1n representados los Estados miembro y hay representantes tanto del ECDC como de la Organizaci\u00f3n Mundial de la Salud (OMS), se reunir\u00e1 la tercera semana de febrero con el objetivo de intercambiar informaci\u00f3n, coordinar acciones y preparar una respuesta conjunta.<\/p>\n<p>Asimismo, el Ejecutivo comunitario tiene preparados 10 millones de euros que se dedicar\u00e1n a la investigaci\u00f3n del virus Zika. Brivio ha se\u00f1alado que, a pesar de que no es obligatorio, los pa\u00edses que han notificado casos de personas infectadas son Reino Unido, Alemania, Dinamarca y Finlandia, mientras que la Comisi\u00f3n Europea conoce otros a trav\u00e9s de medios de comunicaci\u00f3n en Italia, Portugal y Espa\u00f1a.<\/p>\n","protected":false},"excerpt":{"rendered":"<p>La Comisi\u00f3n Europea ha afirmado este viernes que el riesgo de trasmisi\u00f3n del virus Zika en la Uni\u00f3n Europea es \u00abextremadamente bajo\u00bb y ha enfatizado que todos los casos que afectan a ciudadanos europeos son \u00abimportados\u00bb desde las zonas afectadas. As\u00ed, el portavoz del Ejecutivo comunitario para cuestiones sanitarias, Enrico Brivio, ha explicado que el<\/p>\n","protected":false},"author":1,"featured_media":62823,"comment_status":"open","ping_status":"closed","sticky":false,"template":"","format":"standard","meta":{"footnotes":""},"categories":[224],"tags":[],"class_list":{"0":"post-62822","1":"post","2":"type-post","3":"status-publish","4":"format-standard","5":"has-post-thumbnail","7":"category-noticias-actualidad"},"aioseo_notices":[],"aioseo_head":"\n\t\t<!-- All in One SEO Pro 4.9.6.1 - aioseo.com -->\n\t<meta name=\"description\" content=\"La Comisi\u00f3n Europea ha afirmado este viernes que el riesgo de trasmisi\u00f3n del virus Zika en la Uni\u00f3n Europea es &quot;extremadamente bajo&quot; y ha enfatizado que todos los casos que afectan a ciudadanos europeos son &quot;importados&quot; desde las zonas afectadas. As\u00ed, el portavoz del Ejecutivo comunitario para cuestiones sanitarias, Enrico Brivio, ha explicado que el\" \/>\n\t<meta name=\"robots\" content=\"max-image-preview:large\" \/>\n\t<meta name=\"author\" content=\"admin\"\/>\n\t<meta name=\"google-site-verification\" content=\"UA-38556648-1\" \/>\n\t<meta name=\"keywords\" content=\"noticias y actualidad\" \/>\n\t<link rel=\"canonical\" href=\"https:\/\/eldigitaldeasturias.com\/magazine365\/bruselas-afirma-que-el-riesgo-de-trasmision-del-virus-zika-en-la-ue-es-extremadamente-bajo\/\" \/>\n\t<meta name=\"generator\" content=\"All in One SEO Pro (AIOSEO) 4.9.6.1\" \/>\n\t\t<meta property=\"og:locale\" content=\"es_ES\" \/>\n\t\t<meta property=\"og:site_name\" content=\"El Digital de Asturias \u2013 Revista de ocio, turismo y estilo de vida\" \/>\n\t\t<meta property=\"og:type\" content=\"article\" \/>\n\t\t<meta property=\"og:title\" content=\"Bruselas afirma que el riesgo de trasmisi\u00f3n del virus Zika en la UE es \u00abextremadamente bajo\u00bb | El Digital de Asturias\" \/>\n\t\t<meta property=\"og:description\" content=\"La Comisi\u00f3n Europea ha afirmado este viernes que el riesgo de trasmisi\u00f3n del virus Zika en la Uni\u00f3n Europea es &quot;extremadamente bajo&quot; y ha enfatizado que todos los casos que afectan a ciudadanos europeos son &quot;importados&quot; desde las zonas afectadas. As\u00ed, el portavoz del Ejecutivo comunitario para cuestiones sanitarias, Enrico Brivio, ha explicado que el\" \/>\n\t\t<meta property=\"og:url\" content=\"https:\/\/eldigitaldeasturias.com\/magazine365\/bruselas-afirma-que-el-riesgo-de-trasmision-del-virus-zika-en-la-ue-es-extremadamente-bajo\/\" \/>\n\t\t<meta property=\"og:image\" content=\"https:\/\/eldigitaldeasturias.com\/magazine365\/wp-content\/uploads\/2016\/02\/fotonoticia_20160129172832_800.jpg\" \/>\n\t\t<meta property=\"og:image:secure_url\" content=\"https:\/\/eldigitaldeasturias.com\/magazine365\/wp-content\/uploads\/2016\/02\/fotonoticia_20160129172832_800.jpg\" \/>\n\t\t<meta property=\"og:image:width\" content=\"800\" \/>\n\t\t<meta property=\"og:image:height\" content=\"534\" \/>\n\t\t<meta property=\"article:published_time\" content=\"2016-02-03T14:53:33+00:00\" \/>\n\t\t<meta property=\"article:modified_time\" content=\"2016-02-03T14:53:33+00:00\" \/>\n\t\t<meta name=\"twitter:card\" content=\"summary_large_image\" \/>\n\t\t<meta name=\"twitter:title\" content=\"Bruselas afirma que el riesgo de trasmisi\u00f3n del virus Zika en la UE es \u00abextremadamente bajo\u00bb | El Digital de Asturias\" \/>\n\t\t<meta name=\"twitter:description\" content=\"La Comisi\u00f3n Europea ha afirmado este viernes que el riesgo de trasmisi\u00f3n del virus Zika en la Uni\u00f3n Europea es &quot;extremadamente bajo&quot; y ha enfatizado que todos los casos que afectan a ciudadanos europeos son &quot;importados&quot; desde las zonas afectadas. As\u00ed, el portavoz del Ejecutivo comunitario para cuestiones sanitarias, Enrico Brivio, ha explicado que el\" \/>\n\t\t<meta name=\"twitter:image\" content=\"https:\/\/eldigitaldeasturias.com\/magazine365\/wp-content\/uploads\/2016\/02\/fotonoticia_20160129172832_800.jpg\" \/>\n\t\t<script type=\"application\/ld+json\" class=\"aioseo-schema\">\n\t\t\t{\"@context\":\"https:\\\/\\\/schema.org\",\"@graph\":[{\"@type\":\"Article\",\"@id\":\"https:\\\/\\\/eldigitaldeasturias.com\\\/magazine365\\\/bruselas-afirma-que-el-riesgo-de-trasmision-del-virus-zika-en-la-ue-es-extremadamente-bajo\\\/#article\",\"name\":\"Bruselas afirma que el riesgo de trasmisi\\u00f3n del virus Zika en la UE es \\u00abextremadamente bajo\\u00bb | El Digital de Asturias\",\"headline\":\"Bruselas afirma que el riesgo de trasmisi\\u00f3n del virus Zika en la UE es \\u00abextremadamente bajo\\u00bb\",\"author\":{\"@id\":\"https:\\\/\\\/eldigitaldeasturias.com\\\/magazine365\\\/author\\\/admin\\\/#author\"},\"publisher\":{\"@id\":\"https:\\\/\\\/eldigitaldeasturias.com\\\/magazine365\\\/#organization\"},\"image\":{\"@type\":\"ImageObject\",\"url\":\"https:\\\/\\\/eldigitaldeasturias.com\\\/magazine365\\\/wp-content\\\/uploads\\\/2016\\\/02\\\/fotonoticia_20160129172832_800.jpg\",\"width\":800,\"height\":534},\"datePublished\":\"2016-02-03T15:53:33+01:00\",\"dateModified\":\"2016-02-03T15:53:33+01:00\",\"inLanguage\":\"es-ES\",\"mainEntityOfPage\":{\"@id\":\"https:\\\/\\\/eldigitaldeasturias.com\\\/magazine365\\\/bruselas-afirma-que-el-riesgo-de-trasmision-del-virus-zika-en-la-ue-es-extremadamente-bajo\\\/#webpage\"},\"isPartOf\":{\"@id\":\"https:\\\/\\\/eldigitaldeasturias.com\\\/magazine365\\\/bruselas-afirma-que-el-riesgo-de-trasmision-del-virus-zika-en-la-ue-es-extremadamente-bajo\\\/#webpage\"},\"articleSection\":\"Noticias y Actualidad\"},{\"@type\":\"BreadcrumbList\",\"@id\":\"https:\\\/\\\/eldigitaldeasturias.com\\\/magazine365\\\/bruselas-afirma-que-el-riesgo-de-trasmision-del-virus-zika-en-la-ue-es-extremadamente-bajo\\\/#breadcrumblist\",\"itemListElement\":[{\"@type\":\"ListItem\",\"@id\":\"https:\\\/\\\/eldigitaldeasturias.com\\\/magazine365#listItem\",\"position\":1,\"name\":\"Home\",\"item\":\"https:\\\/\\\/eldigitaldeasturias.com\\\/magazine365\",\"nextItem\":{\"@type\":\"ListItem\",\"@id\":\"https:\\\/\\\/eldigitaldeasturias.com\\\/magazine365\\\/category\\\/noticias-actualidad\\\/#listItem\",\"name\":\"Noticias y Actualidad\"}},{\"@type\":\"ListItem\",\"@id\":\"https:\\\/\\\/eldigitaldeasturias.com\\\/magazine365\\\/category\\\/noticias-actualidad\\\/#listItem\",\"position\":2,\"name\":\"Noticias y Actualidad\",\"item\":\"https:\\\/\\\/eldigitaldeasturias.com\\\/magazine365\\\/category\\\/noticias-actualidad\\\/\",\"nextItem\":{\"@type\":\"ListItem\",\"@id\":\"https:\\\/\\\/eldigitaldeasturias.com\\\/magazine365\\\/bruselas-afirma-que-el-riesgo-de-trasmision-del-virus-zika-en-la-ue-es-extremadamente-bajo\\\/#listItem\",\"name\":\"Bruselas afirma que el riesgo de trasmisi\\u00f3n del virus Zika en la UE es \\u00abextremadamente bajo\\u00bb\"},\"previousItem\":{\"@type\":\"ListItem\",\"@id\":\"https:\\\/\\\/eldigitaldeasturias.com\\\/magazine365#listItem\",\"name\":\"Home\"}},{\"@type\":\"ListItem\",\"@id\":\"https:\\\/\\\/eldigitaldeasturias.com\\\/magazine365\\\/bruselas-afirma-que-el-riesgo-de-trasmision-del-virus-zika-en-la-ue-es-extremadamente-bajo\\\/#listItem\",\"position\":3,\"name\":\"Bruselas afirma que el riesgo de trasmisi\\u00f3n del virus Zika en la UE es \\u00abextremadamente bajo\\u00bb\",\"previousItem\":{\"@type\":\"ListItem\",\"@id\":\"https:\\\/\\\/eldigitaldeasturias.com\\\/magazine365\\\/category\\\/noticias-actualidad\\\/#listItem\",\"name\":\"Noticias y Actualidad\"}}]},{\"@type\":\"Organization\",\"@id\":\"https:\\\/\\\/eldigitaldeasturias.com\\\/magazine365\\\/#organization\",\"name\":\"El digital de Asturias\",\"description\":\"Revista de ocio, turismo y estilo de vida\",\"url\":\"https:\\\/\\\/eldigitaldeasturias.com\\\/magazine365\\\/\",\"logo\":{\"@type\":\"ImageObject\",\"url\":\"https:\\\/\\\/www.eldigitaldeasturias.com\\\/noticias\\\/wp-content\\\/uploads\\\/2020\\\/12\\\/EDA.jpg\",\"@id\":\"https:\\\/\\\/eldigitaldeasturias.com\\\/magazine365\\\/bruselas-afirma-que-el-riesgo-de-trasmision-del-virus-zika-en-la-ue-es-extremadamente-bajo\\\/#organizationLogo\"},\"image\":{\"@id\":\"https:\\\/\\\/eldigitaldeasturias.com\\\/magazine365\\\/bruselas-afirma-que-el-riesgo-de-trasmision-del-virus-zika-en-la-ue-es-extremadamente-bajo\\\/#organizationLogo\"}},{\"@type\":\"Person\",\"@id\":\"https:\\\/\\\/eldigitaldeasturias.com\\\/magazine365\\\/author\\\/admin\\\/#author\",\"url\":\"https:\\\/\\\/eldigitaldeasturias.com\\\/magazine365\\\/author\\\/admin\\\/\",\"name\":\"admin\",\"image\":{\"@type\":\"ImageObject\",\"@id\":\"https:\\\/\\\/eldigitaldeasturias.com\\\/magazine365\\\/bruselas-afirma-que-el-riesgo-de-trasmision-del-virus-zika-en-la-ue-es-extremadamente-bajo\\\/#authorImage\",\"url\":\"https:\\\/\\\/eldigitaldeasturias.com\\\/magazine365\\\/wp-content\\\/litespeed\\\/avatar\\\/e571bcf59a0edd6fa6838245a470f2fe.jpg?ver=1776969259\",\"width\":96,\"height\":96,\"caption\":\"admin\"}},{\"@type\":\"WebPage\",\"@id\":\"https:\\\/\\\/eldigitaldeasturias.com\\\/magazine365\\\/bruselas-afirma-que-el-riesgo-de-trasmision-del-virus-zika-en-la-ue-es-extremadamente-bajo\\\/#webpage\",\"url\":\"https:\\\/\\\/eldigitaldeasturias.com\\\/magazine365\\\/bruselas-afirma-que-el-riesgo-de-trasmision-del-virus-zika-en-la-ue-es-extremadamente-bajo\\\/\",\"name\":\"Bruselas afirma que el riesgo de trasmisi\\u00f3n del virus Zika en la UE es \\u00abextremadamente bajo\\u00bb | El Digital de Asturias\",\"description\":\"La Comisi\\u00f3n Europea ha afirmado este viernes que el riesgo de trasmisi\\u00f3n del virus Zika en la Uni\\u00f3n Europea es \\\"extremadamente bajo\\\" y ha enfatizado que todos los casos que afectan a ciudadanos europeos son \\\"importados\\\" desde las zonas afectadas. As\\u00ed, el portavoz del Ejecutivo comunitario para cuestiones sanitarias, Enrico Brivio, ha explicado que el\",\"inLanguage\":\"es-ES\",\"isPartOf\":{\"@id\":\"https:\\\/\\\/eldigitaldeasturias.com\\\/magazine365\\\/#website\"},\"breadcrumb\":{\"@id\":\"https:\\\/\\\/eldigitaldeasturias.com\\\/magazine365\\\/bruselas-afirma-que-el-riesgo-de-trasmision-del-virus-zika-en-la-ue-es-extremadamente-bajo\\\/#breadcrumblist\"},\"author\":{\"@id\":\"https:\\\/\\\/eldigitaldeasturias.com\\\/magazine365\\\/author\\\/admin\\\/#author\"},\"creator\":{\"@id\":\"https:\\\/\\\/eldigitaldeasturias.com\\\/magazine365\\\/author\\\/admin\\\/#author\"},\"image\":{\"@type\":\"ImageObject\",\"url\":\"https:\\\/\\\/eldigitaldeasturias.com\\\/magazine365\\\/wp-content\\\/uploads\\\/2016\\\/02\\\/fotonoticia_20160129172832_800.jpg\",\"@id\":\"https:\\\/\\\/eldigitaldeasturias.com\\\/magazine365\\\/bruselas-afirma-que-el-riesgo-de-trasmision-del-virus-zika-en-la-ue-es-extremadamente-bajo\\\/#mainImage\",\"width\":800,\"height\":534},\"primaryImageOfPage\":{\"@id\":\"https:\\\/\\\/eldigitaldeasturias.com\\\/magazine365\\\/bruselas-afirma-que-el-riesgo-de-trasmision-del-virus-zika-en-la-ue-es-extremadamente-bajo\\\/#mainImage\"},\"datePublished\":\"2016-02-03T15:53:33+01:00\",\"dateModified\":\"2016-02-03T15:53:33+01:00\"},{\"@type\":\"WebSite\",\"@id\":\"https:\\\/\\\/eldigitaldeasturias.com\\\/magazine365\\\/#website\",\"url\":\"https:\\\/\\\/eldigitaldeasturias.com\\\/magazine365\\\/\",\"name\":\"El Digital de Asturias\",\"description\":\"Revista de ocio, turismo y estilo de vida\",\"inLanguage\":\"es-ES\",\"publisher\":{\"@id\":\"https:\\\/\\\/eldigitaldeasturias.com\\\/magazine365\\\/#organization\"}}]}\n\t\t<\/script>\n\t\t<!-- All in One SEO Pro -->\r\n\t\t<title>Bruselas afirma que el riesgo de trasmisi\u00f3n del virus Zika en la UE es \u00abextremadamente bajo\u00bb | El Digital de Asturias<\/title>\n\n","aioseo_head_json":{"title":"Bruselas afirma que el riesgo de trasmisi\u00f3n del virus Zika en la UE es \u00abextremadamente bajo\u00bb | El Digital de Asturias","description":"La Comisi\u00f3n Europea ha afirmado este viernes que el riesgo de trasmisi\u00f3n del virus Zika en la Uni\u00f3n Europea es \"extremadamente bajo\" y ha enfatizado que todos los casos que afectan a ciudadanos europeos son \"importados\" desde las zonas afectadas. As\u00ed, el portavoz del Ejecutivo comunitario para cuestiones sanitarias, Enrico Brivio, ha explicado que el","canonical_url":"https:\/\/eldigitaldeasturias.com\/magazine365\/bruselas-afirma-que-el-riesgo-de-trasmision-del-virus-zika-en-la-ue-es-extremadamente-bajo\/","robots":"max-image-preview:large","keywords":"noticias y actualidad","webmasterTools":{"google-site-verification":"UA-38556648-1","miscellaneous":""},"schema":{"@context":"https:\/\/schema.org","@graph":[{"@type":"Article","@id":"https:\/\/eldigitaldeasturias.com\/magazine365\/bruselas-afirma-que-el-riesgo-de-trasmision-del-virus-zika-en-la-ue-es-extremadamente-bajo\/#article","name":"Bruselas afirma que el riesgo de trasmisi\u00f3n del virus Zika en la UE es \u00abextremadamente bajo\u00bb | El Digital de Asturias","headline":"Bruselas afirma que el riesgo de trasmisi\u00f3n del virus Zika en la UE es \u00abextremadamente bajo\u00bb","author":{"@id":"https:\/\/eldigitaldeasturias.com\/magazine365\/author\/admin\/#author"},"publisher":{"@id":"https:\/\/eldigitaldeasturias.com\/magazine365\/#organization"},"image":{"@type":"ImageObject","url":"https:\/\/eldigitaldeasturias.com\/magazine365\/wp-content\/uploads\/2016\/02\/fotonoticia_20160129172832_800.jpg","width":800,"height":534},"datePublished":"2016-02-03T15:53:33+01:00","dateModified":"2016-02-03T15:53:33+01:00","inLanguage":"es-ES","mainEntityOfPage":{"@id":"https:\/\/eldigitaldeasturias.com\/magazine365\/bruselas-afirma-que-el-riesgo-de-trasmision-del-virus-zika-en-la-ue-es-extremadamente-bajo\/#webpage"},"isPartOf":{"@id":"https:\/\/eldigitaldeasturias.com\/magazine365\/bruselas-afirma-que-el-riesgo-de-trasmision-del-virus-zika-en-la-ue-es-extremadamente-bajo\/#webpage"},"articleSection":"Noticias y Actualidad"},{"@type":"BreadcrumbList","@id":"https:\/\/eldigitaldeasturias.com\/magazine365\/bruselas-afirma-que-el-riesgo-de-trasmision-del-virus-zika-en-la-ue-es-extremadamente-bajo\/#breadcrumblist","itemListElement":[{"@type":"ListItem","@id":"https:\/\/eldigitaldeasturias.com\/magazine365#listItem","position":1,"name":"Home","item":"https:\/\/eldigitaldeasturias.com\/magazine365","nextItem":{"@type":"ListItem","@id":"https:\/\/eldigitaldeasturias.com\/magazine365\/category\/noticias-actualidad\/#listItem","name":"Noticias y Actualidad"}},{"@type":"ListItem","@id":"https:\/\/eldigitaldeasturias.com\/magazine365\/category\/noticias-actualidad\/#listItem","position":2,"name":"Noticias y Actualidad","item":"https:\/\/eldigitaldeasturias.com\/magazine365\/category\/noticias-actualidad\/","nextItem":{"@type":"ListItem","@id":"https:\/\/eldigitaldeasturias.com\/magazine365\/bruselas-afirma-que-el-riesgo-de-trasmision-del-virus-zika-en-la-ue-es-extremadamente-bajo\/#listItem","name":"Bruselas afirma que el riesgo de trasmisi\u00f3n del virus Zika en la UE es \u00abextremadamente bajo\u00bb"},"previousItem":{"@type":"ListItem","@id":"https:\/\/eldigitaldeasturias.com\/magazine365#listItem","name":"Home"}},{"@type":"ListItem","@id":"https:\/\/eldigitaldeasturias.com\/magazine365\/bruselas-afirma-que-el-riesgo-de-trasmision-del-virus-zika-en-la-ue-es-extremadamente-bajo\/#listItem","position":3,"name":"Bruselas afirma que el riesgo de trasmisi\u00f3n del virus Zika en la UE es \u00abextremadamente bajo\u00bb","previousItem":{"@type":"ListItem","@id":"https:\/\/eldigitaldeasturias.com\/magazine365\/category\/noticias-actualidad\/#listItem","name":"Noticias y Actualidad"}}]},{"@type":"Organization","@id":"https:\/\/eldigitaldeasturias.com\/magazine365\/#organization","name":"El digital de Asturias","description":"Revista de ocio, turismo y estilo de vida","url":"https:\/\/eldigitaldeasturias.com\/magazine365\/","logo":{"@type":"ImageObject","url":"https:\/\/www.eldigitaldeasturias.com\/noticias\/wp-content\/uploads\/2020\/12\/EDA.jpg","@id":"https:\/\/eldigitaldeasturias.com\/magazine365\/bruselas-afirma-que-el-riesgo-de-trasmision-del-virus-zika-en-la-ue-es-extremadamente-bajo\/#organizationLogo"},"image":{"@id":"https:\/\/eldigitaldeasturias.com\/magazine365\/bruselas-afirma-que-el-riesgo-de-trasmision-del-virus-zika-en-la-ue-es-extremadamente-bajo\/#organizationLogo"}},{"@type":"Person","@id":"https:\/\/eldigitaldeasturias.com\/magazine365\/author\/admin\/#author","url":"https:\/\/eldigitaldeasturias.com\/magazine365\/author\/admin\/","name":"admin","image":{"@type":"ImageObject","@id":"https:\/\/eldigitaldeasturias.com\/magazine365\/bruselas-afirma-que-el-riesgo-de-trasmision-del-virus-zika-en-la-ue-es-extremadamente-bajo\/#authorImage","url":"https:\/\/eldigitaldeasturias.com\/magazine365\/wp-content\/litespeed\/avatar\/e571bcf59a0edd6fa6838245a470f2fe.jpg?ver=1776969259","width":96,"height":96,"caption":"admin"}},{"@type":"WebPage","@id":"https:\/\/eldigitaldeasturias.com\/magazine365\/bruselas-afirma-que-el-riesgo-de-trasmision-del-virus-zika-en-la-ue-es-extremadamente-bajo\/#webpage","url":"https:\/\/eldigitaldeasturias.com\/magazine365\/bruselas-afirma-que-el-riesgo-de-trasmision-del-virus-zika-en-la-ue-es-extremadamente-bajo\/","name":"Bruselas afirma que el riesgo de trasmisi\u00f3n del virus Zika en la UE es \u00abextremadamente bajo\u00bb | El Digital de Asturias","description":"La Comisi\u00f3n Europea ha afirmado este viernes que el riesgo de trasmisi\u00f3n del virus Zika en la Uni\u00f3n Europea es \"extremadamente bajo\" y ha enfatizado que todos los casos que afectan a ciudadanos europeos son \"importados\" desde las zonas afectadas. As\u00ed, el portavoz del Ejecutivo comunitario para cuestiones sanitarias, Enrico Brivio, ha explicado que el","inLanguage":"es-ES","isPartOf":{"@id":"https:\/\/eldigitaldeasturias.com\/magazine365\/#website"},"breadcrumb":{"@id":"https:\/\/eldigitaldeasturias.com\/magazine365\/bruselas-afirma-que-el-riesgo-de-trasmision-del-virus-zika-en-la-ue-es-extremadamente-bajo\/#breadcrumblist"},"author":{"@id":"https:\/\/eldigitaldeasturias.com\/magazine365\/author\/admin\/#author"},"creator":{"@id":"https:\/\/eldigitaldeasturias.com\/magazine365\/author\/admin\/#author"},"image":{"@type":"ImageObject","url":"https:\/\/eldigitaldeasturias.com\/magazine365\/wp-content\/uploads\/2016\/02\/fotonoticia_20160129172832_800.jpg","@id":"https:\/\/eldigitaldeasturias.com\/magazine365\/bruselas-afirma-que-el-riesgo-de-trasmision-del-virus-zika-en-la-ue-es-extremadamente-bajo\/#mainImage","width":800,"height":534},"primaryImageOfPage":{"@id":"https:\/\/eldigitaldeasturias.com\/magazine365\/bruselas-afirma-que-el-riesgo-de-trasmision-del-virus-zika-en-la-ue-es-extremadamente-bajo\/#mainImage"},"datePublished":"2016-02-03T15:53:33+01:00","dateModified":"2016-02-03T15:53:33+01:00"},{"@type":"WebSite","@id":"https:\/\/eldigitaldeasturias.com\/magazine365\/#website","url":"https:\/\/eldigitaldeasturias.com\/magazine365\/","name":"El Digital de Asturias","description":"Revista de ocio, turismo y estilo de vida","inLanguage":"es-ES","publisher":{"@id":"https:\/\/eldigitaldeasturias.com\/magazine365\/#organization"}}]},"og:locale":"es_ES","og:site_name":"El Digital de Asturias \u2013 Revista de ocio, turismo y estilo de vida","og:type":"article","og:title":"Bruselas afirma que el riesgo de trasmisi\u00f3n del virus Zika en la UE es \u00abextremadamente bajo\u00bb | El Digital de Asturias","og:description":"La Comisi\u00f3n Europea ha afirmado este viernes que el riesgo de trasmisi\u00f3n del virus Zika en la Uni\u00f3n Europea es &quot;extremadamente bajo&quot; y ha enfatizado que todos los casos que afectan a ciudadanos europeos son &quot;importados&quot; desde las zonas afectadas. As\u00ed, el portavoz del Ejecutivo comunitario para cuestiones sanitarias, Enrico Brivio, ha explicado que el","og:url":"https:\/\/eldigitaldeasturias.com\/magazine365\/bruselas-afirma-que-el-riesgo-de-trasmision-del-virus-zika-en-la-ue-es-extremadamente-bajo\/","og:image":"https:\/\/eldigitaldeasturias.com\/magazine365\/wp-content\/uploads\/2016\/02\/fotonoticia_20160129172832_800.jpg","og:image:secure_url":"https:\/\/eldigitaldeasturias.com\/magazine365\/wp-content\/uploads\/2016\/02\/fotonoticia_20160129172832_800.jpg","og:image:width":800,"og:image:height":534,"article:published_time":"2016-02-03T14:53:33+00:00","article:modified_time":"2016-02-03T14:53:33+00:00","twitter:card":"summary_large_image","twitter:title":"Bruselas afirma que el riesgo de trasmisi\u00f3n del virus Zika en la UE es \u00abextremadamente bajo\u00bb | El Digital de Asturias","twitter:description":"La Comisi\u00f3n Europea ha afirmado este viernes que el riesgo de trasmisi\u00f3n del virus Zika en la Uni\u00f3n Europea es &quot;extremadamente bajo&quot; y ha enfatizado que todos los casos que afectan a ciudadanos europeos son &quot;importados&quot; desde las zonas afectadas. As\u00ed, el portavoz del Ejecutivo comunitario para cuestiones sanitarias, Enrico Brivio, ha explicado que el","twitter:image":"https:\/\/eldigitaldeasturias.com\/magazine365\/wp-content\/uploads\/2016\/02\/fotonoticia_20160129172832_800.jpg"},"aioseo_meta_data":{"post_id":"62822","title":null,"description":null,"keywords":null,"keyphrases":null,"primary_term":null,"canonical_url":null,"og_title":null,"og_description":null,"og_object_type":"default","og_image_type":"default","og_image_url":null,"og_image_width":null,"og_image_height":null,"og_image_custom_url":null,"og_image_custom_fields":null,"og_video":null,"og_custom_url":null,"og_article_section":null,"og_article_tags":null,"twitter_use_og":false,"twitter_card":"default","twitter_image_type":"default","twitter_image_url":null,"twitter_image_custom_url":null,"twitter_image_custom_fields":null,"twitter_title":null,"twitter_description":null,"schema":{"blockGraphs":[],"customGraphs":[],"default":{"data":{"Article":[],"Course":[],"Dataset":[],"FAQPage":[],"Movie":[],"Person":[],"Product":[],"ProductReview":[],"Car":[],"Recipe":[],"Service":[],"SoftwareApplication":[],"WebPage":[]},"graphName":"","isEnabled":true},"graphs":[],"defaultGraph":"","defaultPostTypeGraph":""},"schema_type":null,"schema_type_options":null,"pillar_content":false,"robots_default":true,"robots_noindex":false,"robots_noarchive":false,"robots_nosnippet":false,"robots_nofollow":false,"robots_noimageindex":false,"robots_noodp":false,"robots_notranslate":false,"robots_max_snippet":null,"robots_max_videopreview":null,"robots_max_imagepreview":"large","priority":null,"frequency":null,"location":null,"local_seo":null,"seo_analyzer_scan_date":"2025-09-25 11:57:58","breadcrumb_settings":null,"limit_modified_date":false,"open_ai":null,"ai":null,"created":"2021-03-08 21:30:47","updated":"2025-09-25 11:57:58"},"aioseo_breadcrumb":"<div class=\"aioseo-breadcrumbs\"><span class=\"aioseo-breadcrumb\">\n\t<a href=\"https:\/\/eldigitaldeasturias.com\/magazine365\" title=\"Home\">Home<\/a>\n<\/span><span class=\"aioseo-breadcrumb-separator\">\u2013<\/span><span class=\"aioseo-breadcrumb\">\n\t<a href=\"https:\/\/eldigitaldeasturias.com\/magazine365\/category\/noticias-actualidad\/\" title=\"Noticias y Actualidad\">Noticias y Actualidad<\/a>\n<\/span><span class=\"aioseo-breadcrumb-separator\">\u2013<\/span><span class=\"aioseo-breadcrumb\">\n\t<a href=\"https:\/\/eldigitaldeasturias.com\/magazine365\/bruselas-afirma-que-el-riesgo-de-trasmision-del-virus-zika-en-la-ue-es-extremadamente-bajo\/\" title=\"Bruselas afirma que el riesgo de trasmisi\u00f3n del virus Zika en la UE es \u00abextremadamente bajo\u00bb\">Bruselas afirma que el riesgo de trasmisi\u00f3n del virus Zika en la UE es \u00abextremadamente bajo\u00bb<\/a>\n<\/span><\/div>","aioseo_breadcrumb_json":[{"label":"Home","link":"https:\/\/eldigitaldeasturias.com\/magazine365"},{"label":"Noticias y Actualidad","link":"https:\/\/eldigitaldeasturias.com\/magazine365\/category\/noticias-actualidad\/"},{"label":"Bruselas afirma que el riesgo de trasmisi\u00f3n del virus Zika en la UE es \u00abextremadamente bajo\u00bb","link":"https:\/\/eldigitaldeasturias.com\/magazine365\/bruselas-afirma-que-el-riesgo-de-trasmision-del-virus-zika-en-la-ue-es-extremadamente-bajo\/"}],"_links":{"self":[{"href":"https:\/\/eldigitaldeasturias.com\/magazine365\/wp-json\/wp\/v2\/posts\/62822","targetHints":{"allow":["GET"]}}],"collection":[{"href":"https:\/\/eldigitaldeasturias.com\/magazine365\/wp-json\/wp\/v2\/posts"}],"about":[{"href":"https:\/\/eldigitaldeasturias.com\/magazine365\/wp-json\/wp\/v2\/types\/post"}],"author":[{"embeddable":true,"href":"https:\/\/eldigitaldeasturias.com\/magazine365\/wp-json\/wp\/v2\/users\/1"}],"replies":[{"embeddable":true,"href":"https:\/\/eldigitaldeasturias.com\/magazine365\/wp-json\/wp\/v2\/comments?post=62822"}],"version-history":[{"count":0,"href":"https:\/\/eldigitaldeasturias.com\/magazine365\/wp-json\/wp\/v2\/posts\/62822\/revisions"}],"wp:featuredmedia":[{"embeddable":true,"href":"https:\/\/eldigitaldeasturias.com\/magazine365\/wp-json\/wp\/v2\/media\/62823"}],"wp:attachment":[{"href":"https:\/\/eldigitaldeasturias.com\/magazine365\/wp-json\/wp\/v2\/media?parent=62822"}],"wp:term":[{"taxonomy":"category","embeddable":true,"href":"https:\/\/eldigitaldeasturias.com\/magazine365\/wp-json\/wp\/v2\/categories?post=62822"},{"taxonomy":"post_tag","embeddable":true,"href":"https:\/\/eldigitaldeasturias.com\/magazine365\/wp-json\/wp\/v2\/tags?post=62822"}],"curies":[{"name":"wp","href":"https:\/\/api.w.org\/{rel}","templated":true}]}}