{"id":62808,"date":"2016-02-02T22:59:58","date_gmt":"2016-02-02T21:59:58","guid":{"rendered":"http:\/\/eldigitaldeasturias.com\/magazine365\/?p=62808"},"modified":"2016-02-02T22:59:58","modified_gmt":"2016-02-02T21:59:58","slug":"enofusion-2016-posiciona-al-vino-como-protagonista-dentro-de-la-gastronomia-en-una-edicion-emocionante","status":"publish","type":"post","link":"https:\/\/eldigitaldeasturias.com\/magazine365\/enofusion-2016-posiciona-al-vino-como-protagonista-dentro-de-la-gastronomia-en-una-edicion-emocionante\/","title":{"rendered":"Enofusi\u00f3n 2016 posiciona al vino como protagonista dentro de la gastronom\u00eda en una edici\u00f3n emocionante"},"content":{"rendered":"<p><img fetchpriority=\"high\" decoding=\"async\" class=\"alignleft size-medium wp-image-62809\" src=\"https:\/\/eldigitaldeasturias.com\/magazine365\/wp-content\/uploads\/2016\/02\/fotonoticia_20160129165915_800-360x204.jpg\" alt=\"fotonoticia_20160129165915_800\" width=\"360\" height=\"204\" srcset=\"https:\/\/eldigitaldeasturias.com\/magazine365\/wp-content\/uploads\/2016\/02\/fotonoticia_20160129165915_800-360x204.jpg 360w, https:\/\/eldigitaldeasturias.com\/magazine365\/wp-content\/uploads\/2016\/02\/fotonoticia_20160129165915_800-650x368.jpg 650w, https:\/\/eldigitaldeasturias.com\/magazine365\/wp-content\/uploads\/2016\/02\/fotonoticia_20160129165915_800-768x435.jpg 768w, https:\/\/eldigitaldeasturias.com\/magazine365\/wp-content\/uploads\/2016\/02\/fotonoticia_20160129165915_800-150x85.jpg 150w, https:\/\/eldigitaldeasturias.com\/magazine365\/wp-content\/uploads\/2016\/02\/fotonoticia_20160129165915_800-450x255.jpg 450w, https:\/\/eldigitaldeasturias.com\/magazine365\/wp-content\/uploads\/2016\/02\/fotonoticia_20160129165915_800-696x394.jpg 696w, https:\/\/eldigitaldeasturias.com\/magazine365\/wp-content\/uploads\/2016\/02\/fotonoticia_20160129165915_800-742x420.jpg 742w, https:\/\/eldigitaldeasturias.com\/magazine365\/wp-content\/uploads\/2016\/02\/fotonoticia_20160129165915_800-510x289.jpg 510w, https:\/\/eldigitaldeasturias.com\/magazine365\/wp-content\/uploads\/2016\/02\/fotonoticia_20160129165915_800.jpg 800w\" sizes=\"(max-width: 360px) 100vw, 360px\" \/>Enofusi\u00f3n, el Congreso Internacional del Vino, sit\u00faa por sexto a\u00f1o consecutivo al vino en el lugar protagonista que merece dentro de la gastronom\u00eda, ha informado la organizaci\u00f3n del evento.<\/p>\n<p>Durante los d\u00edas 25, 26 y 27 de enero, el Congreso cont\u00f3 con 16 catas magistrales en el Centro del Vino, y reuni\u00f3 a numerosas bodegas, denominaciones de origen y otras empresas del sector en las Expobodegas, as\u00ed como 177 referencias enol\u00f3gicas de toda Espa\u00f1a en el Enobar.<\/p>\n<p>Las catas del Centro del Vino estuvieron protagonizadas por vinos de gran calidad, y ba\u00f1adas por la emoci\u00f3n. Los puntos fuertes este a\u00f1o no s\u00f3lo fueron la selecci\u00f3n de vinos, o las armon\u00edas, sino el carisma de los presentadores y la presencia de figuras como Alejandro Fern\u00e1ndez, premiado por Enofusi\u00f3n por su trayectoria en el mundo del vino, quien ofreci\u00f3 uno de los momento m\u00e1s intensos y especiales de esta edici\u00f3n.<\/p>\n<p>La primera cata de 2016, &#8216;Presente y futuro de los Grands Crus Class\u00e9s de Burdeos&#8217;, a cargo de Philippe Castej\u00e0, presidente del Consejo de los Grands Crus Class\u00e9s de Burdeos, consigui\u00f3 cautivar, ya desde primera hora del lunes, a los asistentes. Una cata que adem\u00e1s era la primera que organizaba el Consejo en nuestro pa\u00eds.<\/p>\n<p>Despu\u00e9s, Protos se descubri\u00f3 ante el p\u00fablico para analizar los mejores Gran Reservas que sus vi\u00f1edos han dado durante este siglo. Ribeiro, al llegar el medio d\u00eda, desplegaba hasta 17 de sus etiquetas para comparar c\u00f3mo el paso del tiempo, no hace sino potenciar las caracter\u00edsticas de sus blancos.<\/p>\n<p>Ya a primera hora de la tarde, Jordi Melendo consegu\u00eda captar la atenci\u00f3n de una sala abarrotada con la cata &#8216;Champagne, el m\u00e1s universal de todos los vinos&#8217;. La pen\u00faltima cita del lunes, sirvi\u00f3 para poner en valor el terru\u00f1o y la singularidad que aporta a los vinos, con la cata de Ram\u00f3n Bilbao y sus vinos de finca. Para finalizar el d\u00eda, en la cata de Izadi, los presentes pudieron apreciar el mimo y las historias tras los vinos de esta bodega.<\/p>\n<p>En el segundo d\u00eda de Enofusi\u00f3n, Nomacorc despert\u00f3 los sentidos animando al p\u00fablico a \u00abbuscar el aroma escondido\u00bb a trav\u00e9s de una cata interactiva, que sirvi\u00f3 para introducir los tapones de Vinoloc.<\/p>\n<p>Con los sentidos entrenados, se pudieron degustar las diferentes elaboraciones que Juv\u00e9&amp;Camps realiza, con la uva Xarello como gu\u00eda del relato. A continuaci\u00f3n, le toc\u00f3 el turno a Uruguay, que por segundo a\u00f1o consecutivo hizo viajar a los asistentes de Enofusi\u00f3n, mediante sus vinos.<\/p>\n<p>En esta ocasi\u00f3n se degustaron los Tannat de cuatro bodegas j\u00f3venes del pa\u00eds. Con las papilas gustativas afiladas, la tarde dio paso a la cata armonizada que la DO Catalunya y el chef del Restaurante Casamar, Quim Casellas, hab\u00edan preparado para la ocasi\u00f3n: un men\u00fa centrado en el producto de calidad y de la zona para combinar desde blancos, a tintos o espumosos.<\/p>\n<p>Le sigui\u00f3 una de las catas m\u00e1s esperadas, la degustaci\u00f3n de garnachas que el Concurso Internacional de Garnachas hab\u00eda preparado como evento previo a su celebraci\u00f3n, el 5 de febrero-<\/p>\n<p>Para finalizar el martes, los asistentes volvieron a viajar al continente americano a trav\u00e9s de la cata &#8216;Los Vinos Chilenos de Bodegas Torres&#8217;. Un recorrido por siete referencias que reflejaban la labor enol\u00f3gica del grupo en dicho pa\u00eds.<\/p>\n<p>El \u00faltimo d\u00eda comenz\u00f3 con la cata en honor a Alejandro Fern\u00e1ndez, presidente del Grupo Pesquera, galardonado con el premio Enofusi\u00f3n a Impulsores del Vino Don Luis Hidalgo 2016, por toda una vida dedicada al mundo del vino. Durante la cata se pudo degustar una muestra de lo que es a d\u00eda de hoy este gran grupo, con una sorpresa por parte del propio Fern\u00e1ndez, quien ofreci\u00f3 a la sala un par de referencias hist\u00f3ricas de su propia colecci\u00f3n.<\/p>\n<p>Esta degustaci\u00f3n sirvi\u00f3 como preludio a la entrega del premio, un acto ba\u00f1ado por la emoci\u00f3n de Alejandro Fern\u00e1ndez y la de todos los presentes.<\/p>\n<p>SPEEDTASTING<\/p>\n<p>Entre las actividades de Enofusi\u00f3n 2016 que apostaron por la innovaci\u00f3n, estuvieron las Speedtasting: una nueva y original forma de catar basada en las citas r\u00e1pidas, tan famosas en pa\u00edses como Estados Unidos.<\/p>\n<p>Unas &#8216;citas&#8217; donde los bodegueros deb\u00edan presentar en pocos minutos sus vinos, ante un grupo de blogueros y periodistas, mientras que estos creadores de tendencias publicaban sus impresiones sobre los vinos en sus redes sociales. El formato fue un \u00e9xito e incluso surgieron parejas del encuentro, que pueden verse a trav\u00e9s del hashtag #STEno16.<\/p>\n<p>EXPOBODEGAS Y ENOBAR<\/p>\n<p>La zona expositiva de Expobodegas y Enobar dobl\u00f3 su espacio en esta sexta edici\u00f3n. M\u00e1s de 40 expositores entre bodegas, denominaciones de origen y otras empresas del sector se dieron cita para mostrar sus productos y trabajo ante los m\u00e1s de 10.000 asistentes que pasaron por el Palacio Municipal del Congresos de Madrid durante la edici\u00f3n 2016.<\/p>\n<p>Las Expobodegas de esta edici\u00f3n fueron: Alilian Bodegas y Vi\u00f1edos, Avelino Vegas, Bodegas Altanza, Bodegas Naranjo, Bottelo, Campos Reales, Carrascas, Cinema Wines, Cuatro Rayas, DO Catalunya, DO Ribeiro, Ecorazon, F\u00e9lix Callejo, Fontana, el grupo de bodegas Inkordia Wines, Garnachas del Mundo, Grupo Artevino, Grupo Zadibe, Javier San Viticultor, Juv\u00e9&amp;Camps, Koala, Makro, Nomacorc, Orowines, Pagos de Familia Vega Tolosa, Ra\u00edz de Guzm\u00e1n, Toro Albal\u00e1 y Torres.<\/p>\n<p>Este a\u00f1o, Expobodegas tambi\u00e9n contaba con una nueva zona dedicada al verm\u00fa, en una apuesta por este aperitivo imprescindible que result\u00f3 ganadora, ante la afluencia de p\u00fablico con la que cont\u00f3. En \u00e9l se encontraban las elaboraciones de Mart\u00ednez Lacuesta, Molteni (Grupo La Navarra) y Zecchini.<\/p>\n<p>Tambi\u00e9n se ha tendido la mano a otras bebidas, ya sin la uva como base, pero con la misma filosof\u00eda de bebida fermentada a partir de algo tan saludable como la manzana. La DOP Sidra de Asturias cont\u00f3 con stand propio para mostrar que la sidra es tendencia.<\/p>\n<p>La sexta edici\u00f3n de Enofusi\u00f3n ha sido la m\u00e1s ambiciosa y emocionante de su historia, ante la apuesta del sector enol\u00f3gico, por este evento que a\u00f1o tras a\u00f1o suma apoyos. Dentro de la Cumbre Gastron\u00f3mica Madrid Fusi\u00f3n, que ha dedicado su XIV edici\u00f3n al lenguaje de la post vanguardia, Enofusi\u00f3n sigue posicionando el vino dentro de la gastronom\u00eda con el papel protagonista que merece.<\/p>\n","protected":false},"excerpt":{"rendered":"<p>Enofusi\u00f3n, el Congreso Internacional del Vino, sit\u00faa por sexto a\u00f1o consecutivo al vino en el lugar protagonista que merece dentro de la gastronom\u00eda, ha informado la organizaci\u00f3n del evento. Durante los d\u00edas 25, 26 y 27 de enero, el Congreso cont\u00f3 con 16 catas magistrales en el Centro del Vino, y reuni\u00f3 a numerosas bodegas,<\/p>\n","protected":false},"author":1,"featured_media":62809,"comment_status":"open","ping_status":"closed","sticky":false,"template":"","format":"standard","meta":{"footnotes":""},"categories":[224],"tags":[],"class_list":{"0":"post-62808","1":"post","2":"type-post","3":"status-publish","4":"format-standard","5":"has-post-thumbnail","7":"category-noticias-actualidad"},"aioseo_notices":[],"aioseo_head":"\n\t\t<!-- All in One SEO Pro 4.9.6.1 - aioseo.com -->\n\t<meta name=\"description\" content=\"Enofusi\u00f3n, el Congreso Internacional del Vino, sit\u00faa por sexto a\u00f1o consecutivo al vino en el lugar protagonista que merece dentro de la gastronom\u00eda, ha informado la organizaci\u00f3n del evento. Durante los d\u00edas 25, 26 y 27 de enero, el Congreso cont\u00f3 con 16 catas magistrales en el Centro del Vino, y reuni\u00f3 a numerosas bodegas,\" \/>\n\t<meta name=\"robots\" content=\"max-image-preview:large\" \/>\n\t<meta name=\"author\" content=\"admin\"\/>\n\t<meta name=\"google-site-verification\" content=\"UA-38556648-1\" \/>\n\t<meta name=\"keywords\" content=\"noticias y actualidad\" \/>\n\t<link rel=\"canonical\" href=\"https:\/\/eldigitaldeasturias.com\/magazine365\/enofusion-2016-posiciona-al-vino-como-protagonista-dentro-de-la-gastronomia-en-una-edicion-emocionante\/\" \/>\n\t<meta name=\"generator\" content=\"All in One SEO Pro (AIOSEO) 4.9.6.1\" \/>\n\t\t<meta property=\"og:locale\" content=\"es_ES\" \/>\n\t\t<meta property=\"og:site_name\" content=\"El Digital de Asturias \u2013 Revista de ocio, turismo y estilo de vida\" \/>\n\t\t<meta property=\"og:type\" content=\"article\" \/>\n\t\t<meta property=\"og:title\" content=\"Enofusi\u00f3n 2016 posiciona al vino como protagonista dentro de la gastronom\u00eda en una edici\u00f3n emocionante | El Digital de Asturias\" \/>\n\t\t<meta property=\"og:description\" content=\"Enofusi\u00f3n, el Congreso Internacional del Vino, sit\u00faa por sexto a\u00f1o consecutivo al vino en el lugar protagonista que merece dentro de la gastronom\u00eda, ha informado la organizaci\u00f3n del evento. Durante los d\u00edas 25, 26 y 27 de enero, el Congreso cont\u00f3 con 16 catas magistrales en el Centro del Vino, y reuni\u00f3 a numerosas bodegas,\" \/>\n\t\t<meta property=\"og:url\" content=\"https:\/\/eldigitaldeasturias.com\/magazine365\/enofusion-2016-posiciona-al-vino-como-protagonista-dentro-de-la-gastronomia-en-una-edicion-emocionante\/\" \/>\n\t\t<meta property=\"og:image\" content=\"https:\/\/eldigitaldeasturias.com\/magazine365\/wp-content\/uploads\/2016\/02\/fotonoticia_20160129165915_800.jpg\" \/>\n\t\t<meta property=\"og:image:secure_url\" content=\"https:\/\/eldigitaldeasturias.com\/magazine365\/wp-content\/uploads\/2016\/02\/fotonoticia_20160129165915_800.jpg\" \/>\n\t\t<meta property=\"og:image:width\" content=\"800\" \/>\n\t\t<meta property=\"og:image:height\" content=\"453\" \/>\n\t\t<meta property=\"article:published_time\" content=\"2016-02-02T21:59:58+00:00\" \/>\n\t\t<meta property=\"article:modified_time\" content=\"2016-02-02T21:59:58+00:00\" \/>\n\t\t<meta name=\"twitter:card\" content=\"summary_large_image\" \/>\n\t\t<meta name=\"twitter:title\" content=\"Enofusi\u00f3n 2016 posiciona al vino como protagonista dentro de la gastronom\u00eda en una edici\u00f3n emocionante | El Digital de Asturias\" \/>\n\t\t<meta name=\"twitter:description\" content=\"Enofusi\u00f3n, el Congreso Internacional del Vino, sit\u00faa por sexto a\u00f1o consecutivo al vino en el lugar protagonista que merece dentro de la gastronom\u00eda, ha informado la organizaci\u00f3n del evento. Durante los d\u00edas 25, 26 y 27 de enero, el Congreso cont\u00f3 con 16 catas magistrales en el Centro del Vino, y reuni\u00f3 a numerosas bodegas,\" \/>\n\t\t<meta name=\"twitter:image\" content=\"https:\/\/eldigitaldeasturias.com\/magazine365\/wp-content\/uploads\/2016\/02\/fotonoticia_20160129165915_800.jpg\" \/>\n\t\t<script type=\"application\/ld+json\" class=\"aioseo-schema\">\n\t\t\t{\"@context\":\"https:\\\/\\\/schema.org\",\"@graph\":[{\"@type\":\"Article\",\"@id\":\"https:\\\/\\\/eldigitaldeasturias.com\\\/magazine365\\\/enofusion-2016-posiciona-al-vino-como-protagonista-dentro-de-la-gastronomia-en-una-edicion-emocionante\\\/#article\",\"name\":\"Enofusi\\u00f3n 2016 posiciona al vino como protagonista dentro de la gastronom\\u00eda en una edici\\u00f3n emocionante | El Digital de Asturias\",\"headline\":\"Enofusi\\u00f3n 2016 posiciona al vino como protagonista dentro de la gastronom\\u00eda en una edici\\u00f3n emocionante\",\"author\":{\"@id\":\"https:\\\/\\\/eldigitaldeasturias.com\\\/magazine365\\\/author\\\/admin\\\/#author\"},\"publisher\":{\"@id\":\"https:\\\/\\\/eldigitaldeasturias.com\\\/magazine365\\\/#organization\"},\"image\":{\"@type\":\"ImageObject\",\"url\":\"https:\\\/\\\/eldigitaldeasturias.com\\\/magazine365\\\/wp-content\\\/uploads\\\/2016\\\/02\\\/fotonoticia_20160129165915_800.jpg\",\"width\":800,\"height\":453},\"datePublished\":\"2016-02-02T22:59:58+01:00\",\"dateModified\":\"2016-02-02T22:59:58+01:00\",\"inLanguage\":\"es-ES\",\"mainEntityOfPage\":{\"@id\":\"https:\\\/\\\/eldigitaldeasturias.com\\\/magazine365\\\/enofusion-2016-posiciona-al-vino-como-protagonista-dentro-de-la-gastronomia-en-una-edicion-emocionante\\\/#webpage\"},\"isPartOf\":{\"@id\":\"https:\\\/\\\/eldigitaldeasturias.com\\\/magazine365\\\/enofusion-2016-posiciona-al-vino-como-protagonista-dentro-de-la-gastronomia-en-una-edicion-emocionante\\\/#webpage\"},\"articleSection\":\"Noticias y Actualidad\"},{\"@type\":\"BreadcrumbList\",\"@id\":\"https:\\\/\\\/eldigitaldeasturias.com\\\/magazine365\\\/enofusion-2016-posiciona-al-vino-como-protagonista-dentro-de-la-gastronomia-en-una-edicion-emocionante\\\/#breadcrumblist\",\"itemListElement\":[{\"@type\":\"ListItem\",\"@id\":\"https:\\\/\\\/eldigitaldeasturias.com\\\/magazine365#listItem\",\"position\":1,\"name\":\"Home\",\"item\":\"https:\\\/\\\/eldigitaldeasturias.com\\\/magazine365\",\"nextItem\":{\"@type\":\"ListItem\",\"@id\":\"https:\\\/\\\/eldigitaldeasturias.com\\\/magazine365\\\/category\\\/noticias-actualidad\\\/#listItem\",\"name\":\"Noticias y Actualidad\"}},{\"@type\":\"ListItem\",\"@id\":\"https:\\\/\\\/eldigitaldeasturias.com\\\/magazine365\\\/category\\\/noticias-actualidad\\\/#listItem\",\"position\":2,\"name\":\"Noticias y Actualidad\",\"item\":\"https:\\\/\\\/eldigitaldeasturias.com\\\/magazine365\\\/category\\\/noticias-actualidad\\\/\",\"nextItem\":{\"@type\":\"ListItem\",\"@id\":\"https:\\\/\\\/eldigitaldeasturias.com\\\/magazine365\\\/enofusion-2016-posiciona-al-vino-como-protagonista-dentro-de-la-gastronomia-en-una-edicion-emocionante\\\/#listItem\",\"name\":\"Enofusi\\u00f3n 2016 posiciona al vino como protagonista dentro de la gastronom\\u00eda en una edici\\u00f3n emocionante\"},\"previousItem\":{\"@type\":\"ListItem\",\"@id\":\"https:\\\/\\\/eldigitaldeasturias.com\\\/magazine365#listItem\",\"name\":\"Home\"}},{\"@type\":\"ListItem\",\"@id\":\"https:\\\/\\\/eldigitaldeasturias.com\\\/magazine365\\\/enofusion-2016-posiciona-al-vino-como-protagonista-dentro-de-la-gastronomia-en-una-edicion-emocionante\\\/#listItem\",\"position\":3,\"name\":\"Enofusi\\u00f3n 2016 posiciona al vino como protagonista dentro de la gastronom\\u00eda en una edici\\u00f3n emocionante\",\"previousItem\":{\"@type\":\"ListItem\",\"@id\":\"https:\\\/\\\/eldigitaldeasturias.com\\\/magazine365\\\/category\\\/noticias-actualidad\\\/#listItem\",\"name\":\"Noticias y Actualidad\"}}]},{\"@type\":\"Organization\",\"@id\":\"https:\\\/\\\/eldigitaldeasturias.com\\\/magazine365\\\/#organization\",\"name\":\"El digital de Asturias\",\"description\":\"Revista de ocio, turismo y estilo de vida\",\"url\":\"https:\\\/\\\/eldigitaldeasturias.com\\\/magazine365\\\/\",\"logo\":{\"@type\":\"ImageObject\",\"url\":\"https:\\\/\\\/www.eldigitaldeasturias.com\\\/noticias\\\/wp-content\\\/uploads\\\/2020\\\/12\\\/EDA.jpg\",\"@id\":\"https:\\\/\\\/eldigitaldeasturias.com\\\/magazine365\\\/enofusion-2016-posiciona-al-vino-como-protagonista-dentro-de-la-gastronomia-en-una-edicion-emocionante\\\/#organizationLogo\"},\"image\":{\"@id\":\"https:\\\/\\\/eldigitaldeasturias.com\\\/magazine365\\\/enofusion-2016-posiciona-al-vino-como-protagonista-dentro-de-la-gastronomia-en-una-edicion-emocionante\\\/#organizationLogo\"}},{\"@type\":\"Person\",\"@id\":\"https:\\\/\\\/eldigitaldeasturias.com\\\/magazine365\\\/author\\\/admin\\\/#author\",\"url\":\"https:\\\/\\\/eldigitaldeasturias.com\\\/magazine365\\\/author\\\/admin\\\/\",\"name\":\"admin\",\"image\":{\"@type\":\"ImageObject\",\"@id\":\"https:\\\/\\\/eldigitaldeasturias.com\\\/magazine365\\\/enofusion-2016-posiciona-al-vino-como-protagonista-dentro-de-la-gastronomia-en-una-edicion-emocionante\\\/#authorImage\",\"url\":\"https:\\\/\\\/eldigitaldeasturias.com\\\/magazine365\\\/wp-content\\\/litespeed\\\/avatar\\\/e571bcf59a0edd6fa6838245a470f2fe.jpg?ver=1776969259\",\"width\":96,\"height\":96,\"caption\":\"admin\"}},{\"@type\":\"WebPage\",\"@id\":\"https:\\\/\\\/eldigitaldeasturias.com\\\/magazine365\\\/enofusion-2016-posiciona-al-vino-como-protagonista-dentro-de-la-gastronomia-en-una-edicion-emocionante\\\/#webpage\",\"url\":\"https:\\\/\\\/eldigitaldeasturias.com\\\/magazine365\\\/enofusion-2016-posiciona-al-vino-como-protagonista-dentro-de-la-gastronomia-en-una-edicion-emocionante\\\/\",\"name\":\"Enofusi\\u00f3n 2016 posiciona al vino como protagonista dentro de la gastronom\\u00eda en una edici\\u00f3n emocionante | El Digital de Asturias\",\"description\":\"Enofusi\\u00f3n, el Congreso Internacional del Vino, sit\\u00faa por sexto a\\u00f1o consecutivo al vino en el lugar protagonista que merece dentro de la gastronom\\u00eda, ha informado la organizaci\\u00f3n del evento. Durante los d\\u00edas 25, 26 y 27 de enero, el Congreso cont\\u00f3 con 16 catas magistrales en el Centro del Vino, y reuni\\u00f3 a numerosas bodegas,\",\"inLanguage\":\"es-ES\",\"isPartOf\":{\"@id\":\"https:\\\/\\\/eldigitaldeasturias.com\\\/magazine365\\\/#website\"},\"breadcrumb\":{\"@id\":\"https:\\\/\\\/eldigitaldeasturias.com\\\/magazine365\\\/enofusion-2016-posiciona-al-vino-como-protagonista-dentro-de-la-gastronomia-en-una-edicion-emocionante\\\/#breadcrumblist\"},\"author\":{\"@id\":\"https:\\\/\\\/eldigitaldeasturias.com\\\/magazine365\\\/author\\\/admin\\\/#author\"},\"creator\":{\"@id\":\"https:\\\/\\\/eldigitaldeasturias.com\\\/magazine365\\\/author\\\/admin\\\/#author\"},\"image\":{\"@type\":\"ImageObject\",\"url\":\"https:\\\/\\\/eldigitaldeasturias.com\\\/magazine365\\\/wp-content\\\/uploads\\\/2016\\\/02\\\/fotonoticia_20160129165915_800.jpg\",\"@id\":\"https:\\\/\\\/eldigitaldeasturias.com\\\/magazine365\\\/enofusion-2016-posiciona-al-vino-como-protagonista-dentro-de-la-gastronomia-en-una-edicion-emocionante\\\/#mainImage\",\"width\":800,\"height\":453},\"primaryImageOfPage\":{\"@id\":\"https:\\\/\\\/eldigitaldeasturias.com\\\/magazine365\\\/enofusion-2016-posiciona-al-vino-como-protagonista-dentro-de-la-gastronomia-en-una-edicion-emocionante\\\/#mainImage\"},\"datePublished\":\"2016-02-02T22:59:58+01:00\",\"dateModified\":\"2016-02-02T22:59:58+01:00\"},{\"@type\":\"WebSite\",\"@id\":\"https:\\\/\\\/eldigitaldeasturias.com\\\/magazine365\\\/#website\",\"url\":\"https:\\\/\\\/eldigitaldeasturias.com\\\/magazine365\\\/\",\"name\":\"El Digital de Asturias\",\"description\":\"Revista de ocio, turismo y estilo de vida\",\"inLanguage\":\"es-ES\",\"publisher\":{\"@id\":\"https:\\\/\\\/eldigitaldeasturias.com\\\/magazine365\\\/#organization\"}}]}\n\t\t<\/script>\n\t\t<!-- All in One SEO Pro -->\r\n\t\t<title>Enofusi\u00f3n 2016 posiciona al vino como protagonista dentro de la gastronom\u00eda en una edici\u00f3n emocionante | El Digital de Asturias<\/title>\n\n","aioseo_head_json":{"title":"Enofusi\u00f3n 2016 posiciona al vino como protagonista dentro de la gastronom\u00eda en una edici\u00f3n emocionante | El Digital de Asturias","description":"Enofusi\u00f3n, el Congreso Internacional del Vino, sit\u00faa por sexto a\u00f1o consecutivo al vino en el lugar protagonista que merece dentro de la gastronom\u00eda, ha informado la organizaci\u00f3n del evento. Durante los d\u00edas 25, 26 y 27 de enero, el Congreso cont\u00f3 con 16 catas magistrales en el Centro del Vino, y reuni\u00f3 a numerosas bodegas,","canonical_url":"https:\/\/eldigitaldeasturias.com\/magazine365\/enofusion-2016-posiciona-al-vino-como-protagonista-dentro-de-la-gastronomia-en-una-edicion-emocionante\/","robots":"max-image-preview:large","keywords":"noticias y actualidad","webmasterTools":{"google-site-verification":"UA-38556648-1","miscellaneous":""},"schema":{"@context":"https:\/\/schema.org","@graph":[{"@type":"Article","@id":"https:\/\/eldigitaldeasturias.com\/magazine365\/enofusion-2016-posiciona-al-vino-como-protagonista-dentro-de-la-gastronomia-en-una-edicion-emocionante\/#article","name":"Enofusi\u00f3n 2016 posiciona al vino como protagonista dentro de la gastronom\u00eda en una edici\u00f3n emocionante | El Digital de Asturias","headline":"Enofusi\u00f3n 2016 posiciona al vino como protagonista dentro de la gastronom\u00eda en una edici\u00f3n emocionante","author":{"@id":"https:\/\/eldigitaldeasturias.com\/magazine365\/author\/admin\/#author"},"publisher":{"@id":"https:\/\/eldigitaldeasturias.com\/magazine365\/#organization"},"image":{"@type":"ImageObject","url":"https:\/\/eldigitaldeasturias.com\/magazine365\/wp-content\/uploads\/2016\/02\/fotonoticia_20160129165915_800.jpg","width":800,"height":453},"datePublished":"2016-02-02T22:59:58+01:00","dateModified":"2016-02-02T22:59:58+01:00","inLanguage":"es-ES","mainEntityOfPage":{"@id":"https:\/\/eldigitaldeasturias.com\/magazine365\/enofusion-2016-posiciona-al-vino-como-protagonista-dentro-de-la-gastronomia-en-una-edicion-emocionante\/#webpage"},"isPartOf":{"@id":"https:\/\/eldigitaldeasturias.com\/magazine365\/enofusion-2016-posiciona-al-vino-como-protagonista-dentro-de-la-gastronomia-en-una-edicion-emocionante\/#webpage"},"articleSection":"Noticias y Actualidad"},{"@type":"BreadcrumbList","@id":"https:\/\/eldigitaldeasturias.com\/magazine365\/enofusion-2016-posiciona-al-vino-como-protagonista-dentro-de-la-gastronomia-en-una-edicion-emocionante\/#breadcrumblist","itemListElement":[{"@type":"ListItem","@id":"https:\/\/eldigitaldeasturias.com\/magazine365#listItem","position":1,"name":"Home","item":"https:\/\/eldigitaldeasturias.com\/magazine365","nextItem":{"@type":"ListItem","@id":"https:\/\/eldigitaldeasturias.com\/magazine365\/category\/noticias-actualidad\/#listItem","name":"Noticias y Actualidad"}},{"@type":"ListItem","@id":"https:\/\/eldigitaldeasturias.com\/magazine365\/category\/noticias-actualidad\/#listItem","position":2,"name":"Noticias y Actualidad","item":"https:\/\/eldigitaldeasturias.com\/magazine365\/category\/noticias-actualidad\/","nextItem":{"@type":"ListItem","@id":"https:\/\/eldigitaldeasturias.com\/magazine365\/enofusion-2016-posiciona-al-vino-como-protagonista-dentro-de-la-gastronomia-en-una-edicion-emocionante\/#listItem","name":"Enofusi\u00f3n 2016 posiciona al vino como protagonista dentro de la gastronom\u00eda en una edici\u00f3n emocionante"},"previousItem":{"@type":"ListItem","@id":"https:\/\/eldigitaldeasturias.com\/magazine365#listItem","name":"Home"}},{"@type":"ListItem","@id":"https:\/\/eldigitaldeasturias.com\/magazine365\/enofusion-2016-posiciona-al-vino-como-protagonista-dentro-de-la-gastronomia-en-una-edicion-emocionante\/#listItem","position":3,"name":"Enofusi\u00f3n 2016 posiciona al vino como protagonista dentro de la gastronom\u00eda en una edici\u00f3n emocionante","previousItem":{"@type":"ListItem","@id":"https:\/\/eldigitaldeasturias.com\/magazine365\/category\/noticias-actualidad\/#listItem","name":"Noticias y Actualidad"}}]},{"@type":"Organization","@id":"https:\/\/eldigitaldeasturias.com\/magazine365\/#organization","name":"El digital de Asturias","description":"Revista de ocio, turismo y estilo de vida","url":"https:\/\/eldigitaldeasturias.com\/magazine365\/","logo":{"@type":"ImageObject","url":"https:\/\/www.eldigitaldeasturias.com\/noticias\/wp-content\/uploads\/2020\/12\/EDA.jpg","@id":"https:\/\/eldigitaldeasturias.com\/magazine365\/enofusion-2016-posiciona-al-vino-como-protagonista-dentro-de-la-gastronomia-en-una-edicion-emocionante\/#organizationLogo"},"image":{"@id":"https:\/\/eldigitaldeasturias.com\/magazine365\/enofusion-2016-posiciona-al-vino-como-protagonista-dentro-de-la-gastronomia-en-una-edicion-emocionante\/#organizationLogo"}},{"@type":"Person","@id":"https:\/\/eldigitaldeasturias.com\/magazine365\/author\/admin\/#author","url":"https:\/\/eldigitaldeasturias.com\/magazine365\/author\/admin\/","name":"admin","image":{"@type":"ImageObject","@id":"https:\/\/eldigitaldeasturias.com\/magazine365\/enofusion-2016-posiciona-al-vino-como-protagonista-dentro-de-la-gastronomia-en-una-edicion-emocionante\/#authorImage","url":"https:\/\/eldigitaldeasturias.com\/magazine365\/wp-content\/litespeed\/avatar\/e571bcf59a0edd6fa6838245a470f2fe.jpg?ver=1776969259","width":96,"height":96,"caption":"admin"}},{"@type":"WebPage","@id":"https:\/\/eldigitaldeasturias.com\/magazine365\/enofusion-2016-posiciona-al-vino-como-protagonista-dentro-de-la-gastronomia-en-una-edicion-emocionante\/#webpage","url":"https:\/\/eldigitaldeasturias.com\/magazine365\/enofusion-2016-posiciona-al-vino-como-protagonista-dentro-de-la-gastronomia-en-una-edicion-emocionante\/","name":"Enofusi\u00f3n 2016 posiciona al vino como protagonista dentro de la gastronom\u00eda en una edici\u00f3n emocionante | El Digital de Asturias","description":"Enofusi\u00f3n, el Congreso Internacional del Vino, sit\u00faa por sexto a\u00f1o consecutivo al vino en el lugar protagonista que merece dentro de la gastronom\u00eda, ha informado la organizaci\u00f3n del evento. Durante los d\u00edas 25, 26 y 27 de enero, el Congreso cont\u00f3 con 16 catas magistrales en el Centro del Vino, y reuni\u00f3 a numerosas bodegas,","inLanguage":"es-ES","isPartOf":{"@id":"https:\/\/eldigitaldeasturias.com\/magazine365\/#website"},"breadcrumb":{"@id":"https:\/\/eldigitaldeasturias.com\/magazine365\/enofusion-2016-posiciona-al-vino-como-protagonista-dentro-de-la-gastronomia-en-una-edicion-emocionante\/#breadcrumblist"},"author":{"@id":"https:\/\/eldigitaldeasturias.com\/magazine365\/author\/admin\/#author"},"creator":{"@id":"https:\/\/eldigitaldeasturias.com\/magazine365\/author\/admin\/#author"},"image":{"@type":"ImageObject","url":"https:\/\/eldigitaldeasturias.com\/magazine365\/wp-content\/uploads\/2016\/02\/fotonoticia_20160129165915_800.jpg","@id":"https:\/\/eldigitaldeasturias.com\/magazine365\/enofusion-2016-posiciona-al-vino-como-protagonista-dentro-de-la-gastronomia-en-una-edicion-emocionante\/#mainImage","width":800,"height":453},"primaryImageOfPage":{"@id":"https:\/\/eldigitaldeasturias.com\/magazine365\/enofusion-2016-posiciona-al-vino-como-protagonista-dentro-de-la-gastronomia-en-una-edicion-emocionante\/#mainImage"},"datePublished":"2016-02-02T22:59:58+01:00","dateModified":"2016-02-02T22:59:58+01:00"},{"@type":"WebSite","@id":"https:\/\/eldigitaldeasturias.com\/magazine365\/#website","url":"https:\/\/eldigitaldeasturias.com\/magazine365\/","name":"El Digital de Asturias","description":"Revista de ocio, turismo y estilo de vida","inLanguage":"es-ES","publisher":{"@id":"https:\/\/eldigitaldeasturias.com\/magazine365\/#organization"}}]},"og:locale":"es_ES","og:site_name":"El Digital de Asturias \u2013 Revista de ocio, turismo y estilo de vida","og:type":"article","og:title":"Enofusi\u00f3n 2016 posiciona al vino como protagonista dentro de la gastronom\u00eda en una edici\u00f3n emocionante | El Digital de Asturias","og:description":"Enofusi\u00f3n, el Congreso Internacional del Vino, sit\u00faa por sexto a\u00f1o consecutivo al vino en el lugar protagonista que merece dentro de la gastronom\u00eda, ha informado la organizaci\u00f3n del evento. Durante los d\u00edas 25, 26 y 27 de enero, el Congreso cont\u00f3 con 16 catas magistrales en el Centro del Vino, y reuni\u00f3 a numerosas bodegas,","og:url":"https:\/\/eldigitaldeasturias.com\/magazine365\/enofusion-2016-posiciona-al-vino-como-protagonista-dentro-de-la-gastronomia-en-una-edicion-emocionante\/","og:image":"https:\/\/eldigitaldeasturias.com\/magazine365\/wp-content\/uploads\/2016\/02\/fotonoticia_20160129165915_800.jpg","og:image:secure_url":"https:\/\/eldigitaldeasturias.com\/magazine365\/wp-content\/uploads\/2016\/02\/fotonoticia_20160129165915_800.jpg","og:image:width":800,"og:image:height":453,"article:published_time":"2016-02-02T21:59:58+00:00","article:modified_time":"2016-02-02T21:59:58+00:00","twitter:card":"summary_large_image","twitter:title":"Enofusi\u00f3n 2016 posiciona al vino como protagonista dentro de la gastronom\u00eda en una edici\u00f3n emocionante | El Digital de Asturias","twitter:description":"Enofusi\u00f3n, el Congreso Internacional del Vino, sit\u00faa por sexto a\u00f1o consecutivo al vino en el lugar protagonista que merece dentro de la gastronom\u00eda, ha informado la organizaci\u00f3n del evento. Durante los d\u00edas 25, 26 y 27 de enero, el Congreso cont\u00f3 con 16 catas magistrales en el Centro del Vino, y reuni\u00f3 a numerosas bodegas,","twitter:image":"https:\/\/eldigitaldeasturias.com\/magazine365\/wp-content\/uploads\/2016\/02\/fotonoticia_20160129165915_800.jpg"},"aioseo_meta_data":{"post_id":"62808","title":null,"description":null,"keywords":null,"keyphrases":null,"primary_term":null,"canonical_url":null,"og_title":null,"og_description":null,"og_object_type":"default","og_image_type":"default","og_image_url":null,"og_image_width":null,"og_image_height":null,"og_image_custom_url":null,"og_image_custom_fields":null,"og_video":null,"og_custom_url":null,"og_article_section":null,"og_article_tags":null,"twitter_use_og":false,"twitter_card":"default","twitter_image_type":"default","twitter_image_url":null,"twitter_image_custom_url":null,"twitter_image_custom_fields":null,"twitter_title":null,"twitter_description":null,"schema":{"blockGraphs":[],"customGraphs":[],"default":{"data":{"Article":[],"Course":[],"Dataset":[],"FAQPage":[],"Movie":[],"Person":[],"Product":[],"ProductReview":[],"Car":[],"Recipe":[],"Service":[],"SoftwareApplication":[],"WebPage":[]},"graphName":"","isEnabled":true},"graphs":[],"defaultGraph":"","defaultPostTypeGraph":""},"schema_type":null,"schema_type_options":null,"pillar_content":false,"robots_default":true,"robots_noindex":false,"robots_noarchive":false,"robots_nosnippet":false,"robots_nofollow":false,"robots_noimageindex":false,"robots_noodp":false,"robots_notranslate":false,"robots_max_snippet":null,"robots_max_videopreview":null,"robots_max_imagepreview":"large","priority":null,"frequency":null,"location":null,"local_seo":null,"seo_analyzer_scan_date":"2025-09-25 11:56:00","breadcrumb_settings":null,"limit_modified_date":false,"open_ai":null,"ai":null,"created":"2021-03-08 21:30:47","updated":"2025-09-25 11:56:00"},"aioseo_breadcrumb":"<div class=\"aioseo-breadcrumbs\"><span class=\"aioseo-breadcrumb\">\n\t<a href=\"https:\/\/eldigitaldeasturias.com\/magazine365\" title=\"Home\">Home<\/a>\n<\/span><span class=\"aioseo-breadcrumb-separator\">\u2013<\/span><span class=\"aioseo-breadcrumb\">\n\t<a href=\"https:\/\/eldigitaldeasturias.com\/magazine365\/category\/noticias-actualidad\/\" title=\"Noticias y Actualidad\">Noticias y Actualidad<\/a>\n<\/span><span class=\"aioseo-breadcrumb-separator\">\u2013<\/span><span class=\"aioseo-breadcrumb\">\n\t<a href=\"https:\/\/eldigitaldeasturias.com\/magazine365\/enofusion-2016-posiciona-al-vino-como-protagonista-dentro-de-la-gastronomia-en-una-edicion-emocionante\/\" title=\"Enofusi\u00f3n 2016 posiciona al vino como protagonista dentro de la gastronom\u00eda en una edici\u00f3n emocionante\">Enofusi\u00f3n 2016 posiciona al vino como protagonista dentro de la gastronom\u00eda en una edici\u00f3n emocionante<\/a>\n<\/span><\/div>","aioseo_breadcrumb_json":[{"label":"Home","link":"https:\/\/eldigitaldeasturias.com\/magazine365"},{"label":"Noticias y Actualidad","link":"https:\/\/eldigitaldeasturias.com\/magazine365\/category\/noticias-actualidad\/"},{"label":"Enofusi\u00f3n 2016 posiciona al vino como protagonista dentro de la gastronom\u00eda en una edici\u00f3n emocionante","link":"https:\/\/eldigitaldeasturias.com\/magazine365\/enofusion-2016-posiciona-al-vino-como-protagonista-dentro-de-la-gastronomia-en-una-edicion-emocionante\/"}],"_links":{"self":[{"href":"https:\/\/eldigitaldeasturias.com\/magazine365\/wp-json\/wp\/v2\/posts\/62808","targetHints":{"allow":["GET"]}}],"collection":[{"href":"https:\/\/eldigitaldeasturias.com\/magazine365\/wp-json\/wp\/v2\/posts"}],"about":[{"href":"https:\/\/eldigitaldeasturias.com\/magazine365\/wp-json\/wp\/v2\/types\/post"}],"author":[{"embeddable":true,"href":"https:\/\/eldigitaldeasturias.com\/magazine365\/wp-json\/wp\/v2\/users\/1"}],"replies":[{"embeddable":true,"href":"https:\/\/eldigitaldeasturias.com\/magazine365\/wp-json\/wp\/v2\/comments?post=62808"}],"version-history":[{"count":0,"href":"https:\/\/eldigitaldeasturias.com\/magazine365\/wp-json\/wp\/v2\/posts\/62808\/revisions"}],"wp:featuredmedia":[{"embeddable":true,"href":"https:\/\/eldigitaldeasturias.com\/magazine365\/wp-json\/wp\/v2\/media\/62809"}],"wp:attachment":[{"href":"https:\/\/eldigitaldeasturias.com\/magazine365\/wp-json\/wp\/v2\/media?parent=62808"}],"wp:term":[{"taxonomy":"category","embeddable":true,"href":"https:\/\/eldigitaldeasturias.com\/magazine365\/wp-json\/wp\/v2\/categories?post=62808"},{"taxonomy":"post_tag","embeddable":true,"href":"https:\/\/eldigitaldeasturias.com\/magazine365\/wp-json\/wp\/v2\/tags?post=62808"}],"curies":[{"name":"wp","href":"https:\/\/api.w.org\/{rel}","templated":true}]}}