{"id":628,"date":"2014-01-10T09:24:58","date_gmt":"2014-01-10T10:24:58","guid":{"rendered":"http:\/\/eldigitaldeasturias.com\/magazine365\/?p=628"},"modified":"2014-01-10T09:24:58","modified_gmt":"2014-01-10T10:24:58","slug":"zoe-saldana-sera-protagonista-de-la-version-televisiva-de-rosemarys-baby","status":"publish","type":"post","link":"https:\/\/eldigitaldeasturias.com\/magazine365\/zoe-saldana-sera-protagonista-de-la-version-televisiva-de-rosemarys-baby\/","title":{"rendered":"Zoe Salda\u00f1a ser\u00e1 protagonista de la versi\u00f3n televisiva de \u00abRosemary&#8217;s Baby\u00bb"},"content":{"rendered":"<p><img fetchpriority=\"high\" decoding=\"async\" class=\"alignleft size-medium wp-image-629\" alt=\"5839599w\" src=\"https:\/\/eldigitaldeasturias.com\/magazine365\/wp-content\/uploads\/2014\/01\/5839599w-360x242.jpg\" width=\"360\" height=\"242\" \/>Los \u00c1ngeles (EE.UU.), 10 ene (EFE).- La actriz Zoe Salda\u00f1a ha sido la elegida por la cadena NBC para protagonizar la miniserie de cuatro horas \u00abRosemary&#8217;s Baby\u00bb, una adaptaci\u00f3n de la popular novela de suspense de Ira Levin de 1967 que ya cont\u00f3 con una versi\u00f3n cinematogr\u00e1fica a cargo de Roman Polanski.<\/p>\n<p>Salda\u00f1a, de 35 a\u00f1os, dar\u00e1 vida a una joven reci\u00e9n casada y embarazada que se traslada junto a su marido a un apartamento de Par\u00eds con un turbulento pasado.<\/p>\n<p>Lo que promet\u00eda ser un cuento de hadas se convierte r\u00e1pidamente en una pesadilla cuando la mujer descubre las verdaderas intenciones de su marido y los vecinos del edificio.<\/p>\n<p>\u00abZoe ha demostrado que es una de las actrices m\u00e1s talentosas del momento y creemos que tiene la combinaci\u00f3n perfecta de esp\u00edritu y solemnidad para encarnar a la protagonista de la novela de Ira Levin\u00bb, dijo en un comunicado Quinn Taylor, vicepresidente ejecutivo de la rama de entretenimiento de NBC.<\/p>\n<p>\u00abCon Zoe al frente de un reparto bajo la direcci\u00f3n de Agnieszka Holland, esta nueva adaptaci\u00f3n arranca con buen pie\u00bb, a\u00f1adi\u00f3.<\/p>\n<p>Scott Abbott y James Wong son los guionistas del proyecto, cuya producci\u00f3n comenzar\u00e1 en breve en Par\u00eds, un cambio de escenario respecto al largometraje de Polanski, que se desarrollaba en Nueva York al igual que la obra de Levin.<\/p>\n<p>Salda\u00f1a, estadounidense de padre dominicano y madre puertorrique\u00f1a, es conocida por su trabajo en pel\u00edculas como \u00abAvatar\u00bb y la renovada franquicia de \u00abStar Trek\u00bb, mientras que aparecer\u00e1 en el proyecto de Marvel \u00abGuardians of the Galaxy\u00bb.<\/p>\n<p>La cinta original que rod\u00f3 Polanski en 1968 estuvo protagonizada por Mia Farrow, John Cassavetes y Ruth Gordon, quien recibi\u00f3 el \u00d3scar a la mejor actriz de reparto por su papel.<\/p>\n","protected":false},"excerpt":{"rendered":"<p>Los \u00c1ngeles (EE.UU.), 10 ene (EFE).- La actriz Zoe Salda\u00f1a ha sido la elegida por la cadena NBC para protagonizar la miniserie de cuatro horas \u00abRosemary&#8217;s Baby\u00bb, una adaptaci\u00f3n de la popular novela de suspense de Ira Levin de 1967 que ya cont\u00f3 con una versi\u00f3n cinematogr\u00e1fica a cargo de Roman Polanski. Salda\u00f1a, de 35<\/p>\n","protected":false},"author":1,"featured_media":629,"comment_status":"open","ping_status":"open","sticky":false,"template":"","format":"standard","meta":{"footnotes":""},"categories":[224],"tags":[],"class_list":{"0":"post-628","1":"post","2":"type-post","3":"status-publish","4":"format-standard","5":"has-post-thumbnail","7":"category-noticias-actualidad"},"aioseo_notices":[],"aioseo_head":"\n\t\t<!-- All in One SEO Pro 4.9.6.1 - aioseo.com -->\n\t<meta name=\"description\" content=\"Los \u00c1ngeles (EE.UU.), 10 ene (EFE).- La actriz Zoe Salda\u00f1a ha sido la elegida por la cadena NBC para protagonizar la miniserie de cuatro horas &quot;Rosemary&#039;s Baby&quot;, una adaptaci\u00f3n de la popular novela de suspense de Ira Levin de 1967 que ya cont\u00f3 con una versi\u00f3n cinematogr\u00e1fica a cargo de Roman Polanski. Salda\u00f1a, de 35\" \/>\n\t<meta name=\"robots\" content=\"max-image-preview:large\" \/>\n\t<meta name=\"author\" content=\"admin\"\/>\n\t<meta name=\"google-site-verification\" content=\"UA-38556648-1\" \/>\n\t<meta name=\"keywords\" content=\"noticias y actualidad\" \/>\n\t<link rel=\"canonical\" href=\"https:\/\/eldigitaldeasturias.com\/magazine365\/zoe-saldana-sera-protagonista-de-la-version-televisiva-de-rosemarys-baby\/\" \/>\n\t<meta name=\"generator\" content=\"All in One SEO Pro (AIOSEO) 4.9.6.1\" \/>\n\t\t<meta property=\"og:locale\" content=\"es_ES\" \/>\n\t\t<meta property=\"og:site_name\" content=\"El Digital de Asturias \u2013 Revista de ocio, turismo y estilo de vida\" \/>\n\t\t<meta property=\"og:type\" content=\"article\" \/>\n\t\t<meta property=\"og:title\" content=\"Zoe Salda\u00f1a ser\u00e1 protagonista de la versi\u00f3n televisiva de \u00abRosemary\u2019s Baby\u00bb | El Digital de Asturias\" \/>\n\t\t<meta property=\"og:description\" content=\"Los \u00c1ngeles (EE.UU.), 10 ene (EFE).- La actriz Zoe Salda\u00f1a ha sido la elegida por la cadena NBC para protagonizar la miniserie de cuatro horas &quot;Rosemary&#039;s Baby&quot;, una adaptaci\u00f3n de la popular novela de suspense de Ira Levin de 1967 que ya cont\u00f3 con una versi\u00f3n cinematogr\u00e1fica a cargo de Roman Polanski. Salda\u00f1a, de 35\" \/>\n\t\t<meta property=\"og:url\" content=\"https:\/\/eldigitaldeasturias.com\/magazine365\/zoe-saldana-sera-protagonista-de-la-version-televisiva-de-rosemarys-baby\/\" \/>\n\t\t<meta property=\"og:image\" content=\"https:\/\/eldigitaldeasturias.com\/magazine365\/wp-content\/uploads\/2014\/01\/5839599w.jpg\" \/>\n\t\t<meta property=\"og:image:secure_url\" content=\"https:\/\/eldigitaldeasturias.com\/magazine365\/wp-content\/uploads\/2014\/01\/5839599w.jpg\" \/>\n\t\t<meta property=\"og:image:width\" content=\"800\" \/>\n\t\t<meta property=\"og:image:height\" content=\"539\" \/>\n\t\t<meta property=\"article:published_time\" content=\"2014-01-10T10:24:58+00:00\" \/>\n\t\t<meta property=\"article:modified_time\" content=\"2014-01-10T10:24:58+00:00\" \/>\n\t\t<meta name=\"twitter:card\" content=\"summary_large_image\" \/>\n\t\t<meta name=\"twitter:title\" content=\"Zoe Salda\u00f1a ser\u00e1 protagonista de la versi\u00f3n televisiva de \u00abRosemary\u2019s Baby\u00bb | El Digital de Asturias\" \/>\n\t\t<meta name=\"twitter:description\" content=\"Los \u00c1ngeles (EE.UU.), 10 ene (EFE).- La actriz Zoe Salda\u00f1a ha sido la elegida por la cadena NBC para protagonizar la miniserie de cuatro horas &quot;Rosemary&#039;s Baby&quot;, una adaptaci\u00f3n de la popular novela de suspense de Ira Levin de 1967 que ya cont\u00f3 con una versi\u00f3n cinematogr\u00e1fica a cargo de Roman Polanski. Salda\u00f1a, de 35\" \/>\n\t\t<meta name=\"twitter:image\" content=\"https:\/\/eldigitaldeasturias.com\/magazine365\/wp-content\/uploads\/2014\/01\/5839599w.jpg\" \/>\n\t\t<script type=\"application\/ld+json\" class=\"aioseo-schema\">\n\t\t\t{\"@context\":\"https:\\\/\\\/schema.org\",\"@graph\":[{\"@type\":\"Article\",\"@id\":\"https:\\\/\\\/eldigitaldeasturias.com\\\/magazine365\\\/zoe-saldana-sera-protagonista-de-la-version-televisiva-de-rosemarys-baby\\\/#article\",\"name\":\"Zoe Salda\\u00f1a ser\\u00e1 protagonista de la versi\\u00f3n televisiva de \\u00abRosemary\\u2019s Baby\\u00bb | El Digital de Asturias\",\"headline\":\"Zoe Salda\\u00f1a ser\\u00e1 protagonista de la versi\\u00f3n televisiva de \\u00abRosemary&#8217;s Baby\\u00bb\",\"author\":{\"@id\":\"https:\\\/\\\/eldigitaldeasturias.com\\\/magazine365\\\/author\\\/admin\\\/#author\"},\"publisher\":{\"@id\":\"https:\\\/\\\/eldigitaldeasturias.com\\\/magazine365\\\/#organization\"},\"image\":{\"@type\":\"ImageObject\",\"url\":\"https:\\\/\\\/eldigitaldeasturias.com\\\/magazine365\\\/wp-content\\\/uploads\\\/2014\\\/01\\\/5839599w.jpg\",\"width\":800,\"height\":539},\"datePublished\":\"2014-01-10T09:24:58+01:00\",\"dateModified\":\"2014-01-10T09:24:58+01:00\",\"inLanguage\":\"es-ES\",\"mainEntityOfPage\":{\"@id\":\"https:\\\/\\\/eldigitaldeasturias.com\\\/magazine365\\\/zoe-saldana-sera-protagonista-de-la-version-televisiva-de-rosemarys-baby\\\/#webpage\"},\"isPartOf\":{\"@id\":\"https:\\\/\\\/eldigitaldeasturias.com\\\/magazine365\\\/zoe-saldana-sera-protagonista-de-la-version-televisiva-de-rosemarys-baby\\\/#webpage\"},\"articleSection\":\"Noticias y Actualidad\"},{\"@type\":\"BreadcrumbList\",\"@id\":\"https:\\\/\\\/eldigitaldeasturias.com\\\/magazine365\\\/zoe-saldana-sera-protagonista-de-la-version-televisiva-de-rosemarys-baby\\\/#breadcrumblist\",\"itemListElement\":[{\"@type\":\"ListItem\",\"@id\":\"https:\\\/\\\/eldigitaldeasturias.com\\\/magazine365#listItem\",\"position\":1,\"name\":\"Home\",\"item\":\"https:\\\/\\\/eldigitaldeasturias.com\\\/magazine365\",\"nextItem\":{\"@type\":\"ListItem\",\"@id\":\"https:\\\/\\\/eldigitaldeasturias.com\\\/magazine365\\\/category\\\/noticias-actualidad\\\/#listItem\",\"name\":\"Noticias y Actualidad\"}},{\"@type\":\"ListItem\",\"@id\":\"https:\\\/\\\/eldigitaldeasturias.com\\\/magazine365\\\/category\\\/noticias-actualidad\\\/#listItem\",\"position\":2,\"name\":\"Noticias y Actualidad\",\"item\":\"https:\\\/\\\/eldigitaldeasturias.com\\\/magazine365\\\/category\\\/noticias-actualidad\\\/\",\"nextItem\":{\"@type\":\"ListItem\",\"@id\":\"https:\\\/\\\/eldigitaldeasturias.com\\\/magazine365\\\/zoe-saldana-sera-protagonista-de-la-version-televisiva-de-rosemarys-baby\\\/#listItem\",\"name\":\"Zoe Salda\\u00f1a ser\\u00e1 protagonista de la versi\\u00f3n televisiva de \\u00abRosemary&#8217;s Baby\\u00bb\"},\"previousItem\":{\"@type\":\"ListItem\",\"@id\":\"https:\\\/\\\/eldigitaldeasturias.com\\\/magazine365#listItem\",\"name\":\"Home\"}},{\"@type\":\"ListItem\",\"@id\":\"https:\\\/\\\/eldigitaldeasturias.com\\\/magazine365\\\/zoe-saldana-sera-protagonista-de-la-version-televisiva-de-rosemarys-baby\\\/#listItem\",\"position\":3,\"name\":\"Zoe Salda\\u00f1a ser\\u00e1 protagonista de la versi\\u00f3n televisiva de \\u00abRosemary&#8217;s Baby\\u00bb\",\"previousItem\":{\"@type\":\"ListItem\",\"@id\":\"https:\\\/\\\/eldigitaldeasturias.com\\\/magazine365\\\/category\\\/noticias-actualidad\\\/#listItem\",\"name\":\"Noticias y Actualidad\"}}]},{\"@type\":\"Organization\",\"@id\":\"https:\\\/\\\/eldigitaldeasturias.com\\\/magazine365\\\/#organization\",\"name\":\"El digital de Asturias\",\"description\":\"Revista de ocio, turismo y estilo de vida\",\"url\":\"https:\\\/\\\/eldigitaldeasturias.com\\\/magazine365\\\/\",\"logo\":{\"@type\":\"ImageObject\",\"url\":\"https:\\\/\\\/www.eldigitaldeasturias.com\\\/noticias\\\/wp-content\\\/uploads\\\/2020\\\/12\\\/EDA.jpg\",\"@id\":\"https:\\\/\\\/eldigitaldeasturias.com\\\/magazine365\\\/zoe-saldana-sera-protagonista-de-la-version-televisiva-de-rosemarys-baby\\\/#organizationLogo\"},\"image\":{\"@id\":\"https:\\\/\\\/eldigitaldeasturias.com\\\/magazine365\\\/zoe-saldana-sera-protagonista-de-la-version-televisiva-de-rosemarys-baby\\\/#organizationLogo\"}},{\"@type\":\"Person\",\"@id\":\"https:\\\/\\\/eldigitaldeasturias.com\\\/magazine365\\\/author\\\/admin\\\/#author\",\"url\":\"https:\\\/\\\/eldigitaldeasturias.com\\\/magazine365\\\/author\\\/admin\\\/\",\"name\":\"admin\",\"image\":{\"@type\":\"ImageObject\",\"@id\":\"https:\\\/\\\/eldigitaldeasturias.com\\\/magazine365\\\/zoe-saldana-sera-protagonista-de-la-version-televisiva-de-rosemarys-baby\\\/#authorImage\",\"url\":\"https:\\\/\\\/eldigitaldeasturias.com\\\/magazine365\\\/wp-content\\\/litespeed\\\/avatar\\\/e571bcf59a0edd6fa6838245a470f2fe.jpg?ver=1776969259\",\"width\":96,\"height\":96,\"caption\":\"admin\"}},{\"@type\":\"WebPage\",\"@id\":\"https:\\\/\\\/eldigitaldeasturias.com\\\/magazine365\\\/zoe-saldana-sera-protagonista-de-la-version-televisiva-de-rosemarys-baby\\\/#webpage\",\"url\":\"https:\\\/\\\/eldigitaldeasturias.com\\\/magazine365\\\/zoe-saldana-sera-protagonista-de-la-version-televisiva-de-rosemarys-baby\\\/\",\"name\":\"Zoe Salda\\u00f1a ser\\u00e1 protagonista de la versi\\u00f3n televisiva de \\u00abRosemary\\u2019s Baby\\u00bb | El Digital de Asturias\",\"description\":\"Los \\u00c1ngeles (EE.UU.), 10 ene (EFE).- La actriz Zoe Salda\\u00f1a ha sido la elegida por la cadena NBC para protagonizar la miniserie de cuatro horas \\\"Rosemary's Baby\\\", una adaptaci\\u00f3n de la popular novela de suspense de Ira Levin de 1967 que ya cont\\u00f3 con una versi\\u00f3n cinematogr\\u00e1fica a cargo de Roman Polanski. Salda\\u00f1a, de 35\",\"inLanguage\":\"es-ES\",\"isPartOf\":{\"@id\":\"https:\\\/\\\/eldigitaldeasturias.com\\\/magazine365\\\/#website\"},\"breadcrumb\":{\"@id\":\"https:\\\/\\\/eldigitaldeasturias.com\\\/magazine365\\\/zoe-saldana-sera-protagonista-de-la-version-televisiva-de-rosemarys-baby\\\/#breadcrumblist\"},\"author\":{\"@id\":\"https:\\\/\\\/eldigitaldeasturias.com\\\/magazine365\\\/author\\\/admin\\\/#author\"},\"creator\":{\"@id\":\"https:\\\/\\\/eldigitaldeasturias.com\\\/magazine365\\\/author\\\/admin\\\/#author\"},\"image\":{\"@type\":\"ImageObject\",\"url\":\"https:\\\/\\\/eldigitaldeasturias.com\\\/magazine365\\\/wp-content\\\/uploads\\\/2014\\\/01\\\/5839599w.jpg\",\"@id\":\"https:\\\/\\\/eldigitaldeasturias.com\\\/magazine365\\\/zoe-saldana-sera-protagonista-de-la-version-televisiva-de-rosemarys-baby\\\/#mainImage\",\"width\":800,\"height\":539},\"primaryImageOfPage\":{\"@id\":\"https:\\\/\\\/eldigitaldeasturias.com\\\/magazine365\\\/zoe-saldana-sera-protagonista-de-la-version-televisiva-de-rosemarys-baby\\\/#mainImage\"},\"datePublished\":\"2014-01-10T09:24:58+01:00\",\"dateModified\":\"2014-01-10T09:24:58+01:00\"},{\"@type\":\"WebSite\",\"@id\":\"https:\\\/\\\/eldigitaldeasturias.com\\\/magazine365\\\/#website\",\"url\":\"https:\\\/\\\/eldigitaldeasturias.com\\\/magazine365\\\/\",\"name\":\"El Digital de Asturias\",\"description\":\"Revista de ocio, turismo y estilo de vida\",\"inLanguage\":\"es-ES\",\"publisher\":{\"@id\":\"https:\\\/\\\/eldigitaldeasturias.com\\\/magazine365\\\/#organization\"}}]}\n\t\t<\/script>\n\t\t<!-- All in One SEO Pro -->\r\n\t\t<title>Zoe Salda\u00f1a ser\u00e1 protagonista de la versi\u00f3n televisiva de \u00abRosemary\u2019s Baby\u00bb | El Digital de Asturias<\/title>\n\n","aioseo_head_json":{"title":"Zoe Salda\u00f1a ser\u00e1 protagonista de la versi\u00f3n televisiva de \u00abRosemary\u2019s Baby\u00bb | El Digital de Asturias","description":"Los \u00c1ngeles (EE.UU.), 10 ene (EFE).- La actriz Zoe Salda\u00f1a ha sido la elegida por la cadena NBC para protagonizar la miniserie de cuatro horas \"Rosemary's Baby\", una adaptaci\u00f3n de la popular novela de suspense de Ira Levin de 1967 que ya cont\u00f3 con una versi\u00f3n cinematogr\u00e1fica a cargo de Roman Polanski. Salda\u00f1a, de 35","canonical_url":"https:\/\/eldigitaldeasturias.com\/magazine365\/zoe-saldana-sera-protagonista-de-la-version-televisiva-de-rosemarys-baby\/","robots":"max-image-preview:large","keywords":"noticias y actualidad","webmasterTools":{"google-site-verification":"UA-38556648-1","miscellaneous":""},"schema":{"@context":"https:\/\/schema.org","@graph":[{"@type":"Article","@id":"https:\/\/eldigitaldeasturias.com\/magazine365\/zoe-saldana-sera-protagonista-de-la-version-televisiva-de-rosemarys-baby\/#article","name":"Zoe Salda\u00f1a ser\u00e1 protagonista de la versi\u00f3n televisiva de \u00abRosemary\u2019s Baby\u00bb | El Digital de Asturias","headline":"Zoe Salda\u00f1a ser\u00e1 protagonista de la versi\u00f3n televisiva de \u00abRosemary&#8217;s Baby\u00bb","author":{"@id":"https:\/\/eldigitaldeasturias.com\/magazine365\/author\/admin\/#author"},"publisher":{"@id":"https:\/\/eldigitaldeasturias.com\/magazine365\/#organization"},"image":{"@type":"ImageObject","url":"https:\/\/eldigitaldeasturias.com\/magazine365\/wp-content\/uploads\/2014\/01\/5839599w.jpg","width":800,"height":539},"datePublished":"2014-01-10T09:24:58+01:00","dateModified":"2014-01-10T09:24:58+01:00","inLanguage":"es-ES","mainEntityOfPage":{"@id":"https:\/\/eldigitaldeasturias.com\/magazine365\/zoe-saldana-sera-protagonista-de-la-version-televisiva-de-rosemarys-baby\/#webpage"},"isPartOf":{"@id":"https:\/\/eldigitaldeasturias.com\/magazine365\/zoe-saldana-sera-protagonista-de-la-version-televisiva-de-rosemarys-baby\/#webpage"},"articleSection":"Noticias y Actualidad"},{"@type":"BreadcrumbList","@id":"https:\/\/eldigitaldeasturias.com\/magazine365\/zoe-saldana-sera-protagonista-de-la-version-televisiva-de-rosemarys-baby\/#breadcrumblist","itemListElement":[{"@type":"ListItem","@id":"https:\/\/eldigitaldeasturias.com\/magazine365#listItem","position":1,"name":"Home","item":"https:\/\/eldigitaldeasturias.com\/magazine365","nextItem":{"@type":"ListItem","@id":"https:\/\/eldigitaldeasturias.com\/magazine365\/category\/noticias-actualidad\/#listItem","name":"Noticias y Actualidad"}},{"@type":"ListItem","@id":"https:\/\/eldigitaldeasturias.com\/magazine365\/category\/noticias-actualidad\/#listItem","position":2,"name":"Noticias y Actualidad","item":"https:\/\/eldigitaldeasturias.com\/magazine365\/category\/noticias-actualidad\/","nextItem":{"@type":"ListItem","@id":"https:\/\/eldigitaldeasturias.com\/magazine365\/zoe-saldana-sera-protagonista-de-la-version-televisiva-de-rosemarys-baby\/#listItem","name":"Zoe Salda\u00f1a ser\u00e1 protagonista de la versi\u00f3n televisiva de \u00abRosemary&#8217;s Baby\u00bb"},"previousItem":{"@type":"ListItem","@id":"https:\/\/eldigitaldeasturias.com\/magazine365#listItem","name":"Home"}},{"@type":"ListItem","@id":"https:\/\/eldigitaldeasturias.com\/magazine365\/zoe-saldana-sera-protagonista-de-la-version-televisiva-de-rosemarys-baby\/#listItem","position":3,"name":"Zoe Salda\u00f1a ser\u00e1 protagonista de la versi\u00f3n televisiva de \u00abRosemary&#8217;s Baby\u00bb","previousItem":{"@type":"ListItem","@id":"https:\/\/eldigitaldeasturias.com\/magazine365\/category\/noticias-actualidad\/#listItem","name":"Noticias y Actualidad"}}]},{"@type":"Organization","@id":"https:\/\/eldigitaldeasturias.com\/magazine365\/#organization","name":"El digital de Asturias","description":"Revista de ocio, turismo y estilo de vida","url":"https:\/\/eldigitaldeasturias.com\/magazine365\/","logo":{"@type":"ImageObject","url":"https:\/\/www.eldigitaldeasturias.com\/noticias\/wp-content\/uploads\/2020\/12\/EDA.jpg","@id":"https:\/\/eldigitaldeasturias.com\/magazine365\/zoe-saldana-sera-protagonista-de-la-version-televisiva-de-rosemarys-baby\/#organizationLogo"},"image":{"@id":"https:\/\/eldigitaldeasturias.com\/magazine365\/zoe-saldana-sera-protagonista-de-la-version-televisiva-de-rosemarys-baby\/#organizationLogo"}},{"@type":"Person","@id":"https:\/\/eldigitaldeasturias.com\/magazine365\/author\/admin\/#author","url":"https:\/\/eldigitaldeasturias.com\/magazine365\/author\/admin\/","name":"admin","image":{"@type":"ImageObject","@id":"https:\/\/eldigitaldeasturias.com\/magazine365\/zoe-saldana-sera-protagonista-de-la-version-televisiva-de-rosemarys-baby\/#authorImage","url":"https:\/\/eldigitaldeasturias.com\/magazine365\/wp-content\/litespeed\/avatar\/e571bcf59a0edd6fa6838245a470f2fe.jpg?ver=1776969259","width":96,"height":96,"caption":"admin"}},{"@type":"WebPage","@id":"https:\/\/eldigitaldeasturias.com\/magazine365\/zoe-saldana-sera-protagonista-de-la-version-televisiva-de-rosemarys-baby\/#webpage","url":"https:\/\/eldigitaldeasturias.com\/magazine365\/zoe-saldana-sera-protagonista-de-la-version-televisiva-de-rosemarys-baby\/","name":"Zoe Salda\u00f1a ser\u00e1 protagonista de la versi\u00f3n televisiva de \u00abRosemary\u2019s Baby\u00bb | El Digital de Asturias","description":"Los \u00c1ngeles (EE.UU.), 10 ene (EFE).- La actriz Zoe Salda\u00f1a ha sido la elegida por la cadena NBC para protagonizar la miniserie de cuatro horas \"Rosemary's Baby\", una adaptaci\u00f3n de la popular novela de suspense de Ira Levin de 1967 que ya cont\u00f3 con una versi\u00f3n cinematogr\u00e1fica a cargo de Roman Polanski. Salda\u00f1a, de 35","inLanguage":"es-ES","isPartOf":{"@id":"https:\/\/eldigitaldeasturias.com\/magazine365\/#website"},"breadcrumb":{"@id":"https:\/\/eldigitaldeasturias.com\/magazine365\/zoe-saldana-sera-protagonista-de-la-version-televisiva-de-rosemarys-baby\/#breadcrumblist"},"author":{"@id":"https:\/\/eldigitaldeasturias.com\/magazine365\/author\/admin\/#author"},"creator":{"@id":"https:\/\/eldigitaldeasturias.com\/magazine365\/author\/admin\/#author"},"image":{"@type":"ImageObject","url":"https:\/\/eldigitaldeasturias.com\/magazine365\/wp-content\/uploads\/2014\/01\/5839599w.jpg","@id":"https:\/\/eldigitaldeasturias.com\/magazine365\/zoe-saldana-sera-protagonista-de-la-version-televisiva-de-rosemarys-baby\/#mainImage","width":800,"height":539},"primaryImageOfPage":{"@id":"https:\/\/eldigitaldeasturias.com\/magazine365\/zoe-saldana-sera-protagonista-de-la-version-televisiva-de-rosemarys-baby\/#mainImage"},"datePublished":"2014-01-10T09:24:58+01:00","dateModified":"2014-01-10T09:24:58+01:00"},{"@type":"WebSite","@id":"https:\/\/eldigitaldeasturias.com\/magazine365\/#website","url":"https:\/\/eldigitaldeasturias.com\/magazine365\/","name":"El Digital de Asturias","description":"Revista de ocio, turismo y estilo de vida","inLanguage":"es-ES","publisher":{"@id":"https:\/\/eldigitaldeasturias.com\/magazine365\/#organization"}}]},"og:locale":"es_ES","og:site_name":"El Digital de Asturias \u2013 Revista de ocio, turismo y estilo de vida","og:type":"article","og:title":"Zoe Salda\u00f1a ser\u00e1 protagonista de la versi\u00f3n televisiva de \u00abRosemary\u2019s Baby\u00bb | El Digital de Asturias","og:description":"Los \u00c1ngeles (EE.UU.), 10 ene (EFE).- La actriz Zoe Salda\u00f1a ha sido la elegida por la cadena NBC para protagonizar la miniserie de cuatro horas &quot;Rosemary's Baby&quot;, una adaptaci\u00f3n de la popular novela de suspense de Ira Levin de 1967 que ya cont\u00f3 con una versi\u00f3n cinematogr\u00e1fica a cargo de Roman Polanski. Salda\u00f1a, de 35","og:url":"https:\/\/eldigitaldeasturias.com\/magazine365\/zoe-saldana-sera-protagonista-de-la-version-televisiva-de-rosemarys-baby\/","og:image":"https:\/\/eldigitaldeasturias.com\/magazine365\/wp-content\/uploads\/2014\/01\/5839599w.jpg","og:image:secure_url":"https:\/\/eldigitaldeasturias.com\/magazine365\/wp-content\/uploads\/2014\/01\/5839599w.jpg","og:image:width":800,"og:image:height":539,"article:published_time":"2014-01-10T10:24:58+00:00","article:modified_time":"2014-01-10T10:24:58+00:00","twitter:card":"summary_large_image","twitter:title":"Zoe Salda\u00f1a ser\u00e1 protagonista de la versi\u00f3n televisiva de \u00abRosemary\u2019s Baby\u00bb | El Digital de Asturias","twitter:description":"Los \u00c1ngeles (EE.UU.), 10 ene (EFE).- La actriz Zoe Salda\u00f1a ha sido la elegida por la cadena NBC para protagonizar la miniserie de cuatro horas &quot;Rosemary's Baby&quot;, una adaptaci\u00f3n de la popular novela de suspense de Ira Levin de 1967 que ya cont\u00f3 con una versi\u00f3n cinematogr\u00e1fica a cargo de Roman Polanski. Salda\u00f1a, de 35","twitter:image":"https:\/\/eldigitaldeasturias.com\/magazine365\/wp-content\/uploads\/2014\/01\/5839599w.jpg"},"aioseo_meta_data":{"post_id":"628","title":null,"description":null,"keywords":null,"keyphrases":null,"primary_term":null,"canonical_url":null,"og_title":null,"og_description":null,"og_object_type":"default","og_image_type":"default","og_image_url":null,"og_image_width":null,"og_image_height":null,"og_image_custom_url":null,"og_image_custom_fields":null,"og_video":null,"og_custom_url":null,"og_article_section":null,"og_article_tags":null,"twitter_use_og":false,"twitter_card":"default","twitter_image_type":"default","twitter_image_url":null,"twitter_image_custom_url":null,"twitter_image_custom_fields":null,"twitter_title":null,"twitter_description":null,"schema":{"blockGraphs":[],"customGraphs":[],"default":{"data":{"Article":[],"Course":[],"Dataset":[],"FAQPage":[],"Movie":[],"Person":[],"Product":[],"ProductReview":[],"Car":[],"Recipe":[],"Service":[],"SoftwareApplication":[],"WebPage":[]},"graphName":"","isEnabled":true},"graphs":[],"defaultGraph":"","defaultPostTypeGraph":""},"schema_type":null,"schema_type_options":null,"pillar_content":false,"robots_default":true,"robots_noindex":false,"robots_noarchive":false,"robots_nosnippet":false,"robots_nofollow":false,"robots_noimageindex":false,"robots_noodp":false,"robots_notranslate":false,"robots_max_snippet":null,"robots_max_videopreview":null,"robots_max_imagepreview":"large","priority":null,"frequency":null,"location":null,"local_seo":null,"seo_analyzer_scan_date":"2025-09-16 07:53:04","breadcrumb_settings":null,"limit_modified_date":false,"open_ai":null,"ai":null,"created":"2020-12-21 13:33:32","updated":"2025-09-16 07:53:04"},"aioseo_breadcrumb":"<div class=\"aioseo-breadcrumbs\"><span class=\"aioseo-breadcrumb\">\n\t<a href=\"https:\/\/eldigitaldeasturias.com\/magazine365\" title=\"Home\">Home<\/a>\n<\/span><span class=\"aioseo-breadcrumb-separator\">\u2013<\/span><span class=\"aioseo-breadcrumb\">\n\t<a href=\"https:\/\/eldigitaldeasturias.com\/magazine365\/category\/noticias-actualidad\/\" title=\"Noticias y Actualidad\">Noticias y Actualidad<\/a>\n<\/span><span class=\"aioseo-breadcrumb-separator\">\u2013<\/span><span class=\"aioseo-breadcrumb\">\n\t<a href=\"https:\/\/eldigitaldeasturias.com\/magazine365\/zoe-saldana-sera-protagonista-de-la-version-televisiva-de-rosemarys-baby\/\" title=\"Zoe Salda\u00f1a ser\u00e1 protagonista de la versi\u00f3n televisiva de \u00abRosemary\u2019s Baby\u00bb\">Zoe Salda\u00f1a ser\u00e1 protagonista de la versi\u00f3n televisiva de \u00abRosemary\u2019s Baby\u00bb<\/a>\n<\/span><\/div>","aioseo_breadcrumb_json":[{"label":"Home","link":"https:\/\/eldigitaldeasturias.com\/magazine365"},{"label":"Noticias y Actualidad","link":"https:\/\/eldigitaldeasturias.com\/magazine365\/category\/noticias-actualidad\/"},{"label":"Zoe Salda\u00f1a ser\u00e1 protagonista de la versi\u00f3n televisiva de \u00abRosemary&#8217;s Baby\u00bb","link":"https:\/\/eldigitaldeasturias.com\/magazine365\/zoe-saldana-sera-protagonista-de-la-version-televisiva-de-rosemarys-baby\/"}],"_links":{"self":[{"href":"https:\/\/eldigitaldeasturias.com\/magazine365\/wp-json\/wp\/v2\/posts\/628","targetHints":{"allow":["GET"]}}],"collection":[{"href":"https:\/\/eldigitaldeasturias.com\/magazine365\/wp-json\/wp\/v2\/posts"}],"about":[{"href":"https:\/\/eldigitaldeasturias.com\/magazine365\/wp-json\/wp\/v2\/types\/post"}],"author":[{"embeddable":true,"href":"https:\/\/eldigitaldeasturias.com\/magazine365\/wp-json\/wp\/v2\/users\/1"}],"replies":[{"embeddable":true,"href":"https:\/\/eldigitaldeasturias.com\/magazine365\/wp-json\/wp\/v2\/comments?post=628"}],"version-history":[{"count":0,"href":"https:\/\/eldigitaldeasturias.com\/magazine365\/wp-json\/wp\/v2\/posts\/628\/revisions"}],"wp:featuredmedia":[{"embeddable":true,"href":"https:\/\/eldigitaldeasturias.com\/magazine365\/wp-json\/wp\/v2\/media\/629"}],"wp:attachment":[{"href":"https:\/\/eldigitaldeasturias.com\/magazine365\/wp-json\/wp\/v2\/media?parent=628"}],"wp:term":[{"taxonomy":"category","embeddable":true,"href":"https:\/\/eldigitaldeasturias.com\/magazine365\/wp-json\/wp\/v2\/categories?post=628"},{"taxonomy":"post_tag","embeddable":true,"href":"https:\/\/eldigitaldeasturias.com\/magazine365\/wp-json\/wp\/v2\/tags?post=628"}],"curies":[{"name":"wp","href":"https:\/\/api.w.org\/{rel}","templated":true}]}}