{"id":62784,"date":"2016-02-02T22:47:09","date_gmt":"2016-02-02T21:47:09","guid":{"rendered":"http:\/\/eldigitaldeasturias.com\/magazine365\/?p=62784"},"modified":"2016-02-02T22:47:09","modified_gmt":"2016-02-02T21:47:09","slug":"iberia-patrocinara-al-equipo-paralimpico-en-los-juegos-de-rio-de-janeiro","status":"publish","type":"post","link":"https:\/\/eldigitaldeasturias.com\/magazine365\/iberia-patrocinara-al-equipo-paralimpico-en-los-juegos-de-rio-de-janeiro\/","title":{"rendered":"Iberia patrocinar\u00e1 al Equipo Paral\u00edmpico en los juegos de R\u00edo de Janeiro"},"content":{"rendered":"<p><img fetchpriority=\"high\" decoding=\"async\" class=\"alignleft size-medium wp-image-62785\" src=\"https:\/\/eldigitaldeasturias.com\/magazine365\/wp-content\/uploads\/2016\/02\/fotonoticia_20160129164917_800-348x300.jpg\" alt=\"fotonoticia_20160129164917_800\" width=\"348\" height=\"300\" srcset=\"https:\/\/eldigitaldeasturias.com\/magazine365\/wp-content\/uploads\/2016\/02\/fotonoticia_20160129164917_800-348x300.jpg 348w, https:\/\/eldigitaldeasturias.com\/magazine365\/wp-content\/uploads\/2016\/02\/fotonoticia_20160129164917_800-650x561.jpg 650w, https:\/\/eldigitaldeasturias.com\/magazine365\/wp-content\/uploads\/2016\/02\/fotonoticia_20160129164917_800-768x662.jpg 768w, https:\/\/eldigitaldeasturias.com\/magazine365\/wp-content\/uploads\/2016\/02\/fotonoticia_20160129164917_800-150x129.jpg 150w, https:\/\/eldigitaldeasturias.com\/magazine365\/wp-content\/uploads\/2016\/02\/fotonoticia_20160129164917_800-450x388.jpg 450w, https:\/\/eldigitaldeasturias.com\/magazine365\/wp-content\/uploads\/2016\/02\/fotonoticia_20160129164917_800-534x462.jpg 534w, https:\/\/eldigitaldeasturias.com\/magazine365\/wp-content\/uploads\/2016\/02\/fotonoticia_20160129164917_800-696x600.jpg 696w, https:\/\/eldigitaldeasturias.com\/magazine365\/wp-content\/uploads\/2016\/02\/fotonoticia_20160129164917_800-487x420.jpg 487w, https:\/\/eldigitaldeasturias.com\/magazine365\/wp-content\/uploads\/2016\/02\/fotonoticia_20160129164917_800-140x120.jpg 140w, https:\/\/eldigitaldeasturias.com\/magazine365\/wp-content\/uploads\/2016\/02\/fotonoticia_20160129164917_800.jpg 800w\" sizes=\"(max-width: 348px) 100vw, 348px\" \/>Iberia y el Comit\u00e9 Paral\u00edmpico Espa\u00f1ol (CPE) firmaron este viernes en Madrid el acuerdo por el que la compa\u00f1\u00eda a\u00e9rea se convierte en nuevo patrocinador del Equipo Paral\u00edmpico Espa\u00f1ol para los Juegos de R\u00edo de Janeiro 2016.<\/p>\n<p>El presidente de Iberia, Luis Gallego, y el presidente del Comit\u00e9 Paral\u00edmpico Espa\u00f1ol, Miguel Carballeda, estamparon su firma en el acuerdo por el que la entidad se incorpora al Plan ADO Paral\u00edmpico (ADOP) y apoya econ\u00f3micamente a lo deportistas que acudan a la cita paral\u00edmpica del pr\u00f3ximo verano.<\/p>\n<p>El acuerdo se rubric\u00f3 en presencia de un destacado grupo de deportistas que quisieron agradecer el apoyo de la compa\u00f1\u00eda a\u00e9rea como los Alberto Su\u00e1rez, Abderrahman Ait y Gerard Descarrega, y el jugador de tenis de mesa Bilal El Baqqali.<\/p>\n<p>La compa\u00f1\u00eda se une as\u00ed al grupo de patrocinadores privados del Plan ADOP, junto a Decathlon, Iberdrola, Santaluc\u00eda, Telef\u00f3nica, AXA, Cofidis, ElPozo, Liberty Seguros, Loter\u00edas y Apuestas del Estado, El Corte Ingl\u00e9s, Ford, Gadis, Ilunion, Luanvi, Norauto, Calidad Pascual, Pers\u00e1n, Sanitas, Renfe, Unidental, Fundaci\u00f3n ACS, Grupo Siro y RTVE.<\/p>\n","protected":false},"excerpt":{"rendered":"<p>Iberia y el Comit\u00e9 Paral\u00edmpico Espa\u00f1ol (CPE) firmaron este viernes en Madrid el acuerdo por el que la compa\u00f1\u00eda a\u00e9rea se convierte en nuevo patrocinador del Equipo Paral\u00edmpico Espa\u00f1ol para los Juegos de R\u00edo de Janeiro 2016. El presidente de Iberia, Luis Gallego, y el presidente del Comit\u00e9 Paral\u00edmpico Espa\u00f1ol, Miguel Carballeda, estamparon su firma<\/p>\n","protected":false},"author":1,"featured_media":62785,"comment_status":"open","ping_status":"closed","sticky":false,"template":"","format":"standard","meta":{"footnotes":""},"categories":[224],"tags":[],"class_list":{"0":"post-62784","1":"post","2":"type-post","3":"status-publish","4":"format-standard","5":"has-post-thumbnail","7":"category-noticias-actualidad"},"aioseo_notices":[],"aioseo_head":"\n\t\t<!-- All in One SEO Pro 4.9.6.1 - aioseo.com -->\n\t<meta name=\"description\" content=\"Iberia y el Comit\u00e9 Paral\u00edmpico Espa\u00f1ol (CPE) firmaron este viernes en Madrid el acuerdo por el que la compa\u00f1\u00eda a\u00e9rea se convierte en nuevo patrocinador del Equipo Paral\u00edmpico Espa\u00f1ol para los Juegos de R\u00edo de Janeiro 2016. El presidente de Iberia, Luis Gallego, y el presidente del Comit\u00e9 Paral\u00edmpico Espa\u00f1ol, Miguel Carballeda, estamparon su firma\" \/>\n\t<meta name=\"robots\" content=\"max-image-preview:large\" \/>\n\t<meta name=\"author\" content=\"admin\"\/>\n\t<meta name=\"google-site-verification\" content=\"UA-38556648-1\" \/>\n\t<meta name=\"keywords\" content=\"noticias y actualidad\" \/>\n\t<link rel=\"canonical\" href=\"https:\/\/eldigitaldeasturias.com\/magazine365\/iberia-patrocinara-al-equipo-paralimpico-en-los-juegos-de-rio-de-janeiro\/\" \/>\n\t<meta name=\"generator\" content=\"All in One SEO Pro (AIOSEO) 4.9.6.1\" \/>\n\t\t<meta property=\"og:locale\" content=\"es_ES\" \/>\n\t\t<meta property=\"og:site_name\" content=\"El Digital de Asturias \u2013 Revista de ocio, turismo y estilo de vida\" \/>\n\t\t<meta property=\"og:type\" content=\"article\" \/>\n\t\t<meta property=\"og:title\" content=\"Iberia patrocinar\u00e1 al Equipo Paral\u00edmpico en los juegos de R\u00edo de Janeiro | El Digital de Asturias\" \/>\n\t\t<meta property=\"og:description\" content=\"Iberia y el Comit\u00e9 Paral\u00edmpico Espa\u00f1ol (CPE) firmaron este viernes en Madrid el acuerdo por el que la compa\u00f1\u00eda a\u00e9rea se convierte en nuevo patrocinador del Equipo Paral\u00edmpico Espa\u00f1ol para los Juegos de R\u00edo de Janeiro 2016. El presidente de Iberia, Luis Gallego, y el presidente del Comit\u00e9 Paral\u00edmpico Espa\u00f1ol, Miguel Carballeda, estamparon su firma\" \/>\n\t\t<meta property=\"og:url\" content=\"https:\/\/eldigitaldeasturias.com\/magazine365\/iberia-patrocinara-al-equipo-paralimpico-en-los-juegos-de-rio-de-janeiro\/\" \/>\n\t\t<meta property=\"og:image\" content=\"https:\/\/eldigitaldeasturias.com\/magazine365\/wp-content\/uploads\/2016\/02\/fotonoticia_20160129164917_800.jpg\" \/>\n\t\t<meta property=\"og:image:secure_url\" content=\"https:\/\/eldigitaldeasturias.com\/magazine365\/wp-content\/uploads\/2016\/02\/fotonoticia_20160129164917_800.jpg\" \/>\n\t\t<meta property=\"og:image:width\" content=\"800\" \/>\n\t\t<meta property=\"og:image:height\" content=\"690\" \/>\n\t\t<meta property=\"article:published_time\" content=\"2016-02-02T21:47:09+00:00\" \/>\n\t\t<meta property=\"article:modified_time\" content=\"2016-02-02T21:47:09+00:00\" \/>\n\t\t<meta name=\"twitter:card\" content=\"summary_large_image\" \/>\n\t\t<meta name=\"twitter:title\" content=\"Iberia patrocinar\u00e1 al Equipo Paral\u00edmpico en los juegos de R\u00edo de Janeiro | El Digital de Asturias\" \/>\n\t\t<meta name=\"twitter:description\" content=\"Iberia y el Comit\u00e9 Paral\u00edmpico Espa\u00f1ol (CPE) firmaron este viernes en Madrid el acuerdo por el que la compa\u00f1\u00eda a\u00e9rea se convierte en nuevo patrocinador del Equipo Paral\u00edmpico Espa\u00f1ol para los Juegos de R\u00edo de Janeiro 2016. El presidente de Iberia, Luis Gallego, y el presidente del Comit\u00e9 Paral\u00edmpico Espa\u00f1ol, Miguel Carballeda, estamparon su firma\" \/>\n\t\t<meta name=\"twitter:image\" content=\"https:\/\/eldigitaldeasturias.com\/magazine365\/wp-content\/uploads\/2016\/02\/fotonoticia_20160129164917_800.jpg\" \/>\n\t\t<script type=\"application\/ld+json\" class=\"aioseo-schema\">\n\t\t\t{\"@context\":\"https:\\\/\\\/schema.org\",\"@graph\":[{\"@type\":\"Article\",\"@id\":\"https:\\\/\\\/eldigitaldeasturias.com\\\/magazine365\\\/iberia-patrocinara-al-equipo-paralimpico-en-los-juegos-de-rio-de-janeiro\\\/#article\",\"name\":\"Iberia patrocinar\\u00e1 al Equipo Paral\\u00edmpico en los juegos de R\\u00edo de Janeiro | El Digital de Asturias\",\"headline\":\"Iberia patrocinar\\u00e1 al Equipo Paral\\u00edmpico en los juegos de R\\u00edo de Janeiro\",\"author\":{\"@id\":\"https:\\\/\\\/eldigitaldeasturias.com\\\/magazine365\\\/author\\\/admin\\\/#author\"},\"publisher\":{\"@id\":\"https:\\\/\\\/eldigitaldeasturias.com\\\/magazine365\\\/#organization\"},\"image\":{\"@type\":\"ImageObject\",\"url\":\"https:\\\/\\\/eldigitaldeasturias.com\\\/magazine365\\\/wp-content\\\/uploads\\\/2016\\\/02\\\/fotonoticia_20160129164917_800.jpg\",\"width\":800,\"height\":690},\"datePublished\":\"2016-02-02T22:47:09+01:00\",\"dateModified\":\"2016-02-02T22:47:09+01:00\",\"inLanguage\":\"es-ES\",\"mainEntityOfPage\":{\"@id\":\"https:\\\/\\\/eldigitaldeasturias.com\\\/magazine365\\\/iberia-patrocinara-al-equipo-paralimpico-en-los-juegos-de-rio-de-janeiro\\\/#webpage\"},\"isPartOf\":{\"@id\":\"https:\\\/\\\/eldigitaldeasturias.com\\\/magazine365\\\/iberia-patrocinara-al-equipo-paralimpico-en-los-juegos-de-rio-de-janeiro\\\/#webpage\"},\"articleSection\":\"Noticias y Actualidad\"},{\"@type\":\"BreadcrumbList\",\"@id\":\"https:\\\/\\\/eldigitaldeasturias.com\\\/magazine365\\\/iberia-patrocinara-al-equipo-paralimpico-en-los-juegos-de-rio-de-janeiro\\\/#breadcrumblist\",\"itemListElement\":[{\"@type\":\"ListItem\",\"@id\":\"https:\\\/\\\/eldigitaldeasturias.com\\\/magazine365#listItem\",\"position\":1,\"name\":\"Home\",\"item\":\"https:\\\/\\\/eldigitaldeasturias.com\\\/magazine365\",\"nextItem\":{\"@type\":\"ListItem\",\"@id\":\"https:\\\/\\\/eldigitaldeasturias.com\\\/magazine365\\\/category\\\/noticias-actualidad\\\/#listItem\",\"name\":\"Noticias y Actualidad\"}},{\"@type\":\"ListItem\",\"@id\":\"https:\\\/\\\/eldigitaldeasturias.com\\\/magazine365\\\/category\\\/noticias-actualidad\\\/#listItem\",\"position\":2,\"name\":\"Noticias y Actualidad\",\"item\":\"https:\\\/\\\/eldigitaldeasturias.com\\\/magazine365\\\/category\\\/noticias-actualidad\\\/\",\"nextItem\":{\"@type\":\"ListItem\",\"@id\":\"https:\\\/\\\/eldigitaldeasturias.com\\\/magazine365\\\/iberia-patrocinara-al-equipo-paralimpico-en-los-juegos-de-rio-de-janeiro\\\/#listItem\",\"name\":\"Iberia patrocinar\\u00e1 al Equipo Paral\\u00edmpico en los juegos de R\\u00edo de Janeiro\"},\"previousItem\":{\"@type\":\"ListItem\",\"@id\":\"https:\\\/\\\/eldigitaldeasturias.com\\\/magazine365#listItem\",\"name\":\"Home\"}},{\"@type\":\"ListItem\",\"@id\":\"https:\\\/\\\/eldigitaldeasturias.com\\\/magazine365\\\/iberia-patrocinara-al-equipo-paralimpico-en-los-juegos-de-rio-de-janeiro\\\/#listItem\",\"position\":3,\"name\":\"Iberia patrocinar\\u00e1 al Equipo Paral\\u00edmpico en los juegos de R\\u00edo de Janeiro\",\"previousItem\":{\"@type\":\"ListItem\",\"@id\":\"https:\\\/\\\/eldigitaldeasturias.com\\\/magazine365\\\/category\\\/noticias-actualidad\\\/#listItem\",\"name\":\"Noticias y Actualidad\"}}]},{\"@type\":\"Organization\",\"@id\":\"https:\\\/\\\/eldigitaldeasturias.com\\\/magazine365\\\/#organization\",\"name\":\"El digital de Asturias\",\"description\":\"Revista de ocio, turismo y estilo de vida\",\"url\":\"https:\\\/\\\/eldigitaldeasturias.com\\\/magazine365\\\/\",\"logo\":{\"@type\":\"ImageObject\",\"url\":\"https:\\\/\\\/www.eldigitaldeasturias.com\\\/noticias\\\/wp-content\\\/uploads\\\/2020\\\/12\\\/EDA.jpg\",\"@id\":\"https:\\\/\\\/eldigitaldeasturias.com\\\/magazine365\\\/iberia-patrocinara-al-equipo-paralimpico-en-los-juegos-de-rio-de-janeiro\\\/#organizationLogo\"},\"image\":{\"@id\":\"https:\\\/\\\/eldigitaldeasturias.com\\\/magazine365\\\/iberia-patrocinara-al-equipo-paralimpico-en-los-juegos-de-rio-de-janeiro\\\/#organizationLogo\"}},{\"@type\":\"Person\",\"@id\":\"https:\\\/\\\/eldigitaldeasturias.com\\\/magazine365\\\/author\\\/admin\\\/#author\",\"url\":\"https:\\\/\\\/eldigitaldeasturias.com\\\/magazine365\\\/author\\\/admin\\\/\",\"name\":\"admin\",\"image\":{\"@type\":\"ImageObject\",\"@id\":\"https:\\\/\\\/eldigitaldeasturias.com\\\/magazine365\\\/iberia-patrocinara-al-equipo-paralimpico-en-los-juegos-de-rio-de-janeiro\\\/#authorImage\",\"url\":\"https:\\\/\\\/eldigitaldeasturias.com\\\/magazine365\\\/wp-content\\\/litespeed\\\/avatar\\\/e571bcf59a0edd6fa6838245a470f2fe.jpg?ver=1776969259\",\"width\":96,\"height\":96,\"caption\":\"admin\"}},{\"@type\":\"WebPage\",\"@id\":\"https:\\\/\\\/eldigitaldeasturias.com\\\/magazine365\\\/iberia-patrocinara-al-equipo-paralimpico-en-los-juegos-de-rio-de-janeiro\\\/#webpage\",\"url\":\"https:\\\/\\\/eldigitaldeasturias.com\\\/magazine365\\\/iberia-patrocinara-al-equipo-paralimpico-en-los-juegos-de-rio-de-janeiro\\\/\",\"name\":\"Iberia patrocinar\\u00e1 al Equipo Paral\\u00edmpico en los juegos de R\\u00edo de Janeiro | El Digital de Asturias\",\"description\":\"Iberia y el Comit\\u00e9 Paral\\u00edmpico Espa\\u00f1ol (CPE) firmaron este viernes en Madrid el acuerdo por el que la compa\\u00f1\\u00eda a\\u00e9rea se convierte en nuevo patrocinador del Equipo Paral\\u00edmpico Espa\\u00f1ol para los Juegos de R\\u00edo de Janeiro 2016. El presidente de Iberia, Luis Gallego, y el presidente del Comit\\u00e9 Paral\\u00edmpico Espa\\u00f1ol, Miguel Carballeda, estamparon su firma\",\"inLanguage\":\"es-ES\",\"isPartOf\":{\"@id\":\"https:\\\/\\\/eldigitaldeasturias.com\\\/magazine365\\\/#website\"},\"breadcrumb\":{\"@id\":\"https:\\\/\\\/eldigitaldeasturias.com\\\/magazine365\\\/iberia-patrocinara-al-equipo-paralimpico-en-los-juegos-de-rio-de-janeiro\\\/#breadcrumblist\"},\"author\":{\"@id\":\"https:\\\/\\\/eldigitaldeasturias.com\\\/magazine365\\\/author\\\/admin\\\/#author\"},\"creator\":{\"@id\":\"https:\\\/\\\/eldigitaldeasturias.com\\\/magazine365\\\/author\\\/admin\\\/#author\"},\"image\":{\"@type\":\"ImageObject\",\"url\":\"https:\\\/\\\/eldigitaldeasturias.com\\\/magazine365\\\/wp-content\\\/uploads\\\/2016\\\/02\\\/fotonoticia_20160129164917_800.jpg\",\"@id\":\"https:\\\/\\\/eldigitaldeasturias.com\\\/magazine365\\\/iberia-patrocinara-al-equipo-paralimpico-en-los-juegos-de-rio-de-janeiro\\\/#mainImage\",\"width\":800,\"height\":690},\"primaryImageOfPage\":{\"@id\":\"https:\\\/\\\/eldigitaldeasturias.com\\\/magazine365\\\/iberia-patrocinara-al-equipo-paralimpico-en-los-juegos-de-rio-de-janeiro\\\/#mainImage\"},\"datePublished\":\"2016-02-02T22:47:09+01:00\",\"dateModified\":\"2016-02-02T22:47:09+01:00\"},{\"@type\":\"WebSite\",\"@id\":\"https:\\\/\\\/eldigitaldeasturias.com\\\/magazine365\\\/#website\",\"url\":\"https:\\\/\\\/eldigitaldeasturias.com\\\/magazine365\\\/\",\"name\":\"El Digital de Asturias\",\"description\":\"Revista de ocio, turismo y estilo de vida\",\"inLanguage\":\"es-ES\",\"publisher\":{\"@id\":\"https:\\\/\\\/eldigitaldeasturias.com\\\/magazine365\\\/#organization\"}}]}\n\t\t<\/script>\n\t\t<!-- All in One SEO Pro -->\r\n\t\t<title>Iberia patrocinar\u00e1 al Equipo Paral\u00edmpico en los juegos de R\u00edo de Janeiro | El Digital de Asturias<\/title>\n\n","aioseo_head_json":{"title":"Iberia patrocinar\u00e1 al Equipo Paral\u00edmpico en los juegos de R\u00edo de Janeiro | El Digital de Asturias","description":"Iberia y el Comit\u00e9 Paral\u00edmpico Espa\u00f1ol (CPE) firmaron este viernes en Madrid el acuerdo por el que la compa\u00f1\u00eda a\u00e9rea se convierte en nuevo patrocinador del Equipo Paral\u00edmpico Espa\u00f1ol para los Juegos de R\u00edo de Janeiro 2016. El presidente de Iberia, Luis Gallego, y el presidente del Comit\u00e9 Paral\u00edmpico Espa\u00f1ol, Miguel Carballeda, estamparon su firma","canonical_url":"https:\/\/eldigitaldeasturias.com\/magazine365\/iberia-patrocinara-al-equipo-paralimpico-en-los-juegos-de-rio-de-janeiro\/","robots":"max-image-preview:large","keywords":"noticias y actualidad","webmasterTools":{"google-site-verification":"UA-38556648-1","miscellaneous":""},"schema":{"@context":"https:\/\/schema.org","@graph":[{"@type":"Article","@id":"https:\/\/eldigitaldeasturias.com\/magazine365\/iberia-patrocinara-al-equipo-paralimpico-en-los-juegos-de-rio-de-janeiro\/#article","name":"Iberia patrocinar\u00e1 al Equipo Paral\u00edmpico en los juegos de R\u00edo de Janeiro | El Digital de Asturias","headline":"Iberia patrocinar\u00e1 al Equipo Paral\u00edmpico en los juegos de R\u00edo de Janeiro","author":{"@id":"https:\/\/eldigitaldeasturias.com\/magazine365\/author\/admin\/#author"},"publisher":{"@id":"https:\/\/eldigitaldeasturias.com\/magazine365\/#organization"},"image":{"@type":"ImageObject","url":"https:\/\/eldigitaldeasturias.com\/magazine365\/wp-content\/uploads\/2016\/02\/fotonoticia_20160129164917_800.jpg","width":800,"height":690},"datePublished":"2016-02-02T22:47:09+01:00","dateModified":"2016-02-02T22:47:09+01:00","inLanguage":"es-ES","mainEntityOfPage":{"@id":"https:\/\/eldigitaldeasturias.com\/magazine365\/iberia-patrocinara-al-equipo-paralimpico-en-los-juegos-de-rio-de-janeiro\/#webpage"},"isPartOf":{"@id":"https:\/\/eldigitaldeasturias.com\/magazine365\/iberia-patrocinara-al-equipo-paralimpico-en-los-juegos-de-rio-de-janeiro\/#webpage"},"articleSection":"Noticias y Actualidad"},{"@type":"BreadcrumbList","@id":"https:\/\/eldigitaldeasturias.com\/magazine365\/iberia-patrocinara-al-equipo-paralimpico-en-los-juegos-de-rio-de-janeiro\/#breadcrumblist","itemListElement":[{"@type":"ListItem","@id":"https:\/\/eldigitaldeasturias.com\/magazine365#listItem","position":1,"name":"Home","item":"https:\/\/eldigitaldeasturias.com\/magazine365","nextItem":{"@type":"ListItem","@id":"https:\/\/eldigitaldeasturias.com\/magazine365\/category\/noticias-actualidad\/#listItem","name":"Noticias y Actualidad"}},{"@type":"ListItem","@id":"https:\/\/eldigitaldeasturias.com\/magazine365\/category\/noticias-actualidad\/#listItem","position":2,"name":"Noticias y Actualidad","item":"https:\/\/eldigitaldeasturias.com\/magazine365\/category\/noticias-actualidad\/","nextItem":{"@type":"ListItem","@id":"https:\/\/eldigitaldeasturias.com\/magazine365\/iberia-patrocinara-al-equipo-paralimpico-en-los-juegos-de-rio-de-janeiro\/#listItem","name":"Iberia patrocinar\u00e1 al Equipo Paral\u00edmpico en los juegos de R\u00edo de Janeiro"},"previousItem":{"@type":"ListItem","@id":"https:\/\/eldigitaldeasturias.com\/magazine365#listItem","name":"Home"}},{"@type":"ListItem","@id":"https:\/\/eldigitaldeasturias.com\/magazine365\/iberia-patrocinara-al-equipo-paralimpico-en-los-juegos-de-rio-de-janeiro\/#listItem","position":3,"name":"Iberia patrocinar\u00e1 al Equipo Paral\u00edmpico en los juegos de R\u00edo de Janeiro","previousItem":{"@type":"ListItem","@id":"https:\/\/eldigitaldeasturias.com\/magazine365\/category\/noticias-actualidad\/#listItem","name":"Noticias y Actualidad"}}]},{"@type":"Organization","@id":"https:\/\/eldigitaldeasturias.com\/magazine365\/#organization","name":"El digital de Asturias","description":"Revista de ocio, turismo y estilo de vida","url":"https:\/\/eldigitaldeasturias.com\/magazine365\/","logo":{"@type":"ImageObject","url":"https:\/\/www.eldigitaldeasturias.com\/noticias\/wp-content\/uploads\/2020\/12\/EDA.jpg","@id":"https:\/\/eldigitaldeasturias.com\/magazine365\/iberia-patrocinara-al-equipo-paralimpico-en-los-juegos-de-rio-de-janeiro\/#organizationLogo"},"image":{"@id":"https:\/\/eldigitaldeasturias.com\/magazine365\/iberia-patrocinara-al-equipo-paralimpico-en-los-juegos-de-rio-de-janeiro\/#organizationLogo"}},{"@type":"Person","@id":"https:\/\/eldigitaldeasturias.com\/magazine365\/author\/admin\/#author","url":"https:\/\/eldigitaldeasturias.com\/magazine365\/author\/admin\/","name":"admin","image":{"@type":"ImageObject","@id":"https:\/\/eldigitaldeasturias.com\/magazine365\/iberia-patrocinara-al-equipo-paralimpico-en-los-juegos-de-rio-de-janeiro\/#authorImage","url":"https:\/\/eldigitaldeasturias.com\/magazine365\/wp-content\/litespeed\/avatar\/e571bcf59a0edd6fa6838245a470f2fe.jpg?ver=1776969259","width":96,"height":96,"caption":"admin"}},{"@type":"WebPage","@id":"https:\/\/eldigitaldeasturias.com\/magazine365\/iberia-patrocinara-al-equipo-paralimpico-en-los-juegos-de-rio-de-janeiro\/#webpage","url":"https:\/\/eldigitaldeasturias.com\/magazine365\/iberia-patrocinara-al-equipo-paralimpico-en-los-juegos-de-rio-de-janeiro\/","name":"Iberia patrocinar\u00e1 al Equipo Paral\u00edmpico en los juegos de R\u00edo de Janeiro | El Digital de Asturias","description":"Iberia y el Comit\u00e9 Paral\u00edmpico Espa\u00f1ol (CPE) firmaron este viernes en Madrid el acuerdo por el que la compa\u00f1\u00eda a\u00e9rea se convierte en nuevo patrocinador del Equipo Paral\u00edmpico Espa\u00f1ol para los Juegos de R\u00edo de Janeiro 2016. El presidente de Iberia, Luis Gallego, y el presidente del Comit\u00e9 Paral\u00edmpico Espa\u00f1ol, Miguel Carballeda, estamparon su firma","inLanguage":"es-ES","isPartOf":{"@id":"https:\/\/eldigitaldeasturias.com\/magazine365\/#website"},"breadcrumb":{"@id":"https:\/\/eldigitaldeasturias.com\/magazine365\/iberia-patrocinara-al-equipo-paralimpico-en-los-juegos-de-rio-de-janeiro\/#breadcrumblist"},"author":{"@id":"https:\/\/eldigitaldeasturias.com\/magazine365\/author\/admin\/#author"},"creator":{"@id":"https:\/\/eldigitaldeasturias.com\/magazine365\/author\/admin\/#author"},"image":{"@type":"ImageObject","url":"https:\/\/eldigitaldeasturias.com\/magazine365\/wp-content\/uploads\/2016\/02\/fotonoticia_20160129164917_800.jpg","@id":"https:\/\/eldigitaldeasturias.com\/magazine365\/iberia-patrocinara-al-equipo-paralimpico-en-los-juegos-de-rio-de-janeiro\/#mainImage","width":800,"height":690},"primaryImageOfPage":{"@id":"https:\/\/eldigitaldeasturias.com\/magazine365\/iberia-patrocinara-al-equipo-paralimpico-en-los-juegos-de-rio-de-janeiro\/#mainImage"},"datePublished":"2016-02-02T22:47:09+01:00","dateModified":"2016-02-02T22:47:09+01:00"},{"@type":"WebSite","@id":"https:\/\/eldigitaldeasturias.com\/magazine365\/#website","url":"https:\/\/eldigitaldeasturias.com\/magazine365\/","name":"El Digital de Asturias","description":"Revista de ocio, turismo y estilo de vida","inLanguage":"es-ES","publisher":{"@id":"https:\/\/eldigitaldeasturias.com\/magazine365\/#organization"}}]},"og:locale":"es_ES","og:site_name":"El Digital de Asturias \u2013 Revista de ocio, turismo y estilo de vida","og:type":"article","og:title":"Iberia patrocinar\u00e1 al Equipo Paral\u00edmpico en los juegos de R\u00edo de Janeiro | El Digital de Asturias","og:description":"Iberia y el Comit\u00e9 Paral\u00edmpico Espa\u00f1ol (CPE) firmaron este viernes en Madrid el acuerdo por el que la compa\u00f1\u00eda a\u00e9rea se convierte en nuevo patrocinador del Equipo Paral\u00edmpico Espa\u00f1ol para los Juegos de R\u00edo de Janeiro 2016. El presidente de Iberia, Luis Gallego, y el presidente del Comit\u00e9 Paral\u00edmpico Espa\u00f1ol, Miguel Carballeda, estamparon su firma","og:url":"https:\/\/eldigitaldeasturias.com\/magazine365\/iberia-patrocinara-al-equipo-paralimpico-en-los-juegos-de-rio-de-janeiro\/","og:image":"https:\/\/eldigitaldeasturias.com\/magazine365\/wp-content\/uploads\/2016\/02\/fotonoticia_20160129164917_800.jpg","og:image:secure_url":"https:\/\/eldigitaldeasturias.com\/magazine365\/wp-content\/uploads\/2016\/02\/fotonoticia_20160129164917_800.jpg","og:image:width":800,"og:image:height":690,"article:published_time":"2016-02-02T21:47:09+00:00","article:modified_time":"2016-02-02T21:47:09+00:00","twitter:card":"summary_large_image","twitter:title":"Iberia patrocinar\u00e1 al Equipo Paral\u00edmpico en los juegos de R\u00edo de Janeiro | El Digital de Asturias","twitter:description":"Iberia y el Comit\u00e9 Paral\u00edmpico Espa\u00f1ol (CPE) firmaron este viernes en Madrid el acuerdo por el que la compa\u00f1\u00eda a\u00e9rea se convierte en nuevo patrocinador del Equipo Paral\u00edmpico Espa\u00f1ol para los Juegos de R\u00edo de Janeiro 2016. El presidente de Iberia, Luis Gallego, y el presidente del Comit\u00e9 Paral\u00edmpico Espa\u00f1ol, Miguel Carballeda, estamparon su firma","twitter:image":"https:\/\/eldigitaldeasturias.com\/magazine365\/wp-content\/uploads\/2016\/02\/fotonoticia_20160129164917_800.jpg"},"aioseo_meta_data":{"post_id":"62784","title":null,"description":null,"keywords":null,"keyphrases":null,"primary_term":null,"canonical_url":null,"og_title":null,"og_description":null,"og_object_type":"default","og_image_type":"default","og_image_url":null,"og_image_width":null,"og_image_height":null,"og_image_custom_url":null,"og_image_custom_fields":null,"og_video":null,"og_custom_url":null,"og_article_section":null,"og_article_tags":null,"twitter_use_og":false,"twitter_card":"default","twitter_image_type":"default","twitter_image_url":null,"twitter_image_custom_url":null,"twitter_image_custom_fields":null,"twitter_title":null,"twitter_description":null,"schema":{"blockGraphs":[],"customGraphs":[],"default":{"data":{"Article":[],"Course":[],"Dataset":[],"FAQPage":[],"Movie":[],"Person":[],"Product":[],"ProductReview":[],"Car":[],"Recipe":[],"Service":[],"SoftwareApplication":[],"WebPage":[]},"graphName":"","isEnabled":true},"graphs":[],"defaultGraph":"","defaultPostTypeGraph":""},"schema_type":null,"schema_type_options":null,"pillar_content":false,"robots_default":true,"robots_noindex":false,"robots_noarchive":false,"robots_nosnippet":false,"robots_nofollow":false,"robots_noimageindex":false,"robots_noodp":false,"robots_notranslate":false,"robots_max_snippet":null,"robots_max_videopreview":null,"robots_max_imagepreview":"large","priority":null,"frequency":null,"location":null,"local_seo":null,"seo_analyzer_scan_date":"2025-09-25 11:52:02","breadcrumb_settings":null,"limit_modified_date":false,"open_ai":null,"ai":null,"created":"2021-03-08 21:31:33","updated":"2025-09-25 11:52:02"},"aioseo_breadcrumb":"<div class=\"aioseo-breadcrumbs\"><span class=\"aioseo-breadcrumb\">\n\t<a href=\"https:\/\/eldigitaldeasturias.com\/magazine365\" title=\"Home\">Home<\/a>\n<\/span><span class=\"aioseo-breadcrumb-separator\">\u2013<\/span><span class=\"aioseo-breadcrumb\">\n\t<a href=\"https:\/\/eldigitaldeasturias.com\/magazine365\/category\/noticias-actualidad\/\" title=\"Noticias y Actualidad\">Noticias y Actualidad<\/a>\n<\/span><span class=\"aioseo-breadcrumb-separator\">\u2013<\/span><span class=\"aioseo-breadcrumb\">\n\t<a href=\"https:\/\/eldigitaldeasturias.com\/magazine365\/iberia-patrocinara-al-equipo-paralimpico-en-los-juegos-de-rio-de-janeiro\/\" title=\"Iberia patrocinar\u00e1 al Equipo Paral\u00edmpico en los juegos de R\u00edo de Janeiro\">Iberia patrocinar\u00e1 al Equipo Paral\u00edmpico en los juegos de R\u00edo de Janeiro<\/a>\n<\/span><\/div>","aioseo_breadcrumb_json":[{"label":"Home","link":"https:\/\/eldigitaldeasturias.com\/magazine365"},{"label":"Noticias y Actualidad","link":"https:\/\/eldigitaldeasturias.com\/magazine365\/category\/noticias-actualidad\/"},{"label":"Iberia patrocinar\u00e1 al Equipo Paral\u00edmpico en los juegos de R\u00edo de Janeiro","link":"https:\/\/eldigitaldeasturias.com\/magazine365\/iberia-patrocinara-al-equipo-paralimpico-en-los-juegos-de-rio-de-janeiro\/"}],"_links":{"self":[{"href":"https:\/\/eldigitaldeasturias.com\/magazine365\/wp-json\/wp\/v2\/posts\/62784","targetHints":{"allow":["GET"]}}],"collection":[{"href":"https:\/\/eldigitaldeasturias.com\/magazine365\/wp-json\/wp\/v2\/posts"}],"about":[{"href":"https:\/\/eldigitaldeasturias.com\/magazine365\/wp-json\/wp\/v2\/types\/post"}],"author":[{"embeddable":true,"href":"https:\/\/eldigitaldeasturias.com\/magazine365\/wp-json\/wp\/v2\/users\/1"}],"replies":[{"embeddable":true,"href":"https:\/\/eldigitaldeasturias.com\/magazine365\/wp-json\/wp\/v2\/comments?post=62784"}],"version-history":[{"count":0,"href":"https:\/\/eldigitaldeasturias.com\/magazine365\/wp-json\/wp\/v2\/posts\/62784\/revisions"}],"wp:featuredmedia":[{"embeddable":true,"href":"https:\/\/eldigitaldeasturias.com\/magazine365\/wp-json\/wp\/v2\/media\/62785"}],"wp:attachment":[{"href":"https:\/\/eldigitaldeasturias.com\/magazine365\/wp-json\/wp\/v2\/media?parent=62784"}],"wp:term":[{"taxonomy":"category","embeddable":true,"href":"https:\/\/eldigitaldeasturias.com\/magazine365\/wp-json\/wp\/v2\/categories?post=62784"},{"taxonomy":"post_tag","embeddable":true,"href":"https:\/\/eldigitaldeasturias.com\/magazine365\/wp-json\/wp\/v2\/tags?post=62784"}],"curies":[{"name":"wp","href":"https:\/\/api.w.org\/{rel}","templated":true}]}}