{"id":62778,"date":"2016-02-02T22:43:00","date_gmt":"2016-02-02T21:43:00","guid":{"rendered":"http:\/\/eldigitaldeasturias.com\/magazine365\/?p=62778"},"modified":"2016-02-02T22:43:00","modified_gmt":"2016-02-02T21:43:00","slug":"quince-locales-participan-en-el-primer-concurso-de-tapas-carnavaleras-de-merida","status":"publish","type":"post","link":"https:\/\/eldigitaldeasturias.com\/magazine365\/quince-locales-participan-en-el-primer-concurso-de-tapas-carnavaleras-de-merida\/","title":{"rendered":"Quince locales participan en el primer concurso de tapas carnavaleras de M\u00e9rida"},"content":{"rendered":"<p><img fetchpriority=\"high\" decoding=\"async\" class=\"alignleft size-medium wp-image-62779\" src=\"https:\/\/eldigitaldeasturias.com\/magazine365\/wp-content\/uploads\/2016\/02\/fotonoticia_20160129152557_800-360x240.jpg\" alt=\"fotonoticia_20160129152557_800\" width=\"360\" height=\"240\" srcset=\"https:\/\/eldigitaldeasturias.com\/magazine365\/wp-content\/uploads\/2016\/02\/fotonoticia_20160129152557_800-360x240.jpg 360w, https:\/\/eldigitaldeasturias.com\/magazine365\/wp-content\/uploads\/2016\/02\/fotonoticia_20160129152557_800-650x433.jpg 650w, https:\/\/eldigitaldeasturias.com\/magazine365\/wp-content\/uploads\/2016\/02\/fotonoticia_20160129152557_800-768x512.jpg 768w, https:\/\/eldigitaldeasturias.com\/magazine365\/wp-content\/uploads\/2016\/02\/fotonoticia_20160129152557_800-150x100.jpg 150w, https:\/\/eldigitaldeasturias.com\/magazine365\/wp-content\/uploads\/2016\/02\/fotonoticia_20160129152557_800-450x300.jpg 450w, https:\/\/eldigitaldeasturias.com\/magazine365\/wp-content\/uploads\/2016\/02\/fotonoticia_20160129152557_800-696x464.jpg 696w, https:\/\/eldigitaldeasturias.com\/magazine365\/wp-content\/uploads\/2016\/02\/fotonoticia_20160129152557_800-630x420.jpg 630w, https:\/\/eldigitaldeasturias.com\/magazine365\/wp-content\/uploads\/2016\/02\/fotonoticia_20160129152557_800-101x66.jpg 101w, https:\/\/eldigitaldeasturias.com\/magazine365\/wp-content\/uploads\/2016\/02\/fotonoticia_20160129152557_800.jpg 800w\" sizes=\"(max-width: 360px) 100vw, 360px\" \/>El primer concurso de tapas carnavaleras de M\u00e9rida, que se podr\u00e1n degustar del 4 al 9 de febrero, ha contado con la participaci\u00f3n de 15 locales de la capital auton\u00f3mica con dos premios, de 225 y 110 euros.<\/p>\n<p>Las tapas tendr\u00e1n un precio m\u00e1ximo de tres euros en los 15 establecimientos emeritenses, y adem\u00e1s, este pr\u00f3ximo lunes, d\u00eda 1, se conocer\u00e1 el fallo del jurado.<\/p>\n<p>El concurso ha sido organizado por el Ayuntamiento de M\u00e9rida, con motivo del Carnaval Romano y la Capitalidad Iberoamericana de la Cultura Gastron\u00f3mica, seg\u00fan ha informado el consistorio emeritense en nota de prensa.<\/p>\n<p>Han participado en el concurso los establecimientos Entreca\u00f1as, 100 Montaditos, El trasiego, 13 uvas, La loba, La taberna de Sole, Serendipity, V\u00eda de la Tapa, Parador V\u00eda de la Plata, Vino y arte, De Portugal, A de Arco, Taper\u00eda del Guadiana de Gonzalo Valverde, El callej\u00f3n y Dupla.<\/p>\n<p>El alcalde de M\u00e9rida, Antonio Rodr\u00edguez Osuna, ha explicado que \u00abse trata de aprovechar los carnavales para ofrecer una gastronom\u00eda original. Son quince tapas con referencia a la fiesta carnavalera y hechas con productos extreme\u00f1os\u00bb.<\/p>\n<p>Por su parte, el director del Parador de Turismo de M\u00e9rida, Daniel De Lamo, ha resaltado la \u00abimagen de modernidad y calidad que transmite\u00bb la ciudad y \u00abla gran oportunidad de promoci\u00f3n de los valores tur\u00edsticos relacionados con la gastronom\u00eda que va a tener M\u00e9rida durante 2016\u00bb.<\/p>\n<p>El jurado lo integran el representante de la Academia Extreme\u00f1a de Gastronom\u00eda, Jorge Gruart; el de la Cofrad\u00eda Extreme\u00f1a de Gastronom\u00eda, Isidoro Gin\u00e9s; y la directora de la Escuela de Hosteler\u00eda, Lara Rocha.<\/p>\n<p>Por \u00faltimo, la Academia de Gastronom\u00eda ha anunciado que la ciudad que recoger\u00e1 el testigo de M\u00e9rida como Capital Iberoamericana de la Cultura Gastron\u00f3mica ser\u00e1 la argentina Buenos Aires.<\/p>\n","protected":false},"excerpt":{"rendered":"<p>El primer concurso de tapas carnavaleras de M\u00e9rida, que se podr\u00e1n degustar del 4 al 9 de febrero, ha contado con la participaci\u00f3n de 15 locales de la capital auton\u00f3mica con dos premios, de 225 y 110 euros. Las tapas tendr\u00e1n un precio m\u00e1ximo de tres euros en los 15 establecimientos emeritenses, y adem\u00e1s, este<\/p>\n","protected":false},"author":1,"featured_media":62779,"comment_status":"open","ping_status":"closed","sticky":false,"template":"","format":"standard","meta":{"footnotes":""},"categories":[224],"tags":[],"class_list":{"0":"post-62778","1":"post","2":"type-post","3":"status-publish","4":"format-standard","5":"has-post-thumbnail","7":"category-noticias-actualidad"},"aioseo_notices":[],"aioseo_head":"\n\t\t<!-- All in One SEO Pro 4.9.6.1 - aioseo.com -->\n\t<meta name=\"description\" content=\"El primer concurso de tapas carnavaleras de M\u00e9rida, que se podr\u00e1n degustar del 4 al 9 de febrero, ha contado con la participaci\u00f3n de 15 locales de la capital auton\u00f3mica con dos premios, de 225 y 110 euros. Las tapas tendr\u00e1n un precio m\u00e1ximo de tres euros en los 15 establecimientos emeritenses, y adem\u00e1s, este\" \/>\n\t<meta name=\"robots\" content=\"max-image-preview:large\" \/>\n\t<meta name=\"author\" content=\"admin\"\/>\n\t<meta name=\"google-site-verification\" content=\"UA-38556648-1\" \/>\n\t<meta name=\"keywords\" content=\"noticias y actualidad\" \/>\n\t<link rel=\"canonical\" href=\"https:\/\/eldigitaldeasturias.com\/magazine365\/quince-locales-participan-en-el-primer-concurso-de-tapas-carnavaleras-de-merida\/\" \/>\n\t<meta name=\"generator\" content=\"All in One SEO Pro (AIOSEO) 4.9.6.1\" \/>\n\t\t<meta property=\"og:locale\" content=\"es_ES\" \/>\n\t\t<meta property=\"og:site_name\" content=\"El Digital de Asturias \u2013 Revista de ocio, turismo y estilo de vida\" \/>\n\t\t<meta property=\"og:type\" content=\"article\" \/>\n\t\t<meta property=\"og:title\" content=\"Quince locales participan en el primer concurso de tapas carnavaleras de M\u00e9rida | El Digital de Asturias\" \/>\n\t\t<meta property=\"og:description\" content=\"El primer concurso de tapas carnavaleras de M\u00e9rida, que se podr\u00e1n degustar del 4 al 9 de febrero, ha contado con la participaci\u00f3n de 15 locales de la capital auton\u00f3mica con dos premios, de 225 y 110 euros. Las tapas tendr\u00e1n un precio m\u00e1ximo de tres euros en los 15 establecimientos emeritenses, y adem\u00e1s, este\" \/>\n\t\t<meta property=\"og:url\" content=\"https:\/\/eldigitaldeasturias.com\/magazine365\/quince-locales-participan-en-el-primer-concurso-de-tapas-carnavaleras-de-merida\/\" \/>\n\t\t<meta property=\"og:image\" content=\"https:\/\/eldigitaldeasturias.com\/magazine365\/wp-content\/uploads\/2016\/02\/fotonoticia_20160129152557_800.jpg\" \/>\n\t\t<meta property=\"og:image:secure_url\" content=\"https:\/\/eldigitaldeasturias.com\/magazine365\/wp-content\/uploads\/2016\/02\/fotonoticia_20160129152557_800.jpg\" \/>\n\t\t<meta property=\"og:image:width\" content=\"800\" \/>\n\t\t<meta property=\"og:image:height\" content=\"533\" \/>\n\t\t<meta property=\"article:published_time\" content=\"2016-02-02T21:43:00+00:00\" \/>\n\t\t<meta property=\"article:modified_time\" content=\"2016-02-02T21:43:00+00:00\" \/>\n\t\t<meta name=\"twitter:card\" content=\"summary_large_image\" \/>\n\t\t<meta name=\"twitter:title\" content=\"Quince locales participan en el primer concurso de tapas carnavaleras de M\u00e9rida | El Digital de Asturias\" \/>\n\t\t<meta name=\"twitter:description\" content=\"El primer concurso de tapas carnavaleras de M\u00e9rida, que se podr\u00e1n degustar del 4 al 9 de febrero, ha contado con la participaci\u00f3n de 15 locales de la capital auton\u00f3mica con dos premios, de 225 y 110 euros. Las tapas tendr\u00e1n un precio m\u00e1ximo de tres euros en los 15 establecimientos emeritenses, y adem\u00e1s, este\" \/>\n\t\t<meta name=\"twitter:image\" content=\"https:\/\/eldigitaldeasturias.com\/magazine365\/wp-content\/uploads\/2016\/02\/fotonoticia_20160129152557_800.jpg\" \/>\n\t\t<script type=\"application\/ld+json\" class=\"aioseo-schema\">\n\t\t\t{\"@context\":\"https:\\\/\\\/schema.org\",\"@graph\":[{\"@type\":\"Article\",\"@id\":\"https:\\\/\\\/eldigitaldeasturias.com\\\/magazine365\\\/quince-locales-participan-en-el-primer-concurso-de-tapas-carnavaleras-de-merida\\\/#article\",\"name\":\"Quince locales participan en el primer concurso de tapas carnavaleras de M\\u00e9rida | El Digital de Asturias\",\"headline\":\"Quince locales participan en el primer concurso de tapas carnavaleras de M\\u00e9rida\",\"author\":{\"@id\":\"https:\\\/\\\/eldigitaldeasturias.com\\\/magazine365\\\/author\\\/admin\\\/#author\"},\"publisher\":{\"@id\":\"https:\\\/\\\/eldigitaldeasturias.com\\\/magazine365\\\/#organization\"},\"image\":{\"@type\":\"ImageObject\",\"url\":\"https:\\\/\\\/eldigitaldeasturias.com\\\/magazine365\\\/wp-content\\\/uploads\\\/2016\\\/02\\\/fotonoticia_20160129152557_800.jpg\",\"width\":800,\"height\":533},\"datePublished\":\"2016-02-02T22:43:00+01:00\",\"dateModified\":\"2016-02-02T22:43:00+01:00\",\"inLanguage\":\"es-ES\",\"mainEntityOfPage\":{\"@id\":\"https:\\\/\\\/eldigitaldeasturias.com\\\/magazine365\\\/quince-locales-participan-en-el-primer-concurso-de-tapas-carnavaleras-de-merida\\\/#webpage\"},\"isPartOf\":{\"@id\":\"https:\\\/\\\/eldigitaldeasturias.com\\\/magazine365\\\/quince-locales-participan-en-el-primer-concurso-de-tapas-carnavaleras-de-merida\\\/#webpage\"},\"articleSection\":\"Noticias y Actualidad\"},{\"@type\":\"BreadcrumbList\",\"@id\":\"https:\\\/\\\/eldigitaldeasturias.com\\\/magazine365\\\/quince-locales-participan-en-el-primer-concurso-de-tapas-carnavaleras-de-merida\\\/#breadcrumblist\",\"itemListElement\":[{\"@type\":\"ListItem\",\"@id\":\"https:\\\/\\\/eldigitaldeasturias.com\\\/magazine365#listItem\",\"position\":1,\"name\":\"Home\",\"item\":\"https:\\\/\\\/eldigitaldeasturias.com\\\/magazine365\",\"nextItem\":{\"@type\":\"ListItem\",\"@id\":\"https:\\\/\\\/eldigitaldeasturias.com\\\/magazine365\\\/category\\\/noticias-actualidad\\\/#listItem\",\"name\":\"Noticias y Actualidad\"}},{\"@type\":\"ListItem\",\"@id\":\"https:\\\/\\\/eldigitaldeasturias.com\\\/magazine365\\\/category\\\/noticias-actualidad\\\/#listItem\",\"position\":2,\"name\":\"Noticias y Actualidad\",\"item\":\"https:\\\/\\\/eldigitaldeasturias.com\\\/magazine365\\\/category\\\/noticias-actualidad\\\/\",\"nextItem\":{\"@type\":\"ListItem\",\"@id\":\"https:\\\/\\\/eldigitaldeasturias.com\\\/magazine365\\\/quince-locales-participan-en-el-primer-concurso-de-tapas-carnavaleras-de-merida\\\/#listItem\",\"name\":\"Quince locales participan en el primer concurso de tapas carnavaleras de M\\u00e9rida\"},\"previousItem\":{\"@type\":\"ListItem\",\"@id\":\"https:\\\/\\\/eldigitaldeasturias.com\\\/magazine365#listItem\",\"name\":\"Home\"}},{\"@type\":\"ListItem\",\"@id\":\"https:\\\/\\\/eldigitaldeasturias.com\\\/magazine365\\\/quince-locales-participan-en-el-primer-concurso-de-tapas-carnavaleras-de-merida\\\/#listItem\",\"position\":3,\"name\":\"Quince locales participan en el primer concurso de tapas carnavaleras de M\\u00e9rida\",\"previousItem\":{\"@type\":\"ListItem\",\"@id\":\"https:\\\/\\\/eldigitaldeasturias.com\\\/magazine365\\\/category\\\/noticias-actualidad\\\/#listItem\",\"name\":\"Noticias y Actualidad\"}}]},{\"@type\":\"Organization\",\"@id\":\"https:\\\/\\\/eldigitaldeasturias.com\\\/magazine365\\\/#organization\",\"name\":\"El digital de Asturias\",\"description\":\"Revista de ocio, turismo y estilo de vida\",\"url\":\"https:\\\/\\\/eldigitaldeasturias.com\\\/magazine365\\\/\",\"logo\":{\"@type\":\"ImageObject\",\"url\":\"https:\\\/\\\/www.eldigitaldeasturias.com\\\/noticias\\\/wp-content\\\/uploads\\\/2020\\\/12\\\/EDA.jpg\",\"@id\":\"https:\\\/\\\/eldigitaldeasturias.com\\\/magazine365\\\/quince-locales-participan-en-el-primer-concurso-de-tapas-carnavaleras-de-merida\\\/#organizationLogo\"},\"image\":{\"@id\":\"https:\\\/\\\/eldigitaldeasturias.com\\\/magazine365\\\/quince-locales-participan-en-el-primer-concurso-de-tapas-carnavaleras-de-merida\\\/#organizationLogo\"}},{\"@type\":\"Person\",\"@id\":\"https:\\\/\\\/eldigitaldeasturias.com\\\/magazine365\\\/author\\\/admin\\\/#author\",\"url\":\"https:\\\/\\\/eldigitaldeasturias.com\\\/magazine365\\\/author\\\/admin\\\/\",\"name\":\"admin\",\"image\":{\"@type\":\"ImageObject\",\"@id\":\"https:\\\/\\\/eldigitaldeasturias.com\\\/magazine365\\\/quince-locales-participan-en-el-primer-concurso-de-tapas-carnavaleras-de-merida\\\/#authorImage\",\"url\":\"https:\\\/\\\/eldigitaldeasturias.com\\\/magazine365\\\/wp-content\\\/litespeed\\\/avatar\\\/e571bcf59a0edd6fa6838245a470f2fe.jpg?ver=1776969259\",\"width\":96,\"height\":96,\"caption\":\"admin\"}},{\"@type\":\"WebPage\",\"@id\":\"https:\\\/\\\/eldigitaldeasturias.com\\\/magazine365\\\/quince-locales-participan-en-el-primer-concurso-de-tapas-carnavaleras-de-merida\\\/#webpage\",\"url\":\"https:\\\/\\\/eldigitaldeasturias.com\\\/magazine365\\\/quince-locales-participan-en-el-primer-concurso-de-tapas-carnavaleras-de-merida\\\/\",\"name\":\"Quince locales participan en el primer concurso de tapas carnavaleras de M\\u00e9rida | El Digital de Asturias\",\"description\":\"El primer concurso de tapas carnavaleras de M\\u00e9rida, que se podr\\u00e1n degustar del 4 al 9 de febrero, ha contado con la participaci\\u00f3n de 15 locales de la capital auton\\u00f3mica con dos premios, de 225 y 110 euros. Las tapas tendr\\u00e1n un precio m\\u00e1ximo de tres euros en los 15 establecimientos emeritenses, y adem\\u00e1s, este\",\"inLanguage\":\"es-ES\",\"isPartOf\":{\"@id\":\"https:\\\/\\\/eldigitaldeasturias.com\\\/magazine365\\\/#website\"},\"breadcrumb\":{\"@id\":\"https:\\\/\\\/eldigitaldeasturias.com\\\/magazine365\\\/quince-locales-participan-en-el-primer-concurso-de-tapas-carnavaleras-de-merida\\\/#breadcrumblist\"},\"author\":{\"@id\":\"https:\\\/\\\/eldigitaldeasturias.com\\\/magazine365\\\/author\\\/admin\\\/#author\"},\"creator\":{\"@id\":\"https:\\\/\\\/eldigitaldeasturias.com\\\/magazine365\\\/author\\\/admin\\\/#author\"},\"image\":{\"@type\":\"ImageObject\",\"url\":\"https:\\\/\\\/eldigitaldeasturias.com\\\/magazine365\\\/wp-content\\\/uploads\\\/2016\\\/02\\\/fotonoticia_20160129152557_800.jpg\",\"@id\":\"https:\\\/\\\/eldigitaldeasturias.com\\\/magazine365\\\/quince-locales-participan-en-el-primer-concurso-de-tapas-carnavaleras-de-merida\\\/#mainImage\",\"width\":800,\"height\":533},\"primaryImageOfPage\":{\"@id\":\"https:\\\/\\\/eldigitaldeasturias.com\\\/magazine365\\\/quince-locales-participan-en-el-primer-concurso-de-tapas-carnavaleras-de-merida\\\/#mainImage\"},\"datePublished\":\"2016-02-02T22:43:00+01:00\",\"dateModified\":\"2016-02-02T22:43:00+01:00\"},{\"@type\":\"WebSite\",\"@id\":\"https:\\\/\\\/eldigitaldeasturias.com\\\/magazine365\\\/#website\",\"url\":\"https:\\\/\\\/eldigitaldeasturias.com\\\/magazine365\\\/\",\"name\":\"El Digital de Asturias\",\"description\":\"Revista de ocio, turismo y estilo de vida\",\"inLanguage\":\"es-ES\",\"publisher\":{\"@id\":\"https:\\\/\\\/eldigitaldeasturias.com\\\/magazine365\\\/#organization\"}}]}\n\t\t<\/script>\n\t\t<!-- All in One SEO Pro -->\r\n\t\t<title>Quince locales participan en el primer concurso de tapas carnavaleras de M\u00e9rida | El Digital de Asturias<\/title>\n\n","aioseo_head_json":{"title":"Quince locales participan en el primer concurso de tapas carnavaleras de M\u00e9rida | El Digital de Asturias","description":"El primer concurso de tapas carnavaleras de M\u00e9rida, que se podr\u00e1n degustar del 4 al 9 de febrero, ha contado con la participaci\u00f3n de 15 locales de la capital auton\u00f3mica con dos premios, de 225 y 110 euros. Las tapas tendr\u00e1n un precio m\u00e1ximo de tres euros en los 15 establecimientos emeritenses, y adem\u00e1s, este","canonical_url":"https:\/\/eldigitaldeasturias.com\/magazine365\/quince-locales-participan-en-el-primer-concurso-de-tapas-carnavaleras-de-merida\/","robots":"max-image-preview:large","keywords":"noticias y actualidad","webmasterTools":{"google-site-verification":"UA-38556648-1","miscellaneous":""},"schema":{"@context":"https:\/\/schema.org","@graph":[{"@type":"Article","@id":"https:\/\/eldigitaldeasturias.com\/magazine365\/quince-locales-participan-en-el-primer-concurso-de-tapas-carnavaleras-de-merida\/#article","name":"Quince locales participan en el primer concurso de tapas carnavaleras de M\u00e9rida | El Digital de Asturias","headline":"Quince locales participan en el primer concurso de tapas carnavaleras de M\u00e9rida","author":{"@id":"https:\/\/eldigitaldeasturias.com\/magazine365\/author\/admin\/#author"},"publisher":{"@id":"https:\/\/eldigitaldeasturias.com\/magazine365\/#organization"},"image":{"@type":"ImageObject","url":"https:\/\/eldigitaldeasturias.com\/magazine365\/wp-content\/uploads\/2016\/02\/fotonoticia_20160129152557_800.jpg","width":800,"height":533},"datePublished":"2016-02-02T22:43:00+01:00","dateModified":"2016-02-02T22:43:00+01:00","inLanguage":"es-ES","mainEntityOfPage":{"@id":"https:\/\/eldigitaldeasturias.com\/magazine365\/quince-locales-participan-en-el-primer-concurso-de-tapas-carnavaleras-de-merida\/#webpage"},"isPartOf":{"@id":"https:\/\/eldigitaldeasturias.com\/magazine365\/quince-locales-participan-en-el-primer-concurso-de-tapas-carnavaleras-de-merida\/#webpage"},"articleSection":"Noticias y Actualidad"},{"@type":"BreadcrumbList","@id":"https:\/\/eldigitaldeasturias.com\/magazine365\/quince-locales-participan-en-el-primer-concurso-de-tapas-carnavaleras-de-merida\/#breadcrumblist","itemListElement":[{"@type":"ListItem","@id":"https:\/\/eldigitaldeasturias.com\/magazine365#listItem","position":1,"name":"Home","item":"https:\/\/eldigitaldeasturias.com\/magazine365","nextItem":{"@type":"ListItem","@id":"https:\/\/eldigitaldeasturias.com\/magazine365\/category\/noticias-actualidad\/#listItem","name":"Noticias y Actualidad"}},{"@type":"ListItem","@id":"https:\/\/eldigitaldeasturias.com\/magazine365\/category\/noticias-actualidad\/#listItem","position":2,"name":"Noticias y Actualidad","item":"https:\/\/eldigitaldeasturias.com\/magazine365\/category\/noticias-actualidad\/","nextItem":{"@type":"ListItem","@id":"https:\/\/eldigitaldeasturias.com\/magazine365\/quince-locales-participan-en-el-primer-concurso-de-tapas-carnavaleras-de-merida\/#listItem","name":"Quince locales participan en el primer concurso de tapas carnavaleras de M\u00e9rida"},"previousItem":{"@type":"ListItem","@id":"https:\/\/eldigitaldeasturias.com\/magazine365#listItem","name":"Home"}},{"@type":"ListItem","@id":"https:\/\/eldigitaldeasturias.com\/magazine365\/quince-locales-participan-en-el-primer-concurso-de-tapas-carnavaleras-de-merida\/#listItem","position":3,"name":"Quince locales participan en el primer concurso de tapas carnavaleras de M\u00e9rida","previousItem":{"@type":"ListItem","@id":"https:\/\/eldigitaldeasturias.com\/magazine365\/category\/noticias-actualidad\/#listItem","name":"Noticias y Actualidad"}}]},{"@type":"Organization","@id":"https:\/\/eldigitaldeasturias.com\/magazine365\/#organization","name":"El digital de Asturias","description":"Revista de ocio, turismo y estilo de vida","url":"https:\/\/eldigitaldeasturias.com\/magazine365\/","logo":{"@type":"ImageObject","url":"https:\/\/www.eldigitaldeasturias.com\/noticias\/wp-content\/uploads\/2020\/12\/EDA.jpg","@id":"https:\/\/eldigitaldeasturias.com\/magazine365\/quince-locales-participan-en-el-primer-concurso-de-tapas-carnavaleras-de-merida\/#organizationLogo"},"image":{"@id":"https:\/\/eldigitaldeasturias.com\/magazine365\/quince-locales-participan-en-el-primer-concurso-de-tapas-carnavaleras-de-merida\/#organizationLogo"}},{"@type":"Person","@id":"https:\/\/eldigitaldeasturias.com\/magazine365\/author\/admin\/#author","url":"https:\/\/eldigitaldeasturias.com\/magazine365\/author\/admin\/","name":"admin","image":{"@type":"ImageObject","@id":"https:\/\/eldigitaldeasturias.com\/magazine365\/quince-locales-participan-en-el-primer-concurso-de-tapas-carnavaleras-de-merida\/#authorImage","url":"https:\/\/eldigitaldeasturias.com\/magazine365\/wp-content\/litespeed\/avatar\/e571bcf59a0edd6fa6838245a470f2fe.jpg?ver=1776969259","width":96,"height":96,"caption":"admin"}},{"@type":"WebPage","@id":"https:\/\/eldigitaldeasturias.com\/magazine365\/quince-locales-participan-en-el-primer-concurso-de-tapas-carnavaleras-de-merida\/#webpage","url":"https:\/\/eldigitaldeasturias.com\/magazine365\/quince-locales-participan-en-el-primer-concurso-de-tapas-carnavaleras-de-merida\/","name":"Quince locales participan en el primer concurso de tapas carnavaleras de M\u00e9rida | El Digital de Asturias","description":"El primer concurso de tapas carnavaleras de M\u00e9rida, que se podr\u00e1n degustar del 4 al 9 de febrero, ha contado con la participaci\u00f3n de 15 locales de la capital auton\u00f3mica con dos premios, de 225 y 110 euros. Las tapas tendr\u00e1n un precio m\u00e1ximo de tres euros en los 15 establecimientos emeritenses, y adem\u00e1s, este","inLanguage":"es-ES","isPartOf":{"@id":"https:\/\/eldigitaldeasturias.com\/magazine365\/#website"},"breadcrumb":{"@id":"https:\/\/eldigitaldeasturias.com\/magazine365\/quince-locales-participan-en-el-primer-concurso-de-tapas-carnavaleras-de-merida\/#breadcrumblist"},"author":{"@id":"https:\/\/eldigitaldeasturias.com\/magazine365\/author\/admin\/#author"},"creator":{"@id":"https:\/\/eldigitaldeasturias.com\/magazine365\/author\/admin\/#author"},"image":{"@type":"ImageObject","url":"https:\/\/eldigitaldeasturias.com\/magazine365\/wp-content\/uploads\/2016\/02\/fotonoticia_20160129152557_800.jpg","@id":"https:\/\/eldigitaldeasturias.com\/magazine365\/quince-locales-participan-en-el-primer-concurso-de-tapas-carnavaleras-de-merida\/#mainImage","width":800,"height":533},"primaryImageOfPage":{"@id":"https:\/\/eldigitaldeasturias.com\/magazine365\/quince-locales-participan-en-el-primer-concurso-de-tapas-carnavaleras-de-merida\/#mainImage"},"datePublished":"2016-02-02T22:43:00+01:00","dateModified":"2016-02-02T22:43:00+01:00"},{"@type":"WebSite","@id":"https:\/\/eldigitaldeasturias.com\/magazine365\/#website","url":"https:\/\/eldigitaldeasturias.com\/magazine365\/","name":"El Digital de Asturias","description":"Revista de ocio, turismo y estilo de vida","inLanguage":"es-ES","publisher":{"@id":"https:\/\/eldigitaldeasturias.com\/magazine365\/#organization"}}]},"og:locale":"es_ES","og:site_name":"El Digital de Asturias \u2013 Revista de ocio, turismo y estilo de vida","og:type":"article","og:title":"Quince locales participan en el primer concurso de tapas carnavaleras de M\u00e9rida | El Digital de Asturias","og:description":"El primer concurso de tapas carnavaleras de M\u00e9rida, que se podr\u00e1n degustar del 4 al 9 de febrero, ha contado con la participaci\u00f3n de 15 locales de la capital auton\u00f3mica con dos premios, de 225 y 110 euros. Las tapas tendr\u00e1n un precio m\u00e1ximo de tres euros en los 15 establecimientos emeritenses, y adem\u00e1s, este","og:url":"https:\/\/eldigitaldeasturias.com\/magazine365\/quince-locales-participan-en-el-primer-concurso-de-tapas-carnavaleras-de-merida\/","og:image":"https:\/\/eldigitaldeasturias.com\/magazine365\/wp-content\/uploads\/2016\/02\/fotonoticia_20160129152557_800.jpg","og:image:secure_url":"https:\/\/eldigitaldeasturias.com\/magazine365\/wp-content\/uploads\/2016\/02\/fotonoticia_20160129152557_800.jpg","og:image:width":800,"og:image:height":533,"article:published_time":"2016-02-02T21:43:00+00:00","article:modified_time":"2016-02-02T21:43:00+00:00","twitter:card":"summary_large_image","twitter:title":"Quince locales participan en el primer concurso de tapas carnavaleras de M\u00e9rida | El Digital de Asturias","twitter:description":"El primer concurso de tapas carnavaleras de M\u00e9rida, que se podr\u00e1n degustar del 4 al 9 de febrero, ha contado con la participaci\u00f3n de 15 locales de la capital auton\u00f3mica con dos premios, de 225 y 110 euros. Las tapas tendr\u00e1n un precio m\u00e1ximo de tres euros en los 15 establecimientos emeritenses, y adem\u00e1s, este","twitter:image":"https:\/\/eldigitaldeasturias.com\/magazine365\/wp-content\/uploads\/2016\/02\/fotonoticia_20160129152557_800.jpg"},"aioseo_meta_data":{"post_id":"62778","title":null,"description":null,"keywords":null,"keyphrases":null,"primary_term":null,"canonical_url":null,"og_title":null,"og_description":null,"og_object_type":"default","og_image_type":"default","og_image_url":null,"og_image_width":null,"og_image_height":null,"og_image_custom_url":null,"og_image_custom_fields":null,"og_video":null,"og_custom_url":null,"og_article_section":null,"og_article_tags":null,"twitter_use_og":false,"twitter_card":"default","twitter_image_type":"default","twitter_image_url":null,"twitter_image_custom_url":null,"twitter_image_custom_fields":null,"twitter_title":null,"twitter_description":null,"schema":{"blockGraphs":[],"customGraphs":[],"default":{"data":{"Article":[],"Course":[],"Dataset":[],"FAQPage":[],"Movie":[],"Person":[],"Product":[],"ProductReview":[],"Car":[],"Recipe":[],"Service":[],"SoftwareApplication":[],"WebPage":[]},"graphName":"","isEnabled":true},"graphs":[],"defaultGraph":"","defaultPostTypeGraph":""},"schema_type":null,"schema_type_options":null,"pillar_content":false,"robots_default":true,"robots_noindex":false,"robots_noarchive":false,"robots_nosnippet":false,"robots_nofollow":false,"robots_noimageindex":false,"robots_noodp":false,"robots_notranslate":false,"robots_max_snippet":null,"robots_max_videopreview":null,"robots_max_imagepreview":"large","priority":null,"frequency":null,"location":null,"local_seo":null,"seo_analyzer_scan_date":"2025-09-25 11:51:59","breadcrumb_settings":null,"limit_modified_date":false,"open_ai":null,"ai":null,"created":"2021-03-08 21:31:33","updated":"2025-09-25 11:51:59"},"aioseo_breadcrumb":"<div class=\"aioseo-breadcrumbs\"><span class=\"aioseo-breadcrumb\">\n\t<a href=\"https:\/\/eldigitaldeasturias.com\/magazine365\" title=\"Home\">Home<\/a>\n<\/span><span class=\"aioseo-breadcrumb-separator\">\u2013<\/span><span class=\"aioseo-breadcrumb\">\n\t<a href=\"https:\/\/eldigitaldeasturias.com\/magazine365\/category\/noticias-actualidad\/\" title=\"Noticias y Actualidad\">Noticias y Actualidad<\/a>\n<\/span><span class=\"aioseo-breadcrumb-separator\">\u2013<\/span><span class=\"aioseo-breadcrumb\">\n\t<a href=\"https:\/\/eldigitaldeasturias.com\/magazine365\/quince-locales-participan-en-el-primer-concurso-de-tapas-carnavaleras-de-merida\/\" title=\"Quince locales participan en el primer concurso de tapas carnavaleras de M\u00e9rida\">Quince locales participan en el primer concurso de tapas carnavaleras de M\u00e9rida<\/a>\n<\/span><\/div>","aioseo_breadcrumb_json":[{"label":"Home","link":"https:\/\/eldigitaldeasturias.com\/magazine365"},{"label":"Noticias y Actualidad","link":"https:\/\/eldigitaldeasturias.com\/magazine365\/category\/noticias-actualidad\/"},{"label":"Quince locales participan en el primer concurso de tapas carnavaleras de M\u00e9rida","link":"https:\/\/eldigitaldeasturias.com\/magazine365\/quince-locales-participan-en-el-primer-concurso-de-tapas-carnavaleras-de-merida\/"}],"_links":{"self":[{"href":"https:\/\/eldigitaldeasturias.com\/magazine365\/wp-json\/wp\/v2\/posts\/62778","targetHints":{"allow":["GET"]}}],"collection":[{"href":"https:\/\/eldigitaldeasturias.com\/magazine365\/wp-json\/wp\/v2\/posts"}],"about":[{"href":"https:\/\/eldigitaldeasturias.com\/magazine365\/wp-json\/wp\/v2\/types\/post"}],"author":[{"embeddable":true,"href":"https:\/\/eldigitaldeasturias.com\/magazine365\/wp-json\/wp\/v2\/users\/1"}],"replies":[{"embeddable":true,"href":"https:\/\/eldigitaldeasturias.com\/magazine365\/wp-json\/wp\/v2\/comments?post=62778"}],"version-history":[{"count":0,"href":"https:\/\/eldigitaldeasturias.com\/magazine365\/wp-json\/wp\/v2\/posts\/62778\/revisions"}],"wp:featuredmedia":[{"embeddable":true,"href":"https:\/\/eldigitaldeasturias.com\/magazine365\/wp-json\/wp\/v2\/media\/62779"}],"wp:attachment":[{"href":"https:\/\/eldigitaldeasturias.com\/magazine365\/wp-json\/wp\/v2\/media?parent=62778"}],"wp:term":[{"taxonomy":"category","embeddable":true,"href":"https:\/\/eldigitaldeasturias.com\/magazine365\/wp-json\/wp\/v2\/categories?post=62778"},{"taxonomy":"post_tag","embeddable":true,"href":"https:\/\/eldigitaldeasturias.com\/magazine365\/wp-json\/wp\/v2\/tags?post=62778"}],"curies":[{"name":"wp","href":"https:\/\/api.w.org\/{rel}","templated":true}]}}