{"id":62757,"date":"2016-02-02T22:34:20","date_gmt":"2016-02-02T21:34:20","guid":{"rendered":"http:\/\/eldigitaldeasturias.com\/magazine365\/?p=62757"},"modified":"2016-02-02T22:34:20","modified_gmt":"2016-02-02T21:34:20","slug":"los-principales-touroperadores-alemanes-especializados-en-buceo-incluyen-a-gran-canaria-en-sus-paquetes-vacacionales","status":"publish","type":"post","link":"https:\/\/eldigitaldeasturias.com\/magazine365\/los-principales-touroperadores-alemanes-especializados-en-buceo-incluyen-a-gran-canaria-en-sus-paquetes-vacacionales\/","title":{"rendered":"Los principales touroperadores alemanes especializados en buceo incluyen a Gran Canaria en sus paquetes vacacionales"},"content":{"rendered":"<p><img fetchpriority=\"high\" decoding=\"async\" class=\"alignleft size-medium wp-image-62758\" src=\"https:\/\/eldigitaldeasturias.com\/magazine365\/wp-content\/uploads\/2016\/02\/fotonoticia_20160129144632_800-360x240.jpg\" alt=\"fotonoticia_20160129144632_800\" width=\"360\" height=\"240\" srcset=\"https:\/\/eldigitaldeasturias.com\/magazine365\/wp-content\/uploads\/2016\/02\/fotonoticia_20160129144632_800-360x240.jpg 360w, https:\/\/eldigitaldeasturias.com\/magazine365\/wp-content\/uploads\/2016\/02\/fotonoticia_20160129144632_800-650x433.jpg 650w, https:\/\/eldigitaldeasturias.com\/magazine365\/wp-content\/uploads\/2016\/02\/fotonoticia_20160129144632_800-768x512.jpg 768w, https:\/\/eldigitaldeasturias.com\/magazine365\/wp-content\/uploads\/2016\/02\/fotonoticia_20160129144632_800-150x100.jpg 150w, https:\/\/eldigitaldeasturias.com\/magazine365\/wp-content\/uploads\/2016\/02\/fotonoticia_20160129144632_800-450x300.jpg 450w, https:\/\/eldigitaldeasturias.com\/magazine365\/wp-content\/uploads\/2016\/02\/fotonoticia_20160129144632_800-696x464.jpg 696w, https:\/\/eldigitaldeasturias.com\/magazine365\/wp-content\/uploads\/2016\/02\/fotonoticia_20160129144632_800-630x420.jpg 630w, https:\/\/eldigitaldeasturias.com\/magazine365\/wp-content\/uploads\/2016\/02\/fotonoticia_20160129144632_800-101x66.jpg 101w, https:\/\/eldigitaldeasturias.com\/magazine365\/wp-content\/uploads\/2016\/02\/fotonoticia_20160129144632_800.jpg 800w\" sizes=\"(max-width: 360px) 100vw, 360px\" \/>Los principales touroperadores alemanes especializados en buceo han incluido a Gran Canaria en sus paquetes vacacionales debido a la presentaci\u00f3n del Patronato de Turismo insular de su nueva gu\u00eda dedicada exclusivamente al buceo en la Feria Boot de D\u00fcsseldorf.<\/p>\n<p>En este sentido, la nueva gu\u00eda de buceo es una herramienta que ofrece una amplia visi\u00f3n de las diferentes inmersiones que se puede realizar en la isla, adem\u00e1s de descripciones de la fauna que habita en cada zona y de un detallado mapa con la situaci\u00f3n de los barcos hundidos que forman parte de los espectaculares paisajes submarinos, seg\u00fan inform\u00f3 el Cabildo en un comunicado.<\/p>\n<p>As\u00ed, la Estaci\u00f3n N\u00e1utica de Gran Canaria organizar\u00e1 en los pr\u00f3ximos meses un viaje de familiarizaci\u00f3n (Fam Trip) que permitir\u00e1 a los responsables de los touroperadores realizar varias inmersiones y conocer las alternativas tur\u00edsticas que la isla ha presentado en la Feria Boot.<\/p>\n<p>Por su parte, la consejera insular de Turismo, In\u00e9s Jim\u00e9nez, destac\u00f3 que seg\u00fan el instituto estad\u00edstico privado Statista, 670.000 alemanes reconocieron el a\u00f1o pasado que practicaban buceo, por lo que son potenciales turistas que podr\u00e1n descubrir pr\u00f3ximamente los secretos que esconden los fondos marinos de Gran Canaria y su sorprendente riqueza animal y vegetal.<\/p>\n<p>En relaci\u00f3n a ello, el director del portal de Internet especializado en buceo Taucher.net, Armin S\u00fcss, destac\u00f3 las excelentes posibilidades que ofrece Gran Canaria para este deporte al contar con agradables temperaturas durante todo el a\u00f1o.<\/p>\n<p>Asimismo, otro de los asuntos tratados en la Feria ha sido la posibilidad de que la agencia de marketing Serina, especializada en la promoci\u00f3n del buceo, organice un evento que ya ha cosechado un gran \u00e9xito en Egipto y Jordania, que trata de un viaje de prensa (Press Trip) que trasladar\u00e1 a la Gran Canaria a diez medios de comunicaci\u00f3n para contar la experiencia de un grupo de 100 buceadores aficionados que nunca han realizado una inmersi\u00f3n en la isla.<\/p>\n<p>Por su parte, el touroperador de viajes Segel Coaching Reisen, especializado en desarrollar incentivos para ejecutivos, fue otra de las empresas que mostr\u00f3 un gran inter\u00e9s por desarrollar en Gran Canaria viajes exclusivos de una semana de duraci\u00f3n, en la que un grupo formado por un m\u00e1ximo de siete personas descubrir\u00e1n la isla desde el mar a bordo de un exclusivo velero.<\/p>\n<p>As\u00ed, las compa\u00f1\u00edas Scansail Yachts y Master Yachting, que actualmente trabajan en Gran Canaria ofertando viajes organizados a bordo de yates y veleros, ampliar\u00e1n su oferta de paquetes vacacionales en la isla ante la alta demanda registrada en los \u00faltimos meses por este producto.<\/p>\n","protected":false},"excerpt":{"rendered":"<p>Los principales touroperadores alemanes especializados en buceo han incluido a Gran Canaria en sus paquetes vacacionales debido a la presentaci\u00f3n del Patronato de Turismo insular de su nueva gu\u00eda dedicada exclusivamente al buceo en la Feria Boot de D\u00fcsseldorf. En este sentido, la nueva gu\u00eda de buceo es una herramienta que ofrece una amplia visi\u00f3n<\/p>\n","protected":false},"author":1,"featured_media":62758,"comment_status":"open","ping_status":"closed","sticky":false,"template":"","format":"standard","meta":{"footnotes":""},"categories":[224],"tags":[],"class_list":{"0":"post-62757","1":"post","2":"type-post","3":"status-publish","4":"format-standard","5":"has-post-thumbnail","7":"category-noticias-actualidad"},"aioseo_notices":[],"aioseo_head":"\n\t\t<!-- All in One SEO Pro 4.9.6.1 - aioseo.com -->\n\t<meta name=\"description\" content=\"Los principales touroperadores alemanes especializados en buceo han incluido a Gran Canaria en sus paquetes vacacionales debido a la presentaci\u00f3n del Patronato de Turismo insular de su nueva gu\u00eda dedicada exclusivamente al buceo en la Feria Boot de D\u00fcsseldorf. En este sentido, la nueva gu\u00eda de buceo es una herramienta que ofrece una amplia visi\u00f3n\" \/>\n\t<meta name=\"robots\" content=\"max-image-preview:large\" \/>\n\t<meta name=\"author\" content=\"admin\"\/>\n\t<meta name=\"google-site-verification\" content=\"UA-38556648-1\" \/>\n\t<meta name=\"keywords\" content=\"noticias y actualidad\" \/>\n\t<link rel=\"canonical\" href=\"https:\/\/eldigitaldeasturias.com\/magazine365\/los-principales-touroperadores-alemanes-especializados-en-buceo-incluyen-a-gran-canaria-en-sus-paquetes-vacacionales\/\" \/>\n\t<meta name=\"generator\" content=\"All in One SEO Pro (AIOSEO) 4.9.6.1\" \/>\n\t\t<meta property=\"og:locale\" content=\"es_ES\" \/>\n\t\t<meta property=\"og:site_name\" content=\"El Digital de Asturias \u2013 Revista de ocio, turismo y estilo de vida\" \/>\n\t\t<meta property=\"og:type\" content=\"article\" \/>\n\t\t<meta property=\"og:title\" content=\"Los principales touroperadores alemanes especializados en buceo incluyen a Gran Canaria en sus paquetes vacacionales | El Digital de Asturias\" \/>\n\t\t<meta property=\"og:description\" content=\"Los principales touroperadores alemanes especializados en buceo han incluido a Gran Canaria en sus paquetes vacacionales debido a la presentaci\u00f3n del Patronato de Turismo insular de su nueva gu\u00eda dedicada exclusivamente al buceo en la Feria Boot de D\u00fcsseldorf. En este sentido, la nueva gu\u00eda de buceo es una herramienta que ofrece una amplia visi\u00f3n\" \/>\n\t\t<meta property=\"og:url\" content=\"https:\/\/eldigitaldeasturias.com\/magazine365\/los-principales-touroperadores-alemanes-especializados-en-buceo-incluyen-a-gran-canaria-en-sus-paquetes-vacacionales\/\" \/>\n\t\t<meta property=\"og:image\" content=\"https:\/\/eldigitaldeasturias.com\/magazine365\/wp-content\/uploads\/2016\/02\/fotonoticia_20160129144632_800.jpg\" \/>\n\t\t<meta property=\"og:image:secure_url\" content=\"https:\/\/eldigitaldeasturias.com\/magazine365\/wp-content\/uploads\/2016\/02\/fotonoticia_20160129144632_800.jpg\" \/>\n\t\t<meta property=\"og:image:width\" content=\"800\" \/>\n\t\t<meta property=\"og:image:height\" content=\"533\" \/>\n\t\t<meta property=\"article:published_time\" content=\"2016-02-02T21:34:20+00:00\" \/>\n\t\t<meta property=\"article:modified_time\" content=\"2016-02-02T21:34:20+00:00\" \/>\n\t\t<meta name=\"twitter:card\" content=\"summary_large_image\" \/>\n\t\t<meta name=\"twitter:title\" content=\"Los principales touroperadores alemanes especializados en buceo incluyen a Gran Canaria en sus paquetes vacacionales | El Digital de Asturias\" \/>\n\t\t<meta name=\"twitter:description\" content=\"Los principales touroperadores alemanes especializados en buceo han incluido a Gran Canaria en sus paquetes vacacionales debido a la presentaci\u00f3n del Patronato de Turismo insular de su nueva gu\u00eda dedicada exclusivamente al buceo en la Feria Boot de D\u00fcsseldorf. En este sentido, la nueva gu\u00eda de buceo es una herramienta que ofrece una amplia visi\u00f3n\" \/>\n\t\t<meta name=\"twitter:image\" content=\"https:\/\/eldigitaldeasturias.com\/magazine365\/wp-content\/uploads\/2016\/02\/fotonoticia_20160129144632_800.jpg\" \/>\n\t\t<script type=\"application\/ld+json\" class=\"aioseo-schema\">\n\t\t\t{\"@context\":\"https:\\\/\\\/schema.org\",\"@graph\":[{\"@type\":\"Article\",\"@id\":\"https:\\\/\\\/eldigitaldeasturias.com\\\/magazine365\\\/los-principales-touroperadores-alemanes-especializados-en-buceo-incluyen-a-gran-canaria-en-sus-paquetes-vacacionales\\\/#article\",\"name\":\"Los principales touroperadores alemanes especializados en buceo incluyen a Gran Canaria en sus paquetes vacacionales | El Digital de Asturias\",\"headline\":\"Los principales touroperadores alemanes especializados en buceo incluyen a Gran Canaria en sus paquetes vacacionales\",\"author\":{\"@id\":\"https:\\\/\\\/eldigitaldeasturias.com\\\/magazine365\\\/author\\\/admin\\\/#author\"},\"publisher\":{\"@id\":\"https:\\\/\\\/eldigitaldeasturias.com\\\/magazine365\\\/#organization\"},\"image\":{\"@type\":\"ImageObject\",\"url\":\"https:\\\/\\\/eldigitaldeasturias.com\\\/magazine365\\\/wp-content\\\/uploads\\\/2016\\\/02\\\/fotonoticia_20160129144632_800.jpg\",\"width\":800,\"height\":533},\"datePublished\":\"2016-02-02T22:34:20+01:00\",\"dateModified\":\"2016-02-02T22:34:20+01:00\",\"inLanguage\":\"es-ES\",\"mainEntityOfPage\":{\"@id\":\"https:\\\/\\\/eldigitaldeasturias.com\\\/magazine365\\\/los-principales-touroperadores-alemanes-especializados-en-buceo-incluyen-a-gran-canaria-en-sus-paquetes-vacacionales\\\/#webpage\"},\"isPartOf\":{\"@id\":\"https:\\\/\\\/eldigitaldeasturias.com\\\/magazine365\\\/los-principales-touroperadores-alemanes-especializados-en-buceo-incluyen-a-gran-canaria-en-sus-paquetes-vacacionales\\\/#webpage\"},\"articleSection\":\"Noticias y Actualidad\"},{\"@type\":\"BreadcrumbList\",\"@id\":\"https:\\\/\\\/eldigitaldeasturias.com\\\/magazine365\\\/los-principales-touroperadores-alemanes-especializados-en-buceo-incluyen-a-gran-canaria-en-sus-paquetes-vacacionales\\\/#breadcrumblist\",\"itemListElement\":[{\"@type\":\"ListItem\",\"@id\":\"https:\\\/\\\/eldigitaldeasturias.com\\\/magazine365#listItem\",\"position\":1,\"name\":\"Home\",\"item\":\"https:\\\/\\\/eldigitaldeasturias.com\\\/magazine365\",\"nextItem\":{\"@type\":\"ListItem\",\"@id\":\"https:\\\/\\\/eldigitaldeasturias.com\\\/magazine365\\\/category\\\/noticias-actualidad\\\/#listItem\",\"name\":\"Noticias y Actualidad\"}},{\"@type\":\"ListItem\",\"@id\":\"https:\\\/\\\/eldigitaldeasturias.com\\\/magazine365\\\/category\\\/noticias-actualidad\\\/#listItem\",\"position\":2,\"name\":\"Noticias y Actualidad\",\"item\":\"https:\\\/\\\/eldigitaldeasturias.com\\\/magazine365\\\/category\\\/noticias-actualidad\\\/\",\"nextItem\":{\"@type\":\"ListItem\",\"@id\":\"https:\\\/\\\/eldigitaldeasturias.com\\\/magazine365\\\/los-principales-touroperadores-alemanes-especializados-en-buceo-incluyen-a-gran-canaria-en-sus-paquetes-vacacionales\\\/#listItem\",\"name\":\"Los principales touroperadores alemanes especializados en buceo incluyen a Gran Canaria en sus paquetes vacacionales\"},\"previousItem\":{\"@type\":\"ListItem\",\"@id\":\"https:\\\/\\\/eldigitaldeasturias.com\\\/magazine365#listItem\",\"name\":\"Home\"}},{\"@type\":\"ListItem\",\"@id\":\"https:\\\/\\\/eldigitaldeasturias.com\\\/magazine365\\\/los-principales-touroperadores-alemanes-especializados-en-buceo-incluyen-a-gran-canaria-en-sus-paquetes-vacacionales\\\/#listItem\",\"position\":3,\"name\":\"Los principales touroperadores alemanes especializados en buceo incluyen a Gran Canaria en sus paquetes vacacionales\",\"previousItem\":{\"@type\":\"ListItem\",\"@id\":\"https:\\\/\\\/eldigitaldeasturias.com\\\/magazine365\\\/category\\\/noticias-actualidad\\\/#listItem\",\"name\":\"Noticias y Actualidad\"}}]},{\"@type\":\"Organization\",\"@id\":\"https:\\\/\\\/eldigitaldeasturias.com\\\/magazine365\\\/#organization\",\"name\":\"El digital de Asturias\",\"description\":\"Revista de ocio, turismo y estilo de vida\",\"url\":\"https:\\\/\\\/eldigitaldeasturias.com\\\/magazine365\\\/\",\"logo\":{\"@type\":\"ImageObject\",\"url\":\"https:\\\/\\\/www.eldigitaldeasturias.com\\\/noticias\\\/wp-content\\\/uploads\\\/2020\\\/12\\\/EDA.jpg\",\"@id\":\"https:\\\/\\\/eldigitaldeasturias.com\\\/magazine365\\\/los-principales-touroperadores-alemanes-especializados-en-buceo-incluyen-a-gran-canaria-en-sus-paquetes-vacacionales\\\/#organizationLogo\"},\"image\":{\"@id\":\"https:\\\/\\\/eldigitaldeasturias.com\\\/magazine365\\\/los-principales-touroperadores-alemanes-especializados-en-buceo-incluyen-a-gran-canaria-en-sus-paquetes-vacacionales\\\/#organizationLogo\"}},{\"@type\":\"Person\",\"@id\":\"https:\\\/\\\/eldigitaldeasturias.com\\\/magazine365\\\/author\\\/admin\\\/#author\",\"url\":\"https:\\\/\\\/eldigitaldeasturias.com\\\/magazine365\\\/author\\\/admin\\\/\",\"name\":\"admin\",\"image\":{\"@type\":\"ImageObject\",\"@id\":\"https:\\\/\\\/eldigitaldeasturias.com\\\/magazine365\\\/los-principales-touroperadores-alemanes-especializados-en-buceo-incluyen-a-gran-canaria-en-sus-paquetes-vacacionales\\\/#authorImage\",\"url\":\"https:\\\/\\\/eldigitaldeasturias.com\\\/magazine365\\\/wp-content\\\/litespeed\\\/avatar\\\/e571bcf59a0edd6fa6838245a470f2fe.jpg?ver=1776969259\",\"width\":96,\"height\":96,\"caption\":\"admin\"}},{\"@type\":\"WebPage\",\"@id\":\"https:\\\/\\\/eldigitaldeasturias.com\\\/magazine365\\\/los-principales-touroperadores-alemanes-especializados-en-buceo-incluyen-a-gran-canaria-en-sus-paquetes-vacacionales\\\/#webpage\",\"url\":\"https:\\\/\\\/eldigitaldeasturias.com\\\/magazine365\\\/los-principales-touroperadores-alemanes-especializados-en-buceo-incluyen-a-gran-canaria-en-sus-paquetes-vacacionales\\\/\",\"name\":\"Los principales touroperadores alemanes especializados en buceo incluyen a Gran Canaria en sus paquetes vacacionales | El Digital de Asturias\",\"description\":\"Los principales touroperadores alemanes especializados en buceo han incluido a Gran Canaria en sus paquetes vacacionales debido a la presentaci\\u00f3n del Patronato de Turismo insular de su nueva gu\\u00eda dedicada exclusivamente al buceo en la Feria Boot de D\\u00fcsseldorf. En este sentido, la nueva gu\\u00eda de buceo es una herramienta que ofrece una amplia visi\\u00f3n\",\"inLanguage\":\"es-ES\",\"isPartOf\":{\"@id\":\"https:\\\/\\\/eldigitaldeasturias.com\\\/magazine365\\\/#website\"},\"breadcrumb\":{\"@id\":\"https:\\\/\\\/eldigitaldeasturias.com\\\/magazine365\\\/los-principales-touroperadores-alemanes-especializados-en-buceo-incluyen-a-gran-canaria-en-sus-paquetes-vacacionales\\\/#breadcrumblist\"},\"author\":{\"@id\":\"https:\\\/\\\/eldigitaldeasturias.com\\\/magazine365\\\/author\\\/admin\\\/#author\"},\"creator\":{\"@id\":\"https:\\\/\\\/eldigitaldeasturias.com\\\/magazine365\\\/author\\\/admin\\\/#author\"},\"image\":{\"@type\":\"ImageObject\",\"url\":\"https:\\\/\\\/eldigitaldeasturias.com\\\/magazine365\\\/wp-content\\\/uploads\\\/2016\\\/02\\\/fotonoticia_20160129144632_800.jpg\",\"@id\":\"https:\\\/\\\/eldigitaldeasturias.com\\\/magazine365\\\/los-principales-touroperadores-alemanes-especializados-en-buceo-incluyen-a-gran-canaria-en-sus-paquetes-vacacionales\\\/#mainImage\",\"width\":800,\"height\":533},\"primaryImageOfPage\":{\"@id\":\"https:\\\/\\\/eldigitaldeasturias.com\\\/magazine365\\\/los-principales-touroperadores-alemanes-especializados-en-buceo-incluyen-a-gran-canaria-en-sus-paquetes-vacacionales\\\/#mainImage\"},\"datePublished\":\"2016-02-02T22:34:20+01:00\",\"dateModified\":\"2016-02-02T22:34:20+01:00\"},{\"@type\":\"WebSite\",\"@id\":\"https:\\\/\\\/eldigitaldeasturias.com\\\/magazine365\\\/#website\",\"url\":\"https:\\\/\\\/eldigitaldeasturias.com\\\/magazine365\\\/\",\"name\":\"El Digital de Asturias\",\"description\":\"Revista de ocio, turismo y estilo de vida\",\"inLanguage\":\"es-ES\",\"publisher\":{\"@id\":\"https:\\\/\\\/eldigitaldeasturias.com\\\/magazine365\\\/#organization\"}}]}\n\t\t<\/script>\n\t\t<!-- All in One SEO Pro -->\r\n\t\t<title>Los principales touroperadores alemanes especializados en buceo incluyen a Gran Canaria en sus paquetes vacacionales | El Digital de Asturias<\/title>\n\n","aioseo_head_json":{"title":"Los principales touroperadores alemanes especializados en buceo incluyen a Gran Canaria en sus paquetes vacacionales | El Digital de Asturias","description":"Los principales touroperadores alemanes especializados en buceo han incluido a Gran Canaria en sus paquetes vacacionales debido a la presentaci\u00f3n del Patronato de Turismo insular de su nueva gu\u00eda dedicada exclusivamente al buceo en la Feria Boot de D\u00fcsseldorf. En este sentido, la nueva gu\u00eda de buceo es una herramienta que ofrece una amplia visi\u00f3n","canonical_url":"https:\/\/eldigitaldeasturias.com\/magazine365\/los-principales-touroperadores-alemanes-especializados-en-buceo-incluyen-a-gran-canaria-en-sus-paquetes-vacacionales\/","robots":"max-image-preview:large","keywords":"noticias y actualidad","webmasterTools":{"google-site-verification":"UA-38556648-1","miscellaneous":""},"schema":{"@context":"https:\/\/schema.org","@graph":[{"@type":"Article","@id":"https:\/\/eldigitaldeasturias.com\/magazine365\/los-principales-touroperadores-alemanes-especializados-en-buceo-incluyen-a-gran-canaria-en-sus-paquetes-vacacionales\/#article","name":"Los principales touroperadores alemanes especializados en buceo incluyen a Gran Canaria en sus paquetes vacacionales | El Digital de Asturias","headline":"Los principales touroperadores alemanes especializados en buceo incluyen a Gran Canaria en sus paquetes vacacionales","author":{"@id":"https:\/\/eldigitaldeasturias.com\/magazine365\/author\/admin\/#author"},"publisher":{"@id":"https:\/\/eldigitaldeasturias.com\/magazine365\/#organization"},"image":{"@type":"ImageObject","url":"https:\/\/eldigitaldeasturias.com\/magazine365\/wp-content\/uploads\/2016\/02\/fotonoticia_20160129144632_800.jpg","width":800,"height":533},"datePublished":"2016-02-02T22:34:20+01:00","dateModified":"2016-02-02T22:34:20+01:00","inLanguage":"es-ES","mainEntityOfPage":{"@id":"https:\/\/eldigitaldeasturias.com\/magazine365\/los-principales-touroperadores-alemanes-especializados-en-buceo-incluyen-a-gran-canaria-en-sus-paquetes-vacacionales\/#webpage"},"isPartOf":{"@id":"https:\/\/eldigitaldeasturias.com\/magazine365\/los-principales-touroperadores-alemanes-especializados-en-buceo-incluyen-a-gran-canaria-en-sus-paquetes-vacacionales\/#webpage"},"articleSection":"Noticias y Actualidad"},{"@type":"BreadcrumbList","@id":"https:\/\/eldigitaldeasturias.com\/magazine365\/los-principales-touroperadores-alemanes-especializados-en-buceo-incluyen-a-gran-canaria-en-sus-paquetes-vacacionales\/#breadcrumblist","itemListElement":[{"@type":"ListItem","@id":"https:\/\/eldigitaldeasturias.com\/magazine365#listItem","position":1,"name":"Home","item":"https:\/\/eldigitaldeasturias.com\/magazine365","nextItem":{"@type":"ListItem","@id":"https:\/\/eldigitaldeasturias.com\/magazine365\/category\/noticias-actualidad\/#listItem","name":"Noticias y Actualidad"}},{"@type":"ListItem","@id":"https:\/\/eldigitaldeasturias.com\/magazine365\/category\/noticias-actualidad\/#listItem","position":2,"name":"Noticias y Actualidad","item":"https:\/\/eldigitaldeasturias.com\/magazine365\/category\/noticias-actualidad\/","nextItem":{"@type":"ListItem","@id":"https:\/\/eldigitaldeasturias.com\/magazine365\/los-principales-touroperadores-alemanes-especializados-en-buceo-incluyen-a-gran-canaria-en-sus-paquetes-vacacionales\/#listItem","name":"Los principales touroperadores alemanes especializados en buceo incluyen a Gran Canaria en sus paquetes vacacionales"},"previousItem":{"@type":"ListItem","@id":"https:\/\/eldigitaldeasturias.com\/magazine365#listItem","name":"Home"}},{"@type":"ListItem","@id":"https:\/\/eldigitaldeasturias.com\/magazine365\/los-principales-touroperadores-alemanes-especializados-en-buceo-incluyen-a-gran-canaria-en-sus-paquetes-vacacionales\/#listItem","position":3,"name":"Los principales touroperadores alemanes especializados en buceo incluyen a Gran Canaria en sus paquetes vacacionales","previousItem":{"@type":"ListItem","@id":"https:\/\/eldigitaldeasturias.com\/magazine365\/category\/noticias-actualidad\/#listItem","name":"Noticias y Actualidad"}}]},{"@type":"Organization","@id":"https:\/\/eldigitaldeasturias.com\/magazine365\/#organization","name":"El digital de Asturias","description":"Revista de ocio, turismo y estilo de vida","url":"https:\/\/eldigitaldeasturias.com\/magazine365\/","logo":{"@type":"ImageObject","url":"https:\/\/www.eldigitaldeasturias.com\/noticias\/wp-content\/uploads\/2020\/12\/EDA.jpg","@id":"https:\/\/eldigitaldeasturias.com\/magazine365\/los-principales-touroperadores-alemanes-especializados-en-buceo-incluyen-a-gran-canaria-en-sus-paquetes-vacacionales\/#organizationLogo"},"image":{"@id":"https:\/\/eldigitaldeasturias.com\/magazine365\/los-principales-touroperadores-alemanes-especializados-en-buceo-incluyen-a-gran-canaria-en-sus-paquetes-vacacionales\/#organizationLogo"}},{"@type":"Person","@id":"https:\/\/eldigitaldeasturias.com\/magazine365\/author\/admin\/#author","url":"https:\/\/eldigitaldeasturias.com\/magazine365\/author\/admin\/","name":"admin","image":{"@type":"ImageObject","@id":"https:\/\/eldigitaldeasturias.com\/magazine365\/los-principales-touroperadores-alemanes-especializados-en-buceo-incluyen-a-gran-canaria-en-sus-paquetes-vacacionales\/#authorImage","url":"https:\/\/eldigitaldeasturias.com\/magazine365\/wp-content\/litespeed\/avatar\/e571bcf59a0edd6fa6838245a470f2fe.jpg?ver=1776969259","width":96,"height":96,"caption":"admin"}},{"@type":"WebPage","@id":"https:\/\/eldigitaldeasturias.com\/magazine365\/los-principales-touroperadores-alemanes-especializados-en-buceo-incluyen-a-gran-canaria-en-sus-paquetes-vacacionales\/#webpage","url":"https:\/\/eldigitaldeasturias.com\/magazine365\/los-principales-touroperadores-alemanes-especializados-en-buceo-incluyen-a-gran-canaria-en-sus-paquetes-vacacionales\/","name":"Los principales touroperadores alemanes especializados en buceo incluyen a Gran Canaria en sus paquetes vacacionales | El Digital de Asturias","description":"Los principales touroperadores alemanes especializados en buceo han incluido a Gran Canaria en sus paquetes vacacionales debido a la presentaci\u00f3n del Patronato de Turismo insular de su nueva gu\u00eda dedicada exclusivamente al buceo en la Feria Boot de D\u00fcsseldorf. En este sentido, la nueva gu\u00eda de buceo es una herramienta que ofrece una amplia visi\u00f3n","inLanguage":"es-ES","isPartOf":{"@id":"https:\/\/eldigitaldeasturias.com\/magazine365\/#website"},"breadcrumb":{"@id":"https:\/\/eldigitaldeasturias.com\/magazine365\/los-principales-touroperadores-alemanes-especializados-en-buceo-incluyen-a-gran-canaria-en-sus-paquetes-vacacionales\/#breadcrumblist"},"author":{"@id":"https:\/\/eldigitaldeasturias.com\/magazine365\/author\/admin\/#author"},"creator":{"@id":"https:\/\/eldigitaldeasturias.com\/magazine365\/author\/admin\/#author"},"image":{"@type":"ImageObject","url":"https:\/\/eldigitaldeasturias.com\/magazine365\/wp-content\/uploads\/2016\/02\/fotonoticia_20160129144632_800.jpg","@id":"https:\/\/eldigitaldeasturias.com\/magazine365\/los-principales-touroperadores-alemanes-especializados-en-buceo-incluyen-a-gran-canaria-en-sus-paquetes-vacacionales\/#mainImage","width":800,"height":533},"primaryImageOfPage":{"@id":"https:\/\/eldigitaldeasturias.com\/magazine365\/los-principales-touroperadores-alemanes-especializados-en-buceo-incluyen-a-gran-canaria-en-sus-paquetes-vacacionales\/#mainImage"},"datePublished":"2016-02-02T22:34:20+01:00","dateModified":"2016-02-02T22:34:20+01:00"},{"@type":"WebSite","@id":"https:\/\/eldigitaldeasturias.com\/magazine365\/#website","url":"https:\/\/eldigitaldeasturias.com\/magazine365\/","name":"El Digital de Asturias","description":"Revista de ocio, turismo y estilo de vida","inLanguage":"es-ES","publisher":{"@id":"https:\/\/eldigitaldeasturias.com\/magazine365\/#organization"}}]},"og:locale":"es_ES","og:site_name":"El Digital de Asturias \u2013 Revista de ocio, turismo y estilo de vida","og:type":"article","og:title":"Los principales touroperadores alemanes especializados en buceo incluyen a Gran Canaria en sus paquetes vacacionales | El Digital de Asturias","og:description":"Los principales touroperadores alemanes especializados en buceo han incluido a Gran Canaria en sus paquetes vacacionales debido a la presentaci\u00f3n del Patronato de Turismo insular de su nueva gu\u00eda dedicada exclusivamente al buceo en la Feria Boot de D\u00fcsseldorf. En este sentido, la nueva gu\u00eda de buceo es una herramienta que ofrece una amplia visi\u00f3n","og:url":"https:\/\/eldigitaldeasturias.com\/magazine365\/los-principales-touroperadores-alemanes-especializados-en-buceo-incluyen-a-gran-canaria-en-sus-paquetes-vacacionales\/","og:image":"https:\/\/eldigitaldeasturias.com\/magazine365\/wp-content\/uploads\/2016\/02\/fotonoticia_20160129144632_800.jpg","og:image:secure_url":"https:\/\/eldigitaldeasturias.com\/magazine365\/wp-content\/uploads\/2016\/02\/fotonoticia_20160129144632_800.jpg","og:image:width":800,"og:image:height":533,"article:published_time":"2016-02-02T21:34:20+00:00","article:modified_time":"2016-02-02T21:34:20+00:00","twitter:card":"summary_large_image","twitter:title":"Los principales touroperadores alemanes especializados en buceo incluyen a Gran Canaria en sus paquetes vacacionales | El Digital de Asturias","twitter:description":"Los principales touroperadores alemanes especializados en buceo han incluido a Gran Canaria en sus paquetes vacacionales debido a la presentaci\u00f3n del Patronato de Turismo insular de su nueva gu\u00eda dedicada exclusivamente al buceo en la Feria Boot de D\u00fcsseldorf. En este sentido, la nueva gu\u00eda de buceo es una herramienta que ofrece una amplia visi\u00f3n","twitter:image":"https:\/\/eldigitaldeasturias.com\/magazine365\/wp-content\/uploads\/2016\/02\/fotonoticia_20160129144632_800.jpg"},"aioseo_meta_data":{"post_id":"62757","title":null,"description":null,"keywords":null,"keyphrases":null,"primary_term":null,"canonical_url":null,"og_title":null,"og_description":null,"og_object_type":"default","og_image_type":"default","og_image_url":null,"og_image_width":null,"og_image_height":null,"og_image_custom_url":null,"og_image_custom_fields":null,"og_video":null,"og_custom_url":null,"og_article_section":null,"og_article_tags":null,"twitter_use_og":false,"twitter_card":"default","twitter_image_type":"default","twitter_image_url":null,"twitter_image_custom_url":null,"twitter_image_custom_fields":null,"twitter_title":null,"twitter_description":null,"schema":{"blockGraphs":[],"customGraphs":[],"default":{"data":{"Article":[],"Course":[],"Dataset":[],"FAQPage":[],"Movie":[],"Person":[],"Product":[],"ProductReview":[],"Car":[],"Recipe":[],"Service":[],"SoftwareApplication":[],"WebPage":[]},"graphName":"","isEnabled":true},"graphs":[],"defaultGraph":"","defaultPostTypeGraph":""},"schema_type":null,"schema_type_options":null,"pillar_content":false,"robots_default":true,"robots_noindex":false,"robots_noarchive":false,"robots_nosnippet":false,"robots_nofollow":false,"robots_noimageindex":false,"robots_noodp":false,"robots_notranslate":false,"robots_max_snippet":null,"robots_max_videopreview":null,"robots_max_imagepreview":"large","priority":null,"frequency":null,"location":null,"local_seo":null,"seo_analyzer_scan_date":"2025-09-25 11:48:02","breadcrumb_settings":null,"limit_modified_date":false,"open_ai":null,"ai":null,"created":"2021-03-08 21:31:33","updated":"2025-09-25 11:48:02"},"aioseo_breadcrumb":"<div class=\"aioseo-breadcrumbs\"><span class=\"aioseo-breadcrumb\">\n\t<a href=\"https:\/\/eldigitaldeasturias.com\/magazine365\" title=\"Home\">Home<\/a>\n<\/span><span class=\"aioseo-breadcrumb-separator\">\u2013<\/span><span class=\"aioseo-breadcrumb\">\n\t<a href=\"https:\/\/eldigitaldeasturias.com\/magazine365\/category\/noticias-actualidad\/\" title=\"Noticias y Actualidad\">Noticias y Actualidad<\/a>\n<\/span><span class=\"aioseo-breadcrumb-separator\">\u2013<\/span><span class=\"aioseo-breadcrumb\">\n\t<a href=\"https:\/\/eldigitaldeasturias.com\/magazine365\/los-principales-touroperadores-alemanes-especializados-en-buceo-incluyen-a-gran-canaria-en-sus-paquetes-vacacionales\/\" title=\"Los principales touroperadores alemanes especializados en buceo incluyen a Gran Canaria en sus paquetes vacacionales\">Los principales touroperadores alemanes especializados en buceo incluyen a Gran Canaria en sus paquetes vacacionales<\/a>\n<\/span><\/div>","aioseo_breadcrumb_json":[{"label":"Home","link":"https:\/\/eldigitaldeasturias.com\/magazine365"},{"label":"Noticias y Actualidad","link":"https:\/\/eldigitaldeasturias.com\/magazine365\/category\/noticias-actualidad\/"},{"label":"Los principales touroperadores alemanes especializados en buceo incluyen a Gran Canaria en sus paquetes vacacionales","link":"https:\/\/eldigitaldeasturias.com\/magazine365\/los-principales-touroperadores-alemanes-especializados-en-buceo-incluyen-a-gran-canaria-en-sus-paquetes-vacacionales\/"}],"_links":{"self":[{"href":"https:\/\/eldigitaldeasturias.com\/magazine365\/wp-json\/wp\/v2\/posts\/62757","targetHints":{"allow":["GET"]}}],"collection":[{"href":"https:\/\/eldigitaldeasturias.com\/magazine365\/wp-json\/wp\/v2\/posts"}],"about":[{"href":"https:\/\/eldigitaldeasturias.com\/magazine365\/wp-json\/wp\/v2\/types\/post"}],"author":[{"embeddable":true,"href":"https:\/\/eldigitaldeasturias.com\/magazine365\/wp-json\/wp\/v2\/users\/1"}],"replies":[{"embeddable":true,"href":"https:\/\/eldigitaldeasturias.com\/magazine365\/wp-json\/wp\/v2\/comments?post=62757"}],"version-history":[{"count":0,"href":"https:\/\/eldigitaldeasturias.com\/magazine365\/wp-json\/wp\/v2\/posts\/62757\/revisions"}],"wp:featuredmedia":[{"embeddable":true,"href":"https:\/\/eldigitaldeasturias.com\/magazine365\/wp-json\/wp\/v2\/media\/62758"}],"wp:attachment":[{"href":"https:\/\/eldigitaldeasturias.com\/magazine365\/wp-json\/wp\/v2\/media?parent=62757"}],"wp:term":[{"taxonomy":"category","embeddable":true,"href":"https:\/\/eldigitaldeasturias.com\/magazine365\/wp-json\/wp\/v2\/categories?post=62757"},{"taxonomy":"post_tag","embeddable":true,"href":"https:\/\/eldigitaldeasturias.com\/magazine365\/wp-json\/wp\/v2\/tags?post=62757"}],"curies":[{"name":"wp","href":"https:\/\/api.w.org\/{rel}","templated":true}]}}