{"id":62754,"date":"2016-02-02T16:38:40","date_gmt":"2016-02-02T15:38:40","guid":{"rendered":"http:\/\/eldigitaldeasturias.com\/magazine365\/?p=62754"},"modified":"2016-02-02T16:38:40","modified_gmt":"2016-02-02T15:38:40","slug":"el-principado-dice-que-2015-fue-un-ano-historico-para-el-turismo","status":"publish","type":"post","link":"https:\/\/eldigitaldeasturias.com\/magazine365\/el-principado-dice-que-2015-fue-un-ano-historico-para-el-turismo\/","title":{"rendered":"El Principado dice que 2015 fue un \u00aba\u00f1o hist\u00f3rico\u00bb para el turismo"},"content":{"rendered":"<p><img fetchpriority=\"high\" decoding=\"async\" class=\"alignleft size-medium wp-image-62755\" src=\"https:\/\/eldigitaldeasturias.com\/magazine365\/wp-content\/uploads\/2016\/02\/fotonoticia_20160129144444_800-360x202.jpg\" alt=\"fotonoticia_20160129144444_800\" width=\"360\" height=\"202\" srcset=\"https:\/\/eldigitaldeasturias.com\/magazine365\/wp-content\/uploads\/2016\/02\/fotonoticia_20160129144444_800-360x202.jpg 360w, https:\/\/eldigitaldeasturias.com\/magazine365\/wp-content\/uploads\/2016\/02\/fotonoticia_20160129144444_800-650x365.jpg 650w, https:\/\/eldigitaldeasturias.com\/magazine365\/wp-content\/uploads\/2016\/02\/fotonoticia_20160129144444_800-768x431.jpg 768w, https:\/\/eldigitaldeasturias.com\/magazine365\/wp-content\/uploads\/2016\/02\/fotonoticia_20160129144444_800-150x84.jpg 150w, https:\/\/eldigitaldeasturias.com\/magazine365\/wp-content\/uploads\/2016\/02\/fotonoticia_20160129144444_800-450x253.jpg 450w, https:\/\/eldigitaldeasturias.com\/magazine365\/wp-content\/uploads\/2016\/02\/fotonoticia_20160129144444_800-696x391.jpg 696w, https:\/\/eldigitaldeasturias.com\/magazine365\/wp-content\/uploads\/2016\/02\/fotonoticia_20160129144444_800-748x420.jpg 748w, https:\/\/eldigitaldeasturias.com\/magazine365\/wp-content\/uploads\/2016\/02\/fotonoticia_20160129144444_800-499x280.jpg 499w, https:\/\/eldigitaldeasturias.com\/magazine365\/wp-content\/uploads\/2016\/02\/fotonoticia_20160129144444_800.jpg 800w\" sizes=\"(max-width: 360px) 100vw, 360px\" \/>El director general de Comercio y Turismo de Asturias, Julio Gonz\u00e1lez Zapico, se ha referido a 2015 como un \u00aba\u00f1o hist\u00f3rico\u00bb para el turismo en la regi\u00f3n, al registrarse un importante aumento tanto en visitantes como en pernoctaciones.<\/p>\n<p>Seg\u00fan los datos que ha aportado a trav\u00e9s de una nota de prensa, los alojamientos tur\u00edsticos asturianos registraron el a\u00f1o pasado 2.086.754 turistas y 4.909.400 pernoctaciones. En n\u00famero de visitantes se consigui\u00f3 una cifra r\u00e9cord, mientras que en las pernoctaciones fue el \u00fanico ejercicio en el que se superaron los 4,9 millones junto con 2006 y 2007, con 4.926.777 y 4.967.301 pernoctaciones respectivamente. As\u00ed, Asturias cerr\u00f3 2015 con un crecimiento en turistas del 9,5% y del 10,8% en pernoctaciones en relaci\u00f3n con el a\u00f1o anterior.<\/p>\n<p>Gonz\u00e1lez Zapico tambi\u00e9n ha subrayado la coincidencia de la celebraci\u00f3n de los 30 a\u00f1os de turismo rural, que fue cabecera del estand de Asturias en Fitur la pasada semana, con las cifras de 2015 para este segmento conocidas este viernes.<\/p>\n<p>\u00abEl turismo rural, con 207.602 visitantes, ha alcanzado el mejor registro de su serie hist\u00f3rica, mostrando la renovada fortaleza de este sector tan relevante para Asturias\u00bb, ha indicado.<\/p>\n","protected":false},"excerpt":{"rendered":"<p>El director general de Comercio y Turismo de Asturias, Julio Gonz\u00e1lez Zapico, se ha referido a 2015 como un \u00aba\u00f1o hist\u00f3rico\u00bb para el turismo en la regi\u00f3n, al registrarse un importante aumento tanto en visitantes como en pernoctaciones. Seg\u00fan los datos que ha aportado a trav\u00e9s de una nota de prensa, los alojamientos tur\u00edsticos asturianos<\/p>\n","protected":false},"author":1,"featured_media":62755,"comment_status":"open","ping_status":"closed","sticky":false,"template":"","format":"standard","meta":{"footnotes":""},"categories":[224],"tags":[],"class_list":{"0":"post-62754","1":"post","2":"type-post","3":"status-publish","4":"format-standard","5":"has-post-thumbnail","7":"category-noticias-actualidad"},"aioseo_notices":[],"aioseo_head":"\n\t\t<!-- All in One SEO Pro 4.9.6.1 - aioseo.com -->\n\t<meta name=\"description\" content=\"El director general de Comercio y Turismo de Asturias, Julio Gonz\u00e1lez Zapico, se ha referido a 2015 como un &quot;a\u00f1o hist\u00f3rico&quot; para el turismo en la regi\u00f3n, al registrarse un importante aumento tanto en visitantes como en pernoctaciones. Seg\u00fan los datos que ha aportado a trav\u00e9s de una nota de prensa, los alojamientos tur\u00edsticos asturianos\" \/>\n\t<meta name=\"robots\" content=\"max-image-preview:large\" \/>\n\t<meta name=\"author\" content=\"admin\"\/>\n\t<meta name=\"google-site-verification\" content=\"UA-38556648-1\" \/>\n\t<meta name=\"keywords\" content=\"noticias y actualidad\" \/>\n\t<link rel=\"canonical\" href=\"https:\/\/eldigitaldeasturias.com\/magazine365\/el-principado-dice-que-2015-fue-un-ano-historico-para-el-turismo\/\" \/>\n\t<meta name=\"generator\" content=\"All in One SEO Pro (AIOSEO) 4.9.6.1\" \/>\n\t\t<meta property=\"og:locale\" content=\"es_ES\" \/>\n\t\t<meta property=\"og:site_name\" content=\"El Digital de Asturias \u2013 Revista de ocio, turismo y estilo de vida\" \/>\n\t\t<meta property=\"og:type\" content=\"article\" \/>\n\t\t<meta property=\"og:title\" content=\"El Principado dice que 2015 fue un \u00aba\u00f1o hist\u00f3rico\u00bb para el turismo | El Digital de Asturias\" \/>\n\t\t<meta property=\"og:description\" content=\"El director general de Comercio y Turismo de Asturias, Julio Gonz\u00e1lez Zapico, se ha referido a 2015 como un &quot;a\u00f1o hist\u00f3rico&quot; para el turismo en la regi\u00f3n, al registrarse un importante aumento tanto en visitantes como en pernoctaciones. Seg\u00fan los datos que ha aportado a trav\u00e9s de una nota de prensa, los alojamientos tur\u00edsticos asturianos\" \/>\n\t\t<meta property=\"og:url\" content=\"https:\/\/eldigitaldeasturias.com\/magazine365\/el-principado-dice-que-2015-fue-un-ano-historico-para-el-turismo\/\" \/>\n\t\t<meta property=\"og:image\" content=\"https:\/\/eldigitaldeasturias.com\/magazine365\/wp-content\/uploads\/2016\/02\/fotonoticia_20160129144444_800.jpg\" \/>\n\t\t<meta property=\"og:image:secure_url\" content=\"https:\/\/eldigitaldeasturias.com\/magazine365\/wp-content\/uploads\/2016\/02\/fotonoticia_20160129144444_800.jpg\" \/>\n\t\t<meta property=\"og:image:width\" content=\"800\" \/>\n\t\t<meta property=\"og:image:height\" content=\"449\" \/>\n\t\t<meta property=\"article:published_time\" content=\"2016-02-02T15:38:40+00:00\" \/>\n\t\t<meta property=\"article:modified_time\" content=\"2016-02-02T15:38:40+00:00\" \/>\n\t\t<meta name=\"twitter:card\" content=\"summary_large_image\" \/>\n\t\t<meta name=\"twitter:title\" content=\"El Principado dice que 2015 fue un \u00aba\u00f1o hist\u00f3rico\u00bb para el turismo | El Digital de Asturias\" \/>\n\t\t<meta name=\"twitter:description\" content=\"El director general de Comercio y Turismo de Asturias, Julio Gonz\u00e1lez Zapico, se ha referido a 2015 como un &quot;a\u00f1o hist\u00f3rico&quot; para el turismo en la regi\u00f3n, al registrarse un importante aumento tanto en visitantes como en pernoctaciones. Seg\u00fan los datos que ha aportado a trav\u00e9s de una nota de prensa, los alojamientos tur\u00edsticos asturianos\" \/>\n\t\t<meta name=\"twitter:image\" content=\"https:\/\/eldigitaldeasturias.com\/magazine365\/wp-content\/uploads\/2016\/02\/fotonoticia_20160129144444_800.jpg\" \/>\n\t\t<script type=\"application\/ld+json\" class=\"aioseo-schema\">\n\t\t\t{\"@context\":\"https:\\\/\\\/schema.org\",\"@graph\":[{\"@type\":\"Article\",\"@id\":\"https:\\\/\\\/eldigitaldeasturias.com\\\/magazine365\\\/el-principado-dice-que-2015-fue-un-ano-historico-para-el-turismo\\\/#article\",\"name\":\"El Principado dice que 2015 fue un \\u00aba\\u00f1o hist\\u00f3rico\\u00bb para el turismo | El Digital de Asturias\",\"headline\":\"El Principado dice que 2015 fue un \\u00aba\\u00f1o hist\\u00f3rico\\u00bb para el turismo\",\"author\":{\"@id\":\"https:\\\/\\\/eldigitaldeasturias.com\\\/magazine365\\\/author\\\/admin\\\/#author\"},\"publisher\":{\"@id\":\"https:\\\/\\\/eldigitaldeasturias.com\\\/magazine365\\\/#organization\"},\"image\":{\"@type\":\"ImageObject\",\"url\":\"https:\\\/\\\/eldigitaldeasturias.com\\\/magazine365\\\/wp-content\\\/uploads\\\/2016\\\/02\\\/fotonoticia_20160129144444_800.jpg\",\"width\":800,\"height\":449},\"datePublished\":\"2016-02-02T16:38:40+01:00\",\"dateModified\":\"2016-02-02T16:38:40+01:00\",\"inLanguage\":\"es-ES\",\"mainEntityOfPage\":{\"@id\":\"https:\\\/\\\/eldigitaldeasturias.com\\\/magazine365\\\/el-principado-dice-que-2015-fue-un-ano-historico-para-el-turismo\\\/#webpage\"},\"isPartOf\":{\"@id\":\"https:\\\/\\\/eldigitaldeasturias.com\\\/magazine365\\\/el-principado-dice-que-2015-fue-un-ano-historico-para-el-turismo\\\/#webpage\"},\"articleSection\":\"Noticias y Actualidad\"},{\"@type\":\"BreadcrumbList\",\"@id\":\"https:\\\/\\\/eldigitaldeasturias.com\\\/magazine365\\\/el-principado-dice-que-2015-fue-un-ano-historico-para-el-turismo\\\/#breadcrumblist\",\"itemListElement\":[{\"@type\":\"ListItem\",\"@id\":\"https:\\\/\\\/eldigitaldeasturias.com\\\/magazine365#listItem\",\"position\":1,\"name\":\"Home\",\"item\":\"https:\\\/\\\/eldigitaldeasturias.com\\\/magazine365\",\"nextItem\":{\"@type\":\"ListItem\",\"@id\":\"https:\\\/\\\/eldigitaldeasturias.com\\\/magazine365\\\/category\\\/noticias-actualidad\\\/#listItem\",\"name\":\"Noticias y Actualidad\"}},{\"@type\":\"ListItem\",\"@id\":\"https:\\\/\\\/eldigitaldeasturias.com\\\/magazine365\\\/category\\\/noticias-actualidad\\\/#listItem\",\"position\":2,\"name\":\"Noticias y Actualidad\",\"item\":\"https:\\\/\\\/eldigitaldeasturias.com\\\/magazine365\\\/category\\\/noticias-actualidad\\\/\",\"nextItem\":{\"@type\":\"ListItem\",\"@id\":\"https:\\\/\\\/eldigitaldeasturias.com\\\/magazine365\\\/el-principado-dice-que-2015-fue-un-ano-historico-para-el-turismo\\\/#listItem\",\"name\":\"El Principado dice que 2015 fue un \\u00aba\\u00f1o hist\\u00f3rico\\u00bb para el turismo\"},\"previousItem\":{\"@type\":\"ListItem\",\"@id\":\"https:\\\/\\\/eldigitaldeasturias.com\\\/magazine365#listItem\",\"name\":\"Home\"}},{\"@type\":\"ListItem\",\"@id\":\"https:\\\/\\\/eldigitaldeasturias.com\\\/magazine365\\\/el-principado-dice-que-2015-fue-un-ano-historico-para-el-turismo\\\/#listItem\",\"position\":3,\"name\":\"El Principado dice que 2015 fue un \\u00aba\\u00f1o hist\\u00f3rico\\u00bb para el turismo\",\"previousItem\":{\"@type\":\"ListItem\",\"@id\":\"https:\\\/\\\/eldigitaldeasturias.com\\\/magazine365\\\/category\\\/noticias-actualidad\\\/#listItem\",\"name\":\"Noticias y Actualidad\"}}]},{\"@type\":\"Organization\",\"@id\":\"https:\\\/\\\/eldigitaldeasturias.com\\\/magazine365\\\/#organization\",\"name\":\"El digital de Asturias\",\"description\":\"Revista de ocio, turismo y estilo de vida\",\"url\":\"https:\\\/\\\/eldigitaldeasturias.com\\\/magazine365\\\/\",\"logo\":{\"@type\":\"ImageObject\",\"url\":\"https:\\\/\\\/www.eldigitaldeasturias.com\\\/noticias\\\/wp-content\\\/uploads\\\/2020\\\/12\\\/EDA.jpg\",\"@id\":\"https:\\\/\\\/eldigitaldeasturias.com\\\/magazine365\\\/el-principado-dice-que-2015-fue-un-ano-historico-para-el-turismo\\\/#organizationLogo\"},\"image\":{\"@id\":\"https:\\\/\\\/eldigitaldeasturias.com\\\/magazine365\\\/el-principado-dice-que-2015-fue-un-ano-historico-para-el-turismo\\\/#organizationLogo\"}},{\"@type\":\"Person\",\"@id\":\"https:\\\/\\\/eldigitaldeasturias.com\\\/magazine365\\\/author\\\/admin\\\/#author\",\"url\":\"https:\\\/\\\/eldigitaldeasturias.com\\\/magazine365\\\/author\\\/admin\\\/\",\"name\":\"admin\",\"image\":{\"@type\":\"ImageObject\",\"@id\":\"https:\\\/\\\/eldigitaldeasturias.com\\\/magazine365\\\/el-principado-dice-que-2015-fue-un-ano-historico-para-el-turismo\\\/#authorImage\",\"url\":\"https:\\\/\\\/eldigitaldeasturias.com\\\/magazine365\\\/wp-content\\\/litespeed\\\/avatar\\\/e571bcf59a0edd6fa6838245a470f2fe.jpg?ver=1776969259\",\"width\":96,\"height\":96,\"caption\":\"admin\"}},{\"@type\":\"WebPage\",\"@id\":\"https:\\\/\\\/eldigitaldeasturias.com\\\/magazine365\\\/el-principado-dice-que-2015-fue-un-ano-historico-para-el-turismo\\\/#webpage\",\"url\":\"https:\\\/\\\/eldigitaldeasturias.com\\\/magazine365\\\/el-principado-dice-que-2015-fue-un-ano-historico-para-el-turismo\\\/\",\"name\":\"El Principado dice que 2015 fue un \\u00aba\\u00f1o hist\\u00f3rico\\u00bb para el turismo | El Digital de Asturias\",\"description\":\"El director general de Comercio y Turismo de Asturias, Julio Gonz\\u00e1lez Zapico, se ha referido a 2015 como un \\\"a\\u00f1o hist\\u00f3rico\\\" para el turismo en la regi\\u00f3n, al registrarse un importante aumento tanto en visitantes como en pernoctaciones. Seg\\u00fan los datos que ha aportado a trav\\u00e9s de una nota de prensa, los alojamientos tur\\u00edsticos asturianos\",\"inLanguage\":\"es-ES\",\"isPartOf\":{\"@id\":\"https:\\\/\\\/eldigitaldeasturias.com\\\/magazine365\\\/#website\"},\"breadcrumb\":{\"@id\":\"https:\\\/\\\/eldigitaldeasturias.com\\\/magazine365\\\/el-principado-dice-que-2015-fue-un-ano-historico-para-el-turismo\\\/#breadcrumblist\"},\"author\":{\"@id\":\"https:\\\/\\\/eldigitaldeasturias.com\\\/magazine365\\\/author\\\/admin\\\/#author\"},\"creator\":{\"@id\":\"https:\\\/\\\/eldigitaldeasturias.com\\\/magazine365\\\/author\\\/admin\\\/#author\"},\"image\":{\"@type\":\"ImageObject\",\"url\":\"https:\\\/\\\/eldigitaldeasturias.com\\\/magazine365\\\/wp-content\\\/uploads\\\/2016\\\/02\\\/fotonoticia_20160129144444_800.jpg\",\"@id\":\"https:\\\/\\\/eldigitaldeasturias.com\\\/magazine365\\\/el-principado-dice-que-2015-fue-un-ano-historico-para-el-turismo\\\/#mainImage\",\"width\":800,\"height\":449},\"primaryImageOfPage\":{\"@id\":\"https:\\\/\\\/eldigitaldeasturias.com\\\/magazine365\\\/el-principado-dice-que-2015-fue-un-ano-historico-para-el-turismo\\\/#mainImage\"},\"datePublished\":\"2016-02-02T16:38:40+01:00\",\"dateModified\":\"2016-02-02T16:38:40+01:00\"},{\"@type\":\"WebSite\",\"@id\":\"https:\\\/\\\/eldigitaldeasturias.com\\\/magazine365\\\/#website\",\"url\":\"https:\\\/\\\/eldigitaldeasturias.com\\\/magazine365\\\/\",\"name\":\"El Digital de Asturias\",\"description\":\"Revista de ocio, turismo y estilo de vida\",\"inLanguage\":\"es-ES\",\"publisher\":{\"@id\":\"https:\\\/\\\/eldigitaldeasturias.com\\\/magazine365\\\/#organization\"}}]}\n\t\t<\/script>\n\t\t<!-- All in One SEO Pro -->\r\n\t\t<title>El Principado dice que 2015 fue un \u00aba\u00f1o hist\u00f3rico\u00bb para el turismo | El Digital de Asturias<\/title>\n\n","aioseo_head_json":{"title":"El Principado dice que 2015 fue un \u00aba\u00f1o hist\u00f3rico\u00bb para el turismo | El Digital de Asturias","description":"El director general de Comercio y Turismo de Asturias, Julio Gonz\u00e1lez Zapico, se ha referido a 2015 como un \"a\u00f1o hist\u00f3rico\" para el turismo en la regi\u00f3n, al registrarse un importante aumento tanto en visitantes como en pernoctaciones. Seg\u00fan los datos que ha aportado a trav\u00e9s de una nota de prensa, los alojamientos tur\u00edsticos asturianos","canonical_url":"https:\/\/eldigitaldeasturias.com\/magazine365\/el-principado-dice-que-2015-fue-un-ano-historico-para-el-turismo\/","robots":"max-image-preview:large","keywords":"noticias y actualidad","webmasterTools":{"google-site-verification":"UA-38556648-1","miscellaneous":""},"schema":{"@context":"https:\/\/schema.org","@graph":[{"@type":"Article","@id":"https:\/\/eldigitaldeasturias.com\/magazine365\/el-principado-dice-que-2015-fue-un-ano-historico-para-el-turismo\/#article","name":"El Principado dice que 2015 fue un \u00aba\u00f1o hist\u00f3rico\u00bb para el turismo | El Digital de Asturias","headline":"El Principado dice que 2015 fue un \u00aba\u00f1o hist\u00f3rico\u00bb para el turismo","author":{"@id":"https:\/\/eldigitaldeasturias.com\/magazine365\/author\/admin\/#author"},"publisher":{"@id":"https:\/\/eldigitaldeasturias.com\/magazine365\/#organization"},"image":{"@type":"ImageObject","url":"https:\/\/eldigitaldeasturias.com\/magazine365\/wp-content\/uploads\/2016\/02\/fotonoticia_20160129144444_800.jpg","width":800,"height":449},"datePublished":"2016-02-02T16:38:40+01:00","dateModified":"2016-02-02T16:38:40+01:00","inLanguage":"es-ES","mainEntityOfPage":{"@id":"https:\/\/eldigitaldeasturias.com\/magazine365\/el-principado-dice-que-2015-fue-un-ano-historico-para-el-turismo\/#webpage"},"isPartOf":{"@id":"https:\/\/eldigitaldeasturias.com\/magazine365\/el-principado-dice-que-2015-fue-un-ano-historico-para-el-turismo\/#webpage"},"articleSection":"Noticias y Actualidad"},{"@type":"BreadcrumbList","@id":"https:\/\/eldigitaldeasturias.com\/magazine365\/el-principado-dice-que-2015-fue-un-ano-historico-para-el-turismo\/#breadcrumblist","itemListElement":[{"@type":"ListItem","@id":"https:\/\/eldigitaldeasturias.com\/magazine365#listItem","position":1,"name":"Home","item":"https:\/\/eldigitaldeasturias.com\/magazine365","nextItem":{"@type":"ListItem","@id":"https:\/\/eldigitaldeasturias.com\/magazine365\/category\/noticias-actualidad\/#listItem","name":"Noticias y Actualidad"}},{"@type":"ListItem","@id":"https:\/\/eldigitaldeasturias.com\/magazine365\/category\/noticias-actualidad\/#listItem","position":2,"name":"Noticias y Actualidad","item":"https:\/\/eldigitaldeasturias.com\/magazine365\/category\/noticias-actualidad\/","nextItem":{"@type":"ListItem","@id":"https:\/\/eldigitaldeasturias.com\/magazine365\/el-principado-dice-que-2015-fue-un-ano-historico-para-el-turismo\/#listItem","name":"El Principado dice que 2015 fue un \u00aba\u00f1o hist\u00f3rico\u00bb para el turismo"},"previousItem":{"@type":"ListItem","@id":"https:\/\/eldigitaldeasturias.com\/magazine365#listItem","name":"Home"}},{"@type":"ListItem","@id":"https:\/\/eldigitaldeasturias.com\/magazine365\/el-principado-dice-que-2015-fue-un-ano-historico-para-el-turismo\/#listItem","position":3,"name":"El Principado dice que 2015 fue un \u00aba\u00f1o hist\u00f3rico\u00bb para el turismo","previousItem":{"@type":"ListItem","@id":"https:\/\/eldigitaldeasturias.com\/magazine365\/category\/noticias-actualidad\/#listItem","name":"Noticias y Actualidad"}}]},{"@type":"Organization","@id":"https:\/\/eldigitaldeasturias.com\/magazine365\/#organization","name":"El digital de Asturias","description":"Revista de ocio, turismo y estilo de vida","url":"https:\/\/eldigitaldeasturias.com\/magazine365\/","logo":{"@type":"ImageObject","url":"https:\/\/www.eldigitaldeasturias.com\/noticias\/wp-content\/uploads\/2020\/12\/EDA.jpg","@id":"https:\/\/eldigitaldeasturias.com\/magazine365\/el-principado-dice-que-2015-fue-un-ano-historico-para-el-turismo\/#organizationLogo"},"image":{"@id":"https:\/\/eldigitaldeasturias.com\/magazine365\/el-principado-dice-que-2015-fue-un-ano-historico-para-el-turismo\/#organizationLogo"}},{"@type":"Person","@id":"https:\/\/eldigitaldeasturias.com\/magazine365\/author\/admin\/#author","url":"https:\/\/eldigitaldeasturias.com\/magazine365\/author\/admin\/","name":"admin","image":{"@type":"ImageObject","@id":"https:\/\/eldigitaldeasturias.com\/magazine365\/el-principado-dice-que-2015-fue-un-ano-historico-para-el-turismo\/#authorImage","url":"https:\/\/eldigitaldeasturias.com\/magazine365\/wp-content\/litespeed\/avatar\/e571bcf59a0edd6fa6838245a470f2fe.jpg?ver=1776969259","width":96,"height":96,"caption":"admin"}},{"@type":"WebPage","@id":"https:\/\/eldigitaldeasturias.com\/magazine365\/el-principado-dice-que-2015-fue-un-ano-historico-para-el-turismo\/#webpage","url":"https:\/\/eldigitaldeasturias.com\/magazine365\/el-principado-dice-que-2015-fue-un-ano-historico-para-el-turismo\/","name":"El Principado dice que 2015 fue un \u00aba\u00f1o hist\u00f3rico\u00bb para el turismo | El Digital de Asturias","description":"El director general de Comercio y Turismo de Asturias, Julio Gonz\u00e1lez Zapico, se ha referido a 2015 como un \"a\u00f1o hist\u00f3rico\" para el turismo en la regi\u00f3n, al registrarse un importante aumento tanto en visitantes como en pernoctaciones. Seg\u00fan los datos que ha aportado a trav\u00e9s de una nota de prensa, los alojamientos tur\u00edsticos asturianos","inLanguage":"es-ES","isPartOf":{"@id":"https:\/\/eldigitaldeasturias.com\/magazine365\/#website"},"breadcrumb":{"@id":"https:\/\/eldigitaldeasturias.com\/magazine365\/el-principado-dice-que-2015-fue-un-ano-historico-para-el-turismo\/#breadcrumblist"},"author":{"@id":"https:\/\/eldigitaldeasturias.com\/magazine365\/author\/admin\/#author"},"creator":{"@id":"https:\/\/eldigitaldeasturias.com\/magazine365\/author\/admin\/#author"},"image":{"@type":"ImageObject","url":"https:\/\/eldigitaldeasturias.com\/magazine365\/wp-content\/uploads\/2016\/02\/fotonoticia_20160129144444_800.jpg","@id":"https:\/\/eldigitaldeasturias.com\/magazine365\/el-principado-dice-que-2015-fue-un-ano-historico-para-el-turismo\/#mainImage","width":800,"height":449},"primaryImageOfPage":{"@id":"https:\/\/eldigitaldeasturias.com\/magazine365\/el-principado-dice-que-2015-fue-un-ano-historico-para-el-turismo\/#mainImage"},"datePublished":"2016-02-02T16:38:40+01:00","dateModified":"2016-02-02T16:38:40+01:00"},{"@type":"WebSite","@id":"https:\/\/eldigitaldeasturias.com\/magazine365\/#website","url":"https:\/\/eldigitaldeasturias.com\/magazine365\/","name":"El Digital de Asturias","description":"Revista de ocio, turismo y estilo de vida","inLanguage":"es-ES","publisher":{"@id":"https:\/\/eldigitaldeasturias.com\/magazine365\/#organization"}}]},"og:locale":"es_ES","og:site_name":"El Digital de Asturias \u2013 Revista de ocio, turismo y estilo de vida","og:type":"article","og:title":"El Principado dice que 2015 fue un \u00aba\u00f1o hist\u00f3rico\u00bb para el turismo | El Digital de Asturias","og:description":"El director general de Comercio y Turismo de Asturias, Julio Gonz\u00e1lez Zapico, se ha referido a 2015 como un &quot;a\u00f1o hist\u00f3rico&quot; para el turismo en la regi\u00f3n, al registrarse un importante aumento tanto en visitantes como en pernoctaciones. Seg\u00fan los datos que ha aportado a trav\u00e9s de una nota de prensa, los alojamientos tur\u00edsticos asturianos","og:url":"https:\/\/eldigitaldeasturias.com\/magazine365\/el-principado-dice-que-2015-fue-un-ano-historico-para-el-turismo\/","og:image":"https:\/\/eldigitaldeasturias.com\/magazine365\/wp-content\/uploads\/2016\/02\/fotonoticia_20160129144444_800.jpg","og:image:secure_url":"https:\/\/eldigitaldeasturias.com\/magazine365\/wp-content\/uploads\/2016\/02\/fotonoticia_20160129144444_800.jpg","og:image:width":800,"og:image:height":449,"article:published_time":"2016-02-02T15:38:40+00:00","article:modified_time":"2016-02-02T15:38:40+00:00","twitter:card":"summary_large_image","twitter:title":"El Principado dice que 2015 fue un \u00aba\u00f1o hist\u00f3rico\u00bb para el turismo | El Digital de Asturias","twitter:description":"El director general de Comercio y Turismo de Asturias, Julio Gonz\u00e1lez Zapico, se ha referido a 2015 como un &quot;a\u00f1o hist\u00f3rico&quot; para el turismo en la regi\u00f3n, al registrarse un importante aumento tanto en visitantes como en pernoctaciones. Seg\u00fan los datos que ha aportado a trav\u00e9s de una nota de prensa, los alojamientos tur\u00edsticos asturianos","twitter:image":"https:\/\/eldigitaldeasturias.com\/magazine365\/wp-content\/uploads\/2016\/02\/fotonoticia_20160129144444_800.jpg"},"aioseo_meta_data":{"post_id":"62754","title":null,"description":null,"keywords":null,"keyphrases":null,"primary_term":null,"canonical_url":null,"og_title":null,"og_description":null,"og_object_type":"default","og_image_type":"default","og_image_url":null,"og_image_width":null,"og_image_height":null,"og_image_custom_url":null,"og_image_custom_fields":null,"og_video":null,"og_custom_url":null,"og_article_section":null,"og_article_tags":null,"twitter_use_og":false,"twitter_card":"default","twitter_image_type":"default","twitter_image_url":null,"twitter_image_custom_url":null,"twitter_image_custom_fields":null,"twitter_title":null,"twitter_description":null,"schema":{"blockGraphs":[],"customGraphs":[],"default":{"data":{"Article":[],"Course":[],"Dataset":[],"FAQPage":[],"Movie":[],"Person":[],"Product":[],"ProductReview":[],"Car":[],"Recipe":[],"Service":[],"SoftwareApplication":[],"WebPage":[]},"graphName":"","isEnabled":true},"graphs":[],"defaultGraph":"","defaultPostTypeGraph":""},"schema_type":null,"schema_type_options":null,"pillar_content":false,"robots_default":true,"robots_noindex":false,"robots_noarchive":false,"robots_nosnippet":false,"robots_nofollow":false,"robots_noimageindex":false,"robots_noodp":false,"robots_notranslate":false,"robots_max_snippet":null,"robots_max_videopreview":null,"robots_max_imagepreview":"large","priority":null,"frequency":null,"location":null,"local_seo":null,"seo_analyzer_scan_date":"2025-09-25 11:48:01","breadcrumb_settings":null,"limit_modified_date":false,"open_ai":null,"ai":null,"created":"2021-03-08 21:31:33","updated":"2025-09-25 11:48:01"},"aioseo_breadcrumb":"<div class=\"aioseo-breadcrumbs\"><span class=\"aioseo-breadcrumb\">\n\t<a href=\"https:\/\/eldigitaldeasturias.com\/magazine365\" title=\"Home\">Home<\/a>\n<\/span><span class=\"aioseo-breadcrumb-separator\">\u2013<\/span><span class=\"aioseo-breadcrumb\">\n\t<a href=\"https:\/\/eldigitaldeasturias.com\/magazine365\/category\/noticias-actualidad\/\" title=\"Noticias y Actualidad\">Noticias y Actualidad<\/a>\n<\/span><span class=\"aioseo-breadcrumb-separator\">\u2013<\/span><span class=\"aioseo-breadcrumb\">\n\t<a href=\"https:\/\/eldigitaldeasturias.com\/magazine365\/el-principado-dice-que-2015-fue-un-ano-historico-para-el-turismo\/\" title=\"El Principado dice que 2015 fue un \u00aba\u00f1o hist\u00f3rico\u00bb para el turismo\">El Principado dice que 2015 fue un \u00aba\u00f1o hist\u00f3rico\u00bb para el turismo<\/a>\n<\/span><\/div>","aioseo_breadcrumb_json":[{"label":"Home","link":"https:\/\/eldigitaldeasturias.com\/magazine365"},{"label":"Noticias y Actualidad","link":"https:\/\/eldigitaldeasturias.com\/magazine365\/category\/noticias-actualidad\/"},{"label":"El Principado dice que 2015 fue un \u00aba\u00f1o hist\u00f3rico\u00bb para el turismo","link":"https:\/\/eldigitaldeasturias.com\/magazine365\/el-principado-dice-que-2015-fue-un-ano-historico-para-el-turismo\/"}],"_links":{"self":[{"href":"https:\/\/eldigitaldeasturias.com\/magazine365\/wp-json\/wp\/v2\/posts\/62754","targetHints":{"allow":["GET"]}}],"collection":[{"href":"https:\/\/eldigitaldeasturias.com\/magazine365\/wp-json\/wp\/v2\/posts"}],"about":[{"href":"https:\/\/eldigitaldeasturias.com\/magazine365\/wp-json\/wp\/v2\/types\/post"}],"author":[{"embeddable":true,"href":"https:\/\/eldigitaldeasturias.com\/magazine365\/wp-json\/wp\/v2\/users\/1"}],"replies":[{"embeddable":true,"href":"https:\/\/eldigitaldeasturias.com\/magazine365\/wp-json\/wp\/v2\/comments?post=62754"}],"version-history":[{"count":0,"href":"https:\/\/eldigitaldeasturias.com\/magazine365\/wp-json\/wp\/v2\/posts\/62754\/revisions"}],"wp:featuredmedia":[{"embeddable":true,"href":"https:\/\/eldigitaldeasturias.com\/magazine365\/wp-json\/wp\/v2\/media\/62755"}],"wp:attachment":[{"href":"https:\/\/eldigitaldeasturias.com\/magazine365\/wp-json\/wp\/v2\/media?parent=62754"}],"wp:term":[{"taxonomy":"category","embeddable":true,"href":"https:\/\/eldigitaldeasturias.com\/magazine365\/wp-json\/wp\/v2\/categories?post=62754"},{"taxonomy":"post_tag","embeddable":true,"href":"https:\/\/eldigitaldeasturias.com\/magazine365\/wp-json\/wp\/v2\/tags?post=62754"}],"curies":[{"name":"wp","href":"https:\/\/api.w.org\/{rel}","templated":true}]}}