{"id":62747,"date":"2016-02-02T16:33:11","date_gmt":"2016-02-02T15:33:11","guid":{"rendered":"http:\/\/eldigitaldeasturias.com\/magazine365\/?p=62747"},"modified":"2016-02-02T16:33:12","modified_gmt":"2016-02-02T15:33:12","slug":"ingenieros-aeronauticos-reclaman-normativas-especificas-para-el-desarrollo-del-sector-de-los-drones","status":"publish","type":"post","link":"https:\/\/eldigitaldeasturias.com\/magazine365\/ingenieros-aeronauticos-reclaman-normativas-especificas-para-el-desarrollo-del-sector-de-los-drones\/","title":{"rendered":"Ingenieros aeron\u00e1uticos reclaman normativas espec\u00edficas para el desarrollo del sector de los &#8216;drones&#8217;"},"content":{"rendered":"<p><img fetchpriority=\"high\" decoding=\"async\" class=\"alignleft size-medium wp-image-62749\" src=\"https:\/\/eldigitaldeasturias.com\/magazine365\/wp-content\/uploads\/2016\/02\/fotonoticia_20160129142142_800-1-360x270.jpg\" alt=\"fotonoticia_20160129142142_800\" width=\"360\" height=\"270\" srcset=\"https:\/\/eldigitaldeasturias.com\/magazine365\/wp-content\/uploads\/2016\/02\/fotonoticia_20160129142142_800-1-360x270.jpg 360w, https:\/\/eldigitaldeasturias.com\/magazine365\/wp-content\/uploads\/2016\/02\/fotonoticia_20160129142142_800-1-650x488.jpg 650w, https:\/\/eldigitaldeasturias.com\/magazine365\/wp-content\/uploads\/2016\/02\/fotonoticia_20160129142142_800-1-768x576.jpg 768w, https:\/\/eldigitaldeasturias.com\/magazine365\/wp-content\/uploads\/2016\/02\/fotonoticia_20160129142142_800-1-150x113.jpg 150w, https:\/\/eldigitaldeasturias.com\/magazine365\/wp-content\/uploads\/2016\/02\/fotonoticia_20160129142142_800-1-450x338.jpg 450w, https:\/\/eldigitaldeasturias.com\/magazine365\/wp-content\/uploads\/2016\/02\/fotonoticia_20160129142142_800-1-80x60.jpg 80w, https:\/\/eldigitaldeasturias.com\/magazine365\/wp-content\/uploads\/2016\/02\/fotonoticia_20160129142142_800-1-265x198.jpg 265w, https:\/\/eldigitaldeasturias.com\/magazine365\/wp-content\/uploads\/2016\/02\/fotonoticia_20160129142142_800-1-696x522.jpg 696w, https:\/\/eldigitaldeasturias.com\/magazine365\/wp-content\/uploads\/2016\/02\/fotonoticia_20160129142142_800-1-560x420.jpg 560w, https:\/\/eldigitaldeasturias.com\/magazine365\/wp-content\/uploads\/2016\/02\/fotonoticia_20160129142142_800-1-90x67.jpg 90w, https:\/\/eldigitaldeasturias.com\/magazine365\/wp-content\/uploads\/2016\/02\/fotonoticia_20160129142142_800-1-164x124.jpg 164w, https:\/\/eldigitaldeasturias.com\/magazine365\/wp-content\/uploads\/2016\/02\/fotonoticia_20160129142142_800-1-100x75.jpg 100w, https:\/\/eldigitaldeasturias.com\/magazine365\/wp-content\/uploads\/2016\/02\/fotonoticia_20160129142142_800-1.jpg 800w\" sizes=\"(max-width: 360px) 100vw, 360px\" \/>Los ingenieros aeron\u00e1uticos han reclamado normativas espec\u00edficas en materia de aeronaves no tripuladas (RPAs), conocidas popularmente como &#8216;drones&#8217;, si se quiere avanzar en este sector para su desarrollo futuro.<\/p>\n<p>As\u00ed lo ha apuntado Ernesto Llorente, miembro del grupo de Expertos &#8216;Industria\/UAVs&#8217; del Colegio de Ingenieros Aeron\u00e1uticos de Espa\u00f1a (COIAE), en el marco de Global Robot Expo que acoge Madrid hasta el pr\u00f3ximo domingo.<\/p>\n<p>\u00abExiste el deseo de avanzar hacia un nuevo escenario en el que se pueda llevar a cabo misiones que, por fin, impulsen el desarrollo econ\u00f3mico del sector, pero siempre garantizando los niveles aceptables de riesgo y velando por los procesos de certificaci\u00f3n, inspecci\u00f3n y auditor\u00eda de las diferentes empresas, equipos y sistemas\u00bb, ha afirmado.<\/p>\n<p>A ello ha sumado la necesidad de una correcta preparaci\u00f3n de sus pilotos y operadores, ya que aeronaves no tripuladas y aeron\u00e1utica \u00abdeben ir de la mano\u00bb.<\/p>\n<p>Desde el COIAE se apunta que el ingeniero aeron\u00e1utico, por su formaci\u00f3n en aeronaves y sistemas aeron\u00e1uticos, as\u00ed por su conocimiento del espacio a\u00e9reo, y de los procesos de certificaci\u00f3n y mantenimiento, \u00abdebe tener responsabilidades \u00fanicas para facilitar y velar por el correcto desarrollo del sector\u00bb.<\/p>\n<p>En la actualidad, numerosas empresas y profesionales compran sistemas comerciales de &#8216;consumo&#8217;, debido al mercado al que los fabricantes orientan el producto, para su explotaci\u00f3n y realizaci\u00f3n como actividad econ\u00f3mica.<\/p>\n<p>Al respecto, recuerdan que dichos fabricantes no conocen necesariamente la normativa para poder volar los &#8216;dones&#8217; en cada pa\u00eds, ni explicitan los riesgos espec\u00edficos de vuelo para operar el RPAs.<\/p>\n","protected":false},"excerpt":{"rendered":"<p>Los ingenieros aeron\u00e1uticos han reclamado normativas espec\u00edficas en materia de aeronaves no tripuladas (RPAs), conocidas popularmente como &#8216;drones&#8217;, si se quiere avanzar en este sector para su desarrollo futuro. As\u00ed lo ha apuntado Ernesto Llorente, miembro del grupo de Expertos &#8216;Industria\/UAVs&#8217; del Colegio de Ingenieros Aeron\u00e1uticos de Espa\u00f1a (COIAE), en el marco de Global Robot<\/p>\n","protected":false},"author":1,"featured_media":62749,"comment_status":"open","ping_status":"closed","sticky":false,"template":"","format":"standard","meta":{"footnotes":""},"categories":[224],"tags":[],"class_list":{"0":"post-62747","1":"post","2":"type-post","3":"status-publish","4":"format-standard","5":"has-post-thumbnail","7":"category-noticias-actualidad"},"aioseo_notices":[],"aioseo_head":"\n\t\t<!-- All in One SEO Pro 4.9.6.1 - aioseo.com -->\n\t<meta name=\"description\" content=\"Los ingenieros aeron\u00e1uticos han reclamado normativas espec\u00edficas en materia de aeronaves no tripuladas (RPAs), conocidas popularmente como &#039;drones&#039;, si se quiere avanzar en este sector para su desarrollo futuro. As\u00ed lo ha apuntado Ernesto Llorente, miembro del grupo de Expertos &#039;Industria\/UAVs&#039; del Colegio de Ingenieros Aeron\u00e1uticos de Espa\u00f1a (COIAE), en el marco de Global Robot\" \/>\n\t<meta name=\"robots\" content=\"max-image-preview:large\" \/>\n\t<meta name=\"author\" content=\"admin\"\/>\n\t<meta name=\"google-site-verification\" content=\"UA-38556648-1\" \/>\n\t<meta name=\"keywords\" content=\"noticias y actualidad\" \/>\n\t<link rel=\"canonical\" href=\"https:\/\/eldigitaldeasturias.com\/magazine365\/ingenieros-aeronauticos-reclaman-normativas-especificas-para-el-desarrollo-del-sector-de-los-drones\/\" \/>\n\t<meta name=\"generator\" content=\"All in One SEO Pro (AIOSEO) 4.9.6.1\" \/>\n\t\t<meta property=\"og:locale\" content=\"es_ES\" \/>\n\t\t<meta property=\"og:site_name\" content=\"El Digital de Asturias \u2013 Revista de ocio, turismo y estilo de vida\" \/>\n\t\t<meta property=\"og:type\" content=\"article\" \/>\n\t\t<meta property=\"og:title\" content=\"Ingenieros aeron\u00e1uticos reclaman normativas espec\u00edficas para el desarrollo del sector de los \u2018drones\u2019 | El Digital de Asturias\" \/>\n\t\t<meta property=\"og:description\" content=\"Los ingenieros aeron\u00e1uticos han reclamado normativas espec\u00edficas en materia de aeronaves no tripuladas (RPAs), conocidas popularmente como &#039;drones&#039;, si se quiere avanzar en este sector para su desarrollo futuro. As\u00ed lo ha apuntado Ernesto Llorente, miembro del grupo de Expertos &#039;Industria\/UAVs&#039; del Colegio de Ingenieros Aeron\u00e1uticos de Espa\u00f1a (COIAE), en el marco de Global Robot\" \/>\n\t\t<meta property=\"og:url\" content=\"https:\/\/eldigitaldeasturias.com\/magazine365\/ingenieros-aeronauticos-reclaman-normativas-especificas-para-el-desarrollo-del-sector-de-los-drones\/\" \/>\n\t\t<meta property=\"og:image\" content=\"https:\/\/eldigitaldeasturias.com\/magazine365\/wp-content\/uploads\/2016\/02\/fotonoticia_20160129142142_800-1.jpg\" \/>\n\t\t<meta property=\"og:image:secure_url\" content=\"https:\/\/eldigitaldeasturias.com\/magazine365\/wp-content\/uploads\/2016\/02\/fotonoticia_20160129142142_800-1.jpg\" \/>\n\t\t<meta property=\"og:image:width\" content=\"800\" \/>\n\t\t<meta property=\"og:image:height\" content=\"600\" \/>\n\t\t<meta property=\"article:published_time\" content=\"2016-02-02T15:33:11+00:00\" \/>\n\t\t<meta property=\"article:modified_time\" content=\"2016-02-02T15:33:12+00:00\" \/>\n\t\t<meta name=\"twitter:card\" content=\"summary_large_image\" \/>\n\t\t<meta name=\"twitter:title\" content=\"Ingenieros aeron\u00e1uticos reclaman normativas espec\u00edficas para el desarrollo del sector de los \u2018drones\u2019 | El Digital de Asturias\" \/>\n\t\t<meta name=\"twitter:description\" content=\"Los ingenieros aeron\u00e1uticos han reclamado normativas espec\u00edficas en materia de aeronaves no tripuladas (RPAs), conocidas popularmente como &#039;drones&#039;, si se quiere avanzar en este sector para su desarrollo futuro. As\u00ed lo ha apuntado Ernesto Llorente, miembro del grupo de Expertos &#039;Industria\/UAVs&#039; del Colegio de Ingenieros Aeron\u00e1uticos de Espa\u00f1a (COIAE), en el marco de Global Robot\" \/>\n\t\t<meta name=\"twitter:image\" content=\"https:\/\/eldigitaldeasturias.com\/magazine365\/wp-content\/uploads\/2016\/02\/fotonoticia_20160129142142_800-1.jpg\" \/>\n\t\t<script type=\"application\/ld+json\" class=\"aioseo-schema\">\n\t\t\t{\"@context\":\"https:\\\/\\\/schema.org\",\"@graph\":[{\"@type\":\"Article\",\"@id\":\"https:\\\/\\\/eldigitaldeasturias.com\\\/magazine365\\\/ingenieros-aeronauticos-reclaman-normativas-especificas-para-el-desarrollo-del-sector-de-los-drones\\\/#article\",\"name\":\"Ingenieros aeron\\u00e1uticos reclaman normativas espec\\u00edficas para el desarrollo del sector de los \\u2018drones\\u2019 | El Digital de Asturias\",\"headline\":\"Ingenieros aeron\\u00e1uticos reclaman normativas espec\\u00edficas para el desarrollo del sector de los &#8216;drones&#8217;\",\"author\":{\"@id\":\"https:\\\/\\\/eldigitaldeasturias.com\\\/magazine365\\\/author\\\/admin\\\/#author\"},\"publisher\":{\"@id\":\"https:\\\/\\\/eldigitaldeasturias.com\\\/magazine365\\\/#organization\"},\"image\":{\"@type\":\"ImageObject\",\"url\":\"https:\\\/\\\/eldigitaldeasturias.com\\\/magazine365\\\/wp-content\\\/uploads\\\/2016\\\/02\\\/fotonoticia_20160129142142_800-1.jpg\",\"width\":800,\"height\":600},\"datePublished\":\"2016-02-02T16:33:11+01:00\",\"dateModified\":\"2016-02-02T16:33:12+01:00\",\"inLanguage\":\"es-ES\",\"mainEntityOfPage\":{\"@id\":\"https:\\\/\\\/eldigitaldeasturias.com\\\/magazine365\\\/ingenieros-aeronauticos-reclaman-normativas-especificas-para-el-desarrollo-del-sector-de-los-drones\\\/#webpage\"},\"isPartOf\":{\"@id\":\"https:\\\/\\\/eldigitaldeasturias.com\\\/magazine365\\\/ingenieros-aeronauticos-reclaman-normativas-especificas-para-el-desarrollo-del-sector-de-los-drones\\\/#webpage\"},\"articleSection\":\"Noticias y Actualidad\"},{\"@type\":\"BreadcrumbList\",\"@id\":\"https:\\\/\\\/eldigitaldeasturias.com\\\/magazine365\\\/ingenieros-aeronauticos-reclaman-normativas-especificas-para-el-desarrollo-del-sector-de-los-drones\\\/#breadcrumblist\",\"itemListElement\":[{\"@type\":\"ListItem\",\"@id\":\"https:\\\/\\\/eldigitaldeasturias.com\\\/magazine365#listItem\",\"position\":1,\"name\":\"Home\",\"item\":\"https:\\\/\\\/eldigitaldeasturias.com\\\/magazine365\",\"nextItem\":{\"@type\":\"ListItem\",\"@id\":\"https:\\\/\\\/eldigitaldeasturias.com\\\/magazine365\\\/category\\\/noticias-actualidad\\\/#listItem\",\"name\":\"Noticias y Actualidad\"}},{\"@type\":\"ListItem\",\"@id\":\"https:\\\/\\\/eldigitaldeasturias.com\\\/magazine365\\\/category\\\/noticias-actualidad\\\/#listItem\",\"position\":2,\"name\":\"Noticias y Actualidad\",\"item\":\"https:\\\/\\\/eldigitaldeasturias.com\\\/magazine365\\\/category\\\/noticias-actualidad\\\/\",\"nextItem\":{\"@type\":\"ListItem\",\"@id\":\"https:\\\/\\\/eldigitaldeasturias.com\\\/magazine365\\\/ingenieros-aeronauticos-reclaman-normativas-especificas-para-el-desarrollo-del-sector-de-los-drones\\\/#listItem\",\"name\":\"Ingenieros aeron\\u00e1uticos reclaman normativas espec\\u00edficas para el desarrollo del sector de los &#8216;drones&#8217;\"},\"previousItem\":{\"@type\":\"ListItem\",\"@id\":\"https:\\\/\\\/eldigitaldeasturias.com\\\/magazine365#listItem\",\"name\":\"Home\"}},{\"@type\":\"ListItem\",\"@id\":\"https:\\\/\\\/eldigitaldeasturias.com\\\/magazine365\\\/ingenieros-aeronauticos-reclaman-normativas-especificas-para-el-desarrollo-del-sector-de-los-drones\\\/#listItem\",\"position\":3,\"name\":\"Ingenieros aeron\\u00e1uticos reclaman normativas espec\\u00edficas para el desarrollo del sector de los &#8216;drones&#8217;\",\"previousItem\":{\"@type\":\"ListItem\",\"@id\":\"https:\\\/\\\/eldigitaldeasturias.com\\\/magazine365\\\/category\\\/noticias-actualidad\\\/#listItem\",\"name\":\"Noticias y Actualidad\"}}]},{\"@type\":\"Organization\",\"@id\":\"https:\\\/\\\/eldigitaldeasturias.com\\\/magazine365\\\/#organization\",\"name\":\"El digital de Asturias\",\"description\":\"Revista de ocio, turismo y estilo de vida\",\"url\":\"https:\\\/\\\/eldigitaldeasturias.com\\\/magazine365\\\/\",\"logo\":{\"@type\":\"ImageObject\",\"url\":\"https:\\\/\\\/www.eldigitaldeasturias.com\\\/noticias\\\/wp-content\\\/uploads\\\/2020\\\/12\\\/EDA.jpg\",\"@id\":\"https:\\\/\\\/eldigitaldeasturias.com\\\/magazine365\\\/ingenieros-aeronauticos-reclaman-normativas-especificas-para-el-desarrollo-del-sector-de-los-drones\\\/#organizationLogo\"},\"image\":{\"@id\":\"https:\\\/\\\/eldigitaldeasturias.com\\\/magazine365\\\/ingenieros-aeronauticos-reclaman-normativas-especificas-para-el-desarrollo-del-sector-de-los-drones\\\/#organizationLogo\"}},{\"@type\":\"Person\",\"@id\":\"https:\\\/\\\/eldigitaldeasturias.com\\\/magazine365\\\/author\\\/admin\\\/#author\",\"url\":\"https:\\\/\\\/eldigitaldeasturias.com\\\/magazine365\\\/author\\\/admin\\\/\",\"name\":\"admin\",\"image\":{\"@type\":\"ImageObject\",\"@id\":\"https:\\\/\\\/eldigitaldeasturias.com\\\/magazine365\\\/ingenieros-aeronauticos-reclaman-normativas-especificas-para-el-desarrollo-del-sector-de-los-drones\\\/#authorImage\",\"url\":\"https:\\\/\\\/eldigitaldeasturias.com\\\/magazine365\\\/wp-content\\\/litespeed\\\/avatar\\\/e571bcf59a0edd6fa6838245a470f2fe.jpg?ver=1776969259\",\"width\":96,\"height\":96,\"caption\":\"admin\"}},{\"@type\":\"WebPage\",\"@id\":\"https:\\\/\\\/eldigitaldeasturias.com\\\/magazine365\\\/ingenieros-aeronauticos-reclaman-normativas-especificas-para-el-desarrollo-del-sector-de-los-drones\\\/#webpage\",\"url\":\"https:\\\/\\\/eldigitaldeasturias.com\\\/magazine365\\\/ingenieros-aeronauticos-reclaman-normativas-especificas-para-el-desarrollo-del-sector-de-los-drones\\\/\",\"name\":\"Ingenieros aeron\\u00e1uticos reclaman normativas espec\\u00edficas para el desarrollo del sector de los \\u2018drones\\u2019 | El Digital de Asturias\",\"description\":\"Los ingenieros aeron\\u00e1uticos han reclamado normativas espec\\u00edficas en materia de aeronaves no tripuladas (RPAs), conocidas popularmente como 'drones', si se quiere avanzar en este sector para su desarrollo futuro. As\\u00ed lo ha apuntado Ernesto Llorente, miembro del grupo de Expertos 'Industria\\\/UAVs' del Colegio de Ingenieros Aeron\\u00e1uticos de Espa\\u00f1a (COIAE), en el marco de Global Robot\",\"inLanguage\":\"es-ES\",\"isPartOf\":{\"@id\":\"https:\\\/\\\/eldigitaldeasturias.com\\\/magazine365\\\/#website\"},\"breadcrumb\":{\"@id\":\"https:\\\/\\\/eldigitaldeasturias.com\\\/magazine365\\\/ingenieros-aeronauticos-reclaman-normativas-especificas-para-el-desarrollo-del-sector-de-los-drones\\\/#breadcrumblist\"},\"author\":{\"@id\":\"https:\\\/\\\/eldigitaldeasturias.com\\\/magazine365\\\/author\\\/admin\\\/#author\"},\"creator\":{\"@id\":\"https:\\\/\\\/eldigitaldeasturias.com\\\/magazine365\\\/author\\\/admin\\\/#author\"},\"image\":{\"@type\":\"ImageObject\",\"url\":\"https:\\\/\\\/eldigitaldeasturias.com\\\/magazine365\\\/wp-content\\\/uploads\\\/2016\\\/02\\\/fotonoticia_20160129142142_800-1.jpg\",\"@id\":\"https:\\\/\\\/eldigitaldeasturias.com\\\/magazine365\\\/ingenieros-aeronauticos-reclaman-normativas-especificas-para-el-desarrollo-del-sector-de-los-drones\\\/#mainImage\",\"width\":800,\"height\":600},\"primaryImageOfPage\":{\"@id\":\"https:\\\/\\\/eldigitaldeasturias.com\\\/magazine365\\\/ingenieros-aeronauticos-reclaman-normativas-especificas-para-el-desarrollo-del-sector-de-los-drones\\\/#mainImage\"},\"datePublished\":\"2016-02-02T16:33:11+01:00\",\"dateModified\":\"2016-02-02T16:33:12+01:00\"},{\"@type\":\"WebSite\",\"@id\":\"https:\\\/\\\/eldigitaldeasturias.com\\\/magazine365\\\/#website\",\"url\":\"https:\\\/\\\/eldigitaldeasturias.com\\\/magazine365\\\/\",\"name\":\"El Digital de Asturias\",\"description\":\"Revista de ocio, turismo y estilo de vida\",\"inLanguage\":\"es-ES\",\"publisher\":{\"@id\":\"https:\\\/\\\/eldigitaldeasturias.com\\\/magazine365\\\/#organization\"}}]}\n\t\t<\/script>\n\t\t<!-- All in One SEO Pro -->\r\n\t\t<title>Ingenieros aeron\u00e1uticos reclaman normativas espec\u00edficas para el desarrollo del sector de los \u2018drones\u2019 | El Digital de Asturias<\/title>\n\n","aioseo_head_json":{"title":"Ingenieros aeron\u00e1uticos reclaman normativas espec\u00edficas para el desarrollo del sector de los \u2018drones\u2019 | El Digital de Asturias","description":"Los ingenieros aeron\u00e1uticos han reclamado normativas espec\u00edficas en materia de aeronaves no tripuladas (RPAs), conocidas popularmente como 'drones', si se quiere avanzar en este sector para su desarrollo futuro. As\u00ed lo ha apuntado Ernesto Llorente, miembro del grupo de Expertos 'Industria\/UAVs' del Colegio de Ingenieros Aeron\u00e1uticos de Espa\u00f1a (COIAE), en el marco de Global Robot","canonical_url":"https:\/\/eldigitaldeasturias.com\/magazine365\/ingenieros-aeronauticos-reclaman-normativas-especificas-para-el-desarrollo-del-sector-de-los-drones\/","robots":"max-image-preview:large","keywords":"noticias y actualidad","webmasterTools":{"google-site-verification":"UA-38556648-1","miscellaneous":""},"schema":{"@context":"https:\/\/schema.org","@graph":[{"@type":"Article","@id":"https:\/\/eldigitaldeasturias.com\/magazine365\/ingenieros-aeronauticos-reclaman-normativas-especificas-para-el-desarrollo-del-sector-de-los-drones\/#article","name":"Ingenieros aeron\u00e1uticos reclaman normativas espec\u00edficas para el desarrollo del sector de los \u2018drones\u2019 | El Digital de Asturias","headline":"Ingenieros aeron\u00e1uticos reclaman normativas espec\u00edficas para el desarrollo del sector de los &#8216;drones&#8217;","author":{"@id":"https:\/\/eldigitaldeasturias.com\/magazine365\/author\/admin\/#author"},"publisher":{"@id":"https:\/\/eldigitaldeasturias.com\/magazine365\/#organization"},"image":{"@type":"ImageObject","url":"https:\/\/eldigitaldeasturias.com\/magazine365\/wp-content\/uploads\/2016\/02\/fotonoticia_20160129142142_800-1.jpg","width":800,"height":600},"datePublished":"2016-02-02T16:33:11+01:00","dateModified":"2016-02-02T16:33:12+01:00","inLanguage":"es-ES","mainEntityOfPage":{"@id":"https:\/\/eldigitaldeasturias.com\/magazine365\/ingenieros-aeronauticos-reclaman-normativas-especificas-para-el-desarrollo-del-sector-de-los-drones\/#webpage"},"isPartOf":{"@id":"https:\/\/eldigitaldeasturias.com\/magazine365\/ingenieros-aeronauticos-reclaman-normativas-especificas-para-el-desarrollo-del-sector-de-los-drones\/#webpage"},"articleSection":"Noticias y Actualidad"},{"@type":"BreadcrumbList","@id":"https:\/\/eldigitaldeasturias.com\/magazine365\/ingenieros-aeronauticos-reclaman-normativas-especificas-para-el-desarrollo-del-sector-de-los-drones\/#breadcrumblist","itemListElement":[{"@type":"ListItem","@id":"https:\/\/eldigitaldeasturias.com\/magazine365#listItem","position":1,"name":"Home","item":"https:\/\/eldigitaldeasturias.com\/magazine365","nextItem":{"@type":"ListItem","@id":"https:\/\/eldigitaldeasturias.com\/magazine365\/category\/noticias-actualidad\/#listItem","name":"Noticias y Actualidad"}},{"@type":"ListItem","@id":"https:\/\/eldigitaldeasturias.com\/magazine365\/category\/noticias-actualidad\/#listItem","position":2,"name":"Noticias y Actualidad","item":"https:\/\/eldigitaldeasturias.com\/magazine365\/category\/noticias-actualidad\/","nextItem":{"@type":"ListItem","@id":"https:\/\/eldigitaldeasturias.com\/magazine365\/ingenieros-aeronauticos-reclaman-normativas-especificas-para-el-desarrollo-del-sector-de-los-drones\/#listItem","name":"Ingenieros aeron\u00e1uticos reclaman normativas espec\u00edficas para el desarrollo del sector de los &#8216;drones&#8217;"},"previousItem":{"@type":"ListItem","@id":"https:\/\/eldigitaldeasturias.com\/magazine365#listItem","name":"Home"}},{"@type":"ListItem","@id":"https:\/\/eldigitaldeasturias.com\/magazine365\/ingenieros-aeronauticos-reclaman-normativas-especificas-para-el-desarrollo-del-sector-de-los-drones\/#listItem","position":3,"name":"Ingenieros aeron\u00e1uticos reclaman normativas espec\u00edficas para el desarrollo del sector de los &#8216;drones&#8217;","previousItem":{"@type":"ListItem","@id":"https:\/\/eldigitaldeasturias.com\/magazine365\/category\/noticias-actualidad\/#listItem","name":"Noticias y Actualidad"}}]},{"@type":"Organization","@id":"https:\/\/eldigitaldeasturias.com\/magazine365\/#organization","name":"El digital de Asturias","description":"Revista de ocio, turismo y estilo de vida","url":"https:\/\/eldigitaldeasturias.com\/magazine365\/","logo":{"@type":"ImageObject","url":"https:\/\/www.eldigitaldeasturias.com\/noticias\/wp-content\/uploads\/2020\/12\/EDA.jpg","@id":"https:\/\/eldigitaldeasturias.com\/magazine365\/ingenieros-aeronauticos-reclaman-normativas-especificas-para-el-desarrollo-del-sector-de-los-drones\/#organizationLogo"},"image":{"@id":"https:\/\/eldigitaldeasturias.com\/magazine365\/ingenieros-aeronauticos-reclaman-normativas-especificas-para-el-desarrollo-del-sector-de-los-drones\/#organizationLogo"}},{"@type":"Person","@id":"https:\/\/eldigitaldeasturias.com\/magazine365\/author\/admin\/#author","url":"https:\/\/eldigitaldeasturias.com\/magazine365\/author\/admin\/","name":"admin","image":{"@type":"ImageObject","@id":"https:\/\/eldigitaldeasturias.com\/magazine365\/ingenieros-aeronauticos-reclaman-normativas-especificas-para-el-desarrollo-del-sector-de-los-drones\/#authorImage","url":"https:\/\/eldigitaldeasturias.com\/magazine365\/wp-content\/litespeed\/avatar\/e571bcf59a0edd6fa6838245a470f2fe.jpg?ver=1776969259","width":96,"height":96,"caption":"admin"}},{"@type":"WebPage","@id":"https:\/\/eldigitaldeasturias.com\/magazine365\/ingenieros-aeronauticos-reclaman-normativas-especificas-para-el-desarrollo-del-sector-de-los-drones\/#webpage","url":"https:\/\/eldigitaldeasturias.com\/magazine365\/ingenieros-aeronauticos-reclaman-normativas-especificas-para-el-desarrollo-del-sector-de-los-drones\/","name":"Ingenieros aeron\u00e1uticos reclaman normativas espec\u00edficas para el desarrollo del sector de los \u2018drones\u2019 | El Digital de Asturias","description":"Los ingenieros aeron\u00e1uticos han reclamado normativas espec\u00edficas en materia de aeronaves no tripuladas (RPAs), conocidas popularmente como 'drones', si se quiere avanzar en este sector para su desarrollo futuro. As\u00ed lo ha apuntado Ernesto Llorente, miembro del grupo de Expertos 'Industria\/UAVs' del Colegio de Ingenieros Aeron\u00e1uticos de Espa\u00f1a (COIAE), en el marco de Global Robot","inLanguage":"es-ES","isPartOf":{"@id":"https:\/\/eldigitaldeasturias.com\/magazine365\/#website"},"breadcrumb":{"@id":"https:\/\/eldigitaldeasturias.com\/magazine365\/ingenieros-aeronauticos-reclaman-normativas-especificas-para-el-desarrollo-del-sector-de-los-drones\/#breadcrumblist"},"author":{"@id":"https:\/\/eldigitaldeasturias.com\/magazine365\/author\/admin\/#author"},"creator":{"@id":"https:\/\/eldigitaldeasturias.com\/magazine365\/author\/admin\/#author"},"image":{"@type":"ImageObject","url":"https:\/\/eldigitaldeasturias.com\/magazine365\/wp-content\/uploads\/2016\/02\/fotonoticia_20160129142142_800-1.jpg","@id":"https:\/\/eldigitaldeasturias.com\/magazine365\/ingenieros-aeronauticos-reclaman-normativas-especificas-para-el-desarrollo-del-sector-de-los-drones\/#mainImage","width":800,"height":600},"primaryImageOfPage":{"@id":"https:\/\/eldigitaldeasturias.com\/magazine365\/ingenieros-aeronauticos-reclaman-normativas-especificas-para-el-desarrollo-del-sector-de-los-drones\/#mainImage"},"datePublished":"2016-02-02T16:33:11+01:00","dateModified":"2016-02-02T16:33:12+01:00"},{"@type":"WebSite","@id":"https:\/\/eldigitaldeasturias.com\/magazine365\/#website","url":"https:\/\/eldigitaldeasturias.com\/magazine365\/","name":"El Digital de Asturias","description":"Revista de ocio, turismo y estilo de vida","inLanguage":"es-ES","publisher":{"@id":"https:\/\/eldigitaldeasturias.com\/magazine365\/#organization"}}]},"og:locale":"es_ES","og:site_name":"El Digital de Asturias \u2013 Revista de ocio, turismo y estilo de vida","og:type":"article","og:title":"Ingenieros aeron\u00e1uticos reclaman normativas espec\u00edficas para el desarrollo del sector de los \u2018drones\u2019 | El Digital de Asturias","og:description":"Los ingenieros aeron\u00e1uticos han reclamado normativas espec\u00edficas en materia de aeronaves no tripuladas (RPAs), conocidas popularmente como 'drones', si se quiere avanzar en este sector para su desarrollo futuro. As\u00ed lo ha apuntado Ernesto Llorente, miembro del grupo de Expertos 'Industria\/UAVs' del Colegio de Ingenieros Aeron\u00e1uticos de Espa\u00f1a (COIAE), en el marco de Global Robot","og:url":"https:\/\/eldigitaldeasturias.com\/magazine365\/ingenieros-aeronauticos-reclaman-normativas-especificas-para-el-desarrollo-del-sector-de-los-drones\/","og:image":"https:\/\/eldigitaldeasturias.com\/magazine365\/wp-content\/uploads\/2016\/02\/fotonoticia_20160129142142_800-1.jpg","og:image:secure_url":"https:\/\/eldigitaldeasturias.com\/magazine365\/wp-content\/uploads\/2016\/02\/fotonoticia_20160129142142_800-1.jpg","og:image:width":800,"og:image:height":600,"article:published_time":"2016-02-02T15:33:11+00:00","article:modified_time":"2016-02-02T15:33:12+00:00","twitter:card":"summary_large_image","twitter:title":"Ingenieros aeron\u00e1uticos reclaman normativas espec\u00edficas para el desarrollo del sector de los \u2018drones\u2019 | El Digital de Asturias","twitter:description":"Los ingenieros aeron\u00e1uticos han reclamado normativas espec\u00edficas en materia de aeronaves no tripuladas (RPAs), conocidas popularmente como 'drones', si se quiere avanzar en este sector para su desarrollo futuro. As\u00ed lo ha apuntado Ernesto Llorente, miembro del grupo de Expertos 'Industria\/UAVs' del Colegio de Ingenieros Aeron\u00e1uticos de Espa\u00f1a (COIAE), en el marco de Global Robot","twitter:image":"https:\/\/eldigitaldeasturias.com\/magazine365\/wp-content\/uploads\/2016\/02\/fotonoticia_20160129142142_800-1.jpg"},"aioseo_meta_data":{"post_id":"62747","title":null,"description":null,"keywords":null,"keyphrases":null,"primary_term":null,"canonical_url":null,"og_title":null,"og_description":null,"og_object_type":"default","og_image_type":"default","og_image_url":null,"og_image_width":null,"og_image_height":null,"og_image_custom_url":null,"og_image_custom_fields":null,"og_video":null,"og_custom_url":null,"og_article_section":null,"og_article_tags":null,"twitter_use_og":false,"twitter_card":"default","twitter_image_type":"default","twitter_image_url":null,"twitter_image_custom_url":null,"twitter_image_custom_fields":null,"twitter_title":null,"twitter_description":null,"schema":{"blockGraphs":[],"customGraphs":[],"default":{"data":{"Article":[],"Course":[],"Dataset":[],"FAQPage":[],"Movie":[],"Person":[],"Product":[],"ProductReview":[],"Car":[],"Recipe":[],"Service":[],"SoftwareApplication":[],"WebPage":[]},"graphName":"","isEnabled":true},"graphs":[],"defaultGraph":"","defaultPostTypeGraph":""},"schema_type":null,"schema_type_options":null,"pillar_content":false,"robots_default":true,"robots_noindex":false,"robots_noarchive":false,"robots_nosnippet":false,"robots_nofollow":false,"robots_noimageindex":false,"robots_noodp":false,"robots_notranslate":false,"robots_max_snippet":null,"robots_max_videopreview":null,"robots_max_imagepreview":"large","priority":null,"frequency":null,"location":null,"local_seo":null,"seo_analyzer_scan_date":"2025-09-25 11:47:57","breadcrumb_settings":null,"limit_modified_date":false,"open_ai":null,"ai":null,"created":"2021-03-08 21:31:33","updated":"2025-09-25 11:47:57"},"aioseo_breadcrumb":"<div class=\"aioseo-breadcrumbs\"><span class=\"aioseo-breadcrumb\">\n\t<a href=\"https:\/\/eldigitaldeasturias.com\/magazine365\" title=\"Home\">Home<\/a>\n<\/span><span class=\"aioseo-breadcrumb-separator\">\u2013<\/span><span class=\"aioseo-breadcrumb\">\n\t<a href=\"https:\/\/eldigitaldeasturias.com\/magazine365\/category\/noticias-actualidad\/\" title=\"Noticias y Actualidad\">Noticias y Actualidad<\/a>\n<\/span><span class=\"aioseo-breadcrumb-separator\">\u2013<\/span><span class=\"aioseo-breadcrumb\">\n\t<a href=\"https:\/\/eldigitaldeasturias.com\/magazine365\/ingenieros-aeronauticos-reclaman-normativas-especificas-para-el-desarrollo-del-sector-de-los-drones\/\" title=\"Ingenieros aeron\u00e1uticos reclaman normativas espec\u00edficas para el desarrollo del sector de los \u2018drones\u2019\">Ingenieros aeron\u00e1uticos reclaman normativas espec\u00edficas para el desarrollo del sector de los \u2018drones\u2019<\/a>\n<\/span><\/div>","aioseo_breadcrumb_json":[{"label":"Home","link":"https:\/\/eldigitaldeasturias.com\/magazine365"},{"label":"Noticias y Actualidad","link":"https:\/\/eldigitaldeasturias.com\/magazine365\/category\/noticias-actualidad\/"},{"label":"Ingenieros aeron\u00e1uticos reclaman normativas espec\u00edficas para el desarrollo del sector de los &#8216;drones&#8217;","link":"https:\/\/eldigitaldeasturias.com\/magazine365\/ingenieros-aeronauticos-reclaman-normativas-especificas-para-el-desarrollo-del-sector-de-los-drones\/"}],"_links":{"self":[{"href":"https:\/\/eldigitaldeasturias.com\/magazine365\/wp-json\/wp\/v2\/posts\/62747","targetHints":{"allow":["GET"]}}],"collection":[{"href":"https:\/\/eldigitaldeasturias.com\/magazine365\/wp-json\/wp\/v2\/posts"}],"about":[{"href":"https:\/\/eldigitaldeasturias.com\/magazine365\/wp-json\/wp\/v2\/types\/post"}],"author":[{"embeddable":true,"href":"https:\/\/eldigitaldeasturias.com\/magazine365\/wp-json\/wp\/v2\/users\/1"}],"replies":[{"embeddable":true,"href":"https:\/\/eldigitaldeasturias.com\/magazine365\/wp-json\/wp\/v2\/comments?post=62747"}],"version-history":[{"count":0,"href":"https:\/\/eldigitaldeasturias.com\/magazine365\/wp-json\/wp\/v2\/posts\/62747\/revisions"}],"wp:featuredmedia":[{"embeddable":true,"href":"https:\/\/eldigitaldeasturias.com\/magazine365\/wp-json\/wp\/v2\/media\/62749"}],"wp:attachment":[{"href":"https:\/\/eldigitaldeasturias.com\/magazine365\/wp-json\/wp\/v2\/media?parent=62747"}],"wp:term":[{"taxonomy":"category","embeddable":true,"href":"https:\/\/eldigitaldeasturias.com\/magazine365\/wp-json\/wp\/v2\/categories?post=62747"},{"taxonomy":"post_tag","embeddable":true,"href":"https:\/\/eldigitaldeasturias.com\/magazine365\/wp-json\/wp\/v2\/tags?post=62747"}],"curies":[{"name":"wp","href":"https:\/\/api.w.org\/{rel}","templated":true}]}}