{"id":62705,"date":"2016-02-02T15:59:36","date_gmt":"2016-02-02T14:59:36","guid":{"rendered":"http:\/\/eldigitaldeasturias.com\/magazine365\/?p=62705"},"modified":"2016-02-02T15:59:36","modified_gmt":"2016-02-02T14:59:36","slug":"hoteles-silken-gestionara-su-primer-establecimiento-en-huesca","status":"publish","type":"post","link":"https:\/\/eldigitaldeasturias.com\/magazine365\/hoteles-silken-gestionara-su-primer-establecimiento-en-huesca\/","title":{"rendered":"Hoteles Silken gestionar\u00e1 su primer establecimiento en Huesca"},"content":{"rendered":"<p><img fetchpriority=\"high\" decoding=\"async\" class=\"alignleft size-medium wp-image-62706\" src=\"https:\/\/eldigitaldeasturias.com\/magazine365\/wp-content\/uploads\/2016\/02\/fotonoticia_20160129112127_800-360x194.jpg\" alt=\"fotonoticia_20160129112127_800\" width=\"360\" height=\"194\" srcset=\"https:\/\/eldigitaldeasturias.com\/magazine365\/wp-content\/uploads\/2016\/02\/fotonoticia_20160129112127_800-360x194.jpg 360w, https:\/\/eldigitaldeasturias.com\/magazine365\/wp-content\/uploads\/2016\/02\/fotonoticia_20160129112127_800-650x351.jpg 650w, https:\/\/eldigitaldeasturias.com\/magazine365\/wp-content\/uploads\/2016\/02\/fotonoticia_20160129112127_800-768x415.jpg 768w, https:\/\/eldigitaldeasturias.com\/magazine365\/wp-content\/uploads\/2016\/02\/fotonoticia_20160129112127_800-150x81.jpg 150w, https:\/\/eldigitaldeasturias.com\/magazine365\/wp-content\/uploads\/2016\/02\/fotonoticia_20160129112127_800-450x243.jpg 450w, https:\/\/eldigitaldeasturias.com\/magazine365\/wp-content\/uploads\/2016\/02\/fotonoticia_20160129112127_800-696x376.jpg 696w, https:\/\/eldigitaldeasturias.com\/magazine365\/wp-content\/uploads\/2016\/02\/fotonoticia_20160129112127_800-778x420.jpg 778w, https:\/\/eldigitaldeasturias.com\/magazine365\/wp-content\/uploads\/2016\/02\/fotonoticia_20160129112127_800-420x225.jpg 420w, https:\/\/eldigitaldeasturias.com\/magazine365\/wp-content\/uploads\/2016\/02\/fotonoticia_20160129112127_800.jpg 800w\" sizes=\"(max-width: 360px) 100vw, 360px\" \/>La cadena hotelera Silken acaba de incorporar a su porfolio su primer establecimiento en la provincia de Huesca, un hotel cuatro estrellas en el municipio de Torla-Ordesa.<\/p>\n<p>El hotel, propiedad de la sociedad Hotel Ordesa, que preside Mar\u00eda Mercedes D\u00edez Barrab\u00e9s, entrar\u00e1 en la cadena Silken en r\u00e9gimen de gesti\u00f3n. Con esta incorporaci\u00f3n, Hoteles Silken suma 32 hoteles, en su mayor\u00eda en el segmento urbano, con una capacidad de 4.526 habitaciones.<\/p>\n<p>El hotel &#8216;Silken Ordesa&#8217; es un hotel de monta\u00f1a, con 57 habitaciones, ubicado al pie del Parque Nacional de Ordesa y Monte Perdido pr\u00f3ximo a las estaciones de esqu\u00ed de Panticosa y Formigal.<\/p>\n<p>El establecimiento cuenta con piscina al aire libre, terraza y zona wellness-spa. Tambi\u00e9n dispone de un restaurante especializado en la gastronom\u00eda tradicional pirenaica.<\/p>\n<p>La cadena cuenta con establecimientos de referencia en Madrid, Barcelona, Platja D&#8217;Aro (Girona), Oviedo, Gij\u00f3n, Avil\u00e9s, Vigo, Santander, Zaragoza, Bilbao, Vitoria, San Sebasti\u00e1n, Burgos, Salamanca, Le\u00f3n, Valladolid, Ciudad Real, M\u00e1laga, Sevilla, Valencia, Murcia, Santa Cruz de Tenerife y Bruselas, adem\u00e1s del reci\u00e9n adquirido hotel en Torla-Ordesa.<\/p>\n","protected":false},"excerpt":{"rendered":"<p>La cadena hotelera Silken acaba de incorporar a su porfolio su primer establecimiento en la provincia de Huesca, un hotel cuatro estrellas en el municipio de Torla-Ordesa. El hotel, propiedad de la sociedad Hotel Ordesa, que preside Mar\u00eda Mercedes D\u00edez Barrab\u00e9s, entrar\u00e1 en la cadena Silken en r\u00e9gimen de gesti\u00f3n. Con esta incorporaci\u00f3n, Hoteles Silken<\/p>\n","protected":false},"author":1,"featured_media":62706,"comment_status":"open","ping_status":"closed","sticky":false,"template":"","format":"standard","meta":{"footnotes":""},"categories":[224],"tags":[],"class_list":{"0":"post-62705","1":"post","2":"type-post","3":"status-publish","4":"format-standard","5":"has-post-thumbnail","7":"category-noticias-actualidad"},"aioseo_notices":[],"aioseo_head":"\n\t\t<!-- All in One SEO Pro 4.9.6.1 - aioseo.com -->\n\t<meta name=\"description\" content=\"La cadena hotelera Silken acaba de incorporar a su porfolio su primer establecimiento en la provincia de Huesca, un hotel cuatro estrellas en el municipio de Torla-Ordesa. El hotel, propiedad de la sociedad Hotel Ordesa, que preside Mar\u00eda Mercedes D\u00edez Barrab\u00e9s, entrar\u00e1 en la cadena Silken en r\u00e9gimen de gesti\u00f3n. Con esta incorporaci\u00f3n, Hoteles Silken\" \/>\n\t<meta name=\"robots\" content=\"max-image-preview:large\" \/>\n\t<meta name=\"author\" content=\"admin\"\/>\n\t<meta name=\"google-site-verification\" content=\"UA-38556648-1\" \/>\n\t<meta name=\"keywords\" content=\"noticias y actualidad\" \/>\n\t<link rel=\"canonical\" href=\"https:\/\/eldigitaldeasturias.com\/magazine365\/hoteles-silken-gestionara-su-primer-establecimiento-en-huesca\/\" \/>\n\t<meta name=\"generator\" content=\"All in One SEO Pro (AIOSEO) 4.9.6.1\" \/>\n\t\t<meta property=\"og:locale\" content=\"es_ES\" \/>\n\t\t<meta property=\"og:site_name\" content=\"El Digital de Asturias \u2013 Revista de ocio, turismo y estilo de vida\" \/>\n\t\t<meta property=\"og:type\" content=\"article\" \/>\n\t\t<meta property=\"og:title\" content=\"Hoteles Silken gestionar\u00e1 su primer establecimiento en Huesca | El Digital de Asturias\" \/>\n\t\t<meta property=\"og:description\" content=\"La cadena hotelera Silken acaba de incorporar a su porfolio su primer establecimiento en la provincia de Huesca, un hotel cuatro estrellas en el municipio de Torla-Ordesa. El hotel, propiedad de la sociedad Hotel Ordesa, que preside Mar\u00eda Mercedes D\u00edez Barrab\u00e9s, entrar\u00e1 en la cadena Silken en r\u00e9gimen de gesti\u00f3n. Con esta incorporaci\u00f3n, Hoteles Silken\" \/>\n\t\t<meta property=\"og:url\" content=\"https:\/\/eldigitaldeasturias.com\/magazine365\/hoteles-silken-gestionara-su-primer-establecimiento-en-huesca\/\" \/>\n\t\t<meta property=\"og:image\" content=\"https:\/\/eldigitaldeasturias.com\/magazine365\/wp-content\/uploads\/2016\/02\/fotonoticia_20160129112127_800.jpg\" \/>\n\t\t<meta property=\"og:image:secure_url\" content=\"https:\/\/eldigitaldeasturias.com\/magazine365\/wp-content\/uploads\/2016\/02\/fotonoticia_20160129112127_800.jpg\" \/>\n\t\t<meta property=\"og:image:width\" content=\"800\" \/>\n\t\t<meta property=\"og:image:height\" content=\"432\" \/>\n\t\t<meta property=\"article:published_time\" content=\"2016-02-02T14:59:36+00:00\" \/>\n\t\t<meta property=\"article:modified_time\" content=\"2016-02-02T14:59:36+00:00\" \/>\n\t\t<meta name=\"twitter:card\" content=\"summary_large_image\" \/>\n\t\t<meta name=\"twitter:title\" content=\"Hoteles Silken gestionar\u00e1 su primer establecimiento en Huesca | El Digital de Asturias\" \/>\n\t\t<meta name=\"twitter:description\" content=\"La cadena hotelera Silken acaba de incorporar a su porfolio su primer establecimiento en la provincia de Huesca, un hotel cuatro estrellas en el municipio de Torla-Ordesa. El hotel, propiedad de la sociedad Hotel Ordesa, que preside Mar\u00eda Mercedes D\u00edez Barrab\u00e9s, entrar\u00e1 en la cadena Silken en r\u00e9gimen de gesti\u00f3n. Con esta incorporaci\u00f3n, Hoteles Silken\" \/>\n\t\t<meta name=\"twitter:image\" content=\"https:\/\/eldigitaldeasturias.com\/magazine365\/wp-content\/uploads\/2016\/02\/fotonoticia_20160129112127_800.jpg\" \/>\n\t\t<script type=\"application\/ld+json\" class=\"aioseo-schema\">\n\t\t\t{\"@context\":\"https:\\\/\\\/schema.org\",\"@graph\":[{\"@type\":\"Article\",\"@id\":\"https:\\\/\\\/eldigitaldeasturias.com\\\/magazine365\\\/hoteles-silken-gestionara-su-primer-establecimiento-en-huesca\\\/#article\",\"name\":\"Hoteles Silken gestionar\\u00e1 su primer establecimiento en Huesca | El Digital de Asturias\",\"headline\":\"Hoteles Silken gestionar\\u00e1 su primer establecimiento en Huesca\",\"author\":{\"@id\":\"https:\\\/\\\/eldigitaldeasturias.com\\\/magazine365\\\/author\\\/admin\\\/#author\"},\"publisher\":{\"@id\":\"https:\\\/\\\/eldigitaldeasturias.com\\\/magazine365\\\/#organization\"},\"image\":{\"@type\":\"ImageObject\",\"url\":\"https:\\\/\\\/eldigitaldeasturias.com\\\/magazine365\\\/wp-content\\\/uploads\\\/2016\\\/02\\\/fotonoticia_20160129112127_800.jpg\",\"width\":800,\"height\":432},\"datePublished\":\"2016-02-02T15:59:36+01:00\",\"dateModified\":\"2016-02-02T15:59:36+01:00\",\"inLanguage\":\"es-ES\",\"mainEntityOfPage\":{\"@id\":\"https:\\\/\\\/eldigitaldeasturias.com\\\/magazine365\\\/hoteles-silken-gestionara-su-primer-establecimiento-en-huesca\\\/#webpage\"},\"isPartOf\":{\"@id\":\"https:\\\/\\\/eldigitaldeasturias.com\\\/magazine365\\\/hoteles-silken-gestionara-su-primer-establecimiento-en-huesca\\\/#webpage\"},\"articleSection\":\"Noticias y Actualidad\"},{\"@type\":\"BreadcrumbList\",\"@id\":\"https:\\\/\\\/eldigitaldeasturias.com\\\/magazine365\\\/hoteles-silken-gestionara-su-primer-establecimiento-en-huesca\\\/#breadcrumblist\",\"itemListElement\":[{\"@type\":\"ListItem\",\"@id\":\"https:\\\/\\\/eldigitaldeasturias.com\\\/magazine365#listItem\",\"position\":1,\"name\":\"Home\",\"item\":\"https:\\\/\\\/eldigitaldeasturias.com\\\/magazine365\",\"nextItem\":{\"@type\":\"ListItem\",\"@id\":\"https:\\\/\\\/eldigitaldeasturias.com\\\/magazine365\\\/category\\\/noticias-actualidad\\\/#listItem\",\"name\":\"Noticias y Actualidad\"}},{\"@type\":\"ListItem\",\"@id\":\"https:\\\/\\\/eldigitaldeasturias.com\\\/magazine365\\\/category\\\/noticias-actualidad\\\/#listItem\",\"position\":2,\"name\":\"Noticias y Actualidad\",\"item\":\"https:\\\/\\\/eldigitaldeasturias.com\\\/magazine365\\\/category\\\/noticias-actualidad\\\/\",\"nextItem\":{\"@type\":\"ListItem\",\"@id\":\"https:\\\/\\\/eldigitaldeasturias.com\\\/magazine365\\\/hoteles-silken-gestionara-su-primer-establecimiento-en-huesca\\\/#listItem\",\"name\":\"Hoteles Silken gestionar\\u00e1 su primer establecimiento en Huesca\"},\"previousItem\":{\"@type\":\"ListItem\",\"@id\":\"https:\\\/\\\/eldigitaldeasturias.com\\\/magazine365#listItem\",\"name\":\"Home\"}},{\"@type\":\"ListItem\",\"@id\":\"https:\\\/\\\/eldigitaldeasturias.com\\\/magazine365\\\/hoteles-silken-gestionara-su-primer-establecimiento-en-huesca\\\/#listItem\",\"position\":3,\"name\":\"Hoteles Silken gestionar\\u00e1 su primer establecimiento en Huesca\",\"previousItem\":{\"@type\":\"ListItem\",\"@id\":\"https:\\\/\\\/eldigitaldeasturias.com\\\/magazine365\\\/category\\\/noticias-actualidad\\\/#listItem\",\"name\":\"Noticias y Actualidad\"}}]},{\"@type\":\"Organization\",\"@id\":\"https:\\\/\\\/eldigitaldeasturias.com\\\/magazine365\\\/#organization\",\"name\":\"El digital de Asturias\",\"description\":\"Revista de ocio, turismo y estilo de vida\",\"url\":\"https:\\\/\\\/eldigitaldeasturias.com\\\/magazine365\\\/\",\"logo\":{\"@type\":\"ImageObject\",\"url\":\"https:\\\/\\\/www.eldigitaldeasturias.com\\\/noticias\\\/wp-content\\\/uploads\\\/2020\\\/12\\\/EDA.jpg\",\"@id\":\"https:\\\/\\\/eldigitaldeasturias.com\\\/magazine365\\\/hoteles-silken-gestionara-su-primer-establecimiento-en-huesca\\\/#organizationLogo\"},\"image\":{\"@id\":\"https:\\\/\\\/eldigitaldeasturias.com\\\/magazine365\\\/hoteles-silken-gestionara-su-primer-establecimiento-en-huesca\\\/#organizationLogo\"}},{\"@type\":\"Person\",\"@id\":\"https:\\\/\\\/eldigitaldeasturias.com\\\/magazine365\\\/author\\\/admin\\\/#author\",\"url\":\"https:\\\/\\\/eldigitaldeasturias.com\\\/magazine365\\\/author\\\/admin\\\/\",\"name\":\"admin\",\"image\":{\"@type\":\"ImageObject\",\"@id\":\"https:\\\/\\\/eldigitaldeasturias.com\\\/magazine365\\\/hoteles-silken-gestionara-su-primer-establecimiento-en-huesca\\\/#authorImage\",\"url\":\"https:\\\/\\\/eldigitaldeasturias.com\\\/magazine365\\\/wp-content\\\/litespeed\\\/avatar\\\/e571bcf59a0edd6fa6838245a470f2fe.jpg?ver=1776969259\",\"width\":96,\"height\":96,\"caption\":\"admin\"}},{\"@type\":\"WebPage\",\"@id\":\"https:\\\/\\\/eldigitaldeasturias.com\\\/magazine365\\\/hoteles-silken-gestionara-su-primer-establecimiento-en-huesca\\\/#webpage\",\"url\":\"https:\\\/\\\/eldigitaldeasturias.com\\\/magazine365\\\/hoteles-silken-gestionara-su-primer-establecimiento-en-huesca\\\/\",\"name\":\"Hoteles Silken gestionar\\u00e1 su primer establecimiento en Huesca | El Digital de Asturias\",\"description\":\"La cadena hotelera Silken acaba de incorporar a su porfolio su primer establecimiento en la provincia de Huesca, un hotel cuatro estrellas en el municipio de Torla-Ordesa. El hotel, propiedad de la sociedad Hotel Ordesa, que preside Mar\\u00eda Mercedes D\\u00edez Barrab\\u00e9s, entrar\\u00e1 en la cadena Silken en r\\u00e9gimen de gesti\\u00f3n. Con esta incorporaci\\u00f3n, Hoteles Silken\",\"inLanguage\":\"es-ES\",\"isPartOf\":{\"@id\":\"https:\\\/\\\/eldigitaldeasturias.com\\\/magazine365\\\/#website\"},\"breadcrumb\":{\"@id\":\"https:\\\/\\\/eldigitaldeasturias.com\\\/magazine365\\\/hoteles-silken-gestionara-su-primer-establecimiento-en-huesca\\\/#breadcrumblist\"},\"author\":{\"@id\":\"https:\\\/\\\/eldigitaldeasturias.com\\\/magazine365\\\/author\\\/admin\\\/#author\"},\"creator\":{\"@id\":\"https:\\\/\\\/eldigitaldeasturias.com\\\/magazine365\\\/author\\\/admin\\\/#author\"},\"image\":{\"@type\":\"ImageObject\",\"url\":\"https:\\\/\\\/eldigitaldeasturias.com\\\/magazine365\\\/wp-content\\\/uploads\\\/2016\\\/02\\\/fotonoticia_20160129112127_800.jpg\",\"@id\":\"https:\\\/\\\/eldigitaldeasturias.com\\\/magazine365\\\/hoteles-silken-gestionara-su-primer-establecimiento-en-huesca\\\/#mainImage\",\"width\":800,\"height\":432},\"primaryImageOfPage\":{\"@id\":\"https:\\\/\\\/eldigitaldeasturias.com\\\/magazine365\\\/hoteles-silken-gestionara-su-primer-establecimiento-en-huesca\\\/#mainImage\"},\"datePublished\":\"2016-02-02T15:59:36+01:00\",\"dateModified\":\"2016-02-02T15:59:36+01:00\"},{\"@type\":\"WebSite\",\"@id\":\"https:\\\/\\\/eldigitaldeasturias.com\\\/magazine365\\\/#website\",\"url\":\"https:\\\/\\\/eldigitaldeasturias.com\\\/magazine365\\\/\",\"name\":\"El Digital de Asturias\",\"description\":\"Revista de ocio, turismo y estilo de vida\",\"inLanguage\":\"es-ES\",\"publisher\":{\"@id\":\"https:\\\/\\\/eldigitaldeasturias.com\\\/magazine365\\\/#organization\"}}]}\n\t\t<\/script>\n\t\t<!-- All in One SEO Pro -->\r\n\t\t<title>Hoteles Silken gestionar\u00e1 su primer establecimiento en Huesca | El Digital de Asturias<\/title>\n\n","aioseo_head_json":{"title":"Hoteles Silken gestionar\u00e1 su primer establecimiento en Huesca | El Digital de Asturias","description":"La cadena hotelera Silken acaba de incorporar a su porfolio su primer establecimiento en la provincia de Huesca, un hotel cuatro estrellas en el municipio de Torla-Ordesa. El hotel, propiedad de la sociedad Hotel Ordesa, que preside Mar\u00eda Mercedes D\u00edez Barrab\u00e9s, entrar\u00e1 en la cadena Silken en r\u00e9gimen de gesti\u00f3n. Con esta incorporaci\u00f3n, Hoteles Silken","canonical_url":"https:\/\/eldigitaldeasturias.com\/magazine365\/hoteles-silken-gestionara-su-primer-establecimiento-en-huesca\/","robots":"max-image-preview:large","keywords":"noticias y actualidad","webmasterTools":{"google-site-verification":"UA-38556648-1","miscellaneous":""},"schema":{"@context":"https:\/\/schema.org","@graph":[{"@type":"Article","@id":"https:\/\/eldigitaldeasturias.com\/magazine365\/hoteles-silken-gestionara-su-primer-establecimiento-en-huesca\/#article","name":"Hoteles Silken gestionar\u00e1 su primer establecimiento en Huesca | El Digital de Asturias","headline":"Hoteles Silken gestionar\u00e1 su primer establecimiento en Huesca","author":{"@id":"https:\/\/eldigitaldeasturias.com\/magazine365\/author\/admin\/#author"},"publisher":{"@id":"https:\/\/eldigitaldeasturias.com\/magazine365\/#organization"},"image":{"@type":"ImageObject","url":"https:\/\/eldigitaldeasturias.com\/magazine365\/wp-content\/uploads\/2016\/02\/fotonoticia_20160129112127_800.jpg","width":800,"height":432},"datePublished":"2016-02-02T15:59:36+01:00","dateModified":"2016-02-02T15:59:36+01:00","inLanguage":"es-ES","mainEntityOfPage":{"@id":"https:\/\/eldigitaldeasturias.com\/magazine365\/hoteles-silken-gestionara-su-primer-establecimiento-en-huesca\/#webpage"},"isPartOf":{"@id":"https:\/\/eldigitaldeasturias.com\/magazine365\/hoteles-silken-gestionara-su-primer-establecimiento-en-huesca\/#webpage"},"articleSection":"Noticias y Actualidad"},{"@type":"BreadcrumbList","@id":"https:\/\/eldigitaldeasturias.com\/magazine365\/hoteles-silken-gestionara-su-primer-establecimiento-en-huesca\/#breadcrumblist","itemListElement":[{"@type":"ListItem","@id":"https:\/\/eldigitaldeasturias.com\/magazine365#listItem","position":1,"name":"Home","item":"https:\/\/eldigitaldeasturias.com\/magazine365","nextItem":{"@type":"ListItem","@id":"https:\/\/eldigitaldeasturias.com\/magazine365\/category\/noticias-actualidad\/#listItem","name":"Noticias y Actualidad"}},{"@type":"ListItem","@id":"https:\/\/eldigitaldeasturias.com\/magazine365\/category\/noticias-actualidad\/#listItem","position":2,"name":"Noticias y Actualidad","item":"https:\/\/eldigitaldeasturias.com\/magazine365\/category\/noticias-actualidad\/","nextItem":{"@type":"ListItem","@id":"https:\/\/eldigitaldeasturias.com\/magazine365\/hoteles-silken-gestionara-su-primer-establecimiento-en-huesca\/#listItem","name":"Hoteles Silken gestionar\u00e1 su primer establecimiento en Huesca"},"previousItem":{"@type":"ListItem","@id":"https:\/\/eldigitaldeasturias.com\/magazine365#listItem","name":"Home"}},{"@type":"ListItem","@id":"https:\/\/eldigitaldeasturias.com\/magazine365\/hoteles-silken-gestionara-su-primer-establecimiento-en-huesca\/#listItem","position":3,"name":"Hoteles Silken gestionar\u00e1 su primer establecimiento en Huesca","previousItem":{"@type":"ListItem","@id":"https:\/\/eldigitaldeasturias.com\/magazine365\/category\/noticias-actualidad\/#listItem","name":"Noticias y Actualidad"}}]},{"@type":"Organization","@id":"https:\/\/eldigitaldeasturias.com\/magazine365\/#organization","name":"El digital de Asturias","description":"Revista de ocio, turismo y estilo de vida","url":"https:\/\/eldigitaldeasturias.com\/magazine365\/","logo":{"@type":"ImageObject","url":"https:\/\/www.eldigitaldeasturias.com\/noticias\/wp-content\/uploads\/2020\/12\/EDA.jpg","@id":"https:\/\/eldigitaldeasturias.com\/magazine365\/hoteles-silken-gestionara-su-primer-establecimiento-en-huesca\/#organizationLogo"},"image":{"@id":"https:\/\/eldigitaldeasturias.com\/magazine365\/hoteles-silken-gestionara-su-primer-establecimiento-en-huesca\/#organizationLogo"}},{"@type":"Person","@id":"https:\/\/eldigitaldeasturias.com\/magazine365\/author\/admin\/#author","url":"https:\/\/eldigitaldeasturias.com\/magazine365\/author\/admin\/","name":"admin","image":{"@type":"ImageObject","@id":"https:\/\/eldigitaldeasturias.com\/magazine365\/hoteles-silken-gestionara-su-primer-establecimiento-en-huesca\/#authorImage","url":"https:\/\/eldigitaldeasturias.com\/magazine365\/wp-content\/litespeed\/avatar\/e571bcf59a0edd6fa6838245a470f2fe.jpg?ver=1776969259","width":96,"height":96,"caption":"admin"}},{"@type":"WebPage","@id":"https:\/\/eldigitaldeasturias.com\/magazine365\/hoteles-silken-gestionara-su-primer-establecimiento-en-huesca\/#webpage","url":"https:\/\/eldigitaldeasturias.com\/magazine365\/hoteles-silken-gestionara-su-primer-establecimiento-en-huesca\/","name":"Hoteles Silken gestionar\u00e1 su primer establecimiento en Huesca | El Digital de Asturias","description":"La cadena hotelera Silken acaba de incorporar a su porfolio su primer establecimiento en la provincia de Huesca, un hotel cuatro estrellas en el municipio de Torla-Ordesa. El hotel, propiedad de la sociedad Hotel Ordesa, que preside Mar\u00eda Mercedes D\u00edez Barrab\u00e9s, entrar\u00e1 en la cadena Silken en r\u00e9gimen de gesti\u00f3n. Con esta incorporaci\u00f3n, Hoteles Silken","inLanguage":"es-ES","isPartOf":{"@id":"https:\/\/eldigitaldeasturias.com\/magazine365\/#website"},"breadcrumb":{"@id":"https:\/\/eldigitaldeasturias.com\/magazine365\/hoteles-silken-gestionara-su-primer-establecimiento-en-huesca\/#breadcrumblist"},"author":{"@id":"https:\/\/eldigitaldeasturias.com\/magazine365\/author\/admin\/#author"},"creator":{"@id":"https:\/\/eldigitaldeasturias.com\/magazine365\/author\/admin\/#author"},"image":{"@type":"ImageObject","url":"https:\/\/eldigitaldeasturias.com\/magazine365\/wp-content\/uploads\/2016\/02\/fotonoticia_20160129112127_800.jpg","@id":"https:\/\/eldigitaldeasturias.com\/magazine365\/hoteles-silken-gestionara-su-primer-establecimiento-en-huesca\/#mainImage","width":800,"height":432},"primaryImageOfPage":{"@id":"https:\/\/eldigitaldeasturias.com\/magazine365\/hoteles-silken-gestionara-su-primer-establecimiento-en-huesca\/#mainImage"},"datePublished":"2016-02-02T15:59:36+01:00","dateModified":"2016-02-02T15:59:36+01:00"},{"@type":"WebSite","@id":"https:\/\/eldigitaldeasturias.com\/magazine365\/#website","url":"https:\/\/eldigitaldeasturias.com\/magazine365\/","name":"El Digital de Asturias","description":"Revista de ocio, turismo y estilo de vida","inLanguage":"es-ES","publisher":{"@id":"https:\/\/eldigitaldeasturias.com\/magazine365\/#organization"}}]},"og:locale":"es_ES","og:site_name":"El Digital de Asturias \u2013 Revista de ocio, turismo y estilo de vida","og:type":"article","og:title":"Hoteles Silken gestionar\u00e1 su primer establecimiento en Huesca | El Digital de Asturias","og:description":"La cadena hotelera Silken acaba de incorporar a su porfolio su primer establecimiento en la provincia de Huesca, un hotel cuatro estrellas en el municipio de Torla-Ordesa. El hotel, propiedad de la sociedad Hotel Ordesa, que preside Mar\u00eda Mercedes D\u00edez Barrab\u00e9s, entrar\u00e1 en la cadena Silken en r\u00e9gimen de gesti\u00f3n. Con esta incorporaci\u00f3n, Hoteles Silken","og:url":"https:\/\/eldigitaldeasturias.com\/magazine365\/hoteles-silken-gestionara-su-primer-establecimiento-en-huesca\/","og:image":"https:\/\/eldigitaldeasturias.com\/magazine365\/wp-content\/uploads\/2016\/02\/fotonoticia_20160129112127_800.jpg","og:image:secure_url":"https:\/\/eldigitaldeasturias.com\/magazine365\/wp-content\/uploads\/2016\/02\/fotonoticia_20160129112127_800.jpg","og:image:width":800,"og:image:height":432,"article:published_time":"2016-02-02T14:59:36+00:00","article:modified_time":"2016-02-02T14:59:36+00:00","twitter:card":"summary_large_image","twitter:title":"Hoteles Silken gestionar\u00e1 su primer establecimiento en Huesca | El Digital de Asturias","twitter:description":"La cadena hotelera Silken acaba de incorporar a su porfolio su primer establecimiento en la provincia de Huesca, un hotel cuatro estrellas en el municipio de Torla-Ordesa. El hotel, propiedad de la sociedad Hotel Ordesa, que preside Mar\u00eda Mercedes D\u00edez Barrab\u00e9s, entrar\u00e1 en la cadena Silken en r\u00e9gimen de gesti\u00f3n. Con esta incorporaci\u00f3n, Hoteles Silken","twitter:image":"https:\/\/eldigitaldeasturias.com\/magazine365\/wp-content\/uploads\/2016\/02\/fotonoticia_20160129112127_800.jpg"},"aioseo_meta_data":{"post_id":"62705","title":null,"description":null,"keywords":null,"keyphrases":null,"primary_term":null,"canonical_url":null,"og_title":null,"og_description":null,"og_object_type":"default","og_image_type":"default","og_image_url":null,"og_image_width":null,"og_image_height":null,"og_image_custom_url":null,"og_image_custom_fields":null,"og_video":null,"og_custom_url":null,"og_article_section":null,"og_article_tags":null,"twitter_use_og":false,"twitter_card":"default","twitter_image_type":"default","twitter_image_url":null,"twitter_image_custom_url":null,"twitter_image_custom_fields":null,"twitter_title":null,"twitter_description":null,"schema":{"blockGraphs":[],"customGraphs":[],"default":{"data":{"Article":[],"Course":[],"Dataset":[],"FAQPage":[],"Movie":[],"Person":[],"Product":[],"ProductReview":[],"Car":[],"Recipe":[],"Service":[],"SoftwareApplication":[],"WebPage":[]},"graphName":"","isEnabled":true},"graphs":[]},"schema_type":null,"schema_type_options":null,"pillar_content":false,"robots_default":true,"robots_noindex":false,"robots_noarchive":false,"robots_nosnippet":false,"robots_nofollow":false,"robots_noimageindex":false,"robots_noodp":false,"robots_notranslate":false,"robots_max_snippet":null,"robots_max_videopreview":null,"robots_max_imagepreview":"large","priority":null,"frequency":null,"location":null,"local_seo":null,"seo_analyzer_scan_date":"2025-09-25 11:42:38","breadcrumb_settings":null,"limit_modified_date":false,"open_ai":null,"ai":null,"created":"2021-03-08 21:33:33","updated":"2025-09-25 11:42:38"},"aioseo_breadcrumb":"<div class=\"aioseo-breadcrumbs\"><span class=\"aioseo-breadcrumb\">\n\t<a href=\"https:\/\/eldigitaldeasturias.com\/magazine365\" title=\"Home\">Home<\/a>\n<\/span><span class=\"aioseo-breadcrumb-separator\">\u2013<\/span><span class=\"aioseo-breadcrumb\">\n\t<a href=\"https:\/\/eldigitaldeasturias.com\/magazine365\/category\/noticias-actualidad\/\" title=\"Noticias y Actualidad\">Noticias y Actualidad<\/a>\n<\/span><span class=\"aioseo-breadcrumb-separator\">\u2013<\/span><span class=\"aioseo-breadcrumb\">\n\t<a href=\"https:\/\/eldigitaldeasturias.com\/magazine365\/hoteles-silken-gestionara-su-primer-establecimiento-en-huesca\/\" title=\"Hoteles Silken gestionar\u00e1 su primer establecimiento en Huesca\">Hoteles Silken gestionar\u00e1 su primer establecimiento en Huesca<\/a>\n<\/span><\/div>","aioseo_breadcrumb_json":[{"label":"Home","link":"https:\/\/eldigitaldeasturias.com\/magazine365"},{"label":"Noticias y Actualidad","link":"https:\/\/eldigitaldeasturias.com\/magazine365\/category\/noticias-actualidad\/"},{"label":"Hoteles Silken gestionar\u00e1 su primer establecimiento en Huesca","link":"https:\/\/eldigitaldeasturias.com\/magazine365\/hoteles-silken-gestionara-su-primer-establecimiento-en-huesca\/"}],"_links":{"self":[{"href":"https:\/\/eldigitaldeasturias.com\/magazine365\/wp-json\/wp\/v2\/posts\/62705","targetHints":{"allow":["GET"]}}],"collection":[{"href":"https:\/\/eldigitaldeasturias.com\/magazine365\/wp-json\/wp\/v2\/posts"}],"about":[{"href":"https:\/\/eldigitaldeasturias.com\/magazine365\/wp-json\/wp\/v2\/types\/post"}],"author":[{"embeddable":true,"href":"https:\/\/eldigitaldeasturias.com\/magazine365\/wp-json\/wp\/v2\/users\/1"}],"replies":[{"embeddable":true,"href":"https:\/\/eldigitaldeasturias.com\/magazine365\/wp-json\/wp\/v2\/comments?post=62705"}],"version-history":[{"count":0,"href":"https:\/\/eldigitaldeasturias.com\/magazine365\/wp-json\/wp\/v2\/posts\/62705\/revisions"}],"wp:featuredmedia":[{"embeddable":true,"href":"https:\/\/eldigitaldeasturias.com\/magazine365\/wp-json\/wp\/v2\/media\/62706"}],"wp:attachment":[{"href":"https:\/\/eldigitaldeasturias.com\/magazine365\/wp-json\/wp\/v2\/media?parent=62705"}],"wp:term":[{"taxonomy":"category","embeddable":true,"href":"https:\/\/eldigitaldeasturias.com\/magazine365\/wp-json\/wp\/v2\/categories?post=62705"},{"taxonomy":"post_tag","embeddable":true,"href":"https:\/\/eldigitaldeasturias.com\/magazine365\/wp-json\/wp\/v2\/tags?post=62705"}],"curies":[{"name":"wp","href":"https:\/\/api.w.org\/{rel}","templated":true}]}}