{"id":62678,"date":"2016-02-02T15:41:26","date_gmt":"2016-02-02T14:41:26","guid":{"rendered":"http:\/\/eldigitaldeasturias.com\/magazine365\/?p=62678"},"modified":"2016-02-02T15:41:26","modified_gmt":"2016-02-02T14:41:26","slug":"alonso-anima-a-los-jovenes-a-explorar-nuevos-negocios-turisticos-vinculados-a-la-innovacion","status":"publish","type":"post","link":"https:\/\/eldigitaldeasturias.com\/magazine365\/alonso-anima-a-los-jovenes-a-explorar-nuevos-negocios-turisticos-vinculados-a-la-innovacion\/","title":{"rendered":"Alonso anima a los j\u00f3venes a explorar nuevos negocios tur\u00edsticos vinculados a la innovaci\u00f3n"},"content":{"rendered":"<p><img fetchpriority=\"high\" decoding=\"async\" class=\"alignleft size-medium wp-image-62679\" src=\"https:\/\/eldigitaldeasturias.com\/magazine365\/wp-content\/uploads\/2016\/02\/fotonoticia_20160128190841_800-360x252.jpg\" alt=\"fotonoticia_20160128190841_800\" width=\"360\" height=\"252\" srcset=\"https:\/\/eldigitaldeasturias.com\/magazine365\/wp-content\/uploads\/2016\/02\/fotonoticia_20160128190841_800-360x252.jpg 360w, https:\/\/eldigitaldeasturias.com\/magazine365\/wp-content\/uploads\/2016\/02\/fotonoticia_20160128190841_800-650x454.jpg 650w, https:\/\/eldigitaldeasturias.com\/magazine365\/wp-content\/uploads\/2016\/02\/fotonoticia_20160128190841_800-768x537.jpg 768w, https:\/\/eldigitaldeasturias.com\/magazine365\/wp-content\/uploads\/2016\/02\/fotonoticia_20160128190841_800-150x105.jpg 150w, https:\/\/eldigitaldeasturias.com\/magazine365\/wp-content\/uploads\/2016\/02\/fotonoticia_20160128190841_800-450x314.jpg 450w, https:\/\/eldigitaldeasturias.com\/magazine365\/wp-content\/uploads\/2016\/02\/fotonoticia_20160128190841_800-100x70.jpg 100w, https:\/\/eldigitaldeasturias.com\/magazine365\/wp-content\/uploads\/2016\/02\/fotonoticia_20160128190841_800-696x486.jpg 696w, https:\/\/eldigitaldeasturias.com\/magazine365\/wp-content\/uploads\/2016\/02\/fotonoticia_20160128190841_800-601x420.jpg 601w, https:\/\/eldigitaldeasturias.com\/magazine365\/wp-content\/uploads\/2016\/02\/fotonoticia_20160128190841_800.jpg 800w\" sizes=\"(max-width: 360px) 100vw, 360px\" \/>El presidente del Cabildo de Tenerife, Carlos Alonso, ha animado este jueves a los j\u00f3venes asistentes al &#8216;I Foro de Empleo en el sector tur\u00edstico&#8217; a explorar nuevos negocios tur\u00edsticos vinculados con la innovaci\u00f3n y la oferta complementaria.<\/p>\n<p>El acto, organizado por Tribuna Forum cont\u00f3 adem\u00e1s con la asistencia de la consejera de Turismo del Gobierno de Canarias, Mar\u00eda Teresa Lorenzo.<\/p>\n<p>Carlos Alonso destac\u00f3 en su intervenci\u00f3n la importancia del sector tur\u00edstico en el empleo que se genera en la isla y que cerr\u00f3 2015 con un incremento de los contratos y una reducci\u00f3n de las cifras del paro \u00abtanto en el propio sector como en el conjunto de la econom\u00eda insular por su efecto de arrastre\u00bb.<\/p>\n<p>As\u00ed, las contrataciones vinculadas al sector tur\u00edstico de Tenerife crecieron un 9,2 por ciento el pasado a\u00f1o en el que se formalizaron un total de 125.489 nuevos contratos, 10.566 m\u00e1s que en 2014.<\/p>\n<p>A pesar de estos datos, Alonso resalt\u00f3 la necesidad de mejorar las condiciones laborales de los trabajadores del sector al tiempo que destac\u00f3 las posibilidades de emprendimiento que se abren con el incremento de la oferta complementaria vinculadas al ocio, el deporte, la cultura y el gasto en destino.<\/p>\n<p>\u00abEn todo este campo y con la incorporaci\u00f3n de las nuevas tecnolog\u00edas que eliminan cada vez m\u00e1s los procesos de intermediaci\u00f3n se presentan infinidad de posibilidades para iniciar proyectos innovadores capaces de generar empleo en el sector\u00bb, se\u00f1al\u00f3.<\/p>\n<p>Alonso aprovech\u00f3 su asistencia al foro para recordar el esfuerzo que est\u00e1 haciendo la corporaci\u00f3n insular por mejorar las capacidades de los j\u00f3venes a trav\u00e9s de la estrategia &#8216;Tenerife 2030&#8217; que pretende lograr una sociedad preparada para afrontar nuevos los nuevos retos de un mundo cada vez m\u00e1s globalizado.<\/p>\n","protected":false},"excerpt":{"rendered":"<p>El presidente del Cabildo de Tenerife, Carlos Alonso, ha animado este jueves a los j\u00f3venes asistentes al &#8216;I Foro de Empleo en el sector tur\u00edstico&#8217; a explorar nuevos negocios tur\u00edsticos vinculados con la innovaci\u00f3n y la oferta complementaria. El acto, organizado por Tribuna Forum cont\u00f3 adem\u00e1s con la asistencia de la consejera de Turismo del<\/p>\n","protected":false},"author":1,"featured_media":62679,"comment_status":"open","ping_status":"closed","sticky":false,"template":"","format":"standard","meta":{"footnotes":""},"categories":[224],"tags":[],"class_list":{"0":"post-62678","1":"post","2":"type-post","3":"status-publish","4":"format-standard","5":"has-post-thumbnail","7":"category-noticias-actualidad"},"aioseo_notices":[],"aioseo_head":"\n\t\t<!-- All in One SEO Pro 4.9.6.1 - aioseo.com -->\n\t<meta name=\"description\" content=\"El presidente del Cabildo de Tenerife, Carlos Alonso, ha animado este jueves a los j\u00f3venes asistentes al &#039;I Foro de Empleo en el sector tur\u00edstico&#039; a explorar nuevos negocios tur\u00edsticos vinculados con la innovaci\u00f3n y la oferta complementaria. El acto, organizado por Tribuna Forum cont\u00f3 adem\u00e1s con la asistencia de la consejera de Turismo del\" \/>\n\t<meta name=\"robots\" content=\"max-image-preview:large\" \/>\n\t<meta name=\"author\" content=\"admin\"\/>\n\t<meta name=\"google-site-verification\" content=\"UA-38556648-1\" \/>\n\t<meta name=\"keywords\" content=\"noticias y actualidad\" \/>\n\t<link rel=\"canonical\" href=\"https:\/\/eldigitaldeasturias.com\/magazine365\/alonso-anima-a-los-jovenes-a-explorar-nuevos-negocios-turisticos-vinculados-a-la-innovacion\/\" \/>\n\t<meta name=\"generator\" content=\"All in One SEO Pro (AIOSEO) 4.9.6.1\" \/>\n\t\t<meta property=\"og:locale\" content=\"es_ES\" \/>\n\t\t<meta property=\"og:site_name\" content=\"El Digital de Asturias \u2013 Revista de ocio, turismo y estilo de vida\" \/>\n\t\t<meta property=\"og:type\" content=\"article\" \/>\n\t\t<meta property=\"og:title\" content=\"Alonso anima a los j\u00f3venes a explorar nuevos negocios tur\u00edsticos vinculados a la innovaci\u00f3n | El Digital de Asturias\" \/>\n\t\t<meta property=\"og:description\" content=\"El presidente del Cabildo de Tenerife, Carlos Alonso, ha animado este jueves a los j\u00f3venes asistentes al &#039;I Foro de Empleo en el sector tur\u00edstico&#039; a explorar nuevos negocios tur\u00edsticos vinculados con la innovaci\u00f3n y la oferta complementaria. El acto, organizado por Tribuna Forum cont\u00f3 adem\u00e1s con la asistencia de la consejera de Turismo del\" \/>\n\t\t<meta property=\"og:url\" content=\"https:\/\/eldigitaldeasturias.com\/magazine365\/alonso-anima-a-los-jovenes-a-explorar-nuevos-negocios-turisticos-vinculados-a-la-innovacion\/\" \/>\n\t\t<meta property=\"og:image\" content=\"https:\/\/eldigitaldeasturias.com\/magazine365\/wp-content\/uploads\/2016\/02\/fotonoticia_20160128190841_800.jpg\" \/>\n\t\t<meta property=\"og:image:secure_url\" content=\"https:\/\/eldigitaldeasturias.com\/magazine365\/wp-content\/uploads\/2016\/02\/fotonoticia_20160128190841_800.jpg\" \/>\n\t\t<meta property=\"og:image:width\" content=\"800\" \/>\n\t\t<meta property=\"og:image:height\" content=\"559\" \/>\n\t\t<meta property=\"article:published_time\" content=\"2016-02-02T14:41:26+00:00\" \/>\n\t\t<meta property=\"article:modified_time\" content=\"2016-02-02T14:41:26+00:00\" \/>\n\t\t<meta name=\"twitter:card\" content=\"summary_large_image\" \/>\n\t\t<meta name=\"twitter:title\" content=\"Alonso anima a los j\u00f3venes a explorar nuevos negocios tur\u00edsticos vinculados a la innovaci\u00f3n | El Digital de Asturias\" \/>\n\t\t<meta name=\"twitter:description\" content=\"El presidente del Cabildo de Tenerife, Carlos Alonso, ha animado este jueves a los j\u00f3venes asistentes al &#039;I Foro de Empleo en el sector tur\u00edstico&#039; a explorar nuevos negocios tur\u00edsticos vinculados con la innovaci\u00f3n y la oferta complementaria. El acto, organizado por Tribuna Forum cont\u00f3 adem\u00e1s con la asistencia de la consejera de Turismo del\" \/>\n\t\t<meta name=\"twitter:image\" content=\"https:\/\/eldigitaldeasturias.com\/magazine365\/wp-content\/uploads\/2016\/02\/fotonoticia_20160128190841_800.jpg\" \/>\n\t\t<script type=\"application\/ld+json\" class=\"aioseo-schema\">\n\t\t\t{\"@context\":\"https:\\\/\\\/schema.org\",\"@graph\":[{\"@type\":\"Article\",\"@id\":\"https:\\\/\\\/eldigitaldeasturias.com\\\/magazine365\\\/alonso-anima-a-los-jovenes-a-explorar-nuevos-negocios-turisticos-vinculados-a-la-innovacion\\\/#article\",\"name\":\"Alonso anima a los j\\u00f3venes a explorar nuevos negocios tur\\u00edsticos vinculados a la innovaci\\u00f3n | El Digital de Asturias\",\"headline\":\"Alonso anima a los j\\u00f3venes a explorar nuevos negocios tur\\u00edsticos vinculados a la innovaci\\u00f3n\",\"author\":{\"@id\":\"https:\\\/\\\/eldigitaldeasturias.com\\\/magazine365\\\/author\\\/admin\\\/#author\"},\"publisher\":{\"@id\":\"https:\\\/\\\/eldigitaldeasturias.com\\\/magazine365\\\/#organization\"},\"image\":{\"@type\":\"ImageObject\",\"url\":\"https:\\\/\\\/eldigitaldeasturias.com\\\/magazine365\\\/wp-content\\\/uploads\\\/2016\\\/02\\\/fotonoticia_20160128190841_800.jpg\",\"width\":800,\"height\":559},\"datePublished\":\"2016-02-02T15:41:26+01:00\",\"dateModified\":\"2016-02-02T15:41:26+01:00\",\"inLanguage\":\"es-ES\",\"mainEntityOfPage\":{\"@id\":\"https:\\\/\\\/eldigitaldeasturias.com\\\/magazine365\\\/alonso-anima-a-los-jovenes-a-explorar-nuevos-negocios-turisticos-vinculados-a-la-innovacion\\\/#webpage\"},\"isPartOf\":{\"@id\":\"https:\\\/\\\/eldigitaldeasturias.com\\\/magazine365\\\/alonso-anima-a-los-jovenes-a-explorar-nuevos-negocios-turisticos-vinculados-a-la-innovacion\\\/#webpage\"},\"articleSection\":\"Noticias y Actualidad\"},{\"@type\":\"BreadcrumbList\",\"@id\":\"https:\\\/\\\/eldigitaldeasturias.com\\\/magazine365\\\/alonso-anima-a-los-jovenes-a-explorar-nuevos-negocios-turisticos-vinculados-a-la-innovacion\\\/#breadcrumblist\",\"itemListElement\":[{\"@type\":\"ListItem\",\"@id\":\"https:\\\/\\\/eldigitaldeasturias.com\\\/magazine365#listItem\",\"position\":1,\"name\":\"Home\",\"item\":\"https:\\\/\\\/eldigitaldeasturias.com\\\/magazine365\",\"nextItem\":{\"@type\":\"ListItem\",\"@id\":\"https:\\\/\\\/eldigitaldeasturias.com\\\/magazine365\\\/category\\\/noticias-actualidad\\\/#listItem\",\"name\":\"Noticias y Actualidad\"}},{\"@type\":\"ListItem\",\"@id\":\"https:\\\/\\\/eldigitaldeasturias.com\\\/magazine365\\\/category\\\/noticias-actualidad\\\/#listItem\",\"position\":2,\"name\":\"Noticias y Actualidad\",\"item\":\"https:\\\/\\\/eldigitaldeasturias.com\\\/magazine365\\\/category\\\/noticias-actualidad\\\/\",\"nextItem\":{\"@type\":\"ListItem\",\"@id\":\"https:\\\/\\\/eldigitaldeasturias.com\\\/magazine365\\\/alonso-anima-a-los-jovenes-a-explorar-nuevos-negocios-turisticos-vinculados-a-la-innovacion\\\/#listItem\",\"name\":\"Alonso anima a los j\\u00f3venes a explorar nuevos negocios tur\\u00edsticos vinculados a la innovaci\\u00f3n\"},\"previousItem\":{\"@type\":\"ListItem\",\"@id\":\"https:\\\/\\\/eldigitaldeasturias.com\\\/magazine365#listItem\",\"name\":\"Home\"}},{\"@type\":\"ListItem\",\"@id\":\"https:\\\/\\\/eldigitaldeasturias.com\\\/magazine365\\\/alonso-anima-a-los-jovenes-a-explorar-nuevos-negocios-turisticos-vinculados-a-la-innovacion\\\/#listItem\",\"position\":3,\"name\":\"Alonso anima a los j\\u00f3venes a explorar nuevos negocios tur\\u00edsticos vinculados a la innovaci\\u00f3n\",\"previousItem\":{\"@type\":\"ListItem\",\"@id\":\"https:\\\/\\\/eldigitaldeasturias.com\\\/magazine365\\\/category\\\/noticias-actualidad\\\/#listItem\",\"name\":\"Noticias y Actualidad\"}}]},{\"@type\":\"Organization\",\"@id\":\"https:\\\/\\\/eldigitaldeasturias.com\\\/magazine365\\\/#organization\",\"name\":\"El digital de Asturias\",\"description\":\"Revista de ocio, turismo y estilo de vida\",\"url\":\"https:\\\/\\\/eldigitaldeasturias.com\\\/magazine365\\\/\",\"logo\":{\"@type\":\"ImageObject\",\"url\":\"https:\\\/\\\/www.eldigitaldeasturias.com\\\/noticias\\\/wp-content\\\/uploads\\\/2020\\\/12\\\/EDA.jpg\",\"@id\":\"https:\\\/\\\/eldigitaldeasturias.com\\\/magazine365\\\/alonso-anima-a-los-jovenes-a-explorar-nuevos-negocios-turisticos-vinculados-a-la-innovacion\\\/#organizationLogo\"},\"image\":{\"@id\":\"https:\\\/\\\/eldigitaldeasturias.com\\\/magazine365\\\/alonso-anima-a-los-jovenes-a-explorar-nuevos-negocios-turisticos-vinculados-a-la-innovacion\\\/#organizationLogo\"}},{\"@type\":\"Person\",\"@id\":\"https:\\\/\\\/eldigitaldeasturias.com\\\/magazine365\\\/author\\\/admin\\\/#author\",\"url\":\"https:\\\/\\\/eldigitaldeasturias.com\\\/magazine365\\\/author\\\/admin\\\/\",\"name\":\"admin\",\"image\":{\"@type\":\"ImageObject\",\"@id\":\"https:\\\/\\\/eldigitaldeasturias.com\\\/magazine365\\\/alonso-anima-a-los-jovenes-a-explorar-nuevos-negocios-turisticos-vinculados-a-la-innovacion\\\/#authorImage\",\"url\":\"https:\\\/\\\/eldigitaldeasturias.com\\\/magazine365\\\/wp-content\\\/litespeed\\\/avatar\\\/e571bcf59a0edd6fa6838245a470f2fe.jpg?ver=1776969259\",\"width\":96,\"height\":96,\"caption\":\"admin\"}},{\"@type\":\"WebPage\",\"@id\":\"https:\\\/\\\/eldigitaldeasturias.com\\\/magazine365\\\/alonso-anima-a-los-jovenes-a-explorar-nuevos-negocios-turisticos-vinculados-a-la-innovacion\\\/#webpage\",\"url\":\"https:\\\/\\\/eldigitaldeasturias.com\\\/magazine365\\\/alonso-anima-a-los-jovenes-a-explorar-nuevos-negocios-turisticos-vinculados-a-la-innovacion\\\/\",\"name\":\"Alonso anima a los j\\u00f3venes a explorar nuevos negocios tur\\u00edsticos vinculados a la innovaci\\u00f3n | El Digital de Asturias\",\"description\":\"El presidente del Cabildo de Tenerife, Carlos Alonso, ha animado este jueves a los j\\u00f3venes asistentes al 'I Foro de Empleo en el sector tur\\u00edstico' a explorar nuevos negocios tur\\u00edsticos vinculados con la innovaci\\u00f3n y la oferta complementaria. El acto, organizado por Tribuna Forum cont\\u00f3 adem\\u00e1s con la asistencia de la consejera de Turismo del\",\"inLanguage\":\"es-ES\",\"isPartOf\":{\"@id\":\"https:\\\/\\\/eldigitaldeasturias.com\\\/magazine365\\\/#website\"},\"breadcrumb\":{\"@id\":\"https:\\\/\\\/eldigitaldeasturias.com\\\/magazine365\\\/alonso-anima-a-los-jovenes-a-explorar-nuevos-negocios-turisticos-vinculados-a-la-innovacion\\\/#breadcrumblist\"},\"author\":{\"@id\":\"https:\\\/\\\/eldigitaldeasturias.com\\\/magazine365\\\/author\\\/admin\\\/#author\"},\"creator\":{\"@id\":\"https:\\\/\\\/eldigitaldeasturias.com\\\/magazine365\\\/author\\\/admin\\\/#author\"},\"image\":{\"@type\":\"ImageObject\",\"url\":\"https:\\\/\\\/eldigitaldeasturias.com\\\/magazine365\\\/wp-content\\\/uploads\\\/2016\\\/02\\\/fotonoticia_20160128190841_800.jpg\",\"@id\":\"https:\\\/\\\/eldigitaldeasturias.com\\\/magazine365\\\/alonso-anima-a-los-jovenes-a-explorar-nuevos-negocios-turisticos-vinculados-a-la-innovacion\\\/#mainImage\",\"width\":800,\"height\":559},\"primaryImageOfPage\":{\"@id\":\"https:\\\/\\\/eldigitaldeasturias.com\\\/magazine365\\\/alonso-anima-a-los-jovenes-a-explorar-nuevos-negocios-turisticos-vinculados-a-la-innovacion\\\/#mainImage\"},\"datePublished\":\"2016-02-02T15:41:26+01:00\",\"dateModified\":\"2016-02-02T15:41:26+01:00\"},{\"@type\":\"WebSite\",\"@id\":\"https:\\\/\\\/eldigitaldeasturias.com\\\/magazine365\\\/#website\",\"url\":\"https:\\\/\\\/eldigitaldeasturias.com\\\/magazine365\\\/\",\"name\":\"El Digital de Asturias\",\"description\":\"Revista de ocio, turismo y estilo de vida\",\"inLanguage\":\"es-ES\",\"publisher\":{\"@id\":\"https:\\\/\\\/eldigitaldeasturias.com\\\/magazine365\\\/#organization\"}}]}\n\t\t<\/script>\n\t\t<!-- All in One SEO Pro -->\r\n\t\t<title>Alonso anima a los j\u00f3venes a explorar nuevos negocios tur\u00edsticos vinculados a la innovaci\u00f3n | El Digital de Asturias<\/title>\n\n","aioseo_head_json":{"title":"Alonso anima a los j\u00f3venes a explorar nuevos negocios tur\u00edsticos vinculados a la innovaci\u00f3n | El Digital de Asturias","description":"El presidente del Cabildo de Tenerife, Carlos Alonso, ha animado este jueves a los j\u00f3venes asistentes al 'I Foro de Empleo en el sector tur\u00edstico' a explorar nuevos negocios tur\u00edsticos vinculados con la innovaci\u00f3n y la oferta complementaria. El acto, organizado por Tribuna Forum cont\u00f3 adem\u00e1s con la asistencia de la consejera de Turismo del","canonical_url":"https:\/\/eldigitaldeasturias.com\/magazine365\/alonso-anima-a-los-jovenes-a-explorar-nuevos-negocios-turisticos-vinculados-a-la-innovacion\/","robots":"max-image-preview:large","keywords":"noticias y actualidad","webmasterTools":{"google-site-verification":"UA-38556648-1","miscellaneous":""},"schema":{"@context":"https:\/\/schema.org","@graph":[{"@type":"Article","@id":"https:\/\/eldigitaldeasturias.com\/magazine365\/alonso-anima-a-los-jovenes-a-explorar-nuevos-negocios-turisticos-vinculados-a-la-innovacion\/#article","name":"Alonso anima a los j\u00f3venes a explorar nuevos negocios tur\u00edsticos vinculados a la innovaci\u00f3n | El Digital de Asturias","headline":"Alonso anima a los j\u00f3venes a explorar nuevos negocios tur\u00edsticos vinculados a la innovaci\u00f3n","author":{"@id":"https:\/\/eldigitaldeasturias.com\/magazine365\/author\/admin\/#author"},"publisher":{"@id":"https:\/\/eldigitaldeasturias.com\/magazine365\/#organization"},"image":{"@type":"ImageObject","url":"https:\/\/eldigitaldeasturias.com\/magazine365\/wp-content\/uploads\/2016\/02\/fotonoticia_20160128190841_800.jpg","width":800,"height":559},"datePublished":"2016-02-02T15:41:26+01:00","dateModified":"2016-02-02T15:41:26+01:00","inLanguage":"es-ES","mainEntityOfPage":{"@id":"https:\/\/eldigitaldeasturias.com\/magazine365\/alonso-anima-a-los-jovenes-a-explorar-nuevos-negocios-turisticos-vinculados-a-la-innovacion\/#webpage"},"isPartOf":{"@id":"https:\/\/eldigitaldeasturias.com\/magazine365\/alonso-anima-a-los-jovenes-a-explorar-nuevos-negocios-turisticos-vinculados-a-la-innovacion\/#webpage"},"articleSection":"Noticias y Actualidad"},{"@type":"BreadcrumbList","@id":"https:\/\/eldigitaldeasturias.com\/magazine365\/alonso-anima-a-los-jovenes-a-explorar-nuevos-negocios-turisticos-vinculados-a-la-innovacion\/#breadcrumblist","itemListElement":[{"@type":"ListItem","@id":"https:\/\/eldigitaldeasturias.com\/magazine365#listItem","position":1,"name":"Home","item":"https:\/\/eldigitaldeasturias.com\/magazine365","nextItem":{"@type":"ListItem","@id":"https:\/\/eldigitaldeasturias.com\/magazine365\/category\/noticias-actualidad\/#listItem","name":"Noticias y Actualidad"}},{"@type":"ListItem","@id":"https:\/\/eldigitaldeasturias.com\/magazine365\/category\/noticias-actualidad\/#listItem","position":2,"name":"Noticias y Actualidad","item":"https:\/\/eldigitaldeasturias.com\/magazine365\/category\/noticias-actualidad\/","nextItem":{"@type":"ListItem","@id":"https:\/\/eldigitaldeasturias.com\/magazine365\/alonso-anima-a-los-jovenes-a-explorar-nuevos-negocios-turisticos-vinculados-a-la-innovacion\/#listItem","name":"Alonso anima a los j\u00f3venes a explorar nuevos negocios tur\u00edsticos vinculados a la innovaci\u00f3n"},"previousItem":{"@type":"ListItem","@id":"https:\/\/eldigitaldeasturias.com\/magazine365#listItem","name":"Home"}},{"@type":"ListItem","@id":"https:\/\/eldigitaldeasturias.com\/magazine365\/alonso-anima-a-los-jovenes-a-explorar-nuevos-negocios-turisticos-vinculados-a-la-innovacion\/#listItem","position":3,"name":"Alonso anima a los j\u00f3venes a explorar nuevos negocios tur\u00edsticos vinculados a la innovaci\u00f3n","previousItem":{"@type":"ListItem","@id":"https:\/\/eldigitaldeasturias.com\/magazine365\/category\/noticias-actualidad\/#listItem","name":"Noticias y Actualidad"}}]},{"@type":"Organization","@id":"https:\/\/eldigitaldeasturias.com\/magazine365\/#organization","name":"El digital de Asturias","description":"Revista de ocio, turismo y estilo de vida","url":"https:\/\/eldigitaldeasturias.com\/magazine365\/","logo":{"@type":"ImageObject","url":"https:\/\/www.eldigitaldeasturias.com\/noticias\/wp-content\/uploads\/2020\/12\/EDA.jpg","@id":"https:\/\/eldigitaldeasturias.com\/magazine365\/alonso-anima-a-los-jovenes-a-explorar-nuevos-negocios-turisticos-vinculados-a-la-innovacion\/#organizationLogo"},"image":{"@id":"https:\/\/eldigitaldeasturias.com\/magazine365\/alonso-anima-a-los-jovenes-a-explorar-nuevos-negocios-turisticos-vinculados-a-la-innovacion\/#organizationLogo"}},{"@type":"Person","@id":"https:\/\/eldigitaldeasturias.com\/magazine365\/author\/admin\/#author","url":"https:\/\/eldigitaldeasturias.com\/magazine365\/author\/admin\/","name":"admin","image":{"@type":"ImageObject","@id":"https:\/\/eldigitaldeasturias.com\/magazine365\/alonso-anima-a-los-jovenes-a-explorar-nuevos-negocios-turisticos-vinculados-a-la-innovacion\/#authorImage","url":"https:\/\/eldigitaldeasturias.com\/magazine365\/wp-content\/litespeed\/avatar\/e571bcf59a0edd6fa6838245a470f2fe.jpg?ver=1776969259","width":96,"height":96,"caption":"admin"}},{"@type":"WebPage","@id":"https:\/\/eldigitaldeasturias.com\/magazine365\/alonso-anima-a-los-jovenes-a-explorar-nuevos-negocios-turisticos-vinculados-a-la-innovacion\/#webpage","url":"https:\/\/eldigitaldeasturias.com\/magazine365\/alonso-anima-a-los-jovenes-a-explorar-nuevos-negocios-turisticos-vinculados-a-la-innovacion\/","name":"Alonso anima a los j\u00f3venes a explorar nuevos negocios tur\u00edsticos vinculados a la innovaci\u00f3n | El Digital de Asturias","description":"El presidente del Cabildo de Tenerife, Carlos Alonso, ha animado este jueves a los j\u00f3venes asistentes al 'I Foro de Empleo en el sector tur\u00edstico' a explorar nuevos negocios tur\u00edsticos vinculados con la innovaci\u00f3n y la oferta complementaria. El acto, organizado por Tribuna Forum cont\u00f3 adem\u00e1s con la asistencia de la consejera de Turismo del","inLanguage":"es-ES","isPartOf":{"@id":"https:\/\/eldigitaldeasturias.com\/magazine365\/#website"},"breadcrumb":{"@id":"https:\/\/eldigitaldeasturias.com\/magazine365\/alonso-anima-a-los-jovenes-a-explorar-nuevos-negocios-turisticos-vinculados-a-la-innovacion\/#breadcrumblist"},"author":{"@id":"https:\/\/eldigitaldeasturias.com\/magazine365\/author\/admin\/#author"},"creator":{"@id":"https:\/\/eldigitaldeasturias.com\/magazine365\/author\/admin\/#author"},"image":{"@type":"ImageObject","url":"https:\/\/eldigitaldeasturias.com\/magazine365\/wp-content\/uploads\/2016\/02\/fotonoticia_20160128190841_800.jpg","@id":"https:\/\/eldigitaldeasturias.com\/magazine365\/alonso-anima-a-los-jovenes-a-explorar-nuevos-negocios-turisticos-vinculados-a-la-innovacion\/#mainImage","width":800,"height":559},"primaryImageOfPage":{"@id":"https:\/\/eldigitaldeasturias.com\/magazine365\/alonso-anima-a-los-jovenes-a-explorar-nuevos-negocios-turisticos-vinculados-a-la-innovacion\/#mainImage"},"datePublished":"2016-02-02T15:41:26+01:00","dateModified":"2016-02-02T15:41:26+01:00"},{"@type":"WebSite","@id":"https:\/\/eldigitaldeasturias.com\/magazine365\/#website","url":"https:\/\/eldigitaldeasturias.com\/magazine365\/","name":"El Digital de Asturias","description":"Revista de ocio, turismo y estilo de vida","inLanguage":"es-ES","publisher":{"@id":"https:\/\/eldigitaldeasturias.com\/magazine365\/#organization"}}]},"og:locale":"es_ES","og:site_name":"El Digital de Asturias \u2013 Revista de ocio, turismo y estilo de vida","og:type":"article","og:title":"Alonso anima a los j\u00f3venes a explorar nuevos negocios tur\u00edsticos vinculados a la innovaci\u00f3n | El Digital de Asturias","og:description":"El presidente del Cabildo de Tenerife, Carlos Alonso, ha animado este jueves a los j\u00f3venes asistentes al 'I Foro de Empleo en el sector tur\u00edstico' a explorar nuevos negocios tur\u00edsticos vinculados con la innovaci\u00f3n y la oferta complementaria. El acto, organizado por Tribuna Forum cont\u00f3 adem\u00e1s con la asistencia de la consejera de Turismo del","og:url":"https:\/\/eldigitaldeasturias.com\/magazine365\/alonso-anima-a-los-jovenes-a-explorar-nuevos-negocios-turisticos-vinculados-a-la-innovacion\/","og:image":"https:\/\/eldigitaldeasturias.com\/magazine365\/wp-content\/uploads\/2016\/02\/fotonoticia_20160128190841_800.jpg","og:image:secure_url":"https:\/\/eldigitaldeasturias.com\/magazine365\/wp-content\/uploads\/2016\/02\/fotonoticia_20160128190841_800.jpg","og:image:width":800,"og:image:height":559,"article:published_time":"2016-02-02T14:41:26+00:00","article:modified_time":"2016-02-02T14:41:26+00:00","twitter:card":"summary_large_image","twitter:title":"Alonso anima a los j\u00f3venes a explorar nuevos negocios tur\u00edsticos vinculados a la innovaci\u00f3n | El Digital de Asturias","twitter:description":"El presidente del Cabildo de Tenerife, Carlos Alonso, ha animado este jueves a los j\u00f3venes asistentes al 'I Foro de Empleo en el sector tur\u00edstico' a explorar nuevos negocios tur\u00edsticos vinculados con la innovaci\u00f3n y la oferta complementaria. El acto, organizado por Tribuna Forum cont\u00f3 adem\u00e1s con la asistencia de la consejera de Turismo del","twitter:image":"https:\/\/eldigitaldeasturias.com\/magazine365\/wp-content\/uploads\/2016\/02\/fotonoticia_20160128190841_800.jpg"},"aioseo_meta_data":{"post_id":"62678","title":null,"description":null,"keywords":null,"keyphrases":null,"primary_term":null,"canonical_url":null,"og_title":null,"og_description":null,"og_object_type":"default","og_image_type":"default","og_image_url":null,"og_image_width":null,"og_image_height":null,"og_image_custom_url":null,"og_image_custom_fields":null,"og_video":null,"og_custom_url":null,"og_article_section":null,"og_article_tags":null,"twitter_use_og":false,"twitter_card":"default","twitter_image_type":"default","twitter_image_url":null,"twitter_image_custom_url":null,"twitter_image_custom_fields":null,"twitter_title":null,"twitter_description":null,"schema":{"blockGraphs":[],"customGraphs":[],"default":{"data":{"Article":[],"Course":[],"Dataset":[],"FAQPage":[],"Movie":[],"Person":[],"Product":[],"ProductReview":[],"Car":[],"Recipe":[],"Service":[],"SoftwareApplication":[],"WebPage":[]},"graphName":"","isEnabled":true},"graphs":[],"defaultGraph":"","defaultPostTypeGraph":""},"schema_type":null,"schema_type_options":null,"pillar_content":false,"robots_default":true,"robots_noindex":false,"robots_noarchive":false,"robots_nosnippet":false,"robots_nofollow":false,"robots_noimageindex":false,"robots_noodp":false,"robots_notranslate":false,"robots_max_snippet":null,"robots_max_videopreview":null,"robots_max_imagepreview":"large","priority":null,"frequency":null,"location":null,"local_seo":null,"seo_analyzer_scan_date":"2025-09-25 11:39:09","breadcrumb_settings":null,"limit_modified_date":false,"open_ai":null,"ai":null,"created":"2021-03-08 21:33:33","updated":"2025-09-25 11:39:09"},"aioseo_breadcrumb":"<div class=\"aioseo-breadcrumbs\"><span class=\"aioseo-breadcrumb\">\n\t<a href=\"https:\/\/eldigitaldeasturias.com\/magazine365\" title=\"Home\">Home<\/a>\n<\/span><span class=\"aioseo-breadcrumb-separator\">\u2013<\/span><span class=\"aioseo-breadcrumb\">\n\t<a href=\"https:\/\/eldigitaldeasturias.com\/magazine365\/category\/noticias-actualidad\/\" title=\"Noticias y Actualidad\">Noticias y Actualidad<\/a>\n<\/span><span class=\"aioseo-breadcrumb-separator\">\u2013<\/span><span class=\"aioseo-breadcrumb\">\n\t<a href=\"https:\/\/eldigitaldeasturias.com\/magazine365\/alonso-anima-a-los-jovenes-a-explorar-nuevos-negocios-turisticos-vinculados-a-la-innovacion\/\" title=\"Alonso anima a los j\u00f3venes a explorar nuevos negocios tur\u00edsticos vinculados a la innovaci\u00f3n\">Alonso anima a los j\u00f3venes a explorar nuevos negocios tur\u00edsticos vinculados a la innovaci\u00f3n<\/a>\n<\/span><\/div>","aioseo_breadcrumb_json":[{"label":"Home","link":"https:\/\/eldigitaldeasturias.com\/magazine365"},{"label":"Noticias y Actualidad","link":"https:\/\/eldigitaldeasturias.com\/magazine365\/category\/noticias-actualidad\/"},{"label":"Alonso anima a los j\u00f3venes a explorar nuevos negocios tur\u00edsticos vinculados a la innovaci\u00f3n","link":"https:\/\/eldigitaldeasturias.com\/magazine365\/alonso-anima-a-los-jovenes-a-explorar-nuevos-negocios-turisticos-vinculados-a-la-innovacion\/"}],"_links":{"self":[{"href":"https:\/\/eldigitaldeasturias.com\/magazine365\/wp-json\/wp\/v2\/posts\/62678","targetHints":{"allow":["GET"]}}],"collection":[{"href":"https:\/\/eldigitaldeasturias.com\/magazine365\/wp-json\/wp\/v2\/posts"}],"about":[{"href":"https:\/\/eldigitaldeasturias.com\/magazine365\/wp-json\/wp\/v2\/types\/post"}],"author":[{"embeddable":true,"href":"https:\/\/eldigitaldeasturias.com\/magazine365\/wp-json\/wp\/v2\/users\/1"}],"replies":[{"embeddable":true,"href":"https:\/\/eldigitaldeasturias.com\/magazine365\/wp-json\/wp\/v2\/comments?post=62678"}],"version-history":[{"count":0,"href":"https:\/\/eldigitaldeasturias.com\/magazine365\/wp-json\/wp\/v2\/posts\/62678\/revisions"}],"wp:featuredmedia":[{"embeddable":true,"href":"https:\/\/eldigitaldeasturias.com\/magazine365\/wp-json\/wp\/v2\/media\/62679"}],"wp:attachment":[{"href":"https:\/\/eldigitaldeasturias.com\/magazine365\/wp-json\/wp\/v2\/media?parent=62678"}],"wp:term":[{"taxonomy":"category","embeddable":true,"href":"https:\/\/eldigitaldeasturias.com\/magazine365\/wp-json\/wp\/v2\/categories?post=62678"},{"taxonomy":"post_tag","embeddable":true,"href":"https:\/\/eldigitaldeasturias.com\/magazine365\/wp-json\/wp\/v2\/tags?post=62678"}],"curies":[{"name":"wp","href":"https:\/\/api.w.org\/{rel}","templated":true}]}}