{"id":62672,"date":"2016-02-02T15:38:12","date_gmt":"2016-02-02T14:38:12","guid":{"rendered":"http:\/\/eldigitaldeasturias.com\/magazine365\/?p=62672"},"modified":"2016-02-02T15:38:12","modified_gmt":"2016-02-02T14:38:12","slug":"la-ruta-del-vino-ribera-del-guadiana-renueva-su-certificacion-oficial","status":"publish","type":"post","link":"https:\/\/eldigitaldeasturias.com\/magazine365\/la-ruta-del-vino-ribera-del-guadiana-renueva-su-certificacion-oficial\/","title":{"rendered":"La Ruta del Vino Ribera del Guadiana renueva su certificaci\u00f3n oficial"},"content":{"rendered":"<p><img fetchpriority=\"high\" decoding=\"async\" class=\"alignleft size-medium wp-image-62673\" src=\"https:\/\/eldigitaldeasturias.com\/magazine365\/wp-content\/uploads\/2016\/02\/fotonoticia_20160128181937_800-360x240.jpg\" alt=\"fotonoticia_20160128181937_800\" width=\"360\" height=\"240\" srcset=\"https:\/\/eldigitaldeasturias.com\/magazine365\/wp-content\/uploads\/2016\/02\/fotonoticia_20160128181937_800-360x240.jpg 360w, https:\/\/eldigitaldeasturias.com\/magazine365\/wp-content\/uploads\/2016\/02\/fotonoticia_20160128181937_800-650x433.jpg 650w, https:\/\/eldigitaldeasturias.com\/magazine365\/wp-content\/uploads\/2016\/02\/fotonoticia_20160128181937_800-768x512.jpg 768w, https:\/\/eldigitaldeasturias.com\/magazine365\/wp-content\/uploads\/2016\/02\/fotonoticia_20160128181937_800-150x100.jpg 150w, https:\/\/eldigitaldeasturias.com\/magazine365\/wp-content\/uploads\/2016\/02\/fotonoticia_20160128181937_800-450x300.jpg 450w, https:\/\/eldigitaldeasturias.com\/magazine365\/wp-content\/uploads\/2016\/02\/fotonoticia_20160128181937_800-696x464.jpg 696w, https:\/\/eldigitaldeasturias.com\/magazine365\/wp-content\/uploads\/2016\/02\/fotonoticia_20160128181937_800-630x420.jpg 630w, https:\/\/eldigitaldeasturias.com\/magazine365\/wp-content\/uploads\/2016\/02\/fotonoticia_20160128181937_800-101x66.jpg 101w, https:\/\/eldigitaldeasturias.com\/magazine365\/wp-content\/uploads\/2016\/02\/fotonoticia_20160128181937_800.jpg 800w\" sizes=\"(max-width: 360px) 100vw, 360px\" \/>La Ruta del Vino Ribera del Guadiana ha logrado renovar su certificaci\u00f3n oficial y se mantiene en el selecto Club de Producto Rutas del Vino de Espa\u00f1a durante un periodo de dos a\u00f1os m\u00e1s, seg\u00fan ha informado el alcalde de la localidad y presidente de la Ruta, Jos\u00e9 Garc\u00eda Lobato.<\/p>\n<p>La renovaci\u00f3n de su certificaci\u00f3n fue aprobada por la Asociaci\u00f3n Espa\u00f1ola de Ciudades del Vino (ACEVIN), tras la celebraci\u00f3n este pasado mi\u00e9rcoles, 27 de enero, de una reuni\u00f3n de su Comit\u00e9 de Gesti\u00f3n y posterior Junta Directiva, despu\u00e9s del an\u00e1lisis de los resultados positivos de la auditor\u00eda de calidad realizada a lo largo de los \u00faltimos meses del a\u00f1o pasado.<\/p>\n<p>Esta auditor\u00eda, a la que se somete con car\u00e1cter bienal todas la Rutas del Club como condici\u00f3n indispensable para pertenecer al mismo, es un m\u00e9todo que garantiza los niveles de calidad y la \u00abmejora constante\u00bb de su oferta tur\u00edstica y, en caso de Ribera del Guadiana, se ha superado con un 100 por cien de cumplimiento de los requisitos obligatorios, as\u00ed como un amplio 80 por ciento de cumplimiento de los complementarios.<\/p>\n<p>La auditor\u00eda mide esta serie de condiciones en \u00e1reas como la planificaci\u00f3n y gesti\u00f3n, destino, promoci\u00f3n y comercializaci\u00f3n, enolog\u00eda o servicios tur\u00edsticos, seg\u00fan ha informado el Ayuntamiento de Almendralejo en nota de prensa.<\/p>\n<p>La auditor\u00eda, que ha analizado un total de 20 establecimientos asociados, entre ellos siete bodegas, cuatro alojamientos, cinco restaurantes, una enoteca, un museo, una oficina de informaci\u00f3n tur\u00edstica y una empresa de servicios, arroja entre sus resultados una serie de \u00abpuntos fuertes\u00bb del destino, entre ellos la implicaci\u00f3n de entidades p\u00fablicas, como el Ayuntamiento de Almendralejo, y privadas, como el Consejo Regulador de la D.O., y el desarrollo de multitud de actividades singulares como el brindis desde un globo, gastrocine y los mon\u00f3logos del vino.<\/p>\n<p>Tambi\u00e9n se identifican como potencialidades la \u00abalta satisfacci\u00f3n\u00bb de clientes seg\u00fan puntuaciones en portales online tales como Booking y TripAdvisor, la amplia oferta de vinos de la D.O. en restauraci\u00f3n, la participaci\u00f3n en proyectos de colaboraci\u00f3n a nivel europeo, su singularidad como zona de producci\u00f3n de cava, la realizaci\u00f3n de encuestas de satisfacci\u00f3n, las actividades dirigidas a personas con discapacidad, los acuerdos con otras Rutas del Vino o la elaboraci\u00f3n de material promocional.<\/p>\n<p>Adem\u00e1s, el informe incluye una serie de recomendaciones de mejora, entre las que se cuentan las acciones que eleven el n\u00famero de visitas -aspecto con un amplio margen de crecimiento-, la incorporaci\u00f3n de nuevos establecimientos que favorezcan el desarrollo de una oferta tur\u00edstica m\u00e1s atractiva, como almazaras o queser\u00edas, la b\u00fasqueda de sinergias con otros productos tur\u00edsticos, como la Ruta del Jam\u00f3n, promover la formaci\u00f3n y la comercializaci\u00f3n o potenciar la familiarizaci\u00f3n entre establecimientos, entre otros.<\/p>\n<p>NUEVAS PROPUESTAS DE LA RUTA<\/p>\n<p>La Ruta del Vino Ribera del Guadiana contin\u00faa ofreciendo experiencias y propuestas singulares y, adem\u00e1s de preparar ya la cuarta edici\u00f3n de la Primavera Enogastron\u00f3mica, recientemente presentada en Fitur, colabora con sus socios en el desarrollo de nuevas actividades.<\/p>\n<p>Es el caso de Bodegas Palacio Quemado, que invita a vivir San Valent\u00edn en sus instalaciones a trav\u00e9s de una \u00abexperiencia sensorial\u00bb para disfrutar en pareja.<\/p>\n<p>La actividad incluye una visita guiada a la Bodega Palacio Quemado y una cata dirigida de cuatro de sus vinos, as\u00ed como un vino dulce Pedro Xim\u00e9nez de Bodegas Alvear, la degustaci\u00f3n de ib\u00e9ricos, quesos extreme\u00f1os y postre al chocolate.<\/p>\n<p>Las parejas, adem\u00e1s, podr\u00e1n seguir disfrutando en casa gracias al obsequio de una botella de vino Palacio Quemado. El precio de la propuesta es de 25 euros por persona y tendr\u00e1 lugar el pr\u00f3ximo 14 de febrero, en Bodegas Palacio Quemado. Para ampliar informaci\u00f3n y reservar est\u00e1n habilitados los tel\u00e9fonos 924 120 082 y 609 940 178.<\/p>\n","protected":false},"excerpt":{"rendered":"<p>La Ruta del Vino Ribera del Guadiana ha logrado renovar su certificaci\u00f3n oficial y se mantiene en el selecto Club de Producto Rutas del Vino de Espa\u00f1a durante un periodo de dos a\u00f1os m\u00e1s, seg\u00fan ha informado el alcalde de la localidad y presidente de la Ruta, Jos\u00e9 Garc\u00eda Lobato. La renovaci\u00f3n de su certificaci\u00f3n<\/p>\n","protected":false},"author":1,"featured_media":62673,"comment_status":"open","ping_status":"closed","sticky":false,"template":"","format":"standard","meta":{"footnotes":""},"categories":[224],"tags":[],"class_list":{"0":"post-62672","1":"post","2":"type-post","3":"status-publish","4":"format-standard","5":"has-post-thumbnail","7":"category-noticias-actualidad"},"aioseo_notices":[],"aioseo_head":"\n\t\t<!-- All in One SEO Pro 4.9.6.1 - aioseo.com -->\n\t<meta name=\"description\" content=\"La Ruta del Vino Ribera del Guadiana ha logrado renovar su certificaci\u00f3n oficial y se mantiene en el selecto Club de Producto Rutas del Vino de Espa\u00f1a durante un periodo de dos a\u00f1os m\u00e1s, seg\u00fan ha informado el alcalde de la localidad y presidente de la Ruta, Jos\u00e9 Garc\u00eda Lobato. La renovaci\u00f3n de su certificaci\u00f3n\" \/>\n\t<meta name=\"robots\" content=\"max-image-preview:large\" \/>\n\t<meta name=\"author\" content=\"admin\"\/>\n\t<meta name=\"google-site-verification\" content=\"UA-38556648-1\" \/>\n\t<meta name=\"keywords\" content=\"noticias y actualidad\" \/>\n\t<link rel=\"canonical\" href=\"https:\/\/eldigitaldeasturias.com\/magazine365\/la-ruta-del-vino-ribera-del-guadiana-renueva-su-certificacion-oficial\/\" \/>\n\t<meta name=\"generator\" content=\"All in One SEO Pro (AIOSEO) 4.9.6.1\" \/>\n\t\t<meta property=\"og:locale\" content=\"es_ES\" \/>\n\t\t<meta property=\"og:site_name\" content=\"El Digital de Asturias \u2013 Revista de ocio, turismo y estilo de vida\" \/>\n\t\t<meta property=\"og:type\" content=\"article\" \/>\n\t\t<meta property=\"og:title\" content=\"La Ruta del Vino Ribera del Guadiana renueva su certificaci\u00f3n oficial | El Digital de Asturias\" \/>\n\t\t<meta property=\"og:description\" content=\"La Ruta del Vino Ribera del Guadiana ha logrado renovar su certificaci\u00f3n oficial y se mantiene en el selecto Club de Producto Rutas del Vino de Espa\u00f1a durante un periodo de dos a\u00f1os m\u00e1s, seg\u00fan ha informado el alcalde de la localidad y presidente de la Ruta, Jos\u00e9 Garc\u00eda Lobato. La renovaci\u00f3n de su certificaci\u00f3n\" \/>\n\t\t<meta property=\"og:url\" content=\"https:\/\/eldigitaldeasturias.com\/magazine365\/la-ruta-del-vino-ribera-del-guadiana-renueva-su-certificacion-oficial\/\" \/>\n\t\t<meta property=\"og:image\" content=\"https:\/\/eldigitaldeasturias.com\/magazine365\/wp-content\/uploads\/2016\/02\/fotonoticia_20160128181937_800.jpg\" \/>\n\t\t<meta property=\"og:image:secure_url\" content=\"https:\/\/eldigitaldeasturias.com\/magazine365\/wp-content\/uploads\/2016\/02\/fotonoticia_20160128181937_800.jpg\" \/>\n\t\t<meta property=\"og:image:width\" content=\"800\" \/>\n\t\t<meta property=\"og:image:height\" content=\"533\" \/>\n\t\t<meta property=\"article:published_time\" content=\"2016-02-02T14:38:12+00:00\" \/>\n\t\t<meta property=\"article:modified_time\" content=\"2016-02-02T14:38:12+00:00\" \/>\n\t\t<meta name=\"twitter:card\" content=\"summary_large_image\" \/>\n\t\t<meta name=\"twitter:title\" content=\"La Ruta del Vino Ribera del Guadiana renueva su certificaci\u00f3n oficial | El Digital de Asturias\" \/>\n\t\t<meta name=\"twitter:description\" content=\"La Ruta del Vino Ribera del Guadiana ha logrado renovar su certificaci\u00f3n oficial y se mantiene en el selecto Club de Producto Rutas del Vino de Espa\u00f1a durante un periodo de dos a\u00f1os m\u00e1s, seg\u00fan ha informado el alcalde de la localidad y presidente de la Ruta, Jos\u00e9 Garc\u00eda Lobato. La renovaci\u00f3n de su certificaci\u00f3n\" \/>\n\t\t<meta name=\"twitter:image\" content=\"https:\/\/eldigitaldeasturias.com\/magazine365\/wp-content\/uploads\/2016\/02\/fotonoticia_20160128181937_800.jpg\" \/>\n\t\t<script type=\"application\/ld+json\" class=\"aioseo-schema\">\n\t\t\t{\"@context\":\"https:\\\/\\\/schema.org\",\"@graph\":[{\"@type\":\"Article\",\"@id\":\"https:\\\/\\\/eldigitaldeasturias.com\\\/magazine365\\\/la-ruta-del-vino-ribera-del-guadiana-renueva-su-certificacion-oficial\\\/#article\",\"name\":\"La Ruta del Vino Ribera del Guadiana renueva su certificaci\\u00f3n oficial | El Digital de Asturias\",\"headline\":\"La Ruta del Vino Ribera del Guadiana renueva su certificaci\\u00f3n oficial\",\"author\":{\"@id\":\"https:\\\/\\\/eldigitaldeasturias.com\\\/magazine365\\\/author\\\/admin\\\/#author\"},\"publisher\":{\"@id\":\"https:\\\/\\\/eldigitaldeasturias.com\\\/magazine365\\\/#organization\"},\"image\":{\"@type\":\"ImageObject\",\"url\":\"https:\\\/\\\/eldigitaldeasturias.com\\\/magazine365\\\/wp-content\\\/uploads\\\/2016\\\/02\\\/fotonoticia_20160128181937_800.jpg\",\"width\":800,\"height\":533},\"datePublished\":\"2016-02-02T15:38:12+01:00\",\"dateModified\":\"2016-02-02T15:38:12+01:00\",\"inLanguage\":\"es-ES\",\"mainEntityOfPage\":{\"@id\":\"https:\\\/\\\/eldigitaldeasturias.com\\\/magazine365\\\/la-ruta-del-vino-ribera-del-guadiana-renueva-su-certificacion-oficial\\\/#webpage\"},\"isPartOf\":{\"@id\":\"https:\\\/\\\/eldigitaldeasturias.com\\\/magazine365\\\/la-ruta-del-vino-ribera-del-guadiana-renueva-su-certificacion-oficial\\\/#webpage\"},\"articleSection\":\"Noticias y Actualidad\"},{\"@type\":\"BreadcrumbList\",\"@id\":\"https:\\\/\\\/eldigitaldeasturias.com\\\/magazine365\\\/la-ruta-del-vino-ribera-del-guadiana-renueva-su-certificacion-oficial\\\/#breadcrumblist\",\"itemListElement\":[{\"@type\":\"ListItem\",\"@id\":\"https:\\\/\\\/eldigitaldeasturias.com\\\/magazine365#listItem\",\"position\":1,\"name\":\"Home\",\"item\":\"https:\\\/\\\/eldigitaldeasturias.com\\\/magazine365\",\"nextItem\":{\"@type\":\"ListItem\",\"@id\":\"https:\\\/\\\/eldigitaldeasturias.com\\\/magazine365\\\/category\\\/noticias-actualidad\\\/#listItem\",\"name\":\"Noticias y Actualidad\"}},{\"@type\":\"ListItem\",\"@id\":\"https:\\\/\\\/eldigitaldeasturias.com\\\/magazine365\\\/category\\\/noticias-actualidad\\\/#listItem\",\"position\":2,\"name\":\"Noticias y Actualidad\",\"item\":\"https:\\\/\\\/eldigitaldeasturias.com\\\/magazine365\\\/category\\\/noticias-actualidad\\\/\",\"nextItem\":{\"@type\":\"ListItem\",\"@id\":\"https:\\\/\\\/eldigitaldeasturias.com\\\/magazine365\\\/la-ruta-del-vino-ribera-del-guadiana-renueva-su-certificacion-oficial\\\/#listItem\",\"name\":\"La Ruta del Vino Ribera del Guadiana renueva su certificaci\\u00f3n oficial\"},\"previousItem\":{\"@type\":\"ListItem\",\"@id\":\"https:\\\/\\\/eldigitaldeasturias.com\\\/magazine365#listItem\",\"name\":\"Home\"}},{\"@type\":\"ListItem\",\"@id\":\"https:\\\/\\\/eldigitaldeasturias.com\\\/magazine365\\\/la-ruta-del-vino-ribera-del-guadiana-renueva-su-certificacion-oficial\\\/#listItem\",\"position\":3,\"name\":\"La Ruta del Vino Ribera del Guadiana renueva su certificaci\\u00f3n oficial\",\"previousItem\":{\"@type\":\"ListItem\",\"@id\":\"https:\\\/\\\/eldigitaldeasturias.com\\\/magazine365\\\/category\\\/noticias-actualidad\\\/#listItem\",\"name\":\"Noticias y Actualidad\"}}]},{\"@type\":\"Organization\",\"@id\":\"https:\\\/\\\/eldigitaldeasturias.com\\\/magazine365\\\/#organization\",\"name\":\"El digital de Asturias\",\"description\":\"Revista de ocio, turismo y estilo de vida\",\"url\":\"https:\\\/\\\/eldigitaldeasturias.com\\\/magazine365\\\/\",\"logo\":{\"@type\":\"ImageObject\",\"url\":\"https:\\\/\\\/www.eldigitaldeasturias.com\\\/noticias\\\/wp-content\\\/uploads\\\/2020\\\/12\\\/EDA.jpg\",\"@id\":\"https:\\\/\\\/eldigitaldeasturias.com\\\/magazine365\\\/la-ruta-del-vino-ribera-del-guadiana-renueva-su-certificacion-oficial\\\/#organizationLogo\"},\"image\":{\"@id\":\"https:\\\/\\\/eldigitaldeasturias.com\\\/magazine365\\\/la-ruta-del-vino-ribera-del-guadiana-renueva-su-certificacion-oficial\\\/#organizationLogo\"}},{\"@type\":\"Person\",\"@id\":\"https:\\\/\\\/eldigitaldeasturias.com\\\/magazine365\\\/author\\\/admin\\\/#author\",\"url\":\"https:\\\/\\\/eldigitaldeasturias.com\\\/magazine365\\\/author\\\/admin\\\/\",\"name\":\"admin\",\"image\":{\"@type\":\"ImageObject\",\"@id\":\"https:\\\/\\\/eldigitaldeasturias.com\\\/magazine365\\\/la-ruta-del-vino-ribera-del-guadiana-renueva-su-certificacion-oficial\\\/#authorImage\",\"url\":\"https:\\\/\\\/eldigitaldeasturias.com\\\/magazine365\\\/wp-content\\\/litespeed\\\/avatar\\\/e571bcf59a0edd6fa6838245a470f2fe.jpg?ver=1776969259\",\"width\":96,\"height\":96,\"caption\":\"admin\"}},{\"@type\":\"WebPage\",\"@id\":\"https:\\\/\\\/eldigitaldeasturias.com\\\/magazine365\\\/la-ruta-del-vino-ribera-del-guadiana-renueva-su-certificacion-oficial\\\/#webpage\",\"url\":\"https:\\\/\\\/eldigitaldeasturias.com\\\/magazine365\\\/la-ruta-del-vino-ribera-del-guadiana-renueva-su-certificacion-oficial\\\/\",\"name\":\"La Ruta del Vino Ribera del Guadiana renueva su certificaci\\u00f3n oficial | El Digital de Asturias\",\"description\":\"La Ruta del Vino Ribera del Guadiana ha logrado renovar su certificaci\\u00f3n oficial y se mantiene en el selecto Club de Producto Rutas del Vino de Espa\\u00f1a durante un periodo de dos a\\u00f1os m\\u00e1s, seg\\u00fan ha informado el alcalde de la localidad y presidente de la Ruta, Jos\\u00e9 Garc\\u00eda Lobato. La renovaci\\u00f3n de su certificaci\\u00f3n\",\"inLanguage\":\"es-ES\",\"isPartOf\":{\"@id\":\"https:\\\/\\\/eldigitaldeasturias.com\\\/magazine365\\\/#website\"},\"breadcrumb\":{\"@id\":\"https:\\\/\\\/eldigitaldeasturias.com\\\/magazine365\\\/la-ruta-del-vino-ribera-del-guadiana-renueva-su-certificacion-oficial\\\/#breadcrumblist\"},\"author\":{\"@id\":\"https:\\\/\\\/eldigitaldeasturias.com\\\/magazine365\\\/author\\\/admin\\\/#author\"},\"creator\":{\"@id\":\"https:\\\/\\\/eldigitaldeasturias.com\\\/magazine365\\\/author\\\/admin\\\/#author\"},\"image\":{\"@type\":\"ImageObject\",\"url\":\"https:\\\/\\\/eldigitaldeasturias.com\\\/magazine365\\\/wp-content\\\/uploads\\\/2016\\\/02\\\/fotonoticia_20160128181937_800.jpg\",\"@id\":\"https:\\\/\\\/eldigitaldeasturias.com\\\/magazine365\\\/la-ruta-del-vino-ribera-del-guadiana-renueva-su-certificacion-oficial\\\/#mainImage\",\"width\":800,\"height\":533},\"primaryImageOfPage\":{\"@id\":\"https:\\\/\\\/eldigitaldeasturias.com\\\/magazine365\\\/la-ruta-del-vino-ribera-del-guadiana-renueva-su-certificacion-oficial\\\/#mainImage\"},\"datePublished\":\"2016-02-02T15:38:12+01:00\",\"dateModified\":\"2016-02-02T15:38:12+01:00\"},{\"@type\":\"WebSite\",\"@id\":\"https:\\\/\\\/eldigitaldeasturias.com\\\/magazine365\\\/#website\",\"url\":\"https:\\\/\\\/eldigitaldeasturias.com\\\/magazine365\\\/\",\"name\":\"El Digital de Asturias\",\"description\":\"Revista de ocio, turismo y estilo de vida\",\"inLanguage\":\"es-ES\",\"publisher\":{\"@id\":\"https:\\\/\\\/eldigitaldeasturias.com\\\/magazine365\\\/#organization\"}}]}\n\t\t<\/script>\n\t\t<!-- All in One SEO Pro -->\r\n\t\t<title>La Ruta del Vino Ribera del Guadiana renueva su certificaci\u00f3n oficial | El Digital de Asturias<\/title>\n\n","aioseo_head_json":{"title":"La Ruta del Vino Ribera del Guadiana renueva su certificaci\u00f3n oficial | El Digital de Asturias","description":"La Ruta del Vino Ribera del Guadiana ha logrado renovar su certificaci\u00f3n oficial y se mantiene en el selecto Club de Producto Rutas del Vino de Espa\u00f1a durante un periodo de dos a\u00f1os m\u00e1s, seg\u00fan ha informado el alcalde de la localidad y presidente de la Ruta, Jos\u00e9 Garc\u00eda Lobato. La renovaci\u00f3n de su certificaci\u00f3n","canonical_url":"https:\/\/eldigitaldeasturias.com\/magazine365\/la-ruta-del-vino-ribera-del-guadiana-renueva-su-certificacion-oficial\/","robots":"max-image-preview:large","keywords":"noticias y actualidad","webmasterTools":{"google-site-verification":"UA-38556648-1","miscellaneous":""},"schema":{"@context":"https:\/\/schema.org","@graph":[{"@type":"Article","@id":"https:\/\/eldigitaldeasturias.com\/magazine365\/la-ruta-del-vino-ribera-del-guadiana-renueva-su-certificacion-oficial\/#article","name":"La Ruta del Vino Ribera del Guadiana renueva su certificaci\u00f3n oficial | El Digital de Asturias","headline":"La Ruta del Vino Ribera del Guadiana renueva su certificaci\u00f3n oficial","author":{"@id":"https:\/\/eldigitaldeasturias.com\/magazine365\/author\/admin\/#author"},"publisher":{"@id":"https:\/\/eldigitaldeasturias.com\/magazine365\/#organization"},"image":{"@type":"ImageObject","url":"https:\/\/eldigitaldeasturias.com\/magazine365\/wp-content\/uploads\/2016\/02\/fotonoticia_20160128181937_800.jpg","width":800,"height":533},"datePublished":"2016-02-02T15:38:12+01:00","dateModified":"2016-02-02T15:38:12+01:00","inLanguage":"es-ES","mainEntityOfPage":{"@id":"https:\/\/eldigitaldeasturias.com\/magazine365\/la-ruta-del-vino-ribera-del-guadiana-renueva-su-certificacion-oficial\/#webpage"},"isPartOf":{"@id":"https:\/\/eldigitaldeasturias.com\/magazine365\/la-ruta-del-vino-ribera-del-guadiana-renueva-su-certificacion-oficial\/#webpage"},"articleSection":"Noticias y Actualidad"},{"@type":"BreadcrumbList","@id":"https:\/\/eldigitaldeasturias.com\/magazine365\/la-ruta-del-vino-ribera-del-guadiana-renueva-su-certificacion-oficial\/#breadcrumblist","itemListElement":[{"@type":"ListItem","@id":"https:\/\/eldigitaldeasturias.com\/magazine365#listItem","position":1,"name":"Home","item":"https:\/\/eldigitaldeasturias.com\/magazine365","nextItem":{"@type":"ListItem","@id":"https:\/\/eldigitaldeasturias.com\/magazine365\/category\/noticias-actualidad\/#listItem","name":"Noticias y Actualidad"}},{"@type":"ListItem","@id":"https:\/\/eldigitaldeasturias.com\/magazine365\/category\/noticias-actualidad\/#listItem","position":2,"name":"Noticias y Actualidad","item":"https:\/\/eldigitaldeasturias.com\/magazine365\/category\/noticias-actualidad\/","nextItem":{"@type":"ListItem","@id":"https:\/\/eldigitaldeasturias.com\/magazine365\/la-ruta-del-vino-ribera-del-guadiana-renueva-su-certificacion-oficial\/#listItem","name":"La Ruta del Vino Ribera del Guadiana renueva su certificaci\u00f3n oficial"},"previousItem":{"@type":"ListItem","@id":"https:\/\/eldigitaldeasturias.com\/magazine365#listItem","name":"Home"}},{"@type":"ListItem","@id":"https:\/\/eldigitaldeasturias.com\/magazine365\/la-ruta-del-vino-ribera-del-guadiana-renueva-su-certificacion-oficial\/#listItem","position":3,"name":"La Ruta del Vino Ribera del Guadiana renueva su certificaci\u00f3n oficial","previousItem":{"@type":"ListItem","@id":"https:\/\/eldigitaldeasturias.com\/magazine365\/category\/noticias-actualidad\/#listItem","name":"Noticias y Actualidad"}}]},{"@type":"Organization","@id":"https:\/\/eldigitaldeasturias.com\/magazine365\/#organization","name":"El digital de Asturias","description":"Revista de ocio, turismo y estilo de vida","url":"https:\/\/eldigitaldeasturias.com\/magazine365\/","logo":{"@type":"ImageObject","url":"https:\/\/www.eldigitaldeasturias.com\/noticias\/wp-content\/uploads\/2020\/12\/EDA.jpg","@id":"https:\/\/eldigitaldeasturias.com\/magazine365\/la-ruta-del-vino-ribera-del-guadiana-renueva-su-certificacion-oficial\/#organizationLogo"},"image":{"@id":"https:\/\/eldigitaldeasturias.com\/magazine365\/la-ruta-del-vino-ribera-del-guadiana-renueva-su-certificacion-oficial\/#organizationLogo"}},{"@type":"Person","@id":"https:\/\/eldigitaldeasturias.com\/magazine365\/author\/admin\/#author","url":"https:\/\/eldigitaldeasturias.com\/magazine365\/author\/admin\/","name":"admin","image":{"@type":"ImageObject","@id":"https:\/\/eldigitaldeasturias.com\/magazine365\/la-ruta-del-vino-ribera-del-guadiana-renueva-su-certificacion-oficial\/#authorImage","url":"https:\/\/eldigitaldeasturias.com\/magazine365\/wp-content\/litespeed\/avatar\/e571bcf59a0edd6fa6838245a470f2fe.jpg?ver=1776969259","width":96,"height":96,"caption":"admin"}},{"@type":"WebPage","@id":"https:\/\/eldigitaldeasturias.com\/magazine365\/la-ruta-del-vino-ribera-del-guadiana-renueva-su-certificacion-oficial\/#webpage","url":"https:\/\/eldigitaldeasturias.com\/magazine365\/la-ruta-del-vino-ribera-del-guadiana-renueva-su-certificacion-oficial\/","name":"La Ruta del Vino Ribera del Guadiana renueva su certificaci\u00f3n oficial | El Digital de Asturias","description":"La Ruta del Vino Ribera del Guadiana ha logrado renovar su certificaci\u00f3n oficial y se mantiene en el selecto Club de Producto Rutas del Vino de Espa\u00f1a durante un periodo de dos a\u00f1os m\u00e1s, seg\u00fan ha informado el alcalde de la localidad y presidente de la Ruta, Jos\u00e9 Garc\u00eda Lobato. La renovaci\u00f3n de su certificaci\u00f3n","inLanguage":"es-ES","isPartOf":{"@id":"https:\/\/eldigitaldeasturias.com\/magazine365\/#website"},"breadcrumb":{"@id":"https:\/\/eldigitaldeasturias.com\/magazine365\/la-ruta-del-vino-ribera-del-guadiana-renueva-su-certificacion-oficial\/#breadcrumblist"},"author":{"@id":"https:\/\/eldigitaldeasturias.com\/magazine365\/author\/admin\/#author"},"creator":{"@id":"https:\/\/eldigitaldeasturias.com\/magazine365\/author\/admin\/#author"},"image":{"@type":"ImageObject","url":"https:\/\/eldigitaldeasturias.com\/magazine365\/wp-content\/uploads\/2016\/02\/fotonoticia_20160128181937_800.jpg","@id":"https:\/\/eldigitaldeasturias.com\/magazine365\/la-ruta-del-vino-ribera-del-guadiana-renueva-su-certificacion-oficial\/#mainImage","width":800,"height":533},"primaryImageOfPage":{"@id":"https:\/\/eldigitaldeasturias.com\/magazine365\/la-ruta-del-vino-ribera-del-guadiana-renueva-su-certificacion-oficial\/#mainImage"},"datePublished":"2016-02-02T15:38:12+01:00","dateModified":"2016-02-02T15:38:12+01:00"},{"@type":"WebSite","@id":"https:\/\/eldigitaldeasturias.com\/magazine365\/#website","url":"https:\/\/eldigitaldeasturias.com\/magazine365\/","name":"El Digital de Asturias","description":"Revista de ocio, turismo y estilo de vida","inLanguage":"es-ES","publisher":{"@id":"https:\/\/eldigitaldeasturias.com\/magazine365\/#organization"}}]},"og:locale":"es_ES","og:site_name":"El Digital de Asturias \u2013 Revista de ocio, turismo y estilo de vida","og:type":"article","og:title":"La Ruta del Vino Ribera del Guadiana renueva su certificaci\u00f3n oficial | El Digital de Asturias","og:description":"La Ruta del Vino Ribera del Guadiana ha logrado renovar su certificaci\u00f3n oficial y se mantiene en el selecto Club de Producto Rutas del Vino de Espa\u00f1a durante un periodo de dos a\u00f1os m\u00e1s, seg\u00fan ha informado el alcalde de la localidad y presidente de la Ruta, Jos\u00e9 Garc\u00eda Lobato. La renovaci\u00f3n de su certificaci\u00f3n","og:url":"https:\/\/eldigitaldeasturias.com\/magazine365\/la-ruta-del-vino-ribera-del-guadiana-renueva-su-certificacion-oficial\/","og:image":"https:\/\/eldigitaldeasturias.com\/magazine365\/wp-content\/uploads\/2016\/02\/fotonoticia_20160128181937_800.jpg","og:image:secure_url":"https:\/\/eldigitaldeasturias.com\/magazine365\/wp-content\/uploads\/2016\/02\/fotonoticia_20160128181937_800.jpg","og:image:width":800,"og:image:height":533,"article:published_time":"2016-02-02T14:38:12+00:00","article:modified_time":"2016-02-02T14:38:12+00:00","twitter:card":"summary_large_image","twitter:title":"La Ruta del Vino Ribera del Guadiana renueva su certificaci\u00f3n oficial | El Digital de Asturias","twitter:description":"La Ruta del Vino Ribera del Guadiana ha logrado renovar su certificaci\u00f3n oficial y se mantiene en el selecto Club de Producto Rutas del Vino de Espa\u00f1a durante un periodo de dos a\u00f1os m\u00e1s, seg\u00fan ha informado el alcalde de la localidad y presidente de la Ruta, Jos\u00e9 Garc\u00eda Lobato. La renovaci\u00f3n de su certificaci\u00f3n","twitter:image":"https:\/\/eldigitaldeasturias.com\/magazine365\/wp-content\/uploads\/2016\/02\/fotonoticia_20160128181937_800.jpg"},"aioseo_meta_data":{"post_id":"62672","title":null,"description":null,"keywords":null,"keyphrases":null,"primary_term":null,"canonical_url":null,"og_title":null,"og_description":null,"og_object_type":"default","og_image_type":"default","og_image_url":null,"og_image_width":null,"og_image_height":null,"og_image_custom_url":null,"og_image_custom_fields":null,"og_video":null,"og_custom_url":null,"og_article_section":null,"og_article_tags":null,"twitter_use_og":false,"twitter_card":"default","twitter_image_type":"default","twitter_image_url":null,"twitter_image_custom_url":null,"twitter_image_custom_fields":null,"twitter_title":null,"twitter_description":null,"schema":{"blockGraphs":[],"customGraphs":[],"default":{"data":{"Article":[],"Course":[],"Dataset":[],"FAQPage":[],"Movie":[],"Person":[],"Product":[],"ProductReview":[],"Car":[],"Recipe":[],"Service":[],"SoftwareApplication":[],"WebPage":[]},"graphName":"","isEnabled":true},"graphs":[],"defaultGraph":"","defaultPostTypeGraph":""},"schema_type":null,"schema_type_options":null,"pillar_content":false,"robots_default":true,"robots_noindex":false,"robots_noarchive":false,"robots_nosnippet":false,"robots_nofollow":false,"robots_noimageindex":false,"robots_noodp":false,"robots_notranslate":false,"robots_max_snippet":null,"robots_max_videopreview":null,"robots_max_imagepreview":"large","priority":null,"frequency":null,"location":null,"local_seo":null,"seo_analyzer_scan_date":"2025-09-25 11:39:05","breadcrumb_settings":null,"limit_modified_date":false,"open_ai":null,"ai":null,"created":"2021-03-08 21:33:33","updated":"2025-09-25 11:39:05"},"aioseo_breadcrumb":"<div class=\"aioseo-breadcrumbs\"><span class=\"aioseo-breadcrumb\">\n\t<a href=\"https:\/\/eldigitaldeasturias.com\/magazine365\" title=\"Home\">Home<\/a>\n<\/span><span class=\"aioseo-breadcrumb-separator\">\u2013<\/span><span class=\"aioseo-breadcrumb\">\n\t<a href=\"https:\/\/eldigitaldeasturias.com\/magazine365\/category\/noticias-actualidad\/\" title=\"Noticias y Actualidad\">Noticias y Actualidad<\/a>\n<\/span><span class=\"aioseo-breadcrumb-separator\">\u2013<\/span><span class=\"aioseo-breadcrumb\">\n\t<a href=\"https:\/\/eldigitaldeasturias.com\/magazine365\/la-ruta-del-vino-ribera-del-guadiana-renueva-su-certificacion-oficial\/\" title=\"La Ruta del Vino Ribera del Guadiana renueva su certificaci\u00f3n oficial\">La Ruta del Vino Ribera del Guadiana renueva su certificaci\u00f3n oficial<\/a>\n<\/span><\/div>","aioseo_breadcrumb_json":[{"label":"Home","link":"https:\/\/eldigitaldeasturias.com\/magazine365"},{"label":"Noticias y Actualidad","link":"https:\/\/eldigitaldeasturias.com\/magazine365\/category\/noticias-actualidad\/"},{"label":"La Ruta del Vino Ribera del Guadiana renueva su certificaci\u00f3n oficial","link":"https:\/\/eldigitaldeasturias.com\/magazine365\/la-ruta-del-vino-ribera-del-guadiana-renueva-su-certificacion-oficial\/"}],"_links":{"self":[{"href":"https:\/\/eldigitaldeasturias.com\/magazine365\/wp-json\/wp\/v2\/posts\/62672","targetHints":{"allow":["GET"]}}],"collection":[{"href":"https:\/\/eldigitaldeasturias.com\/magazine365\/wp-json\/wp\/v2\/posts"}],"about":[{"href":"https:\/\/eldigitaldeasturias.com\/magazine365\/wp-json\/wp\/v2\/types\/post"}],"author":[{"embeddable":true,"href":"https:\/\/eldigitaldeasturias.com\/magazine365\/wp-json\/wp\/v2\/users\/1"}],"replies":[{"embeddable":true,"href":"https:\/\/eldigitaldeasturias.com\/magazine365\/wp-json\/wp\/v2\/comments?post=62672"}],"version-history":[{"count":0,"href":"https:\/\/eldigitaldeasturias.com\/magazine365\/wp-json\/wp\/v2\/posts\/62672\/revisions"}],"wp:featuredmedia":[{"embeddable":true,"href":"https:\/\/eldigitaldeasturias.com\/magazine365\/wp-json\/wp\/v2\/media\/62673"}],"wp:attachment":[{"href":"https:\/\/eldigitaldeasturias.com\/magazine365\/wp-json\/wp\/v2\/media?parent=62672"}],"wp:term":[{"taxonomy":"category","embeddable":true,"href":"https:\/\/eldigitaldeasturias.com\/magazine365\/wp-json\/wp\/v2\/categories?post=62672"},{"taxonomy":"post_tag","embeddable":true,"href":"https:\/\/eldigitaldeasturias.com\/magazine365\/wp-json\/wp\/v2\/tags?post=62672"}],"curies":[{"name":"wp","href":"https:\/\/api.w.org\/{rel}","templated":true}]}}