{"id":62651,"date":"2016-02-02T15:23:45","date_gmt":"2016-02-02T14:23:45","guid":{"rendered":"http:\/\/eldigitaldeasturias.com\/magazine365\/?p=62651"},"modified":"2016-02-02T15:23:45","modified_gmt":"2016-02-02T14:23:45","slug":"junta-de-andalucia-propone-una-ruta-sobre-jamon-y-embutidos-del-almanzora-en-andalucia-paisajes-con-sabor","status":"publish","type":"post","link":"https:\/\/eldigitaldeasturias.com\/magazine365\/junta-de-andalucia-propone-una-ruta-sobre-jamon-y-embutidos-del-almanzora-en-andalucia-paisajes-con-sabor\/","title":{"rendered":"Junta de Andaluc\u00eda propone una ruta sobre jam\u00f3n y embutidos del Almanzora en &#8216;Andaluc\u00eda, paisajes con sabor&#8217;"},"content":{"rendered":"<p><img fetchpriority=\"high\" decoding=\"async\" class=\"alignleft size-medium wp-image-62652\" src=\"https:\/\/eldigitaldeasturias.com\/magazine365\/wp-content\/uploads\/2016\/02\/fotonoticia_20160128172330_800-360x265.jpg\" alt=\"fotonoticia_20160128172330_800\" width=\"360\" height=\"265\" srcset=\"https:\/\/eldigitaldeasturias.com\/magazine365\/wp-content\/uploads\/2016\/02\/fotonoticia_20160128172330_800-360x265.jpg 360w, https:\/\/eldigitaldeasturias.com\/magazine365\/wp-content\/uploads\/2016\/02\/fotonoticia_20160128172330_800-650x478.jpg 650w, https:\/\/eldigitaldeasturias.com\/magazine365\/wp-content\/uploads\/2016\/02\/fotonoticia_20160128172330_800-768x564.jpg 768w, https:\/\/eldigitaldeasturias.com\/magazine365\/wp-content\/uploads\/2016\/02\/fotonoticia_20160128172330_800-150x110.jpg 150w, https:\/\/eldigitaldeasturias.com\/magazine365\/wp-content\/uploads\/2016\/02\/fotonoticia_20160128172330_800-450x331.jpg 450w, https:\/\/eldigitaldeasturias.com\/magazine365\/wp-content\/uploads\/2016\/02\/fotonoticia_20160128172330_800-80x60.jpg 80w, https:\/\/eldigitaldeasturias.com\/magazine365\/wp-content\/uploads\/2016\/02\/fotonoticia_20160128172330_800-696x512.jpg 696w, https:\/\/eldigitaldeasturias.com\/magazine365\/wp-content\/uploads\/2016\/02\/fotonoticia_20160128172330_800-571x420.jpg 571w, https:\/\/eldigitaldeasturias.com\/magazine365\/wp-content\/uploads\/2016\/02\/fotonoticia_20160128172330_800-338x250.jpg 338w, https:\/\/eldigitaldeasturias.com\/magazine365\/wp-content\/uploads\/2016\/02\/fotonoticia_20160128172330_800-90x67.jpg 90w, https:\/\/eldigitaldeasturias.com\/magazine365\/wp-content\/uploads\/2016\/02\/fotonoticia_20160128172330_800-100x75.jpg 100w, https:\/\/eldigitaldeasturias.com\/magazine365\/wp-content\/uploads\/2016\/02\/fotonoticia_20160128172330_800.jpg 800w\" sizes=\"(max-width: 360px) 100vw, 360px\" \/>El delegado de Cultura, Turismo y Deporte de la Junta en Almer\u00eda, Alfredo Valdivia, ha analizado con representantes del sector tur\u00edstico del Almanzora la creaci\u00f3n de un itinerario tem\u00e1tico con los productos c\u00e1rnicos de la comarca como protagonistas, entre ellos el jam\u00f3n, incluida en el programa &#8216;Andaluc\u00eda, paisajes con sabor&#8217;, una iniciativa de la Junta para mejorar la promoci\u00f3n y la comercializaci\u00f3n del segmento del turismo gastron\u00f3mico.<\/p>\n<p>Este ha sido uno de los temas que Valdivia ha abordado este jueves en Olula del R\u00edo (Almer\u00eda) durante su encuentro con empresarios del sector, representantes del Grupo de Desarrollo Rural y alcaldes de los municipios del Almanzora.<\/p>\n<p>Valdivia ha realizado un balance de la presencia andaluza en la feria Fitur y de las acciones de promoci\u00f3n de Almer\u00eda y de la comarca del Almanzora dentro del Pabell\u00f3n de Andaluc\u00eda que sufraga la Junta de Andaluc\u00eda. \u00abM\u00e1s de 160.000 visitantes han pasado por el stand andaluz, lo que supone el 69% de las personas que han acudido, y el 95% ha expresado su deseo de visitar nuestra Comunidad\u00bb, ha explicado.<\/p>\n<p>La Feria de Internacional de Turismo, celebrada en Madrid del 20 al 24 de enero, ha permitido el desarrollo de 11.800 acciones comerciales en el stand de Andaluc\u00eda y, seg\u00fan ha destacado, \u00absiete de cada diez empresarios han declarado sus expectativas de mejora de sus negocios\u00bb.<\/p>\n<p>El delegado de Cultura, Turismo y Deporte se ha referido tambi\u00e9n a los \u00abexcelentes dato\u00bb con los que el sector tur\u00edstico ha cerrado 2015 en Almer\u00eda. El pasado a\u00f1o 1.253.000 turistas visitaron la provincia, un 8% m\u00e1s que en 2014. Ha insistido en \u00abla pujanza de una actividad que representa el 13% del PIB andaluz\u00bb y que en Almer\u00eda dio empleo a \u00abm\u00e1s de 3.000 personas durante 2015, lo que supone un incremento del 7% respecto al ejercicio anterior\u00bb.<\/p>\n<p>Sobre las l\u00edneas de trabajo de la Junta en materia de turismo en Almer\u00eda, Valdivia ha se\u00f1alado el impulso a segmentos como el turismo activo, el gastron\u00f3mico, el cinematogr\u00e1fico, el inclusivo o el industrial, \u00abtodos ellos &#8211;ha destacado&#8211; con gran potencial de desarrollo en nuestra provincia\u00bb.<\/p>\n<p>En el transcurso de la reuni\u00f3n, ha informado a los empresarios tur\u00edsticos y a los ayuntamiento de la comarca del Almanzora sobre las diferentes l\u00edneas de subvenciones que la Consejer\u00eda de Turismo y Deporte pondr\u00e1 en marcha a finales del primer trimestre, les ha ofrecido apoyo y asesoramiento t\u00e9cnico y la formaci\u00f3n que imparte el Centro de Innovaci\u00f3n Tur\u00edstica &#8216;Andaluc\u00eda Lab&#8217;.<\/p>\n","protected":false},"excerpt":{"rendered":"<p>El delegado de Cultura, Turismo y Deporte de la Junta en Almer\u00eda, Alfredo Valdivia, ha analizado con representantes del sector tur\u00edstico del Almanzora la creaci\u00f3n de un itinerario tem\u00e1tico con los productos c\u00e1rnicos de la comarca como protagonistas, entre ellos el jam\u00f3n, incluida en el programa &#8216;Andaluc\u00eda, paisajes con sabor&#8217;, una iniciativa de la Junta<\/p>\n","protected":false},"author":1,"featured_media":62652,"comment_status":"open","ping_status":"closed","sticky":false,"template":"","format":"standard","meta":{"footnotes":""},"categories":[224],"tags":[],"class_list":{"0":"post-62651","1":"post","2":"type-post","3":"status-publish","4":"format-standard","5":"has-post-thumbnail","7":"category-noticias-actualidad"},"aioseo_notices":[],"aioseo_head":"\n\t\t<!-- All in One SEO Pro 4.9.6.1 - aioseo.com -->\n\t<meta name=\"description\" content=\"El delegado de Cultura, Turismo y Deporte de la Junta en Almer\u00eda, Alfredo Valdivia, ha analizado con representantes del sector tur\u00edstico del Almanzora la creaci\u00f3n de un itinerario tem\u00e1tico con los productos c\u00e1rnicos de la comarca como protagonistas, entre ellos el jam\u00f3n, incluida en el programa &#039;Andaluc\u00eda, paisajes con sabor&#039;, una iniciativa de la Junta\" \/>\n\t<meta name=\"robots\" content=\"max-image-preview:large\" \/>\n\t<meta name=\"author\" content=\"admin\"\/>\n\t<meta name=\"google-site-verification\" content=\"UA-38556648-1\" \/>\n\t<meta name=\"keywords\" content=\"noticias y actualidad\" \/>\n\t<link rel=\"canonical\" href=\"https:\/\/eldigitaldeasturias.com\/magazine365\/junta-de-andalucia-propone-una-ruta-sobre-jamon-y-embutidos-del-almanzora-en-andalucia-paisajes-con-sabor\/\" \/>\n\t<meta name=\"generator\" content=\"All in One SEO Pro (AIOSEO) 4.9.6.1\" \/>\n\t\t<meta property=\"og:locale\" content=\"es_ES\" \/>\n\t\t<meta property=\"og:site_name\" content=\"El Digital de Asturias \u2013 Revista de ocio, turismo y estilo de vida\" \/>\n\t\t<meta property=\"og:type\" content=\"article\" \/>\n\t\t<meta property=\"og:title\" content=\"Junta de Andaluc\u00eda propone una ruta sobre jam\u00f3n y embutidos del Almanzora en \u2018Andaluc\u00eda, paisajes con sabor\u2019 | El Digital de Asturias\" \/>\n\t\t<meta property=\"og:description\" content=\"El delegado de Cultura, Turismo y Deporte de la Junta en Almer\u00eda, Alfredo Valdivia, ha analizado con representantes del sector tur\u00edstico del Almanzora la creaci\u00f3n de un itinerario tem\u00e1tico con los productos c\u00e1rnicos de la comarca como protagonistas, entre ellos el jam\u00f3n, incluida en el programa &#039;Andaluc\u00eda, paisajes con sabor&#039;, una iniciativa de la Junta\" \/>\n\t\t<meta property=\"og:url\" content=\"https:\/\/eldigitaldeasturias.com\/magazine365\/junta-de-andalucia-propone-una-ruta-sobre-jamon-y-embutidos-del-almanzora-en-andalucia-paisajes-con-sabor\/\" \/>\n\t\t<meta property=\"og:image\" content=\"https:\/\/eldigitaldeasturias.com\/magazine365\/wp-content\/uploads\/2016\/02\/fotonoticia_20160128172330_800.jpg\" \/>\n\t\t<meta property=\"og:image:secure_url\" content=\"https:\/\/eldigitaldeasturias.com\/magazine365\/wp-content\/uploads\/2016\/02\/fotonoticia_20160128172330_800.jpg\" \/>\n\t\t<meta property=\"og:image:width\" content=\"800\" \/>\n\t\t<meta property=\"og:image:height\" content=\"588\" \/>\n\t\t<meta property=\"article:published_time\" content=\"2016-02-02T14:23:45+00:00\" \/>\n\t\t<meta property=\"article:modified_time\" content=\"2016-02-02T14:23:45+00:00\" \/>\n\t\t<meta name=\"twitter:card\" content=\"summary_large_image\" \/>\n\t\t<meta name=\"twitter:title\" content=\"Junta de Andaluc\u00eda propone una ruta sobre jam\u00f3n y embutidos del Almanzora en \u2018Andaluc\u00eda, paisajes con sabor\u2019 | El Digital de Asturias\" \/>\n\t\t<meta name=\"twitter:description\" content=\"El delegado de Cultura, Turismo y Deporte de la Junta en Almer\u00eda, Alfredo Valdivia, ha analizado con representantes del sector tur\u00edstico del Almanzora la creaci\u00f3n de un itinerario tem\u00e1tico con los productos c\u00e1rnicos de la comarca como protagonistas, entre ellos el jam\u00f3n, incluida en el programa &#039;Andaluc\u00eda, paisajes con sabor&#039;, una iniciativa de la Junta\" \/>\n\t\t<meta name=\"twitter:image\" content=\"https:\/\/eldigitaldeasturias.com\/magazine365\/wp-content\/uploads\/2016\/02\/fotonoticia_20160128172330_800.jpg\" \/>\n\t\t<script type=\"application\/ld+json\" class=\"aioseo-schema\">\n\t\t\t{\"@context\":\"https:\\\/\\\/schema.org\",\"@graph\":[{\"@type\":\"Article\",\"@id\":\"https:\\\/\\\/eldigitaldeasturias.com\\\/magazine365\\\/junta-de-andalucia-propone-una-ruta-sobre-jamon-y-embutidos-del-almanzora-en-andalucia-paisajes-con-sabor\\\/#article\",\"name\":\"Junta de Andaluc\\u00eda propone una ruta sobre jam\\u00f3n y embutidos del Almanzora en \\u2018Andaluc\\u00eda, paisajes con sabor\\u2019 | El Digital de Asturias\",\"headline\":\"Junta de Andaluc\\u00eda propone una ruta sobre jam\\u00f3n y embutidos del Almanzora en &#8216;Andaluc\\u00eda, paisajes con sabor&#8217;\",\"author\":{\"@id\":\"https:\\\/\\\/eldigitaldeasturias.com\\\/magazine365\\\/author\\\/admin\\\/#author\"},\"publisher\":{\"@id\":\"https:\\\/\\\/eldigitaldeasturias.com\\\/magazine365\\\/#organization\"},\"image\":{\"@type\":\"ImageObject\",\"url\":\"https:\\\/\\\/eldigitaldeasturias.com\\\/magazine365\\\/wp-content\\\/uploads\\\/2016\\\/02\\\/fotonoticia_20160128172330_800.jpg\",\"width\":800,\"height\":588},\"datePublished\":\"2016-02-02T15:23:45+01:00\",\"dateModified\":\"2016-02-02T15:23:45+01:00\",\"inLanguage\":\"es-ES\",\"mainEntityOfPage\":{\"@id\":\"https:\\\/\\\/eldigitaldeasturias.com\\\/magazine365\\\/junta-de-andalucia-propone-una-ruta-sobre-jamon-y-embutidos-del-almanzora-en-andalucia-paisajes-con-sabor\\\/#webpage\"},\"isPartOf\":{\"@id\":\"https:\\\/\\\/eldigitaldeasturias.com\\\/magazine365\\\/junta-de-andalucia-propone-una-ruta-sobre-jamon-y-embutidos-del-almanzora-en-andalucia-paisajes-con-sabor\\\/#webpage\"},\"articleSection\":\"Noticias y Actualidad\"},{\"@type\":\"BreadcrumbList\",\"@id\":\"https:\\\/\\\/eldigitaldeasturias.com\\\/magazine365\\\/junta-de-andalucia-propone-una-ruta-sobre-jamon-y-embutidos-del-almanzora-en-andalucia-paisajes-con-sabor\\\/#breadcrumblist\",\"itemListElement\":[{\"@type\":\"ListItem\",\"@id\":\"https:\\\/\\\/eldigitaldeasturias.com\\\/magazine365#listItem\",\"position\":1,\"name\":\"Home\",\"item\":\"https:\\\/\\\/eldigitaldeasturias.com\\\/magazine365\",\"nextItem\":{\"@type\":\"ListItem\",\"@id\":\"https:\\\/\\\/eldigitaldeasturias.com\\\/magazine365\\\/category\\\/noticias-actualidad\\\/#listItem\",\"name\":\"Noticias y Actualidad\"}},{\"@type\":\"ListItem\",\"@id\":\"https:\\\/\\\/eldigitaldeasturias.com\\\/magazine365\\\/category\\\/noticias-actualidad\\\/#listItem\",\"position\":2,\"name\":\"Noticias y Actualidad\",\"item\":\"https:\\\/\\\/eldigitaldeasturias.com\\\/magazine365\\\/category\\\/noticias-actualidad\\\/\",\"nextItem\":{\"@type\":\"ListItem\",\"@id\":\"https:\\\/\\\/eldigitaldeasturias.com\\\/magazine365\\\/junta-de-andalucia-propone-una-ruta-sobre-jamon-y-embutidos-del-almanzora-en-andalucia-paisajes-con-sabor\\\/#listItem\",\"name\":\"Junta de Andaluc\\u00eda propone una ruta sobre jam\\u00f3n y embutidos del Almanzora en &#8216;Andaluc\\u00eda, paisajes con sabor&#8217;\"},\"previousItem\":{\"@type\":\"ListItem\",\"@id\":\"https:\\\/\\\/eldigitaldeasturias.com\\\/magazine365#listItem\",\"name\":\"Home\"}},{\"@type\":\"ListItem\",\"@id\":\"https:\\\/\\\/eldigitaldeasturias.com\\\/magazine365\\\/junta-de-andalucia-propone-una-ruta-sobre-jamon-y-embutidos-del-almanzora-en-andalucia-paisajes-con-sabor\\\/#listItem\",\"position\":3,\"name\":\"Junta de Andaluc\\u00eda propone una ruta sobre jam\\u00f3n y embutidos del Almanzora en &#8216;Andaluc\\u00eda, paisajes con sabor&#8217;\",\"previousItem\":{\"@type\":\"ListItem\",\"@id\":\"https:\\\/\\\/eldigitaldeasturias.com\\\/magazine365\\\/category\\\/noticias-actualidad\\\/#listItem\",\"name\":\"Noticias y Actualidad\"}}]},{\"@type\":\"Organization\",\"@id\":\"https:\\\/\\\/eldigitaldeasturias.com\\\/magazine365\\\/#organization\",\"name\":\"El digital de Asturias\",\"description\":\"Revista de ocio, turismo y estilo de vida\",\"url\":\"https:\\\/\\\/eldigitaldeasturias.com\\\/magazine365\\\/\",\"logo\":{\"@type\":\"ImageObject\",\"url\":\"https:\\\/\\\/www.eldigitaldeasturias.com\\\/noticias\\\/wp-content\\\/uploads\\\/2020\\\/12\\\/EDA.jpg\",\"@id\":\"https:\\\/\\\/eldigitaldeasturias.com\\\/magazine365\\\/junta-de-andalucia-propone-una-ruta-sobre-jamon-y-embutidos-del-almanzora-en-andalucia-paisajes-con-sabor\\\/#organizationLogo\"},\"image\":{\"@id\":\"https:\\\/\\\/eldigitaldeasturias.com\\\/magazine365\\\/junta-de-andalucia-propone-una-ruta-sobre-jamon-y-embutidos-del-almanzora-en-andalucia-paisajes-con-sabor\\\/#organizationLogo\"}},{\"@type\":\"Person\",\"@id\":\"https:\\\/\\\/eldigitaldeasturias.com\\\/magazine365\\\/author\\\/admin\\\/#author\",\"url\":\"https:\\\/\\\/eldigitaldeasturias.com\\\/magazine365\\\/author\\\/admin\\\/\",\"name\":\"admin\",\"image\":{\"@type\":\"ImageObject\",\"@id\":\"https:\\\/\\\/eldigitaldeasturias.com\\\/magazine365\\\/junta-de-andalucia-propone-una-ruta-sobre-jamon-y-embutidos-del-almanzora-en-andalucia-paisajes-con-sabor\\\/#authorImage\",\"url\":\"https:\\\/\\\/eldigitaldeasturias.com\\\/magazine365\\\/wp-content\\\/litespeed\\\/avatar\\\/e571bcf59a0edd6fa6838245a470f2fe.jpg?ver=1776969259\",\"width\":96,\"height\":96,\"caption\":\"admin\"}},{\"@type\":\"WebPage\",\"@id\":\"https:\\\/\\\/eldigitaldeasturias.com\\\/magazine365\\\/junta-de-andalucia-propone-una-ruta-sobre-jamon-y-embutidos-del-almanzora-en-andalucia-paisajes-con-sabor\\\/#webpage\",\"url\":\"https:\\\/\\\/eldigitaldeasturias.com\\\/magazine365\\\/junta-de-andalucia-propone-una-ruta-sobre-jamon-y-embutidos-del-almanzora-en-andalucia-paisajes-con-sabor\\\/\",\"name\":\"Junta de Andaluc\\u00eda propone una ruta sobre jam\\u00f3n y embutidos del Almanzora en \\u2018Andaluc\\u00eda, paisajes con sabor\\u2019 | El Digital de Asturias\",\"description\":\"El delegado de Cultura, Turismo y Deporte de la Junta en Almer\\u00eda, Alfredo Valdivia, ha analizado con representantes del sector tur\\u00edstico del Almanzora la creaci\\u00f3n de un itinerario tem\\u00e1tico con los productos c\\u00e1rnicos de la comarca como protagonistas, entre ellos el jam\\u00f3n, incluida en el programa 'Andaluc\\u00eda, paisajes con sabor', una iniciativa de la Junta\",\"inLanguage\":\"es-ES\",\"isPartOf\":{\"@id\":\"https:\\\/\\\/eldigitaldeasturias.com\\\/magazine365\\\/#website\"},\"breadcrumb\":{\"@id\":\"https:\\\/\\\/eldigitaldeasturias.com\\\/magazine365\\\/junta-de-andalucia-propone-una-ruta-sobre-jamon-y-embutidos-del-almanzora-en-andalucia-paisajes-con-sabor\\\/#breadcrumblist\"},\"author\":{\"@id\":\"https:\\\/\\\/eldigitaldeasturias.com\\\/magazine365\\\/author\\\/admin\\\/#author\"},\"creator\":{\"@id\":\"https:\\\/\\\/eldigitaldeasturias.com\\\/magazine365\\\/author\\\/admin\\\/#author\"},\"image\":{\"@type\":\"ImageObject\",\"url\":\"https:\\\/\\\/eldigitaldeasturias.com\\\/magazine365\\\/wp-content\\\/uploads\\\/2016\\\/02\\\/fotonoticia_20160128172330_800.jpg\",\"@id\":\"https:\\\/\\\/eldigitaldeasturias.com\\\/magazine365\\\/junta-de-andalucia-propone-una-ruta-sobre-jamon-y-embutidos-del-almanzora-en-andalucia-paisajes-con-sabor\\\/#mainImage\",\"width\":800,\"height\":588},\"primaryImageOfPage\":{\"@id\":\"https:\\\/\\\/eldigitaldeasturias.com\\\/magazine365\\\/junta-de-andalucia-propone-una-ruta-sobre-jamon-y-embutidos-del-almanzora-en-andalucia-paisajes-con-sabor\\\/#mainImage\"},\"datePublished\":\"2016-02-02T15:23:45+01:00\",\"dateModified\":\"2016-02-02T15:23:45+01:00\"},{\"@type\":\"WebSite\",\"@id\":\"https:\\\/\\\/eldigitaldeasturias.com\\\/magazine365\\\/#website\",\"url\":\"https:\\\/\\\/eldigitaldeasturias.com\\\/magazine365\\\/\",\"name\":\"El Digital de Asturias\",\"description\":\"Revista de ocio, turismo y estilo de vida\",\"inLanguage\":\"es-ES\",\"publisher\":{\"@id\":\"https:\\\/\\\/eldigitaldeasturias.com\\\/magazine365\\\/#organization\"}}]}\n\t\t<\/script>\n\t\t<!-- All in One SEO Pro -->\r\n\t\t<title>Junta de Andaluc\u00eda propone una ruta sobre jam\u00f3n y embutidos del Almanzora en \u2018Andaluc\u00eda, paisajes con sabor\u2019 | El Digital de Asturias<\/title>\n\n","aioseo_head_json":{"title":"Junta de Andaluc\u00eda propone una ruta sobre jam\u00f3n y embutidos del Almanzora en \u2018Andaluc\u00eda, paisajes con sabor\u2019 | El Digital de Asturias","description":"El delegado de Cultura, Turismo y Deporte de la Junta en Almer\u00eda, Alfredo Valdivia, ha analizado con representantes del sector tur\u00edstico del Almanzora la creaci\u00f3n de un itinerario tem\u00e1tico con los productos c\u00e1rnicos de la comarca como protagonistas, entre ellos el jam\u00f3n, incluida en el programa 'Andaluc\u00eda, paisajes con sabor', una iniciativa de la Junta","canonical_url":"https:\/\/eldigitaldeasturias.com\/magazine365\/junta-de-andalucia-propone-una-ruta-sobre-jamon-y-embutidos-del-almanzora-en-andalucia-paisajes-con-sabor\/","robots":"max-image-preview:large","keywords":"noticias y actualidad","webmasterTools":{"google-site-verification":"UA-38556648-1","miscellaneous":""},"schema":{"@context":"https:\/\/schema.org","@graph":[{"@type":"Article","@id":"https:\/\/eldigitaldeasturias.com\/magazine365\/junta-de-andalucia-propone-una-ruta-sobre-jamon-y-embutidos-del-almanzora-en-andalucia-paisajes-con-sabor\/#article","name":"Junta de Andaluc\u00eda propone una ruta sobre jam\u00f3n y embutidos del Almanzora en \u2018Andaluc\u00eda, paisajes con sabor\u2019 | El Digital de Asturias","headline":"Junta de Andaluc\u00eda propone una ruta sobre jam\u00f3n y embutidos del Almanzora en &#8216;Andaluc\u00eda, paisajes con sabor&#8217;","author":{"@id":"https:\/\/eldigitaldeasturias.com\/magazine365\/author\/admin\/#author"},"publisher":{"@id":"https:\/\/eldigitaldeasturias.com\/magazine365\/#organization"},"image":{"@type":"ImageObject","url":"https:\/\/eldigitaldeasturias.com\/magazine365\/wp-content\/uploads\/2016\/02\/fotonoticia_20160128172330_800.jpg","width":800,"height":588},"datePublished":"2016-02-02T15:23:45+01:00","dateModified":"2016-02-02T15:23:45+01:00","inLanguage":"es-ES","mainEntityOfPage":{"@id":"https:\/\/eldigitaldeasturias.com\/magazine365\/junta-de-andalucia-propone-una-ruta-sobre-jamon-y-embutidos-del-almanzora-en-andalucia-paisajes-con-sabor\/#webpage"},"isPartOf":{"@id":"https:\/\/eldigitaldeasturias.com\/magazine365\/junta-de-andalucia-propone-una-ruta-sobre-jamon-y-embutidos-del-almanzora-en-andalucia-paisajes-con-sabor\/#webpage"},"articleSection":"Noticias y Actualidad"},{"@type":"BreadcrumbList","@id":"https:\/\/eldigitaldeasturias.com\/magazine365\/junta-de-andalucia-propone-una-ruta-sobre-jamon-y-embutidos-del-almanzora-en-andalucia-paisajes-con-sabor\/#breadcrumblist","itemListElement":[{"@type":"ListItem","@id":"https:\/\/eldigitaldeasturias.com\/magazine365#listItem","position":1,"name":"Home","item":"https:\/\/eldigitaldeasturias.com\/magazine365","nextItem":{"@type":"ListItem","@id":"https:\/\/eldigitaldeasturias.com\/magazine365\/category\/noticias-actualidad\/#listItem","name":"Noticias y Actualidad"}},{"@type":"ListItem","@id":"https:\/\/eldigitaldeasturias.com\/magazine365\/category\/noticias-actualidad\/#listItem","position":2,"name":"Noticias y Actualidad","item":"https:\/\/eldigitaldeasturias.com\/magazine365\/category\/noticias-actualidad\/","nextItem":{"@type":"ListItem","@id":"https:\/\/eldigitaldeasturias.com\/magazine365\/junta-de-andalucia-propone-una-ruta-sobre-jamon-y-embutidos-del-almanzora-en-andalucia-paisajes-con-sabor\/#listItem","name":"Junta de Andaluc\u00eda propone una ruta sobre jam\u00f3n y embutidos del Almanzora en &#8216;Andaluc\u00eda, paisajes con sabor&#8217;"},"previousItem":{"@type":"ListItem","@id":"https:\/\/eldigitaldeasturias.com\/magazine365#listItem","name":"Home"}},{"@type":"ListItem","@id":"https:\/\/eldigitaldeasturias.com\/magazine365\/junta-de-andalucia-propone-una-ruta-sobre-jamon-y-embutidos-del-almanzora-en-andalucia-paisajes-con-sabor\/#listItem","position":3,"name":"Junta de Andaluc\u00eda propone una ruta sobre jam\u00f3n y embutidos del Almanzora en &#8216;Andaluc\u00eda, paisajes con sabor&#8217;","previousItem":{"@type":"ListItem","@id":"https:\/\/eldigitaldeasturias.com\/magazine365\/category\/noticias-actualidad\/#listItem","name":"Noticias y Actualidad"}}]},{"@type":"Organization","@id":"https:\/\/eldigitaldeasturias.com\/magazine365\/#organization","name":"El digital de Asturias","description":"Revista de ocio, turismo y estilo de vida","url":"https:\/\/eldigitaldeasturias.com\/magazine365\/","logo":{"@type":"ImageObject","url":"https:\/\/www.eldigitaldeasturias.com\/noticias\/wp-content\/uploads\/2020\/12\/EDA.jpg","@id":"https:\/\/eldigitaldeasturias.com\/magazine365\/junta-de-andalucia-propone-una-ruta-sobre-jamon-y-embutidos-del-almanzora-en-andalucia-paisajes-con-sabor\/#organizationLogo"},"image":{"@id":"https:\/\/eldigitaldeasturias.com\/magazine365\/junta-de-andalucia-propone-una-ruta-sobre-jamon-y-embutidos-del-almanzora-en-andalucia-paisajes-con-sabor\/#organizationLogo"}},{"@type":"Person","@id":"https:\/\/eldigitaldeasturias.com\/magazine365\/author\/admin\/#author","url":"https:\/\/eldigitaldeasturias.com\/magazine365\/author\/admin\/","name":"admin","image":{"@type":"ImageObject","@id":"https:\/\/eldigitaldeasturias.com\/magazine365\/junta-de-andalucia-propone-una-ruta-sobre-jamon-y-embutidos-del-almanzora-en-andalucia-paisajes-con-sabor\/#authorImage","url":"https:\/\/eldigitaldeasturias.com\/magazine365\/wp-content\/litespeed\/avatar\/e571bcf59a0edd6fa6838245a470f2fe.jpg?ver=1776969259","width":96,"height":96,"caption":"admin"}},{"@type":"WebPage","@id":"https:\/\/eldigitaldeasturias.com\/magazine365\/junta-de-andalucia-propone-una-ruta-sobre-jamon-y-embutidos-del-almanzora-en-andalucia-paisajes-con-sabor\/#webpage","url":"https:\/\/eldigitaldeasturias.com\/magazine365\/junta-de-andalucia-propone-una-ruta-sobre-jamon-y-embutidos-del-almanzora-en-andalucia-paisajes-con-sabor\/","name":"Junta de Andaluc\u00eda propone una ruta sobre jam\u00f3n y embutidos del Almanzora en \u2018Andaluc\u00eda, paisajes con sabor\u2019 | El Digital de Asturias","description":"El delegado de Cultura, Turismo y Deporte de la Junta en Almer\u00eda, Alfredo Valdivia, ha analizado con representantes del sector tur\u00edstico del Almanzora la creaci\u00f3n de un itinerario tem\u00e1tico con los productos c\u00e1rnicos de la comarca como protagonistas, entre ellos el jam\u00f3n, incluida en el programa 'Andaluc\u00eda, paisajes con sabor', una iniciativa de la Junta","inLanguage":"es-ES","isPartOf":{"@id":"https:\/\/eldigitaldeasturias.com\/magazine365\/#website"},"breadcrumb":{"@id":"https:\/\/eldigitaldeasturias.com\/magazine365\/junta-de-andalucia-propone-una-ruta-sobre-jamon-y-embutidos-del-almanzora-en-andalucia-paisajes-con-sabor\/#breadcrumblist"},"author":{"@id":"https:\/\/eldigitaldeasturias.com\/magazine365\/author\/admin\/#author"},"creator":{"@id":"https:\/\/eldigitaldeasturias.com\/magazine365\/author\/admin\/#author"},"image":{"@type":"ImageObject","url":"https:\/\/eldigitaldeasturias.com\/magazine365\/wp-content\/uploads\/2016\/02\/fotonoticia_20160128172330_800.jpg","@id":"https:\/\/eldigitaldeasturias.com\/magazine365\/junta-de-andalucia-propone-una-ruta-sobre-jamon-y-embutidos-del-almanzora-en-andalucia-paisajes-con-sabor\/#mainImage","width":800,"height":588},"primaryImageOfPage":{"@id":"https:\/\/eldigitaldeasturias.com\/magazine365\/junta-de-andalucia-propone-una-ruta-sobre-jamon-y-embutidos-del-almanzora-en-andalucia-paisajes-con-sabor\/#mainImage"},"datePublished":"2016-02-02T15:23:45+01:00","dateModified":"2016-02-02T15:23:45+01:00"},{"@type":"WebSite","@id":"https:\/\/eldigitaldeasturias.com\/magazine365\/#website","url":"https:\/\/eldigitaldeasturias.com\/magazine365\/","name":"El Digital de Asturias","description":"Revista de ocio, turismo y estilo de vida","inLanguage":"es-ES","publisher":{"@id":"https:\/\/eldigitaldeasturias.com\/magazine365\/#organization"}}]},"og:locale":"es_ES","og:site_name":"El Digital de Asturias \u2013 Revista de ocio, turismo y estilo de vida","og:type":"article","og:title":"Junta de Andaluc\u00eda propone una ruta sobre jam\u00f3n y embutidos del Almanzora en \u2018Andaluc\u00eda, paisajes con sabor\u2019 | El Digital de Asturias","og:description":"El delegado de Cultura, Turismo y Deporte de la Junta en Almer\u00eda, Alfredo Valdivia, ha analizado con representantes del sector tur\u00edstico del Almanzora la creaci\u00f3n de un itinerario tem\u00e1tico con los productos c\u00e1rnicos de la comarca como protagonistas, entre ellos el jam\u00f3n, incluida en el programa 'Andaluc\u00eda, paisajes con sabor', una iniciativa de la Junta","og:url":"https:\/\/eldigitaldeasturias.com\/magazine365\/junta-de-andalucia-propone-una-ruta-sobre-jamon-y-embutidos-del-almanzora-en-andalucia-paisajes-con-sabor\/","og:image":"https:\/\/eldigitaldeasturias.com\/magazine365\/wp-content\/uploads\/2016\/02\/fotonoticia_20160128172330_800.jpg","og:image:secure_url":"https:\/\/eldigitaldeasturias.com\/magazine365\/wp-content\/uploads\/2016\/02\/fotonoticia_20160128172330_800.jpg","og:image:width":800,"og:image:height":588,"article:published_time":"2016-02-02T14:23:45+00:00","article:modified_time":"2016-02-02T14:23:45+00:00","twitter:card":"summary_large_image","twitter:title":"Junta de Andaluc\u00eda propone una ruta sobre jam\u00f3n y embutidos del Almanzora en \u2018Andaluc\u00eda, paisajes con sabor\u2019 | El Digital de Asturias","twitter:description":"El delegado de Cultura, Turismo y Deporte de la Junta en Almer\u00eda, Alfredo Valdivia, ha analizado con representantes del sector tur\u00edstico del Almanzora la creaci\u00f3n de un itinerario tem\u00e1tico con los productos c\u00e1rnicos de la comarca como protagonistas, entre ellos el jam\u00f3n, incluida en el programa 'Andaluc\u00eda, paisajes con sabor', una iniciativa de la Junta","twitter:image":"https:\/\/eldigitaldeasturias.com\/magazine365\/wp-content\/uploads\/2016\/02\/fotonoticia_20160128172330_800.jpg"},"aioseo_meta_data":{"post_id":"62651","title":null,"description":null,"keywords":null,"keyphrases":null,"primary_term":null,"canonical_url":null,"og_title":null,"og_description":null,"og_object_type":"default","og_image_type":"default","og_image_url":null,"og_image_width":null,"og_image_height":null,"og_image_custom_url":null,"og_image_custom_fields":null,"og_video":null,"og_custom_url":null,"og_article_section":null,"og_article_tags":null,"twitter_use_og":false,"twitter_card":"default","twitter_image_type":"default","twitter_image_url":null,"twitter_image_custom_url":null,"twitter_image_custom_fields":null,"twitter_title":null,"twitter_description":null,"schema":{"blockGraphs":[],"customGraphs":[],"default":{"data":{"Article":[],"Course":[],"Dataset":[],"FAQPage":[],"Movie":[],"Person":[],"Product":[],"ProductReview":[],"Car":[],"Recipe":[],"Service":[],"SoftwareApplication":[],"WebPage":[]},"graphName":"","isEnabled":true},"graphs":[],"defaultGraph":"","defaultPostTypeGraph":""},"schema_type":null,"schema_type_options":null,"pillar_content":false,"robots_default":true,"robots_noindex":false,"robots_noarchive":false,"robots_nosnippet":false,"robots_nofollow":false,"robots_noimageindex":false,"robots_noodp":false,"robots_notranslate":false,"robots_max_snippet":null,"robots_max_videopreview":null,"robots_max_imagepreview":"large","priority":null,"frequency":null,"location":null,"local_seo":null,"seo_analyzer_scan_date":"2025-09-25 11:36:35","breadcrumb_settings":null,"limit_modified_date":false,"open_ai":null,"ai":null,"created":"2021-03-08 21:33:33","updated":"2025-09-25 11:36:35"},"aioseo_breadcrumb":"<div class=\"aioseo-breadcrumbs\"><span class=\"aioseo-breadcrumb\">\n\t<a href=\"https:\/\/eldigitaldeasturias.com\/magazine365\" title=\"Home\">Home<\/a>\n<\/span><span class=\"aioseo-breadcrumb-separator\">\u2013<\/span><span class=\"aioseo-breadcrumb\">\n\t<a href=\"https:\/\/eldigitaldeasturias.com\/magazine365\/category\/noticias-actualidad\/\" title=\"Noticias y Actualidad\">Noticias y Actualidad<\/a>\n<\/span><span class=\"aioseo-breadcrumb-separator\">\u2013<\/span><span class=\"aioseo-breadcrumb\">\n\t<a href=\"https:\/\/eldigitaldeasturias.com\/magazine365\/junta-de-andalucia-propone-una-ruta-sobre-jamon-y-embutidos-del-almanzora-en-andalucia-paisajes-con-sabor\/\" title=\"Junta de Andaluc\u00eda propone una ruta sobre jam\u00f3n y embutidos del Almanzora en \u2018Andaluc\u00eda, paisajes con sabor\u2019\">Junta de Andaluc\u00eda propone una ruta sobre jam\u00f3n y embutidos del Almanzora en \u2018Andaluc\u00eda, paisajes con sabor\u2019<\/a>\n<\/span><\/div>","aioseo_breadcrumb_json":[{"label":"Home","link":"https:\/\/eldigitaldeasturias.com\/magazine365"},{"label":"Noticias y Actualidad","link":"https:\/\/eldigitaldeasturias.com\/magazine365\/category\/noticias-actualidad\/"},{"label":"Junta de Andaluc\u00eda propone una ruta sobre jam\u00f3n y embutidos del Almanzora en &#8216;Andaluc\u00eda, paisajes con sabor&#8217;","link":"https:\/\/eldigitaldeasturias.com\/magazine365\/junta-de-andalucia-propone-una-ruta-sobre-jamon-y-embutidos-del-almanzora-en-andalucia-paisajes-con-sabor\/"}],"_links":{"self":[{"href":"https:\/\/eldigitaldeasturias.com\/magazine365\/wp-json\/wp\/v2\/posts\/62651","targetHints":{"allow":["GET"]}}],"collection":[{"href":"https:\/\/eldigitaldeasturias.com\/magazine365\/wp-json\/wp\/v2\/posts"}],"about":[{"href":"https:\/\/eldigitaldeasturias.com\/magazine365\/wp-json\/wp\/v2\/types\/post"}],"author":[{"embeddable":true,"href":"https:\/\/eldigitaldeasturias.com\/magazine365\/wp-json\/wp\/v2\/users\/1"}],"replies":[{"embeddable":true,"href":"https:\/\/eldigitaldeasturias.com\/magazine365\/wp-json\/wp\/v2\/comments?post=62651"}],"version-history":[{"count":0,"href":"https:\/\/eldigitaldeasturias.com\/magazine365\/wp-json\/wp\/v2\/posts\/62651\/revisions"}],"wp:featuredmedia":[{"embeddable":true,"href":"https:\/\/eldigitaldeasturias.com\/magazine365\/wp-json\/wp\/v2\/media\/62652"}],"wp:attachment":[{"href":"https:\/\/eldigitaldeasturias.com\/magazine365\/wp-json\/wp\/v2\/media?parent=62651"}],"wp:term":[{"taxonomy":"category","embeddable":true,"href":"https:\/\/eldigitaldeasturias.com\/magazine365\/wp-json\/wp\/v2\/categories?post=62651"},{"taxonomy":"post_tag","embeddable":true,"href":"https:\/\/eldigitaldeasturias.com\/magazine365\/wp-json\/wp\/v2\/tags?post=62651"}],"curies":[{"name":"wp","href":"https:\/\/api.w.org\/{rel}","templated":true}]}}