{"id":62648,"date":"2016-02-02T15:22:49","date_gmt":"2016-02-02T14:22:49","guid":{"rendered":"http:\/\/eldigitaldeasturias.com\/magazine365\/?p=62648"},"modified":"2016-02-02T15:22:49","modified_gmt":"2016-02-02T14:22:49","slug":"el-ayuntamiento-de-malaga-muestra-su-apoyo-a-la-consula-y-exige-seriedad-a-la-junta-de-andalucia","status":"publish","type":"post","link":"https:\/\/eldigitaldeasturias.com\/magazine365\/el-ayuntamiento-de-malaga-muestra-su-apoyo-a-la-consula-y-exige-seriedad-a-la-junta-de-andalucia\/","title":{"rendered":"El Ayuntamiento de M\u00e1laga muestra su apoyo a La C\u00f3nsula y exige seriedad a la Junta de Andaluc\u00eda"},"content":{"rendered":"<p><img fetchpriority=\"high\" decoding=\"async\" class=\"alignleft size-medium wp-image-62649\" src=\"https:\/\/eldigitaldeasturias.com\/magazine365\/wp-content\/uploads\/2016\/02\/fotonoticia_20160128172049_800-360x241.jpg\" alt=\"fotonoticia_20160128172049_800\" width=\"360\" height=\"241\" srcset=\"https:\/\/eldigitaldeasturias.com\/magazine365\/wp-content\/uploads\/2016\/02\/fotonoticia_20160128172049_800-360x241.jpg 360w, https:\/\/eldigitaldeasturias.com\/magazine365\/wp-content\/uploads\/2016\/02\/fotonoticia_20160128172049_800-650x436.jpg 650w, https:\/\/eldigitaldeasturias.com\/magazine365\/wp-content\/uploads\/2016\/02\/fotonoticia_20160128172049_800-768x515.jpg 768w, https:\/\/eldigitaldeasturias.com\/magazine365\/wp-content\/uploads\/2016\/02\/fotonoticia_20160128172049_800-150x101.jpg 150w, https:\/\/eldigitaldeasturias.com\/magazine365\/wp-content\/uploads\/2016\/02\/fotonoticia_20160128172049_800-450x302.jpg 450w, https:\/\/eldigitaldeasturias.com\/magazine365\/wp-content\/uploads\/2016\/02\/fotonoticia_20160128172049_800-696x466.jpg 696w, https:\/\/eldigitaldeasturias.com\/magazine365\/wp-content\/uploads\/2016\/02\/fotonoticia_20160128172049_800-627x420.jpg 627w, https:\/\/eldigitaldeasturias.com\/magazine365\/wp-content\/uploads\/2016\/02\/fotonoticia_20160128172049_800.jpg 800w\" sizes=\"(max-width: 360px) 100vw, 360px\" \/>El Pleno del Ayuntamiento de M\u00e1laga ha vuelto a mostrar su apoyo a los trabajadores y los alumnos de la Escuela de Hosteler\u00eda La C\u00f3nsula, que est\u00e1 a\u00fan a la espera de su integraci\u00f3n en el Servicio Andaluz de Empleo (SAE). Todos los miembros de la Corporaci\u00f3n han coincidido en exigir a la Junta de Andaluc\u00eda que \u00abdeje de hacer promesas\u00bb y \u00abse tome este asunto en serio\u00bb.<\/p>\n<p>As\u00ed, los cinco grupos pol\u00edticos municipales han aprobado por unanimidad una moci\u00f3n de M\u00e1laga para la Gente, cuyo apoyo extend\u00eda tambi\u00e9n a la Escuela de Hosteler\u00eda La Fonda, en Benalm\u00e1dena, y al CIOMijas. A trav\u00e9s de esta iniciativa se reclama al Gobierno andaluz que de forma inmediata se reinicie la actividad en estos centro y el pago de las n\u00f3minas a la plantilla.<\/p>\n<p>La viceportavoz de M\u00e1laga para la Gente, Remedios Ramos, ha lamentado que la Junta, con su actitud, \u00abest\u00e9 contribuyendo a generar desempleo\u00bb. \u00abNos estamos cargando las expectativas de trabajo de estos j\u00f3venes y el buque insignia de M\u00e1laga, la gallina de los huevos de oro\u00bb, ha manifestado.<\/p>\n<p>Ramos ha instado, por tanto, a la Junta a que \u00abpor una vez tome en serio este problema\u00bb. \u00abEs de justicia este apoyo, no podemos dejar morir estas escuelas de hosteler\u00eda\u00bb, ha afirmado, agregando que \u00abno se pueden poner parches, sino que hay que dar solidez y continuidad a la formaci\u00f3n de hosteler\u00eda con los tres centros\u00bb.<\/p>\n<p>En este punto, ha indicado que este lunes, 1 de febrero, \u00abnos volveremos a ver en la calle\u00bb, en alusi\u00f3n a la nueva concentraci\u00f3n convocada, porque \u00abno nos creemos las palabras de la presidenta de la Junta, Susana D\u00edaz, ya que obras son amores y no buenas razones\u00bb.<\/p>\n<p>La concejala de Econom\u00eda Productiva, Promoci\u00f3n Empresarial y Empleo, Mar\u00eda del Mar Mart\u00edn Rojo, ha mostrado el malestar del equipo de gobierno ante el hecho de que la situaci\u00f3n de esta escuela siga sin resolverse y ha lamentado que \u00abla Junta muestre tan poca sensibilidad\u00bb.<\/p>\n<p>\u00abNo entiendo la incapacidad de la Junta\u00bb, ha dicho la edil &#8216;popular&#8217;, advirtiendo de \u00abla casualidad que supone que de las 11 escuelas de Andaluc\u00eda, los problemas los tengan las tres de M\u00e1laga\u00bb.<\/p>\n<p>Ante esto, ha asegurado que \u00abel Ayuntamiento seguir\u00e1 trabajando de forma incansable para la incorporaci\u00f3n de La C\u00f3nsula en el SAE, como v\u00eda elegida por la Junta\u00bb, ya que el objetivo es que la escuela malague\u00f1a \u00abrecupere la marca que ten\u00eda\u00bb.<\/p>\n<p>Por parte del PSOE, la concejala Lorena Do\u00f1a ha trasladado el apoyo de su grupo a los trabajadores y alumnos de La C\u00f3nsula y ha confiado en que \u00abcuanto antes se solucione esta lamentable situaci\u00f3n\u00bb.<\/p>\n<p>Juan Jos\u00e9 Espinosa, viceportavoz de M\u00e1laga Ahora, se ha preguntado \u00abqu\u00e9 es lo que est\u00e1 haciendo la Junta de Andaluc\u00eda\u00bb en este asunto, criticando el \u00abdesprop\u00f3sito\u00bb ocasionado. No obstante, ha confiado en que \u00abcuanto antes se resuelva\u00bb.<\/p>\n<p>El viceportavoz de Ciudadanos, Alejandro Carballo, espera, igualmente, que \u00abcuanto antes los empleados vuelvan a su trabajo y los alumnos, a recibir su formaci\u00f3n, y tengamos en la provincia un orgullo con La C\u00f3nsula\u00bb. Un deseo que ha hecho extensible a La Fonda y CIOMijas.<\/p>\n<p>PREOCUPACI\u00d3N DE LOS ALUMNOS<\/p>\n<p>Al inicio del debate ha intervenido Alberto Moreno, en representaci\u00f3n de los alumnos, quien ha denunciado que \u00abnos han enga\u00f1ado de nuevo\u00bb, pregunt\u00e1ndose \u00abqu\u00e9 va a pasar despu\u00e9s de la integraci\u00f3n teniendo en cuenta todo el tiempo perdido\u00bb. \u00abNo hay tiempo f\u00edsico para recuperar las clases\u00bb, ha alertado.<\/p>\n<p>Precisamente, el consejero de Empleo, Empresa y Comercio, Jos\u00e9 S\u00e1nchez Maldonado, ha destacado este jueves la soluci\u00f3n \u00ablegal, razonada y ajustada a derecho\u00bb dictada para todos los consorcios escuela, incluidos La C\u00f3nsula y La Fonda, cuyos trabajadores \u00abser\u00e1n datos de alta en el SAE en 24 \u00f3 48 horas, antes del lunes\u00bb.<\/p>\n<p>En el caso de los trabajadores del CIOMIjas, S\u00e1nchez Maldonado, que ha comparecido en comisi\u00f3n de car\u00e1cter extraordinario en el Parlamento andaluz, se ha comprometido a que \u00abno se queden en la calle\u00bb y ha explicado que los servicios jur\u00eddicos est\u00e1n analizando la integraci\u00f3n de estos seis empleados.<\/p>\n<p>Por otra parte, el Pleno ha aprobado por unanimidad la concesi\u00f3n de la Medalla de la Ciudad y del t\u00edtulo de Hijo Predilecto al malague\u00f1o Manuel Molina, presidente del grupo de agencias de viajes Touristik Service System (TSS). El acto tendr\u00e1 lugar, a priori, el pr\u00f3ximo 11 de febrero.<\/p>\n","protected":false},"excerpt":{"rendered":"<p>El Pleno del Ayuntamiento de M\u00e1laga ha vuelto a mostrar su apoyo a los trabajadores y los alumnos de la Escuela de Hosteler\u00eda La C\u00f3nsula, que est\u00e1 a\u00fan a la espera de su integraci\u00f3n en el Servicio Andaluz de Empleo (SAE). Todos los miembros de la Corporaci\u00f3n han coincidido en exigir a la Junta de<\/p>\n","protected":false},"author":1,"featured_media":62649,"comment_status":"open","ping_status":"closed","sticky":false,"template":"","format":"standard","meta":{"footnotes":""},"categories":[224],"tags":[],"class_list":{"0":"post-62648","1":"post","2":"type-post","3":"status-publish","4":"format-standard","5":"has-post-thumbnail","7":"category-noticias-actualidad"},"aioseo_notices":[],"aioseo_head":"\n\t\t<!-- All in One SEO Pro 4.9.6.1 - aioseo.com -->\n\t<meta name=\"description\" content=\"El Pleno del Ayuntamiento de M\u00e1laga ha vuelto a mostrar su apoyo a los trabajadores y los alumnos de la Escuela de Hosteler\u00eda La C\u00f3nsula, que est\u00e1 a\u00fan a la espera de su integraci\u00f3n en el Servicio Andaluz de Empleo (SAE). Todos los miembros de la Corporaci\u00f3n han coincidido en exigir a la Junta de\" \/>\n\t<meta name=\"robots\" content=\"max-image-preview:large\" \/>\n\t<meta name=\"author\" content=\"admin\"\/>\n\t<meta name=\"google-site-verification\" content=\"UA-38556648-1\" \/>\n\t<meta name=\"keywords\" content=\"noticias y actualidad\" \/>\n\t<link rel=\"canonical\" href=\"https:\/\/eldigitaldeasturias.com\/magazine365\/el-ayuntamiento-de-malaga-muestra-su-apoyo-a-la-consula-y-exige-seriedad-a-la-junta-de-andalucia\/\" \/>\n\t<meta name=\"generator\" content=\"All in One SEO Pro (AIOSEO) 4.9.6.1\" \/>\n\t\t<meta property=\"og:locale\" content=\"es_ES\" \/>\n\t\t<meta property=\"og:site_name\" content=\"El Digital de Asturias \u2013 Revista de ocio, turismo y estilo de vida\" \/>\n\t\t<meta property=\"og:type\" content=\"article\" \/>\n\t\t<meta property=\"og:title\" content=\"El Ayuntamiento de M\u00e1laga muestra su apoyo a La C\u00f3nsula y exige seriedad a la Junta de Andaluc\u00eda | El Digital de Asturias\" \/>\n\t\t<meta property=\"og:description\" content=\"El Pleno del Ayuntamiento de M\u00e1laga ha vuelto a mostrar su apoyo a los trabajadores y los alumnos de la Escuela de Hosteler\u00eda La C\u00f3nsula, que est\u00e1 a\u00fan a la espera de su integraci\u00f3n en el Servicio Andaluz de Empleo (SAE). Todos los miembros de la Corporaci\u00f3n han coincidido en exigir a la Junta de\" \/>\n\t\t<meta property=\"og:url\" content=\"https:\/\/eldigitaldeasturias.com\/magazine365\/el-ayuntamiento-de-malaga-muestra-su-apoyo-a-la-consula-y-exige-seriedad-a-la-junta-de-andalucia\/\" \/>\n\t\t<meta property=\"og:image\" content=\"https:\/\/eldigitaldeasturias.com\/magazine365\/wp-content\/uploads\/2016\/02\/fotonoticia_20160128172049_800.jpg\" \/>\n\t\t<meta property=\"og:image:secure_url\" content=\"https:\/\/eldigitaldeasturias.com\/magazine365\/wp-content\/uploads\/2016\/02\/fotonoticia_20160128172049_800.jpg\" \/>\n\t\t<meta property=\"og:image:width\" content=\"800\" \/>\n\t\t<meta property=\"og:image:height\" content=\"536\" \/>\n\t\t<meta property=\"article:published_time\" content=\"2016-02-02T14:22:49+00:00\" \/>\n\t\t<meta property=\"article:modified_time\" content=\"2016-02-02T14:22:49+00:00\" \/>\n\t\t<meta name=\"twitter:card\" content=\"summary_large_image\" \/>\n\t\t<meta name=\"twitter:title\" content=\"El Ayuntamiento de M\u00e1laga muestra su apoyo a La C\u00f3nsula y exige seriedad a la Junta de Andaluc\u00eda | El Digital de Asturias\" \/>\n\t\t<meta name=\"twitter:description\" content=\"El Pleno del Ayuntamiento de M\u00e1laga ha vuelto a mostrar su apoyo a los trabajadores y los alumnos de la Escuela de Hosteler\u00eda La C\u00f3nsula, que est\u00e1 a\u00fan a la espera de su integraci\u00f3n en el Servicio Andaluz de Empleo (SAE). Todos los miembros de la Corporaci\u00f3n han coincidido en exigir a la Junta de\" \/>\n\t\t<meta name=\"twitter:image\" content=\"https:\/\/eldigitaldeasturias.com\/magazine365\/wp-content\/uploads\/2016\/02\/fotonoticia_20160128172049_800.jpg\" \/>\n\t\t<script type=\"application\/ld+json\" class=\"aioseo-schema\">\n\t\t\t{\"@context\":\"https:\\\/\\\/schema.org\",\"@graph\":[{\"@type\":\"Article\",\"@id\":\"https:\\\/\\\/eldigitaldeasturias.com\\\/magazine365\\\/el-ayuntamiento-de-malaga-muestra-su-apoyo-a-la-consula-y-exige-seriedad-a-la-junta-de-andalucia\\\/#article\",\"name\":\"El Ayuntamiento de M\\u00e1laga muestra su apoyo a La C\\u00f3nsula y exige seriedad a la Junta de Andaluc\\u00eda | El Digital de Asturias\",\"headline\":\"El Ayuntamiento de M\\u00e1laga muestra su apoyo a La C\\u00f3nsula y exige seriedad a la Junta de Andaluc\\u00eda\",\"author\":{\"@id\":\"https:\\\/\\\/eldigitaldeasturias.com\\\/magazine365\\\/author\\\/admin\\\/#author\"},\"publisher\":{\"@id\":\"https:\\\/\\\/eldigitaldeasturias.com\\\/magazine365\\\/#organization\"},\"image\":{\"@type\":\"ImageObject\",\"url\":\"https:\\\/\\\/eldigitaldeasturias.com\\\/magazine365\\\/wp-content\\\/uploads\\\/2016\\\/02\\\/fotonoticia_20160128172049_800.jpg\",\"width\":800,\"height\":536},\"datePublished\":\"2016-02-02T15:22:49+01:00\",\"dateModified\":\"2016-02-02T15:22:49+01:00\",\"inLanguage\":\"es-ES\",\"mainEntityOfPage\":{\"@id\":\"https:\\\/\\\/eldigitaldeasturias.com\\\/magazine365\\\/el-ayuntamiento-de-malaga-muestra-su-apoyo-a-la-consula-y-exige-seriedad-a-la-junta-de-andalucia\\\/#webpage\"},\"isPartOf\":{\"@id\":\"https:\\\/\\\/eldigitaldeasturias.com\\\/magazine365\\\/el-ayuntamiento-de-malaga-muestra-su-apoyo-a-la-consula-y-exige-seriedad-a-la-junta-de-andalucia\\\/#webpage\"},\"articleSection\":\"Noticias y Actualidad\"},{\"@type\":\"BreadcrumbList\",\"@id\":\"https:\\\/\\\/eldigitaldeasturias.com\\\/magazine365\\\/el-ayuntamiento-de-malaga-muestra-su-apoyo-a-la-consula-y-exige-seriedad-a-la-junta-de-andalucia\\\/#breadcrumblist\",\"itemListElement\":[{\"@type\":\"ListItem\",\"@id\":\"https:\\\/\\\/eldigitaldeasturias.com\\\/magazine365#listItem\",\"position\":1,\"name\":\"Home\",\"item\":\"https:\\\/\\\/eldigitaldeasturias.com\\\/magazine365\",\"nextItem\":{\"@type\":\"ListItem\",\"@id\":\"https:\\\/\\\/eldigitaldeasturias.com\\\/magazine365\\\/category\\\/noticias-actualidad\\\/#listItem\",\"name\":\"Noticias y Actualidad\"}},{\"@type\":\"ListItem\",\"@id\":\"https:\\\/\\\/eldigitaldeasturias.com\\\/magazine365\\\/category\\\/noticias-actualidad\\\/#listItem\",\"position\":2,\"name\":\"Noticias y Actualidad\",\"item\":\"https:\\\/\\\/eldigitaldeasturias.com\\\/magazine365\\\/category\\\/noticias-actualidad\\\/\",\"nextItem\":{\"@type\":\"ListItem\",\"@id\":\"https:\\\/\\\/eldigitaldeasturias.com\\\/magazine365\\\/el-ayuntamiento-de-malaga-muestra-su-apoyo-a-la-consula-y-exige-seriedad-a-la-junta-de-andalucia\\\/#listItem\",\"name\":\"El Ayuntamiento de M\\u00e1laga muestra su apoyo a La C\\u00f3nsula y exige seriedad a la Junta de Andaluc\\u00eda\"},\"previousItem\":{\"@type\":\"ListItem\",\"@id\":\"https:\\\/\\\/eldigitaldeasturias.com\\\/magazine365#listItem\",\"name\":\"Home\"}},{\"@type\":\"ListItem\",\"@id\":\"https:\\\/\\\/eldigitaldeasturias.com\\\/magazine365\\\/el-ayuntamiento-de-malaga-muestra-su-apoyo-a-la-consula-y-exige-seriedad-a-la-junta-de-andalucia\\\/#listItem\",\"position\":3,\"name\":\"El Ayuntamiento de M\\u00e1laga muestra su apoyo a La C\\u00f3nsula y exige seriedad a la Junta de Andaluc\\u00eda\",\"previousItem\":{\"@type\":\"ListItem\",\"@id\":\"https:\\\/\\\/eldigitaldeasturias.com\\\/magazine365\\\/category\\\/noticias-actualidad\\\/#listItem\",\"name\":\"Noticias y Actualidad\"}}]},{\"@type\":\"Organization\",\"@id\":\"https:\\\/\\\/eldigitaldeasturias.com\\\/magazine365\\\/#organization\",\"name\":\"El digital de Asturias\",\"description\":\"Revista de ocio, turismo y estilo de vida\",\"url\":\"https:\\\/\\\/eldigitaldeasturias.com\\\/magazine365\\\/\",\"logo\":{\"@type\":\"ImageObject\",\"url\":\"https:\\\/\\\/www.eldigitaldeasturias.com\\\/noticias\\\/wp-content\\\/uploads\\\/2020\\\/12\\\/EDA.jpg\",\"@id\":\"https:\\\/\\\/eldigitaldeasturias.com\\\/magazine365\\\/el-ayuntamiento-de-malaga-muestra-su-apoyo-a-la-consula-y-exige-seriedad-a-la-junta-de-andalucia\\\/#organizationLogo\"},\"image\":{\"@id\":\"https:\\\/\\\/eldigitaldeasturias.com\\\/magazine365\\\/el-ayuntamiento-de-malaga-muestra-su-apoyo-a-la-consula-y-exige-seriedad-a-la-junta-de-andalucia\\\/#organizationLogo\"}},{\"@type\":\"Person\",\"@id\":\"https:\\\/\\\/eldigitaldeasturias.com\\\/magazine365\\\/author\\\/admin\\\/#author\",\"url\":\"https:\\\/\\\/eldigitaldeasturias.com\\\/magazine365\\\/author\\\/admin\\\/\",\"name\":\"admin\",\"image\":{\"@type\":\"ImageObject\",\"@id\":\"https:\\\/\\\/eldigitaldeasturias.com\\\/magazine365\\\/el-ayuntamiento-de-malaga-muestra-su-apoyo-a-la-consula-y-exige-seriedad-a-la-junta-de-andalucia\\\/#authorImage\",\"url\":\"https:\\\/\\\/eldigitaldeasturias.com\\\/magazine365\\\/wp-content\\\/litespeed\\\/avatar\\\/e571bcf59a0edd6fa6838245a470f2fe.jpg?ver=1776969259\",\"width\":96,\"height\":96,\"caption\":\"admin\"}},{\"@type\":\"WebPage\",\"@id\":\"https:\\\/\\\/eldigitaldeasturias.com\\\/magazine365\\\/el-ayuntamiento-de-malaga-muestra-su-apoyo-a-la-consula-y-exige-seriedad-a-la-junta-de-andalucia\\\/#webpage\",\"url\":\"https:\\\/\\\/eldigitaldeasturias.com\\\/magazine365\\\/el-ayuntamiento-de-malaga-muestra-su-apoyo-a-la-consula-y-exige-seriedad-a-la-junta-de-andalucia\\\/\",\"name\":\"El Ayuntamiento de M\\u00e1laga muestra su apoyo a La C\\u00f3nsula y exige seriedad a la Junta de Andaluc\\u00eda | El Digital de Asturias\",\"description\":\"El Pleno del Ayuntamiento de M\\u00e1laga ha vuelto a mostrar su apoyo a los trabajadores y los alumnos de la Escuela de Hosteler\\u00eda La C\\u00f3nsula, que est\\u00e1 a\\u00fan a la espera de su integraci\\u00f3n en el Servicio Andaluz de Empleo (SAE). Todos los miembros de la Corporaci\\u00f3n han coincidido en exigir a la Junta de\",\"inLanguage\":\"es-ES\",\"isPartOf\":{\"@id\":\"https:\\\/\\\/eldigitaldeasturias.com\\\/magazine365\\\/#website\"},\"breadcrumb\":{\"@id\":\"https:\\\/\\\/eldigitaldeasturias.com\\\/magazine365\\\/el-ayuntamiento-de-malaga-muestra-su-apoyo-a-la-consula-y-exige-seriedad-a-la-junta-de-andalucia\\\/#breadcrumblist\"},\"author\":{\"@id\":\"https:\\\/\\\/eldigitaldeasturias.com\\\/magazine365\\\/author\\\/admin\\\/#author\"},\"creator\":{\"@id\":\"https:\\\/\\\/eldigitaldeasturias.com\\\/magazine365\\\/author\\\/admin\\\/#author\"},\"image\":{\"@type\":\"ImageObject\",\"url\":\"https:\\\/\\\/eldigitaldeasturias.com\\\/magazine365\\\/wp-content\\\/uploads\\\/2016\\\/02\\\/fotonoticia_20160128172049_800.jpg\",\"@id\":\"https:\\\/\\\/eldigitaldeasturias.com\\\/magazine365\\\/el-ayuntamiento-de-malaga-muestra-su-apoyo-a-la-consula-y-exige-seriedad-a-la-junta-de-andalucia\\\/#mainImage\",\"width\":800,\"height\":536},\"primaryImageOfPage\":{\"@id\":\"https:\\\/\\\/eldigitaldeasturias.com\\\/magazine365\\\/el-ayuntamiento-de-malaga-muestra-su-apoyo-a-la-consula-y-exige-seriedad-a-la-junta-de-andalucia\\\/#mainImage\"},\"datePublished\":\"2016-02-02T15:22:49+01:00\",\"dateModified\":\"2016-02-02T15:22:49+01:00\"},{\"@type\":\"WebSite\",\"@id\":\"https:\\\/\\\/eldigitaldeasturias.com\\\/magazine365\\\/#website\",\"url\":\"https:\\\/\\\/eldigitaldeasturias.com\\\/magazine365\\\/\",\"name\":\"El Digital de Asturias\",\"description\":\"Revista de ocio, turismo y estilo de vida\",\"inLanguage\":\"es-ES\",\"publisher\":{\"@id\":\"https:\\\/\\\/eldigitaldeasturias.com\\\/magazine365\\\/#organization\"}}]}\n\t\t<\/script>\n\t\t<!-- All in One SEO Pro -->\r\n\t\t<title>El Ayuntamiento de M\u00e1laga muestra su apoyo a La C\u00f3nsula y exige seriedad a la Junta de Andaluc\u00eda | El Digital de Asturias<\/title>\n\n","aioseo_head_json":{"title":"El Ayuntamiento de M\u00e1laga muestra su apoyo a La C\u00f3nsula y exige seriedad a la Junta de Andaluc\u00eda | El Digital de Asturias","description":"El Pleno del Ayuntamiento de M\u00e1laga ha vuelto a mostrar su apoyo a los trabajadores y los alumnos de la Escuela de Hosteler\u00eda La C\u00f3nsula, que est\u00e1 a\u00fan a la espera de su integraci\u00f3n en el Servicio Andaluz de Empleo (SAE). Todos los miembros de la Corporaci\u00f3n han coincidido en exigir a la Junta de","canonical_url":"https:\/\/eldigitaldeasturias.com\/magazine365\/el-ayuntamiento-de-malaga-muestra-su-apoyo-a-la-consula-y-exige-seriedad-a-la-junta-de-andalucia\/","robots":"max-image-preview:large","keywords":"noticias y actualidad","webmasterTools":{"google-site-verification":"UA-38556648-1","miscellaneous":""},"schema":{"@context":"https:\/\/schema.org","@graph":[{"@type":"Article","@id":"https:\/\/eldigitaldeasturias.com\/magazine365\/el-ayuntamiento-de-malaga-muestra-su-apoyo-a-la-consula-y-exige-seriedad-a-la-junta-de-andalucia\/#article","name":"El Ayuntamiento de M\u00e1laga muestra su apoyo a La C\u00f3nsula y exige seriedad a la Junta de Andaluc\u00eda | El Digital de Asturias","headline":"El Ayuntamiento de M\u00e1laga muestra su apoyo a La C\u00f3nsula y exige seriedad a la Junta de Andaluc\u00eda","author":{"@id":"https:\/\/eldigitaldeasturias.com\/magazine365\/author\/admin\/#author"},"publisher":{"@id":"https:\/\/eldigitaldeasturias.com\/magazine365\/#organization"},"image":{"@type":"ImageObject","url":"https:\/\/eldigitaldeasturias.com\/magazine365\/wp-content\/uploads\/2016\/02\/fotonoticia_20160128172049_800.jpg","width":800,"height":536},"datePublished":"2016-02-02T15:22:49+01:00","dateModified":"2016-02-02T15:22:49+01:00","inLanguage":"es-ES","mainEntityOfPage":{"@id":"https:\/\/eldigitaldeasturias.com\/magazine365\/el-ayuntamiento-de-malaga-muestra-su-apoyo-a-la-consula-y-exige-seriedad-a-la-junta-de-andalucia\/#webpage"},"isPartOf":{"@id":"https:\/\/eldigitaldeasturias.com\/magazine365\/el-ayuntamiento-de-malaga-muestra-su-apoyo-a-la-consula-y-exige-seriedad-a-la-junta-de-andalucia\/#webpage"},"articleSection":"Noticias y Actualidad"},{"@type":"BreadcrumbList","@id":"https:\/\/eldigitaldeasturias.com\/magazine365\/el-ayuntamiento-de-malaga-muestra-su-apoyo-a-la-consula-y-exige-seriedad-a-la-junta-de-andalucia\/#breadcrumblist","itemListElement":[{"@type":"ListItem","@id":"https:\/\/eldigitaldeasturias.com\/magazine365#listItem","position":1,"name":"Home","item":"https:\/\/eldigitaldeasturias.com\/magazine365","nextItem":{"@type":"ListItem","@id":"https:\/\/eldigitaldeasturias.com\/magazine365\/category\/noticias-actualidad\/#listItem","name":"Noticias y Actualidad"}},{"@type":"ListItem","@id":"https:\/\/eldigitaldeasturias.com\/magazine365\/category\/noticias-actualidad\/#listItem","position":2,"name":"Noticias y Actualidad","item":"https:\/\/eldigitaldeasturias.com\/magazine365\/category\/noticias-actualidad\/","nextItem":{"@type":"ListItem","@id":"https:\/\/eldigitaldeasturias.com\/magazine365\/el-ayuntamiento-de-malaga-muestra-su-apoyo-a-la-consula-y-exige-seriedad-a-la-junta-de-andalucia\/#listItem","name":"El Ayuntamiento de M\u00e1laga muestra su apoyo a La C\u00f3nsula y exige seriedad a la Junta de Andaluc\u00eda"},"previousItem":{"@type":"ListItem","@id":"https:\/\/eldigitaldeasturias.com\/magazine365#listItem","name":"Home"}},{"@type":"ListItem","@id":"https:\/\/eldigitaldeasturias.com\/magazine365\/el-ayuntamiento-de-malaga-muestra-su-apoyo-a-la-consula-y-exige-seriedad-a-la-junta-de-andalucia\/#listItem","position":3,"name":"El Ayuntamiento de M\u00e1laga muestra su apoyo a La C\u00f3nsula y exige seriedad a la Junta de Andaluc\u00eda","previousItem":{"@type":"ListItem","@id":"https:\/\/eldigitaldeasturias.com\/magazine365\/category\/noticias-actualidad\/#listItem","name":"Noticias y Actualidad"}}]},{"@type":"Organization","@id":"https:\/\/eldigitaldeasturias.com\/magazine365\/#organization","name":"El digital de Asturias","description":"Revista de ocio, turismo y estilo de vida","url":"https:\/\/eldigitaldeasturias.com\/magazine365\/","logo":{"@type":"ImageObject","url":"https:\/\/www.eldigitaldeasturias.com\/noticias\/wp-content\/uploads\/2020\/12\/EDA.jpg","@id":"https:\/\/eldigitaldeasturias.com\/magazine365\/el-ayuntamiento-de-malaga-muestra-su-apoyo-a-la-consula-y-exige-seriedad-a-la-junta-de-andalucia\/#organizationLogo"},"image":{"@id":"https:\/\/eldigitaldeasturias.com\/magazine365\/el-ayuntamiento-de-malaga-muestra-su-apoyo-a-la-consula-y-exige-seriedad-a-la-junta-de-andalucia\/#organizationLogo"}},{"@type":"Person","@id":"https:\/\/eldigitaldeasturias.com\/magazine365\/author\/admin\/#author","url":"https:\/\/eldigitaldeasturias.com\/magazine365\/author\/admin\/","name":"admin","image":{"@type":"ImageObject","@id":"https:\/\/eldigitaldeasturias.com\/magazine365\/el-ayuntamiento-de-malaga-muestra-su-apoyo-a-la-consula-y-exige-seriedad-a-la-junta-de-andalucia\/#authorImage","url":"https:\/\/eldigitaldeasturias.com\/magazine365\/wp-content\/litespeed\/avatar\/e571bcf59a0edd6fa6838245a470f2fe.jpg?ver=1776969259","width":96,"height":96,"caption":"admin"}},{"@type":"WebPage","@id":"https:\/\/eldigitaldeasturias.com\/magazine365\/el-ayuntamiento-de-malaga-muestra-su-apoyo-a-la-consula-y-exige-seriedad-a-la-junta-de-andalucia\/#webpage","url":"https:\/\/eldigitaldeasturias.com\/magazine365\/el-ayuntamiento-de-malaga-muestra-su-apoyo-a-la-consula-y-exige-seriedad-a-la-junta-de-andalucia\/","name":"El Ayuntamiento de M\u00e1laga muestra su apoyo a La C\u00f3nsula y exige seriedad a la Junta de Andaluc\u00eda | El Digital de Asturias","description":"El Pleno del Ayuntamiento de M\u00e1laga ha vuelto a mostrar su apoyo a los trabajadores y los alumnos de la Escuela de Hosteler\u00eda La C\u00f3nsula, que est\u00e1 a\u00fan a la espera de su integraci\u00f3n en el Servicio Andaluz de Empleo (SAE). Todos los miembros de la Corporaci\u00f3n han coincidido en exigir a la Junta de","inLanguage":"es-ES","isPartOf":{"@id":"https:\/\/eldigitaldeasturias.com\/magazine365\/#website"},"breadcrumb":{"@id":"https:\/\/eldigitaldeasturias.com\/magazine365\/el-ayuntamiento-de-malaga-muestra-su-apoyo-a-la-consula-y-exige-seriedad-a-la-junta-de-andalucia\/#breadcrumblist"},"author":{"@id":"https:\/\/eldigitaldeasturias.com\/magazine365\/author\/admin\/#author"},"creator":{"@id":"https:\/\/eldigitaldeasturias.com\/magazine365\/author\/admin\/#author"},"image":{"@type":"ImageObject","url":"https:\/\/eldigitaldeasturias.com\/magazine365\/wp-content\/uploads\/2016\/02\/fotonoticia_20160128172049_800.jpg","@id":"https:\/\/eldigitaldeasturias.com\/magazine365\/el-ayuntamiento-de-malaga-muestra-su-apoyo-a-la-consula-y-exige-seriedad-a-la-junta-de-andalucia\/#mainImage","width":800,"height":536},"primaryImageOfPage":{"@id":"https:\/\/eldigitaldeasturias.com\/magazine365\/el-ayuntamiento-de-malaga-muestra-su-apoyo-a-la-consula-y-exige-seriedad-a-la-junta-de-andalucia\/#mainImage"},"datePublished":"2016-02-02T15:22:49+01:00","dateModified":"2016-02-02T15:22:49+01:00"},{"@type":"WebSite","@id":"https:\/\/eldigitaldeasturias.com\/magazine365\/#website","url":"https:\/\/eldigitaldeasturias.com\/magazine365\/","name":"El Digital de Asturias","description":"Revista de ocio, turismo y estilo de vida","inLanguage":"es-ES","publisher":{"@id":"https:\/\/eldigitaldeasturias.com\/magazine365\/#organization"}}]},"og:locale":"es_ES","og:site_name":"El Digital de Asturias \u2013 Revista de ocio, turismo y estilo de vida","og:type":"article","og:title":"El Ayuntamiento de M\u00e1laga muestra su apoyo a La C\u00f3nsula y exige seriedad a la Junta de Andaluc\u00eda | El Digital de Asturias","og:description":"El Pleno del Ayuntamiento de M\u00e1laga ha vuelto a mostrar su apoyo a los trabajadores y los alumnos de la Escuela de Hosteler\u00eda La C\u00f3nsula, que est\u00e1 a\u00fan a la espera de su integraci\u00f3n en el Servicio Andaluz de Empleo (SAE). Todos los miembros de la Corporaci\u00f3n han coincidido en exigir a la Junta de","og:url":"https:\/\/eldigitaldeasturias.com\/magazine365\/el-ayuntamiento-de-malaga-muestra-su-apoyo-a-la-consula-y-exige-seriedad-a-la-junta-de-andalucia\/","og:image":"https:\/\/eldigitaldeasturias.com\/magazine365\/wp-content\/uploads\/2016\/02\/fotonoticia_20160128172049_800.jpg","og:image:secure_url":"https:\/\/eldigitaldeasturias.com\/magazine365\/wp-content\/uploads\/2016\/02\/fotonoticia_20160128172049_800.jpg","og:image:width":800,"og:image:height":536,"article:published_time":"2016-02-02T14:22:49+00:00","article:modified_time":"2016-02-02T14:22:49+00:00","twitter:card":"summary_large_image","twitter:title":"El Ayuntamiento de M\u00e1laga muestra su apoyo a La C\u00f3nsula y exige seriedad a la Junta de Andaluc\u00eda | El Digital de Asturias","twitter:description":"El Pleno del Ayuntamiento de M\u00e1laga ha vuelto a mostrar su apoyo a los trabajadores y los alumnos de la Escuela de Hosteler\u00eda La C\u00f3nsula, que est\u00e1 a\u00fan a la espera de su integraci\u00f3n en el Servicio Andaluz de Empleo (SAE). Todos los miembros de la Corporaci\u00f3n han coincidido en exigir a la Junta de","twitter:image":"https:\/\/eldigitaldeasturias.com\/magazine365\/wp-content\/uploads\/2016\/02\/fotonoticia_20160128172049_800.jpg"},"aioseo_meta_data":{"post_id":"62648","title":null,"description":null,"keywords":null,"keyphrases":null,"primary_term":null,"canonical_url":null,"og_title":null,"og_description":null,"og_object_type":"default","og_image_type":"default","og_image_url":null,"og_image_width":null,"og_image_height":null,"og_image_custom_url":null,"og_image_custom_fields":null,"og_video":null,"og_custom_url":null,"og_article_section":null,"og_article_tags":null,"twitter_use_og":false,"twitter_card":"default","twitter_image_type":"default","twitter_image_url":null,"twitter_image_custom_url":null,"twitter_image_custom_fields":null,"twitter_title":null,"twitter_description":null,"schema":{"blockGraphs":[],"customGraphs":[],"default":{"data":{"Article":[],"Course":[],"Dataset":[],"FAQPage":[],"Movie":[],"Person":[],"Product":[],"ProductReview":[],"Car":[],"Recipe":[],"Service":[],"SoftwareApplication":[],"WebPage":[]},"graphName":"","isEnabled":true},"graphs":[],"defaultGraph":"","defaultPostTypeGraph":""},"schema_type":null,"schema_type_options":null,"pillar_content":false,"robots_default":true,"robots_noindex":false,"robots_noarchive":false,"robots_nosnippet":false,"robots_nofollow":false,"robots_noimageindex":false,"robots_noodp":false,"robots_notranslate":false,"robots_max_snippet":null,"robots_max_videopreview":null,"robots_max_imagepreview":"large","priority":null,"frequency":null,"location":null,"local_seo":null,"seo_analyzer_scan_date":"2025-09-25 11:36:34","breadcrumb_settings":null,"limit_modified_date":false,"open_ai":null,"ai":null,"created":"2021-03-08 21:33:33","updated":"2025-09-25 11:36:34"},"aioseo_breadcrumb":"<div class=\"aioseo-breadcrumbs\"><span class=\"aioseo-breadcrumb\">\n\t<a href=\"https:\/\/eldigitaldeasturias.com\/magazine365\" title=\"Home\">Home<\/a>\n<\/span><span class=\"aioseo-breadcrumb-separator\">\u2013<\/span><span class=\"aioseo-breadcrumb\">\n\t<a href=\"https:\/\/eldigitaldeasturias.com\/magazine365\/category\/noticias-actualidad\/\" title=\"Noticias y Actualidad\">Noticias y Actualidad<\/a>\n<\/span><span class=\"aioseo-breadcrumb-separator\">\u2013<\/span><span class=\"aioseo-breadcrumb\">\n\t<a href=\"https:\/\/eldigitaldeasturias.com\/magazine365\/el-ayuntamiento-de-malaga-muestra-su-apoyo-a-la-consula-y-exige-seriedad-a-la-junta-de-andalucia\/\" title=\"El Ayuntamiento de M\u00e1laga muestra su apoyo a La C\u00f3nsula y exige seriedad a la Junta de Andaluc\u00eda\">El Ayuntamiento de M\u00e1laga muestra su apoyo a La C\u00f3nsula y exige seriedad a la Junta de Andaluc\u00eda<\/a>\n<\/span><\/div>","aioseo_breadcrumb_json":[{"label":"Home","link":"https:\/\/eldigitaldeasturias.com\/magazine365"},{"label":"Noticias y Actualidad","link":"https:\/\/eldigitaldeasturias.com\/magazine365\/category\/noticias-actualidad\/"},{"label":"El Ayuntamiento de M\u00e1laga muestra su apoyo a La C\u00f3nsula y exige seriedad a la Junta de Andaluc\u00eda","link":"https:\/\/eldigitaldeasturias.com\/magazine365\/el-ayuntamiento-de-malaga-muestra-su-apoyo-a-la-consula-y-exige-seriedad-a-la-junta-de-andalucia\/"}],"_links":{"self":[{"href":"https:\/\/eldigitaldeasturias.com\/magazine365\/wp-json\/wp\/v2\/posts\/62648","targetHints":{"allow":["GET"]}}],"collection":[{"href":"https:\/\/eldigitaldeasturias.com\/magazine365\/wp-json\/wp\/v2\/posts"}],"about":[{"href":"https:\/\/eldigitaldeasturias.com\/magazine365\/wp-json\/wp\/v2\/types\/post"}],"author":[{"embeddable":true,"href":"https:\/\/eldigitaldeasturias.com\/magazine365\/wp-json\/wp\/v2\/users\/1"}],"replies":[{"embeddable":true,"href":"https:\/\/eldigitaldeasturias.com\/magazine365\/wp-json\/wp\/v2\/comments?post=62648"}],"version-history":[{"count":0,"href":"https:\/\/eldigitaldeasturias.com\/magazine365\/wp-json\/wp\/v2\/posts\/62648\/revisions"}],"wp:featuredmedia":[{"embeddable":true,"href":"https:\/\/eldigitaldeasturias.com\/magazine365\/wp-json\/wp\/v2\/media\/62649"}],"wp:attachment":[{"href":"https:\/\/eldigitaldeasturias.com\/magazine365\/wp-json\/wp\/v2\/media?parent=62648"}],"wp:term":[{"taxonomy":"category","embeddable":true,"href":"https:\/\/eldigitaldeasturias.com\/magazine365\/wp-json\/wp\/v2\/categories?post=62648"},{"taxonomy":"post_tag","embeddable":true,"href":"https:\/\/eldigitaldeasturias.com\/magazine365\/wp-json\/wp\/v2\/tags?post=62648"}],"curies":[{"name":"wp","href":"https:\/\/api.w.org\/{rel}","templated":true}]}}