{"id":62645,"date":"2016-02-02T15:20:53","date_gmt":"2016-02-02T14:20:53","guid":{"rendered":"http:\/\/eldigitaldeasturias.com\/magazine365\/?p=62645"},"modified":"2016-02-02T15:20:53","modified_gmt":"2016-02-02T14:20:53","slug":"el-juez-reactiva-la-venta-directa-y-unitaria-del-aeropuerto-de-ciudad-real-tras-solicitarlo-la-administracion-concursal","status":"publish","type":"post","link":"https:\/\/eldigitaldeasturias.com\/magazine365\/el-juez-reactiva-la-venta-directa-y-unitaria-del-aeropuerto-de-ciudad-real-tras-solicitarlo-la-administracion-concursal\/","title":{"rendered":"El juez reactiva la venta directa y unitaria del aeropuerto de Ciudad Real tras solicitarlo la administraci\u00f3n concursal"},"content":{"rendered":"<p><img fetchpriority=\"high\" decoding=\"async\" class=\"alignleft size-medium wp-image-62646\" src=\"https:\/\/eldigitaldeasturias.com\/magazine365\/wp-content\/uploads\/2016\/02\/fotonoticia_20160128160754_800-360x240.jpg\" alt=\"fotonoticia_20160128160754_800\" width=\"360\" height=\"240\" srcset=\"https:\/\/eldigitaldeasturias.com\/magazine365\/wp-content\/uploads\/2016\/02\/fotonoticia_20160128160754_800-360x240.jpg 360w, https:\/\/eldigitaldeasturias.com\/magazine365\/wp-content\/uploads\/2016\/02\/fotonoticia_20160128160754_800-650x433.jpg 650w, https:\/\/eldigitaldeasturias.com\/magazine365\/wp-content\/uploads\/2016\/02\/fotonoticia_20160128160754_800-768x512.jpg 768w, https:\/\/eldigitaldeasturias.com\/magazine365\/wp-content\/uploads\/2016\/02\/fotonoticia_20160128160754_800-150x100.jpg 150w, https:\/\/eldigitaldeasturias.com\/magazine365\/wp-content\/uploads\/2016\/02\/fotonoticia_20160128160754_800-450x300.jpg 450w, https:\/\/eldigitaldeasturias.com\/magazine365\/wp-content\/uploads\/2016\/02\/fotonoticia_20160128160754_800-696x464.jpg 696w, https:\/\/eldigitaldeasturias.com\/magazine365\/wp-content\/uploads\/2016\/02\/fotonoticia_20160128160754_800-630x420.jpg 630w, https:\/\/eldigitaldeasturias.com\/magazine365\/wp-content\/uploads\/2016\/02\/fotonoticia_20160128160754_800-101x66.jpg 101w, https:\/\/eldigitaldeasturias.com\/magazine365\/wp-content\/uploads\/2016\/02\/fotonoticia_20160128160754_800.jpg 800w\" sizes=\"(max-width: 360px) 100vw, 360px\" \/>El titular del Juzgado de lo Mercantil de Ciudad Real, Carmelo Ord\u00f3\u00f1ez, ha dado este jueves por reactivada la venta directa de unidad completa del aeropuerto de Ciudad Real.<\/p>\n<p>El juez lo recoge as\u00ed en una Providencia emitida este jueves, 28 de enero, tras recibir un escrito por parte de los administradores concursales solicitando esta opci\u00f3n.<\/p>\n<p>En el auto en el que declaraba la nulidad del proceso de subasta p\u00fablica, este mi\u00e9rcoles, el juez daba un d\u00eda para que los administradores concursales decidieran entre volver a plantear una nueva subasta o iniciar de nuevo la venta directa.<\/p>\n<p>En la Providencia de este jueves, el titular del juzgado se\u00f1ala que, que las \u00abofertas que, de ser presentadas, como ha sido sugerido por la administraci\u00f3n concursal, se llevar\u00e1n a cabo ante este Magistrado en la forma establecida en la providencia de 6\/11\/2015\u00bb.<\/p>\n<p>El juez da traslado del escrito a los acreedores y a la empresa concursada, CR Aeropoertos S.L., ante la posibilidad de que las ofertas realizadas s, como indican los administradores concursales, pudieran \u00abafectar a una alteraci\u00f3n del plan de liquidaci\u00f3n (parcial y\/o esencial), o en su caso a alteraci\u00f3n de operaciones de liquidaci\u00f3n concretas no contempladas en el plan de liquidaci\u00f3n (previstas ante supuestos en el plan de liquidaci\u00f3n)\u00bb.<\/p>\n<p>Acreedores y la concursada tienen un plazo de quince d\u00edas para formular las alegaciones que tengan por convenientes, antes del dictado del auto que en su caso apruebe tales modificaciones puntuales y que han sido solicitadas por la administraci\u00f3n concursal\u00bb.<\/p>\n<p>Contra la presente resoluci\u00f3n cabe recurso de reposici\u00f3n en el plazo de cinco d\u00edas ante el propioJuzgado de lo Mercantil, sin efectos suspensivos.<\/p>\n","protected":false},"excerpt":{"rendered":"<p>El titular del Juzgado de lo Mercantil de Ciudad Real, Carmelo Ord\u00f3\u00f1ez, ha dado este jueves por reactivada la venta directa de unidad completa del aeropuerto de Ciudad Real. El juez lo recoge as\u00ed en una Providencia emitida este jueves, 28 de enero, tras recibir un escrito por parte de los administradores concursales solicitando esta<\/p>\n","protected":false},"author":1,"featured_media":62646,"comment_status":"open","ping_status":"closed","sticky":false,"template":"","format":"standard","meta":{"footnotes":""},"categories":[224],"tags":[],"class_list":{"0":"post-62645","1":"post","2":"type-post","3":"status-publish","4":"format-standard","5":"has-post-thumbnail","7":"category-noticias-actualidad"},"aioseo_notices":[],"aioseo_head":"\n\t\t<!-- All in One SEO Pro 4.9.6.1 - aioseo.com -->\n\t<meta name=\"description\" content=\"El titular del Juzgado de lo Mercantil de Ciudad Real, Carmelo Ord\u00f3\u00f1ez, ha dado este jueves por reactivada la venta directa de unidad completa del aeropuerto de Ciudad Real. El juez lo recoge as\u00ed en una Providencia emitida este jueves, 28 de enero, tras recibir un escrito por parte de los administradores concursales solicitando esta\" \/>\n\t<meta name=\"robots\" content=\"max-image-preview:large\" \/>\n\t<meta name=\"author\" content=\"admin\"\/>\n\t<meta name=\"google-site-verification\" content=\"UA-38556648-1\" \/>\n\t<meta name=\"keywords\" content=\"noticias y actualidad\" \/>\n\t<link rel=\"canonical\" href=\"https:\/\/eldigitaldeasturias.com\/magazine365\/el-juez-reactiva-la-venta-directa-y-unitaria-del-aeropuerto-de-ciudad-real-tras-solicitarlo-la-administracion-concursal\/\" \/>\n\t<meta name=\"generator\" content=\"All in One SEO Pro (AIOSEO) 4.9.6.1\" \/>\n\t\t<meta property=\"og:locale\" content=\"es_ES\" \/>\n\t\t<meta property=\"og:site_name\" content=\"El Digital de Asturias \u2013 Revista de ocio, turismo y estilo de vida\" \/>\n\t\t<meta property=\"og:type\" content=\"article\" \/>\n\t\t<meta property=\"og:title\" content=\"El juez reactiva la venta directa y unitaria del aeropuerto de Ciudad Real tras solicitarlo la administraci\u00f3n concursal | El Digital de Asturias\" \/>\n\t\t<meta property=\"og:description\" content=\"El titular del Juzgado de lo Mercantil de Ciudad Real, Carmelo Ord\u00f3\u00f1ez, ha dado este jueves por reactivada la venta directa de unidad completa del aeropuerto de Ciudad Real. El juez lo recoge as\u00ed en una Providencia emitida este jueves, 28 de enero, tras recibir un escrito por parte de los administradores concursales solicitando esta\" \/>\n\t\t<meta property=\"og:url\" content=\"https:\/\/eldigitaldeasturias.com\/magazine365\/el-juez-reactiva-la-venta-directa-y-unitaria-del-aeropuerto-de-ciudad-real-tras-solicitarlo-la-administracion-concursal\/\" \/>\n\t\t<meta property=\"og:image\" content=\"https:\/\/eldigitaldeasturias.com\/magazine365\/wp-content\/uploads\/2016\/02\/fotonoticia_20160128160754_800.jpg\" \/>\n\t\t<meta property=\"og:image:secure_url\" content=\"https:\/\/eldigitaldeasturias.com\/magazine365\/wp-content\/uploads\/2016\/02\/fotonoticia_20160128160754_800.jpg\" \/>\n\t\t<meta property=\"og:image:width\" content=\"800\" \/>\n\t\t<meta property=\"og:image:height\" content=\"533\" \/>\n\t\t<meta property=\"article:published_time\" content=\"2016-02-02T14:20:53+00:00\" \/>\n\t\t<meta property=\"article:modified_time\" content=\"2016-02-02T14:20:53+00:00\" \/>\n\t\t<meta name=\"twitter:card\" content=\"summary_large_image\" \/>\n\t\t<meta name=\"twitter:title\" content=\"El juez reactiva la venta directa y unitaria del aeropuerto de Ciudad Real tras solicitarlo la administraci\u00f3n concursal | El Digital de Asturias\" \/>\n\t\t<meta name=\"twitter:description\" content=\"El titular del Juzgado de lo Mercantil de Ciudad Real, Carmelo Ord\u00f3\u00f1ez, ha dado este jueves por reactivada la venta directa de unidad completa del aeropuerto de Ciudad Real. El juez lo recoge as\u00ed en una Providencia emitida este jueves, 28 de enero, tras recibir un escrito por parte de los administradores concursales solicitando esta\" \/>\n\t\t<meta name=\"twitter:image\" content=\"https:\/\/eldigitaldeasturias.com\/magazine365\/wp-content\/uploads\/2016\/02\/fotonoticia_20160128160754_800.jpg\" \/>\n\t\t<script type=\"application\/ld+json\" class=\"aioseo-schema\">\n\t\t\t{\"@context\":\"https:\\\/\\\/schema.org\",\"@graph\":[{\"@type\":\"Article\",\"@id\":\"https:\\\/\\\/eldigitaldeasturias.com\\\/magazine365\\\/el-juez-reactiva-la-venta-directa-y-unitaria-del-aeropuerto-de-ciudad-real-tras-solicitarlo-la-administracion-concursal\\\/#article\",\"name\":\"El juez reactiva la venta directa y unitaria del aeropuerto de Ciudad Real tras solicitarlo la administraci\\u00f3n concursal | El Digital de Asturias\",\"headline\":\"El juez reactiva la venta directa y unitaria del aeropuerto de Ciudad Real tras solicitarlo la administraci\\u00f3n concursal\",\"author\":{\"@id\":\"https:\\\/\\\/eldigitaldeasturias.com\\\/magazine365\\\/author\\\/admin\\\/#author\"},\"publisher\":{\"@id\":\"https:\\\/\\\/eldigitaldeasturias.com\\\/magazine365\\\/#organization\"},\"image\":{\"@type\":\"ImageObject\",\"url\":\"https:\\\/\\\/eldigitaldeasturias.com\\\/magazine365\\\/wp-content\\\/uploads\\\/2016\\\/02\\\/fotonoticia_20160128160754_800.jpg\",\"width\":800,\"height\":533},\"datePublished\":\"2016-02-02T15:20:53+01:00\",\"dateModified\":\"2016-02-02T15:20:53+01:00\",\"inLanguage\":\"es-ES\",\"mainEntityOfPage\":{\"@id\":\"https:\\\/\\\/eldigitaldeasturias.com\\\/magazine365\\\/el-juez-reactiva-la-venta-directa-y-unitaria-del-aeropuerto-de-ciudad-real-tras-solicitarlo-la-administracion-concursal\\\/#webpage\"},\"isPartOf\":{\"@id\":\"https:\\\/\\\/eldigitaldeasturias.com\\\/magazine365\\\/el-juez-reactiva-la-venta-directa-y-unitaria-del-aeropuerto-de-ciudad-real-tras-solicitarlo-la-administracion-concursal\\\/#webpage\"},\"articleSection\":\"Noticias y Actualidad\"},{\"@type\":\"BreadcrumbList\",\"@id\":\"https:\\\/\\\/eldigitaldeasturias.com\\\/magazine365\\\/el-juez-reactiva-la-venta-directa-y-unitaria-del-aeropuerto-de-ciudad-real-tras-solicitarlo-la-administracion-concursal\\\/#breadcrumblist\",\"itemListElement\":[{\"@type\":\"ListItem\",\"@id\":\"https:\\\/\\\/eldigitaldeasturias.com\\\/magazine365#listItem\",\"position\":1,\"name\":\"Home\",\"item\":\"https:\\\/\\\/eldigitaldeasturias.com\\\/magazine365\",\"nextItem\":{\"@type\":\"ListItem\",\"@id\":\"https:\\\/\\\/eldigitaldeasturias.com\\\/magazine365\\\/category\\\/noticias-actualidad\\\/#listItem\",\"name\":\"Noticias y Actualidad\"}},{\"@type\":\"ListItem\",\"@id\":\"https:\\\/\\\/eldigitaldeasturias.com\\\/magazine365\\\/category\\\/noticias-actualidad\\\/#listItem\",\"position\":2,\"name\":\"Noticias y Actualidad\",\"item\":\"https:\\\/\\\/eldigitaldeasturias.com\\\/magazine365\\\/category\\\/noticias-actualidad\\\/\",\"nextItem\":{\"@type\":\"ListItem\",\"@id\":\"https:\\\/\\\/eldigitaldeasturias.com\\\/magazine365\\\/el-juez-reactiva-la-venta-directa-y-unitaria-del-aeropuerto-de-ciudad-real-tras-solicitarlo-la-administracion-concursal\\\/#listItem\",\"name\":\"El juez reactiva la venta directa y unitaria del aeropuerto de Ciudad Real tras solicitarlo la administraci\\u00f3n concursal\"},\"previousItem\":{\"@type\":\"ListItem\",\"@id\":\"https:\\\/\\\/eldigitaldeasturias.com\\\/magazine365#listItem\",\"name\":\"Home\"}},{\"@type\":\"ListItem\",\"@id\":\"https:\\\/\\\/eldigitaldeasturias.com\\\/magazine365\\\/el-juez-reactiva-la-venta-directa-y-unitaria-del-aeropuerto-de-ciudad-real-tras-solicitarlo-la-administracion-concursal\\\/#listItem\",\"position\":3,\"name\":\"El juez reactiva la venta directa y unitaria del aeropuerto de Ciudad Real tras solicitarlo la administraci\\u00f3n concursal\",\"previousItem\":{\"@type\":\"ListItem\",\"@id\":\"https:\\\/\\\/eldigitaldeasturias.com\\\/magazine365\\\/category\\\/noticias-actualidad\\\/#listItem\",\"name\":\"Noticias y Actualidad\"}}]},{\"@type\":\"Organization\",\"@id\":\"https:\\\/\\\/eldigitaldeasturias.com\\\/magazine365\\\/#organization\",\"name\":\"El digital de Asturias\",\"description\":\"Revista de ocio, turismo y estilo de vida\",\"url\":\"https:\\\/\\\/eldigitaldeasturias.com\\\/magazine365\\\/\",\"logo\":{\"@type\":\"ImageObject\",\"url\":\"https:\\\/\\\/www.eldigitaldeasturias.com\\\/noticias\\\/wp-content\\\/uploads\\\/2020\\\/12\\\/EDA.jpg\",\"@id\":\"https:\\\/\\\/eldigitaldeasturias.com\\\/magazine365\\\/el-juez-reactiva-la-venta-directa-y-unitaria-del-aeropuerto-de-ciudad-real-tras-solicitarlo-la-administracion-concursal\\\/#organizationLogo\"},\"image\":{\"@id\":\"https:\\\/\\\/eldigitaldeasturias.com\\\/magazine365\\\/el-juez-reactiva-la-venta-directa-y-unitaria-del-aeropuerto-de-ciudad-real-tras-solicitarlo-la-administracion-concursal\\\/#organizationLogo\"}},{\"@type\":\"Person\",\"@id\":\"https:\\\/\\\/eldigitaldeasturias.com\\\/magazine365\\\/author\\\/admin\\\/#author\",\"url\":\"https:\\\/\\\/eldigitaldeasturias.com\\\/magazine365\\\/author\\\/admin\\\/\",\"name\":\"admin\",\"image\":{\"@type\":\"ImageObject\",\"@id\":\"https:\\\/\\\/eldigitaldeasturias.com\\\/magazine365\\\/el-juez-reactiva-la-venta-directa-y-unitaria-del-aeropuerto-de-ciudad-real-tras-solicitarlo-la-administracion-concursal\\\/#authorImage\",\"url\":\"https:\\\/\\\/eldigitaldeasturias.com\\\/magazine365\\\/wp-content\\\/litespeed\\\/avatar\\\/e571bcf59a0edd6fa6838245a470f2fe.jpg?ver=1776969259\",\"width\":96,\"height\":96,\"caption\":\"admin\"}},{\"@type\":\"WebPage\",\"@id\":\"https:\\\/\\\/eldigitaldeasturias.com\\\/magazine365\\\/el-juez-reactiva-la-venta-directa-y-unitaria-del-aeropuerto-de-ciudad-real-tras-solicitarlo-la-administracion-concursal\\\/#webpage\",\"url\":\"https:\\\/\\\/eldigitaldeasturias.com\\\/magazine365\\\/el-juez-reactiva-la-venta-directa-y-unitaria-del-aeropuerto-de-ciudad-real-tras-solicitarlo-la-administracion-concursal\\\/\",\"name\":\"El juez reactiva la venta directa y unitaria del aeropuerto de Ciudad Real tras solicitarlo la administraci\\u00f3n concursal | El Digital de Asturias\",\"description\":\"El titular del Juzgado de lo Mercantil de Ciudad Real, Carmelo Ord\\u00f3\\u00f1ez, ha dado este jueves por reactivada la venta directa de unidad completa del aeropuerto de Ciudad Real. El juez lo recoge as\\u00ed en una Providencia emitida este jueves, 28 de enero, tras recibir un escrito por parte de los administradores concursales solicitando esta\",\"inLanguage\":\"es-ES\",\"isPartOf\":{\"@id\":\"https:\\\/\\\/eldigitaldeasturias.com\\\/magazine365\\\/#website\"},\"breadcrumb\":{\"@id\":\"https:\\\/\\\/eldigitaldeasturias.com\\\/magazine365\\\/el-juez-reactiva-la-venta-directa-y-unitaria-del-aeropuerto-de-ciudad-real-tras-solicitarlo-la-administracion-concursal\\\/#breadcrumblist\"},\"author\":{\"@id\":\"https:\\\/\\\/eldigitaldeasturias.com\\\/magazine365\\\/author\\\/admin\\\/#author\"},\"creator\":{\"@id\":\"https:\\\/\\\/eldigitaldeasturias.com\\\/magazine365\\\/author\\\/admin\\\/#author\"},\"image\":{\"@type\":\"ImageObject\",\"url\":\"https:\\\/\\\/eldigitaldeasturias.com\\\/magazine365\\\/wp-content\\\/uploads\\\/2016\\\/02\\\/fotonoticia_20160128160754_800.jpg\",\"@id\":\"https:\\\/\\\/eldigitaldeasturias.com\\\/magazine365\\\/el-juez-reactiva-la-venta-directa-y-unitaria-del-aeropuerto-de-ciudad-real-tras-solicitarlo-la-administracion-concursal\\\/#mainImage\",\"width\":800,\"height\":533},\"primaryImageOfPage\":{\"@id\":\"https:\\\/\\\/eldigitaldeasturias.com\\\/magazine365\\\/el-juez-reactiva-la-venta-directa-y-unitaria-del-aeropuerto-de-ciudad-real-tras-solicitarlo-la-administracion-concursal\\\/#mainImage\"},\"datePublished\":\"2016-02-02T15:20:53+01:00\",\"dateModified\":\"2016-02-02T15:20:53+01:00\"},{\"@type\":\"WebSite\",\"@id\":\"https:\\\/\\\/eldigitaldeasturias.com\\\/magazine365\\\/#website\",\"url\":\"https:\\\/\\\/eldigitaldeasturias.com\\\/magazine365\\\/\",\"name\":\"El Digital de Asturias\",\"description\":\"Revista de ocio, turismo y estilo de vida\",\"inLanguage\":\"es-ES\",\"publisher\":{\"@id\":\"https:\\\/\\\/eldigitaldeasturias.com\\\/magazine365\\\/#organization\"}}]}\n\t\t<\/script>\n\t\t<!-- All in One SEO Pro -->\r\n\t\t<title>El juez reactiva la venta directa y unitaria del aeropuerto de Ciudad Real tras solicitarlo la administraci\u00f3n concursal | El Digital de Asturias<\/title>\n\n","aioseo_head_json":{"title":"El juez reactiva la venta directa y unitaria del aeropuerto de Ciudad Real tras solicitarlo la administraci\u00f3n concursal | El Digital de Asturias","description":"El titular del Juzgado de lo Mercantil de Ciudad Real, Carmelo Ord\u00f3\u00f1ez, ha dado este jueves por reactivada la venta directa de unidad completa del aeropuerto de Ciudad Real. El juez lo recoge as\u00ed en una Providencia emitida este jueves, 28 de enero, tras recibir un escrito por parte de los administradores concursales solicitando esta","canonical_url":"https:\/\/eldigitaldeasturias.com\/magazine365\/el-juez-reactiva-la-venta-directa-y-unitaria-del-aeropuerto-de-ciudad-real-tras-solicitarlo-la-administracion-concursal\/","robots":"max-image-preview:large","keywords":"noticias y actualidad","webmasterTools":{"google-site-verification":"UA-38556648-1","miscellaneous":""},"schema":{"@context":"https:\/\/schema.org","@graph":[{"@type":"Article","@id":"https:\/\/eldigitaldeasturias.com\/magazine365\/el-juez-reactiva-la-venta-directa-y-unitaria-del-aeropuerto-de-ciudad-real-tras-solicitarlo-la-administracion-concursal\/#article","name":"El juez reactiva la venta directa y unitaria del aeropuerto de Ciudad Real tras solicitarlo la administraci\u00f3n concursal | El Digital de Asturias","headline":"El juez reactiva la venta directa y unitaria del aeropuerto de Ciudad Real tras solicitarlo la administraci\u00f3n concursal","author":{"@id":"https:\/\/eldigitaldeasturias.com\/magazine365\/author\/admin\/#author"},"publisher":{"@id":"https:\/\/eldigitaldeasturias.com\/magazine365\/#organization"},"image":{"@type":"ImageObject","url":"https:\/\/eldigitaldeasturias.com\/magazine365\/wp-content\/uploads\/2016\/02\/fotonoticia_20160128160754_800.jpg","width":800,"height":533},"datePublished":"2016-02-02T15:20:53+01:00","dateModified":"2016-02-02T15:20:53+01:00","inLanguage":"es-ES","mainEntityOfPage":{"@id":"https:\/\/eldigitaldeasturias.com\/magazine365\/el-juez-reactiva-la-venta-directa-y-unitaria-del-aeropuerto-de-ciudad-real-tras-solicitarlo-la-administracion-concursal\/#webpage"},"isPartOf":{"@id":"https:\/\/eldigitaldeasturias.com\/magazine365\/el-juez-reactiva-la-venta-directa-y-unitaria-del-aeropuerto-de-ciudad-real-tras-solicitarlo-la-administracion-concursal\/#webpage"},"articleSection":"Noticias y Actualidad"},{"@type":"BreadcrumbList","@id":"https:\/\/eldigitaldeasturias.com\/magazine365\/el-juez-reactiva-la-venta-directa-y-unitaria-del-aeropuerto-de-ciudad-real-tras-solicitarlo-la-administracion-concursal\/#breadcrumblist","itemListElement":[{"@type":"ListItem","@id":"https:\/\/eldigitaldeasturias.com\/magazine365#listItem","position":1,"name":"Home","item":"https:\/\/eldigitaldeasturias.com\/magazine365","nextItem":{"@type":"ListItem","@id":"https:\/\/eldigitaldeasturias.com\/magazine365\/category\/noticias-actualidad\/#listItem","name":"Noticias y Actualidad"}},{"@type":"ListItem","@id":"https:\/\/eldigitaldeasturias.com\/magazine365\/category\/noticias-actualidad\/#listItem","position":2,"name":"Noticias y Actualidad","item":"https:\/\/eldigitaldeasturias.com\/magazine365\/category\/noticias-actualidad\/","nextItem":{"@type":"ListItem","@id":"https:\/\/eldigitaldeasturias.com\/magazine365\/el-juez-reactiva-la-venta-directa-y-unitaria-del-aeropuerto-de-ciudad-real-tras-solicitarlo-la-administracion-concursal\/#listItem","name":"El juez reactiva la venta directa y unitaria del aeropuerto de Ciudad Real tras solicitarlo la administraci\u00f3n concursal"},"previousItem":{"@type":"ListItem","@id":"https:\/\/eldigitaldeasturias.com\/magazine365#listItem","name":"Home"}},{"@type":"ListItem","@id":"https:\/\/eldigitaldeasturias.com\/magazine365\/el-juez-reactiva-la-venta-directa-y-unitaria-del-aeropuerto-de-ciudad-real-tras-solicitarlo-la-administracion-concursal\/#listItem","position":3,"name":"El juez reactiva la venta directa y unitaria del aeropuerto de Ciudad Real tras solicitarlo la administraci\u00f3n concursal","previousItem":{"@type":"ListItem","@id":"https:\/\/eldigitaldeasturias.com\/magazine365\/category\/noticias-actualidad\/#listItem","name":"Noticias y Actualidad"}}]},{"@type":"Organization","@id":"https:\/\/eldigitaldeasturias.com\/magazine365\/#organization","name":"El digital de Asturias","description":"Revista de ocio, turismo y estilo de vida","url":"https:\/\/eldigitaldeasturias.com\/magazine365\/","logo":{"@type":"ImageObject","url":"https:\/\/www.eldigitaldeasturias.com\/noticias\/wp-content\/uploads\/2020\/12\/EDA.jpg","@id":"https:\/\/eldigitaldeasturias.com\/magazine365\/el-juez-reactiva-la-venta-directa-y-unitaria-del-aeropuerto-de-ciudad-real-tras-solicitarlo-la-administracion-concursal\/#organizationLogo"},"image":{"@id":"https:\/\/eldigitaldeasturias.com\/magazine365\/el-juez-reactiva-la-venta-directa-y-unitaria-del-aeropuerto-de-ciudad-real-tras-solicitarlo-la-administracion-concursal\/#organizationLogo"}},{"@type":"Person","@id":"https:\/\/eldigitaldeasturias.com\/magazine365\/author\/admin\/#author","url":"https:\/\/eldigitaldeasturias.com\/magazine365\/author\/admin\/","name":"admin","image":{"@type":"ImageObject","@id":"https:\/\/eldigitaldeasturias.com\/magazine365\/el-juez-reactiva-la-venta-directa-y-unitaria-del-aeropuerto-de-ciudad-real-tras-solicitarlo-la-administracion-concursal\/#authorImage","url":"https:\/\/eldigitaldeasturias.com\/magazine365\/wp-content\/litespeed\/avatar\/e571bcf59a0edd6fa6838245a470f2fe.jpg?ver=1776969259","width":96,"height":96,"caption":"admin"}},{"@type":"WebPage","@id":"https:\/\/eldigitaldeasturias.com\/magazine365\/el-juez-reactiva-la-venta-directa-y-unitaria-del-aeropuerto-de-ciudad-real-tras-solicitarlo-la-administracion-concursal\/#webpage","url":"https:\/\/eldigitaldeasturias.com\/magazine365\/el-juez-reactiva-la-venta-directa-y-unitaria-del-aeropuerto-de-ciudad-real-tras-solicitarlo-la-administracion-concursal\/","name":"El juez reactiva la venta directa y unitaria del aeropuerto de Ciudad Real tras solicitarlo la administraci\u00f3n concursal | El Digital de Asturias","description":"El titular del Juzgado de lo Mercantil de Ciudad Real, Carmelo Ord\u00f3\u00f1ez, ha dado este jueves por reactivada la venta directa de unidad completa del aeropuerto de Ciudad Real. El juez lo recoge as\u00ed en una Providencia emitida este jueves, 28 de enero, tras recibir un escrito por parte de los administradores concursales solicitando esta","inLanguage":"es-ES","isPartOf":{"@id":"https:\/\/eldigitaldeasturias.com\/magazine365\/#website"},"breadcrumb":{"@id":"https:\/\/eldigitaldeasturias.com\/magazine365\/el-juez-reactiva-la-venta-directa-y-unitaria-del-aeropuerto-de-ciudad-real-tras-solicitarlo-la-administracion-concursal\/#breadcrumblist"},"author":{"@id":"https:\/\/eldigitaldeasturias.com\/magazine365\/author\/admin\/#author"},"creator":{"@id":"https:\/\/eldigitaldeasturias.com\/magazine365\/author\/admin\/#author"},"image":{"@type":"ImageObject","url":"https:\/\/eldigitaldeasturias.com\/magazine365\/wp-content\/uploads\/2016\/02\/fotonoticia_20160128160754_800.jpg","@id":"https:\/\/eldigitaldeasturias.com\/magazine365\/el-juez-reactiva-la-venta-directa-y-unitaria-del-aeropuerto-de-ciudad-real-tras-solicitarlo-la-administracion-concursal\/#mainImage","width":800,"height":533},"primaryImageOfPage":{"@id":"https:\/\/eldigitaldeasturias.com\/magazine365\/el-juez-reactiva-la-venta-directa-y-unitaria-del-aeropuerto-de-ciudad-real-tras-solicitarlo-la-administracion-concursal\/#mainImage"},"datePublished":"2016-02-02T15:20:53+01:00","dateModified":"2016-02-02T15:20:53+01:00"},{"@type":"WebSite","@id":"https:\/\/eldigitaldeasturias.com\/magazine365\/#website","url":"https:\/\/eldigitaldeasturias.com\/magazine365\/","name":"El Digital de Asturias","description":"Revista de ocio, turismo y estilo de vida","inLanguage":"es-ES","publisher":{"@id":"https:\/\/eldigitaldeasturias.com\/magazine365\/#organization"}}]},"og:locale":"es_ES","og:site_name":"El Digital de Asturias \u2013 Revista de ocio, turismo y estilo de vida","og:type":"article","og:title":"El juez reactiva la venta directa y unitaria del aeropuerto de Ciudad Real tras solicitarlo la administraci\u00f3n concursal | El Digital de Asturias","og:description":"El titular del Juzgado de lo Mercantil de Ciudad Real, Carmelo Ord\u00f3\u00f1ez, ha dado este jueves por reactivada la venta directa de unidad completa del aeropuerto de Ciudad Real. El juez lo recoge as\u00ed en una Providencia emitida este jueves, 28 de enero, tras recibir un escrito por parte de los administradores concursales solicitando esta","og:url":"https:\/\/eldigitaldeasturias.com\/magazine365\/el-juez-reactiva-la-venta-directa-y-unitaria-del-aeropuerto-de-ciudad-real-tras-solicitarlo-la-administracion-concursal\/","og:image":"https:\/\/eldigitaldeasturias.com\/magazine365\/wp-content\/uploads\/2016\/02\/fotonoticia_20160128160754_800.jpg","og:image:secure_url":"https:\/\/eldigitaldeasturias.com\/magazine365\/wp-content\/uploads\/2016\/02\/fotonoticia_20160128160754_800.jpg","og:image:width":800,"og:image:height":533,"article:published_time":"2016-02-02T14:20:53+00:00","article:modified_time":"2016-02-02T14:20:53+00:00","twitter:card":"summary_large_image","twitter:title":"El juez reactiva la venta directa y unitaria del aeropuerto de Ciudad Real tras solicitarlo la administraci\u00f3n concursal | El Digital de Asturias","twitter:description":"El titular del Juzgado de lo Mercantil de Ciudad Real, Carmelo Ord\u00f3\u00f1ez, ha dado este jueves por reactivada la venta directa de unidad completa del aeropuerto de Ciudad Real. El juez lo recoge as\u00ed en una Providencia emitida este jueves, 28 de enero, tras recibir un escrito por parte de los administradores concursales solicitando esta","twitter:image":"https:\/\/eldigitaldeasturias.com\/magazine365\/wp-content\/uploads\/2016\/02\/fotonoticia_20160128160754_800.jpg"},"aioseo_meta_data":{"post_id":"62645","title":null,"description":null,"keywords":null,"keyphrases":null,"primary_term":null,"canonical_url":null,"og_title":null,"og_description":null,"og_object_type":"default","og_image_type":"default","og_image_url":null,"og_image_width":null,"og_image_height":null,"og_image_custom_url":null,"og_image_custom_fields":null,"og_video":null,"og_custom_url":null,"og_article_section":null,"og_article_tags":null,"twitter_use_og":false,"twitter_card":"default","twitter_image_type":"default","twitter_image_url":null,"twitter_image_custom_url":null,"twitter_image_custom_fields":null,"twitter_title":null,"twitter_description":null,"schema":{"blockGraphs":[],"customGraphs":[],"default":{"data":{"Article":[],"Course":[],"Dataset":[],"FAQPage":[],"Movie":[],"Person":[],"Product":[],"ProductReview":[],"Car":[],"Recipe":[],"Service":[],"SoftwareApplication":[],"WebPage":[]},"graphName":"","isEnabled":true},"graphs":[],"defaultGraph":"","defaultPostTypeGraph":""},"schema_type":null,"schema_type_options":null,"pillar_content":false,"robots_default":true,"robots_noindex":false,"robots_noarchive":false,"robots_nosnippet":false,"robots_nofollow":false,"robots_noimageindex":false,"robots_noodp":false,"robots_notranslate":false,"robots_max_snippet":null,"robots_max_videopreview":null,"robots_max_imagepreview":"large","priority":null,"frequency":null,"location":null,"local_seo":null,"seo_analyzer_scan_date":"2025-09-25 11:36:33","breadcrumb_settings":null,"limit_modified_date":false,"open_ai":null,"ai":null,"created":"2021-03-08 21:33:33","updated":"2025-09-25 11:36:33"},"aioseo_breadcrumb":"<div class=\"aioseo-breadcrumbs\"><span class=\"aioseo-breadcrumb\">\n\t<a href=\"https:\/\/eldigitaldeasturias.com\/magazine365\" title=\"Home\">Home<\/a>\n<\/span><span class=\"aioseo-breadcrumb-separator\">\u2013<\/span><span class=\"aioseo-breadcrumb\">\n\t<a href=\"https:\/\/eldigitaldeasturias.com\/magazine365\/category\/noticias-actualidad\/\" title=\"Noticias y Actualidad\">Noticias y Actualidad<\/a>\n<\/span><span class=\"aioseo-breadcrumb-separator\">\u2013<\/span><span class=\"aioseo-breadcrumb\">\n\t<a href=\"https:\/\/eldigitaldeasturias.com\/magazine365\/el-juez-reactiva-la-venta-directa-y-unitaria-del-aeropuerto-de-ciudad-real-tras-solicitarlo-la-administracion-concursal\/\" title=\"El juez reactiva la venta directa y unitaria del aeropuerto de Ciudad Real tras solicitarlo la administraci\u00f3n concursal\">El juez reactiva la venta directa y unitaria del aeropuerto de Ciudad Real tras solicitarlo la administraci\u00f3n concursal<\/a>\n<\/span><\/div>","aioseo_breadcrumb_json":[{"label":"Home","link":"https:\/\/eldigitaldeasturias.com\/magazine365"},{"label":"Noticias y Actualidad","link":"https:\/\/eldigitaldeasturias.com\/magazine365\/category\/noticias-actualidad\/"},{"label":"El juez reactiva la venta directa y unitaria del aeropuerto de Ciudad Real tras solicitarlo la administraci\u00f3n concursal","link":"https:\/\/eldigitaldeasturias.com\/magazine365\/el-juez-reactiva-la-venta-directa-y-unitaria-del-aeropuerto-de-ciudad-real-tras-solicitarlo-la-administracion-concursal\/"}],"_links":{"self":[{"href":"https:\/\/eldigitaldeasturias.com\/magazine365\/wp-json\/wp\/v2\/posts\/62645","targetHints":{"allow":["GET"]}}],"collection":[{"href":"https:\/\/eldigitaldeasturias.com\/magazine365\/wp-json\/wp\/v2\/posts"}],"about":[{"href":"https:\/\/eldigitaldeasturias.com\/magazine365\/wp-json\/wp\/v2\/types\/post"}],"author":[{"embeddable":true,"href":"https:\/\/eldigitaldeasturias.com\/magazine365\/wp-json\/wp\/v2\/users\/1"}],"replies":[{"embeddable":true,"href":"https:\/\/eldigitaldeasturias.com\/magazine365\/wp-json\/wp\/v2\/comments?post=62645"}],"version-history":[{"count":0,"href":"https:\/\/eldigitaldeasturias.com\/magazine365\/wp-json\/wp\/v2\/posts\/62645\/revisions"}],"wp:featuredmedia":[{"embeddable":true,"href":"https:\/\/eldigitaldeasturias.com\/magazine365\/wp-json\/wp\/v2\/media\/62646"}],"wp:attachment":[{"href":"https:\/\/eldigitaldeasturias.com\/magazine365\/wp-json\/wp\/v2\/media?parent=62645"}],"wp:term":[{"taxonomy":"category","embeddable":true,"href":"https:\/\/eldigitaldeasturias.com\/magazine365\/wp-json\/wp\/v2\/categories?post=62645"},{"taxonomy":"post_tag","embeddable":true,"href":"https:\/\/eldigitaldeasturias.com\/magazine365\/wp-json\/wp\/v2\/tags?post=62645"}],"curies":[{"name":"wp","href":"https:\/\/api.w.org\/{rel}","templated":true}]}}