{"id":62633,"date":"2016-02-02T15:13:14","date_gmt":"2016-02-02T14:13:14","guid":{"rendered":"http:\/\/eldigitaldeasturias.com\/magazine365\/?p=62633"},"modified":"2016-02-02T15:13:14","modified_gmt":"2016-02-02T14:13:14","slug":"las-palmas-alojo-cerca-de-400-000-turistas-en-2015-un-288-mas","status":"publish","type":"post","link":"https:\/\/eldigitaldeasturias.com\/magazine365\/las-palmas-alojo-cerca-de-400-000-turistas-en-2015-un-288-mas\/","title":{"rendered":"Las Palmas aloj\u00f3 cerca de 400.000 turistas en 2015, un 2,88% m\u00e1s"},"content":{"rendered":"<p><img fetchpriority=\"high\" decoding=\"async\" class=\"alignleft size-medium wp-image-62634\" src=\"https:\/\/eldigitaldeasturias.com\/magazine365\/wp-content\/uploads\/2016\/02\/fotonoticia_20160128150138_800-360x240.jpg\" alt=\"fotonoticia_20160128150138_800\" width=\"360\" height=\"240\" srcset=\"https:\/\/eldigitaldeasturias.com\/magazine365\/wp-content\/uploads\/2016\/02\/fotonoticia_20160128150138_800-360x240.jpg 360w, https:\/\/eldigitaldeasturias.com\/magazine365\/wp-content\/uploads\/2016\/02\/fotonoticia_20160128150138_800-650x433.jpg 650w, https:\/\/eldigitaldeasturias.com\/magazine365\/wp-content\/uploads\/2016\/02\/fotonoticia_20160128150138_800-768x512.jpg 768w, https:\/\/eldigitaldeasturias.com\/magazine365\/wp-content\/uploads\/2016\/02\/fotonoticia_20160128150138_800-150x100.jpg 150w, https:\/\/eldigitaldeasturias.com\/magazine365\/wp-content\/uploads\/2016\/02\/fotonoticia_20160128150138_800-450x300.jpg 450w, https:\/\/eldigitaldeasturias.com\/magazine365\/wp-content\/uploads\/2016\/02\/fotonoticia_20160128150138_800-696x464.jpg 696w, https:\/\/eldigitaldeasturias.com\/magazine365\/wp-content\/uploads\/2016\/02\/fotonoticia_20160128150138_800-630x420.jpg 630w, https:\/\/eldigitaldeasturias.com\/magazine365\/wp-content\/uploads\/2016\/02\/fotonoticia_20160128150138_800-101x66.jpg 101w, https:\/\/eldigitaldeasturias.com\/magazine365\/wp-content\/uploads\/2016\/02\/fotonoticia_20160128150138_800.jpg 800w\" sizes=\"(max-width: 360px) 100vw, 360px\" \/>Las Palmas de Gran Canaria aloj\u00f3 a 387.788 turistas en 2015, lo que supone un incremento de 11.190 personas, que en t\u00e9rminos porcentuales implica un 2,88 por ciento m\u00e1s que el a\u00f1o anterior, seg\u00fan un comunicado del Ayuntamiento.<\/p>\n<p>As\u00ed, tras los datos del Instituto de Estad\u00edstica de Canarias (ISTAC), analizados por el Observatorio Tur\u00edstico del Consistorio capitalino, el sector hotelero y extrahotelero sum\u00f3 el a\u00f1o pasado 1.297.481 pernoctaciones, lo que supone un aumento de 48.385 personas con respecto al a\u00f1o anterior.<\/p>\n<p>En este sentido, por pa\u00edses emisores los turistas nacionales, con un total de 203.348 personas, fueron los que m\u00e1s se alojaron en la capital, traducido en un 52 por ciento del total; seguidos de 27.373 alemanes; 27.000 suecos; 14.895 brit\u00e1nicos; 4.100 daneses; 2.084 belgas; y 3.616 holandeses, mientras que las estad\u00edsticas presentan 105.372 turistas de otros pa\u00edses.<\/p>\n<p>En relaci\u00f3n a ello, el mercado espa\u00f1ol mantiene una estancia a lo largo del a\u00f1o que oscila entre los 14.027 turistas alojados en enero y los 19.587 de octubre, mientras que durante el verano, julio registr\u00f3 18.862 espa\u00f1oles; agosto, 15.809 y septiembre, 17.442 visitantes espa\u00f1oles alojados.<\/p>\n<p>Asimismo, en los datos publicados se observa el \u00abexcelente comportamiento\u00bb del turismo n\u00f3rdico durante el oto\u00f1o y el invierno con una media de cinco d\u00edas de estancia.<\/p>\n<p>Por su parte, el concejal de Turismo del Consistorio capitalino, Pedro Quevedo, valor\u00f3 estos datos de \u00abmanera positiva\u00bb y dijo que el objetivo es seguir trabajando en \u00abaumentar el n\u00famero de pernoctaciones y reforzar el mercado espa\u00f1ol\u00bb.<\/p>\n<p>\u00abSe trata de romper la estacionalidad del verano, subir los alojamientos en esta \u00e9poca del a\u00f1o y aumentar el gasto tur\u00edstico con acciones que seduzcan a los viajeros porque es un destino urbano que tiene mucho m\u00e1s que sol y playa para ofrecer a los visitantes\u00bb, apunt\u00f3.<\/p>\n<p>Finalmente, Quevedo record\u00f3 que despu\u00e9s de las jornadas de trabajo que se han llevado a cabo durante la feria de Turismo de Madrid (Fitur) y la Feria de Turismo N\u00f3rdico en Finlandia son \u00aboptimistas\u00bb en la evoluci\u00f3n del a\u00f1o y se quiere aumentar el \u00abimpacto tur\u00edstico de manera sostenible\u00bb, ofertando \u00abm\u00e1s y mejores\u00bb experiencias tur\u00edsticas.<\/p>\n","protected":false},"excerpt":{"rendered":"<p>Las Palmas de Gran Canaria aloj\u00f3 a 387.788 turistas en 2015, lo que supone un incremento de 11.190 personas, que en t\u00e9rminos porcentuales implica un 2,88 por ciento m\u00e1s que el a\u00f1o anterior, seg\u00fan un comunicado del Ayuntamiento. As\u00ed, tras los datos del Instituto de Estad\u00edstica de Canarias (ISTAC), analizados por el Observatorio Tur\u00edstico del<\/p>\n","protected":false},"author":1,"featured_media":62634,"comment_status":"open","ping_status":"closed","sticky":false,"template":"","format":"standard","meta":{"footnotes":""},"categories":[224],"tags":[],"class_list":{"0":"post-62633","1":"post","2":"type-post","3":"status-publish","4":"format-standard","5":"has-post-thumbnail","7":"category-noticias-actualidad"},"aioseo_notices":[],"aioseo_head":"\n\t\t<!-- All in One SEO Pro 4.9.6.1 - aioseo.com -->\n\t<meta name=\"description\" content=\"Las Palmas de Gran Canaria aloj\u00f3 a 387.788 turistas en 2015, lo que supone un incremento de 11.190 personas, que en t\u00e9rminos porcentuales implica un 2,88 por ciento m\u00e1s que el a\u00f1o anterior, seg\u00fan un comunicado del Ayuntamiento. As\u00ed, tras los datos del Instituto de Estad\u00edstica de Canarias (ISTAC), analizados por el Observatorio Tur\u00edstico del\" \/>\n\t<meta name=\"robots\" content=\"max-image-preview:large\" \/>\n\t<meta name=\"author\" content=\"admin\"\/>\n\t<meta name=\"google-site-verification\" content=\"UA-38556648-1\" \/>\n\t<meta name=\"keywords\" content=\"noticias y actualidad\" \/>\n\t<link rel=\"canonical\" href=\"https:\/\/eldigitaldeasturias.com\/magazine365\/las-palmas-alojo-cerca-de-400-000-turistas-en-2015-un-288-mas\/\" \/>\n\t<meta name=\"generator\" content=\"All in One SEO Pro (AIOSEO) 4.9.6.1\" \/>\n\t\t<meta property=\"og:locale\" content=\"es_ES\" \/>\n\t\t<meta property=\"og:site_name\" content=\"El Digital de Asturias \u2013 Revista de ocio, turismo y estilo de vida\" \/>\n\t\t<meta property=\"og:type\" content=\"article\" \/>\n\t\t<meta property=\"og:title\" content=\"Las Palmas aloj\u00f3 cerca de 400.000 turistas en 2015, un 2,88% m\u00e1s | El Digital de Asturias\" \/>\n\t\t<meta property=\"og:description\" content=\"Las Palmas de Gran Canaria aloj\u00f3 a 387.788 turistas en 2015, lo que supone un incremento de 11.190 personas, que en t\u00e9rminos porcentuales implica un 2,88 por ciento m\u00e1s que el a\u00f1o anterior, seg\u00fan un comunicado del Ayuntamiento. As\u00ed, tras los datos del Instituto de Estad\u00edstica de Canarias (ISTAC), analizados por el Observatorio Tur\u00edstico del\" \/>\n\t\t<meta property=\"og:url\" content=\"https:\/\/eldigitaldeasturias.com\/magazine365\/las-palmas-alojo-cerca-de-400-000-turistas-en-2015-un-288-mas\/\" \/>\n\t\t<meta property=\"og:image\" content=\"https:\/\/eldigitaldeasturias.com\/magazine365\/wp-content\/uploads\/2016\/02\/fotonoticia_20160128150138_800.jpg\" \/>\n\t\t<meta property=\"og:image:secure_url\" content=\"https:\/\/eldigitaldeasturias.com\/magazine365\/wp-content\/uploads\/2016\/02\/fotonoticia_20160128150138_800.jpg\" \/>\n\t\t<meta property=\"og:image:width\" content=\"800\" \/>\n\t\t<meta property=\"og:image:height\" content=\"533\" \/>\n\t\t<meta property=\"article:published_time\" content=\"2016-02-02T14:13:14+00:00\" \/>\n\t\t<meta property=\"article:modified_time\" content=\"2016-02-02T14:13:14+00:00\" \/>\n\t\t<meta name=\"twitter:card\" content=\"summary_large_image\" \/>\n\t\t<meta name=\"twitter:title\" content=\"Las Palmas aloj\u00f3 cerca de 400.000 turistas en 2015, un 2,88% m\u00e1s | El Digital de Asturias\" \/>\n\t\t<meta name=\"twitter:description\" content=\"Las Palmas de Gran Canaria aloj\u00f3 a 387.788 turistas en 2015, lo que supone un incremento de 11.190 personas, que en t\u00e9rminos porcentuales implica un 2,88 por ciento m\u00e1s que el a\u00f1o anterior, seg\u00fan un comunicado del Ayuntamiento. As\u00ed, tras los datos del Instituto de Estad\u00edstica de Canarias (ISTAC), analizados por el Observatorio Tur\u00edstico del\" \/>\n\t\t<meta name=\"twitter:image\" content=\"https:\/\/eldigitaldeasturias.com\/magazine365\/wp-content\/uploads\/2016\/02\/fotonoticia_20160128150138_800.jpg\" \/>\n\t\t<script type=\"application\/ld+json\" class=\"aioseo-schema\">\n\t\t\t{\"@context\":\"https:\\\/\\\/schema.org\",\"@graph\":[{\"@type\":\"Article\",\"@id\":\"https:\\\/\\\/eldigitaldeasturias.com\\\/magazine365\\\/las-palmas-alojo-cerca-de-400-000-turistas-en-2015-un-288-mas\\\/#article\",\"name\":\"Las Palmas aloj\\u00f3 cerca de 400.000 turistas en 2015, un 2,88% m\\u00e1s | El Digital de Asturias\",\"headline\":\"Las Palmas aloj\\u00f3 cerca de 400.000 turistas en 2015, un 2,88% m\\u00e1s\",\"author\":{\"@id\":\"https:\\\/\\\/eldigitaldeasturias.com\\\/magazine365\\\/author\\\/admin\\\/#author\"},\"publisher\":{\"@id\":\"https:\\\/\\\/eldigitaldeasturias.com\\\/magazine365\\\/#organization\"},\"image\":{\"@type\":\"ImageObject\",\"url\":\"https:\\\/\\\/eldigitaldeasturias.com\\\/magazine365\\\/wp-content\\\/uploads\\\/2016\\\/02\\\/fotonoticia_20160128150138_800.jpg\",\"width\":800,\"height\":533},\"datePublished\":\"2016-02-02T15:13:14+01:00\",\"dateModified\":\"2016-02-02T15:13:14+01:00\",\"inLanguage\":\"es-ES\",\"mainEntityOfPage\":{\"@id\":\"https:\\\/\\\/eldigitaldeasturias.com\\\/magazine365\\\/las-palmas-alojo-cerca-de-400-000-turistas-en-2015-un-288-mas\\\/#webpage\"},\"isPartOf\":{\"@id\":\"https:\\\/\\\/eldigitaldeasturias.com\\\/magazine365\\\/las-palmas-alojo-cerca-de-400-000-turistas-en-2015-un-288-mas\\\/#webpage\"},\"articleSection\":\"Noticias y Actualidad\"},{\"@type\":\"BreadcrumbList\",\"@id\":\"https:\\\/\\\/eldigitaldeasturias.com\\\/magazine365\\\/las-palmas-alojo-cerca-de-400-000-turistas-en-2015-un-288-mas\\\/#breadcrumblist\",\"itemListElement\":[{\"@type\":\"ListItem\",\"@id\":\"https:\\\/\\\/eldigitaldeasturias.com\\\/magazine365#listItem\",\"position\":1,\"name\":\"Home\",\"item\":\"https:\\\/\\\/eldigitaldeasturias.com\\\/magazine365\",\"nextItem\":{\"@type\":\"ListItem\",\"@id\":\"https:\\\/\\\/eldigitaldeasturias.com\\\/magazine365\\\/category\\\/noticias-actualidad\\\/#listItem\",\"name\":\"Noticias y Actualidad\"}},{\"@type\":\"ListItem\",\"@id\":\"https:\\\/\\\/eldigitaldeasturias.com\\\/magazine365\\\/category\\\/noticias-actualidad\\\/#listItem\",\"position\":2,\"name\":\"Noticias y Actualidad\",\"item\":\"https:\\\/\\\/eldigitaldeasturias.com\\\/magazine365\\\/category\\\/noticias-actualidad\\\/\",\"nextItem\":{\"@type\":\"ListItem\",\"@id\":\"https:\\\/\\\/eldigitaldeasturias.com\\\/magazine365\\\/las-palmas-alojo-cerca-de-400-000-turistas-en-2015-un-288-mas\\\/#listItem\",\"name\":\"Las Palmas aloj\\u00f3 cerca de 400.000 turistas en 2015, un 2,88% m\\u00e1s\"},\"previousItem\":{\"@type\":\"ListItem\",\"@id\":\"https:\\\/\\\/eldigitaldeasturias.com\\\/magazine365#listItem\",\"name\":\"Home\"}},{\"@type\":\"ListItem\",\"@id\":\"https:\\\/\\\/eldigitaldeasturias.com\\\/magazine365\\\/las-palmas-alojo-cerca-de-400-000-turistas-en-2015-un-288-mas\\\/#listItem\",\"position\":3,\"name\":\"Las Palmas aloj\\u00f3 cerca de 400.000 turistas en 2015, un 2,88% m\\u00e1s\",\"previousItem\":{\"@type\":\"ListItem\",\"@id\":\"https:\\\/\\\/eldigitaldeasturias.com\\\/magazine365\\\/category\\\/noticias-actualidad\\\/#listItem\",\"name\":\"Noticias y Actualidad\"}}]},{\"@type\":\"Organization\",\"@id\":\"https:\\\/\\\/eldigitaldeasturias.com\\\/magazine365\\\/#organization\",\"name\":\"El digital de Asturias\",\"description\":\"Revista de ocio, turismo y estilo de vida\",\"url\":\"https:\\\/\\\/eldigitaldeasturias.com\\\/magazine365\\\/\",\"logo\":{\"@type\":\"ImageObject\",\"url\":\"https:\\\/\\\/www.eldigitaldeasturias.com\\\/noticias\\\/wp-content\\\/uploads\\\/2020\\\/12\\\/EDA.jpg\",\"@id\":\"https:\\\/\\\/eldigitaldeasturias.com\\\/magazine365\\\/las-palmas-alojo-cerca-de-400-000-turistas-en-2015-un-288-mas\\\/#organizationLogo\"},\"image\":{\"@id\":\"https:\\\/\\\/eldigitaldeasturias.com\\\/magazine365\\\/las-palmas-alojo-cerca-de-400-000-turistas-en-2015-un-288-mas\\\/#organizationLogo\"}},{\"@type\":\"Person\",\"@id\":\"https:\\\/\\\/eldigitaldeasturias.com\\\/magazine365\\\/author\\\/admin\\\/#author\",\"url\":\"https:\\\/\\\/eldigitaldeasturias.com\\\/magazine365\\\/author\\\/admin\\\/\",\"name\":\"admin\",\"image\":{\"@type\":\"ImageObject\",\"@id\":\"https:\\\/\\\/eldigitaldeasturias.com\\\/magazine365\\\/las-palmas-alojo-cerca-de-400-000-turistas-en-2015-un-288-mas\\\/#authorImage\",\"url\":\"https:\\\/\\\/eldigitaldeasturias.com\\\/magazine365\\\/wp-content\\\/litespeed\\\/avatar\\\/e571bcf59a0edd6fa6838245a470f2fe.jpg?ver=1776969259\",\"width\":96,\"height\":96,\"caption\":\"admin\"}},{\"@type\":\"WebPage\",\"@id\":\"https:\\\/\\\/eldigitaldeasturias.com\\\/magazine365\\\/las-palmas-alojo-cerca-de-400-000-turistas-en-2015-un-288-mas\\\/#webpage\",\"url\":\"https:\\\/\\\/eldigitaldeasturias.com\\\/magazine365\\\/las-palmas-alojo-cerca-de-400-000-turistas-en-2015-un-288-mas\\\/\",\"name\":\"Las Palmas aloj\\u00f3 cerca de 400.000 turistas en 2015, un 2,88% m\\u00e1s | El Digital de Asturias\",\"description\":\"Las Palmas de Gran Canaria aloj\\u00f3 a 387.788 turistas en 2015, lo que supone un incremento de 11.190 personas, que en t\\u00e9rminos porcentuales implica un 2,88 por ciento m\\u00e1s que el a\\u00f1o anterior, seg\\u00fan un comunicado del Ayuntamiento. As\\u00ed, tras los datos del Instituto de Estad\\u00edstica de Canarias (ISTAC), analizados por el Observatorio Tur\\u00edstico del\",\"inLanguage\":\"es-ES\",\"isPartOf\":{\"@id\":\"https:\\\/\\\/eldigitaldeasturias.com\\\/magazine365\\\/#website\"},\"breadcrumb\":{\"@id\":\"https:\\\/\\\/eldigitaldeasturias.com\\\/magazine365\\\/las-palmas-alojo-cerca-de-400-000-turistas-en-2015-un-288-mas\\\/#breadcrumblist\"},\"author\":{\"@id\":\"https:\\\/\\\/eldigitaldeasturias.com\\\/magazine365\\\/author\\\/admin\\\/#author\"},\"creator\":{\"@id\":\"https:\\\/\\\/eldigitaldeasturias.com\\\/magazine365\\\/author\\\/admin\\\/#author\"},\"image\":{\"@type\":\"ImageObject\",\"url\":\"https:\\\/\\\/eldigitaldeasturias.com\\\/magazine365\\\/wp-content\\\/uploads\\\/2016\\\/02\\\/fotonoticia_20160128150138_800.jpg\",\"@id\":\"https:\\\/\\\/eldigitaldeasturias.com\\\/magazine365\\\/las-palmas-alojo-cerca-de-400-000-turistas-en-2015-un-288-mas\\\/#mainImage\",\"width\":800,\"height\":533},\"primaryImageOfPage\":{\"@id\":\"https:\\\/\\\/eldigitaldeasturias.com\\\/magazine365\\\/las-palmas-alojo-cerca-de-400-000-turistas-en-2015-un-288-mas\\\/#mainImage\"},\"datePublished\":\"2016-02-02T15:13:14+01:00\",\"dateModified\":\"2016-02-02T15:13:14+01:00\"},{\"@type\":\"WebSite\",\"@id\":\"https:\\\/\\\/eldigitaldeasturias.com\\\/magazine365\\\/#website\",\"url\":\"https:\\\/\\\/eldigitaldeasturias.com\\\/magazine365\\\/\",\"name\":\"El Digital de Asturias\",\"description\":\"Revista de ocio, turismo y estilo de vida\",\"inLanguage\":\"es-ES\",\"publisher\":{\"@id\":\"https:\\\/\\\/eldigitaldeasturias.com\\\/magazine365\\\/#organization\"}}]}\n\t\t<\/script>\n\t\t<!-- All in One SEO Pro -->\r\n\t\t<title>Las Palmas aloj\u00f3 cerca de 400.000 turistas en 2015, un 2,88% m\u00e1s | El Digital de Asturias<\/title>\n\n","aioseo_head_json":{"title":"Las Palmas aloj\u00f3 cerca de 400.000 turistas en 2015, un 2,88% m\u00e1s | El Digital de Asturias","description":"Las Palmas de Gran Canaria aloj\u00f3 a 387.788 turistas en 2015, lo que supone un incremento de 11.190 personas, que en t\u00e9rminos porcentuales implica un 2,88 por ciento m\u00e1s que el a\u00f1o anterior, seg\u00fan un comunicado del Ayuntamiento. As\u00ed, tras los datos del Instituto de Estad\u00edstica de Canarias (ISTAC), analizados por el Observatorio Tur\u00edstico del","canonical_url":"https:\/\/eldigitaldeasturias.com\/magazine365\/las-palmas-alojo-cerca-de-400-000-turistas-en-2015-un-288-mas\/","robots":"max-image-preview:large","keywords":"noticias y actualidad","webmasterTools":{"google-site-verification":"UA-38556648-1","miscellaneous":""},"schema":{"@context":"https:\/\/schema.org","@graph":[{"@type":"Article","@id":"https:\/\/eldigitaldeasturias.com\/magazine365\/las-palmas-alojo-cerca-de-400-000-turistas-en-2015-un-288-mas\/#article","name":"Las Palmas aloj\u00f3 cerca de 400.000 turistas en 2015, un 2,88% m\u00e1s | El Digital de Asturias","headline":"Las Palmas aloj\u00f3 cerca de 400.000 turistas en 2015, un 2,88% m\u00e1s","author":{"@id":"https:\/\/eldigitaldeasturias.com\/magazine365\/author\/admin\/#author"},"publisher":{"@id":"https:\/\/eldigitaldeasturias.com\/magazine365\/#organization"},"image":{"@type":"ImageObject","url":"https:\/\/eldigitaldeasturias.com\/magazine365\/wp-content\/uploads\/2016\/02\/fotonoticia_20160128150138_800.jpg","width":800,"height":533},"datePublished":"2016-02-02T15:13:14+01:00","dateModified":"2016-02-02T15:13:14+01:00","inLanguage":"es-ES","mainEntityOfPage":{"@id":"https:\/\/eldigitaldeasturias.com\/magazine365\/las-palmas-alojo-cerca-de-400-000-turistas-en-2015-un-288-mas\/#webpage"},"isPartOf":{"@id":"https:\/\/eldigitaldeasturias.com\/magazine365\/las-palmas-alojo-cerca-de-400-000-turistas-en-2015-un-288-mas\/#webpage"},"articleSection":"Noticias y Actualidad"},{"@type":"BreadcrumbList","@id":"https:\/\/eldigitaldeasturias.com\/magazine365\/las-palmas-alojo-cerca-de-400-000-turistas-en-2015-un-288-mas\/#breadcrumblist","itemListElement":[{"@type":"ListItem","@id":"https:\/\/eldigitaldeasturias.com\/magazine365#listItem","position":1,"name":"Home","item":"https:\/\/eldigitaldeasturias.com\/magazine365","nextItem":{"@type":"ListItem","@id":"https:\/\/eldigitaldeasturias.com\/magazine365\/category\/noticias-actualidad\/#listItem","name":"Noticias y Actualidad"}},{"@type":"ListItem","@id":"https:\/\/eldigitaldeasturias.com\/magazine365\/category\/noticias-actualidad\/#listItem","position":2,"name":"Noticias y Actualidad","item":"https:\/\/eldigitaldeasturias.com\/magazine365\/category\/noticias-actualidad\/","nextItem":{"@type":"ListItem","@id":"https:\/\/eldigitaldeasturias.com\/magazine365\/las-palmas-alojo-cerca-de-400-000-turistas-en-2015-un-288-mas\/#listItem","name":"Las Palmas aloj\u00f3 cerca de 400.000 turistas en 2015, un 2,88% m\u00e1s"},"previousItem":{"@type":"ListItem","@id":"https:\/\/eldigitaldeasturias.com\/magazine365#listItem","name":"Home"}},{"@type":"ListItem","@id":"https:\/\/eldigitaldeasturias.com\/magazine365\/las-palmas-alojo-cerca-de-400-000-turistas-en-2015-un-288-mas\/#listItem","position":3,"name":"Las Palmas aloj\u00f3 cerca de 400.000 turistas en 2015, un 2,88% m\u00e1s","previousItem":{"@type":"ListItem","@id":"https:\/\/eldigitaldeasturias.com\/magazine365\/category\/noticias-actualidad\/#listItem","name":"Noticias y Actualidad"}}]},{"@type":"Organization","@id":"https:\/\/eldigitaldeasturias.com\/magazine365\/#organization","name":"El digital de Asturias","description":"Revista de ocio, turismo y estilo de vida","url":"https:\/\/eldigitaldeasturias.com\/magazine365\/","logo":{"@type":"ImageObject","url":"https:\/\/www.eldigitaldeasturias.com\/noticias\/wp-content\/uploads\/2020\/12\/EDA.jpg","@id":"https:\/\/eldigitaldeasturias.com\/magazine365\/las-palmas-alojo-cerca-de-400-000-turistas-en-2015-un-288-mas\/#organizationLogo"},"image":{"@id":"https:\/\/eldigitaldeasturias.com\/magazine365\/las-palmas-alojo-cerca-de-400-000-turistas-en-2015-un-288-mas\/#organizationLogo"}},{"@type":"Person","@id":"https:\/\/eldigitaldeasturias.com\/magazine365\/author\/admin\/#author","url":"https:\/\/eldigitaldeasturias.com\/magazine365\/author\/admin\/","name":"admin","image":{"@type":"ImageObject","@id":"https:\/\/eldigitaldeasturias.com\/magazine365\/las-palmas-alojo-cerca-de-400-000-turistas-en-2015-un-288-mas\/#authorImage","url":"https:\/\/eldigitaldeasturias.com\/magazine365\/wp-content\/litespeed\/avatar\/e571bcf59a0edd6fa6838245a470f2fe.jpg?ver=1776969259","width":96,"height":96,"caption":"admin"}},{"@type":"WebPage","@id":"https:\/\/eldigitaldeasturias.com\/magazine365\/las-palmas-alojo-cerca-de-400-000-turistas-en-2015-un-288-mas\/#webpage","url":"https:\/\/eldigitaldeasturias.com\/magazine365\/las-palmas-alojo-cerca-de-400-000-turistas-en-2015-un-288-mas\/","name":"Las Palmas aloj\u00f3 cerca de 400.000 turistas en 2015, un 2,88% m\u00e1s | El Digital de Asturias","description":"Las Palmas de Gran Canaria aloj\u00f3 a 387.788 turistas en 2015, lo que supone un incremento de 11.190 personas, que en t\u00e9rminos porcentuales implica un 2,88 por ciento m\u00e1s que el a\u00f1o anterior, seg\u00fan un comunicado del Ayuntamiento. As\u00ed, tras los datos del Instituto de Estad\u00edstica de Canarias (ISTAC), analizados por el Observatorio Tur\u00edstico del","inLanguage":"es-ES","isPartOf":{"@id":"https:\/\/eldigitaldeasturias.com\/magazine365\/#website"},"breadcrumb":{"@id":"https:\/\/eldigitaldeasturias.com\/magazine365\/las-palmas-alojo-cerca-de-400-000-turistas-en-2015-un-288-mas\/#breadcrumblist"},"author":{"@id":"https:\/\/eldigitaldeasturias.com\/magazine365\/author\/admin\/#author"},"creator":{"@id":"https:\/\/eldigitaldeasturias.com\/magazine365\/author\/admin\/#author"},"image":{"@type":"ImageObject","url":"https:\/\/eldigitaldeasturias.com\/magazine365\/wp-content\/uploads\/2016\/02\/fotonoticia_20160128150138_800.jpg","@id":"https:\/\/eldigitaldeasturias.com\/magazine365\/las-palmas-alojo-cerca-de-400-000-turistas-en-2015-un-288-mas\/#mainImage","width":800,"height":533},"primaryImageOfPage":{"@id":"https:\/\/eldigitaldeasturias.com\/magazine365\/las-palmas-alojo-cerca-de-400-000-turistas-en-2015-un-288-mas\/#mainImage"},"datePublished":"2016-02-02T15:13:14+01:00","dateModified":"2016-02-02T15:13:14+01:00"},{"@type":"WebSite","@id":"https:\/\/eldigitaldeasturias.com\/magazine365\/#website","url":"https:\/\/eldigitaldeasturias.com\/magazine365\/","name":"El Digital de Asturias","description":"Revista de ocio, turismo y estilo de vida","inLanguage":"es-ES","publisher":{"@id":"https:\/\/eldigitaldeasturias.com\/magazine365\/#organization"}}]},"og:locale":"es_ES","og:site_name":"El Digital de Asturias \u2013 Revista de ocio, turismo y estilo de vida","og:type":"article","og:title":"Las Palmas aloj\u00f3 cerca de 400.000 turistas en 2015, un 2,88% m\u00e1s | El Digital de Asturias","og:description":"Las Palmas de Gran Canaria aloj\u00f3 a 387.788 turistas en 2015, lo que supone un incremento de 11.190 personas, que en t\u00e9rminos porcentuales implica un 2,88 por ciento m\u00e1s que el a\u00f1o anterior, seg\u00fan un comunicado del Ayuntamiento. As\u00ed, tras los datos del Instituto de Estad\u00edstica de Canarias (ISTAC), analizados por el Observatorio Tur\u00edstico del","og:url":"https:\/\/eldigitaldeasturias.com\/magazine365\/las-palmas-alojo-cerca-de-400-000-turistas-en-2015-un-288-mas\/","og:image":"https:\/\/eldigitaldeasturias.com\/magazine365\/wp-content\/uploads\/2016\/02\/fotonoticia_20160128150138_800.jpg","og:image:secure_url":"https:\/\/eldigitaldeasturias.com\/magazine365\/wp-content\/uploads\/2016\/02\/fotonoticia_20160128150138_800.jpg","og:image:width":800,"og:image:height":533,"article:published_time":"2016-02-02T14:13:14+00:00","article:modified_time":"2016-02-02T14:13:14+00:00","twitter:card":"summary_large_image","twitter:title":"Las Palmas aloj\u00f3 cerca de 400.000 turistas en 2015, un 2,88% m\u00e1s | El Digital de Asturias","twitter:description":"Las Palmas de Gran Canaria aloj\u00f3 a 387.788 turistas en 2015, lo que supone un incremento de 11.190 personas, que en t\u00e9rminos porcentuales implica un 2,88 por ciento m\u00e1s que el a\u00f1o anterior, seg\u00fan un comunicado del Ayuntamiento. As\u00ed, tras los datos del Instituto de Estad\u00edstica de Canarias (ISTAC), analizados por el Observatorio Tur\u00edstico del","twitter:image":"https:\/\/eldigitaldeasturias.com\/magazine365\/wp-content\/uploads\/2016\/02\/fotonoticia_20160128150138_800.jpg"},"aioseo_meta_data":{"post_id":"62633","title":null,"description":null,"keywords":null,"keyphrases":null,"primary_term":null,"canonical_url":null,"og_title":null,"og_description":null,"og_object_type":"default","og_image_type":"default","og_image_url":null,"og_image_width":null,"og_image_height":null,"og_image_custom_url":null,"og_image_custom_fields":null,"og_video":null,"og_custom_url":null,"og_article_section":null,"og_article_tags":null,"twitter_use_og":false,"twitter_card":"default","twitter_image_type":"default","twitter_image_url":null,"twitter_image_custom_url":null,"twitter_image_custom_fields":null,"twitter_title":null,"twitter_description":null,"schema":{"blockGraphs":[],"customGraphs":[],"default":{"data":{"Article":[],"Course":[],"Dataset":[],"FAQPage":[],"Movie":[],"Person":[],"Product":[],"ProductReview":[],"Car":[],"Recipe":[],"Service":[],"SoftwareApplication":[],"WebPage":[]},"graphName":"","isEnabled":true},"graphs":[],"defaultGraph":"","defaultPostTypeGraph":""},"schema_type":null,"schema_type_options":null,"pillar_content":false,"robots_default":true,"robots_noindex":false,"robots_noarchive":false,"robots_nosnippet":false,"robots_nofollow":false,"robots_noimageindex":false,"robots_noodp":false,"robots_notranslate":false,"robots_max_snippet":null,"robots_max_videopreview":null,"robots_max_imagepreview":"large","priority":null,"frequency":null,"location":null,"local_seo":null,"seo_analyzer_scan_date":"2025-09-25 11:35:06","breadcrumb_settings":null,"limit_modified_date":false,"open_ai":null,"ai":null,"created":"2021-03-08 21:34:40","updated":"2025-09-25 11:35:06"},"aioseo_breadcrumb":"<div class=\"aioseo-breadcrumbs\"><span class=\"aioseo-breadcrumb\">\n\t<a href=\"https:\/\/eldigitaldeasturias.com\/magazine365\" title=\"Home\">Home<\/a>\n<\/span><span class=\"aioseo-breadcrumb-separator\">\u2013<\/span><span class=\"aioseo-breadcrumb\">\n\t<a href=\"https:\/\/eldigitaldeasturias.com\/magazine365\/category\/noticias-actualidad\/\" title=\"Noticias y Actualidad\">Noticias y Actualidad<\/a>\n<\/span><span class=\"aioseo-breadcrumb-separator\">\u2013<\/span><span class=\"aioseo-breadcrumb\">\n\t<a href=\"https:\/\/eldigitaldeasturias.com\/magazine365\/las-palmas-alojo-cerca-de-400-000-turistas-en-2015-un-288-mas\/\" title=\"Las Palmas aloj\u00f3 cerca de 400.000 turistas en 2015, un 2,88% m\u00e1s\">Las Palmas aloj\u00f3 cerca de 400.000 turistas en 2015, un 2,88% m\u00e1s<\/a>\n<\/span><\/div>","aioseo_breadcrumb_json":[{"label":"Home","link":"https:\/\/eldigitaldeasturias.com\/magazine365"},{"label":"Noticias y Actualidad","link":"https:\/\/eldigitaldeasturias.com\/magazine365\/category\/noticias-actualidad\/"},{"label":"Las Palmas aloj\u00f3 cerca de 400.000 turistas en 2015, un 2,88% m\u00e1s","link":"https:\/\/eldigitaldeasturias.com\/magazine365\/las-palmas-alojo-cerca-de-400-000-turistas-en-2015-un-288-mas\/"}],"_links":{"self":[{"href":"https:\/\/eldigitaldeasturias.com\/magazine365\/wp-json\/wp\/v2\/posts\/62633","targetHints":{"allow":["GET"]}}],"collection":[{"href":"https:\/\/eldigitaldeasturias.com\/magazine365\/wp-json\/wp\/v2\/posts"}],"about":[{"href":"https:\/\/eldigitaldeasturias.com\/magazine365\/wp-json\/wp\/v2\/types\/post"}],"author":[{"embeddable":true,"href":"https:\/\/eldigitaldeasturias.com\/magazine365\/wp-json\/wp\/v2\/users\/1"}],"replies":[{"embeddable":true,"href":"https:\/\/eldigitaldeasturias.com\/magazine365\/wp-json\/wp\/v2\/comments?post=62633"}],"version-history":[{"count":0,"href":"https:\/\/eldigitaldeasturias.com\/magazine365\/wp-json\/wp\/v2\/posts\/62633\/revisions"}],"wp:featuredmedia":[{"embeddable":true,"href":"https:\/\/eldigitaldeasturias.com\/magazine365\/wp-json\/wp\/v2\/media\/62634"}],"wp:attachment":[{"href":"https:\/\/eldigitaldeasturias.com\/magazine365\/wp-json\/wp\/v2\/media?parent=62633"}],"wp:term":[{"taxonomy":"category","embeddable":true,"href":"https:\/\/eldigitaldeasturias.com\/magazine365\/wp-json\/wp\/v2\/categories?post=62633"},{"taxonomy":"post_tag","embeddable":true,"href":"https:\/\/eldigitaldeasturias.com\/magazine365\/wp-json\/wp\/v2\/tags?post=62633"}],"curies":[{"name":"wp","href":"https:\/\/api.w.org\/{rel}","templated":true}]}}