{"id":62618,"date":"2016-02-02T15:01:28","date_gmt":"2016-02-02T14:01:28","guid":{"rendered":"http:\/\/eldigitaldeasturias.com\/magazine365\/?p=62618"},"modified":"2016-02-02T15:01:28","modified_gmt":"2016-02-02T14:01:28","slug":"la-oms-convoca-al-comite-de-emergencias-para-tratar-el-virus-zika","status":"publish","type":"post","link":"https:\/\/eldigitaldeasturias.com\/magazine365\/la-oms-convoca-al-comite-de-emergencias-para-tratar-el-virus-zika\/","title":{"rendered":"La OMS convoca al Comit\u00e9 de Emergencias para tratar el virus Zika"},"content":{"rendered":"<p><img fetchpriority=\"high\" decoding=\"async\" class=\"alignleft size-medium wp-image-62619\" src=\"https:\/\/eldigitaldeasturias.com\/magazine365\/wp-content\/uploads\/2016\/02\/fotonoticia_20160128133238_800-360x242.jpg\" alt=\"fotonoticia_20160128133238_800\" width=\"360\" height=\"242\" srcset=\"https:\/\/eldigitaldeasturias.com\/magazine365\/wp-content\/uploads\/2016\/02\/fotonoticia_20160128133238_800-360x242.jpg 360w, https:\/\/eldigitaldeasturias.com\/magazine365\/wp-content\/uploads\/2016\/02\/fotonoticia_20160128133238_800-650x436.jpg 650w, https:\/\/eldigitaldeasturias.com\/magazine365\/wp-content\/uploads\/2016\/02\/fotonoticia_20160128133238_800-768x516.jpg 768w, https:\/\/eldigitaldeasturias.com\/magazine365\/wp-content\/uploads\/2016\/02\/fotonoticia_20160128133238_800-150x101.jpg 150w, https:\/\/eldigitaldeasturias.com\/magazine365\/wp-content\/uploads\/2016\/02\/fotonoticia_20160128133238_800-450x302.jpg 450w, https:\/\/eldigitaldeasturias.com\/magazine365\/wp-content\/uploads\/2016\/02\/fotonoticia_20160128133238_800-696x467.jpg 696w, https:\/\/eldigitaldeasturias.com\/magazine365\/wp-content\/uploads\/2016\/02\/fotonoticia_20160128133238_800-626x420.jpg 626w, https:\/\/eldigitaldeasturias.com\/magazine365\/wp-content\/uploads\/2016\/02\/fotonoticia_20160128133238_800.jpg 800w\" sizes=\"(max-width: 360px) 100vw, 360px\" \/>La Organizaci\u00f3n Mundial de la Salud (OMS) ha convocado al Comit\u00e9 de Emergencias para tratar el virus Zika, seg\u00fan ha anunciado su directora general, Margaret Chan, quien ha manifestado que la organizaci\u00f3n est\u00e1 \u00abprofundamente preocupada\u00bb por la r\u00e1pida expansi\u00f3n del virus.<\/p>\n<p>Asimismo, en virtud del Reglamento Sanitario Internacional ha convocado una primera reuni\u00f3n para el pr\u00f3ximo lunes, 1 de febrero, para establecer las primeras medidas y analizar la situaci\u00f3n. El anuncio se ha producido durante la reuni\u00f3n que este jueves esta celebrando la 138 reuni\u00f3n del Consejo Ejecutivo de la OMS en Ginebra.<\/p>\n<p>Durante su discurso, Chan ha se\u00f1alado que el nivel de alarma por la propagaci\u00f3n del zika es \u00abextremadamente alta\u00bb, tras observar en poco tiempo que se han reportado alertas en 23 pa\u00edses y territorios de las regiones end\u00e9micas.<\/p>\n<p>\u00abEl a\u00f1o pasado, se detect\u00f3 en las Am\u00e9ricas, donde se est\u00e1 extendiendo de forma explosiva\u00bb, ha recordado, no sin antes admitir que en los seres humanos, \u00abel virus Zika es una enfermedad leve de baja preocupaci\u00f3n\u00bb.<\/p>\n","protected":false},"excerpt":{"rendered":"<p>La Organizaci\u00f3n Mundial de la Salud (OMS) ha convocado al Comit\u00e9 de Emergencias para tratar el virus Zika, seg\u00fan ha anunciado su directora general, Margaret Chan, quien ha manifestado que la organizaci\u00f3n est\u00e1 \u00abprofundamente preocupada\u00bb por la r\u00e1pida expansi\u00f3n del virus. Asimismo, en virtud del Reglamento Sanitario Internacional ha convocado una primera reuni\u00f3n para el<\/p>\n","protected":false},"author":1,"featured_media":62619,"comment_status":"open","ping_status":"closed","sticky":false,"template":"","format":"standard","meta":{"footnotes":""},"categories":[224],"tags":[],"class_list":{"0":"post-62618","1":"post","2":"type-post","3":"status-publish","4":"format-standard","5":"has-post-thumbnail","7":"category-noticias-actualidad"},"aioseo_notices":[],"aioseo_head":"\n\t\t<!-- All in One SEO Pro 4.9.6.1 - aioseo.com -->\n\t<meta name=\"description\" content=\"La Organizaci\u00f3n Mundial de la Salud (OMS) ha convocado al Comit\u00e9 de Emergencias para tratar el virus Zika, seg\u00fan ha anunciado su directora general, Margaret Chan, quien ha manifestado que la organizaci\u00f3n est\u00e1 &quot;profundamente preocupada&quot; por la r\u00e1pida expansi\u00f3n del virus. Asimismo, en virtud del Reglamento Sanitario Internacional ha convocado una primera reuni\u00f3n para el\" \/>\n\t<meta name=\"robots\" content=\"max-image-preview:large\" \/>\n\t<meta name=\"author\" content=\"admin\"\/>\n\t<meta name=\"google-site-verification\" content=\"UA-38556648-1\" \/>\n\t<meta name=\"keywords\" content=\"noticias y actualidad\" \/>\n\t<link rel=\"canonical\" href=\"https:\/\/eldigitaldeasturias.com\/magazine365\/la-oms-convoca-al-comite-de-emergencias-para-tratar-el-virus-zika\/\" \/>\n\t<meta name=\"generator\" content=\"All in One SEO Pro (AIOSEO) 4.9.6.1\" \/>\n\t\t<meta property=\"og:locale\" content=\"es_ES\" \/>\n\t\t<meta property=\"og:site_name\" content=\"El Digital de Asturias \u2013 Revista de ocio, turismo y estilo de vida\" \/>\n\t\t<meta property=\"og:type\" content=\"article\" \/>\n\t\t<meta property=\"og:title\" content=\"La OMS convoca al Comit\u00e9 de Emergencias para tratar el virus Zika | El Digital de Asturias\" \/>\n\t\t<meta property=\"og:description\" content=\"La Organizaci\u00f3n Mundial de la Salud (OMS) ha convocado al Comit\u00e9 de Emergencias para tratar el virus Zika, seg\u00fan ha anunciado su directora general, Margaret Chan, quien ha manifestado que la organizaci\u00f3n est\u00e1 &quot;profundamente preocupada&quot; por la r\u00e1pida expansi\u00f3n del virus. Asimismo, en virtud del Reglamento Sanitario Internacional ha convocado una primera reuni\u00f3n para el\" \/>\n\t\t<meta property=\"og:url\" content=\"https:\/\/eldigitaldeasturias.com\/magazine365\/la-oms-convoca-al-comite-de-emergencias-para-tratar-el-virus-zika\/\" \/>\n\t\t<meta property=\"og:image\" content=\"https:\/\/eldigitaldeasturias.com\/magazine365\/wp-content\/uploads\/2016\/02\/fotonoticia_20160128133238_800.jpg\" \/>\n\t\t<meta property=\"og:image:secure_url\" content=\"https:\/\/eldigitaldeasturias.com\/magazine365\/wp-content\/uploads\/2016\/02\/fotonoticia_20160128133238_800.jpg\" \/>\n\t\t<meta property=\"og:image:width\" content=\"800\" \/>\n\t\t<meta property=\"og:image:height\" content=\"537\" \/>\n\t\t<meta property=\"article:published_time\" content=\"2016-02-02T14:01:28+00:00\" \/>\n\t\t<meta property=\"article:modified_time\" content=\"2016-02-02T14:01:28+00:00\" \/>\n\t\t<meta name=\"twitter:card\" content=\"summary_large_image\" \/>\n\t\t<meta name=\"twitter:title\" content=\"La OMS convoca al Comit\u00e9 de Emergencias para tratar el virus Zika | El Digital de Asturias\" \/>\n\t\t<meta name=\"twitter:description\" content=\"La Organizaci\u00f3n Mundial de la Salud (OMS) ha convocado al Comit\u00e9 de Emergencias para tratar el virus Zika, seg\u00fan ha anunciado su directora general, Margaret Chan, quien ha manifestado que la organizaci\u00f3n est\u00e1 &quot;profundamente preocupada&quot; por la r\u00e1pida expansi\u00f3n del virus. Asimismo, en virtud del Reglamento Sanitario Internacional ha convocado una primera reuni\u00f3n para el\" \/>\n\t\t<meta name=\"twitter:image\" content=\"https:\/\/eldigitaldeasturias.com\/magazine365\/wp-content\/uploads\/2016\/02\/fotonoticia_20160128133238_800.jpg\" \/>\n\t\t<script type=\"application\/ld+json\" class=\"aioseo-schema\">\n\t\t\t{\"@context\":\"https:\\\/\\\/schema.org\",\"@graph\":[{\"@type\":\"Article\",\"@id\":\"https:\\\/\\\/eldigitaldeasturias.com\\\/magazine365\\\/la-oms-convoca-al-comite-de-emergencias-para-tratar-el-virus-zika\\\/#article\",\"name\":\"La OMS convoca al Comit\\u00e9 de Emergencias para tratar el virus Zika | El Digital de Asturias\",\"headline\":\"La OMS convoca al Comit\\u00e9 de Emergencias para tratar el virus Zika\",\"author\":{\"@id\":\"https:\\\/\\\/eldigitaldeasturias.com\\\/magazine365\\\/author\\\/admin\\\/#author\"},\"publisher\":{\"@id\":\"https:\\\/\\\/eldigitaldeasturias.com\\\/magazine365\\\/#organization\"},\"image\":{\"@type\":\"ImageObject\",\"url\":\"https:\\\/\\\/eldigitaldeasturias.com\\\/magazine365\\\/wp-content\\\/uploads\\\/2016\\\/02\\\/fotonoticia_20160128133238_800.jpg\",\"width\":800,\"height\":537},\"datePublished\":\"2016-02-02T15:01:28+01:00\",\"dateModified\":\"2016-02-02T15:01:28+01:00\",\"inLanguage\":\"es-ES\",\"mainEntityOfPage\":{\"@id\":\"https:\\\/\\\/eldigitaldeasturias.com\\\/magazine365\\\/la-oms-convoca-al-comite-de-emergencias-para-tratar-el-virus-zika\\\/#webpage\"},\"isPartOf\":{\"@id\":\"https:\\\/\\\/eldigitaldeasturias.com\\\/magazine365\\\/la-oms-convoca-al-comite-de-emergencias-para-tratar-el-virus-zika\\\/#webpage\"},\"articleSection\":\"Noticias y Actualidad\"},{\"@type\":\"BreadcrumbList\",\"@id\":\"https:\\\/\\\/eldigitaldeasturias.com\\\/magazine365\\\/la-oms-convoca-al-comite-de-emergencias-para-tratar-el-virus-zika\\\/#breadcrumblist\",\"itemListElement\":[{\"@type\":\"ListItem\",\"@id\":\"https:\\\/\\\/eldigitaldeasturias.com\\\/magazine365#listItem\",\"position\":1,\"name\":\"Home\",\"item\":\"https:\\\/\\\/eldigitaldeasturias.com\\\/magazine365\",\"nextItem\":{\"@type\":\"ListItem\",\"@id\":\"https:\\\/\\\/eldigitaldeasturias.com\\\/magazine365\\\/category\\\/noticias-actualidad\\\/#listItem\",\"name\":\"Noticias y Actualidad\"}},{\"@type\":\"ListItem\",\"@id\":\"https:\\\/\\\/eldigitaldeasturias.com\\\/magazine365\\\/category\\\/noticias-actualidad\\\/#listItem\",\"position\":2,\"name\":\"Noticias y Actualidad\",\"item\":\"https:\\\/\\\/eldigitaldeasturias.com\\\/magazine365\\\/category\\\/noticias-actualidad\\\/\",\"nextItem\":{\"@type\":\"ListItem\",\"@id\":\"https:\\\/\\\/eldigitaldeasturias.com\\\/magazine365\\\/la-oms-convoca-al-comite-de-emergencias-para-tratar-el-virus-zika\\\/#listItem\",\"name\":\"La OMS convoca al Comit\\u00e9 de Emergencias para tratar el virus Zika\"},\"previousItem\":{\"@type\":\"ListItem\",\"@id\":\"https:\\\/\\\/eldigitaldeasturias.com\\\/magazine365#listItem\",\"name\":\"Home\"}},{\"@type\":\"ListItem\",\"@id\":\"https:\\\/\\\/eldigitaldeasturias.com\\\/magazine365\\\/la-oms-convoca-al-comite-de-emergencias-para-tratar-el-virus-zika\\\/#listItem\",\"position\":3,\"name\":\"La OMS convoca al Comit\\u00e9 de Emergencias para tratar el virus Zika\",\"previousItem\":{\"@type\":\"ListItem\",\"@id\":\"https:\\\/\\\/eldigitaldeasturias.com\\\/magazine365\\\/category\\\/noticias-actualidad\\\/#listItem\",\"name\":\"Noticias y Actualidad\"}}]},{\"@type\":\"Organization\",\"@id\":\"https:\\\/\\\/eldigitaldeasturias.com\\\/magazine365\\\/#organization\",\"name\":\"El digital de Asturias\",\"description\":\"Revista de ocio, turismo y estilo de vida\",\"url\":\"https:\\\/\\\/eldigitaldeasturias.com\\\/magazine365\\\/\",\"logo\":{\"@type\":\"ImageObject\",\"url\":\"https:\\\/\\\/www.eldigitaldeasturias.com\\\/noticias\\\/wp-content\\\/uploads\\\/2020\\\/12\\\/EDA.jpg\",\"@id\":\"https:\\\/\\\/eldigitaldeasturias.com\\\/magazine365\\\/la-oms-convoca-al-comite-de-emergencias-para-tratar-el-virus-zika\\\/#organizationLogo\"},\"image\":{\"@id\":\"https:\\\/\\\/eldigitaldeasturias.com\\\/magazine365\\\/la-oms-convoca-al-comite-de-emergencias-para-tratar-el-virus-zika\\\/#organizationLogo\"}},{\"@type\":\"Person\",\"@id\":\"https:\\\/\\\/eldigitaldeasturias.com\\\/magazine365\\\/author\\\/admin\\\/#author\",\"url\":\"https:\\\/\\\/eldigitaldeasturias.com\\\/magazine365\\\/author\\\/admin\\\/\",\"name\":\"admin\",\"image\":{\"@type\":\"ImageObject\",\"@id\":\"https:\\\/\\\/eldigitaldeasturias.com\\\/magazine365\\\/la-oms-convoca-al-comite-de-emergencias-para-tratar-el-virus-zika\\\/#authorImage\",\"url\":\"https:\\\/\\\/eldigitaldeasturias.com\\\/magazine365\\\/wp-content\\\/litespeed\\\/avatar\\\/e571bcf59a0edd6fa6838245a470f2fe.jpg?ver=1776969259\",\"width\":96,\"height\":96,\"caption\":\"admin\"}},{\"@type\":\"WebPage\",\"@id\":\"https:\\\/\\\/eldigitaldeasturias.com\\\/magazine365\\\/la-oms-convoca-al-comite-de-emergencias-para-tratar-el-virus-zika\\\/#webpage\",\"url\":\"https:\\\/\\\/eldigitaldeasturias.com\\\/magazine365\\\/la-oms-convoca-al-comite-de-emergencias-para-tratar-el-virus-zika\\\/\",\"name\":\"La OMS convoca al Comit\\u00e9 de Emergencias para tratar el virus Zika | El Digital de Asturias\",\"description\":\"La Organizaci\\u00f3n Mundial de la Salud (OMS) ha convocado al Comit\\u00e9 de Emergencias para tratar el virus Zika, seg\\u00fan ha anunciado su directora general, Margaret Chan, quien ha manifestado que la organizaci\\u00f3n est\\u00e1 \\\"profundamente preocupada\\\" por la r\\u00e1pida expansi\\u00f3n del virus. Asimismo, en virtud del Reglamento Sanitario Internacional ha convocado una primera reuni\\u00f3n para el\",\"inLanguage\":\"es-ES\",\"isPartOf\":{\"@id\":\"https:\\\/\\\/eldigitaldeasturias.com\\\/magazine365\\\/#website\"},\"breadcrumb\":{\"@id\":\"https:\\\/\\\/eldigitaldeasturias.com\\\/magazine365\\\/la-oms-convoca-al-comite-de-emergencias-para-tratar-el-virus-zika\\\/#breadcrumblist\"},\"author\":{\"@id\":\"https:\\\/\\\/eldigitaldeasturias.com\\\/magazine365\\\/author\\\/admin\\\/#author\"},\"creator\":{\"@id\":\"https:\\\/\\\/eldigitaldeasturias.com\\\/magazine365\\\/author\\\/admin\\\/#author\"},\"image\":{\"@type\":\"ImageObject\",\"url\":\"https:\\\/\\\/eldigitaldeasturias.com\\\/magazine365\\\/wp-content\\\/uploads\\\/2016\\\/02\\\/fotonoticia_20160128133238_800.jpg\",\"@id\":\"https:\\\/\\\/eldigitaldeasturias.com\\\/magazine365\\\/la-oms-convoca-al-comite-de-emergencias-para-tratar-el-virus-zika\\\/#mainImage\",\"width\":800,\"height\":537},\"primaryImageOfPage\":{\"@id\":\"https:\\\/\\\/eldigitaldeasturias.com\\\/magazine365\\\/la-oms-convoca-al-comite-de-emergencias-para-tratar-el-virus-zika\\\/#mainImage\"},\"datePublished\":\"2016-02-02T15:01:28+01:00\",\"dateModified\":\"2016-02-02T15:01:28+01:00\"},{\"@type\":\"WebSite\",\"@id\":\"https:\\\/\\\/eldigitaldeasturias.com\\\/magazine365\\\/#website\",\"url\":\"https:\\\/\\\/eldigitaldeasturias.com\\\/magazine365\\\/\",\"name\":\"El Digital de Asturias\",\"description\":\"Revista de ocio, turismo y estilo de vida\",\"inLanguage\":\"es-ES\",\"publisher\":{\"@id\":\"https:\\\/\\\/eldigitaldeasturias.com\\\/magazine365\\\/#organization\"}}]}\n\t\t<\/script>\n\t\t<!-- All in One SEO Pro -->\r\n\t\t<title>La OMS convoca al Comit\u00e9 de Emergencias para tratar el virus Zika | El Digital de Asturias<\/title>\n\n","aioseo_head_json":{"title":"La OMS convoca al Comit\u00e9 de Emergencias para tratar el virus Zika | El Digital de Asturias","description":"La Organizaci\u00f3n Mundial de la Salud (OMS) ha convocado al Comit\u00e9 de Emergencias para tratar el virus Zika, seg\u00fan ha anunciado su directora general, Margaret Chan, quien ha manifestado que la organizaci\u00f3n est\u00e1 \"profundamente preocupada\" por la r\u00e1pida expansi\u00f3n del virus. Asimismo, en virtud del Reglamento Sanitario Internacional ha convocado una primera reuni\u00f3n para el","canonical_url":"https:\/\/eldigitaldeasturias.com\/magazine365\/la-oms-convoca-al-comite-de-emergencias-para-tratar-el-virus-zika\/","robots":"max-image-preview:large","keywords":"noticias y actualidad","webmasterTools":{"google-site-verification":"UA-38556648-1","miscellaneous":""},"schema":{"@context":"https:\/\/schema.org","@graph":[{"@type":"Article","@id":"https:\/\/eldigitaldeasturias.com\/magazine365\/la-oms-convoca-al-comite-de-emergencias-para-tratar-el-virus-zika\/#article","name":"La OMS convoca al Comit\u00e9 de Emergencias para tratar el virus Zika | El Digital de Asturias","headline":"La OMS convoca al Comit\u00e9 de Emergencias para tratar el virus Zika","author":{"@id":"https:\/\/eldigitaldeasturias.com\/magazine365\/author\/admin\/#author"},"publisher":{"@id":"https:\/\/eldigitaldeasturias.com\/magazine365\/#organization"},"image":{"@type":"ImageObject","url":"https:\/\/eldigitaldeasturias.com\/magazine365\/wp-content\/uploads\/2016\/02\/fotonoticia_20160128133238_800.jpg","width":800,"height":537},"datePublished":"2016-02-02T15:01:28+01:00","dateModified":"2016-02-02T15:01:28+01:00","inLanguage":"es-ES","mainEntityOfPage":{"@id":"https:\/\/eldigitaldeasturias.com\/magazine365\/la-oms-convoca-al-comite-de-emergencias-para-tratar-el-virus-zika\/#webpage"},"isPartOf":{"@id":"https:\/\/eldigitaldeasturias.com\/magazine365\/la-oms-convoca-al-comite-de-emergencias-para-tratar-el-virus-zika\/#webpage"},"articleSection":"Noticias y Actualidad"},{"@type":"BreadcrumbList","@id":"https:\/\/eldigitaldeasturias.com\/magazine365\/la-oms-convoca-al-comite-de-emergencias-para-tratar-el-virus-zika\/#breadcrumblist","itemListElement":[{"@type":"ListItem","@id":"https:\/\/eldigitaldeasturias.com\/magazine365#listItem","position":1,"name":"Home","item":"https:\/\/eldigitaldeasturias.com\/magazine365","nextItem":{"@type":"ListItem","@id":"https:\/\/eldigitaldeasturias.com\/magazine365\/category\/noticias-actualidad\/#listItem","name":"Noticias y Actualidad"}},{"@type":"ListItem","@id":"https:\/\/eldigitaldeasturias.com\/magazine365\/category\/noticias-actualidad\/#listItem","position":2,"name":"Noticias y Actualidad","item":"https:\/\/eldigitaldeasturias.com\/magazine365\/category\/noticias-actualidad\/","nextItem":{"@type":"ListItem","@id":"https:\/\/eldigitaldeasturias.com\/magazine365\/la-oms-convoca-al-comite-de-emergencias-para-tratar-el-virus-zika\/#listItem","name":"La OMS convoca al Comit\u00e9 de Emergencias para tratar el virus Zika"},"previousItem":{"@type":"ListItem","@id":"https:\/\/eldigitaldeasturias.com\/magazine365#listItem","name":"Home"}},{"@type":"ListItem","@id":"https:\/\/eldigitaldeasturias.com\/magazine365\/la-oms-convoca-al-comite-de-emergencias-para-tratar-el-virus-zika\/#listItem","position":3,"name":"La OMS convoca al Comit\u00e9 de Emergencias para tratar el virus Zika","previousItem":{"@type":"ListItem","@id":"https:\/\/eldigitaldeasturias.com\/magazine365\/category\/noticias-actualidad\/#listItem","name":"Noticias y Actualidad"}}]},{"@type":"Organization","@id":"https:\/\/eldigitaldeasturias.com\/magazine365\/#organization","name":"El digital de Asturias","description":"Revista de ocio, turismo y estilo de vida","url":"https:\/\/eldigitaldeasturias.com\/magazine365\/","logo":{"@type":"ImageObject","url":"https:\/\/www.eldigitaldeasturias.com\/noticias\/wp-content\/uploads\/2020\/12\/EDA.jpg","@id":"https:\/\/eldigitaldeasturias.com\/magazine365\/la-oms-convoca-al-comite-de-emergencias-para-tratar-el-virus-zika\/#organizationLogo"},"image":{"@id":"https:\/\/eldigitaldeasturias.com\/magazine365\/la-oms-convoca-al-comite-de-emergencias-para-tratar-el-virus-zika\/#organizationLogo"}},{"@type":"Person","@id":"https:\/\/eldigitaldeasturias.com\/magazine365\/author\/admin\/#author","url":"https:\/\/eldigitaldeasturias.com\/magazine365\/author\/admin\/","name":"admin","image":{"@type":"ImageObject","@id":"https:\/\/eldigitaldeasturias.com\/magazine365\/la-oms-convoca-al-comite-de-emergencias-para-tratar-el-virus-zika\/#authorImage","url":"https:\/\/eldigitaldeasturias.com\/magazine365\/wp-content\/litespeed\/avatar\/e571bcf59a0edd6fa6838245a470f2fe.jpg?ver=1776969259","width":96,"height":96,"caption":"admin"}},{"@type":"WebPage","@id":"https:\/\/eldigitaldeasturias.com\/magazine365\/la-oms-convoca-al-comite-de-emergencias-para-tratar-el-virus-zika\/#webpage","url":"https:\/\/eldigitaldeasturias.com\/magazine365\/la-oms-convoca-al-comite-de-emergencias-para-tratar-el-virus-zika\/","name":"La OMS convoca al Comit\u00e9 de Emergencias para tratar el virus Zika | El Digital de Asturias","description":"La Organizaci\u00f3n Mundial de la Salud (OMS) ha convocado al Comit\u00e9 de Emergencias para tratar el virus Zika, seg\u00fan ha anunciado su directora general, Margaret Chan, quien ha manifestado que la organizaci\u00f3n est\u00e1 \"profundamente preocupada\" por la r\u00e1pida expansi\u00f3n del virus. Asimismo, en virtud del Reglamento Sanitario Internacional ha convocado una primera reuni\u00f3n para el","inLanguage":"es-ES","isPartOf":{"@id":"https:\/\/eldigitaldeasturias.com\/magazine365\/#website"},"breadcrumb":{"@id":"https:\/\/eldigitaldeasturias.com\/magazine365\/la-oms-convoca-al-comite-de-emergencias-para-tratar-el-virus-zika\/#breadcrumblist"},"author":{"@id":"https:\/\/eldigitaldeasturias.com\/magazine365\/author\/admin\/#author"},"creator":{"@id":"https:\/\/eldigitaldeasturias.com\/magazine365\/author\/admin\/#author"},"image":{"@type":"ImageObject","url":"https:\/\/eldigitaldeasturias.com\/magazine365\/wp-content\/uploads\/2016\/02\/fotonoticia_20160128133238_800.jpg","@id":"https:\/\/eldigitaldeasturias.com\/magazine365\/la-oms-convoca-al-comite-de-emergencias-para-tratar-el-virus-zika\/#mainImage","width":800,"height":537},"primaryImageOfPage":{"@id":"https:\/\/eldigitaldeasturias.com\/magazine365\/la-oms-convoca-al-comite-de-emergencias-para-tratar-el-virus-zika\/#mainImage"},"datePublished":"2016-02-02T15:01:28+01:00","dateModified":"2016-02-02T15:01:28+01:00"},{"@type":"WebSite","@id":"https:\/\/eldigitaldeasturias.com\/magazine365\/#website","url":"https:\/\/eldigitaldeasturias.com\/magazine365\/","name":"El Digital de Asturias","description":"Revista de ocio, turismo y estilo de vida","inLanguage":"es-ES","publisher":{"@id":"https:\/\/eldigitaldeasturias.com\/magazine365\/#organization"}}]},"og:locale":"es_ES","og:site_name":"El Digital de Asturias \u2013 Revista de ocio, turismo y estilo de vida","og:type":"article","og:title":"La OMS convoca al Comit\u00e9 de Emergencias para tratar el virus Zika | El Digital de Asturias","og:description":"La Organizaci\u00f3n Mundial de la Salud (OMS) ha convocado al Comit\u00e9 de Emergencias para tratar el virus Zika, seg\u00fan ha anunciado su directora general, Margaret Chan, quien ha manifestado que la organizaci\u00f3n est\u00e1 &quot;profundamente preocupada&quot; por la r\u00e1pida expansi\u00f3n del virus. Asimismo, en virtud del Reglamento Sanitario Internacional ha convocado una primera reuni\u00f3n para el","og:url":"https:\/\/eldigitaldeasturias.com\/magazine365\/la-oms-convoca-al-comite-de-emergencias-para-tratar-el-virus-zika\/","og:image":"https:\/\/eldigitaldeasturias.com\/magazine365\/wp-content\/uploads\/2016\/02\/fotonoticia_20160128133238_800.jpg","og:image:secure_url":"https:\/\/eldigitaldeasturias.com\/magazine365\/wp-content\/uploads\/2016\/02\/fotonoticia_20160128133238_800.jpg","og:image:width":800,"og:image:height":537,"article:published_time":"2016-02-02T14:01:28+00:00","article:modified_time":"2016-02-02T14:01:28+00:00","twitter:card":"summary_large_image","twitter:title":"La OMS convoca al Comit\u00e9 de Emergencias para tratar el virus Zika | El Digital de Asturias","twitter:description":"La Organizaci\u00f3n Mundial de la Salud (OMS) ha convocado al Comit\u00e9 de Emergencias para tratar el virus Zika, seg\u00fan ha anunciado su directora general, Margaret Chan, quien ha manifestado que la organizaci\u00f3n est\u00e1 &quot;profundamente preocupada&quot; por la r\u00e1pida expansi\u00f3n del virus. Asimismo, en virtud del Reglamento Sanitario Internacional ha convocado una primera reuni\u00f3n para el","twitter:image":"https:\/\/eldigitaldeasturias.com\/magazine365\/wp-content\/uploads\/2016\/02\/fotonoticia_20160128133238_800.jpg"},"aioseo_meta_data":{"post_id":"62618","title":null,"description":null,"keywords":null,"keyphrases":null,"primary_term":null,"canonical_url":null,"og_title":null,"og_description":null,"og_object_type":"default","og_image_type":"default","og_image_url":null,"og_image_width":null,"og_image_height":null,"og_image_custom_url":null,"og_image_custom_fields":null,"og_video":null,"og_custom_url":null,"og_article_section":null,"og_article_tags":null,"twitter_use_og":false,"twitter_card":"default","twitter_image_type":"default","twitter_image_url":null,"twitter_image_custom_url":null,"twitter_image_custom_fields":null,"twitter_title":null,"twitter_description":null,"schema":{"blockGraphs":[],"customGraphs":[],"default":{"data":{"Article":[],"Course":[],"Dataset":[],"FAQPage":[],"Movie":[],"Person":[],"Product":[],"ProductReview":[],"Car":[],"Recipe":[],"Service":[],"SoftwareApplication":[],"WebPage":[]},"graphName":"","isEnabled":true},"graphs":[],"defaultGraph":"","defaultPostTypeGraph":""},"schema_type":null,"schema_type_options":null,"pillar_content":false,"robots_default":true,"robots_noindex":false,"robots_noarchive":false,"robots_nosnippet":false,"robots_nofollow":false,"robots_noimageindex":false,"robots_noodp":false,"robots_notranslate":false,"robots_max_snippet":null,"robots_max_videopreview":null,"robots_max_imagepreview":"large","priority":null,"frequency":null,"location":null,"local_seo":null,"seo_analyzer_scan_date":"2025-09-25 11:33:30","breadcrumb_settings":null,"limit_modified_date":false,"open_ai":null,"ai":null,"created":"2021-03-08 21:34:40","updated":"2025-09-25 11:33:30"},"aioseo_breadcrumb":"<div class=\"aioseo-breadcrumbs\"><span class=\"aioseo-breadcrumb\">\n\t<a href=\"https:\/\/eldigitaldeasturias.com\/magazine365\" title=\"Home\">Home<\/a>\n<\/span><span class=\"aioseo-breadcrumb-separator\">\u2013<\/span><span class=\"aioseo-breadcrumb\">\n\t<a href=\"https:\/\/eldigitaldeasturias.com\/magazine365\/category\/noticias-actualidad\/\" title=\"Noticias y Actualidad\">Noticias y Actualidad<\/a>\n<\/span><span class=\"aioseo-breadcrumb-separator\">\u2013<\/span><span class=\"aioseo-breadcrumb\">\n\t<a href=\"https:\/\/eldigitaldeasturias.com\/magazine365\/la-oms-convoca-al-comite-de-emergencias-para-tratar-el-virus-zika\/\" title=\"La OMS convoca al Comit\u00e9 de Emergencias para tratar el virus Zika\">La OMS convoca al Comit\u00e9 de Emergencias para tratar el virus Zika<\/a>\n<\/span><\/div>","aioseo_breadcrumb_json":[{"label":"Home","link":"https:\/\/eldigitaldeasturias.com\/magazine365"},{"label":"Noticias y Actualidad","link":"https:\/\/eldigitaldeasturias.com\/magazine365\/category\/noticias-actualidad\/"},{"label":"La OMS convoca al Comit\u00e9 de Emergencias para tratar el virus Zika","link":"https:\/\/eldigitaldeasturias.com\/magazine365\/la-oms-convoca-al-comite-de-emergencias-para-tratar-el-virus-zika\/"}],"_links":{"self":[{"href":"https:\/\/eldigitaldeasturias.com\/magazine365\/wp-json\/wp\/v2\/posts\/62618","targetHints":{"allow":["GET"]}}],"collection":[{"href":"https:\/\/eldigitaldeasturias.com\/magazine365\/wp-json\/wp\/v2\/posts"}],"about":[{"href":"https:\/\/eldigitaldeasturias.com\/magazine365\/wp-json\/wp\/v2\/types\/post"}],"author":[{"embeddable":true,"href":"https:\/\/eldigitaldeasturias.com\/magazine365\/wp-json\/wp\/v2\/users\/1"}],"replies":[{"embeddable":true,"href":"https:\/\/eldigitaldeasturias.com\/magazine365\/wp-json\/wp\/v2\/comments?post=62618"}],"version-history":[{"count":0,"href":"https:\/\/eldigitaldeasturias.com\/magazine365\/wp-json\/wp\/v2\/posts\/62618\/revisions"}],"wp:featuredmedia":[{"embeddable":true,"href":"https:\/\/eldigitaldeasturias.com\/magazine365\/wp-json\/wp\/v2\/media\/62619"}],"wp:attachment":[{"href":"https:\/\/eldigitaldeasturias.com\/magazine365\/wp-json\/wp\/v2\/media?parent=62618"}],"wp:term":[{"taxonomy":"category","embeddable":true,"href":"https:\/\/eldigitaldeasturias.com\/magazine365\/wp-json\/wp\/v2\/categories?post=62618"},{"taxonomy":"post_tag","embeddable":true,"href":"https:\/\/eldigitaldeasturias.com\/magazine365\/wp-json\/wp\/v2\/tags?post=62618"}],"curies":[{"name":"wp","href":"https:\/\/api.w.org\/{rel}","templated":true}]}}