{"id":62615,"date":"2016-02-02T14:59:21","date_gmt":"2016-02-02T13:59:21","guid":{"rendered":"http:\/\/eldigitaldeasturias.com\/magazine365\/?p=62615"},"modified":"2016-02-02T14:59:21","modified_gmt":"2016-02-02T13:59:21","slug":"lufthansa-abrira-una-empresa-para-la-formacion-de-tripulantes-de-cabina-en-munich","status":"publish","type":"post","link":"https:\/\/eldigitaldeasturias.com\/magazine365\/lufthansa-abrira-una-empresa-para-la-formacion-de-tripulantes-de-cabina-en-munich\/","title":{"rendered":"Lufthansa abrir\u00e1 una empresa para la formaci\u00f3n de tripulantes de cabina en Munich"},"content":{"rendered":"<p><img fetchpriority=\"high\" decoding=\"async\" class=\"alignleft size-medium wp-image-62616\" src=\"https:\/\/eldigitaldeasturias.com\/magazine365\/wp-content\/uploads\/2016\/02\/fotonoticia_20160128132529_800-360x239.jpg\" alt=\"fotonoticia_20160128132529_800\" width=\"360\" height=\"239\" srcset=\"https:\/\/eldigitaldeasturias.com\/magazine365\/wp-content\/uploads\/2016\/02\/fotonoticia_20160128132529_800-360x239.jpg 360w, https:\/\/eldigitaldeasturias.com\/magazine365\/wp-content\/uploads\/2016\/02\/fotonoticia_20160128132529_800-650x431.jpg 650w, https:\/\/eldigitaldeasturias.com\/magazine365\/wp-content\/uploads\/2016\/02\/fotonoticia_20160128132529_800-768x510.jpg 768w, https:\/\/eldigitaldeasturias.com\/magazine365\/wp-content\/uploads\/2016\/02\/fotonoticia_20160128132529_800-150x100.jpg 150w, https:\/\/eldigitaldeasturias.com\/magazine365\/wp-content\/uploads\/2016\/02\/fotonoticia_20160128132529_800-450x299.jpg 450w, https:\/\/eldigitaldeasturias.com\/magazine365\/wp-content\/uploads\/2016\/02\/fotonoticia_20160128132529_800-696x462.jpg 696w, https:\/\/eldigitaldeasturias.com\/magazine365\/wp-content\/uploads\/2016\/02\/fotonoticia_20160128132529_800-633x420.jpg 633w, https:\/\/eldigitaldeasturias.com\/magazine365\/wp-content\/uploads\/2016\/02\/fotonoticia_20160128132529_800-121x79.jpg 121w, https:\/\/eldigitaldeasturias.com\/magazine365\/wp-content\/uploads\/2016\/02\/fotonoticia_20160128132529_800-101x66.jpg 101w, https:\/\/eldigitaldeasturias.com\/magazine365\/wp-content\/uploads\/2016\/02\/fotonoticia_20160128132529_800.jpg 800w\" sizes=\"(max-width: 360px) 100vw, 360px\" \/>Lufthansa abrir\u00e1 una nueva empresa filial para la formaci\u00f3n de tripulantes de cabina (TCP) en M\u00fanich bajo el nombre de Lufthansa Aviation Training, seg\u00fan ha informado la compa\u00f1\u00eda en un comunicado.<\/p>\n<p>La nueva organizaci\u00f3n proporcionar\u00e1 una gesti\u00f3n \u00fanica para las actuales empresas independientes que se encargan de la formaci\u00f3n de los tripulantes de cabina: Lufthansa flight training y Swiss aviation training.<\/p>\n<p>Lufthansa Aviation Training empezar\u00e1 a operar a finales de este a\u00f1o con una cartera de clientes de m\u00e1s de 200 aerol\u00edneas para formar a sus tripulaciones en 12 instalaciones de entrenamiento.<\/p>\n","protected":false},"excerpt":{"rendered":"<p>Lufthansa abrir\u00e1 una nueva empresa filial para la formaci\u00f3n de tripulantes de cabina (TCP) en M\u00fanich bajo el nombre de Lufthansa Aviation Training, seg\u00fan ha informado la compa\u00f1\u00eda en un comunicado. La nueva organizaci\u00f3n proporcionar\u00e1 una gesti\u00f3n \u00fanica para las actuales empresas independientes que se encargan de la formaci\u00f3n de los tripulantes de cabina: Lufthansa<\/p>\n","protected":false},"author":1,"featured_media":62616,"comment_status":"open","ping_status":"closed","sticky":false,"template":"","format":"standard","meta":{"footnotes":""},"categories":[224],"tags":[],"class_list":{"0":"post-62615","1":"post","2":"type-post","3":"status-publish","4":"format-standard","5":"has-post-thumbnail","7":"category-noticias-actualidad"},"aioseo_notices":[],"aioseo_head":"\n\t\t<!-- All in One SEO Pro 4.9.6.1 - aioseo.com -->\n\t<meta name=\"description\" content=\"Lufthansa abrir\u00e1 una nueva empresa filial para la formaci\u00f3n de tripulantes de cabina (TCP) en M\u00fanich bajo el nombre de Lufthansa Aviation Training, seg\u00fan ha informado la compa\u00f1\u00eda en un comunicado. La nueva organizaci\u00f3n proporcionar\u00e1 una gesti\u00f3n \u00fanica para las actuales empresas independientes que se encargan de la formaci\u00f3n de los tripulantes de cabina: Lufthansa\" \/>\n\t<meta name=\"robots\" content=\"max-image-preview:large\" \/>\n\t<meta name=\"author\" content=\"admin\"\/>\n\t<meta name=\"google-site-verification\" content=\"UA-38556648-1\" \/>\n\t<meta name=\"keywords\" content=\"noticias y actualidad\" \/>\n\t<link rel=\"canonical\" href=\"https:\/\/eldigitaldeasturias.com\/magazine365\/lufthansa-abrira-una-empresa-para-la-formacion-de-tripulantes-de-cabina-en-munich\/\" \/>\n\t<meta name=\"generator\" content=\"All in One SEO Pro (AIOSEO) 4.9.6.1\" \/>\n\t\t<meta property=\"og:locale\" content=\"es_ES\" \/>\n\t\t<meta property=\"og:site_name\" content=\"El Digital de Asturias \u2013 Revista de ocio, turismo y estilo de vida\" \/>\n\t\t<meta property=\"og:type\" content=\"article\" \/>\n\t\t<meta property=\"og:title\" content=\"Lufthansa abrir\u00e1 una empresa para la formaci\u00f3n de tripulantes de cabina en Munich | El Digital de Asturias\" \/>\n\t\t<meta property=\"og:description\" content=\"Lufthansa abrir\u00e1 una nueva empresa filial para la formaci\u00f3n de tripulantes de cabina (TCP) en M\u00fanich bajo el nombre de Lufthansa Aviation Training, seg\u00fan ha informado la compa\u00f1\u00eda en un comunicado. La nueva organizaci\u00f3n proporcionar\u00e1 una gesti\u00f3n \u00fanica para las actuales empresas independientes que se encargan de la formaci\u00f3n de los tripulantes de cabina: Lufthansa\" \/>\n\t\t<meta property=\"og:url\" content=\"https:\/\/eldigitaldeasturias.com\/magazine365\/lufthansa-abrira-una-empresa-para-la-formacion-de-tripulantes-de-cabina-en-munich\/\" \/>\n\t\t<meta property=\"og:image\" content=\"https:\/\/eldigitaldeasturias.com\/magazine365\/wp-content\/uploads\/2016\/02\/fotonoticia_20160128132529_800.jpg\" \/>\n\t\t<meta property=\"og:image:secure_url\" content=\"https:\/\/eldigitaldeasturias.com\/magazine365\/wp-content\/uploads\/2016\/02\/fotonoticia_20160128132529_800.jpg\" \/>\n\t\t<meta property=\"og:image:width\" content=\"800\" \/>\n\t\t<meta property=\"og:image:height\" content=\"531\" \/>\n\t\t<meta property=\"article:published_time\" content=\"2016-02-02T13:59:21+00:00\" \/>\n\t\t<meta property=\"article:modified_time\" content=\"2016-02-02T13:59:21+00:00\" \/>\n\t\t<meta name=\"twitter:card\" content=\"summary_large_image\" \/>\n\t\t<meta name=\"twitter:title\" content=\"Lufthansa abrir\u00e1 una empresa para la formaci\u00f3n de tripulantes de cabina en Munich | El Digital de Asturias\" \/>\n\t\t<meta name=\"twitter:description\" content=\"Lufthansa abrir\u00e1 una nueva empresa filial para la formaci\u00f3n de tripulantes de cabina (TCP) en M\u00fanich bajo el nombre de Lufthansa Aviation Training, seg\u00fan ha informado la compa\u00f1\u00eda en un comunicado. La nueva organizaci\u00f3n proporcionar\u00e1 una gesti\u00f3n \u00fanica para las actuales empresas independientes que se encargan de la formaci\u00f3n de los tripulantes de cabina: Lufthansa\" \/>\n\t\t<meta name=\"twitter:image\" content=\"https:\/\/eldigitaldeasturias.com\/magazine365\/wp-content\/uploads\/2016\/02\/fotonoticia_20160128132529_800.jpg\" \/>\n\t\t<script type=\"application\/ld+json\" class=\"aioseo-schema\">\n\t\t\t{\"@context\":\"https:\\\/\\\/schema.org\",\"@graph\":[{\"@type\":\"Article\",\"@id\":\"https:\\\/\\\/eldigitaldeasturias.com\\\/magazine365\\\/lufthansa-abrira-una-empresa-para-la-formacion-de-tripulantes-de-cabina-en-munich\\\/#article\",\"name\":\"Lufthansa abrir\\u00e1 una empresa para la formaci\\u00f3n de tripulantes de cabina en Munich | El Digital de Asturias\",\"headline\":\"Lufthansa abrir\\u00e1 una empresa para la formaci\\u00f3n de tripulantes de cabina en Munich\",\"author\":{\"@id\":\"https:\\\/\\\/eldigitaldeasturias.com\\\/magazine365\\\/author\\\/admin\\\/#author\"},\"publisher\":{\"@id\":\"https:\\\/\\\/eldigitaldeasturias.com\\\/magazine365\\\/#organization\"},\"image\":{\"@type\":\"ImageObject\",\"url\":\"https:\\\/\\\/eldigitaldeasturias.com\\\/magazine365\\\/wp-content\\\/uploads\\\/2016\\\/02\\\/fotonoticia_20160128132529_800.jpg\",\"width\":800,\"height\":531},\"datePublished\":\"2016-02-02T14:59:21+01:00\",\"dateModified\":\"2016-02-02T14:59:21+01:00\",\"inLanguage\":\"es-ES\",\"mainEntityOfPage\":{\"@id\":\"https:\\\/\\\/eldigitaldeasturias.com\\\/magazine365\\\/lufthansa-abrira-una-empresa-para-la-formacion-de-tripulantes-de-cabina-en-munich\\\/#webpage\"},\"isPartOf\":{\"@id\":\"https:\\\/\\\/eldigitaldeasturias.com\\\/magazine365\\\/lufthansa-abrira-una-empresa-para-la-formacion-de-tripulantes-de-cabina-en-munich\\\/#webpage\"},\"articleSection\":\"Noticias y Actualidad\"},{\"@type\":\"BreadcrumbList\",\"@id\":\"https:\\\/\\\/eldigitaldeasturias.com\\\/magazine365\\\/lufthansa-abrira-una-empresa-para-la-formacion-de-tripulantes-de-cabina-en-munich\\\/#breadcrumblist\",\"itemListElement\":[{\"@type\":\"ListItem\",\"@id\":\"https:\\\/\\\/eldigitaldeasturias.com\\\/magazine365#listItem\",\"position\":1,\"name\":\"Home\",\"item\":\"https:\\\/\\\/eldigitaldeasturias.com\\\/magazine365\",\"nextItem\":{\"@type\":\"ListItem\",\"@id\":\"https:\\\/\\\/eldigitaldeasturias.com\\\/magazine365\\\/category\\\/noticias-actualidad\\\/#listItem\",\"name\":\"Noticias y Actualidad\"}},{\"@type\":\"ListItem\",\"@id\":\"https:\\\/\\\/eldigitaldeasturias.com\\\/magazine365\\\/category\\\/noticias-actualidad\\\/#listItem\",\"position\":2,\"name\":\"Noticias y Actualidad\",\"item\":\"https:\\\/\\\/eldigitaldeasturias.com\\\/magazine365\\\/category\\\/noticias-actualidad\\\/\",\"nextItem\":{\"@type\":\"ListItem\",\"@id\":\"https:\\\/\\\/eldigitaldeasturias.com\\\/magazine365\\\/lufthansa-abrira-una-empresa-para-la-formacion-de-tripulantes-de-cabina-en-munich\\\/#listItem\",\"name\":\"Lufthansa abrir\\u00e1 una empresa para la formaci\\u00f3n de tripulantes de cabina en Munich\"},\"previousItem\":{\"@type\":\"ListItem\",\"@id\":\"https:\\\/\\\/eldigitaldeasturias.com\\\/magazine365#listItem\",\"name\":\"Home\"}},{\"@type\":\"ListItem\",\"@id\":\"https:\\\/\\\/eldigitaldeasturias.com\\\/magazine365\\\/lufthansa-abrira-una-empresa-para-la-formacion-de-tripulantes-de-cabina-en-munich\\\/#listItem\",\"position\":3,\"name\":\"Lufthansa abrir\\u00e1 una empresa para la formaci\\u00f3n de tripulantes de cabina en Munich\",\"previousItem\":{\"@type\":\"ListItem\",\"@id\":\"https:\\\/\\\/eldigitaldeasturias.com\\\/magazine365\\\/category\\\/noticias-actualidad\\\/#listItem\",\"name\":\"Noticias y Actualidad\"}}]},{\"@type\":\"Organization\",\"@id\":\"https:\\\/\\\/eldigitaldeasturias.com\\\/magazine365\\\/#organization\",\"name\":\"El digital de Asturias\",\"description\":\"Revista de ocio, turismo y estilo de vida\",\"url\":\"https:\\\/\\\/eldigitaldeasturias.com\\\/magazine365\\\/\",\"logo\":{\"@type\":\"ImageObject\",\"url\":\"https:\\\/\\\/www.eldigitaldeasturias.com\\\/noticias\\\/wp-content\\\/uploads\\\/2020\\\/12\\\/EDA.jpg\",\"@id\":\"https:\\\/\\\/eldigitaldeasturias.com\\\/magazine365\\\/lufthansa-abrira-una-empresa-para-la-formacion-de-tripulantes-de-cabina-en-munich\\\/#organizationLogo\"},\"image\":{\"@id\":\"https:\\\/\\\/eldigitaldeasturias.com\\\/magazine365\\\/lufthansa-abrira-una-empresa-para-la-formacion-de-tripulantes-de-cabina-en-munich\\\/#organizationLogo\"}},{\"@type\":\"Person\",\"@id\":\"https:\\\/\\\/eldigitaldeasturias.com\\\/magazine365\\\/author\\\/admin\\\/#author\",\"url\":\"https:\\\/\\\/eldigitaldeasturias.com\\\/magazine365\\\/author\\\/admin\\\/\",\"name\":\"admin\",\"image\":{\"@type\":\"ImageObject\",\"@id\":\"https:\\\/\\\/eldigitaldeasturias.com\\\/magazine365\\\/lufthansa-abrira-una-empresa-para-la-formacion-de-tripulantes-de-cabina-en-munich\\\/#authorImage\",\"url\":\"https:\\\/\\\/eldigitaldeasturias.com\\\/magazine365\\\/wp-content\\\/litespeed\\\/avatar\\\/e571bcf59a0edd6fa6838245a470f2fe.jpg?ver=1776969259\",\"width\":96,\"height\":96,\"caption\":\"admin\"}},{\"@type\":\"WebPage\",\"@id\":\"https:\\\/\\\/eldigitaldeasturias.com\\\/magazine365\\\/lufthansa-abrira-una-empresa-para-la-formacion-de-tripulantes-de-cabina-en-munich\\\/#webpage\",\"url\":\"https:\\\/\\\/eldigitaldeasturias.com\\\/magazine365\\\/lufthansa-abrira-una-empresa-para-la-formacion-de-tripulantes-de-cabina-en-munich\\\/\",\"name\":\"Lufthansa abrir\\u00e1 una empresa para la formaci\\u00f3n de tripulantes de cabina en Munich | El Digital de Asturias\",\"description\":\"Lufthansa abrir\\u00e1 una nueva empresa filial para la formaci\\u00f3n de tripulantes de cabina (TCP) en M\\u00fanich bajo el nombre de Lufthansa Aviation Training, seg\\u00fan ha informado la compa\\u00f1\\u00eda en un comunicado. La nueva organizaci\\u00f3n proporcionar\\u00e1 una gesti\\u00f3n \\u00fanica para las actuales empresas independientes que se encargan de la formaci\\u00f3n de los tripulantes de cabina: Lufthansa\",\"inLanguage\":\"es-ES\",\"isPartOf\":{\"@id\":\"https:\\\/\\\/eldigitaldeasturias.com\\\/magazine365\\\/#website\"},\"breadcrumb\":{\"@id\":\"https:\\\/\\\/eldigitaldeasturias.com\\\/magazine365\\\/lufthansa-abrira-una-empresa-para-la-formacion-de-tripulantes-de-cabina-en-munich\\\/#breadcrumblist\"},\"author\":{\"@id\":\"https:\\\/\\\/eldigitaldeasturias.com\\\/magazine365\\\/author\\\/admin\\\/#author\"},\"creator\":{\"@id\":\"https:\\\/\\\/eldigitaldeasturias.com\\\/magazine365\\\/author\\\/admin\\\/#author\"},\"image\":{\"@type\":\"ImageObject\",\"url\":\"https:\\\/\\\/eldigitaldeasturias.com\\\/magazine365\\\/wp-content\\\/uploads\\\/2016\\\/02\\\/fotonoticia_20160128132529_800.jpg\",\"@id\":\"https:\\\/\\\/eldigitaldeasturias.com\\\/magazine365\\\/lufthansa-abrira-una-empresa-para-la-formacion-de-tripulantes-de-cabina-en-munich\\\/#mainImage\",\"width\":800,\"height\":531},\"primaryImageOfPage\":{\"@id\":\"https:\\\/\\\/eldigitaldeasturias.com\\\/magazine365\\\/lufthansa-abrira-una-empresa-para-la-formacion-de-tripulantes-de-cabina-en-munich\\\/#mainImage\"},\"datePublished\":\"2016-02-02T14:59:21+01:00\",\"dateModified\":\"2016-02-02T14:59:21+01:00\"},{\"@type\":\"WebSite\",\"@id\":\"https:\\\/\\\/eldigitaldeasturias.com\\\/magazine365\\\/#website\",\"url\":\"https:\\\/\\\/eldigitaldeasturias.com\\\/magazine365\\\/\",\"name\":\"El Digital de Asturias\",\"description\":\"Revista de ocio, turismo y estilo de vida\",\"inLanguage\":\"es-ES\",\"publisher\":{\"@id\":\"https:\\\/\\\/eldigitaldeasturias.com\\\/magazine365\\\/#organization\"}}]}\n\t\t<\/script>\n\t\t<!-- All in One SEO Pro -->\r\n\t\t<title>Lufthansa abrir\u00e1 una empresa para la formaci\u00f3n de tripulantes de cabina en Munich | El Digital de Asturias<\/title>\n\n","aioseo_head_json":{"title":"Lufthansa abrir\u00e1 una empresa para la formaci\u00f3n de tripulantes de cabina en Munich | El Digital de Asturias","description":"Lufthansa abrir\u00e1 una nueva empresa filial para la formaci\u00f3n de tripulantes de cabina (TCP) en M\u00fanich bajo el nombre de Lufthansa Aviation Training, seg\u00fan ha informado la compa\u00f1\u00eda en un comunicado. La nueva organizaci\u00f3n proporcionar\u00e1 una gesti\u00f3n \u00fanica para las actuales empresas independientes que se encargan de la formaci\u00f3n de los tripulantes de cabina: Lufthansa","canonical_url":"https:\/\/eldigitaldeasturias.com\/magazine365\/lufthansa-abrira-una-empresa-para-la-formacion-de-tripulantes-de-cabina-en-munich\/","robots":"max-image-preview:large","keywords":"noticias y actualidad","webmasterTools":{"google-site-verification":"UA-38556648-1","miscellaneous":""},"schema":{"@context":"https:\/\/schema.org","@graph":[{"@type":"Article","@id":"https:\/\/eldigitaldeasturias.com\/magazine365\/lufthansa-abrira-una-empresa-para-la-formacion-de-tripulantes-de-cabina-en-munich\/#article","name":"Lufthansa abrir\u00e1 una empresa para la formaci\u00f3n de tripulantes de cabina en Munich | El Digital de Asturias","headline":"Lufthansa abrir\u00e1 una empresa para la formaci\u00f3n de tripulantes de cabina en Munich","author":{"@id":"https:\/\/eldigitaldeasturias.com\/magazine365\/author\/admin\/#author"},"publisher":{"@id":"https:\/\/eldigitaldeasturias.com\/magazine365\/#organization"},"image":{"@type":"ImageObject","url":"https:\/\/eldigitaldeasturias.com\/magazine365\/wp-content\/uploads\/2016\/02\/fotonoticia_20160128132529_800.jpg","width":800,"height":531},"datePublished":"2016-02-02T14:59:21+01:00","dateModified":"2016-02-02T14:59:21+01:00","inLanguage":"es-ES","mainEntityOfPage":{"@id":"https:\/\/eldigitaldeasturias.com\/magazine365\/lufthansa-abrira-una-empresa-para-la-formacion-de-tripulantes-de-cabina-en-munich\/#webpage"},"isPartOf":{"@id":"https:\/\/eldigitaldeasturias.com\/magazine365\/lufthansa-abrira-una-empresa-para-la-formacion-de-tripulantes-de-cabina-en-munich\/#webpage"},"articleSection":"Noticias y Actualidad"},{"@type":"BreadcrumbList","@id":"https:\/\/eldigitaldeasturias.com\/magazine365\/lufthansa-abrira-una-empresa-para-la-formacion-de-tripulantes-de-cabina-en-munich\/#breadcrumblist","itemListElement":[{"@type":"ListItem","@id":"https:\/\/eldigitaldeasturias.com\/magazine365#listItem","position":1,"name":"Home","item":"https:\/\/eldigitaldeasturias.com\/magazine365","nextItem":{"@type":"ListItem","@id":"https:\/\/eldigitaldeasturias.com\/magazine365\/category\/noticias-actualidad\/#listItem","name":"Noticias y Actualidad"}},{"@type":"ListItem","@id":"https:\/\/eldigitaldeasturias.com\/magazine365\/category\/noticias-actualidad\/#listItem","position":2,"name":"Noticias y Actualidad","item":"https:\/\/eldigitaldeasturias.com\/magazine365\/category\/noticias-actualidad\/","nextItem":{"@type":"ListItem","@id":"https:\/\/eldigitaldeasturias.com\/magazine365\/lufthansa-abrira-una-empresa-para-la-formacion-de-tripulantes-de-cabina-en-munich\/#listItem","name":"Lufthansa abrir\u00e1 una empresa para la formaci\u00f3n de tripulantes de cabina en Munich"},"previousItem":{"@type":"ListItem","@id":"https:\/\/eldigitaldeasturias.com\/magazine365#listItem","name":"Home"}},{"@type":"ListItem","@id":"https:\/\/eldigitaldeasturias.com\/magazine365\/lufthansa-abrira-una-empresa-para-la-formacion-de-tripulantes-de-cabina-en-munich\/#listItem","position":3,"name":"Lufthansa abrir\u00e1 una empresa para la formaci\u00f3n de tripulantes de cabina en Munich","previousItem":{"@type":"ListItem","@id":"https:\/\/eldigitaldeasturias.com\/magazine365\/category\/noticias-actualidad\/#listItem","name":"Noticias y Actualidad"}}]},{"@type":"Organization","@id":"https:\/\/eldigitaldeasturias.com\/magazine365\/#organization","name":"El digital de Asturias","description":"Revista de ocio, turismo y estilo de vida","url":"https:\/\/eldigitaldeasturias.com\/magazine365\/","logo":{"@type":"ImageObject","url":"https:\/\/www.eldigitaldeasturias.com\/noticias\/wp-content\/uploads\/2020\/12\/EDA.jpg","@id":"https:\/\/eldigitaldeasturias.com\/magazine365\/lufthansa-abrira-una-empresa-para-la-formacion-de-tripulantes-de-cabina-en-munich\/#organizationLogo"},"image":{"@id":"https:\/\/eldigitaldeasturias.com\/magazine365\/lufthansa-abrira-una-empresa-para-la-formacion-de-tripulantes-de-cabina-en-munich\/#organizationLogo"}},{"@type":"Person","@id":"https:\/\/eldigitaldeasturias.com\/magazine365\/author\/admin\/#author","url":"https:\/\/eldigitaldeasturias.com\/magazine365\/author\/admin\/","name":"admin","image":{"@type":"ImageObject","@id":"https:\/\/eldigitaldeasturias.com\/magazine365\/lufthansa-abrira-una-empresa-para-la-formacion-de-tripulantes-de-cabina-en-munich\/#authorImage","url":"https:\/\/eldigitaldeasturias.com\/magazine365\/wp-content\/litespeed\/avatar\/e571bcf59a0edd6fa6838245a470f2fe.jpg?ver=1776969259","width":96,"height":96,"caption":"admin"}},{"@type":"WebPage","@id":"https:\/\/eldigitaldeasturias.com\/magazine365\/lufthansa-abrira-una-empresa-para-la-formacion-de-tripulantes-de-cabina-en-munich\/#webpage","url":"https:\/\/eldigitaldeasturias.com\/magazine365\/lufthansa-abrira-una-empresa-para-la-formacion-de-tripulantes-de-cabina-en-munich\/","name":"Lufthansa abrir\u00e1 una empresa para la formaci\u00f3n de tripulantes de cabina en Munich | El Digital de Asturias","description":"Lufthansa abrir\u00e1 una nueva empresa filial para la formaci\u00f3n de tripulantes de cabina (TCP) en M\u00fanich bajo el nombre de Lufthansa Aviation Training, seg\u00fan ha informado la compa\u00f1\u00eda en un comunicado. La nueva organizaci\u00f3n proporcionar\u00e1 una gesti\u00f3n \u00fanica para las actuales empresas independientes que se encargan de la formaci\u00f3n de los tripulantes de cabina: Lufthansa","inLanguage":"es-ES","isPartOf":{"@id":"https:\/\/eldigitaldeasturias.com\/magazine365\/#website"},"breadcrumb":{"@id":"https:\/\/eldigitaldeasturias.com\/magazine365\/lufthansa-abrira-una-empresa-para-la-formacion-de-tripulantes-de-cabina-en-munich\/#breadcrumblist"},"author":{"@id":"https:\/\/eldigitaldeasturias.com\/magazine365\/author\/admin\/#author"},"creator":{"@id":"https:\/\/eldigitaldeasturias.com\/magazine365\/author\/admin\/#author"},"image":{"@type":"ImageObject","url":"https:\/\/eldigitaldeasturias.com\/magazine365\/wp-content\/uploads\/2016\/02\/fotonoticia_20160128132529_800.jpg","@id":"https:\/\/eldigitaldeasturias.com\/magazine365\/lufthansa-abrira-una-empresa-para-la-formacion-de-tripulantes-de-cabina-en-munich\/#mainImage","width":800,"height":531},"primaryImageOfPage":{"@id":"https:\/\/eldigitaldeasturias.com\/magazine365\/lufthansa-abrira-una-empresa-para-la-formacion-de-tripulantes-de-cabina-en-munich\/#mainImage"},"datePublished":"2016-02-02T14:59:21+01:00","dateModified":"2016-02-02T14:59:21+01:00"},{"@type":"WebSite","@id":"https:\/\/eldigitaldeasturias.com\/magazine365\/#website","url":"https:\/\/eldigitaldeasturias.com\/magazine365\/","name":"El Digital de Asturias","description":"Revista de ocio, turismo y estilo de vida","inLanguage":"es-ES","publisher":{"@id":"https:\/\/eldigitaldeasturias.com\/magazine365\/#organization"}}]},"og:locale":"es_ES","og:site_name":"El Digital de Asturias \u2013 Revista de ocio, turismo y estilo de vida","og:type":"article","og:title":"Lufthansa abrir\u00e1 una empresa para la formaci\u00f3n de tripulantes de cabina en Munich | El Digital de Asturias","og:description":"Lufthansa abrir\u00e1 una nueva empresa filial para la formaci\u00f3n de tripulantes de cabina (TCP) en M\u00fanich bajo el nombre de Lufthansa Aviation Training, seg\u00fan ha informado la compa\u00f1\u00eda en un comunicado. La nueva organizaci\u00f3n proporcionar\u00e1 una gesti\u00f3n \u00fanica para las actuales empresas independientes que se encargan de la formaci\u00f3n de los tripulantes de cabina: Lufthansa","og:url":"https:\/\/eldigitaldeasturias.com\/magazine365\/lufthansa-abrira-una-empresa-para-la-formacion-de-tripulantes-de-cabina-en-munich\/","og:image":"https:\/\/eldigitaldeasturias.com\/magazine365\/wp-content\/uploads\/2016\/02\/fotonoticia_20160128132529_800.jpg","og:image:secure_url":"https:\/\/eldigitaldeasturias.com\/magazine365\/wp-content\/uploads\/2016\/02\/fotonoticia_20160128132529_800.jpg","og:image:width":800,"og:image:height":531,"article:published_time":"2016-02-02T13:59:21+00:00","article:modified_time":"2016-02-02T13:59:21+00:00","twitter:card":"summary_large_image","twitter:title":"Lufthansa abrir\u00e1 una empresa para la formaci\u00f3n de tripulantes de cabina en Munich | El Digital de Asturias","twitter:description":"Lufthansa abrir\u00e1 una nueva empresa filial para la formaci\u00f3n de tripulantes de cabina (TCP) en M\u00fanich bajo el nombre de Lufthansa Aviation Training, seg\u00fan ha informado la compa\u00f1\u00eda en un comunicado. La nueva organizaci\u00f3n proporcionar\u00e1 una gesti\u00f3n \u00fanica para las actuales empresas independientes que se encargan de la formaci\u00f3n de los tripulantes de cabina: Lufthansa","twitter:image":"https:\/\/eldigitaldeasturias.com\/magazine365\/wp-content\/uploads\/2016\/02\/fotonoticia_20160128132529_800.jpg"},"aioseo_meta_data":{"post_id":"62615","title":null,"description":null,"keywords":null,"keyphrases":null,"primary_term":null,"canonical_url":null,"og_title":null,"og_description":null,"og_object_type":"default","og_image_type":"default","og_image_url":null,"og_image_width":null,"og_image_height":null,"og_image_custom_url":null,"og_image_custom_fields":null,"og_video":null,"og_custom_url":null,"og_article_section":null,"og_article_tags":null,"twitter_use_og":false,"twitter_card":"default","twitter_image_type":"default","twitter_image_url":null,"twitter_image_custom_url":null,"twitter_image_custom_fields":null,"twitter_title":null,"twitter_description":null,"schema":{"blockGraphs":[],"customGraphs":[],"default":{"data":{"Article":[],"Course":[],"Dataset":[],"FAQPage":[],"Movie":[],"Person":[],"Product":[],"ProductReview":[],"Car":[],"Recipe":[],"Service":[],"SoftwareApplication":[],"WebPage":[]},"graphName":"","isEnabled":true},"graphs":[],"defaultGraph":"","defaultPostTypeGraph":""},"schema_type":null,"schema_type_options":null,"pillar_content":false,"robots_default":true,"robots_noindex":false,"robots_noarchive":false,"robots_nosnippet":false,"robots_nofollow":false,"robots_noimageindex":false,"robots_noodp":false,"robots_notranslate":false,"robots_max_snippet":null,"robots_max_videopreview":null,"robots_max_imagepreview":"large","priority":null,"frequency":null,"location":null,"local_seo":null,"seo_analyzer_scan_date":"2025-09-25 11:33:28","breadcrumb_settings":null,"limit_modified_date":false,"open_ai":null,"ai":null,"created":"2021-03-08 21:34:40","updated":"2025-09-25 11:33:28"},"aioseo_breadcrumb":"<div class=\"aioseo-breadcrumbs\"><span class=\"aioseo-breadcrumb\">\n\t<a href=\"https:\/\/eldigitaldeasturias.com\/magazine365\" title=\"Home\">Home<\/a>\n<\/span><span class=\"aioseo-breadcrumb-separator\">\u2013<\/span><span class=\"aioseo-breadcrumb\">\n\t<a href=\"https:\/\/eldigitaldeasturias.com\/magazine365\/category\/noticias-actualidad\/\" title=\"Noticias y Actualidad\">Noticias y Actualidad<\/a>\n<\/span><span class=\"aioseo-breadcrumb-separator\">\u2013<\/span><span class=\"aioseo-breadcrumb\">\n\t<a href=\"https:\/\/eldigitaldeasturias.com\/magazine365\/lufthansa-abrira-una-empresa-para-la-formacion-de-tripulantes-de-cabina-en-munich\/\" title=\"Lufthansa abrir\u00e1 una empresa para la formaci\u00f3n de tripulantes de cabina en Munich\">Lufthansa abrir\u00e1 una empresa para la formaci\u00f3n de tripulantes de cabina en Munich<\/a>\n<\/span><\/div>","aioseo_breadcrumb_json":[{"label":"Home","link":"https:\/\/eldigitaldeasturias.com\/magazine365"},{"label":"Noticias y Actualidad","link":"https:\/\/eldigitaldeasturias.com\/magazine365\/category\/noticias-actualidad\/"},{"label":"Lufthansa abrir\u00e1 una empresa para la formaci\u00f3n de tripulantes de cabina en Munich","link":"https:\/\/eldigitaldeasturias.com\/magazine365\/lufthansa-abrira-una-empresa-para-la-formacion-de-tripulantes-de-cabina-en-munich\/"}],"_links":{"self":[{"href":"https:\/\/eldigitaldeasturias.com\/magazine365\/wp-json\/wp\/v2\/posts\/62615","targetHints":{"allow":["GET"]}}],"collection":[{"href":"https:\/\/eldigitaldeasturias.com\/magazine365\/wp-json\/wp\/v2\/posts"}],"about":[{"href":"https:\/\/eldigitaldeasturias.com\/magazine365\/wp-json\/wp\/v2\/types\/post"}],"author":[{"embeddable":true,"href":"https:\/\/eldigitaldeasturias.com\/magazine365\/wp-json\/wp\/v2\/users\/1"}],"replies":[{"embeddable":true,"href":"https:\/\/eldigitaldeasturias.com\/magazine365\/wp-json\/wp\/v2\/comments?post=62615"}],"version-history":[{"count":0,"href":"https:\/\/eldigitaldeasturias.com\/magazine365\/wp-json\/wp\/v2\/posts\/62615\/revisions"}],"wp:featuredmedia":[{"embeddable":true,"href":"https:\/\/eldigitaldeasturias.com\/magazine365\/wp-json\/wp\/v2\/media\/62616"}],"wp:attachment":[{"href":"https:\/\/eldigitaldeasturias.com\/magazine365\/wp-json\/wp\/v2\/media?parent=62615"}],"wp:term":[{"taxonomy":"category","embeddable":true,"href":"https:\/\/eldigitaldeasturias.com\/magazine365\/wp-json\/wp\/v2\/categories?post=62615"},{"taxonomy":"post_tag","embeddable":true,"href":"https:\/\/eldigitaldeasturias.com\/magazine365\/wp-json\/wp\/v2\/tags?post=62615"}],"curies":[{"name":"wp","href":"https:\/\/api.w.org\/{rel}","templated":true}]}}