{"id":62606,"date":"2016-02-02T14:55:05","date_gmt":"2016-02-02T13:55:05","guid":{"rendered":"http:\/\/eldigitaldeasturias.com\/magazine365\/?p=62606"},"modified":"2016-02-02T14:55:05","modified_gmt":"2016-02-02T13:55:05","slug":"la-fiscalia-rebaja-a-dos-anos-su-peticion-de-carcel-para-diaz-ferran-que-reconoce-haberse-apropiado-dinero-de-marsans","status":"publish","type":"post","link":"https:\/\/eldigitaldeasturias.com\/magazine365\/la-fiscalia-rebaja-a-dos-anos-su-peticion-de-carcel-para-diaz-ferran-que-reconoce-haberse-apropiado-dinero-de-marsans\/","title":{"rendered":"La Fiscal\u00eda rebaja a dos a\u00f1os su petici\u00f3n de c\u00e1rcel para D\u00edaz Ferr\u00e1n, que reconoce haberse apropiado dinero de Marsans"},"content":{"rendered":"<p><img fetchpriority=\"high\" decoding=\"async\" class=\"alignleft size-medium wp-image-62607\" src=\"https:\/\/eldigitaldeasturias.com\/magazine365\/wp-content\/uploads\/2016\/02\/fotonoticia_20160128131200_800-360x260.jpg\" alt=\"fotonoticia_20160128131200_800\" width=\"360\" height=\"260\" srcset=\"https:\/\/eldigitaldeasturias.com\/magazine365\/wp-content\/uploads\/2016\/02\/fotonoticia_20160128131200_800-360x260.jpg 360w, https:\/\/eldigitaldeasturias.com\/magazine365\/wp-content\/uploads\/2016\/02\/fotonoticia_20160128131200_800-650x470.jpg 650w, https:\/\/eldigitaldeasturias.com\/magazine365\/wp-content\/uploads\/2016\/02\/fotonoticia_20160128131200_800-768x555.jpg 768w, https:\/\/eldigitaldeasturias.com\/magazine365\/wp-content\/uploads\/2016\/02\/fotonoticia_20160128131200_800-150x108.jpg 150w, https:\/\/eldigitaldeasturias.com\/magazine365\/wp-content\/uploads\/2016\/02\/fotonoticia_20160128131200_800-450x325.jpg 450w, https:\/\/eldigitaldeasturias.com\/magazine365\/wp-content\/uploads\/2016\/02\/fotonoticia_20160128131200_800-324x235.jpg 324w, https:\/\/eldigitaldeasturias.com\/magazine365\/wp-content\/uploads\/2016\/02\/fotonoticia_20160128131200_800-696x503.jpg 696w, https:\/\/eldigitaldeasturias.com\/magazine365\/wp-content\/uploads\/2016\/02\/fotonoticia_20160128131200_800-581x420.jpg 581w, https:\/\/eldigitaldeasturias.com\/magazine365\/wp-content\/uploads\/2016\/02\/fotonoticia_20160128131200_800.jpg 800w\" sizes=\"(max-width: 360px) 100vw, 360px\" \/>El expresidente de la CEOE Gerardo D\u00edaz Ferr\u00e1n y el \u00faltimo director general de Marsans, Iv\u00e1n Losada, han presentado sendos escritos en el juicio que se sigue en la Audiencia Nacional por la apropiaci\u00f3n de 4,4 millones de euros de clientes que nunca llegaron a disfrutar los viajes que ten\u00edan contratados con el grupo tur\u00edstico, en los que reconocen \u00abparte\u00bb de los hechos, algo que ha motivado que la Fiscal\u00eda haya rebajado su petici\u00f3n de pena de cuatro a dos a\u00f1os de c\u00e1rcel.<\/p>\n<p>As\u00ed lo ha dado a conocer su defensa en la vista que este jueves se ha reanudado ante el tribunal, presidido por la magistrada Teresa Palacios, en el procedimiento en el que el Ministerio P\u00fablico acusa al exjefe de la patronal y al antiguo director general de la compa\u00f1\u00eda de un delito continuado de apropiaci\u00f3n indebida y solicita el pago de sendas multas de 12.000 euros, a raz\u00f3n de una cuota diaria de 50 euros durante ocho meses.<\/p>\n<p>En la primera sesi\u00f3n del juicio, D\u00edaz Ferr\u00e1n culp\u00f3 a la Asociaci\u00f3n Internacional del Transporte A\u00e9reo (IATA) de provocar el hundimiento de Viajes Marsans, de la que era propietario junto al ya fallecido Gonzalo Pascual, al retirarle la licencia para vender billetes de avi\u00f3n en abril de 2010 por los impagos que presentaba la compa\u00f1\u00eda. \u00abUstedes se cargaron Viajes Marsans\u00bb, dijo.<\/p>\n<p>En su escrito provisional de acusaci\u00f3n, el fiscal Daniel Campos defiende que ambos se apropiaron indebidamente de las cantidades entregadas por los clientes para la adquisici\u00f3n de billetes y que los usuarios de Viajes Marsans y sus filiales Tiempo Libre, Rural Tours y Viajes Crisol perdieron las cantidades depositadas por sus reservas de viajes cancelados.<\/p>\n<p>OPERATIVA DE MARSANS<\/p>\n<p>Seg\u00fan el fiscal, entre el 1 de marzo y el 31 de julio de 2010, el grupo Marsans formaliz\u00f3 reservas que dieron lugar a 7.560 dep\u00f3sitos de clientes, de los que 4.706 no han sido devueltos y se destinaron a fines ajenos a la actividad del grupo. Los consumidores pagaron cantidades que oscilan entre los 130 y los 5.834 euros.<\/p>\n<p>A finales de 2009, los proveedores tur\u00edsticos del grupo Marsans comenzaron a exigirles el pago anticipado de los productos comercializados, por ejemplo Pullmantur pidi\u00f3 el dinero durante los 30 d\u00edas anteriores al inicio de los viajes.<\/p>\n<p>\u00abLos responsables del Grupo Marsans, lejos de destinar los fondos depositados pro los clientes al pago de los servicios contratados, los destinaron a otros fines ajenos a la actividad del grupo\u00bb. La \u00abdesviaci\u00f3n\u00bb de fondos condujo a que los clientes perdieran el dinero entregado al hacer la reserva o el precio total del servicio contratado.<\/p>\n<p>El 20 de abril de 2010, la Asociaci\u00f3n Internacional del Transporte A\u00e9reo (IATA) les retir\u00f3 la licencia para vender billetes de avi\u00f3n por impagos. Un d\u00eda antes , el 19 de abril, los directivos de la empresa tur\u00edstica pidieron por correo electr\u00f3nico a sus oficinas que depositaran el dinero de las reservas en una cuenta de la sociedad Marsans Shooping. Esta cuenta acumul\u00f3 2,46 millones de euros, de los que 1,07 fueron traspasados a otras sociedades y 1,14 se retiraron mediante cheques al portador.<\/p>\n<p>Entre el 9 de junio de 2010 &#8211;el d\u00eda antes de la presentaci\u00f3n del concurso de acreedores&#8211; y el 30 de junio se libraron 13 cheques por valor de 1,14 millones de euros desde esa cuenta, de los que 344.481 euros fueron entregados a Naviera Grimaldi para que retiraran la solicitud de concurso, 100.000 a preparar el aval de IATA de Viajes Atenea, 300.000 retornaron a Viajes Marsans y 500.000 fueron cobraros por empresas ajenas al grupo.<\/p>\n<p>El 25 de junio de 2010, el Juzgado de lo Mercantil n\u00famero 12 de Madrid decret\u00f3 el concurso de acreedores del Grupo Marsans. La compa\u00f1\u00eda quebr\u00f3 dejando un d\u00e9ficit patrimonial de 271 millones de euros (373 millones si se tienen en cuenta sus filiales), ya que contaba con un pasivo de 552 millones, frente a un activo de 281 millones de euros y con 11.409 acreedores.<\/p>\n","protected":false},"excerpt":{"rendered":"<p>El expresidente de la CEOE Gerardo D\u00edaz Ferr\u00e1n y el \u00faltimo director general de Marsans, Iv\u00e1n Losada, han presentado sendos escritos en el juicio que se sigue en la Audiencia Nacional por la apropiaci\u00f3n de 4,4 millones de euros de clientes que nunca llegaron a disfrutar los viajes que ten\u00edan contratados con el grupo tur\u00edstico,<\/p>\n","protected":false},"author":1,"featured_media":62607,"comment_status":"open","ping_status":"closed","sticky":false,"template":"","format":"standard","meta":{"footnotes":""},"categories":[224],"tags":[],"class_list":{"0":"post-62606","1":"post","2":"type-post","3":"status-publish","4":"format-standard","5":"has-post-thumbnail","7":"category-noticias-actualidad"},"aioseo_notices":[],"aioseo_head":"\n\t\t<!-- All in One SEO Pro 4.9.6.1 - aioseo.com -->\n\t<meta name=\"description\" content=\"El expresidente de la CEOE Gerardo D\u00edaz Ferr\u00e1n y el \u00faltimo director general de Marsans, Iv\u00e1n Losada, han presentado sendos escritos en el juicio que se sigue en la Audiencia Nacional por la apropiaci\u00f3n de 4,4 millones de euros de clientes que nunca llegaron a disfrutar los viajes que ten\u00edan contratados con el grupo tur\u00edstico,\" \/>\n\t<meta name=\"robots\" content=\"max-image-preview:large\" \/>\n\t<meta name=\"author\" content=\"admin\"\/>\n\t<meta name=\"google-site-verification\" content=\"UA-38556648-1\" \/>\n\t<meta name=\"keywords\" content=\"noticias y actualidad\" \/>\n\t<link rel=\"canonical\" href=\"https:\/\/eldigitaldeasturias.com\/magazine365\/la-fiscalia-rebaja-a-dos-anos-su-peticion-de-carcel-para-diaz-ferran-que-reconoce-haberse-apropiado-dinero-de-marsans\/\" \/>\n\t<meta name=\"generator\" content=\"All in One SEO Pro (AIOSEO) 4.9.6.1\" \/>\n\t\t<meta property=\"og:locale\" content=\"es_ES\" \/>\n\t\t<meta property=\"og:site_name\" content=\"El Digital de Asturias \u2013 Revista de ocio, turismo y estilo de vida\" \/>\n\t\t<meta property=\"og:type\" content=\"article\" \/>\n\t\t<meta property=\"og:title\" content=\"La Fiscal\u00eda rebaja a dos a\u00f1os su petici\u00f3n de c\u00e1rcel para D\u00edaz Ferr\u00e1n, que reconoce haberse apropiado dinero de Marsans | El Digital de Asturias\" \/>\n\t\t<meta property=\"og:description\" content=\"El expresidente de la CEOE Gerardo D\u00edaz Ferr\u00e1n y el \u00faltimo director general de Marsans, Iv\u00e1n Losada, han presentado sendos escritos en el juicio que se sigue en la Audiencia Nacional por la apropiaci\u00f3n de 4,4 millones de euros de clientes que nunca llegaron a disfrutar los viajes que ten\u00edan contratados con el grupo tur\u00edstico,\" \/>\n\t\t<meta property=\"og:url\" content=\"https:\/\/eldigitaldeasturias.com\/magazine365\/la-fiscalia-rebaja-a-dos-anos-su-peticion-de-carcel-para-diaz-ferran-que-reconoce-haberse-apropiado-dinero-de-marsans\/\" \/>\n\t\t<meta property=\"og:image\" content=\"https:\/\/eldigitaldeasturias.com\/magazine365\/wp-content\/uploads\/2016\/02\/fotonoticia_20160128131200_800.jpg\" \/>\n\t\t<meta property=\"og:image:secure_url\" content=\"https:\/\/eldigitaldeasturias.com\/magazine365\/wp-content\/uploads\/2016\/02\/fotonoticia_20160128131200_800.jpg\" \/>\n\t\t<meta property=\"og:image:width\" content=\"800\" \/>\n\t\t<meta property=\"og:image:height\" content=\"578\" \/>\n\t\t<meta property=\"article:published_time\" content=\"2016-02-02T13:55:05+00:00\" \/>\n\t\t<meta property=\"article:modified_time\" content=\"2016-02-02T13:55:05+00:00\" \/>\n\t\t<meta name=\"twitter:card\" content=\"summary_large_image\" \/>\n\t\t<meta name=\"twitter:title\" content=\"La Fiscal\u00eda rebaja a dos a\u00f1os su petici\u00f3n de c\u00e1rcel para D\u00edaz Ferr\u00e1n, que reconoce haberse apropiado dinero de Marsans | El Digital de Asturias\" \/>\n\t\t<meta name=\"twitter:description\" content=\"El expresidente de la CEOE Gerardo D\u00edaz Ferr\u00e1n y el \u00faltimo director general de Marsans, Iv\u00e1n Losada, han presentado sendos escritos en el juicio que se sigue en la Audiencia Nacional por la apropiaci\u00f3n de 4,4 millones de euros de clientes que nunca llegaron a disfrutar los viajes que ten\u00edan contratados con el grupo tur\u00edstico,\" \/>\n\t\t<meta name=\"twitter:image\" content=\"https:\/\/eldigitaldeasturias.com\/magazine365\/wp-content\/uploads\/2016\/02\/fotonoticia_20160128131200_800.jpg\" \/>\n\t\t<script type=\"application\/ld+json\" class=\"aioseo-schema\">\n\t\t\t{\"@context\":\"https:\\\/\\\/schema.org\",\"@graph\":[{\"@type\":\"Article\",\"@id\":\"https:\\\/\\\/eldigitaldeasturias.com\\\/magazine365\\\/la-fiscalia-rebaja-a-dos-anos-su-peticion-de-carcel-para-diaz-ferran-que-reconoce-haberse-apropiado-dinero-de-marsans\\\/#article\",\"name\":\"La Fiscal\\u00eda rebaja a dos a\\u00f1os su petici\\u00f3n de c\\u00e1rcel para D\\u00edaz Ferr\\u00e1n, que reconoce haberse apropiado dinero de Marsans | El Digital de Asturias\",\"headline\":\"La Fiscal\\u00eda rebaja a dos a\\u00f1os su petici\\u00f3n de c\\u00e1rcel para D\\u00edaz Ferr\\u00e1n, que reconoce haberse apropiado dinero de Marsans\",\"author\":{\"@id\":\"https:\\\/\\\/eldigitaldeasturias.com\\\/magazine365\\\/author\\\/admin\\\/#author\"},\"publisher\":{\"@id\":\"https:\\\/\\\/eldigitaldeasturias.com\\\/magazine365\\\/#organization\"},\"image\":{\"@type\":\"ImageObject\",\"url\":\"https:\\\/\\\/eldigitaldeasturias.com\\\/magazine365\\\/wp-content\\\/uploads\\\/2016\\\/02\\\/fotonoticia_20160128131200_800.jpg\",\"width\":800,\"height\":578},\"datePublished\":\"2016-02-02T14:55:05+01:00\",\"dateModified\":\"2016-02-02T14:55:05+01:00\",\"inLanguage\":\"es-ES\",\"mainEntityOfPage\":{\"@id\":\"https:\\\/\\\/eldigitaldeasturias.com\\\/magazine365\\\/la-fiscalia-rebaja-a-dos-anos-su-peticion-de-carcel-para-diaz-ferran-que-reconoce-haberse-apropiado-dinero-de-marsans\\\/#webpage\"},\"isPartOf\":{\"@id\":\"https:\\\/\\\/eldigitaldeasturias.com\\\/magazine365\\\/la-fiscalia-rebaja-a-dos-anos-su-peticion-de-carcel-para-diaz-ferran-que-reconoce-haberse-apropiado-dinero-de-marsans\\\/#webpage\"},\"articleSection\":\"Noticias y Actualidad\"},{\"@type\":\"BreadcrumbList\",\"@id\":\"https:\\\/\\\/eldigitaldeasturias.com\\\/magazine365\\\/la-fiscalia-rebaja-a-dos-anos-su-peticion-de-carcel-para-diaz-ferran-que-reconoce-haberse-apropiado-dinero-de-marsans\\\/#breadcrumblist\",\"itemListElement\":[{\"@type\":\"ListItem\",\"@id\":\"https:\\\/\\\/eldigitaldeasturias.com\\\/magazine365#listItem\",\"position\":1,\"name\":\"Home\",\"item\":\"https:\\\/\\\/eldigitaldeasturias.com\\\/magazine365\",\"nextItem\":{\"@type\":\"ListItem\",\"@id\":\"https:\\\/\\\/eldigitaldeasturias.com\\\/magazine365\\\/category\\\/noticias-actualidad\\\/#listItem\",\"name\":\"Noticias y Actualidad\"}},{\"@type\":\"ListItem\",\"@id\":\"https:\\\/\\\/eldigitaldeasturias.com\\\/magazine365\\\/category\\\/noticias-actualidad\\\/#listItem\",\"position\":2,\"name\":\"Noticias y Actualidad\",\"item\":\"https:\\\/\\\/eldigitaldeasturias.com\\\/magazine365\\\/category\\\/noticias-actualidad\\\/\",\"nextItem\":{\"@type\":\"ListItem\",\"@id\":\"https:\\\/\\\/eldigitaldeasturias.com\\\/magazine365\\\/la-fiscalia-rebaja-a-dos-anos-su-peticion-de-carcel-para-diaz-ferran-que-reconoce-haberse-apropiado-dinero-de-marsans\\\/#listItem\",\"name\":\"La Fiscal\\u00eda rebaja a dos a\\u00f1os su petici\\u00f3n de c\\u00e1rcel para D\\u00edaz Ferr\\u00e1n, que reconoce haberse apropiado dinero de Marsans\"},\"previousItem\":{\"@type\":\"ListItem\",\"@id\":\"https:\\\/\\\/eldigitaldeasturias.com\\\/magazine365#listItem\",\"name\":\"Home\"}},{\"@type\":\"ListItem\",\"@id\":\"https:\\\/\\\/eldigitaldeasturias.com\\\/magazine365\\\/la-fiscalia-rebaja-a-dos-anos-su-peticion-de-carcel-para-diaz-ferran-que-reconoce-haberse-apropiado-dinero-de-marsans\\\/#listItem\",\"position\":3,\"name\":\"La Fiscal\\u00eda rebaja a dos a\\u00f1os su petici\\u00f3n de c\\u00e1rcel para D\\u00edaz Ferr\\u00e1n, que reconoce haberse apropiado dinero de Marsans\",\"previousItem\":{\"@type\":\"ListItem\",\"@id\":\"https:\\\/\\\/eldigitaldeasturias.com\\\/magazine365\\\/category\\\/noticias-actualidad\\\/#listItem\",\"name\":\"Noticias y Actualidad\"}}]},{\"@type\":\"Organization\",\"@id\":\"https:\\\/\\\/eldigitaldeasturias.com\\\/magazine365\\\/#organization\",\"name\":\"El digital de Asturias\",\"description\":\"Revista de ocio, turismo y estilo de vida\",\"url\":\"https:\\\/\\\/eldigitaldeasturias.com\\\/magazine365\\\/\",\"logo\":{\"@type\":\"ImageObject\",\"url\":\"https:\\\/\\\/www.eldigitaldeasturias.com\\\/noticias\\\/wp-content\\\/uploads\\\/2020\\\/12\\\/EDA.jpg\",\"@id\":\"https:\\\/\\\/eldigitaldeasturias.com\\\/magazine365\\\/la-fiscalia-rebaja-a-dos-anos-su-peticion-de-carcel-para-diaz-ferran-que-reconoce-haberse-apropiado-dinero-de-marsans\\\/#organizationLogo\"},\"image\":{\"@id\":\"https:\\\/\\\/eldigitaldeasturias.com\\\/magazine365\\\/la-fiscalia-rebaja-a-dos-anos-su-peticion-de-carcel-para-diaz-ferran-que-reconoce-haberse-apropiado-dinero-de-marsans\\\/#organizationLogo\"}},{\"@type\":\"Person\",\"@id\":\"https:\\\/\\\/eldigitaldeasturias.com\\\/magazine365\\\/author\\\/admin\\\/#author\",\"url\":\"https:\\\/\\\/eldigitaldeasturias.com\\\/magazine365\\\/author\\\/admin\\\/\",\"name\":\"admin\",\"image\":{\"@type\":\"ImageObject\",\"@id\":\"https:\\\/\\\/eldigitaldeasturias.com\\\/magazine365\\\/la-fiscalia-rebaja-a-dos-anos-su-peticion-de-carcel-para-diaz-ferran-que-reconoce-haberse-apropiado-dinero-de-marsans\\\/#authorImage\",\"url\":\"https:\\\/\\\/eldigitaldeasturias.com\\\/magazine365\\\/wp-content\\\/litespeed\\\/avatar\\\/e571bcf59a0edd6fa6838245a470f2fe.jpg?ver=1776969259\",\"width\":96,\"height\":96,\"caption\":\"admin\"}},{\"@type\":\"WebPage\",\"@id\":\"https:\\\/\\\/eldigitaldeasturias.com\\\/magazine365\\\/la-fiscalia-rebaja-a-dos-anos-su-peticion-de-carcel-para-diaz-ferran-que-reconoce-haberse-apropiado-dinero-de-marsans\\\/#webpage\",\"url\":\"https:\\\/\\\/eldigitaldeasturias.com\\\/magazine365\\\/la-fiscalia-rebaja-a-dos-anos-su-peticion-de-carcel-para-diaz-ferran-que-reconoce-haberse-apropiado-dinero-de-marsans\\\/\",\"name\":\"La Fiscal\\u00eda rebaja a dos a\\u00f1os su petici\\u00f3n de c\\u00e1rcel para D\\u00edaz Ferr\\u00e1n, que reconoce haberse apropiado dinero de Marsans | El Digital de Asturias\",\"description\":\"El expresidente de la CEOE Gerardo D\\u00edaz Ferr\\u00e1n y el \\u00faltimo director general de Marsans, Iv\\u00e1n Losada, han presentado sendos escritos en el juicio que se sigue en la Audiencia Nacional por la apropiaci\\u00f3n de 4,4 millones de euros de clientes que nunca llegaron a disfrutar los viajes que ten\\u00edan contratados con el grupo tur\\u00edstico,\",\"inLanguage\":\"es-ES\",\"isPartOf\":{\"@id\":\"https:\\\/\\\/eldigitaldeasturias.com\\\/magazine365\\\/#website\"},\"breadcrumb\":{\"@id\":\"https:\\\/\\\/eldigitaldeasturias.com\\\/magazine365\\\/la-fiscalia-rebaja-a-dos-anos-su-peticion-de-carcel-para-diaz-ferran-que-reconoce-haberse-apropiado-dinero-de-marsans\\\/#breadcrumblist\"},\"author\":{\"@id\":\"https:\\\/\\\/eldigitaldeasturias.com\\\/magazine365\\\/author\\\/admin\\\/#author\"},\"creator\":{\"@id\":\"https:\\\/\\\/eldigitaldeasturias.com\\\/magazine365\\\/author\\\/admin\\\/#author\"},\"image\":{\"@type\":\"ImageObject\",\"url\":\"https:\\\/\\\/eldigitaldeasturias.com\\\/magazine365\\\/wp-content\\\/uploads\\\/2016\\\/02\\\/fotonoticia_20160128131200_800.jpg\",\"@id\":\"https:\\\/\\\/eldigitaldeasturias.com\\\/magazine365\\\/la-fiscalia-rebaja-a-dos-anos-su-peticion-de-carcel-para-diaz-ferran-que-reconoce-haberse-apropiado-dinero-de-marsans\\\/#mainImage\",\"width\":800,\"height\":578},\"primaryImageOfPage\":{\"@id\":\"https:\\\/\\\/eldigitaldeasturias.com\\\/magazine365\\\/la-fiscalia-rebaja-a-dos-anos-su-peticion-de-carcel-para-diaz-ferran-que-reconoce-haberse-apropiado-dinero-de-marsans\\\/#mainImage\"},\"datePublished\":\"2016-02-02T14:55:05+01:00\",\"dateModified\":\"2016-02-02T14:55:05+01:00\"},{\"@type\":\"WebSite\",\"@id\":\"https:\\\/\\\/eldigitaldeasturias.com\\\/magazine365\\\/#website\",\"url\":\"https:\\\/\\\/eldigitaldeasturias.com\\\/magazine365\\\/\",\"name\":\"El Digital de Asturias\",\"description\":\"Revista de ocio, turismo y estilo de vida\",\"inLanguage\":\"es-ES\",\"publisher\":{\"@id\":\"https:\\\/\\\/eldigitaldeasturias.com\\\/magazine365\\\/#organization\"}}]}\n\t\t<\/script>\n\t\t<!-- All in One SEO Pro -->\r\n\t\t<title>La Fiscal\u00eda rebaja a dos a\u00f1os su petici\u00f3n de c\u00e1rcel para D\u00edaz Ferr\u00e1n, que reconoce haberse apropiado dinero de Marsans | El Digital de Asturias<\/title>\n\n","aioseo_head_json":{"title":"La Fiscal\u00eda rebaja a dos a\u00f1os su petici\u00f3n de c\u00e1rcel para D\u00edaz Ferr\u00e1n, que reconoce haberse apropiado dinero de Marsans | El Digital de Asturias","description":"El expresidente de la CEOE Gerardo D\u00edaz Ferr\u00e1n y el \u00faltimo director general de Marsans, Iv\u00e1n Losada, han presentado sendos escritos en el juicio que se sigue en la Audiencia Nacional por la apropiaci\u00f3n de 4,4 millones de euros de clientes que nunca llegaron a disfrutar los viajes que ten\u00edan contratados con el grupo tur\u00edstico,","canonical_url":"https:\/\/eldigitaldeasturias.com\/magazine365\/la-fiscalia-rebaja-a-dos-anos-su-peticion-de-carcel-para-diaz-ferran-que-reconoce-haberse-apropiado-dinero-de-marsans\/","robots":"max-image-preview:large","keywords":"noticias y actualidad","webmasterTools":{"google-site-verification":"UA-38556648-1","miscellaneous":""},"schema":{"@context":"https:\/\/schema.org","@graph":[{"@type":"Article","@id":"https:\/\/eldigitaldeasturias.com\/magazine365\/la-fiscalia-rebaja-a-dos-anos-su-peticion-de-carcel-para-diaz-ferran-que-reconoce-haberse-apropiado-dinero-de-marsans\/#article","name":"La Fiscal\u00eda rebaja a dos a\u00f1os su petici\u00f3n de c\u00e1rcel para D\u00edaz Ferr\u00e1n, que reconoce haberse apropiado dinero de Marsans | El Digital de Asturias","headline":"La Fiscal\u00eda rebaja a dos a\u00f1os su petici\u00f3n de c\u00e1rcel para D\u00edaz Ferr\u00e1n, que reconoce haberse apropiado dinero de Marsans","author":{"@id":"https:\/\/eldigitaldeasturias.com\/magazine365\/author\/admin\/#author"},"publisher":{"@id":"https:\/\/eldigitaldeasturias.com\/magazine365\/#organization"},"image":{"@type":"ImageObject","url":"https:\/\/eldigitaldeasturias.com\/magazine365\/wp-content\/uploads\/2016\/02\/fotonoticia_20160128131200_800.jpg","width":800,"height":578},"datePublished":"2016-02-02T14:55:05+01:00","dateModified":"2016-02-02T14:55:05+01:00","inLanguage":"es-ES","mainEntityOfPage":{"@id":"https:\/\/eldigitaldeasturias.com\/magazine365\/la-fiscalia-rebaja-a-dos-anos-su-peticion-de-carcel-para-diaz-ferran-que-reconoce-haberse-apropiado-dinero-de-marsans\/#webpage"},"isPartOf":{"@id":"https:\/\/eldigitaldeasturias.com\/magazine365\/la-fiscalia-rebaja-a-dos-anos-su-peticion-de-carcel-para-diaz-ferran-que-reconoce-haberse-apropiado-dinero-de-marsans\/#webpage"},"articleSection":"Noticias y Actualidad"},{"@type":"BreadcrumbList","@id":"https:\/\/eldigitaldeasturias.com\/magazine365\/la-fiscalia-rebaja-a-dos-anos-su-peticion-de-carcel-para-diaz-ferran-que-reconoce-haberse-apropiado-dinero-de-marsans\/#breadcrumblist","itemListElement":[{"@type":"ListItem","@id":"https:\/\/eldigitaldeasturias.com\/magazine365#listItem","position":1,"name":"Home","item":"https:\/\/eldigitaldeasturias.com\/magazine365","nextItem":{"@type":"ListItem","@id":"https:\/\/eldigitaldeasturias.com\/magazine365\/category\/noticias-actualidad\/#listItem","name":"Noticias y Actualidad"}},{"@type":"ListItem","@id":"https:\/\/eldigitaldeasturias.com\/magazine365\/category\/noticias-actualidad\/#listItem","position":2,"name":"Noticias y Actualidad","item":"https:\/\/eldigitaldeasturias.com\/magazine365\/category\/noticias-actualidad\/","nextItem":{"@type":"ListItem","@id":"https:\/\/eldigitaldeasturias.com\/magazine365\/la-fiscalia-rebaja-a-dos-anos-su-peticion-de-carcel-para-diaz-ferran-que-reconoce-haberse-apropiado-dinero-de-marsans\/#listItem","name":"La Fiscal\u00eda rebaja a dos a\u00f1os su petici\u00f3n de c\u00e1rcel para D\u00edaz Ferr\u00e1n, que reconoce haberse apropiado dinero de Marsans"},"previousItem":{"@type":"ListItem","@id":"https:\/\/eldigitaldeasturias.com\/magazine365#listItem","name":"Home"}},{"@type":"ListItem","@id":"https:\/\/eldigitaldeasturias.com\/magazine365\/la-fiscalia-rebaja-a-dos-anos-su-peticion-de-carcel-para-diaz-ferran-que-reconoce-haberse-apropiado-dinero-de-marsans\/#listItem","position":3,"name":"La Fiscal\u00eda rebaja a dos a\u00f1os su petici\u00f3n de c\u00e1rcel para D\u00edaz Ferr\u00e1n, que reconoce haberse apropiado dinero de Marsans","previousItem":{"@type":"ListItem","@id":"https:\/\/eldigitaldeasturias.com\/magazine365\/category\/noticias-actualidad\/#listItem","name":"Noticias y Actualidad"}}]},{"@type":"Organization","@id":"https:\/\/eldigitaldeasturias.com\/magazine365\/#organization","name":"El digital de Asturias","description":"Revista de ocio, turismo y estilo de vida","url":"https:\/\/eldigitaldeasturias.com\/magazine365\/","logo":{"@type":"ImageObject","url":"https:\/\/www.eldigitaldeasturias.com\/noticias\/wp-content\/uploads\/2020\/12\/EDA.jpg","@id":"https:\/\/eldigitaldeasturias.com\/magazine365\/la-fiscalia-rebaja-a-dos-anos-su-peticion-de-carcel-para-diaz-ferran-que-reconoce-haberse-apropiado-dinero-de-marsans\/#organizationLogo"},"image":{"@id":"https:\/\/eldigitaldeasturias.com\/magazine365\/la-fiscalia-rebaja-a-dos-anos-su-peticion-de-carcel-para-diaz-ferran-que-reconoce-haberse-apropiado-dinero-de-marsans\/#organizationLogo"}},{"@type":"Person","@id":"https:\/\/eldigitaldeasturias.com\/magazine365\/author\/admin\/#author","url":"https:\/\/eldigitaldeasturias.com\/magazine365\/author\/admin\/","name":"admin","image":{"@type":"ImageObject","@id":"https:\/\/eldigitaldeasturias.com\/magazine365\/la-fiscalia-rebaja-a-dos-anos-su-peticion-de-carcel-para-diaz-ferran-que-reconoce-haberse-apropiado-dinero-de-marsans\/#authorImage","url":"https:\/\/eldigitaldeasturias.com\/magazine365\/wp-content\/litespeed\/avatar\/e571bcf59a0edd6fa6838245a470f2fe.jpg?ver=1776969259","width":96,"height":96,"caption":"admin"}},{"@type":"WebPage","@id":"https:\/\/eldigitaldeasturias.com\/magazine365\/la-fiscalia-rebaja-a-dos-anos-su-peticion-de-carcel-para-diaz-ferran-que-reconoce-haberse-apropiado-dinero-de-marsans\/#webpage","url":"https:\/\/eldigitaldeasturias.com\/magazine365\/la-fiscalia-rebaja-a-dos-anos-su-peticion-de-carcel-para-diaz-ferran-que-reconoce-haberse-apropiado-dinero-de-marsans\/","name":"La Fiscal\u00eda rebaja a dos a\u00f1os su petici\u00f3n de c\u00e1rcel para D\u00edaz Ferr\u00e1n, que reconoce haberse apropiado dinero de Marsans | El Digital de Asturias","description":"El expresidente de la CEOE Gerardo D\u00edaz Ferr\u00e1n y el \u00faltimo director general de Marsans, Iv\u00e1n Losada, han presentado sendos escritos en el juicio que se sigue en la Audiencia Nacional por la apropiaci\u00f3n de 4,4 millones de euros de clientes que nunca llegaron a disfrutar los viajes que ten\u00edan contratados con el grupo tur\u00edstico,","inLanguage":"es-ES","isPartOf":{"@id":"https:\/\/eldigitaldeasturias.com\/magazine365\/#website"},"breadcrumb":{"@id":"https:\/\/eldigitaldeasturias.com\/magazine365\/la-fiscalia-rebaja-a-dos-anos-su-peticion-de-carcel-para-diaz-ferran-que-reconoce-haberse-apropiado-dinero-de-marsans\/#breadcrumblist"},"author":{"@id":"https:\/\/eldigitaldeasturias.com\/magazine365\/author\/admin\/#author"},"creator":{"@id":"https:\/\/eldigitaldeasturias.com\/magazine365\/author\/admin\/#author"},"image":{"@type":"ImageObject","url":"https:\/\/eldigitaldeasturias.com\/magazine365\/wp-content\/uploads\/2016\/02\/fotonoticia_20160128131200_800.jpg","@id":"https:\/\/eldigitaldeasturias.com\/magazine365\/la-fiscalia-rebaja-a-dos-anos-su-peticion-de-carcel-para-diaz-ferran-que-reconoce-haberse-apropiado-dinero-de-marsans\/#mainImage","width":800,"height":578},"primaryImageOfPage":{"@id":"https:\/\/eldigitaldeasturias.com\/magazine365\/la-fiscalia-rebaja-a-dos-anos-su-peticion-de-carcel-para-diaz-ferran-que-reconoce-haberse-apropiado-dinero-de-marsans\/#mainImage"},"datePublished":"2016-02-02T14:55:05+01:00","dateModified":"2016-02-02T14:55:05+01:00"},{"@type":"WebSite","@id":"https:\/\/eldigitaldeasturias.com\/magazine365\/#website","url":"https:\/\/eldigitaldeasturias.com\/magazine365\/","name":"El Digital de Asturias","description":"Revista de ocio, turismo y estilo de vida","inLanguage":"es-ES","publisher":{"@id":"https:\/\/eldigitaldeasturias.com\/magazine365\/#organization"}}]},"og:locale":"es_ES","og:site_name":"El Digital de Asturias \u2013 Revista de ocio, turismo y estilo de vida","og:type":"article","og:title":"La Fiscal\u00eda rebaja a dos a\u00f1os su petici\u00f3n de c\u00e1rcel para D\u00edaz Ferr\u00e1n, que reconoce haberse apropiado dinero de Marsans | El Digital de Asturias","og:description":"El expresidente de la CEOE Gerardo D\u00edaz Ferr\u00e1n y el \u00faltimo director general de Marsans, Iv\u00e1n Losada, han presentado sendos escritos en el juicio que se sigue en la Audiencia Nacional por la apropiaci\u00f3n de 4,4 millones de euros de clientes que nunca llegaron a disfrutar los viajes que ten\u00edan contratados con el grupo tur\u00edstico,","og:url":"https:\/\/eldigitaldeasturias.com\/magazine365\/la-fiscalia-rebaja-a-dos-anos-su-peticion-de-carcel-para-diaz-ferran-que-reconoce-haberse-apropiado-dinero-de-marsans\/","og:image":"https:\/\/eldigitaldeasturias.com\/magazine365\/wp-content\/uploads\/2016\/02\/fotonoticia_20160128131200_800.jpg","og:image:secure_url":"https:\/\/eldigitaldeasturias.com\/magazine365\/wp-content\/uploads\/2016\/02\/fotonoticia_20160128131200_800.jpg","og:image:width":800,"og:image:height":578,"article:published_time":"2016-02-02T13:55:05+00:00","article:modified_time":"2016-02-02T13:55:05+00:00","twitter:card":"summary_large_image","twitter:title":"La Fiscal\u00eda rebaja a dos a\u00f1os su petici\u00f3n de c\u00e1rcel para D\u00edaz Ferr\u00e1n, que reconoce haberse apropiado dinero de Marsans | El Digital de Asturias","twitter:description":"El expresidente de la CEOE Gerardo D\u00edaz Ferr\u00e1n y el \u00faltimo director general de Marsans, Iv\u00e1n Losada, han presentado sendos escritos en el juicio que se sigue en la Audiencia Nacional por la apropiaci\u00f3n de 4,4 millones de euros de clientes que nunca llegaron a disfrutar los viajes que ten\u00edan contratados con el grupo tur\u00edstico,","twitter:image":"https:\/\/eldigitaldeasturias.com\/magazine365\/wp-content\/uploads\/2016\/02\/fotonoticia_20160128131200_800.jpg"},"aioseo_meta_data":{"post_id":"62606","title":null,"description":null,"keywords":null,"keyphrases":null,"primary_term":null,"canonical_url":null,"og_title":null,"og_description":null,"og_object_type":"default","og_image_type":"default","og_image_url":null,"og_image_width":null,"og_image_height":null,"og_image_custom_url":null,"og_image_custom_fields":null,"og_video":null,"og_custom_url":null,"og_article_section":null,"og_article_tags":null,"twitter_use_og":false,"twitter_card":"default","twitter_image_type":"default","twitter_image_url":null,"twitter_image_custom_url":null,"twitter_image_custom_fields":null,"twitter_title":null,"twitter_description":null,"schema":{"blockGraphs":[],"customGraphs":[],"default":{"data":{"Article":[],"Course":[],"Dataset":[],"FAQPage":[],"Movie":[],"Person":[],"Product":[],"ProductReview":[],"Car":[],"Recipe":[],"Service":[],"SoftwareApplication":[],"WebPage":[]},"graphName":"","isEnabled":true},"graphs":[],"defaultGraph":"","defaultPostTypeGraph":""},"schema_type":null,"schema_type_options":null,"pillar_content":false,"robots_default":true,"robots_noindex":false,"robots_noarchive":false,"robots_nosnippet":false,"robots_nofollow":false,"robots_noimageindex":false,"robots_noodp":false,"robots_notranslate":false,"robots_max_snippet":null,"robots_max_videopreview":null,"robots_max_imagepreview":"large","priority":null,"frequency":null,"location":null,"local_seo":null,"seo_analyzer_scan_date":"2025-09-25 11:32:13","breadcrumb_settings":null,"limit_modified_date":false,"open_ai":null,"ai":null,"created":"2021-03-08 20:39:54","updated":"2025-09-25 11:32:13"},"aioseo_breadcrumb":"<div class=\"aioseo-breadcrumbs\"><span class=\"aioseo-breadcrumb\">\n\t<a href=\"https:\/\/eldigitaldeasturias.com\/magazine365\" title=\"Home\">Home<\/a>\n<\/span><span class=\"aioseo-breadcrumb-separator\">\u2013<\/span><span class=\"aioseo-breadcrumb\">\n\t<a href=\"https:\/\/eldigitaldeasturias.com\/magazine365\/category\/noticias-actualidad\/\" title=\"Noticias y Actualidad\">Noticias y Actualidad<\/a>\n<\/span><span class=\"aioseo-breadcrumb-separator\">\u2013<\/span><span class=\"aioseo-breadcrumb\">\n\t<a href=\"https:\/\/eldigitaldeasturias.com\/magazine365\/la-fiscalia-rebaja-a-dos-anos-su-peticion-de-carcel-para-diaz-ferran-que-reconoce-haberse-apropiado-dinero-de-marsans\/\" title=\"La Fiscal\u00eda rebaja a dos a\u00f1os su petici\u00f3n de c\u00e1rcel para D\u00edaz Ferr\u00e1n, que reconoce haberse apropiado dinero de Marsans\">La Fiscal\u00eda rebaja a dos a\u00f1os su petici\u00f3n de c\u00e1rcel para D\u00edaz Ferr\u00e1n, que reconoce haberse apropiado dinero de Marsans<\/a>\n<\/span><\/div>","aioseo_breadcrumb_json":[{"label":"Home","link":"https:\/\/eldigitaldeasturias.com\/magazine365"},{"label":"Noticias y Actualidad","link":"https:\/\/eldigitaldeasturias.com\/magazine365\/category\/noticias-actualidad\/"},{"label":"La Fiscal\u00eda rebaja a dos a\u00f1os su petici\u00f3n de c\u00e1rcel para D\u00edaz Ferr\u00e1n, que reconoce haberse apropiado dinero de Marsans","link":"https:\/\/eldigitaldeasturias.com\/magazine365\/la-fiscalia-rebaja-a-dos-anos-su-peticion-de-carcel-para-diaz-ferran-que-reconoce-haberse-apropiado-dinero-de-marsans\/"}],"_links":{"self":[{"href":"https:\/\/eldigitaldeasturias.com\/magazine365\/wp-json\/wp\/v2\/posts\/62606","targetHints":{"allow":["GET"]}}],"collection":[{"href":"https:\/\/eldigitaldeasturias.com\/magazine365\/wp-json\/wp\/v2\/posts"}],"about":[{"href":"https:\/\/eldigitaldeasturias.com\/magazine365\/wp-json\/wp\/v2\/types\/post"}],"author":[{"embeddable":true,"href":"https:\/\/eldigitaldeasturias.com\/magazine365\/wp-json\/wp\/v2\/users\/1"}],"replies":[{"embeddable":true,"href":"https:\/\/eldigitaldeasturias.com\/magazine365\/wp-json\/wp\/v2\/comments?post=62606"}],"version-history":[{"count":0,"href":"https:\/\/eldigitaldeasturias.com\/magazine365\/wp-json\/wp\/v2\/posts\/62606\/revisions"}],"wp:featuredmedia":[{"embeddable":true,"href":"https:\/\/eldigitaldeasturias.com\/magazine365\/wp-json\/wp\/v2\/media\/62607"}],"wp:attachment":[{"href":"https:\/\/eldigitaldeasturias.com\/magazine365\/wp-json\/wp\/v2\/media?parent=62606"}],"wp:term":[{"taxonomy":"category","embeddable":true,"href":"https:\/\/eldigitaldeasturias.com\/magazine365\/wp-json\/wp\/v2\/categories?post=62606"},{"taxonomy":"post_tag","embeddable":true,"href":"https:\/\/eldigitaldeasturias.com\/magazine365\/wp-json\/wp\/v2\/tags?post=62606"}],"curies":[{"name":"wp","href":"https:\/\/api.w.org\/{rel}","templated":true}]}}