{"id":62603,"date":"2016-02-02T14:54:09","date_gmt":"2016-02-02T13:54:09","guid":{"rendered":"http:\/\/eldigitaldeasturias.com\/magazine365\/?p=62603"},"modified":"2016-02-02T14:54:09","modified_gmt":"2016-02-02T13:54:09","slug":"bonet-celebra-que-la-l9-por-fin-conecte-el-aeropuerto-con-fira-de-barcelona","status":"publish","type":"post","link":"https:\/\/eldigitaldeasturias.com\/magazine365\/bonet-celebra-que-la-l9-por-fin-conecte-el-aeropuerto-con-fira-de-barcelona\/","title":{"rendered":"Bonet celebra que la L9 \u00abpor fin\u00bb conecte el Aeropuerto con Fira de Barcelona"},"content":{"rendered":"<p><img fetchpriority=\"high\" decoding=\"async\" class=\"alignleft size-medium wp-image-62604\" src=\"https:\/\/eldigitaldeasturias.com\/magazine365\/wp-content\/uploads\/2016\/02\/fotonoticia_20160128130116_800-360x240.jpg\" alt=\"fotonoticia_20160128130116_800\" width=\"360\" height=\"240\" srcset=\"https:\/\/eldigitaldeasturias.com\/magazine365\/wp-content\/uploads\/2016\/02\/fotonoticia_20160128130116_800-360x240.jpg 360w, https:\/\/eldigitaldeasturias.com\/magazine365\/wp-content\/uploads\/2016\/02\/fotonoticia_20160128130116_800-650x433.jpg 650w, https:\/\/eldigitaldeasturias.com\/magazine365\/wp-content\/uploads\/2016\/02\/fotonoticia_20160128130116_800-768x512.jpg 768w, https:\/\/eldigitaldeasturias.com\/magazine365\/wp-content\/uploads\/2016\/02\/fotonoticia_20160128130116_800-150x100.jpg 150w, https:\/\/eldigitaldeasturias.com\/magazine365\/wp-content\/uploads\/2016\/02\/fotonoticia_20160128130116_800-450x300.jpg 450w, https:\/\/eldigitaldeasturias.com\/magazine365\/wp-content\/uploads\/2016\/02\/fotonoticia_20160128130116_800-696x464.jpg 696w, https:\/\/eldigitaldeasturias.com\/magazine365\/wp-content\/uploads\/2016\/02\/fotonoticia_20160128130116_800-630x420.jpg 630w, https:\/\/eldigitaldeasturias.com\/magazine365\/wp-content\/uploads\/2016\/02\/fotonoticia_20160128130116_800-101x66.jpg 101w, https:\/\/eldigitaldeasturias.com\/magazine365\/wp-content\/uploads\/2016\/02\/fotonoticia_20160128130116_800.jpg 800w\" sizes=\"(max-width: 360px) 100vw, 360px\" \/>El presidente de Fira de Barcelona, Josep Llu\u00eds Bonet, ha celebrado este jueves que la L9 de Metro \u00abpor fin\u00bb conecte el Aeropuerto de El Prat con el recinto ferial de Gran Via, en L&#8217;Hospitalet de Llobregat (Barcelona).<\/p>\n<p>\u00abEs una muy buena noticia que la L9 de Metro pueda transportar a los congresistas desde el Aeropuerto a Fira\u00bb, ha dicho Bonet en declaraciones a los medios tras presentar la feria Alimentaria 2016.<\/p>\n<p>\u00abHemos tenido que tener paciencia, pero finalmente ha llegado. Estamos muy felices\u00bb, ha a\u00f1adido el presidente de Fira de Barcelona, ya que el recinto ferial atrae a miles de congresistas internacionales con sus salones, como el Mobile World Congress o Alimentaria.<\/p>\n<p>El tramo entre Zona Universitaria y el Aeropuerto de Barcelona de la L9 entrar\u00e1 en funcionamiento el 12 de febrero, un trayecto que se recorrer\u00e1 en 32 minutos, y los trenes tendr\u00e1n una frecuencia de paso de siete minutos, que se podr\u00e1n reducir a cuatro ante grandes eventos.<\/p>\n<p>Los 20,7 kil\u00f3metros de este tramo unir\u00e1n los municipios de Barcelona, L&#8217;Hospitalet de Llobregat y El Prat de Llobregat a trav\u00e9s de 15 estaciones: Zona Universitaria, Collblanc, Torrassa, Can Tries-Gornal, Europa-Fira, Fira, Parc Log\u00edstic, Mercabarna, Les Moreres, El Prat Estaci\u00f3, C\u00e8ntric, Parc Nou, Mas Blau, Aeroport-T2 y Aeroport-T1.<\/p>\n","protected":false},"excerpt":{"rendered":"<p>El presidente de Fira de Barcelona, Josep Llu\u00eds Bonet, ha celebrado este jueves que la L9 de Metro \u00abpor fin\u00bb conecte el Aeropuerto de El Prat con el recinto ferial de Gran Via, en L&#8217;Hospitalet de Llobregat (Barcelona). \u00abEs una muy buena noticia que la L9 de Metro pueda transportar a los congresistas desde el<\/p>\n","protected":false},"author":1,"featured_media":62604,"comment_status":"open","ping_status":"closed","sticky":false,"template":"","format":"standard","meta":{"footnotes":""},"categories":[224],"tags":[],"class_list":{"0":"post-62603","1":"post","2":"type-post","3":"status-publish","4":"format-standard","5":"has-post-thumbnail","7":"category-noticias-actualidad"},"aioseo_notices":[],"aioseo_head":"\n\t\t<!-- All in One SEO Pro 4.9.6.1 - aioseo.com -->\n\t<meta name=\"description\" content=\"El presidente de Fira de Barcelona, Josep Llu\u00eds Bonet, ha celebrado este jueves que la L9 de Metro &quot;por fin&quot; conecte el Aeropuerto de El Prat con el recinto ferial de Gran Via, en L&#039;Hospitalet de Llobregat (Barcelona). &quot;Es una muy buena noticia que la L9 de Metro pueda transportar a los congresistas desde el\" \/>\n\t<meta name=\"robots\" content=\"max-image-preview:large\" \/>\n\t<meta name=\"author\" content=\"admin\"\/>\n\t<meta name=\"google-site-verification\" content=\"UA-38556648-1\" \/>\n\t<meta name=\"keywords\" content=\"noticias y actualidad\" \/>\n\t<link rel=\"canonical\" href=\"https:\/\/eldigitaldeasturias.com\/magazine365\/bonet-celebra-que-la-l9-por-fin-conecte-el-aeropuerto-con-fira-de-barcelona\/\" \/>\n\t<meta name=\"generator\" content=\"All in One SEO Pro (AIOSEO) 4.9.6.1\" \/>\n\t\t<meta property=\"og:locale\" content=\"es_ES\" \/>\n\t\t<meta property=\"og:site_name\" content=\"El Digital de Asturias \u2013 Revista de ocio, turismo y estilo de vida\" \/>\n\t\t<meta property=\"og:type\" content=\"article\" \/>\n\t\t<meta property=\"og:title\" content=\"Bonet celebra que la L9 \u00abpor fin\u00bb conecte el Aeropuerto con Fira de Barcelona | El Digital de Asturias\" \/>\n\t\t<meta property=\"og:description\" content=\"El presidente de Fira de Barcelona, Josep Llu\u00eds Bonet, ha celebrado este jueves que la L9 de Metro &quot;por fin&quot; conecte el Aeropuerto de El Prat con el recinto ferial de Gran Via, en L&#039;Hospitalet de Llobregat (Barcelona). &quot;Es una muy buena noticia que la L9 de Metro pueda transportar a los congresistas desde el\" \/>\n\t\t<meta property=\"og:url\" content=\"https:\/\/eldigitaldeasturias.com\/magazine365\/bonet-celebra-que-la-l9-por-fin-conecte-el-aeropuerto-con-fira-de-barcelona\/\" \/>\n\t\t<meta property=\"og:image\" content=\"https:\/\/eldigitaldeasturias.com\/magazine365\/wp-content\/uploads\/2016\/02\/fotonoticia_20160128130116_800.jpg\" \/>\n\t\t<meta property=\"og:image:secure_url\" content=\"https:\/\/eldigitaldeasturias.com\/magazine365\/wp-content\/uploads\/2016\/02\/fotonoticia_20160128130116_800.jpg\" \/>\n\t\t<meta property=\"og:image:width\" content=\"800\" \/>\n\t\t<meta property=\"og:image:height\" content=\"533\" \/>\n\t\t<meta property=\"article:published_time\" content=\"2016-02-02T13:54:09+00:00\" \/>\n\t\t<meta property=\"article:modified_time\" content=\"2016-02-02T13:54:09+00:00\" \/>\n\t\t<meta name=\"twitter:card\" content=\"summary_large_image\" \/>\n\t\t<meta name=\"twitter:title\" content=\"Bonet celebra que la L9 \u00abpor fin\u00bb conecte el Aeropuerto con Fira de Barcelona | El Digital de Asturias\" \/>\n\t\t<meta name=\"twitter:description\" content=\"El presidente de Fira de Barcelona, Josep Llu\u00eds Bonet, ha celebrado este jueves que la L9 de Metro &quot;por fin&quot; conecte el Aeropuerto de El Prat con el recinto ferial de Gran Via, en L&#039;Hospitalet de Llobregat (Barcelona). &quot;Es una muy buena noticia que la L9 de Metro pueda transportar a los congresistas desde el\" \/>\n\t\t<meta name=\"twitter:image\" content=\"https:\/\/eldigitaldeasturias.com\/magazine365\/wp-content\/uploads\/2016\/02\/fotonoticia_20160128130116_800.jpg\" \/>\n\t\t<script type=\"application\/ld+json\" class=\"aioseo-schema\">\n\t\t\t{\"@context\":\"https:\\\/\\\/schema.org\",\"@graph\":[{\"@type\":\"Article\",\"@id\":\"https:\\\/\\\/eldigitaldeasturias.com\\\/magazine365\\\/bonet-celebra-que-la-l9-por-fin-conecte-el-aeropuerto-con-fira-de-barcelona\\\/#article\",\"name\":\"Bonet celebra que la L9 \\u00abpor fin\\u00bb conecte el Aeropuerto con Fira de Barcelona | El Digital de Asturias\",\"headline\":\"Bonet celebra que la L9 \\u00abpor fin\\u00bb conecte el Aeropuerto con Fira de Barcelona\",\"author\":{\"@id\":\"https:\\\/\\\/eldigitaldeasturias.com\\\/magazine365\\\/author\\\/admin\\\/#author\"},\"publisher\":{\"@id\":\"https:\\\/\\\/eldigitaldeasturias.com\\\/magazine365\\\/#organization\"},\"image\":{\"@type\":\"ImageObject\",\"url\":\"https:\\\/\\\/eldigitaldeasturias.com\\\/magazine365\\\/wp-content\\\/uploads\\\/2016\\\/02\\\/fotonoticia_20160128130116_800.jpg\",\"width\":800,\"height\":533},\"datePublished\":\"2016-02-02T14:54:09+01:00\",\"dateModified\":\"2016-02-02T14:54:09+01:00\",\"inLanguage\":\"es-ES\",\"mainEntityOfPage\":{\"@id\":\"https:\\\/\\\/eldigitaldeasturias.com\\\/magazine365\\\/bonet-celebra-que-la-l9-por-fin-conecte-el-aeropuerto-con-fira-de-barcelona\\\/#webpage\"},\"isPartOf\":{\"@id\":\"https:\\\/\\\/eldigitaldeasturias.com\\\/magazine365\\\/bonet-celebra-que-la-l9-por-fin-conecte-el-aeropuerto-con-fira-de-barcelona\\\/#webpage\"},\"articleSection\":\"Noticias y Actualidad\"},{\"@type\":\"BreadcrumbList\",\"@id\":\"https:\\\/\\\/eldigitaldeasturias.com\\\/magazine365\\\/bonet-celebra-que-la-l9-por-fin-conecte-el-aeropuerto-con-fira-de-barcelona\\\/#breadcrumblist\",\"itemListElement\":[{\"@type\":\"ListItem\",\"@id\":\"https:\\\/\\\/eldigitaldeasturias.com\\\/magazine365#listItem\",\"position\":1,\"name\":\"Home\",\"item\":\"https:\\\/\\\/eldigitaldeasturias.com\\\/magazine365\",\"nextItem\":{\"@type\":\"ListItem\",\"@id\":\"https:\\\/\\\/eldigitaldeasturias.com\\\/magazine365\\\/category\\\/noticias-actualidad\\\/#listItem\",\"name\":\"Noticias y Actualidad\"}},{\"@type\":\"ListItem\",\"@id\":\"https:\\\/\\\/eldigitaldeasturias.com\\\/magazine365\\\/category\\\/noticias-actualidad\\\/#listItem\",\"position\":2,\"name\":\"Noticias y Actualidad\",\"item\":\"https:\\\/\\\/eldigitaldeasturias.com\\\/magazine365\\\/category\\\/noticias-actualidad\\\/\",\"nextItem\":{\"@type\":\"ListItem\",\"@id\":\"https:\\\/\\\/eldigitaldeasturias.com\\\/magazine365\\\/bonet-celebra-que-la-l9-por-fin-conecte-el-aeropuerto-con-fira-de-barcelona\\\/#listItem\",\"name\":\"Bonet celebra que la L9 \\u00abpor fin\\u00bb conecte el Aeropuerto con Fira de Barcelona\"},\"previousItem\":{\"@type\":\"ListItem\",\"@id\":\"https:\\\/\\\/eldigitaldeasturias.com\\\/magazine365#listItem\",\"name\":\"Home\"}},{\"@type\":\"ListItem\",\"@id\":\"https:\\\/\\\/eldigitaldeasturias.com\\\/magazine365\\\/bonet-celebra-que-la-l9-por-fin-conecte-el-aeropuerto-con-fira-de-barcelona\\\/#listItem\",\"position\":3,\"name\":\"Bonet celebra que la L9 \\u00abpor fin\\u00bb conecte el Aeropuerto con Fira de Barcelona\",\"previousItem\":{\"@type\":\"ListItem\",\"@id\":\"https:\\\/\\\/eldigitaldeasturias.com\\\/magazine365\\\/category\\\/noticias-actualidad\\\/#listItem\",\"name\":\"Noticias y Actualidad\"}}]},{\"@type\":\"Organization\",\"@id\":\"https:\\\/\\\/eldigitaldeasturias.com\\\/magazine365\\\/#organization\",\"name\":\"El digital de Asturias\",\"description\":\"Revista de ocio, turismo y estilo de vida\",\"url\":\"https:\\\/\\\/eldigitaldeasturias.com\\\/magazine365\\\/\",\"logo\":{\"@type\":\"ImageObject\",\"url\":\"https:\\\/\\\/www.eldigitaldeasturias.com\\\/noticias\\\/wp-content\\\/uploads\\\/2020\\\/12\\\/EDA.jpg\",\"@id\":\"https:\\\/\\\/eldigitaldeasturias.com\\\/magazine365\\\/bonet-celebra-que-la-l9-por-fin-conecte-el-aeropuerto-con-fira-de-barcelona\\\/#organizationLogo\"},\"image\":{\"@id\":\"https:\\\/\\\/eldigitaldeasturias.com\\\/magazine365\\\/bonet-celebra-que-la-l9-por-fin-conecte-el-aeropuerto-con-fira-de-barcelona\\\/#organizationLogo\"}},{\"@type\":\"Person\",\"@id\":\"https:\\\/\\\/eldigitaldeasturias.com\\\/magazine365\\\/author\\\/admin\\\/#author\",\"url\":\"https:\\\/\\\/eldigitaldeasturias.com\\\/magazine365\\\/author\\\/admin\\\/\",\"name\":\"admin\",\"image\":{\"@type\":\"ImageObject\",\"@id\":\"https:\\\/\\\/eldigitaldeasturias.com\\\/magazine365\\\/bonet-celebra-que-la-l9-por-fin-conecte-el-aeropuerto-con-fira-de-barcelona\\\/#authorImage\",\"url\":\"https:\\\/\\\/eldigitaldeasturias.com\\\/magazine365\\\/wp-content\\\/litespeed\\\/avatar\\\/e571bcf59a0edd6fa6838245a470f2fe.jpg?ver=1776969259\",\"width\":96,\"height\":96,\"caption\":\"admin\"}},{\"@type\":\"WebPage\",\"@id\":\"https:\\\/\\\/eldigitaldeasturias.com\\\/magazine365\\\/bonet-celebra-que-la-l9-por-fin-conecte-el-aeropuerto-con-fira-de-barcelona\\\/#webpage\",\"url\":\"https:\\\/\\\/eldigitaldeasturias.com\\\/magazine365\\\/bonet-celebra-que-la-l9-por-fin-conecte-el-aeropuerto-con-fira-de-barcelona\\\/\",\"name\":\"Bonet celebra que la L9 \\u00abpor fin\\u00bb conecte el Aeropuerto con Fira de Barcelona | El Digital de Asturias\",\"description\":\"El presidente de Fira de Barcelona, Josep Llu\\u00eds Bonet, ha celebrado este jueves que la L9 de Metro \\\"por fin\\\" conecte el Aeropuerto de El Prat con el recinto ferial de Gran Via, en L'Hospitalet de Llobregat (Barcelona). \\\"Es una muy buena noticia que la L9 de Metro pueda transportar a los congresistas desde el\",\"inLanguage\":\"es-ES\",\"isPartOf\":{\"@id\":\"https:\\\/\\\/eldigitaldeasturias.com\\\/magazine365\\\/#website\"},\"breadcrumb\":{\"@id\":\"https:\\\/\\\/eldigitaldeasturias.com\\\/magazine365\\\/bonet-celebra-que-la-l9-por-fin-conecte-el-aeropuerto-con-fira-de-barcelona\\\/#breadcrumblist\"},\"author\":{\"@id\":\"https:\\\/\\\/eldigitaldeasturias.com\\\/magazine365\\\/author\\\/admin\\\/#author\"},\"creator\":{\"@id\":\"https:\\\/\\\/eldigitaldeasturias.com\\\/magazine365\\\/author\\\/admin\\\/#author\"},\"image\":{\"@type\":\"ImageObject\",\"url\":\"https:\\\/\\\/eldigitaldeasturias.com\\\/magazine365\\\/wp-content\\\/uploads\\\/2016\\\/02\\\/fotonoticia_20160128130116_800.jpg\",\"@id\":\"https:\\\/\\\/eldigitaldeasturias.com\\\/magazine365\\\/bonet-celebra-que-la-l9-por-fin-conecte-el-aeropuerto-con-fira-de-barcelona\\\/#mainImage\",\"width\":800,\"height\":533},\"primaryImageOfPage\":{\"@id\":\"https:\\\/\\\/eldigitaldeasturias.com\\\/magazine365\\\/bonet-celebra-que-la-l9-por-fin-conecte-el-aeropuerto-con-fira-de-barcelona\\\/#mainImage\"},\"datePublished\":\"2016-02-02T14:54:09+01:00\",\"dateModified\":\"2016-02-02T14:54:09+01:00\"},{\"@type\":\"WebSite\",\"@id\":\"https:\\\/\\\/eldigitaldeasturias.com\\\/magazine365\\\/#website\",\"url\":\"https:\\\/\\\/eldigitaldeasturias.com\\\/magazine365\\\/\",\"name\":\"El Digital de Asturias\",\"description\":\"Revista de ocio, turismo y estilo de vida\",\"inLanguage\":\"es-ES\",\"publisher\":{\"@id\":\"https:\\\/\\\/eldigitaldeasturias.com\\\/magazine365\\\/#organization\"}}]}\n\t\t<\/script>\n\t\t<!-- All in One SEO Pro -->\r\n\t\t<title>Bonet celebra que la L9 \u00abpor fin\u00bb conecte el Aeropuerto con Fira de Barcelona | El Digital de Asturias<\/title>\n\n","aioseo_head_json":{"title":"Bonet celebra que la L9 \u00abpor fin\u00bb conecte el Aeropuerto con Fira de Barcelona | El Digital de Asturias","description":"El presidente de Fira de Barcelona, Josep Llu\u00eds Bonet, ha celebrado este jueves que la L9 de Metro \"por fin\" conecte el Aeropuerto de El Prat con el recinto ferial de Gran Via, en L'Hospitalet de Llobregat (Barcelona). \"Es una muy buena noticia que la L9 de Metro pueda transportar a los congresistas desde el","canonical_url":"https:\/\/eldigitaldeasturias.com\/magazine365\/bonet-celebra-que-la-l9-por-fin-conecte-el-aeropuerto-con-fira-de-barcelona\/","robots":"max-image-preview:large","keywords":"noticias y actualidad","webmasterTools":{"google-site-verification":"UA-38556648-1","miscellaneous":""},"schema":{"@context":"https:\/\/schema.org","@graph":[{"@type":"Article","@id":"https:\/\/eldigitaldeasturias.com\/magazine365\/bonet-celebra-que-la-l9-por-fin-conecte-el-aeropuerto-con-fira-de-barcelona\/#article","name":"Bonet celebra que la L9 \u00abpor fin\u00bb conecte el Aeropuerto con Fira de Barcelona | El Digital de Asturias","headline":"Bonet celebra que la L9 \u00abpor fin\u00bb conecte el Aeropuerto con Fira de Barcelona","author":{"@id":"https:\/\/eldigitaldeasturias.com\/magazine365\/author\/admin\/#author"},"publisher":{"@id":"https:\/\/eldigitaldeasturias.com\/magazine365\/#organization"},"image":{"@type":"ImageObject","url":"https:\/\/eldigitaldeasturias.com\/magazine365\/wp-content\/uploads\/2016\/02\/fotonoticia_20160128130116_800.jpg","width":800,"height":533},"datePublished":"2016-02-02T14:54:09+01:00","dateModified":"2016-02-02T14:54:09+01:00","inLanguage":"es-ES","mainEntityOfPage":{"@id":"https:\/\/eldigitaldeasturias.com\/magazine365\/bonet-celebra-que-la-l9-por-fin-conecte-el-aeropuerto-con-fira-de-barcelona\/#webpage"},"isPartOf":{"@id":"https:\/\/eldigitaldeasturias.com\/magazine365\/bonet-celebra-que-la-l9-por-fin-conecte-el-aeropuerto-con-fira-de-barcelona\/#webpage"},"articleSection":"Noticias y Actualidad"},{"@type":"BreadcrumbList","@id":"https:\/\/eldigitaldeasturias.com\/magazine365\/bonet-celebra-que-la-l9-por-fin-conecte-el-aeropuerto-con-fira-de-barcelona\/#breadcrumblist","itemListElement":[{"@type":"ListItem","@id":"https:\/\/eldigitaldeasturias.com\/magazine365#listItem","position":1,"name":"Home","item":"https:\/\/eldigitaldeasturias.com\/magazine365","nextItem":{"@type":"ListItem","@id":"https:\/\/eldigitaldeasturias.com\/magazine365\/category\/noticias-actualidad\/#listItem","name":"Noticias y Actualidad"}},{"@type":"ListItem","@id":"https:\/\/eldigitaldeasturias.com\/magazine365\/category\/noticias-actualidad\/#listItem","position":2,"name":"Noticias y Actualidad","item":"https:\/\/eldigitaldeasturias.com\/magazine365\/category\/noticias-actualidad\/","nextItem":{"@type":"ListItem","@id":"https:\/\/eldigitaldeasturias.com\/magazine365\/bonet-celebra-que-la-l9-por-fin-conecte-el-aeropuerto-con-fira-de-barcelona\/#listItem","name":"Bonet celebra que la L9 \u00abpor fin\u00bb conecte el Aeropuerto con Fira de Barcelona"},"previousItem":{"@type":"ListItem","@id":"https:\/\/eldigitaldeasturias.com\/magazine365#listItem","name":"Home"}},{"@type":"ListItem","@id":"https:\/\/eldigitaldeasturias.com\/magazine365\/bonet-celebra-que-la-l9-por-fin-conecte-el-aeropuerto-con-fira-de-barcelona\/#listItem","position":3,"name":"Bonet celebra que la L9 \u00abpor fin\u00bb conecte el Aeropuerto con Fira de Barcelona","previousItem":{"@type":"ListItem","@id":"https:\/\/eldigitaldeasturias.com\/magazine365\/category\/noticias-actualidad\/#listItem","name":"Noticias y Actualidad"}}]},{"@type":"Organization","@id":"https:\/\/eldigitaldeasturias.com\/magazine365\/#organization","name":"El digital de Asturias","description":"Revista de ocio, turismo y estilo de vida","url":"https:\/\/eldigitaldeasturias.com\/magazine365\/","logo":{"@type":"ImageObject","url":"https:\/\/www.eldigitaldeasturias.com\/noticias\/wp-content\/uploads\/2020\/12\/EDA.jpg","@id":"https:\/\/eldigitaldeasturias.com\/magazine365\/bonet-celebra-que-la-l9-por-fin-conecte-el-aeropuerto-con-fira-de-barcelona\/#organizationLogo"},"image":{"@id":"https:\/\/eldigitaldeasturias.com\/magazine365\/bonet-celebra-que-la-l9-por-fin-conecte-el-aeropuerto-con-fira-de-barcelona\/#organizationLogo"}},{"@type":"Person","@id":"https:\/\/eldigitaldeasturias.com\/magazine365\/author\/admin\/#author","url":"https:\/\/eldigitaldeasturias.com\/magazine365\/author\/admin\/","name":"admin","image":{"@type":"ImageObject","@id":"https:\/\/eldigitaldeasturias.com\/magazine365\/bonet-celebra-que-la-l9-por-fin-conecte-el-aeropuerto-con-fira-de-barcelona\/#authorImage","url":"https:\/\/eldigitaldeasturias.com\/magazine365\/wp-content\/litespeed\/avatar\/e571bcf59a0edd6fa6838245a470f2fe.jpg?ver=1776969259","width":96,"height":96,"caption":"admin"}},{"@type":"WebPage","@id":"https:\/\/eldigitaldeasturias.com\/magazine365\/bonet-celebra-que-la-l9-por-fin-conecte-el-aeropuerto-con-fira-de-barcelona\/#webpage","url":"https:\/\/eldigitaldeasturias.com\/magazine365\/bonet-celebra-que-la-l9-por-fin-conecte-el-aeropuerto-con-fira-de-barcelona\/","name":"Bonet celebra que la L9 \u00abpor fin\u00bb conecte el Aeropuerto con Fira de Barcelona | El Digital de Asturias","description":"El presidente de Fira de Barcelona, Josep Llu\u00eds Bonet, ha celebrado este jueves que la L9 de Metro \"por fin\" conecte el Aeropuerto de El Prat con el recinto ferial de Gran Via, en L'Hospitalet de Llobregat (Barcelona). \"Es una muy buena noticia que la L9 de Metro pueda transportar a los congresistas desde el","inLanguage":"es-ES","isPartOf":{"@id":"https:\/\/eldigitaldeasturias.com\/magazine365\/#website"},"breadcrumb":{"@id":"https:\/\/eldigitaldeasturias.com\/magazine365\/bonet-celebra-que-la-l9-por-fin-conecte-el-aeropuerto-con-fira-de-barcelona\/#breadcrumblist"},"author":{"@id":"https:\/\/eldigitaldeasturias.com\/magazine365\/author\/admin\/#author"},"creator":{"@id":"https:\/\/eldigitaldeasturias.com\/magazine365\/author\/admin\/#author"},"image":{"@type":"ImageObject","url":"https:\/\/eldigitaldeasturias.com\/magazine365\/wp-content\/uploads\/2016\/02\/fotonoticia_20160128130116_800.jpg","@id":"https:\/\/eldigitaldeasturias.com\/magazine365\/bonet-celebra-que-la-l9-por-fin-conecte-el-aeropuerto-con-fira-de-barcelona\/#mainImage","width":800,"height":533},"primaryImageOfPage":{"@id":"https:\/\/eldigitaldeasturias.com\/magazine365\/bonet-celebra-que-la-l9-por-fin-conecte-el-aeropuerto-con-fira-de-barcelona\/#mainImage"},"datePublished":"2016-02-02T14:54:09+01:00","dateModified":"2016-02-02T14:54:09+01:00"},{"@type":"WebSite","@id":"https:\/\/eldigitaldeasturias.com\/magazine365\/#website","url":"https:\/\/eldigitaldeasturias.com\/magazine365\/","name":"El Digital de Asturias","description":"Revista de ocio, turismo y estilo de vida","inLanguage":"es-ES","publisher":{"@id":"https:\/\/eldigitaldeasturias.com\/magazine365\/#organization"}}]},"og:locale":"es_ES","og:site_name":"El Digital de Asturias \u2013 Revista de ocio, turismo y estilo de vida","og:type":"article","og:title":"Bonet celebra que la L9 \u00abpor fin\u00bb conecte el Aeropuerto con Fira de Barcelona | El Digital de Asturias","og:description":"El presidente de Fira de Barcelona, Josep Llu\u00eds Bonet, ha celebrado este jueves que la L9 de Metro &quot;por fin&quot; conecte el Aeropuerto de El Prat con el recinto ferial de Gran Via, en L'Hospitalet de Llobregat (Barcelona). &quot;Es una muy buena noticia que la L9 de Metro pueda transportar a los congresistas desde el","og:url":"https:\/\/eldigitaldeasturias.com\/magazine365\/bonet-celebra-que-la-l9-por-fin-conecte-el-aeropuerto-con-fira-de-barcelona\/","og:image":"https:\/\/eldigitaldeasturias.com\/magazine365\/wp-content\/uploads\/2016\/02\/fotonoticia_20160128130116_800.jpg","og:image:secure_url":"https:\/\/eldigitaldeasturias.com\/magazine365\/wp-content\/uploads\/2016\/02\/fotonoticia_20160128130116_800.jpg","og:image:width":800,"og:image:height":533,"article:published_time":"2016-02-02T13:54:09+00:00","article:modified_time":"2016-02-02T13:54:09+00:00","twitter:card":"summary_large_image","twitter:title":"Bonet celebra que la L9 \u00abpor fin\u00bb conecte el Aeropuerto con Fira de Barcelona | El Digital de Asturias","twitter:description":"El presidente de Fira de Barcelona, Josep Llu\u00eds Bonet, ha celebrado este jueves que la L9 de Metro &quot;por fin&quot; conecte el Aeropuerto de El Prat con el recinto ferial de Gran Via, en L'Hospitalet de Llobregat (Barcelona). &quot;Es una muy buena noticia que la L9 de Metro pueda transportar a los congresistas desde el","twitter:image":"https:\/\/eldigitaldeasturias.com\/magazine365\/wp-content\/uploads\/2016\/02\/fotonoticia_20160128130116_800.jpg"},"aioseo_meta_data":{"post_id":"62603","title":null,"description":null,"keywords":null,"keyphrases":null,"primary_term":null,"canonical_url":null,"og_title":null,"og_description":null,"og_object_type":"default","og_image_type":"default","og_image_url":null,"og_image_width":null,"og_image_height":null,"og_image_custom_url":null,"og_image_custom_fields":null,"og_video":null,"og_custom_url":null,"og_article_section":null,"og_article_tags":null,"twitter_use_og":false,"twitter_card":"default","twitter_image_type":"default","twitter_image_url":null,"twitter_image_custom_url":null,"twitter_image_custom_fields":null,"twitter_title":null,"twitter_description":null,"schema":{"blockGraphs":[],"customGraphs":[],"default":{"data":{"Article":[],"Course":[],"Dataset":[],"FAQPage":[],"Movie":[],"Person":[],"Product":[],"ProductReview":[],"Car":[],"Recipe":[],"Service":[],"SoftwareApplication":[],"WebPage":[]},"graphName":"","isEnabled":true},"graphs":[],"defaultGraph":"","defaultPostTypeGraph":""},"schema_type":null,"schema_type_options":null,"pillar_content":false,"robots_default":true,"robots_noindex":false,"robots_noarchive":false,"robots_nosnippet":false,"robots_nofollow":false,"robots_noimageindex":false,"robots_noodp":false,"robots_notranslate":false,"robots_max_snippet":null,"robots_max_videopreview":null,"robots_max_imagepreview":"large","priority":null,"frequency":null,"location":null,"local_seo":null,"seo_analyzer_scan_date":"2025-09-25 11:32:12","breadcrumb_settings":null,"limit_modified_date":false,"open_ai":null,"ai":null,"created":"2021-03-08 21:34:40","updated":"2025-09-25 11:32:12"},"aioseo_breadcrumb":"<div class=\"aioseo-breadcrumbs\"><span class=\"aioseo-breadcrumb\">\n\t<a href=\"https:\/\/eldigitaldeasturias.com\/magazine365\" title=\"Home\">Home<\/a>\n<\/span><span class=\"aioseo-breadcrumb-separator\">\u2013<\/span><span class=\"aioseo-breadcrumb\">\n\t<a href=\"https:\/\/eldigitaldeasturias.com\/magazine365\/category\/noticias-actualidad\/\" title=\"Noticias y Actualidad\">Noticias y Actualidad<\/a>\n<\/span><span class=\"aioseo-breadcrumb-separator\">\u2013<\/span><span class=\"aioseo-breadcrumb\">\n\t<a href=\"https:\/\/eldigitaldeasturias.com\/magazine365\/bonet-celebra-que-la-l9-por-fin-conecte-el-aeropuerto-con-fira-de-barcelona\/\" title=\"Bonet celebra que la L9 \u00abpor fin\u00bb conecte el Aeropuerto con Fira de Barcelona\">Bonet celebra que la L9 \u00abpor fin\u00bb conecte el Aeropuerto con Fira de Barcelona<\/a>\n<\/span><\/div>","aioseo_breadcrumb_json":[{"label":"Home","link":"https:\/\/eldigitaldeasturias.com\/magazine365"},{"label":"Noticias y Actualidad","link":"https:\/\/eldigitaldeasturias.com\/magazine365\/category\/noticias-actualidad\/"},{"label":"Bonet celebra que la L9 \u00abpor fin\u00bb conecte el Aeropuerto con Fira de Barcelona","link":"https:\/\/eldigitaldeasturias.com\/magazine365\/bonet-celebra-que-la-l9-por-fin-conecte-el-aeropuerto-con-fira-de-barcelona\/"}],"_links":{"self":[{"href":"https:\/\/eldigitaldeasturias.com\/magazine365\/wp-json\/wp\/v2\/posts\/62603","targetHints":{"allow":["GET"]}}],"collection":[{"href":"https:\/\/eldigitaldeasturias.com\/magazine365\/wp-json\/wp\/v2\/posts"}],"about":[{"href":"https:\/\/eldigitaldeasturias.com\/magazine365\/wp-json\/wp\/v2\/types\/post"}],"author":[{"embeddable":true,"href":"https:\/\/eldigitaldeasturias.com\/magazine365\/wp-json\/wp\/v2\/users\/1"}],"replies":[{"embeddable":true,"href":"https:\/\/eldigitaldeasturias.com\/magazine365\/wp-json\/wp\/v2\/comments?post=62603"}],"version-history":[{"count":0,"href":"https:\/\/eldigitaldeasturias.com\/magazine365\/wp-json\/wp\/v2\/posts\/62603\/revisions"}],"wp:featuredmedia":[{"embeddable":true,"href":"https:\/\/eldigitaldeasturias.com\/magazine365\/wp-json\/wp\/v2\/media\/62604"}],"wp:attachment":[{"href":"https:\/\/eldigitaldeasturias.com\/magazine365\/wp-json\/wp\/v2\/media?parent=62603"}],"wp:term":[{"taxonomy":"category","embeddable":true,"href":"https:\/\/eldigitaldeasturias.com\/magazine365\/wp-json\/wp\/v2\/categories?post=62603"},{"taxonomy":"post_tag","embeddable":true,"href":"https:\/\/eldigitaldeasturias.com\/magazine365\/wp-json\/wp\/v2\/tags?post=62603"}],"curies":[{"name":"wp","href":"https:\/\/api.w.org\/{rel}","templated":true}]}}