{"id":62597,"date":"2016-02-02T14:49:07","date_gmt":"2016-02-02T13:49:07","guid":{"rendered":"http:\/\/eldigitaldeasturias.com\/magazine365\/?p=62597"},"modified":"2016-02-02T14:49:07","modified_gmt":"2016-02-02T13:49:07","slug":"el-hotel-totem-abrira-en-junio-en-el-centro-de-madrid","status":"publish","type":"post","link":"https:\/\/eldigitaldeasturias.com\/magazine365\/el-hotel-totem-abrira-en-junio-en-el-centro-de-madrid\/","title":{"rendered":"El hotel T\u00f3tem abrir\u00e1 en junio en el centro de Madrid"},"content":{"rendered":"<p><img fetchpriority=\"high\" decoding=\"async\" class=\"alignleft size-medium wp-image-62598\" src=\"https:\/\/eldigitaldeasturias.com\/magazine365\/wp-content\/uploads\/2016\/02\/fotonoticia_20160128124113_800-360x203.jpg\" alt=\"fotonoticia_20160128124113_800\" width=\"360\" height=\"203\" srcset=\"https:\/\/eldigitaldeasturias.com\/magazine365\/wp-content\/uploads\/2016\/02\/fotonoticia_20160128124113_800-360x203.jpg 360w, https:\/\/eldigitaldeasturias.com\/magazine365\/wp-content\/uploads\/2016\/02\/fotonoticia_20160128124113_800-650x366.jpg 650w, https:\/\/eldigitaldeasturias.com\/magazine365\/wp-content\/uploads\/2016\/02\/fotonoticia_20160128124113_800-768x432.jpg 768w, https:\/\/eldigitaldeasturias.com\/magazine365\/wp-content\/uploads\/2016\/02\/fotonoticia_20160128124113_800-150x84.jpg 150w, https:\/\/eldigitaldeasturias.com\/magazine365\/wp-content\/uploads\/2016\/02\/fotonoticia_20160128124113_800-450x253.jpg 450w, https:\/\/eldigitaldeasturias.com\/magazine365\/wp-content\/uploads\/2016\/02\/fotonoticia_20160128124113_800-696x392.jpg 696w, https:\/\/eldigitaldeasturias.com\/magazine365\/wp-content\/uploads\/2016\/02\/fotonoticia_20160128124113_800-747x420.jpg 747w, https:\/\/eldigitaldeasturias.com\/magazine365\/wp-content\/uploads\/2016\/02\/fotonoticia_20160128124113_800-499x280.jpg 499w, https:\/\/eldigitaldeasturias.com\/magazine365\/wp-content\/uploads\/2016\/02\/fotonoticia_20160128124113_800-510x289.jpg 510w, https:\/\/eldigitaldeasturias.com\/magazine365\/wp-content\/uploads\/2016\/02\/fotonoticia_20160128124113_800.jpg 800w\" sizes=\"(max-width: 360px) 100vw, 360px\" \/>El hotel boutique T\u00f3tem abrir\u00e1 sus puertas en junio en la calle Hermosilla, en el centro de Madrid y formar\u00e1 parte de la cadena Small Luxury Hotels, seg\u00fan se anuncia en un comunicado.<\/p>\n<p>T\u00f3tem contar\u00e1 con 20 habitaciones dobles que tendr\u00e1n un precio de apertura de 145 euros, 36 habitaciones &#8216;Deluxe&#8217; Exterior por 165 euros, seis habitaciones &#8216;Deluxe&#8217; Atico por 195 euros y cinco habitaciones &#8216;Junior&#8217; Suites por 225 euros. Estos precios excluyen el desayuno y el IVA.<\/p>\n<p>El establecimiento formar\u00e1 parte de la cartera de la empresa especializada en el desarrollo, apertura y gesti\u00f3n de hoteles independientes de lujo, Marugal Distinctive Hotel Management.<\/p>\n<p>Esta consta de hoteles \u00fanicos como URSO Hotel &amp; Spa, Madrid (2014), Torralbenc en Menorca (Mayo 2013), Cap Rocat en Mallorca (2010) y el Hotel Viura en la Rioja Alavesa (2010).<\/p>\n","protected":false},"excerpt":{"rendered":"<p>El hotel boutique T\u00f3tem abrir\u00e1 sus puertas en junio en la calle Hermosilla, en el centro de Madrid y formar\u00e1 parte de la cadena Small Luxury Hotels, seg\u00fan se anuncia en un comunicado. T\u00f3tem contar\u00e1 con 20 habitaciones dobles que tendr\u00e1n un precio de apertura de 145 euros, 36 habitaciones &#8216;Deluxe&#8217; Exterior por 165 euros,<\/p>\n","protected":false},"author":1,"featured_media":62598,"comment_status":"open","ping_status":"closed","sticky":false,"template":"","format":"standard","meta":{"footnotes":""},"categories":[224],"tags":[],"class_list":{"0":"post-62597","1":"post","2":"type-post","3":"status-publish","4":"format-standard","5":"has-post-thumbnail","7":"category-noticias-actualidad"},"aioseo_notices":[],"aioseo_head":"\n\t\t<!-- All in One SEO Pro 4.9.6.1 - aioseo.com -->\n\t<meta name=\"description\" content=\"El hotel boutique T\u00f3tem abrir\u00e1 sus puertas en junio en la calle Hermosilla, en el centro de Madrid y formar\u00e1 parte de la cadena Small Luxury Hotels, seg\u00fan se anuncia en un comunicado. T\u00f3tem contar\u00e1 con 20 habitaciones dobles que tendr\u00e1n un precio de apertura de 145 euros, 36 habitaciones &#039;Deluxe&#039; Exterior por 165 euros,\" \/>\n\t<meta name=\"robots\" content=\"max-image-preview:large\" \/>\n\t<meta name=\"author\" content=\"admin\"\/>\n\t<meta name=\"google-site-verification\" content=\"UA-38556648-1\" \/>\n\t<meta name=\"keywords\" content=\"noticias y actualidad\" \/>\n\t<link rel=\"canonical\" href=\"https:\/\/eldigitaldeasturias.com\/magazine365\/el-hotel-totem-abrira-en-junio-en-el-centro-de-madrid\/\" \/>\n\t<meta name=\"generator\" content=\"All in One SEO Pro (AIOSEO) 4.9.6.1\" \/>\n\t\t<meta property=\"og:locale\" content=\"es_ES\" \/>\n\t\t<meta property=\"og:site_name\" content=\"El Digital de Asturias \u2013 Revista de ocio, turismo y estilo de vida\" \/>\n\t\t<meta property=\"og:type\" content=\"article\" \/>\n\t\t<meta property=\"og:title\" content=\"El hotel T\u00f3tem abrir\u00e1 en junio en el centro de Madrid | El Digital de Asturias\" \/>\n\t\t<meta property=\"og:description\" content=\"El hotel boutique T\u00f3tem abrir\u00e1 sus puertas en junio en la calle Hermosilla, en el centro de Madrid y formar\u00e1 parte de la cadena Small Luxury Hotels, seg\u00fan se anuncia en un comunicado. T\u00f3tem contar\u00e1 con 20 habitaciones dobles que tendr\u00e1n un precio de apertura de 145 euros, 36 habitaciones &#039;Deluxe&#039; Exterior por 165 euros,\" \/>\n\t\t<meta property=\"og:url\" content=\"https:\/\/eldigitaldeasturias.com\/magazine365\/el-hotel-totem-abrira-en-junio-en-el-centro-de-madrid\/\" \/>\n\t\t<meta property=\"og:image\" content=\"https:\/\/eldigitaldeasturias.com\/magazine365\/wp-content\/uploads\/2016\/02\/fotonoticia_20160128124113_800.jpg\" \/>\n\t\t<meta property=\"og:image:secure_url\" content=\"https:\/\/eldigitaldeasturias.com\/magazine365\/wp-content\/uploads\/2016\/02\/fotonoticia_20160128124113_800.jpg\" \/>\n\t\t<meta property=\"og:image:width\" content=\"800\" \/>\n\t\t<meta property=\"og:image:height\" content=\"450\" \/>\n\t\t<meta property=\"article:published_time\" content=\"2016-02-02T13:49:07+00:00\" \/>\n\t\t<meta property=\"article:modified_time\" content=\"2016-02-02T13:49:07+00:00\" \/>\n\t\t<meta name=\"twitter:card\" content=\"summary_large_image\" \/>\n\t\t<meta name=\"twitter:title\" content=\"El hotel T\u00f3tem abrir\u00e1 en junio en el centro de Madrid | El Digital de Asturias\" \/>\n\t\t<meta name=\"twitter:description\" content=\"El hotel boutique T\u00f3tem abrir\u00e1 sus puertas en junio en la calle Hermosilla, en el centro de Madrid y formar\u00e1 parte de la cadena Small Luxury Hotels, seg\u00fan se anuncia en un comunicado. T\u00f3tem contar\u00e1 con 20 habitaciones dobles que tendr\u00e1n un precio de apertura de 145 euros, 36 habitaciones &#039;Deluxe&#039; Exterior por 165 euros,\" \/>\n\t\t<meta name=\"twitter:image\" content=\"https:\/\/eldigitaldeasturias.com\/magazine365\/wp-content\/uploads\/2016\/02\/fotonoticia_20160128124113_800.jpg\" \/>\n\t\t<script type=\"application\/ld+json\" class=\"aioseo-schema\">\n\t\t\t{\"@context\":\"https:\\\/\\\/schema.org\",\"@graph\":[{\"@type\":\"Article\",\"@id\":\"https:\\\/\\\/eldigitaldeasturias.com\\\/magazine365\\\/el-hotel-totem-abrira-en-junio-en-el-centro-de-madrid\\\/#article\",\"name\":\"El hotel T\\u00f3tem abrir\\u00e1 en junio en el centro de Madrid | El Digital de Asturias\",\"headline\":\"El hotel T\\u00f3tem abrir\\u00e1 en junio en el centro de Madrid\",\"author\":{\"@id\":\"https:\\\/\\\/eldigitaldeasturias.com\\\/magazine365\\\/author\\\/admin\\\/#author\"},\"publisher\":{\"@id\":\"https:\\\/\\\/eldigitaldeasturias.com\\\/magazine365\\\/#organization\"},\"image\":{\"@type\":\"ImageObject\",\"url\":\"https:\\\/\\\/eldigitaldeasturias.com\\\/magazine365\\\/wp-content\\\/uploads\\\/2016\\\/02\\\/fotonoticia_20160128124113_800.jpg\",\"width\":800,\"height\":450},\"datePublished\":\"2016-02-02T14:49:07+01:00\",\"dateModified\":\"2016-02-02T14:49:07+01:00\",\"inLanguage\":\"es-ES\",\"mainEntityOfPage\":{\"@id\":\"https:\\\/\\\/eldigitaldeasturias.com\\\/magazine365\\\/el-hotel-totem-abrira-en-junio-en-el-centro-de-madrid\\\/#webpage\"},\"isPartOf\":{\"@id\":\"https:\\\/\\\/eldigitaldeasturias.com\\\/magazine365\\\/el-hotel-totem-abrira-en-junio-en-el-centro-de-madrid\\\/#webpage\"},\"articleSection\":\"Noticias y Actualidad\"},{\"@type\":\"BreadcrumbList\",\"@id\":\"https:\\\/\\\/eldigitaldeasturias.com\\\/magazine365\\\/el-hotel-totem-abrira-en-junio-en-el-centro-de-madrid\\\/#breadcrumblist\",\"itemListElement\":[{\"@type\":\"ListItem\",\"@id\":\"https:\\\/\\\/eldigitaldeasturias.com\\\/magazine365#listItem\",\"position\":1,\"name\":\"Home\",\"item\":\"https:\\\/\\\/eldigitaldeasturias.com\\\/magazine365\",\"nextItem\":{\"@type\":\"ListItem\",\"@id\":\"https:\\\/\\\/eldigitaldeasturias.com\\\/magazine365\\\/category\\\/noticias-actualidad\\\/#listItem\",\"name\":\"Noticias y Actualidad\"}},{\"@type\":\"ListItem\",\"@id\":\"https:\\\/\\\/eldigitaldeasturias.com\\\/magazine365\\\/category\\\/noticias-actualidad\\\/#listItem\",\"position\":2,\"name\":\"Noticias y Actualidad\",\"item\":\"https:\\\/\\\/eldigitaldeasturias.com\\\/magazine365\\\/category\\\/noticias-actualidad\\\/\",\"nextItem\":{\"@type\":\"ListItem\",\"@id\":\"https:\\\/\\\/eldigitaldeasturias.com\\\/magazine365\\\/el-hotel-totem-abrira-en-junio-en-el-centro-de-madrid\\\/#listItem\",\"name\":\"El hotel T\\u00f3tem abrir\\u00e1 en junio en el centro de Madrid\"},\"previousItem\":{\"@type\":\"ListItem\",\"@id\":\"https:\\\/\\\/eldigitaldeasturias.com\\\/magazine365#listItem\",\"name\":\"Home\"}},{\"@type\":\"ListItem\",\"@id\":\"https:\\\/\\\/eldigitaldeasturias.com\\\/magazine365\\\/el-hotel-totem-abrira-en-junio-en-el-centro-de-madrid\\\/#listItem\",\"position\":3,\"name\":\"El hotel T\\u00f3tem abrir\\u00e1 en junio en el centro de Madrid\",\"previousItem\":{\"@type\":\"ListItem\",\"@id\":\"https:\\\/\\\/eldigitaldeasturias.com\\\/magazine365\\\/category\\\/noticias-actualidad\\\/#listItem\",\"name\":\"Noticias y Actualidad\"}}]},{\"@type\":\"Organization\",\"@id\":\"https:\\\/\\\/eldigitaldeasturias.com\\\/magazine365\\\/#organization\",\"name\":\"El digital de Asturias\",\"description\":\"Revista de ocio, turismo y estilo de vida\",\"url\":\"https:\\\/\\\/eldigitaldeasturias.com\\\/magazine365\\\/\",\"logo\":{\"@type\":\"ImageObject\",\"url\":\"https:\\\/\\\/www.eldigitaldeasturias.com\\\/noticias\\\/wp-content\\\/uploads\\\/2020\\\/12\\\/EDA.jpg\",\"@id\":\"https:\\\/\\\/eldigitaldeasturias.com\\\/magazine365\\\/el-hotel-totem-abrira-en-junio-en-el-centro-de-madrid\\\/#organizationLogo\"},\"image\":{\"@id\":\"https:\\\/\\\/eldigitaldeasturias.com\\\/magazine365\\\/el-hotel-totem-abrira-en-junio-en-el-centro-de-madrid\\\/#organizationLogo\"}},{\"@type\":\"Person\",\"@id\":\"https:\\\/\\\/eldigitaldeasturias.com\\\/magazine365\\\/author\\\/admin\\\/#author\",\"url\":\"https:\\\/\\\/eldigitaldeasturias.com\\\/magazine365\\\/author\\\/admin\\\/\",\"name\":\"admin\",\"image\":{\"@type\":\"ImageObject\",\"@id\":\"https:\\\/\\\/eldigitaldeasturias.com\\\/magazine365\\\/el-hotel-totem-abrira-en-junio-en-el-centro-de-madrid\\\/#authorImage\",\"url\":\"https:\\\/\\\/eldigitaldeasturias.com\\\/magazine365\\\/wp-content\\\/litespeed\\\/avatar\\\/e571bcf59a0edd6fa6838245a470f2fe.jpg?ver=1776969259\",\"width\":96,\"height\":96,\"caption\":\"admin\"}},{\"@type\":\"WebPage\",\"@id\":\"https:\\\/\\\/eldigitaldeasturias.com\\\/magazine365\\\/el-hotel-totem-abrira-en-junio-en-el-centro-de-madrid\\\/#webpage\",\"url\":\"https:\\\/\\\/eldigitaldeasturias.com\\\/magazine365\\\/el-hotel-totem-abrira-en-junio-en-el-centro-de-madrid\\\/\",\"name\":\"El hotel T\\u00f3tem abrir\\u00e1 en junio en el centro de Madrid | El Digital de Asturias\",\"description\":\"El hotel boutique T\\u00f3tem abrir\\u00e1 sus puertas en junio en la calle Hermosilla, en el centro de Madrid y formar\\u00e1 parte de la cadena Small Luxury Hotels, seg\\u00fan se anuncia en un comunicado. T\\u00f3tem contar\\u00e1 con 20 habitaciones dobles que tendr\\u00e1n un precio de apertura de 145 euros, 36 habitaciones 'Deluxe' Exterior por 165 euros,\",\"inLanguage\":\"es-ES\",\"isPartOf\":{\"@id\":\"https:\\\/\\\/eldigitaldeasturias.com\\\/magazine365\\\/#website\"},\"breadcrumb\":{\"@id\":\"https:\\\/\\\/eldigitaldeasturias.com\\\/magazine365\\\/el-hotel-totem-abrira-en-junio-en-el-centro-de-madrid\\\/#breadcrumblist\"},\"author\":{\"@id\":\"https:\\\/\\\/eldigitaldeasturias.com\\\/magazine365\\\/author\\\/admin\\\/#author\"},\"creator\":{\"@id\":\"https:\\\/\\\/eldigitaldeasturias.com\\\/magazine365\\\/author\\\/admin\\\/#author\"},\"image\":{\"@type\":\"ImageObject\",\"url\":\"https:\\\/\\\/eldigitaldeasturias.com\\\/magazine365\\\/wp-content\\\/uploads\\\/2016\\\/02\\\/fotonoticia_20160128124113_800.jpg\",\"@id\":\"https:\\\/\\\/eldigitaldeasturias.com\\\/magazine365\\\/el-hotel-totem-abrira-en-junio-en-el-centro-de-madrid\\\/#mainImage\",\"width\":800,\"height\":450},\"primaryImageOfPage\":{\"@id\":\"https:\\\/\\\/eldigitaldeasturias.com\\\/magazine365\\\/el-hotel-totem-abrira-en-junio-en-el-centro-de-madrid\\\/#mainImage\"},\"datePublished\":\"2016-02-02T14:49:07+01:00\",\"dateModified\":\"2016-02-02T14:49:07+01:00\"},{\"@type\":\"WebSite\",\"@id\":\"https:\\\/\\\/eldigitaldeasturias.com\\\/magazine365\\\/#website\",\"url\":\"https:\\\/\\\/eldigitaldeasturias.com\\\/magazine365\\\/\",\"name\":\"El Digital de Asturias\",\"description\":\"Revista de ocio, turismo y estilo de vida\",\"inLanguage\":\"es-ES\",\"publisher\":{\"@id\":\"https:\\\/\\\/eldigitaldeasturias.com\\\/magazine365\\\/#organization\"}}]}\n\t\t<\/script>\n\t\t<!-- All in One SEO Pro -->\r\n\t\t<title>El hotel T\u00f3tem abrir\u00e1 en junio en el centro de Madrid | El Digital de Asturias<\/title>\n\n","aioseo_head_json":{"title":"El hotel T\u00f3tem abrir\u00e1 en junio en el centro de Madrid | El Digital de Asturias","description":"El hotel boutique T\u00f3tem abrir\u00e1 sus puertas en junio en la calle Hermosilla, en el centro de Madrid y formar\u00e1 parte de la cadena Small Luxury Hotels, seg\u00fan se anuncia en un comunicado. T\u00f3tem contar\u00e1 con 20 habitaciones dobles que tendr\u00e1n un precio de apertura de 145 euros, 36 habitaciones 'Deluxe' Exterior por 165 euros,","canonical_url":"https:\/\/eldigitaldeasturias.com\/magazine365\/el-hotel-totem-abrira-en-junio-en-el-centro-de-madrid\/","robots":"max-image-preview:large","keywords":"noticias y actualidad","webmasterTools":{"google-site-verification":"UA-38556648-1","miscellaneous":""},"schema":{"@context":"https:\/\/schema.org","@graph":[{"@type":"Article","@id":"https:\/\/eldigitaldeasturias.com\/magazine365\/el-hotel-totem-abrira-en-junio-en-el-centro-de-madrid\/#article","name":"El hotel T\u00f3tem abrir\u00e1 en junio en el centro de Madrid | El Digital de Asturias","headline":"El hotel T\u00f3tem abrir\u00e1 en junio en el centro de Madrid","author":{"@id":"https:\/\/eldigitaldeasturias.com\/magazine365\/author\/admin\/#author"},"publisher":{"@id":"https:\/\/eldigitaldeasturias.com\/magazine365\/#organization"},"image":{"@type":"ImageObject","url":"https:\/\/eldigitaldeasturias.com\/magazine365\/wp-content\/uploads\/2016\/02\/fotonoticia_20160128124113_800.jpg","width":800,"height":450},"datePublished":"2016-02-02T14:49:07+01:00","dateModified":"2016-02-02T14:49:07+01:00","inLanguage":"es-ES","mainEntityOfPage":{"@id":"https:\/\/eldigitaldeasturias.com\/magazine365\/el-hotel-totem-abrira-en-junio-en-el-centro-de-madrid\/#webpage"},"isPartOf":{"@id":"https:\/\/eldigitaldeasturias.com\/magazine365\/el-hotel-totem-abrira-en-junio-en-el-centro-de-madrid\/#webpage"},"articleSection":"Noticias y Actualidad"},{"@type":"BreadcrumbList","@id":"https:\/\/eldigitaldeasturias.com\/magazine365\/el-hotel-totem-abrira-en-junio-en-el-centro-de-madrid\/#breadcrumblist","itemListElement":[{"@type":"ListItem","@id":"https:\/\/eldigitaldeasturias.com\/magazine365#listItem","position":1,"name":"Home","item":"https:\/\/eldigitaldeasturias.com\/magazine365","nextItem":{"@type":"ListItem","@id":"https:\/\/eldigitaldeasturias.com\/magazine365\/category\/noticias-actualidad\/#listItem","name":"Noticias y Actualidad"}},{"@type":"ListItem","@id":"https:\/\/eldigitaldeasturias.com\/magazine365\/category\/noticias-actualidad\/#listItem","position":2,"name":"Noticias y Actualidad","item":"https:\/\/eldigitaldeasturias.com\/magazine365\/category\/noticias-actualidad\/","nextItem":{"@type":"ListItem","@id":"https:\/\/eldigitaldeasturias.com\/magazine365\/el-hotel-totem-abrira-en-junio-en-el-centro-de-madrid\/#listItem","name":"El hotel T\u00f3tem abrir\u00e1 en junio en el centro de Madrid"},"previousItem":{"@type":"ListItem","@id":"https:\/\/eldigitaldeasturias.com\/magazine365#listItem","name":"Home"}},{"@type":"ListItem","@id":"https:\/\/eldigitaldeasturias.com\/magazine365\/el-hotel-totem-abrira-en-junio-en-el-centro-de-madrid\/#listItem","position":3,"name":"El hotel T\u00f3tem abrir\u00e1 en junio en el centro de Madrid","previousItem":{"@type":"ListItem","@id":"https:\/\/eldigitaldeasturias.com\/magazine365\/category\/noticias-actualidad\/#listItem","name":"Noticias y Actualidad"}}]},{"@type":"Organization","@id":"https:\/\/eldigitaldeasturias.com\/magazine365\/#organization","name":"El digital de Asturias","description":"Revista de ocio, turismo y estilo de vida","url":"https:\/\/eldigitaldeasturias.com\/magazine365\/","logo":{"@type":"ImageObject","url":"https:\/\/www.eldigitaldeasturias.com\/noticias\/wp-content\/uploads\/2020\/12\/EDA.jpg","@id":"https:\/\/eldigitaldeasturias.com\/magazine365\/el-hotel-totem-abrira-en-junio-en-el-centro-de-madrid\/#organizationLogo"},"image":{"@id":"https:\/\/eldigitaldeasturias.com\/magazine365\/el-hotel-totem-abrira-en-junio-en-el-centro-de-madrid\/#organizationLogo"}},{"@type":"Person","@id":"https:\/\/eldigitaldeasturias.com\/magazine365\/author\/admin\/#author","url":"https:\/\/eldigitaldeasturias.com\/magazine365\/author\/admin\/","name":"admin","image":{"@type":"ImageObject","@id":"https:\/\/eldigitaldeasturias.com\/magazine365\/el-hotel-totem-abrira-en-junio-en-el-centro-de-madrid\/#authorImage","url":"https:\/\/eldigitaldeasturias.com\/magazine365\/wp-content\/litespeed\/avatar\/e571bcf59a0edd6fa6838245a470f2fe.jpg?ver=1776969259","width":96,"height":96,"caption":"admin"}},{"@type":"WebPage","@id":"https:\/\/eldigitaldeasturias.com\/magazine365\/el-hotel-totem-abrira-en-junio-en-el-centro-de-madrid\/#webpage","url":"https:\/\/eldigitaldeasturias.com\/magazine365\/el-hotel-totem-abrira-en-junio-en-el-centro-de-madrid\/","name":"El hotel T\u00f3tem abrir\u00e1 en junio en el centro de Madrid | El Digital de Asturias","description":"El hotel boutique T\u00f3tem abrir\u00e1 sus puertas en junio en la calle Hermosilla, en el centro de Madrid y formar\u00e1 parte de la cadena Small Luxury Hotels, seg\u00fan se anuncia en un comunicado. T\u00f3tem contar\u00e1 con 20 habitaciones dobles que tendr\u00e1n un precio de apertura de 145 euros, 36 habitaciones 'Deluxe' Exterior por 165 euros,","inLanguage":"es-ES","isPartOf":{"@id":"https:\/\/eldigitaldeasturias.com\/magazine365\/#website"},"breadcrumb":{"@id":"https:\/\/eldigitaldeasturias.com\/magazine365\/el-hotel-totem-abrira-en-junio-en-el-centro-de-madrid\/#breadcrumblist"},"author":{"@id":"https:\/\/eldigitaldeasturias.com\/magazine365\/author\/admin\/#author"},"creator":{"@id":"https:\/\/eldigitaldeasturias.com\/magazine365\/author\/admin\/#author"},"image":{"@type":"ImageObject","url":"https:\/\/eldigitaldeasturias.com\/magazine365\/wp-content\/uploads\/2016\/02\/fotonoticia_20160128124113_800.jpg","@id":"https:\/\/eldigitaldeasturias.com\/magazine365\/el-hotel-totem-abrira-en-junio-en-el-centro-de-madrid\/#mainImage","width":800,"height":450},"primaryImageOfPage":{"@id":"https:\/\/eldigitaldeasturias.com\/magazine365\/el-hotel-totem-abrira-en-junio-en-el-centro-de-madrid\/#mainImage"},"datePublished":"2016-02-02T14:49:07+01:00","dateModified":"2016-02-02T14:49:07+01:00"},{"@type":"WebSite","@id":"https:\/\/eldigitaldeasturias.com\/magazine365\/#website","url":"https:\/\/eldigitaldeasturias.com\/magazine365\/","name":"El Digital de Asturias","description":"Revista de ocio, turismo y estilo de vida","inLanguage":"es-ES","publisher":{"@id":"https:\/\/eldigitaldeasturias.com\/magazine365\/#organization"}}]},"og:locale":"es_ES","og:site_name":"El Digital de Asturias \u2013 Revista de ocio, turismo y estilo de vida","og:type":"article","og:title":"El hotel T\u00f3tem abrir\u00e1 en junio en el centro de Madrid | El Digital de Asturias","og:description":"El hotel boutique T\u00f3tem abrir\u00e1 sus puertas en junio en la calle Hermosilla, en el centro de Madrid y formar\u00e1 parte de la cadena Small Luxury Hotels, seg\u00fan se anuncia en un comunicado. T\u00f3tem contar\u00e1 con 20 habitaciones dobles que tendr\u00e1n un precio de apertura de 145 euros, 36 habitaciones 'Deluxe' Exterior por 165 euros,","og:url":"https:\/\/eldigitaldeasturias.com\/magazine365\/el-hotel-totem-abrira-en-junio-en-el-centro-de-madrid\/","og:image":"https:\/\/eldigitaldeasturias.com\/magazine365\/wp-content\/uploads\/2016\/02\/fotonoticia_20160128124113_800.jpg","og:image:secure_url":"https:\/\/eldigitaldeasturias.com\/magazine365\/wp-content\/uploads\/2016\/02\/fotonoticia_20160128124113_800.jpg","og:image:width":800,"og:image:height":450,"article:published_time":"2016-02-02T13:49:07+00:00","article:modified_time":"2016-02-02T13:49:07+00:00","twitter:card":"summary_large_image","twitter:title":"El hotel T\u00f3tem abrir\u00e1 en junio en el centro de Madrid | El Digital de Asturias","twitter:description":"El hotel boutique T\u00f3tem abrir\u00e1 sus puertas en junio en la calle Hermosilla, en el centro de Madrid y formar\u00e1 parte de la cadena Small Luxury Hotels, seg\u00fan se anuncia en un comunicado. T\u00f3tem contar\u00e1 con 20 habitaciones dobles que tendr\u00e1n un precio de apertura de 145 euros, 36 habitaciones 'Deluxe' Exterior por 165 euros,","twitter:image":"https:\/\/eldigitaldeasturias.com\/magazine365\/wp-content\/uploads\/2016\/02\/fotonoticia_20160128124113_800.jpg"},"aioseo_meta_data":{"post_id":"62597","title":null,"description":null,"keywords":null,"keyphrases":null,"primary_term":null,"canonical_url":null,"og_title":null,"og_description":null,"og_object_type":"default","og_image_type":"default","og_image_url":null,"og_image_width":null,"og_image_height":null,"og_image_custom_url":null,"og_image_custom_fields":null,"og_video":null,"og_custom_url":null,"og_article_section":null,"og_article_tags":null,"twitter_use_og":false,"twitter_card":"default","twitter_image_type":"default","twitter_image_url":null,"twitter_image_custom_url":null,"twitter_image_custom_fields":null,"twitter_title":null,"twitter_description":null,"schema":{"blockGraphs":[],"customGraphs":[],"default":{"data":{"Article":[],"Course":[],"Dataset":[],"FAQPage":[],"Movie":[],"Person":[],"Product":[],"ProductReview":[],"Car":[],"Recipe":[],"Service":[],"SoftwareApplication":[],"WebPage":[]},"graphName":"","isEnabled":true},"graphs":[],"defaultGraph":"","defaultPostTypeGraph":""},"schema_type":null,"schema_type_options":null,"pillar_content":false,"robots_default":true,"robots_noindex":false,"robots_noarchive":false,"robots_nosnippet":false,"robots_nofollow":false,"robots_noimageindex":false,"robots_noodp":false,"robots_notranslate":false,"robots_max_snippet":null,"robots_max_videopreview":null,"robots_max_imagepreview":"large","priority":null,"frequency":null,"location":null,"local_seo":null,"seo_analyzer_scan_date":"2025-09-25 11:32:10","breadcrumb_settings":null,"limit_modified_date":false,"open_ai":null,"ai":null,"created":"2021-03-08 21:34:40","updated":"2025-09-25 11:32:10"},"aioseo_breadcrumb":"<div class=\"aioseo-breadcrumbs\"><span class=\"aioseo-breadcrumb\">\n\t<a href=\"https:\/\/eldigitaldeasturias.com\/magazine365\" title=\"Home\">Home<\/a>\n<\/span><span class=\"aioseo-breadcrumb-separator\">\u2013<\/span><span class=\"aioseo-breadcrumb\">\n\t<a href=\"https:\/\/eldigitaldeasturias.com\/magazine365\/category\/noticias-actualidad\/\" title=\"Noticias y Actualidad\">Noticias y Actualidad<\/a>\n<\/span><span class=\"aioseo-breadcrumb-separator\">\u2013<\/span><span class=\"aioseo-breadcrumb\">\n\t<a href=\"https:\/\/eldigitaldeasturias.com\/magazine365\/el-hotel-totem-abrira-en-junio-en-el-centro-de-madrid\/\" title=\"El hotel T\u00f3tem abrir\u00e1 en junio en el centro de Madrid\">El hotel T\u00f3tem abrir\u00e1 en junio en el centro de Madrid<\/a>\n<\/span><\/div>","aioseo_breadcrumb_json":[{"label":"Home","link":"https:\/\/eldigitaldeasturias.com\/magazine365"},{"label":"Noticias y Actualidad","link":"https:\/\/eldigitaldeasturias.com\/magazine365\/category\/noticias-actualidad\/"},{"label":"El hotel T\u00f3tem abrir\u00e1 en junio en el centro de Madrid","link":"https:\/\/eldigitaldeasturias.com\/magazine365\/el-hotel-totem-abrira-en-junio-en-el-centro-de-madrid\/"}],"_links":{"self":[{"href":"https:\/\/eldigitaldeasturias.com\/magazine365\/wp-json\/wp\/v2\/posts\/62597","targetHints":{"allow":["GET"]}}],"collection":[{"href":"https:\/\/eldigitaldeasturias.com\/magazine365\/wp-json\/wp\/v2\/posts"}],"about":[{"href":"https:\/\/eldigitaldeasturias.com\/magazine365\/wp-json\/wp\/v2\/types\/post"}],"author":[{"embeddable":true,"href":"https:\/\/eldigitaldeasturias.com\/magazine365\/wp-json\/wp\/v2\/users\/1"}],"replies":[{"embeddable":true,"href":"https:\/\/eldigitaldeasturias.com\/magazine365\/wp-json\/wp\/v2\/comments?post=62597"}],"version-history":[{"count":0,"href":"https:\/\/eldigitaldeasturias.com\/magazine365\/wp-json\/wp\/v2\/posts\/62597\/revisions"}],"wp:featuredmedia":[{"embeddable":true,"href":"https:\/\/eldigitaldeasturias.com\/magazine365\/wp-json\/wp\/v2\/media\/62598"}],"wp:attachment":[{"href":"https:\/\/eldigitaldeasturias.com\/magazine365\/wp-json\/wp\/v2\/media?parent=62597"}],"wp:term":[{"taxonomy":"category","embeddable":true,"href":"https:\/\/eldigitaldeasturias.com\/magazine365\/wp-json\/wp\/v2\/categories?post=62597"},{"taxonomy":"post_tag","embeddable":true,"href":"https:\/\/eldigitaldeasturias.com\/magazine365\/wp-json\/wp\/v2\/tags?post=62597"}],"curies":[{"name":"wp","href":"https:\/\/api.w.org\/{rel}","templated":true}]}}