{"id":62589,"date":"2016-02-02T14:45:33","date_gmt":"2016-02-02T13:45:33","guid":{"rendered":"http:\/\/eldigitaldeasturias.com\/magazine365\/?p=62589"},"modified":"2016-02-02T14:45:33","modified_gmt":"2016-02-02T13:45:33","slug":"maria-canadas-reina-de-los-mayores-del-carnaval-de-santa-cruz-de-tenerife","status":"publish","type":"post","link":"https:\/\/eldigitaldeasturias.com\/magazine365\/maria-canadas-reina-de-los-mayores-del-carnaval-de-santa-cruz-de-tenerife\/","title":{"rendered":"Mar\u00eda Ca\u00f1adas, Reina de los Mayores del Carnaval de Santa Cruz de Tenerife"},"content":{"rendered":"<p><img fetchpriority=\"high\" decoding=\"async\" class=\"alignleft size-medium wp-image-62590\" src=\"https:\/\/eldigitaldeasturias.com\/magazine365\/wp-content\/uploads\/2016\/02\/fotonoticia_20160128120023_800-360x247.jpg\" alt=\"fotonoticia_20160128120023_800\" width=\"360\" height=\"247\" srcset=\"https:\/\/eldigitaldeasturias.com\/magazine365\/wp-content\/uploads\/2016\/02\/fotonoticia_20160128120023_800-360x247.jpg 360w, https:\/\/eldigitaldeasturias.com\/magazine365\/wp-content\/uploads\/2016\/02\/fotonoticia_20160128120023_800-650x446.jpg 650w, https:\/\/eldigitaldeasturias.com\/magazine365\/wp-content\/uploads\/2016\/02\/fotonoticia_20160128120023_800-768x527.jpg 768w, https:\/\/eldigitaldeasturias.com\/magazine365\/wp-content\/uploads\/2016\/02\/fotonoticia_20160128120023_800-150x103.jpg 150w, https:\/\/eldigitaldeasturias.com\/magazine365\/wp-content\/uploads\/2016\/02\/fotonoticia_20160128120023_800-450x309.jpg 450w, https:\/\/eldigitaldeasturias.com\/magazine365\/wp-content\/uploads\/2016\/02\/fotonoticia_20160128120023_800-100x70.jpg 100w, https:\/\/eldigitaldeasturias.com\/magazine365\/wp-content\/uploads\/2016\/02\/fotonoticia_20160128120023_800-218x150.jpg 218w, https:\/\/eldigitaldeasturias.com\/magazine365\/wp-content\/uploads\/2016\/02\/fotonoticia_20160128120023_800-696x478.jpg 696w, https:\/\/eldigitaldeasturias.com\/magazine365\/wp-content\/uploads\/2016\/02\/fotonoticia_20160128120023_800-612x420.jpg 612w, https:\/\/eldigitaldeasturias.com\/magazine365\/wp-content\/uploads\/2016\/02\/fotonoticia_20160128120023_800.jpg 800w\" sizes=\"(max-width: 360px) 100vw, 360px\" \/>Mar\u00eda Ca\u00f1adas Gonz\u00e1lez fue elegida en la noche de este mi\u00e9rcoles Reina de los Mayores del Carnaval de Santa Cruz de Tenerife, en el transcurso de la gala celebrada en el Recinto Ferial en la que tomaron parte ocho aspirantes.<\/p>\n<p>Vestida con la fantas\u00eda &#8216;Dos gardenias&#8217;, obra de Miguel Ca\u00f1adas, la nueva reina representa a la asociaci\u00f3n Coraz\u00f3n de Jes\u00fas, de Garc\u00eda Esc\u00e1mez, y Vel\u00e1zquez Peluqueros.<\/p>\n<p>La corte de honor se completa con Rosal\u00eda Mart\u00edn L\u00f3pez, con la creaci\u00f3n &#8216;Mambo&#8217;, ideada por Dise\u00f1os Caracol, en representaci\u00f3n del Mercado de la Abejera, e Isabel Luis Dom\u00ednguez, con el disfraz de Alexis Santana denominado &#8216;A trav\u00e9s de mis ojos&#8217;, del Centro H\u00edpico San Diego.<\/p>\n<p>Unos 4.000 espectadores se dieron cita en el Recinto Ferial en una gala que tuvo una duraci\u00f3n de dos horas y media. Bajo la direcci\u00f3n de Geni Afonso, el acto cont\u00f3 con las actuaciones de los cantantes Tere Meli\u00e1n y Pepe Benavente, as\u00ed como de las agrupaciones coreogr\u00e1ficas Bohemios y Azahar, y la comparsa Ritmo y Son del Valle. La presentaci\u00f3n corri\u00f3 a cargo de Pepe Benavente, acompa\u00f1ado por los transformistas Exuberancia y Soberbia.<\/p>\n<p>El jurado estuvo integrado por \u00c1ngeles Gonz\u00e1lez, experta en vestuario de Carnaval; Candelaria Su\u00e1rez, licenciada en Bellas Artes y animadora responsable del programa Ansina del Cabildo; Marisa Vel\u00e1zquez, sombrerera y dise\u00f1adora; Isabel Temes, profesora de Dise\u00f1o de Interiores de la Escuela Fernando Est\u00e9vez; Olga M\u00e9ndez, componente de la directiva de la Asociaci\u00f3n Mujer Canaria Siglo XXI, y Thais Arias, directora del certamen Grandma Universe Spain. Actu\u00f3 como secretaria Antonia del Pino Fonte, en representaci\u00f3n del Organismo Aut\u00f3nomo de Fiestas y Actividades Recreativas (OAFAR) del Ayuntamiento.<\/p>\n<p>Adem\u00e1s, la gala sirvi\u00f3 de marco para la celebraci\u00f3n del Festival de Agrupaciones de Mayores, que este a\u00f1o cont\u00f3 con las intervenciones de Las Nieves, Con Nuestra Gente, Fraisa, Volcanes del Teide, Ansinaglegr\u00eda, Padre Anchieta, Mayores del 2.000, Parranda Acaymo, Monte Nevado, Tercera Edad de Tegueste y Ant\u00f3n Guanche.<\/p>\n","protected":false},"excerpt":{"rendered":"<p>Mar\u00eda Ca\u00f1adas Gonz\u00e1lez fue elegida en la noche de este mi\u00e9rcoles Reina de los Mayores del Carnaval de Santa Cruz de Tenerife, en el transcurso de la gala celebrada en el Recinto Ferial en la que tomaron parte ocho aspirantes. Vestida con la fantas\u00eda &#8216;Dos gardenias&#8217;, obra de Miguel Ca\u00f1adas, la nueva reina representa a<\/p>\n","protected":false},"author":1,"featured_media":62590,"comment_status":"open","ping_status":"closed","sticky":false,"template":"","format":"standard","meta":{"footnotes":""},"categories":[224],"tags":[],"class_list":{"0":"post-62589","1":"post","2":"type-post","3":"status-publish","4":"format-standard","5":"has-post-thumbnail","7":"category-noticias-actualidad"},"aioseo_notices":[],"aioseo_head":"\n\t\t<!-- All in One SEO Pro 4.9.6.1 - aioseo.com -->\n\t<meta name=\"description\" content=\"Mar\u00eda Ca\u00f1adas Gonz\u00e1lez fue elegida en la noche de este mi\u00e9rcoles Reina de los Mayores del Carnaval de Santa Cruz de Tenerife, en el transcurso de la gala celebrada en el Recinto Ferial en la que tomaron parte ocho aspirantes. Vestida con la fantas\u00eda &#039;Dos gardenias&#039;, obra de Miguel Ca\u00f1adas, la nueva reina representa a\" \/>\n\t<meta name=\"robots\" content=\"max-image-preview:large\" \/>\n\t<meta name=\"author\" content=\"admin\"\/>\n\t<meta name=\"google-site-verification\" content=\"UA-38556648-1\" \/>\n\t<meta name=\"keywords\" content=\"noticias y actualidad\" \/>\n\t<link rel=\"canonical\" href=\"https:\/\/eldigitaldeasturias.com\/magazine365\/maria-canadas-reina-de-los-mayores-del-carnaval-de-santa-cruz-de-tenerife\/\" \/>\n\t<meta name=\"generator\" content=\"All in One SEO Pro (AIOSEO) 4.9.6.1\" \/>\n\t\t<meta property=\"og:locale\" content=\"es_ES\" \/>\n\t\t<meta property=\"og:site_name\" content=\"El Digital de Asturias \u2013 Revista de ocio, turismo y estilo de vida\" \/>\n\t\t<meta property=\"og:type\" content=\"article\" \/>\n\t\t<meta property=\"og:title\" content=\"Mar\u00eda Ca\u00f1adas, Reina de los Mayores del Carnaval de Santa Cruz de Tenerife | El Digital de Asturias\" \/>\n\t\t<meta property=\"og:description\" content=\"Mar\u00eda Ca\u00f1adas Gonz\u00e1lez fue elegida en la noche de este mi\u00e9rcoles Reina de los Mayores del Carnaval de Santa Cruz de Tenerife, en el transcurso de la gala celebrada en el Recinto Ferial en la que tomaron parte ocho aspirantes. Vestida con la fantas\u00eda &#039;Dos gardenias&#039;, obra de Miguel Ca\u00f1adas, la nueva reina representa a\" \/>\n\t\t<meta property=\"og:url\" content=\"https:\/\/eldigitaldeasturias.com\/magazine365\/maria-canadas-reina-de-los-mayores-del-carnaval-de-santa-cruz-de-tenerife\/\" \/>\n\t\t<meta property=\"og:image\" content=\"https:\/\/eldigitaldeasturias.com\/magazine365\/wp-content\/uploads\/2016\/02\/fotonoticia_20160128120023_800.jpg\" \/>\n\t\t<meta property=\"og:image:secure_url\" content=\"https:\/\/eldigitaldeasturias.com\/magazine365\/wp-content\/uploads\/2016\/02\/fotonoticia_20160128120023_800.jpg\" \/>\n\t\t<meta property=\"og:image:width\" content=\"800\" \/>\n\t\t<meta property=\"og:image:height\" content=\"549\" \/>\n\t\t<meta property=\"article:published_time\" content=\"2016-02-02T13:45:33+00:00\" \/>\n\t\t<meta property=\"article:modified_time\" content=\"2016-02-02T13:45:33+00:00\" \/>\n\t\t<meta name=\"twitter:card\" content=\"summary_large_image\" \/>\n\t\t<meta name=\"twitter:title\" content=\"Mar\u00eda Ca\u00f1adas, Reina de los Mayores del Carnaval de Santa Cruz de Tenerife | El Digital de Asturias\" \/>\n\t\t<meta name=\"twitter:description\" content=\"Mar\u00eda Ca\u00f1adas Gonz\u00e1lez fue elegida en la noche de este mi\u00e9rcoles Reina de los Mayores del Carnaval de Santa Cruz de Tenerife, en el transcurso de la gala celebrada en el Recinto Ferial en la que tomaron parte ocho aspirantes. Vestida con la fantas\u00eda &#039;Dos gardenias&#039;, obra de Miguel Ca\u00f1adas, la nueva reina representa a\" \/>\n\t\t<meta name=\"twitter:image\" content=\"https:\/\/eldigitaldeasturias.com\/magazine365\/wp-content\/uploads\/2016\/02\/fotonoticia_20160128120023_800.jpg\" \/>\n\t\t<script type=\"application\/ld+json\" class=\"aioseo-schema\">\n\t\t\t{\"@context\":\"https:\\\/\\\/schema.org\",\"@graph\":[{\"@type\":\"Article\",\"@id\":\"https:\\\/\\\/eldigitaldeasturias.com\\\/magazine365\\\/maria-canadas-reina-de-los-mayores-del-carnaval-de-santa-cruz-de-tenerife\\\/#article\",\"name\":\"Mar\\u00eda Ca\\u00f1adas, Reina de los Mayores del Carnaval de Santa Cruz de Tenerife | El Digital de Asturias\",\"headline\":\"Mar\\u00eda Ca\\u00f1adas, Reina de los Mayores del Carnaval de Santa Cruz de Tenerife\",\"author\":{\"@id\":\"https:\\\/\\\/eldigitaldeasturias.com\\\/magazine365\\\/author\\\/admin\\\/#author\"},\"publisher\":{\"@id\":\"https:\\\/\\\/eldigitaldeasturias.com\\\/magazine365\\\/#organization\"},\"image\":{\"@type\":\"ImageObject\",\"url\":\"https:\\\/\\\/eldigitaldeasturias.com\\\/magazine365\\\/wp-content\\\/uploads\\\/2016\\\/02\\\/fotonoticia_20160128120023_800.jpg\",\"width\":800,\"height\":549},\"datePublished\":\"2016-02-02T14:45:33+01:00\",\"dateModified\":\"2016-02-02T14:45:33+01:00\",\"inLanguage\":\"es-ES\",\"mainEntityOfPage\":{\"@id\":\"https:\\\/\\\/eldigitaldeasturias.com\\\/magazine365\\\/maria-canadas-reina-de-los-mayores-del-carnaval-de-santa-cruz-de-tenerife\\\/#webpage\"},\"isPartOf\":{\"@id\":\"https:\\\/\\\/eldigitaldeasturias.com\\\/magazine365\\\/maria-canadas-reina-de-los-mayores-del-carnaval-de-santa-cruz-de-tenerife\\\/#webpage\"},\"articleSection\":\"Noticias y Actualidad\"},{\"@type\":\"BreadcrumbList\",\"@id\":\"https:\\\/\\\/eldigitaldeasturias.com\\\/magazine365\\\/maria-canadas-reina-de-los-mayores-del-carnaval-de-santa-cruz-de-tenerife\\\/#breadcrumblist\",\"itemListElement\":[{\"@type\":\"ListItem\",\"@id\":\"https:\\\/\\\/eldigitaldeasturias.com\\\/magazine365#listItem\",\"position\":1,\"name\":\"Home\",\"item\":\"https:\\\/\\\/eldigitaldeasturias.com\\\/magazine365\",\"nextItem\":{\"@type\":\"ListItem\",\"@id\":\"https:\\\/\\\/eldigitaldeasturias.com\\\/magazine365\\\/category\\\/noticias-actualidad\\\/#listItem\",\"name\":\"Noticias y Actualidad\"}},{\"@type\":\"ListItem\",\"@id\":\"https:\\\/\\\/eldigitaldeasturias.com\\\/magazine365\\\/category\\\/noticias-actualidad\\\/#listItem\",\"position\":2,\"name\":\"Noticias y Actualidad\",\"item\":\"https:\\\/\\\/eldigitaldeasturias.com\\\/magazine365\\\/category\\\/noticias-actualidad\\\/\",\"nextItem\":{\"@type\":\"ListItem\",\"@id\":\"https:\\\/\\\/eldigitaldeasturias.com\\\/magazine365\\\/maria-canadas-reina-de-los-mayores-del-carnaval-de-santa-cruz-de-tenerife\\\/#listItem\",\"name\":\"Mar\\u00eda Ca\\u00f1adas, Reina de los Mayores del Carnaval de Santa Cruz de Tenerife\"},\"previousItem\":{\"@type\":\"ListItem\",\"@id\":\"https:\\\/\\\/eldigitaldeasturias.com\\\/magazine365#listItem\",\"name\":\"Home\"}},{\"@type\":\"ListItem\",\"@id\":\"https:\\\/\\\/eldigitaldeasturias.com\\\/magazine365\\\/maria-canadas-reina-de-los-mayores-del-carnaval-de-santa-cruz-de-tenerife\\\/#listItem\",\"position\":3,\"name\":\"Mar\\u00eda Ca\\u00f1adas, Reina de los Mayores del Carnaval de Santa Cruz de Tenerife\",\"previousItem\":{\"@type\":\"ListItem\",\"@id\":\"https:\\\/\\\/eldigitaldeasturias.com\\\/magazine365\\\/category\\\/noticias-actualidad\\\/#listItem\",\"name\":\"Noticias y Actualidad\"}}]},{\"@type\":\"Organization\",\"@id\":\"https:\\\/\\\/eldigitaldeasturias.com\\\/magazine365\\\/#organization\",\"name\":\"El digital de Asturias\",\"description\":\"Revista de ocio, turismo y estilo de vida\",\"url\":\"https:\\\/\\\/eldigitaldeasturias.com\\\/magazine365\\\/\",\"logo\":{\"@type\":\"ImageObject\",\"url\":\"https:\\\/\\\/www.eldigitaldeasturias.com\\\/noticias\\\/wp-content\\\/uploads\\\/2020\\\/12\\\/EDA.jpg\",\"@id\":\"https:\\\/\\\/eldigitaldeasturias.com\\\/magazine365\\\/maria-canadas-reina-de-los-mayores-del-carnaval-de-santa-cruz-de-tenerife\\\/#organizationLogo\"},\"image\":{\"@id\":\"https:\\\/\\\/eldigitaldeasturias.com\\\/magazine365\\\/maria-canadas-reina-de-los-mayores-del-carnaval-de-santa-cruz-de-tenerife\\\/#organizationLogo\"}},{\"@type\":\"Person\",\"@id\":\"https:\\\/\\\/eldigitaldeasturias.com\\\/magazine365\\\/author\\\/admin\\\/#author\",\"url\":\"https:\\\/\\\/eldigitaldeasturias.com\\\/magazine365\\\/author\\\/admin\\\/\",\"name\":\"admin\",\"image\":{\"@type\":\"ImageObject\",\"@id\":\"https:\\\/\\\/eldigitaldeasturias.com\\\/magazine365\\\/maria-canadas-reina-de-los-mayores-del-carnaval-de-santa-cruz-de-tenerife\\\/#authorImage\",\"url\":\"https:\\\/\\\/eldigitaldeasturias.com\\\/magazine365\\\/wp-content\\\/litespeed\\\/avatar\\\/e571bcf59a0edd6fa6838245a470f2fe.jpg?ver=1776969259\",\"width\":96,\"height\":96,\"caption\":\"admin\"}},{\"@type\":\"WebPage\",\"@id\":\"https:\\\/\\\/eldigitaldeasturias.com\\\/magazine365\\\/maria-canadas-reina-de-los-mayores-del-carnaval-de-santa-cruz-de-tenerife\\\/#webpage\",\"url\":\"https:\\\/\\\/eldigitaldeasturias.com\\\/magazine365\\\/maria-canadas-reina-de-los-mayores-del-carnaval-de-santa-cruz-de-tenerife\\\/\",\"name\":\"Mar\\u00eda Ca\\u00f1adas, Reina de los Mayores del Carnaval de Santa Cruz de Tenerife | El Digital de Asturias\",\"description\":\"Mar\\u00eda Ca\\u00f1adas Gonz\\u00e1lez fue elegida en la noche de este mi\\u00e9rcoles Reina de los Mayores del Carnaval de Santa Cruz de Tenerife, en el transcurso de la gala celebrada en el Recinto Ferial en la que tomaron parte ocho aspirantes. Vestida con la fantas\\u00eda 'Dos gardenias', obra de Miguel Ca\\u00f1adas, la nueva reina representa a\",\"inLanguage\":\"es-ES\",\"isPartOf\":{\"@id\":\"https:\\\/\\\/eldigitaldeasturias.com\\\/magazine365\\\/#website\"},\"breadcrumb\":{\"@id\":\"https:\\\/\\\/eldigitaldeasturias.com\\\/magazine365\\\/maria-canadas-reina-de-los-mayores-del-carnaval-de-santa-cruz-de-tenerife\\\/#breadcrumblist\"},\"author\":{\"@id\":\"https:\\\/\\\/eldigitaldeasturias.com\\\/magazine365\\\/author\\\/admin\\\/#author\"},\"creator\":{\"@id\":\"https:\\\/\\\/eldigitaldeasturias.com\\\/magazine365\\\/author\\\/admin\\\/#author\"},\"image\":{\"@type\":\"ImageObject\",\"url\":\"https:\\\/\\\/eldigitaldeasturias.com\\\/magazine365\\\/wp-content\\\/uploads\\\/2016\\\/02\\\/fotonoticia_20160128120023_800.jpg\",\"@id\":\"https:\\\/\\\/eldigitaldeasturias.com\\\/magazine365\\\/maria-canadas-reina-de-los-mayores-del-carnaval-de-santa-cruz-de-tenerife\\\/#mainImage\",\"width\":800,\"height\":549},\"primaryImageOfPage\":{\"@id\":\"https:\\\/\\\/eldigitaldeasturias.com\\\/magazine365\\\/maria-canadas-reina-de-los-mayores-del-carnaval-de-santa-cruz-de-tenerife\\\/#mainImage\"},\"datePublished\":\"2016-02-02T14:45:33+01:00\",\"dateModified\":\"2016-02-02T14:45:33+01:00\"},{\"@type\":\"WebSite\",\"@id\":\"https:\\\/\\\/eldigitaldeasturias.com\\\/magazine365\\\/#website\",\"url\":\"https:\\\/\\\/eldigitaldeasturias.com\\\/magazine365\\\/\",\"name\":\"El Digital de Asturias\",\"description\":\"Revista de ocio, turismo y estilo de vida\",\"inLanguage\":\"es-ES\",\"publisher\":{\"@id\":\"https:\\\/\\\/eldigitaldeasturias.com\\\/magazine365\\\/#organization\"}}]}\n\t\t<\/script>\n\t\t<!-- All in One SEO Pro -->\r\n\t\t<title>Mar\u00eda Ca\u00f1adas, Reina de los Mayores del Carnaval de Santa Cruz de Tenerife | El Digital de Asturias<\/title>\n\n","aioseo_head_json":{"title":"Mar\u00eda Ca\u00f1adas, Reina de los Mayores del Carnaval de Santa Cruz de Tenerife | El Digital de Asturias","description":"Mar\u00eda Ca\u00f1adas Gonz\u00e1lez fue elegida en la noche de este mi\u00e9rcoles Reina de los Mayores del Carnaval de Santa Cruz de Tenerife, en el transcurso de la gala celebrada en el Recinto Ferial en la que tomaron parte ocho aspirantes. Vestida con la fantas\u00eda 'Dos gardenias', obra de Miguel Ca\u00f1adas, la nueva reina representa a","canonical_url":"https:\/\/eldigitaldeasturias.com\/magazine365\/maria-canadas-reina-de-los-mayores-del-carnaval-de-santa-cruz-de-tenerife\/","robots":"max-image-preview:large","keywords":"noticias y actualidad","webmasterTools":{"google-site-verification":"UA-38556648-1","miscellaneous":""},"schema":{"@context":"https:\/\/schema.org","@graph":[{"@type":"Article","@id":"https:\/\/eldigitaldeasturias.com\/magazine365\/maria-canadas-reina-de-los-mayores-del-carnaval-de-santa-cruz-de-tenerife\/#article","name":"Mar\u00eda Ca\u00f1adas, Reina de los Mayores del Carnaval de Santa Cruz de Tenerife | El Digital de Asturias","headline":"Mar\u00eda Ca\u00f1adas, Reina de los Mayores del Carnaval de Santa Cruz de Tenerife","author":{"@id":"https:\/\/eldigitaldeasturias.com\/magazine365\/author\/admin\/#author"},"publisher":{"@id":"https:\/\/eldigitaldeasturias.com\/magazine365\/#organization"},"image":{"@type":"ImageObject","url":"https:\/\/eldigitaldeasturias.com\/magazine365\/wp-content\/uploads\/2016\/02\/fotonoticia_20160128120023_800.jpg","width":800,"height":549},"datePublished":"2016-02-02T14:45:33+01:00","dateModified":"2016-02-02T14:45:33+01:00","inLanguage":"es-ES","mainEntityOfPage":{"@id":"https:\/\/eldigitaldeasturias.com\/magazine365\/maria-canadas-reina-de-los-mayores-del-carnaval-de-santa-cruz-de-tenerife\/#webpage"},"isPartOf":{"@id":"https:\/\/eldigitaldeasturias.com\/magazine365\/maria-canadas-reina-de-los-mayores-del-carnaval-de-santa-cruz-de-tenerife\/#webpage"},"articleSection":"Noticias y Actualidad"},{"@type":"BreadcrumbList","@id":"https:\/\/eldigitaldeasturias.com\/magazine365\/maria-canadas-reina-de-los-mayores-del-carnaval-de-santa-cruz-de-tenerife\/#breadcrumblist","itemListElement":[{"@type":"ListItem","@id":"https:\/\/eldigitaldeasturias.com\/magazine365#listItem","position":1,"name":"Home","item":"https:\/\/eldigitaldeasturias.com\/magazine365","nextItem":{"@type":"ListItem","@id":"https:\/\/eldigitaldeasturias.com\/magazine365\/category\/noticias-actualidad\/#listItem","name":"Noticias y Actualidad"}},{"@type":"ListItem","@id":"https:\/\/eldigitaldeasturias.com\/magazine365\/category\/noticias-actualidad\/#listItem","position":2,"name":"Noticias y Actualidad","item":"https:\/\/eldigitaldeasturias.com\/magazine365\/category\/noticias-actualidad\/","nextItem":{"@type":"ListItem","@id":"https:\/\/eldigitaldeasturias.com\/magazine365\/maria-canadas-reina-de-los-mayores-del-carnaval-de-santa-cruz-de-tenerife\/#listItem","name":"Mar\u00eda Ca\u00f1adas, Reina de los Mayores del Carnaval de Santa Cruz de Tenerife"},"previousItem":{"@type":"ListItem","@id":"https:\/\/eldigitaldeasturias.com\/magazine365#listItem","name":"Home"}},{"@type":"ListItem","@id":"https:\/\/eldigitaldeasturias.com\/magazine365\/maria-canadas-reina-de-los-mayores-del-carnaval-de-santa-cruz-de-tenerife\/#listItem","position":3,"name":"Mar\u00eda Ca\u00f1adas, Reina de los Mayores del Carnaval de Santa Cruz de Tenerife","previousItem":{"@type":"ListItem","@id":"https:\/\/eldigitaldeasturias.com\/magazine365\/category\/noticias-actualidad\/#listItem","name":"Noticias y Actualidad"}}]},{"@type":"Organization","@id":"https:\/\/eldigitaldeasturias.com\/magazine365\/#organization","name":"El digital de Asturias","description":"Revista de ocio, turismo y estilo de vida","url":"https:\/\/eldigitaldeasturias.com\/magazine365\/","logo":{"@type":"ImageObject","url":"https:\/\/www.eldigitaldeasturias.com\/noticias\/wp-content\/uploads\/2020\/12\/EDA.jpg","@id":"https:\/\/eldigitaldeasturias.com\/magazine365\/maria-canadas-reina-de-los-mayores-del-carnaval-de-santa-cruz-de-tenerife\/#organizationLogo"},"image":{"@id":"https:\/\/eldigitaldeasturias.com\/magazine365\/maria-canadas-reina-de-los-mayores-del-carnaval-de-santa-cruz-de-tenerife\/#organizationLogo"}},{"@type":"Person","@id":"https:\/\/eldigitaldeasturias.com\/magazine365\/author\/admin\/#author","url":"https:\/\/eldigitaldeasturias.com\/magazine365\/author\/admin\/","name":"admin","image":{"@type":"ImageObject","@id":"https:\/\/eldigitaldeasturias.com\/magazine365\/maria-canadas-reina-de-los-mayores-del-carnaval-de-santa-cruz-de-tenerife\/#authorImage","url":"https:\/\/eldigitaldeasturias.com\/magazine365\/wp-content\/litespeed\/avatar\/e571bcf59a0edd6fa6838245a470f2fe.jpg?ver=1776969259","width":96,"height":96,"caption":"admin"}},{"@type":"WebPage","@id":"https:\/\/eldigitaldeasturias.com\/magazine365\/maria-canadas-reina-de-los-mayores-del-carnaval-de-santa-cruz-de-tenerife\/#webpage","url":"https:\/\/eldigitaldeasturias.com\/magazine365\/maria-canadas-reina-de-los-mayores-del-carnaval-de-santa-cruz-de-tenerife\/","name":"Mar\u00eda Ca\u00f1adas, Reina de los Mayores del Carnaval de Santa Cruz de Tenerife | El Digital de Asturias","description":"Mar\u00eda Ca\u00f1adas Gonz\u00e1lez fue elegida en la noche de este mi\u00e9rcoles Reina de los Mayores del Carnaval de Santa Cruz de Tenerife, en el transcurso de la gala celebrada en el Recinto Ferial en la que tomaron parte ocho aspirantes. Vestida con la fantas\u00eda 'Dos gardenias', obra de Miguel Ca\u00f1adas, la nueva reina representa a","inLanguage":"es-ES","isPartOf":{"@id":"https:\/\/eldigitaldeasturias.com\/magazine365\/#website"},"breadcrumb":{"@id":"https:\/\/eldigitaldeasturias.com\/magazine365\/maria-canadas-reina-de-los-mayores-del-carnaval-de-santa-cruz-de-tenerife\/#breadcrumblist"},"author":{"@id":"https:\/\/eldigitaldeasturias.com\/magazine365\/author\/admin\/#author"},"creator":{"@id":"https:\/\/eldigitaldeasturias.com\/magazine365\/author\/admin\/#author"},"image":{"@type":"ImageObject","url":"https:\/\/eldigitaldeasturias.com\/magazine365\/wp-content\/uploads\/2016\/02\/fotonoticia_20160128120023_800.jpg","@id":"https:\/\/eldigitaldeasturias.com\/magazine365\/maria-canadas-reina-de-los-mayores-del-carnaval-de-santa-cruz-de-tenerife\/#mainImage","width":800,"height":549},"primaryImageOfPage":{"@id":"https:\/\/eldigitaldeasturias.com\/magazine365\/maria-canadas-reina-de-los-mayores-del-carnaval-de-santa-cruz-de-tenerife\/#mainImage"},"datePublished":"2016-02-02T14:45:33+01:00","dateModified":"2016-02-02T14:45:33+01:00"},{"@type":"WebSite","@id":"https:\/\/eldigitaldeasturias.com\/magazine365\/#website","url":"https:\/\/eldigitaldeasturias.com\/magazine365\/","name":"El Digital de Asturias","description":"Revista de ocio, turismo y estilo de vida","inLanguage":"es-ES","publisher":{"@id":"https:\/\/eldigitaldeasturias.com\/magazine365\/#organization"}}]},"og:locale":"es_ES","og:site_name":"El Digital de Asturias \u2013 Revista de ocio, turismo y estilo de vida","og:type":"article","og:title":"Mar\u00eda Ca\u00f1adas, Reina de los Mayores del Carnaval de Santa Cruz de Tenerife | El Digital de Asturias","og:description":"Mar\u00eda Ca\u00f1adas Gonz\u00e1lez fue elegida en la noche de este mi\u00e9rcoles Reina de los Mayores del Carnaval de Santa Cruz de Tenerife, en el transcurso de la gala celebrada en el Recinto Ferial en la que tomaron parte ocho aspirantes. Vestida con la fantas\u00eda 'Dos gardenias', obra de Miguel Ca\u00f1adas, la nueva reina representa a","og:url":"https:\/\/eldigitaldeasturias.com\/magazine365\/maria-canadas-reina-de-los-mayores-del-carnaval-de-santa-cruz-de-tenerife\/","og:image":"https:\/\/eldigitaldeasturias.com\/magazine365\/wp-content\/uploads\/2016\/02\/fotonoticia_20160128120023_800.jpg","og:image:secure_url":"https:\/\/eldigitaldeasturias.com\/magazine365\/wp-content\/uploads\/2016\/02\/fotonoticia_20160128120023_800.jpg","og:image:width":800,"og:image:height":549,"article:published_time":"2016-02-02T13:45:33+00:00","article:modified_time":"2016-02-02T13:45:33+00:00","twitter:card":"summary_large_image","twitter:title":"Mar\u00eda Ca\u00f1adas, Reina de los Mayores del Carnaval de Santa Cruz de Tenerife | El Digital de Asturias","twitter:description":"Mar\u00eda Ca\u00f1adas Gonz\u00e1lez fue elegida en la noche de este mi\u00e9rcoles Reina de los Mayores del Carnaval de Santa Cruz de Tenerife, en el transcurso de la gala celebrada en el Recinto Ferial en la que tomaron parte ocho aspirantes. Vestida con la fantas\u00eda 'Dos gardenias', obra de Miguel Ca\u00f1adas, la nueva reina representa a","twitter:image":"https:\/\/eldigitaldeasturias.com\/magazine365\/wp-content\/uploads\/2016\/02\/fotonoticia_20160128120023_800.jpg"},"aioseo_meta_data":{"post_id":"62589","title":null,"description":null,"keywords":null,"keyphrases":null,"primary_term":null,"canonical_url":null,"og_title":null,"og_description":null,"og_object_type":"default","og_image_type":"default","og_image_url":null,"og_image_width":null,"og_image_height":null,"og_image_custom_url":null,"og_image_custom_fields":null,"og_video":null,"og_custom_url":null,"og_article_section":null,"og_article_tags":null,"twitter_use_og":false,"twitter_card":"default","twitter_image_type":"default","twitter_image_url":null,"twitter_image_custom_url":null,"twitter_image_custom_fields":null,"twitter_title":null,"twitter_description":null,"schema":{"blockGraphs":[],"customGraphs":[],"default":{"data":{"Article":[],"Course":[],"Dataset":[],"FAQPage":[],"Movie":[],"Person":[],"Product":[],"ProductReview":[],"Car":[],"Recipe":[],"Service":[],"SoftwareApplication":[],"WebPage":[]},"graphName":"","isEnabled":true},"graphs":[],"defaultGraph":"","defaultPostTypeGraph":""},"schema_type":null,"schema_type_options":null,"pillar_content":false,"robots_default":true,"robots_noindex":false,"robots_noarchive":false,"robots_nosnippet":false,"robots_nofollow":false,"robots_noimageindex":false,"robots_noodp":false,"robots_notranslate":false,"robots_max_snippet":null,"robots_max_videopreview":null,"robots_max_imagepreview":"large","priority":null,"frequency":null,"location":null,"local_seo":null,"seo_analyzer_scan_date":"2025-09-25 11:30:54","breadcrumb_settings":null,"limit_modified_date":false,"open_ai":null,"ai":null,"created":"2021-03-08 21:34:40","updated":"2025-09-25 11:30:54"},"aioseo_breadcrumb":"<div class=\"aioseo-breadcrumbs\"><span class=\"aioseo-breadcrumb\">\n\t<a href=\"https:\/\/eldigitaldeasturias.com\/magazine365\" title=\"Home\">Home<\/a>\n<\/span><span class=\"aioseo-breadcrumb-separator\">\u2013<\/span><span class=\"aioseo-breadcrumb\">\n\t<a href=\"https:\/\/eldigitaldeasturias.com\/magazine365\/category\/noticias-actualidad\/\" title=\"Noticias y Actualidad\">Noticias y Actualidad<\/a>\n<\/span><span class=\"aioseo-breadcrumb-separator\">\u2013<\/span><span class=\"aioseo-breadcrumb\">\n\t<a href=\"https:\/\/eldigitaldeasturias.com\/magazine365\/maria-canadas-reina-de-los-mayores-del-carnaval-de-santa-cruz-de-tenerife\/\" title=\"Mar\u00eda Ca\u00f1adas, Reina de los Mayores del Carnaval de Santa Cruz de Tenerife\">Mar\u00eda Ca\u00f1adas, Reina de los Mayores del Carnaval de Santa Cruz de Tenerife<\/a>\n<\/span><\/div>","aioseo_breadcrumb_json":[{"label":"Home","link":"https:\/\/eldigitaldeasturias.com\/magazine365"},{"label":"Noticias y Actualidad","link":"https:\/\/eldigitaldeasturias.com\/magazine365\/category\/noticias-actualidad\/"},{"label":"Mar\u00eda Ca\u00f1adas, Reina de los Mayores del Carnaval de Santa Cruz de Tenerife","link":"https:\/\/eldigitaldeasturias.com\/magazine365\/maria-canadas-reina-de-los-mayores-del-carnaval-de-santa-cruz-de-tenerife\/"}],"_links":{"self":[{"href":"https:\/\/eldigitaldeasturias.com\/magazine365\/wp-json\/wp\/v2\/posts\/62589","targetHints":{"allow":["GET"]}}],"collection":[{"href":"https:\/\/eldigitaldeasturias.com\/magazine365\/wp-json\/wp\/v2\/posts"}],"about":[{"href":"https:\/\/eldigitaldeasturias.com\/magazine365\/wp-json\/wp\/v2\/types\/post"}],"author":[{"embeddable":true,"href":"https:\/\/eldigitaldeasturias.com\/magazine365\/wp-json\/wp\/v2\/users\/1"}],"replies":[{"embeddable":true,"href":"https:\/\/eldigitaldeasturias.com\/magazine365\/wp-json\/wp\/v2\/comments?post=62589"}],"version-history":[{"count":0,"href":"https:\/\/eldigitaldeasturias.com\/magazine365\/wp-json\/wp\/v2\/posts\/62589\/revisions"}],"wp:featuredmedia":[{"embeddable":true,"href":"https:\/\/eldigitaldeasturias.com\/magazine365\/wp-json\/wp\/v2\/media\/62590"}],"wp:attachment":[{"href":"https:\/\/eldigitaldeasturias.com\/magazine365\/wp-json\/wp\/v2\/media?parent=62589"}],"wp:term":[{"taxonomy":"category","embeddable":true,"href":"https:\/\/eldigitaldeasturias.com\/magazine365\/wp-json\/wp\/v2\/categories?post=62589"},{"taxonomy":"post_tag","embeddable":true,"href":"https:\/\/eldigitaldeasturias.com\/magazine365\/wp-json\/wp\/v2\/tags?post=62589"}],"curies":[{"name":"wp","href":"https:\/\/api.w.org\/{rel}","templated":true}]}}