{"id":62582,"date":"2016-02-01T03:38:46","date_gmt":"2016-02-01T02:38:46","guid":{"rendered":"http:\/\/eldigitaldeasturias.com\/magazine365\/?p=62582"},"modified":"2016-02-01T03:38:46","modified_gmt":"2016-02-01T02:38:46","slug":"el-precio-del-gasoleo-cae-un-25-esta-semana-y-se-abarata-casi-un-10-en-enero","status":"publish","type":"post","link":"https:\/\/eldigitaldeasturias.com\/magazine365\/el-precio-del-gasoleo-cae-un-25-esta-semana-y-se-abarata-casi-un-10-en-enero\/","title":{"rendered":"El precio del gas\u00f3leo cae un 2,5% esta semana y se abarata casi un 10% en enero"},"content":{"rendered":"<p><img fetchpriority=\"high\" decoding=\"async\" class=\"alignleft size-medium wp-image-62583\" src=\"https:\/\/eldigitaldeasturias.com\/magazine365\/wp-content\/uploads\/2016\/02\/fotonoticia_20160128113932_800-360x240.jpg\" alt=\"fotonoticia_20160128113932_800\" width=\"360\" height=\"240\" srcset=\"https:\/\/eldigitaldeasturias.com\/magazine365\/wp-content\/uploads\/2016\/02\/fotonoticia_20160128113932_800-360x240.jpg 360w, https:\/\/eldigitaldeasturias.com\/magazine365\/wp-content\/uploads\/2016\/02\/fotonoticia_20160128113932_800-650x433.jpg 650w, https:\/\/eldigitaldeasturias.com\/magazine365\/wp-content\/uploads\/2016\/02\/fotonoticia_20160128113932_800-768x512.jpg 768w, https:\/\/eldigitaldeasturias.com\/magazine365\/wp-content\/uploads\/2016\/02\/fotonoticia_20160128113932_800-150x100.jpg 150w, https:\/\/eldigitaldeasturias.com\/magazine365\/wp-content\/uploads\/2016\/02\/fotonoticia_20160128113932_800-450x300.jpg 450w, https:\/\/eldigitaldeasturias.com\/magazine365\/wp-content\/uploads\/2016\/02\/fotonoticia_20160128113932_800-696x464.jpg 696w, https:\/\/eldigitaldeasturias.com\/magazine365\/wp-content\/uploads\/2016\/02\/fotonoticia_20160128113932_800-630x420.jpg 630w, https:\/\/eldigitaldeasturias.com\/magazine365\/wp-content\/uploads\/2016\/02\/fotonoticia_20160128113932_800-101x66.jpg 101w, https:\/\/eldigitaldeasturias.com\/magazine365\/wp-content\/uploads\/2016\/02\/fotonoticia_20160128113932_800.jpg 800w\" sizes=\"(max-width: 360px) 100vw, 360px\" \/>El precio del litro de gas\u00f3leo acumula un descenso de casi el 10% en el mes de enero, tras abaratarse esta semana un 2,5% y profundizar en sus m\u00ednimos desde octubre de 2009, seg\u00fan datos del Bolet\u00edn Petrolero de la Uni\u00f3n Europea (UE) recogidos por Europa Press.<\/p>\n<p>En concreto, el litro de gas\u00f3leo, que arranc\u00f3 el a\u00f1o 2016 cayendo por debajo de la barrera del euro por primera vez desde febrero de 2010, se sit\u00faa en 0,909 euros, y sigue as\u00ed abaratando su precio a rebufo de la ca\u00edda en los precios del crudo.<\/p>\n<p>De esta manera, este carburante, consumido por cerca del 70% del parque automovil\u00edstico espa\u00f1ol, cuesta en la actualidad un 9,5% menos que el precio en que cerr\u00f3 el a\u00f1o pasado, que se situaba ligeramente por encima del euro.<\/p>\n<p>En el caso de la gasolina, su precio se sit\u00faa en una media de 1,095 euros el litro, tras haberse abaratado un 1,26% con respecto a hace una semana.<\/p>\n<p>Adem\u00e1s, la diferencia de precio entre ambos carburantes se ha vuelto a tensar en las \u00faltimas semanas, hasta situarse en sus m\u00e1ximos en la \u00faltima d\u00e9cada, superando ya los 18 c\u00e9ntimos.<\/p>\n<p>De esta manera, el llenado de un dep\u00f3sito medio de gasolina de 55 litros cuesta en la actualidad unos 60,2 euros, 10 euros m\u00e1s que en el caso de un veh\u00edculo de gas\u00f3leo.<\/p>\n<p>Esta ca\u00edda en ambos carburantes coincide con la tendencia bajista en los precios del crudo desde que arranc\u00f3 2016. El precio del barril de petr\u00f3leo Brent se recuperaba hoy hasta los 33,86 d\u00f3lares por barril, tras haber ca\u00eddo la pasada semana por debajo de los 28 d\u00f3lares.<\/p>\n<p>Los carburantes cuestan en Espa\u00f1a menos que la media de la UE y la zona euro, donde el precio de venta al p\u00fablico del litro de gasolina se sit\u00faa en 1,247 euros y en 1,267 euros, respectivamente. Por su parte, el litro de gas\u00f3leo cuesta 1,037 euros de media en la UE y 1,005 euros en la eurozona.<\/p>\n<p>El menor nivel de precios finales con respecto a los pa\u00edses del entorno se debe a que Espa\u00f1a pese a las subidas del IVA, a los mayores impuestos y a los nuevos grav\u00e1menes al biodi\u00e9sel, sigue contando con una menor presi\u00f3n fiscal.<\/p>\n","protected":false},"excerpt":{"rendered":"<p>El precio del litro de gas\u00f3leo acumula un descenso de casi el 10% en el mes de enero, tras abaratarse esta semana un 2,5% y profundizar en sus m\u00ednimos desde octubre de 2009, seg\u00fan datos del Bolet\u00edn Petrolero de la Uni\u00f3n Europea (UE) recogidos por Europa Press. En concreto, el litro de gas\u00f3leo, que arranc\u00f3<\/p>\n","protected":false},"author":1,"featured_media":62583,"comment_status":"open","ping_status":"closed","sticky":false,"template":"","format":"standard","meta":{"footnotes":""},"categories":[224],"tags":[],"class_list":{"0":"post-62582","1":"post","2":"type-post","3":"status-publish","4":"format-standard","5":"has-post-thumbnail","7":"category-noticias-actualidad"},"aioseo_notices":[],"aioseo_head":"\n\t\t<!-- All in One SEO Pro 4.9.6.1 - aioseo.com -->\n\t<meta name=\"description\" content=\"El precio del litro de gas\u00f3leo acumula un descenso de casi el 10% en el mes de enero, tras abaratarse esta semana un 2,5% y profundizar en sus m\u00ednimos desde octubre de 2009, seg\u00fan datos del Bolet\u00edn Petrolero de la Uni\u00f3n Europea (UE) recogidos por Europa Press. En concreto, el litro de gas\u00f3leo, que arranc\u00f3\" \/>\n\t<meta name=\"robots\" content=\"max-image-preview:large\" \/>\n\t<meta name=\"author\" content=\"admin\"\/>\n\t<meta name=\"google-site-verification\" content=\"UA-38556648-1\" \/>\n\t<meta name=\"keywords\" content=\"noticias y actualidad\" \/>\n\t<link rel=\"canonical\" href=\"https:\/\/eldigitaldeasturias.com\/magazine365\/el-precio-del-gasoleo-cae-un-25-esta-semana-y-se-abarata-casi-un-10-en-enero\/\" \/>\n\t<meta name=\"generator\" content=\"All in One SEO Pro (AIOSEO) 4.9.6.1\" \/>\n\t\t<meta property=\"og:locale\" content=\"es_ES\" \/>\n\t\t<meta property=\"og:site_name\" content=\"El Digital de Asturias \u2013 Revista de ocio, turismo y estilo de vida\" \/>\n\t\t<meta property=\"og:type\" content=\"article\" \/>\n\t\t<meta property=\"og:title\" content=\"El precio del gas\u00f3leo cae un 2,5% esta semana y se abarata casi un 10% en enero | El Digital de Asturias\" \/>\n\t\t<meta property=\"og:description\" content=\"El precio del litro de gas\u00f3leo acumula un descenso de casi el 10% en el mes de enero, tras abaratarse esta semana un 2,5% y profundizar en sus m\u00ednimos desde octubre de 2009, seg\u00fan datos del Bolet\u00edn Petrolero de la Uni\u00f3n Europea (UE) recogidos por Europa Press. En concreto, el litro de gas\u00f3leo, que arranc\u00f3\" \/>\n\t\t<meta property=\"og:url\" content=\"https:\/\/eldigitaldeasturias.com\/magazine365\/el-precio-del-gasoleo-cae-un-25-esta-semana-y-se-abarata-casi-un-10-en-enero\/\" \/>\n\t\t<meta property=\"og:image\" content=\"https:\/\/eldigitaldeasturias.com\/magazine365\/wp-content\/uploads\/2016\/02\/fotonoticia_20160128113932_800.jpg\" \/>\n\t\t<meta property=\"og:image:secure_url\" content=\"https:\/\/eldigitaldeasturias.com\/magazine365\/wp-content\/uploads\/2016\/02\/fotonoticia_20160128113932_800.jpg\" \/>\n\t\t<meta property=\"og:image:width\" content=\"800\" \/>\n\t\t<meta property=\"og:image:height\" content=\"533\" \/>\n\t\t<meta property=\"article:published_time\" content=\"2016-02-01T02:38:46+00:00\" \/>\n\t\t<meta property=\"article:modified_time\" content=\"2016-02-01T02:38:46+00:00\" \/>\n\t\t<meta name=\"twitter:card\" content=\"summary_large_image\" \/>\n\t\t<meta name=\"twitter:title\" content=\"El precio del gas\u00f3leo cae un 2,5% esta semana y se abarata casi un 10% en enero | El Digital de Asturias\" \/>\n\t\t<meta name=\"twitter:description\" content=\"El precio del litro de gas\u00f3leo acumula un descenso de casi el 10% en el mes de enero, tras abaratarse esta semana un 2,5% y profundizar en sus m\u00ednimos desde octubre de 2009, seg\u00fan datos del Bolet\u00edn Petrolero de la Uni\u00f3n Europea (UE) recogidos por Europa Press. En concreto, el litro de gas\u00f3leo, que arranc\u00f3\" \/>\n\t\t<meta name=\"twitter:image\" content=\"https:\/\/eldigitaldeasturias.com\/magazine365\/wp-content\/uploads\/2016\/02\/fotonoticia_20160128113932_800.jpg\" \/>\n\t\t<script type=\"application\/ld+json\" class=\"aioseo-schema\">\n\t\t\t{\"@context\":\"https:\\\/\\\/schema.org\",\"@graph\":[{\"@type\":\"Article\",\"@id\":\"https:\\\/\\\/eldigitaldeasturias.com\\\/magazine365\\\/el-precio-del-gasoleo-cae-un-25-esta-semana-y-se-abarata-casi-un-10-en-enero\\\/#article\",\"name\":\"El precio del gas\\u00f3leo cae un 2,5% esta semana y se abarata casi un 10% en enero | El Digital de Asturias\",\"headline\":\"El precio del gas\\u00f3leo cae un 2,5% esta semana y se abarata casi un 10% en enero\",\"author\":{\"@id\":\"https:\\\/\\\/eldigitaldeasturias.com\\\/magazine365\\\/author\\\/admin\\\/#author\"},\"publisher\":{\"@id\":\"https:\\\/\\\/eldigitaldeasturias.com\\\/magazine365\\\/#organization\"},\"image\":{\"@type\":\"ImageObject\",\"url\":\"https:\\\/\\\/eldigitaldeasturias.com\\\/magazine365\\\/wp-content\\\/uploads\\\/2016\\\/02\\\/fotonoticia_20160128113932_800.jpg\",\"width\":800,\"height\":533},\"datePublished\":\"2016-02-01T03:38:46+01:00\",\"dateModified\":\"2016-02-01T03:38:46+01:00\",\"inLanguage\":\"es-ES\",\"mainEntityOfPage\":{\"@id\":\"https:\\\/\\\/eldigitaldeasturias.com\\\/magazine365\\\/el-precio-del-gasoleo-cae-un-25-esta-semana-y-se-abarata-casi-un-10-en-enero\\\/#webpage\"},\"isPartOf\":{\"@id\":\"https:\\\/\\\/eldigitaldeasturias.com\\\/magazine365\\\/el-precio-del-gasoleo-cae-un-25-esta-semana-y-se-abarata-casi-un-10-en-enero\\\/#webpage\"},\"articleSection\":\"Noticias y Actualidad\"},{\"@type\":\"BreadcrumbList\",\"@id\":\"https:\\\/\\\/eldigitaldeasturias.com\\\/magazine365\\\/el-precio-del-gasoleo-cae-un-25-esta-semana-y-se-abarata-casi-un-10-en-enero\\\/#breadcrumblist\",\"itemListElement\":[{\"@type\":\"ListItem\",\"@id\":\"https:\\\/\\\/eldigitaldeasturias.com\\\/magazine365#listItem\",\"position\":1,\"name\":\"Home\",\"item\":\"https:\\\/\\\/eldigitaldeasturias.com\\\/magazine365\",\"nextItem\":{\"@type\":\"ListItem\",\"@id\":\"https:\\\/\\\/eldigitaldeasturias.com\\\/magazine365\\\/category\\\/noticias-actualidad\\\/#listItem\",\"name\":\"Noticias y Actualidad\"}},{\"@type\":\"ListItem\",\"@id\":\"https:\\\/\\\/eldigitaldeasturias.com\\\/magazine365\\\/category\\\/noticias-actualidad\\\/#listItem\",\"position\":2,\"name\":\"Noticias y Actualidad\",\"item\":\"https:\\\/\\\/eldigitaldeasturias.com\\\/magazine365\\\/category\\\/noticias-actualidad\\\/\",\"nextItem\":{\"@type\":\"ListItem\",\"@id\":\"https:\\\/\\\/eldigitaldeasturias.com\\\/magazine365\\\/el-precio-del-gasoleo-cae-un-25-esta-semana-y-se-abarata-casi-un-10-en-enero\\\/#listItem\",\"name\":\"El precio del gas\\u00f3leo cae un 2,5% esta semana y se abarata casi un 10% en enero\"},\"previousItem\":{\"@type\":\"ListItem\",\"@id\":\"https:\\\/\\\/eldigitaldeasturias.com\\\/magazine365#listItem\",\"name\":\"Home\"}},{\"@type\":\"ListItem\",\"@id\":\"https:\\\/\\\/eldigitaldeasturias.com\\\/magazine365\\\/el-precio-del-gasoleo-cae-un-25-esta-semana-y-se-abarata-casi-un-10-en-enero\\\/#listItem\",\"position\":3,\"name\":\"El precio del gas\\u00f3leo cae un 2,5% esta semana y se abarata casi un 10% en enero\",\"previousItem\":{\"@type\":\"ListItem\",\"@id\":\"https:\\\/\\\/eldigitaldeasturias.com\\\/magazine365\\\/category\\\/noticias-actualidad\\\/#listItem\",\"name\":\"Noticias y Actualidad\"}}]},{\"@type\":\"Organization\",\"@id\":\"https:\\\/\\\/eldigitaldeasturias.com\\\/magazine365\\\/#organization\",\"name\":\"El digital de Asturias\",\"description\":\"Revista de ocio, turismo y estilo de vida\",\"url\":\"https:\\\/\\\/eldigitaldeasturias.com\\\/magazine365\\\/\",\"logo\":{\"@type\":\"ImageObject\",\"url\":\"https:\\\/\\\/www.eldigitaldeasturias.com\\\/noticias\\\/wp-content\\\/uploads\\\/2020\\\/12\\\/EDA.jpg\",\"@id\":\"https:\\\/\\\/eldigitaldeasturias.com\\\/magazine365\\\/el-precio-del-gasoleo-cae-un-25-esta-semana-y-se-abarata-casi-un-10-en-enero\\\/#organizationLogo\"},\"image\":{\"@id\":\"https:\\\/\\\/eldigitaldeasturias.com\\\/magazine365\\\/el-precio-del-gasoleo-cae-un-25-esta-semana-y-se-abarata-casi-un-10-en-enero\\\/#organizationLogo\"}},{\"@type\":\"Person\",\"@id\":\"https:\\\/\\\/eldigitaldeasturias.com\\\/magazine365\\\/author\\\/admin\\\/#author\",\"url\":\"https:\\\/\\\/eldigitaldeasturias.com\\\/magazine365\\\/author\\\/admin\\\/\",\"name\":\"admin\",\"image\":{\"@type\":\"ImageObject\",\"@id\":\"https:\\\/\\\/eldigitaldeasturias.com\\\/magazine365\\\/el-precio-del-gasoleo-cae-un-25-esta-semana-y-se-abarata-casi-un-10-en-enero\\\/#authorImage\",\"url\":\"https:\\\/\\\/eldigitaldeasturias.com\\\/magazine365\\\/wp-content\\\/litespeed\\\/avatar\\\/e571bcf59a0edd6fa6838245a470f2fe.jpg?ver=1776969259\",\"width\":96,\"height\":96,\"caption\":\"admin\"}},{\"@type\":\"WebPage\",\"@id\":\"https:\\\/\\\/eldigitaldeasturias.com\\\/magazine365\\\/el-precio-del-gasoleo-cae-un-25-esta-semana-y-se-abarata-casi-un-10-en-enero\\\/#webpage\",\"url\":\"https:\\\/\\\/eldigitaldeasturias.com\\\/magazine365\\\/el-precio-del-gasoleo-cae-un-25-esta-semana-y-se-abarata-casi-un-10-en-enero\\\/\",\"name\":\"El precio del gas\\u00f3leo cae un 2,5% esta semana y se abarata casi un 10% en enero | El Digital de Asturias\",\"description\":\"El precio del litro de gas\\u00f3leo acumula un descenso de casi el 10% en el mes de enero, tras abaratarse esta semana un 2,5% y profundizar en sus m\\u00ednimos desde octubre de 2009, seg\\u00fan datos del Bolet\\u00edn Petrolero de la Uni\\u00f3n Europea (UE) recogidos por Europa Press. En concreto, el litro de gas\\u00f3leo, que arranc\\u00f3\",\"inLanguage\":\"es-ES\",\"isPartOf\":{\"@id\":\"https:\\\/\\\/eldigitaldeasturias.com\\\/magazine365\\\/#website\"},\"breadcrumb\":{\"@id\":\"https:\\\/\\\/eldigitaldeasturias.com\\\/magazine365\\\/el-precio-del-gasoleo-cae-un-25-esta-semana-y-se-abarata-casi-un-10-en-enero\\\/#breadcrumblist\"},\"author\":{\"@id\":\"https:\\\/\\\/eldigitaldeasturias.com\\\/magazine365\\\/author\\\/admin\\\/#author\"},\"creator\":{\"@id\":\"https:\\\/\\\/eldigitaldeasturias.com\\\/magazine365\\\/author\\\/admin\\\/#author\"},\"image\":{\"@type\":\"ImageObject\",\"url\":\"https:\\\/\\\/eldigitaldeasturias.com\\\/magazine365\\\/wp-content\\\/uploads\\\/2016\\\/02\\\/fotonoticia_20160128113932_800.jpg\",\"@id\":\"https:\\\/\\\/eldigitaldeasturias.com\\\/magazine365\\\/el-precio-del-gasoleo-cae-un-25-esta-semana-y-se-abarata-casi-un-10-en-enero\\\/#mainImage\",\"width\":800,\"height\":533},\"primaryImageOfPage\":{\"@id\":\"https:\\\/\\\/eldigitaldeasturias.com\\\/magazine365\\\/el-precio-del-gasoleo-cae-un-25-esta-semana-y-se-abarata-casi-un-10-en-enero\\\/#mainImage\"},\"datePublished\":\"2016-02-01T03:38:46+01:00\",\"dateModified\":\"2016-02-01T03:38:46+01:00\"},{\"@type\":\"WebSite\",\"@id\":\"https:\\\/\\\/eldigitaldeasturias.com\\\/magazine365\\\/#website\",\"url\":\"https:\\\/\\\/eldigitaldeasturias.com\\\/magazine365\\\/\",\"name\":\"El Digital de Asturias\",\"description\":\"Revista de ocio, turismo y estilo de vida\",\"inLanguage\":\"es-ES\",\"publisher\":{\"@id\":\"https:\\\/\\\/eldigitaldeasturias.com\\\/magazine365\\\/#organization\"}}]}\n\t\t<\/script>\n\t\t<!-- All in One SEO Pro -->\r\n\t\t<title>El precio del gas\u00f3leo cae un 2,5% esta semana y se abarata casi un 10% en enero | El Digital de Asturias<\/title>\n\n","aioseo_head_json":{"title":"El precio del gas\u00f3leo cae un 2,5% esta semana y se abarata casi un 10% en enero | El Digital de Asturias","description":"El precio del litro de gas\u00f3leo acumula un descenso de casi el 10% en el mes de enero, tras abaratarse esta semana un 2,5% y profundizar en sus m\u00ednimos desde octubre de 2009, seg\u00fan datos del Bolet\u00edn Petrolero de la Uni\u00f3n Europea (UE) recogidos por Europa Press. En concreto, el litro de gas\u00f3leo, que arranc\u00f3","canonical_url":"https:\/\/eldigitaldeasturias.com\/magazine365\/el-precio-del-gasoleo-cae-un-25-esta-semana-y-se-abarata-casi-un-10-en-enero\/","robots":"max-image-preview:large","keywords":"noticias y actualidad","webmasterTools":{"google-site-verification":"UA-38556648-1","miscellaneous":""},"schema":{"@context":"https:\/\/schema.org","@graph":[{"@type":"Article","@id":"https:\/\/eldigitaldeasturias.com\/magazine365\/el-precio-del-gasoleo-cae-un-25-esta-semana-y-se-abarata-casi-un-10-en-enero\/#article","name":"El precio del gas\u00f3leo cae un 2,5% esta semana y se abarata casi un 10% en enero | El Digital de Asturias","headline":"El precio del gas\u00f3leo cae un 2,5% esta semana y se abarata casi un 10% en enero","author":{"@id":"https:\/\/eldigitaldeasturias.com\/magazine365\/author\/admin\/#author"},"publisher":{"@id":"https:\/\/eldigitaldeasturias.com\/magazine365\/#organization"},"image":{"@type":"ImageObject","url":"https:\/\/eldigitaldeasturias.com\/magazine365\/wp-content\/uploads\/2016\/02\/fotonoticia_20160128113932_800.jpg","width":800,"height":533},"datePublished":"2016-02-01T03:38:46+01:00","dateModified":"2016-02-01T03:38:46+01:00","inLanguage":"es-ES","mainEntityOfPage":{"@id":"https:\/\/eldigitaldeasturias.com\/magazine365\/el-precio-del-gasoleo-cae-un-25-esta-semana-y-se-abarata-casi-un-10-en-enero\/#webpage"},"isPartOf":{"@id":"https:\/\/eldigitaldeasturias.com\/magazine365\/el-precio-del-gasoleo-cae-un-25-esta-semana-y-se-abarata-casi-un-10-en-enero\/#webpage"},"articleSection":"Noticias y Actualidad"},{"@type":"BreadcrumbList","@id":"https:\/\/eldigitaldeasturias.com\/magazine365\/el-precio-del-gasoleo-cae-un-25-esta-semana-y-se-abarata-casi-un-10-en-enero\/#breadcrumblist","itemListElement":[{"@type":"ListItem","@id":"https:\/\/eldigitaldeasturias.com\/magazine365#listItem","position":1,"name":"Home","item":"https:\/\/eldigitaldeasturias.com\/magazine365","nextItem":{"@type":"ListItem","@id":"https:\/\/eldigitaldeasturias.com\/magazine365\/category\/noticias-actualidad\/#listItem","name":"Noticias y Actualidad"}},{"@type":"ListItem","@id":"https:\/\/eldigitaldeasturias.com\/magazine365\/category\/noticias-actualidad\/#listItem","position":2,"name":"Noticias y Actualidad","item":"https:\/\/eldigitaldeasturias.com\/magazine365\/category\/noticias-actualidad\/","nextItem":{"@type":"ListItem","@id":"https:\/\/eldigitaldeasturias.com\/magazine365\/el-precio-del-gasoleo-cae-un-25-esta-semana-y-se-abarata-casi-un-10-en-enero\/#listItem","name":"El precio del gas\u00f3leo cae un 2,5% esta semana y se abarata casi un 10% en enero"},"previousItem":{"@type":"ListItem","@id":"https:\/\/eldigitaldeasturias.com\/magazine365#listItem","name":"Home"}},{"@type":"ListItem","@id":"https:\/\/eldigitaldeasturias.com\/magazine365\/el-precio-del-gasoleo-cae-un-25-esta-semana-y-se-abarata-casi-un-10-en-enero\/#listItem","position":3,"name":"El precio del gas\u00f3leo cae un 2,5% esta semana y se abarata casi un 10% en enero","previousItem":{"@type":"ListItem","@id":"https:\/\/eldigitaldeasturias.com\/magazine365\/category\/noticias-actualidad\/#listItem","name":"Noticias y Actualidad"}}]},{"@type":"Organization","@id":"https:\/\/eldigitaldeasturias.com\/magazine365\/#organization","name":"El digital de Asturias","description":"Revista de ocio, turismo y estilo de vida","url":"https:\/\/eldigitaldeasturias.com\/magazine365\/","logo":{"@type":"ImageObject","url":"https:\/\/www.eldigitaldeasturias.com\/noticias\/wp-content\/uploads\/2020\/12\/EDA.jpg","@id":"https:\/\/eldigitaldeasturias.com\/magazine365\/el-precio-del-gasoleo-cae-un-25-esta-semana-y-se-abarata-casi-un-10-en-enero\/#organizationLogo"},"image":{"@id":"https:\/\/eldigitaldeasturias.com\/magazine365\/el-precio-del-gasoleo-cae-un-25-esta-semana-y-se-abarata-casi-un-10-en-enero\/#organizationLogo"}},{"@type":"Person","@id":"https:\/\/eldigitaldeasturias.com\/magazine365\/author\/admin\/#author","url":"https:\/\/eldigitaldeasturias.com\/magazine365\/author\/admin\/","name":"admin","image":{"@type":"ImageObject","@id":"https:\/\/eldigitaldeasturias.com\/magazine365\/el-precio-del-gasoleo-cae-un-25-esta-semana-y-se-abarata-casi-un-10-en-enero\/#authorImage","url":"https:\/\/eldigitaldeasturias.com\/magazine365\/wp-content\/litespeed\/avatar\/e571bcf59a0edd6fa6838245a470f2fe.jpg?ver=1776969259","width":96,"height":96,"caption":"admin"}},{"@type":"WebPage","@id":"https:\/\/eldigitaldeasturias.com\/magazine365\/el-precio-del-gasoleo-cae-un-25-esta-semana-y-se-abarata-casi-un-10-en-enero\/#webpage","url":"https:\/\/eldigitaldeasturias.com\/magazine365\/el-precio-del-gasoleo-cae-un-25-esta-semana-y-se-abarata-casi-un-10-en-enero\/","name":"El precio del gas\u00f3leo cae un 2,5% esta semana y se abarata casi un 10% en enero | El Digital de Asturias","description":"El precio del litro de gas\u00f3leo acumula un descenso de casi el 10% en el mes de enero, tras abaratarse esta semana un 2,5% y profundizar en sus m\u00ednimos desde octubre de 2009, seg\u00fan datos del Bolet\u00edn Petrolero de la Uni\u00f3n Europea (UE) recogidos por Europa Press. En concreto, el litro de gas\u00f3leo, que arranc\u00f3","inLanguage":"es-ES","isPartOf":{"@id":"https:\/\/eldigitaldeasturias.com\/magazine365\/#website"},"breadcrumb":{"@id":"https:\/\/eldigitaldeasturias.com\/magazine365\/el-precio-del-gasoleo-cae-un-25-esta-semana-y-se-abarata-casi-un-10-en-enero\/#breadcrumblist"},"author":{"@id":"https:\/\/eldigitaldeasturias.com\/magazine365\/author\/admin\/#author"},"creator":{"@id":"https:\/\/eldigitaldeasturias.com\/magazine365\/author\/admin\/#author"},"image":{"@type":"ImageObject","url":"https:\/\/eldigitaldeasturias.com\/magazine365\/wp-content\/uploads\/2016\/02\/fotonoticia_20160128113932_800.jpg","@id":"https:\/\/eldigitaldeasturias.com\/magazine365\/el-precio-del-gasoleo-cae-un-25-esta-semana-y-se-abarata-casi-un-10-en-enero\/#mainImage","width":800,"height":533},"primaryImageOfPage":{"@id":"https:\/\/eldigitaldeasturias.com\/magazine365\/el-precio-del-gasoleo-cae-un-25-esta-semana-y-se-abarata-casi-un-10-en-enero\/#mainImage"},"datePublished":"2016-02-01T03:38:46+01:00","dateModified":"2016-02-01T03:38:46+01:00"},{"@type":"WebSite","@id":"https:\/\/eldigitaldeasturias.com\/magazine365\/#website","url":"https:\/\/eldigitaldeasturias.com\/magazine365\/","name":"El Digital de Asturias","description":"Revista de ocio, turismo y estilo de vida","inLanguage":"es-ES","publisher":{"@id":"https:\/\/eldigitaldeasturias.com\/magazine365\/#organization"}}]},"og:locale":"es_ES","og:site_name":"El Digital de Asturias \u2013 Revista de ocio, turismo y estilo de vida","og:type":"article","og:title":"El precio del gas\u00f3leo cae un 2,5% esta semana y se abarata casi un 10% en enero | El Digital de Asturias","og:description":"El precio del litro de gas\u00f3leo acumula un descenso de casi el 10% en el mes de enero, tras abaratarse esta semana un 2,5% y profundizar en sus m\u00ednimos desde octubre de 2009, seg\u00fan datos del Bolet\u00edn Petrolero de la Uni\u00f3n Europea (UE) recogidos por Europa Press. En concreto, el litro de gas\u00f3leo, que arranc\u00f3","og:url":"https:\/\/eldigitaldeasturias.com\/magazine365\/el-precio-del-gasoleo-cae-un-25-esta-semana-y-se-abarata-casi-un-10-en-enero\/","og:image":"https:\/\/eldigitaldeasturias.com\/magazine365\/wp-content\/uploads\/2016\/02\/fotonoticia_20160128113932_800.jpg","og:image:secure_url":"https:\/\/eldigitaldeasturias.com\/magazine365\/wp-content\/uploads\/2016\/02\/fotonoticia_20160128113932_800.jpg","og:image:width":800,"og:image:height":533,"article:published_time":"2016-02-01T02:38:46+00:00","article:modified_time":"2016-02-01T02:38:46+00:00","twitter:card":"summary_large_image","twitter:title":"El precio del gas\u00f3leo cae un 2,5% esta semana y se abarata casi un 10% en enero | El Digital de Asturias","twitter:description":"El precio del litro de gas\u00f3leo acumula un descenso de casi el 10% en el mes de enero, tras abaratarse esta semana un 2,5% y profundizar en sus m\u00ednimos desde octubre de 2009, seg\u00fan datos del Bolet\u00edn Petrolero de la Uni\u00f3n Europea (UE) recogidos por Europa Press. En concreto, el litro de gas\u00f3leo, que arranc\u00f3","twitter:image":"https:\/\/eldigitaldeasturias.com\/magazine365\/wp-content\/uploads\/2016\/02\/fotonoticia_20160128113932_800.jpg"},"aioseo_meta_data":{"post_id":"62582","title":null,"description":null,"keywords":null,"keyphrases":null,"primary_term":null,"canonical_url":null,"og_title":null,"og_description":null,"og_object_type":"default","og_image_type":"default","og_image_url":null,"og_image_width":null,"og_image_height":null,"og_image_custom_url":null,"og_image_custom_fields":null,"og_video":null,"og_custom_url":null,"og_article_section":null,"og_article_tags":null,"twitter_use_og":false,"twitter_card":"default","twitter_image_type":"default","twitter_image_url":null,"twitter_image_custom_url":null,"twitter_image_custom_fields":null,"twitter_title":null,"twitter_description":null,"schema":{"blockGraphs":[],"customGraphs":[],"default":{"data":{"Article":[],"Course":[],"Dataset":[],"FAQPage":[],"Movie":[],"Person":[],"Product":[],"ProductReview":[],"Car":[],"Recipe":[],"Service":[],"SoftwareApplication":[],"WebPage":[]},"graphName":"","isEnabled":true},"graphs":[],"defaultGraph":"","defaultPostTypeGraph":""},"schema_type":null,"schema_type_options":null,"pillar_content":false,"robots_default":true,"robots_noindex":false,"robots_noarchive":false,"robots_nosnippet":false,"robots_nofollow":false,"robots_noimageindex":false,"robots_noodp":false,"robots_notranslate":false,"robots_max_snippet":null,"robots_max_videopreview":null,"robots_max_imagepreview":"large","priority":null,"frequency":null,"location":null,"local_seo":null,"seo_analyzer_scan_date":"2025-09-25 11:30:51","breadcrumb_settings":null,"limit_modified_date":false,"open_ai":null,"ai":null,"created":"2021-03-08 21:34:40","updated":"2025-09-25 11:30:51"},"aioseo_breadcrumb":"<div class=\"aioseo-breadcrumbs\"><span class=\"aioseo-breadcrumb\">\n\t<a href=\"https:\/\/eldigitaldeasturias.com\/magazine365\" title=\"Home\">Home<\/a>\n<\/span><span class=\"aioseo-breadcrumb-separator\">\u2013<\/span><span class=\"aioseo-breadcrumb\">\n\t<a href=\"https:\/\/eldigitaldeasturias.com\/magazine365\/category\/noticias-actualidad\/\" title=\"Noticias y Actualidad\">Noticias y Actualidad<\/a>\n<\/span><span class=\"aioseo-breadcrumb-separator\">\u2013<\/span><span class=\"aioseo-breadcrumb\">\n\t<a href=\"https:\/\/eldigitaldeasturias.com\/magazine365\/el-precio-del-gasoleo-cae-un-25-esta-semana-y-se-abarata-casi-un-10-en-enero\/\" title=\"El precio del gas\u00f3leo cae un 2,5% esta semana y se abarata casi un 10% en enero\">El precio del gas\u00f3leo cae un 2,5% esta semana y se abarata casi un 10% en enero<\/a>\n<\/span><\/div>","aioseo_breadcrumb_json":[{"label":"Home","link":"https:\/\/eldigitaldeasturias.com\/magazine365"},{"label":"Noticias y Actualidad","link":"https:\/\/eldigitaldeasturias.com\/magazine365\/category\/noticias-actualidad\/"},{"label":"El precio del gas\u00f3leo cae un 2,5% esta semana y se abarata casi un 10% en enero","link":"https:\/\/eldigitaldeasturias.com\/magazine365\/el-precio-del-gasoleo-cae-un-25-esta-semana-y-se-abarata-casi-un-10-en-enero\/"}],"_links":{"self":[{"href":"https:\/\/eldigitaldeasturias.com\/magazine365\/wp-json\/wp\/v2\/posts\/62582","targetHints":{"allow":["GET"]}}],"collection":[{"href":"https:\/\/eldigitaldeasturias.com\/magazine365\/wp-json\/wp\/v2\/posts"}],"about":[{"href":"https:\/\/eldigitaldeasturias.com\/magazine365\/wp-json\/wp\/v2\/types\/post"}],"author":[{"embeddable":true,"href":"https:\/\/eldigitaldeasturias.com\/magazine365\/wp-json\/wp\/v2\/users\/1"}],"replies":[{"embeddable":true,"href":"https:\/\/eldigitaldeasturias.com\/magazine365\/wp-json\/wp\/v2\/comments?post=62582"}],"version-history":[{"count":0,"href":"https:\/\/eldigitaldeasturias.com\/magazine365\/wp-json\/wp\/v2\/posts\/62582\/revisions"}],"wp:featuredmedia":[{"embeddable":true,"href":"https:\/\/eldigitaldeasturias.com\/magazine365\/wp-json\/wp\/v2\/media\/62583"}],"wp:attachment":[{"href":"https:\/\/eldigitaldeasturias.com\/magazine365\/wp-json\/wp\/v2\/media?parent=62582"}],"wp:term":[{"taxonomy":"category","embeddable":true,"href":"https:\/\/eldigitaldeasturias.com\/magazine365\/wp-json\/wp\/v2\/categories?post=62582"},{"taxonomy":"post_tag","embeddable":true,"href":"https:\/\/eldigitaldeasturias.com\/magazine365\/wp-json\/wp\/v2\/tags?post=62582"}],"curies":[{"name":"wp","href":"https:\/\/api.w.org\/{rel}","templated":true}]}}