{"id":62562,"date":"2016-02-01T03:31:49","date_gmt":"2016-02-01T02:31:49","guid":{"rendered":"http:\/\/eldigitaldeasturias.com\/magazine365\/?p=62562"},"modified":"2016-02-01T03:31:49","modified_gmt":"2016-02-01T02:31:49","slug":"francisco-casillas-nuevo-director-comercial-de-amadeus-espana","status":"publish","type":"post","link":"https:\/\/eldigitaldeasturias.com\/magazine365\/francisco-casillas-nuevo-director-comercial-de-amadeus-espana\/","title":{"rendered":"Francisco Casillas, nuevo director comercial de Amadeus Espa\u00f1a"},"content":{"rendered":"<p><img fetchpriority=\"high\" decoding=\"async\" class=\"alignleft size-medium wp-image-62563\" src=\"https:\/\/eldigitaldeasturias.com\/magazine365\/wp-content\/uploads\/2016\/02\/fotonoticia_20160128110035_800-200x300.jpg\" alt=\"fotonoticia_20160128110035_800\" width=\"200\" height=\"300\" srcset=\"https:\/\/eldigitaldeasturias.com\/magazine365\/wp-content\/uploads\/2016\/02\/fotonoticia_20160128110035_800-200x300.jpg 200w, https:\/\/eldigitaldeasturias.com\/magazine365\/wp-content\/uploads\/2016\/02\/fotonoticia_20160128110035_800-427x640.jpg 427w, https:\/\/eldigitaldeasturias.com\/magazine365\/wp-content\/uploads\/2016\/02\/fotonoticia_20160128110035_800-768x1152.jpg 768w, https:\/\/eldigitaldeasturias.com\/magazine365\/wp-content\/uploads\/2016\/02\/fotonoticia_20160128110035_800-150x225.jpg 150w, https:\/\/eldigitaldeasturias.com\/magazine365\/wp-content\/uploads\/2016\/02\/fotonoticia_20160128110035_800-450x675.jpg 450w, https:\/\/eldigitaldeasturias.com\/magazine365\/wp-content\/uploads\/2016\/02\/fotonoticia_20160128110035_800-696x1044.jpg 696w, https:\/\/eldigitaldeasturias.com\/magazine365\/wp-content\/uploads\/2016\/02\/fotonoticia_20160128110035_800-280x420.jpg 280w, https:\/\/eldigitaldeasturias.com\/magazine365\/wp-content\/uploads\/2016\/02\/fotonoticia_20160128110035_800.jpg 800w\" sizes=\"(max-width: 200px) 100vw, 200px\" \/>Amadeus Espa\u00f1a, filial del proveedor de tecnolog\u00eda para el sector del viaje Amadeus, ha anunciado la incorporaci\u00f3n de Francisco Casillas a su equipo directivo como director del \u00e1rea comercial, inform\u00f3 el proveedor tecnol\u00f3gico de servicios tur\u00edsticos.<\/p>\n<p>Casillas liderar\u00e1 la estrategia comercial de Amadeus Espa\u00f1a y ser\u00e1 el m\u00e1ximo responsable de la relaci\u00f3n con los clientes, entre los que se cuentan agencias de viaje &#8216;online&#8217;, &#8216;offline&#8217; y mixtas, touroperadores, consolidadores y otros operadores de la intermediaci\u00f3n de viajes.<\/p>\n<p>Se encargar\u00e1, entre otros cometidos, de velar por la satisfacci\u00f3n de los clientes, incrementar la adopci\u00f3n de las soluciones de Amadeus e impulsar la implantaci\u00f3n en el mercado espa\u00f1ol de una nueva generaci\u00f3n de plataformas de distribuci\u00f3n dirigidas a agencias de viaje especializadas en business y en vacacional.<\/p>\n<p>Asimismo, el nuevo director comercial de Amadeus Espa\u00f1a continuar\u00e1 con la estrategia de desarrollo de soluciones tecnol\u00f3gicas a medida, del negocio &#8216;online&#8217; de las agencias de viaje, y de nuevos productos relacionados con la distribuci\u00f3n m\u00f3vil, los pagos y el business intelligence.<\/p>\n<p>Con m\u00e1s de 15 a\u00f1os de experiencia, la trayectoria de Casillas est\u00e1 muy ligada al sector de la distribuci\u00f3n en el \u00e1mbito de las telecomunicaciones. Ha desempe\u00f1ado, entre otras responsabilidades, el cargo de responsable de ventas en Orange, y director de estragias de ventas en France Telecom. Despu\u00e9s de cursar estudios de Econom\u00eda y Empresas en la Universidad Complutense de Madrid, realiz\u00f3 un m\u00e1ster en Commercial &amp; Marketing Management.<\/p>\n<p>\u00abLa experiencia de Francisco Casillas va a ser muy valiosa para las agencias de viaje, no ya solo por su gran conocimiento de los entornos B2B y del \u00e1mbito de la distribuci\u00f3n, tambi\u00e9n por su car\u00e1cter emprendedor y su experiencia de trabajo con empresas que afrontan el reto de la multicanalidad\u00bb, afirm\u00f3 el director general de Amadeus Espa\u00f1a, Fernando Cuesta.<\/p>\n","protected":false},"excerpt":{"rendered":"<p>Amadeus Espa\u00f1a, filial del proveedor de tecnolog\u00eda para el sector del viaje Amadeus, ha anunciado la incorporaci\u00f3n de Francisco Casillas a su equipo directivo como director del \u00e1rea comercial, inform\u00f3 el proveedor tecnol\u00f3gico de servicios tur\u00edsticos. Casillas liderar\u00e1 la estrategia comercial de Amadeus Espa\u00f1a y ser\u00e1 el m\u00e1ximo responsable de la relaci\u00f3n con los clientes,<\/p>\n","protected":false},"author":1,"featured_media":62563,"comment_status":"open","ping_status":"closed","sticky":false,"template":"","format":"standard","meta":{"footnotes":""},"categories":[224],"tags":[],"class_list":{"0":"post-62562","1":"post","2":"type-post","3":"status-publish","4":"format-standard","5":"has-post-thumbnail","7":"category-noticias-actualidad"},"aioseo_notices":[],"aioseo_head":"\n\t\t<!-- All in One SEO Pro 4.9.6.1 - aioseo.com -->\n\t<meta name=\"description\" content=\"Amadeus Espa\u00f1a, filial del proveedor de tecnolog\u00eda para el sector del viaje Amadeus, ha anunciado la incorporaci\u00f3n de Francisco Casillas a su equipo directivo como director del \u00e1rea comercial, inform\u00f3 el proveedor tecnol\u00f3gico de servicios tur\u00edsticos. Casillas liderar\u00e1 la estrategia comercial de Amadeus Espa\u00f1a y ser\u00e1 el m\u00e1ximo responsable de la relaci\u00f3n con los clientes,\" \/>\n\t<meta name=\"robots\" content=\"max-image-preview:large\" \/>\n\t<meta name=\"author\" content=\"admin\"\/>\n\t<meta name=\"google-site-verification\" content=\"UA-38556648-1\" \/>\n\t<meta name=\"keywords\" content=\"noticias y actualidad\" \/>\n\t<link rel=\"canonical\" href=\"https:\/\/eldigitaldeasturias.com\/magazine365\/francisco-casillas-nuevo-director-comercial-de-amadeus-espana\/\" \/>\n\t<meta name=\"generator\" content=\"All in One SEO Pro (AIOSEO) 4.9.6.1\" \/>\n\t\t<meta property=\"og:locale\" content=\"es_ES\" \/>\n\t\t<meta property=\"og:site_name\" content=\"El Digital de Asturias \u2013 Revista de ocio, turismo y estilo de vida\" \/>\n\t\t<meta property=\"og:type\" content=\"article\" \/>\n\t\t<meta property=\"og:title\" content=\"Francisco Casillas, nuevo director comercial de Amadeus Espa\u00f1a | El Digital de Asturias\" \/>\n\t\t<meta property=\"og:description\" content=\"Amadeus Espa\u00f1a, filial del proveedor de tecnolog\u00eda para el sector del viaje Amadeus, ha anunciado la incorporaci\u00f3n de Francisco Casillas a su equipo directivo como director del \u00e1rea comercial, inform\u00f3 el proveedor tecnol\u00f3gico de servicios tur\u00edsticos. Casillas liderar\u00e1 la estrategia comercial de Amadeus Espa\u00f1a y ser\u00e1 el m\u00e1ximo responsable de la relaci\u00f3n con los clientes,\" \/>\n\t\t<meta property=\"og:url\" content=\"https:\/\/eldigitaldeasturias.com\/magazine365\/francisco-casillas-nuevo-director-comercial-de-amadeus-espana\/\" \/>\n\t\t<meta property=\"og:image\" content=\"https:\/\/eldigitaldeasturias.com\/magazine365\/wp-content\/uploads\/2016\/02\/fotonoticia_20160128110035_800.jpg\" \/>\n\t\t<meta property=\"og:image:secure_url\" content=\"https:\/\/eldigitaldeasturias.com\/magazine365\/wp-content\/uploads\/2016\/02\/fotonoticia_20160128110035_800.jpg\" \/>\n\t\t<meta property=\"og:image:width\" content=\"800\" \/>\n\t\t<meta property=\"og:image:height\" content=\"1200\" \/>\n\t\t<meta property=\"article:published_time\" content=\"2016-02-01T02:31:49+00:00\" \/>\n\t\t<meta property=\"article:modified_time\" content=\"2016-02-01T02:31:49+00:00\" \/>\n\t\t<meta name=\"twitter:card\" content=\"summary_large_image\" \/>\n\t\t<meta name=\"twitter:title\" content=\"Francisco Casillas, nuevo director comercial de Amadeus Espa\u00f1a | El Digital de Asturias\" \/>\n\t\t<meta name=\"twitter:description\" content=\"Amadeus Espa\u00f1a, filial del proveedor de tecnolog\u00eda para el sector del viaje Amadeus, ha anunciado la incorporaci\u00f3n de Francisco Casillas a su equipo directivo como director del \u00e1rea comercial, inform\u00f3 el proveedor tecnol\u00f3gico de servicios tur\u00edsticos. Casillas liderar\u00e1 la estrategia comercial de Amadeus Espa\u00f1a y ser\u00e1 el m\u00e1ximo responsable de la relaci\u00f3n con los clientes,\" \/>\n\t\t<meta name=\"twitter:image\" content=\"https:\/\/eldigitaldeasturias.com\/magazine365\/wp-content\/uploads\/2016\/02\/fotonoticia_20160128110035_800.jpg\" \/>\n\t\t<script type=\"application\/ld+json\" class=\"aioseo-schema\">\n\t\t\t{\"@context\":\"https:\\\/\\\/schema.org\",\"@graph\":[{\"@type\":\"Article\",\"@id\":\"https:\\\/\\\/eldigitaldeasturias.com\\\/magazine365\\\/francisco-casillas-nuevo-director-comercial-de-amadeus-espana\\\/#article\",\"name\":\"Francisco Casillas, nuevo director comercial de Amadeus Espa\\u00f1a | El Digital de Asturias\",\"headline\":\"Francisco Casillas, nuevo director comercial de Amadeus Espa\\u00f1a\",\"author\":{\"@id\":\"https:\\\/\\\/eldigitaldeasturias.com\\\/magazine365\\\/author\\\/admin\\\/#author\"},\"publisher\":{\"@id\":\"https:\\\/\\\/eldigitaldeasturias.com\\\/magazine365\\\/#organization\"},\"image\":{\"@type\":\"ImageObject\",\"url\":\"https:\\\/\\\/eldigitaldeasturias.com\\\/magazine365\\\/wp-content\\\/uploads\\\/2016\\\/02\\\/fotonoticia_20160128110035_800.jpg\",\"width\":800,\"height\":1200},\"datePublished\":\"2016-02-01T03:31:49+01:00\",\"dateModified\":\"2016-02-01T03:31:49+01:00\",\"inLanguage\":\"es-ES\",\"mainEntityOfPage\":{\"@id\":\"https:\\\/\\\/eldigitaldeasturias.com\\\/magazine365\\\/francisco-casillas-nuevo-director-comercial-de-amadeus-espana\\\/#webpage\"},\"isPartOf\":{\"@id\":\"https:\\\/\\\/eldigitaldeasturias.com\\\/magazine365\\\/francisco-casillas-nuevo-director-comercial-de-amadeus-espana\\\/#webpage\"},\"articleSection\":\"Noticias y Actualidad\"},{\"@type\":\"BreadcrumbList\",\"@id\":\"https:\\\/\\\/eldigitaldeasturias.com\\\/magazine365\\\/francisco-casillas-nuevo-director-comercial-de-amadeus-espana\\\/#breadcrumblist\",\"itemListElement\":[{\"@type\":\"ListItem\",\"@id\":\"https:\\\/\\\/eldigitaldeasturias.com\\\/magazine365#listItem\",\"position\":1,\"name\":\"Home\",\"item\":\"https:\\\/\\\/eldigitaldeasturias.com\\\/magazine365\",\"nextItem\":{\"@type\":\"ListItem\",\"@id\":\"https:\\\/\\\/eldigitaldeasturias.com\\\/magazine365\\\/category\\\/noticias-actualidad\\\/#listItem\",\"name\":\"Noticias y Actualidad\"}},{\"@type\":\"ListItem\",\"@id\":\"https:\\\/\\\/eldigitaldeasturias.com\\\/magazine365\\\/category\\\/noticias-actualidad\\\/#listItem\",\"position\":2,\"name\":\"Noticias y Actualidad\",\"item\":\"https:\\\/\\\/eldigitaldeasturias.com\\\/magazine365\\\/category\\\/noticias-actualidad\\\/\",\"nextItem\":{\"@type\":\"ListItem\",\"@id\":\"https:\\\/\\\/eldigitaldeasturias.com\\\/magazine365\\\/francisco-casillas-nuevo-director-comercial-de-amadeus-espana\\\/#listItem\",\"name\":\"Francisco Casillas, nuevo director comercial de Amadeus Espa\\u00f1a\"},\"previousItem\":{\"@type\":\"ListItem\",\"@id\":\"https:\\\/\\\/eldigitaldeasturias.com\\\/magazine365#listItem\",\"name\":\"Home\"}},{\"@type\":\"ListItem\",\"@id\":\"https:\\\/\\\/eldigitaldeasturias.com\\\/magazine365\\\/francisco-casillas-nuevo-director-comercial-de-amadeus-espana\\\/#listItem\",\"position\":3,\"name\":\"Francisco Casillas, nuevo director comercial de Amadeus Espa\\u00f1a\",\"previousItem\":{\"@type\":\"ListItem\",\"@id\":\"https:\\\/\\\/eldigitaldeasturias.com\\\/magazine365\\\/category\\\/noticias-actualidad\\\/#listItem\",\"name\":\"Noticias y Actualidad\"}}]},{\"@type\":\"Organization\",\"@id\":\"https:\\\/\\\/eldigitaldeasturias.com\\\/magazine365\\\/#organization\",\"name\":\"El digital de Asturias\",\"description\":\"Revista de ocio, turismo y estilo de vida\",\"url\":\"https:\\\/\\\/eldigitaldeasturias.com\\\/magazine365\\\/\",\"logo\":{\"@type\":\"ImageObject\",\"url\":\"https:\\\/\\\/www.eldigitaldeasturias.com\\\/noticias\\\/wp-content\\\/uploads\\\/2020\\\/12\\\/EDA.jpg\",\"@id\":\"https:\\\/\\\/eldigitaldeasturias.com\\\/magazine365\\\/francisco-casillas-nuevo-director-comercial-de-amadeus-espana\\\/#organizationLogo\"},\"image\":{\"@id\":\"https:\\\/\\\/eldigitaldeasturias.com\\\/magazine365\\\/francisco-casillas-nuevo-director-comercial-de-amadeus-espana\\\/#organizationLogo\"}},{\"@type\":\"Person\",\"@id\":\"https:\\\/\\\/eldigitaldeasturias.com\\\/magazine365\\\/author\\\/admin\\\/#author\",\"url\":\"https:\\\/\\\/eldigitaldeasturias.com\\\/magazine365\\\/author\\\/admin\\\/\",\"name\":\"admin\",\"image\":{\"@type\":\"ImageObject\",\"@id\":\"https:\\\/\\\/eldigitaldeasturias.com\\\/magazine365\\\/francisco-casillas-nuevo-director-comercial-de-amadeus-espana\\\/#authorImage\",\"url\":\"https:\\\/\\\/eldigitaldeasturias.com\\\/magazine365\\\/wp-content\\\/litespeed\\\/avatar\\\/e571bcf59a0edd6fa6838245a470f2fe.jpg?ver=1776969259\",\"width\":96,\"height\":96,\"caption\":\"admin\"}},{\"@type\":\"WebPage\",\"@id\":\"https:\\\/\\\/eldigitaldeasturias.com\\\/magazine365\\\/francisco-casillas-nuevo-director-comercial-de-amadeus-espana\\\/#webpage\",\"url\":\"https:\\\/\\\/eldigitaldeasturias.com\\\/magazine365\\\/francisco-casillas-nuevo-director-comercial-de-amadeus-espana\\\/\",\"name\":\"Francisco Casillas, nuevo director comercial de Amadeus Espa\\u00f1a | El Digital de Asturias\",\"description\":\"Amadeus Espa\\u00f1a, filial del proveedor de tecnolog\\u00eda para el sector del viaje Amadeus, ha anunciado la incorporaci\\u00f3n de Francisco Casillas a su equipo directivo como director del \\u00e1rea comercial, inform\\u00f3 el proveedor tecnol\\u00f3gico de servicios tur\\u00edsticos. Casillas liderar\\u00e1 la estrategia comercial de Amadeus Espa\\u00f1a y ser\\u00e1 el m\\u00e1ximo responsable de la relaci\\u00f3n con los clientes,\",\"inLanguage\":\"es-ES\",\"isPartOf\":{\"@id\":\"https:\\\/\\\/eldigitaldeasturias.com\\\/magazine365\\\/#website\"},\"breadcrumb\":{\"@id\":\"https:\\\/\\\/eldigitaldeasturias.com\\\/magazine365\\\/francisco-casillas-nuevo-director-comercial-de-amadeus-espana\\\/#breadcrumblist\"},\"author\":{\"@id\":\"https:\\\/\\\/eldigitaldeasturias.com\\\/magazine365\\\/author\\\/admin\\\/#author\"},\"creator\":{\"@id\":\"https:\\\/\\\/eldigitaldeasturias.com\\\/magazine365\\\/author\\\/admin\\\/#author\"},\"image\":{\"@type\":\"ImageObject\",\"url\":\"https:\\\/\\\/eldigitaldeasturias.com\\\/magazine365\\\/wp-content\\\/uploads\\\/2016\\\/02\\\/fotonoticia_20160128110035_800.jpg\",\"@id\":\"https:\\\/\\\/eldigitaldeasturias.com\\\/magazine365\\\/francisco-casillas-nuevo-director-comercial-de-amadeus-espana\\\/#mainImage\",\"width\":800,\"height\":1200},\"primaryImageOfPage\":{\"@id\":\"https:\\\/\\\/eldigitaldeasturias.com\\\/magazine365\\\/francisco-casillas-nuevo-director-comercial-de-amadeus-espana\\\/#mainImage\"},\"datePublished\":\"2016-02-01T03:31:49+01:00\",\"dateModified\":\"2016-02-01T03:31:49+01:00\"},{\"@type\":\"WebSite\",\"@id\":\"https:\\\/\\\/eldigitaldeasturias.com\\\/magazine365\\\/#website\",\"url\":\"https:\\\/\\\/eldigitaldeasturias.com\\\/magazine365\\\/\",\"name\":\"El Digital de Asturias\",\"description\":\"Revista de ocio, turismo y estilo de vida\",\"inLanguage\":\"es-ES\",\"publisher\":{\"@id\":\"https:\\\/\\\/eldigitaldeasturias.com\\\/magazine365\\\/#organization\"}}]}\n\t\t<\/script>\n\t\t<!-- All in One SEO Pro -->\r\n\t\t<title>Francisco Casillas, nuevo director comercial de Amadeus Espa\u00f1a | El Digital de Asturias<\/title>\n\n","aioseo_head_json":{"title":"Francisco Casillas, nuevo director comercial de Amadeus Espa\u00f1a | El Digital de Asturias","description":"Amadeus Espa\u00f1a, filial del proveedor de tecnolog\u00eda para el sector del viaje Amadeus, ha anunciado la incorporaci\u00f3n de Francisco Casillas a su equipo directivo como director del \u00e1rea comercial, inform\u00f3 el proveedor tecnol\u00f3gico de servicios tur\u00edsticos. Casillas liderar\u00e1 la estrategia comercial de Amadeus Espa\u00f1a y ser\u00e1 el m\u00e1ximo responsable de la relaci\u00f3n con los clientes,","canonical_url":"https:\/\/eldigitaldeasturias.com\/magazine365\/francisco-casillas-nuevo-director-comercial-de-amadeus-espana\/","robots":"max-image-preview:large","keywords":"noticias y actualidad","webmasterTools":{"google-site-verification":"UA-38556648-1","miscellaneous":""},"schema":{"@context":"https:\/\/schema.org","@graph":[{"@type":"Article","@id":"https:\/\/eldigitaldeasturias.com\/magazine365\/francisco-casillas-nuevo-director-comercial-de-amadeus-espana\/#article","name":"Francisco Casillas, nuevo director comercial de Amadeus Espa\u00f1a | El Digital de Asturias","headline":"Francisco Casillas, nuevo director comercial de Amadeus Espa\u00f1a","author":{"@id":"https:\/\/eldigitaldeasturias.com\/magazine365\/author\/admin\/#author"},"publisher":{"@id":"https:\/\/eldigitaldeasturias.com\/magazine365\/#organization"},"image":{"@type":"ImageObject","url":"https:\/\/eldigitaldeasturias.com\/magazine365\/wp-content\/uploads\/2016\/02\/fotonoticia_20160128110035_800.jpg","width":800,"height":1200},"datePublished":"2016-02-01T03:31:49+01:00","dateModified":"2016-02-01T03:31:49+01:00","inLanguage":"es-ES","mainEntityOfPage":{"@id":"https:\/\/eldigitaldeasturias.com\/magazine365\/francisco-casillas-nuevo-director-comercial-de-amadeus-espana\/#webpage"},"isPartOf":{"@id":"https:\/\/eldigitaldeasturias.com\/magazine365\/francisco-casillas-nuevo-director-comercial-de-amadeus-espana\/#webpage"},"articleSection":"Noticias y Actualidad"},{"@type":"BreadcrumbList","@id":"https:\/\/eldigitaldeasturias.com\/magazine365\/francisco-casillas-nuevo-director-comercial-de-amadeus-espana\/#breadcrumblist","itemListElement":[{"@type":"ListItem","@id":"https:\/\/eldigitaldeasturias.com\/magazine365#listItem","position":1,"name":"Home","item":"https:\/\/eldigitaldeasturias.com\/magazine365","nextItem":{"@type":"ListItem","@id":"https:\/\/eldigitaldeasturias.com\/magazine365\/category\/noticias-actualidad\/#listItem","name":"Noticias y Actualidad"}},{"@type":"ListItem","@id":"https:\/\/eldigitaldeasturias.com\/magazine365\/category\/noticias-actualidad\/#listItem","position":2,"name":"Noticias y Actualidad","item":"https:\/\/eldigitaldeasturias.com\/magazine365\/category\/noticias-actualidad\/","nextItem":{"@type":"ListItem","@id":"https:\/\/eldigitaldeasturias.com\/magazine365\/francisco-casillas-nuevo-director-comercial-de-amadeus-espana\/#listItem","name":"Francisco Casillas, nuevo director comercial de Amadeus Espa\u00f1a"},"previousItem":{"@type":"ListItem","@id":"https:\/\/eldigitaldeasturias.com\/magazine365#listItem","name":"Home"}},{"@type":"ListItem","@id":"https:\/\/eldigitaldeasturias.com\/magazine365\/francisco-casillas-nuevo-director-comercial-de-amadeus-espana\/#listItem","position":3,"name":"Francisco Casillas, nuevo director comercial de Amadeus Espa\u00f1a","previousItem":{"@type":"ListItem","@id":"https:\/\/eldigitaldeasturias.com\/magazine365\/category\/noticias-actualidad\/#listItem","name":"Noticias y Actualidad"}}]},{"@type":"Organization","@id":"https:\/\/eldigitaldeasturias.com\/magazine365\/#organization","name":"El digital de Asturias","description":"Revista de ocio, turismo y estilo de vida","url":"https:\/\/eldigitaldeasturias.com\/magazine365\/","logo":{"@type":"ImageObject","url":"https:\/\/www.eldigitaldeasturias.com\/noticias\/wp-content\/uploads\/2020\/12\/EDA.jpg","@id":"https:\/\/eldigitaldeasturias.com\/magazine365\/francisco-casillas-nuevo-director-comercial-de-amadeus-espana\/#organizationLogo"},"image":{"@id":"https:\/\/eldigitaldeasturias.com\/magazine365\/francisco-casillas-nuevo-director-comercial-de-amadeus-espana\/#organizationLogo"}},{"@type":"Person","@id":"https:\/\/eldigitaldeasturias.com\/magazine365\/author\/admin\/#author","url":"https:\/\/eldigitaldeasturias.com\/magazine365\/author\/admin\/","name":"admin","image":{"@type":"ImageObject","@id":"https:\/\/eldigitaldeasturias.com\/magazine365\/francisco-casillas-nuevo-director-comercial-de-amadeus-espana\/#authorImage","url":"https:\/\/eldigitaldeasturias.com\/magazine365\/wp-content\/litespeed\/avatar\/e571bcf59a0edd6fa6838245a470f2fe.jpg?ver=1776969259","width":96,"height":96,"caption":"admin"}},{"@type":"WebPage","@id":"https:\/\/eldigitaldeasturias.com\/magazine365\/francisco-casillas-nuevo-director-comercial-de-amadeus-espana\/#webpage","url":"https:\/\/eldigitaldeasturias.com\/magazine365\/francisco-casillas-nuevo-director-comercial-de-amadeus-espana\/","name":"Francisco Casillas, nuevo director comercial de Amadeus Espa\u00f1a | El Digital de Asturias","description":"Amadeus Espa\u00f1a, filial del proveedor de tecnolog\u00eda para el sector del viaje Amadeus, ha anunciado la incorporaci\u00f3n de Francisco Casillas a su equipo directivo como director del \u00e1rea comercial, inform\u00f3 el proveedor tecnol\u00f3gico de servicios tur\u00edsticos. Casillas liderar\u00e1 la estrategia comercial de Amadeus Espa\u00f1a y ser\u00e1 el m\u00e1ximo responsable de la relaci\u00f3n con los clientes,","inLanguage":"es-ES","isPartOf":{"@id":"https:\/\/eldigitaldeasturias.com\/magazine365\/#website"},"breadcrumb":{"@id":"https:\/\/eldigitaldeasturias.com\/magazine365\/francisco-casillas-nuevo-director-comercial-de-amadeus-espana\/#breadcrumblist"},"author":{"@id":"https:\/\/eldigitaldeasturias.com\/magazine365\/author\/admin\/#author"},"creator":{"@id":"https:\/\/eldigitaldeasturias.com\/magazine365\/author\/admin\/#author"},"image":{"@type":"ImageObject","url":"https:\/\/eldigitaldeasturias.com\/magazine365\/wp-content\/uploads\/2016\/02\/fotonoticia_20160128110035_800.jpg","@id":"https:\/\/eldigitaldeasturias.com\/magazine365\/francisco-casillas-nuevo-director-comercial-de-amadeus-espana\/#mainImage","width":800,"height":1200},"primaryImageOfPage":{"@id":"https:\/\/eldigitaldeasturias.com\/magazine365\/francisco-casillas-nuevo-director-comercial-de-amadeus-espana\/#mainImage"},"datePublished":"2016-02-01T03:31:49+01:00","dateModified":"2016-02-01T03:31:49+01:00"},{"@type":"WebSite","@id":"https:\/\/eldigitaldeasturias.com\/magazine365\/#website","url":"https:\/\/eldigitaldeasturias.com\/magazine365\/","name":"El Digital de Asturias","description":"Revista de ocio, turismo y estilo de vida","inLanguage":"es-ES","publisher":{"@id":"https:\/\/eldigitaldeasturias.com\/magazine365\/#organization"}}]},"og:locale":"es_ES","og:site_name":"El Digital de Asturias \u2013 Revista de ocio, turismo y estilo de vida","og:type":"article","og:title":"Francisco Casillas, nuevo director comercial de Amadeus Espa\u00f1a | El Digital de Asturias","og:description":"Amadeus Espa\u00f1a, filial del proveedor de tecnolog\u00eda para el sector del viaje Amadeus, ha anunciado la incorporaci\u00f3n de Francisco Casillas a su equipo directivo como director del \u00e1rea comercial, inform\u00f3 el proveedor tecnol\u00f3gico de servicios tur\u00edsticos. Casillas liderar\u00e1 la estrategia comercial de Amadeus Espa\u00f1a y ser\u00e1 el m\u00e1ximo responsable de la relaci\u00f3n con los clientes,","og:url":"https:\/\/eldigitaldeasturias.com\/magazine365\/francisco-casillas-nuevo-director-comercial-de-amadeus-espana\/","og:image":"https:\/\/eldigitaldeasturias.com\/magazine365\/wp-content\/uploads\/2016\/02\/fotonoticia_20160128110035_800.jpg","og:image:secure_url":"https:\/\/eldigitaldeasturias.com\/magazine365\/wp-content\/uploads\/2016\/02\/fotonoticia_20160128110035_800.jpg","og:image:width":800,"og:image:height":1200,"article:published_time":"2016-02-01T02:31:49+00:00","article:modified_time":"2016-02-01T02:31:49+00:00","twitter:card":"summary_large_image","twitter:title":"Francisco Casillas, nuevo director comercial de Amadeus Espa\u00f1a | El Digital de Asturias","twitter:description":"Amadeus Espa\u00f1a, filial del proveedor de tecnolog\u00eda para el sector del viaje Amadeus, ha anunciado la incorporaci\u00f3n de Francisco Casillas a su equipo directivo como director del \u00e1rea comercial, inform\u00f3 el proveedor tecnol\u00f3gico de servicios tur\u00edsticos. Casillas liderar\u00e1 la estrategia comercial de Amadeus Espa\u00f1a y ser\u00e1 el m\u00e1ximo responsable de la relaci\u00f3n con los clientes,","twitter:image":"https:\/\/eldigitaldeasturias.com\/magazine365\/wp-content\/uploads\/2016\/02\/fotonoticia_20160128110035_800.jpg"},"aioseo_meta_data":{"post_id":"62562","title":null,"description":null,"keywords":null,"keyphrases":null,"primary_term":null,"canonical_url":null,"og_title":null,"og_description":null,"og_object_type":"default","og_image_type":"default","og_image_url":null,"og_image_width":null,"og_image_height":null,"og_image_custom_url":null,"og_image_custom_fields":null,"og_video":null,"og_custom_url":null,"og_article_section":null,"og_article_tags":null,"twitter_use_og":false,"twitter_card":"default","twitter_image_type":"default","twitter_image_url":null,"twitter_image_custom_url":null,"twitter_image_custom_fields":null,"twitter_title":null,"twitter_description":null,"schema":{"blockGraphs":[],"customGraphs":[],"default":{"data":{"Article":[],"Course":[],"Dataset":[],"FAQPage":[],"Movie":[],"Person":[],"Product":[],"ProductReview":[],"Car":[],"Recipe":[],"Service":[],"SoftwareApplication":[],"WebPage":[]},"graphName":"","isEnabled":true},"graphs":[],"defaultGraph":"","defaultPostTypeGraph":""},"schema_type":null,"schema_type_options":null,"pillar_content":false,"robots_default":true,"robots_noindex":false,"robots_noarchive":false,"robots_nosnippet":false,"robots_nofollow":false,"robots_noimageindex":false,"robots_noodp":false,"robots_notranslate":false,"robots_max_snippet":null,"robots_max_videopreview":null,"robots_max_imagepreview":"large","priority":null,"frequency":null,"location":null,"local_seo":null,"seo_analyzer_scan_date":"2025-09-25 11:26:58","breadcrumb_settings":null,"limit_modified_date":false,"open_ai":null,"ai":null,"created":"2021-03-08 21:18:25","updated":"2025-09-25 11:26:58"},"aioseo_breadcrumb":"<div class=\"aioseo-breadcrumbs\"><span class=\"aioseo-breadcrumb\">\n\t<a href=\"https:\/\/eldigitaldeasturias.com\/magazine365\" title=\"Home\">Home<\/a>\n<\/span><span class=\"aioseo-breadcrumb-separator\">\u2013<\/span><span class=\"aioseo-breadcrumb\">\n\t<a href=\"https:\/\/eldigitaldeasturias.com\/magazine365\/category\/noticias-actualidad\/\" title=\"Noticias y Actualidad\">Noticias y Actualidad<\/a>\n<\/span><span class=\"aioseo-breadcrumb-separator\">\u2013<\/span><span class=\"aioseo-breadcrumb\">\n\t<a href=\"https:\/\/eldigitaldeasturias.com\/magazine365\/francisco-casillas-nuevo-director-comercial-de-amadeus-espana\/\" title=\"Francisco Casillas, nuevo director comercial de Amadeus Espa\u00f1a\">Francisco Casillas, nuevo director comercial de Amadeus Espa\u00f1a<\/a>\n<\/span><\/div>","aioseo_breadcrumb_json":[{"label":"Home","link":"https:\/\/eldigitaldeasturias.com\/magazine365"},{"label":"Noticias y Actualidad","link":"https:\/\/eldigitaldeasturias.com\/magazine365\/category\/noticias-actualidad\/"},{"label":"Francisco Casillas, nuevo director comercial de Amadeus Espa\u00f1a","link":"https:\/\/eldigitaldeasturias.com\/magazine365\/francisco-casillas-nuevo-director-comercial-de-amadeus-espana\/"}],"_links":{"self":[{"href":"https:\/\/eldigitaldeasturias.com\/magazine365\/wp-json\/wp\/v2\/posts\/62562","targetHints":{"allow":["GET"]}}],"collection":[{"href":"https:\/\/eldigitaldeasturias.com\/magazine365\/wp-json\/wp\/v2\/posts"}],"about":[{"href":"https:\/\/eldigitaldeasturias.com\/magazine365\/wp-json\/wp\/v2\/types\/post"}],"author":[{"embeddable":true,"href":"https:\/\/eldigitaldeasturias.com\/magazine365\/wp-json\/wp\/v2\/users\/1"}],"replies":[{"embeddable":true,"href":"https:\/\/eldigitaldeasturias.com\/magazine365\/wp-json\/wp\/v2\/comments?post=62562"}],"version-history":[{"count":0,"href":"https:\/\/eldigitaldeasturias.com\/magazine365\/wp-json\/wp\/v2\/posts\/62562\/revisions"}],"wp:featuredmedia":[{"embeddable":true,"href":"https:\/\/eldigitaldeasturias.com\/magazine365\/wp-json\/wp\/v2\/media\/62563"}],"wp:attachment":[{"href":"https:\/\/eldigitaldeasturias.com\/magazine365\/wp-json\/wp\/v2\/media?parent=62562"}],"wp:term":[{"taxonomy":"category","embeddable":true,"href":"https:\/\/eldigitaldeasturias.com\/magazine365\/wp-json\/wp\/v2\/categories?post=62562"},{"taxonomy":"post_tag","embeddable":true,"href":"https:\/\/eldigitaldeasturias.com\/magazine365\/wp-json\/wp\/v2\/tags?post=62562"}],"curies":[{"name":"wp","href":"https:\/\/api.w.org\/{rel}","templated":true}]}}