{"id":62548,"date":"2016-02-01T03:27:12","date_gmt":"2016-02-01T02:27:12","guid":{"rendered":"http:\/\/eldigitaldeasturias.com\/magazine365\/?p=62548"},"modified":"2016-02-01T03:27:12","modified_gmt":"2016-02-01T02:27:12","slug":"primera-inmovilizacion-y-sancion-de-4-000-euros-a-un-taxi-pirata-en-barajas","status":"publish","type":"post","link":"https:\/\/eldigitaldeasturias.com\/magazine365\/primera-inmovilizacion-y-sancion-de-4-000-euros-a-un-taxi-pirata-en-barajas\/","title":{"rendered":"Primera inmovilizaci\u00f3n y sanci\u00f3n de 4.000 euros a un taxi \u00abpirata\u00bb en Barajas"},"content":{"rendered":"<p><img fetchpriority=\"high\" decoding=\"async\" class=\"alignleft size-medium wp-image-62549\" src=\"https:\/\/eldigitaldeasturias.com\/magazine365\/wp-content\/uploads\/2016\/02\/fotonoticia_20160128094441_800-360x270.jpg\" alt=\"fotonoticia_20160128094441_800\" width=\"360\" height=\"270\" srcset=\"https:\/\/eldigitaldeasturias.com\/magazine365\/wp-content\/uploads\/2016\/02\/fotonoticia_20160128094441_800-360x270.jpg 360w, https:\/\/eldigitaldeasturias.com\/magazine365\/wp-content\/uploads\/2016\/02\/fotonoticia_20160128094441_800-650x488.jpg 650w, https:\/\/eldigitaldeasturias.com\/magazine365\/wp-content\/uploads\/2016\/02\/fotonoticia_20160128094441_800-768x576.jpg 768w, https:\/\/eldigitaldeasturias.com\/magazine365\/wp-content\/uploads\/2016\/02\/fotonoticia_20160128094441_800-150x113.jpg 150w, https:\/\/eldigitaldeasturias.com\/magazine365\/wp-content\/uploads\/2016\/02\/fotonoticia_20160128094441_800-450x338.jpg 450w, https:\/\/eldigitaldeasturias.com\/magazine365\/wp-content\/uploads\/2016\/02\/fotonoticia_20160128094441_800-80x60.jpg 80w, https:\/\/eldigitaldeasturias.com\/magazine365\/wp-content\/uploads\/2016\/02\/fotonoticia_20160128094441_800-265x198.jpg 265w, https:\/\/eldigitaldeasturias.com\/magazine365\/wp-content\/uploads\/2016\/02\/fotonoticia_20160128094441_800-696x522.jpg 696w, https:\/\/eldigitaldeasturias.com\/magazine365\/wp-content\/uploads\/2016\/02\/fotonoticia_20160128094441_800-560x420.jpg 560w, https:\/\/eldigitaldeasturias.com\/magazine365\/wp-content\/uploads\/2016\/02\/fotonoticia_20160128094441_800-90x67.jpg 90w, https:\/\/eldigitaldeasturias.com\/magazine365\/wp-content\/uploads\/2016\/02\/fotonoticia_20160128094441_800-164x124.jpg 164w, https:\/\/eldigitaldeasturias.com\/magazine365\/wp-content\/uploads\/2016\/02\/fotonoticia_20160128094441_800-100x75.jpg 100w, https:\/\/eldigitaldeasturias.com\/magazine365\/wp-content\/uploads\/2016\/02\/fotonoticia_20160128094441_800.jpg 800w\" sizes=\"(max-width: 360px) 100vw, 360px\" \/>Un veh\u00edculo que ejerc\u00eda como \u00abtaxi pirata\u00bb ha sido inmovilizado este mi\u00e9rcoles en Barajas, cuando realizaba servicios de transporte urbano sin las licencias, y adem\u00e1s ha sido sancionado con 4.000 euros de multa.<\/p>\n<p>As\u00ed lo ha se\u00f1alado la Federaci\u00f3n Profesional del Taxi de Madrid, quien ha celebrado esta circunstancia, que ocurre por primera vez en este 2016, consecuencia de la medida que entr\u00f3 en vigor el 1 de enero tras la aprobaci\u00f3n en noviembre de 2015 de la modificaci\u00f3n de la Ley de Ordenaci\u00f3n y Coordinaci\u00f3n de los Transportes Urbano.<\/p>\n<p>Dicha normativa permite la inmovilizaci\u00f3n inmediata de los \u00abveh\u00edculos piratas\u00bb, cambio legislativo que la FPTM ya ven\u00eda reivindicando desde 2014.<\/p>\n<p>El presidente de la FPTM, Julio Sanz, ha recordado que hasta ahora la legislaci\u00f3n vigente solo contemplaba la inmovilizaci\u00f3n de los veh\u00edculos ilegales en caso de reincidencia, sanci\u00f3n que para los taxistas madrile\u00f1os, \u00abno era lo suficientemente contundente para terminar con esa actividad ilegal\u00bb.<\/p>\n<p>As\u00ed, Sanz felicita tanto a la Administraci\u00f3n, como a los cuerpos de seguridad que hoy han hecho efectiva la nueva ley y \u00abhan dado el primer paso hacia la desaparici\u00f3n del intrusismo profesional\u00bb. Las sanciones por ejercer esta actividad ilegal oscilan desde el 1 de enero entre los 1.001 y 6.000 euros.<\/p>\n","protected":false},"excerpt":{"rendered":"<p>Un veh\u00edculo que ejerc\u00eda como \u00abtaxi pirata\u00bb ha sido inmovilizado este mi\u00e9rcoles en Barajas, cuando realizaba servicios de transporte urbano sin las licencias, y adem\u00e1s ha sido sancionado con 4.000 euros de multa. As\u00ed lo ha se\u00f1alado la Federaci\u00f3n Profesional del Taxi de Madrid, quien ha celebrado esta circunstancia, que ocurre por primera vez en<\/p>\n","protected":false},"author":1,"featured_media":62549,"comment_status":"open","ping_status":"closed","sticky":false,"template":"","format":"standard","meta":{"footnotes":""},"categories":[224],"tags":[],"class_list":{"0":"post-62548","1":"post","2":"type-post","3":"status-publish","4":"format-standard","5":"has-post-thumbnail","7":"category-noticias-actualidad"},"aioseo_notices":[],"aioseo_head":"\n\t\t<!-- All in One SEO Pro 4.9.6.1 - aioseo.com -->\n\t<meta name=\"description\" content=\"Un veh\u00edculo que ejerc\u00eda como &quot;taxi pirata&quot; ha sido inmovilizado este mi\u00e9rcoles en Barajas, cuando realizaba servicios de transporte urbano sin las licencias, y adem\u00e1s ha sido sancionado con 4.000 euros de multa. As\u00ed lo ha se\u00f1alado la Federaci\u00f3n Profesional del Taxi de Madrid, quien ha celebrado esta circunstancia, que ocurre por primera vez en\" \/>\n\t<meta name=\"robots\" content=\"max-image-preview:large\" \/>\n\t<meta name=\"author\" content=\"admin\"\/>\n\t<meta name=\"google-site-verification\" content=\"UA-38556648-1\" \/>\n\t<meta name=\"keywords\" content=\"noticias y actualidad\" \/>\n\t<link rel=\"canonical\" href=\"https:\/\/eldigitaldeasturias.com\/magazine365\/primera-inmovilizacion-y-sancion-de-4-000-euros-a-un-taxi-pirata-en-barajas\/\" \/>\n\t<meta name=\"generator\" content=\"All in One SEO Pro (AIOSEO) 4.9.6.1\" \/>\n\t\t<meta property=\"og:locale\" content=\"es_ES\" \/>\n\t\t<meta property=\"og:site_name\" content=\"El Digital de Asturias \u2013 Revista de ocio, turismo y estilo de vida\" \/>\n\t\t<meta property=\"og:type\" content=\"article\" \/>\n\t\t<meta property=\"og:title\" content=\"Primera inmovilizaci\u00f3n y sanci\u00f3n de 4.000 euros a un taxi \u00abpirata\u00bb en Barajas | El Digital de Asturias\" \/>\n\t\t<meta property=\"og:description\" content=\"Un veh\u00edculo que ejerc\u00eda como &quot;taxi pirata&quot; ha sido inmovilizado este mi\u00e9rcoles en Barajas, cuando realizaba servicios de transporte urbano sin las licencias, y adem\u00e1s ha sido sancionado con 4.000 euros de multa. As\u00ed lo ha se\u00f1alado la Federaci\u00f3n Profesional del Taxi de Madrid, quien ha celebrado esta circunstancia, que ocurre por primera vez en\" \/>\n\t\t<meta property=\"og:url\" content=\"https:\/\/eldigitaldeasturias.com\/magazine365\/primera-inmovilizacion-y-sancion-de-4-000-euros-a-un-taxi-pirata-en-barajas\/\" \/>\n\t\t<meta property=\"og:image\" content=\"https:\/\/eldigitaldeasturias.com\/magazine365\/wp-content\/uploads\/2016\/02\/fotonoticia_20160128094441_800.jpg\" \/>\n\t\t<meta property=\"og:image:secure_url\" content=\"https:\/\/eldigitaldeasturias.com\/magazine365\/wp-content\/uploads\/2016\/02\/fotonoticia_20160128094441_800.jpg\" \/>\n\t\t<meta property=\"og:image:width\" content=\"800\" \/>\n\t\t<meta property=\"og:image:height\" content=\"600\" \/>\n\t\t<meta property=\"article:published_time\" content=\"2016-02-01T02:27:12+00:00\" \/>\n\t\t<meta property=\"article:modified_time\" content=\"2016-02-01T02:27:12+00:00\" \/>\n\t\t<meta name=\"twitter:card\" content=\"summary_large_image\" \/>\n\t\t<meta name=\"twitter:title\" content=\"Primera inmovilizaci\u00f3n y sanci\u00f3n de 4.000 euros a un taxi \u00abpirata\u00bb en Barajas | El Digital de Asturias\" \/>\n\t\t<meta name=\"twitter:description\" content=\"Un veh\u00edculo que ejerc\u00eda como &quot;taxi pirata&quot; ha sido inmovilizado este mi\u00e9rcoles en Barajas, cuando realizaba servicios de transporte urbano sin las licencias, y adem\u00e1s ha sido sancionado con 4.000 euros de multa. As\u00ed lo ha se\u00f1alado la Federaci\u00f3n Profesional del Taxi de Madrid, quien ha celebrado esta circunstancia, que ocurre por primera vez en\" \/>\n\t\t<meta name=\"twitter:image\" content=\"https:\/\/eldigitaldeasturias.com\/magazine365\/wp-content\/uploads\/2016\/02\/fotonoticia_20160128094441_800.jpg\" \/>\n\t\t<script type=\"application\/ld+json\" class=\"aioseo-schema\">\n\t\t\t{\"@context\":\"https:\\\/\\\/schema.org\",\"@graph\":[{\"@type\":\"Article\",\"@id\":\"https:\\\/\\\/eldigitaldeasturias.com\\\/magazine365\\\/primera-inmovilizacion-y-sancion-de-4-000-euros-a-un-taxi-pirata-en-barajas\\\/#article\",\"name\":\"Primera inmovilizaci\\u00f3n y sanci\\u00f3n de 4.000 euros a un taxi \\u00abpirata\\u00bb en Barajas | El Digital de Asturias\",\"headline\":\"Primera inmovilizaci\\u00f3n y sanci\\u00f3n de 4.000 euros a un taxi \\u00abpirata\\u00bb en Barajas\",\"author\":{\"@id\":\"https:\\\/\\\/eldigitaldeasturias.com\\\/magazine365\\\/author\\\/admin\\\/#author\"},\"publisher\":{\"@id\":\"https:\\\/\\\/eldigitaldeasturias.com\\\/magazine365\\\/#organization\"},\"image\":{\"@type\":\"ImageObject\",\"url\":\"https:\\\/\\\/eldigitaldeasturias.com\\\/magazine365\\\/wp-content\\\/uploads\\\/2016\\\/02\\\/fotonoticia_20160128094441_800.jpg\",\"width\":800,\"height\":600},\"datePublished\":\"2016-02-01T03:27:12+01:00\",\"dateModified\":\"2016-02-01T03:27:12+01:00\",\"inLanguage\":\"es-ES\",\"mainEntityOfPage\":{\"@id\":\"https:\\\/\\\/eldigitaldeasturias.com\\\/magazine365\\\/primera-inmovilizacion-y-sancion-de-4-000-euros-a-un-taxi-pirata-en-barajas\\\/#webpage\"},\"isPartOf\":{\"@id\":\"https:\\\/\\\/eldigitaldeasturias.com\\\/magazine365\\\/primera-inmovilizacion-y-sancion-de-4-000-euros-a-un-taxi-pirata-en-barajas\\\/#webpage\"},\"articleSection\":\"Noticias y Actualidad\"},{\"@type\":\"BreadcrumbList\",\"@id\":\"https:\\\/\\\/eldigitaldeasturias.com\\\/magazine365\\\/primera-inmovilizacion-y-sancion-de-4-000-euros-a-un-taxi-pirata-en-barajas\\\/#breadcrumblist\",\"itemListElement\":[{\"@type\":\"ListItem\",\"@id\":\"https:\\\/\\\/eldigitaldeasturias.com\\\/magazine365#listItem\",\"position\":1,\"name\":\"Home\",\"item\":\"https:\\\/\\\/eldigitaldeasturias.com\\\/magazine365\",\"nextItem\":{\"@type\":\"ListItem\",\"@id\":\"https:\\\/\\\/eldigitaldeasturias.com\\\/magazine365\\\/category\\\/noticias-actualidad\\\/#listItem\",\"name\":\"Noticias y Actualidad\"}},{\"@type\":\"ListItem\",\"@id\":\"https:\\\/\\\/eldigitaldeasturias.com\\\/magazine365\\\/category\\\/noticias-actualidad\\\/#listItem\",\"position\":2,\"name\":\"Noticias y Actualidad\",\"item\":\"https:\\\/\\\/eldigitaldeasturias.com\\\/magazine365\\\/category\\\/noticias-actualidad\\\/\",\"nextItem\":{\"@type\":\"ListItem\",\"@id\":\"https:\\\/\\\/eldigitaldeasturias.com\\\/magazine365\\\/primera-inmovilizacion-y-sancion-de-4-000-euros-a-un-taxi-pirata-en-barajas\\\/#listItem\",\"name\":\"Primera inmovilizaci\\u00f3n y sanci\\u00f3n de 4.000 euros a un taxi \\u00abpirata\\u00bb en Barajas\"},\"previousItem\":{\"@type\":\"ListItem\",\"@id\":\"https:\\\/\\\/eldigitaldeasturias.com\\\/magazine365#listItem\",\"name\":\"Home\"}},{\"@type\":\"ListItem\",\"@id\":\"https:\\\/\\\/eldigitaldeasturias.com\\\/magazine365\\\/primera-inmovilizacion-y-sancion-de-4-000-euros-a-un-taxi-pirata-en-barajas\\\/#listItem\",\"position\":3,\"name\":\"Primera inmovilizaci\\u00f3n y sanci\\u00f3n de 4.000 euros a un taxi \\u00abpirata\\u00bb en Barajas\",\"previousItem\":{\"@type\":\"ListItem\",\"@id\":\"https:\\\/\\\/eldigitaldeasturias.com\\\/magazine365\\\/category\\\/noticias-actualidad\\\/#listItem\",\"name\":\"Noticias y Actualidad\"}}]},{\"@type\":\"Organization\",\"@id\":\"https:\\\/\\\/eldigitaldeasturias.com\\\/magazine365\\\/#organization\",\"name\":\"El digital de Asturias\",\"description\":\"Revista de ocio, turismo y estilo de vida\",\"url\":\"https:\\\/\\\/eldigitaldeasturias.com\\\/magazine365\\\/\",\"logo\":{\"@type\":\"ImageObject\",\"url\":\"https:\\\/\\\/www.eldigitaldeasturias.com\\\/noticias\\\/wp-content\\\/uploads\\\/2020\\\/12\\\/EDA.jpg\",\"@id\":\"https:\\\/\\\/eldigitaldeasturias.com\\\/magazine365\\\/primera-inmovilizacion-y-sancion-de-4-000-euros-a-un-taxi-pirata-en-barajas\\\/#organizationLogo\"},\"image\":{\"@id\":\"https:\\\/\\\/eldigitaldeasturias.com\\\/magazine365\\\/primera-inmovilizacion-y-sancion-de-4-000-euros-a-un-taxi-pirata-en-barajas\\\/#organizationLogo\"}},{\"@type\":\"Person\",\"@id\":\"https:\\\/\\\/eldigitaldeasturias.com\\\/magazine365\\\/author\\\/admin\\\/#author\",\"url\":\"https:\\\/\\\/eldigitaldeasturias.com\\\/magazine365\\\/author\\\/admin\\\/\",\"name\":\"admin\",\"image\":{\"@type\":\"ImageObject\",\"@id\":\"https:\\\/\\\/eldigitaldeasturias.com\\\/magazine365\\\/primera-inmovilizacion-y-sancion-de-4-000-euros-a-un-taxi-pirata-en-barajas\\\/#authorImage\",\"url\":\"https:\\\/\\\/eldigitaldeasturias.com\\\/magazine365\\\/wp-content\\\/litespeed\\\/avatar\\\/e571bcf59a0edd6fa6838245a470f2fe.jpg?ver=1776969259\",\"width\":96,\"height\":96,\"caption\":\"admin\"}},{\"@type\":\"WebPage\",\"@id\":\"https:\\\/\\\/eldigitaldeasturias.com\\\/magazine365\\\/primera-inmovilizacion-y-sancion-de-4-000-euros-a-un-taxi-pirata-en-barajas\\\/#webpage\",\"url\":\"https:\\\/\\\/eldigitaldeasturias.com\\\/magazine365\\\/primera-inmovilizacion-y-sancion-de-4-000-euros-a-un-taxi-pirata-en-barajas\\\/\",\"name\":\"Primera inmovilizaci\\u00f3n y sanci\\u00f3n de 4.000 euros a un taxi \\u00abpirata\\u00bb en Barajas | El Digital de Asturias\",\"description\":\"Un veh\\u00edculo que ejerc\\u00eda como \\\"taxi pirata\\\" ha sido inmovilizado este mi\\u00e9rcoles en Barajas, cuando realizaba servicios de transporte urbano sin las licencias, y adem\\u00e1s ha sido sancionado con 4.000 euros de multa. As\\u00ed lo ha se\\u00f1alado la Federaci\\u00f3n Profesional del Taxi de Madrid, quien ha celebrado esta circunstancia, que ocurre por primera vez en\",\"inLanguage\":\"es-ES\",\"isPartOf\":{\"@id\":\"https:\\\/\\\/eldigitaldeasturias.com\\\/magazine365\\\/#website\"},\"breadcrumb\":{\"@id\":\"https:\\\/\\\/eldigitaldeasturias.com\\\/magazine365\\\/primera-inmovilizacion-y-sancion-de-4-000-euros-a-un-taxi-pirata-en-barajas\\\/#breadcrumblist\"},\"author\":{\"@id\":\"https:\\\/\\\/eldigitaldeasturias.com\\\/magazine365\\\/author\\\/admin\\\/#author\"},\"creator\":{\"@id\":\"https:\\\/\\\/eldigitaldeasturias.com\\\/magazine365\\\/author\\\/admin\\\/#author\"},\"image\":{\"@type\":\"ImageObject\",\"url\":\"https:\\\/\\\/eldigitaldeasturias.com\\\/magazine365\\\/wp-content\\\/uploads\\\/2016\\\/02\\\/fotonoticia_20160128094441_800.jpg\",\"@id\":\"https:\\\/\\\/eldigitaldeasturias.com\\\/magazine365\\\/primera-inmovilizacion-y-sancion-de-4-000-euros-a-un-taxi-pirata-en-barajas\\\/#mainImage\",\"width\":800,\"height\":600},\"primaryImageOfPage\":{\"@id\":\"https:\\\/\\\/eldigitaldeasturias.com\\\/magazine365\\\/primera-inmovilizacion-y-sancion-de-4-000-euros-a-un-taxi-pirata-en-barajas\\\/#mainImage\"},\"datePublished\":\"2016-02-01T03:27:12+01:00\",\"dateModified\":\"2016-02-01T03:27:12+01:00\"},{\"@type\":\"WebSite\",\"@id\":\"https:\\\/\\\/eldigitaldeasturias.com\\\/magazine365\\\/#website\",\"url\":\"https:\\\/\\\/eldigitaldeasturias.com\\\/magazine365\\\/\",\"name\":\"El Digital de Asturias\",\"description\":\"Revista de ocio, turismo y estilo de vida\",\"inLanguage\":\"es-ES\",\"publisher\":{\"@id\":\"https:\\\/\\\/eldigitaldeasturias.com\\\/magazine365\\\/#organization\"}}]}\n\t\t<\/script>\n\t\t<!-- All in One SEO Pro -->\r\n\t\t<title>Primera inmovilizaci\u00f3n y sanci\u00f3n de 4.000 euros a un taxi \u00abpirata\u00bb en Barajas | El Digital de Asturias<\/title>\n\n","aioseo_head_json":{"title":"Primera inmovilizaci\u00f3n y sanci\u00f3n de 4.000 euros a un taxi \u00abpirata\u00bb en Barajas | El Digital de Asturias","description":"Un veh\u00edculo que ejerc\u00eda como \"taxi pirata\" ha sido inmovilizado este mi\u00e9rcoles en Barajas, cuando realizaba servicios de transporte urbano sin las licencias, y adem\u00e1s ha sido sancionado con 4.000 euros de multa. As\u00ed lo ha se\u00f1alado la Federaci\u00f3n Profesional del Taxi de Madrid, quien ha celebrado esta circunstancia, que ocurre por primera vez en","canonical_url":"https:\/\/eldigitaldeasturias.com\/magazine365\/primera-inmovilizacion-y-sancion-de-4-000-euros-a-un-taxi-pirata-en-barajas\/","robots":"max-image-preview:large","keywords":"noticias y actualidad","webmasterTools":{"google-site-verification":"UA-38556648-1","miscellaneous":""},"schema":{"@context":"https:\/\/schema.org","@graph":[{"@type":"Article","@id":"https:\/\/eldigitaldeasturias.com\/magazine365\/primera-inmovilizacion-y-sancion-de-4-000-euros-a-un-taxi-pirata-en-barajas\/#article","name":"Primera inmovilizaci\u00f3n y sanci\u00f3n de 4.000 euros a un taxi \u00abpirata\u00bb en Barajas | El Digital de Asturias","headline":"Primera inmovilizaci\u00f3n y sanci\u00f3n de 4.000 euros a un taxi \u00abpirata\u00bb en Barajas","author":{"@id":"https:\/\/eldigitaldeasturias.com\/magazine365\/author\/admin\/#author"},"publisher":{"@id":"https:\/\/eldigitaldeasturias.com\/magazine365\/#organization"},"image":{"@type":"ImageObject","url":"https:\/\/eldigitaldeasturias.com\/magazine365\/wp-content\/uploads\/2016\/02\/fotonoticia_20160128094441_800.jpg","width":800,"height":600},"datePublished":"2016-02-01T03:27:12+01:00","dateModified":"2016-02-01T03:27:12+01:00","inLanguage":"es-ES","mainEntityOfPage":{"@id":"https:\/\/eldigitaldeasturias.com\/magazine365\/primera-inmovilizacion-y-sancion-de-4-000-euros-a-un-taxi-pirata-en-barajas\/#webpage"},"isPartOf":{"@id":"https:\/\/eldigitaldeasturias.com\/magazine365\/primera-inmovilizacion-y-sancion-de-4-000-euros-a-un-taxi-pirata-en-barajas\/#webpage"},"articleSection":"Noticias y Actualidad"},{"@type":"BreadcrumbList","@id":"https:\/\/eldigitaldeasturias.com\/magazine365\/primera-inmovilizacion-y-sancion-de-4-000-euros-a-un-taxi-pirata-en-barajas\/#breadcrumblist","itemListElement":[{"@type":"ListItem","@id":"https:\/\/eldigitaldeasturias.com\/magazine365#listItem","position":1,"name":"Home","item":"https:\/\/eldigitaldeasturias.com\/magazine365","nextItem":{"@type":"ListItem","@id":"https:\/\/eldigitaldeasturias.com\/magazine365\/category\/noticias-actualidad\/#listItem","name":"Noticias y Actualidad"}},{"@type":"ListItem","@id":"https:\/\/eldigitaldeasturias.com\/magazine365\/category\/noticias-actualidad\/#listItem","position":2,"name":"Noticias y Actualidad","item":"https:\/\/eldigitaldeasturias.com\/magazine365\/category\/noticias-actualidad\/","nextItem":{"@type":"ListItem","@id":"https:\/\/eldigitaldeasturias.com\/magazine365\/primera-inmovilizacion-y-sancion-de-4-000-euros-a-un-taxi-pirata-en-barajas\/#listItem","name":"Primera inmovilizaci\u00f3n y sanci\u00f3n de 4.000 euros a un taxi \u00abpirata\u00bb en Barajas"},"previousItem":{"@type":"ListItem","@id":"https:\/\/eldigitaldeasturias.com\/magazine365#listItem","name":"Home"}},{"@type":"ListItem","@id":"https:\/\/eldigitaldeasturias.com\/magazine365\/primera-inmovilizacion-y-sancion-de-4-000-euros-a-un-taxi-pirata-en-barajas\/#listItem","position":3,"name":"Primera inmovilizaci\u00f3n y sanci\u00f3n de 4.000 euros a un taxi \u00abpirata\u00bb en Barajas","previousItem":{"@type":"ListItem","@id":"https:\/\/eldigitaldeasturias.com\/magazine365\/category\/noticias-actualidad\/#listItem","name":"Noticias y Actualidad"}}]},{"@type":"Organization","@id":"https:\/\/eldigitaldeasturias.com\/magazine365\/#organization","name":"El digital de Asturias","description":"Revista de ocio, turismo y estilo de vida","url":"https:\/\/eldigitaldeasturias.com\/magazine365\/","logo":{"@type":"ImageObject","url":"https:\/\/www.eldigitaldeasturias.com\/noticias\/wp-content\/uploads\/2020\/12\/EDA.jpg","@id":"https:\/\/eldigitaldeasturias.com\/magazine365\/primera-inmovilizacion-y-sancion-de-4-000-euros-a-un-taxi-pirata-en-barajas\/#organizationLogo"},"image":{"@id":"https:\/\/eldigitaldeasturias.com\/magazine365\/primera-inmovilizacion-y-sancion-de-4-000-euros-a-un-taxi-pirata-en-barajas\/#organizationLogo"}},{"@type":"Person","@id":"https:\/\/eldigitaldeasturias.com\/magazine365\/author\/admin\/#author","url":"https:\/\/eldigitaldeasturias.com\/magazine365\/author\/admin\/","name":"admin","image":{"@type":"ImageObject","@id":"https:\/\/eldigitaldeasturias.com\/magazine365\/primera-inmovilizacion-y-sancion-de-4-000-euros-a-un-taxi-pirata-en-barajas\/#authorImage","url":"https:\/\/eldigitaldeasturias.com\/magazine365\/wp-content\/litespeed\/avatar\/e571bcf59a0edd6fa6838245a470f2fe.jpg?ver=1776969259","width":96,"height":96,"caption":"admin"}},{"@type":"WebPage","@id":"https:\/\/eldigitaldeasturias.com\/magazine365\/primera-inmovilizacion-y-sancion-de-4-000-euros-a-un-taxi-pirata-en-barajas\/#webpage","url":"https:\/\/eldigitaldeasturias.com\/magazine365\/primera-inmovilizacion-y-sancion-de-4-000-euros-a-un-taxi-pirata-en-barajas\/","name":"Primera inmovilizaci\u00f3n y sanci\u00f3n de 4.000 euros a un taxi \u00abpirata\u00bb en Barajas | El Digital de Asturias","description":"Un veh\u00edculo que ejerc\u00eda como \"taxi pirata\" ha sido inmovilizado este mi\u00e9rcoles en Barajas, cuando realizaba servicios de transporte urbano sin las licencias, y adem\u00e1s ha sido sancionado con 4.000 euros de multa. As\u00ed lo ha se\u00f1alado la Federaci\u00f3n Profesional del Taxi de Madrid, quien ha celebrado esta circunstancia, que ocurre por primera vez en","inLanguage":"es-ES","isPartOf":{"@id":"https:\/\/eldigitaldeasturias.com\/magazine365\/#website"},"breadcrumb":{"@id":"https:\/\/eldigitaldeasturias.com\/magazine365\/primera-inmovilizacion-y-sancion-de-4-000-euros-a-un-taxi-pirata-en-barajas\/#breadcrumblist"},"author":{"@id":"https:\/\/eldigitaldeasturias.com\/magazine365\/author\/admin\/#author"},"creator":{"@id":"https:\/\/eldigitaldeasturias.com\/magazine365\/author\/admin\/#author"},"image":{"@type":"ImageObject","url":"https:\/\/eldigitaldeasturias.com\/magazine365\/wp-content\/uploads\/2016\/02\/fotonoticia_20160128094441_800.jpg","@id":"https:\/\/eldigitaldeasturias.com\/magazine365\/primera-inmovilizacion-y-sancion-de-4-000-euros-a-un-taxi-pirata-en-barajas\/#mainImage","width":800,"height":600},"primaryImageOfPage":{"@id":"https:\/\/eldigitaldeasturias.com\/magazine365\/primera-inmovilizacion-y-sancion-de-4-000-euros-a-un-taxi-pirata-en-barajas\/#mainImage"},"datePublished":"2016-02-01T03:27:12+01:00","dateModified":"2016-02-01T03:27:12+01:00"},{"@type":"WebSite","@id":"https:\/\/eldigitaldeasturias.com\/magazine365\/#website","url":"https:\/\/eldigitaldeasturias.com\/magazine365\/","name":"El Digital de Asturias","description":"Revista de ocio, turismo y estilo de vida","inLanguage":"es-ES","publisher":{"@id":"https:\/\/eldigitaldeasturias.com\/magazine365\/#organization"}}]},"og:locale":"es_ES","og:site_name":"El Digital de Asturias \u2013 Revista de ocio, turismo y estilo de vida","og:type":"article","og:title":"Primera inmovilizaci\u00f3n y sanci\u00f3n de 4.000 euros a un taxi \u00abpirata\u00bb en Barajas | El Digital de Asturias","og:description":"Un veh\u00edculo que ejerc\u00eda como &quot;taxi pirata&quot; ha sido inmovilizado este mi\u00e9rcoles en Barajas, cuando realizaba servicios de transporte urbano sin las licencias, y adem\u00e1s ha sido sancionado con 4.000 euros de multa. As\u00ed lo ha se\u00f1alado la Federaci\u00f3n Profesional del Taxi de Madrid, quien ha celebrado esta circunstancia, que ocurre por primera vez en","og:url":"https:\/\/eldigitaldeasturias.com\/magazine365\/primera-inmovilizacion-y-sancion-de-4-000-euros-a-un-taxi-pirata-en-barajas\/","og:image":"https:\/\/eldigitaldeasturias.com\/magazine365\/wp-content\/uploads\/2016\/02\/fotonoticia_20160128094441_800.jpg","og:image:secure_url":"https:\/\/eldigitaldeasturias.com\/magazine365\/wp-content\/uploads\/2016\/02\/fotonoticia_20160128094441_800.jpg","og:image:width":800,"og:image:height":600,"article:published_time":"2016-02-01T02:27:12+00:00","article:modified_time":"2016-02-01T02:27:12+00:00","twitter:card":"summary_large_image","twitter:title":"Primera inmovilizaci\u00f3n y sanci\u00f3n de 4.000 euros a un taxi \u00abpirata\u00bb en Barajas | El Digital de Asturias","twitter:description":"Un veh\u00edculo que ejerc\u00eda como &quot;taxi pirata&quot; ha sido inmovilizado este mi\u00e9rcoles en Barajas, cuando realizaba servicios de transporte urbano sin las licencias, y adem\u00e1s ha sido sancionado con 4.000 euros de multa. As\u00ed lo ha se\u00f1alado la Federaci\u00f3n Profesional del Taxi de Madrid, quien ha celebrado esta circunstancia, que ocurre por primera vez en","twitter:image":"https:\/\/eldigitaldeasturias.com\/magazine365\/wp-content\/uploads\/2016\/02\/fotonoticia_20160128094441_800.jpg"},"aioseo_meta_data":{"post_id":"62548","title":null,"description":null,"keywords":null,"keyphrases":null,"primary_term":null,"canonical_url":null,"og_title":null,"og_description":null,"og_object_type":"default","og_image_type":"default","og_image_url":null,"og_image_width":null,"og_image_height":null,"og_image_custom_url":null,"og_image_custom_fields":null,"og_video":null,"og_custom_url":null,"og_article_section":null,"og_article_tags":null,"twitter_use_og":false,"twitter_card":"default","twitter_image_type":"default","twitter_image_url":null,"twitter_image_custom_url":null,"twitter_image_custom_fields":null,"twitter_title":null,"twitter_description":null,"schema":{"blockGraphs":[],"customGraphs":[],"default":{"data":{"Article":[],"Course":[],"Dataset":[],"FAQPage":[],"Movie":[],"Person":[],"Product":[],"ProductReview":[],"Car":[],"Recipe":[],"Service":[],"SoftwareApplication":[],"WebPage":[]},"graphName":"","isEnabled":true},"graphs":[],"defaultGraph":"","defaultPostTypeGraph":""},"schema_type":null,"schema_type_options":null,"pillar_content":false,"robots_default":true,"robots_noindex":false,"robots_noarchive":false,"robots_nosnippet":false,"robots_nofollow":false,"robots_noimageindex":false,"robots_noodp":false,"robots_notranslate":false,"robots_max_snippet":null,"robots_max_videopreview":null,"robots_max_imagepreview":"large","priority":null,"frequency":null,"location":null,"local_seo":null,"seo_analyzer_scan_date":"2025-09-25 11:25:33","breadcrumb_settings":null,"limit_modified_date":false,"open_ai":null,"ai":null,"created":"2021-03-08 21:35:47","updated":"2025-09-25 11:25:33"},"aioseo_breadcrumb":"<div class=\"aioseo-breadcrumbs\"><span class=\"aioseo-breadcrumb\">\n\t<a href=\"https:\/\/eldigitaldeasturias.com\/magazine365\" title=\"Home\">Home<\/a>\n<\/span><span class=\"aioseo-breadcrumb-separator\">\u2013<\/span><span class=\"aioseo-breadcrumb\">\n\t<a href=\"https:\/\/eldigitaldeasturias.com\/magazine365\/category\/noticias-actualidad\/\" title=\"Noticias y Actualidad\">Noticias y Actualidad<\/a>\n<\/span><span class=\"aioseo-breadcrumb-separator\">\u2013<\/span><span class=\"aioseo-breadcrumb\">\n\t<a href=\"https:\/\/eldigitaldeasturias.com\/magazine365\/primera-inmovilizacion-y-sancion-de-4-000-euros-a-un-taxi-pirata-en-barajas\/\" title=\"Primera inmovilizaci\u00f3n y sanci\u00f3n de 4.000 euros a un taxi \u00abpirata\u00bb en Barajas\">Primera inmovilizaci\u00f3n y sanci\u00f3n de 4.000 euros a un taxi \u00abpirata\u00bb en Barajas<\/a>\n<\/span><\/div>","aioseo_breadcrumb_json":[{"label":"Home","link":"https:\/\/eldigitaldeasturias.com\/magazine365"},{"label":"Noticias y Actualidad","link":"https:\/\/eldigitaldeasturias.com\/magazine365\/category\/noticias-actualidad\/"},{"label":"Primera inmovilizaci\u00f3n y sanci\u00f3n de 4.000 euros a un taxi \u00abpirata\u00bb en Barajas","link":"https:\/\/eldigitaldeasturias.com\/magazine365\/primera-inmovilizacion-y-sancion-de-4-000-euros-a-un-taxi-pirata-en-barajas\/"}],"_links":{"self":[{"href":"https:\/\/eldigitaldeasturias.com\/magazine365\/wp-json\/wp\/v2\/posts\/62548","targetHints":{"allow":["GET"]}}],"collection":[{"href":"https:\/\/eldigitaldeasturias.com\/magazine365\/wp-json\/wp\/v2\/posts"}],"about":[{"href":"https:\/\/eldigitaldeasturias.com\/magazine365\/wp-json\/wp\/v2\/types\/post"}],"author":[{"embeddable":true,"href":"https:\/\/eldigitaldeasturias.com\/magazine365\/wp-json\/wp\/v2\/users\/1"}],"replies":[{"embeddable":true,"href":"https:\/\/eldigitaldeasturias.com\/magazine365\/wp-json\/wp\/v2\/comments?post=62548"}],"version-history":[{"count":0,"href":"https:\/\/eldigitaldeasturias.com\/magazine365\/wp-json\/wp\/v2\/posts\/62548\/revisions"}],"wp:featuredmedia":[{"embeddable":true,"href":"https:\/\/eldigitaldeasturias.com\/magazine365\/wp-json\/wp\/v2\/media\/62549"}],"wp:attachment":[{"href":"https:\/\/eldigitaldeasturias.com\/magazine365\/wp-json\/wp\/v2\/media?parent=62548"}],"wp:term":[{"taxonomy":"category","embeddable":true,"href":"https:\/\/eldigitaldeasturias.com\/magazine365\/wp-json\/wp\/v2\/categories?post=62548"},{"taxonomy":"post_tag","embeddable":true,"href":"https:\/\/eldigitaldeasturias.com\/magazine365\/wp-json\/wp\/v2\/tags?post=62548"}],"curies":[{"name":"wp","href":"https:\/\/api.w.org\/{rel}","templated":true}]}}