{"id":62537,"date":"2016-02-01T03:21:53","date_gmt":"2016-02-01T02:21:53","guid":{"rendered":"http:\/\/eldigitaldeasturias.com\/magazine365\/?p=62537"},"modified":"2016-02-01T03:21:53","modified_gmt":"2016-02-01T02:21:53","slug":"barcelona-reune-a-agentes-del-turismo-para-abordar-el-plan-estrategico-para-gobernarlo","status":"publish","type":"post","link":"https:\/\/eldigitaldeasturias.com\/magazine365\/barcelona-reune-a-agentes-del-turismo-para-abordar-el-plan-estrategico-para-gobernarlo\/","title":{"rendered":"Barcelona re\u00fane a agentes del turismo para abordar el plan estrat\u00e9gico para \u00abgobernarlo\u00bb"},"content":{"rendered":"<p><img fetchpriority=\"high\" decoding=\"async\" class=\"alignleft size-medium wp-image-62538\" src=\"https:\/\/eldigitaldeasturias.com\/magazine365\/wp-content\/uploads\/2016\/02\/fotonoticia_20160128092648_800-360x240.jpg\" alt=\"fotonoticia_20160128092648_800\" width=\"360\" height=\"240\" srcset=\"https:\/\/eldigitaldeasturias.com\/magazine365\/wp-content\/uploads\/2016\/02\/fotonoticia_20160128092648_800-360x240.jpg 360w, https:\/\/eldigitaldeasturias.com\/magazine365\/wp-content\/uploads\/2016\/02\/fotonoticia_20160128092648_800-650x433.jpg 650w, https:\/\/eldigitaldeasturias.com\/magazine365\/wp-content\/uploads\/2016\/02\/fotonoticia_20160128092648_800-768x512.jpg 768w, https:\/\/eldigitaldeasturias.com\/magazine365\/wp-content\/uploads\/2016\/02\/fotonoticia_20160128092648_800-150x100.jpg 150w, https:\/\/eldigitaldeasturias.com\/magazine365\/wp-content\/uploads\/2016\/02\/fotonoticia_20160128092648_800-450x300.jpg 450w, https:\/\/eldigitaldeasturias.com\/magazine365\/wp-content\/uploads\/2016\/02\/fotonoticia_20160128092648_800-696x464.jpg 696w, https:\/\/eldigitaldeasturias.com\/magazine365\/wp-content\/uploads\/2016\/02\/fotonoticia_20160128092648_800-630x420.jpg 630w, https:\/\/eldigitaldeasturias.com\/magazine365\/wp-content\/uploads\/2016\/02\/fotonoticia_20160128092648_800-101x66.jpg 101w, https:\/\/eldigitaldeasturias.com\/magazine365\/wp-content\/uploads\/2016\/02\/fotonoticia_20160128092648_800.jpg 800w\" sizes=\"(max-width: 360px) 100vw, 360px\" \/>El concejal de Empleo, Empresa y Turismo de Barcelona, Agust\u00ed Colom, ha presidido este mi\u00e9rcoles el primer encuentro con personas y organizaciones vinculadas al turismo para abordar el Plan Estrat\u00e9gico que tiene por objetivo \u00abregular, ordenar y gobernar\u00bb la actividad.<\/p>\n<p>En declaraciones a los medios antes del encuentro, que ha reunido a unas 200 personas de entidades relacionadas con el sector, Colom ha destacado que \u00abel modelo tur\u00edstico debe estar alineado con el modelo de ciudad\u00bb.<\/p>\n<p>\u00abLos visitantes no dejan de ser ciudadanos temporales que tienen sus derechos y sus deberes\u00bb, ha defendido Colom, que ha destacado que el turismo es fuente de riqueza y empleo y se debe poder combinar con la garant\u00eda de derechos como la vivienda, la sostenibilidad, la equidad social y un empleo digno.<\/p>\n<p>La sesi\u00f3n representa la puesta en marcha del proceso de elaboraci\u00f3n del Plan Estrat\u00e9gico de Turismo hasta 2020 &#8211;que se tutelar\u00e1 desde la direcci\u00f3n de Turismo y Eventos del Ayuntamiento y cuyo director es Albert Arias&#8211; y ha presentado el Consejo de Turismo y Ciudad, el \u00f3rgano de participaci\u00f3n sobre el \u00e1mbito, del que se aprobar\u00e1 previsiblemente el reglamento en el pleno municipal del viernes.<\/p>\n<p>AUMENTO DEL 5%<\/p>\n<p>Tras recordar que los turistas en hoteles en la capital catalana aumentaron en 2015 un 5% respecto al a\u00f1o anterior, ha dicho que lo que se debe promover es mejorar el turismo y no s\u00f3lo aumentarlo, y evitar que surjan \u00abpuntos de monocultivo de turismo y guetos\u00bb, algo que avisa que tampoco quieren los visitantes.<\/p>\n<p>\u00abEl turismo que valoramos no quiere espacios congestionados donde s\u00f3lo est\u00e9n ellos, buscan la singularidad\u00bb de la ciudad, ha asegurado, tras lo que ha resaltado que el turismo tiene vida propia y genera sus propias actividades, por lo que no se le puede poner puertas, sino que se debe gobernar, ha dicho.<\/p>\n<p>Sobre el Plan Especial Urban\u00edstico de Alojamientos Tur\u00edsticos (Peuat), ha explicado que \u00ablo marca el Ayuntamiento\u00bb y que fijar\u00e1 el n\u00famero de alojamientos que debe haber en la ciudad, mientras que la Generalitat regula las caracter\u00edsticas de las diferentes tipolog\u00edas, tras lo que ha pedido que distinga entre lo que es una actividad econ\u00f3mica y las actividades cooperativas y emergentes.<\/p>\n","protected":false},"excerpt":{"rendered":"<p>El concejal de Empleo, Empresa y Turismo de Barcelona, Agust\u00ed Colom, ha presidido este mi\u00e9rcoles el primer encuentro con personas y organizaciones vinculadas al turismo para abordar el Plan Estrat\u00e9gico que tiene por objetivo \u00abregular, ordenar y gobernar\u00bb la actividad. En declaraciones a los medios antes del encuentro, que ha reunido a unas 200 personas<\/p>\n","protected":false},"author":1,"featured_media":62538,"comment_status":"open","ping_status":"closed","sticky":false,"template":"","format":"standard","meta":{"footnotes":""},"categories":[224],"tags":[],"class_list":{"0":"post-62537","1":"post","2":"type-post","3":"status-publish","4":"format-standard","5":"has-post-thumbnail","7":"category-noticias-actualidad"},"aioseo_notices":[],"aioseo_head":"\n\t\t<!-- All in One SEO Pro 4.9.6.1 - aioseo.com -->\n\t<meta name=\"description\" content=\"El concejal de Empleo, Empresa y Turismo de Barcelona, Agust\u00ed Colom, ha presidido este mi\u00e9rcoles el primer encuentro con personas y organizaciones vinculadas al turismo para abordar el Plan Estrat\u00e9gico que tiene por objetivo &quot;regular, ordenar y gobernar&quot; la actividad. En declaraciones a los medios antes del encuentro, que ha reunido a unas 200 personas\" \/>\n\t<meta name=\"robots\" content=\"max-image-preview:large\" \/>\n\t<meta name=\"author\" content=\"admin\"\/>\n\t<meta name=\"google-site-verification\" content=\"UA-38556648-1\" \/>\n\t<meta name=\"keywords\" content=\"noticias y actualidad\" \/>\n\t<link rel=\"canonical\" href=\"https:\/\/eldigitaldeasturias.com\/magazine365\/barcelona-reune-a-agentes-del-turismo-para-abordar-el-plan-estrategico-para-gobernarlo\/\" \/>\n\t<meta name=\"generator\" content=\"All in One SEO Pro (AIOSEO) 4.9.6.1\" \/>\n\t\t<meta property=\"og:locale\" content=\"es_ES\" \/>\n\t\t<meta property=\"og:site_name\" content=\"El Digital de Asturias \u2013 Revista de ocio, turismo y estilo de vida\" \/>\n\t\t<meta property=\"og:type\" content=\"article\" \/>\n\t\t<meta property=\"og:title\" content=\"Barcelona re\u00fane a agentes del turismo para abordar el plan estrat\u00e9gico para \u00abgobernarlo\u00bb | El Digital de Asturias\" \/>\n\t\t<meta property=\"og:description\" content=\"El concejal de Empleo, Empresa y Turismo de Barcelona, Agust\u00ed Colom, ha presidido este mi\u00e9rcoles el primer encuentro con personas y organizaciones vinculadas al turismo para abordar el Plan Estrat\u00e9gico que tiene por objetivo &quot;regular, ordenar y gobernar&quot; la actividad. En declaraciones a los medios antes del encuentro, que ha reunido a unas 200 personas\" \/>\n\t\t<meta property=\"og:url\" content=\"https:\/\/eldigitaldeasturias.com\/magazine365\/barcelona-reune-a-agentes-del-turismo-para-abordar-el-plan-estrategico-para-gobernarlo\/\" \/>\n\t\t<meta property=\"og:image\" content=\"https:\/\/eldigitaldeasturias.com\/magazine365\/wp-content\/uploads\/2016\/02\/fotonoticia_20160128092648_800.jpg\" \/>\n\t\t<meta property=\"og:image:secure_url\" content=\"https:\/\/eldigitaldeasturias.com\/magazine365\/wp-content\/uploads\/2016\/02\/fotonoticia_20160128092648_800.jpg\" \/>\n\t\t<meta property=\"og:image:width\" content=\"800\" \/>\n\t\t<meta property=\"og:image:height\" content=\"533\" \/>\n\t\t<meta property=\"article:published_time\" content=\"2016-02-01T02:21:53+00:00\" \/>\n\t\t<meta property=\"article:modified_time\" content=\"2016-02-01T02:21:53+00:00\" \/>\n\t\t<meta name=\"twitter:card\" content=\"summary_large_image\" \/>\n\t\t<meta name=\"twitter:title\" content=\"Barcelona re\u00fane a agentes del turismo para abordar el plan estrat\u00e9gico para \u00abgobernarlo\u00bb | El Digital de Asturias\" \/>\n\t\t<meta name=\"twitter:description\" content=\"El concejal de Empleo, Empresa y Turismo de Barcelona, Agust\u00ed Colom, ha presidido este mi\u00e9rcoles el primer encuentro con personas y organizaciones vinculadas al turismo para abordar el Plan Estrat\u00e9gico que tiene por objetivo &quot;regular, ordenar y gobernar&quot; la actividad. En declaraciones a los medios antes del encuentro, que ha reunido a unas 200 personas\" \/>\n\t\t<meta name=\"twitter:image\" content=\"https:\/\/eldigitaldeasturias.com\/magazine365\/wp-content\/uploads\/2016\/02\/fotonoticia_20160128092648_800.jpg\" \/>\n\t\t<script type=\"application\/ld+json\" class=\"aioseo-schema\">\n\t\t\t{\"@context\":\"https:\\\/\\\/schema.org\",\"@graph\":[{\"@type\":\"Article\",\"@id\":\"https:\\\/\\\/eldigitaldeasturias.com\\\/magazine365\\\/barcelona-reune-a-agentes-del-turismo-para-abordar-el-plan-estrategico-para-gobernarlo\\\/#article\",\"name\":\"Barcelona re\\u00fane a agentes del turismo para abordar el plan estrat\\u00e9gico para \\u00abgobernarlo\\u00bb | El Digital de Asturias\",\"headline\":\"Barcelona re\\u00fane a agentes del turismo para abordar el plan estrat\\u00e9gico para \\u00abgobernarlo\\u00bb\",\"author\":{\"@id\":\"https:\\\/\\\/eldigitaldeasturias.com\\\/magazine365\\\/author\\\/admin\\\/#author\"},\"publisher\":{\"@id\":\"https:\\\/\\\/eldigitaldeasturias.com\\\/magazine365\\\/#organization\"},\"image\":{\"@type\":\"ImageObject\",\"url\":\"https:\\\/\\\/eldigitaldeasturias.com\\\/magazine365\\\/wp-content\\\/uploads\\\/2016\\\/02\\\/fotonoticia_20160128092648_800.jpg\",\"width\":800,\"height\":533},\"datePublished\":\"2016-02-01T03:21:53+01:00\",\"dateModified\":\"2016-02-01T03:21:53+01:00\",\"inLanguage\":\"es-ES\",\"mainEntityOfPage\":{\"@id\":\"https:\\\/\\\/eldigitaldeasturias.com\\\/magazine365\\\/barcelona-reune-a-agentes-del-turismo-para-abordar-el-plan-estrategico-para-gobernarlo\\\/#webpage\"},\"isPartOf\":{\"@id\":\"https:\\\/\\\/eldigitaldeasturias.com\\\/magazine365\\\/barcelona-reune-a-agentes-del-turismo-para-abordar-el-plan-estrategico-para-gobernarlo\\\/#webpage\"},\"articleSection\":\"Noticias y Actualidad\"},{\"@type\":\"BreadcrumbList\",\"@id\":\"https:\\\/\\\/eldigitaldeasturias.com\\\/magazine365\\\/barcelona-reune-a-agentes-del-turismo-para-abordar-el-plan-estrategico-para-gobernarlo\\\/#breadcrumblist\",\"itemListElement\":[{\"@type\":\"ListItem\",\"@id\":\"https:\\\/\\\/eldigitaldeasturias.com\\\/magazine365#listItem\",\"position\":1,\"name\":\"Home\",\"item\":\"https:\\\/\\\/eldigitaldeasturias.com\\\/magazine365\",\"nextItem\":{\"@type\":\"ListItem\",\"@id\":\"https:\\\/\\\/eldigitaldeasturias.com\\\/magazine365\\\/category\\\/noticias-actualidad\\\/#listItem\",\"name\":\"Noticias y Actualidad\"}},{\"@type\":\"ListItem\",\"@id\":\"https:\\\/\\\/eldigitaldeasturias.com\\\/magazine365\\\/category\\\/noticias-actualidad\\\/#listItem\",\"position\":2,\"name\":\"Noticias y Actualidad\",\"item\":\"https:\\\/\\\/eldigitaldeasturias.com\\\/magazine365\\\/category\\\/noticias-actualidad\\\/\",\"nextItem\":{\"@type\":\"ListItem\",\"@id\":\"https:\\\/\\\/eldigitaldeasturias.com\\\/magazine365\\\/barcelona-reune-a-agentes-del-turismo-para-abordar-el-plan-estrategico-para-gobernarlo\\\/#listItem\",\"name\":\"Barcelona re\\u00fane a agentes del turismo para abordar el plan estrat\\u00e9gico para \\u00abgobernarlo\\u00bb\"},\"previousItem\":{\"@type\":\"ListItem\",\"@id\":\"https:\\\/\\\/eldigitaldeasturias.com\\\/magazine365#listItem\",\"name\":\"Home\"}},{\"@type\":\"ListItem\",\"@id\":\"https:\\\/\\\/eldigitaldeasturias.com\\\/magazine365\\\/barcelona-reune-a-agentes-del-turismo-para-abordar-el-plan-estrategico-para-gobernarlo\\\/#listItem\",\"position\":3,\"name\":\"Barcelona re\\u00fane a agentes del turismo para abordar el plan estrat\\u00e9gico para \\u00abgobernarlo\\u00bb\",\"previousItem\":{\"@type\":\"ListItem\",\"@id\":\"https:\\\/\\\/eldigitaldeasturias.com\\\/magazine365\\\/category\\\/noticias-actualidad\\\/#listItem\",\"name\":\"Noticias y Actualidad\"}}]},{\"@type\":\"Organization\",\"@id\":\"https:\\\/\\\/eldigitaldeasturias.com\\\/magazine365\\\/#organization\",\"name\":\"El digital de Asturias\",\"description\":\"Revista de ocio, turismo y estilo de vida\",\"url\":\"https:\\\/\\\/eldigitaldeasturias.com\\\/magazine365\\\/\",\"logo\":{\"@type\":\"ImageObject\",\"url\":\"https:\\\/\\\/www.eldigitaldeasturias.com\\\/noticias\\\/wp-content\\\/uploads\\\/2020\\\/12\\\/EDA.jpg\",\"@id\":\"https:\\\/\\\/eldigitaldeasturias.com\\\/magazine365\\\/barcelona-reune-a-agentes-del-turismo-para-abordar-el-plan-estrategico-para-gobernarlo\\\/#organizationLogo\"},\"image\":{\"@id\":\"https:\\\/\\\/eldigitaldeasturias.com\\\/magazine365\\\/barcelona-reune-a-agentes-del-turismo-para-abordar-el-plan-estrategico-para-gobernarlo\\\/#organizationLogo\"}},{\"@type\":\"Person\",\"@id\":\"https:\\\/\\\/eldigitaldeasturias.com\\\/magazine365\\\/author\\\/admin\\\/#author\",\"url\":\"https:\\\/\\\/eldigitaldeasturias.com\\\/magazine365\\\/author\\\/admin\\\/\",\"name\":\"admin\",\"image\":{\"@type\":\"ImageObject\",\"@id\":\"https:\\\/\\\/eldigitaldeasturias.com\\\/magazine365\\\/barcelona-reune-a-agentes-del-turismo-para-abordar-el-plan-estrategico-para-gobernarlo\\\/#authorImage\",\"url\":\"https:\\\/\\\/eldigitaldeasturias.com\\\/magazine365\\\/wp-content\\\/litespeed\\\/avatar\\\/e571bcf59a0edd6fa6838245a470f2fe.jpg?ver=1776969259\",\"width\":96,\"height\":96,\"caption\":\"admin\"}},{\"@type\":\"WebPage\",\"@id\":\"https:\\\/\\\/eldigitaldeasturias.com\\\/magazine365\\\/barcelona-reune-a-agentes-del-turismo-para-abordar-el-plan-estrategico-para-gobernarlo\\\/#webpage\",\"url\":\"https:\\\/\\\/eldigitaldeasturias.com\\\/magazine365\\\/barcelona-reune-a-agentes-del-turismo-para-abordar-el-plan-estrategico-para-gobernarlo\\\/\",\"name\":\"Barcelona re\\u00fane a agentes del turismo para abordar el plan estrat\\u00e9gico para \\u00abgobernarlo\\u00bb | El Digital de Asturias\",\"description\":\"El concejal de Empleo, Empresa y Turismo de Barcelona, Agust\\u00ed Colom, ha presidido este mi\\u00e9rcoles el primer encuentro con personas y organizaciones vinculadas al turismo para abordar el Plan Estrat\\u00e9gico que tiene por objetivo \\\"regular, ordenar y gobernar\\\" la actividad. En declaraciones a los medios antes del encuentro, que ha reunido a unas 200 personas\",\"inLanguage\":\"es-ES\",\"isPartOf\":{\"@id\":\"https:\\\/\\\/eldigitaldeasturias.com\\\/magazine365\\\/#website\"},\"breadcrumb\":{\"@id\":\"https:\\\/\\\/eldigitaldeasturias.com\\\/magazine365\\\/barcelona-reune-a-agentes-del-turismo-para-abordar-el-plan-estrategico-para-gobernarlo\\\/#breadcrumblist\"},\"author\":{\"@id\":\"https:\\\/\\\/eldigitaldeasturias.com\\\/magazine365\\\/author\\\/admin\\\/#author\"},\"creator\":{\"@id\":\"https:\\\/\\\/eldigitaldeasturias.com\\\/magazine365\\\/author\\\/admin\\\/#author\"},\"image\":{\"@type\":\"ImageObject\",\"url\":\"https:\\\/\\\/eldigitaldeasturias.com\\\/magazine365\\\/wp-content\\\/uploads\\\/2016\\\/02\\\/fotonoticia_20160128092648_800.jpg\",\"@id\":\"https:\\\/\\\/eldigitaldeasturias.com\\\/magazine365\\\/barcelona-reune-a-agentes-del-turismo-para-abordar-el-plan-estrategico-para-gobernarlo\\\/#mainImage\",\"width\":800,\"height\":533},\"primaryImageOfPage\":{\"@id\":\"https:\\\/\\\/eldigitaldeasturias.com\\\/magazine365\\\/barcelona-reune-a-agentes-del-turismo-para-abordar-el-plan-estrategico-para-gobernarlo\\\/#mainImage\"},\"datePublished\":\"2016-02-01T03:21:53+01:00\",\"dateModified\":\"2016-02-01T03:21:53+01:00\"},{\"@type\":\"WebSite\",\"@id\":\"https:\\\/\\\/eldigitaldeasturias.com\\\/magazine365\\\/#website\",\"url\":\"https:\\\/\\\/eldigitaldeasturias.com\\\/magazine365\\\/\",\"name\":\"El Digital de Asturias\",\"description\":\"Revista de ocio, turismo y estilo de vida\",\"inLanguage\":\"es-ES\",\"publisher\":{\"@id\":\"https:\\\/\\\/eldigitaldeasturias.com\\\/magazine365\\\/#organization\"}}]}\n\t\t<\/script>\n\t\t<!-- All in One SEO Pro -->\r\n\t\t<title>Barcelona re\u00fane a agentes del turismo para abordar el plan estrat\u00e9gico para \u00abgobernarlo\u00bb | El Digital de Asturias<\/title>\n\n","aioseo_head_json":{"title":"Barcelona re\u00fane a agentes del turismo para abordar el plan estrat\u00e9gico para \u00abgobernarlo\u00bb | El Digital de Asturias","description":"El concejal de Empleo, Empresa y Turismo de Barcelona, Agust\u00ed Colom, ha presidido este mi\u00e9rcoles el primer encuentro con personas y organizaciones vinculadas al turismo para abordar el Plan Estrat\u00e9gico que tiene por objetivo \"regular, ordenar y gobernar\" la actividad. En declaraciones a los medios antes del encuentro, que ha reunido a unas 200 personas","canonical_url":"https:\/\/eldigitaldeasturias.com\/magazine365\/barcelona-reune-a-agentes-del-turismo-para-abordar-el-plan-estrategico-para-gobernarlo\/","robots":"max-image-preview:large","keywords":"noticias y actualidad","webmasterTools":{"google-site-verification":"UA-38556648-1","miscellaneous":""},"schema":{"@context":"https:\/\/schema.org","@graph":[{"@type":"Article","@id":"https:\/\/eldigitaldeasturias.com\/magazine365\/barcelona-reune-a-agentes-del-turismo-para-abordar-el-plan-estrategico-para-gobernarlo\/#article","name":"Barcelona re\u00fane a agentes del turismo para abordar el plan estrat\u00e9gico para \u00abgobernarlo\u00bb | El Digital de Asturias","headline":"Barcelona re\u00fane a agentes del turismo para abordar el plan estrat\u00e9gico para \u00abgobernarlo\u00bb","author":{"@id":"https:\/\/eldigitaldeasturias.com\/magazine365\/author\/admin\/#author"},"publisher":{"@id":"https:\/\/eldigitaldeasturias.com\/magazine365\/#organization"},"image":{"@type":"ImageObject","url":"https:\/\/eldigitaldeasturias.com\/magazine365\/wp-content\/uploads\/2016\/02\/fotonoticia_20160128092648_800.jpg","width":800,"height":533},"datePublished":"2016-02-01T03:21:53+01:00","dateModified":"2016-02-01T03:21:53+01:00","inLanguage":"es-ES","mainEntityOfPage":{"@id":"https:\/\/eldigitaldeasturias.com\/magazine365\/barcelona-reune-a-agentes-del-turismo-para-abordar-el-plan-estrategico-para-gobernarlo\/#webpage"},"isPartOf":{"@id":"https:\/\/eldigitaldeasturias.com\/magazine365\/barcelona-reune-a-agentes-del-turismo-para-abordar-el-plan-estrategico-para-gobernarlo\/#webpage"},"articleSection":"Noticias y Actualidad"},{"@type":"BreadcrumbList","@id":"https:\/\/eldigitaldeasturias.com\/magazine365\/barcelona-reune-a-agentes-del-turismo-para-abordar-el-plan-estrategico-para-gobernarlo\/#breadcrumblist","itemListElement":[{"@type":"ListItem","@id":"https:\/\/eldigitaldeasturias.com\/magazine365#listItem","position":1,"name":"Home","item":"https:\/\/eldigitaldeasturias.com\/magazine365","nextItem":{"@type":"ListItem","@id":"https:\/\/eldigitaldeasturias.com\/magazine365\/category\/noticias-actualidad\/#listItem","name":"Noticias y Actualidad"}},{"@type":"ListItem","@id":"https:\/\/eldigitaldeasturias.com\/magazine365\/category\/noticias-actualidad\/#listItem","position":2,"name":"Noticias y Actualidad","item":"https:\/\/eldigitaldeasturias.com\/magazine365\/category\/noticias-actualidad\/","nextItem":{"@type":"ListItem","@id":"https:\/\/eldigitaldeasturias.com\/magazine365\/barcelona-reune-a-agentes-del-turismo-para-abordar-el-plan-estrategico-para-gobernarlo\/#listItem","name":"Barcelona re\u00fane a agentes del turismo para abordar el plan estrat\u00e9gico para \u00abgobernarlo\u00bb"},"previousItem":{"@type":"ListItem","@id":"https:\/\/eldigitaldeasturias.com\/magazine365#listItem","name":"Home"}},{"@type":"ListItem","@id":"https:\/\/eldigitaldeasturias.com\/magazine365\/barcelona-reune-a-agentes-del-turismo-para-abordar-el-plan-estrategico-para-gobernarlo\/#listItem","position":3,"name":"Barcelona re\u00fane a agentes del turismo para abordar el plan estrat\u00e9gico para \u00abgobernarlo\u00bb","previousItem":{"@type":"ListItem","@id":"https:\/\/eldigitaldeasturias.com\/magazine365\/category\/noticias-actualidad\/#listItem","name":"Noticias y Actualidad"}}]},{"@type":"Organization","@id":"https:\/\/eldigitaldeasturias.com\/magazine365\/#organization","name":"El digital de Asturias","description":"Revista de ocio, turismo y estilo de vida","url":"https:\/\/eldigitaldeasturias.com\/magazine365\/","logo":{"@type":"ImageObject","url":"https:\/\/www.eldigitaldeasturias.com\/noticias\/wp-content\/uploads\/2020\/12\/EDA.jpg","@id":"https:\/\/eldigitaldeasturias.com\/magazine365\/barcelona-reune-a-agentes-del-turismo-para-abordar-el-plan-estrategico-para-gobernarlo\/#organizationLogo"},"image":{"@id":"https:\/\/eldigitaldeasturias.com\/magazine365\/barcelona-reune-a-agentes-del-turismo-para-abordar-el-plan-estrategico-para-gobernarlo\/#organizationLogo"}},{"@type":"Person","@id":"https:\/\/eldigitaldeasturias.com\/magazine365\/author\/admin\/#author","url":"https:\/\/eldigitaldeasturias.com\/magazine365\/author\/admin\/","name":"admin","image":{"@type":"ImageObject","@id":"https:\/\/eldigitaldeasturias.com\/magazine365\/barcelona-reune-a-agentes-del-turismo-para-abordar-el-plan-estrategico-para-gobernarlo\/#authorImage","url":"https:\/\/eldigitaldeasturias.com\/magazine365\/wp-content\/litespeed\/avatar\/e571bcf59a0edd6fa6838245a470f2fe.jpg?ver=1776969259","width":96,"height":96,"caption":"admin"}},{"@type":"WebPage","@id":"https:\/\/eldigitaldeasturias.com\/magazine365\/barcelona-reune-a-agentes-del-turismo-para-abordar-el-plan-estrategico-para-gobernarlo\/#webpage","url":"https:\/\/eldigitaldeasturias.com\/magazine365\/barcelona-reune-a-agentes-del-turismo-para-abordar-el-plan-estrategico-para-gobernarlo\/","name":"Barcelona re\u00fane a agentes del turismo para abordar el plan estrat\u00e9gico para \u00abgobernarlo\u00bb | El Digital de Asturias","description":"El concejal de Empleo, Empresa y Turismo de Barcelona, Agust\u00ed Colom, ha presidido este mi\u00e9rcoles el primer encuentro con personas y organizaciones vinculadas al turismo para abordar el Plan Estrat\u00e9gico que tiene por objetivo \"regular, ordenar y gobernar\" la actividad. En declaraciones a los medios antes del encuentro, que ha reunido a unas 200 personas","inLanguage":"es-ES","isPartOf":{"@id":"https:\/\/eldigitaldeasturias.com\/magazine365\/#website"},"breadcrumb":{"@id":"https:\/\/eldigitaldeasturias.com\/magazine365\/barcelona-reune-a-agentes-del-turismo-para-abordar-el-plan-estrategico-para-gobernarlo\/#breadcrumblist"},"author":{"@id":"https:\/\/eldigitaldeasturias.com\/magazine365\/author\/admin\/#author"},"creator":{"@id":"https:\/\/eldigitaldeasturias.com\/magazine365\/author\/admin\/#author"},"image":{"@type":"ImageObject","url":"https:\/\/eldigitaldeasturias.com\/magazine365\/wp-content\/uploads\/2016\/02\/fotonoticia_20160128092648_800.jpg","@id":"https:\/\/eldigitaldeasturias.com\/magazine365\/barcelona-reune-a-agentes-del-turismo-para-abordar-el-plan-estrategico-para-gobernarlo\/#mainImage","width":800,"height":533},"primaryImageOfPage":{"@id":"https:\/\/eldigitaldeasturias.com\/magazine365\/barcelona-reune-a-agentes-del-turismo-para-abordar-el-plan-estrategico-para-gobernarlo\/#mainImage"},"datePublished":"2016-02-01T03:21:53+01:00","dateModified":"2016-02-01T03:21:53+01:00"},{"@type":"WebSite","@id":"https:\/\/eldigitaldeasturias.com\/magazine365\/#website","url":"https:\/\/eldigitaldeasturias.com\/magazine365\/","name":"El Digital de Asturias","description":"Revista de ocio, turismo y estilo de vida","inLanguage":"es-ES","publisher":{"@id":"https:\/\/eldigitaldeasturias.com\/magazine365\/#organization"}}]},"og:locale":"es_ES","og:site_name":"El Digital de Asturias \u2013 Revista de ocio, turismo y estilo de vida","og:type":"article","og:title":"Barcelona re\u00fane a agentes del turismo para abordar el plan estrat\u00e9gico para \u00abgobernarlo\u00bb | El Digital de Asturias","og:description":"El concejal de Empleo, Empresa y Turismo de Barcelona, Agust\u00ed Colom, ha presidido este mi\u00e9rcoles el primer encuentro con personas y organizaciones vinculadas al turismo para abordar el Plan Estrat\u00e9gico que tiene por objetivo &quot;regular, ordenar y gobernar&quot; la actividad. En declaraciones a los medios antes del encuentro, que ha reunido a unas 200 personas","og:url":"https:\/\/eldigitaldeasturias.com\/magazine365\/barcelona-reune-a-agentes-del-turismo-para-abordar-el-plan-estrategico-para-gobernarlo\/","og:image":"https:\/\/eldigitaldeasturias.com\/magazine365\/wp-content\/uploads\/2016\/02\/fotonoticia_20160128092648_800.jpg","og:image:secure_url":"https:\/\/eldigitaldeasturias.com\/magazine365\/wp-content\/uploads\/2016\/02\/fotonoticia_20160128092648_800.jpg","og:image:width":800,"og:image:height":533,"article:published_time":"2016-02-01T02:21:53+00:00","article:modified_time":"2016-02-01T02:21:53+00:00","twitter:card":"summary_large_image","twitter:title":"Barcelona re\u00fane a agentes del turismo para abordar el plan estrat\u00e9gico para \u00abgobernarlo\u00bb | El Digital de Asturias","twitter:description":"El concejal de Empleo, Empresa y Turismo de Barcelona, Agust\u00ed Colom, ha presidido este mi\u00e9rcoles el primer encuentro con personas y organizaciones vinculadas al turismo para abordar el Plan Estrat\u00e9gico que tiene por objetivo &quot;regular, ordenar y gobernar&quot; la actividad. En declaraciones a los medios antes del encuentro, que ha reunido a unas 200 personas","twitter:image":"https:\/\/eldigitaldeasturias.com\/magazine365\/wp-content\/uploads\/2016\/02\/fotonoticia_20160128092648_800.jpg"},"aioseo_meta_data":{"post_id":"62537","title":null,"description":null,"keywords":null,"keyphrases":null,"primary_term":null,"canonical_url":null,"og_title":null,"og_description":null,"og_object_type":"default","og_image_type":"default","og_image_url":null,"og_image_width":null,"og_image_height":null,"og_image_custom_url":null,"og_image_custom_fields":null,"og_video":null,"og_custom_url":null,"og_article_section":null,"og_article_tags":null,"twitter_use_og":false,"twitter_card":"default","twitter_image_type":"default","twitter_image_url":null,"twitter_image_custom_url":null,"twitter_image_custom_fields":null,"twitter_title":null,"twitter_description":null,"schema":{"blockGraphs":[],"customGraphs":[],"default":{"data":{"Article":[],"Course":[],"Dataset":[],"FAQPage":[],"Movie":[],"Person":[],"Product":[],"ProductReview":[],"Car":[],"Recipe":[],"Service":[],"SoftwareApplication":[],"WebPage":[]},"graphName":"","isEnabled":true},"graphs":[],"defaultGraph":"","defaultPostTypeGraph":""},"schema_type":null,"schema_type_options":null,"pillar_content":false,"robots_default":true,"robots_noindex":false,"robots_noarchive":false,"robots_nosnippet":false,"robots_nofollow":false,"robots_noimageindex":false,"robots_noodp":false,"robots_notranslate":false,"robots_max_snippet":null,"robots_max_videopreview":null,"robots_max_imagepreview":"large","priority":null,"frequency":null,"location":null,"local_seo":null,"seo_analyzer_scan_date":"2025-09-25 11:25:29","breadcrumb_settings":null,"limit_modified_date":false,"open_ai":null,"ai":null,"created":"2021-03-08 21:35:47","updated":"2025-09-25 11:25:29"},"aioseo_breadcrumb":"<div class=\"aioseo-breadcrumbs\"><span class=\"aioseo-breadcrumb\">\n\t<a href=\"https:\/\/eldigitaldeasturias.com\/magazine365\" title=\"Home\">Home<\/a>\n<\/span><span class=\"aioseo-breadcrumb-separator\">\u2013<\/span><span class=\"aioseo-breadcrumb\">\n\t<a href=\"https:\/\/eldigitaldeasturias.com\/magazine365\/category\/noticias-actualidad\/\" title=\"Noticias y Actualidad\">Noticias y Actualidad<\/a>\n<\/span><span class=\"aioseo-breadcrumb-separator\">\u2013<\/span><span class=\"aioseo-breadcrumb\">\n\t<a href=\"https:\/\/eldigitaldeasturias.com\/magazine365\/barcelona-reune-a-agentes-del-turismo-para-abordar-el-plan-estrategico-para-gobernarlo\/\" title=\"Barcelona re\u00fane a agentes del turismo para abordar el plan estrat\u00e9gico para \u00abgobernarlo\u00bb\">Barcelona re\u00fane a agentes del turismo para abordar el plan estrat\u00e9gico para \u00abgobernarlo\u00bb<\/a>\n<\/span><\/div>","aioseo_breadcrumb_json":[{"label":"Home","link":"https:\/\/eldigitaldeasturias.com\/magazine365"},{"label":"Noticias y Actualidad","link":"https:\/\/eldigitaldeasturias.com\/magazine365\/category\/noticias-actualidad\/"},{"label":"Barcelona re\u00fane a agentes del turismo para abordar el plan estrat\u00e9gico para \u00abgobernarlo\u00bb","link":"https:\/\/eldigitaldeasturias.com\/magazine365\/barcelona-reune-a-agentes-del-turismo-para-abordar-el-plan-estrategico-para-gobernarlo\/"}],"_links":{"self":[{"href":"https:\/\/eldigitaldeasturias.com\/magazine365\/wp-json\/wp\/v2\/posts\/62537","targetHints":{"allow":["GET"]}}],"collection":[{"href":"https:\/\/eldigitaldeasturias.com\/magazine365\/wp-json\/wp\/v2\/posts"}],"about":[{"href":"https:\/\/eldigitaldeasturias.com\/magazine365\/wp-json\/wp\/v2\/types\/post"}],"author":[{"embeddable":true,"href":"https:\/\/eldigitaldeasturias.com\/magazine365\/wp-json\/wp\/v2\/users\/1"}],"replies":[{"embeddable":true,"href":"https:\/\/eldigitaldeasturias.com\/magazine365\/wp-json\/wp\/v2\/comments?post=62537"}],"version-history":[{"count":0,"href":"https:\/\/eldigitaldeasturias.com\/magazine365\/wp-json\/wp\/v2\/posts\/62537\/revisions"}],"wp:featuredmedia":[{"embeddable":true,"href":"https:\/\/eldigitaldeasturias.com\/magazine365\/wp-json\/wp\/v2\/media\/62538"}],"wp:attachment":[{"href":"https:\/\/eldigitaldeasturias.com\/magazine365\/wp-json\/wp\/v2\/media?parent=62537"}],"wp:term":[{"taxonomy":"category","embeddable":true,"href":"https:\/\/eldigitaldeasturias.com\/magazine365\/wp-json\/wp\/v2\/categories?post=62537"},{"taxonomy":"post_tag","embeddable":true,"href":"https:\/\/eldigitaldeasturias.com\/magazine365\/wp-json\/wp\/v2\/tags?post=62537"}],"curies":[{"name":"wp","href":"https:\/\/api.w.org\/{rel}","templated":true}]}}