{"id":62528,"date":"2016-02-01T03:17:59","date_gmt":"2016-02-01T02:17:59","guid":{"rendered":"http:\/\/eldigitaldeasturias.com\/magazine365\/?p=62528"},"modified":"2016-02-01T03:17:59","modified_gmt":"2016-02-01T02:17:59","slug":"madrid-se-convierte-en-la-capital-de-la-alta-gastronomia-con-madrid-fusion","status":"publish","type":"post","link":"https:\/\/eldigitaldeasturias.com\/magazine365\/madrid-se-convierte-en-la-capital-de-la-alta-gastronomia-con-madrid-fusion\/","title":{"rendered":"Madrid se convierte en la capital de la alta gastronom\u00eda con Madrid Fusi\u00f3n"},"content":{"rendered":"<p><img fetchpriority=\"high\" decoding=\"async\" class=\"alignleft size-medium wp-image-62529\" src=\"https:\/\/eldigitaldeasturias.com\/magazine365\/wp-content\/uploads\/2016\/02\/fotonoticia_20160127193911_800-360x239.jpg\" alt=\"fotonoticia_20160127193911_800\" width=\"360\" height=\"239\" srcset=\"https:\/\/eldigitaldeasturias.com\/magazine365\/wp-content\/uploads\/2016\/02\/fotonoticia_20160127193911_800-360x239.jpg 360w, https:\/\/eldigitaldeasturias.com\/magazine365\/wp-content\/uploads\/2016\/02\/fotonoticia_20160127193911_800-650x432.jpg 650w, https:\/\/eldigitaldeasturias.com\/magazine365\/wp-content\/uploads\/2016\/02\/fotonoticia_20160127193911_800-768x511.jpg 768w, https:\/\/eldigitaldeasturias.com\/magazine365\/wp-content\/uploads\/2016\/02\/fotonoticia_20160127193911_800-150x100.jpg 150w, https:\/\/eldigitaldeasturias.com\/magazine365\/wp-content\/uploads\/2016\/02\/fotonoticia_20160127193911_800-450x299.jpg 450w, https:\/\/eldigitaldeasturias.com\/magazine365\/wp-content\/uploads\/2016\/02\/fotonoticia_20160127193911_800-696x463.jpg 696w, https:\/\/eldigitaldeasturias.com\/magazine365\/wp-content\/uploads\/2016\/02\/fotonoticia_20160127193911_800-632x420.jpg 632w, https:\/\/eldigitaldeasturias.com\/magazine365\/wp-content\/uploads\/2016\/02\/fotonoticia_20160127193911_800-121x79.jpg 121w, https:\/\/eldigitaldeasturias.com\/magazine365\/wp-content\/uploads\/2016\/02\/fotonoticia_20160127193911_800-101x66.jpg 101w, https:\/\/eldigitaldeasturias.com\/magazine365\/wp-content\/uploads\/2016\/02\/fotonoticia_20160127193911_800.jpg 800w\" sizes=\"(max-width: 360px) 100vw, 360px\" \/>Madrid se ha convertido en la capital de la alta gastronom\u00eda gracias a la celebraci\u00f3n de Madrid Fusi\u00f3n, que ha tenido lugar durante los \u00faltimos tres d\u00edas.<\/p>\n<p>El acontecimiento ha acogido diversas actividades relacionadas con la gastronom\u00eda actual ofreciendo talleres, conferencias y ponencias en las que han participado algunos de los mejores chefs del panorama espa\u00f1ol como Mario Sandoval, Rodrigo de la Calle o \u00cd\u00f1igo Lavado.<\/p>\n<p>Entre los talleres ofrecidos en el evento destacan la &#8216;master class&#8217; sobre c\u00edtricos impartida por el chef Marcel Ress, un taller sobre el aceite de oliva virgen dirigido por Firo V\u00e1zquez, una sesi\u00f3n sobre los &#8216;bistec forno&#8217; impulsada por Acyre Madrid y la ponencia sobre escabeches impartida por el chef Jes\u00fas Almagro.<\/p>\n<p>Por su parte, Enofusi\u00f3n organiz\u00f3 una cata maridaje de vinos franceses ofrecida por el sumiller y director del comit\u00e9 de catas de Makro en Espa\u00f1a, Custodio L\u00f3pez Zamarra; el chef propietario de Singular Food, \u00cd\u00f1igo Lavado y la responsable de compras de vinos de Makro, Marta Modrego.<\/p>\n<p>Asimismo, se ha celebrado la sexta edici\u00f3n del concurso \u00abEscoge a tu pinche\u00bb en el que la alumna de la Escuela de Hosteler\u00eda de Sevilla, Almudena Conde, que con la ayuda del pinche Carles Abell\u00e1n fue la vencedora.<\/p>\n","protected":false},"excerpt":{"rendered":"<p>Madrid se ha convertido en la capital de la alta gastronom\u00eda gracias a la celebraci\u00f3n de Madrid Fusi\u00f3n, que ha tenido lugar durante los \u00faltimos tres d\u00edas. El acontecimiento ha acogido diversas actividades relacionadas con la gastronom\u00eda actual ofreciendo talleres, conferencias y ponencias en las que han participado algunos de los mejores chefs del panorama<\/p>\n","protected":false},"author":1,"featured_media":62529,"comment_status":"open","ping_status":"closed","sticky":false,"template":"","format":"standard","meta":{"footnotes":""},"categories":[224],"tags":[],"class_list":{"0":"post-62528","1":"post","2":"type-post","3":"status-publish","4":"format-standard","5":"has-post-thumbnail","7":"category-noticias-actualidad"},"aioseo_notices":[],"aioseo_head":"\n\t\t<!-- All in One SEO Pro 4.9.6.1 - aioseo.com -->\n\t<meta name=\"description\" content=\"Madrid se ha convertido en la capital de la alta gastronom\u00eda gracias a la celebraci\u00f3n de Madrid Fusi\u00f3n, que ha tenido lugar durante los \u00faltimos tres d\u00edas. El acontecimiento ha acogido diversas actividades relacionadas con la gastronom\u00eda actual ofreciendo talleres, conferencias y ponencias en las que han participado algunos de los mejores chefs del panorama\" \/>\n\t<meta name=\"robots\" content=\"max-image-preview:large\" \/>\n\t<meta name=\"author\" content=\"admin\"\/>\n\t<meta name=\"google-site-verification\" content=\"UA-38556648-1\" \/>\n\t<meta name=\"keywords\" content=\"noticias y actualidad\" \/>\n\t<link rel=\"canonical\" href=\"https:\/\/eldigitaldeasturias.com\/magazine365\/madrid-se-convierte-en-la-capital-de-la-alta-gastronomia-con-madrid-fusion\/\" \/>\n\t<meta name=\"generator\" content=\"All in One SEO Pro (AIOSEO) 4.9.6.1\" \/>\n\t\t<meta property=\"og:locale\" content=\"es_ES\" \/>\n\t\t<meta property=\"og:site_name\" content=\"El Digital de Asturias \u2013 Revista de ocio, turismo y estilo de vida\" \/>\n\t\t<meta property=\"og:type\" content=\"article\" \/>\n\t\t<meta property=\"og:title\" content=\"Madrid se convierte en la capital de la alta gastronom\u00eda con Madrid Fusi\u00f3n | El Digital de Asturias\" \/>\n\t\t<meta property=\"og:description\" content=\"Madrid se ha convertido en la capital de la alta gastronom\u00eda gracias a la celebraci\u00f3n de Madrid Fusi\u00f3n, que ha tenido lugar durante los \u00faltimos tres d\u00edas. El acontecimiento ha acogido diversas actividades relacionadas con la gastronom\u00eda actual ofreciendo talleres, conferencias y ponencias en las que han participado algunos de los mejores chefs del panorama\" \/>\n\t\t<meta property=\"og:url\" content=\"https:\/\/eldigitaldeasturias.com\/magazine365\/madrid-se-convierte-en-la-capital-de-la-alta-gastronomia-con-madrid-fusion\/\" \/>\n\t\t<meta property=\"og:image\" content=\"https:\/\/eldigitaldeasturias.com\/magazine365\/wp-content\/uploads\/2016\/02\/fotonoticia_20160127193911_800.jpg\" \/>\n\t\t<meta property=\"og:image:secure_url\" content=\"https:\/\/eldigitaldeasturias.com\/magazine365\/wp-content\/uploads\/2016\/02\/fotonoticia_20160127193911_800.jpg\" \/>\n\t\t<meta property=\"og:image:width\" content=\"800\" \/>\n\t\t<meta property=\"og:image:height\" content=\"532\" \/>\n\t\t<meta property=\"article:published_time\" content=\"2016-02-01T02:17:59+00:00\" \/>\n\t\t<meta property=\"article:modified_time\" content=\"2016-02-01T02:17:59+00:00\" \/>\n\t\t<meta name=\"twitter:card\" content=\"summary_large_image\" \/>\n\t\t<meta name=\"twitter:title\" content=\"Madrid se convierte en la capital de la alta gastronom\u00eda con Madrid Fusi\u00f3n | El Digital de Asturias\" \/>\n\t\t<meta name=\"twitter:description\" content=\"Madrid se ha convertido en la capital de la alta gastronom\u00eda gracias a la celebraci\u00f3n de Madrid Fusi\u00f3n, que ha tenido lugar durante los \u00faltimos tres d\u00edas. El acontecimiento ha acogido diversas actividades relacionadas con la gastronom\u00eda actual ofreciendo talleres, conferencias y ponencias en las que han participado algunos de los mejores chefs del panorama\" \/>\n\t\t<meta name=\"twitter:image\" content=\"https:\/\/eldigitaldeasturias.com\/magazine365\/wp-content\/uploads\/2016\/02\/fotonoticia_20160127193911_800.jpg\" \/>\n\t\t<script type=\"application\/ld+json\" class=\"aioseo-schema\">\n\t\t\t{\"@context\":\"https:\\\/\\\/schema.org\",\"@graph\":[{\"@type\":\"Article\",\"@id\":\"https:\\\/\\\/eldigitaldeasturias.com\\\/magazine365\\\/madrid-se-convierte-en-la-capital-de-la-alta-gastronomia-con-madrid-fusion\\\/#article\",\"name\":\"Madrid se convierte en la capital de la alta gastronom\\u00eda con Madrid Fusi\\u00f3n | El Digital de Asturias\",\"headline\":\"Madrid se convierte en la capital de la alta gastronom\\u00eda con Madrid Fusi\\u00f3n\",\"author\":{\"@id\":\"https:\\\/\\\/eldigitaldeasturias.com\\\/magazine365\\\/author\\\/admin\\\/#author\"},\"publisher\":{\"@id\":\"https:\\\/\\\/eldigitaldeasturias.com\\\/magazine365\\\/#organization\"},\"image\":{\"@type\":\"ImageObject\",\"url\":\"https:\\\/\\\/eldigitaldeasturias.com\\\/magazine365\\\/wp-content\\\/uploads\\\/2016\\\/02\\\/fotonoticia_20160127193911_800.jpg\",\"width\":800,\"height\":532},\"datePublished\":\"2016-02-01T03:17:59+01:00\",\"dateModified\":\"2016-02-01T03:17:59+01:00\",\"inLanguage\":\"es-ES\",\"mainEntityOfPage\":{\"@id\":\"https:\\\/\\\/eldigitaldeasturias.com\\\/magazine365\\\/madrid-se-convierte-en-la-capital-de-la-alta-gastronomia-con-madrid-fusion\\\/#webpage\"},\"isPartOf\":{\"@id\":\"https:\\\/\\\/eldigitaldeasturias.com\\\/magazine365\\\/madrid-se-convierte-en-la-capital-de-la-alta-gastronomia-con-madrid-fusion\\\/#webpage\"},\"articleSection\":\"Noticias y Actualidad\"},{\"@type\":\"BreadcrumbList\",\"@id\":\"https:\\\/\\\/eldigitaldeasturias.com\\\/magazine365\\\/madrid-se-convierte-en-la-capital-de-la-alta-gastronomia-con-madrid-fusion\\\/#breadcrumblist\",\"itemListElement\":[{\"@type\":\"ListItem\",\"@id\":\"https:\\\/\\\/eldigitaldeasturias.com\\\/magazine365#listItem\",\"position\":1,\"name\":\"Home\",\"item\":\"https:\\\/\\\/eldigitaldeasturias.com\\\/magazine365\",\"nextItem\":{\"@type\":\"ListItem\",\"@id\":\"https:\\\/\\\/eldigitaldeasturias.com\\\/magazine365\\\/category\\\/noticias-actualidad\\\/#listItem\",\"name\":\"Noticias y Actualidad\"}},{\"@type\":\"ListItem\",\"@id\":\"https:\\\/\\\/eldigitaldeasturias.com\\\/magazine365\\\/category\\\/noticias-actualidad\\\/#listItem\",\"position\":2,\"name\":\"Noticias y Actualidad\",\"item\":\"https:\\\/\\\/eldigitaldeasturias.com\\\/magazine365\\\/category\\\/noticias-actualidad\\\/\",\"nextItem\":{\"@type\":\"ListItem\",\"@id\":\"https:\\\/\\\/eldigitaldeasturias.com\\\/magazine365\\\/madrid-se-convierte-en-la-capital-de-la-alta-gastronomia-con-madrid-fusion\\\/#listItem\",\"name\":\"Madrid se convierte en la capital de la alta gastronom\\u00eda con Madrid Fusi\\u00f3n\"},\"previousItem\":{\"@type\":\"ListItem\",\"@id\":\"https:\\\/\\\/eldigitaldeasturias.com\\\/magazine365#listItem\",\"name\":\"Home\"}},{\"@type\":\"ListItem\",\"@id\":\"https:\\\/\\\/eldigitaldeasturias.com\\\/magazine365\\\/madrid-se-convierte-en-la-capital-de-la-alta-gastronomia-con-madrid-fusion\\\/#listItem\",\"position\":3,\"name\":\"Madrid se convierte en la capital de la alta gastronom\\u00eda con Madrid Fusi\\u00f3n\",\"previousItem\":{\"@type\":\"ListItem\",\"@id\":\"https:\\\/\\\/eldigitaldeasturias.com\\\/magazine365\\\/category\\\/noticias-actualidad\\\/#listItem\",\"name\":\"Noticias y Actualidad\"}}]},{\"@type\":\"Organization\",\"@id\":\"https:\\\/\\\/eldigitaldeasturias.com\\\/magazine365\\\/#organization\",\"name\":\"El digital de Asturias\",\"description\":\"Revista de ocio, turismo y estilo de vida\",\"url\":\"https:\\\/\\\/eldigitaldeasturias.com\\\/magazine365\\\/\",\"logo\":{\"@type\":\"ImageObject\",\"url\":\"https:\\\/\\\/www.eldigitaldeasturias.com\\\/noticias\\\/wp-content\\\/uploads\\\/2020\\\/12\\\/EDA.jpg\",\"@id\":\"https:\\\/\\\/eldigitaldeasturias.com\\\/magazine365\\\/madrid-se-convierte-en-la-capital-de-la-alta-gastronomia-con-madrid-fusion\\\/#organizationLogo\"},\"image\":{\"@id\":\"https:\\\/\\\/eldigitaldeasturias.com\\\/magazine365\\\/madrid-se-convierte-en-la-capital-de-la-alta-gastronomia-con-madrid-fusion\\\/#organizationLogo\"}},{\"@type\":\"Person\",\"@id\":\"https:\\\/\\\/eldigitaldeasturias.com\\\/magazine365\\\/author\\\/admin\\\/#author\",\"url\":\"https:\\\/\\\/eldigitaldeasturias.com\\\/magazine365\\\/author\\\/admin\\\/\",\"name\":\"admin\",\"image\":{\"@type\":\"ImageObject\",\"@id\":\"https:\\\/\\\/eldigitaldeasturias.com\\\/magazine365\\\/madrid-se-convierte-en-la-capital-de-la-alta-gastronomia-con-madrid-fusion\\\/#authorImage\",\"url\":\"https:\\\/\\\/eldigitaldeasturias.com\\\/magazine365\\\/wp-content\\\/litespeed\\\/avatar\\\/e571bcf59a0edd6fa6838245a470f2fe.jpg?ver=1776969259\",\"width\":96,\"height\":96,\"caption\":\"admin\"}},{\"@type\":\"WebPage\",\"@id\":\"https:\\\/\\\/eldigitaldeasturias.com\\\/magazine365\\\/madrid-se-convierte-en-la-capital-de-la-alta-gastronomia-con-madrid-fusion\\\/#webpage\",\"url\":\"https:\\\/\\\/eldigitaldeasturias.com\\\/magazine365\\\/madrid-se-convierte-en-la-capital-de-la-alta-gastronomia-con-madrid-fusion\\\/\",\"name\":\"Madrid se convierte en la capital de la alta gastronom\\u00eda con Madrid Fusi\\u00f3n | El Digital de Asturias\",\"description\":\"Madrid se ha convertido en la capital de la alta gastronom\\u00eda gracias a la celebraci\\u00f3n de Madrid Fusi\\u00f3n, que ha tenido lugar durante los \\u00faltimos tres d\\u00edas. El acontecimiento ha acogido diversas actividades relacionadas con la gastronom\\u00eda actual ofreciendo talleres, conferencias y ponencias en las que han participado algunos de los mejores chefs del panorama\",\"inLanguage\":\"es-ES\",\"isPartOf\":{\"@id\":\"https:\\\/\\\/eldigitaldeasturias.com\\\/magazine365\\\/#website\"},\"breadcrumb\":{\"@id\":\"https:\\\/\\\/eldigitaldeasturias.com\\\/magazine365\\\/madrid-se-convierte-en-la-capital-de-la-alta-gastronomia-con-madrid-fusion\\\/#breadcrumblist\"},\"author\":{\"@id\":\"https:\\\/\\\/eldigitaldeasturias.com\\\/magazine365\\\/author\\\/admin\\\/#author\"},\"creator\":{\"@id\":\"https:\\\/\\\/eldigitaldeasturias.com\\\/magazine365\\\/author\\\/admin\\\/#author\"},\"image\":{\"@type\":\"ImageObject\",\"url\":\"https:\\\/\\\/eldigitaldeasturias.com\\\/magazine365\\\/wp-content\\\/uploads\\\/2016\\\/02\\\/fotonoticia_20160127193911_800.jpg\",\"@id\":\"https:\\\/\\\/eldigitaldeasturias.com\\\/magazine365\\\/madrid-se-convierte-en-la-capital-de-la-alta-gastronomia-con-madrid-fusion\\\/#mainImage\",\"width\":800,\"height\":532},\"primaryImageOfPage\":{\"@id\":\"https:\\\/\\\/eldigitaldeasturias.com\\\/magazine365\\\/madrid-se-convierte-en-la-capital-de-la-alta-gastronomia-con-madrid-fusion\\\/#mainImage\"},\"datePublished\":\"2016-02-01T03:17:59+01:00\",\"dateModified\":\"2016-02-01T03:17:59+01:00\"},{\"@type\":\"WebSite\",\"@id\":\"https:\\\/\\\/eldigitaldeasturias.com\\\/magazine365\\\/#website\",\"url\":\"https:\\\/\\\/eldigitaldeasturias.com\\\/magazine365\\\/\",\"name\":\"El Digital de Asturias\",\"description\":\"Revista de ocio, turismo y estilo de vida\",\"inLanguage\":\"es-ES\",\"publisher\":{\"@id\":\"https:\\\/\\\/eldigitaldeasturias.com\\\/magazine365\\\/#organization\"}}]}\n\t\t<\/script>\n\t\t<!-- All in One SEO Pro -->\r\n\t\t<title>Madrid se convierte en la capital de la alta gastronom\u00eda con Madrid Fusi\u00f3n | El Digital de Asturias<\/title>\n\n","aioseo_head_json":{"title":"Madrid se convierte en la capital de la alta gastronom\u00eda con Madrid Fusi\u00f3n | El Digital de Asturias","description":"Madrid se ha convertido en la capital de la alta gastronom\u00eda gracias a la celebraci\u00f3n de Madrid Fusi\u00f3n, que ha tenido lugar durante los \u00faltimos tres d\u00edas. El acontecimiento ha acogido diversas actividades relacionadas con la gastronom\u00eda actual ofreciendo talleres, conferencias y ponencias en las que han participado algunos de los mejores chefs del panorama","canonical_url":"https:\/\/eldigitaldeasturias.com\/magazine365\/madrid-se-convierte-en-la-capital-de-la-alta-gastronomia-con-madrid-fusion\/","robots":"max-image-preview:large","keywords":"noticias y actualidad","webmasterTools":{"google-site-verification":"UA-38556648-1","miscellaneous":""},"schema":{"@context":"https:\/\/schema.org","@graph":[{"@type":"Article","@id":"https:\/\/eldigitaldeasturias.com\/magazine365\/madrid-se-convierte-en-la-capital-de-la-alta-gastronomia-con-madrid-fusion\/#article","name":"Madrid se convierte en la capital de la alta gastronom\u00eda con Madrid Fusi\u00f3n | El Digital de Asturias","headline":"Madrid se convierte en la capital de la alta gastronom\u00eda con Madrid Fusi\u00f3n","author":{"@id":"https:\/\/eldigitaldeasturias.com\/magazine365\/author\/admin\/#author"},"publisher":{"@id":"https:\/\/eldigitaldeasturias.com\/magazine365\/#organization"},"image":{"@type":"ImageObject","url":"https:\/\/eldigitaldeasturias.com\/magazine365\/wp-content\/uploads\/2016\/02\/fotonoticia_20160127193911_800.jpg","width":800,"height":532},"datePublished":"2016-02-01T03:17:59+01:00","dateModified":"2016-02-01T03:17:59+01:00","inLanguage":"es-ES","mainEntityOfPage":{"@id":"https:\/\/eldigitaldeasturias.com\/magazine365\/madrid-se-convierte-en-la-capital-de-la-alta-gastronomia-con-madrid-fusion\/#webpage"},"isPartOf":{"@id":"https:\/\/eldigitaldeasturias.com\/magazine365\/madrid-se-convierte-en-la-capital-de-la-alta-gastronomia-con-madrid-fusion\/#webpage"},"articleSection":"Noticias y Actualidad"},{"@type":"BreadcrumbList","@id":"https:\/\/eldigitaldeasturias.com\/magazine365\/madrid-se-convierte-en-la-capital-de-la-alta-gastronomia-con-madrid-fusion\/#breadcrumblist","itemListElement":[{"@type":"ListItem","@id":"https:\/\/eldigitaldeasturias.com\/magazine365#listItem","position":1,"name":"Home","item":"https:\/\/eldigitaldeasturias.com\/magazine365","nextItem":{"@type":"ListItem","@id":"https:\/\/eldigitaldeasturias.com\/magazine365\/category\/noticias-actualidad\/#listItem","name":"Noticias y Actualidad"}},{"@type":"ListItem","@id":"https:\/\/eldigitaldeasturias.com\/magazine365\/category\/noticias-actualidad\/#listItem","position":2,"name":"Noticias y Actualidad","item":"https:\/\/eldigitaldeasturias.com\/magazine365\/category\/noticias-actualidad\/","nextItem":{"@type":"ListItem","@id":"https:\/\/eldigitaldeasturias.com\/magazine365\/madrid-se-convierte-en-la-capital-de-la-alta-gastronomia-con-madrid-fusion\/#listItem","name":"Madrid se convierte en la capital de la alta gastronom\u00eda con Madrid Fusi\u00f3n"},"previousItem":{"@type":"ListItem","@id":"https:\/\/eldigitaldeasturias.com\/magazine365#listItem","name":"Home"}},{"@type":"ListItem","@id":"https:\/\/eldigitaldeasturias.com\/magazine365\/madrid-se-convierte-en-la-capital-de-la-alta-gastronomia-con-madrid-fusion\/#listItem","position":3,"name":"Madrid se convierte en la capital de la alta gastronom\u00eda con Madrid Fusi\u00f3n","previousItem":{"@type":"ListItem","@id":"https:\/\/eldigitaldeasturias.com\/magazine365\/category\/noticias-actualidad\/#listItem","name":"Noticias y Actualidad"}}]},{"@type":"Organization","@id":"https:\/\/eldigitaldeasturias.com\/magazine365\/#organization","name":"El digital de Asturias","description":"Revista de ocio, turismo y estilo de vida","url":"https:\/\/eldigitaldeasturias.com\/magazine365\/","logo":{"@type":"ImageObject","url":"https:\/\/www.eldigitaldeasturias.com\/noticias\/wp-content\/uploads\/2020\/12\/EDA.jpg","@id":"https:\/\/eldigitaldeasturias.com\/magazine365\/madrid-se-convierte-en-la-capital-de-la-alta-gastronomia-con-madrid-fusion\/#organizationLogo"},"image":{"@id":"https:\/\/eldigitaldeasturias.com\/magazine365\/madrid-se-convierte-en-la-capital-de-la-alta-gastronomia-con-madrid-fusion\/#organizationLogo"}},{"@type":"Person","@id":"https:\/\/eldigitaldeasturias.com\/magazine365\/author\/admin\/#author","url":"https:\/\/eldigitaldeasturias.com\/magazine365\/author\/admin\/","name":"admin","image":{"@type":"ImageObject","@id":"https:\/\/eldigitaldeasturias.com\/magazine365\/madrid-se-convierte-en-la-capital-de-la-alta-gastronomia-con-madrid-fusion\/#authorImage","url":"https:\/\/eldigitaldeasturias.com\/magazine365\/wp-content\/litespeed\/avatar\/e571bcf59a0edd6fa6838245a470f2fe.jpg?ver=1776969259","width":96,"height":96,"caption":"admin"}},{"@type":"WebPage","@id":"https:\/\/eldigitaldeasturias.com\/magazine365\/madrid-se-convierte-en-la-capital-de-la-alta-gastronomia-con-madrid-fusion\/#webpage","url":"https:\/\/eldigitaldeasturias.com\/magazine365\/madrid-se-convierte-en-la-capital-de-la-alta-gastronomia-con-madrid-fusion\/","name":"Madrid se convierte en la capital de la alta gastronom\u00eda con Madrid Fusi\u00f3n | El Digital de Asturias","description":"Madrid se ha convertido en la capital de la alta gastronom\u00eda gracias a la celebraci\u00f3n de Madrid Fusi\u00f3n, que ha tenido lugar durante los \u00faltimos tres d\u00edas. El acontecimiento ha acogido diversas actividades relacionadas con la gastronom\u00eda actual ofreciendo talleres, conferencias y ponencias en las que han participado algunos de los mejores chefs del panorama","inLanguage":"es-ES","isPartOf":{"@id":"https:\/\/eldigitaldeasturias.com\/magazine365\/#website"},"breadcrumb":{"@id":"https:\/\/eldigitaldeasturias.com\/magazine365\/madrid-se-convierte-en-la-capital-de-la-alta-gastronomia-con-madrid-fusion\/#breadcrumblist"},"author":{"@id":"https:\/\/eldigitaldeasturias.com\/magazine365\/author\/admin\/#author"},"creator":{"@id":"https:\/\/eldigitaldeasturias.com\/magazine365\/author\/admin\/#author"},"image":{"@type":"ImageObject","url":"https:\/\/eldigitaldeasturias.com\/magazine365\/wp-content\/uploads\/2016\/02\/fotonoticia_20160127193911_800.jpg","@id":"https:\/\/eldigitaldeasturias.com\/magazine365\/madrid-se-convierte-en-la-capital-de-la-alta-gastronomia-con-madrid-fusion\/#mainImage","width":800,"height":532},"primaryImageOfPage":{"@id":"https:\/\/eldigitaldeasturias.com\/magazine365\/madrid-se-convierte-en-la-capital-de-la-alta-gastronomia-con-madrid-fusion\/#mainImage"},"datePublished":"2016-02-01T03:17:59+01:00","dateModified":"2016-02-01T03:17:59+01:00"},{"@type":"WebSite","@id":"https:\/\/eldigitaldeasturias.com\/magazine365\/#website","url":"https:\/\/eldigitaldeasturias.com\/magazine365\/","name":"El Digital de Asturias","description":"Revista de ocio, turismo y estilo de vida","inLanguage":"es-ES","publisher":{"@id":"https:\/\/eldigitaldeasturias.com\/magazine365\/#organization"}}]},"og:locale":"es_ES","og:site_name":"El Digital de Asturias \u2013 Revista de ocio, turismo y estilo de vida","og:type":"article","og:title":"Madrid se convierte en la capital de la alta gastronom\u00eda con Madrid Fusi\u00f3n | El Digital de Asturias","og:description":"Madrid se ha convertido en la capital de la alta gastronom\u00eda gracias a la celebraci\u00f3n de Madrid Fusi\u00f3n, que ha tenido lugar durante los \u00faltimos tres d\u00edas. El acontecimiento ha acogido diversas actividades relacionadas con la gastronom\u00eda actual ofreciendo talleres, conferencias y ponencias en las que han participado algunos de los mejores chefs del panorama","og:url":"https:\/\/eldigitaldeasturias.com\/magazine365\/madrid-se-convierte-en-la-capital-de-la-alta-gastronomia-con-madrid-fusion\/","og:image":"https:\/\/eldigitaldeasturias.com\/magazine365\/wp-content\/uploads\/2016\/02\/fotonoticia_20160127193911_800.jpg","og:image:secure_url":"https:\/\/eldigitaldeasturias.com\/magazine365\/wp-content\/uploads\/2016\/02\/fotonoticia_20160127193911_800.jpg","og:image:width":800,"og:image:height":532,"article:published_time":"2016-02-01T02:17:59+00:00","article:modified_time":"2016-02-01T02:17:59+00:00","twitter:card":"summary_large_image","twitter:title":"Madrid se convierte en la capital de la alta gastronom\u00eda con Madrid Fusi\u00f3n | El Digital de Asturias","twitter:description":"Madrid se ha convertido en la capital de la alta gastronom\u00eda gracias a la celebraci\u00f3n de Madrid Fusi\u00f3n, que ha tenido lugar durante los \u00faltimos tres d\u00edas. El acontecimiento ha acogido diversas actividades relacionadas con la gastronom\u00eda actual ofreciendo talleres, conferencias y ponencias en las que han participado algunos de los mejores chefs del panorama","twitter:image":"https:\/\/eldigitaldeasturias.com\/magazine365\/wp-content\/uploads\/2016\/02\/fotonoticia_20160127193911_800.jpg"},"aioseo_meta_data":{"post_id":"62528","title":null,"description":null,"keywords":null,"keyphrases":null,"primary_term":null,"canonical_url":null,"og_title":null,"og_description":null,"og_object_type":"default","og_image_type":"default","og_image_url":null,"og_image_width":null,"og_image_height":null,"og_image_custom_url":null,"og_image_custom_fields":null,"og_video":null,"og_custom_url":null,"og_article_section":null,"og_article_tags":null,"twitter_use_og":false,"twitter_card":"default","twitter_image_type":"default","twitter_image_url":null,"twitter_image_custom_url":null,"twitter_image_custom_fields":null,"twitter_title":null,"twitter_description":null,"schema":{"blockGraphs":[],"customGraphs":[],"default":{"data":{"Article":[],"Course":[],"Dataset":[],"FAQPage":[],"Movie":[],"Person":[],"Product":[],"ProductReview":[],"Car":[],"Recipe":[],"Service":[],"SoftwareApplication":[],"WebPage":[]},"graphName":"","isEnabled":true},"graphs":[],"defaultGraph":"","defaultPostTypeGraph":""},"schema_type":null,"schema_type_options":null,"pillar_content":false,"robots_default":true,"robots_noindex":false,"robots_noarchive":false,"robots_nosnippet":false,"robots_nofollow":false,"robots_noimageindex":false,"robots_noodp":false,"robots_notranslate":false,"robots_max_snippet":null,"robots_max_videopreview":null,"robots_max_imagepreview":"large","priority":null,"frequency":null,"location":null,"local_seo":null,"seo_analyzer_scan_date":"2025-09-25 11:23:16","breadcrumb_settings":null,"limit_modified_date":false,"open_ai":null,"ai":null,"created":"2021-03-08 21:35:47","updated":"2025-09-25 11:23:16"},"aioseo_breadcrumb":"<div class=\"aioseo-breadcrumbs\"><span class=\"aioseo-breadcrumb\">\n\t<a href=\"https:\/\/eldigitaldeasturias.com\/magazine365\" title=\"Home\">Home<\/a>\n<\/span><span class=\"aioseo-breadcrumb-separator\">\u2013<\/span><span class=\"aioseo-breadcrumb\">\n\t<a href=\"https:\/\/eldigitaldeasturias.com\/magazine365\/category\/noticias-actualidad\/\" title=\"Noticias y Actualidad\">Noticias y Actualidad<\/a>\n<\/span><span class=\"aioseo-breadcrumb-separator\">\u2013<\/span><span class=\"aioseo-breadcrumb\">\n\t<a href=\"https:\/\/eldigitaldeasturias.com\/magazine365\/madrid-se-convierte-en-la-capital-de-la-alta-gastronomia-con-madrid-fusion\/\" title=\"Madrid se convierte en la capital de la alta gastronom\u00eda con Madrid Fusi\u00f3n\">Madrid se convierte en la capital de la alta gastronom\u00eda con Madrid Fusi\u00f3n<\/a>\n<\/span><\/div>","aioseo_breadcrumb_json":[{"label":"Home","link":"https:\/\/eldigitaldeasturias.com\/magazine365"},{"label":"Noticias y Actualidad","link":"https:\/\/eldigitaldeasturias.com\/magazine365\/category\/noticias-actualidad\/"},{"label":"Madrid se convierte en la capital de la alta gastronom\u00eda con Madrid Fusi\u00f3n","link":"https:\/\/eldigitaldeasturias.com\/magazine365\/madrid-se-convierte-en-la-capital-de-la-alta-gastronomia-con-madrid-fusion\/"}],"_links":{"self":[{"href":"https:\/\/eldigitaldeasturias.com\/magazine365\/wp-json\/wp\/v2\/posts\/62528","targetHints":{"allow":["GET"]}}],"collection":[{"href":"https:\/\/eldigitaldeasturias.com\/magazine365\/wp-json\/wp\/v2\/posts"}],"about":[{"href":"https:\/\/eldigitaldeasturias.com\/magazine365\/wp-json\/wp\/v2\/types\/post"}],"author":[{"embeddable":true,"href":"https:\/\/eldigitaldeasturias.com\/magazine365\/wp-json\/wp\/v2\/users\/1"}],"replies":[{"embeddable":true,"href":"https:\/\/eldigitaldeasturias.com\/magazine365\/wp-json\/wp\/v2\/comments?post=62528"}],"version-history":[{"count":0,"href":"https:\/\/eldigitaldeasturias.com\/magazine365\/wp-json\/wp\/v2\/posts\/62528\/revisions"}],"wp:featuredmedia":[{"embeddable":true,"href":"https:\/\/eldigitaldeasturias.com\/magazine365\/wp-json\/wp\/v2\/media\/62529"}],"wp:attachment":[{"href":"https:\/\/eldigitaldeasturias.com\/magazine365\/wp-json\/wp\/v2\/media?parent=62528"}],"wp:term":[{"taxonomy":"category","embeddable":true,"href":"https:\/\/eldigitaldeasturias.com\/magazine365\/wp-json\/wp\/v2\/categories?post=62528"},{"taxonomy":"post_tag","embeddable":true,"href":"https:\/\/eldigitaldeasturias.com\/magazine365\/wp-json\/wp\/v2\/tags?post=62528"}],"curies":[{"name":"wp","href":"https:\/\/api.w.org\/{rel}","templated":true}]}}