{"id":62505,"date":"2016-02-01T03:08:17","date_gmt":"2016-02-01T02:08:17","guid":{"rendered":"http:\/\/eldigitaldeasturias.com\/magazine365\/?p=62505"},"modified":"2016-02-01T03:08:17","modified_gmt":"2016-02-01T02:08:17","slug":"los-8-de-airbus-se-sentaran-en-el-banquillo-el-proximo-dia-9-de-febrero","status":"publish","type":"post","link":"https:\/\/eldigitaldeasturias.com\/magazine365\/los-8-de-airbus-se-sentaran-en-el-banquillo-el-proximo-dia-9-de-febrero\/","title":{"rendered":"&#8216;Los 8 de Airbus&#8217; se sentar\u00e1n en el banquillo el pr\u00f3ximo d\u00eda 9 de febrero"},"content":{"rendered":"<p><img fetchpriority=\"high\" decoding=\"async\" class=\"alignleft size-medium wp-image-62506\" src=\"https:\/\/eldigitaldeasturias.com\/magazine365\/wp-content\/uploads\/2016\/02\/fotonoticia_20160127182230_800-360x270.jpg\" alt=\"fotonoticia_20160127182230_800\" width=\"360\" height=\"270\" srcset=\"https:\/\/eldigitaldeasturias.com\/magazine365\/wp-content\/uploads\/2016\/02\/fotonoticia_20160127182230_800-360x270.jpg 360w, https:\/\/eldigitaldeasturias.com\/magazine365\/wp-content\/uploads\/2016\/02\/fotonoticia_20160127182230_800-650x488.jpg 650w, https:\/\/eldigitaldeasturias.com\/magazine365\/wp-content\/uploads\/2016\/02\/fotonoticia_20160127182230_800-768x576.jpg 768w, https:\/\/eldigitaldeasturias.com\/magazine365\/wp-content\/uploads\/2016\/02\/fotonoticia_20160127182230_800-150x113.jpg 150w, https:\/\/eldigitaldeasturias.com\/magazine365\/wp-content\/uploads\/2016\/02\/fotonoticia_20160127182230_800-450x338.jpg 450w, https:\/\/eldigitaldeasturias.com\/magazine365\/wp-content\/uploads\/2016\/02\/fotonoticia_20160127182230_800-80x60.jpg 80w, https:\/\/eldigitaldeasturias.com\/magazine365\/wp-content\/uploads\/2016\/02\/fotonoticia_20160127182230_800-265x198.jpg 265w, https:\/\/eldigitaldeasturias.com\/magazine365\/wp-content\/uploads\/2016\/02\/fotonoticia_20160127182230_800-696x522.jpg 696w, https:\/\/eldigitaldeasturias.com\/magazine365\/wp-content\/uploads\/2016\/02\/fotonoticia_20160127182230_800-560x420.jpg 560w, https:\/\/eldigitaldeasturias.com\/magazine365\/wp-content\/uploads\/2016\/02\/fotonoticia_20160127182230_800-90x67.jpg 90w, https:\/\/eldigitaldeasturias.com\/magazine365\/wp-content\/uploads\/2016\/02\/fotonoticia_20160127182230_800-164x124.jpg 164w, https:\/\/eldigitaldeasturias.com\/magazine365\/wp-content\/uploads\/2016\/02\/fotonoticia_20160127182230_800-100x75.jpg 100w, https:\/\/eldigitaldeasturias.com\/magazine365\/wp-content\/uploads\/2016\/02\/fotonoticia_20160127182230_800.jpg 800w\" sizes=\"(max-width: 360px) 100vw, 360px\" \/>Sindicalistas y diputados de Podemos han visitado este mi\u00e9rcoles la f\u00e1brica de Airbus en Getafe para expresar su apoyo a &#8216;los 8 de Airbus&#8217;, que ser\u00e1n juzgados del 9 de febrero al 12 de febrero tras los incidentes ocurridos a las puertas de la factor\u00eda durante la huelga general de septiembre de 2010.<\/p>\n<p>A las puertas de la factor\u00eda y rodeada por los trabajadores de Airbus, la secretaria confederal de Movimientos y Redes sociales de CCOO, Empar Pablo, ha reclamado \u00abla solidaridad de toda la sociedad en defensa del derecho de huelga y de esos 300 sindicalistas encausados por defenderlo, porque sin derecho de huelga no se podr\u00e1 seguir reivindicando los derechos laborales\u00bb.<\/p>\n<p>Por su parte, Jos\u00e9 Alc\u00e1zar, uno de los sindicalistas de CCOO procesados, en representaci\u00f3n de &#8216;los 8 de Airbus&#8217;, ha explicado que cuando tuvo lugar la huelga general de 2010 no se imaginaba que llegar\u00edan a esta situaci\u00f3n en el a\u00f1o 2016.<\/p>\n<p>\u00abParece mentira\u00bb, ha reflexionado Alc\u00e1zar, que ha agradecido el apoyo que est\u00e1n recibiendo de la sociedad y de los partidos pol\u00edticos \u00abde izquierda\u00bb para acabar con el art\u00edculo 315.3 del C\u00f3digo Penal, \u00abuna r\u00e9mora del franquismo que est\u00e1 haciendo posible que &#8216;los 8 de Airbus&#8217; se sienten en el banquillo el pr\u00f3ximo d\u00eda 9 de febrero\u00bb.<\/p>\n<p>Una cita judicial para la que ha vuelto a reclamar el apoyo de toda la ciudadan\u00eda porque ese d\u00eda \u00abno se juzga a &#8216;los 8 de Airbus&#8217;, sino que se juzga la conciencia de la clase trabajadora de este pa\u00eds\u00bb.<\/p>\n<p>PERSECUCI\u00d3N A LOS TRABAJADORES<\/p>\n<p>Por su parte, el diputado de Podemos Rafael Mayoral ha se\u00f1alado que es \u00abinadmisible\u00bb en un pa\u00eds democr\u00e1tico como Espa\u00f1a que se persiga a los trabajadores por ejercer sus derechos.<\/p>\n<p>\u00abEs una verg\u00fcenza\u00bb, ha denunciado Mayoral, que ha apostillado que \u00abdefender el derecho de huelga es defender la democracia\u00bb, recordando que fueron las huelgas que llevaron a cabo los trabajadores las que hicieron posible las conquistas democr\u00e1ticas.<\/p>\n<p>El diputado de Podemos ha coincidido en la necesidad de derogar \u00abesa herencia de la dictadura que es el art\u00edculo 315.3 del C\u00f3digo Penal\u00bb.<\/p>\n<p>Tambi\u00e9n han asistido otros diputados de Podemos en el Congreso como Ana Marcello y Alberto Rodr\u00edguez; el senador de En Comu Podem, Oscar Guardingo, y las diputadas de Podemos en la Asamblea de Madrid, Raquel Huerta y Elena Sevillano, quien ha dicho que visitan una vez m\u00e1s esta planta para defender el derecho a la huelga.<\/p>\n<p>\u00abPara que no se criminalice la protesta, como ha sucedido durante los \u00faltimos a\u00f1os, pues este es uno de los ejemplos m\u00e1s punteros, pero hay unos 300 sindicalistas en Espa\u00f1a en situaciones muy parecidas\u00bb, ha subrayado Sevillano. \u00abEs una barbaridad esta forma de intentar reprimir la protesta\u00bb.<\/p>\n<p>Adem\u00e1s del apoyo mostrado hoy, Podemos presentar\u00e1 el pr\u00f3ximo 4 de febrero una Proposici\u00f3n No de Ley (PNL) en la Asamblea de Madrid, y el mismo d\u00eda en t\u00e9rminos similares en el parlamento andaluz.<\/p>\n<p>La PNL solicita la derogaci\u00f3n del articulo 315.3 del C\u00f3digo Penal que, seg\u00fan Elena Sevillano, \u00abes importante porque pide la derogaci\u00f3n de un art\u00edculo que castiga el derecho a huelga y adem\u00e1s porque solicita un reconocimiento de lo que ha sucedido en Airbus y de la criminalizaci\u00f3n que se ha hecho con estas ocho personas\u00bb.<\/p>\n","protected":false},"excerpt":{"rendered":"<p>Sindicalistas y diputados de Podemos han visitado este mi\u00e9rcoles la f\u00e1brica de Airbus en Getafe para expresar su apoyo a &#8216;los 8 de Airbus&#8217;, que ser\u00e1n juzgados del 9 de febrero al 12 de febrero tras los incidentes ocurridos a las puertas de la factor\u00eda durante la huelga general de septiembre de 2010. A las<\/p>\n","protected":false},"author":1,"featured_media":62506,"comment_status":"open","ping_status":"closed","sticky":false,"template":"","format":"standard","meta":{"footnotes":""},"categories":[224],"tags":[],"class_list":{"0":"post-62505","1":"post","2":"type-post","3":"status-publish","4":"format-standard","5":"has-post-thumbnail","7":"category-noticias-actualidad"},"aioseo_notices":[],"aioseo_head":"\n\t\t<!-- All in One SEO Pro 4.9.6.1 - aioseo.com -->\n\t<meta name=\"description\" content=\"Sindicalistas y diputados de Podemos han visitado este mi\u00e9rcoles la f\u00e1brica de Airbus en Getafe para expresar su apoyo a &#039;los 8 de Airbus&#039;, que ser\u00e1n juzgados del 9 de febrero al 12 de febrero tras los incidentes ocurridos a las puertas de la factor\u00eda durante la huelga general de septiembre de 2010. A las\" \/>\n\t<meta name=\"robots\" content=\"max-image-preview:large\" \/>\n\t<meta name=\"author\" content=\"admin\"\/>\n\t<meta name=\"google-site-verification\" content=\"UA-38556648-1\" \/>\n\t<meta name=\"keywords\" content=\"noticias y actualidad\" \/>\n\t<link rel=\"canonical\" href=\"https:\/\/eldigitaldeasturias.com\/magazine365\/los-8-de-airbus-se-sentaran-en-el-banquillo-el-proximo-dia-9-de-febrero\/\" \/>\n\t<meta name=\"generator\" content=\"All in One SEO Pro (AIOSEO) 4.9.6.1\" \/>\n\t\t<meta property=\"og:locale\" content=\"es_ES\" \/>\n\t\t<meta property=\"og:site_name\" content=\"El Digital de Asturias \u2013 Revista de ocio, turismo y estilo de vida\" \/>\n\t\t<meta property=\"og:type\" content=\"article\" \/>\n\t\t<meta property=\"og:title\" content=\"\u2018Los 8 de Airbus\u2019 se sentar\u00e1n en el banquillo el pr\u00f3ximo d\u00eda 9 de febrero | El Digital de Asturias\" \/>\n\t\t<meta property=\"og:description\" content=\"Sindicalistas y diputados de Podemos han visitado este mi\u00e9rcoles la f\u00e1brica de Airbus en Getafe para expresar su apoyo a &#039;los 8 de Airbus&#039;, que ser\u00e1n juzgados del 9 de febrero al 12 de febrero tras los incidentes ocurridos a las puertas de la factor\u00eda durante la huelga general de septiembre de 2010. A las\" \/>\n\t\t<meta property=\"og:url\" content=\"https:\/\/eldigitaldeasturias.com\/magazine365\/los-8-de-airbus-se-sentaran-en-el-banquillo-el-proximo-dia-9-de-febrero\/\" \/>\n\t\t<meta property=\"og:image\" content=\"https:\/\/eldigitaldeasturias.com\/magazine365\/wp-content\/uploads\/2016\/02\/fotonoticia_20160127182230_800.jpg\" \/>\n\t\t<meta property=\"og:image:secure_url\" content=\"https:\/\/eldigitaldeasturias.com\/magazine365\/wp-content\/uploads\/2016\/02\/fotonoticia_20160127182230_800.jpg\" \/>\n\t\t<meta property=\"og:image:width\" content=\"800\" \/>\n\t\t<meta property=\"og:image:height\" content=\"600\" \/>\n\t\t<meta property=\"article:published_time\" content=\"2016-02-01T02:08:17+00:00\" \/>\n\t\t<meta property=\"article:modified_time\" content=\"2016-02-01T02:08:17+00:00\" \/>\n\t\t<meta name=\"twitter:card\" content=\"summary_large_image\" \/>\n\t\t<meta name=\"twitter:title\" content=\"\u2018Los 8 de Airbus\u2019 se sentar\u00e1n en el banquillo el pr\u00f3ximo d\u00eda 9 de febrero | El Digital de Asturias\" \/>\n\t\t<meta name=\"twitter:description\" content=\"Sindicalistas y diputados de Podemos han visitado este mi\u00e9rcoles la f\u00e1brica de Airbus en Getafe para expresar su apoyo a &#039;los 8 de Airbus&#039;, que ser\u00e1n juzgados del 9 de febrero al 12 de febrero tras los incidentes ocurridos a las puertas de la factor\u00eda durante la huelga general de septiembre de 2010. A las\" \/>\n\t\t<meta name=\"twitter:image\" content=\"https:\/\/eldigitaldeasturias.com\/magazine365\/wp-content\/uploads\/2016\/02\/fotonoticia_20160127182230_800.jpg\" \/>\n\t\t<script type=\"application\/ld+json\" class=\"aioseo-schema\">\n\t\t\t{\"@context\":\"https:\\\/\\\/schema.org\",\"@graph\":[{\"@type\":\"Article\",\"@id\":\"https:\\\/\\\/eldigitaldeasturias.com\\\/magazine365\\\/los-8-de-airbus-se-sentaran-en-el-banquillo-el-proximo-dia-9-de-febrero\\\/#article\",\"name\":\"\\u2018Los 8 de Airbus\\u2019 se sentar\\u00e1n en el banquillo el pr\\u00f3ximo d\\u00eda 9 de febrero | El Digital de Asturias\",\"headline\":\"&#8216;Los 8 de Airbus&#8217; se sentar\\u00e1n en el banquillo el pr\\u00f3ximo d\\u00eda 9 de febrero\",\"author\":{\"@id\":\"https:\\\/\\\/eldigitaldeasturias.com\\\/magazine365\\\/author\\\/admin\\\/#author\"},\"publisher\":{\"@id\":\"https:\\\/\\\/eldigitaldeasturias.com\\\/magazine365\\\/#organization\"},\"image\":{\"@type\":\"ImageObject\",\"url\":\"https:\\\/\\\/eldigitaldeasturias.com\\\/magazine365\\\/wp-content\\\/uploads\\\/2016\\\/02\\\/fotonoticia_20160127182230_800.jpg\",\"width\":800,\"height\":600},\"datePublished\":\"2016-02-01T03:08:17+01:00\",\"dateModified\":\"2016-02-01T03:08:17+01:00\",\"inLanguage\":\"es-ES\",\"mainEntityOfPage\":{\"@id\":\"https:\\\/\\\/eldigitaldeasturias.com\\\/magazine365\\\/los-8-de-airbus-se-sentaran-en-el-banquillo-el-proximo-dia-9-de-febrero\\\/#webpage\"},\"isPartOf\":{\"@id\":\"https:\\\/\\\/eldigitaldeasturias.com\\\/magazine365\\\/los-8-de-airbus-se-sentaran-en-el-banquillo-el-proximo-dia-9-de-febrero\\\/#webpage\"},\"articleSection\":\"Noticias y Actualidad\"},{\"@type\":\"BreadcrumbList\",\"@id\":\"https:\\\/\\\/eldigitaldeasturias.com\\\/magazine365\\\/los-8-de-airbus-se-sentaran-en-el-banquillo-el-proximo-dia-9-de-febrero\\\/#breadcrumblist\",\"itemListElement\":[{\"@type\":\"ListItem\",\"@id\":\"https:\\\/\\\/eldigitaldeasturias.com\\\/magazine365#listItem\",\"position\":1,\"name\":\"Home\",\"item\":\"https:\\\/\\\/eldigitaldeasturias.com\\\/magazine365\",\"nextItem\":{\"@type\":\"ListItem\",\"@id\":\"https:\\\/\\\/eldigitaldeasturias.com\\\/magazine365\\\/category\\\/noticias-actualidad\\\/#listItem\",\"name\":\"Noticias y Actualidad\"}},{\"@type\":\"ListItem\",\"@id\":\"https:\\\/\\\/eldigitaldeasturias.com\\\/magazine365\\\/category\\\/noticias-actualidad\\\/#listItem\",\"position\":2,\"name\":\"Noticias y Actualidad\",\"item\":\"https:\\\/\\\/eldigitaldeasturias.com\\\/magazine365\\\/category\\\/noticias-actualidad\\\/\",\"nextItem\":{\"@type\":\"ListItem\",\"@id\":\"https:\\\/\\\/eldigitaldeasturias.com\\\/magazine365\\\/los-8-de-airbus-se-sentaran-en-el-banquillo-el-proximo-dia-9-de-febrero\\\/#listItem\",\"name\":\"&#8216;Los 8 de Airbus&#8217; se sentar\\u00e1n en el banquillo el pr\\u00f3ximo d\\u00eda 9 de febrero\"},\"previousItem\":{\"@type\":\"ListItem\",\"@id\":\"https:\\\/\\\/eldigitaldeasturias.com\\\/magazine365#listItem\",\"name\":\"Home\"}},{\"@type\":\"ListItem\",\"@id\":\"https:\\\/\\\/eldigitaldeasturias.com\\\/magazine365\\\/los-8-de-airbus-se-sentaran-en-el-banquillo-el-proximo-dia-9-de-febrero\\\/#listItem\",\"position\":3,\"name\":\"&#8216;Los 8 de Airbus&#8217; se sentar\\u00e1n en el banquillo el pr\\u00f3ximo d\\u00eda 9 de febrero\",\"previousItem\":{\"@type\":\"ListItem\",\"@id\":\"https:\\\/\\\/eldigitaldeasturias.com\\\/magazine365\\\/category\\\/noticias-actualidad\\\/#listItem\",\"name\":\"Noticias y Actualidad\"}}]},{\"@type\":\"Organization\",\"@id\":\"https:\\\/\\\/eldigitaldeasturias.com\\\/magazine365\\\/#organization\",\"name\":\"El digital de Asturias\",\"description\":\"Revista de ocio, turismo y estilo de vida\",\"url\":\"https:\\\/\\\/eldigitaldeasturias.com\\\/magazine365\\\/\",\"logo\":{\"@type\":\"ImageObject\",\"url\":\"https:\\\/\\\/www.eldigitaldeasturias.com\\\/noticias\\\/wp-content\\\/uploads\\\/2020\\\/12\\\/EDA.jpg\",\"@id\":\"https:\\\/\\\/eldigitaldeasturias.com\\\/magazine365\\\/los-8-de-airbus-se-sentaran-en-el-banquillo-el-proximo-dia-9-de-febrero\\\/#organizationLogo\"},\"image\":{\"@id\":\"https:\\\/\\\/eldigitaldeasturias.com\\\/magazine365\\\/los-8-de-airbus-se-sentaran-en-el-banquillo-el-proximo-dia-9-de-febrero\\\/#organizationLogo\"}},{\"@type\":\"Person\",\"@id\":\"https:\\\/\\\/eldigitaldeasturias.com\\\/magazine365\\\/author\\\/admin\\\/#author\",\"url\":\"https:\\\/\\\/eldigitaldeasturias.com\\\/magazine365\\\/author\\\/admin\\\/\",\"name\":\"admin\",\"image\":{\"@type\":\"ImageObject\",\"@id\":\"https:\\\/\\\/eldigitaldeasturias.com\\\/magazine365\\\/los-8-de-airbus-se-sentaran-en-el-banquillo-el-proximo-dia-9-de-febrero\\\/#authorImage\",\"url\":\"https:\\\/\\\/eldigitaldeasturias.com\\\/magazine365\\\/wp-content\\\/litespeed\\\/avatar\\\/e571bcf59a0edd6fa6838245a470f2fe.jpg?ver=1776969259\",\"width\":96,\"height\":96,\"caption\":\"admin\"}},{\"@type\":\"WebPage\",\"@id\":\"https:\\\/\\\/eldigitaldeasturias.com\\\/magazine365\\\/los-8-de-airbus-se-sentaran-en-el-banquillo-el-proximo-dia-9-de-febrero\\\/#webpage\",\"url\":\"https:\\\/\\\/eldigitaldeasturias.com\\\/magazine365\\\/los-8-de-airbus-se-sentaran-en-el-banquillo-el-proximo-dia-9-de-febrero\\\/\",\"name\":\"\\u2018Los 8 de Airbus\\u2019 se sentar\\u00e1n en el banquillo el pr\\u00f3ximo d\\u00eda 9 de febrero | El Digital de Asturias\",\"description\":\"Sindicalistas y diputados de Podemos han visitado este mi\\u00e9rcoles la f\\u00e1brica de Airbus en Getafe para expresar su apoyo a 'los 8 de Airbus', que ser\\u00e1n juzgados del 9 de febrero al 12 de febrero tras los incidentes ocurridos a las puertas de la factor\\u00eda durante la huelga general de septiembre de 2010. A las\",\"inLanguage\":\"es-ES\",\"isPartOf\":{\"@id\":\"https:\\\/\\\/eldigitaldeasturias.com\\\/magazine365\\\/#website\"},\"breadcrumb\":{\"@id\":\"https:\\\/\\\/eldigitaldeasturias.com\\\/magazine365\\\/los-8-de-airbus-se-sentaran-en-el-banquillo-el-proximo-dia-9-de-febrero\\\/#breadcrumblist\"},\"author\":{\"@id\":\"https:\\\/\\\/eldigitaldeasturias.com\\\/magazine365\\\/author\\\/admin\\\/#author\"},\"creator\":{\"@id\":\"https:\\\/\\\/eldigitaldeasturias.com\\\/magazine365\\\/author\\\/admin\\\/#author\"},\"image\":{\"@type\":\"ImageObject\",\"url\":\"https:\\\/\\\/eldigitaldeasturias.com\\\/magazine365\\\/wp-content\\\/uploads\\\/2016\\\/02\\\/fotonoticia_20160127182230_800.jpg\",\"@id\":\"https:\\\/\\\/eldigitaldeasturias.com\\\/magazine365\\\/los-8-de-airbus-se-sentaran-en-el-banquillo-el-proximo-dia-9-de-febrero\\\/#mainImage\",\"width\":800,\"height\":600},\"primaryImageOfPage\":{\"@id\":\"https:\\\/\\\/eldigitaldeasturias.com\\\/magazine365\\\/los-8-de-airbus-se-sentaran-en-el-banquillo-el-proximo-dia-9-de-febrero\\\/#mainImage\"},\"datePublished\":\"2016-02-01T03:08:17+01:00\",\"dateModified\":\"2016-02-01T03:08:17+01:00\"},{\"@type\":\"WebSite\",\"@id\":\"https:\\\/\\\/eldigitaldeasturias.com\\\/magazine365\\\/#website\",\"url\":\"https:\\\/\\\/eldigitaldeasturias.com\\\/magazine365\\\/\",\"name\":\"El Digital de Asturias\",\"description\":\"Revista de ocio, turismo y estilo de vida\",\"inLanguage\":\"es-ES\",\"publisher\":{\"@id\":\"https:\\\/\\\/eldigitaldeasturias.com\\\/magazine365\\\/#organization\"}}]}\n\t\t<\/script>\n\t\t<!-- All in One SEO Pro -->\r\n\t\t<title>\u2018Los 8 de Airbus\u2019 se sentar\u00e1n en el banquillo el pr\u00f3ximo d\u00eda 9 de febrero | El Digital de Asturias<\/title>\n\n","aioseo_head_json":{"title":"\u2018Los 8 de Airbus\u2019 se sentar\u00e1n en el banquillo el pr\u00f3ximo d\u00eda 9 de febrero | El Digital de Asturias","description":"Sindicalistas y diputados de Podemos han visitado este mi\u00e9rcoles la f\u00e1brica de Airbus en Getafe para expresar su apoyo a 'los 8 de Airbus', que ser\u00e1n juzgados del 9 de febrero al 12 de febrero tras los incidentes ocurridos a las puertas de la factor\u00eda durante la huelga general de septiembre de 2010. A las","canonical_url":"https:\/\/eldigitaldeasturias.com\/magazine365\/los-8-de-airbus-se-sentaran-en-el-banquillo-el-proximo-dia-9-de-febrero\/","robots":"max-image-preview:large","keywords":"noticias y actualidad","webmasterTools":{"google-site-verification":"UA-38556648-1","miscellaneous":""},"schema":{"@context":"https:\/\/schema.org","@graph":[{"@type":"Article","@id":"https:\/\/eldigitaldeasturias.com\/magazine365\/los-8-de-airbus-se-sentaran-en-el-banquillo-el-proximo-dia-9-de-febrero\/#article","name":"\u2018Los 8 de Airbus\u2019 se sentar\u00e1n en el banquillo el pr\u00f3ximo d\u00eda 9 de febrero | El Digital de Asturias","headline":"&#8216;Los 8 de Airbus&#8217; se sentar\u00e1n en el banquillo el pr\u00f3ximo d\u00eda 9 de febrero","author":{"@id":"https:\/\/eldigitaldeasturias.com\/magazine365\/author\/admin\/#author"},"publisher":{"@id":"https:\/\/eldigitaldeasturias.com\/magazine365\/#organization"},"image":{"@type":"ImageObject","url":"https:\/\/eldigitaldeasturias.com\/magazine365\/wp-content\/uploads\/2016\/02\/fotonoticia_20160127182230_800.jpg","width":800,"height":600},"datePublished":"2016-02-01T03:08:17+01:00","dateModified":"2016-02-01T03:08:17+01:00","inLanguage":"es-ES","mainEntityOfPage":{"@id":"https:\/\/eldigitaldeasturias.com\/magazine365\/los-8-de-airbus-se-sentaran-en-el-banquillo-el-proximo-dia-9-de-febrero\/#webpage"},"isPartOf":{"@id":"https:\/\/eldigitaldeasturias.com\/magazine365\/los-8-de-airbus-se-sentaran-en-el-banquillo-el-proximo-dia-9-de-febrero\/#webpage"},"articleSection":"Noticias y Actualidad"},{"@type":"BreadcrumbList","@id":"https:\/\/eldigitaldeasturias.com\/magazine365\/los-8-de-airbus-se-sentaran-en-el-banquillo-el-proximo-dia-9-de-febrero\/#breadcrumblist","itemListElement":[{"@type":"ListItem","@id":"https:\/\/eldigitaldeasturias.com\/magazine365#listItem","position":1,"name":"Home","item":"https:\/\/eldigitaldeasturias.com\/magazine365","nextItem":{"@type":"ListItem","@id":"https:\/\/eldigitaldeasturias.com\/magazine365\/category\/noticias-actualidad\/#listItem","name":"Noticias y Actualidad"}},{"@type":"ListItem","@id":"https:\/\/eldigitaldeasturias.com\/magazine365\/category\/noticias-actualidad\/#listItem","position":2,"name":"Noticias y Actualidad","item":"https:\/\/eldigitaldeasturias.com\/magazine365\/category\/noticias-actualidad\/","nextItem":{"@type":"ListItem","@id":"https:\/\/eldigitaldeasturias.com\/magazine365\/los-8-de-airbus-se-sentaran-en-el-banquillo-el-proximo-dia-9-de-febrero\/#listItem","name":"&#8216;Los 8 de Airbus&#8217; se sentar\u00e1n en el banquillo el pr\u00f3ximo d\u00eda 9 de febrero"},"previousItem":{"@type":"ListItem","@id":"https:\/\/eldigitaldeasturias.com\/magazine365#listItem","name":"Home"}},{"@type":"ListItem","@id":"https:\/\/eldigitaldeasturias.com\/magazine365\/los-8-de-airbus-se-sentaran-en-el-banquillo-el-proximo-dia-9-de-febrero\/#listItem","position":3,"name":"&#8216;Los 8 de Airbus&#8217; se sentar\u00e1n en el banquillo el pr\u00f3ximo d\u00eda 9 de febrero","previousItem":{"@type":"ListItem","@id":"https:\/\/eldigitaldeasturias.com\/magazine365\/category\/noticias-actualidad\/#listItem","name":"Noticias y Actualidad"}}]},{"@type":"Organization","@id":"https:\/\/eldigitaldeasturias.com\/magazine365\/#organization","name":"El digital de Asturias","description":"Revista de ocio, turismo y estilo de vida","url":"https:\/\/eldigitaldeasturias.com\/magazine365\/","logo":{"@type":"ImageObject","url":"https:\/\/www.eldigitaldeasturias.com\/noticias\/wp-content\/uploads\/2020\/12\/EDA.jpg","@id":"https:\/\/eldigitaldeasturias.com\/magazine365\/los-8-de-airbus-se-sentaran-en-el-banquillo-el-proximo-dia-9-de-febrero\/#organizationLogo"},"image":{"@id":"https:\/\/eldigitaldeasturias.com\/magazine365\/los-8-de-airbus-se-sentaran-en-el-banquillo-el-proximo-dia-9-de-febrero\/#organizationLogo"}},{"@type":"Person","@id":"https:\/\/eldigitaldeasturias.com\/magazine365\/author\/admin\/#author","url":"https:\/\/eldigitaldeasturias.com\/magazine365\/author\/admin\/","name":"admin","image":{"@type":"ImageObject","@id":"https:\/\/eldigitaldeasturias.com\/magazine365\/los-8-de-airbus-se-sentaran-en-el-banquillo-el-proximo-dia-9-de-febrero\/#authorImage","url":"https:\/\/eldigitaldeasturias.com\/magazine365\/wp-content\/litespeed\/avatar\/e571bcf59a0edd6fa6838245a470f2fe.jpg?ver=1776969259","width":96,"height":96,"caption":"admin"}},{"@type":"WebPage","@id":"https:\/\/eldigitaldeasturias.com\/magazine365\/los-8-de-airbus-se-sentaran-en-el-banquillo-el-proximo-dia-9-de-febrero\/#webpage","url":"https:\/\/eldigitaldeasturias.com\/magazine365\/los-8-de-airbus-se-sentaran-en-el-banquillo-el-proximo-dia-9-de-febrero\/","name":"\u2018Los 8 de Airbus\u2019 se sentar\u00e1n en el banquillo el pr\u00f3ximo d\u00eda 9 de febrero | El Digital de Asturias","description":"Sindicalistas y diputados de Podemos han visitado este mi\u00e9rcoles la f\u00e1brica de Airbus en Getafe para expresar su apoyo a 'los 8 de Airbus', que ser\u00e1n juzgados del 9 de febrero al 12 de febrero tras los incidentes ocurridos a las puertas de la factor\u00eda durante la huelga general de septiembre de 2010. A las","inLanguage":"es-ES","isPartOf":{"@id":"https:\/\/eldigitaldeasturias.com\/magazine365\/#website"},"breadcrumb":{"@id":"https:\/\/eldigitaldeasturias.com\/magazine365\/los-8-de-airbus-se-sentaran-en-el-banquillo-el-proximo-dia-9-de-febrero\/#breadcrumblist"},"author":{"@id":"https:\/\/eldigitaldeasturias.com\/magazine365\/author\/admin\/#author"},"creator":{"@id":"https:\/\/eldigitaldeasturias.com\/magazine365\/author\/admin\/#author"},"image":{"@type":"ImageObject","url":"https:\/\/eldigitaldeasturias.com\/magazine365\/wp-content\/uploads\/2016\/02\/fotonoticia_20160127182230_800.jpg","@id":"https:\/\/eldigitaldeasturias.com\/magazine365\/los-8-de-airbus-se-sentaran-en-el-banquillo-el-proximo-dia-9-de-febrero\/#mainImage","width":800,"height":600},"primaryImageOfPage":{"@id":"https:\/\/eldigitaldeasturias.com\/magazine365\/los-8-de-airbus-se-sentaran-en-el-banquillo-el-proximo-dia-9-de-febrero\/#mainImage"},"datePublished":"2016-02-01T03:08:17+01:00","dateModified":"2016-02-01T03:08:17+01:00"},{"@type":"WebSite","@id":"https:\/\/eldigitaldeasturias.com\/magazine365\/#website","url":"https:\/\/eldigitaldeasturias.com\/magazine365\/","name":"El Digital de Asturias","description":"Revista de ocio, turismo y estilo de vida","inLanguage":"es-ES","publisher":{"@id":"https:\/\/eldigitaldeasturias.com\/magazine365\/#organization"}}]},"og:locale":"es_ES","og:site_name":"El Digital de Asturias \u2013 Revista de ocio, turismo y estilo de vida","og:type":"article","og:title":"\u2018Los 8 de Airbus\u2019 se sentar\u00e1n en el banquillo el pr\u00f3ximo d\u00eda 9 de febrero | El Digital de Asturias","og:description":"Sindicalistas y diputados de Podemos han visitado este mi\u00e9rcoles la f\u00e1brica de Airbus en Getafe para expresar su apoyo a 'los 8 de Airbus', que ser\u00e1n juzgados del 9 de febrero al 12 de febrero tras los incidentes ocurridos a las puertas de la factor\u00eda durante la huelga general de septiembre de 2010. A las","og:url":"https:\/\/eldigitaldeasturias.com\/magazine365\/los-8-de-airbus-se-sentaran-en-el-banquillo-el-proximo-dia-9-de-febrero\/","og:image":"https:\/\/eldigitaldeasturias.com\/magazine365\/wp-content\/uploads\/2016\/02\/fotonoticia_20160127182230_800.jpg","og:image:secure_url":"https:\/\/eldigitaldeasturias.com\/magazine365\/wp-content\/uploads\/2016\/02\/fotonoticia_20160127182230_800.jpg","og:image:width":800,"og:image:height":600,"article:published_time":"2016-02-01T02:08:17+00:00","article:modified_time":"2016-02-01T02:08:17+00:00","twitter:card":"summary_large_image","twitter:title":"\u2018Los 8 de Airbus\u2019 se sentar\u00e1n en el banquillo el pr\u00f3ximo d\u00eda 9 de febrero | El Digital de Asturias","twitter:description":"Sindicalistas y diputados de Podemos han visitado este mi\u00e9rcoles la f\u00e1brica de Airbus en Getafe para expresar su apoyo a 'los 8 de Airbus', que ser\u00e1n juzgados del 9 de febrero al 12 de febrero tras los incidentes ocurridos a las puertas de la factor\u00eda durante la huelga general de septiembre de 2010. A las","twitter:image":"https:\/\/eldigitaldeasturias.com\/magazine365\/wp-content\/uploads\/2016\/02\/fotonoticia_20160127182230_800.jpg"},"aioseo_meta_data":{"post_id":"62505","title":null,"description":null,"keywords":null,"keyphrases":null,"primary_term":null,"canonical_url":null,"og_title":null,"og_description":null,"og_object_type":"default","og_image_type":"default","og_image_url":null,"og_image_width":null,"og_image_height":null,"og_image_custom_url":null,"og_image_custom_fields":null,"og_video":null,"og_custom_url":null,"og_article_section":null,"og_article_tags":null,"twitter_use_og":false,"twitter_card":"default","twitter_image_type":"default","twitter_image_url":null,"twitter_image_custom_url":null,"twitter_image_custom_fields":null,"twitter_title":null,"twitter_description":null,"schema":{"blockGraphs":[],"customGraphs":[],"default":{"data":{"Article":[],"Course":[],"Dataset":[],"FAQPage":[],"Movie":[],"Person":[],"Product":[],"ProductReview":[],"Car":[],"Recipe":[],"Service":[],"SoftwareApplication":[],"WebPage":[]},"graphName":"","isEnabled":true},"graphs":[],"defaultGraph":"","defaultPostTypeGraph":""},"schema_type":null,"schema_type_options":null,"pillar_content":false,"robots_default":true,"robots_noindex":false,"robots_noarchive":false,"robots_nosnippet":false,"robots_nofollow":false,"robots_noimageindex":false,"robots_noodp":false,"robots_notranslate":false,"robots_max_snippet":null,"robots_max_videopreview":null,"robots_max_imagepreview":"large","priority":null,"frequency":null,"location":null,"local_seo":null,"seo_analyzer_scan_date":"2025-09-25 11:19:50","breadcrumb_settings":null,"limit_modified_date":false,"open_ai":null,"ai":null,"created":"2021-03-08 21:35:47","updated":"2025-09-25 11:19:50"},"aioseo_breadcrumb":"<div class=\"aioseo-breadcrumbs\"><span class=\"aioseo-breadcrumb\">\n\t<a href=\"https:\/\/eldigitaldeasturias.com\/magazine365\" title=\"Home\">Home<\/a>\n<\/span><span class=\"aioseo-breadcrumb-separator\">\u2013<\/span><span class=\"aioseo-breadcrumb\">\n\t<a href=\"https:\/\/eldigitaldeasturias.com\/magazine365\/category\/noticias-actualidad\/\" title=\"Noticias y Actualidad\">Noticias y Actualidad<\/a>\n<\/span><span class=\"aioseo-breadcrumb-separator\">\u2013<\/span><span class=\"aioseo-breadcrumb\">\n\t<a href=\"https:\/\/eldigitaldeasturias.com\/magazine365\/los-8-de-airbus-se-sentaran-en-el-banquillo-el-proximo-dia-9-de-febrero\/\" title=\"\u2018Los 8 de Airbus\u2019 se sentar\u00e1n en el banquillo el pr\u00f3ximo d\u00eda 9 de febrero\">\u2018Los 8 de Airbus\u2019 se sentar\u00e1n en el banquillo el pr\u00f3ximo d\u00eda 9 de febrero<\/a>\n<\/span><\/div>","aioseo_breadcrumb_json":[{"label":"Home","link":"https:\/\/eldigitaldeasturias.com\/magazine365"},{"label":"Noticias y Actualidad","link":"https:\/\/eldigitaldeasturias.com\/magazine365\/category\/noticias-actualidad\/"},{"label":"&#8216;Los 8 de Airbus&#8217; se sentar\u00e1n en el banquillo el pr\u00f3ximo d\u00eda 9 de febrero","link":"https:\/\/eldigitaldeasturias.com\/magazine365\/los-8-de-airbus-se-sentaran-en-el-banquillo-el-proximo-dia-9-de-febrero\/"}],"_links":{"self":[{"href":"https:\/\/eldigitaldeasturias.com\/magazine365\/wp-json\/wp\/v2\/posts\/62505","targetHints":{"allow":["GET"]}}],"collection":[{"href":"https:\/\/eldigitaldeasturias.com\/magazine365\/wp-json\/wp\/v2\/posts"}],"about":[{"href":"https:\/\/eldigitaldeasturias.com\/magazine365\/wp-json\/wp\/v2\/types\/post"}],"author":[{"embeddable":true,"href":"https:\/\/eldigitaldeasturias.com\/magazine365\/wp-json\/wp\/v2\/users\/1"}],"replies":[{"embeddable":true,"href":"https:\/\/eldigitaldeasturias.com\/magazine365\/wp-json\/wp\/v2\/comments?post=62505"}],"version-history":[{"count":0,"href":"https:\/\/eldigitaldeasturias.com\/magazine365\/wp-json\/wp\/v2\/posts\/62505\/revisions"}],"wp:featuredmedia":[{"embeddable":true,"href":"https:\/\/eldigitaldeasturias.com\/magazine365\/wp-json\/wp\/v2\/media\/62506"}],"wp:attachment":[{"href":"https:\/\/eldigitaldeasturias.com\/magazine365\/wp-json\/wp\/v2\/media?parent=62505"}],"wp:term":[{"taxonomy":"category","embeddable":true,"href":"https:\/\/eldigitaldeasturias.com\/magazine365\/wp-json\/wp\/v2\/categories?post=62505"},{"taxonomy":"post_tag","embeddable":true,"href":"https:\/\/eldigitaldeasturias.com\/magazine365\/wp-json\/wp\/v2\/tags?post=62505"}],"curies":[{"name":"wp","href":"https:\/\/api.w.org\/{rel}","templated":true}]}}