{"id":62497,"date":"2016-02-01T03:05:15","date_gmt":"2016-02-01T02:05:15","guid":{"rendered":"http:\/\/eldigitaldeasturias.com\/magazine365\/?p=62497"},"modified":"2016-02-01T03:05:15","modified_gmt":"2016-02-01T02:05:15","slug":"ryanair-ampliara-la-ruta-sevilla-dublin","status":"publish","type":"post","link":"https:\/\/eldigitaldeasturias.com\/magazine365\/ryanair-ampliara-la-ruta-sevilla-dublin\/","title":{"rendered":"Ryanair ampliar\u00e1 la ruta Sevilla-Dubl\u00edn"},"content":{"rendered":"<p><img fetchpriority=\"high\" decoding=\"async\" class=\"alignleft size-medium wp-image-62498\" src=\"https:\/\/eldigitaldeasturias.com\/magazine365\/wp-content\/uploads\/2016\/02\/fotonoticia_20160127175413_800-360x270.jpg\" alt=\"fotonoticia_20160127175413_800\" width=\"360\" height=\"270\" srcset=\"https:\/\/eldigitaldeasturias.com\/magazine365\/wp-content\/uploads\/2016\/02\/fotonoticia_20160127175413_800-360x270.jpg 360w, https:\/\/eldigitaldeasturias.com\/magazine365\/wp-content\/uploads\/2016\/02\/fotonoticia_20160127175413_800-650x488.jpg 650w, https:\/\/eldigitaldeasturias.com\/magazine365\/wp-content\/uploads\/2016\/02\/fotonoticia_20160127175413_800-768x576.jpg 768w, https:\/\/eldigitaldeasturias.com\/magazine365\/wp-content\/uploads\/2016\/02\/fotonoticia_20160127175413_800-150x113.jpg 150w, https:\/\/eldigitaldeasturias.com\/magazine365\/wp-content\/uploads\/2016\/02\/fotonoticia_20160127175413_800-450x338.jpg 450w, https:\/\/eldigitaldeasturias.com\/magazine365\/wp-content\/uploads\/2016\/02\/fotonoticia_20160127175413_800-80x60.jpg 80w, https:\/\/eldigitaldeasturias.com\/magazine365\/wp-content\/uploads\/2016\/02\/fotonoticia_20160127175413_800-265x198.jpg 265w, https:\/\/eldigitaldeasturias.com\/magazine365\/wp-content\/uploads\/2016\/02\/fotonoticia_20160127175413_800-696x522.jpg 696w, https:\/\/eldigitaldeasturias.com\/magazine365\/wp-content\/uploads\/2016\/02\/fotonoticia_20160127175413_800-560x420.jpg 560w, https:\/\/eldigitaldeasturias.com\/magazine365\/wp-content\/uploads\/2016\/02\/fotonoticia_20160127175413_800-90x67.jpg 90w, https:\/\/eldigitaldeasturias.com\/magazine365\/wp-content\/uploads\/2016\/02\/fotonoticia_20160127175413_800-164x124.jpg 164w, https:\/\/eldigitaldeasturias.com\/magazine365\/wp-content\/uploads\/2016\/02\/fotonoticia_20160127175413_800-100x75.jpg 100w, https:\/\/eldigitaldeasturias.com\/magazine365\/wp-content\/uploads\/2016\/02\/fotonoticia_20160127175413_800.jpg 800w\" sizes=\"(max-width: 360px) 100vw, 360px\" \/>Ryanair pondr\u00e1 en marcha el pr\u00f3ximo invierno la ruta Sevilla-Dubl\u00edn, que estar\u00e1 operativa en 2016 con dos vuelos semanales, seg\u00fan han confirmado fuentes de la compa\u00f1\u00eda a Europa Press.<\/p>\n<p>Las fuentes han explicado que esta ruta actualmente no est\u00e1 operativa, pero s\u00ed lo estar\u00e1 en verano, seg\u00fan ya se anunci\u00f3 durante la presentaci\u00f3n del calendario para este pr\u00f3ximo verano. Lo que ahora se ha decidido es extender al invierno de 2016 la puesta en marcha de esta ruta Sevilla-Dubl\u00edn, que volar\u00e1 dos veces por semana, los martes y s\u00e1bados.<\/p>\n<p>Ryanair present\u00f3 su calendario para el pr\u00f3ximo verano en el aeropuerto de Sevilla, donde cont\u00f3 con 20 rutas, incluyendo un nuevo vuelo a Mil\u00e1n, que operar\u00e1 tres veces por semana. En concreto, el calendario de Sevilla para el verano de 2016 contempla una nueva ruta a Mil\u00e1n Malpensa y 20 rutas en total, incluyendo Dubl\u00edn, Londres y Par\u00eds. As\u00ed, la compa\u00f1\u00eda contempla un total de 89 vuelos semanales.<\/p>\n<p>Los viajeros podr\u00e1n elegir entre 20 rutas en el verano de 2016 a Barcelona (dos vuelos diarios), Marsella (tres semanales), Bolonia (cuatro semanales), Marrakech (dos semanales), Burdeos (dos semanales), Mil\u00e1n B\u00e9rgamo (uno diario), Bruselas (uno diario), Mil\u00e1n Malpensa (tres semanales), Dubl\u00edn (dos semanales), Palma (uno diario), Eindhoven (dos semanales), Par\u00eds (cuatro semanales), Gran Canaria (tres semanales), Pisa (dos semanales), Lanzarote (tres semanales), Santiago (cinco semanales), Londres Gatwick (tres semanales), Roma (uno diario), Londres Stansted (ocho semanales) y Tenerife (dos semanales).<\/p>\n","protected":false},"excerpt":{"rendered":"<p>Ryanair pondr\u00e1 en marcha el pr\u00f3ximo invierno la ruta Sevilla-Dubl\u00edn, que estar\u00e1 operativa en 2016 con dos vuelos semanales, seg\u00fan han confirmado fuentes de la compa\u00f1\u00eda a Europa Press. Las fuentes han explicado que esta ruta actualmente no est\u00e1 operativa, pero s\u00ed lo estar\u00e1 en verano, seg\u00fan ya se anunci\u00f3 durante la presentaci\u00f3n del calendario<\/p>\n","protected":false},"author":1,"featured_media":62498,"comment_status":"open","ping_status":"closed","sticky":false,"template":"","format":"standard","meta":{"footnotes":""},"categories":[224],"tags":[],"class_list":{"0":"post-62497","1":"post","2":"type-post","3":"status-publish","4":"format-standard","5":"has-post-thumbnail","7":"category-noticias-actualidad"},"aioseo_notices":[],"aioseo_head":"\n\t\t<!-- All in One SEO Pro 4.9.6.1 - aioseo.com -->\n\t<meta name=\"description\" content=\"Ryanair pondr\u00e1 en marcha el pr\u00f3ximo invierno la ruta Sevilla-Dubl\u00edn, que estar\u00e1 operativa en 2016 con dos vuelos semanales, seg\u00fan han confirmado fuentes de la compa\u00f1\u00eda a Europa Press. Las fuentes han explicado que esta ruta actualmente no est\u00e1 operativa, pero s\u00ed lo estar\u00e1 en verano, seg\u00fan ya se anunci\u00f3 durante la presentaci\u00f3n del calendario\" \/>\n\t<meta name=\"robots\" content=\"max-image-preview:large\" \/>\n\t<meta name=\"author\" content=\"admin\"\/>\n\t<meta name=\"google-site-verification\" content=\"UA-38556648-1\" \/>\n\t<meta name=\"keywords\" content=\"noticias y actualidad\" \/>\n\t<link rel=\"canonical\" href=\"https:\/\/eldigitaldeasturias.com\/magazine365\/ryanair-ampliara-la-ruta-sevilla-dublin\/\" \/>\n\t<meta name=\"generator\" content=\"All in One SEO Pro (AIOSEO) 4.9.6.1\" \/>\n\t\t<meta property=\"og:locale\" content=\"es_ES\" \/>\n\t\t<meta property=\"og:site_name\" content=\"El Digital de Asturias \u2013 Revista de ocio, turismo y estilo de vida\" \/>\n\t\t<meta property=\"og:type\" content=\"article\" \/>\n\t\t<meta property=\"og:title\" content=\"Ryanair ampliar\u00e1 la ruta Sevilla-Dubl\u00edn | El Digital de Asturias\" \/>\n\t\t<meta property=\"og:description\" content=\"Ryanair pondr\u00e1 en marcha el pr\u00f3ximo invierno la ruta Sevilla-Dubl\u00edn, que estar\u00e1 operativa en 2016 con dos vuelos semanales, seg\u00fan han confirmado fuentes de la compa\u00f1\u00eda a Europa Press. Las fuentes han explicado que esta ruta actualmente no est\u00e1 operativa, pero s\u00ed lo estar\u00e1 en verano, seg\u00fan ya se anunci\u00f3 durante la presentaci\u00f3n del calendario\" \/>\n\t\t<meta property=\"og:url\" content=\"https:\/\/eldigitaldeasturias.com\/magazine365\/ryanair-ampliara-la-ruta-sevilla-dublin\/\" \/>\n\t\t<meta property=\"og:image\" content=\"https:\/\/eldigitaldeasturias.com\/magazine365\/wp-content\/uploads\/2016\/02\/fotonoticia_20160127175413_800.jpg\" \/>\n\t\t<meta property=\"og:image:secure_url\" content=\"https:\/\/eldigitaldeasturias.com\/magazine365\/wp-content\/uploads\/2016\/02\/fotonoticia_20160127175413_800.jpg\" \/>\n\t\t<meta property=\"og:image:width\" content=\"800\" \/>\n\t\t<meta property=\"og:image:height\" content=\"600\" \/>\n\t\t<meta property=\"article:published_time\" content=\"2016-02-01T02:05:15+00:00\" \/>\n\t\t<meta property=\"article:modified_time\" content=\"2016-02-01T02:05:15+00:00\" \/>\n\t\t<meta name=\"twitter:card\" content=\"summary_large_image\" \/>\n\t\t<meta name=\"twitter:title\" content=\"Ryanair ampliar\u00e1 la ruta Sevilla-Dubl\u00edn | El Digital de Asturias\" \/>\n\t\t<meta name=\"twitter:description\" content=\"Ryanair pondr\u00e1 en marcha el pr\u00f3ximo invierno la ruta Sevilla-Dubl\u00edn, que estar\u00e1 operativa en 2016 con dos vuelos semanales, seg\u00fan han confirmado fuentes de la compa\u00f1\u00eda a Europa Press. Las fuentes han explicado que esta ruta actualmente no est\u00e1 operativa, pero s\u00ed lo estar\u00e1 en verano, seg\u00fan ya se anunci\u00f3 durante la presentaci\u00f3n del calendario\" \/>\n\t\t<meta name=\"twitter:image\" content=\"https:\/\/eldigitaldeasturias.com\/magazine365\/wp-content\/uploads\/2016\/02\/fotonoticia_20160127175413_800.jpg\" \/>\n\t\t<script type=\"application\/ld+json\" class=\"aioseo-schema\">\n\t\t\t{\"@context\":\"https:\\\/\\\/schema.org\",\"@graph\":[{\"@type\":\"Article\",\"@id\":\"https:\\\/\\\/eldigitaldeasturias.com\\\/magazine365\\\/ryanair-ampliara-la-ruta-sevilla-dublin\\\/#article\",\"name\":\"Ryanair ampliar\\u00e1 la ruta Sevilla-Dubl\\u00edn | El Digital de Asturias\",\"headline\":\"Ryanair ampliar\\u00e1 la ruta Sevilla-Dubl\\u00edn\",\"author\":{\"@id\":\"https:\\\/\\\/eldigitaldeasturias.com\\\/magazine365\\\/author\\\/admin\\\/#author\"},\"publisher\":{\"@id\":\"https:\\\/\\\/eldigitaldeasturias.com\\\/magazine365\\\/#organization\"},\"image\":{\"@type\":\"ImageObject\",\"url\":\"https:\\\/\\\/eldigitaldeasturias.com\\\/magazine365\\\/wp-content\\\/uploads\\\/2016\\\/02\\\/fotonoticia_20160127175413_800.jpg\",\"width\":800,\"height\":600},\"datePublished\":\"2016-02-01T03:05:15+01:00\",\"dateModified\":\"2016-02-01T03:05:15+01:00\",\"inLanguage\":\"es-ES\",\"mainEntityOfPage\":{\"@id\":\"https:\\\/\\\/eldigitaldeasturias.com\\\/magazine365\\\/ryanair-ampliara-la-ruta-sevilla-dublin\\\/#webpage\"},\"isPartOf\":{\"@id\":\"https:\\\/\\\/eldigitaldeasturias.com\\\/magazine365\\\/ryanair-ampliara-la-ruta-sevilla-dublin\\\/#webpage\"},\"articleSection\":\"Noticias y Actualidad\"},{\"@type\":\"BreadcrumbList\",\"@id\":\"https:\\\/\\\/eldigitaldeasturias.com\\\/magazine365\\\/ryanair-ampliara-la-ruta-sevilla-dublin\\\/#breadcrumblist\",\"itemListElement\":[{\"@type\":\"ListItem\",\"@id\":\"https:\\\/\\\/eldigitaldeasturias.com\\\/magazine365#listItem\",\"position\":1,\"name\":\"Home\",\"item\":\"https:\\\/\\\/eldigitaldeasturias.com\\\/magazine365\",\"nextItem\":{\"@type\":\"ListItem\",\"@id\":\"https:\\\/\\\/eldigitaldeasturias.com\\\/magazine365\\\/category\\\/noticias-actualidad\\\/#listItem\",\"name\":\"Noticias y Actualidad\"}},{\"@type\":\"ListItem\",\"@id\":\"https:\\\/\\\/eldigitaldeasturias.com\\\/magazine365\\\/category\\\/noticias-actualidad\\\/#listItem\",\"position\":2,\"name\":\"Noticias y Actualidad\",\"item\":\"https:\\\/\\\/eldigitaldeasturias.com\\\/magazine365\\\/category\\\/noticias-actualidad\\\/\",\"nextItem\":{\"@type\":\"ListItem\",\"@id\":\"https:\\\/\\\/eldigitaldeasturias.com\\\/magazine365\\\/ryanair-ampliara-la-ruta-sevilla-dublin\\\/#listItem\",\"name\":\"Ryanair ampliar\\u00e1 la ruta Sevilla-Dubl\\u00edn\"},\"previousItem\":{\"@type\":\"ListItem\",\"@id\":\"https:\\\/\\\/eldigitaldeasturias.com\\\/magazine365#listItem\",\"name\":\"Home\"}},{\"@type\":\"ListItem\",\"@id\":\"https:\\\/\\\/eldigitaldeasturias.com\\\/magazine365\\\/ryanair-ampliara-la-ruta-sevilla-dublin\\\/#listItem\",\"position\":3,\"name\":\"Ryanair ampliar\\u00e1 la ruta Sevilla-Dubl\\u00edn\",\"previousItem\":{\"@type\":\"ListItem\",\"@id\":\"https:\\\/\\\/eldigitaldeasturias.com\\\/magazine365\\\/category\\\/noticias-actualidad\\\/#listItem\",\"name\":\"Noticias y Actualidad\"}}]},{\"@type\":\"Organization\",\"@id\":\"https:\\\/\\\/eldigitaldeasturias.com\\\/magazine365\\\/#organization\",\"name\":\"El digital de Asturias\",\"description\":\"Revista de ocio, turismo y estilo de vida\",\"url\":\"https:\\\/\\\/eldigitaldeasturias.com\\\/magazine365\\\/\",\"logo\":{\"@type\":\"ImageObject\",\"url\":\"https:\\\/\\\/www.eldigitaldeasturias.com\\\/noticias\\\/wp-content\\\/uploads\\\/2020\\\/12\\\/EDA.jpg\",\"@id\":\"https:\\\/\\\/eldigitaldeasturias.com\\\/magazine365\\\/ryanair-ampliara-la-ruta-sevilla-dublin\\\/#organizationLogo\"},\"image\":{\"@id\":\"https:\\\/\\\/eldigitaldeasturias.com\\\/magazine365\\\/ryanair-ampliara-la-ruta-sevilla-dublin\\\/#organizationLogo\"}},{\"@type\":\"Person\",\"@id\":\"https:\\\/\\\/eldigitaldeasturias.com\\\/magazine365\\\/author\\\/admin\\\/#author\",\"url\":\"https:\\\/\\\/eldigitaldeasturias.com\\\/magazine365\\\/author\\\/admin\\\/\",\"name\":\"admin\",\"image\":{\"@type\":\"ImageObject\",\"@id\":\"https:\\\/\\\/eldigitaldeasturias.com\\\/magazine365\\\/ryanair-ampliara-la-ruta-sevilla-dublin\\\/#authorImage\",\"url\":\"https:\\\/\\\/eldigitaldeasturias.com\\\/magazine365\\\/wp-content\\\/litespeed\\\/avatar\\\/e571bcf59a0edd6fa6838245a470f2fe.jpg?ver=1776969259\",\"width\":96,\"height\":96,\"caption\":\"admin\"}},{\"@type\":\"WebPage\",\"@id\":\"https:\\\/\\\/eldigitaldeasturias.com\\\/magazine365\\\/ryanair-ampliara-la-ruta-sevilla-dublin\\\/#webpage\",\"url\":\"https:\\\/\\\/eldigitaldeasturias.com\\\/magazine365\\\/ryanair-ampliara-la-ruta-sevilla-dublin\\\/\",\"name\":\"Ryanair ampliar\\u00e1 la ruta Sevilla-Dubl\\u00edn | El Digital de Asturias\",\"description\":\"Ryanair pondr\\u00e1 en marcha el pr\\u00f3ximo invierno la ruta Sevilla-Dubl\\u00edn, que estar\\u00e1 operativa en 2016 con dos vuelos semanales, seg\\u00fan han confirmado fuentes de la compa\\u00f1\\u00eda a Europa Press. Las fuentes han explicado que esta ruta actualmente no est\\u00e1 operativa, pero s\\u00ed lo estar\\u00e1 en verano, seg\\u00fan ya se anunci\\u00f3 durante la presentaci\\u00f3n del calendario\",\"inLanguage\":\"es-ES\",\"isPartOf\":{\"@id\":\"https:\\\/\\\/eldigitaldeasturias.com\\\/magazine365\\\/#website\"},\"breadcrumb\":{\"@id\":\"https:\\\/\\\/eldigitaldeasturias.com\\\/magazine365\\\/ryanair-ampliara-la-ruta-sevilla-dublin\\\/#breadcrumblist\"},\"author\":{\"@id\":\"https:\\\/\\\/eldigitaldeasturias.com\\\/magazine365\\\/author\\\/admin\\\/#author\"},\"creator\":{\"@id\":\"https:\\\/\\\/eldigitaldeasturias.com\\\/magazine365\\\/author\\\/admin\\\/#author\"},\"image\":{\"@type\":\"ImageObject\",\"url\":\"https:\\\/\\\/eldigitaldeasturias.com\\\/magazine365\\\/wp-content\\\/uploads\\\/2016\\\/02\\\/fotonoticia_20160127175413_800.jpg\",\"@id\":\"https:\\\/\\\/eldigitaldeasturias.com\\\/magazine365\\\/ryanair-ampliara-la-ruta-sevilla-dublin\\\/#mainImage\",\"width\":800,\"height\":600},\"primaryImageOfPage\":{\"@id\":\"https:\\\/\\\/eldigitaldeasturias.com\\\/magazine365\\\/ryanair-ampliara-la-ruta-sevilla-dublin\\\/#mainImage\"},\"datePublished\":\"2016-02-01T03:05:15+01:00\",\"dateModified\":\"2016-02-01T03:05:15+01:00\"},{\"@type\":\"WebSite\",\"@id\":\"https:\\\/\\\/eldigitaldeasturias.com\\\/magazine365\\\/#website\",\"url\":\"https:\\\/\\\/eldigitaldeasturias.com\\\/magazine365\\\/\",\"name\":\"El Digital de Asturias\",\"description\":\"Revista de ocio, turismo y estilo de vida\",\"inLanguage\":\"es-ES\",\"publisher\":{\"@id\":\"https:\\\/\\\/eldigitaldeasturias.com\\\/magazine365\\\/#organization\"}}]}\n\t\t<\/script>\n\t\t<!-- All in One SEO Pro -->\r\n\t\t<title>Ryanair ampliar\u00e1 la ruta Sevilla-Dubl\u00edn | El Digital de Asturias<\/title>\n\n","aioseo_head_json":{"title":"Ryanair ampliar\u00e1 la ruta Sevilla-Dubl\u00edn | El Digital de Asturias","description":"Ryanair pondr\u00e1 en marcha el pr\u00f3ximo invierno la ruta Sevilla-Dubl\u00edn, que estar\u00e1 operativa en 2016 con dos vuelos semanales, seg\u00fan han confirmado fuentes de la compa\u00f1\u00eda a Europa Press. Las fuentes han explicado que esta ruta actualmente no est\u00e1 operativa, pero s\u00ed lo estar\u00e1 en verano, seg\u00fan ya se anunci\u00f3 durante la presentaci\u00f3n del calendario","canonical_url":"https:\/\/eldigitaldeasturias.com\/magazine365\/ryanair-ampliara-la-ruta-sevilla-dublin\/","robots":"max-image-preview:large","keywords":"noticias y actualidad","webmasterTools":{"google-site-verification":"UA-38556648-1","miscellaneous":""},"schema":{"@context":"https:\/\/schema.org","@graph":[{"@type":"Article","@id":"https:\/\/eldigitaldeasturias.com\/magazine365\/ryanair-ampliara-la-ruta-sevilla-dublin\/#article","name":"Ryanair ampliar\u00e1 la ruta Sevilla-Dubl\u00edn | El Digital de Asturias","headline":"Ryanair ampliar\u00e1 la ruta Sevilla-Dubl\u00edn","author":{"@id":"https:\/\/eldigitaldeasturias.com\/magazine365\/author\/admin\/#author"},"publisher":{"@id":"https:\/\/eldigitaldeasturias.com\/magazine365\/#organization"},"image":{"@type":"ImageObject","url":"https:\/\/eldigitaldeasturias.com\/magazine365\/wp-content\/uploads\/2016\/02\/fotonoticia_20160127175413_800.jpg","width":800,"height":600},"datePublished":"2016-02-01T03:05:15+01:00","dateModified":"2016-02-01T03:05:15+01:00","inLanguage":"es-ES","mainEntityOfPage":{"@id":"https:\/\/eldigitaldeasturias.com\/magazine365\/ryanair-ampliara-la-ruta-sevilla-dublin\/#webpage"},"isPartOf":{"@id":"https:\/\/eldigitaldeasturias.com\/magazine365\/ryanair-ampliara-la-ruta-sevilla-dublin\/#webpage"},"articleSection":"Noticias y Actualidad"},{"@type":"BreadcrumbList","@id":"https:\/\/eldigitaldeasturias.com\/magazine365\/ryanair-ampliara-la-ruta-sevilla-dublin\/#breadcrumblist","itemListElement":[{"@type":"ListItem","@id":"https:\/\/eldigitaldeasturias.com\/magazine365#listItem","position":1,"name":"Home","item":"https:\/\/eldigitaldeasturias.com\/magazine365","nextItem":{"@type":"ListItem","@id":"https:\/\/eldigitaldeasturias.com\/magazine365\/category\/noticias-actualidad\/#listItem","name":"Noticias y Actualidad"}},{"@type":"ListItem","@id":"https:\/\/eldigitaldeasturias.com\/magazine365\/category\/noticias-actualidad\/#listItem","position":2,"name":"Noticias y Actualidad","item":"https:\/\/eldigitaldeasturias.com\/magazine365\/category\/noticias-actualidad\/","nextItem":{"@type":"ListItem","@id":"https:\/\/eldigitaldeasturias.com\/magazine365\/ryanair-ampliara-la-ruta-sevilla-dublin\/#listItem","name":"Ryanair ampliar\u00e1 la ruta Sevilla-Dubl\u00edn"},"previousItem":{"@type":"ListItem","@id":"https:\/\/eldigitaldeasturias.com\/magazine365#listItem","name":"Home"}},{"@type":"ListItem","@id":"https:\/\/eldigitaldeasturias.com\/magazine365\/ryanair-ampliara-la-ruta-sevilla-dublin\/#listItem","position":3,"name":"Ryanair ampliar\u00e1 la ruta Sevilla-Dubl\u00edn","previousItem":{"@type":"ListItem","@id":"https:\/\/eldigitaldeasturias.com\/magazine365\/category\/noticias-actualidad\/#listItem","name":"Noticias y Actualidad"}}]},{"@type":"Organization","@id":"https:\/\/eldigitaldeasturias.com\/magazine365\/#organization","name":"El digital de Asturias","description":"Revista de ocio, turismo y estilo de vida","url":"https:\/\/eldigitaldeasturias.com\/magazine365\/","logo":{"@type":"ImageObject","url":"https:\/\/www.eldigitaldeasturias.com\/noticias\/wp-content\/uploads\/2020\/12\/EDA.jpg","@id":"https:\/\/eldigitaldeasturias.com\/magazine365\/ryanair-ampliara-la-ruta-sevilla-dublin\/#organizationLogo"},"image":{"@id":"https:\/\/eldigitaldeasturias.com\/magazine365\/ryanair-ampliara-la-ruta-sevilla-dublin\/#organizationLogo"}},{"@type":"Person","@id":"https:\/\/eldigitaldeasturias.com\/magazine365\/author\/admin\/#author","url":"https:\/\/eldigitaldeasturias.com\/magazine365\/author\/admin\/","name":"admin","image":{"@type":"ImageObject","@id":"https:\/\/eldigitaldeasturias.com\/magazine365\/ryanair-ampliara-la-ruta-sevilla-dublin\/#authorImage","url":"https:\/\/eldigitaldeasturias.com\/magazine365\/wp-content\/litespeed\/avatar\/e571bcf59a0edd6fa6838245a470f2fe.jpg?ver=1776969259","width":96,"height":96,"caption":"admin"}},{"@type":"WebPage","@id":"https:\/\/eldigitaldeasturias.com\/magazine365\/ryanair-ampliara-la-ruta-sevilla-dublin\/#webpage","url":"https:\/\/eldigitaldeasturias.com\/magazine365\/ryanair-ampliara-la-ruta-sevilla-dublin\/","name":"Ryanair ampliar\u00e1 la ruta Sevilla-Dubl\u00edn | El Digital de Asturias","description":"Ryanair pondr\u00e1 en marcha el pr\u00f3ximo invierno la ruta Sevilla-Dubl\u00edn, que estar\u00e1 operativa en 2016 con dos vuelos semanales, seg\u00fan han confirmado fuentes de la compa\u00f1\u00eda a Europa Press. Las fuentes han explicado que esta ruta actualmente no est\u00e1 operativa, pero s\u00ed lo estar\u00e1 en verano, seg\u00fan ya se anunci\u00f3 durante la presentaci\u00f3n del calendario","inLanguage":"es-ES","isPartOf":{"@id":"https:\/\/eldigitaldeasturias.com\/magazine365\/#website"},"breadcrumb":{"@id":"https:\/\/eldigitaldeasturias.com\/magazine365\/ryanair-ampliara-la-ruta-sevilla-dublin\/#breadcrumblist"},"author":{"@id":"https:\/\/eldigitaldeasturias.com\/magazine365\/author\/admin\/#author"},"creator":{"@id":"https:\/\/eldigitaldeasturias.com\/magazine365\/author\/admin\/#author"},"image":{"@type":"ImageObject","url":"https:\/\/eldigitaldeasturias.com\/magazine365\/wp-content\/uploads\/2016\/02\/fotonoticia_20160127175413_800.jpg","@id":"https:\/\/eldigitaldeasturias.com\/magazine365\/ryanair-ampliara-la-ruta-sevilla-dublin\/#mainImage","width":800,"height":600},"primaryImageOfPage":{"@id":"https:\/\/eldigitaldeasturias.com\/magazine365\/ryanair-ampliara-la-ruta-sevilla-dublin\/#mainImage"},"datePublished":"2016-02-01T03:05:15+01:00","dateModified":"2016-02-01T03:05:15+01:00"},{"@type":"WebSite","@id":"https:\/\/eldigitaldeasturias.com\/magazine365\/#website","url":"https:\/\/eldigitaldeasturias.com\/magazine365\/","name":"El Digital de Asturias","description":"Revista de ocio, turismo y estilo de vida","inLanguage":"es-ES","publisher":{"@id":"https:\/\/eldigitaldeasturias.com\/magazine365\/#organization"}}]},"og:locale":"es_ES","og:site_name":"El Digital de Asturias \u2013 Revista de ocio, turismo y estilo de vida","og:type":"article","og:title":"Ryanair ampliar\u00e1 la ruta Sevilla-Dubl\u00edn | El Digital de Asturias","og:description":"Ryanair pondr\u00e1 en marcha el pr\u00f3ximo invierno la ruta Sevilla-Dubl\u00edn, que estar\u00e1 operativa en 2016 con dos vuelos semanales, seg\u00fan han confirmado fuentes de la compa\u00f1\u00eda a Europa Press. Las fuentes han explicado que esta ruta actualmente no est\u00e1 operativa, pero s\u00ed lo estar\u00e1 en verano, seg\u00fan ya se anunci\u00f3 durante la presentaci\u00f3n del calendario","og:url":"https:\/\/eldigitaldeasturias.com\/magazine365\/ryanair-ampliara-la-ruta-sevilla-dublin\/","og:image":"https:\/\/eldigitaldeasturias.com\/magazine365\/wp-content\/uploads\/2016\/02\/fotonoticia_20160127175413_800.jpg","og:image:secure_url":"https:\/\/eldigitaldeasturias.com\/magazine365\/wp-content\/uploads\/2016\/02\/fotonoticia_20160127175413_800.jpg","og:image:width":800,"og:image:height":600,"article:published_time":"2016-02-01T02:05:15+00:00","article:modified_time":"2016-02-01T02:05:15+00:00","twitter:card":"summary_large_image","twitter:title":"Ryanair ampliar\u00e1 la ruta Sevilla-Dubl\u00edn | El Digital de Asturias","twitter:description":"Ryanair pondr\u00e1 en marcha el pr\u00f3ximo invierno la ruta Sevilla-Dubl\u00edn, que estar\u00e1 operativa en 2016 con dos vuelos semanales, seg\u00fan han confirmado fuentes de la compa\u00f1\u00eda a Europa Press. Las fuentes han explicado que esta ruta actualmente no est\u00e1 operativa, pero s\u00ed lo estar\u00e1 en verano, seg\u00fan ya se anunci\u00f3 durante la presentaci\u00f3n del calendario","twitter:image":"https:\/\/eldigitaldeasturias.com\/magazine365\/wp-content\/uploads\/2016\/02\/fotonoticia_20160127175413_800.jpg"},"aioseo_meta_data":{"post_id":"62497","title":null,"description":null,"keywords":null,"keyphrases":null,"primary_term":null,"canonical_url":null,"og_title":null,"og_description":null,"og_object_type":"default","og_image_type":"default","og_image_url":null,"og_image_width":null,"og_image_height":null,"og_image_custom_url":null,"og_image_custom_fields":null,"og_video":null,"og_custom_url":null,"og_article_section":null,"og_article_tags":null,"twitter_use_og":false,"twitter_card":"default","twitter_image_type":"default","twitter_image_url":null,"twitter_image_custom_url":null,"twitter_image_custom_fields":null,"twitter_title":null,"twitter_description":null,"schema":{"blockGraphs":[],"customGraphs":[],"default":{"data":{"Article":[],"Course":[],"Dataset":[],"FAQPage":[],"Movie":[],"Person":[],"Product":[],"ProductReview":[],"Car":[],"Recipe":[],"Service":[],"SoftwareApplication":[],"WebPage":[]},"graphName":"","isEnabled":true},"graphs":[]},"schema_type":null,"schema_type_options":null,"pillar_content":false,"robots_default":true,"robots_noindex":false,"robots_noarchive":false,"robots_nosnippet":false,"robots_nofollow":false,"robots_noimageindex":false,"robots_noodp":false,"robots_notranslate":false,"robots_max_snippet":null,"robots_max_videopreview":null,"robots_max_imagepreview":"large","priority":null,"frequency":null,"location":null,"local_seo":null,"seo_analyzer_scan_date":"2025-09-25 11:19:45","breadcrumb_settings":null,"limit_modified_date":false,"open_ai":null,"ai":null,"created":"2021-03-08 21:35:47","updated":"2025-09-25 11:19:45"},"aioseo_breadcrumb":"<div class=\"aioseo-breadcrumbs\"><span class=\"aioseo-breadcrumb\">\n\t<a href=\"https:\/\/eldigitaldeasturias.com\/magazine365\" title=\"Home\">Home<\/a>\n<\/span><span class=\"aioseo-breadcrumb-separator\">\u2013<\/span><span class=\"aioseo-breadcrumb\">\n\t<a href=\"https:\/\/eldigitaldeasturias.com\/magazine365\/category\/noticias-actualidad\/\" title=\"Noticias y Actualidad\">Noticias y Actualidad<\/a>\n<\/span><span class=\"aioseo-breadcrumb-separator\">\u2013<\/span><span class=\"aioseo-breadcrumb\">\n\t<a href=\"https:\/\/eldigitaldeasturias.com\/magazine365\/ryanair-ampliara-la-ruta-sevilla-dublin\/\" title=\"Ryanair ampliar\u00e1 la ruta Sevilla-Dubl\u00edn\">Ryanair ampliar\u00e1 la ruta Sevilla-Dubl\u00edn<\/a>\n<\/span><\/div>","aioseo_breadcrumb_json":[{"label":"Home","link":"https:\/\/eldigitaldeasturias.com\/magazine365"},{"label":"Noticias y Actualidad","link":"https:\/\/eldigitaldeasturias.com\/magazine365\/category\/noticias-actualidad\/"},{"label":"Ryanair ampliar\u00e1 la ruta Sevilla-Dubl\u00edn","link":"https:\/\/eldigitaldeasturias.com\/magazine365\/ryanair-ampliara-la-ruta-sevilla-dublin\/"}],"_links":{"self":[{"href":"https:\/\/eldigitaldeasturias.com\/magazine365\/wp-json\/wp\/v2\/posts\/62497","targetHints":{"allow":["GET"]}}],"collection":[{"href":"https:\/\/eldigitaldeasturias.com\/magazine365\/wp-json\/wp\/v2\/posts"}],"about":[{"href":"https:\/\/eldigitaldeasturias.com\/magazine365\/wp-json\/wp\/v2\/types\/post"}],"author":[{"embeddable":true,"href":"https:\/\/eldigitaldeasturias.com\/magazine365\/wp-json\/wp\/v2\/users\/1"}],"replies":[{"embeddable":true,"href":"https:\/\/eldigitaldeasturias.com\/magazine365\/wp-json\/wp\/v2\/comments?post=62497"}],"version-history":[{"count":0,"href":"https:\/\/eldigitaldeasturias.com\/magazine365\/wp-json\/wp\/v2\/posts\/62497\/revisions"}],"wp:featuredmedia":[{"embeddable":true,"href":"https:\/\/eldigitaldeasturias.com\/magazine365\/wp-json\/wp\/v2\/media\/62498"}],"wp:attachment":[{"href":"https:\/\/eldigitaldeasturias.com\/magazine365\/wp-json\/wp\/v2\/media?parent=62497"}],"wp:term":[{"taxonomy":"category","embeddable":true,"href":"https:\/\/eldigitaldeasturias.com\/magazine365\/wp-json\/wp\/v2\/categories?post=62497"},{"taxonomy":"post_tag","embeddable":true,"href":"https:\/\/eldigitaldeasturias.com\/magazine365\/wp-json\/wp\/v2\/tags?post=62497"}],"curies":[{"name":"wp","href":"https:\/\/api.w.org\/{rel}","templated":true}]}}