{"id":62495,"date":"2016-02-01T03:04:22","date_gmt":"2016-02-01T02:04:22","guid":{"rendered":"http:\/\/eldigitaldeasturias.com\/magazine365\/?p=62495"},"modified":"2016-02-01T03:04:22","modified_gmt":"2016-02-01T02:04:22","slug":"el-alcalde-de-valladolid-garantiza-en-madrid-fusion-la-apuesta-por-la-gastronomia-de-la-region","status":"publish","type":"post","link":"https:\/\/eldigitaldeasturias.com\/magazine365\/el-alcalde-de-valladolid-garantiza-en-madrid-fusion-la-apuesta-por-la-gastronomia-de-la-region\/","title":{"rendered":"El alcalde de Valladolid garantiza en Madrid Fusi\u00f3n la apuesta por la gastronom\u00eda de la regi\u00f3n"},"content":{"rendered":"<p>  El alcalde de Valladolid, \u00d3scar Puente, ha garantizado este mi\u00e9rcoles en la Feria Madrid Fusi\u00f3n la continuidad de la apuesta por la \u00abexcelencia\u00bb de la gastronom\u00eda de la ciudad, de la que es \u00abreferente nacional e internacional\u00bb.<\/p>\n<p>   En declaraciones recogidas por Europa Press, Puente ha subrayado que la importancia de la gastronom\u00eda en Valladolid \u00abviene de largo\u00bb y ha reconocido la \u00abcontribuci\u00f3n\u00bb del anterior equipo de Gobierno en esta materia. Asimismo, ha achacado este \u00e9xito a la \u00abuni\u00f3n\u00bb de instituciones y hosteleros, un modelo que ha abogado por mantener.<\/p>\n<p>   En esta jornada se han presentado en Madrid Fusi\u00f3n los pinchos ganadores de la \u00faltima edici\u00f3n del Consurno Nacional de Pinchos y Tapas de Valladolid, los dos realizados por dos establecimientos de la ciudad como Don Bacalao y Los Zagales de la Abad\u00eda, aunque tambi\u00e9n han tomado parte otros premiados de ediciones anteriores.<\/p>\n<p>   El regidor vallisoletano ha invitado a probar estos pinchos tanto en la Feria como \u00abdonde m\u00e1s rico saben\u00bb, en los establecimientos de la ciudad. En este sentido, ha animado a viajar hasta Valladolid para disfrutar de la \u00absimpat\u00eda\u00bb de sus gentes, de sus vinos, de su patrimonio y de su \u00abvasta\u00bb cultura.<\/p>\n","protected":false},"excerpt":{"rendered":"<p>El alcalde de Valladolid, \u00d3scar Puente, ha garantizado este mi\u00e9rcoles en la Feria Madrid Fusi\u00f3n la continuidad de la apuesta por la \u00abexcelencia\u00bb de la gastronom\u00eda de la ciudad, de la que es \u00abreferente nacional e internacional\u00bb. En declaraciones recogidas por Europa Press, Puente ha subrayado que la importancia de la gastronom\u00eda en Valladolid \u00abviene<\/p>\n","protected":false},"author":1,"featured_media":49547,"comment_status":"open","ping_status":"closed","sticky":false,"template":"","format":"standard","meta":{"footnotes":""},"categories":[224],"tags":[],"class_list":{"0":"post-62495","1":"post","2":"type-post","3":"status-publish","4":"format-standard","5":"has-post-thumbnail","7":"category-noticias-actualidad"},"aioseo_notices":[],"aioseo_head":"\n\t\t<!-- All in One SEO Pro 4.9.6.1 - aioseo.com -->\n\t<meta name=\"description\" content=\"El alcalde de Valladolid, \u00d3scar Puente, ha garantizado este mi\u00e9rcoles en la Feria Madrid Fusi\u00f3n la continuidad de la apuesta por la &quot;excelencia&quot; de la gastronom\u00eda de la ciudad, de la que es &quot;referente nacional e internacional&quot;. En declaraciones recogidas por Europa Press, Puente ha subrayado que la importancia de la gastronom\u00eda en Valladolid &quot;viene\" \/>\n\t<meta name=\"robots\" content=\"max-image-preview:large\" \/>\n\t<meta name=\"author\" content=\"admin\"\/>\n\t<meta name=\"google-site-verification\" content=\"UA-38556648-1\" \/>\n\t<meta name=\"keywords\" content=\"noticias y actualidad\" \/>\n\t<link rel=\"canonical\" href=\"https:\/\/eldigitaldeasturias.com\/magazine365\/el-alcalde-de-valladolid-garantiza-en-madrid-fusion-la-apuesta-por-la-gastronomia-de-la-region\/\" \/>\n\t<meta name=\"generator\" content=\"All in One SEO Pro (AIOSEO) 4.9.6.1\" \/>\n\t\t<meta property=\"og:locale\" content=\"es_ES\" \/>\n\t\t<meta property=\"og:site_name\" content=\"El Digital de Asturias \u2013 Revista de ocio, turismo y estilo de vida\" \/>\n\t\t<meta property=\"og:type\" content=\"article\" \/>\n\t\t<meta property=\"og:title\" content=\"El alcalde de Valladolid garantiza en Madrid Fusi\u00f3n la apuesta por la gastronom\u00eda de la regi\u00f3n | El Digital de Asturias\" \/>\n\t\t<meta property=\"og:description\" content=\"El alcalde de Valladolid, \u00d3scar Puente, ha garantizado este mi\u00e9rcoles en la Feria Madrid Fusi\u00f3n la continuidad de la apuesta por la &quot;excelencia&quot; de la gastronom\u00eda de la ciudad, de la que es &quot;referente nacional e internacional&quot;. En declaraciones recogidas por Europa Press, Puente ha subrayado que la importancia de la gastronom\u00eda en Valladolid &quot;viene\" \/>\n\t\t<meta property=\"og:url\" content=\"https:\/\/eldigitaldeasturias.com\/magazine365\/el-alcalde-de-valladolid-garantiza-en-madrid-fusion-la-apuesta-por-la-gastronomia-de-la-region\/\" \/>\n\t\t<meta property=\"og:image\" content=\"https:\/\/eldigitaldeasturias.com\/magazine365\/wp-content\/uploads\/2015\/09\/vino.jpg\" \/>\n\t\t<meta property=\"og:image:secure_url\" content=\"https:\/\/eldigitaldeasturias.com\/magazine365\/wp-content\/uploads\/2015\/09\/vino.jpg\" \/>\n\t\t<meta property=\"og:image:width\" content=\"800\" \/>\n\t\t<meta property=\"og:image:height\" content=\"533\" \/>\n\t\t<meta property=\"article:published_time\" content=\"2016-02-01T02:04:22+00:00\" \/>\n\t\t<meta property=\"article:modified_time\" content=\"2016-02-01T02:04:22+00:00\" \/>\n\t\t<meta name=\"twitter:card\" content=\"summary_large_image\" \/>\n\t\t<meta name=\"twitter:title\" content=\"El alcalde de Valladolid garantiza en Madrid Fusi\u00f3n la apuesta por la gastronom\u00eda de la regi\u00f3n | El Digital de Asturias\" \/>\n\t\t<meta name=\"twitter:description\" content=\"El alcalde de Valladolid, \u00d3scar Puente, ha garantizado este mi\u00e9rcoles en la Feria Madrid Fusi\u00f3n la continuidad de la apuesta por la &quot;excelencia&quot; de la gastronom\u00eda de la ciudad, de la que es &quot;referente nacional e internacional&quot;. En declaraciones recogidas por Europa Press, Puente ha subrayado que la importancia de la gastronom\u00eda en Valladolid &quot;viene\" \/>\n\t\t<meta name=\"twitter:image\" content=\"https:\/\/eldigitaldeasturias.com\/magazine365\/wp-content\/uploads\/2015\/09\/vino.jpg\" \/>\n\t\t<script type=\"application\/ld+json\" class=\"aioseo-schema\">\n\t\t\t{\"@context\":\"https:\\\/\\\/schema.org\",\"@graph\":[{\"@type\":\"Article\",\"@id\":\"https:\\\/\\\/eldigitaldeasturias.com\\\/magazine365\\\/el-alcalde-de-valladolid-garantiza-en-madrid-fusion-la-apuesta-por-la-gastronomia-de-la-region\\\/#article\",\"name\":\"El alcalde de Valladolid garantiza en Madrid Fusi\\u00f3n la apuesta por la gastronom\\u00eda de la regi\\u00f3n | El Digital de Asturias\",\"headline\":\"El alcalde de Valladolid garantiza en Madrid Fusi\\u00f3n la apuesta por la gastronom\\u00eda de la regi\\u00f3n\",\"author\":{\"@id\":\"https:\\\/\\\/eldigitaldeasturias.com\\\/magazine365\\\/author\\\/admin\\\/#author\"},\"publisher\":{\"@id\":\"https:\\\/\\\/eldigitaldeasturias.com\\\/magazine365\\\/#organization\"},\"image\":{\"@type\":\"ImageObject\",\"url\":\"https:\\\/\\\/eldigitaldeasturias.com\\\/magazine365\\\/wp-content\\\/uploads\\\/2015\\\/09\\\/vino.jpg\",\"width\":800,\"height\":533},\"datePublished\":\"2016-02-01T03:04:22+01:00\",\"dateModified\":\"2016-02-01T03:04:22+01:00\",\"inLanguage\":\"es-ES\",\"mainEntityOfPage\":{\"@id\":\"https:\\\/\\\/eldigitaldeasturias.com\\\/magazine365\\\/el-alcalde-de-valladolid-garantiza-en-madrid-fusion-la-apuesta-por-la-gastronomia-de-la-region\\\/#webpage\"},\"isPartOf\":{\"@id\":\"https:\\\/\\\/eldigitaldeasturias.com\\\/magazine365\\\/el-alcalde-de-valladolid-garantiza-en-madrid-fusion-la-apuesta-por-la-gastronomia-de-la-region\\\/#webpage\"},\"articleSection\":\"Noticias y Actualidad\"},{\"@type\":\"BreadcrumbList\",\"@id\":\"https:\\\/\\\/eldigitaldeasturias.com\\\/magazine365\\\/el-alcalde-de-valladolid-garantiza-en-madrid-fusion-la-apuesta-por-la-gastronomia-de-la-region\\\/#breadcrumblist\",\"itemListElement\":[{\"@type\":\"ListItem\",\"@id\":\"https:\\\/\\\/eldigitaldeasturias.com\\\/magazine365#listItem\",\"position\":1,\"name\":\"Home\",\"item\":\"https:\\\/\\\/eldigitaldeasturias.com\\\/magazine365\",\"nextItem\":{\"@type\":\"ListItem\",\"@id\":\"https:\\\/\\\/eldigitaldeasturias.com\\\/magazine365\\\/category\\\/noticias-actualidad\\\/#listItem\",\"name\":\"Noticias y Actualidad\"}},{\"@type\":\"ListItem\",\"@id\":\"https:\\\/\\\/eldigitaldeasturias.com\\\/magazine365\\\/category\\\/noticias-actualidad\\\/#listItem\",\"position\":2,\"name\":\"Noticias y Actualidad\",\"item\":\"https:\\\/\\\/eldigitaldeasturias.com\\\/magazine365\\\/category\\\/noticias-actualidad\\\/\",\"nextItem\":{\"@type\":\"ListItem\",\"@id\":\"https:\\\/\\\/eldigitaldeasturias.com\\\/magazine365\\\/el-alcalde-de-valladolid-garantiza-en-madrid-fusion-la-apuesta-por-la-gastronomia-de-la-region\\\/#listItem\",\"name\":\"El alcalde de Valladolid garantiza en Madrid Fusi\\u00f3n la apuesta por la gastronom\\u00eda de la regi\\u00f3n\"},\"previousItem\":{\"@type\":\"ListItem\",\"@id\":\"https:\\\/\\\/eldigitaldeasturias.com\\\/magazine365#listItem\",\"name\":\"Home\"}},{\"@type\":\"ListItem\",\"@id\":\"https:\\\/\\\/eldigitaldeasturias.com\\\/magazine365\\\/el-alcalde-de-valladolid-garantiza-en-madrid-fusion-la-apuesta-por-la-gastronomia-de-la-region\\\/#listItem\",\"position\":3,\"name\":\"El alcalde de Valladolid garantiza en Madrid Fusi\\u00f3n la apuesta por la gastronom\\u00eda de la regi\\u00f3n\",\"previousItem\":{\"@type\":\"ListItem\",\"@id\":\"https:\\\/\\\/eldigitaldeasturias.com\\\/magazine365\\\/category\\\/noticias-actualidad\\\/#listItem\",\"name\":\"Noticias y Actualidad\"}}]},{\"@type\":\"Organization\",\"@id\":\"https:\\\/\\\/eldigitaldeasturias.com\\\/magazine365\\\/#organization\",\"name\":\"El digital de Asturias\",\"description\":\"Revista de ocio, turismo y estilo de vida\",\"url\":\"https:\\\/\\\/eldigitaldeasturias.com\\\/magazine365\\\/\",\"logo\":{\"@type\":\"ImageObject\",\"url\":\"https:\\\/\\\/www.eldigitaldeasturias.com\\\/noticias\\\/wp-content\\\/uploads\\\/2020\\\/12\\\/EDA.jpg\",\"@id\":\"https:\\\/\\\/eldigitaldeasturias.com\\\/magazine365\\\/el-alcalde-de-valladolid-garantiza-en-madrid-fusion-la-apuesta-por-la-gastronomia-de-la-region\\\/#organizationLogo\"},\"image\":{\"@id\":\"https:\\\/\\\/eldigitaldeasturias.com\\\/magazine365\\\/el-alcalde-de-valladolid-garantiza-en-madrid-fusion-la-apuesta-por-la-gastronomia-de-la-region\\\/#organizationLogo\"}},{\"@type\":\"Person\",\"@id\":\"https:\\\/\\\/eldigitaldeasturias.com\\\/magazine365\\\/author\\\/admin\\\/#author\",\"url\":\"https:\\\/\\\/eldigitaldeasturias.com\\\/magazine365\\\/author\\\/admin\\\/\",\"name\":\"admin\",\"image\":{\"@type\":\"ImageObject\",\"@id\":\"https:\\\/\\\/eldigitaldeasturias.com\\\/magazine365\\\/el-alcalde-de-valladolid-garantiza-en-madrid-fusion-la-apuesta-por-la-gastronomia-de-la-region\\\/#authorImage\",\"url\":\"https:\\\/\\\/eldigitaldeasturias.com\\\/magazine365\\\/wp-content\\\/litespeed\\\/avatar\\\/e571bcf59a0edd6fa6838245a470f2fe.jpg?ver=1776969259\",\"width\":96,\"height\":96,\"caption\":\"admin\"}},{\"@type\":\"WebPage\",\"@id\":\"https:\\\/\\\/eldigitaldeasturias.com\\\/magazine365\\\/el-alcalde-de-valladolid-garantiza-en-madrid-fusion-la-apuesta-por-la-gastronomia-de-la-region\\\/#webpage\",\"url\":\"https:\\\/\\\/eldigitaldeasturias.com\\\/magazine365\\\/el-alcalde-de-valladolid-garantiza-en-madrid-fusion-la-apuesta-por-la-gastronomia-de-la-region\\\/\",\"name\":\"El alcalde de Valladolid garantiza en Madrid Fusi\\u00f3n la apuesta por la gastronom\\u00eda de la regi\\u00f3n | El Digital de Asturias\",\"description\":\"El alcalde de Valladolid, \\u00d3scar Puente, ha garantizado este mi\\u00e9rcoles en la Feria Madrid Fusi\\u00f3n la continuidad de la apuesta por la \\\"excelencia\\\" de la gastronom\\u00eda de la ciudad, de la que es \\\"referente nacional e internacional\\\". En declaraciones recogidas por Europa Press, Puente ha subrayado que la importancia de la gastronom\\u00eda en Valladolid \\\"viene\",\"inLanguage\":\"es-ES\",\"isPartOf\":{\"@id\":\"https:\\\/\\\/eldigitaldeasturias.com\\\/magazine365\\\/#website\"},\"breadcrumb\":{\"@id\":\"https:\\\/\\\/eldigitaldeasturias.com\\\/magazine365\\\/el-alcalde-de-valladolid-garantiza-en-madrid-fusion-la-apuesta-por-la-gastronomia-de-la-region\\\/#breadcrumblist\"},\"author\":{\"@id\":\"https:\\\/\\\/eldigitaldeasturias.com\\\/magazine365\\\/author\\\/admin\\\/#author\"},\"creator\":{\"@id\":\"https:\\\/\\\/eldigitaldeasturias.com\\\/magazine365\\\/author\\\/admin\\\/#author\"},\"image\":{\"@type\":\"ImageObject\",\"url\":\"https:\\\/\\\/eldigitaldeasturias.com\\\/magazine365\\\/wp-content\\\/uploads\\\/2015\\\/09\\\/vino.jpg\",\"@id\":\"https:\\\/\\\/eldigitaldeasturias.com\\\/magazine365\\\/el-alcalde-de-valladolid-garantiza-en-madrid-fusion-la-apuesta-por-la-gastronomia-de-la-region\\\/#mainImage\",\"width\":800,\"height\":533},\"primaryImageOfPage\":{\"@id\":\"https:\\\/\\\/eldigitaldeasturias.com\\\/magazine365\\\/el-alcalde-de-valladolid-garantiza-en-madrid-fusion-la-apuesta-por-la-gastronomia-de-la-region\\\/#mainImage\"},\"datePublished\":\"2016-02-01T03:04:22+01:00\",\"dateModified\":\"2016-02-01T03:04:22+01:00\"},{\"@type\":\"WebSite\",\"@id\":\"https:\\\/\\\/eldigitaldeasturias.com\\\/magazine365\\\/#website\",\"url\":\"https:\\\/\\\/eldigitaldeasturias.com\\\/magazine365\\\/\",\"name\":\"El Digital de Asturias\",\"description\":\"Revista de ocio, turismo y estilo de vida\",\"inLanguage\":\"es-ES\",\"publisher\":{\"@id\":\"https:\\\/\\\/eldigitaldeasturias.com\\\/magazine365\\\/#organization\"}}]}\n\t\t<\/script>\n\t\t<!-- All in One SEO Pro -->\r\n\t\t<title>El alcalde de Valladolid garantiza en Madrid Fusi\u00f3n la apuesta por la gastronom\u00eda de la regi\u00f3n | El Digital de Asturias<\/title>\n\n","aioseo_head_json":{"title":"El alcalde de Valladolid garantiza en Madrid Fusi\u00f3n la apuesta por la gastronom\u00eda de la regi\u00f3n | El Digital de Asturias","description":"El alcalde de Valladolid, \u00d3scar Puente, ha garantizado este mi\u00e9rcoles en la Feria Madrid Fusi\u00f3n la continuidad de la apuesta por la \"excelencia\" de la gastronom\u00eda de la ciudad, de la que es \"referente nacional e internacional\". En declaraciones recogidas por Europa Press, Puente ha subrayado que la importancia de la gastronom\u00eda en Valladolid \"viene","canonical_url":"https:\/\/eldigitaldeasturias.com\/magazine365\/el-alcalde-de-valladolid-garantiza-en-madrid-fusion-la-apuesta-por-la-gastronomia-de-la-region\/","robots":"max-image-preview:large","keywords":"noticias y actualidad","webmasterTools":{"google-site-verification":"UA-38556648-1","miscellaneous":""},"schema":{"@context":"https:\/\/schema.org","@graph":[{"@type":"Article","@id":"https:\/\/eldigitaldeasturias.com\/magazine365\/el-alcalde-de-valladolid-garantiza-en-madrid-fusion-la-apuesta-por-la-gastronomia-de-la-region\/#article","name":"El alcalde de Valladolid garantiza en Madrid Fusi\u00f3n la apuesta por la gastronom\u00eda de la regi\u00f3n | El Digital de Asturias","headline":"El alcalde de Valladolid garantiza en Madrid Fusi\u00f3n la apuesta por la gastronom\u00eda de la regi\u00f3n","author":{"@id":"https:\/\/eldigitaldeasturias.com\/magazine365\/author\/admin\/#author"},"publisher":{"@id":"https:\/\/eldigitaldeasturias.com\/magazine365\/#organization"},"image":{"@type":"ImageObject","url":"https:\/\/eldigitaldeasturias.com\/magazine365\/wp-content\/uploads\/2015\/09\/vino.jpg","width":800,"height":533},"datePublished":"2016-02-01T03:04:22+01:00","dateModified":"2016-02-01T03:04:22+01:00","inLanguage":"es-ES","mainEntityOfPage":{"@id":"https:\/\/eldigitaldeasturias.com\/magazine365\/el-alcalde-de-valladolid-garantiza-en-madrid-fusion-la-apuesta-por-la-gastronomia-de-la-region\/#webpage"},"isPartOf":{"@id":"https:\/\/eldigitaldeasturias.com\/magazine365\/el-alcalde-de-valladolid-garantiza-en-madrid-fusion-la-apuesta-por-la-gastronomia-de-la-region\/#webpage"},"articleSection":"Noticias y Actualidad"},{"@type":"BreadcrumbList","@id":"https:\/\/eldigitaldeasturias.com\/magazine365\/el-alcalde-de-valladolid-garantiza-en-madrid-fusion-la-apuesta-por-la-gastronomia-de-la-region\/#breadcrumblist","itemListElement":[{"@type":"ListItem","@id":"https:\/\/eldigitaldeasturias.com\/magazine365#listItem","position":1,"name":"Home","item":"https:\/\/eldigitaldeasturias.com\/magazine365","nextItem":{"@type":"ListItem","@id":"https:\/\/eldigitaldeasturias.com\/magazine365\/category\/noticias-actualidad\/#listItem","name":"Noticias y Actualidad"}},{"@type":"ListItem","@id":"https:\/\/eldigitaldeasturias.com\/magazine365\/category\/noticias-actualidad\/#listItem","position":2,"name":"Noticias y Actualidad","item":"https:\/\/eldigitaldeasturias.com\/magazine365\/category\/noticias-actualidad\/","nextItem":{"@type":"ListItem","@id":"https:\/\/eldigitaldeasturias.com\/magazine365\/el-alcalde-de-valladolid-garantiza-en-madrid-fusion-la-apuesta-por-la-gastronomia-de-la-region\/#listItem","name":"El alcalde de Valladolid garantiza en Madrid Fusi\u00f3n la apuesta por la gastronom\u00eda de la regi\u00f3n"},"previousItem":{"@type":"ListItem","@id":"https:\/\/eldigitaldeasturias.com\/magazine365#listItem","name":"Home"}},{"@type":"ListItem","@id":"https:\/\/eldigitaldeasturias.com\/magazine365\/el-alcalde-de-valladolid-garantiza-en-madrid-fusion-la-apuesta-por-la-gastronomia-de-la-region\/#listItem","position":3,"name":"El alcalde de Valladolid garantiza en Madrid Fusi\u00f3n la apuesta por la gastronom\u00eda de la regi\u00f3n","previousItem":{"@type":"ListItem","@id":"https:\/\/eldigitaldeasturias.com\/magazine365\/category\/noticias-actualidad\/#listItem","name":"Noticias y Actualidad"}}]},{"@type":"Organization","@id":"https:\/\/eldigitaldeasturias.com\/magazine365\/#organization","name":"El digital de Asturias","description":"Revista de ocio, turismo y estilo de vida","url":"https:\/\/eldigitaldeasturias.com\/magazine365\/","logo":{"@type":"ImageObject","url":"https:\/\/www.eldigitaldeasturias.com\/noticias\/wp-content\/uploads\/2020\/12\/EDA.jpg","@id":"https:\/\/eldigitaldeasturias.com\/magazine365\/el-alcalde-de-valladolid-garantiza-en-madrid-fusion-la-apuesta-por-la-gastronomia-de-la-region\/#organizationLogo"},"image":{"@id":"https:\/\/eldigitaldeasturias.com\/magazine365\/el-alcalde-de-valladolid-garantiza-en-madrid-fusion-la-apuesta-por-la-gastronomia-de-la-region\/#organizationLogo"}},{"@type":"Person","@id":"https:\/\/eldigitaldeasturias.com\/magazine365\/author\/admin\/#author","url":"https:\/\/eldigitaldeasturias.com\/magazine365\/author\/admin\/","name":"admin","image":{"@type":"ImageObject","@id":"https:\/\/eldigitaldeasturias.com\/magazine365\/el-alcalde-de-valladolid-garantiza-en-madrid-fusion-la-apuesta-por-la-gastronomia-de-la-region\/#authorImage","url":"https:\/\/eldigitaldeasturias.com\/magazine365\/wp-content\/litespeed\/avatar\/e571bcf59a0edd6fa6838245a470f2fe.jpg?ver=1776969259","width":96,"height":96,"caption":"admin"}},{"@type":"WebPage","@id":"https:\/\/eldigitaldeasturias.com\/magazine365\/el-alcalde-de-valladolid-garantiza-en-madrid-fusion-la-apuesta-por-la-gastronomia-de-la-region\/#webpage","url":"https:\/\/eldigitaldeasturias.com\/magazine365\/el-alcalde-de-valladolid-garantiza-en-madrid-fusion-la-apuesta-por-la-gastronomia-de-la-region\/","name":"El alcalde de Valladolid garantiza en Madrid Fusi\u00f3n la apuesta por la gastronom\u00eda de la regi\u00f3n | El Digital de Asturias","description":"El alcalde de Valladolid, \u00d3scar Puente, ha garantizado este mi\u00e9rcoles en la Feria Madrid Fusi\u00f3n la continuidad de la apuesta por la \"excelencia\" de la gastronom\u00eda de la ciudad, de la que es \"referente nacional e internacional\". En declaraciones recogidas por Europa Press, Puente ha subrayado que la importancia de la gastronom\u00eda en Valladolid \"viene","inLanguage":"es-ES","isPartOf":{"@id":"https:\/\/eldigitaldeasturias.com\/magazine365\/#website"},"breadcrumb":{"@id":"https:\/\/eldigitaldeasturias.com\/magazine365\/el-alcalde-de-valladolid-garantiza-en-madrid-fusion-la-apuesta-por-la-gastronomia-de-la-region\/#breadcrumblist"},"author":{"@id":"https:\/\/eldigitaldeasturias.com\/magazine365\/author\/admin\/#author"},"creator":{"@id":"https:\/\/eldigitaldeasturias.com\/magazine365\/author\/admin\/#author"},"image":{"@type":"ImageObject","url":"https:\/\/eldigitaldeasturias.com\/magazine365\/wp-content\/uploads\/2015\/09\/vino.jpg","@id":"https:\/\/eldigitaldeasturias.com\/magazine365\/el-alcalde-de-valladolid-garantiza-en-madrid-fusion-la-apuesta-por-la-gastronomia-de-la-region\/#mainImage","width":800,"height":533},"primaryImageOfPage":{"@id":"https:\/\/eldigitaldeasturias.com\/magazine365\/el-alcalde-de-valladolid-garantiza-en-madrid-fusion-la-apuesta-por-la-gastronomia-de-la-region\/#mainImage"},"datePublished":"2016-02-01T03:04:22+01:00","dateModified":"2016-02-01T03:04:22+01:00"},{"@type":"WebSite","@id":"https:\/\/eldigitaldeasturias.com\/magazine365\/#website","url":"https:\/\/eldigitaldeasturias.com\/magazine365\/","name":"El Digital de Asturias","description":"Revista de ocio, turismo y estilo de vida","inLanguage":"es-ES","publisher":{"@id":"https:\/\/eldigitaldeasturias.com\/magazine365\/#organization"}}]},"og:locale":"es_ES","og:site_name":"El Digital de Asturias \u2013 Revista de ocio, turismo y estilo de vida","og:type":"article","og:title":"El alcalde de Valladolid garantiza en Madrid Fusi\u00f3n la apuesta por la gastronom\u00eda de la regi\u00f3n | El Digital de Asturias","og:description":"El alcalde de Valladolid, \u00d3scar Puente, ha garantizado este mi\u00e9rcoles en la Feria Madrid Fusi\u00f3n la continuidad de la apuesta por la &quot;excelencia&quot; de la gastronom\u00eda de la ciudad, de la que es &quot;referente nacional e internacional&quot;. En declaraciones recogidas por Europa Press, Puente ha subrayado que la importancia de la gastronom\u00eda en Valladolid &quot;viene","og:url":"https:\/\/eldigitaldeasturias.com\/magazine365\/el-alcalde-de-valladolid-garantiza-en-madrid-fusion-la-apuesta-por-la-gastronomia-de-la-region\/","og:image":"https:\/\/eldigitaldeasturias.com\/magazine365\/wp-content\/uploads\/2015\/09\/vino.jpg","og:image:secure_url":"https:\/\/eldigitaldeasturias.com\/magazine365\/wp-content\/uploads\/2015\/09\/vino.jpg","og:image:width":800,"og:image:height":533,"article:published_time":"2016-02-01T02:04:22+00:00","article:modified_time":"2016-02-01T02:04:22+00:00","twitter:card":"summary_large_image","twitter:title":"El alcalde de Valladolid garantiza en Madrid Fusi\u00f3n la apuesta por la gastronom\u00eda de la regi\u00f3n | El Digital de Asturias","twitter:description":"El alcalde de Valladolid, \u00d3scar Puente, ha garantizado este mi\u00e9rcoles en la Feria Madrid Fusi\u00f3n la continuidad de la apuesta por la &quot;excelencia&quot; de la gastronom\u00eda de la ciudad, de la que es &quot;referente nacional e internacional&quot;. En declaraciones recogidas por Europa Press, Puente ha subrayado que la importancia de la gastronom\u00eda en Valladolid &quot;viene","twitter:image":"https:\/\/eldigitaldeasturias.com\/magazine365\/wp-content\/uploads\/2015\/09\/vino.jpg"},"aioseo_meta_data":{"post_id":"62495","title":null,"description":null,"keywords":null,"keyphrases":null,"primary_term":null,"canonical_url":null,"og_title":null,"og_description":null,"og_object_type":"default","og_image_type":"default","og_image_url":null,"og_image_width":null,"og_image_height":null,"og_image_custom_url":null,"og_image_custom_fields":null,"og_video":null,"og_custom_url":null,"og_article_section":null,"og_article_tags":null,"twitter_use_og":false,"twitter_card":"default","twitter_image_type":"default","twitter_image_url":null,"twitter_image_custom_url":null,"twitter_image_custom_fields":null,"twitter_title":null,"twitter_description":null,"schema":{"blockGraphs":[],"customGraphs":[],"default":{"data":{"Article":[],"Course":[],"Dataset":[],"FAQPage":[],"Movie":[],"Person":[],"Product":[],"ProductReview":[],"Car":[],"Recipe":[],"Service":[],"SoftwareApplication":[],"WebPage":[]},"graphName":"","isEnabled":true},"graphs":[],"defaultGraph":"","defaultPostTypeGraph":""},"schema_type":null,"schema_type_options":null,"pillar_content":false,"robots_default":true,"robots_noindex":false,"robots_noarchive":false,"robots_nosnippet":false,"robots_nofollow":false,"robots_noimageindex":false,"robots_noodp":false,"robots_notranslate":false,"robots_max_snippet":null,"robots_max_videopreview":null,"robots_max_imagepreview":"large","priority":null,"frequency":null,"location":null,"local_seo":null,"seo_analyzer_scan_date":"2025-09-25 11:19:44","breadcrumb_settings":null,"limit_modified_date":false,"open_ai":null,"ai":null,"created":"2021-03-08 21:35:47","updated":"2025-09-25 11:19:44"},"aioseo_breadcrumb":"<div class=\"aioseo-breadcrumbs\"><span class=\"aioseo-breadcrumb\">\n\t<a href=\"https:\/\/eldigitaldeasturias.com\/magazine365\" title=\"Home\">Home<\/a>\n<\/span><span class=\"aioseo-breadcrumb-separator\">\u2013<\/span><span class=\"aioseo-breadcrumb\">\n\t<a href=\"https:\/\/eldigitaldeasturias.com\/magazine365\/category\/noticias-actualidad\/\" title=\"Noticias y Actualidad\">Noticias y Actualidad<\/a>\n<\/span><span class=\"aioseo-breadcrumb-separator\">\u2013<\/span><span class=\"aioseo-breadcrumb\">\n\t<a href=\"https:\/\/eldigitaldeasturias.com\/magazine365\/el-alcalde-de-valladolid-garantiza-en-madrid-fusion-la-apuesta-por-la-gastronomia-de-la-region\/\" title=\"El alcalde de Valladolid garantiza en Madrid Fusi\u00f3n la apuesta por la gastronom\u00eda de la regi\u00f3n\">El alcalde de Valladolid garantiza en Madrid Fusi\u00f3n la apuesta por la gastronom\u00eda de la regi\u00f3n<\/a>\n<\/span><\/div>","aioseo_breadcrumb_json":[{"label":"Home","link":"https:\/\/eldigitaldeasturias.com\/magazine365"},{"label":"Noticias y Actualidad","link":"https:\/\/eldigitaldeasturias.com\/magazine365\/category\/noticias-actualidad\/"},{"label":"El alcalde de Valladolid garantiza en Madrid Fusi\u00f3n la apuesta por la gastronom\u00eda de la regi\u00f3n","link":"https:\/\/eldigitaldeasturias.com\/magazine365\/el-alcalde-de-valladolid-garantiza-en-madrid-fusion-la-apuesta-por-la-gastronomia-de-la-region\/"}],"_links":{"self":[{"href":"https:\/\/eldigitaldeasturias.com\/magazine365\/wp-json\/wp\/v2\/posts\/62495","targetHints":{"allow":["GET"]}}],"collection":[{"href":"https:\/\/eldigitaldeasturias.com\/magazine365\/wp-json\/wp\/v2\/posts"}],"about":[{"href":"https:\/\/eldigitaldeasturias.com\/magazine365\/wp-json\/wp\/v2\/types\/post"}],"author":[{"embeddable":true,"href":"https:\/\/eldigitaldeasturias.com\/magazine365\/wp-json\/wp\/v2\/users\/1"}],"replies":[{"embeddable":true,"href":"https:\/\/eldigitaldeasturias.com\/magazine365\/wp-json\/wp\/v2\/comments?post=62495"}],"version-history":[{"count":0,"href":"https:\/\/eldigitaldeasturias.com\/magazine365\/wp-json\/wp\/v2\/posts\/62495\/revisions"}],"wp:featuredmedia":[{"embeddable":true,"href":"https:\/\/eldigitaldeasturias.com\/magazine365\/wp-json\/wp\/v2\/media\/49547"}],"wp:attachment":[{"href":"https:\/\/eldigitaldeasturias.com\/magazine365\/wp-json\/wp\/v2\/media?parent=62495"}],"wp:term":[{"taxonomy":"category","embeddable":true,"href":"https:\/\/eldigitaldeasturias.com\/magazine365\/wp-json\/wp\/v2\/categories?post=62495"},{"taxonomy":"post_tag","embeddable":true,"href":"https:\/\/eldigitaldeasturias.com\/magazine365\/wp-json\/wp\/v2\/tags?post=62495"}],"curies":[{"name":"wp","href":"https:\/\/api.w.org\/{rel}","templated":true}]}}