{"id":62469,"date":"2016-02-01T02:27:08","date_gmt":"2016-02-01T01:27:08","guid":{"rendered":"http:\/\/eldigitaldeasturias.com\/magazine365\/?p=62469"},"modified":"2016-02-01T02:27:08","modified_gmt":"2016-02-01T01:27:08","slug":"andreas-bartels-nuevo-director-de-comunicacion-de-lufthansa","status":"publish","type":"post","link":"https:\/\/eldigitaldeasturias.com\/magazine365\/andreas-bartels-nuevo-director-de-comunicacion-de-lufthansa\/","title":{"rendered":"Andreas Bartels, nuevo director de Comunicaci\u00f3n de Lufthansa"},"content":{"rendered":"<p><img fetchpriority=\"high\" decoding=\"async\" class=\"alignleft size-medium wp-image-62470\" src=\"https:\/\/eldigitaldeasturias.com\/magazine365\/wp-content\/uploads\/2016\/02\/fotonoticia_20160127171447_800-360x240.jpg\" alt=\"fotonoticia_20160127171447_800\" width=\"360\" height=\"240\" srcset=\"https:\/\/eldigitaldeasturias.com\/magazine365\/wp-content\/uploads\/2016\/02\/fotonoticia_20160127171447_800-360x240.jpg 360w, https:\/\/eldigitaldeasturias.com\/magazine365\/wp-content\/uploads\/2016\/02\/fotonoticia_20160127171447_800-650x433.jpg 650w, https:\/\/eldigitaldeasturias.com\/magazine365\/wp-content\/uploads\/2016\/02\/fotonoticia_20160127171447_800-768x512.jpg 768w, https:\/\/eldigitaldeasturias.com\/magazine365\/wp-content\/uploads\/2016\/02\/fotonoticia_20160127171447_800-150x100.jpg 150w, https:\/\/eldigitaldeasturias.com\/magazine365\/wp-content\/uploads\/2016\/02\/fotonoticia_20160127171447_800-450x300.jpg 450w, https:\/\/eldigitaldeasturias.com\/magazine365\/wp-content\/uploads\/2016\/02\/fotonoticia_20160127171447_800-696x464.jpg 696w, https:\/\/eldigitaldeasturias.com\/magazine365\/wp-content\/uploads\/2016\/02\/fotonoticia_20160127171447_800-630x420.jpg 630w, https:\/\/eldigitaldeasturias.com\/magazine365\/wp-content\/uploads\/2016\/02\/fotonoticia_20160127171447_800-101x66.jpg 101w, https:\/\/eldigitaldeasturias.com\/magazine365\/wp-content\/uploads\/2016\/02\/fotonoticia_20160127171447_800.jpg 800w\" sizes=\"(max-width: 360px) 100vw, 360px\" \/>Lufthansa nombrar\u00e1 a Andreas Bartels como nuevo director de Comunicaci\u00f3n tras la dimisi\u00f3n de la hasta ahora directora de Comunicaci\u00f3n Corporativa, Barbara Sch\u00e4dler, que dejar\u00e1 su puesto el 31 de marzo, seg\u00fan ha informado la compa\u00f1\u00eda.<\/p>\n<p>Bartels, que se incorpor\u00f3 en Lufthansa el 1 de enero de 2007, ha ocupado distintos cargos de Comunicaci\u00f3n dentro de la compa\u00f1\u00eda, as\u00ed como el puesto de jefe de prensa de Deutsche Bank.<\/p>\n<p>El consejero delegado de Lufthansa, Carsten Spohr, ha agradecido a Sch\u00e4dler su trabajo durante estos a\u00f1os destacando el \u00abexitoso\u00bb desarrollo que hizo de las comunicaciones corporativas en tiempos \u00abdif\u00edciles para la compa\u00f1\u00eda\u00bb.<\/p>\n","protected":false},"excerpt":{"rendered":"<p>Lufthansa nombrar\u00e1 a Andreas Bartels como nuevo director de Comunicaci\u00f3n tras la dimisi\u00f3n de la hasta ahora directora de Comunicaci\u00f3n Corporativa, Barbara Sch\u00e4dler, que dejar\u00e1 su puesto el 31 de marzo, seg\u00fan ha informado la compa\u00f1\u00eda. Bartels, que se incorpor\u00f3 en Lufthansa el 1 de enero de 2007, ha ocupado distintos cargos de Comunicaci\u00f3n dentro<\/p>\n","protected":false},"author":1,"featured_media":62470,"comment_status":"open","ping_status":"closed","sticky":false,"template":"","format":"standard","meta":{"footnotes":""},"categories":[224],"tags":[],"class_list":{"0":"post-62469","1":"post","2":"type-post","3":"status-publish","4":"format-standard","5":"has-post-thumbnail","7":"category-noticias-actualidad"},"aioseo_notices":[],"aioseo_head":"\n\t\t<!-- All in One SEO Pro 4.9.6.1 - aioseo.com -->\n\t<meta name=\"description\" content=\"Lufthansa nombrar\u00e1 a Andreas Bartels como nuevo director de Comunicaci\u00f3n tras la dimisi\u00f3n de la hasta ahora directora de Comunicaci\u00f3n Corporativa, Barbara Sch\u00e4dler, que dejar\u00e1 su puesto el 31 de marzo, seg\u00fan ha informado la compa\u00f1\u00eda. Bartels, que se incorpor\u00f3 en Lufthansa el 1 de enero de 2007, ha ocupado distintos cargos de Comunicaci\u00f3n dentro\" \/>\n\t<meta name=\"robots\" content=\"max-image-preview:large\" \/>\n\t<meta name=\"author\" content=\"admin\"\/>\n\t<meta name=\"google-site-verification\" content=\"UA-38556648-1\" \/>\n\t<meta name=\"keywords\" content=\"noticias y actualidad\" \/>\n\t<link rel=\"canonical\" href=\"https:\/\/eldigitaldeasturias.com\/magazine365\/andreas-bartels-nuevo-director-de-comunicacion-de-lufthansa\/\" \/>\n\t<meta name=\"generator\" content=\"All in One SEO Pro (AIOSEO) 4.9.6.1\" \/>\n\t\t<meta property=\"og:locale\" content=\"es_ES\" \/>\n\t\t<meta property=\"og:site_name\" content=\"El Digital de Asturias \u2013 Revista de ocio, turismo y estilo de vida\" \/>\n\t\t<meta property=\"og:type\" content=\"article\" \/>\n\t\t<meta property=\"og:title\" content=\"Andreas Bartels, nuevo director de Comunicaci\u00f3n de Lufthansa | El Digital de Asturias\" \/>\n\t\t<meta property=\"og:description\" content=\"Lufthansa nombrar\u00e1 a Andreas Bartels como nuevo director de Comunicaci\u00f3n tras la dimisi\u00f3n de la hasta ahora directora de Comunicaci\u00f3n Corporativa, Barbara Sch\u00e4dler, que dejar\u00e1 su puesto el 31 de marzo, seg\u00fan ha informado la compa\u00f1\u00eda. Bartels, que se incorpor\u00f3 en Lufthansa el 1 de enero de 2007, ha ocupado distintos cargos de Comunicaci\u00f3n dentro\" \/>\n\t\t<meta property=\"og:url\" content=\"https:\/\/eldigitaldeasturias.com\/magazine365\/andreas-bartels-nuevo-director-de-comunicacion-de-lufthansa\/\" \/>\n\t\t<meta property=\"og:image\" content=\"https:\/\/eldigitaldeasturias.com\/magazine365\/wp-content\/uploads\/2016\/02\/fotonoticia_20160127171447_800.jpg\" \/>\n\t\t<meta property=\"og:image:secure_url\" content=\"https:\/\/eldigitaldeasturias.com\/magazine365\/wp-content\/uploads\/2016\/02\/fotonoticia_20160127171447_800.jpg\" \/>\n\t\t<meta property=\"og:image:width\" content=\"800\" \/>\n\t\t<meta property=\"og:image:height\" content=\"533\" \/>\n\t\t<meta property=\"article:published_time\" content=\"2016-02-01T01:27:08+00:00\" \/>\n\t\t<meta property=\"article:modified_time\" content=\"2016-02-01T01:27:08+00:00\" \/>\n\t\t<meta name=\"twitter:card\" content=\"summary_large_image\" \/>\n\t\t<meta name=\"twitter:title\" content=\"Andreas Bartels, nuevo director de Comunicaci\u00f3n de Lufthansa | El Digital de Asturias\" \/>\n\t\t<meta name=\"twitter:description\" content=\"Lufthansa nombrar\u00e1 a Andreas Bartels como nuevo director de Comunicaci\u00f3n tras la dimisi\u00f3n de la hasta ahora directora de Comunicaci\u00f3n Corporativa, Barbara Sch\u00e4dler, que dejar\u00e1 su puesto el 31 de marzo, seg\u00fan ha informado la compa\u00f1\u00eda. Bartels, que se incorpor\u00f3 en Lufthansa el 1 de enero de 2007, ha ocupado distintos cargos de Comunicaci\u00f3n dentro\" \/>\n\t\t<meta name=\"twitter:image\" content=\"https:\/\/eldigitaldeasturias.com\/magazine365\/wp-content\/uploads\/2016\/02\/fotonoticia_20160127171447_800.jpg\" \/>\n\t\t<script type=\"application\/ld+json\" class=\"aioseo-schema\">\n\t\t\t{\"@context\":\"https:\\\/\\\/schema.org\",\"@graph\":[{\"@type\":\"Article\",\"@id\":\"https:\\\/\\\/eldigitaldeasturias.com\\\/magazine365\\\/andreas-bartels-nuevo-director-de-comunicacion-de-lufthansa\\\/#article\",\"name\":\"Andreas Bartels, nuevo director de Comunicaci\\u00f3n de Lufthansa | El Digital de Asturias\",\"headline\":\"Andreas Bartels, nuevo director de Comunicaci\\u00f3n de Lufthansa\",\"author\":{\"@id\":\"https:\\\/\\\/eldigitaldeasturias.com\\\/magazine365\\\/author\\\/admin\\\/#author\"},\"publisher\":{\"@id\":\"https:\\\/\\\/eldigitaldeasturias.com\\\/magazine365\\\/#organization\"},\"image\":{\"@type\":\"ImageObject\",\"url\":\"https:\\\/\\\/eldigitaldeasturias.com\\\/magazine365\\\/wp-content\\\/uploads\\\/2016\\\/02\\\/fotonoticia_20160127171447_800.jpg\",\"width\":800,\"height\":533},\"datePublished\":\"2016-02-01T02:27:08+01:00\",\"dateModified\":\"2016-02-01T02:27:08+01:00\",\"inLanguage\":\"es-ES\",\"mainEntityOfPage\":{\"@id\":\"https:\\\/\\\/eldigitaldeasturias.com\\\/magazine365\\\/andreas-bartels-nuevo-director-de-comunicacion-de-lufthansa\\\/#webpage\"},\"isPartOf\":{\"@id\":\"https:\\\/\\\/eldigitaldeasturias.com\\\/magazine365\\\/andreas-bartels-nuevo-director-de-comunicacion-de-lufthansa\\\/#webpage\"},\"articleSection\":\"Noticias y Actualidad\"},{\"@type\":\"BreadcrumbList\",\"@id\":\"https:\\\/\\\/eldigitaldeasturias.com\\\/magazine365\\\/andreas-bartels-nuevo-director-de-comunicacion-de-lufthansa\\\/#breadcrumblist\",\"itemListElement\":[{\"@type\":\"ListItem\",\"@id\":\"https:\\\/\\\/eldigitaldeasturias.com\\\/magazine365#listItem\",\"position\":1,\"name\":\"Home\",\"item\":\"https:\\\/\\\/eldigitaldeasturias.com\\\/magazine365\",\"nextItem\":{\"@type\":\"ListItem\",\"@id\":\"https:\\\/\\\/eldigitaldeasturias.com\\\/magazine365\\\/category\\\/noticias-actualidad\\\/#listItem\",\"name\":\"Noticias y Actualidad\"}},{\"@type\":\"ListItem\",\"@id\":\"https:\\\/\\\/eldigitaldeasturias.com\\\/magazine365\\\/category\\\/noticias-actualidad\\\/#listItem\",\"position\":2,\"name\":\"Noticias y Actualidad\",\"item\":\"https:\\\/\\\/eldigitaldeasturias.com\\\/magazine365\\\/category\\\/noticias-actualidad\\\/\",\"nextItem\":{\"@type\":\"ListItem\",\"@id\":\"https:\\\/\\\/eldigitaldeasturias.com\\\/magazine365\\\/andreas-bartels-nuevo-director-de-comunicacion-de-lufthansa\\\/#listItem\",\"name\":\"Andreas Bartels, nuevo director de Comunicaci\\u00f3n de Lufthansa\"},\"previousItem\":{\"@type\":\"ListItem\",\"@id\":\"https:\\\/\\\/eldigitaldeasturias.com\\\/magazine365#listItem\",\"name\":\"Home\"}},{\"@type\":\"ListItem\",\"@id\":\"https:\\\/\\\/eldigitaldeasturias.com\\\/magazine365\\\/andreas-bartels-nuevo-director-de-comunicacion-de-lufthansa\\\/#listItem\",\"position\":3,\"name\":\"Andreas Bartels, nuevo director de Comunicaci\\u00f3n de Lufthansa\",\"previousItem\":{\"@type\":\"ListItem\",\"@id\":\"https:\\\/\\\/eldigitaldeasturias.com\\\/magazine365\\\/category\\\/noticias-actualidad\\\/#listItem\",\"name\":\"Noticias y Actualidad\"}}]},{\"@type\":\"Organization\",\"@id\":\"https:\\\/\\\/eldigitaldeasturias.com\\\/magazine365\\\/#organization\",\"name\":\"El digital de Asturias\",\"description\":\"Revista de ocio, turismo y estilo de vida\",\"url\":\"https:\\\/\\\/eldigitaldeasturias.com\\\/magazine365\\\/\",\"logo\":{\"@type\":\"ImageObject\",\"url\":\"https:\\\/\\\/www.eldigitaldeasturias.com\\\/noticias\\\/wp-content\\\/uploads\\\/2020\\\/12\\\/EDA.jpg\",\"@id\":\"https:\\\/\\\/eldigitaldeasturias.com\\\/magazine365\\\/andreas-bartels-nuevo-director-de-comunicacion-de-lufthansa\\\/#organizationLogo\"},\"image\":{\"@id\":\"https:\\\/\\\/eldigitaldeasturias.com\\\/magazine365\\\/andreas-bartels-nuevo-director-de-comunicacion-de-lufthansa\\\/#organizationLogo\"}},{\"@type\":\"Person\",\"@id\":\"https:\\\/\\\/eldigitaldeasturias.com\\\/magazine365\\\/author\\\/admin\\\/#author\",\"url\":\"https:\\\/\\\/eldigitaldeasturias.com\\\/magazine365\\\/author\\\/admin\\\/\",\"name\":\"admin\",\"image\":{\"@type\":\"ImageObject\",\"@id\":\"https:\\\/\\\/eldigitaldeasturias.com\\\/magazine365\\\/andreas-bartels-nuevo-director-de-comunicacion-de-lufthansa\\\/#authorImage\",\"url\":\"https:\\\/\\\/eldigitaldeasturias.com\\\/magazine365\\\/wp-content\\\/litespeed\\\/avatar\\\/e571bcf59a0edd6fa6838245a470f2fe.jpg?ver=1776969259\",\"width\":96,\"height\":96,\"caption\":\"admin\"}},{\"@type\":\"WebPage\",\"@id\":\"https:\\\/\\\/eldigitaldeasturias.com\\\/magazine365\\\/andreas-bartels-nuevo-director-de-comunicacion-de-lufthansa\\\/#webpage\",\"url\":\"https:\\\/\\\/eldigitaldeasturias.com\\\/magazine365\\\/andreas-bartels-nuevo-director-de-comunicacion-de-lufthansa\\\/\",\"name\":\"Andreas Bartels, nuevo director de Comunicaci\\u00f3n de Lufthansa | El Digital de Asturias\",\"description\":\"Lufthansa nombrar\\u00e1 a Andreas Bartels como nuevo director de Comunicaci\\u00f3n tras la dimisi\\u00f3n de la hasta ahora directora de Comunicaci\\u00f3n Corporativa, Barbara Sch\\u00e4dler, que dejar\\u00e1 su puesto el 31 de marzo, seg\\u00fan ha informado la compa\\u00f1\\u00eda. Bartels, que se incorpor\\u00f3 en Lufthansa el 1 de enero de 2007, ha ocupado distintos cargos de Comunicaci\\u00f3n dentro\",\"inLanguage\":\"es-ES\",\"isPartOf\":{\"@id\":\"https:\\\/\\\/eldigitaldeasturias.com\\\/magazine365\\\/#website\"},\"breadcrumb\":{\"@id\":\"https:\\\/\\\/eldigitaldeasturias.com\\\/magazine365\\\/andreas-bartels-nuevo-director-de-comunicacion-de-lufthansa\\\/#breadcrumblist\"},\"author\":{\"@id\":\"https:\\\/\\\/eldigitaldeasturias.com\\\/magazine365\\\/author\\\/admin\\\/#author\"},\"creator\":{\"@id\":\"https:\\\/\\\/eldigitaldeasturias.com\\\/magazine365\\\/author\\\/admin\\\/#author\"},\"image\":{\"@type\":\"ImageObject\",\"url\":\"https:\\\/\\\/eldigitaldeasturias.com\\\/magazine365\\\/wp-content\\\/uploads\\\/2016\\\/02\\\/fotonoticia_20160127171447_800.jpg\",\"@id\":\"https:\\\/\\\/eldigitaldeasturias.com\\\/magazine365\\\/andreas-bartels-nuevo-director-de-comunicacion-de-lufthansa\\\/#mainImage\",\"width\":800,\"height\":533},\"primaryImageOfPage\":{\"@id\":\"https:\\\/\\\/eldigitaldeasturias.com\\\/magazine365\\\/andreas-bartels-nuevo-director-de-comunicacion-de-lufthansa\\\/#mainImage\"},\"datePublished\":\"2016-02-01T02:27:08+01:00\",\"dateModified\":\"2016-02-01T02:27:08+01:00\"},{\"@type\":\"WebSite\",\"@id\":\"https:\\\/\\\/eldigitaldeasturias.com\\\/magazine365\\\/#website\",\"url\":\"https:\\\/\\\/eldigitaldeasturias.com\\\/magazine365\\\/\",\"name\":\"El Digital de Asturias\",\"description\":\"Revista de ocio, turismo y estilo de vida\",\"inLanguage\":\"es-ES\",\"publisher\":{\"@id\":\"https:\\\/\\\/eldigitaldeasturias.com\\\/magazine365\\\/#organization\"}}]}\n\t\t<\/script>\n\t\t<!-- All in One SEO Pro -->\r\n\t\t<title>Andreas Bartels, nuevo director de Comunicaci\u00f3n de Lufthansa | El Digital de Asturias<\/title>\n\n","aioseo_head_json":{"title":"Andreas Bartels, nuevo director de Comunicaci\u00f3n de Lufthansa | El Digital de Asturias","description":"Lufthansa nombrar\u00e1 a Andreas Bartels como nuevo director de Comunicaci\u00f3n tras la dimisi\u00f3n de la hasta ahora directora de Comunicaci\u00f3n Corporativa, Barbara Sch\u00e4dler, que dejar\u00e1 su puesto el 31 de marzo, seg\u00fan ha informado la compa\u00f1\u00eda. Bartels, que se incorpor\u00f3 en Lufthansa el 1 de enero de 2007, ha ocupado distintos cargos de Comunicaci\u00f3n dentro","canonical_url":"https:\/\/eldigitaldeasturias.com\/magazine365\/andreas-bartels-nuevo-director-de-comunicacion-de-lufthansa\/","robots":"max-image-preview:large","keywords":"noticias y actualidad","webmasterTools":{"google-site-verification":"UA-38556648-1","miscellaneous":""},"schema":{"@context":"https:\/\/schema.org","@graph":[{"@type":"Article","@id":"https:\/\/eldigitaldeasturias.com\/magazine365\/andreas-bartels-nuevo-director-de-comunicacion-de-lufthansa\/#article","name":"Andreas Bartels, nuevo director de Comunicaci\u00f3n de Lufthansa | El Digital de Asturias","headline":"Andreas Bartels, nuevo director de Comunicaci\u00f3n de Lufthansa","author":{"@id":"https:\/\/eldigitaldeasturias.com\/magazine365\/author\/admin\/#author"},"publisher":{"@id":"https:\/\/eldigitaldeasturias.com\/magazine365\/#organization"},"image":{"@type":"ImageObject","url":"https:\/\/eldigitaldeasturias.com\/magazine365\/wp-content\/uploads\/2016\/02\/fotonoticia_20160127171447_800.jpg","width":800,"height":533},"datePublished":"2016-02-01T02:27:08+01:00","dateModified":"2016-02-01T02:27:08+01:00","inLanguage":"es-ES","mainEntityOfPage":{"@id":"https:\/\/eldigitaldeasturias.com\/magazine365\/andreas-bartels-nuevo-director-de-comunicacion-de-lufthansa\/#webpage"},"isPartOf":{"@id":"https:\/\/eldigitaldeasturias.com\/magazine365\/andreas-bartels-nuevo-director-de-comunicacion-de-lufthansa\/#webpage"},"articleSection":"Noticias y Actualidad"},{"@type":"BreadcrumbList","@id":"https:\/\/eldigitaldeasturias.com\/magazine365\/andreas-bartels-nuevo-director-de-comunicacion-de-lufthansa\/#breadcrumblist","itemListElement":[{"@type":"ListItem","@id":"https:\/\/eldigitaldeasturias.com\/magazine365#listItem","position":1,"name":"Home","item":"https:\/\/eldigitaldeasturias.com\/magazine365","nextItem":{"@type":"ListItem","@id":"https:\/\/eldigitaldeasturias.com\/magazine365\/category\/noticias-actualidad\/#listItem","name":"Noticias y Actualidad"}},{"@type":"ListItem","@id":"https:\/\/eldigitaldeasturias.com\/magazine365\/category\/noticias-actualidad\/#listItem","position":2,"name":"Noticias y Actualidad","item":"https:\/\/eldigitaldeasturias.com\/magazine365\/category\/noticias-actualidad\/","nextItem":{"@type":"ListItem","@id":"https:\/\/eldigitaldeasturias.com\/magazine365\/andreas-bartels-nuevo-director-de-comunicacion-de-lufthansa\/#listItem","name":"Andreas Bartels, nuevo director de Comunicaci\u00f3n de Lufthansa"},"previousItem":{"@type":"ListItem","@id":"https:\/\/eldigitaldeasturias.com\/magazine365#listItem","name":"Home"}},{"@type":"ListItem","@id":"https:\/\/eldigitaldeasturias.com\/magazine365\/andreas-bartels-nuevo-director-de-comunicacion-de-lufthansa\/#listItem","position":3,"name":"Andreas Bartels, nuevo director de Comunicaci\u00f3n de Lufthansa","previousItem":{"@type":"ListItem","@id":"https:\/\/eldigitaldeasturias.com\/magazine365\/category\/noticias-actualidad\/#listItem","name":"Noticias y Actualidad"}}]},{"@type":"Organization","@id":"https:\/\/eldigitaldeasturias.com\/magazine365\/#organization","name":"El digital de Asturias","description":"Revista de ocio, turismo y estilo de vida","url":"https:\/\/eldigitaldeasturias.com\/magazine365\/","logo":{"@type":"ImageObject","url":"https:\/\/www.eldigitaldeasturias.com\/noticias\/wp-content\/uploads\/2020\/12\/EDA.jpg","@id":"https:\/\/eldigitaldeasturias.com\/magazine365\/andreas-bartels-nuevo-director-de-comunicacion-de-lufthansa\/#organizationLogo"},"image":{"@id":"https:\/\/eldigitaldeasturias.com\/magazine365\/andreas-bartels-nuevo-director-de-comunicacion-de-lufthansa\/#organizationLogo"}},{"@type":"Person","@id":"https:\/\/eldigitaldeasturias.com\/magazine365\/author\/admin\/#author","url":"https:\/\/eldigitaldeasturias.com\/magazine365\/author\/admin\/","name":"admin","image":{"@type":"ImageObject","@id":"https:\/\/eldigitaldeasturias.com\/magazine365\/andreas-bartels-nuevo-director-de-comunicacion-de-lufthansa\/#authorImage","url":"https:\/\/eldigitaldeasturias.com\/magazine365\/wp-content\/litespeed\/avatar\/e571bcf59a0edd6fa6838245a470f2fe.jpg?ver=1776969259","width":96,"height":96,"caption":"admin"}},{"@type":"WebPage","@id":"https:\/\/eldigitaldeasturias.com\/magazine365\/andreas-bartels-nuevo-director-de-comunicacion-de-lufthansa\/#webpage","url":"https:\/\/eldigitaldeasturias.com\/magazine365\/andreas-bartels-nuevo-director-de-comunicacion-de-lufthansa\/","name":"Andreas Bartels, nuevo director de Comunicaci\u00f3n de Lufthansa | El Digital de Asturias","description":"Lufthansa nombrar\u00e1 a Andreas Bartels como nuevo director de Comunicaci\u00f3n tras la dimisi\u00f3n de la hasta ahora directora de Comunicaci\u00f3n Corporativa, Barbara Sch\u00e4dler, que dejar\u00e1 su puesto el 31 de marzo, seg\u00fan ha informado la compa\u00f1\u00eda. Bartels, que se incorpor\u00f3 en Lufthansa el 1 de enero de 2007, ha ocupado distintos cargos de Comunicaci\u00f3n dentro","inLanguage":"es-ES","isPartOf":{"@id":"https:\/\/eldigitaldeasturias.com\/magazine365\/#website"},"breadcrumb":{"@id":"https:\/\/eldigitaldeasturias.com\/magazine365\/andreas-bartels-nuevo-director-de-comunicacion-de-lufthansa\/#breadcrumblist"},"author":{"@id":"https:\/\/eldigitaldeasturias.com\/magazine365\/author\/admin\/#author"},"creator":{"@id":"https:\/\/eldigitaldeasturias.com\/magazine365\/author\/admin\/#author"},"image":{"@type":"ImageObject","url":"https:\/\/eldigitaldeasturias.com\/magazine365\/wp-content\/uploads\/2016\/02\/fotonoticia_20160127171447_800.jpg","@id":"https:\/\/eldigitaldeasturias.com\/magazine365\/andreas-bartels-nuevo-director-de-comunicacion-de-lufthansa\/#mainImage","width":800,"height":533},"primaryImageOfPage":{"@id":"https:\/\/eldigitaldeasturias.com\/magazine365\/andreas-bartels-nuevo-director-de-comunicacion-de-lufthansa\/#mainImage"},"datePublished":"2016-02-01T02:27:08+01:00","dateModified":"2016-02-01T02:27:08+01:00"},{"@type":"WebSite","@id":"https:\/\/eldigitaldeasturias.com\/magazine365\/#website","url":"https:\/\/eldigitaldeasturias.com\/magazine365\/","name":"El Digital de Asturias","description":"Revista de ocio, turismo y estilo de vida","inLanguage":"es-ES","publisher":{"@id":"https:\/\/eldigitaldeasturias.com\/magazine365\/#organization"}}]},"og:locale":"es_ES","og:site_name":"El Digital de Asturias \u2013 Revista de ocio, turismo y estilo de vida","og:type":"article","og:title":"Andreas Bartels, nuevo director de Comunicaci\u00f3n de Lufthansa | El Digital de Asturias","og:description":"Lufthansa nombrar\u00e1 a Andreas Bartels como nuevo director de Comunicaci\u00f3n tras la dimisi\u00f3n de la hasta ahora directora de Comunicaci\u00f3n Corporativa, Barbara Sch\u00e4dler, que dejar\u00e1 su puesto el 31 de marzo, seg\u00fan ha informado la compa\u00f1\u00eda. Bartels, que se incorpor\u00f3 en Lufthansa el 1 de enero de 2007, ha ocupado distintos cargos de Comunicaci\u00f3n dentro","og:url":"https:\/\/eldigitaldeasturias.com\/magazine365\/andreas-bartels-nuevo-director-de-comunicacion-de-lufthansa\/","og:image":"https:\/\/eldigitaldeasturias.com\/magazine365\/wp-content\/uploads\/2016\/02\/fotonoticia_20160127171447_800.jpg","og:image:secure_url":"https:\/\/eldigitaldeasturias.com\/magazine365\/wp-content\/uploads\/2016\/02\/fotonoticia_20160127171447_800.jpg","og:image:width":800,"og:image:height":533,"article:published_time":"2016-02-01T01:27:08+00:00","article:modified_time":"2016-02-01T01:27:08+00:00","twitter:card":"summary_large_image","twitter:title":"Andreas Bartels, nuevo director de Comunicaci\u00f3n de Lufthansa | El Digital de Asturias","twitter:description":"Lufthansa nombrar\u00e1 a Andreas Bartels como nuevo director de Comunicaci\u00f3n tras la dimisi\u00f3n de la hasta ahora directora de Comunicaci\u00f3n Corporativa, Barbara Sch\u00e4dler, que dejar\u00e1 su puesto el 31 de marzo, seg\u00fan ha informado la compa\u00f1\u00eda. Bartels, que se incorpor\u00f3 en Lufthansa el 1 de enero de 2007, ha ocupado distintos cargos de Comunicaci\u00f3n dentro","twitter:image":"https:\/\/eldigitaldeasturias.com\/magazine365\/wp-content\/uploads\/2016\/02\/fotonoticia_20160127171447_800.jpg"},"aioseo_meta_data":{"post_id":"62469","title":null,"description":null,"keywords":null,"keyphrases":null,"primary_term":null,"canonical_url":null,"og_title":null,"og_description":null,"og_object_type":"default","og_image_type":"default","og_image_url":null,"og_image_width":null,"og_image_height":null,"og_image_custom_url":null,"og_image_custom_fields":null,"og_video":null,"og_custom_url":null,"og_article_section":null,"og_article_tags":null,"twitter_use_og":false,"twitter_card":"default","twitter_image_type":"default","twitter_image_url":null,"twitter_image_custom_url":null,"twitter_image_custom_fields":null,"twitter_title":null,"twitter_description":null,"schema":{"blockGraphs":[],"customGraphs":[],"default":{"data":{"Article":[],"Course":[],"Dataset":[],"FAQPage":[],"Movie":[],"Person":[],"Product":[],"ProductReview":[],"Car":[],"Recipe":[],"Service":[],"SoftwareApplication":[],"WebPage":[]},"graphName":"","isEnabled":true},"graphs":[],"defaultGraph":"","defaultPostTypeGraph":""},"schema_type":null,"schema_type_options":null,"pillar_content":false,"robots_default":true,"robots_noindex":false,"robots_noarchive":false,"robots_nosnippet":false,"robots_nofollow":false,"robots_noimageindex":false,"robots_noodp":false,"robots_notranslate":false,"robots_max_snippet":null,"robots_max_videopreview":null,"robots_max_imagepreview":"large","priority":null,"frequency":null,"location":null,"local_seo":null,"seo_analyzer_scan_date":"2025-09-25 11:14:59","breadcrumb_settings":null,"limit_modified_date":false,"open_ai":null,"ai":null,"created":"2021-03-08 21:36:39","updated":"2025-09-25 11:14:59"},"aioseo_breadcrumb":"<div class=\"aioseo-breadcrumbs\"><span class=\"aioseo-breadcrumb\">\n\t<a href=\"https:\/\/eldigitaldeasturias.com\/magazine365\" title=\"Home\">Home<\/a>\n<\/span><span class=\"aioseo-breadcrumb-separator\">\u2013<\/span><span class=\"aioseo-breadcrumb\">\n\t<a href=\"https:\/\/eldigitaldeasturias.com\/magazine365\/category\/noticias-actualidad\/\" title=\"Noticias y Actualidad\">Noticias y Actualidad<\/a>\n<\/span><span class=\"aioseo-breadcrumb-separator\">\u2013<\/span><span class=\"aioseo-breadcrumb\">\n\t<a href=\"https:\/\/eldigitaldeasturias.com\/magazine365\/andreas-bartels-nuevo-director-de-comunicacion-de-lufthansa\/\" title=\"Andreas Bartels, nuevo director de Comunicaci\u00f3n de Lufthansa\">Andreas Bartels, nuevo director de Comunicaci\u00f3n de Lufthansa<\/a>\n<\/span><\/div>","aioseo_breadcrumb_json":[{"label":"Home","link":"https:\/\/eldigitaldeasturias.com\/magazine365"},{"label":"Noticias y Actualidad","link":"https:\/\/eldigitaldeasturias.com\/magazine365\/category\/noticias-actualidad\/"},{"label":"Andreas Bartels, nuevo director de Comunicaci\u00f3n de Lufthansa","link":"https:\/\/eldigitaldeasturias.com\/magazine365\/andreas-bartels-nuevo-director-de-comunicacion-de-lufthansa\/"}],"_links":{"self":[{"href":"https:\/\/eldigitaldeasturias.com\/magazine365\/wp-json\/wp\/v2\/posts\/62469","targetHints":{"allow":["GET"]}}],"collection":[{"href":"https:\/\/eldigitaldeasturias.com\/magazine365\/wp-json\/wp\/v2\/posts"}],"about":[{"href":"https:\/\/eldigitaldeasturias.com\/magazine365\/wp-json\/wp\/v2\/types\/post"}],"author":[{"embeddable":true,"href":"https:\/\/eldigitaldeasturias.com\/magazine365\/wp-json\/wp\/v2\/users\/1"}],"replies":[{"embeddable":true,"href":"https:\/\/eldigitaldeasturias.com\/magazine365\/wp-json\/wp\/v2\/comments?post=62469"}],"version-history":[{"count":0,"href":"https:\/\/eldigitaldeasturias.com\/magazine365\/wp-json\/wp\/v2\/posts\/62469\/revisions"}],"wp:featuredmedia":[{"embeddable":true,"href":"https:\/\/eldigitaldeasturias.com\/magazine365\/wp-json\/wp\/v2\/media\/62470"}],"wp:attachment":[{"href":"https:\/\/eldigitaldeasturias.com\/magazine365\/wp-json\/wp\/v2\/media?parent=62469"}],"wp:term":[{"taxonomy":"category","embeddable":true,"href":"https:\/\/eldigitaldeasturias.com\/magazine365\/wp-json\/wp\/v2\/categories?post=62469"},{"taxonomy":"post_tag","embeddable":true,"href":"https:\/\/eldigitaldeasturias.com\/magazine365\/wp-json\/wp\/v2\/tags?post=62469"}],"curies":[{"name":"wp","href":"https:\/\/api.w.org\/{rel}","templated":true}]}}